{"id":61935,"date":"2016-01-24T19:00:53","date_gmt":"2016-01-24T18:00:53","guid":{"rendered":"http:\/\/eldigitaldeasturias.com\/magazine365\/?p=61935"},"modified":"2016-01-24T19:00:53","modified_gmt":"2016-01-24T18:00:53","slug":"andalucia-satisfecha-con-fitur-2016-en-su-ano-historico","status":"publish","type":"post","link":"https:\/\/eldigitaldeasturias.com\/magazine365\/andalucia-satisfecha-con-fitur-2016-en-su-ano-historico\/","title":{"rendered":"Andaluc\u00eda satisfecha con Fitur 2016 en su a\u00f1o hist\u00f3rico"},"content":{"rendered":"<p><img fetchpriority=\"high\" decoding=\"async\" class=\"alignleft size-medium wp-image-61936\" src=\"https:\/\/eldigitaldeasturias.com\/magazine365\/wp-content\/uploads\/2016\/01\/fotonoticia_20160124161518_800-360x214.jpg\" alt=\"fotonoticia_20160124161518_800\" width=\"360\" height=\"214\" srcset=\"https:\/\/eldigitaldeasturias.com\/magazine365\/wp-content\/uploads\/2016\/01\/fotonoticia_20160124161518_800-360x214.jpg 360w, https:\/\/eldigitaldeasturias.com\/magazine365\/wp-content\/uploads\/2016\/01\/fotonoticia_20160124161518_800-650x387.jpg 650w, https:\/\/eldigitaldeasturias.com\/magazine365\/wp-content\/uploads\/2016\/01\/fotonoticia_20160124161518_800-768x457.jpg 768w, https:\/\/eldigitaldeasturias.com\/magazine365\/wp-content\/uploads\/2016\/01\/fotonoticia_20160124161518_800-150x89.jpg 150w, https:\/\/eldigitaldeasturias.com\/magazine365\/wp-content\/uploads\/2016\/01\/fotonoticia_20160124161518_800-450x268.jpg 450w, https:\/\/eldigitaldeasturias.com\/magazine365\/wp-content\/uploads\/2016\/01\/fotonoticia_20160124161518_800-696x414.jpg 696w, https:\/\/eldigitaldeasturias.com\/magazine365\/wp-content\/uploads\/2016\/01\/fotonoticia_20160124161518_800-706x420.jpg 706w, https:\/\/eldigitaldeasturias.com\/magazine365\/wp-content\/uploads\/2016\/01\/fotonoticia_20160124161518_800.jpg 800w\" sizes=\"(max-width: 360px) 100vw, 360px\" \/>Andaluc\u00eda ha cerrado este domingo su presencia en la Feria Internacional de Turismo (Fitur) en Madrid, con \u00abuna gran afluencia\u00bb de visitantes a su expositor, tanto de p\u00fablico general como profesional, y que ha permitido \u00abimpulsar\u00bb la difusi\u00f3n de la oferta del destino entre los agentes nacionales e internacionales y los visitantes de Madrid y su \u00e1rea de influencia.<\/p>\n<p>En un comunicado, el consejero de Turismo y Deporte de la Junta, Francisco Javier Fern\u00e1ndez, ha valorado el protagonismo de Andaluc\u00eda durante la muestra, a trav\u00e9s de un conjunto de acciones que han supuesto, a su juicio, \u00abun gran logro promocional y de negocio, con una destacable afluencia tanto los d\u00edas para profesionales como durante el fin de semana\u00bb.<\/p>\n<p>En este sentido, ha asegurado que, a falta de datos definitivos de visitas, \u00abha habido una importante presencia de agentes representantes de la demanda tur\u00edstica animados por las oportunidades de negocio de Andaluc\u00eda, as\u00ed como de clientes potenciales en las jornadas para el p\u00fablico general atra\u00eddos por las propuestas del destino\u00bb.<\/p>\n<p>Por tanto, el consejero ha subrayado que con la acci\u00f3n desplegada por la regi\u00f3n en Fitur \u00abse han conseguido los dos objetivos que nos plante\u00e1bamos, facilitar la generaci\u00f3n de contactos comerciales para incrementar el impacto econ\u00f3mico del turismo y difundir los atractivos de la comunidad para captar viajeros\u00bb.<\/p>\n<p>La jornada de este domingo cuenta con las actuaciones de flamenco, coros y grupos de Casas Regionales de Andaluc\u00eda, la final del concurso gastron\u00f3mico &#8216;Andaluc\u00eda entre fogones&#8217; y los conciertos de la cantante sevillana La Flaka y de Txus Blues, en este \u00faltimo caso para dar a conocer el Festival de Blues de Cazorla 2016.<\/p>\n<p>ACCIONES DIGITALES<\/p>\n<p>Durante el fin de semana tambi\u00e9n se ha dirigido al cliente final la presencia digital del destino en el sal\u00f3n madrile\u00f1o, estrategia que en esta edici\u00f3n ha contado con la colaboraci\u00f3n de la asociaci\u00f3n &#8216;Andaluc\u00eda Travel Blogers&#8217;, colectivo que re\u00fane a blogueros de viajes y turismo de la comunidad.<\/p>\n<p>Adem\u00e1s de la difusi\u00f3n en &#8216;andalucia.org&#8217; y redes sociales, con espacios para descarga de folletos o v\u00eddeos de las actividades en el expositor, se han desarrollado diversas din\u00e1micas para incentivar que el usuario interact\u00fae y comparta contenido, como espacios para fotograf\u00edas en el pabell\u00f3n o talleres para ni\u00f1os, entre otras propuestas.<\/p>\n<p>Por otra parte, el expositor ha ofrecido un espacio de ocio, donde los visitantes han practicado algunas de las propuestas deportivas que re\u00fane la regi\u00f3n; una zona para ni\u00f1os, con actividades relacionadas con el destino; la exposici\u00f3n &#8216;Andaluc\u00eda, un destino de cine&#8217;, que hace un recorrido en fotograf\u00edas de la Agencia Efe por la historia tur\u00edstica de la comunidad, y diversas acciones de dinamizaci\u00f3n.<\/p>\n<p>Junto al concurso &#8216;Andaluc\u00eda entre fogones&#8217; y las degustaciones organizadas, la gastronom\u00eda de la comunidad tambi\u00e9n estuvo representada por el Hotel Escuela Convento Santo Domingo de Archidona, centro formativo dependiente de la Consejer\u00eda de Turismo y Deporte, cuyos alumnos fueron responsables del servicio en los espacios para profesionales del pabell\u00f3n andaluz.<\/p>\n","protected":false},"excerpt":{"rendered":"<p>Andaluc\u00eda ha cerrado este domingo su presencia en la Feria Internacional de Turismo (Fitur) en Madrid, con \u00abuna gran afluencia\u00bb de visitantes a su expositor, tanto de p\u00fablico general como profesional, y que ha permitido \u00abimpulsar\u00bb la difusi\u00f3n de la oferta del destino entre los agentes nacionales e internacionales y los visitantes de Madrid y<\/p>\n","protected":false},"author":1,"featured_media":61936,"comment_status":"open","ping_status":"closed","sticky":false,"template":"","format":"standard","meta":{"footnotes":""},"categories":[224],"tags":[],"class_list":{"0":"post-61935","1":"post","2":"type-post","3":"status-publish","4":"format-standard","5":"has-post-thumbnail","7":"category-noticias-actualidad"},"aioseo_notices":[],"aioseo_head":"\n\t\t<!-- All in One SEO Pro 4.9.6.1 - aioseo.com -->\n\t<meta name=\"description\" content=\"Andaluc\u00eda ha cerrado este domingo su presencia en la Feria Internacional de Turismo (Fitur) en Madrid, con &quot;una gran afluencia&quot; de visitantes a su expositor, tanto de p\u00fablico general como profesional, y que ha permitido &quot;impulsar&quot; la difusi\u00f3n de la oferta del destino entre los agentes nacionales e internacionales y los visitantes de Madrid y\" \/>\n\t<meta name=\"robots\" content=\"max-image-preview:large\" \/>\n\t<meta name=\"author\" content=\"admin\"\/>\n\t<meta name=\"google-site-verification\" content=\"UA-38556648-1\" \/>\n\t<meta name=\"keywords\" content=\"noticias y actualidad\" \/>\n\t<link rel=\"canonical\" href=\"https:\/\/eldigitaldeasturias.com\/magazine365\/andalucia-satisfecha-con-fitur-2016-en-su-ano-historico\/\" \/>\n\t<meta name=\"generator\" content=\"All in One SEO Pro (AIOSEO) 4.9.6.1\" \/>\n\t\t<meta property=\"og:locale\" content=\"es_ES\" \/>\n\t\t<meta property=\"og:site_name\" content=\"El Digital de Asturias \u2013 Revista de ocio, turismo y estilo de vida\" \/>\n\t\t<meta property=\"og:type\" content=\"article\" \/>\n\t\t<meta property=\"og:title\" content=\"Andaluc\u00eda satisfecha con Fitur 2016 en su a\u00f1o hist\u00f3rico | El Digital de Asturias\" \/>\n\t\t<meta property=\"og:description\" content=\"Andaluc\u00eda ha cerrado este domingo su presencia en la Feria Internacional de Turismo (Fitur) en Madrid, con &quot;una gran afluencia&quot; de visitantes a su expositor, tanto de p\u00fablico general como profesional, y que ha permitido &quot;impulsar&quot; la difusi\u00f3n de la oferta del destino entre los agentes nacionales e internacionales y los visitantes de Madrid y\" \/>\n\t\t<meta property=\"og:url\" content=\"https:\/\/eldigitaldeasturias.com\/magazine365\/andalucia-satisfecha-con-fitur-2016-en-su-ano-historico\/\" \/>\n\t\t<meta property=\"og:image\" content=\"https:\/\/eldigitaldeasturias.com\/magazine365\/wp-content\/uploads\/2016\/01\/fotonoticia_20160124161518_800.jpg\" \/>\n\t\t<meta property=\"og:image:secure_url\" content=\"https:\/\/eldigitaldeasturias.com\/magazine365\/wp-content\/uploads\/2016\/01\/fotonoticia_20160124161518_800.jpg\" \/>\n\t\t<meta property=\"og:image:width\" content=\"800\" \/>\n\t\t<meta property=\"og:image:height\" content=\"476\" \/>\n\t\t<meta property=\"article:published_time\" content=\"2016-01-24T18:00:53+00:00\" \/>\n\t\t<meta property=\"article:modified_time\" content=\"2016-01-24T18:00:53+00:00\" \/>\n\t\t<meta name=\"twitter:card\" content=\"summary_large_image\" \/>\n\t\t<meta name=\"twitter:title\" content=\"Andaluc\u00eda satisfecha con Fitur 2016 en su a\u00f1o hist\u00f3rico | El Digital de Asturias\" \/>\n\t\t<meta name=\"twitter:description\" content=\"Andaluc\u00eda ha cerrado este domingo su presencia en la Feria Internacional de Turismo (Fitur) en Madrid, con &quot;una gran afluencia&quot; de visitantes a su expositor, tanto de p\u00fablico general como profesional, y que ha permitido &quot;impulsar&quot; la difusi\u00f3n de la oferta del destino entre los agentes nacionales e internacionales y los visitantes de Madrid y\" \/>\n\t\t<meta name=\"twitter:image\" content=\"https:\/\/eldigitaldeasturias.com\/magazine365\/wp-content\/uploads\/2016\/01\/fotonoticia_20160124161518_800.jpg\" \/>\n\t\t<script type=\"application\/ld+json\" class=\"aioseo-schema\">\n\t\t\t{\"@context\":\"https:\\\/\\\/schema.org\",\"@graph\":[{\"@type\":\"Article\",\"@id\":\"https:\\\/\\\/eldigitaldeasturias.com\\\/magazine365\\\/andalucia-satisfecha-con-fitur-2016-en-su-ano-historico\\\/#article\",\"name\":\"Andaluc\\u00eda satisfecha con Fitur 2016 en su a\\u00f1o hist\\u00f3rico | El Digital de Asturias\",\"headline\":\"Andaluc\\u00eda satisfecha con Fitur 2016 en su a\\u00f1o hist\\u00f3rico\",\"author\":{\"@id\":\"https:\\\/\\\/eldigitaldeasturias.com\\\/magazine365\\\/author\\\/admin\\\/#author\"},\"publisher\":{\"@id\":\"https:\\\/\\\/eldigitaldeasturias.com\\\/magazine365\\\/#organization\"},\"image\":{\"@type\":\"ImageObject\",\"url\":\"https:\\\/\\\/eldigitaldeasturias.com\\\/magazine365\\\/wp-content\\\/uploads\\\/2016\\\/01\\\/fotonoticia_20160124161518_800.jpg\",\"width\":800,\"height\":476},\"datePublished\":\"2016-01-24T19:00:53+01:00\",\"dateModified\":\"2016-01-24T19:00:53+01:00\",\"inLanguage\":\"es-ES\",\"mainEntityOfPage\":{\"@id\":\"https:\\\/\\\/eldigitaldeasturias.com\\\/magazine365\\\/andalucia-satisfecha-con-fitur-2016-en-su-ano-historico\\\/#webpage\"},\"isPartOf\":{\"@id\":\"https:\\\/\\\/eldigitaldeasturias.com\\\/magazine365\\\/andalucia-satisfecha-con-fitur-2016-en-su-ano-historico\\\/#webpage\"},\"articleSection\":\"Noticias y Actualidad\"},{\"@type\":\"BreadcrumbList\",\"@id\":\"https:\\\/\\\/eldigitaldeasturias.com\\\/magazine365\\\/andalucia-satisfecha-con-fitur-2016-en-su-ano-historico\\\/#breadcrumblist\",\"itemListElement\":[{\"@type\":\"ListItem\",\"@id\":\"https:\\\/\\\/eldigitaldeasturias.com\\\/magazine365#listItem\",\"position\":1,\"name\":\"Home\",\"item\":\"https:\\\/\\\/eldigitaldeasturias.com\\\/magazine365\",\"nextItem\":{\"@type\":\"ListItem\",\"@id\":\"https:\\\/\\\/eldigitaldeasturias.com\\\/magazine365\\\/category\\\/noticias-actualidad\\\/#listItem\",\"name\":\"Noticias y Actualidad\"}},{\"@type\":\"ListItem\",\"@id\":\"https:\\\/\\\/eldigitaldeasturias.com\\\/magazine365\\\/category\\\/noticias-actualidad\\\/#listItem\",\"position\":2,\"name\":\"Noticias y Actualidad\",\"item\":\"https:\\\/\\\/eldigitaldeasturias.com\\\/magazine365\\\/category\\\/noticias-actualidad\\\/\",\"nextItem\":{\"@type\":\"ListItem\",\"@id\":\"https:\\\/\\\/eldigitaldeasturias.com\\\/magazine365\\\/andalucia-satisfecha-con-fitur-2016-en-su-ano-historico\\\/#listItem\",\"name\":\"Andaluc\\u00eda satisfecha con Fitur 2016 en su a\\u00f1o hist\\u00f3rico\"},\"previousItem\":{\"@type\":\"ListItem\",\"@id\":\"https:\\\/\\\/eldigitaldeasturias.com\\\/magazine365#listItem\",\"name\":\"Home\"}},{\"@type\":\"ListItem\",\"@id\":\"https:\\\/\\\/eldigitaldeasturias.com\\\/magazine365\\\/andalucia-satisfecha-con-fitur-2016-en-su-ano-historico\\\/#listItem\",\"position\":3,\"name\":\"Andaluc\\u00eda satisfecha con Fitur 2016 en su a\\u00f1o hist\\u00f3rico\",\"previousItem\":{\"@type\":\"ListItem\",\"@id\":\"https:\\\/\\\/eldigitaldeasturias.com\\\/magazine365\\\/category\\\/noticias-actualidad\\\/#listItem\",\"name\":\"Noticias y Actualidad\"}}]},{\"@type\":\"Organization\",\"@id\":\"https:\\\/\\\/eldigitaldeasturias.com\\\/magazine365\\\/#organization\",\"name\":\"El digital de Asturias\",\"description\":\"Revista de ocio, turismo y estilo de vida\",\"url\":\"https:\\\/\\\/eldigitaldeasturias.com\\\/magazine365\\\/\",\"logo\":{\"@type\":\"ImageObject\",\"url\":\"https:\\\/\\\/www.eldigitaldeasturias.com\\\/noticias\\\/wp-content\\\/uploads\\\/2020\\\/12\\\/EDA.jpg\",\"@id\":\"https:\\\/\\\/eldigitaldeasturias.com\\\/magazine365\\\/andalucia-satisfecha-con-fitur-2016-en-su-ano-historico\\\/#organizationLogo\"},\"image\":{\"@id\":\"https:\\\/\\\/eldigitaldeasturias.com\\\/magazine365\\\/andalucia-satisfecha-con-fitur-2016-en-su-ano-historico\\\/#organizationLogo\"}},{\"@type\":\"Person\",\"@id\":\"https:\\\/\\\/eldigitaldeasturias.com\\\/magazine365\\\/author\\\/admin\\\/#author\",\"url\":\"https:\\\/\\\/eldigitaldeasturias.com\\\/magazine365\\\/author\\\/admin\\\/\",\"name\":\"admin\",\"image\":{\"@type\":\"ImageObject\",\"@id\":\"https:\\\/\\\/eldigitaldeasturias.com\\\/magazine365\\\/andalucia-satisfecha-con-fitur-2016-en-su-ano-historico\\\/#authorImage\",\"url\":\"https:\\\/\\\/eldigitaldeasturias.com\\\/magazine365\\\/wp-content\\\/litespeed\\\/avatar\\\/e571bcf59a0edd6fa6838245a470f2fe.jpg?ver=1776969259\",\"width\":96,\"height\":96,\"caption\":\"admin\"}},{\"@type\":\"WebPage\",\"@id\":\"https:\\\/\\\/eldigitaldeasturias.com\\\/magazine365\\\/andalucia-satisfecha-con-fitur-2016-en-su-ano-historico\\\/#webpage\",\"url\":\"https:\\\/\\\/eldigitaldeasturias.com\\\/magazine365\\\/andalucia-satisfecha-con-fitur-2016-en-su-ano-historico\\\/\",\"name\":\"Andaluc\\u00eda satisfecha con Fitur 2016 en su a\\u00f1o hist\\u00f3rico | El Digital de Asturias\",\"description\":\"Andaluc\\u00eda ha cerrado este domingo su presencia en la Feria Internacional de Turismo (Fitur) en Madrid, con \\\"una gran afluencia\\\" de visitantes a su expositor, tanto de p\\u00fablico general como profesional, y que ha permitido \\\"impulsar\\\" la difusi\\u00f3n de la oferta del destino entre los agentes nacionales e internacionales y los visitantes de Madrid y\",\"inLanguage\":\"es-ES\",\"isPartOf\":{\"@id\":\"https:\\\/\\\/eldigitaldeasturias.com\\\/magazine365\\\/#website\"},\"breadcrumb\":{\"@id\":\"https:\\\/\\\/eldigitaldeasturias.com\\\/magazine365\\\/andalucia-satisfecha-con-fitur-2016-en-su-ano-historico\\\/#breadcrumblist\"},\"author\":{\"@id\":\"https:\\\/\\\/eldigitaldeasturias.com\\\/magazine365\\\/author\\\/admin\\\/#author\"},\"creator\":{\"@id\":\"https:\\\/\\\/eldigitaldeasturias.com\\\/magazine365\\\/author\\\/admin\\\/#author\"},\"image\":{\"@type\":\"ImageObject\",\"url\":\"https:\\\/\\\/eldigitaldeasturias.com\\\/magazine365\\\/wp-content\\\/uploads\\\/2016\\\/01\\\/fotonoticia_20160124161518_800.jpg\",\"@id\":\"https:\\\/\\\/eldigitaldeasturias.com\\\/magazine365\\\/andalucia-satisfecha-con-fitur-2016-en-su-ano-historico\\\/#mainImage\",\"width\":800,\"height\":476},\"primaryImageOfPage\":{\"@id\":\"https:\\\/\\\/eldigitaldeasturias.com\\\/magazine365\\\/andalucia-satisfecha-con-fitur-2016-en-su-ano-historico\\\/#mainImage\"},\"datePublished\":\"2016-01-24T19:00:53+01:00\",\"dateModified\":\"2016-01-24T19:00:53+01:00\"},{\"@type\":\"WebSite\",\"@id\":\"https:\\\/\\\/eldigitaldeasturias.com\\\/magazine365\\\/#website\",\"url\":\"https:\\\/\\\/eldigitaldeasturias.com\\\/magazine365\\\/\",\"name\":\"El Digital de Asturias\",\"description\":\"Revista de ocio, turismo y estilo de vida\",\"inLanguage\":\"es-ES\",\"publisher\":{\"@id\":\"https:\\\/\\\/eldigitaldeasturias.com\\\/magazine365\\\/#organization\"}}]}\n\t\t<\/script>\n\t\t<!-- All in One SEO Pro -->\r\n\t\t<title>Andaluc\u00eda satisfecha con Fitur 2016 en su a\u00f1o hist\u00f3rico | El Digital de Asturias<\/title>\n\n","aioseo_head_json":{"title":"Andaluc\u00eda satisfecha con Fitur 2016 en su a\u00f1o hist\u00f3rico | El Digital de Asturias","description":"Andaluc\u00eda ha cerrado este domingo su presencia en la Feria Internacional de Turismo (Fitur) en Madrid, con \"una gran afluencia\" de visitantes a su expositor, tanto de p\u00fablico general como profesional, y que ha permitido \"impulsar\" la difusi\u00f3n de la oferta del destino entre los agentes nacionales e internacionales y los visitantes de Madrid y","canonical_url":"https:\/\/eldigitaldeasturias.com\/magazine365\/andalucia-satisfecha-con-fitur-2016-en-su-ano-historico\/","robots":"max-image-preview:large","keywords":"noticias y actualidad","webmasterTools":{"google-site-verification":"UA-38556648-1","miscellaneous":""},"schema":{"@context":"https:\/\/schema.org","@graph":[{"@type":"Article","@id":"https:\/\/eldigitaldeasturias.com\/magazine365\/andalucia-satisfecha-con-fitur-2016-en-su-ano-historico\/#article","name":"Andaluc\u00eda satisfecha con Fitur 2016 en su a\u00f1o hist\u00f3rico | El Digital de Asturias","headline":"Andaluc\u00eda satisfecha con Fitur 2016 en su a\u00f1o hist\u00f3rico","author":{"@id":"https:\/\/eldigitaldeasturias.com\/magazine365\/author\/admin\/#author"},"publisher":{"@id":"https:\/\/eldigitaldeasturias.com\/magazine365\/#organization"},"image":{"@type":"ImageObject","url":"https:\/\/eldigitaldeasturias.com\/magazine365\/wp-content\/uploads\/2016\/01\/fotonoticia_20160124161518_800.jpg","width":800,"height":476},"datePublished":"2016-01-24T19:00:53+01:00","dateModified":"2016-01-24T19:00:53+01:00","inLanguage":"es-ES","mainEntityOfPage":{"@id":"https:\/\/eldigitaldeasturias.com\/magazine365\/andalucia-satisfecha-con-fitur-2016-en-su-ano-historico\/#webpage"},"isPartOf":{"@id":"https:\/\/eldigitaldeasturias.com\/magazine365\/andalucia-satisfecha-con-fitur-2016-en-su-ano-historico\/#webpage"},"articleSection":"Noticias y Actualidad"},{"@type":"BreadcrumbList","@id":"https:\/\/eldigitaldeasturias.com\/magazine365\/andalucia-satisfecha-con-fitur-2016-en-su-ano-historico\/#breadcrumblist","itemListElement":[{"@type":"ListItem","@id":"https:\/\/eldigitaldeasturias.com\/magazine365#listItem","position":1,"name":"Home","item":"https:\/\/eldigitaldeasturias.com\/magazine365","nextItem":{"@type":"ListItem","@id":"https:\/\/eldigitaldeasturias.com\/magazine365\/category\/noticias-actualidad\/#listItem","name":"Noticias y Actualidad"}},{"@type":"ListItem","@id":"https:\/\/eldigitaldeasturias.com\/magazine365\/category\/noticias-actualidad\/#listItem","position":2,"name":"Noticias y Actualidad","item":"https:\/\/eldigitaldeasturias.com\/magazine365\/category\/noticias-actualidad\/","nextItem":{"@type":"ListItem","@id":"https:\/\/eldigitaldeasturias.com\/magazine365\/andalucia-satisfecha-con-fitur-2016-en-su-ano-historico\/#listItem","name":"Andaluc\u00eda satisfecha con Fitur 2016 en su a\u00f1o hist\u00f3rico"},"previousItem":{"@type":"ListItem","@id":"https:\/\/eldigitaldeasturias.com\/magazine365#listItem","name":"Home"}},{"@type":"ListItem","@id":"https:\/\/eldigitaldeasturias.com\/magazine365\/andalucia-satisfecha-con-fitur-2016-en-su-ano-historico\/#listItem","position":3,"name":"Andaluc\u00eda satisfecha con Fitur 2016 en su a\u00f1o hist\u00f3rico","previousItem":{"@type":"ListItem","@id":"https:\/\/eldigitaldeasturias.com\/magazine365\/category\/noticias-actualidad\/#listItem","name":"Noticias y Actualidad"}}]},{"@type":"Organization","@id":"https:\/\/eldigitaldeasturias.com\/magazine365\/#organization","name":"El digital de Asturias","description":"Revista de ocio, turismo y estilo de vida","url":"https:\/\/eldigitaldeasturias.com\/magazine365\/","logo":{"@type":"ImageObject","url":"https:\/\/www.eldigitaldeasturias.com\/noticias\/wp-content\/uploads\/2020\/12\/EDA.jpg","@id":"https:\/\/eldigitaldeasturias.com\/magazine365\/andalucia-satisfecha-con-fitur-2016-en-su-ano-historico\/#organizationLogo"},"image":{"@id":"https:\/\/eldigitaldeasturias.com\/magazine365\/andalucia-satisfecha-con-fitur-2016-en-su-ano-historico\/#organizationLogo"}},{"@type":"Person","@id":"https:\/\/eldigitaldeasturias.com\/magazine365\/author\/admin\/#author","url":"https:\/\/eldigitaldeasturias.com\/magazine365\/author\/admin\/","name":"admin","image":{"@type":"ImageObject","@id":"https:\/\/eldigitaldeasturias.com\/magazine365\/andalucia-satisfecha-con-fitur-2016-en-su-ano-historico\/#authorImage","url":"https:\/\/eldigitaldeasturias.com\/magazine365\/wp-content\/litespeed\/avatar\/e571bcf59a0edd6fa6838245a470f2fe.jpg?ver=1776969259","width":96,"height":96,"caption":"admin"}},{"@type":"WebPage","@id":"https:\/\/eldigitaldeasturias.com\/magazine365\/andalucia-satisfecha-con-fitur-2016-en-su-ano-historico\/#webpage","url":"https:\/\/eldigitaldeasturias.com\/magazine365\/andalucia-satisfecha-con-fitur-2016-en-su-ano-historico\/","name":"Andaluc\u00eda satisfecha con Fitur 2016 en su a\u00f1o hist\u00f3rico | El Digital de Asturias","description":"Andaluc\u00eda ha cerrado este domingo su presencia en la Feria Internacional de Turismo (Fitur) en Madrid, con \"una gran afluencia\" de visitantes a su expositor, tanto de p\u00fablico general como profesional, y que ha permitido \"impulsar\" la difusi\u00f3n de la oferta del destino entre los agentes nacionales e internacionales y los visitantes de Madrid y","inLanguage":"es-ES","isPartOf":{"@id":"https:\/\/eldigitaldeasturias.com\/magazine365\/#website"},"breadcrumb":{"@id":"https:\/\/eldigitaldeasturias.com\/magazine365\/andalucia-satisfecha-con-fitur-2016-en-su-ano-historico\/#breadcrumblist"},"author":{"@id":"https:\/\/eldigitaldeasturias.com\/magazine365\/author\/admin\/#author"},"creator":{"@id":"https:\/\/eldigitaldeasturias.com\/magazine365\/author\/admin\/#author"},"image":{"@type":"ImageObject","url":"https:\/\/eldigitaldeasturias.com\/magazine365\/wp-content\/uploads\/2016\/01\/fotonoticia_20160124161518_800.jpg","@id":"https:\/\/eldigitaldeasturias.com\/magazine365\/andalucia-satisfecha-con-fitur-2016-en-su-ano-historico\/#mainImage","width":800,"height":476},"primaryImageOfPage":{"@id":"https:\/\/eldigitaldeasturias.com\/magazine365\/andalucia-satisfecha-con-fitur-2016-en-su-ano-historico\/#mainImage"},"datePublished":"2016-01-24T19:00:53+01:00","dateModified":"2016-01-24T19:00:53+01:00"},{"@type":"WebSite","@id":"https:\/\/eldigitaldeasturias.com\/magazine365\/#website","url":"https:\/\/eldigitaldeasturias.com\/magazine365\/","name":"El Digital de Asturias","description":"Revista de ocio, turismo y estilo de vida","inLanguage":"es-ES","publisher":{"@id":"https:\/\/eldigitaldeasturias.com\/magazine365\/#organization"}}]},"og:locale":"es_ES","og:site_name":"El Digital de Asturias \u2013 Revista de ocio, turismo y estilo de vida","og:type":"article","og:title":"Andaluc\u00eda satisfecha con Fitur 2016 en su a\u00f1o hist\u00f3rico | El Digital de Asturias","og:description":"Andaluc\u00eda ha cerrado este domingo su presencia en la Feria Internacional de Turismo (Fitur) en Madrid, con &quot;una gran afluencia&quot; de visitantes a su expositor, tanto de p\u00fablico general como profesional, y que ha permitido &quot;impulsar&quot; la difusi\u00f3n de la oferta del destino entre los agentes nacionales e internacionales y los visitantes de Madrid y","og:url":"https:\/\/eldigitaldeasturias.com\/magazine365\/andalucia-satisfecha-con-fitur-2016-en-su-ano-historico\/","og:image":"https:\/\/eldigitaldeasturias.com\/magazine365\/wp-content\/uploads\/2016\/01\/fotonoticia_20160124161518_800.jpg","og:image:secure_url":"https:\/\/eldigitaldeasturias.com\/magazine365\/wp-content\/uploads\/2016\/01\/fotonoticia_20160124161518_800.jpg","og:image:width":800,"og:image:height":476,"article:published_time":"2016-01-24T18:00:53+00:00","article:modified_time":"2016-01-24T18:00:53+00:00","twitter:card":"summary_large_image","twitter:title":"Andaluc\u00eda satisfecha con Fitur 2016 en su a\u00f1o hist\u00f3rico | El Digital de Asturias","twitter:description":"Andaluc\u00eda ha cerrado este domingo su presencia en la Feria Internacional de Turismo (Fitur) en Madrid, con &quot;una gran afluencia&quot; de visitantes a su expositor, tanto de p\u00fablico general como profesional, y que ha permitido &quot;impulsar&quot; la difusi\u00f3n de la oferta del destino entre los agentes nacionales e internacionales y los visitantes de Madrid y","twitter:image":"https:\/\/eldigitaldeasturias.com\/magazine365\/wp-content\/uploads\/2016\/01\/fotonoticia_20160124161518_800.jpg"},"aioseo_meta_data":{"post_id":"61935","title":null,"description":null,"keywords":null,"keyphrases":null,"primary_term":null,"canonical_url":null,"og_title":null,"og_description":null,"og_object_type":"default","og_image_type":"default","og_image_url":null,"og_image_width":null,"og_image_height":null,"og_image_custom_url":null,"og_image_custom_fields":null,"og_video":null,"og_custom_url":null,"og_article_section":null,"og_article_tags":null,"twitter_use_og":false,"twitter_card":"default","twitter_image_type":"default","twitter_image_url":null,"twitter_image_custom_url":null,"twitter_image_custom_fields":null,"twitter_title":null,"twitter_description":null,"schema":{"blockGraphs":[],"customGraphs":[],"default":{"data":{"Article":[],"Course":[],"Dataset":[],"FAQPage":[],"Movie":[],"Person":[],"Product":[],"ProductReview":[],"Car":[],"Recipe":[],"Service":[],"SoftwareApplication":[],"WebPage":[]},"graphName":"","isEnabled":true},"graphs":[],"defaultGraph":"","defaultPostTypeGraph":""},"schema_type":null,"schema_type_options":null,"pillar_content":false,"robots_default":true,"robots_noindex":false,"robots_noarchive":false,"robots_nosnippet":false,"robots_nofollow":false,"robots_noimageindex":false,"robots_noodp":false,"robots_notranslate":false,"robots_max_snippet":null,"robots_max_videopreview":null,"robots_max_imagepreview":"large","priority":null,"frequency":null,"location":null,"local_seo":null,"seo_analyzer_scan_date":"2025-09-25 10:02:43","breadcrumb_settings":null,"limit_modified_date":false,"open_ai":null,"ai":null,"created":"2021-03-08 21:43:43","updated":"2025-09-25 10:02:43"},"aioseo_breadcrumb":"<div class=\"aioseo-breadcrumbs\"><span class=\"aioseo-breadcrumb\">\n\t<a href=\"https:\/\/eldigitaldeasturias.com\/magazine365\" title=\"Home\">Home<\/a>\n<\/span><span class=\"aioseo-breadcrumb-separator\">\u2013<\/span><span class=\"aioseo-breadcrumb\">\n\t<a href=\"https:\/\/eldigitaldeasturias.com\/magazine365\/category\/noticias-actualidad\/\" title=\"Noticias y Actualidad\">Noticias y Actualidad<\/a>\n<\/span><span class=\"aioseo-breadcrumb-separator\">\u2013<\/span><span class=\"aioseo-breadcrumb\">\n\t<a href=\"https:\/\/eldigitaldeasturias.com\/magazine365\/andalucia-satisfecha-con-fitur-2016-en-su-ano-historico\/\" title=\"Andaluc\u00eda satisfecha con Fitur 2016 en su a\u00f1o hist\u00f3rico\">Andaluc\u00eda satisfecha con Fitur 2016 en su a\u00f1o hist\u00f3rico<\/a>\n<\/span><\/div>","aioseo_breadcrumb_json":[{"label":"Home","link":"https:\/\/eldigitaldeasturias.com\/magazine365"},{"label":"Noticias y Actualidad","link":"https:\/\/eldigitaldeasturias.com\/magazine365\/category\/noticias-actualidad\/"},{"label":"Andaluc\u00eda satisfecha con Fitur 2016 en su a\u00f1o hist\u00f3rico","link":"https:\/\/eldigitaldeasturias.com\/magazine365\/andalucia-satisfecha-con-fitur-2016-en-su-ano-historico\/"}],"_links":{"self":[{"href":"https:\/\/eldigitaldeasturias.com\/magazine365\/wp-json\/wp\/v2\/posts\/61935","targetHints":{"allow":["GET"]}}],"collection":[{"href":"https:\/\/eldigitaldeasturias.com\/magazine365\/wp-json\/wp\/v2\/posts"}],"about":[{"href":"https:\/\/eldigitaldeasturias.com\/magazine365\/wp-json\/wp\/v2\/types\/post"}],"author":[{"embeddable":true,"href":"https:\/\/eldigitaldeasturias.com\/magazine365\/wp-json\/wp\/v2\/users\/1"}],"replies":[{"embeddable":true,"href":"https:\/\/eldigitaldeasturias.com\/magazine365\/wp-json\/wp\/v2\/comments?post=61935"}],"version-history":[{"count":0,"href":"https:\/\/eldigitaldeasturias.com\/magazine365\/wp-json\/wp\/v2\/posts\/61935\/revisions"}],"wp:featuredmedia":[{"embeddable":true,"href":"https:\/\/eldigitaldeasturias.com\/magazine365\/wp-json\/wp\/v2\/media\/61936"}],"wp:attachment":[{"href":"https:\/\/eldigitaldeasturias.com\/magazine365\/wp-json\/wp\/v2\/media?parent=61935"}],"wp:term":[{"taxonomy":"category","embeddable":true,"href":"https:\/\/eldigitaldeasturias.com\/magazine365\/wp-json\/wp\/v2\/categories?post=61935"},{"taxonomy":"post_tag","embeddable":true,"href":"https:\/\/eldigitaldeasturias.com\/magazine365\/wp-json\/wp\/v2\/tags?post=61935"}],"curies":[{"name":"wp","href":"https:\/\/api.w.org\/{rel}","templated":true}]}}