{"id":61932,"date":"2016-01-24T18:58:38","date_gmt":"2016-01-24T17:58:38","guid":{"rendered":"http:\/\/eldigitaldeasturias.com\/magazine365\/?p=61932"},"modified":"2016-01-24T18:58:38","modified_gmt":"2016-01-24T17:58:38","slug":"el-gobierno-vasco-ha-hecho-un-balance-muy-positivo-de-fitur-2016","status":"publish","type":"post","link":"https:\/\/eldigitaldeasturias.com\/magazine365\/el-gobierno-vasco-ha-hecho-un-balance-muy-positivo-de-fitur-2016\/","title":{"rendered":"El Gobierno vasco ha hecho un balance \u00abmuy positivo\u00bb de Fitur 2016"},"content":{"rendered":"<p><img fetchpriority=\"high\" decoding=\"async\" class=\"alignleft size-medium wp-image-61933\" src=\"https:\/\/eldigitaldeasturias.com\/magazine365\/wp-content\/uploads\/2016\/01\/fotonoticia_20160124161331_800-360x229.jpg\" alt=\"fotonoticia_20160124161331_800\" width=\"360\" height=\"229\" srcset=\"https:\/\/eldigitaldeasturias.com\/magazine365\/wp-content\/uploads\/2016\/01\/fotonoticia_20160124161331_800-360x229.jpg 360w, https:\/\/eldigitaldeasturias.com\/magazine365\/wp-content\/uploads\/2016\/01\/fotonoticia_20160124161331_800-650x413.jpg 650w, https:\/\/eldigitaldeasturias.com\/magazine365\/wp-content\/uploads\/2016\/01\/fotonoticia_20160124161331_800-768x488.jpg 768w, https:\/\/eldigitaldeasturias.com\/magazine365\/wp-content\/uploads\/2016\/01\/fotonoticia_20160124161331_800-150x95.jpg 150w, https:\/\/eldigitaldeasturias.com\/magazine365\/wp-content\/uploads\/2016\/01\/fotonoticia_20160124161331_800-450x286.jpg 450w, https:\/\/eldigitaldeasturias.com\/magazine365\/wp-content\/uploads\/2016\/01\/fotonoticia_20160124161331_800-696x442.jpg 696w, https:\/\/eldigitaldeasturias.com\/magazine365\/wp-content\/uploads\/2016\/01\/fotonoticia_20160124161331_800-661x420.jpg 661w, https:\/\/eldigitaldeasturias.com\/magazine365\/wp-content\/uploads\/2016\/01\/fotonoticia_20160124161331_800-269x170.jpg 269w, https:\/\/eldigitaldeasturias.com\/magazine365\/wp-content\/uploads\/2016\/01\/fotonoticia_20160124161331_800-355x226.jpg 355w, https:\/\/eldigitaldeasturias.com\/magazine365\/wp-content\/uploads\/2016\/01\/fotonoticia_20160124161331_800.jpg 800w\" sizes=\"(max-width: 360px) 100vw, 360px\" \/>El Gobierno vasco ha hecho un balance \u00abmuy positivo\u00bb de la presencia de Euskadi en la presente edici\u00f3n de Fitur donde se ha incrementado un 26 por ciento la actividad de las empresas profesionales tur\u00edsticas vascas y se han registrado m\u00e1s de 400 reuniones de trabajo.<\/p>\n<p>Seg\u00fan ha destacado el Gobierno vasco, despu\u00e9s de cuatro d\u00edas de intensa actividad, se ha informado directamente a unas 14.500 personas, que se han interesado por el destino Euskadi, destacando los encuestadores el mayor tiempo de atenci\u00f3n dedicado a las consultas, y por tanto \u00abmayor inter\u00e9s de los profesionales por el destino\u00bb.<\/p>\n<p>De este modo, el n\u00famero de reuniones en la zona de trabajo del stand vasco ha sido de 403, aumentando en un 26 por ciento con respecto al a\u00f1o anterior.<\/p>\n<p>El total de n\u00famero de empresas que han participado ha sido 96, un 33,8 por ciento m\u00e1s que el a\u00f1o pasado. Se han incluido tanto las empresas privadas (82), como p\u00fablicas (14), con actividad profesional.<\/p>\n<p>Por otro lado, el n\u00famero total de personas atendidas en mostradores hasta este s\u00e1bado a las 19.30 horas ha sido de 14.622, inferior al a\u00f1o pasado pero \u00abcualitativamente mucho m\u00e1s interesante, porque el tiempo dedicado a cada consulta y computado en la atenci\u00f3n ha sido superior\u00bb. \u00abSe demanda una informaci\u00f3n m\u00e1s especializada, con un objetivo claro de planificar el pr\u00f3ximo viaje\u00bb, han destacado.<\/p>\n<p>\u00abSATISFACCI\u00d3N\u00bb<\/p>\n<p>Seg\u00fan ha resaltado el Ejecutivo vasco, las empresas del sector tur\u00edstico vasco han mostrado su \u00absatisfacci\u00f3n\u00bb tras \u00abincrementar notablemente el n\u00famero de contactos profesionales, y han constatado mayor inter\u00e9s entre las personas atendidas en los mostradores con mayores tiempos de consulta\u00bb.<\/p>\n","protected":false},"excerpt":{"rendered":"<p>El Gobierno vasco ha hecho un balance \u00abmuy positivo\u00bb de la presencia de Euskadi en la presente edici\u00f3n de Fitur donde se ha incrementado un 26 por ciento la actividad de las empresas profesionales tur\u00edsticas vascas y se han registrado m\u00e1s de 400 reuniones de trabajo. Seg\u00fan ha destacado el Gobierno vasco, despu\u00e9s de cuatro<\/p>\n","protected":false},"author":1,"featured_media":61933,"comment_status":"open","ping_status":"closed","sticky":false,"template":"","format":"standard","meta":{"footnotes":""},"categories":[224],"tags":[],"class_list":{"0":"post-61932","1":"post","2":"type-post","3":"status-publish","4":"format-standard","5":"has-post-thumbnail","7":"category-noticias-actualidad"},"aioseo_notices":[],"aioseo_head":"\n\t\t<!-- All in One SEO Pro 4.9.6.1 - aioseo.com -->\n\t<meta name=\"description\" content=\"El Gobierno vasco ha hecho un balance &quot;muy positivo&quot; de la presencia de Euskadi en la presente edici\u00f3n de Fitur donde se ha incrementado un 26 por ciento la actividad de las empresas profesionales tur\u00edsticas vascas y se han registrado m\u00e1s de 400 reuniones de trabajo. Seg\u00fan ha destacado el Gobierno vasco, despu\u00e9s de cuatro\" \/>\n\t<meta name=\"robots\" content=\"max-image-preview:large\" \/>\n\t<meta name=\"author\" content=\"admin\"\/>\n\t<meta name=\"google-site-verification\" content=\"UA-38556648-1\" \/>\n\t<meta name=\"keywords\" content=\"noticias y actualidad\" \/>\n\t<link rel=\"canonical\" href=\"https:\/\/eldigitaldeasturias.com\/magazine365\/el-gobierno-vasco-ha-hecho-un-balance-muy-positivo-de-fitur-2016\/\" \/>\n\t<meta name=\"generator\" content=\"All in One SEO Pro (AIOSEO) 4.9.6.1\" \/>\n\t\t<meta property=\"og:locale\" content=\"es_ES\" \/>\n\t\t<meta property=\"og:site_name\" content=\"El Digital de Asturias \u2013 Revista de ocio, turismo y estilo de vida\" \/>\n\t\t<meta property=\"og:type\" content=\"article\" \/>\n\t\t<meta property=\"og:title\" content=\"El Gobierno vasco ha hecho un balance \u00abmuy positivo\u00bb de Fitur 2016 | El Digital de Asturias\" \/>\n\t\t<meta property=\"og:description\" content=\"El Gobierno vasco ha hecho un balance &quot;muy positivo&quot; de la presencia de Euskadi en la presente edici\u00f3n de Fitur donde se ha incrementado un 26 por ciento la actividad de las empresas profesionales tur\u00edsticas vascas y se han registrado m\u00e1s de 400 reuniones de trabajo. Seg\u00fan ha destacado el Gobierno vasco, despu\u00e9s de cuatro\" \/>\n\t\t<meta property=\"og:url\" content=\"https:\/\/eldigitaldeasturias.com\/magazine365\/el-gobierno-vasco-ha-hecho-un-balance-muy-positivo-de-fitur-2016\/\" \/>\n\t\t<meta property=\"og:image\" content=\"https:\/\/eldigitaldeasturias.com\/magazine365\/wp-content\/uploads\/2016\/01\/fotonoticia_20160124161331_800.jpg\" \/>\n\t\t<meta property=\"og:image:secure_url\" content=\"https:\/\/eldigitaldeasturias.com\/magazine365\/wp-content\/uploads\/2016\/01\/fotonoticia_20160124161331_800.jpg\" \/>\n\t\t<meta property=\"og:image:width\" content=\"800\" \/>\n\t\t<meta property=\"og:image:height\" content=\"508\" \/>\n\t\t<meta property=\"article:published_time\" content=\"2016-01-24T17:58:38+00:00\" \/>\n\t\t<meta property=\"article:modified_time\" content=\"2016-01-24T17:58:38+00:00\" \/>\n\t\t<meta name=\"twitter:card\" content=\"summary_large_image\" \/>\n\t\t<meta name=\"twitter:title\" content=\"El Gobierno vasco ha hecho un balance \u00abmuy positivo\u00bb de Fitur 2016 | El Digital de Asturias\" \/>\n\t\t<meta name=\"twitter:description\" content=\"El Gobierno vasco ha hecho un balance &quot;muy positivo&quot; de la presencia de Euskadi en la presente edici\u00f3n de Fitur donde se ha incrementado un 26 por ciento la actividad de las empresas profesionales tur\u00edsticas vascas y se han registrado m\u00e1s de 400 reuniones de trabajo. Seg\u00fan ha destacado el Gobierno vasco, despu\u00e9s de cuatro\" \/>\n\t\t<meta name=\"twitter:image\" content=\"https:\/\/eldigitaldeasturias.com\/magazine365\/wp-content\/uploads\/2016\/01\/fotonoticia_20160124161331_800.jpg\" \/>\n\t\t<script type=\"application\/ld+json\" class=\"aioseo-schema\">\n\t\t\t{\"@context\":\"https:\\\/\\\/schema.org\",\"@graph\":[{\"@type\":\"Article\",\"@id\":\"https:\\\/\\\/eldigitaldeasturias.com\\\/magazine365\\\/el-gobierno-vasco-ha-hecho-un-balance-muy-positivo-de-fitur-2016\\\/#article\",\"name\":\"El Gobierno vasco ha hecho un balance \\u00abmuy positivo\\u00bb de Fitur 2016 | El Digital de Asturias\",\"headline\":\"El Gobierno vasco ha hecho un balance \\u00abmuy positivo\\u00bb de Fitur 2016\",\"author\":{\"@id\":\"https:\\\/\\\/eldigitaldeasturias.com\\\/magazine365\\\/author\\\/admin\\\/#author\"},\"publisher\":{\"@id\":\"https:\\\/\\\/eldigitaldeasturias.com\\\/magazine365\\\/#organization\"},\"image\":{\"@type\":\"ImageObject\",\"url\":\"https:\\\/\\\/eldigitaldeasturias.com\\\/magazine365\\\/wp-content\\\/uploads\\\/2016\\\/01\\\/fotonoticia_20160124161331_800.jpg\",\"width\":800,\"height\":508},\"datePublished\":\"2016-01-24T18:58:38+01:00\",\"dateModified\":\"2016-01-24T18:58:38+01:00\",\"inLanguage\":\"es-ES\",\"mainEntityOfPage\":{\"@id\":\"https:\\\/\\\/eldigitaldeasturias.com\\\/magazine365\\\/el-gobierno-vasco-ha-hecho-un-balance-muy-positivo-de-fitur-2016\\\/#webpage\"},\"isPartOf\":{\"@id\":\"https:\\\/\\\/eldigitaldeasturias.com\\\/magazine365\\\/el-gobierno-vasco-ha-hecho-un-balance-muy-positivo-de-fitur-2016\\\/#webpage\"},\"articleSection\":\"Noticias y Actualidad\"},{\"@type\":\"BreadcrumbList\",\"@id\":\"https:\\\/\\\/eldigitaldeasturias.com\\\/magazine365\\\/el-gobierno-vasco-ha-hecho-un-balance-muy-positivo-de-fitur-2016\\\/#breadcrumblist\",\"itemListElement\":[{\"@type\":\"ListItem\",\"@id\":\"https:\\\/\\\/eldigitaldeasturias.com\\\/magazine365#listItem\",\"position\":1,\"name\":\"Home\",\"item\":\"https:\\\/\\\/eldigitaldeasturias.com\\\/magazine365\",\"nextItem\":{\"@type\":\"ListItem\",\"@id\":\"https:\\\/\\\/eldigitaldeasturias.com\\\/magazine365\\\/category\\\/noticias-actualidad\\\/#listItem\",\"name\":\"Noticias y Actualidad\"}},{\"@type\":\"ListItem\",\"@id\":\"https:\\\/\\\/eldigitaldeasturias.com\\\/magazine365\\\/category\\\/noticias-actualidad\\\/#listItem\",\"position\":2,\"name\":\"Noticias y Actualidad\",\"item\":\"https:\\\/\\\/eldigitaldeasturias.com\\\/magazine365\\\/category\\\/noticias-actualidad\\\/\",\"nextItem\":{\"@type\":\"ListItem\",\"@id\":\"https:\\\/\\\/eldigitaldeasturias.com\\\/magazine365\\\/el-gobierno-vasco-ha-hecho-un-balance-muy-positivo-de-fitur-2016\\\/#listItem\",\"name\":\"El Gobierno vasco ha hecho un balance \\u00abmuy positivo\\u00bb de Fitur 2016\"},\"previousItem\":{\"@type\":\"ListItem\",\"@id\":\"https:\\\/\\\/eldigitaldeasturias.com\\\/magazine365#listItem\",\"name\":\"Home\"}},{\"@type\":\"ListItem\",\"@id\":\"https:\\\/\\\/eldigitaldeasturias.com\\\/magazine365\\\/el-gobierno-vasco-ha-hecho-un-balance-muy-positivo-de-fitur-2016\\\/#listItem\",\"position\":3,\"name\":\"El Gobierno vasco ha hecho un balance \\u00abmuy positivo\\u00bb de Fitur 2016\",\"previousItem\":{\"@type\":\"ListItem\",\"@id\":\"https:\\\/\\\/eldigitaldeasturias.com\\\/magazine365\\\/category\\\/noticias-actualidad\\\/#listItem\",\"name\":\"Noticias y Actualidad\"}}]},{\"@type\":\"Organization\",\"@id\":\"https:\\\/\\\/eldigitaldeasturias.com\\\/magazine365\\\/#organization\",\"name\":\"El digital de Asturias\",\"description\":\"Revista de ocio, turismo y estilo de vida\",\"url\":\"https:\\\/\\\/eldigitaldeasturias.com\\\/magazine365\\\/\",\"logo\":{\"@type\":\"ImageObject\",\"url\":\"https:\\\/\\\/www.eldigitaldeasturias.com\\\/noticias\\\/wp-content\\\/uploads\\\/2020\\\/12\\\/EDA.jpg\",\"@id\":\"https:\\\/\\\/eldigitaldeasturias.com\\\/magazine365\\\/el-gobierno-vasco-ha-hecho-un-balance-muy-positivo-de-fitur-2016\\\/#organizationLogo\"},\"image\":{\"@id\":\"https:\\\/\\\/eldigitaldeasturias.com\\\/magazine365\\\/el-gobierno-vasco-ha-hecho-un-balance-muy-positivo-de-fitur-2016\\\/#organizationLogo\"}},{\"@type\":\"Person\",\"@id\":\"https:\\\/\\\/eldigitaldeasturias.com\\\/magazine365\\\/author\\\/admin\\\/#author\",\"url\":\"https:\\\/\\\/eldigitaldeasturias.com\\\/magazine365\\\/author\\\/admin\\\/\",\"name\":\"admin\",\"image\":{\"@type\":\"ImageObject\",\"@id\":\"https:\\\/\\\/eldigitaldeasturias.com\\\/magazine365\\\/el-gobierno-vasco-ha-hecho-un-balance-muy-positivo-de-fitur-2016\\\/#authorImage\",\"url\":\"https:\\\/\\\/eldigitaldeasturias.com\\\/magazine365\\\/wp-content\\\/litespeed\\\/avatar\\\/e571bcf59a0edd6fa6838245a470f2fe.jpg?ver=1776969259\",\"width\":96,\"height\":96,\"caption\":\"admin\"}},{\"@type\":\"WebPage\",\"@id\":\"https:\\\/\\\/eldigitaldeasturias.com\\\/magazine365\\\/el-gobierno-vasco-ha-hecho-un-balance-muy-positivo-de-fitur-2016\\\/#webpage\",\"url\":\"https:\\\/\\\/eldigitaldeasturias.com\\\/magazine365\\\/el-gobierno-vasco-ha-hecho-un-balance-muy-positivo-de-fitur-2016\\\/\",\"name\":\"El Gobierno vasco ha hecho un balance \\u00abmuy positivo\\u00bb de Fitur 2016 | El Digital de Asturias\",\"description\":\"El Gobierno vasco ha hecho un balance \\\"muy positivo\\\" de la presencia de Euskadi en la presente edici\\u00f3n de Fitur donde se ha incrementado un 26 por ciento la actividad de las empresas profesionales tur\\u00edsticas vascas y se han registrado m\\u00e1s de 400 reuniones de trabajo. Seg\\u00fan ha destacado el Gobierno vasco, despu\\u00e9s de cuatro\",\"inLanguage\":\"es-ES\",\"isPartOf\":{\"@id\":\"https:\\\/\\\/eldigitaldeasturias.com\\\/magazine365\\\/#website\"},\"breadcrumb\":{\"@id\":\"https:\\\/\\\/eldigitaldeasturias.com\\\/magazine365\\\/el-gobierno-vasco-ha-hecho-un-balance-muy-positivo-de-fitur-2016\\\/#breadcrumblist\"},\"author\":{\"@id\":\"https:\\\/\\\/eldigitaldeasturias.com\\\/magazine365\\\/author\\\/admin\\\/#author\"},\"creator\":{\"@id\":\"https:\\\/\\\/eldigitaldeasturias.com\\\/magazine365\\\/author\\\/admin\\\/#author\"},\"image\":{\"@type\":\"ImageObject\",\"url\":\"https:\\\/\\\/eldigitaldeasturias.com\\\/magazine365\\\/wp-content\\\/uploads\\\/2016\\\/01\\\/fotonoticia_20160124161331_800.jpg\",\"@id\":\"https:\\\/\\\/eldigitaldeasturias.com\\\/magazine365\\\/el-gobierno-vasco-ha-hecho-un-balance-muy-positivo-de-fitur-2016\\\/#mainImage\",\"width\":800,\"height\":508},\"primaryImageOfPage\":{\"@id\":\"https:\\\/\\\/eldigitaldeasturias.com\\\/magazine365\\\/el-gobierno-vasco-ha-hecho-un-balance-muy-positivo-de-fitur-2016\\\/#mainImage\"},\"datePublished\":\"2016-01-24T18:58:38+01:00\",\"dateModified\":\"2016-01-24T18:58:38+01:00\"},{\"@type\":\"WebSite\",\"@id\":\"https:\\\/\\\/eldigitaldeasturias.com\\\/magazine365\\\/#website\",\"url\":\"https:\\\/\\\/eldigitaldeasturias.com\\\/magazine365\\\/\",\"name\":\"El Digital de Asturias\",\"description\":\"Revista de ocio, turismo y estilo de vida\",\"inLanguage\":\"es-ES\",\"publisher\":{\"@id\":\"https:\\\/\\\/eldigitaldeasturias.com\\\/magazine365\\\/#organization\"}}]}\n\t\t<\/script>\n\t\t<!-- All in One SEO Pro -->\r\n\t\t<title>El Gobierno vasco ha hecho un balance \u00abmuy positivo\u00bb de Fitur 2016 | El Digital de Asturias<\/title>\n\n","aioseo_head_json":{"title":"El Gobierno vasco ha hecho un balance \u00abmuy positivo\u00bb de Fitur 2016 | El Digital de Asturias","description":"El Gobierno vasco ha hecho un balance \"muy positivo\" de la presencia de Euskadi en la presente edici\u00f3n de Fitur donde se ha incrementado un 26 por ciento la actividad de las empresas profesionales tur\u00edsticas vascas y se han registrado m\u00e1s de 400 reuniones de trabajo. Seg\u00fan ha destacado el Gobierno vasco, despu\u00e9s de cuatro","canonical_url":"https:\/\/eldigitaldeasturias.com\/magazine365\/el-gobierno-vasco-ha-hecho-un-balance-muy-positivo-de-fitur-2016\/","robots":"max-image-preview:large","keywords":"noticias y actualidad","webmasterTools":{"google-site-verification":"UA-38556648-1","miscellaneous":""},"schema":{"@context":"https:\/\/schema.org","@graph":[{"@type":"Article","@id":"https:\/\/eldigitaldeasturias.com\/magazine365\/el-gobierno-vasco-ha-hecho-un-balance-muy-positivo-de-fitur-2016\/#article","name":"El Gobierno vasco ha hecho un balance \u00abmuy positivo\u00bb de Fitur 2016 | El Digital de Asturias","headline":"El Gobierno vasco ha hecho un balance \u00abmuy positivo\u00bb de Fitur 2016","author":{"@id":"https:\/\/eldigitaldeasturias.com\/magazine365\/author\/admin\/#author"},"publisher":{"@id":"https:\/\/eldigitaldeasturias.com\/magazine365\/#organization"},"image":{"@type":"ImageObject","url":"https:\/\/eldigitaldeasturias.com\/magazine365\/wp-content\/uploads\/2016\/01\/fotonoticia_20160124161331_800.jpg","width":800,"height":508},"datePublished":"2016-01-24T18:58:38+01:00","dateModified":"2016-01-24T18:58:38+01:00","inLanguage":"es-ES","mainEntityOfPage":{"@id":"https:\/\/eldigitaldeasturias.com\/magazine365\/el-gobierno-vasco-ha-hecho-un-balance-muy-positivo-de-fitur-2016\/#webpage"},"isPartOf":{"@id":"https:\/\/eldigitaldeasturias.com\/magazine365\/el-gobierno-vasco-ha-hecho-un-balance-muy-positivo-de-fitur-2016\/#webpage"},"articleSection":"Noticias y Actualidad"},{"@type":"BreadcrumbList","@id":"https:\/\/eldigitaldeasturias.com\/magazine365\/el-gobierno-vasco-ha-hecho-un-balance-muy-positivo-de-fitur-2016\/#breadcrumblist","itemListElement":[{"@type":"ListItem","@id":"https:\/\/eldigitaldeasturias.com\/magazine365#listItem","position":1,"name":"Home","item":"https:\/\/eldigitaldeasturias.com\/magazine365","nextItem":{"@type":"ListItem","@id":"https:\/\/eldigitaldeasturias.com\/magazine365\/category\/noticias-actualidad\/#listItem","name":"Noticias y Actualidad"}},{"@type":"ListItem","@id":"https:\/\/eldigitaldeasturias.com\/magazine365\/category\/noticias-actualidad\/#listItem","position":2,"name":"Noticias y Actualidad","item":"https:\/\/eldigitaldeasturias.com\/magazine365\/category\/noticias-actualidad\/","nextItem":{"@type":"ListItem","@id":"https:\/\/eldigitaldeasturias.com\/magazine365\/el-gobierno-vasco-ha-hecho-un-balance-muy-positivo-de-fitur-2016\/#listItem","name":"El Gobierno vasco ha hecho un balance \u00abmuy positivo\u00bb de Fitur 2016"},"previousItem":{"@type":"ListItem","@id":"https:\/\/eldigitaldeasturias.com\/magazine365#listItem","name":"Home"}},{"@type":"ListItem","@id":"https:\/\/eldigitaldeasturias.com\/magazine365\/el-gobierno-vasco-ha-hecho-un-balance-muy-positivo-de-fitur-2016\/#listItem","position":3,"name":"El Gobierno vasco ha hecho un balance \u00abmuy positivo\u00bb de Fitur 2016","previousItem":{"@type":"ListItem","@id":"https:\/\/eldigitaldeasturias.com\/magazine365\/category\/noticias-actualidad\/#listItem","name":"Noticias y Actualidad"}}]},{"@type":"Organization","@id":"https:\/\/eldigitaldeasturias.com\/magazine365\/#organization","name":"El digital de Asturias","description":"Revista de ocio, turismo y estilo de vida","url":"https:\/\/eldigitaldeasturias.com\/magazine365\/","logo":{"@type":"ImageObject","url":"https:\/\/www.eldigitaldeasturias.com\/noticias\/wp-content\/uploads\/2020\/12\/EDA.jpg","@id":"https:\/\/eldigitaldeasturias.com\/magazine365\/el-gobierno-vasco-ha-hecho-un-balance-muy-positivo-de-fitur-2016\/#organizationLogo"},"image":{"@id":"https:\/\/eldigitaldeasturias.com\/magazine365\/el-gobierno-vasco-ha-hecho-un-balance-muy-positivo-de-fitur-2016\/#organizationLogo"}},{"@type":"Person","@id":"https:\/\/eldigitaldeasturias.com\/magazine365\/author\/admin\/#author","url":"https:\/\/eldigitaldeasturias.com\/magazine365\/author\/admin\/","name":"admin","image":{"@type":"ImageObject","@id":"https:\/\/eldigitaldeasturias.com\/magazine365\/el-gobierno-vasco-ha-hecho-un-balance-muy-positivo-de-fitur-2016\/#authorImage","url":"https:\/\/eldigitaldeasturias.com\/magazine365\/wp-content\/litespeed\/avatar\/e571bcf59a0edd6fa6838245a470f2fe.jpg?ver=1776969259","width":96,"height":96,"caption":"admin"}},{"@type":"WebPage","@id":"https:\/\/eldigitaldeasturias.com\/magazine365\/el-gobierno-vasco-ha-hecho-un-balance-muy-positivo-de-fitur-2016\/#webpage","url":"https:\/\/eldigitaldeasturias.com\/magazine365\/el-gobierno-vasco-ha-hecho-un-balance-muy-positivo-de-fitur-2016\/","name":"El Gobierno vasco ha hecho un balance \u00abmuy positivo\u00bb de Fitur 2016 | El Digital de Asturias","description":"El Gobierno vasco ha hecho un balance \"muy positivo\" de la presencia de Euskadi en la presente edici\u00f3n de Fitur donde se ha incrementado un 26 por ciento la actividad de las empresas profesionales tur\u00edsticas vascas y se han registrado m\u00e1s de 400 reuniones de trabajo. Seg\u00fan ha destacado el Gobierno vasco, despu\u00e9s de cuatro","inLanguage":"es-ES","isPartOf":{"@id":"https:\/\/eldigitaldeasturias.com\/magazine365\/#website"},"breadcrumb":{"@id":"https:\/\/eldigitaldeasturias.com\/magazine365\/el-gobierno-vasco-ha-hecho-un-balance-muy-positivo-de-fitur-2016\/#breadcrumblist"},"author":{"@id":"https:\/\/eldigitaldeasturias.com\/magazine365\/author\/admin\/#author"},"creator":{"@id":"https:\/\/eldigitaldeasturias.com\/magazine365\/author\/admin\/#author"},"image":{"@type":"ImageObject","url":"https:\/\/eldigitaldeasturias.com\/magazine365\/wp-content\/uploads\/2016\/01\/fotonoticia_20160124161331_800.jpg","@id":"https:\/\/eldigitaldeasturias.com\/magazine365\/el-gobierno-vasco-ha-hecho-un-balance-muy-positivo-de-fitur-2016\/#mainImage","width":800,"height":508},"primaryImageOfPage":{"@id":"https:\/\/eldigitaldeasturias.com\/magazine365\/el-gobierno-vasco-ha-hecho-un-balance-muy-positivo-de-fitur-2016\/#mainImage"},"datePublished":"2016-01-24T18:58:38+01:00","dateModified":"2016-01-24T18:58:38+01:00"},{"@type":"WebSite","@id":"https:\/\/eldigitaldeasturias.com\/magazine365\/#website","url":"https:\/\/eldigitaldeasturias.com\/magazine365\/","name":"El Digital de Asturias","description":"Revista de ocio, turismo y estilo de vida","inLanguage":"es-ES","publisher":{"@id":"https:\/\/eldigitaldeasturias.com\/magazine365\/#organization"}}]},"og:locale":"es_ES","og:site_name":"El Digital de Asturias \u2013 Revista de ocio, turismo y estilo de vida","og:type":"article","og:title":"El Gobierno vasco ha hecho un balance \u00abmuy positivo\u00bb de Fitur 2016 | El Digital de Asturias","og:description":"El Gobierno vasco ha hecho un balance &quot;muy positivo&quot; de la presencia de Euskadi en la presente edici\u00f3n de Fitur donde se ha incrementado un 26 por ciento la actividad de las empresas profesionales tur\u00edsticas vascas y se han registrado m\u00e1s de 400 reuniones de trabajo. Seg\u00fan ha destacado el Gobierno vasco, despu\u00e9s de cuatro","og:url":"https:\/\/eldigitaldeasturias.com\/magazine365\/el-gobierno-vasco-ha-hecho-un-balance-muy-positivo-de-fitur-2016\/","og:image":"https:\/\/eldigitaldeasturias.com\/magazine365\/wp-content\/uploads\/2016\/01\/fotonoticia_20160124161331_800.jpg","og:image:secure_url":"https:\/\/eldigitaldeasturias.com\/magazine365\/wp-content\/uploads\/2016\/01\/fotonoticia_20160124161331_800.jpg","og:image:width":800,"og:image:height":508,"article:published_time":"2016-01-24T17:58:38+00:00","article:modified_time":"2016-01-24T17:58:38+00:00","twitter:card":"summary_large_image","twitter:title":"El Gobierno vasco ha hecho un balance \u00abmuy positivo\u00bb de Fitur 2016 | El Digital de Asturias","twitter:description":"El Gobierno vasco ha hecho un balance &quot;muy positivo&quot; de la presencia de Euskadi en la presente edici\u00f3n de Fitur donde se ha incrementado un 26 por ciento la actividad de las empresas profesionales tur\u00edsticas vascas y se han registrado m\u00e1s de 400 reuniones de trabajo. Seg\u00fan ha destacado el Gobierno vasco, despu\u00e9s de cuatro","twitter:image":"https:\/\/eldigitaldeasturias.com\/magazine365\/wp-content\/uploads\/2016\/01\/fotonoticia_20160124161331_800.jpg"},"aioseo_meta_data":{"post_id":"61932","title":null,"description":null,"keywords":null,"keyphrases":null,"primary_term":null,"canonical_url":null,"og_title":null,"og_description":null,"og_object_type":"default","og_image_type":"default","og_image_url":null,"og_image_width":null,"og_image_height":null,"og_image_custom_url":null,"og_image_custom_fields":null,"og_video":null,"og_custom_url":null,"og_article_section":null,"og_article_tags":null,"twitter_use_og":false,"twitter_card":"default","twitter_image_type":"default","twitter_image_url":null,"twitter_image_custom_url":null,"twitter_image_custom_fields":null,"twitter_title":null,"twitter_description":null,"schema":{"blockGraphs":[],"customGraphs":[],"default":{"data":{"Article":[],"Course":[],"Dataset":[],"FAQPage":[],"Movie":[],"Person":[],"Product":[],"ProductReview":[],"Car":[],"Recipe":[],"Service":[],"SoftwareApplication":[],"WebPage":[]},"graphName":"","isEnabled":true},"graphs":[],"defaultGraph":"","defaultPostTypeGraph":""},"schema_type":null,"schema_type_options":null,"pillar_content":false,"robots_default":true,"robots_noindex":false,"robots_noarchive":false,"robots_nosnippet":false,"robots_nofollow":false,"robots_noimageindex":false,"robots_noodp":false,"robots_notranslate":false,"robots_max_snippet":null,"robots_max_videopreview":null,"robots_max_imagepreview":"large","priority":null,"frequency":null,"location":null,"local_seo":null,"seo_analyzer_scan_date":"2025-09-25 10:02:42","breadcrumb_settings":null,"limit_modified_date":false,"open_ai":null,"ai":null,"created":"2021-03-08 21:43:43","updated":"2025-09-25 10:02:42"},"aioseo_breadcrumb":"<div class=\"aioseo-breadcrumbs\"><span class=\"aioseo-breadcrumb\">\n\t<a href=\"https:\/\/eldigitaldeasturias.com\/magazine365\" title=\"Home\">Home<\/a>\n<\/span><span class=\"aioseo-breadcrumb-separator\">\u2013<\/span><span class=\"aioseo-breadcrumb\">\n\t<a href=\"https:\/\/eldigitaldeasturias.com\/magazine365\/category\/noticias-actualidad\/\" title=\"Noticias y Actualidad\">Noticias y Actualidad<\/a>\n<\/span><span class=\"aioseo-breadcrumb-separator\">\u2013<\/span><span class=\"aioseo-breadcrumb\">\n\t<a href=\"https:\/\/eldigitaldeasturias.com\/magazine365\/el-gobierno-vasco-ha-hecho-un-balance-muy-positivo-de-fitur-2016\/\" title=\"El Gobierno vasco ha hecho un balance \u00abmuy positivo\u00bb de Fitur 2016\">El Gobierno vasco ha hecho un balance \u00abmuy positivo\u00bb de Fitur 2016<\/a>\n<\/span><\/div>","aioseo_breadcrumb_json":[{"label":"Home","link":"https:\/\/eldigitaldeasturias.com\/magazine365"},{"label":"Noticias y Actualidad","link":"https:\/\/eldigitaldeasturias.com\/magazine365\/category\/noticias-actualidad\/"},{"label":"El Gobierno vasco ha hecho un balance \u00abmuy positivo\u00bb de Fitur 2016","link":"https:\/\/eldigitaldeasturias.com\/magazine365\/el-gobierno-vasco-ha-hecho-un-balance-muy-positivo-de-fitur-2016\/"}],"_links":{"self":[{"href":"https:\/\/eldigitaldeasturias.com\/magazine365\/wp-json\/wp\/v2\/posts\/61932","targetHints":{"allow":["GET"]}}],"collection":[{"href":"https:\/\/eldigitaldeasturias.com\/magazine365\/wp-json\/wp\/v2\/posts"}],"about":[{"href":"https:\/\/eldigitaldeasturias.com\/magazine365\/wp-json\/wp\/v2\/types\/post"}],"author":[{"embeddable":true,"href":"https:\/\/eldigitaldeasturias.com\/magazine365\/wp-json\/wp\/v2\/users\/1"}],"replies":[{"embeddable":true,"href":"https:\/\/eldigitaldeasturias.com\/magazine365\/wp-json\/wp\/v2\/comments?post=61932"}],"version-history":[{"count":0,"href":"https:\/\/eldigitaldeasturias.com\/magazine365\/wp-json\/wp\/v2\/posts\/61932\/revisions"}],"wp:featuredmedia":[{"embeddable":true,"href":"https:\/\/eldigitaldeasturias.com\/magazine365\/wp-json\/wp\/v2\/media\/61933"}],"wp:attachment":[{"href":"https:\/\/eldigitaldeasturias.com\/magazine365\/wp-json\/wp\/v2\/media?parent=61932"}],"wp:term":[{"taxonomy":"category","embeddable":true,"href":"https:\/\/eldigitaldeasturias.com\/magazine365\/wp-json\/wp\/v2\/categories?post=61932"},{"taxonomy":"post_tag","embeddable":true,"href":"https:\/\/eldigitaldeasturias.com\/magazine365\/wp-json\/wp\/v2\/tags?post=61932"}],"curies":[{"name":"wp","href":"https:\/\/api.w.org\/{rel}","templated":true}]}}