{"id":61916,"date":"2016-01-24T17:39:38","date_gmt":"2016-01-24T16:39:38","guid":{"rendered":"http:\/\/eldigitaldeasturias.com\/magazine365\/?p=61916"},"modified":"2016-01-24T17:39:38","modified_gmt":"2016-01-24T16:39:38","slug":"la-comunidad-aragonesa-muestra-su-historia-a-traves-de-grupos-de-recreacion","status":"publish","type":"post","link":"https:\/\/eldigitaldeasturias.com\/magazine365\/la-comunidad-aragonesa-muestra-su-historia-a-traves-de-grupos-de-recreacion\/","title":{"rendered":"La Comunidad aragonesa muestra su historia a trav\u00e9s de grupos de recreaci\u00f3n"},"content":{"rendered":"<p><img fetchpriority=\"high\" decoding=\"async\" class=\"alignleft size-medium wp-image-61917\" src=\"https:\/\/eldigitaldeasturias.com\/magazine365\/wp-content\/uploads\/2016\/01\/fotonoticia_20160123172122_800-360x240.jpg\" alt=\"fotonoticia_20160123172122_800\" width=\"360\" height=\"240\" srcset=\"https:\/\/eldigitaldeasturias.com\/magazine365\/wp-content\/uploads\/2016\/01\/fotonoticia_20160123172122_800-360x240.jpg 360w, https:\/\/eldigitaldeasturias.com\/magazine365\/wp-content\/uploads\/2016\/01\/fotonoticia_20160123172122_800-650x433.jpg 650w, https:\/\/eldigitaldeasturias.com\/magazine365\/wp-content\/uploads\/2016\/01\/fotonoticia_20160123172122_800-768x512.jpg 768w, https:\/\/eldigitaldeasturias.com\/magazine365\/wp-content\/uploads\/2016\/01\/fotonoticia_20160123172122_800-150x100.jpg 150w, https:\/\/eldigitaldeasturias.com\/magazine365\/wp-content\/uploads\/2016\/01\/fotonoticia_20160123172122_800-450x300.jpg 450w, https:\/\/eldigitaldeasturias.com\/magazine365\/wp-content\/uploads\/2016\/01\/fotonoticia_20160123172122_800-696x464.jpg 696w, https:\/\/eldigitaldeasturias.com\/magazine365\/wp-content\/uploads\/2016\/01\/fotonoticia_20160123172122_800-630x420.jpg 630w, https:\/\/eldigitaldeasturias.com\/magazine365\/wp-content\/uploads\/2016\/01\/fotonoticia_20160123172122_800-101x66.jpg 101w, https:\/\/eldigitaldeasturias.com\/magazine365\/wp-content\/uploads\/2016\/01\/fotonoticia_20160123172122_800.jpg 800w\" sizes=\"(max-width: 360px) 100vw, 360px\" \/>La comunidad aragonesa muestra su historia, a trav\u00e9s de grupos de recreaci\u00f3n hist\u00f3rica, en la Feria Internacional de Turismo (Fitur), que se celebra en Madrid hasta el 24 de enero.<\/p>\n<p>Miles de personas visitar\u00e1n este s\u00e1bado el stand de Arag\u00f3n para disfrutar del jam\u00f3n de Teruel y de actividades como el croma de experiencias, las gafas de realidad virtual para disfrutar de la ornitolog\u00eda o de un descenso vertiginoso en la nieve.<\/p>\n<p>La iniciativa &#8216;Zaragoza en Jota de Jazz&#8217; ha abierto este s\u00e1bado el programa de actividades en el stand de Arag\u00f3n en Fitur, que ha contado con la presencia de la cantante Carmen Par\u00eds.<\/p>\n<p>Tras su actuaci\u00f3n, la m\u00fasica ha continuado con la presentaci\u00f3n del programa de m\u00fasica jazz de Zaragoza. Jos\u00e9 Juste, de Zaragoza Activa, ha destacado que es una iniciativa para potenciar el turismo creativo, el que se desplaza a las ciudades, se aloja y visita los lugares atra\u00eddos por un evento cultural.<\/p>\n<p>Eduardo Pueyo, representante de la organizaci\u00f3n de las visitas teatralizadas de Fonz, ha remarcado el inter\u00e9s de tur\u00edstico de esta villa \u00abuna gran desconocida en Arag\u00f3n pese al enorme patrimonio arquitect\u00f3nico que posee\u00bb. Ha recordado que con la puesta en marcha de las visitas teatralizadas se est\u00e1 dando un impulso a esta representaci\u00f3n.<\/p>\n<p>La representante del grupo de recreaci\u00f3n hist\u00f3rica Oria Dauria, Diego Lafuente, ha explicado una parte de la historia ribagorzana, que forma parte de la representaci\u00f3n de El Consell de las Paules, que se trae a Fitur. Importancia tur\u00edstica porque recoge hechos reales en torno a la brujer\u00eda y los trae al siglo XXI.<\/p>\n<p>La t\u00e9cnica de desarrollo de Benabarre, Mar\u00eda Jos\u00e9 S\u00e1nchez, ha hablado sobre el Ball dels Salvatges de Benabarre, una representaci\u00f3n que se recuper\u00f3 en 2007 y que data del siglo XIV. Es \u00fanica en Europa por su complejidad, se celebra cada dos a\u00f1os, este a\u00f1o ser\u00e1 el d\u00eda 6, y ha recordado que \u00abquien la ve le gusta por su peculiaridad y en la que participan m\u00e1s de 150 personas de la zona\u00bb.<\/p>\n<p>La Ruta del Vino de Calatayud ha puesto en la mesa los vinos de Arag\u00f3n durante la ma\u00f1ana. La representante de una de las bodegas de la ruta, Mireia Mart\u00ednez, ha expuesto el car\u00e1cter extremo de las vi\u00f1as de Calatayud que proporciona unos aspectos muy diferenciadores de los mismos.<\/p>\n<p>Este domingo, \u00faltimo d\u00eda de la feria, las catas de vino y &#8216;Zaragoza en jota de Jazz&#8217; ser\u00e1n las protagonistas en el stand de Fitur.<\/p>\n","protected":false},"excerpt":{"rendered":"<p>La comunidad aragonesa muestra su historia, a trav\u00e9s de grupos de recreaci\u00f3n hist\u00f3rica, en la Feria Internacional de Turismo (Fitur), que se celebra en Madrid hasta el 24 de enero. Miles de personas visitar\u00e1n este s\u00e1bado el stand de Arag\u00f3n para disfrutar del jam\u00f3n de Teruel y de actividades como el croma de experiencias, las<\/p>\n","protected":false},"author":1,"featured_media":61917,"comment_status":"open","ping_status":"closed","sticky":false,"template":"","format":"standard","meta":{"footnotes":""},"categories":[224],"tags":[],"class_list":{"0":"post-61916","1":"post","2":"type-post","3":"status-publish","4":"format-standard","5":"has-post-thumbnail","7":"category-noticias-actualidad"},"aioseo_notices":[],"aioseo_head":"\n\t\t<!-- All in One SEO Pro 4.9.6.1 - aioseo.com -->\n\t<meta name=\"description\" content=\"La comunidad aragonesa muestra su historia, a trav\u00e9s de grupos de recreaci\u00f3n hist\u00f3rica, en la Feria Internacional de Turismo (Fitur), que se celebra en Madrid hasta el 24 de enero. Miles de personas visitar\u00e1n este s\u00e1bado el stand de Arag\u00f3n para disfrutar del jam\u00f3n de Teruel y de actividades como el croma de experiencias, las\" \/>\n\t<meta name=\"robots\" content=\"max-image-preview:large\" \/>\n\t<meta name=\"author\" content=\"admin\"\/>\n\t<meta name=\"google-site-verification\" content=\"UA-38556648-1\" \/>\n\t<meta name=\"keywords\" content=\"noticias y actualidad\" \/>\n\t<link rel=\"canonical\" href=\"https:\/\/eldigitaldeasturias.com\/magazine365\/la-comunidad-aragonesa-muestra-su-historia-a-traves-de-grupos-de-recreacion\/\" \/>\n\t<meta name=\"generator\" content=\"All in One SEO Pro (AIOSEO) 4.9.6.1\" \/>\n\t\t<meta property=\"og:locale\" content=\"es_ES\" \/>\n\t\t<meta property=\"og:site_name\" content=\"El Digital de Asturias \u2013 Revista de ocio, turismo y estilo de vida\" \/>\n\t\t<meta property=\"og:type\" content=\"article\" \/>\n\t\t<meta property=\"og:title\" content=\"La Comunidad aragonesa muestra su historia a trav\u00e9s de grupos de recreaci\u00f3n | El Digital de Asturias\" \/>\n\t\t<meta property=\"og:description\" content=\"La comunidad aragonesa muestra su historia, a trav\u00e9s de grupos de recreaci\u00f3n hist\u00f3rica, en la Feria Internacional de Turismo (Fitur), que se celebra en Madrid hasta el 24 de enero. Miles de personas visitar\u00e1n este s\u00e1bado el stand de Arag\u00f3n para disfrutar del jam\u00f3n de Teruel y de actividades como el croma de experiencias, las\" \/>\n\t\t<meta property=\"og:url\" content=\"https:\/\/eldigitaldeasturias.com\/magazine365\/la-comunidad-aragonesa-muestra-su-historia-a-traves-de-grupos-de-recreacion\/\" \/>\n\t\t<meta property=\"og:image\" content=\"https:\/\/eldigitaldeasturias.com\/magazine365\/wp-content\/uploads\/2016\/01\/fotonoticia_20160123172122_800.jpg\" \/>\n\t\t<meta property=\"og:image:secure_url\" content=\"https:\/\/eldigitaldeasturias.com\/magazine365\/wp-content\/uploads\/2016\/01\/fotonoticia_20160123172122_800.jpg\" \/>\n\t\t<meta property=\"og:image:width\" content=\"800\" \/>\n\t\t<meta property=\"og:image:height\" content=\"533\" \/>\n\t\t<meta property=\"article:published_time\" content=\"2016-01-24T16:39:38+00:00\" \/>\n\t\t<meta property=\"article:modified_time\" content=\"2016-01-24T16:39:38+00:00\" \/>\n\t\t<meta name=\"twitter:card\" content=\"summary_large_image\" \/>\n\t\t<meta name=\"twitter:title\" content=\"La Comunidad aragonesa muestra su historia a trav\u00e9s de grupos de recreaci\u00f3n | El Digital de Asturias\" \/>\n\t\t<meta name=\"twitter:description\" content=\"La comunidad aragonesa muestra su historia, a trav\u00e9s de grupos de recreaci\u00f3n hist\u00f3rica, en la Feria Internacional de Turismo (Fitur), que se celebra en Madrid hasta el 24 de enero. Miles de personas visitar\u00e1n este s\u00e1bado el stand de Arag\u00f3n para disfrutar del jam\u00f3n de Teruel y de actividades como el croma de experiencias, las\" \/>\n\t\t<meta name=\"twitter:image\" content=\"https:\/\/eldigitaldeasturias.com\/magazine365\/wp-content\/uploads\/2016\/01\/fotonoticia_20160123172122_800.jpg\" \/>\n\t\t<script type=\"application\/ld+json\" class=\"aioseo-schema\">\n\t\t\t{\"@context\":\"https:\\\/\\\/schema.org\",\"@graph\":[{\"@type\":\"Article\",\"@id\":\"https:\\\/\\\/eldigitaldeasturias.com\\\/magazine365\\\/la-comunidad-aragonesa-muestra-su-historia-a-traves-de-grupos-de-recreacion\\\/#article\",\"name\":\"La Comunidad aragonesa muestra su historia a trav\\u00e9s de grupos de recreaci\\u00f3n | El Digital de Asturias\",\"headline\":\"La Comunidad aragonesa muestra su historia a trav\\u00e9s de grupos de recreaci\\u00f3n\",\"author\":{\"@id\":\"https:\\\/\\\/eldigitaldeasturias.com\\\/magazine365\\\/author\\\/admin\\\/#author\"},\"publisher\":{\"@id\":\"https:\\\/\\\/eldigitaldeasturias.com\\\/magazine365\\\/#organization\"},\"image\":{\"@type\":\"ImageObject\",\"url\":\"https:\\\/\\\/eldigitaldeasturias.com\\\/magazine365\\\/wp-content\\\/uploads\\\/2016\\\/01\\\/fotonoticia_20160123172122_800.jpg\",\"width\":800,\"height\":533},\"datePublished\":\"2016-01-24T17:39:38+01:00\",\"dateModified\":\"2016-01-24T17:39:38+01:00\",\"inLanguage\":\"es-ES\",\"mainEntityOfPage\":{\"@id\":\"https:\\\/\\\/eldigitaldeasturias.com\\\/magazine365\\\/la-comunidad-aragonesa-muestra-su-historia-a-traves-de-grupos-de-recreacion\\\/#webpage\"},\"isPartOf\":{\"@id\":\"https:\\\/\\\/eldigitaldeasturias.com\\\/magazine365\\\/la-comunidad-aragonesa-muestra-su-historia-a-traves-de-grupos-de-recreacion\\\/#webpage\"},\"articleSection\":\"Noticias y Actualidad\"},{\"@type\":\"BreadcrumbList\",\"@id\":\"https:\\\/\\\/eldigitaldeasturias.com\\\/magazine365\\\/la-comunidad-aragonesa-muestra-su-historia-a-traves-de-grupos-de-recreacion\\\/#breadcrumblist\",\"itemListElement\":[{\"@type\":\"ListItem\",\"@id\":\"https:\\\/\\\/eldigitaldeasturias.com\\\/magazine365#listItem\",\"position\":1,\"name\":\"Home\",\"item\":\"https:\\\/\\\/eldigitaldeasturias.com\\\/magazine365\",\"nextItem\":{\"@type\":\"ListItem\",\"@id\":\"https:\\\/\\\/eldigitaldeasturias.com\\\/magazine365\\\/category\\\/noticias-actualidad\\\/#listItem\",\"name\":\"Noticias y Actualidad\"}},{\"@type\":\"ListItem\",\"@id\":\"https:\\\/\\\/eldigitaldeasturias.com\\\/magazine365\\\/category\\\/noticias-actualidad\\\/#listItem\",\"position\":2,\"name\":\"Noticias y Actualidad\",\"item\":\"https:\\\/\\\/eldigitaldeasturias.com\\\/magazine365\\\/category\\\/noticias-actualidad\\\/\",\"nextItem\":{\"@type\":\"ListItem\",\"@id\":\"https:\\\/\\\/eldigitaldeasturias.com\\\/magazine365\\\/la-comunidad-aragonesa-muestra-su-historia-a-traves-de-grupos-de-recreacion\\\/#listItem\",\"name\":\"La Comunidad aragonesa muestra su historia a trav\\u00e9s de grupos de recreaci\\u00f3n\"},\"previousItem\":{\"@type\":\"ListItem\",\"@id\":\"https:\\\/\\\/eldigitaldeasturias.com\\\/magazine365#listItem\",\"name\":\"Home\"}},{\"@type\":\"ListItem\",\"@id\":\"https:\\\/\\\/eldigitaldeasturias.com\\\/magazine365\\\/la-comunidad-aragonesa-muestra-su-historia-a-traves-de-grupos-de-recreacion\\\/#listItem\",\"position\":3,\"name\":\"La Comunidad aragonesa muestra su historia a trav\\u00e9s de grupos de recreaci\\u00f3n\",\"previousItem\":{\"@type\":\"ListItem\",\"@id\":\"https:\\\/\\\/eldigitaldeasturias.com\\\/magazine365\\\/category\\\/noticias-actualidad\\\/#listItem\",\"name\":\"Noticias y Actualidad\"}}]},{\"@type\":\"Organization\",\"@id\":\"https:\\\/\\\/eldigitaldeasturias.com\\\/magazine365\\\/#organization\",\"name\":\"El digital de Asturias\",\"description\":\"Revista de ocio, turismo y estilo de vida\",\"url\":\"https:\\\/\\\/eldigitaldeasturias.com\\\/magazine365\\\/\",\"logo\":{\"@type\":\"ImageObject\",\"url\":\"https:\\\/\\\/www.eldigitaldeasturias.com\\\/noticias\\\/wp-content\\\/uploads\\\/2020\\\/12\\\/EDA.jpg\",\"@id\":\"https:\\\/\\\/eldigitaldeasturias.com\\\/magazine365\\\/la-comunidad-aragonesa-muestra-su-historia-a-traves-de-grupos-de-recreacion\\\/#organizationLogo\"},\"image\":{\"@id\":\"https:\\\/\\\/eldigitaldeasturias.com\\\/magazine365\\\/la-comunidad-aragonesa-muestra-su-historia-a-traves-de-grupos-de-recreacion\\\/#organizationLogo\"}},{\"@type\":\"Person\",\"@id\":\"https:\\\/\\\/eldigitaldeasturias.com\\\/magazine365\\\/author\\\/admin\\\/#author\",\"url\":\"https:\\\/\\\/eldigitaldeasturias.com\\\/magazine365\\\/author\\\/admin\\\/\",\"name\":\"admin\",\"image\":{\"@type\":\"ImageObject\",\"@id\":\"https:\\\/\\\/eldigitaldeasturias.com\\\/magazine365\\\/la-comunidad-aragonesa-muestra-su-historia-a-traves-de-grupos-de-recreacion\\\/#authorImage\",\"url\":\"https:\\\/\\\/eldigitaldeasturias.com\\\/magazine365\\\/wp-content\\\/litespeed\\\/avatar\\\/e571bcf59a0edd6fa6838245a470f2fe.jpg?ver=1776969259\",\"width\":96,\"height\":96,\"caption\":\"admin\"}},{\"@type\":\"WebPage\",\"@id\":\"https:\\\/\\\/eldigitaldeasturias.com\\\/magazine365\\\/la-comunidad-aragonesa-muestra-su-historia-a-traves-de-grupos-de-recreacion\\\/#webpage\",\"url\":\"https:\\\/\\\/eldigitaldeasturias.com\\\/magazine365\\\/la-comunidad-aragonesa-muestra-su-historia-a-traves-de-grupos-de-recreacion\\\/\",\"name\":\"La Comunidad aragonesa muestra su historia a trav\\u00e9s de grupos de recreaci\\u00f3n | El Digital de Asturias\",\"description\":\"La comunidad aragonesa muestra su historia, a trav\\u00e9s de grupos de recreaci\\u00f3n hist\\u00f3rica, en la Feria Internacional de Turismo (Fitur), que se celebra en Madrid hasta el 24 de enero. Miles de personas visitar\\u00e1n este s\\u00e1bado el stand de Arag\\u00f3n para disfrutar del jam\\u00f3n de Teruel y de actividades como el croma de experiencias, las\",\"inLanguage\":\"es-ES\",\"isPartOf\":{\"@id\":\"https:\\\/\\\/eldigitaldeasturias.com\\\/magazine365\\\/#website\"},\"breadcrumb\":{\"@id\":\"https:\\\/\\\/eldigitaldeasturias.com\\\/magazine365\\\/la-comunidad-aragonesa-muestra-su-historia-a-traves-de-grupos-de-recreacion\\\/#breadcrumblist\"},\"author\":{\"@id\":\"https:\\\/\\\/eldigitaldeasturias.com\\\/magazine365\\\/author\\\/admin\\\/#author\"},\"creator\":{\"@id\":\"https:\\\/\\\/eldigitaldeasturias.com\\\/magazine365\\\/author\\\/admin\\\/#author\"},\"image\":{\"@type\":\"ImageObject\",\"url\":\"https:\\\/\\\/eldigitaldeasturias.com\\\/magazine365\\\/wp-content\\\/uploads\\\/2016\\\/01\\\/fotonoticia_20160123172122_800.jpg\",\"@id\":\"https:\\\/\\\/eldigitaldeasturias.com\\\/magazine365\\\/la-comunidad-aragonesa-muestra-su-historia-a-traves-de-grupos-de-recreacion\\\/#mainImage\",\"width\":800,\"height\":533},\"primaryImageOfPage\":{\"@id\":\"https:\\\/\\\/eldigitaldeasturias.com\\\/magazine365\\\/la-comunidad-aragonesa-muestra-su-historia-a-traves-de-grupos-de-recreacion\\\/#mainImage\"},\"datePublished\":\"2016-01-24T17:39:38+01:00\",\"dateModified\":\"2016-01-24T17:39:38+01:00\"},{\"@type\":\"WebSite\",\"@id\":\"https:\\\/\\\/eldigitaldeasturias.com\\\/magazine365\\\/#website\",\"url\":\"https:\\\/\\\/eldigitaldeasturias.com\\\/magazine365\\\/\",\"name\":\"El Digital de Asturias\",\"description\":\"Revista de ocio, turismo y estilo de vida\",\"inLanguage\":\"es-ES\",\"publisher\":{\"@id\":\"https:\\\/\\\/eldigitaldeasturias.com\\\/magazine365\\\/#organization\"}}]}\n\t\t<\/script>\n\t\t<!-- All in One SEO Pro -->\r\n\t\t<title>La Comunidad aragonesa muestra su historia a trav\u00e9s de grupos de recreaci\u00f3n | El Digital de Asturias<\/title>\n\n","aioseo_head_json":{"title":"La Comunidad aragonesa muestra su historia a trav\u00e9s de grupos de recreaci\u00f3n | El Digital de Asturias","description":"La comunidad aragonesa muestra su historia, a trav\u00e9s de grupos de recreaci\u00f3n hist\u00f3rica, en la Feria Internacional de Turismo (Fitur), que se celebra en Madrid hasta el 24 de enero. Miles de personas visitar\u00e1n este s\u00e1bado el stand de Arag\u00f3n para disfrutar del jam\u00f3n de Teruel y de actividades como el croma de experiencias, las","canonical_url":"https:\/\/eldigitaldeasturias.com\/magazine365\/la-comunidad-aragonesa-muestra-su-historia-a-traves-de-grupos-de-recreacion\/","robots":"max-image-preview:large","keywords":"noticias y actualidad","webmasterTools":{"google-site-verification":"UA-38556648-1","miscellaneous":""},"schema":{"@context":"https:\/\/schema.org","@graph":[{"@type":"Article","@id":"https:\/\/eldigitaldeasturias.com\/magazine365\/la-comunidad-aragonesa-muestra-su-historia-a-traves-de-grupos-de-recreacion\/#article","name":"La Comunidad aragonesa muestra su historia a trav\u00e9s de grupos de recreaci\u00f3n | El Digital de Asturias","headline":"La Comunidad aragonesa muestra su historia a trav\u00e9s de grupos de recreaci\u00f3n","author":{"@id":"https:\/\/eldigitaldeasturias.com\/magazine365\/author\/admin\/#author"},"publisher":{"@id":"https:\/\/eldigitaldeasturias.com\/magazine365\/#organization"},"image":{"@type":"ImageObject","url":"https:\/\/eldigitaldeasturias.com\/magazine365\/wp-content\/uploads\/2016\/01\/fotonoticia_20160123172122_800.jpg","width":800,"height":533},"datePublished":"2016-01-24T17:39:38+01:00","dateModified":"2016-01-24T17:39:38+01:00","inLanguage":"es-ES","mainEntityOfPage":{"@id":"https:\/\/eldigitaldeasturias.com\/magazine365\/la-comunidad-aragonesa-muestra-su-historia-a-traves-de-grupos-de-recreacion\/#webpage"},"isPartOf":{"@id":"https:\/\/eldigitaldeasturias.com\/magazine365\/la-comunidad-aragonesa-muestra-su-historia-a-traves-de-grupos-de-recreacion\/#webpage"},"articleSection":"Noticias y Actualidad"},{"@type":"BreadcrumbList","@id":"https:\/\/eldigitaldeasturias.com\/magazine365\/la-comunidad-aragonesa-muestra-su-historia-a-traves-de-grupos-de-recreacion\/#breadcrumblist","itemListElement":[{"@type":"ListItem","@id":"https:\/\/eldigitaldeasturias.com\/magazine365#listItem","position":1,"name":"Home","item":"https:\/\/eldigitaldeasturias.com\/magazine365","nextItem":{"@type":"ListItem","@id":"https:\/\/eldigitaldeasturias.com\/magazine365\/category\/noticias-actualidad\/#listItem","name":"Noticias y Actualidad"}},{"@type":"ListItem","@id":"https:\/\/eldigitaldeasturias.com\/magazine365\/category\/noticias-actualidad\/#listItem","position":2,"name":"Noticias y Actualidad","item":"https:\/\/eldigitaldeasturias.com\/magazine365\/category\/noticias-actualidad\/","nextItem":{"@type":"ListItem","@id":"https:\/\/eldigitaldeasturias.com\/magazine365\/la-comunidad-aragonesa-muestra-su-historia-a-traves-de-grupos-de-recreacion\/#listItem","name":"La Comunidad aragonesa muestra su historia a trav\u00e9s de grupos de recreaci\u00f3n"},"previousItem":{"@type":"ListItem","@id":"https:\/\/eldigitaldeasturias.com\/magazine365#listItem","name":"Home"}},{"@type":"ListItem","@id":"https:\/\/eldigitaldeasturias.com\/magazine365\/la-comunidad-aragonesa-muestra-su-historia-a-traves-de-grupos-de-recreacion\/#listItem","position":3,"name":"La Comunidad aragonesa muestra su historia a trav\u00e9s de grupos de recreaci\u00f3n","previousItem":{"@type":"ListItem","@id":"https:\/\/eldigitaldeasturias.com\/magazine365\/category\/noticias-actualidad\/#listItem","name":"Noticias y Actualidad"}}]},{"@type":"Organization","@id":"https:\/\/eldigitaldeasturias.com\/magazine365\/#organization","name":"El digital de Asturias","description":"Revista de ocio, turismo y estilo de vida","url":"https:\/\/eldigitaldeasturias.com\/magazine365\/","logo":{"@type":"ImageObject","url":"https:\/\/www.eldigitaldeasturias.com\/noticias\/wp-content\/uploads\/2020\/12\/EDA.jpg","@id":"https:\/\/eldigitaldeasturias.com\/magazine365\/la-comunidad-aragonesa-muestra-su-historia-a-traves-de-grupos-de-recreacion\/#organizationLogo"},"image":{"@id":"https:\/\/eldigitaldeasturias.com\/magazine365\/la-comunidad-aragonesa-muestra-su-historia-a-traves-de-grupos-de-recreacion\/#organizationLogo"}},{"@type":"Person","@id":"https:\/\/eldigitaldeasturias.com\/magazine365\/author\/admin\/#author","url":"https:\/\/eldigitaldeasturias.com\/magazine365\/author\/admin\/","name":"admin","image":{"@type":"ImageObject","@id":"https:\/\/eldigitaldeasturias.com\/magazine365\/la-comunidad-aragonesa-muestra-su-historia-a-traves-de-grupos-de-recreacion\/#authorImage","url":"https:\/\/eldigitaldeasturias.com\/magazine365\/wp-content\/litespeed\/avatar\/e571bcf59a0edd6fa6838245a470f2fe.jpg?ver=1776969259","width":96,"height":96,"caption":"admin"}},{"@type":"WebPage","@id":"https:\/\/eldigitaldeasturias.com\/magazine365\/la-comunidad-aragonesa-muestra-su-historia-a-traves-de-grupos-de-recreacion\/#webpage","url":"https:\/\/eldigitaldeasturias.com\/magazine365\/la-comunidad-aragonesa-muestra-su-historia-a-traves-de-grupos-de-recreacion\/","name":"La Comunidad aragonesa muestra su historia a trav\u00e9s de grupos de recreaci\u00f3n | El Digital de Asturias","description":"La comunidad aragonesa muestra su historia, a trav\u00e9s de grupos de recreaci\u00f3n hist\u00f3rica, en la Feria Internacional de Turismo (Fitur), que se celebra en Madrid hasta el 24 de enero. Miles de personas visitar\u00e1n este s\u00e1bado el stand de Arag\u00f3n para disfrutar del jam\u00f3n de Teruel y de actividades como el croma de experiencias, las","inLanguage":"es-ES","isPartOf":{"@id":"https:\/\/eldigitaldeasturias.com\/magazine365\/#website"},"breadcrumb":{"@id":"https:\/\/eldigitaldeasturias.com\/magazine365\/la-comunidad-aragonesa-muestra-su-historia-a-traves-de-grupos-de-recreacion\/#breadcrumblist"},"author":{"@id":"https:\/\/eldigitaldeasturias.com\/magazine365\/author\/admin\/#author"},"creator":{"@id":"https:\/\/eldigitaldeasturias.com\/magazine365\/author\/admin\/#author"},"image":{"@type":"ImageObject","url":"https:\/\/eldigitaldeasturias.com\/magazine365\/wp-content\/uploads\/2016\/01\/fotonoticia_20160123172122_800.jpg","@id":"https:\/\/eldigitaldeasturias.com\/magazine365\/la-comunidad-aragonesa-muestra-su-historia-a-traves-de-grupos-de-recreacion\/#mainImage","width":800,"height":533},"primaryImageOfPage":{"@id":"https:\/\/eldigitaldeasturias.com\/magazine365\/la-comunidad-aragonesa-muestra-su-historia-a-traves-de-grupos-de-recreacion\/#mainImage"},"datePublished":"2016-01-24T17:39:38+01:00","dateModified":"2016-01-24T17:39:38+01:00"},{"@type":"WebSite","@id":"https:\/\/eldigitaldeasturias.com\/magazine365\/#website","url":"https:\/\/eldigitaldeasturias.com\/magazine365\/","name":"El Digital de Asturias","description":"Revista de ocio, turismo y estilo de vida","inLanguage":"es-ES","publisher":{"@id":"https:\/\/eldigitaldeasturias.com\/magazine365\/#organization"}}]},"og:locale":"es_ES","og:site_name":"El Digital de Asturias \u2013 Revista de ocio, turismo y estilo de vida","og:type":"article","og:title":"La Comunidad aragonesa muestra su historia a trav\u00e9s de grupos de recreaci\u00f3n | El Digital de Asturias","og:description":"La comunidad aragonesa muestra su historia, a trav\u00e9s de grupos de recreaci\u00f3n hist\u00f3rica, en la Feria Internacional de Turismo (Fitur), que se celebra en Madrid hasta el 24 de enero. Miles de personas visitar\u00e1n este s\u00e1bado el stand de Arag\u00f3n para disfrutar del jam\u00f3n de Teruel y de actividades como el croma de experiencias, las","og:url":"https:\/\/eldigitaldeasturias.com\/magazine365\/la-comunidad-aragonesa-muestra-su-historia-a-traves-de-grupos-de-recreacion\/","og:image":"https:\/\/eldigitaldeasturias.com\/magazine365\/wp-content\/uploads\/2016\/01\/fotonoticia_20160123172122_800.jpg","og:image:secure_url":"https:\/\/eldigitaldeasturias.com\/magazine365\/wp-content\/uploads\/2016\/01\/fotonoticia_20160123172122_800.jpg","og:image:width":800,"og:image:height":533,"article:published_time":"2016-01-24T16:39:38+00:00","article:modified_time":"2016-01-24T16:39:38+00:00","twitter:card":"summary_large_image","twitter:title":"La Comunidad aragonesa muestra su historia a trav\u00e9s de grupos de recreaci\u00f3n | El Digital de Asturias","twitter:description":"La comunidad aragonesa muestra su historia, a trav\u00e9s de grupos de recreaci\u00f3n hist\u00f3rica, en la Feria Internacional de Turismo (Fitur), que se celebra en Madrid hasta el 24 de enero. Miles de personas visitar\u00e1n este s\u00e1bado el stand de Arag\u00f3n para disfrutar del jam\u00f3n de Teruel y de actividades como el croma de experiencias, las","twitter:image":"https:\/\/eldigitaldeasturias.com\/magazine365\/wp-content\/uploads\/2016\/01\/fotonoticia_20160123172122_800.jpg"},"aioseo_meta_data":{"post_id":"61916","title":null,"description":null,"keywords":null,"keyphrases":null,"primary_term":null,"canonical_url":null,"og_title":null,"og_description":null,"og_object_type":"default","og_image_type":"default","og_image_url":null,"og_image_width":null,"og_image_height":null,"og_image_custom_url":null,"og_image_custom_fields":null,"og_video":null,"og_custom_url":null,"og_article_section":null,"og_article_tags":null,"twitter_use_og":false,"twitter_card":"default","twitter_image_type":"default","twitter_image_url":null,"twitter_image_custom_url":null,"twitter_image_custom_fields":null,"twitter_title":null,"twitter_description":null,"schema":{"blockGraphs":[],"customGraphs":[],"default":{"data":{"Article":[],"Course":[],"Dataset":[],"FAQPage":[],"Movie":[],"Person":[],"Product":[],"ProductReview":[],"Car":[],"Recipe":[],"Service":[],"SoftwareApplication":[],"WebPage":[]},"graphName":"","isEnabled":true},"graphs":[],"defaultGraph":"","defaultPostTypeGraph":""},"schema_type":null,"schema_type_options":null,"pillar_content":false,"robots_default":true,"robots_noindex":false,"robots_noarchive":false,"robots_nosnippet":false,"robots_nofollow":false,"robots_noimageindex":false,"robots_noodp":false,"robots_notranslate":false,"robots_max_snippet":null,"robots_max_videopreview":null,"robots_max_imagepreview":"large","priority":null,"frequency":null,"location":null,"local_seo":null,"seo_analyzer_scan_date":"2025-09-25 09:58:02","breadcrumb_settings":null,"limit_modified_date":false,"open_ai":null,"ai":null,"created":"2021-03-08 21:43:43","updated":"2025-09-25 09:58:02"},"aioseo_breadcrumb":"<div class=\"aioseo-breadcrumbs\"><span class=\"aioseo-breadcrumb\">\n\t<a href=\"https:\/\/eldigitaldeasturias.com\/magazine365\" title=\"Home\">Home<\/a>\n<\/span><span class=\"aioseo-breadcrumb-separator\">\u2013<\/span><span class=\"aioseo-breadcrumb\">\n\t<a href=\"https:\/\/eldigitaldeasturias.com\/magazine365\/category\/noticias-actualidad\/\" title=\"Noticias y Actualidad\">Noticias y Actualidad<\/a>\n<\/span><span class=\"aioseo-breadcrumb-separator\">\u2013<\/span><span class=\"aioseo-breadcrumb\">\n\t<a href=\"https:\/\/eldigitaldeasturias.com\/magazine365\/la-comunidad-aragonesa-muestra-su-historia-a-traves-de-grupos-de-recreacion\/\" title=\"La Comunidad aragonesa muestra su historia a trav\u00e9s de grupos de recreaci\u00f3n\">La Comunidad aragonesa muestra su historia a trav\u00e9s de grupos de recreaci\u00f3n<\/a>\n<\/span><\/div>","aioseo_breadcrumb_json":[{"label":"Home","link":"https:\/\/eldigitaldeasturias.com\/magazine365"},{"label":"Noticias y Actualidad","link":"https:\/\/eldigitaldeasturias.com\/magazine365\/category\/noticias-actualidad\/"},{"label":"La Comunidad aragonesa muestra su historia a trav\u00e9s de grupos de recreaci\u00f3n","link":"https:\/\/eldigitaldeasturias.com\/magazine365\/la-comunidad-aragonesa-muestra-su-historia-a-traves-de-grupos-de-recreacion\/"}],"_links":{"self":[{"href":"https:\/\/eldigitaldeasturias.com\/magazine365\/wp-json\/wp\/v2\/posts\/61916","targetHints":{"allow":["GET"]}}],"collection":[{"href":"https:\/\/eldigitaldeasturias.com\/magazine365\/wp-json\/wp\/v2\/posts"}],"about":[{"href":"https:\/\/eldigitaldeasturias.com\/magazine365\/wp-json\/wp\/v2\/types\/post"}],"author":[{"embeddable":true,"href":"https:\/\/eldigitaldeasturias.com\/magazine365\/wp-json\/wp\/v2\/users\/1"}],"replies":[{"embeddable":true,"href":"https:\/\/eldigitaldeasturias.com\/magazine365\/wp-json\/wp\/v2\/comments?post=61916"}],"version-history":[{"count":0,"href":"https:\/\/eldigitaldeasturias.com\/magazine365\/wp-json\/wp\/v2\/posts\/61916\/revisions"}],"wp:featuredmedia":[{"embeddable":true,"href":"https:\/\/eldigitaldeasturias.com\/magazine365\/wp-json\/wp\/v2\/media\/61917"}],"wp:attachment":[{"href":"https:\/\/eldigitaldeasturias.com\/magazine365\/wp-json\/wp\/v2\/media?parent=61916"}],"wp:term":[{"taxonomy":"category","embeddable":true,"href":"https:\/\/eldigitaldeasturias.com\/magazine365\/wp-json\/wp\/v2\/categories?post=61916"},{"taxonomy":"post_tag","embeddable":true,"href":"https:\/\/eldigitaldeasturias.com\/magazine365\/wp-json\/wp\/v2\/tags?post=61916"}],"curies":[{"name":"wp","href":"https:\/\/api.w.org\/{rel}","templated":true}]}}