{"id":61897,"date":"2016-01-23T15:05:47","date_gmt":"2016-01-23T14:05:47","guid":{"rendered":"http:\/\/eldigitaldeasturias.com\/magazine365\/?p=61897"},"modified":"2016-01-23T15:05:47","modified_gmt":"2016-01-23T14:05:47","slug":"mas-de-800-personas-se-congregan-en-la-noche-q","status":"publish","type":"post","link":"https:\/\/eldigitaldeasturias.com\/magazine365\/mas-de-800-personas-se-congregan-en-la-noche-q\/","title":{"rendered":"M\u00e1s de 800 personas se congregan en la &#8216;Noche Q&#8217;"},"content":{"rendered":"<p><img fetchpriority=\"high\" decoding=\"async\" class=\"alignleft size-medium wp-image-61898\" src=\"https:\/\/eldigitaldeasturias.com\/magazine365\/wp-content\/uploads\/2016\/01\/fotonoticia_20160122200140_800-360x146.jpg\" alt=\"fotonoticia_20160122200140_800\" width=\"360\" height=\"146\" srcset=\"https:\/\/eldigitaldeasturias.com\/magazine365\/wp-content\/uploads\/2016\/01\/fotonoticia_20160122200140_800-360x146.jpg 360w, https:\/\/eldigitaldeasturias.com\/magazine365\/wp-content\/uploads\/2016\/01\/fotonoticia_20160122200140_800-650x264.jpg 650w, https:\/\/eldigitaldeasturias.com\/magazine365\/wp-content\/uploads\/2016\/01\/fotonoticia_20160122200140_800-768x312.jpg 768w, https:\/\/eldigitaldeasturias.com\/magazine365\/wp-content\/uploads\/2016\/01\/fotonoticia_20160122200140_800-150x61.jpg 150w, https:\/\/eldigitaldeasturias.com\/magazine365\/wp-content\/uploads\/2016\/01\/fotonoticia_20160122200140_800-450x183.jpg 450w, https:\/\/eldigitaldeasturias.com\/magazine365\/wp-content\/uploads\/2016\/01\/fotonoticia_20160122200140_800-696x283.jpg 696w, https:\/\/eldigitaldeasturias.com\/magazine365\/wp-content\/uploads\/2016\/01\/fotonoticia_20160122200140_800.jpg 800w\" sizes=\"(max-width: 360px) 100vw, 360px\" \/>M\u00e1s de 800 personas se congregaron anoche en la &#8216;Noche Q&#8217;, organizada por el Instituto de Calidad Tur\u00edstica (ICTE) en la Galer\u00eda de Cristal del Ayuntamiento de Madrid, un acto que no se celebraba desde el a\u00f1o 2010.<\/p>\n<p>Durante el acto se hizo entrega de los reconocimientos a m\u00e1s de 400 empresas y organizaciones que han renovado u obtenido su certificaci\u00f3n de la marca Q de calidad tur\u00edstica a lo largo de 2015.<\/p>\n<p>Estos premios &#8216;Q&#8217; se otorgan anualmente en reconocimiento al compromiso por la calidad adquirido por las instituciones y empresas galardonadas y hasta 2010 se entregaban en el marco de una gala anual, coincidiendo con Fitur, y organizada por el ICTE denominada &#8216;Noche Q&#8217;. En su \u00faltima edici\u00f3n, congreg\u00f3 a m\u00e1s de 1.400 personas.<\/p>\n<p>Este a\u00f1o han reca\u00eddo en el tractorista Mariano L\u00f3pez Ba\u00f1os, encargado del mantenimiento de las playas de San Javier (Murcia) por dise\u00f1ar una impresi\u00f3n que permite a los ba\u00f1istas encontrar la Q de calidad en los arenales.<\/p>\n<p>Asimismo a Ikea Food por la campa\u00f1a de promoci\u00f3n de la marca Q que ha puesto en marcha tras obtener la certificaci\u00f3n en sus establecimientos en la Pen\u00ednsula; y a las revistas especializadas Agenttravel, Hosteltur y Nexotur por su permanente apoyo en la difusi\u00f3n de la marca Q como emblema de calidad percibida por el sector tur\u00edstico.<\/p>\n","protected":false},"excerpt":{"rendered":"<p>M\u00e1s de 800 personas se congregaron anoche en la &#8216;Noche Q&#8217;, organizada por el Instituto de Calidad Tur\u00edstica (ICTE) en la Galer\u00eda de Cristal del Ayuntamiento de Madrid, un acto que no se celebraba desde el a\u00f1o 2010. Durante el acto se hizo entrega de los reconocimientos a m\u00e1s de 400 empresas y organizaciones que<\/p>\n","protected":false},"author":1,"featured_media":61898,"comment_status":"open","ping_status":"closed","sticky":false,"template":"","format":"standard","meta":{"footnotes":""},"categories":[224],"tags":[],"class_list":{"0":"post-61897","1":"post","2":"type-post","3":"status-publish","4":"format-standard","5":"has-post-thumbnail","7":"category-noticias-actualidad"},"aioseo_notices":[],"aioseo_head":"\n\t\t<!-- All in One SEO Pro 4.9.6.1 - aioseo.com -->\n\t<meta name=\"description\" content=\"M\u00e1s de 800 personas se congregaron anoche en la &#039;Noche Q&#039;, organizada por el Instituto de Calidad Tur\u00edstica (ICTE) en la Galer\u00eda de Cristal del Ayuntamiento de Madrid, un acto que no se celebraba desde el a\u00f1o 2010. Durante el acto se hizo entrega de los reconocimientos a m\u00e1s de 400 empresas y organizaciones que\" \/>\n\t<meta name=\"robots\" content=\"max-image-preview:large\" \/>\n\t<meta name=\"author\" content=\"admin\"\/>\n\t<meta name=\"google-site-verification\" content=\"UA-38556648-1\" \/>\n\t<meta name=\"keywords\" content=\"noticias y actualidad\" \/>\n\t<link rel=\"canonical\" href=\"https:\/\/eldigitaldeasturias.com\/magazine365\/mas-de-800-personas-se-congregan-en-la-noche-q\/\" \/>\n\t<meta name=\"generator\" content=\"All in One SEO Pro (AIOSEO) 4.9.6.1\" \/>\n\t\t<meta property=\"og:locale\" content=\"es_ES\" \/>\n\t\t<meta property=\"og:site_name\" content=\"El Digital de Asturias \u2013 Revista de ocio, turismo y estilo de vida\" \/>\n\t\t<meta property=\"og:type\" content=\"article\" \/>\n\t\t<meta property=\"og:title\" content=\"M\u00e1s de 800 personas se congregan en la \u2018Noche Q\u2019 | El Digital de Asturias\" \/>\n\t\t<meta property=\"og:description\" content=\"M\u00e1s de 800 personas se congregaron anoche en la &#039;Noche Q&#039;, organizada por el Instituto de Calidad Tur\u00edstica (ICTE) en la Galer\u00eda de Cristal del Ayuntamiento de Madrid, un acto que no se celebraba desde el a\u00f1o 2010. Durante el acto se hizo entrega de los reconocimientos a m\u00e1s de 400 empresas y organizaciones que\" \/>\n\t\t<meta property=\"og:url\" content=\"https:\/\/eldigitaldeasturias.com\/magazine365\/mas-de-800-personas-se-congregan-en-la-noche-q\/\" \/>\n\t\t<meta property=\"og:image\" content=\"https:\/\/eldigitaldeasturias.com\/magazine365\/wp-content\/uploads\/2016\/01\/fotonoticia_20160122200140_800.jpg\" \/>\n\t\t<meta property=\"og:image:secure_url\" content=\"https:\/\/eldigitaldeasturias.com\/magazine365\/wp-content\/uploads\/2016\/01\/fotonoticia_20160122200140_800.jpg\" \/>\n\t\t<meta property=\"og:image:width\" content=\"800\" \/>\n\t\t<meta property=\"og:image:height\" content=\"325\" \/>\n\t\t<meta property=\"article:published_time\" content=\"2016-01-23T14:05:47+00:00\" \/>\n\t\t<meta property=\"article:modified_time\" content=\"2016-01-23T14:05:47+00:00\" \/>\n\t\t<meta name=\"twitter:card\" content=\"summary_large_image\" \/>\n\t\t<meta name=\"twitter:title\" content=\"M\u00e1s de 800 personas se congregan en la \u2018Noche Q\u2019 | El Digital de Asturias\" \/>\n\t\t<meta name=\"twitter:description\" content=\"M\u00e1s de 800 personas se congregaron anoche en la &#039;Noche Q&#039;, organizada por el Instituto de Calidad Tur\u00edstica (ICTE) en la Galer\u00eda de Cristal del Ayuntamiento de Madrid, un acto que no se celebraba desde el a\u00f1o 2010. Durante el acto se hizo entrega de los reconocimientos a m\u00e1s de 400 empresas y organizaciones que\" \/>\n\t\t<meta name=\"twitter:image\" content=\"https:\/\/eldigitaldeasturias.com\/magazine365\/wp-content\/uploads\/2016\/01\/fotonoticia_20160122200140_800.jpg\" \/>\n\t\t<script type=\"application\/ld+json\" class=\"aioseo-schema\">\n\t\t\t{\"@context\":\"https:\\\/\\\/schema.org\",\"@graph\":[{\"@type\":\"Article\",\"@id\":\"https:\\\/\\\/eldigitaldeasturias.com\\\/magazine365\\\/mas-de-800-personas-se-congregan-en-la-noche-q\\\/#article\",\"name\":\"M\\u00e1s de 800 personas se congregan en la \\u2018Noche Q\\u2019 | El Digital de Asturias\",\"headline\":\"M\\u00e1s de 800 personas se congregan en la &#8216;Noche Q&#8217;\",\"author\":{\"@id\":\"https:\\\/\\\/eldigitaldeasturias.com\\\/magazine365\\\/author\\\/admin\\\/#author\"},\"publisher\":{\"@id\":\"https:\\\/\\\/eldigitaldeasturias.com\\\/magazine365\\\/#organization\"},\"image\":{\"@type\":\"ImageObject\",\"url\":\"https:\\\/\\\/eldigitaldeasturias.com\\\/magazine365\\\/wp-content\\\/uploads\\\/2016\\\/01\\\/fotonoticia_20160122200140_800.jpg\",\"width\":800,\"height\":325},\"datePublished\":\"2016-01-23T15:05:47+01:00\",\"dateModified\":\"2016-01-23T15:05:47+01:00\",\"inLanguage\":\"es-ES\",\"mainEntityOfPage\":{\"@id\":\"https:\\\/\\\/eldigitaldeasturias.com\\\/magazine365\\\/mas-de-800-personas-se-congregan-en-la-noche-q\\\/#webpage\"},\"isPartOf\":{\"@id\":\"https:\\\/\\\/eldigitaldeasturias.com\\\/magazine365\\\/mas-de-800-personas-se-congregan-en-la-noche-q\\\/#webpage\"},\"articleSection\":\"Noticias y Actualidad\"},{\"@type\":\"BreadcrumbList\",\"@id\":\"https:\\\/\\\/eldigitaldeasturias.com\\\/magazine365\\\/mas-de-800-personas-se-congregan-en-la-noche-q\\\/#breadcrumblist\",\"itemListElement\":[{\"@type\":\"ListItem\",\"@id\":\"https:\\\/\\\/eldigitaldeasturias.com\\\/magazine365#listItem\",\"position\":1,\"name\":\"Home\",\"item\":\"https:\\\/\\\/eldigitaldeasturias.com\\\/magazine365\",\"nextItem\":{\"@type\":\"ListItem\",\"@id\":\"https:\\\/\\\/eldigitaldeasturias.com\\\/magazine365\\\/category\\\/noticias-actualidad\\\/#listItem\",\"name\":\"Noticias y Actualidad\"}},{\"@type\":\"ListItem\",\"@id\":\"https:\\\/\\\/eldigitaldeasturias.com\\\/magazine365\\\/category\\\/noticias-actualidad\\\/#listItem\",\"position\":2,\"name\":\"Noticias y Actualidad\",\"item\":\"https:\\\/\\\/eldigitaldeasturias.com\\\/magazine365\\\/category\\\/noticias-actualidad\\\/\",\"nextItem\":{\"@type\":\"ListItem\",\"@id\":\"https:\\\/\\\/eldigitaldeasturias.com\\\/magazine365\\\/mas-de-800-personas-se-congregan-en-la-noche-q\\\/#listItem\",\"name\":\"M\\u00e1s de 800 personas se congregan en la &#8216;Noche Q&#8217;\"},\"previousItem\":{\"@type\":\"ListItem\",\"@id\":\"https:\\\/\\\/eldigitaldeasturias.com\\\/magazine365#listItem\",\"name\":\"Home\"}},{\"@type\":\"ListItem\",\"@id\":\"https:\\\/\\\/eldigitaldeasturias.com\\\/magazine365\\\/mas-de-800-personas-se-congregan-en-la-noche-q\\\/#listItem\",\"position\":3,\"name\":\"M\\u00e1s de 800 personas se congregan en la &#8216;Noche Q&#8217;\",\"previousItem\":{\"@type\":\"ListItem\",\"@id\":\"https:\\\/\\\/eldigitaldeasturias.com\\\/magazine365\\\/category\\\/noticias-actualidad\\\/#listItem\",\"name\":\"Noticias y Actualidad\"}}]},{\"@type\":\"Organization\",\"@id\":\"https:\\\/\\\/eldigitaldeasturias.com\\\/magazine365\\\/#organization\",\"name\":\"El digital de Asturias\",\"description\":\"Revista de ocio, turismo y estilo de vida\",\"url\":\"https:\\\/\\\/eldigitaldeasturias.com\\\/magazine365\\\/\",\"logo\":{\"@type\":\"ImageObject\",\"url\":\"https:\\\/\\\/www.eldigitaldeasturias.com\\\/noticias\\\/wp-content\\\/uploads\\\/2020\\\/12\\\/EDA.jpg\",\"@id\":\"https:\\\/\\\/eldigitaldeasturias.com\\\/magazine365\\\/mas-de-800-personas-se-congregan-en-la-noche-q\\\/#organizationLogo\"},\"image\":{\"@id\":\"https:\\\/\\\/eldigitaldeasturias.com\\\/magazine365\\\/mas-de-800-personas-se-congregan-en-la-noche-q\\\/#organizationLogo\"}},{\"@type\":\"Person\",\"@id\":\"https:\\\/\\\/eldigitaldeasturias.com\\\/magazine365\\\/author\\\/admin\\\/#author\",\"url\":\"https:\\\/\\\/eldigitaldeasturias.com\\\/magazine365\\\/author\\\/admin\\\/\",\"name\":\"admin\",\"image\":{\"@type\":\"ImageObject\",\"@id\":\"https:\\\/\\\/eldigitaldeasturias.com\\\/magazine365\\\/mas-de-800-personas-se-congregan-en-la-noche-q\\\/#authorImage\",\"url\":\"https:\\\/\\\/eldigitaldeasturias.com\\\/magazine365\\\/wp-content\\\/litespeed\\\/avatar\\\/e571bcf59a0edd6fa6838245a470f2fe.jpg?ver=1776969259\",\"width\":96,\"height\":96,\"caption\":\"admin\"}},{\"@type\":\"WebPage\",\"@id\":\"https:\\\/\\\/eldigitaldeasturias.com\\\/magazine365\\\/mas-de-800-personas-se-congregan-en-la-noche-q\\\/#webpage\",\"url\":\"https:\\\/\\\/eldigitaldeasturias.com\\\/magazine365\\\/mas-de-800-personas-se-congregan-en-la-noche-q\\\/\",\"name\":\"M\\u00e1s de 800 personas se congregan en la \\u2018Noche Q\\u2019 | El Digital de Asturias\",\"description\":\"M\\u00e1s de 800 personas se congregaron anoche en la 'Noche Q', organizada por el Instituto de Calidad Tur\\u00edstica (ICTE) en la Galer\\u00eda de Cristal del Ayuntamiento de Madrid, un acto que no se celebraba desde el a\\u00f1o 2010. Durante el acto se hizo entrega de los reconocimientos a m\\u00e1s de 400 empresas y organizaciones que\",\"inLanguage\":\"es-ES\",\"isPartOf\":{\"@id\":\"https:\\\/\\\/eldigitaldeasturias.com\\\/magazine365\\\/#website\"},\"breadcrumb\":{\"@id\":\"https:\\\/\\\/eldigitaldeasturias.com\\\/magazine365\\\/mas-de-800-personas-se-congregan-en-la-noche-q\\\/#breadcrumblist\"},\"author\":{\"@id\":\"https:\\\/\\\/eldigitaldeasturias.com\\\/magazine365\\\/author\\\/admin\\\/#author\"},\"creator\":{\"@id\":\"https:\\\/\\\/eldigitaldeasturias.com\\\/magazine365\\\/author\\\/admin\\\/#author\"},\"image\":{\"@type\":\"ImageObject\",\"url\":\"https:\\\/\\\/eldigitaldeasturias.com\\\/magazine365\\\/wp-content\\\/uploads\\\/2016\\\/01\\\/fotonoticia_20160122200140_800.jpg\",\"@id\":\"https:\\\/\\\/eldigitaldeasturias.com\\\/magazine365\\\/mas-de-800-personas-se-congregan-en-la-noche-q\\\/#mainImage\",\"width\":800,\"height\":325},\"primaryImageOfPage\":{\"@id\":\"https:\\\/\\\/eldigitaldeasturias.com\\\/magazine365\\\/mas-de-800-personas-se-congregan-en-la-noche-q\\\/#mainImage\"},\"datePublished\":\"2016-01-23T15:05:47+01:00\",\"dateModified\":\"2016-01-23T15:05:47+01:00\"},{\"@type\":\"WebSite\",\"@id\":\"https:\\\/\\\/eldigitaldeasturias.com\\\/magazine365\\\/#website\",\"url\":\"https:\\\/\\\/eldigitaldeasturias.com\\\/magazine365\\\/\",\"name\":\"El Digital de Asturias\",\"description\":\"Revista de ocio, turismo y estilo de vida\",\"inLanguage\":\"es-ES\",\"publisher\":{\"@id\":\"https:\\\/\\\/eldigitaldeasturias.com\\\/magazine365\\\/#organization\"}}]}\n\t\t<\/script>\n\t\t<!-- All in One SEO Pro -->\r\n\t\t<title>M\u00e1s de 800 personas se congregan en la \u2018Noche Q\u2019 | El Digital de Asturias<\/title>\n\n","aioseo_head_json":{"title":"M\u00e1s de 800 personas se congregan en la \u2018Noche Q\u2019 | El Digital de Asturias","description":"M\u00e1s de 800 personas se congregaron anoche en la 'Noche Q', organizada por el Instituto de Calidad Tur\u00edstica (ICTE) en la Galer\u00eda de Cristal del Ayuntamiento de Madrid, un acto que no se celebraba desde el a\u00f1o 2010. Durante el acto se hizo entrega de los reconocimientos a m\u00e1s de 400 empresas y organizaciones que","canonical_url":"https:\/\/eldigitaldeasturias.com\/magazine365\/mas-de-800-personas-se-congregan-en-la-noche-q\/","robots":"max-image-preview:large","keywords":"noticias y actualidad","webmasterTools":{"google-site-verification":"UA-38556648-1","miscellaneous":""},"schema":{"@context":"https:\/\/schema.org","@graph":[{"@type":"Article","@id":"https:\/\/eldigitaldeasturias.com\/magazine365\/mas-de-800-personas-se-congregan-en-la-noche-q\/#article","name":"M\u00e1s de 800 personas se congregan en la \u2018Noche Q\u2019 | El Digital de Asturias","headline":"M\u00e1s de 800 personas se congregan en la &#8216;Noche Q&#8217;","author":{"@id":"https:\/\/eldigitaldeasturias.com\/magazine365\/author\/admin\/#author"},"publisher":{"@id":"https:\/\/eldigitaldeasturias.com\/magazine365\/#organization"},"image":{"@type":"ImageObject","url":"https:\/\/eldigitaldeasturias.com\/magazine365\/wp-content\/uploads\/2016\/01\/fotonoticia_20160122200140_800.jpg","width":800,"height":325},"datePublished":"2016-01-23T15:05:47+01:00","dateModified":"2016-01-23T15:05:47+01:00","inLanguage":"es-ES","mainEntityOfPage":{"@id":"https:\/\/eldigitaldeasturias.com\/magazine365\/mas-de-800-personas-se-congregan-en-la-noche-q\/#webpage"},"isPartOf":{"@id":"https:\/\/eldigitaldeasturias.com\/magazine365\/mas-de-800-personas-se-congregan-en-la-noche-q\/#webpage"},"articleSection":"Noticias y Actualidad"},{"@type":"BreadcrumbList","@id":"https:\/\/eldigitaldeasturias.com\/magazine365\/mas-de-800-personas-se-congregan-en-la-noche-q\/#breadcrumblist","itemListElement":[{"@type":"ListItem","@id":"https:\/\/eldigitaldeasturias.com\/magazine365#listItem","position":1,"name":"Home","item":"https:\/\/eldigitaldeasturias.com\/magazine365","nextItem":{"@type":"ListItem","@id":"https:\/\/eldigitaldeasturias.com\/magazine365\/category\/noticias-actualidad\/#listItem","name":"Noticias y Actualidad"}},{"@type":"ListItem","@id":"https:\/\/eldigitaldeasturias.com\/magazine365\/category\/noticias-actualidad\/#listItem","position":2,"name":"Noticias y Actualidad","item":"https:\/\/eldigitaldeasturias.com\/magazine365\/category\/noticias-actualidad\/","nextItem":{"@type":"ListItem","@id":"https:\/\/eldigitaldeasturias.com\/magazine365\/mas-de-800-personas-se-congregan-en-la-noche-q\/#listItem","name":"M\u00e1s de 800 personas se congregan en la &#8216;Noche Q&#8217;"},"previousItem":{"@type":"ListItem","@id":"https:\/\/eldigitaldeasturias.com\/magazine365#listItem","name":"Home"}},{"@type":"ListItem","@id":"https:\/\/eldigitaldeasturias.com\/magazine365\/mas-de-800-personas-se-congregan-en-la-noche-q\/#listItem","position":3,"name":"M\u00e1s de 800 personas se congregan en la &#8216;Noche Q&#8217;","previousItem":{"@type":"ListItem","@id":"https:\/\/eldigitaldeasturias.com\/magazine365\/category\/noticias-actualidad\/#listItem","name":"Noticias y Actualidad"}}]},{"@type":"Organization","@id":"https:\/\/eldigitaldeasturias.com\/magazine365\/#organization","name":"El digital de Asturias","description":"Revista de ocio, turismo y estilo de vida","url":"https:\/\/eldigitaldeasturias.com\/magazine365\/","logo":{"@type":"ImageObject","url":"https:\/\/www.eldigitaldeasturias.com\/noticias\/wp-content\/uploads\/2020\/12\/EDA.jpg","@id":"https:\/\/eldigitaldeasturias.com\/magazine365\/mas-de-800-personas-se-congregan-en-la-noche-q\/#organizationLogo"},"image":{"@id":"https:\/\/eldigitaldeasturias.com\/magazine365\/mas-de-800-personas-se-congregan-en-la-noche-q\/#organizationLogo"}},{"@type":"Person","@id":"https:\/\/eldigitaldeasturias.com\/magazine365\/author\/admin\/#author","url":"https:\/\/eldigitaldeasturias.com\/magazine365\/author\/admin\/","name":"admin","image":{"@type":"ImageObject","@id":"https:\/\/eldigitaldeasturias.com\/magazine365\/mas-de-800-personas-se-congregan-en-la-noche-q\/#authorImage","url":"https:\/\/eldigitaldeasturias.com\/magazine365\/wp-content\/litespeed\/avatar\/e571bcf59a0edd6fa6838245a470f2fe.jpg?ver=1776969259","width":96,"height":96,"caption":"admin"}},{"@type":"WebPage","@id":"https:\/\/eldigitaldeasturias.com\/magazine365\/mas-de-800-personas-se-congregan-en-la-noche-q\/#webpage","url":"https:\/\/eldigitaldeasturias.com\/magazine365\/mas-de-800-personas-se-congregan-en-la-noche-q\/","name":"M\u00e1s de 800 personas se congregan en la \u2018Noche Q\u2019 | El Digital de Asturias","description":"M\u00e1s de 800 personas se congregaron anoche en la 'Noche Q', organizada por el Instituto de Calidad Tur\u00edstica (ICTE) en la Galer\u00eda de Cristal del Ayuntamiento de Madrid, un acto que no se celebraba desde el a\u00f1o 2010. Durante el acto se hizo entrega de los reconocimientos a m\u00e1s de 400 empresas y organizaciones que","inLanguage":"es-ES","isPartOf":{"@id":"https:\/\/eldigitaldeasturias.com\/magazine365\/#website"},"breadcrumb":{"@id":"https:\/\/eldigitaldeasturias.com\/magazine365\/mas-de-800-personas-se-congregan-en-la-noche-q\/#breadcrumblist"},"author":{"@id":"https:\/\/eldigitaldeasturias.com\/magazine365\/author\/admin\/#author"},"creator":{"@id":"https:\/\/eldigitaldeasturias.com\/magazine365\/author\/admin\/#author"},"image":{"@type":"ImageObject","url":"https:\/\/eldigitaldeasturias.com\/magazine365\/wp-content\/uploads\/2016\/01\/fotonoticia_20160122200140_800.jpg","@id":"https:\/\/eldigitaldeasturias.com\/magazine365\/mas-de-800-personas-se-congregan-en-la-noche-q\/#mainImage","width":800,"height":325},"primaryImageOfPage":{"@id":"https:\/\/eldigitaldeasturias.com\/magazine365\/mas-de-800-personas-se-congregan-en-la-noche-q\/#mainImage"},"datePublished":"2016-01-23T15:05:47+01:00","dateModified":"2016-01-23T15:05:47+01:00"},{"@type":"WebSite","@id":"https:\/\/eldigitaldeasturias.com\/magazine365\/#website","url":"https:\/\/eldigitaldeasturias.com\/magazine365\/","name":"El Digital de Asturias","description":"Revista de ocio, turismo y estilo de vida","inLanguage":"es-ES","publisher":{"@id":"https:\/\/eldigitaldeasturias.com\/magazine365\/#organization"}}]},"og:locale":"es_ES","og:site_name":"El Digital de Asturias \u2013 Revista de ocio, turismo y estilo de vida","og:type":"article","og:title":"M\u00e1s de 800 personas se congregan en la \u2018Noche Q\u2019 | El Digital de Asturias","og:description":"M\u00e1s de 800 personas se congregaron anoche en la 'Noche Q', organizada por el Instituto de Calidad Tur\u00edstica (ICTE) en la Galer\u00eda de Cristal del Ayuntamiento de Madrid, un acto que no se celebraba desde el a\u00f1o 2010. Durante el acto se hizo entrega de los reconocimientos a m\u00e1s de 400 empresas y organizaciones que","og:url":"https:\/\/eldigitaldeasturias.com\/magazine365\/mas-de-800-personas-se-congregan-en-la-noche-q\/","og:image":"https:\/\/eldigitaldeasturias.com\/magazine365\/wp-content\/uploads\/2016\/01\/fotonoticia_20160122200140_800.jpg","og:image:secure_url":"https:\/\/eldigitaldeasturias.com\/magazine365\/wp-content\/uploads\/2016\/01\/fotonoticia_20160122200140_800.jpg","og:image:width":800,"og:image:height":325,"article:published_time":"2016-01-23T14:05:47+00:00","article:modified_time":"2016-01-23T14:05:47+00:00","twitter:card":"summary_large_image","twitter:title":"M\u00e1s de 800 personas se congregan en la \u2018Noche Q\u2019 | El Digital de Asturias","twitter:description":"M\u00e1s de 800 personas se congregaron anoche en la 'Noche Q', organizada por el Instituto de Calidad Tur\u00edstica (ICTE) en la Galer\u00eda de Cristal del Ayuntamiento de Madrid, un acto que no se celebraba desde el a\u00f1o 2010. Durante el acto se hizo entrega de los reconocimientos a m\u00e1s de 400 empresas y organizaciones que","twitter:image":"https:\/\/eldigitaldeasturias.com\/magazine365\/wp-content\/uploads\/2016\/01\/fotonoticia_20160122200140_800.jpg"},"aioseo_meta_data":{"post_id":"61897","title":null,"description":null,"keywords":null,"keyphrases":null,"primary_term":null,"canonical_url":null,"og_title":null,"og_description":null,"og_object_type":"default","og_image_type":"default","og_image_url":null,"og_image_width":null,"og_image_height":null,"og_image_custom_url":null,"og_image_custom_fields":null,"og_video":null,"og_custom_url":null,"og_article_section":null,"og_article_tags":null,"twitter_use_og":false,"twitter_card":"default","twitter_image_type":"default","twitter_image_url":null,"twitter_image_custom_url":null,"twitter_image_custom_fields":null,"twitter_title":null,"twitter_description":null,"schema":{"blockGraphs":[],"customGraphs":[],"default":{"data":{"Article":[],"Course":[],"Dataset":[],"FAQPage":[],"Movie":[],"Person":[],"Product":[],"ProductReview":[],"Car":[],"Recipe":[],"Service":[],"SoftwareApplication":[],"WebPage":[]},"graphName":"","isEnabled":true},"graphs":[],"defaultGraph":"","defaultPostTypeGraph":""},"schema_type":null,"schema_type_options":null,"pillar_content":false,"robots_default":true,"robots_noindex":false,"robots_noarchive":false,"robots_nosnippet":false,"robots_nofollow":false,"robots_noimageindex":false,"robots_noodp":false,"robots_notranslate":false,"robots_max_snippet":null,"robots_max_videopreview":null,"robots_max_imagepreview":"large","priority":null,"frequency":null,"location":null,"local_seo":null,"seo_analyzer_scan_date":"2025-09-25 09:56:33","breadcrumb_settings":null,"limit_modified_date":false,"open_ai":null,"ai":null,"created":"2021-03-08 21:43:43","updated":"2025-09-25 09:56:33"},"aioseo_breadcrumb":"<div class=\"aioseo-breadcrumbs\"><span class=\"aioseo-breadcrumb\">\n\t<a href=\"https:\/\/eldigitaldeasturias.com\/magazine365\" title=\"Home\">Home<\/a>\n<\/span><span class=\"aioseo-breadcrumb-separator\">\u2013<\/span><span class=\"aioseo-breadcrumb\">\n\t<a href=\"https:\/\/eldigitaldeasturias.com\/magazine365\/category\/noticias-actualidad\/\" title=\"Noticias y Actualidad\">Noticias y Actualidad<\/a>\n<\/span><span class=\"aioseo-breadcrumb-separator\">\u2013<\/span><span class=\"aioseo-breadcrumb\">\n\t<a href=\"https:\/\/eldigitaldeasturias.com\/magazine365\/mas-de-800-personas-se-congregan-en-la-noche-q\/\" title=\"M\u00e1s de 800 personas se congregan en la \u2018Noche Q\u2019\">M\u00e1s de 800 personas se congregan en la \u2018Noche Q\u2019<\/a>\n<\/span><\/div>","aioseo_breadcrumb_json":[{"label":"Home","link":"https:\/\/eldigitaldeasturias.com\/magazine365"},{"label":"Noticias y Actualidad","link":"https:\/\/eldigitaldeasturias.com\/magazine365\/category\/noticias-actualidad\/"},{"label":"M\u00e1s de 800 personas se congregan en la &#8216;Noche Q&#8217;","link":"https:\/\/eldigitaldeasturias.com\/magazine365\/mas-de-800-personas-se-congregan-en-la-noche-q\/"}],"_links":{"self":[{"href":"https:\/\/eldigitaldeasturias.com\/magazine365\/wp-json\/wp\/v2\/posts\/61897","targetHints":{"allow":["GET"]}}],"collection":[{"href":"https:\/\/eldigitaldeasturias.com\/magazine365\/wp-json\/wp\/v2\/posts"}],"about":[{"href":"https:\/\/eldigitaldeasturias.com\/magazine365\/wp-json\/wp\/v2\/types\/post"}],"author":[{"embeddable":true,"href":"https:\/\/eldigitaldeasturias.com\/magazine365\/wp-json\/wp\/v2\/users\/1"}],"replies":[{"embeddable":true,"href":"https:\/\/eldigitaldeasturias.com\/magazine365\/wp-json\/wp\/v2\/comments?post=61897"}],"version-history":[{"count":0,"href":"https:\/\/eldigitaldeasturias.com\/magazine365\/wp-json\/wp\/v2\/posts\/61897\/revisions"}],"wp:featuredmedia":[{"embeddable":true,"href":"https:\/\/eldigitaldeasturias.com\/magazine365\/wp-json\/wp\/v2\/media\/61898"}],"wp:attachment":[{"href":"https:\/\/eldigitaldeasturias.com\/magazine365\/wp-json\/wp\/v2\/media?parent=61897"}],"wp:term":[{"taxonomy":"category","embeddable":true,"href":"https:\/\/eldigitaldeasturias.com\/magazine365\/wp-json\/wp\/v2\/categories?post=61897"},{"taxonomy":"post_tag","embeddable":true,"href":"https:\/\/eldigitaldeasturias.com\/magazine365\/wp-json\/wp\/v2\/tags?post=61897"}],"curies":[{"name":"wp","href":"https:\/\/api.w.org\/{rel}","templated":true}]}}