{"id":61889,"date":"2016-01-23T15:01:44","date_gmt":"2016-01-23T14:01:44","guid":{"rendered":"http:\/\/eldigitaldeasturias.com\/magazine365\/?p=61889"},"modified":"2016-01-23T15:01:44","modified_gmt":"2016-01-23T14:01:44","slug":"tolon-muestra-el-cartel-de-la-semana-santa-de-toledo-y-alaba-el-trabajo-de-la-junta-de-hermandades-y-cofradias","status":"publish","type":"post","link":"https:\/\/eldigitaldeasturias.com\/magazine365\/tolon-muestra-el-cartel-de-la-semana-santa-de-toledo-y-alaba-el-trabajo-de-la-junta-de-hermandades-y-cofradias\/","title":{"rendered":"Tol\u00f3n muestra el cartel de la Semana Santa de Toledo y alaba el trabajo de la Junta de Hermandades y Cofrad\u00edas"},"content":{"rendered":"<p><img fetchpriority=\"high\" decoding=\"async\" class=\"alignleft size-medium wp-image-61890\" src=\"https:\/\/eldigitaldeasturias.com\/magazine365\/wp-content\/uploads\/2016\/01\/fotonoticia_20160122185414_800-360x240.jpg\" alt=\"fotonoticia_20160122185414_800\" width=\"360\" height=\"240\" srcset=\"https:\/\/eldigitaldeasturias.com\/magazine365\/wp-content\/uploads\/2016\/01\/fotonoticia_20160122185414_800-360x240.jpg 360w, https:\/\/eldigitaldeasturias.com\/magazine365\/wp-content\/uploads\/2016\/01\/fotonoticia_20160122185414_800-650x433.jpg 650w, https:\/\/eldigitaldeasturias.com\/magazine365\/wp-content\/uploads\/2016\/01\/fotonoticia_20160122185414_800-768x512.jpg 768w, https:\/\/eldigitaldeasturias.com\/magazine365\/wp-content\/uploads\/2016\/01\/fotonoticia_20160122185414_800-150x100.jpg 150w, https:\/\/eldigitaldeasturias.com\/magazine365\/wp-content\/uploads\/2016\/01\/fotonoticia_20160122185414_800-450x300.jpg 450w, https:\/\/eldigitaldeasturias.com\/magazine365\/wp-content\/uploads\/2016\/01\/fotonoticia_20160122185414_800-696x464.jpg 696w, https:\/\/eldigitaldeasturias.com\/magazine365\/wp-content\/uploads\/2016\/01\/fotonoticia_20160122185414_800-630x420.jpg 630w, https:\/\/eldigitaldeasturias.com\/magazine365\/wp-content\/uploads\/2016\/01\/fotonoticia_20160122185414_800-101x66.jpg 101w, https:\/\/eldigitaldeasturias.com\/magazine365\/wp-content\/uploads\/2016\/01\/fotonoticia_20160122185414_800.jpg 800w\" sizes=\"(max-width: 360px) 100vw, 360px\" \/>El stand de Capital Espa\u00f1ola de la Gastronom\u00eda Toledo 2016 en Fitur ha acogido la presentaci\u00f3n del cartel de la Semana Santa toledana en un acto en el que la alcaldesa, Milagros Tol\u00f3n, ha destacado el trabajo realizado por la Junta de Hermandades y Cofrad\u00edas. Adem\u00e1s, en la jornada de este viernes Toledo ha presentado su proyecto para este a\u00f1o a los responsables de las oficinas que Turespa\u00f1a tiene en todo el mundo.<\/p>\n<p>La alcaldesa ha destacado el trabajo que realiza la Junta de Hermandades y Cofrad\u00edas de Semana Santa y ha agradecido a su presidenta, Ana P\u00e9rez, \u00absu empe\u00f1o en seguir trabajando\u00bb para que esta fiesta, declarada de Inter\u00e9s Tur\u00edstico Internacional \u00absea cada vez m\u00e1s grande y siga creciendo\u00bb.<\/p>\n<p>Tol\u00f3n ha invitado a toledanos y visitantes a participar de las actividades culturales y religiosas que tendr\u00e1n lugar en Toledo y que disfruten de los actos organizados con motivo de la Capitalidad Gastron\u00f3mica, que en esas fechas estar\u00e1n dedicados a la cocina de Semana Santa y Cuaresma y los dulces conventuales, ha informado el Ayuntamiento en nota de prensa.<\/p>\n<p>Tambi\u00e9n ha recordado que este s\u00e1bado, d\u00eda de San Ildefonso, patr\u00f3n de Toledo, tendr\u00e1 lugar una degustaci\u00f3n de brocheta toledana en la plaza del Ayuntamiento, a la que ha animado a participar a todos los ciudadanos.<\/p>\n<p>Por su parte, la presidenta de la Junta de Cofrad\u00edas ha se\u00f1alado que el cartel de Semana Santa, como en a\u00f1os anteriores, es el resultado del concurso organizado conjuntamente con el Ayuntamiento. El ganador ha sido una imagen de Manuel Jos\u00e9 Fern\u00e1ndez Luna, con el Cristo Nazareno Cautivo, de la parroquia San Jos\u00e9 Obrero.<\/p>\n<p>PROMOCI\u00d3N INTERNACIONAL<\/p>\n<p>Por otro lado, la concejal de Turismo, Rosa Ana Rodr\u00edguez, ha mantenido una reuni\u00f3n con los responsables de las 33 oficinas de turismo de Espa\u00f1a en el exterior, encuentro propiciado por la colaboraci\u00f3n que vienen manteniendo el Ayuntamiento con Turespa\u00f1a.<\/p>\n<p>El objetivo de esta iniciativa ha sido dar a conocer el proyecto de Toledo como Capital Espa\u00f1ola de la Gastronom\u00eda y situar esta oferta tur\u00edstica en las oficinas que Turespa\u00f1a tiene repartidas por todo el mundo, introduciendo as\u00ed la propuesta en nichos de mercado muy importantes para la ciudad.<\/p>\n","protected":false},"excerpt":{"rendered":"<p>El stand de Capital Espa\u00f1ola de la Gastronom\u00eda Toledo 2016 en Fitur ha acogido la presentaci\u00f3n del cartel de la Semana Santa toledana en un acto en el que la alcaldesa, Milagros Tol\u00f3n, ha destacado el trabajo realizado por la Junta de Hermandades y Cofrad\u00edas. Adem\u00e1s, en la jornada de este viernes Toledo ha presentado<\/p>\n","protected":false},"author":1,"featured_media":61890,"comment_status":"open","ping_status":"closed","sticky":false,"template":"","format":"standard","meta":{"footnotes":""},"categories":[224],"tags":[],"class_list":{"0":"post-61889","1":"post","2":"type-post","3":"status-publish","4":"format-standard","5":"has-post-thumbnail","7":"category-noticias-actualidad"},"aioseo_notices":[],"aioseo_head":"\n\t\t<!-- All in One SEO Pro 4.9.6.1 - aioseo.com -->\n\t<meta name=\"description\" content=\"El stand de Capital Espa\u00f1ola de la Gastronom\u00eda Toledo 2016 en Fitur ha acogido la presentaci\u00f3n del cartel de la Semana Santa toledana en un acto en el que la alcaldesa, Milagros Tol\u00f3n, ha destacado el trabajo realizado por la Junta de Hermandades y Cofrad\u00edas. Adem\u00e1s, en la jornada de este viernes Toledo ha presentado\" \/>\n\t<meta name=\"robots\" content=\"max-image-preview:large\" \/>\n\t<meta name=\"author\" content=\"admin\"\/>\n\t<meta name=\"google-site-verification\" content=\"UA-38556648-1\" \/>\n\t<meta name=\"keywords\" content=\"noticias y actualidad\" \/>\n\t<link rel=\"canonical\" href=\"https:\/\/eldigitaldeasturias.com\/magazine365\/tolon-muestra-el-cartel-de-la-semana-santa-de-toledo-y-alaba-el-trabajo-de-la-junta-de-hermandades-y-cofradias\/\" \/>\n\t<meta name=\"generator\" content=\"All in One SEO Pro (AIOSEO) 4.9.6.1\" \/>\n\t\t<meta property=\"og:locale\" content=\"es_ES\" \/>\n\t\t<meta property=\"og:site_name\" content=\"El Digital de Asturias \u2013 Revista de ocio, turismo y estilo de vida\" \/>\n\t\t<meta property=\"og:type\" content=\"article\" \/>\n\t\t<meta property=\"og:title\" content=\"Tol\u00f3n muestra el cartel de la Semana Santa de Toledo y alaba el trabajo de la Junta de Hermandades y Cofrad\u00edas | El Digital de Asturias\" \/>\n\t\t<meta property=\"og:description\" content=\"El stand de Capital Espa\u00f1ola de la Gastronom\u00eda Toledo 2016 en Fitur ha acogido la presentaci\u00f3n del cartel de la Semana Santa toledana en un acto en el que la alcaldesa, Milagros Tol\u00f3n, ha destacado el trabajo realizado por la Junta de Hermandades y Cofrad\u00edas. Adem\u00e1s, en la jornada de este viernes Toledo ha presentado\" \/>\n\t\t<meta property=\"og:url\" content=\"https:\/\/eldigitaldeasturias.com\/magazine365\/tolon-muestra-el-cartel-de-la-semana-santa-de-toledo-y-alaba-el-trabajo-de-la-junta-de-hermandades-y-cofradias\/\" \/>\n\t\t<meta property=\"og:image\" content=\"https:\/\/eldigitaldeasturias.com\/magazine365\/wp-content\/uploads\/2016\/01\/fotonoticia_20160122185414_800.jpg\" \/>\n\t\t<meta property=\"og:image:secure_url\" content=\"https:\/\/eldigitaldeasturias.com\/magazine365\/wp-content\/uploads\/2016\/01\/fotonoticia_20160122185414_800.jpg\" \/>\n\t\t<meta property=\"og:image:width\" content=\"800\" \/>\n\t\t<meta property=\"og:image:height\" content=\"533\" \/>\n\t\t<meta property=\"article:published_time\" content=\"2016-01-23T14:01:44+00:00\" \/>\n\t\t<meta property=\"article:modified_time\" content=\"2016-01-23T14:01:44+00:00\" \/>\n\t\t<meta name=\"twitter:card\" content=\"summary_large_image\" \/>\n\t\t<meta name=\"twitter:title\" content=\"Tol\u00f3n muestra el cartel de la Semana Santa de Toledo y alaba el trabajo de la Junta de Hermandades y Cofrad\u00edas | El Digital de Asturias\" \/>\n\t\t<meta name=\"twitter:description\" content=\"El stand de Capital Espa\u00f1ola de la Gastronom\u00eda Toledo 2016 en Fitur ha acogido la presentaci\u00f3n del cartel de la Semana Santa toledana en un acto en el que la alcaldesa, Milagros Tol\u00f3n, ha destacado el trabajo realizado por la Junta de Hermandades y Cofrad\u00edas. Adem\u00e1s, en la jornada de este viernes Toledo ha presentado\" \/>\n\t\t<meta name=\"twitter:image\" content=\"https:\/\/eldigitaldeasturias.com\/magazine365\/wp-content\/uploads\/2016\/01\/fotonoticia_20160122185414_800.jpg\" \/>\n\t\t<script type=\"application\/ld+json\" class=\"aioseo-schema\">\n\t\t\t{\"@context\":\"https:\\\/\\\/schema.org\",\"@graph\":[{\"@type\":\"Article\",\"@id\":\"https:\\\/\\\/eldigitaldeasturias.com\\\/magazine365\\\/tolon-muestra-el-cartel-de-la-semana-santa-de-toledo-y-alaba-el-trabajo-de-la-junta-de-hermandades-y-cofradias\\\/#article\",\"name\":\"Tol\\u00f3n muestra el cartel de la Semana Santa de Toledo y alaba el trabajo de la Junta de Hermandades y Cofrad\\u00edas | El Digital de Asturias\",\"headline\":\"Tol\\u00f3n muestra el cartel de la Semana Santa de Toledo y alaba el trabajo de la Junta de Hermandades y Cofrad\\u00edas\",\"author\":{\"@id\":\"https:\\\/\\\/eldigitaldeasturias.com\\\/magazine365\\\/author\\\/admin\\\/#author\"},\"publisher\":{\"@id\":\"https:\\\/\\\/eldigitaldeasturias.com\\\/magazine365\\\/#organization\"},\"image\":{\"@type\":\"ImageObject\",\"url\":\"https:\\\/\\\/eldigitaldeasturias.com\\\/magazine365\\\/wp-content\\\/uploads\\\/2016\\\/01\\\/fotonoticia_20160122185414_800.jpg\",\"width\":800,\"height\":533},\"datePublished\":\"2016-01-23T15:01:44+01:00\",\"dateModified\":\"2016-01-23T15:01:44+01:00\",\"inLanguage\":\"es-ES\",\"mainEntityOfPage\":{\"@id\":\"https:\\\/\\\/eldigitaldeasturias.com\\\/magazine365\\\/tolon-muestra-el-cartel-de-la-semana-santa-de-toledo-y-alaba-el-trabajo-de-la-junta-de-hermandades-y-cofradias\\\/#webpage\"},\"isPartOf\":{\"@id\":\"https:\\\/\\\/eldigitaldeasturias.com\\\/magazine365\\\/tolon-muestra-el-cartel-de-la-semana-santa-de-toledo-y-alaba-el-trabajo-de-la-junta-de-hermandades-y-cofradias\\\/#webpage\"},\"articleSection\":\"Noticias y Actualidad\"},{\"@type\":\"BreadcrumbList\",\"@id\":\"https:\\\/\\\/eldigitaldeasturias.com\\\/magazine365\\\/tolon-muestra-el-cartel-de-la-semana-santa-de-toledo-y-alaba-el-trabajo-de-la-junta-de-hermandades-y-cofradias\\\/#breadcrumblist\",\"itemListElement\":[{\"@type\":\"ListItem\",\"@id\":\"https:\\\/\\\/eldigitaldeasturias.com\\\/magazine365#listItem\",\"position\":1,\"name\":\"Home\",\"item\":\"https:\\\/\\\/eldigitaldeasturias.com\\\/magazine365\",\"nextItem\":{\"@type\":\"ListItem\",\"@id\":\"https:\\\/\\\/eldigitaldeasturias.com\\\/magazine365\\\/category\\\/noticias-actualidad\\\/#listItem\",\"name\":\"Noticias y Actualidad\"}},{\"@type\":\"ListItem\",\"@id\":\"https:\\\/\\\/eldigitaldeasturias.com\\\/magazine365\\\/category\\\/noticias-actualidad\\\/#listItem\",\"position\":2,\"name\":\"Noticias y Actualidad\",\"item\":\"https:\\\/\\\/eldigitaldeasturias.com\\\/magazine365\\\/category\\\/noticias-actualidad\\\/\",\"nextItem\":{\"@type\":\"ListItem\",\"@id\":\"https:\\\/\\\/eldigitaldeasturias.com\\\/magazine365\\\/tolon-muestra-el-cartel-de-la-semana-santa-de-toledo-y-alaba-el-trabajo-de-la-junta-de-hermandades-y-cofradias\\\/#listItem\",\"name\":\"Tol\\u00f3n muestra el cartel de la Semana Santa de Toledo y alaba el trabajo de la Junta de Hermandades y Cofrad\\u00edas\"},\"previousItem\":{\"@type\":\"ListItem\",\"@id\":\"https:\\\/\\\/eldigitaldeasturias.com\\\/magazine365#listItem\",\"name\":\"Home\"}},{\"@type\":\"ListItem\",\"@id\":\"https:\\\/\\\/eldigitaldeasturias.com\\\/magazine365\\\/tolon-muestra-el-cartel-de-la-semana-santa-de-toledo-y-alaba-el-trabajo-de-la-junta-de-hermandades-y-cofradias\\\/#listItem\",\"position\":3,\"name\":\"Tol\\u00f3n muestra el cartel de la Semana Santa de Toledo y alaba el trabajo de la Junta de Hermandades y Cofrad\\u00edas\",\"previousItem\":{\"@type\":\"ListItem\",\"@id\":\"https:\\\/\\\/eldigitaldeasturias.com\\\/magazine365\\\/category\\\/noticias-actualidad\\\/#listItem\",\"name\":\"Noticias y Actualidad\"}}]},{\"@type\":\"Organization\",\"@id\":\"https:\\\/\\\/eldigitaldeasturias.com\\\/magazine365\\\/#organization\",\"name\":\"El digital de Asturias\",\"description\":\"Revista de ocio, turismo y estilo de vida\",\"url\":\"https:\\\/\\\/eldigitaldeasturias.com\\\/magazine365\\\/\",\"logo\":{\"@type\":\"ImageObject\",\"url\":\"https:\\\/\\\/www.eldigitaldeasturias.com\\\/noticias\\\/wp-content\\\/uploads\\\/2020\\\/12\\\/EDA.jpg\",\"@id\":\"https:\\\/\\\/eldigitaldeasturias.com\\\/magazine365\\\/tolon-muestra-el-cartel-de-la-semana-santa-de-toledo-y-alaba-el-trabajo-de-la-junta-de-hermandades-y-cofradias\\\/#organizationLogo\"},\"image\":{\"@id\":\"https:\\\/\\\/eldigitaldeasturias.com\\\/magazine365\\\/tolon-muestra-el-cartel-de-la-semana-santa-de-toledo-y-alaba-el-trabajo-de-la-junta-de-hermandades-y-cofradias\\\/#organizationLogo\"}},{\"@type\":\"Person\",\"@id\":\"https:\\\/\\\/eldigitaldeasturias.com\\\/magazine365\\\/author\\\/admin\\\/#author\",\"url\":\"https:\\\/\\\/eldigitaldeasturias.com\\\/magazine365\\\/author\\\/admin\\\/\",\"name\":\"admin\",\"image\":{\"@type\":\"ImageObject\",\"@id\":\"https:\\\/\\\/eldigitaldeasturias.com\\\/magazine365\\\/tolon-muestra-el-cartel-de-la-semana-santa-de-toledo-y-alaba-el-trabajo-de-la-junta-de-hermandades-y-cofradias\\\/#authorImage\",\"url\":\"https:\\\/\\\/eldigitaldeasturias.com\\\/magazine365\\\/wp-content\\\/litespeed\\\/avatar\\\/e571bcf59a0edd6fa6838245a470f2fe.jpg?ver=1776969259\",\"width\":96,\"height\":96,\"caption\":\"admin\"}},{\"@type\":\"WebPage\",\"@id\":\"https:\\\/\\\/eldigitaldeasturias.com\\\/magazine365\\\/tolon-muestra-el-cartel-de-la-semana-santa-de-toledo-y-alaba-el-trabajo-de-la-junta-de-hermandades-y-cofradias\\\/#webpage\",\"url\":\"https:\\\/\\\/eldigitaldeasturias.com\\\/magazine365\\\/tolon-muestra-el-cartel-de-la-semana-santa-de-toledo-y-alaba-el-trabajo-de-la-junta-de-hermandades-y-cofradias\\\/\",\"name\":\"Tol\\u00f3n muestra el cartel de la Semana Santa de Toledo y alaba el trabajo de la Junta de Hermandades y Cofrad\\u00edas | El Digital de Asturias\",\"description\":\"El stand de Capital Espa\\u00f1ola de la Gastronom\\u00eda Toledo 2016 en Fitur ha acogido la presentaci\\u00f3n del cartel de la Semana Santa toledana en un acto en el que la alcaldesa, Milagros Tol\\u00f3n, ha destacado el trabajo realizado por la Junta de Hermandades y Cofrad\\u00edas. Adem\\u00e1s, en la jornada de este viernes Toledo ha presentado\",\"inLanguage\":\"es-ES\",\"isPartOf\":{\"@id\":\"https:\\\/\\\/eldigitaldeasturias.com\\\/magazine365\\\/#website\"},\"breadcrumb\":{\"@id\":\"https:\\\/\\\/eldigitaldeasturias.com\\\/magazine365\\\/tolon-muestra-el-cartel-de-la-semana-santa-de-toledo-y-alaba-el-trabajo-de-la-junta-de-hermandades-y-cofradias\\\/#breadcrumblist\"},\"author\":{\"@id\":\"https:\\\/\\\/eldigitaldeasturias.com\\\/magazine365\\\/author\\\/admin\\\/#author\"},\"creator\":{\"@id\":\"https:\\\/\\\/eldigitaldeasturias.com\\\/magazine365\\\/author\\\/admin\\\/#author\"},\"image\":{\"@type\":\"ImageObject\",\"url\":\"https:\\\/\\\/eldigitaldeasturias.com\\\/magazine365\\\/wp-content\\\/uploads\\\/2016\\\/01\\\/fotonoticia_20160122185414_800.jpg\",\"@id\":\"https:\\\/\\\/eldigitaldeasturias.com\\\/magazine365\\\/tolon-muestra-el-cartel-de-la-semana-santa-de-toledo-y-alaba-el-trabajo-de-la-junta-de-hermandades-y-cofradias\\\/#mainImage\",\"width\":800,\"height\":533},\"primaryImageOfPage\":{\"@id\":\"https:\\\/\\\/eldigitaldeasturias.com\\\/magazine365\\\/tolon-muestra-el-cartel-de-la-semana-santa-de-toledo-y-alaba-el-trabajo-de-la-junta-de-hermandades-y-cofradias\\\/#mainImage\"},\"datePublished\":\"2016-01-23T15:01:44+01:00\",\"dateModified\":\"2016-01-23T15:01:44+01:00\"},{\"@type\":\"WebSite\",\"@id\":\"https:\\\/\\\/eldigitaldeasturias.com\\\/magazine365\\\/#website\",\"url\":\"https:\\\/\\\/eldigitaldeasturias.com\\\/magazine365\\\/\",\"name\":\"El Digital de Asturias\",\"description\":\"Revista de ocio, turismo y estilo de vida\",\"inLanguage\":\"es-ES\",\"publisher\":{\"@id\":\"https:\\\/\\\/eldigitaldeasturias.com\\\/magazine365\\\/#organization\"}}]}\n\t\t<\/script>\n\t\t<!-- All in One SEO Pro -->\r\n\t\t<title>Tol\u00f3n muestra el cartel de la Semana Santa de Toledo y alaba el trabajo de la Junta de Hermandades y Cofrad\u00edas | El Digital de Asturias<\/title>\n\n","aioseo_head_json":{"title":"Tol\u00f3n muestra el cartel de la Semana Santa de Toledo y alaba el trabajo de la Junta de Hermandades y Cofrad\u00edas | El Digital de Asturias","description":"El stand de Capital Espa\u00f1ola de la Gastronom\u00eda Toledo 2016 en Fitur ha acogido la presentaci\u00f3n del cartel de la Semana Santa toledana en un acto en el que la alcaldesa, Milagros Tol\u00f3n, ha destacado el trabajo realizado por la Junta de Hermandades y Cofrad\u00edas. Adem\u00e1s, en la jornada de este viernes Toledo ha presentado","canonical_url":"https:\/\/eldigitaldeasturias.com\/magazine365\/tolon-muestra-el-cartel-de-la-semana-santa-de-toledo-y-alaba-el-trabajo-de-la-junta-de-hermandades-y-cofradias\/","robots":"max-image-preview:large","keywords":"noticias y actualidad","webmasterTools":{"google-site-verification":"UA-38556648-1","miscellaneous":""},"schema":{"@context":"https:\/\/schema.org","@graph":[{"@type":"Article","@id":"https:\/\/eldigitaldeasturias.com\/magazine365\/tolon-muestra-el-cartel-de-la-semana-santa-de-toledo-y-alaba-el-trabajo-de-la-junta-de-hermandades-y-cofradias\/#article","name":"Tol\u00f3n muestra el cartel de la Semana Santa de Toledo y alaba el trabajo de la Junta de Hermandades y Cofrad\u00edas | El Digital de Asturias","headline":"Tol\u00f3n muestra el cartel de la Semana Santa de Toledo y alaba el trabajo de la Junta de Hermandades y Cofrad\u00edas","author":{"@id":"https:\/\/eldigitaldeasturias.com\/magazine365\/author\/admin\/#author"},"publisher":{"@id":"https:\/\/eldigitaldeasturias.com\/magazine365\/#organization"},"image":{"@type":"ImageObject","url":"https:\/\/eldigitaldeasturias.com\/magazine365\/wp-content\/uploads\/2016\/01\/fotonoticia_20160122185414_800.jpg","width":800,"height":533},"datePublished":"2016-01-23T15:01:44+01:00","dateModified":"2016-01-23T15:01:44+01:00","inLanguage":"es-ES","mainEntityOfPage":{"@id":"https:\/\/eldigitaldeasturias.com\/magazine365\/tolon-muestra-el-cartel-de-la-semana-santa-de-toledo-y-alaba-el-trabajo-de-la-junta-de-hermandades-y-cofradias\/#webpage"},"isPartOf":{"@id":"https:\/\/eldigitaldeasturias.com\/magazine365\/tolon-muestra-el-cartel-de-la-semana-santa-de-toledo-y-alaba-el-trabajo-de-la-junta-de-hermandades-y-cofradias\/#webpage"},"articleSection":"Noticias y Actualidad"},{"@type":"BreadcrumbList","@id":"https:\/\/eldigitaldeasturias.com\/magazine365\/tolon-muestra-el-cartel-de-la-semana-santa-de-toledo-y-alaba-el-trabajo-de-la-junta-de-hermandades-y-cofradias\/#breadcrumblist","itemListElement":[{"@type":"ListItem","@id":"https:\/\/eldigitaldeasturias.com\/magazine365#listItem","position":1,"name":"Home","item":"https:\/\/eldigitaldeasturias.com\/magazine365","nextItem":{"@type":"ListItem","@id":"https:\/\/eldigitaldeasturias.com\/magazine365\/category\/noticias-actualidad\/#listItem","name":"Noticias y Actualidad"}},{"@type":"ListItem","@id":"https:\/\/eldigitaldeasturias.com\/magazine365\/category\/noticias-actualidad\/#listItem","position":2,"name":"Noticias y Actualidad","item":"https:\/\/eldigitaldeasturias.com\/magazine365\/category\/noticias-actualidad\/","nextItem":{"@type":"ListItem","@id":"https:\/\/eldigitaldeasturias.com\/magazine365\/tolon-muestra-el-cartel-de-la-semana-santa-de-toledo-y-alaba-el-trabajo-de-la-junta-de-hermandades-y-cofradias\/#listItem","name":"Tol\u00f3n muestra el cartel de la Semana Santa de Toledo y alaba el trabajo de la Junta de Hermandades y Cofrad\u00edas"},"previousItem":{"@type":"ListItem","@id":"https:\/\/eldigitaldeasturias.com\/magazine365#listItem","name":"Home"}},{"@type":"ListItem","@id":"https:\/\/eldigitaldeasturias.com\/magazine365\/tolon-muestra-el-cartel-de-la-semana-santa-de-toledo-y-alaba-el-trabajo-de-la-junta-de-hermandades-y-cofradias\/#listItem","position":3,"name":"Tol\u00f3n muestra el cartel de la Semana Santa de Toledo y alaba el trabajo de la Junta de Hermandades y Cofrad\u00edas","previousItem":{"@type":"ListItem","@id":"https:\/\/eldigitaldeasturias.com\/magazine365\/category\/noticias-actualidad\/#listItem","name":"Noticias y Actualidad"}}]},{"@type":"Organization","@id":"https:\/\/eldigitaldeasturias.com\/magazine365\/#organization","name":"El digital de Asturias","description":"Revista de ocio, turismo y estilo de vida","url":"https:\/\/eldigitaldeasturias.com\/magazine365\/","logo":{"@type":"ImageObject","url":"https:\/\/www.eldigitaldeasturias.com\/noticias\/wp-content\/uploads\/2020\/12\/EDA.jpg","@id":"https:\/\/eldigitaldeasturias.com\/magazine365\/tolon-muestra-el-cartel-de-la-semana-santa-de-toledo-y-alaba-el-trabajo-de-la-junta-de-hermandades-y-cofradias\/#organizationLogo"},"image":{"@id":"https:\/\/eldigitaldeasturias.com\/magazine365\/tolon-muestra-el-cartel-de-la-semana-santa-de-toledo-y-alaba-el-trabajo-de-la-junta-de-hermandades-y-cofradias\/#organizationLogo"}},{"@type":"Person","@id":"https:\/\/eldigitaldeasturias.com\/magazine365\/author\/admin\/#author","url":"https:\/\/eldigitaldeasturias.com\/magazine365\/author\/admin\/","name":"admin","image":{"@type":"ImageObject","@id":"https:\/\/eldigitaldeasturias.com\/magazine365\/tolon-muestra-el-cartel-de-la-semana-santa-de-toledo-y-alaba-el-trabajo-de-la-junta-de-hermandades-y-cofradias\/#authorImage","url":"https:\/\/eldigitaldeasturias.com\/magazine365\/wp-content\/litespeed\/avatar\/e571bcf59a0edd6fa6838245a470f2fe.jpg?ver=1776969259","width":96,"height":96,"caption":"admin"}},{"@type":"WebPage","@id":"https:\/\/eldigitaldeasturias.com\/magazine365\/tolon-muestra-el-cartel-de-la-semana-santa-de-toledo-y-alaba-el-trabajo-de-la-junta-de-hermandades-y-cofradias\/#webpage","url":"https:\/\/eldigitaldeasturias.com\/magazine365\/tolon-muestra-el-cartel-de-la-semana-santa-de-toledo-y-alaba-el-trabajo-de-la-junta-de-hermandades-y-cofradias\/","name":"Tol\u00f3n muestra el cartel de la Semana Santa de Toledo y alaba el trabajo de la Junta de Hermandades y Cofrad\u00edas | El Digital de Asturias","description":"El stand de Capital Espa\u00f1ola de la Gastronom\u00eda Toledo 2016 en Fitur ha acogido la presentaci\u00f3n del cartel de la Semana Santa toledana en un acto en el que la alcaldesa, Milagros Tol\u00f3n, ha destacado el trabajo realizado por la Junta de Hermandades y Cofrad\u00edas. Adem\u00e1s, en la jornada de este viernes Toledo ha presentado","inLanguage":"es-ES","isPartOf":{"@id":"https:\/\/eldigitaldeasturias.com\/magazine365\/#website"},"breadcrumb":{"@id":"https:\/\/eldigitaldeasturias.com\/magazine365\/tolon-muestra-el-cartel-de-la-semana-santa-de-toledo-y-alaba-el-trabajo-de-la-junta-de-hermandades-y-cofradias\/#breadcrumblist"},"author":{"@id":"https:\/\/eldigitaldeasturias.com\/magazine365\/author\/admin\/#author"},"creator":{"@id":"https:\/\/eldigitaldeasturias.com\/magazine365\/author\/admin\/#author"},"image":{"@type":"ImageObject","url":"https:\/\/eldigitaldeasturias.com\/magazine365\/wp-content\/uploads\/2016\/01\/fotonoticia_20160122185414_800.jpg","@id":"https:\/\/eldigitaldeasturias.com\/magazine365\/tolon-muestra-el-cartel-de-la-semana-santa-de-toledo-y-alaba-el-trabajo-de-la-junta-de-hermandades-y-cofradias\/#mainImage","width":800,"height":533},"primaryImageOfPage":{"@id":"https:\/\/eldigitaldeasturias.com\/magazine365\/tolon-muestra-el-cartel-de-la-semana-santa-de-toledo-y-alaba-el-trabajo-de-la-junta-de-hermandades-y-cofradias\/#mainImage"},"datePublished":"2016-01-23T15:01:44+01:00","dateModified":"2016-01-23T15:01:44+01:00"},{"@type":"WebSite","@id":"https:\/\/eldigitaldeasturias.com\/magazine365\/#website","url":"https:\/\/eldigitaldeasturias.com\/magazine365\/","name":"El Digital de Asturias","description":"Revista de ocio, turismo y estilo de vida","inLanguage":"es-ES","publisher":{"@id":"https:\/\/eldigitaldeasturias.com\/magazine365\/#organization"}}]},"og:locale":"es_ES","og:site_name":"El Digital de Asturias \u2013 Revista de ocio, turismo y estilo de vida","og:type":"article","og:title":"Tol\u00f3n muestra el cartel de la Semana Santa de Toledo y alaba el trabajo de la Junta de Hermandades y Cofrad\u00edas | El Digital de Asturias","og:description":"El stand de Capital Espa\u00f1ola de la Gastronom\u00eda Toledo 2016 en Fitur ha acogido la presentaci\u00f3n del cartel de la Semana Santa toledana en un acto en el que la alcaldesa, Milagros Tol\u00f3n, ha destacado el trabajo realizado por la Junta de Hermandades y Cofrad\u00edas. Adem\u00e1s, en la jornada de este viernes Toledo ha presentado","og:url":"https:\/\/eldigitaldeasturias.com\/magazine365\/tolon-muestra-el-cartel-de-la-semana-santa-de-toledo-y-alaba-el-trabajo-de-la-junta-de-hermandades-y-cofradias\/","og:image":"https:\/\/eldigitaldeasturias.com\/magazine365\/wp-content\/uploads\/2016\/01\/fotonoticia_20160122185414_800.jpg","og:image:secure_url":"https:\/\/eldigitaldeasturias.com\/magazine365\/wp-content\/uploads\/2016\/01\/fotonoticia_20160122185414_800.jpg","og:image:width":800,"og:image:height":533,"article:published_time":"2016-01-23T14:01:44+00:00","article:modified_time":"2016-01-23T14:01:44+00:00","twitter:card":"summary_large_image","twitter:title":"Tol\u00f3n muestra el cartel de la Semana Santa de Toledo y alaba el trabajo de la Junta de Hermandades y Cofrad\u00edas | El Digital de Asturias","twitter:description":"El stand de Capital Espa\u00f1ola de la Gastronom\u00eda Toledo 2016 en Fitur ha acogido la presentaci\u00f3n del cartel de la Semana Santa toledana en un acto en el que la alcaldesa, Milagros Tol\u00f3n, ha destacado el trabajo realizado por la Junta de Hermandades y Cofrad\u00edas. Adem\u00e1s, en la jornada de este viernes Toledo ha presentado","twitter:image":"https:\/\/eldigitaldeasturias.com\/magazine365\/wp-content\/uploads\/2016\/01\/fotonoticia_20160122185414_800.jpg"},"aioseo_meta_data":{"post_id":"61889","title":null,"description":null,"keywords":null,"keyphrases":null,"primary_term":null,"canonical_url":null,"og_title":null,"og_description":null,"og_object_type":"default","og_image_type":"default","og_image_url":null,"og_image_width":null,"og_image_height":null,"og_image_custom_url":null,"og_image_custom_fields":null,"og_video":null,"og_custom_url":null,"og_article_section":null,"og_article_tags":null,"twitter_use_og":false,"twitter_card":"default","twitter_image_type":"default","twitter_image_url":null,"twitter_image_custom_url":null,"twitter_image_custom_fields":null,"twitter_title":null,"twitter_description":null,"schema":{"blockGraphs":[],"customGraphs":[],"default":{"data":{"Article":[],"Course":[],"Dataset":[],"FAQPage":[],"Movie":[],"Person":[],"Product":[],"ProductReview":[],"Car":[],"Recipe":[],"Service":[],"SoftwareApplication":[],"WebPage":[]},"graphName":"","isEnabled":true},"graphs":[],"defaultGraph":"","defaultPostTypeGraph":""},"schema_type":null,"schema_type_options":null,"pillar_content":false,"robots_default":true,"robots_noindex":false,"robots_noarchive":false,"robots_nosnippet":false,"robots_nofollow":false,"robots_noimageindex":false,"robots_noodp":false,"robots_notranslate":false,"robots_max_snippet":null,"robots_max_videopreview":null,"robots_max_imagepreview":"large","priority":null,"frequency":null,"location":null,"local_seo":null,"seo_analyzer_scan_date":"2025-09-25 09:56:27","breadcrumb_settings":null,"limit_modified_date":false,"open_ai":null,"ai":null,"created":"2021-03-08 21:43:43","updated":"2025-09-25 09:56:27"},"aioseo_breadcrumb":"<div class=\"aioseo-breadcrumbs\"><span class=\"aioseo-breadcrumb\">\n\t<a href=\"https:\/\/eldigitaldeasturias.com\/magazine365\" title=\"Home\">Home<\/a>\n<\/span><span class=\"aioseo-breadcrumb-separator\">\u2013<\/span><span class=\"aioseo-breadcrumb\">\n\t<a href=\"https:\/\/eldigitaldeasturias.com\/magazine365\/category\/noticias-actualidad\/\" title=\"Noticias y Actualidad\">Noticias y Actualidad<\/a>\n<\/span><span class=\"aioseo-breadcrumb-separator\">\u2013<\/span><span class=\"aioseo-breadcrumb\">\n\t<a href=\"https:\/\/eldigitaldeasturias.com\/magazine365\/tolon-muestra-el-cartel-de-la-semana-santa-de-toledo-y-alaba-el-trabajo-de-la-junta-de-hermandades-y-cofradias\/\" title=\"Tol\u00f3n muestra el cartel de la Semana Santa de Toledo y alaba el trabajo de la Junta de Hermandades y Cofrad\u00edas\">Tol\u00f3n muestra el cartel de la Semana Santa de Toledo y alaba el trabajo de la Junta de Hermandades y Cofrad\u00edas<\/a>\n<\/span><\/div>","aioseo_breadcrumb_json":[{"label":"Home","link":"https:\/\/eldigitaldeasturias.com\/magazine365"},{"label":"Noticias y Actualidad","link":"https:\/\/eldigitaldeasturias.com\/magazine365\/category\/noticias-actualidad\/"},{"label":"Tol\u00f3n muestra el cartel de la Semana Santa de Toledo y alaba el trabajo de la Junta de Hermandades y Cofrad\u00edas","link":"https:\/\/eldigitaldeasturias.com\/magazine365\/tolon-muestra-el-cartel-de-la-semana-santa-de-toledo-y-alaba-el-trabajo-de-la-junta-de-hermandades-y-cofradias\/"}],"_links":{"self":[{"href":"https:\/\/eldigitaldeasturias.com\/magazine365\/wp-json\/wp\/v2\/posts\/61889","targetHints":{"allow":["GET"]}}],"collection":[{"href":"https:\/\/eldigitaldeasturias.com\/magazine365\/wp-json\/wp\/v2\/posts"}],"about":[{"href":"https:\/\/eldigitaldeasturias.com\/magazine365\/wp-json\/wp\/v2\/types\/post"}],"author":[{"embeddable":true,"href":"https:\/\/eldigitaldeasturias.com\/magazine365\/wp-json\/wp\/v2\/users\/1"}],"replies":[{"embeddable":true,"href":"https:\/\/eldigitaldeasturias.com\/magazine365\/wp-json\/wp\/v2\/comments?post=61889"}],"version-history":[{"count":0,"href":"https:\/\/eldigitaldeasturias.com\/magazine365\/wp-json\/wp\/v2\/posts\/61889\/revisions"}],"wp:featuredmedia":[{"embeddable":true,"href":"https:\/\/eldigitaldeasturias.com\/magazine365\/wp-json\/wp\/v2\/media\/61890"}],"wp:attachment":[{"href":"https:\/\/eldigitaldeasturias.com\/magazine365\/wp-json\/wp\/v2\/media?parent=61889"}],"wp:term":[{"taxonomy":"category","embeddable":true,"href":"https:\/\/eldigitaldeasturias.com\/magazine365\/wp-json\/wp\/v2\/categories?post=61889"},{"taxonomy":"post_tag","embeddable":true,"href":"https:\/\/eldigitaldeasturias.com\/magazine365\/wp-json\/wp\/v2\/tags?post=61889"}],"curies":[{"name":"wp","href":"https:\/\/api.w.org\/{rel}","templated":true}]}}