{"id":61886,"date":"2016-01-23T14:58:06","date_gmt":"2016-01-23T13:58:06","guid":{"rendered":"http:\/\/eldigitaldeasturias.com\/magazine365\/?p=61886"},"modified":"2016-01-23T14:58:06","modified_gmt":"2016-01-23T13:58:06","slug":"nueva-campana-de-nieve-de-primavera-para-relanzar-la-temporada-de-sierra-nevada","status":"publish","type":"post","link":"https:\/\/eldigitaldeasturias.com\/magazine365\/nueva-campana-de-nieve-de-primavera-para-relanzar-la-temporada-de-sierra-nevada\/","title":{"rendered":"Nueva campa\u00f1a de nieve de primavera para relanzar la temporada de Sierra Nevada"},"content":{"rendered":"<p><img fetchpriority=\"high\" decoding=\"async\" class=\"alignleft size-medium wp-image-61887\" src=\"https:\/\/eldigitaldeasturias.com\/magazine365\/wp-content\/uploads\/2016\/01\/fotonoticia_20160122183335_800-360x240.jpg\" alt=\"fotonoticia_20160122183335_800\" width=\"360\" height=\"240\" srcset=\"https:\/\/eldigitaldeasturias.com\/magazine365\/wp-content\/uploads\/2016\/01\/fotonoticia_20160122183335_800-360x240.jpg 360w, https:\/\/eldigitaldeasturias.com\/magazine365\/wp-content\/uploads\/2016\/01\/fotonoticia_20160122183335_800-650x433.jpg 650w, https:\/\/eldigitaldeasturias.com\/magazine365\/wp-content\/uploads\/2016\/01\/fotonoticia_20160122183335_800-768x512.jpg 768w, https:\/\/eldigitaldeasturias.com\/magazine365\/wp-content\/uploads\/2016\/01\/fotonoticia_20160122183335_800-150x100.jpg 150w, https:\/\/eldigitaldeasturias.com\/magazine365\/wp-content\/uploads\/2016\/01\/fotonoticia_20160122183335_800-450x300.jpg 450w, https:\/\/eldigitaldeasturias.com\/magazine365\/wp-content\/uploads\/2016\/01\/fotonoticia_20160122183335_800-696x464.jpg 696w, https:\/\/eldigitaldeasturias.com\/magazine365\/wp-content\/uploads\/2016\/01\/fotonoticia_20160122183335_800-630x420.jpg 630w, https:\/\/eldigitaldeasturias.com\/magazine365\/wp-content\/uploads\/2016\/01\/fotonoticia_20160122183335_800-101x66.jpg 101w, https:\/\/eldigitaldeasturias.com\/magazine365\/wp-content\/uploads\/2016\/01\/fotonoticia_20160122183335_800.jpg 800w\" sizes=\"(max-width: 360px) 100vw, 360px\" \/>El consejero de Turismo y Deporte, Francisco Javier Fern\u00e1ndez, ha presentado este viernes una campa\u00f1a especial que promocionar\u00e1 la nieve de primavera en Sierra Nevada con el objetivo de difundir una de las mayores fortalezas de la estaci\u00f3n granadina: su capacidad de prolongar la temporada hasta bien avanzado el a\u00f1o.<\/p>\n<p>Fern\u00e1ndez ha anunciado que la campa\u00f1a, que tradicionalmente se presentaba en marzo, se activa este a\u00f1o dos meses antes para intensificar su difusi\u00f3n, aumentar el n\u00famero de impactos previstos y contrarrestar as\u00ed el an\u00f3malo inicio de temporada motivado por la adversa meteorolog\u00eda.<\/p>\n<p>Se trata de la cuarta campa\u00f1a especial de promoci\u00f3n de este producto que desarrolla Sierra Nevada de manera consecutiva para subrayar \u00ablas grandes fortalezas de la nieve primavera, probablemente la mejor del mundo porque la altitud de nuestras pistas hace que se conserve especialmente\u00bb.<\/p>\n<p>Fern\u00e1ndez, que ha presentado la campa\u00f1a junto a la consejera delegada de Cetursa Sierra Nevada, Mar\u00eda Jos\u00e9 L\u00f3pez, y el presidente de los empresarios de la estaci\u00f3n, Enrique de la Higuera, ha se\u00f1alado que para completar esta campa\u00f1a se ha dise\u00f1ado una estrategia comercial que contempla el lanzamientos de forfait m\u00e1s rebajados, el fomento de la iniciaci\u00f3n con programas especiales de aprendizaje y la dinamizaci\u00f3n de la estaci\u00f3n con un calendario de competiciones y actividades, como el tradicional descenso en ba\u00f1ador como plato fuerte.<\/p>\n<p>Sierra Nevada est\u00e1 aprovechando estos d\u00edas para presentar en Fitur a clientes finales, agencias y touroperadores los productos especiales para ese tramo de temporada que se concentrar\u00e1 en las tres \u00faltimas semanas de explotaci\u00f3n invernal y que va desde el 11 de abril al puente de mayo.<\/p>\n<p>Por su parte, la presidenta de Cetursa, Mar\u00eda Jos\u00e9 L\u00f3pez, ha mantenido que hay \u00abuna gran ilusi\u00f3n\u00bb puesta en la campa\u00f1a de primavera y ha previsto que este a\u00f1o, en Sierra Nevada, \u00ablo bueno a\u00fan est\u00e1 por llegar\u00bb ya que, pese que el inicio de la temporada ha sido un tanto diferente, porque ha tenido \u00abdos iniciaciones\u00bb, se espera que en febrero y marzo haya muchas precipitaciones de tal modo que la de Granada puede que sea \u00abla \u00fanica estaci\u00f3n de esqu\u00ed que siga abierta en abril\u00bb.<\/p>\n<p>As\u00ed, ha precisado que la campa\u00f1a tendr\u00e1 dos oleadas, de 1 de febrero a 15 de marzo, y desde ese d\u00eda hasta finales de abril, con dos conceptos gr\u00e1ficos \u00abdistintos pero complementarios\u00bb.<\/p>\n<p>L\u00f3pez ha desgranado algunas de las singularidades que tiene la programaci\u00f3n de primavera, entre ellas la ya habitual bajada en ba\u00f1ador o las promociones de forfaits, como la que se edita para que quien tenga el de la temporada entera pueda recargarlo por una tarifa plana de 25 euros o la puesta a la venta en una misma semana de 3.000 forfaits por 20 euros.<\/p>\n<p>La estaci\u00f3n elaborar\u00e1 tambi\u00e9n productos combinados en los que asociar\u00e1 el esqu\u00ed de monta\u00f1a con golf, playa y ciudad cultural. Simult\u00e1neamente, Sierra Nevada elaborar\u00e1 un programa de actividades vinculadas a la primavera con m\u00fasica y diversi\u00f3n, que tendr\u00e1 en el descenso en ba\u00f1ador por la pistas de Borreguiles uno de sus principales exponentes.<\/p>\n<p>La responsable de Cetursa tambi\u00e9n ha explicado que este fin de semana la estaci\u00f3n cuenta con 20 kil\u00f3metros de pistas esquiables y que, adem\u00e1s, inaugura el esqu\u00ed nocturno.<\/p>\n","protected":false},"excerpt":{"rendered":"<p>El consejero de Turismo y Deporte, Francisco Javier Fern\u00e1ndez, ha presentado este viernes una campa\u00f1a especial que promocionar\u00e1 la nieve de primavera en Sierra Nevada con el objetivo de difundir una de las mayores fortalezas de la estaci\u00f3n granadina: su capacidad de prolongar la temporada hasta bien avanzado el a\u00f1o. Fern\u00e1ndez ha anunciado que la<\/p>\n","protected":false},"author":1,"featured_media":61887,"comment_status":"open","ping_status":"closed","sticky":false,"template":"","format":"standard","meta":{"footnotes":""},"categories":[224],"tags":[],"class_list":{"0":"post-61886","1":"post","2":"type-post","3":"status-publish","4":"format-standard","5":"has-post-thumbnail","7":"category-noticias-actualidad"},"aioseo_notices":[],"aioseo_head":"\n\t\t<!-- All in One SEO Pro 4.9.6.1 - aioseo.com -->\n\t<meta name=\"description\" content=\"El consejero de Turismo y Deporte, Francisco Javier Fern\u00e1ndez, ha presentado este viernes una campa\u00f1a especial que promocionar\u00e1 la nieve de primavera en Sierra Nevada con el objetivo de difundir una de las mayores fortalezas de la estaci\u00f3n granadina: su capacidad de prolongar la temporada hasta bien avanzado el a\u00f1o. Fern\u00e1ndez ha anunciado que la\" \/>\n\t<meta name=\"robots\" content=\"max-image-preview:large\" \/>\n\t<meta name=\"author\" content=\"admin\"\/>\n\t<meta name=\"google-site-verification\" content=\"UA-38556648-1\" \/>\n\t<meta name=\"keywords\" content=\"noticias y actualidad\" \/>\n\t<link rel=\"canonical\" href=\"https:\/\/eldigitaldeasturias.com\/magazine365\/nueva-campana-de-nieve-de-primavera-para-relanzar-la-temporada-de-sierra-nevada\/\" \/>\n\t<meta name=\"generator\" content=\"All in One SEO Pro (AIOSEO) 4.9.6.1\" \/>\n\t\t<meta property=\"og:locale\" content=\"es_ES\" \/>\n\t\t<meta property=\"og:site_name\" content=\"El Digital de Asturias \u2013 Revista de ocio, turismo y estilo de vida\" \/>\n\t\t<meta property=\"og:type\" content=\"article\" \/>\n\t\t<meta property=\"og:title\" content=\"Nueva campa\u00f1a de nieve de primavera para relanzar la temporada de Sierra Nevada | El Digital de Asturias\" \/>\n\t\t<meta property=\"og:description\" content=\"El consejero de Turismo y Deporte, Francisco Javier Fern\u00e1ndez, ha presentado este viernes una campa\u00f1a especial que promocionar\u00e1 la nieve de primavera en Sierra Nevada con el objetivo de difundir una de las mayores fortalezas de la estaci\u00f3n granadina: su capacidad de prolongar la temporada hasta bien avanzado el a\u00f1o. Fern\u00e1ndez ha anunciado que la\" \/>\n\t\t<meta property=\"og:url\" content=\"https:\/\/eldigitaldeasturias.com\/magazine365\/nueva-campana-de-nieve-de-primavera-para-relanzar-la-temporada-de-sierra-nevada\/\" \/>\n\t\t<meta property=\"og:image\" content=\"https:\/\/eldigitaldeasturias.com\/magazine365\/wp-content\/uploads\/2016\/01\/fotonoticia_20160122183335_800.jpg\" \/>\n\t\t<meta property=\"og:image:secure_url\" content=\"https:\/\/eldigitaldeasturias.com\/magazine365\/wp-content\/uploads\/2016\/01\/fotonoticia_20160122183335_800.jpg\" \/>\n\t\t<meta property=\"og:image:width\" content=\"800\" \/>\n\t\t<meta property=\"og:image:height\" content=\"533\" \/>\n\t\t<meta property=\"article:published_time\" content=\"2016-01-23T13:58:06+00:00\" \/>\n\t\t<meta property=\"article:modified_time\" content=\"2016-01-23T13:58:06+00:00\" \/>\n\t\t<meta name=\"twitter:card\" content=\"summary_large_image\" \/>\n\t\t<meta name=\"twitter:title\" content=\"Nueva campa\u00f1a de nieve de primavera para relanzar la temporada de Sierra Nevada | El Digital de Asturias\" \/>\n\t\t<meta name=\"twitter:description\" content=\"El consejero de Turismo y Deporte, Francisco Javier Fern\u00e1ndez, ha presentado este viernes una campa\u00f1a especial que promocionar\u00e1 la nieve de primavera en Sierra Nevada con el objetivo de difundir una de las mayores fortalezas de la estaci\u00f3n granadina: su capacidad de prolongar la temporada hasta bien avanzado el a\u00f1o. Fern\u00e1ndez ha anunciado que la\" \/>\n\t\t<meta name=\"twitter:image\" content=\"https:\/\/eldigitaldeasturias.com\/magazine365\/wp-content\/uploads\/2016\/01\/fotonoticia_20160122183335_800.jpg\" \/>\n\t\t<script type=\"application\/ld+json\" class=\"aioseo-schema\">\n\t\t\t{\"@context\":\"https:\\\/\\\/schema.org\",\"@graph\":[{\"@type\":\"Article\",\"@id\":\"https:\\\/\\\/eldigitaldeasturias.com\\\/magazine365\\\/nueva-campana-de-nieve-de-primavera-para-relanzar-la-temporada-de-sierra-nevada\\\/#article\",\"name\":\"Nueva campa\\u00f1a de nieve de primavera para relanzar la temporada de Sierra Nevada | El Digital de Asturias\",\"headline\":\"Nueva campa\\u00f1a de nieve de primavera para relanzar la temporada de Sierra Nevada\",\"author\":{\"@id\":\"https:\\\/\\\/eldigitaldeasturias.com\\\/magazine365\\\/author\\\/admin\\\/#author\"},\"publisher\":{\"@id\":\"https:\\\/\\\/eldigitaldeasturias.com\\\/magazine365\\\/#organization\"},\"image\":{\"@type\":\"ImageObject\",\"url\":\"https:\\\/\\\/eldigitaldeasturias.com\\\/magazine365\\\/wp-content\\\/uploads\\\/2016\\\/01\\\/fotonoticia_20160122183335_800.jpg\",\"width\":800,\"height\":533},\"datePublished\":\"2016-01-23T14:58:06+01:00\",\"dateModified\":\"2016-01-23T14:58:06+01:00\",\"inLanguage\":\"es-ES\",\"mainEntityOfPage\":{\"@id\":\"https:\\\/\\\/eldigitaldeasturias.com\\\/magazine365\\\/nueva-campana-de-nieve-de-primavera-para-relanzar-la-temporada-de-sierra-nevada\\\/#webpage\"},\"isPartOf\":{\"@id\":\"https:\\\/\\\/eldigitaldeasturias.com\\\/magazine365\\\/nueva-campana-de-nieve-de-primavera-para-relanzar-la-temporada-de-sierra-nevada\\\/#webpage\"},\"articleSection\":\"Noticias y Actualidad\"},{\"@type\":\"BreadcrumbList\",\"@id\":\"https:\\\/\\\/eldigitaldeasturias.com\\\/magazine365\\\/nueva-campana-de-nieve-de-primavera-para-relanzar-la-temporada-de-sierra-nevada\\\/#breadcrumblist\",\"itemListElement\":[{\"@type\":\"ListItem\",\"@id\":\"https:\\\/\\\/eldigitaldeasturias.com\\\/magazine365#listItem\",\"position\":1,\"name\":\"Home\",\"item\":\"https:\\\/\\\/eldigitaldeasturias.com\\\/magazine365\",\"nextItem\":{\"@type\":\"ListItem\",\"@id\":\"https:\\\/\\\/eldigitaldeasturias.com\\\/magazine365\\\/category\\\/noticias-actualidad\\\/#listItem\",\"name\":\"Noticias y Actualidad\"}},{\"@type\":\"ListItem\",\"@id\":\"https:\\\/\\\/eldigitaldeasturias.com\\\/magazine365\\\/category\\\/noticias-actualidad\\\/#listItem\",\"position\":2,\"name\":\"Noticias y Actualidad\",\"item\":\"https:\\\/\\\/eldigitaldeasturias.com\\\/magazine365\\\/category\\\/noticias-actualidad\\\/\",\"nextItem\":{\"@type\":\"ListItem\",\"@id\":\"https:\\\/\\\/eldigitaldeasturias.com\\\/magazine365\\\/nueva-campana-de-nieve-de-primavera-para-relanzar-la-temporada-de-sierra-nevada\\\/#listItem\",\"name\":\"Nueva campa\\u00f1a de nieve de primavera para relanzar la temporada de Sierra Nevada\"},\"previousItem\":{\"@type\":\"ListItem\",\"@id\":\"https:\\\/\\\/eldigitaldeasturias.com\\\/magazine365#listItem\",\"name\":\"Home\"}},{\"@type\":\"ListItem\",\"@id\":\"https:\\\/\\\/eldigitaldeasturias.com\\\/magazine365\\\/nueva-campana-de-nieve-de-primavera-para-relanzar-la-temporada-de-sierra-nevada\\\/#listItem\",\"position\":3,\"name\":\"Nueva campa\\u00f1a de nieve de primavera para relanzar la temporada de Sierra Nevada\",\"previousItem\":{\"@type\":\"ListItem\",\"@id\":\"https:\\\/\\\/eldigitaldeasturias.com\\\/magazine365\\\/category\\\/noticias-actualidad\\\/#listItem\",\"name\":\"Noticias y Actualidad\"}}]},{\"@type\":\"Organization\",\"@id\":\"https:\\\/\\\/eldigitaldeasturias.com\\\/magazine365\\\/#organization\",\"name\":\"El digital de Asturias\",\"description\":\"Revista de ocio, turismo y estilo de vida\",\"url\":\"https:\\\/\\\/eldigitaldeasturias.com\\\/magazine365\\\/\",\"logo\":{\"@type\":\"ImageObject\",\"url\":\"https:\\\/\\\/www.eldigitaldeasturias.com\\\/noticias\\\/wp-content\\\/uploads\\\/2020\\\/12\\\/EDA.jpg\",\"@id\":\"https:\\\/\\\/eldigitaldeasturias.com\\\/magazine365\\\/nueva-campana-de-nieve-de-primavera-para-relanzar-la-temporada-de-sierra-nevada\\\/#organizationLogo\"},\"image\":{\"@id\":\"https:\\\/\\\/eldigitaldeasturias.com\\\/magazine365\\\/nueva-campana-de-nieve-de-primavera-para-relanzar-la-temporada-de-sierra-nevada\\\/#organizationLogo\"}},{\"@type\":\"Person\",\"@id\":\"https:\\\/\\\/eldigitaldeasturias.com\\\/magazine365\\\/author\\\/admin\\\/#author\",\"url\":\"https:\\\/\\\/eldigitaldeasturias.com\\\/magazine365\\\/author\\\/admin\\\/\",\"name\":\"admin\",\"image\":{\"@type\":\"ImageObject\",\"@id\":\"https:\\\/\\\/eldigitaldeasturias.com\\\/magazine365\\\/nueva-campana-de-nieve-de-primavera-para-relanzar-la-temporada-de-sierra-nevada\\\/#authorImage\",\"url\":\"https:\\\/\\\/eldigitaldeasturias.com\\\/magazine365\\\/wp-content\\\/litespeed\\\/avatar\\\/e571bcf59a0edd6fa6838245a470f2fe.jpg?ver=1776969259\",\"width\":96,\"height\":96,\"caption\":\"admin\"}},{\"@type\":\"WebPage\",\"@id\":\"https:\\\/\\\/eldigitaldeasturias.com\\\/magazine365\\\/nueva-campana-de-nieve-de-primavera-para-relanzar-la-temporada-de-sierra-nevada\\\/#webpage\",\"url\":\"https:\\\/\\\/eldigitaldeasturias.com\\\/magazine365\\\/nueva-campana-de-nieve-de-primavera-para-relanzar-la-temporada-de-sierra-nevada\\\/\",\"name\":\"Nueva campa\\u00f1a de nieve de primavera para relanzar la temporada de Sierra Nevada | El Digital de Asturias\",\"description\":\"El consejero de Turismo y Deporte, Francisco Javier Fern\\u00e1ndez, ha presentado este viernes una campa\\u00f1a especial que promocionar\\u00e1 la nieve de primavera en Sierra Nevada con el objetivo de difundir una de las mayores fortalezas de la estaci\\u00f3n granadina: su capacidad de prolongar la temporada hasta bien avanzado el a\\u00f1o. Fern\\u00e1ndez ha anunciado que la\",\"inLanguage\":\"es-ES\",\"isPartOf\":{\"@id\":\"https:\\\/\\\/eldigitaldeasturias.com\\\/magazine365\\\/#website\"},\"breadcrumb\":{\"@id\":\"https:\\\/\\\/eldigitaldeasturias.com\\\/magazine365\\\/nueva-campana-de-nieve-de-primavera-para-relanzar-la-temporada-de-sierra-nevada\\\/#breadcrumblist\"},\"author\":{\"@id\":\"https:\\\/\\\/eldigitaldeasturias.com\\\/magazine365\\\/author\\\/admin\\\/#author\"},\"creator\":{\"@id\":\"https:\\\/\\\/eldigitaldeasturias.com\\\/magazine365\\\/author\\\/admin\\\/#author\"},\"image\":{\"@type\":\"ImageObject\",\"url\":\"https:\\\/\\\/eldigitaldeasturias.com\\\/magazine365\\\/wp-content\\\/uploads\\\/2016\\\/01\\\/fotonoticia_20160122183335_800.jpg\",\"@id\":\"https:\\\/\\\/eldigitaldeasturias.com\\\/magazine365\\\/nueva-campana-de-nieve-de-primavera-para-relanzar-la-temporada-de-sierra-nevada\\\/#mainImage\",\"width\":800,\"height\":533},\"primaryImageOfPage\":{\"@id\":\"https:\\\/\\\/eldigitaldeasturias.com\\\/magazine365\\\/nueva-campana-de-nieve-de-primavera-para-relanzar-la-temporada-de-sierra-nevada\\\/#mainImage\"},\"datePublished\":\"2016-01-23T14:58:06+01:00\",\"dateModified\":\"2016-01-23T14:58:06+01:00\"},{\"@type\":\"WebSite\",\"@id\":\"https:\\\/\\\/eldigitaldeasturias.com\\\/magazine365\\\/#website\",\"url\":\"https:\\\/\\\/eldigitaldeasturias.com\\\/magazine365\\\/\",\"name\":\"El Digital de Asturias\",\"description\":\"Revista de ocio, turismo y estilo de vida\",\"inLanguage\":\"es-ES\",\"publisher\":{\"@id\":\"https:\\\/\\\/eldigitaldeasturias.com\\\/magazine365\\\/#organization\"}}]}\n\t\t<\/script>\n\t\t<!-- All in One SEO Pro -->\r\n\t\t<title>Nueva campa\u00f1a de nieve de primavera para relanzar la temporada de Sierra Nevada | El Digital de Asturias<\/title>\n\n","aioseo_head_json":{"title":"Nueva campa\u00f1a de nieve de primavera para relanzar la temporada de Sierra Nevada | El Digital de Asturias","description":"El consejero de Turismo y Deporte, Francisco Javier Fern\u00e1ndez, ha presentado este viernes una campa\u00f1a especial que promocionar\u00e1 la nieve de primavera en Sierra Nevada con el objetivo de difundir una de las mayores fortalezas de la estaci\u00f3n granadina: su capacidad de prolongar la temporada hasta bien avanzado el a\u00f1o. Fern\u00e1ndez ha anunciado que la","canonical_url":"https:\/\/eldigitaldeasturias.com\/magazine365\/nueva-campana-de-nieve-de-primavera-para-relanzar-la-temporada-de-sierra-nevada\/","robots":"max-image-preview:large","keywords":"noticias y actualidad","webmasterTools":{"google-site-verification":"UA-38556648-1","miscellaneous":""},"schema":{"@context":"https:\/\/schema.org","@graph":[{"@type":"Article","@id":"https:\/\/eldigitaldeasturias.com\/magazine365\/nueva-campana-de-nieve-de-primavera-para-relanzar-la-temporada-de-sierra-nevada\/#article","name":"Nueva campa\u00f1a de nieve de primavera para relanzar la temporada de Sierra Nevada | El Digital de Asturias","headline":"Nueva campa\u00f1a de nieve de primavera para relanzar la temporada de Sierra Nevada","author":{"@id":"https:\/\/eldigitaldeasturias.com\/magazine365\/author\/admin\/#author"},"publisher":{"@id":"https:\/\/eldigitaldeasturias.com\/magazine365\/#organization"},"image":{"@type":"ImageObject","url":"https:\/\/eldigitaldeasturias.com\/magazine365\/wp-content\/uploads\/2016\/01\/fotonoticia_20160122183335_800.jpg","width":800,"height":533},"datePublished":"2016-01-23T14:58:06+01:00","dateModified":"2016-01-23T14:58:06+01:00","inLanguage":"es-ES","mainEntityOfPage":{"@id":"https:\/\/eldigitaldeasturias.com\/magazine365\/nueva-campana-de-nieve-de-primavera-para-relanzar-la-temporada-de-sierra-nevada\/#webpage"},"isPartOf":{"@id":"https:\/\/eldigitaldeasturias.com\/magazine365\/nueva-campana-de-nieve-de-primavera-para-relanzar-la-temporada-de-sierra-nevada\/#webpage"},"articleSection":"Noticias y Actualidad"},{"@type":"BreadcrumbList","@id":"https:\/\/eldigitaldeasturias.com\/magazine365\/nueva-campana-de-nieve-de-primavera-para-relanzar-la-temporada-de-sierra-nevada\/#breadcrumblist","itemListElement":[{"@type":"ListItem","@id":"https:\/\/eldigitaldeasturias.com\/magazine365#listItem","position":1,"name":"Home","item":"https:\/\/eldigitaldeasturias.com\/magazine365","nextItem":{"@type":"ListItem","@id":"https:\/\/eldigitaldeasturias.com\/magazine365\/category\/noticias-actualidad\/#listItem","name":"Noticias y Actualidad"}},{"@type":"ListItem","@id":"https:\/\/eldigitaldeasturias.com\/magazine365\/category\/noticias-actualidad\/#listItem","position":2,"name":"Noticias y Actualidad","item":"https:\/\/eldigitaldeasturias.com\/magazine365\/category\/noticias-actualidad\/","nextItem":{"@type":"ListItem","@id":"https:\/\/eldigitaldeasturias.com\/magazine365\/nueva-campana-de-nieve-de-primavera-para-relanzar-la-temporada-de-sierra-nevada\/#listItem","name":"Nueva campa\u00f1a de nieve de primavera para relanzar la temporada de Sierra Nevada"},"previousItem":{"@type":"ListItem","@id":"https:\/\/eldigitaldeasturias.com\/magazine365#listItem","name":"Home"}},{"@type":"ListItem","@id":"https:\/\/eldigitaldeasturias.com\/magazine365\/nueva-campana-de-nieve-de-primavera-para-relanzar-la-temporada-de-sierra-nevada\/#listItem","position":3,"name":"Nueva campa\u00f1a de nieve de primavera para relanzar la temporada de Sierra Nevada","previousItem":{"@type":"ListItem","@id":"https:\/\/eldigitaldeasturias.com\/magazine365\/category\/noticias-actualidad\/#listItem","name":"Noticias y Actualidad"}}]},{"@type":"Organization","@id":"https:\/\/eldigitaldeasturias.com\/magazine365\/#organization","name":"El digital de Asturias","description":"Revista de ocio, turismo y estilo de vida","url":"https:\/\/eldigitaldeasturias.com\/magazine365\/","logo":{"@type":"ImageObject","url":"https:\/\/www.eldigitaldeasturias.com\/noticias\/wp-content\/uploads\/2020\/12\/EDA.jpg","@id":"https:\/\/eldigitaldeasturias.com\/magazine365\/nueva-campana-de-nieve-de-primavera-para-relanzar-la-temporada-de-sierra-nevada\/#organizationLogo"},"image":{"@id":"https:\/\/eldigitaldeasturias.com\/magazine365\/nueva-campana-de-nieve-de-primavera-para-relanzar-la-temporada-de-sierra-nevada\/#organizationLogo"}},{"@type":"Person","@id":"https:\/\/eldigitaldeasturias.com\/magazine365\/author\/admin\/#author","url":"https:\/\/eldigitaldeasturias.com\/magazine365\/author\/admin\/","name":"admin","image":{"@type":"ImageObject","@id":"https:\/\/eldigitaldeasturias.com\/magazine365\/nueva-campana-de-nieve-de-primavera-para-relanzar-la-temporada-de-sierra-nevada\/#authorImage","url":"https:\/\/eldigitaldeasturias.com\/magazine365\/wp-content\/litespeed\/avatar\/e571bcf59a0edd6fa6838245a470f2fe.jpg?ver=1776969259","width":96,"height":96,"caption":"admin"}},{"@type":"WebPage","@id":"https:\/\/eldigitaldeasturias.com\/magazine365\/nueva-campana-de-nieve-de-primavera-para-relanzar-la-temporada-de-sierra-nevada\/#webpage","url":"https:\/\/eldigitaldeasturias.com\/magazine365\/nueva-campana-de-nieve-de-primavera-para-relanzar-la-temporada-de-sierra-nevada\/","name":"Nueva campa\u00f1a de nieve de primavera para relanzar la temporada de Sierra Nevada | El Digital de Asturias","description":"El consejero de Turismo y Deporte, Francisco Javier Fern\u00e1ndez, ha presentado este viernes una campa\u00f1a especial que promocionar\u00e1 la nieve de primavera en Sierra Nevada con el objetivo de difundir una de las mayores fortalezas de la estaci\u00f3n granadina: su capacidad de prolongar la temporada hasta bien avanzado el a\u00f1o. Fern\u00e1ndez ha anunciado que la","inLanguage":"es-ES","isPartOf":{"@id":"https:\/\/eldigitaldeasturias.com\/magazine365\/#website"},"breadcrumb":{"@id":"https:\/\/eldigitaldeasturias.com\/magazine365\/nueva-campana-de-nieve-de-primavera-para-relanzar-la-temporada-de-sierra-nevada\/#breadcrumblist"},"author":{"@id":"https:\/\/eldigitaldeasturias.com\/magazine365\/author\/admin\/#author"},"creator":{"@id":"https:\/\/eldigitaldeasturias.com\/magazine365\/author\/admin\/#author"},"image":{"@type":"ImageObject","url":"https:\/\/eldigitaldeasturias.com\/magazine365\/wp-content\/uploads\/2016\/01\/fotonoticia_20160122183335_800.jpg","@id":"https:\/\/eldigitaldeasturias.com\/magazine365\/nueva-campana-de-nieve-de-primavera-para-relanzar-la-temporada-de-sierra-nevada\/#mainImage","width":800,"height":533},"primaryImageOfPage":{"@id":"https:\/\/eldigitaldeasturias.com\/magazine365\/nueva-campana-de-nieve-de-primavera-para-relanzar-la-temporada-de-sierra-nevada\/#mainImage"},"datePublished":"2016-01-23T14:58:06+01:00","dateModified":"2016-01-23T14:58:06+01:00"},{"@type":"WebSite","@id":"https:\/\/eldigitaldeasturias.com\/magazine365\/#website","url":"https:\/\/eldigitaldeasturias.com\/magazine365\/","name":"El Digital de Asturias","description":"Revista de ocio, turismo y estilo de vida","inLanguage":"es-ES","publisher":{"@id":"https:\/\/eldigitaldeasturias.com\/magazine365\/#organization"}}]},"og:locale":"es_ES","og:site_name":"El Digital de Asturias \u2013 Revista de ocio, turismo y estilo de vida","og:type":"article","og:title":"Nueva campa\u00f1a de nieve de primavera para relanzar la temporada de Sierra Nevada | El Digital de Asturias","og:description":"El consejero de Turismo y Deporte, Francisco Javier Fern\u00e1ndez, ha presentado este viernes una campa\u00f1a especial que promocionar\u00e1 la nieve de primavera en Sierra Nevada con el objetivo de difundir una de las mayores fortalezas de la estaci\u00f3n granadina: su capacidad de prolongar la temporada hasta bien avanzado el a\u00f1o. Fern\u00e1ndez ha anunciado que la","og:url":"https:\/\/eldigitaldeasturias.com\/magazine365\/nueva-campana-de-nieve-de-primavera-para-relanzar-la-temporada-de-sierra-nevada\/","og:image":"https:\/\/eldigitaldeasturias.com\/magazine365\/wp-content\/uploads\/2016\/01\/fotonoticia_20160122183335_800.jpg","og:image:secure_url":"https:\/\/eldigitaldeasturias.com\/magazine365\/wp-content\/uploads\/2016\/01\/fotonoticia_20160122183335_800.jpg","og:image:width":800,"og:image:height":533,"article:published_time":"2016-01-23T13:58:06+00:00","article:modified_time":"2016-01-23T13:58:06+00:00","twitter:card":"summary_large_image","twitter:title":"Nueva campa\u00f1a de nieve de primavera para relanzar la temporada de Sierra Nevada | El Digital de Asturias","twitter:description":"El consejero de Turismo y Deporte, Francisco Javier Fern\u00e1ndez, ha presentado este viernes una campa\u00f1a especial que promocionar\u00e1 la nieve de primavera en Sierra Nevada con el objetivo de difundir una de las mayores fortalezas de la estaci\u00f3n granadina: su capacidad de prolongar la temporada hasta bien avanzado el a\u00f1o. Fern\u00e1ndez ha anunciado que la","twitter:image":"https:\/\/eldigitaldeasturias.com\/magazine365\/wp-content\/uploads\/2016\/01\/fotonoticia_20160122183335_800.jpg"},"aioseo_meta_data":{"post_id":"61886","title":null,"description":null,"keywords":null,"keyphrases":null,"primary_term":null,"canonical_url":null,"og_title":null,"og_description":null,"og_object_type":"default","og_image_type":"default","og_image_url":null,"og_image_width":null,"og_image_height":null,"og_image_custom_url":null,"og_image_custom_fields":null,"og_video":null,"og_custom_url":null,"og_article_section":null,"og_article_tags":null,"twitter_use_og":false,"twitter_card":"default","twitter_image_type":"default","twitter_image_url":null,"twitter_image_custom_url":null,"twitter_image_custom_fields":null,"twitter_title":null,"twitter_description":null,"schema":{"blockGraphs":[],"customGraphs":[],"default":{"data":{"Article":[],"Course":[],"Dataset":[],"FAQPage":[],"Movie":[],"Person":[],"Product":[],"ProductReview":[],"Car":[],"Recipe":[],"Service":[],"SoftwareApplication":[],"WebPage":[]},"graphName":"","isEnabled":true},"graphs":[],"defaultGraph":"","defaultPostTypeGraph":""},"schema_type":null,"schema_type_options":null,"pillar_content":false,"robots_default":true,"robots_noindex":false,"robots_noarchive":false,"robots_nosnippet":false,"robots_nofollow":false,"robots_noimageindex":false,"robots_noodp":false,"robots_notranslate":false,"robots_max_snippet":null,"robots_max_videopreview":null,"robots_max_imagepreview":"large","priority":null,"frequency":null,"location":null,"local_seo":null,"seo_analyzer_scan_date":"2025-09-25 09:55:07","breadcrumb_settings":null,"limit_modified_date":false,"open_ai":null,"ai":null,"created":"2021-03-08 21:43:43","updated":"2025-09-25 09:55:07"},"aioseo_breadcrumb":"<div class=\"aioseo-breadcrumbs\"><span class=\"aioseo-breadcrumb\">\n\t<a href=\"https:\/\/eldigitaldeasturias.com\/magazine365\" title=\"Home\">Home<\/a>\n<\/span><span class=\"aioseo-breadcrumb-separator\">\u2013<\/span><span class=\"aioseo-breadcrumb\">\n\t<a href=\"https:\/\/eldigitaldeasturias.com\/magazine365\/category\/noticias-actualidad\/\" title=\"Noticias y Actualidad\">Noticias y Actualidad<\/a>\n<\/span><span class=\"aioseo-breadcrumb-separator\">\u2013<\/span><span class=\"aioseo-breadcrumb\">\n\t<a href=\"https:\/\/eldigitaldeasturias.com\/magazine365\/nueva-campana-de-nieve-de-primavera-para-relanzar-la-temporada-de-sierra-nevada\/\" title=\"Nueva campa\u00f1a de nieve de primavera para relanzar la temporada de Sierra Nevada\">Nueva campa\u00f1a de nieve de primavera para relanzar la temporada de Sierra Nevada<\/a>\n<\/span><\/div>","aioseo_breadcrumb_json":[{"label":"Home","link":"https:\/\/eldigitaldeasturias.com\/magazine365"},{"label":"Noticias y Actualidad","link":"https:\/\/eldigitaldeasturias.com\/magazine365\/category\/noticias-actualidad\/"},{"label":"Nueva campa\u00f1a de nieve de primavera para relanzar la temporada de Sierra Nevada","link":"https:\/\/eldigitaldeasturias.com\/magazine365\/nueva-campana-de-nieve-de-primavera-para-relanzar-la-temporada-de-sierra-nevada\/"}],"_links":{"self":[{"href":"https:\/\/eldigitaldeasturias.com\/magazine365\/wp-json\/wp\/v2\/posts\/61886","targetHints":{"allow":["GET"]}}],"collection":[{"href":"https:\/\/eldigitaldeasturias.com\/magazine365\/wp-json\/wp\/v2\/posts"}],"about":[{"href":"https:\/\/eldigitaldeasturias.com\/magazine365\/wp-json\/wp\/v2\/types\/post"}],"author":[{"embeddable":true,"href":"https:\/\/eldigitaldeasturias.com\/magazine365\/wp-json\/wp\/v2\/users\/1"}],"replies":[{"embeddable":true,"href":"https:\/\/eldigitaldeasturias.com\/magazine365\/wp-json\/wp\/v2\/comments?post=61886"}],"version-history":[{"count":0,"href":"https:\/\/eldigitaldeasturias.com\/magazine365\/wp-json\/wp\/v2\/posts\/61886\/revisions"}],"wp:featuredmedia":[{"embeddable":true,"href":"https:\/\/eldigitaldeasturias.com\/magazine365\/wp-json\/wp\/v2\/media\/61887"}],"wp:attachment":[{"href":"https:\/\/eldigitaldeasturias.com\/magazine365\/wp-json\/wp\/v2\/media?parent=61886"}],"wp:term":[{"taxonomy":"category","embeddable":true,"href":"https:\/\/eldigitaldeasturias.com\/magazine365\/wp-json\/wp\/v2\/categories?post=61886"},{"taxonomy":"post_tag","embeddable":true,"href":"https:\/\/eldigitaldeasturias.com\/magazine365\/wp-json\/wp\/v2\/tags?post=61886"}],"curies":[{"name":"wp","href":"https:\/\/api.w.org\/{rel}","templated":true}]}}