{"id":61883,"date":"2016-01-23T14:57:10","date_gmt":"2016-01-23T13:57:10","guid":{"rendered":"http:\/\/eldigitaldeasturias.com\/magazine365\/?p=61883"},"modified":"2016-01-23T14:57:10","modified_gmt":"2016-01-23T13:57:10","slug":"el-turismo-activo-de-costa-de-almeria-protagonista-en-el-ultimo-dia-profesional","status":"publish","type":"post","link":"https:\/\/eldigitaldeasturias.com\/magazine365\/el-turismo-activo-de-costa-de-almeria-protagonista-en-el-ultimo-dia-profesional\/","title":{"rendered":"El turismo activo de &#8216;Costa de Almer\u00eda&#8217;, protagonista en el \u00faltimo d\u00eda profesional"},"content":{"rendered":"<p><img fetchpriority=\"high\" decoding=\"async\" class=\"alignleft size-medium wp-image-61884\" src=\"https:\/\/eldigitaldeasturias.com\/magazine365\/wp-content\/uploads\/2016\/01\/fotonoticia_20160122183247_800-360x240.jpg\" alt=\"fotonoticia_20160122183247_800\" width=\"360\" height=\"240\" srcset=\"https:\/\/eldigitaldeasturias.com\/magazine365\/wp-content\/uploads\/2016\/01\/fotonoticia_20160122183247_800-360x240.jpg 360w, https:\/\/eldigitaldeasturias.com\/magazine365\/wp-content\/uploads\/2016\/01\/fotonoticia_20160122183247_800-650x433.jpg 650w, https:\/\/eldigitaldeasturias.com\/magazine365\/wp-content\/uploads\/2016\/01\/fotonoticia_20160122183247_800-768x512.jpg 768w, https:\/\/eldigitaldeasturias.com\/magazine365\/wp-content\/uploads\/2016\/01\/fotonoticia_20160122183247_800-150x100.jpg 150w, https:\/\/eldigitaldeasturias.com\/magazine365\/wp-content\/uploads\/2016\/01\/fotonoticia_20160122183247_800-450x300.jpg 450w, https:\/\/eldigitaldeasturias.com\/magazine365\/wp-content\/uploads\/2016\/01\/fotonoticia_20160122183247_800-696x464.jpg 696w, https:\/\/eldigitaldeasturias.com\/magazine365\/wp-content\/uploads\/2016\/01\/fotonoticia_20160122183247_800-630x420.jpg 630w, https:\/\/eldigitaldeasturias.com\/magazine365\/wp-content\/uploads\/2016\/01\/fotonoticia_20160122183247_800-101x66.jpg 101w, https:\/\/eldigitaldeasturias.com\/magazine365\/wp-content\/uploads\/2016\/01\/fotonoticia_20160122183247_800.jpg 800w\" sizes=\"(max-width: 360px) 100vw, 360px\" \/>La oferta de turismo activo en el destino &#8216;Costa de Almer\u00eda&#8217; ha seguido siendo protagonista en el \u00faltimo d\u00eda de presentaciones en el stand de Almer\u00eda en Fitur, gracias a las propuestas de ciclismo y 4&#215;4 de cinco Grupos de Desarrollo Rural y L\u00facar.<\/p>\n<p>Los Grupos de Desarrollo Rural Proder Almanzora, GDR Filabres-Alhamilla, Aprov\u00e9lez, ADR Alpujarra-Sierra Nevada y GDR Levante Almeriense han presentado la BTT Transalmer\u00eda. Un circuito de 25 rutas dise\u00f1adas para la pr\u00e1ctica sostenible del ciclismo de monta\u00f1a, con un recorrido total de 1.254 kil\u00f3metros.<\/p>\n<p>Cada una de las rutas tienen un nivel de dificultad distinto, incluyen aparcabicis, y discurren por 31 n\u00facleos urbanos de la provincia de Almer\u00eda. Adem\u00e1s, la propuesta cuenta con la homologaci\u00f3n de la International Mountain Bycicling Association (Imba), cuyo presidente en Espa\u00f1a, V\u00edctor Tarodo, ha asegurado, durante la presentaci\u00f3n del proyecto en Fitur, que \u00abes la ruta de estas caracter\u00edsticas m\u00e1s larga de Espa\u00f1a y me ha parecido espectacular\u00bb.<\/p>\n<p>Tarodo tambi\u00e9n ha adelantado en primicia que la Imba Espa\u00f1a y el Instituto Geogr\u00e1fico Nacional han desarrollado un cat\u00e1logo oficial de rutas para bicicletas de monta\u00f1a por todo el pa\u00eds, disponible a trav\u00e9s de una aplicaci\u00f3n para smartphones, e incluye la BTT Transalmer\u00eda, algo que Tarodo ha calificado de \u00abavance muy importante para esta ruta y para la promoci\u00f3n de la provincia de Almer\u00eda\u00bb.<\/p>\n<p>La diputada provincial de Deportes, \u00c1ngeles Mart\u00ednez, ha felicitado a los Grupos de Desarrollo Rural por la apuesta por esta ruta, ya que \u00abuno de los deportes, sin duda, que m\u00e1s est\u00e1 destacando en Almer\u00eda es el ciclismo, con eventos a nivel internacional, como la Cl\u00e1sica Ciclista, y pruebas de gran \u00edndole, como la Juan Mart\u00ednez Oliver, que incluye la subida a tres picos de gran envergadura. Este trabajo animar\u00e1 a los deportistas a conocer Almer\u00eda de la mano del deporte\u00bb.<\/p>\n<p>La BTT Transalmer\u00eda, adem\u00e1s, ha conseguido que uno de los equipos ciclistas m\u00e1s destacados de la provincia, el BTT Primaflor Orbea Racing, de Pulp\u00ed, sea uno de los patrocinadores de esta ruta que se posiciona como un recurso de turismo activo clave para Almer\u00eda.<\/p>\n<p>L\u00daCAR Y EL 4X4<\/p>\n<p>El Ayuntamiento de L\u00facar tambi\u00e9n ha apostado por el deporte para su promoci\u00f3n tur\u00edstica y bajo el paraguas de Fitur han presentado dos eventos relacionados con los deportes de motor, en concreto con el 4&#215;4, que se desarrollar\u00e1n en el municipio durante los puentes de mayo y noviembre de 2016.<\/p>\n<p>El alcalde de L\u00facar, Jos\u00e9 Antonio S\u00e1ez, ha explicado que iniciativas como esta \u00abson buenas para que la gente conozca la provincia, y ahora lo har\u00e1 en coche\u00bb.<\/p>\n<p>El pr\u00f3ximo mes de mayo, L\u00facar acoger\u00e1 el &#8216;Todoterreno Experience&#8217;, una novedosa propuesta para los amantes del 4&#215;4, que incluye m\u00e1s de 400 kil\u00f3metros de rutas para todoterreno alrededor de la provincia y varias actividades paralelas, como un concurso de navegaci\u00f3n, en el que los GPS y los sistemas tecnol\u00f3gicos van a quedar pr\u00e1cticamente inservibles.<\/p>\n","protected":false},"excerpt":{"rendered":"<p>La oferta de turismo activo en el destino &#8216;Costa de Almer\u00eda&#8217; ha seguido siendo protagonista en el \u00faltimo d\u00eda de presentaciones en el stand de Almer\u00eda en Fitur, gracias a las propuestas de ciclismo y 4&#215;4 de cinco Grupos de Desarrollo Rural y L\u00facar. Los Grupos de Desarrollo Rural Proder Almanzora, GDR Filabres-Alhamilla, Aprov\u00e9lez, ADR<\/p>\n","protected":false},"author":1,"featured_media":61884,"comment_status":"open","ping_status":"closed","sticky":false,"template":"","format":"standard","meta":{"footnotes":""},"categories":[224],"tags":[],"class_list":{"0":"post-61883","1":"post","2":"type-post","3":"status-publish","4":"format-standard","5":"has-post-thumbnail","7":"category-noticias-actualidad"},"aioseo_notices":[],"aioseo_head":"\n\t\t<!-- All in One SEO Pro 4.9.6.1 - aioseo.com -->\n\t<meta name=\"description\" content=\"La oferta de turismo activo en el destino &#039;Costa de Almer\u00eda&#039; ha seguido siendo protagonista en el \u00faltimo d\u00eda de presentaciones en el stand de Almer\u00eda en Fitur, gracias a las propuestas de ciclismo y 4x4 de cinco Grupos de Desarrollo Rural y L\u00facar. Los Grupos de Desarrollo Rural Proder Almanzora, GDR Filabres-Alhamilla, Aprov\u00e9lez, ADR\" \/>\n\t<meta name=\"robots\" content=\"max-image-preview:large\" \/>\n\t<meta name=\"author\" content=\"admin\"\/>\n\t<meta name=\"google-site-verification\" content=\"UA-38556648-1\" \/>\n\t<meta name=\"keywords\" content=\"noticias y actualidad\" \/>\n\t<link rel=\"canonical\" href=\"https:\/\/eldigitaldeasturias.com\/magazine365\/el-turismo-activo-de-costa-de-almeria-protagonista-en-el-ultimo-dia-profesional\/\" \/>\n\t<meta name=\"generator\" content=\"All in One SEO Pro (AIOSEO) 4.9.6.1\" \/>\n\t\t<meta property=\"og:locale\" content=\"es_ES\" \/>\n\t\t<meta property=\"og:site_name\" content=\"El Digital de Asturias \u2013 Revista de ocio, turismo y estilo de vida\" \/>\n\t\t<meta property=\"og:type\" content=\"article\" \/>\n\t\t<meta property=\"og:title\" content=\"El turismo activo de \u2018Costa de Almer\u00eda\u2019, protagonista en el \u00faltimo d\u00eda profesional | El Digital de Asturias\" \/>\n\t\t<meta property=\"og:description\" content=\"La oferta de turismo activo en el destino &#039;Costa de Almer\u00eda&#039; ha seguido siendo protagonista en el \u00faltimo d\u00eda de presentaciones en el stand de Almer\u00eda en Fitur, gracias a las propuestas de ciclismo y 4x4 de cinco Grupos de Desarrollo Rural y L\u00facar. Los Grupos de Desarrollo Rural Proder Almanzora, GDR Filabres-Alhamilla, Aprov\u00e9lez, ADR\" \/>\n\t\t<meta property=\"og:url\" content=\"https:\/\/eldigitaldeasturias.com\/magazine365\/el-turismo-activo-de-costa-de-almeria-protagonista-en-el-ultimo-dia-profesional\/\" \/>\n\t\t<meta property=\"og:image\" content=\"https:\/\/eldigitaldeasturias.com\/magazine365\/wp-content\/uploads\/2016\/01\/fotonoticia_20160122183247_800.jpg\" \/>\n\t\t<meta property=\"og:image:secure_url\" content=\"https:\/\/eldigitaldeasturias.com\/magazine365\/wp-content\/uploads\/2016\/01\/fotonoticia_20160122183247_800.jpg\" \/>\n\t\t<meta property=\"og:image:width\" content=\"800\" \/>\n\t\t<meta property=\"og:image:height\" content=\"533\" \/>\n\t\t<meta property=\"article:published_time\" content=\"2016-01-23T13:57:10+00:00\" \/>\n\t\t<meta property=\"article:modified_time\" content=\"2016-01-23T13:57:10+00:00\" \/>\n\t\t<meta name=\"twitter:card\" content=\"summary_large_image\" \/>\n\t\t<meta name=\"twitter:title\" content=\"El turismo activo de \u2018Costa de Almer\u00eda\u2019, protagonista en el \u00faltimo d\u00eda profesional | El Digital de Asturias\" \/>\n\t\t<meta name=\"twitter:description\" content=\"La oferta de turismo activo en el destino &#039;Costa de Almer\u00eda&#039; ha seguido siendo protagonista en el \u00faltimo d\u00eda de presentaciones en el stand de Almer\u00eda en Fitur, gracias a las propuestas de ciclismo y 4x4 de cinco Grupos de Desarrollo Rural y L\u00facar. Los Grupos de Desarrollo Rural Proder Almanzora, GDR Filabres-Alhamilla, Aprov\u00e9lez, ADR\" \/>\n\t\t<meta name=\"twitter:image\" content=\"https:\/\/eldigitaldeasturias.com\/magazine365\/wp-content\/uploads\/2016\/01\/fotonoticia_20160122183247_800.jpg\" \/>\n\t\t<script type=\"application\/ld+json\" class=\"aioseo-schema\">\n\t\t\t{\"@context\":\"https:\\\/\\\/schema.org\",\"@graph\":[{\"@type\":\"Article\",\"@id\":\"https:\\\/\\\/eldigitaldeasturias.com\\\/magazine365\\\/el-turismo-activo-de-costa-de-almeria-protagonista-en-el-ultimo-dia-profesional\\\/#article\",\"name\":\"El turismo activo de \\u2018Costa de Almer\\u00eda\\u2019, protagonista en el \\u00faltimo d\\u00eda profesional | El Digital de Asturias\",\"headline\":\"El turismo activo de &#8216;Costa de Almer\\u00eda&#8217;, protagonista en el \\u00faltimo d\\u00eda profesional\",\"author\":{\"@id\":\"https:\\\/\\\/eldigitaldeasturias.com\\\/magazine365\\\/author\\\/admin\\\/#author\"},\"publisher\":{\"@id\":\"https:\\\/\\\/eldigitaldeasturias.com\\\/magazine365\\\/#organization\"},\"image\":{\"@type\":\"ImageObject\",\"url\":\"https:\\\/\\\/eldigitaldeasturias.com\\\/magazine365\\\/wp-content\\\/uploads\\\/2016\\\/01\\\/fotonoticia_20160122183247_800.jpg\",\"width\":800,\"height\":533},\"datePublished\":\"2016-01-23T14:57:10+01:00\",\"dateModified\":\"2016-01-23T14:57:10+01:00\",\"inLanguage\":\"es-ES\",\"mainEntityOfPage\":{\"@id\":\"https:\\\/\\\/eldigitaldeasturias.com\\\/magazine365\\\/el-turismo-activo-de-costa-de-almeria-protagonista-en-el-ultimo-dia-profesional\\\/#webpage\"},\"isPartOf\":{\"@id\":\"https:\\\/\\\/eldigitaldeasturias.com\\\/magazine365\\\/el-turismo-activo-de-costa-de-almeria-protagonista-en-el-ultimo-dia-profesional\\\/#webpage\"},\"articleSection\":\"Noticias y Actualidad\"},{\"@type\":\"BreadcrumbList\",\"@id\":\"https:\\\/\\\/eldigitaldeasturias.com\\\/magazine365\\\/el-turismo-activo-de-costa-de-almeria-protagonista-en-el-ultimo-dia-profesional\\\/#breadcrumblist\",\"itemListElement\":[{\"@type\":\"ListItem\",\"@id\":\"https:\\\/\\\/eldigitaldeasturias.com\\\/magazine365#listItem\",\"position\":1,\"name\":\"Home\",\"item\":\"https:\\\/\\\/eldigitaldeasturias.com\\\/magazine365\",\"nextItem\":{\"@type\":\"ListItem\",\"@id\":\"https:\\\/\\\/eldigitaldeasturias.com\\\/magazine365\\\/category\\\/noticias-actualidad\\\/#listItem\",\"name\":\"Noticias y Actualidad\"}},{\"@type\":\"ListItem\",\"@id\":\"https:\\\/\\\/eldigitaldeasturias.com\\\/magazine365\\\/category\\\/noticias-actualidad\\\/#listItem\",\"position\":2,\"name\":\"Noticias y Actualidad\",\"item\":\"https:\\\/\\\/eldigitaldeasturias.com\\\/magazine365\\\/category\\\/noticias-actualidad\\\/\",\"nextItem\":{\"@type\":\"ListItem\",\"@id\":\"https:\\\/\\\/eldigitaldeasturias.com\\\/magazine365\\\/el-turismo-activo-de-costa-de-almeria-protagonista-en-el-ultimo-dia-profesional\\\/#listItem\",\"name\":\"El turismo activo de &#8216;Costa de Almer\\u00eda&#8217;, protagonista en el \\u00faltimo d\\u00eda profesional\"},\"previousItem\":{\"@type\":\"ListItem\",\"@id\":\"https:\\\/\\\/eldigitaldeasturias.com\\\/magazine365#listItem\",\"name\":\"Home\"}},{\"@type\":\"ListItem\",\"@id\":\"https:\\\/\\\/eldigitaldeasturias.com\\\/magazine365\\\/el-turismo-activo-de-costa-de-almeria-protagonista-en-el-ultimo-dia-profesional\\\/#listItem\",\"position\":3,\"name\":\"El turismo activo de &#8216;Costa de Almer\\u00eda&#8217;, protagonista en el \\u00faltimo d\\u00eda profesional\",\"previousItem\":{\"@type\":\"ListItem\",\"@id\":\"https:\\\/\\\/eldigitaldeasturias.com\\\/magazine365\\\/category\\\/noticias-actualidad\\\/#listItem\",\"name\":\"Noticias y Actualidad\"}}]},{\"@type\":\"Organization\",\"@id\":\"https:\\\/\\\/eldigitaldeasturias.com\\\/magazine365\\\/#organization\",\"name\":\"El digital de Asturias\",\"description\":\"Revista de ocio, turismo y estilo de vida\",\"url\":\"https:\\\/\\\/eldigitaldeasturias.com\\\/magazine365\\\/\",\"logo\":{\"@type\":\"ImageObject\",\"url\":\"https:\\\/\\\/www.eldigitaldeasturias.com\\\/noticias\\\/wp-content\\\/uploads\\\/2020\\\/12\\\/EDA.jpg\",\"@id\":\"https:\\\/\\\/eldigitaldeasturias.com\\\/magazine365\\\/el-turismo-activo-de-costa-de-almeria-protagonista-en-el-ultimo-dia-profesional\\\/#organizationLogo\"},\"image\":{\"@id\":\"https:\\\/\\\/eldigitaldeasturias.com\\\/magazine365\\\/el-turismo-activo-de-costa-de-almeria-protagonista-en-el-ultimo-dia-profesional\\\/#organizationLogo\"}},{\"@type\":\"Person\",\"@id\":\"https:\\\/\\\/eldigitaldeasturias.com\\\/magazine365\\\/author\\\/admin\\\/#author\",\"url\":\"https:\\\/\\\/eldigitaldeasturias.com\\\/magazine365\\\/author\\\/admin\\\/\",\"name\":\"admin\",\"image\":{\"@type\":\"ImageObject\",\"@id\":\"https:\\\/\\\/eldigitaldeasturias.com\\\/magazine365\\\/el-turismo-activo-de-costa-de-almeria-protagonista-en-el-ultimo-dia-profesional\\\/#authorImage\",\"url\":\"https:\\\/\\\/eldigitaldeasturias.com\\\/magazine365\\\/wp-content\\\/litespeed\\\/avatar\\\/e571bcf59a0edd6fa6838245a470f2fe.jpg?ver=1776969259\",\"width\":96,\"height\":96,\"caption\":\"admin\"}},{\"@type\":\"WebPage\",\"@id\":\"https:\\\/\\\/eldigitaldeasturias.com\\\/magazine365\\\/el-turismo-activo-de-costa-de-almeria-protagonista-en-el-ultimo-dia-profesional\\\/#webpage\",\"url\":\"https:\\\/\\\/eldigitaldeasturias.com\\\/magazine365\\\/el-turismo-activo-de-costa-de-almeria-protagonista-en-el-ultimo-dia-profesional\\\/\",\"name\":\"El turismo activo de \\u2018Costa de Almer\\u00eda\\u2019, protagonista en el \\u00faltimo d\\u00eda profesional | El Digital de Asturias\",\"description\":\"La oferta de turismo activo en el destino 'Costa de Almer\\u00eda' ha seguido siendo protagonista en el \\u00faltimo d\\u00eda de presentaciones en el stand de Almer\\u00eda en Fitur, gracias a las propuestas de ciclismo y 4x4 de cinco Grupos de Desarrollo Rural y L\\u00facar. Los Grupos de Desarrollo Rural Proder Almanzora, GDR Filabres-Alhamilla, Aprov\\u00e9lez, ADR\",\"inLanguage\":\"es-ES\",\"isPartOf\":{\"@id\":\"https:\\\/\\\/eldigitaldeasturias.com\\\/magazine365\\\/#website\"},\"breadcrumb\":{\"@id\":\"https:\\\/\\\/eldigitaldeasturias.com\\\/magazine365\\\/el-turismo-activo-de-costa-de-almeria-protagonista-en-el-ultimo-dia-profesional\\\/#breadcrumblist\"},\"author\":{\"@id\":\"https:\\\/\\\/eldigitaldeasturias.com\\\/magazine365\\\/author\\\/admin\\\/#author\"},\"creator\":{\"@id\":\"https:\\\/\\\/eldigitaldeasturias.com\\\/magazine365\\\/author\\\/admin\\\/#author\"},\"image\":{\"@type\":\"ImageObject\",\"url\":\"https:\\\/\\\/eldigitaldeasturias.com\\\/magazine365\\\/wp-content\\\/uploads\\\/2016\\\/01\\\/fotonoticia_20160122183247_800.jpg\",\"@id\":\"https:\\\/\\\/eldigitaldeasturias.com\\\/magazine365\\\/el-turismo-activo-de-costa-de-almeria-protagonista-en-el-ultimo-dia-profesional\\\/#mainImage\",\"width\":800,\"height\":533},\"primaryImageOfPage\":{\"@id\":\"https:\\\/\\\/eldigitaldeasturias.com\\\/magazine365\\\/el-turismo-activo-de-costa-de-almeria-protagonista-en-el-ultimo-dia-profesional\\\/#mainImage\"},\"datePublished\":\"2016-01-23T14:57:10+01:00\",\"dateModified\":\"2016-01-23T14:57:10+01:00\"},{\"@type\":\"WebSite\",\"@id\":\"https:\\\/\\\/eldigitaldeasturias.com\\\/magazine365\\\/#website\",\"url\":\"https:\\\/\\\/eldigitaldeasturias.com\\\/magazine365\\\/\",\"name\":\"El Digital de Asturias\",\"description\":\"Revista de ocio, turismo y estilo de vida\",\"inLanguage\":\"es-ES\",\"publisher\":{\"@id\":\"https:\\\/\\\/eldigitaldeasturias.com\\\/magazine365\\\/#organization\"}}]}\n\t\t<\/script>\n\t\t<!-- All in One SEO Pro -->\r\n\t\t<title>El turismo activo de \u2018Costa de Almer\u00eda\u2019, protagonista en el \u00faltimo d\u00eda profesional | El Digital de Asturias<\/title>\n\n","aioseo_head_json":{"title":"El turismo activo de \u2018Costa de Almer\u00eda\u2019, protagonista en el \u00faltimo d\u00eda profesional | El Digital de Asturias","description":"La oferta de turismo activo en el destino 'Costa de Almer\u00eda' ha seguido siendo protagonista en el \u00faltimo d\u00eda de presentaciones en el stand de Almer\u00eda en Fitur, gracias a las propuestas de ciclismo y 4x4 de cinco Grupos de Desarrollo Rural y L\u00facar. Los Grupos de Desarrollo Rural Proder Almanzora, GDR Filabres-Alhamilla, Aprov\u00e9lez, ADR","canonical_url":"https:\/\/eldigitaldeasturias.com\/magazine365\/el-turismo-activo-de-costa-de-almeria-protagonista-en-el-ultimo-dia-profesional\/","robots":"max-image-preview:large","keywords":"noticias y actualidad","webmasterTools":{"google-site-verification":"UA-38556648-1","miscellaneous":""},"schema":{"@context":"https:\/\/schema.org","@graph":[{"@type":"Article","@id":"https:\/\/eldigitaldeasturias.com\/magazine365\/el-turismo-activo-de-costa-de-almeria-protagonista-en-el-ultimo-dia-profesional\/#article","name":"El turismo activo de \u2018Costa de Almer\u00eda\u2019, protagonista en el \u00faltimo d\u00eda profesional | El Digital de Asturias","headline":"El turismo activo de &#8216;Costa de Almer\u00eda&#8217;, protagonista en el \u00faltimo d\u00eda profesional","author":{"@id":"https:\/\/eldigitaldeasturias.com\/magazine365\/author\/admin\/#author"},"publisher":{"@id":"https:\/\/eldigitaldeasturias.com\/magazine365\/#organization"},"image":{"@type":"ImageObject","url":"https:\/\/eldigitaldeasturias.com\/magazine365\/wp-content\/uploads\/2016\/01\/fotonoticia_20160122183247_800.jpg","width":800,"height":533},"datePublished":"2016-01-23T14:57:10+01:00","dateModified":"2016-01-23T14:57:10+01:00","inLanguage":"es-ES","mainEntityOfPage":{"@id":"https:\/\/eldigitaldeasturias.com\/magazine365\/el-turismo-activo-de-costa-de-almeria-protagonista-en-el-ultimo-dia-profesional\/#webpage"},"isPartOf":{"@id":"https:\/\/eldigitaldeasturias.com\/magazine365\/el-turismo-activo-de-costa-de-almeria-protagonista-en-el-ultimo-dia-profesional\/#webpage"},"articleSection":"Noticias y Actualidad"},{"@type":"BreadcrumbList","@id":"https:\/\/eldigitaldeasturias.com\/magazine365\/el-turismo-activo-de-costa-de-almeria-protagonista-en-el-ultimo-dia-profesional\/#breadcrumblist","itemListElement":[{"@type":"ListItem","@id":"https:\/\/eldigitaldeasturias.com\/magazine365#listItem","position":1,"name":"Home","item":"https:\/\/eldigitaldeasturias.com\/magazine365","nextItem":{"@type":"ListItem","@id":"https:\/\/eldigitaldeasturias.com\/magazine365\/category\/noticias-actualidad\/#listItem","name":"Noticias y Actualidad"}},{"@type":"ListItem","@id":"https:\/\/eldigitaldeasturias.com\/magazine365\/category\/noticias-actualidad\/#listItem","position":2,"name":"Noticias y Actualidad","item":"https:\/\/eldigitaldeasturias.com\/magazine365\/category\/noticias-actualidad\/","nextItem":{"@type":"ListItem","@id":"https:\/\/eldigitaldeasturias.com\/magazine365\/el-turismo-activo-de-costa-de-almeria-protagonista-en-el-ultimo-dia-profesional\/#listItem","name":"El turismo activo de &#8216;Costa de Almer\u00eda&#8217;, protagonista en el \u00faltimo d\u00eda profesional"},"previousItem":{"@type":"ListItem","@id":"https:\/\/eldigitaldeasturias.com\/magazine365#listItem","name":"Home"}},{"@type":"ListItem","@id":"https:\/\/eldigitaldeasturias.com\/magazine365\/el-turismo-activo-de-costa-de-almeria-protagonista-en-el-ultimo-dia-profesional\/#listItem","position":3,"name":"El turismo activo de &#8216;Costa de Almer\u00eda&#8217;, protagonista en el \u00faltimo d\u00eda profesional","previousItem":{"@type":"ListItem","@id":"https:\/\/eldigitaldeasturias.com\/magazine365\/category\/noticias-actualidad\/#listItem","name":"Noticias y Actualidad"}}]},{"@type":"Organization","@id":"https:\/\/eldigitaldeasturias.com\/magazine365\/#organization","name":"El digital de Asturias","description":"Revista de ocio, turismo y estilo de vida","url":"https:\/\/eldigitaldeasturias.com\/magazine365\/","logo":{"@type":"ImageObject","url":"https:\/\/www.eldigitaldeasturias.com\/noticias\/wp-content\/uploads\/2020\/12\/EDA.jpg","@id":"https:\/\/eldigitaldeasturias.com\/magazine365\/el-turismo-activo-de-costa-de-almeria-protagonista-en-el-ultimo-dia-profesional\/#organizationLogo"},"image":{"@id":"https:\/\/eldigitaldeasturias.com\/magazine365\/el-turismo-activo-de-costa-de-almeria-protagonista-en-el-ultimo-dia-profesional\/#organizationLogo"}},{"@type":"Person","@id":"https:\/\/eldigitaldeasturias.com\/magazine365\/author\/admin\/#author","url":"https:\/\/eldigitaldeasturias.com\/magazine365\/author\/admin\/","name":"admin","image":{"@type":"ImageObject","@id":"https:\/\/eldigitaldeasturias.com\/magazine365\/el-turismo-activo-de-costa-de-almeria-protagonista-en-el-ultimo-dia-profesional\/#authorImage","url":"https:\/\/eldigitaldeasturias.com\/magazine365\/wp-content\/litespeed\/avatar\/e571bcf59a0edd6fa6838245a470f2fe.jpg?ver=1776969259","width":96,"height":96,"caption":"admin"}},{"@type":"WebPage","@id":"https:\/\/eldigitaldeasturias.com\/magazine365\/el-turismo-activo-de-costa-de-almeria-protagonista-en-el-ultimo-dia-profesional\/#webpage","url":"https:\/\/eldigitaldeasturias.com\/magazine365\/el-turismo-activo-de-costa-de-almeria-protagonista-en-el-ultimo-dia-profesional\/","name":"El turismo activo de \u2018Costa de Almer\u00eda\u2019, protagonista en el \u00faltimo d\u00eda profesional | El Digital de Asturias","description":"La oferta de turismo activo en el destino 'Costa de Almer\u00eda' ha seguido siendo protagonista en el \u00faltimo d\u00eda de presentaciones en el stand de Almer\u00eda en Fitur, gracias a las propuestas de ciclismo y 4x4 de cinco Grupos de Desarrollo Rural y L\u00facar. Los Grupos de Desarrollo Rural Proder Almanzora, GDR Filabres-Alhamilla, Aprov\u00e9lez, ADR","inLanguage":"es-ES","isPartOf":{"@id":"https:\/\/eldigitaldeasturias.com\/magazine365\/#website"},"breadcrumb":{"@id":"https:\/\/eldigitaldeasturias.com\/magazine365\/el-turismo-activo-de-costa-de-almeria-protagonista-en-el-ultimo-dia-profesional\/#breadcrumblist"},"author":{"@id":"https:\/\/eldigitaldeasturias.com\/magazine365\/author\/admin\/#author"},"creator":{"@id":"https:\/\/eldigitaldeasturias.com\/magazine365\/author\/admin\/#author"},"image":{"@type":"ImageObject","url":"https:\/\/eldigitaldeasturias.com\/magazine365\/wp-content\/uploads\/2016\/01\/fotonoticia_20160122183247_800.jpg","@id":"https:\/\/eldigitaldeasturias.com\/magazine365\/el-turismo-activo-de-costa-de-almeria-protagonista-en-el-ultimo-dia-profesional\/#mainImage","width":800,"height":533},"primaryImageOfPage":{"@id":"https:\/\/eldigitaldeasturias.com\/magazine365\/el-turismo-activo-de-costa-de-almeria-protagonista-en-el-ultimo-dia-profesional\/#mainImage"},"datePublished":"2016-01-23T14:57:10+01:00","dateModified":"2016-01-23T14:57:10+01:00"},{"@type":"WebSite","@id":"https:\/\/eldigitaldeasturias.com\/magazine365\/#website","url":"https:\/\/eldigitaldeasturias.com\/magazine365\/","name":"El Digital de Asturias","description":"Revista de ocio, turismo y estilo de vida","inLanguage":"es-ES","publisher":{"@id":"https:\/\/eldigitaldeasturias.com\/magazine365\/#organization"}}]},"og:locale":"es_ES","og:site_name":"El Digital de Asturias \u2013 Revista de ocio, turismo y estilo de vida","og:type":"article","og:title":"El turismo activo de \u2018Costa de Almer\u00eda\u2019, protagonista en el \u00faltimo d\u00eda profesional | El Digital de Asturias","og:description":"La oferta de turismo activo en el destino 'Costa de Almer\u00eda' ha seguido siendo protagonista en el \u00faltimo d\u00eda de presentaciones en el stand de Almer\u00eda en Fitur, gracias a las propuestas de ciclismo y 4x4 de cinco Grupos de Desarrollo Rural y L\u00facar. Los Grupos de Desarrollo Rural Proder Almanzora, GDR Filabres-Alhamilla, Aprov\u00e9lez, ADR","og:url":"https:\/\/eldigitaldeasturias.com\/magazine365\/el-turismo-activo-de-costa-de-almeria-protagonista-en-el-ultimo-dia-profesional\/","og:image":"https:\/\/eldigitaldeasturias.com\/magazine365\/wp-content\/uploads\/2016\/01\/fotonoticia_20160122183247_800.jpg","og:image:secure_url":"https:\/\/eldigitaldeasturias.com\/magazine365\/wp-content\/uploads\/2016\/01\/fotonoticia_20160122183247_800.jpg","og:image:width":800,"og:image:height":533,"article:published_time":"2016-01-23T13:57:10+00:00","article:modified_time":"2016-01-23T13:57:10+00:00","twitter:card":"summary_large_image","twitter:title":"El turismo activo de \u2018Costa de Almer\u00eda\u2019, protagonista en el \u00faltimo d\u00eda profesional | El Digital de Asturias","twitter:description":"La oferta de turismo activo en el destino 'Costa de Almer\u00eda' ha seguido siendo protagonista en el \u00faltimo d\u00eda de presentaciones en el stand de Almer\u00eda en Fitur, gracias a las propuestas de ciclismo y 4x4 de cinco Grupos de Desarrollo Rural y L\u00facar. Los Grupos de Desarrollo Rural Proder Almanzora, GDR Filabres-Alhamilla, Aprov\u00e9lez, ADR","twitter:image":"https:\/\/eldigitaldeasturias.com\/magazine365\/wp-content\/uploads\/2016\/01\/fotonoticia_20160122183247_800.jpg"},"aioseo_meta_data":{"post_id":"61883","title":null,"description":null,"keywords":null,"keyphrases":null,"primary_term":null,"canonical_url":null,"og_title":null,"og_description":null,"og_object_type":"default","og_image_type":"default","og_image_url":null,"og_image_width":null,"og_image_height":null,"og_image_custom_url":null,"og_image_custom_fields":null,"og_video":null,"og_custom_url":null,"og_article_section":null,"og_article_tags":null,"twitter_use_og":false,"twitter_card":"default","twitter_image_type":"default","twitter_image_url":null,"twitter_image_custom_url":null,"twitter_image_custom_fields":null,"twitter_title":null,"twitter_description":null,"schema":{"blockGraphs":[],"customGraphs":[],"default":{"data":{"Article":[],"Course":[],"Dataset":[],"FAQPage":[],"Movie":[],"Person":[],"Product":[],"ProductReview":[],"Car":[],"Recipe":[],"Service":[],"SoftwareApplication":[],"WebPage":[]},"graphName":"","isEnabled":true},"graphs":[],"defaultGraph":"","defaultPostTypeGraph":""},"schema_type":null,"schema_type_options":null,"pillar_content":false,"robots_default":true,"robots_noindex":false,"robots_noarchive":false,"robots_nosnippet":false,"robots_nofollow":false,"robots_noimageindex":false,"robots_noodp":false,"robots_notranslate":false,"robots_max_snippet":null,"robots_max_videopreview":null,"robots_max_imagepreview":"large","priority":null,"frequency":null,"location":null,"local_seo":null,"seo_analyzer_scan_date":"2025-09-25 09:55:06","breadcrumb_settings":null,"limit_modified_date":false,"open_ai":null,"ai":null,"created":"2021-03-08 21:43:43","updated":"2025-09-25 09:55:06"},"aioseo_breadcrumb":"<div class=\"aioseo-breadcrumbs\"><span class=\"aioseo-breadcrumb\">\n\t<a href=\"https:\/\/eldigitaldeasturias.com\/magazine365\" title=\"Home\">Home<\/a>\n<\/span><span class=\"aioseo-breadcrumb-separator\">\u2013<\/span><span class=\"aioseo-breadcrumb\">\n\t<a href=\"https:\/\/eldigitaldeasturias.com\/magazine365\/category\/noticias-actualidad\/\" title=\"Noticias y Actualidad\">Noticias y Actualidad<\/a>\n<\/span><span class=\"aioseo-breadcrumb-separator\">\u2013<\/span><span class=\"aioseo-breadcrumb\">\n\t<a href=\"https:\/\/eldigitaldeasturias.com\/magazine365\/el-turismo-activo-de-costa-de-almeria-protagonista-en-el-ultimo-dia-profesional\/\" title=\"El turismo activo de \u2018Costa de Almer\u00eda\u2019, protagonista en el \u00faltimo d\u00eda profesional\">El turismo activo de \u2018Costa de Almer\u00eda\u2019, protagonista en el \u00faltimo d\u00eda profesional<\/a>\n<\/span><\/div>","aioseo_breadcrumb_json":[{"label":"Home","link":"https:\/\/eldigitaldeasturias.com\/magazine365"},{"label":"Noticias y Actualidad","link":"https:\/\/eldigitaldeasturias.com\/magazine365\/category\/noticias-actualidad\/"},{"label":"El turismo activo de &#8216;Costa de Almer\u00eda&#8217;, protagonista en el \u00faltimo d\u00eda profesional","link":"https:\/\/eldigitaldeasturias.com\/magazine365\/el-turismo-activo-de-costa-de-almeria-protagonista-en-el-ultimo-dia-profesional\/"}],"_links":{"self":[{"href":"https:\/\/eldigitaldeasturias.com\/magazine365\/wp-json\/wp\/v2\/posts\/61883","targetHints":{"allow":["GET"]}}],"collection":[{"href":"https:\/\/eldigitaldeasturias.com\/magazine365\/wp-json\/wp\/v2\/posts"}],"about":[{"href":"https:\/\/eldigitaldeasturias.com\/magazine365\/wp-json\/wp\/v2\/types\/post"}],"author":[{"embeddable":true,"href":"https:\/\/eldigitaldeasturias.com\/magazine365\/wp-json\/wp\/v2\/users\/1"}],"replies":[{"embeddable":true,"href":"https:\/\/eldigitaldeasturias.com\/magazine365\/wp-json\/wp\/v2\/comments?post=61883"}],"version-history":[{"count":0,"href":"https:\/\/eldigitaldeasturias.com\/magazine365\/wp-json\/wp\/v2\/posts\/61883\/revisions"}],"wp:featuredmedia":[{"embeddable":true,"href":"https:\/\/eldigitaldeasturias.com\/magazine365\/wp-json\/wp\/v2\/media\/61884"}],"wp:attachment":[{"href":"https:\/\/eldigitaldeasturias.com\/magazine365\/wp-json\/wp\/v2\/media?parent=61883"}],"wp:term":[{"taxonomy":"category","embeddable":true,"href":"https:\/\/eldigitaldeasturias.com\/magazine365\/wp-json\/wp\/v2\/categories?post=61883"},{"taxonomy":"post_tag","embeddable":true,"href":"https:\/\/eldigitaldeasturias.com\/magazine365\/wp-json\/wp\/v2\/tags?post=61883"}],"curies":[{"name":"wp","href":"https:\/\/api.w.org\/{rel}","templated":true}]}}