{"id":61880,"date":"2016-01-23T14:56:21","date_gmt":"2016-01-23T13:56:21","guid":{"rendered":"http:\/\/eldigitaldeasturias.com\/magazine365\/?p=61880"},"modified":"2016-01-23T14:56:21","modified_gmt":"2016-01-23T13:56:21","slug":"la-casa-natal-de-camaron-de-la-isla-diferencia-la-oferta-turistica-de-san-fernando","status":"publish","type":"post","link":"https:\/\/eldigitaldeasturias.com\/magazine365\/la-casa-natal-de-camaron-de-la-isla-diferencia-la-oferta-turistica-de-san-fernando\/","title":{"rendered":"La casa natal de Camar\u00f3n de la Isla diferencia la oferta tur\u00edstica de San Fernando"},"content":{"rendered":"<p><img fetchpriority=\"high\" decoding=\"async\" class=\"alignleft size-medium wp-image-61881\" src=\"https:\/\/eldigitaldeasturias.com\/magazine365\/wp-content\/uploads\/2016\/01\/fotonoticia_20160122183132_800-360x211.jpg\" alt=\"fotonoticia_20160122183132_800\" width=\"360\" height=\"211\" srcset=\"https:\/\/eldigitaldeasturias.com\/magazine365\/wp-content\/uploads\/2016\/01\/fotonoticia_20160122183132_800-360x211.jpg 360w, https:\/\/eldigitaldeasturias.com\/magazine365\/wp-content\/uploads\/2016\/01\/fotonoticia_20160122183132_800-650x381.jpg 650w, https:\/\/eldigitaldeasturias.com\/magazine365\/wp-content\/uploads\/2016\/01\/fotonoticia_20160122183132_800-768x450.jpg 768w, https:\/\/eldigitaldeasturias.com\/magazine365\/wp-content\/uploads\/2016\/01\/fotonoticia_20160122183132_800-150x88.jpg 150w, https:\/\/eldigitaldeasturias.com\/magazine365\/wp-content\/uploads\/2016\/01\/fotonoticia_20160122183132_800-450x264.jpg 450w, https:\/\/eldigitaldeasturias.com\/magazine365\/wp-content\/uploads\/2016\/01\/fotonoticia_20160122183132_800-696x408.jpg 696w, https:\/\/eldigitaldeasturias.com\/magazine365\/wp-content\/uploads\/2016\/01\/fotonoticia_20160122183132_800-716x420.jpg 716w, https:\/\/eldigitaldeasturias.com\/magazine365\/wp-content\/uploads\/2016\/01\/fotonoticia_20160122183132_800-172x100.jpg 172w, https:\/\/eldigitaldeasturias.com\/magazine365\/wp-content\/uploads\/2016\/01\/fotonoticia_20160122183132_800.jpg 800w\" sizes=\"(max-width: 360px) 100vw, 360px\" \/>La alcaldesa de San Fernando (C\u00e1diz), Patricia Cavada, ha presentado en Fitur la rehabilitada casa en la que naci\u00f3 y se cri\u00f3 el cantaor Camar\u00f3n de la Isla como inicio de un \u00abambicioso\u00bb proyecto que integrar\u00e1 tambi\u00e9n el futuro Museo impulsado por la Junta de Andaluc\u00eda.<\/p>\n<p>En su presentaci\u00f3n en el stand del Patronato Provincial de Turismo, Cavada ha calificado la oferta \u00ab\u00fanica y diferente\u00bb de San Fernando, porque \u00abadem\u00e1s de sus innumerables atractivos desde el punto de vista patrimonial o de naturaleza\u00bb &#8211;es la \u00fanica ciudad de la Bah\u00eda gaditana rodeada \u00edntegramente de Parque Natural&#8211; La Isla de Le\u00f3n ha visto \u00abnacer, crecer y engrandecer el mito de Camar\u00f3n\u00bb.<\/p>\n<p>En este sentido, la alcaldesa ha manifestado que \u00abtraemos la figura del cantaor convertido en un mito como los grandes, como esos que han pasado a la historia, como The Beatles o Elvis Presley, porque hicieron algo que no hicieron otros, se diferenciaron del resto\u00bb.<\/p>\n<p>\u00abCamar\u00f3n supo hacerlo con el flamenco, lo transform\u00f3\u00bb, ha asegurado la regidora isle\u00f1a, que ha recordado el punto de inflexi\u00f3n que supuso en el flamenco el \u00e1lbum &#8216;La leyenda del tiempo&#8217; para convertirlo \u00aben un genio y llegar a todo el mundo\u00bb.<\/p>\n<p>No obstante, ha afirmado que \u00ablo inmaterial del arte del flamenco se sustenta tambi\u00e9n en lo material, en lo que se puede sentir y tocar\u00bb, como su mausoleo situado en el cementerio municipal de la ciudad, donde est\u00e1 enterrado Camar\u00f3n y que es \u00abde los m\u00e1s visitados de Espa\u00f1a\u00bb.<\/p>\n<p>Por ello, San Fernando ha presentado en Fitur \u00ablo material\u00bb de Camar\u00f3n: su casa natal, donde naci\u00f3 y se cri\u00f3 hasta los 16 a\u00f1os de edad. \u00abUn lugar en el que se difundir\u00e1 el flamenco y el arte de Camar\u00f3n, pero tambi\u00e9n un lugar de recogimiento porque pocos lugares pueden contener m\u00e1s carga emocional y sentimental en tan pocos metros cuadrados\u00bb, ha se\u00f1alado Cavada.<\/p>\n<p>El Ayuntamiento isle\u00f1o ha promocionado la casa natal de Camar\u00f3n a trav\u00e9s de un v\u00eddeo titulado &#8216;Las claves de Camar\u00f3n. Carmen 29&#8217;, en el que se muestran las &#8216;claves&#8217; para interpretar su figura y la vivienda en la que pas\u00f3 muchos a\u00f1os de su vida.<\/p>\n<p>\u00abAll\u00ed se forj\u00f3 el mito: en la calle del Carmen, 29, una humilde finca situada en el barrio de las Callejuelas donde vivieron hasta ocho miembros de su familia, y donde el visitante queda atrapado por la emoci\u00f3n\u00bb, ha explicado Patricia Cavada.<\/p>\n<p>\u00abSan Fernando es Camar\u00f3n y Camar\u00f3n es San Fernando\u00bb, ha manifestado la alcaldesa antes de dar paso a la actuaci\u00f3n del cantaor Joaqu\u00edn de Sola qui\u00e9n, como muestra del nuevo flamenco isle\u00f1o, ha cerrado el acto al cante con unas alegr\u00edas acompa\u00f1ado a la guitarra de Juan Manuel Fern\u00e1ndez.<\/p>\n","protected":false},"excerpt":{"rendered":"<p>La alcaldesa de San Fernando (C\u00e1diz), Patricia Cavada, ha presentado en Fitur la rehabilitada casa en la que naci\u00f3 y se cri\u00f3 el cantaor Camar\u00f3n de la Isla como inicio de un \u00abambicioso\u00bb proyecto que integrar\u00e1 tambi\u00e9n el futuro Museo impulsado por la Junta de Andaluc\u00eda. En su presentaci\u00f3n en el stand del Patronato Provincial<\/p>\n","protected":false},"author":1,"featured_media":61881,"comment_status":"open","ping_status":"closed","sticky":false,"template":"","format":"standard","meta":{"footnotes":""},"categories":[224],"tags":[],"class_list":{"0":"post-61880","1":"post","2":"type-post","3":"status-publish","4":"format-standard","5":"has-post-thumbnail","7":"category-noticias-actualidad"},"aioseo_notices":[],"aioseo_head":"\n\t\t<!-- All in One SEO Pro 4.9.6.1 - aioseo.com -->\n\t<meta name=\"description\" content=\"La alcaldesa de San Fernando (C\u00e1diz), Patricia Cavada, ha presentado en Fitur la rehabilitada casa en la que naci\u00f3 y se cri\u00f3 el cantaor Camar\u00f3n de la Isla como inicio de un &quot;ambicioso&quot; proyecto que integrar\u00e1 tambi\u00e9n el futuro Museo impulsado por la Junta de Andaluc\u00eda. En su presentaci\u00f3n en el stand del Patronato Provincial\" \/>\n\t<meta name=\"robots\" content=\"max-image-preview:large\" \/>\n\t<meta name=\"author\" content=\"admin\"\/>\n\t<meta name=\"google-site-verification\" content=\"UA-38556648-1\" \/>\n\t<meta name=\"keywords\" content=\"noticias y actualidad\" \/>\n\t<link rel=\"canonical\" href=\"https:\/\/eldigitaldeasturias.com\/magazine365\/la-casa-natal-de-camaron-de-la-isla-diferencia-la-oferta-turistica-de-san-fernando\/\" \/>\n\t<meta name=\"generator\" content=\"All in One SEO Pro (AIOSEO) 4.9.6.1\" \/>\n\t\t<meta property=\"og:locale\" content=\"es_ES\" \/>\n\t\t<meta property=\"og:site_name\" content=\"El Digital de Asturias \u2013 Revista de ocio, turismo y estilo de vida\" \/>\n\t\t<meta property=\"og:type\" content=\"article\" \/>\n\t\t<meta property=\"og:title\" content=\"La casa natal de Camar\u00f3n de la Isla diferencia la oferta tur\u00edstica de San Fernando | El Digital de Asturias\" \/>\n\t\t<meta property=\"og:description\" content=\"La alcaldesa de San Fernando (C\u00e1diz), Patricia Cavada, ha presentado en Fitur la rehabilitada casa en la que naci\u00f3 y se cri\u00f3 el cantaor Camar\u00f3n de la Isla como inicio de un &quot;ambicioso&quot; proyecto que integrar\u00e1 tambi\u00e9n el futuro Museo impulsado por la Junta de Andaluc\u00eda. En su presentaci\u00f3n en el stand del Patronato Provincial\" \/>\n\t\t<meta property=\"og:url\" content=\"https:\/\/eldigitaldeasturias.com\/magazine365\/la-casa-natal-de-camaron-de-la-isla-diferencia-la-oferta-turistica-de-san-fernando\/\" \/>\n\t\t<meta property=\"og:image\" content=\"https:\/\/eldigitaldeasturias.com\/magazine365\/wp-content\/uploads\/2016\/01\/fotonoticia_20160122183132_800.jpg\" \/>\n\t\t<meta property=\"og:image:secure_url\" content=\"https:\/\/eldigitaldeasturias.com\/magazine365\/wp-content\/uploads\/2016\/01\/fotonoticia_20160122183132_800.jpg\" \/>\n\t\t<meta property=\"og:image:width\" content=\"800\" \/>\n\t\t<meta property=\"og:image:height\" content=\"469\" \/>\n\t\t<meta property=\"article:published_time\" content=\"2016-01-23T13:56:21+00:00\" \/>\n\t\t<meta property=\"article:modified_time\" content=\"2016-01-23T13:56:21+00:00\" \/>\n\t\t<meta name=\"twitter:card\" content=\"summary_large_image\" \/>\n\t\t<meta name=\"twitter:title\" content=\"La casa natal de Camar\u00f3n de la Isla diferencia la oferta tur\u00edstica de San Fernando | El Digital de Asturias\" \/>\n\t\t<meta name=\"twitter:description\" content=\"La alcaldesa de San Fernando (C\u00e1diz), Patricia Cavada, ha presentado en Fitur la rehabilitada casa en la que naci\u00f3 y se cri\u00f3 el cantaor Camar\u00f3n de la Isla como inicio de un &quot;ambicioso&quot; proyecto que integrar\u00e1 tambi\u00e9n el futuro Museo impulsado por la Junta de Andaluc\u00eda. En su presentaci\u00f3n en el stand del Patronato Provincial\" \/>\n\t\t<meta name=\"twitter:image\" content=\"https:\/\/eldigitaldeasturias.com\/magazine365\/wp-content\/uploads\/2016\/01\/fotonoticia_20160122183132_800.jpg\" \/>\n\t\t<script type=\"application\/ld+json\" class=\"aioseo-schema\">\n\t\t\t{\"@context\":\"https:\\\/\\\/schema.org\",\"@graph\":[{\"@type\":\"Article\",\"@id\":\"https:\\\/\\\/eldigitaldeasturias.com\\\/magazine365\\\/la-casa-natal-de-camaron-de-la-isla-diferencia-la-oferta-turistica-de-san-fernando\\\/#article\",\"name\":\"La casa natal de Camar\\u00f3n de la Isla diferencia la oferta tur\\u00edstica de San Fernando | El Digital de Asturias\",\"headline\":\"La casa natal de Camar\\u00f3n de la Isla diferencia la oferta tur\\u00edstica de San Fernando\",\"author\":{\"@id\":\"https:\\\/\\\/eldigitaldeasturias.com\\\/magazine365\\\/author\\\/admin\\\/#author\"},\"publisher\":{\"@id\":\"https:\\\/\\\/eldigitaldeasturias.com\\\/magazine365\\\/#organization\"},\"image\":{\"@type\":\"ImageObject\",\"url\":\"https:\\\/\\\/eldigitaldeasturias.com\\\/magazine365\\\/wp-content\\\/uploads\\\/2016\\\/01\\\/fotonoticia_20160122183132_800.jpg\",\"width\":800,\"height\":469},\"datePublished\":\"2016-01-23T14:56:21+01:00\",\"dateModified\":\"2016-01-23T14:56:21+01:00\",\"inLanguage\":\"es-ES\",\"mainEntityOfPage\":{\"@id\":\"https:\\\/\\\/eldigitaldeasturias.com\\\/magazine365\\\/la-casa-natal-de-camaron-de-la-isla-diferencia-la-oferta-turistica-de-san-fernando\\\/#webpage\"},\"isPartOf\":{\"@id\":\"https:\\\/\\\/eldigitaldeasturias.com\\\/magazine365\\\/la-casa-natal-de-camaron-de-la-isla-diferencia-la-oferta-turistica-de-san-fernando\\\/#webpage\"},\"articleSection\":\"Noticias y Actualidad\"},{\"@type\":\"BreadcrumbList\",\"@id\":\"https:\\\/\\\/eldigitaldeasturias.com\\\/magazine365\\\/la-casa-natal-de-camaron-de-la-isla-diferencia-la-oferta-turistica-de-san-fernando\\\/#breadcrumblist\",\"itemListElement\":[{\"@type\":\"ListItem\",\"@id\":\"https:\\\/\\\/eldigitaldeasturias.com\\\/magazine365#listItem\",\"position\":1,\"name\":\"Home\",\"item\":\"https:\\\/\\\/eldigitaldeasturias.com\\\/magazine365\",\"nextItem\":{\"@type\":\"ListItem\",\"@id\":\"https:\\\/\\\/eldigitaldeasturias.com\\\/magazine365\\\/category\\\/noticias-actualidad\\\/#listItem\",\"name\":\"Noticias y Actualidad\"}},{\"@type\":\"ListItem\",\"@id\":\"https:\\\/\\\/eldigitaldeasturias.com\\\/magazine365\\\/category\\\/noticias-actualidad\\\/#listItem\",\"position\":2,\"name\":\"Noticias y Actualidad\",\"item\":\"https:\\\/\\\/eldigitaldeasturias.com\\\/magazine365\\\/category\\\/noticias-actualidad\\\/\",\"nextItem\":{\"@type\":\"ListItem\",\"@id\":\"https:\\\/\\\/eldigitaldeasturias.com\\\/magazine365\\\/la-casa-natal-de-camaron-de-la-isla-diferencia-la-oferta-turistica-de-san-fernando\\\/#listItem\",\"name\":\"La casa natal de Camar\\u00f3n de la Isla diferencia la oferta tur\\u00edstica de San Fernando\"},\"previousItem\":{\"@type\":\"ListItem\",\"@id\":\"https:\\\/\\\/eldigitaldeasturias.com\\\/magazine365#listItem\",\"name\":\"Home\"}},{\"@type\":\"ListItem\",\"@id\":\"https:\\\/\\\/eldigitaldeasturias.com\\\/magazine365\\\/la-casa-natal-de-camaron-de-la-isla-diferencia-la-oferta-turistica-de-san-fernando\\\/#listItem\",\"position\":3,\"name\":\"La casa natal de Camar\\u00f3n de la Isla diferencia la oferta tur\\u00edstica de San Fernando\",\"previousItem\":{\"@type\":\"ListItem\",\"@id\":\"https:\\\/\\\/eldigitaldeasturias.com\\\/magazine365\\\/category\\\/noticias-actualidad\\\/#listItem\",\"name\":\"Noticias y Actualidad\"}}]},{\"@type\":\"Organization\",\"@id\":\"https:\\\/\\\/eldigitaldeasturias.com\\\/magazine365\\\/#organization\",\"name\":\"El digital de Asturias\",\"description\":\"Revista de ocio, turismo y estilo de vida\",\"url\":\"https:\\\/\\\/eldigitaldeasturias.com\\\/magazine365\\\/\",\"logo\":{\"@type\":\"ImageObject\",\"url\":\"https:\\\/\\\/www.eldigitaldeasturias.com\\\/noticias\\\/wp-content\\\/uploads\\\/2020\\\/12\\\/EDA.jpg\",\"@id\":\"https:\\\/\\\/eldigitaldeasturias.com\\\/magazine365\\\/la-casa-natal-de-camaron-de-la-isla-diferencia-la-oferta-turistica-de-san-fernando\\\/#organizationLogo\"},\"image\":{\"@id\":\"https:\\\/\\\/eldigitaldeasturias.com\\\/magazine365\\\/la-casa-natal-de-camaron-de-la-isla-diferencia-la-oferta-turistica-de-san-fernando\\\/#organizationLogo\"}},{\"@type\":\"Person\",\"@id\":\"https:\\\/\\\/eldigitaldeasturias.com\\\/magazine365\\\/author\\\/admin\\\/#author\",\"url\":\"https:\\\/\\\/eldigitaldeasturias.com\\\/magazine365\\\/author\\\/admin\\\/\",\"name\":\"admin\",\"image\":{\"@type\":\"ImageObject\",\"@id\":\"https:\\\/\\\/eldigitaldeasturias.com\\\/magazine365\\\/la-casa-natal-de-camaron-de-la-isla-diferencia-la-oferta-turistica-de-san-fernando\\\/#authorImage\",\"url\":\"https:\\\/\\\/eldigitaldeasturias.com\\\/magazine365\\\/wp-content\\\/litespeed\\\/avatar\\\/e571bcf59a0edd6fa6838245a470f2fe.jpg?ver=1776969259\",\"width\":96,\"height\":96,\"caption\":\"admin\"}},{\"@type\":\"WebPage\",\"@id\":\"https:\\\/\\\/eldigitaldeasturias.com\\\/magazine365\\\/la-casa-natal-de-camaron-de-la-isla-diferencia-la-oferta-turistica-de-san-fernando\\\/#webpage\",\"url\":\"https:\\\/\\\/eldigitaldeasturias.com\\\/magazine365\\\/la-casa-natal-de-camaron-de-la-isla-diferencia-la-oferta-turistica-de-san-fernando\\\/\",\"name\":\"La casa natal de Camar\\u00f3n de la Isla diferencia la oferta tur\\u00edstica de San Fernando | El Digital de Asturias\",\"description\":\"La alcaldesa de San Fernando (C\\u00e1diz), Patricia Cavada, ha presentado en Fitur la rehabilitada casa en la que naci\\u00f3 y se cri\\u00f3 el cantaor Camar\\u00f3n de la Isla como inicio de un \\\"ambicioso\\\" proyecto que integrar\\u00e1 tambi\\u00e9n el futuro Museo impulsado por la Junta de Andaluc\\u00eda. En su presentaci\\u00f3n en el stand del Patronato Provincial\",\"inLanguage\":\"es-ES\",\"isPartOf\":{\"@id\":\"https:\\\/\\\/eldigitaldeasturias.com\\\/magazine365\\\/#website\"},\"breadcrumb\":{\"@id\":\"https:\\\/\\\/eldigitaldeasturias.com\\\/magazine365\\\/la-casa-natal-de-camaron-de-la-isla-diferencia-la-oferta-turistica-de-san-fernando\\\/#breadcrumblist\"},\"author\":{\"@id\":\"https:\\\/\\\/eldigitaldeasturias.com\\\/magazine365\\\/author\\\/admin\\\/#author\"},\"creator\":{\"@id\":\"https:\\\/\\\/eldigitaldeasturias.com\\\/magazine365\\\/author\\\/admin\\\/#author\"},\"image\":{\"@type\":\"ImageObject\",\"url\":\"https:\\\/\\\/eldigitaldeasturias.com\\\/magazine365\\\/wp-content\\\/uploads\\\/2016\\\/01\\\/fotonoticia_20160122183132_800.jpg\",\"@id\":\"https:\\\/\\\/eldigitaldeasturias.com\\\/magazine365\\\/la-casa-natal-de-camaron-de-la-isla-diferencia-la-oferta-turistica-de-san-fernando\\\/#mainImage\",\"width\":800,\"height\":469},\"primaryImageOfPage\":{\"@id\":\"https:\\\/\\\/eldigitaldeasturias.com\\\/magazine365\\\/la-casa-natal-de-camaron-de-la-isla-diferencia-la-oferta-turistica-de-san-fernando\\\/#mainImage\"},\"datePublished\":\"2016-01-23T14:56:21+01:00\",\"dateModified\":\"2016-01-23T14:56:21+01:00\"},{\"@type\":\"WebSite\",\"@id\":\"https:\\\/\\\/eldigitaldeasturias.com\\\/magazine365\\\/#website\",\"url\":\"https:\\\/\\\/eldigitaldeasturias.com\\\/magazine365\\\/\",\"name\":\"El Digital de Asturias\",\"description\":\"Revista de ocio, turismo y estilo de vida\",\"inLanguage\":\"es-ES\",\"publisher\":{\"@id\":\"https:\\\/\\\/eldigitaldeasturias.com\\\/magazine365\\\/#organization\"}}]}\n\t\t<\/script>\n\t\t<!-- All in One SEO Pro -->\r\n\t\t<title>La casa natal de Camar\u00f3n de la Isla diferencia la oferta tur\u00edstica de San Fernando | El Digital de Asturias<\/title>\n\n","aioseo_head_json":{"title":"La casa natal de Camar\u00f3n de la Isla diferencia la oferta tur\u00edstica de San Fernando | El Digital de Asturias","description":"La alcaldesa de San Fernando (C\u00e1diz), Patricia Cavada, ha presentado en Fitur la rehabilitada casa en la que naci\u00f3 y se cri\u00f3 el cantaor Camar\u00f3n de la Isla como inicio de un \"ambicioso\" proyecto que integrar\u00e1 tambi\u00e9n el futuro Museo impulsado por la Junta de Andaluc\u00eda. En su presentaci\u00f3n en el stand del Patronato Provincial","canonical_url":"https:\/\/eldigitaldeasturias.com\/magazine365\/la-casa-natal-de-camaron-de-la-isla-diferencia-la-oferta-turistica-de-san-fernando\/","robots":"max-image-preview:large","keywords":"noticias y actualidad","webmasterTools":{"google-site-verification":"UA-38556648-1","miscellaneous":""},"schema":{"@context":"https:\/\/schema.org","@graph":[{"@type":"Article","@id":"https:\/\/eldigitaldeasturias.com\/magazine365\/la-casa-natal-de-camaron-de-la-isla-diferencia-la-oferta-turistica-de-san-fernando\/#article","name":"La casa natal de Camar\u00f3n de la Isla diferencia la oferta tur\u00edstica de San Fernando | El Digital de Asturias","headline":"La casa natal de Camar\u00f3n de la Isla diferencia la oferta tur\u00edstica de San Fernando","author":{"@id":"https:\/\/eldigitaldeasturias.com\/magazine365\/author\/admin\/#author"},"publisher":{"@id":"https:\/\/eldigitaldeasturias.com\/magazine365\/#organization"},"image":{"@type":"ImageObject","url":"https:\/\/eldigitaldeasturias.com\/magazine365\/wp-content\/uploads\/2016\/01\/fotonoticia_20160122183132_800.jpg","width":800,"height":469},"datePublished":"2016-01-23T14:56:21+01:00","dateModified":"2016-01-23T14:56:21+01:00","inLanguage":"es-ES","mainEntityOfPage":{"@id":"https:\/\/eldigitaldeasturias.com\/magazine365\/la-casa-natal-de-camaron-de-la-isla-diferencia-la-oferta-turistica-de-san-fernando\/#webpage"},"isPartOf":{"@id":"https:\/\/eldigitaldeasturias.com\/magazine365\/la-casa-natal-de-camaron-de-la-isla-diferencia-la-oferta-turistica-de-san-fernando\/#webpage"},"articleSection":"Noticias y Actualidad"},{"@type":"BreadcrumbList","@id":"https:\/\/eldigitaldeasturias.com\/magazine365\/la-casa-natal-de-camaron-de-la-isla-diferencia-la-oferta-turistica-de-san-fernando\/#breadcrumblist","itemListElement":[{"@type":"ListItem","@id":"https:\/\/eldigitaldeasturias.com\/magazine365#listItem","position":1,"name":"Home","item":"https:\/\/eldigitaldeasturias.com\/magazine365","nextItem":{"@type":"ListItem","@id":"https:\/\/eldigitaldeasturias.com\/magazine365\/category\/noticias-actualidad\/#listItem","name":"Noticias y Actualidad"}},{"@type":"ListItem","@id":"https:\/\/eldigitaldeasturias.com\/magazine365\/category\/noticias-actualidad\/#listItem","position":2,"name":"Noticias y Actualidad","item":"https:\/\/eldigitaldeasturias.com\/magazine365\/category\/noticias-actualidad\/","nextItem":{"@type":"ListItem","@id":"https:\/\/eldigitaldeasturias.com\/magazine365\/la-casa-natal-de-camaron-de-la-isla-diferencia-la-oferta-turistica-de-san-fernando\/#listItem","name":"La casa natal de Camar\u00f3n de la Isla diferencia la oferta tur\u00edstica de San Fernando"},"previousItem":{"@type":"ListItem","@id":"https:\/\/eldigitaldeasturias.com\/magazine365#listItem","name":"Home"}},{"@type":"ListItem","@id":"https:\/\/eldigitaldeasturias.com\/magazine365\/la-casa-natal-de-camaron-de-la-isla-diferencia-la-oferta-turistica-de-san-fernando\/#listItem","position":3,"name":"La casa natal de Camar\u00f3n de la Isla diferencia la oferta tur\u00edstica de San Fernando","previousItem":{"@type":"ListItem","@id":"https:\/\/eldigitaldeasturias.com\/magazine365\/category\/noticias-actualidad\/#listItem","name":"Noticias y Actualidad"}}]},{"@type":"Organization","@id":"https:\/\/eldigitaldeasturias.com\/magazine365\/#organization","name":"El digital de Asturias","description":"Revista de ocio, turismo y estilo de vida","url":"https:\/\/eldigitaldeasturias.com\/magazine365\/","logo":{"@type":"ImageObject","url":"https:\/\/www.eldigitaldeasturias.com\/noticias\/wp-content\/uploads\/2020\/12\/EDA.jpg","@id":"https:\/\/eldigitaldeasturias.com\/magazine365\/la-casa-natal-de-camaron-de-la-isla-diferencia-la-oferta-turistica-de-san-fernando\/#organizationLogo"},"image":{"@id":"https:\/\/eldigitaldeasturias.com\/magazine365\/la-casa-natal-de-camaron-de-la-isla-diferencia-la-oferta-turistica-de-san-fernando\/#organizationLogo"}},{"@type":"Person","@id":"https:\/\/eldigitaldeasturias.com\/magazine365\/author\/admin\/#author","url":"https:\/\/eldigitaldeasturias.com\/magazine365\/author\/admin\/","name":"admin","image":{"@type":"ImageObject","@id":"https:\/\/eldigitaldeasturias.com\/magazine365\/la-casa-natal-de-camaron-de-la-isla-diferencia-la-oferta-turistica-de-san-fernando\/#authorImage","url":"https:\/\/eldigitaldeasturias.com\/magazine365\/wp-content\/litespeed\/avatar\/e571bcf59a0edd6fa6838245a470f2fe.jpg?ver=1776969259","width":96,"height":96,"caption":"admin"}},{"@type":"WebPage","@id":"https:\/\/eldigitaldeasturias.com\/magazine365\/la-casa-natal-de-camaron-de-la-isla-diferencia-la-oferta-turistica-de-san-fernando\/#webpage","url":"https:\/\/eldigitaldeasturias.com\/magazine365\/la-casa-natal-de-camaron-de-la-isla-diferencia-la-oferta-turistica-de-san-fernando\/","name":"La casa natal de Camar\u00f3n de la Isla diferencia la oferta tur\u00edstica de San Fernando | El Digital de Asturias","description":"La alcaldesa de San Fernando (C\u00e1diz), Patricia Cavada, ha presentado en Fitur la rehabilitada casa en la que naci\u00f3 y se cri\u00f3 el cantaor Camar\u00f3n de la Isla como inicio de un \"ambicioso\" proyecto que integrar\u00e1 tambi\u00e9n el futuro Museo impulsado por la Junta de Andaluc\u00eda. En su presentaci\u00f3n en el stand del Patronato Provincial","inLanguage":"es-ES","isPartOf":{"@id":"https:\/\/eldigitaldeasturias.com\/magazine365\/#website"},"breadcrumb":{"@id":"https:\/\/eldigitaldeasturias.com\/magazine365\/la-casa-natal-de-camaron-de-la-isla-diferencia-la-oferta-turistica-de-san-fernando\/#breadcrumblist"},"author":{"@id":"https:\/\/eldigitaldeasturias.com\/magazine365\/author\/admin\/#author"},"creator":{"@id":"https:\/\/eldigitaldeasturias.com\/magazine365\/author\/admin\/#author"},"image":{"@type":"ImageObject","url":"https:\/\/eldigitaldeasturias.com\/magazine365\/wp-content\/uploads\/2016\/01\/fotonoticia_20160122183132_800.jpg","@id":"https:\/\/eldigitaldeasturias.com\/magazine365\/la-casa-natal-de-camaron-de-la-isla-diferencia-la-oferta-turistica-de-san-fernando\/#mainImage","width":800,"height":469},"primaryImageOfPage":{"@id":"https:\/\/eldigitaldeasturias.com\/magazine365\/la-casa-natal-de-camaron-de-la-isla-diferencia-la-oferta-turistica-de-san-fernando\/#mainImage"},"datePublished":"2016-01-23T14:56:21+01:00","dateModified":"2016-01-23T14:56:21+01:00"},{"@type":"WebSite","@id":"https:\/\/eldigitaldeasturias.com\/magazine365\/#website","url":"https:\/\/eldigitaldeasturias.com\/magazine365\/","name":"El Digital de Asturias","description":"Revista de ocio, turismo y estilo de vida","inLanguage":"es-ES","publisher":{"@id":"https:\/\/eldigitaldeasturias.com\/magazine365\/#organization"}}]},"og:locale":"es_ES","og:site_name":"El Digital de Asturias \u2013 Revista de ocio, turismo y estilo de vida","og:type":"article","og:title":"La casa natal de Camar\u00f3n de la Isla diferencia la oferta tur\u00edstica de San Fernando | El Digital de Asturias","og:description":"La alcaldesa de San Fernando (C\u00e1diz), Patricia Cavada, ha presentado en Fitur la rehabilitada casa en la que naci\u00f3 y se cri\u00f3 el cantaor Camar\u00f3n de la Isla como inicio de un &quot;ambicioso&quot; proyecto que integrar\u00e1 tambi\u00e9n el futuro Museo impulsado por la Junta de Andaluc\u00eda. En su presentaci\u00f3n en el stand del Patronato Provincial","og:url":"https:\/\/eldigitaldeasturias.com\/magazine365\/la-casa-natal-de-camaron-de-la-isla-diferencia-la-oferta-turistica-de-san-fernando\/","og:image":"https:\/\/eldigitaldeasturias.com\/magazine365\/wp-content\/uploads\/2016\/01\/fotonoticia_20160122183132_800.jpg","og:image:secure_url":"https:\/\/eldigitaldeasturias.com\/magazine365\/wp-content\/uploads\/2016\/01\/fotonoticia_20160122183132_800.jpg","og:image:width":800,"og:image:height":469,"article:published_time":"2016-01-23T13:56:21+00:00","article:modified_time":"2016-01-23T13:56:21+00:00","twitter:card":"summary_large_image","twitter:title":"La casa natal de Camar\u00f3n de la Isla diferencia la oferta tur\u00edstica de San Fernando | El Digital de Asturias","twitter:description":"La alcaldesa de San Fernando (C\u00e1diz), Patricia Cavada, ha presentado en Fitur la rehabilitada casa en la que naci\u00f3 y se cri\u00f3 el cantaor Camar\u00f3n de la Isla como inicio de un &quot;ambicioso&quot; proyecto que integrar\u00e1 tambi\u00e9n el futuro Museo impulsado por la Junta de Andaluc\u00eda. En su presentaci\u00f3n en el stand del Patronato Provincial","twitter:image":"https:\/\/eldigitaldeasturias.com\/magazine365\/wp-content\/uploads\/2016\/01\/fotonoticia_20160122183132_800.jpg"},"aioseo_meta_data":{"post_id":"61880","title":null,"description":null,"keywords":null,"keyphrases":null,"primary_term":null,"canonical_url":null,"og_title":null,"og_description":null,"og_object_type":"default","og_image_type":"default","og_image_url":null,"og_image_width":null,"og_image_height":null,"og_image_custom_url":null,"og_image_custom_fields":null,"og_video":null,"og_custom_url":null,"og_article_section":null,"og_article_tags":null,"twitter_use_og":false,"twitter_card":"default","twitter_image_type":"default","twitter_image_url":null,"twitter_image_custom_url":null,"twitter_image_custom_fields":null,"twitter_title":null,"twitter_description":null,"schema":{"blockGraphs":[],"customGraphs":[],"default":{"data":{"Article":[],"Course":[],"Dataset":[],"FAQPage":[],"Movie":[],"Person":[],"Product":[],"ProductReview":[],"Car":[],"Recipe":[],"Service":[],"SoftwareApplication":[],"WebPage":[]},"graphName":"","isEnabled":true},"graphs":[],"defaultGraph":"","defaultPostTypeGraph":""},"schema_type":null,"schema_type_options":null,"pillar_content":false,"robots_default":true,"robots_noindex":false,"robots_noarchive":false,"robots_nosnippet":false,"robots_nofollow":false,"robots_noimageindex":false,"robots_noodp":false,"robots_notranslate":false,"robots_max_snippet":null,"robots_max_videopreview":null,"robots_max_imagepreview":"large","priority":null,"frequency":null,"location":null,"local_seo":null,"seo_analyzer_scan_date":"2025-09-25 09:55:05","breadcrumb_settings":null,"limit_modified_date":false,"open_ai":null,"ai":null,"created":"2021-03-08 21:43:43","updated":"2025-09-25 09:55:05"},"aioseo_breadcrumb":"<div class=\"aioseo-breadcrumbs\"><span class=\"aioseo-breadcrumb\">\n\t<a href=\"https:\/\/eldigitaldeasturias.com\/magazine365\" title=\"Home\">Home<\/a>\n<\/span><span class=\"aioseo-breadcrumb-separator\">\u2013<\/span><span class=\"aioseo-breadcrumb\">\n\t<a href=\"https:\/\/eldigitaldeasturias.com\/magazine365\/category\/noticias-actualidad\/\" title=\"Noticias y Actualidad\">Noticias y Actualidad<\/a>\n<\/span><span class=\"aioseo-breadcrumb-separator\">\u2013<\/span><span class=\"aioseo-breadcrumb\">\n\t<a href=\"https:\/\/eldigitaldeasturias.com\/magazine365\/la-casa-natal-de-camaron-de-la-isla-diferencia-la-oferta-turistica-de-san-fernando\/\" title=\"La casa natal de Camar\u00f3n de la Isla diferencia la oferta tur\u00edstica de San Fernando\">La casa natal de Camar\u00f3n de la Isla diferencia la oferta tur\u00edstica de San Fernando<\/a>\n<\/span><\/div>","aioseo_breadcrumb_json":[{"label":"Home","link":"https:\/\/eldigitaldeasturias.com\/magazine365"},{"label":"Noticias y Actualidad","link":"https:\/\/eldigitaldeasturias.com\/magazine365\/category\/noticias-actualidad\/"},{"label":"La casa natal de Camar\u00f3n de la Isla diferencia la oferta tur\u00edstica de San Fernando","link":"https:\/\/eldigitaldeasturias.com\/magazine365\/la-casa-natal-de-camaron-de-la-isla-diferencia-la-oferta-turistica-de-san-fernando\/"}],"_links":{"self":[{"href":"https:\/\/eldigitaldeasturias.com\/magazine365\/wp-json\/wp\/v2\/posts\/61880","targetHints":{"allow":["GET"]}}],"collection":[{"href":"https:\/\/eldigitaldeasturias.com\/magazine365\/wp-json\/wp\/v2\/posts"}],"about":[{"href":"https:\/\/eldigitaldeasturias.com\/magazine365\/wp-json\/wp\/v2\/types\/post"}],"author":[{"embeddable":true,"href":"https:\/\/eldigitaldeasturias.com\/magazine365\/wp-json\/wp\/v2\/users\/1"}],"replies":[{"embeddable":true,"href":"https:\/\/eldigitaldeasturias.com\/magazine365\/wp-json\/wp\/v2\/comments?post=61880"}],"version-history":[{"count":0,"href":"https:\/\/eldigitaldeasturias.com\/magazine365\/wp-json\/wp\/v2\/posts\/61880\/revisions"}],"wp:featuredmedia":[{"embeddable":true,"href":"https:\/\/eldigitaldeasturias.com\/magazine365\/wp-json\/wp\/v2\/media\/61881"}],"wp:attachment":[{"href":"https:\/\/eldigitaldeasturias.com\/magazine365\/wp-json\/wp\/v2\/media?parent=61880"}],"wp:term":[{"taxonomy":"category","embeddable":true,"href":"https:\/\/eldigitaldeasturias.com\/magazine365\/wp-json\/wp\/v2\/categories?post=61880"},{"taxonomy":"post_tag","embeddable":true,"href":"https:\/\/eldigitaldeasturias.com\/magazine365\/wp-json\/wp\/v2\/tags?post=61880"}],"curies":[{"name":"wp","href":"https:\/\/api.w.org\/{rel}","templated":true}]}}