{"id":61878,"date":"2016-01-23T14:55:24","date_gmt":"2016-01-23T13:55:24","guid":{"rendered":"http:\/\/eldigitaldeasturias.com\/magazine365\/?p=61878"},"modified":"2016-01-23T14:55:24","modified_gmt":"2016-01-23T13:55:24","slug":"la-fiesta-de-la-arribada-de-baiona-reconocida-como-fiesta-de-interes-turistico-internacional","status":"publish","type":"post","link":"https:\/\/eldigitaldeasturias.com\/magazine365\/la-fiesta-de-la-arribada-de-baiona-reconocida-como-fiesta-de-interes-turistico-internacional\/","title":{"rendered":"La fiesta de la Arribada de Baiona, reconocida como Fiesta de Inter\u00e9s Tur\u00edstico Internacional"},"content":{"rendered":"<p>La fiesta de la Arribada de Baiona (Pontevedra), que conmemora la llegada de la carabela Pinta a la costa de la villa baionesa para transmitir el descubrimiento de Am\u00e9rica, ha sido declarada como Fiesta de Inter\u00e9s Tur\u00edstico Internacional.<\/p>\n<p>   Tal y como ha informado la Xunta, ha sido la secretaria de Estado de Turismo, Isabel Borrego, la que ha comunicado la declaraci\u00f3n este viernes en el espacio dedicado a Galicia ubicado en la Feria Internacional de Turismo de Madrid (Fitur).<\/p>\n<p>   En el acto ha estado presente la directora de Turismo de Galicia, quien ha puesto en relieve la importancia para toda la comunidad de que reciba este reconocimiento un evento como la fiesta de la Arribada, que resulta \u00abesencial para el desarrollo tur\u00edstico de Galicia\u00bb.<\/p>\n<p>   As\u00ed las cosas, seg\u00fan ha manifestado, esta fiesta medieval es \u00abla \u00fanica fiesta de estas caracter\u00edsticas que se celebra en Galicia\u00bb, lo que hace que sea \u00abuna referencia imprescindible y una cita ineludible en el calendario de fiestas de la comunidad gallega\u00bb.<\/p>\n<p>   Esta celebraci\u00f3n tiene su origen hist\u00f3rico en el d\u00eda 1 de marzo de 1493, cuando Mart\u00edn Alonso Pinz\u00f3n arrib\u00f3 con la carabela Pinta a Baiona, desde donde envi\u00f3 a los Reyes Cat\u00f3licos la noticia del descubrimiento de Am\u00e9rica.<\/p>\n<p>   Actualmente, en el marco de esta fiesta se hacen publicaciones, exposiciones, conferencias representaciones teatrales y conciertos, as\u00ed como ofrendas florales, concesi\u00f3n de medallas y distintivos, y se organiza un mercado medieval. Adem\u00e1s, en este marco se hacen pruebas como la Regata del Descubrimiento.<\/p>\n","protected":false},"excerpt":{"rendered":"<p>La fiesta de la Arribada de Baiona (Pontevedra), que conmemora la llegada de la carabela Pinta a la costa de la villa baionesa para transmitir el descubrimiento de Am\u00e9rica, ha sido declarada como Fiesta de Inter\u00e9s Tur\u00edstico Internacional. Tal y como ha informado la Xunta, ha sido la secretaria de Estado de Turismo, Isabel Borrego,<\/p>\n","protected":false},"author":1,"featured_media":61252,"comment_status":"open","ping_status":"closed","sticky":false,"template":"","format":"standard","meta":{"footnotes":""},"categories":[224],"tags":[],"class_list":{"0":"post-61878","1":"post","2":"type-post","3":"status-publish","4":"format-standard","5":"has-post-thumbnail","7":"category-noticias-actualidad"},"aioseo_notices":[],"aioseo_head":"\n\t\t<!-- All in One SEO Pro 4.9.6.1 - aioseo.com -->\n\t<meta name=\"description\" content=\"La fiesta de la Arribada de Baiona (Pontevedra), que conmemora la llegada de la carabela Pinta a la costa de la villa baionesa para transmitir el descubrimiento de Am\u00e9rica, ha sido declarada como Fiesta de Inter\u00e9s Tur\u00edstico Internacional. Tal y como ha informado la Xunta, ha sido la secretaria de Estado de Turismo, Isabel Borrego,\" \/>\n\t<meta name=\"robots\" content=\"max-image-preview:large\" \/>\n\t<meta name=\"author\" content=\"admin\"\/>\n\t<meta name=\"google-site-verification\" content=\"UA-38556648-1\" \/>\n\t<meta name=\"keywords\" content=\"noticias y actualidad\" \/>\n\t<link rel=\"canonical\" href=\"https:\/\/eldigitaldeasturias.com\/magazine365\/la-fiesta-de-la-arribada-de-baiona-reconocida-como-fiesta-de-interes-turistico-internacional\/\" \/>\n\t<meta name=\"generator\" content=\"All in One SEO Pro (AIOSEO) 4.9.6.1\" \/>\n\t\t<meta property=\"og:locale\" content=\"es_ES\" \/>\n\t\t<meta property=\"og:site_name\" content=\"El Digital de Asturias \u2013 Revista de ocio, turismo y estilo de vida\" \/>\n\t\t<meta property=\"og:type\" content=\"article\" \/>\n\t\t<meta property=\"og:title\" content=\"La fiesta de la Arribada de Baiona, reconocida como Fiesta de Inter\u00e9s Tur\u00edstico Internacional | El Digital de Asturias\" \/>\n\t\t<meta property=\"og:description\" content=\"La fiesta de la Arribada de Baiona (Pontevedra), que conmemora la llegada de la carabela Pinta a la costa de la villa baionesa para transmitir el descubrimiento de Am\u00e9rica, ha sido declarada como Fiesta de Inter\u00e9s Tur\u00edstico Internacional. Tal y como ha informado la Xunta, ha sido la secretaria de Estado de Turismo, Isabel Borrego,\" \/>\n\t\t<meta property=\"og:url\" content=\"https:\/\/eldigitaldeasturias.com\/magazine365\/la-fiesta-de-la-arribada-de-baiona-reconocida-como-fiesta-de-interes-turistico-internacional\/\" \/>\n\t\t<meta property=\"og:image\" content=\"https:\/\/eldigitaldeasturias.com\/magazine365\/wp-content\/uploads\/2016\/01\/fitur2016.jpg\" \/>\n\t\t<meta property=\"og:image:secure_url\" content=\"https:\/\/eldigitaldeasturias.com\/magazine365\/wp-content\/uploads\/2016\/01\/fitur2016.jpg\" \/>\n\t\t<meta property=\"og:image:width\" content=\"800\" \/>\n\t\t<meta property=\"og:image:height\" content=\"533\" \/>\n\t\t<meta property=\"article:published_time\" content=\"2016-01-23T13:55:24+00:00\" \/>\n\t\t<meta property=\"article:modified_time\" content=\"2016-01-23T13:55:24+00:00\" \/>\n\t\t<meta name=\"twitter:card\" content=\"summary_large_image\" \/>\n\t\t<meta name=\"twitter:title\" content=\"La fiesta de la Arribada de Baiona, reconocida como Fiesta de Inter\u00e9s Tur\u00edstico Internacional | El Digital de Asturias\" \/>\n\t\t<meta name=\"twitter:description\" content=\"La fiesta de la Arribada de Baiona (Pontevedra), que conmemora la llegada de la carabela Pinta a la costa de la villa baionesa para transmitir el descubrimiento de Am\u00e9rica, ha sido declarada como Fiesta de Inter\u00e9s Tur\u00edstico Internacional. Tal y como ha informado la Xunta, ha sido la secretaria de Estado de Turismo, Isabel Borrego,\" \/>\n\t\t<meta name=\"twitter:image\" content=\"https:\/\/eldigitaldeasturias.com\/magazine365\/wp-content\/uploads\/2016\/01\/fitur2016.jpg\" \/>\n\t\t<script type=\"application\/ld+json\" class=\"aioseo-schema\">\n\t\t\t{\"@context\":\"https:\\\/\\\/schema.org\",\"@graph\":[{\"@type\":\"Article\",\"@id\":\"https:\\\/\\\/eldigitaldeasturias.com\\\/magazine365\\\/la-fiesta-de-la-arribada-de-baiona-reconocida-como-fiesta-de-interes-turistico-internacional\\\/#article\",\"name\":\"La fiesta de la Arribada de Baiona, reconocida como Fiesta de Inter\\u00e9s Tur\\u00edstico Internacional | El Digital de Asturias\",\"headline\":\"La fiesta de la Arribada de Baiona, reconocida como Fiesta de Inter\\u00e9s Tur\\u00edstico Internacional\",\"author\":{\"@id\":\"https:\\\/\\\/eldigitaldeasturias.com\\\/magazine365\\\/author\\\/admin\\\/#author\"},\"publisher\":{\"@id\":\"https:\\\/\\\/eldigitaldeasturias.com\\\/magazine365\\\/#organization\"},\"image\":{\"@type\":\"ImageObject\",\"url\":\"https:\\\/\\\/eldigitaldeasturias.com\\\/magazine365\\\/wp-content\\\/uploads\\\/2016\\\/01\\\/fitur2016.jpg\",\"width\":800,\"height\":533},\"datePublished\":\"2016-01-23T14:55:24+01:00\",\"dateModified\":\"2016-01-23T14:55:24+01:00\",\"inLanguage\":\"es-ES\",\"mainEntityOfPage\":{\"@id\":\"https:\\\/\\\/eldigitaldeasturias.com\\\/magazine365\\\/la-fiesta-de-la-arribada-de-baiona-reconocida-como-fiesta-de-interes-turistico-internacional\\\/#webpage\"},\"isPartOf\":{\"@id\":\"https:\\\/\\\/eldigitaldeasturias.com\\\/magazine365\\\/la-fiesta-de-la-arribada-de-baiona-reconocida-como-fiesta-de-interes-turistico-internacional\\\/#webpage\"},\"articleSection\":\"Noticias y Actualidad\"},{\"@type\":\"BreadcrumbList\",\"@id\":\"https:\\\/\\\/eldigitaldeasturias.com\\\/magazine365\\\/la-fiesta-de-la-arribada-de-baiona-reconocida-como-fiesta-de-interes-turistico-internacional\\\/#breadcrumblist\",\"itemListElement\":[{\"@type\":\"ListItem\",\"@id\":\"https:\\\/\\\/eldigitaldeasturias.com\\\/magazine365#listItem\",\"position\":1,\"name\":\"Home\",\"item\":\"https:\\\/\\\/eldigitaldeasturias.com\\\/magazine365\",\"nextItem\":{\"@type\":\"ListItem\",\"@id\":\"https:\\\/\\\/eldigitaldeasturias.com\\\/magazine365\\\/category\\\/noticias-actualidad\\\/#listItem\",\"name\":\"Noticias y Actualidad\"}},{\"@type\":\"ListItem\",\"@id\":\"https:\\\/\\\/eldigitaldeasturias.com\\\/magazine365\\\/category\\\/noticias-actualidad\\\/#listItem\",\"position\":2,\"name\":\"Noticias y Actualidad\",\"item\":\"https:\\\/\\\/eldigitaldeasturias.com\\\/magazine365\\\/category\\\/noticias-actualidad\\\/\",\"nextItem\":{\"@type\":\"ListItem\",\"@id\":\"https:\\\/\\\/eldigitaldeasturias.com\\\/magazine365\\\/la-fiesta-de-la-arribada-de-baiona-reconocida-como-fiesta-de-interes-turistico-internacional\\\/#listItem\",\"name\":\"La fiesta de la Arribada de Baiona, reconocida como Fiesta de Inter\\u00e9s Tur\\u00edstico Internacional\"},\"previousItem\":{\"@type\":\"ListItem\",\"@id\":\"https:\\\/\\\/eldigitaldeasturias.com\\\/magazine365#listItem\",\"name\":\"Home\"}},{\"@type\":\"ListItem\",\"@id\":\"https:\\\/\\\/eldigitaldeasturias.com\\\/magazine365\\\/la-fiesta-de-la-arribada-de-baiona-reconocida-como-fiesta-de-interes-turistico-internacional\\\/#listItem\",\"position\":3,\"name\":\"La fiesta de la Arribada de Baiona, reconocida como Fiesta de Inter\\u00e9s Tur\\u00edstico Internacional\",\"previousItem\":{\"@type\":\"ListItem\",\"@id\":\"https:\\\/\\\/eldigitaldeasturias.com\\\/magazine365\\\/category\\\/noticias-actualidad\\\/#listItem\",\"name\":\"Noticias y Actualidad\"}}]},{\"@type\":\"Organization\",\"@id\":\"https:\\\/\\\/eldigitaldeasturias.com\\\/magazine365\\\/#organization\",\"name\":\"El digital de Asturias\",\"description\":\"Revista de ocio, turismo y estilo de vida\",\"url\":\"https:\\\/\\\/eldigitaldeasturias.com\\\/magazine365\\\/\",\"logo\":{\"@type\":\"ImageObject\",\"url\":\"https:\\\/\\\/www.eldigitaldeasturias.com\\\/noticias\\\/wp-content\\\/uploads\\\/2020\\\/12\\\/EDA.jpg\",\"@id\":\"https:\\\/\\\/eldigitaldeasturias.com\\\/magazine365\\\/la-fiesta-de-la-arribada-de-baiona-reconocida-como-fiesta-de-interes-turistico-internacional\\\/#organizationLogo\"},\"image\":{\"@id\":\"https:\\\/\\\/eldigitaldeasturias.com\\\/magazine365\\\/la-fiesta-de-la-arribada-de-baiona-reconocida-como-fiesta-de-interes-turistico-internacional\\\/#organizationLogo\"}},{\"@type\":\"Person\",\"@id\":\"https:\\\/\\\/eldigitaldeasturias.com\\\/magazine365\\\/author\\\/admin\\\/#author\",\"url\":\"https:\\\/\\\/eldigitaldeasturias.com\\\/magazine365\\\/author\\\/admin\\\/\",\"name\":\"admin\",\"image\":{\"@type\":\"ImageObject\",\"@id\":\"https:\\\/\\\/eldigitaldeasturias.com\\\/magazine365\\\/la-fiesta-de-la-arribada-de-baiona-reconocida-como-fiesta-de-interes-turistico-internacional\\\/#authorImage\",\"url\":\"https:\\\/\\\/eldigitaldeasturias.com\\\/magazine365\\\/wp-content\\\/litespeed\\\/avatar\\\/e571bcf59a0edd6fa6838245a470f2fe.jpg?ver=1776969259\",\"width\":96,\"height\":96,\"caption\":\"admin\"}},{\"@type\":\"WebPage\",\"@id\":\"https:\\\/\\\/eldigitaldeasturias.com\\\/magazine365\\\/la-fiesta-de-la-arribada-de-baiona-reconocida-como-fiesta-de-interes-turistico-internacional\\\/#webpage\",\"url\":\"https:\\\/\\\/eldigitaldeasturias.com\\\/magazine365\\\/la-fiesta-de-la-arribada-de-baiona-reconocida-como-fiesta-de-interes-turistico-internacional\\\/\",\"name\":\"La fiesta de la Arribada de Baiona, reconocida como Fiesta de Inter\\u00e9s Tur\\u00edstico Internacional | El Digital de Asturias\",\"description\":\"La fiesta de la Arribada de Baiona (Pontevedra), que conmemora la llegada de la carabela Pinta a la costa de la villa baionesa para transmitir el descubrimiento de Am\\u00e9rica, ha sido declarada como Fiesta de Inter\\u00e9s Tur\\u00edstico Internacional. Tal y como ha informado la Xunta, ha sido la secretaria de Estado de Turismo, Isabel Borrego,\",\"inLanguage\":\"es-ES\",\"isPartOf\":{\"@id\":\"https:\\\/\\\/eldigitaldeasturias.com\\\/magazine365\\\/#website\"},\"breadcrumb\":{\"@id\":\"https:\\\/\\\/eldigitaldeasturias.com\\\/magazine365\\\/la-fiesta-de-la-arribada-de-baiona-reconocida-como-fiesta-de-interes-turistico-internacional\\\/#breadcrumblist\"},\"author\":{\"@id\":\"https:\\\/\\\/eldigitaldeasturias.com\\\/magazine365\\\/author\\\/admin\\\/#author\"},\"creator\":{\"@id\":\"https:\\\/\\\/eldigitaldeasturias.com\\\/magazine365\\\/author\\\/admin\\\/#author\"},\"image\":{\"@type\":\"ImageObject\",\"url\":\"https:\\\/\\\/eldigitaldeasturias.com\\\/magazine365\\\/wp-content\\\/uploads\\\/2016\\\/01\\\/fitur2016.jpg\",\"@id\":\"https:\\\/\\\/eldigitaldeasturias.com\\\/magazine365\\\/la-fiesta-de-la-arribada-de-baiona-reconocida-como-fiesta-de-interes-turistico-internacional\\\/#mainImage\",\"width\":800,\"height\":533},\"primaryImageOfPage\":{\"@id\":\"https:\\\/\\\/eldigitaldeasturias.com\\\/magazine365\\\/la-fiesta-de-la-arribada-de-baiona-reconocida-como-fiesta-de-interes-turistico-internacional\\\/#mainImage\"},\"datePublished\":\"2016-01-23T14:55:24+01:00\",\"dateModified\":\"2016-01-23T14:55:24+01:00\"},{\"@type\":\"WebSite\",\"@id\":\"https:\\\/\\\/eldigitaldeasturias.com\\\/magazine365\\\/#website\",\"url\":\"https:\\\/\\\/eldigitaldeasturias.com\\\/magazine365\\\/\",\"name\":\"El Digital de Asturias\",\"description\":\"Revista de ocio, turismo y estilo de vida\",\"inLanguage\":\"es-ES\",\"publisher\":{\"@id\":\"https:\\\/\\\/eldigitaldeasturias.com\\\/magazine365\\\/#organization\"}}]}\n\t\t<\/script>\n\t\t<!-- All in One SEO Pro -->\r\n\t\t<title>La fiesta de la Arribada de Baiona, reconocida como Fiesta de Inter\u00e9s Tur\u00edstico Internacional | El Digital de Asturias<\/title>\n\n","aioseo_head_json":{"title":"La fiesta de la Arribada de Baiona, reconocida como Fiesta de Inter\u00e9s Tur\u00edstico Internacional | El Digital de Asturias","description":"La fiesta de la Arribada de Baiona (Pontevedra), que conmemora la llegada de la carabela Pinta a la costa de la villa baionesa para transmitir el descubrimiento de Am\u00e9rica, ha sido declarada como Fiesta de Inter\u00e9s Tur\u00edstico Internacional. Tal y como ha informado la Xunta, ha sido la secretaria de Estado de Turismo, Isabel Borrego,","canonical_url":"https:\/\/eldigitaldeasturias.com\/magazine365\/la-fiesta-de-la-arribada-de-baiona-reconocida-como-fiesta-de-interes-turistico-internacional\/","robots":"max-image-preview:large","keywords":"noticias y actualidad","webmasterTools":{"google-site-verification":"UA-38556648-1","miscellaneous":""},"schema":{"@context":"https:\/\/schema.org","@graph":[{"@type":"Article","@id":"https:\/\/eldigitaldeasturias.com\/magazine365\/la-fiesta-de-la-arribada-de-baiona-reconocida-como-fiesta-de-interes-turistico-internacional\/#article","name":"La fiesta de la Arribada de Baiona, reconocida como Fiesta de Inter\u00e9s Tur\u00edstico Internacional | El Digital de Asturias","headline":"La fiesta de la Arribada de Baiona, reconocida como Fiesta de Inter\u00e9s Tur\u00edstico Internacional","author":{"@id":"https:\/\/eldigitaldeasturias.com\/magazine365\/author\/admin\/#author"},"publisher":{"@id":"https:\/\/eldigitaldeasturias.com\/magazine365\/#organization"},"image":{"@type":"ImageObject","url":"https:\/\/eldigitaldeasturias.com\/magazine365\/wp-content\/uploads\/2016\/01\/fitur2016.jpg","width":800,"height":533},"datePublished":"2016-01-23T14:55:24+01:00","dateModified":"2016-01-23T14:55:24+01:00","inLanguage":"es-ES","mainEntityOfPage":{"@id":"https:\/\/eldigitaldeasturias.com\/magazine365\/la-fiesta-de-la-arribada-de-baiona-reconocida-como-fiesta-de-interes-turistico-internacional\/#webpage"},"isPartOf":{"@id":"https:\/\/eldigitaldeasturias.com\/magazine365\/la-fiesta-de-la-arribada-de-baiona-reconocida-como-fiesta-de-interes-turistico-internacional\/#webpage"},"articleSection":"Noticias y Actualidad"},{"@type":"BreadcrumbList","@id":"https:\/\/eldigitaldeasturias.com\/magazine365\/la-fiesta-de-la-arribada-de-baiona-reconocida-como-fiesta-de-interes-turistico-internacional\/#breadcrumblist","itemListElement":[{"@type":"ListItem","@id":"https:\/\/eldigitaldeasturias.com\/magazine365#listItem","position":1,"name":"Home","item":"https:\/\/eldigitaldeasturias.com\/magazine365","nextItem":{"@type":"ListItem","@id":"https:\/\/eldigitaldeasturias.com\/magazine365\/category\/noticias-actualidad\/#listItem","name":"Noticias y Actualidad"}},{"@type":"ListItem","@id":"https:\/\/eldigitaldeasturias.com\/magazine365\/category\/noticias-actualidad\/#listItem","position":2,"name":"Noticias y Actualidad","item":"https:\/\/eldigitaldeasturias.com\/magazine365\/category\/noticias-actualidad\/","nextItem":{"@type":"ListItem","@id":"https:\/\/eldigitaldeasturias.com\/magazine365\/la-fiesta-de-la-arribada-de-baiona-reconocida-como-fiesta-de-interes-turistico-internacional\/#listItem","name":"La fiesta de la Arribada de Baiona, reconocida como Fiesta de Inter\u00e9s Tur\u00edstico Internacional"},"previousItem":{"@type":"ListItem","@id":"https:\/\/eldigitaldeasturias.com\/magazine365#listItem","name":"Home"}},{"@type":"ListItem","@id":"https:\/\/eldigitaldeasturias.com\/magazine365\/la-fiesta-de-la-arribada-de-baiona-reconocida-como-fiesta-de-interes-turistico-internacional\/#listItem","position":3,"name":"La fiesta de la Arribada de Baiona, reconocida como Fiesta de Inter\u00e9s Tur\u00edstico Internacional","previousItem":{"@type":"ListItem","@id":"https:\/\/eldigitaldeasturias.com\/magazine365\/category\/noticias-actualidad\/#listItem","name":"Noticias y Actualidad"}}]},{"@type":"Organization","@id":"https:\/\/eldigitaldeasturias.com\/magazine365\/#organization","name":"El digital de Asturias","description":"Revista de ocio, turismo y estilo de vida","url":"https:\/\/eldigitaldeasturias.com\/magazine365\/","logo":{"@type":"ImageObject","url":"https:\/\/www.eldigitaldeasturias.com\/noticias\/wp-content\/uploads\/2020\/12\/EDA.jpg","@id":"https:\/\/eldigitaldeasturias.com\/magazine365\/la-fiesta-de-la-arribada-de-baiona-reconocida-como-fiesta-de-interes-turistico-internacional\/#organizationLogo"},"image":{"@id":"https:\/\/eldigitaldeasturias.com\/magazine365\/la-fiesta-de-la-arribada-de-baiona-reconocida-como-fiesta-de-interes-turistico-internacional\/#organizationLogo"}},{"@type":"Person","@id":"https:\/\/eldigitaldeasturias.com\/magazine365\/author\/admin\/#author","url":"https:\/\/eldigitaldeasturias.com\/magazine365\/author\/admin\/","name":"admin","image":{"@type":"ImageObject","@id":"https:\/\/eldigitaldeasturias.com\/magazine365\/la-fiesta-de-la-arribada-de-baiona-reconocida-como-fiesta-de-interes-turistico-internacional\/#authorImage","url":"https:\/\/eldigitaldeasturias.com\/magazine365\/wp-content\/litespeed\/avatar\/e571bcf59a0edd6fa6838245a470f2fe.jpg?ver=1776969259","width":96,"height":96,"caption":"admin"}},{"@type":"WebPage","@id":"https:\/\/eldigitaldeasturias.com\/magazine365\/la-fiesta-de-la-arribada-de-baiona-reconocida-como-fiesta-de-interes-turistico-internacional\/#webpage","url":"https:\/\/eldigitaldeasturias.com\/magazine365\/la-fiesta-de-la-arribada-de-baiona-reconocida-como-fiesta-de-interes-turistico-internacional\/","name":"La fiesta de la Arribada de Baiona, reconocida como Fiesta de Inter\u00e9s Tur\u00edstico Internacional | El Digital de Asturias","description":"La fiesta de la Arribada de Baiona (Pontevedra), que conmemora la llegada de la carabela Pinta a la costa de la villa baionesa para transmitir el descubrimiento de Am\u00e9rica, ha sido declarada como Fiesta de Inter\u00e9s Tur\u00edstico Internacional. Tal y como ha informado la Xunta, ha sido la secretaria de Estado de Turismo, Isabel Borrego,","inLanguage":"es-ES","isPartOf":{"@id":"https:\/\/eldigitaldeasturias.com\/magazine365\/#website"},"breadcrumb":{"@id":"https:\/\/eldigitaldeasturias.com\/magazine365\/la-fiesta-de-la-arribada-de-baiona-reconocida-como-fiesta-de-interes-turistico-internacional\/#breadcrumblist"},"author":{"@id":"https:\/\/eldigitaldeasturias.com\/magazine365\/author\/admin\/#author"},"creator":{"@id":"https:\/\/eldigitaldeasturias.com\/magazine365\/author\/admin\/#author"},"image":{"@type":"ImageObject","url":"https:\/\/eldigitaldeasturias.com\/magazine365\/wp-content\/uploads\/2016\/01\/fitur2016.jpg","@id":"https:\/\/eldigitaldeasturias.com\/magazine365\/la-fiesta-de-la-arribada-de-baiona-reconocida-como-fiesta-de-interes-turistico-internacional\/#mainImage","width":800,"height":533},"primaryImageOfPage":{"@id":"https:\/\/eldigitaldeasturias.com\/magazine365\/la-fiesta-de-la-arribada-de-baiona-reconocida-como-fiesta-de-interes-turistico-internacional\/#mainImage"},"datePublished":"2016-01-23T14:55:24+01:00","dateModified":"2016-01-23T14:55:24+01:00"},{"@type":"WebSite","@id":"https:\/\/eldigitaldeasturias.com\/magazine365\/#website","url":"https:\/\/eldigitaldeasturias.com\/magazine365\/","name":"El Digital de Asturias","description":"Revista de ocio, turismo y estilo de vida","inLanguage":"es-ES","publisher":{"@id":"https:\/\/eldigitaldeasturias.com\/magazine365\/#organization"}}]},"og:locale":"es_ES","og:site_name":"El Digital de Asturias \u2013 Revista de ocio, turismo y estilo de vida","og:type":"article","og:title":"La fiesta de la Arribada de Baiona, reconocida como Fiesta de Inter\u00e9s Tur\u00edstico Internacional | El Digital de Asturias","og:description":"La fiesta de la Arribada de Baiona (Pontevedra), que conmemora la llegada de la carabela Pinta a la costa de la villa baionesa para transmitir el descubrimiento de Am\u00e9rica, ha sido declarada como Fiesta de Inter\u00e9s Tur\u00edstico Internacional. Tal y como ha informado la Xunta, ha sido la secretaria de Estado de Turismo, Isabel Borrego,","og:url":"https:\/\/eldigitaldeasturias.com\/magazine365\/la-fiesta-de-la-arribada-de-baiona-reconocida-como-fiesta-de-interes-turistico-internacional\/","og:image":"https:\/\/eldigitaldeasturias.com\/magazine365\/wp-content\/uploads\/2016\/01\/fitur2016.jpg","og:image:secure_url":"https:\/\/eldigitaldeasturias.com\/magazine365\/wp-content\/uploads\/2016\/01\/fitur2016.jpg","og:image:width":800,"og:image:height":533,"article:published_time":"2016-01-23T13:55:24+00:00","article:modified_time":"2016-01-23T13:55:24+00:00","twitter:card":"summary_large_image","twitter:title":"La fiesta de la Arribada de Baiona, reconocida como Fiesta de Inter\u00e9s Tur\u00edstico Internacional | El Digital de Asturias","twitter:description":"La fiesta de la Arribada de Baiona (Pontevedra), que conmemora la llegada de la carabela Pinta a la costa de la villa baionesa para transmitir el descubrimiento de Am\u00e9rica, ha sido declarada como Fiesta de Inter\u00e9s Tur\u00edstico Internacional. Tal y como ha informado la Xunta, ha sido la secretaria de Estado de Turismo, Isabel Borrego,","twitter:image":"https:\/\/eldigitaldeasturias.com\/magazine365\/wp-content\/uploads\/2016\/01\/fitur2016.jpg"},"aioseo_meta_data":{"post_id":"61878","title":null,"description":null,"keywords":null,"keyphrases":null,"primary_term":null,"canonical_url":null,"og_title":null,"og_description":null,"og_object_type":"default","og_image_type":"default","og_image_url":null,"og_image_width":null,"og_image_height":null,"og_image_custom_url":null,"og_image_custom_fields":null,"og_video":null,"og_custom_url":null,"og_article_section":null,"og_article_tags":null,"twitter_use_og":false,"twitter_card":"default","twitter_image_type":"default","twitter_image_url":null,"twitter_image_custom_url":null,"twitter_image_custom_fields":null,"twitter_title":null,"twitter_description":null,"schema":{"blockGraphs":[],"customGraphs":[],"default":{"data":{"Article":[],"Course":[],"Dataset":[],"FAQPage":[],"Movie":[],"Person":[],"Product":[],"ProductReview":[],"Car":[],"Recipe":[],"Service":[],"SoftwareApplication":[],"WebPage":[]},"graphName":"","isEnabled":true},"graphs":[],"defaultGraph":"","defaultPostTypeGraph":""},"schema_type":null,"schema_type_options":null,"pillar_content":false,"robots_default":true,"robots_noindex":false,"robots_noarchive":false,"robots_nosnippet":false,"robots_nofollow":false,"robots_noimageindex":false,"robots_noodp":false,"robots_notranslate":false,"robots_max_snippet":null,"robots_max_videopreview":null,"robots_max_imagepreview":"large","priority":null,"frequency":null,"location":null,"local_seo":null,"seo_analyzer_scan_date":"2025-09-25 09:55:01","breadcrumb_settings":null,"limit_modified_date":false,"open_ai":null,"ai":null,"created":"2021-03-08 21:43:43","updated":"2025-09-25 09:55:01"},"aioseo_breadcrumb":"<div class=\"aioseo-breadcrumbs\"><span class=\"aioseo-breadcrumb\">\n\t<a href=\"https:\/\/eldigitaldeasturias.com\/magazine365\" title=\"Home\">Home<\/a>\n<\/span><span class=\"aioseo-breadcrumb-separator\">\u2013<\/span><span class=\"aioseo-breadcrumb\">\n\t<a href=\"https:\/\/eldigitaldeasturias.com\/magazine365\/category\/noticias-actualidad\/\" title=\"Noticias y Actualidad\">Noticias y Actualidad<\/a>\n<\/span><span class=\"aioseo-breadcrumb-separator\">\u2013<\/span><span class=\"aioseo-breadcrumb\">\n\t<a href=\"https:\/\/eldigitaldeasturias.com\/magazine365\/la-fiesta-de-la-arribada-de-baiona-reconocida-como-fiesta-de-interes-turistico-internacional\/\" title=\"La fiesta de la Arribada de Baiona, reconocida como Fiesta de Inter\u00e9s Tur\u00edstico Internacional\">La fiesta de la Arribada de Baiona, reconocida como Fiesta de Inter\u00e9s Tur\u00edstico Internacional<\/a>\n<\/span><\/div>","aioseo_breadcrumb_json":[{"label":"Home","link":"https:\/\/eldigitaldeasturias.com\/magazine365"},{"label":"Noticias y Actualidad","link":"https:\/\/eldigitaldeasturias.com\/magazine365\/category\/noticias-actualidad\/"},{"label":"La fiesta de la Arribada de Baiona, reconocida como Fiesta de Inter\u00e9s Tur\u00edstico Internacional","link":"https:\/\/eldigitaldeasturias.com\/magazine365\/la-fiesta-de-la-arribada-de-baiona-reconocida-como-fiesta-de-interes-turistico-internacional\/"}],"_links":{"self":[{"href":"https:\/\/eldigitaldeasturias.com\/magazine365\/wp-json\/wp\/v2\/posts\/61878","targetHints":{"allow":["GET"]}}],"collection":[{"href":"https:\/\/eldigitaldeasturias.com\/magazine365\/wp-json\/wp\/v2\/posts"}],"about":[{"href":"https:\/\/eldigitaldeasturias.com\/magazine365\/wp-json\/wp\/v2\/types\/post"}],"author":[{"embeddable":true,"href":"https:\/\/eldigitaldeasturias.com\/magazine365\/wp-json\/wp\/v2\/users\/1"}],"replies":[{"embeddable":true,"href":"https:\/\/eldigitaldeasturias.com\/magazine365\/wp-json\/wp\/v2\/comments?post=61878"}],"version-history":[{"count":0,"href":"https:\/\/eldigitaldeasturias.com\/magazine365\/wp-json\/wp\/v2\/posts\/61878\/revisions"}],"wp:featuredmedia":[{"embeddable":true,"href":"https:\/\/eldigitaldeasturias.com\/magazine365\/wp-json\/wp\/v2\/media\/61252"}],"wp:attachment":[{"href":"https:\/\/eldigitaldeasturias.com\/magazine365\/wp-json\/wp\/v2\/media?parent=61878"}],"wp:term":[{"taxonomy":"category","embeddable":true,"href":"https:\/\/eldigitaldeasturias.com\/magazine365\/wp-json\/wp\/v2\/categories?post=61878"},{"taxonomy":"post_tag","embeddable":true,"href":"https:\/\/eldigitaldeasturias.com\/magazine365\/wp-json\/wp\/v2\/tags?post=61878"}],"curies":[{"name":"wp","href":"https:\/\/api.w.org\/{rel}","templated":true}]}}