{"id":61869,"date":"2016-01-23T14:18:15","date_gmt":"2016-01-23T13:18:15","guid":{"rendered":"http:\/\/eldigitaldeasturias.com\/magazine365\/?p=61869"},"modified":"2016-01-23T14:18:15","modified_gmt":"2016-01-23T13:18:15","slug":"representantes-madrilenos-se-reunen-para-trasladar-que-madrid-nunca-deja-de-sorprender","status":"publish","type":"post","link":"https:\/\/eldigitaldeasturias.com\/magazine365\/representantes-madrilenos-se-reunen-para-trasladar-que-madrid-nunca-deja-de-sorprender\/","title":{"rendered":"Representantes madrile\u00f1os se re\u00fanen para trasladar que Madrid \u00abnunca deja de sorprender\u00bb"},"content":{"rendered":"<p><img fetchpriority=\"high\" decoding=\"async\" class=\"alignleft size-medium wp-image-40137\" src=\"https:\/\/eldigitaldeasturias.com\/magazine365\/wp-content\/uploads\/2015\/06\/madrid2-360x270.jpg\" alt=\"madrid\" width=\"360\" height=\"270\" srcset=\"https:\/\/eldigitaldeasturias.com\/magazine365\/wp-content\/uploads\/2015\/06\/madrid2-360x270.jpg 360w, https:\/\/eldigitaldeasturias.com\/magazine365\/wp-content\/uploads\/2015\/06\/madrid2-650x488.jpg 650w, https:\/\/eldigitaldeasturias.com\/magazine365\/wp-content\/uploads\/2015\/06\/madrid2-768x576.jpg 768w, https:\/\/eldigitaldeasturias.com\/magazine365\/wp-content\/uploads\/2015\/06\/madrid2-150x113.jpg 150w, https:\/\/eldigitaldeasturias.com\/magazine365\/wp-content\/uploads\/2015\/06\/madrid2-450x338.jpg 450w, https:\/\/eldigitaldeasturias.com\/magazine365\/wp-content\/uploads\/2015\/06\/madrid2-80x60.jpg 80w, https:\/\/eldigitaldeasturias.com\/magazine365\/wp-content\/uploads\/2015\/06\/madrid2-265x198.jpg 265w, https:\/\/eldigitaldeasturias.com\/magazine365\/wp-content\/uploads\/2015\/06\/madrid2-696x522.jpg 696w, https:\/\/eldigitaldeasturias.com\/magazine365\/wp-content\/uploads\/2015\/06\/madrid2-560x420.jpg 560w, https:\/\/eldigitaldeasturias.com\/magazine365\/wp-content\/uploads\/2015\/06\/madrid2-90x67.jpg 90w, https:\/\/eldigitaldeasturias.com\/magazine365\/wp-content\/uploads\/2015\/06\/madrid2-100x75.jpg 100w, https:\/\/eldigitaldeasturias.com\/magazine365\/wp-content\/uploads\/2015\/06\/madrid2.jpg 800w\" sizes=\"(max-width: 360px) 100vw, 360px\" \/>Los principales representantes de la Comunidad y el Ayuntamiento de Madrid se han reunido este viernes en Fitur 2016 con motivo del D\u00eda de Madrid para promocionar el turismo en la capital y la regi\u00f3n y recordar a los ciudadanos y visitantes que la capital \u00abnunca deja de sorprender\u00bb.<\/p>\n<p>El stand de la Comunidad, en esta ocasi\u00f3n conjunto con el del Ayuntamiento de Madrid, busca ir de la mano para generar \u00absinergias y evitar duplicidades\u00bb ense\u00f1ar al ciudadano y al visitante \u00abuna ciudad y una regi\u00f3n en la que \u00abnunca dejan de pasar cosas\u00bb.<\/p>\n<p>Concretamente, el espacio ha contado este viernes con actuaciones de solistas del Teatro Real y acoger\u00e1 durante el fin de semana, entre otras actividades, espect\u00e1culos flamencos y degustaci\u00f3n de vinos y quesos.<\/p>\n<p>Entre las personalidades que se han acercado al D\u00eda de Madrid se encuentran la presidenta de la Comunidad de Madrid, Cristina Cifuentes; el portavoz del PSOE en la Asamblea de Madrid, \u00c1ngel Gabilondo; la alcaldesa de Madrid en funciones, Marta Higueras; la portavoz del Gobierno municipal, Rita Maestre; la portavoz de Ciudadanos en el Ayuntamiento de Madrid, Bego\u00f1a Villac\u00eds, o la portavoz popular en el Ayuntamiento de Madrid, Esperanza Aguirre.<\/p>\n<p>La presidenta regional ha declarado que esta feria es \u00abuna excelente oportunidad para reafirmar el compromiso con un sector decisivo para la regi\u00f3n\u00bb. \u00abLa forma m\u00e1s inteligente de conseguir que el turismo sea el motor es colaborando con todos aquellos que comparten la misma idea\u00bb.<\/p>\n<p>El portavoz del PSOE en la Asamblea de Madrid, \u00c1ngel Gabilondo, ha hecho hincapi\u00e9 en la necesidad de crear un Plan Integral para el turismo en la regi\u00f3n y ha afeado a la presidenta regional \u00abel olvido a los municipios\u00bb.<\/p>\n<p>La alcaldesa de Madrid, Manuela Carmena, mediante un v\u00eddeo grabado desde Santiago de Chile, donde se encuentra actualmente, ha subrayado que no hay que entender el turismo s\u00f3lo \u00abcomo una mera actividad industrial\u00bb, sino como una actividad \u00abde viaje, de conocimiento y de desarrollo\u00bb.<\/p>\n<p>Seg\u00fan la primera edil, la ciudad \u00abtiene unas posibilidades extraordinarias de ser la capital del progreso, del turismo\u00bb, ya que est\u00e1 \u00abnaciendo un nivel de innovaci\u00f3n, de creaci\u00f3n\u00bb que permitir\u00e1 desarrollar el turismo por el que ella aboga.<\/p>\n<p>La portavoz de Ciudadanos en el Ayuntamiento de Madrid, Bego\u00f1a Villac\u00eds, ha incidido en que se debe recordar que la capital \u00abno es s\u00f3lo conocido por el Museo del Prado y el Real Madrid\u00bb. Adem\u00e1s, ha se\u00f1alado la importancia de hacer las cosas \u00abde forma consensuada\u00bb en materia de turismo, buscando el entendimiento entre la Comunidad y el Ayuntamiento.<\/p>\n","protected":false},"excerpt":{"rendered":"<p>Los principales representantes de la Comunidad y el Ayuntamiento de Madrid se han reunido este viernes en Fitur 2016 con motivo del D\u00eda de Madrid para promocionar el turismo en la capital y la regi\u00f3n y recordar a los ciudadanos y visitantes que la capital \u00abnunca deja de sorprender\u00bb. El stand de la Comunidad, en<\/p>\n","protected":false},"author":1,"featured_media":40137,"comment_status":"open","ping_status":"closed","sticky":false,"template":"","format":"standard","meta":{"footnotes":""},"categories":[224],"tags":[],"class_list":{"0":"post-61869","1":"post","2":"type-post","3":"status-publish","4":"format-standard","5":"has-post-thumbnail","7":"category-noticias-actualidad"},"aioseo_notices":[],"aioseo_head":"\n\t\t<!-- All in One SEO Pro 4.9.6.1 - aioseo.com -->\n\t<meta name=\"description\" content=\"Los principales representantes de la Comunidad y el Ayuntamiento de Madrid se han reunido este viernes en Fitur 2016 con motivo del D\u00eda de Madrid para promocionar el turismo en la capital y la regi\u00f3n y recordar a los ciudadanos y visitantes que la capital &quot;nunca deja de sorprender&quot;. El stand de la Comunidad, en\" \/>\n\t<meta name=\"robots\" content=\"max-image-preview:large\" \/>\n\t<meta name=\"author\" content=\"admin\"\/>\n\t<meta name=\"google-site-verification\" content=\"UA-38556648-1\" \/>\n\t<meta name=\"keywords\" content=\"noticias y actualidad\" \/>\n\t<link rel=\"canonical\" href=\"https:\/\/eldigitaldeasturias.com\/magazine365\/representantes-madrilenos-se-reunen-para-trasladar-que-madrid-nunca-deja-de-sorprender\/\" \/>\n\t<meta name=\"generator\" content=\"All in One SEO Pro (AIOSEO) 4.9.6.1\" \/>\n\t\t<meta property=\"og:locale\" content=\"es_ES\" \/>\n\t\t<meta property=\"og:site_name\" content=\"El Digital de Asturias \u2013 Revista de ocio, turismo y estilo de vida\" \/>\n\t\t<meta property=\"og:type\" content=\"article\" \/>\n\t\t<meta property=\"og:title\" content=\"Representantes madrile\u00f1os se re\u00fanen para trasladar que Madrid \u00abnunca deja de sorprender\u00bb | El Digital de Asturias\" \/>\n\t\t<meta property=\"og:description\" content=\"Los principales representantes de la Comunidad y el Ayuntamiento de Madrid se han reunido este viernes en Fitur 2016 con motivo del D\u00eda de Madrid para promocionar el turismo en la capital y la regi\u00f3n y recordar a los ciudadanos y visitantes que la capital &quot;nunca deja de sorprender&quot;. El stand de la Comunidad, en\" \/>\n\t\t<meta property=\"og:url\" content=\"https:\/\/eldigitaldeasturias.com\/magazine365\/representantes-madrilenos-se-reunen-para-trasladar-que-madrid-nunca-deja-de-sorprender\/\" \/>\n\t\t<meta property=\"og:image\" content=\"https:\/\/eldigitaldeasturias.com\/magazine365\/wp-content\/uploads\/2015\/06\/madrid2.jpg\" \/>\n\t\t<meta property=\"og:image:secure_url\" content=\"https:\/\/eldigitaldeasturias.com\/magazine365\/wp-content\/uploads\/2015\/06\/madrid2.jpg\" \/>\n\t\t<meta property=\"og:image:width\" content=\"800\" \/>\n\t\t<meta property=\"og:image:height\" content=\"600\" \/>\n\t\t<meta property=\"article:published_time\" content=\"2016-01-23T13:18:15+00:00\" \/>\n\t\t<meta property=\"article:modified_time\" content=\"2016-01-23T13:18:15+00:00\" \/>\n\t\t<meta name=\"twitter:card\" content=\"summary_large_image\" \/>\n\t\t<meta name=\"twitter:title\" content=\"Representantes madrile\u00f1os se re\u00fanen para trasladar que Madrid \u00abnunca deja de sorprender\u00bb | El Digital de Asturias\" \/>\n\t\t<meta name=\"twitter:description\" content=\"Los principales representantes de la Comunidad y el Ayuntamiento de Madrid se han reunido este viernes en Fitur 2016 con motivo del D\u00eda de Madrid para promocionar el turismo en la capital y la regi\u00f3n y recordar a los ciudadanos y visitantes que la capital &quot;nunca deja de sorprender&quot;. El stand de la Comunidad, en\" \/>\n\t\t<meta name=\"twitter:image\" content=\"https:\/\/eldigitaldeasturias.com\/magazine365\/wp-content\/uploads\/2015\/06\/madrid2.jpg\" \/>\n\t\t<script type=\"application\/ld+json\" class=\"aioseo-schema\">\n\t\t\t{\"@context\":\"https:\\\/\\\/schema.org\",\"@graph\":[{\"@type\":\"Article\",\"@id\":\"https:\\\/\\\/eldigitaldeasturias.com\\\/magazine365\\\/representantes-madrilenos-se-reunen-para-trasladar-que-madrid-nunca-deja-de-sorprender\\\/#article\",\"name\":\"Representantes madrile\\u00f1os se re\\u00fanen para trasladar que Madrid \\u00abnunca deja de sorprender\\u00bb | El Digital de Asturias\",\"headline\":\"Representantes madrile\\u00f1os se re\\u00fanen para trasladar que Madrid \\u00abnunca deja de sorprender\\u00bb\",\"author\":{\"@id\":\"https:\\\/\\\/eldigitaldeasturias.com\\\/magazine365\\\/author\\\/admin\\\/#author\"},\"publisher\":{\"@id\":\"https:\\\/\\\/eldigitaldeasturias.com\\\/magazine365\\\/#organization\"},\"image\":{\"@type\":\"ImageObject\",\"url\":\"https:\\\/\\\/eldigitaldeasturias.com\\\/magazine365\\\/wp-content\\\/uploads\\\/2015\\\/06\\\/madrid2.jpg\",\"width\":800,\"height\":600},\"datePublished\":\"2016-01-23T14:18:15+01:00\",\"dateModified\":\"2016-01-23T14:18:15+01:00\",\"inLanguage\":\"es-ES\",\"mainEntityOfPage\":{\"@id\":\"https:\\\/\\\/eldigitaldeasturias.com\\\/magazine365\\\/representantes-madrilenos-se-reunen-para-trasladar-que-madrid-nunca-deja-de-sorprender\\\/#webpage\"},\"isPartOf\":{\"@id\":\"https:\\\/\\\/eldigitaldeasturias.com\\\/magazine365\\\/representantes-madrilenos-se-reunen-para-trasladar-que-madrid-nunca-deja-de-sorprender\\\/#webpage\"},\"articleSection\":\"Noticias y Actualidad\"},{\"@type\":\"BreadcrumbList\",\"@id\":\"https:\\\/\\\/eldigitaldeasturias.com\\\/magazine365\\\/representantes-madrilenos-se-reunen-para-trasladar-que-madrid-nunca-deja-de-sorprender\\\/#breadcrumblist\",\"itemListElement\":[{\"@type\":\"ListItem\",\"@id\":\"https:\\\/\\\/eldigitaldeasturias.com\\\/magazine365#listItem\",\"position\":1,\"name\":\"Home\",\"item\":\"https:\\\/\\\/eldigitaldeasturias.com\\\/magazine365\",\"nextItem\":{\"@type\":\"ListItem\",\"@id\":\"https:\\\/\\\/eldigitaldeasturias.com\\\/magazine365\\\/category\\\/noticias-actualidad\\\/#listItem\",\"name\":\"Noticias y Actualidad\"}},{\"@type\":\"ListItem\",\"@id\":\"https:\\\/\\\/eldigitaldeasturias.com\\\/magazine365\\\/category\\\/noticias-actualidad\\\/#listItem\",\"position\":2,\"name\":\"Noticias y Actualidad\",\"item\":\"https:\\\/\\\/eldigitaldeasturias.com\\\/magazine365\\\/category\\\/noticias-actualidad\\\/\",\"nextItem\":{\"@type\":\"ListItem\",\"@id\":\"https:\\\/\\\/eldigitaldeasturias.com\\\/magazine365\\\/representantes-madrilenos-se-reunen-para-trasladar-que-madrid-nunca-deja-de-sorprender\\\/#listItem\",\"name\":\"Representantes madrile\\u00f1os se re\\u00fanen para trasladar que Madrid \\u00abnunca deja de sorprender\\u00bb\"},\"previousItem\":{\"@type\":\"ListItem\",\"@id\":\"https:\\\/\\\/eldigitaldeasturias.com\\\/magazine365#listItem\",\"name\":\"Home\"}},{\"@type\":\"ListItem\",\"@id\":\"https:\\\/\\\/eldigitaldeasturias.com\\\/magazine365\\\/representantes-madrilenos-se-reunen-para-trasladar-que-madrid-nunca-deja-de-sorprender\\\/#listItem\",\"position\":3,\"name\":\"Representantes madrile\\u00f1os se re\\u00fanen para trasladar que Madrid \\u00abnunca deja de sorprender\\u00bb\",\"previousItem\":{\"@type\":\"ListItem\",\"@id\":\"https:\\\/\\\/eldigitaldeasturias.com\\\/magazine365\\\/category\\\/noticias-actualidad\\\/#listItem\",\"name\":\"Noticias y Actualidad\"}}]},{\"@type\":\"Organization\",\"@id\":\"https:\\\/\\\/eldigitaldeasturias.com\\\/magazine365\\\/#organization\",\"name\":\"El digital de Asturias\",\"description\":\"Revista de ocio, turismo y estilo de vida\",\"url\":\"https:\\\/\\\/eldigitaldeasturias.com\\\/magazine365\\\/\",\"logo\":{\"@type\":\"ImageObject\",\"url\":\"https:\\\/\\\/www.eldigitaldeasturias.com\\\/noticias\\\/wp-content\\\/uploads\\\/2020\\\/12\\\/EDA.jpg\",\"@id\":\"https:\\\/\\\/eldigitaldeasturias.com\\\/magazine365\\\/representantes-madrilenos-se-reunen-para-trasladar-que-madrid-nunca-deja-de-sorprender\\\/#organizationLogo\"},\"image\":{\"@id\":\"https:\\\/\\\/eldigitaldeasturias.com\\\/magazine365\\\/representantes-madrilenos-se-reunen-para-trasladar-que-madrid-nunca-deja-de-sorprender\\\/#organizationLogo\"}},{\"@type\":\"Person\",\"@id\":\"https:\\\/\\\/eldigitaldeasturias.com\\\/magazine365\\\/author\\\/admin\\\/#author\",\"url\":\"https:\\\/\\\/eldigitaldeasturias.com\\\/magazine365\\\/author\\\/admin\\\/\",\"name\":\"admin\",\"image\":{\"@type\":\"ImageObject\",\"@id\":\"https:\\\/\\\/eldigitaldeasturias.com\\\/magazine365\\\/representantes-madrilenos-se-reunen-para-trasladar-que-madrid-nunca-deja-de-sorprender\\\/#authorImage\",\"url\":\"https:\\\/\\\/eldigitaldeasturias.com\\\/magazine365\\\/wp-content\\\/litespeed\\\/avatar\\\/e571bcf59a0edd6fa6838245a470f2fe.jpg?ver=1776969259\",\"width\":96,\"height\":96,\"caption\":\"admin\"}},{\"@type\":\"WebPage\",\"@id\":\"https:\\\/\\\/eldigitaldeasturias.com\\\/magazine365\\\/representantes-madrilenos-se-reunen-para-trasladar-que-madrid-nunca-deja-de-sorprender\\\/#webpage\",\"url\":\"https:\\\/\\\/eldigitaldeasturias.com\\\/magazine365\\\/representantes-madrilenos-se-reunen-para-trasladar-que-madrid-nunca-deja-de-sorprender\\\/\",\"name\":\"Representantes madrile\\u00f1os se re\\u00fanen para trasladar que Madrid \\u00abnunca deja de sorprender\\u00bb | El Digital de Asturias\",\"description\":\"Los principales representantes de la Comunidad y el Ayuntamiento de Madrid se han reunido este viernes en Fitur 2016 con motivo del D\\u00eda de Madrid para promocionar el turismo en la capital y la regi\\u00f3n y recordar a los ciudadanos y visitantes que la capital \\\"nunca deja de sorprender\\\". El stand de la Comunidad, en\",\"inLanguage\":\"es-ES\",\"isPartOf\":{\"@id\":\"https:\\\/\\\/eldigitaldeasturias.com\\\/magazine365\\\/#website\"},\"breadcrumb\":{\"@id\":\"https:\\\/\\\/eldigitaldeasturias.com\\\/magazine365\\\/representantes-madrilenos-se-reunen-para-trasladar-que-madrid-nunca-deja-de-sorprender\\\/#breadcrumblist\"},\"author\":{\"@id\":\"https:\\\/\\\/eldigitaldeasturias.com\\\/magazine365\\\/author\\\/admin\\\/#author\"},\"creator\":{\"@id\":\"https:\\\/\\\/eldigitaldeasturias.com\\\/magazine365\\\/author\\\/admin\\\/#author\"},\"image\":{\"@type\":\"ImageObject\",\"url\":\"https:\\\/\\\/eldigitaldeasturias.com\\\/magazine365\\\/wp-content\\\/uploads\\\/2015\\\/06\\\/madrid2.jpg\",\"@id\":\"https:\\\/\\\/eldigitaldeasturias.com\\\/magazine365\\\/representantes-madrilenos-se-reunen-para-trasladar-que-madrid-nunca-deja-de-sorprender\\\/#mainImage\",\"width\":800,\"height\":600},\"primaryImageOfPage\":{\"@id\":\"https:\\\/\\\/eldigitaldeasturias.com\\\/magazine365\\\/representantes-madrilenos-se-reunen-para-trasladar-que-madrid-nunca-deja-de-sorprender\\\/#mainImage\"},\"datePublished\":\"2016-01-23T14:18:15+01:00\",\"dateModified\":\"2016-01-23T14:18:15+01:00\"},{\"@type\":\"WebSite\",\"@id\":\"https:\\\/\\\/eldigitaldeasturias.com\\\/magazine365\\\/#website\",\"url\":\"https:\\\/\\\/eldigitaldeasturias.com\\\/magazine365\\\/\",\"name\":\"El Digital de Asturias\",\"description\":\"Revista de ocio, turismo y estilo de vida\",\"inLanguage\":\"es-ES\",\"publisher\":{\"@id\":\"https:\\\/\\\/eldigitaldeasturias.com\\\/magazine365\\\/#organization\"}}]}\n\t\t<\/script>\n\t\t<!-- All in One SEO Pro -->\r\n\t\t<title>Representantes madrile\u00f1os se re\u00fanen para trasladar que Madrid \u00abnunca deja de sorprender\u00bb | El Digital de Asturias<\/title>\n\n","aioseo_head_json":{"title":"Representantes madrile\u00f1os se re\u00fanen para trasladar que Madrid \u00abnunca deja de sorprender\u00bb | El Digital de Asturias","description":"Los principales representantes de la Comunidad y el Ayuntamiento de Madrid se han reunido este viernes en Fitur 2016 con motivo del D\u00eda de Madrid para promocionar el turismo en la capital y la regi\u00f3n y recordar a los ciudadanos y visitantes que la capital \"nunca deja de sorprender\". El stand de la Comunidad, en","canonical_url":"https:\/\/eldigitaldeasturias.com\/magazine365\/representantes-madrilenos-se-reunen-para-trasladar-que-madrid-nunca-deja-de-sorprender\/","robots":"max-image-preview:large","keywords":"noticias y actualidad","webmasterTools":{"google-site-verification":"UA-38556648-1","miscellaneous":""},"schema":{"@context":"https:\/\/schema.org","@graph":[{"@type":"Article","@id":"https:\/\/eldigitaldeasturias.com\/magazine365\/representantes-madrilenos-se-reunen-para-trasladar-que-madrid-nunca-deja-de-sorprender\/#article","name":"Representantes madrile\u00f1os se re\u00fanen para trasladar que Madrid \u00abnunca deja de sorprender\u00bb | El Digital de Asturias","headline":"Representantes madrile\u00f1os se re\u00fanen para trasladar que Madrid \u00abnunca deja de sorprender\u00bb","author":{"@id":"https:\/\/eldigitaldeasturias.com\/magazine365\/author\/admin\/#author"},"publisher":{"@id":"https:\/\/eldigitaldeasturias.com\/magazine365\/#organization"},"image":{"@type":"ImageObject","url":"https:\/\/eldigitaldeasturias.com\/magazine365\/wp-content\/uploads\/2015\/06\/madrid2.jpg","width":800,"height":600},"datePublished":"2016-01-23T14:18:15+01:00","dateModified":"2016-01-23T14:18:15+01:00","inLanguage":"es-ES","mainEntityOfPage":{"@id":"https:\/\/eldigitaldeasturias.com\/magazine365\/representantes-madrilenos-se-reunen-para-trasladar-que-madrid-nunca-deja-de-sorprender\/#webpage"},"isPartOf":{"@id":"https:\/\/eldigitaldeasturias.com\/magazine365\/representantes-madrilenos-se-reunen-para-trasladar-que-madrid-nunca-deja-de-sorprender\/#webpage"},"articleSection":"Noticias y Actualidad"},{"@type":"BreadcrumbList","@id":"https:\/\/eldigitaldeasturias.com\/magazine365\/representantes-madrilenos-se-reunen-para-trasladar-que-madrid-nunca-deja-de-sorprender\/#breadcrumblist","itemListElement":[{"@type":"ListItem","@id":"https:\/\/eldigitaldeasturias.com\/magazine365#listItem","position":1,"name":"Home","item":"https:\/\/eldigitaldeasturias.com\/magazine365","nextItem":{"@type":"ListItem","@id":"https:\/\/eldigitaldeasturias.com\/magazine365\/category\/noticias-actualidad\/#listItem","name":"Noticias y Actualidad"}},{"@type":"ListItem","@id":"https:\/\/eldigitaldeasturias.com\/magazine365\/category\/noticias-actualidad\/#listItem","position":2,"name":"Noticias y Actualidad","item":"https:\/\/eldigitaldeasturias.com\/magazine365\/category\/noticias-actualidad\/","nextItem":{"@type":"ListItem","@id":"https:\/\/eldigitaldeasturias.com\/magazine365\/representantes-madrilenos-se-reunen-para-trasladar-que-madrid-nunca-deja-de-sorprender\/#listItem","name":"Representantes madrile\u00f1os se re\u00fanen para trasladar que Madrid \u00abnunca deja de sorprender\u00bb"},"previousItem":{"@type":"ListItem","@id":"https:\/\/eldigitaldeasturias.com\/magazine365#listItem","name":"Home"}},{"@type":"ListItem","@id":"https:\/\/eldigitaldeasturias.com\/magazine365\/representantes-madrilenos-se-reunen-para-trasladar-que-madrid-nunca-deja-de-sorprender\/#listItem","position":3,"name":"Representantes madrile\u00f1os se re\u00fanen para trasladar que Madrid \u00abnunca deja de sorprender\u00bb","previousItem":{"@type":"ListItem","@id":"https:\/\/eldigitaldeasturias.com\/magazine365\/category\/noticias-actualidad\/#listItem","name":"Noticias y Actualidad"}}]},{"@type":"Organization","@id":"https:\/\/eldigitaldeasturias.com\/magazine365\/#organization","name":"El digital de Asturias","description":"Revista de ocio, turismo y estilo de vida","url":"https:\/\/eldigitaldeasturias.com\/magazine365\/","logo":{"@type":"ImageObject","url":"https:\/\/www.eldigitaldeasturias.com\/noticias\/wp-content\/uploads\/2020\/12\/EDA.jpg","@id":"https:\/\/eldigitaldeasturias.com\/magazine365\/representantes-madrilenos-se-reunen-para-trasladar-que-madrid-nunca-deja-de-sorprender\/#organizationLogo"},"image":{"@id":"https:\/\/eldigitaldeasturias.com\/magazine365\/representantes-madrilenos-se-reunen-para-trasladar-que-madrid-nunca-deja-de-sorprender\/#organizationLogo"}},{"@type":"Person","@id":"https:\/\/eldigitaldeasturias.com\/magazine365\/author\/admin\/#author","url":"https:\/\/eldigitaldeasturias.com\/magazine365\/author\/admin\/","name":"admin","image":{"@type":"ImageObject","@id":"https:\/\/eldigitaldeasturias.com\/magazine365\/representantes-madrilenos-se-reunen-para-trasladar-que-madrid-nunca-deja-de-sorprender\/#authorImage","url":"https:\/\/eldigitaldeasturias.com\/magazine365\/wp-content\/litespeed\/avatar\/e571bcf59a0edd6fa6838245a470f2fe.jpg?ver=1776969259","width":96,"height":96,"caption":"admin"}},{"@type":"WebPage","@id":"https:\/\/eldigitaldeasturias.com\/magazine365\/representantes-madrilenos-se-reunen-para-trasladar-que-madrid-nunca-deja-de-sorprender\/#webpage","url":"https:\/\/eldigitaldeasturias.com\/magazine365\/representantes-madrilenos-se-reunen-para-trasladar-que-madrid-nunca-deja-de-sorprender\/","name":"Representantes madrile\u00f1os se re\u00fanen para trasladar que Madrid \u00abnunca deja de sorprender\u00bb | El Digital de Asturias","description":"Los principales representantes de la Comunidad y el Ayuntamiento de Madrid se han reunido este viernes en Fitur 2016 con motivo del D\u00eda de Madrid para promocionar el turismo en la capital y la regi\u00f3n y recordar a los ciudadanos y visitantes que la capital \"nunca deja de sorprender\". El stand de la Comunidad, en","inLanguage":"es-ES","isPartOf":{"@id":"https:\/\/eldigitaldeasturias.com\/magazine365\/#website"},"breadcrumb":{"@id":"https:\/\/eldigitaldeasturias.com\/magazine365\/representantes-madrilenos-se-reunen-para-trasladar-que-madrid-nunca-deja-de-sorprender\/#breadcrumblist"},"author":{"@id":"https:\/\/eldigitaldeasturias.com\/magazine365\/author\/admin\/#author"},"creator":{"@id":"https:\/\/eldigitaldeasturias.com\/magazine365\/author\/admin\/#author"},"image":{"@type":"ImageObject","url":"https:\/\/eldigitaldeasturias.com\/magazine365\/wp-content\/uploads\/2015\/06\/madrid2.jpg","@id":"https:\/\/eldigitaldeasturias.com\/magazine365\/representantes-madrilenos-se-reunen-para-trasladar-que-madrid-nunca-deja-de-sorprender\/#mainImage","width":800,"height":600},"primaryImageOfPage":{"@id":"https:\/\/eldigitaldeasturias.com\/magazine365\/representantes-madrilenos-se-reunen-para-trasladar-que-madrid-nunca-deja-de-sorprender\/#mainImage"},"datePublished":"2016-01-23T14:18:15+01:00","dateModified":"2016-01-23T14:18:15+01:00"},{"@type":"WebSite","@id":"https:\/\/eldigitaldeasturias.com\/magazine365\/#website","url":"https:\/\/eldigitaldeasturias.com\/magazine365\/","name":"El Digital de Asturias","description":"Revista de ocio, turismo y estilo de vida","inLanguage":"es-ES","publisher":{"@id":"https:\/\/eldigitaldeasturias.com\/magazine365\/#organization"}}]},"og:locale":"es_ES","og:site_name":"El Digital de Asturias \u2013 Revista de ocio, turismo y estilo de vida","og:type":"article","og:title":"Representantes madrile\u00f1os se re\u00fanen para trasladar que Madrid \u00abnunca deja de sorprender\u00bb | El Digital de Asturias","og:description":"Los principales representantes de la Comunidad y el Ayuntamiento de Madrid se han reunido este viernes en Fitur 2016 con motivo del D\u00eda de Madrid para promocionar el turismo en la capital y la regi\u00f3n y recordar a los ciudadanos y visitantes que la capital &quot;nunca deja de sorprender&quot;. El stand de la Comunidad, en","og:url":"https:\/\/eldigitaldeasturias.com\/magazine365\/representantes-madrilenos-se-reunen-para-trasladar-que-madrid-nunca-deja-de-sorprender\/","og:image":"https:\/\/eldigitaldeasturias.com\/magazine365\/wp-content\/uploads\/2015\/06\/madrid2.jpg","og:image:secure_url":"https:\/\/eldigitaldeasturias.com\/magazine365\/wp-content\/uploads\/2015\/06\/madrid2.jpg","og:image:width":800,"og:image:height":600,"article:published_time":"2016-01-23T13:18:15+00:00","article:modified_time":"2016-01-23T13:18:15+00:00","twitter:card":"summary_large_image","twitter:title":"Representantes madrile\u00f1os se re\u00fanen para trasladar que Madrid \u00abnunca deja de sorprender\u00bb | El Digital de Asturias","twitter:description":"Los principales representantes de la Comunidad y el Ayuntamiento de Madrid se han reunido este viernes en Fitur 2016 con motivo del D\u00eda de Madrid para promocionar el turismo en la capital y la regi\u00f3n y recordar a los ciudadanos y visitantes que la capital &quot;nunca deja de sorprender&quot;. El stand de la Comunidad, en","twitter:image":"https:\/\/eldigitaldeasturias.com\/magazine365\/wp-content\/uploads\/2015\/06\/madrid2.jpg"},"aioseo_meta_data":{"post_id":"61869","title":null,"description":null,"keywords":null,"keyphrases":null,"primary_term":null,"canonical_url":null,"og_title":null,"og_description":null,"og_object_type":"default","og_image_type":"default","og_image_url":null,"og_image_width":null,"og_image_height":null,"og_image_custom_url":null,"og_image_custom_fields":null,"og_video":null,"og_custom_url":null,"og_article_section":null,"og_article_tags":null,"twitter_use_og":false,"twitter_card":"default","twitter_image_type":"default","twitter_image_url":null,"twitter_image_custom_url":null,"twitter_image_custom_fields":null,"twitter_title":null,"twitter_description":null,"schema":{"blockGraphs":[],"customGraphs":[],"default":{"data":{"Article":[],"Course":[],"Dataset":[],"FAQPage":[],"Movie":[],"Person":[],"Product":[],"ProductReview":[],"Car":[],"Recipe":[],"Service":[],"SoftwareApplication":[],"WebPage":[]},"graphName":"","isEnabled":true},"graphs":[]},"schema_type":null,"schema_type_options":null,"pillar_content":false,"robots_default":true,"robots_noindex":false,"robots_noarchive":false,"robots_nosnippet":false,"robots_nofollow":false,"robots_noimageindex":false,"robots_noodp":false,"robots_notranslate":false,"robots_max_snippet":null,"robots_max_videopreview":null,"robots_max_imagepreview":"large","priority":null,"frequency":null,"location":null,"local_seo":null,"seo_analyzer_scan_date":"2025-09-25 09:53:06","breadcrumb_settings":null,"limit_modified_date":false,"open_ai":null,"ai":null,"created":"2021-03-08 21:43:43","updated":"2025-09-25 09:53:06"},"aioseo_breadcrumb":"<div class=\"aioseo-breadcrumbs\"><span class=\"aioseo-breadcrumb\">\n\t<a href=\"https:\/\/eldigitaldeasturias.com\/magazine365\" title=\"Home\">Home<\/a>\n<\/span><span class=\"aioseo-breadcrumb-separator\">\u2013<\/span><span class=\"aioseo-breadcrumb\">\n\t<a href=\"https:\/\/eldigitaldeasturias.com\/magazine365\/category\/noticias-actualidad\/\" title=\"Noticias y Actualidad\">Noticias y Actualidad<\/a>\n<\/span><span class=\"aioseo-breadcrumb-separator\">\u2013<\/span><span class=\"aioseo-breadcrumb\">\n\t<a href=\"https:\/\/eldigitaldeasturias.com\/magazine365\/representantes-madrilenos-se-reunen-para-trasladar-que-madrid-nunca-deja-de-sorprender\/\" title=\"Representantes madrile\u00f1os se re\u00fanen para trasladar que Madrid \u00abnunca deja de sorprender\u00bb\">Representantes madrile\u00f1os se re\u00fanen para trasladar que Madrid \u00abnunca deja de sorprender\u00bb<\/a>\n<\/span><\/div>","aioseo_breadcrumb_json":[{"label":"Home","link":"https:\/\/eldigitaldeasturias.com\/magazine365"},{"label":"Noticias y Actualidad","link":"https:\/\/eldigitaldeasturias.com\/magazine365\/category\/noticias-actualidad\/"},{"label":"Representantes madrile\u00f1os se re\u00fanen para trasladar que Madrid \u00abnunca deja de sorprender\u00bb","link":"https:\/\/eldigitaldeasturias.com\/magazine365\/representantes-madrilenos-se-reunen-para-trasladar-que-madrid-nunca-deja-de-sorprender\/"}],"_links":{"self":[{"href":"https:\/\/eldigitaldeasturias.com\/magazine365\/wp-json\/wp\/v2\/posts\/61869","targetHints":{"allow":["GET"]}}],"collection":[{"href":"https:\/\/eldigitaldeasturias.com\/magazine365\/wp-json\/wp\/v2\/posts"}],"about":[{"href":"https:\/\/eldigitaldeasturias.com\/magazine365\/wp-json\/wp\/v2\/types\/post"}],"author":[{"embeddable":true,"href":"https:\/\/eldigitaldeasturias.com\/magazine365\/wp-json\/wp\/v2\/users\/1"}],"replies":[{"embeddable":true,"href":"https:\/\/eldigitaldeasturias.com\/magazine365\/wp-json\/wp\/v2\/comments?post=61869"}],"version-history":[{"count":0,"href":"https:\/\/eldigitaldeasturias.com\/magazine365\/wp-json\/wp\/v2\/posts\/61869\/revisions"}],"wp:featuredmedia":[{"embeddable":true,"href":"https:\/\/eldigitaldeasturias.com\/magazine365\/wp-json\/wp\/v2\/media\/40137"}],"wp:attachment":[{"href":"https:\/\/eldigitaldeasturias.com\/magazine365\/wp-json\/wp\/v2\/media?parent=61869"}],"wp:term":[{"taxonomy":"category","embeddable":true,"href":"https:\/\/eldigitaldeasturias.com\/magazine365\/wp-json\/wp\/v2\/categories?post=61869"},{"taxonomy":"post_tag","embeddable":true,"href":"https:\/\/eldigitaldeasturias.com\/magazine365\/wp-json\/wp\/v2\/tags?post=61869"}],"curies":[{"name":"wp","href":"https:\/\/api.w.org\/{rel}","templated":true}]}}