{"id":61863,"date":"2016-01-23T14:14:15","date_gmt":"2016-01-23T13:14:15","guid":{"rendered":"http:\/\/eldigitaldeasturias.com\/magazine365\/?p=61863"},"modified":"2016-01-23T14:14:15","modified_gmt":"2016-01-23T13:14:15","slug":"tui-se-interesa-por-la-oferta-cultural-de-torremolinos","status":"publish","type":"post","link":"https:\/\/eldigitaldeasturias.com\/magazine365\/tui-se-interesa-por-la-oferta-cultural-de-torremolinos\/","title":{"rendered":"TUI se interesa por la oferta cultural de Torremolinos"},"content":{"rendered":"<p><img fetchpriority=\"high\" decoding=\"async\" class=\"alignleft size-medium wp-image-61864\" src=\"https:\/\/eldigitaldeasturias.com\/magazine365\/wp-content\/uploads\/2016\/01\/fotonoticia_20160122174221_800-360x240.jpg\" alt=\"fotonoticia_20160122174221_800\" width=\"360\" height=\"240\" srcset=\"https:\/\/eldigitaldeasturias.com\/magazine365\/wp-content\/uploads\/2016\/01\/fotonoticia_20160122174221_800-360x240.jpg 360w, https:\/\/eldigitaldeasturias.com\/magazine365\/wp-content\/uploads\/2016\/01\/fotonoticia_20160122174221_800-650x433.jpg 650w, https:\/\/eldigitaldeasturias.com\/magazine365\/wp-content\/uploads\/2016\/01\/fotonoticia_20160122174221_800-768x512.jpg 768w, https:\/\/eldigitaldeasturias.com\/magazine365\/wp-content\/uploads\/2016\/01\/fotonoticia_20160122174221_800-150x100.jpg 150w, https:\/\/eldigitaldeasturias.com\/magazine365\/wp-content\/uploads\/2016\/01\/fotonoticia_20160122174221_800-450x300.jpg 450w, https:\/\/eldigitaldeasturias.com\/magazine365\/wp-content\/uploads\/2016\/01\/fotonoticia_20160122174221_800-696x464.jpg 696w, https:\/\/eldigitaldeasturias.com\/magazine365\/wp-content\/uploads\/2016\/01\/fotonoticia_20160122174221_800-630x420.jpg 630w, https:\/\/eldigitaldeasturias.com\/magazine365\/wp-content\/uploads\/2016\/01\/fotonoticia_20160122174221_800-101x66.jpg 101w, https:\/\/eldigitaldeasturias.com\/magazine365\/wp-content\/uploads\/2016\/01\/fotonoticia_20160122174221_800.jpg 800w\" sizes=\"(max-width: 360px) 100vw, 360px\" \/>El alcalde del municipio malague\u00f1o de Torremolinos, Jos\u00e9 Ortiz, ha mantenido una reuni\u00f3n en el marco de la Feria Internacional del Turismo (Fitur) con Hetko Blatter, manager de Gebeco Dr. Tigges, la divisi\u00f3n cultural de TUI. En el encuentro tambi\u00e9n ha estado presente el responsable de \u00e1rea de TUI Espa\u00f1a, Salvador Garc\u00eda.<\/p>\n<p>Ortiz se ha mostrado satisfecho ya que \u00abpor primera vez, un touroperador, en este caso el m\u00e1s importante de Europa y uno de los m\u00e1s importantes del mundo, ha mostrado inter\u00e9s por la oferta cultural de Torremolinos\u00bb.<\/p>\n<p>El primer edil ha trasladado a los responsables de la empresa alemana que \u00abTorremolinos camina hacia la realidad de convertirse en un escenario multicultural, donde m\u00fasica, artes esc\u00e9nicas y pl\u00e1sticas, poes\u00eda, gastronom\u00eda y cine conformen el entramado creativo de una ciudad cosmopolita y transgresora, que aspira a volver a convertirse en un icono de modernidad\u00bb.<\/p>\n<p>As\u00ed, ha continuado, \u00abconseguiremos tener una buena oferta complementaria al sol y playa, y aprovechar las buenas cifras de turistas que vienen para que se queden y disfruten de nuestro municipio\u00bb.<\/p>\n<p>Por su parte, desde TUI han explicado que \u00abesa es la manera de fidelizar a los clientes que llegan a Torremolinos, ofrecerles un turismo experiencial, un valor a\u00f1adido que no puedan encontrar en otro lugar con la cultura como repulsivo tur\u00edstico\u00bb.<\/p>\n<p>Ortiz ha mostrado a Blatter la exposici\u00f3n que se inaugurar\u00e1 el s\u00e1bado 23 y que convertir\u00e1 el centro de Torremolinos en un museo al aire libre a trav\u00e9s de una colecci\u00f3n de 11 esculturas de gran envergadura de la artista Elena Laver\u00f3n, que cuenta con obras en Guggenheim de Nueva York, el Mulheim de Alemania, el de Massachusetts en Estados Unidos o el Reina Sof\u00eda de Madrid.<\/p>\n","protected":false},"excerpt":{"rendered":"<p>El alcalde del municipio malague\u00f1o de Torremolinos, Jos\u00e9 Ortiz, ha mantenido una reuni\u00f3n en el marco de la Feria Internacional del Turismo (Fitur) con Hetko Blatter, manager de Gebeco Dr. Tigges, la divisi\u00f3n cultural de TUI. En el encuentro tambi\u00e9n ha estado presente el responsable de \u00e1rea de TUI Espa\u00f1a, Salvador Garc\u00eda. Ortiz se ha<\/p>\n","protected":false},"author":1,"featured_media":61864,"comment_status":"open","ping_status":"closed","sticky":false,"template":"","format":"standard","meta":{"footnotes":""},"categories":[224],"tags":[],"class_list":{"0":"post-61863","1":"post","2":"type-post","3":"status-publish","4":"format-standard","5":"has-post-thumbnail","7":"category-noticias-actualidad"},"aioseo_notices":[],"aioseo_head":"\n\t\t<!-- All in One SEO Pro 4.9.6.1 - aioseo.com -->\n\t<meta name=\"description\" content=\"El alcalde del municipio malague\u00f1o de Torremolinos, Jos\u00e9 Ortiz, ha mantenido una reuni\u00f3n en el marco de la Feria Internacional del Turismo (Fitur) con Hetko Blatter, manager de Gebeco Dr. Tigges, la divisi\u00f3n cultural de TUI. En el encuentro tambi\u00e9n ha estado presente el responsable de \u00e1rea de TUI Espa\u00f1a, Salvador Garc\u00eda. Ortiz se ha\" \/>\n\t<meta name=\"robots\" content=\"max-image-preview:large\" \/>\n\t<meta name=\"author\" content=\"admin\"\/>\n\t<meta name=\"google-site-verification\" content=\"UA-38556648-1\" \/>\n\t<meta name=\"keywords\" content=\"noticias y actualidad\" \/>\n\t<link rel=\"canonical\" href=\"https:\/\/eldigitaldeasturias.com\/magazine365\/tui-se-interesa-por-la-oferta-cultural-de-torremolinos\/\" \/>\n\t<meta name=\"generator\" content=\"All in One SEO Pro (AIOSEO) 4.9.6.1\" \/>\n\t\t<meta property=\"og:locale\" content=\"es_ES\" \/>\n\t\t<meta property=\"og:site_name\" content=\"El Digital de Asturias \u2013 Revista de ocio, turismo y estilo de vida\" \/>\n\t\t<meta property=\"og:type\" content=\"article\" \/>\n\t\t<meta property=\"og:title\" content=\"TUI se interesa por la oferta cultural de Torremolinos | El Digital de Asturias\" \/>\n\t\t<meta property=\"og:description\" content=\"El alcalde del municipio malague\u00f1o de Torremolinos, Jos\u00e9 Ortiz, ha mantenido una reuni\u00f3n en el marco de la Feria Internacional del Turismo (Fitur) con Hetko Blatter, manager de Gebeco Dr. Tigges, la divisi\u00f3n cultural de TUI. En el encuentro tambi\u00e9n ha estado presente el responsable de \u00e1rea de TUI Espa\u00f1a, Salvador Garc\u00eda. Ortiz se ha\" \/>\n\t\t<meta property=\"og:url\" content=\"https:\/\/eldigitaldeasturias.com\/magazine365\/tui-se-interesa-por-la-oferta-cultural-de-torremolinos\/\" \/>\n\t\t<meta property=\"og:image\" content=\"https:\/\/eldigitaldeasturias.com\/magazine365\/wp-content\/uploads\/2016\/01\/fotonoticia_20160122174221_800.jpg\" \/>\n\t\t<meta property=\"og:image:secure_url\" content=\"https:\/\/eldigitaldeasturias.com\/magazine365\/wp-content\/uploads\/2016\/01\/fotonoticia_20160122174221_800.jpg\" \/>\n\t\t<meta property=\"og:image:width\" content=\"800\" \/>\n\t\t<meta property=\"og:image:height\" content=\"533\" \/>\n\t\t<meta property=\"article:published_time\" content=\"2016-01-23T13:14:15+00:00\" \/>\n\t\t<meta property=\"article:modified_time\" content=\"2016-01-23T13:14:15+00:00\" \/>\n\t\t<meta name=\"twitter:card\" content=\"summary_large_image\" \/>\n\t\t<meta name=\"twitter:title\" content=\"TUI se interesa por la oferta cultural de Torremolinos | El Digital de Asturias\" \/>\n\t\t<meta name=\"twitter:description\" content=\"El alcalde del municipio malague\u00f1o de Torremolinos, Jos\u00e9 Ortiz, ha mantenido una reuni\u00f3n en el marco de la Feria Internacional del Turismo (Fitur) con Hetko Blatter, manager de Gebeco Dr. Tigges, la divisi\u00f3n cultural de TUI. En el encuentro tambi\u00e9n ha estado presente el responsable de \u00e1rea de TUI Espa\u00f1a, Salvador Garc\u00eda. Ortiz se ha\" \/>\n\t\t<meta name=\"twitter:image\" content=\"https:\/\/eldigitaldeasturias.com\/magazine365\/wp-content\/uploads\/2016\/01\/fotonoticia_20160122174221_800.jpg\" \/>\n\t\t<script type=\"application\/ld+json\" class=\"aioseo-schema\">\n\t\t\t{\"@context\":\"https:\\\/\\\/schema.org\",\"@graph\":[{\"@type\":\"Article\",\"@id\":\"https:\\\/\\\/eldigitaldeasturias.com\\\/magazine365\\\/tui-se-interesa-por-la-oferta-cultural-de-torremolinos\\\/#article\",\"name\":\"TUI se interesa por la oferta cultural de Torremolinos | El Digital de Asturias\",\"headline\":\"TUI se interesa por la oferta cultural de Torremolinos\",\"author\":{\"@id\":\"https:\\\/\\\/eldigitaldeasturias.com\\\/magazine365\\\/author\\\/admin\\\/#author\"},\"publisher\":{\"@id\":\"https:\\\/\\\/eldigitaldeasturias.com\\\/magazine365\\\/#organization\"},\"image\":{\"@type\":\"ImageObject\",\"url\":\"https:\\\/\\\/eldigitaldeasturias.com\\\/magazine365\\\/wp-content\\\/uploads\\\/2016\\\/01\\\/fotonoticia_20160122174221_800.jpg\",\"width\":800,\"height\":533},\"datePublished\":\"2016-01-23T14:14:15+01:00\",\"dateModified\":\"2016-01-23T14:14:15+01:00\",\"inLanguage\":\"es-ES\",\"mainEntityOfPage\":{\"@id\":\"https:\\\/\\\/eldigitaldeasturias.com\\\/magazine365\\\/tui-se-interesa-por-la-oferta-cultural-de-torremolinos\\\/#webpage\"},\"isPartOf\":{\"@id\":\"https:\\\/\\\/eldigitaldeasturias.com\\\/magazine365\\\/tui-se-interesa-por-la-oferta-cultural-de-torremolinos\\\/#webpage\"},\"articleSection\":\"Noticias y Actualidad\"},{\"@type\":\"BreadcrumbList\",\"@id\":\"https:\\\/\\\/eldigitaldeasturias.com\\\/magazine365\\\/tui-se-interesa-por-la-oferta-cultural-de-torremolinos\\\/#breadcrumblist\",\"itemListElement\":[{\"@type\":\"ListItem\",\"@id\":\"https:\\\/\\\/eldigitaldeasturias.com\\\/magazine365#listItem\",\"position\":1,\"name\":\"Home\",\"item\":\"https:\\\/\\\/eldigitaldeasturias.com\\\/magazine365\",\"nextItem\":{\"@type\":\"ListItem\",\"@id\":\"https:\\\/\\\/eldigitaldeasturias.com\\\/magazine365\\\/category\\\/noticias-actualidad\\\/#listItem\",\"name\":\"Noticias y Actualidad\"}},{\"@type\":\"ListItem\",\"@id\":\"https:\\\/\\\/eldigitaldeasturias.com\\\/magazine365\\\/category\\\/noticias-actualidad\\\/#listItem\",\"position\":2,\"name\":\"Noticias y Actualidad\",\"item\":\"https:\\\/\\\/eldigitaldeasturias.com\\\/magazine365\\\/category\\\/noticias-actualidad\\\/\",\"nextItem\":{\"@type\":\"ListItem\",\"@id\":\"https:\\\/\\\/eldigitaldeasturias.com\\\/magazine365\\\/tui-se-interesa-por-la-oferta-cultural-de-torremolinos\\\/#listItem\",\"name\":\"TUI se interesa por la oferta cultural de Torremolinos\"},\"previousItem\":{\"@type\":\"ListItem\",\"@id\":\"https:\\\/\\\/eldigitaldeasturias.com\\\/magazine365#listItem\",\"name\":\"Home\"}},{\"@type\":\"ListItem\",\"@id\":\"https:\\\/\\\/eldigitaldeasturias.com\\\/magazine365\\\/tui-se-interesa-por-la-oferta-cultural-de-torremolinos\\\/#listItem\",\"position\":3,\"name\":\"TUI se interesa por la oferta cultural de Torremolinos\",\"previousItem\":{\"@type\":\"ListItem\",\"@id\":\"https:\\\/\\\/eldigitaldeasturias.com\\\/magazine365\\\/category\\\/noticias-actualidad\\\/#listItem\",\"name\":\"Noticias y Actualidad\"}}]},{\"@type\":\"Organization\",\"@id\":\"https:\\\/\\\/eldigitaldeasturias.com\\\/magazine365\\\/#organization\",\"name\":\"El digital de Asturias\",\"description\":\"Revista de ocio, turismo y estilo de vida\",\"url\":\"https:\\\/\\\/eldigitaldeasturias.com\\\/magazine365\\\/\",\"logo\":{\"@type\":\"ImageObject\",\"url\":\"https:\\\/\\\/www.eldigitaldeasturias.com\\\/noticias\\\/wp-content\\\/uploads\\\/2020\\\/12\\\/EDA.jpg\",\"@id\":\"https:\\\/\\\/eldigitaldeasturias.com\\\/magazine365\\\/tui-se-interesa-por-la-oferta-cultural-de-torremolinos\\\/#organizationLogo\"},\"image\":{\"@id\":\"https:\\\/\\\/eldigitaldeasturias.com\\\/magazine365\\\/tui-se-interesa-por-la-oferta-cultural-de-torremolinos\\\/#organizationLogo\"}},{\"@type\":\"Person\",\"@id\":\"https:\\\/\\\/eldigitaldeasturias.com\\\/magazine365\\\/author\\\/admin\\\/#author\",\"url\":\"https:\\\/\\\/eldigitaldeasturias.com\\\/magazine365\\\/author\\\/admin\\\/\",\"name\":\"admin\",\"image\":{\"@type\":\"ImageObject\",\"@id\":\"https:\\\/\\\/eldigitaldeasturias.com\\\/magazine365\\\/tui-se-interesa-por-la-oferta-cultural-de-torremolinos\\\/#authorImage\",\"url\":\"https:\\\/\\\/eldigitaldeasturias.com\\\/magazine365\\\/wp-content\\\/litespeed\\\/avatar\\\/e571bcf59a0edd6fa6838245a470f2fe.jpg?ver=1776969259\",\"width\":96,\"height\":96,\"caption\":\"admin\"}},{\"@type\":\"WebPage\",\"@id\":\"https:\\\/\\\/eldigitaldeasturias.com\\\/magazine365\\\/tui-se-interesa-por-la-oferta-cultural-de-torremolinos\\\/#webpage\",\"url\":\"https:\\\/\\\/eldigitaldeasturias.com\\\/magazine365\\\/tui-se-interesa-por-la-oferta-cultural-de-torremolinos\\\/\",\"name\":\"TUI se interesa por la oferta cultural de Torremolinos | El Digital de Asturias\",\"description\":\"El alcalde del municipio malague\\u00f1o de Torremolinos, Jos\\u00e9 Ortiz, ha mantenido una reuni\\u00f3n en el marco de la Feria Internacional del Turismo (Fitur) con Hetko Blatter, manager de Gebeco Dr. Tigges, la divisi\\u00f3n cultural de TUI. En el encuentro tambi\\u00e9n ha estado presente el responsable de \\u00e1rea de TUI Espa\\u00f1a, Salvador Garc\\u00eda. Ortiz se ha\",\"inLanguage\":\"es-ES\",\"isPartOf\":{\"@id\":\"https:\\\/\\\/eldigitaldeasturias.com\\\/magazine365\\\/#website\"},\"breadcrumb\":{\"@id\":\"https:\\\/\\\/eldigitaldeasturias.com\\\/magazine365\\\/tui-se-interesa-por-la-oferta-cultural-de-torremolinos\\\/#breadcrumblist\"},\"author\":{\"@id\":\"https:\\\/\\\/eldigitaldeasturias.com\\\/magazine365\\\/author\\\/admin\\\/#author\"},\"creator\":{\"@id\":\"https:\\\/\\\/eldigitaldeasturias.com\\\/magazine365\\\/author\\\/admin\\\/#author\"},\"image\":{\"@type\":\"ImageObject\",\"url\":\"https:\\\/\\\/eldigitaldeasturias.com\\\/magazine365\\\/wp-content\\\/uploads\\\/2016\\\/01\\\/fotonoticia_20160122174221_800.jpg\",\"@id\":\"https:\\\/\\\/eldigitaldeasturias.com\\\/magazine365\\\/tui-se-interesa-por-la-oferta-cultural-de-torremolinos\\\/#mainImage\",\"width\":800,\"height\":533},\"primaryImageOfPage\":{\"@id\":\"https:\\\/\\\/eldigitaldeasturias.com\\\/magazine365\\\/tui-se-interesa-por-la-oferta-cultural-de-torremolinos\\\/#mainImage\"},\"datePublished\":\"2016-01-23T14:14:15+01:00\",\"dateModified\":\"2016-01-23T14:14:15+01:00\"},{\"@type\":\"WebSite\",\"@id\":\"https:\\\/\\\/eldigitaldeasturias.com\\\/magazine365\\\/#website\",\"url\":\"https:\\\/\\\/eldigitaldeasturias.com\\\/magazine365\\\/\",\"name\":\"El Digital de Asturias\",\"description\":\"Revista de ocio, turismo y estilo de vida\",\"inLanguage\":\"es-ES\",\"publisher\":{\"@id\":\"https:\\\/\\\/eldigitaldeasturias.com\\\/magazine365\\\/#organization\"}}]}\n\t\t<\/script>\n\t\t<!-- All in One SEO Pro -->\r\n\t\t<title>TUI se interesa por la oferta cultural de Torremolinos | El Digital de Asturias<\/title>\n\n","aioseo_head_json":{"title":"TUI se interesa por la oferta cultural de Torremolinos | El Digital de Asturias","description":"El alcalde del municipio malague\u00f1o de Torremolinos, Jos\u00e9 Ortiz, ha mantenido una reuni\u00f3n en el marco de la Feria Internacional del Turismo (Fitur) con Hetko Blatter, manager de Gebeco Dr. Tigges, la divisi\u00f3n cultural de TUI. En el encuentro tambi\u00e9n ha estado presente el responsable de \u00e1rea de TUI Espa\u00f1a, Salvador Garc\u00eda. Ortiz se ha","canonical_url":"https:\/\/eldigitaldeasturias.com\/magazine365\/tui-se-interesa-por-la-oferta-cultural-de-torremolinos\/","robots":"max-image-preview:large","keywords":"noticias y actualidad","webmasterTools":{"google-site-verification":"UA-38556648-1","miscellaneous":""},"schema":{"@context":"https:\/\/schema.org","@graph":[{"@type":"Article","@id":"https:\/\/eldigitaldeasturias.com\/magazine365\/tui-se-interesa-por-la-oferta-cultural-de-torremolinos\/#article","name":"TUI se interesa por la oferta cultural de Torremolinos | El Digital de Asturias","headline":"TUI se interesa por la oferta cultural de Torremolinos","author":{"@id":"https:\/\/eldigitaldeasturias.com\/magazine365\/author\/admin\/#author"},"publisher":{"@id":"https:\/\/eldigitaldeasturias.com\/magazine365\/#organization"},"image":{"@type":"ImageObject","url":"https:\/\/eldigitaldeasturias.com\/magazine365\/wp-content\/uploads\/2016\/01\/fotonoticia_20160122174221_800.jpg","width":800,"height":533},"datePublished":"2016-01-23T14:14:15+01:00","dateModified":"2016-01-23T14:14:15+01:00","inLanguage":"es-ES","mainEntityOfPage":{"@id":"https:\/\/eldigitaldeasturias.com\/magazine365\/tui-se-interesa-por-la-oferta-cultural-de-torremolinos\/#webpage"},"isPartOf":{"@id":"https:\/\/eldigitaldeasturias.com\/magazine365\/tui-se-interesa-por-la-oferta-cultural-de-torremolinos\/#webpage"},"articleSection":"Noticias y Actualidad"},{"@type":"BreadcrumbList","@id":"https:\/\/eldigitaldeasturias.com\/magazine365\/tui-se-interesa-por-la-oferta-cultural-de-torremolinos\/#breadcrumblist","itemListElement":[{"@type":"ListItem","@id":"https:\/\/eldigitaldeasturias.com\/magazine365#listItem","position":1,"name":"Home","item":"https:\/\/eldigitaldeasturias.com\/magazine365","nextItem":{"@type":"ListItem","@id":"https:\/\/eldigitaldeasturias.com\/magazine365\/category\/noticias-actualidad\/#listItem","name":"Noticias y Actualidad"}},{"@type":"ListItem","@id":"https:\/\/eldigitaldeasturias.com\/magazine365\/category\/noticias-actualidad\/#listItem","position":2,"name":"Noticias y Actualidad","item":"https:\/\/eldigitaldeasturias.com\/magazine365\/category\/noticias-actualidad\/","nextItem":{"@type":"ListItem","@id":"https:\/\/eldigitaldeasturias.com\/magazine365\/tui-se-interesa-por-la-oferta-cultural-de-torremolinos\/#listItem","name":"TUI se interesa por la oferta cultural de Torremolinos"},"previousItem":{"@type":"ListItem","@id":"https:\/\/eldigitaldeasturias.com\/magazine365#listItem","name":"Home"}},{"@type":"ListItem","@id":"https:\/\/eldigitaldeasturias.com\/magazine365\/tui-se-interesa-por-la-oferta-cultural-de-torremolinos\/#listItem","position":3,"name":"TUI se interesa por la oferta cultural de Torremolinos","previousItem":{"@type":"ListItem","@id":"https:\/\/eldigitaldeasturias.com\/magazine365\/category\/noticias-actualidad\/#listItem","name":"Noticias y Actualidad"}}]},{"@type":"Organization","@id":"https:\/\/eldigitaldeasturias.com\/magazine365\/#organization","name":"El digital de Asturias","description":"Revista de ocio, turismo y estilo de vida","url":"https:\/\/eldigitaldeasturias.com\/magazine365\/","logo":{"@type":"ImageObject","url":"https:\/\/www.eldigitaldeasturias.com\/noticias\/wp-content\/uploads\/2020\/12\/EDA.jpg","@id":"https:\/\/eldigitaldeasturias.com\/magazine365\/tui-se-interesa-por-la-oferta-cultural-de-torremolinos\/#organizationLogo"},"image":{"@id":"https:\/\/eldigitaldeasturias.com\/magazine365\/tui-se-interesa-por-la-oferta-cultural-de-torremolinos\/#organizationLogo"}},{"@type":"Person","@id":"https:\/\/eldigitaldeasturias.com\/magazine365\/author\/admin\/#author","url":"https:\/\/eldigitaldeasturias.com\/magazine365\/author\/admin\/","name":"admin","image":{"@type":"ImageObject","@id":"https:\/\/eldigitaldeasturias.com\/magazine365\/tui-se-interesa-por-la-oferta-cultural-de-torremolinos\/#authorImage","url":"https:\/\/eldigitaldeasturias.com\/magazine365\/wp-content\/litespeed\/avatar\/e571bcf59a0edd6fa6838245a470f2fe.jpg?ver=1776969259","width":96,"height":96,"caption":"admin"}},{"@type":"WebPage","@id":"https:\/\/eldigitaldeasturias.com\/magazine365\/tui-se-interesa-por-la-oferta-cultural-de-torremolinos\/#webpage","url":"https:\/\/eldigitaldeasturias.com\/magazine365\/tui-se-interesa-por-la-oferta-cultural-de-torremolinos\/","name":"TUI se interesa por la oferta cultural de Torremolinos | El Digital de Asturias","description":"El alcalde del municipio malague\u00f1o de Torremolinos, Jos\u00e9 Ortiz, ha mantenido una reuni\u00f3n en el marco de la Feria Internacional del Turismo (Fitur) con Hetko Blatter, manager de Gebeco Dr. Tigges, la divisi\u00f3n cultural de TUI. En el encuentro tambi\u00e9n ha estado presente el responsable de \u00e1rea de TUI Espa\u00f1a, Salvador Garc\u00eda. Ortiz se ha","inLanguage":"es-ES","isPartOf":{"@id":"https:\/\/eldigitaldeasturias.com\/magazine365\/#website"},"breadcrumb":{"@id":"https:\/\/eldigitaldeasturias.com\/magazine365\/tui-se-interesa-por-la-oferta-cultural-de-torremolinos\/#breadcrumblist"},"author":{"@id":"https:\/\/eldigitaldeasturias.com\/magazine365\/author\/admin\/#author"},"creator":{"@id":"https:\/\/eldigitaldeasturias.com\/magazine365\/author\/admin\/#author"},"image":{"@type":"ImageObject","url":"https:\/\/eldigitaldeasturias.com\/magazine365\/wp-content\/uploads\/2016\/01\/fotonoticia_20160122174221_800.jpg","@id":"https:\/\/eldigitaldeasturias.com\/magazine365\/tui-se-interesa-por-la-oferta-cultural-de-torremolinos\/#mainImage","width":800,"height":533},"primaryImageOfPage":{"@id":"https:\/\/eldigitaldeasturias.com\/magazine365\/tui-se-interesa-por-la-oferta-cultural-de-torremolinos\/#mainImage"},"datePublished":"2016-01-23T14:14:15+01:00","dateModified":"2016-01-23T14:14:15+01:00"},{"@type":"WebSite","@id":"https:\/\/eldigitaldeasturias.com\/magazine365\/#website","url":"https:\/\/eldigitaldeasturias.com\/magazine365\/","name":"El Digital de Asturias","description":"Revista de ocio, turismo y estilo de vida","inLanguage":"es-ES","publisher":{"@id":"https:\/\/eldigitaldeasturias.com\/magazine365\/#organization"}}]},"og:locale":"es_ES","og:site_name":"El Digital de Asturias \u2013 Revista de ocio, turismo y estilo de vida","og:type":"article","og:title":"TUI se interesa por la oferta cultural de Torremolinos | El Digital de Asturias","og:description":"El alcalde del municipio malague\u00f1o de Torremolinos, Jos\u00e9 Ortiz, ha mantenido una reuni\u00f3n en el marco de la Feria Internacional del Turismo (Fitur) con Hetko Blatter, manager de Gebeco Dr. Tigges, la divisi\u00f3n cultural de TUI. En el encuentro tambi\u00e9n ha estado presente el responsable de \u00e1rea de TUI Espa\u00f1a, Salvador Garc\u00eda. Ortiz se ha","og:url":"https:\/\/eldigitaldeasturias.com\/magazine365\/tui-se-interesa-por-la-oferta-cultural-de-torremolinos\/","og:image":"https:\/\/eldigitaldeasturias.com\/magazine365\/wp-content\/uploads\/2016\/01\/fotonoticia_20160122174221_800.jpg","og:image:secure_url":"https:\/\/eldigitaldeasturias.com\/magazine365\/wp-content\/uploads\/2016\/01\/fotonoticia_20160122174221_800.jpg","og:image:width":800,"og:image:height":533,"article:published_time":"2016-01-23T13:14:15+00:00","article:modified_time":"2016-01-23T13:14:15+00:00","twitter:card":"summary_large_image","twitter:title":"TUI se interesa por la oferta cultural de Torremolinos | El Digital de Asturias","twitter:description":"El alcalde del municipio malague\u00f1o de Torremolinos, Jos\u00e9 Ortiz, ha mantenido una reuni\u00f3n en el marco de la Feria Internacional del Turismo (Fitur) con Hetko Blatter, manager de Gebeco Dr. Tigges, la divisi\u00f3n cultural de TUI. En el encuentro tambi\u00e9n ha estado presente el responsable de \u00e1rea de TUI Espa\u00f1a, Salvador Garc\u00eda. Ortiz se ha","twitter:image":"https:\/\/eldigitaldeasturias.com\/magazine365\/wp-content\/uploads\/2016\/01\/fotonoticia_20160122174221_800.jpg"},"aioseo_meta_data":{"post_id":"61863","title":null,"description":null,"keywords":null,"keyphrases":null,"primary_term":null,"canonical_url":null,"og_title":null,"og_description":null,"og_object_type":"default","og_image_type":"default","og_image_url":null,"og_image_width":null,"og_image_height":null,"og_image_custom_url":null,"og_image_custom_fields":null,"og_video":null,"og_custom_url":null,"og_article_section":null,"og_article_tags":null,"twitter_use_og":false,"twitter_card":"default","twitter_image_type":"default","twitter_image_url":null,"twitter_image_custom_url":null,"twitter_image_custom_fields":null,"twitter_title":null,"twitter_description":null,"schema":{"blockGraphs":[],"customGraphs":[],"default":{"data":{"Article":[],"Course":[],"Dataset":[],"FAQPage":[],"Movie":[],"Person":[],"Product":[],"ProductReview":[],"Car":[],"Recipe":[],"Service":[],"SoftwareApplication":[],"WebPage":[]},"graphName":"","isEnabled":true},"graphs":[],"defaultGraph":"","defaultPostTypeGraph":""},"schema_type":null,"schema_type_options":null,"pillar_content":false,"robots_default":true,"robots_noindex":false,"robots_noarchive":false,"robots_nosnippet":false,"robots_nofollow":false,"robots_noimageindex":false,"robots_noodp":false,"robots_notranslate":false,"robots_max_snippet":null,"robots_max_videopreview":null,"robots_max_imagepreview":"large","priority":null,"frequency":null,"location":null,"local_seo":null,"seo_analyzer_scan_date":"2025-09-25 09:53:04","breadcrumb_settings":null,"limit_modified_date":false,"open_ai":null,"ai":null,"created":"2021-03-08 21:43:43","updated":"2025-09-25 09:53:04"},"aioseo_breadcrumb":"<div class=\"aioseo-breadcrumbs\"><span class=\"aioseo-breadcrumb\">\n\t<a href=\"https:\/\/eldigitaldeasturias.com\/magazine365\" title=\"Home\">Home<\/a>\n<\/span><span class=\"aioseo-breadcrumb-separator\">\u2013<\/span><span class=\"aioseo-breadcrumb\">\n\t<a href=\"https:\/\/eldigitaldeasturias.com\/magazine365\/category\/noticias-actualidad\/\" title=\"Noticias y Actualidad\">Noticias y Actualidad<\/a>\n<\/span><span class=\"aioseo-breadcrumb-separator\">\u2013<\/span><span class=\"aioseo-breadcrumb\">\n\t<a href=\"https:\/\/eldigitaldeasturias.com\/magazine365\/tui-se-interesa-por-la-oferta-cultural-de-torremolinos\/\" title=\"TUI se interesa por la oferta cultural de Torremolinos\">TUI se interesa por la oferta cultural de Torremolinos<\/a>\n<\/span><\/div>","aioseo_breadcrumb_json":[{"label":"Home","link":"https:\/\/eldigitaldeasturias.com\/magazine365"},{"label":"Noticias y Actualidad","link":"https:\/\/eldigitaldeasturias.com\/magazine365\/category\/noticias-actualidad\/"},{"label":"TUI se interesa por la oferta cultural de Torremolinos","link":"https:\/\/eldigitaldeasturias.com\/magazine365\/tui-se-interesa-por-la-oferta-cultural-de-torremolinos\/"}],"_links":{"self":[{"href":"https:\/\/eldigitaldeasturias.com\/magazine365\/wp-json\/wp\/v2\/posts\/61863","targetHints":{"allow":["GET"]}}],"collection":[{"href":"https:\/\/eldigitaldeasturias.com\/magazine365\/wp-json\/wp\/v2\/posts"}],"about":[{"href":"https:\/\/eldigitaldeasturias.com\/magazine365\/wp-json\/wp\/v2\/types\/post"}],"author":[{"embeddable":true,"href":"https:\/\/eldigitaldeasturias.com\/magazine365\/wp-json\/wp\/v2\/users\/1"}],"replies":[{"embeddable":true,"href":"https:\/\/eldigitaldeasturias.com\/magazine365\/wp-json\/wp\/v2\/comments?post=61863"}],"version-history":[{"count":0,"href":"https:\/\/eldigitaldeasturias.com\/magazine365\/wp-json\/wp\/v2\/posts\/61863\/revisions"}],"wp:featuredmedia":[{"embeddable":true,"href":"https:\/\/eldigitaldeasturias.com\/magazine365\/wp-json\/wp\/v2\/media\/61864"}],"wp:attachment":[{"href":"https:\/\/eldigitaldeasturias.com\/magazine365\/wp-json\/wp\/v2\/media?parent=61863"}],"wp:term":[{"taxonomy":"category","embeddable":true,"href":"https:\/\/eldigitaldeasturias.com\/magazine365\/wp-json\/wp\/v2\/categories?post=61863"},{"taxonomy":"post_tag","embeddable":true,"href":"https:\/\/eldigitaldeasturias.com\/magazine365\/wp-json\/wp\/v2\/tags?post=61863"}],"curies":[{"name":"wp","href":"https:\/\/api.w.org\/{rel}","templated":true}]}}