{"id":61860,"date":"2016-01-23T14:13:08","date_gmt":"2016-01-23T13:13:08","guid":{"rendered":"http:\/\/eldigitaldeasturias.com\/magazine365\/?p=61860"},"modified":"2016-01-23T14:13:08","modified_gmt":"2016-01-23T13:13:08","slug":"la-xunta-erige-el-entroido-en-uno-de-los-eventos-con-mas-efecto-desestacionalizador","status":"publish","type":"post","link":"https:\/\/eldigitaldeasturias.com\/magazine365\/la-xunta-erige-el-entroido-en-uno-de-los-eventos-con-mas-efecto-desestacionalizador\/","title":{"rendered":"La Xunta erige el &#8216;Entroido&#8217; en uno de los eventos con m\u00e1s efecto desestacionalizador"},"content":{"rendered":"<p><img fetchpriority=\"high\" decoding=\"async\" class=\"alignleft size-medium wp-image-61861\" src=\"https:\/\/eldigitaldeasturias.com\/magazine365\/wp-content\/uploads\/2016\/01\/fotonoticia_20160122174130_800-248x300.jpg\" alt=\"fotonoticia_20160122174130_800\" width=\"248\" height=\"300\" srcset=\"https:\/\/eldigitaldeasturias.com\/magazine365\/wp-content\/uploads\/2016\/01\/fotonoticia_20160122174130_800-248x300.jpg 248w, https:\/\/eldigitaldeasturias.com\/magazine365\/wp-content\/uploads\/2016\/01\/fotonoticia_20160122174130_800-529x640.jpg 529w, https:\/\/eldigitaldeasturias.com\/magazine365\/wp-content\/uploads\/2016\/01\/fotonoticia_20160122174130_800-768x928.jpg 768w, https:\/\/eldigitaldeasturias.com\/magazine365\/wp-content\/uploads\/2016\/01\/fotonoticia_20160122174130_800-150x181.jpg 150w, https:\/\/eldigitaldeasturias.com\/magazine365\/wp-content\/uploads\/2016\/01\/fotonoticia_20160122174130_800-450x544.jpg 450w, https:\/\/eldigitaldeasturias.com\/magazine365\/wp-content\/uploads\/2016\/01\/fotonoticia_20160122174130_800-696x841.jpg 696w, https:\/\/eldigitaldeasturias.com\/magazine365\/wp-content\/uploads\/2016\/01\/fotonoticia_20160122174130_800-347x420.jpg 347w, https:\/\/eldigitaldeasturias.com\/magazine365\/wp-content\/uploads\/2016\/01\/fotonoticia_20160122174130_800.jpg 800w\" sizes=\"(max-width: 248px) 100vw, 248px\" \/>La directora de Turismo de Galicia, Nava Castro, ha destacado el \u00abfuerte efecto desestacionalizador\u00bb del &#8216;Entroido&#8217; que \u00abcontribuye a ampliar la oferta tur\u00edstica, a disfrutar de la gastronom\u00eda caracter\u00edstica de esta \u00e9poca del a\u00f1o y a poner en valor el territorio desde otras perspectivas\u00bb.<\/p>\n<p>Nava Castro se ha pronunciado de este modo durante la presentaci\u00f3n del &#8216;Entroido&#8217; celebrada en el espacio dedicado a Galicia en la Feria Internacional de Turismo de Madrid (Fitur).<\/p>\n<p>\u00abEl Entroido se convierte en una cita anual que invita al descubrimiento de los recursos gastron\u00f3micos, culturales y paisaj\u00edsticos de un territorio o bien en una magn\u00edfica actividad complementaria para pasar una estancia en Galicia\u00bb, ha se\u00f1alado.<\/p>\n<p>Seg\u00fan ha explicado la responsable de Turismo, en Entroido conforma una \u00abtradici\u00f3n popular, vivida sobre todo por los vecinos, pero tambi\u00e9n por todos aquellos que a\u00f1o tras a\u00f1o se acercan a descubrirlo\u00bb. \u00abSu riqueza, su vistosidad y su acervo hacen que estas celebraciones atraigan a un gran n\u00famero de asistentes y participantes cada a\u00f1o\u00bb, ha apuntado.<\/p>\n<p>Asimismo, en su intervenci\u00f3n, Nava Castro ha recordado que Galicia cuenta con ocho &#8216;entroidos&#8217; declarados como fiesta de inter\u00e9s tur\u00edstico y que son m\u00e1s de 175 los municipios que decretan festivo el lunes o martes de carnaval.<\/p>\n","protected":false},"excerpt":{"rendered":"<p>La directora de Turismo de Galicia, Nava Castro, ha destacado el \u00abfuerte efecto desestacionalizador\u00bb del &#8216;Entroido&#8217; que \u00abcontribuye a ampliar la oferta tur\u00edstica, a disfrutar de la gastronom\u00eda caracter\u00edstica de esta \u00e9poca del a\u00f1o y a poner en valor el territorio desde otras perspectivas\u00bb. Nava Castro se ha pronunciado de este modo durante la presentaci\u00f3n<\/p>\n","protected":false},"author":1,"featured_media":61861,"comment_status":"open","ping_status":"closed","sticky":false,"template":"","format":"standard","meta":{"footnotes":""},"categories":[224],"tags":[],"class_list":{"0":"post-61860","1":"post","2":"type-post","3":"status-publish","4":"format-standard","5":"has-post-thumbnail","7":"category-noticias-actualidad"},"aioseo_notices":[],"aioseo_head":"\n\t\t<!-- All in One SEO Pro 4.9.6.1 - aioseo.com -->\n\t<meta name=\"description\" content=\"La directora de Turismo de Galicia, Nava Castro, ha destacado el &quot;fuerte efecto desestacionalizador&quot; del &#039;Entroido&#039; que &quot;contribuye a ampliar la oferta tur\u00edstica, a disfrutar de la gastronom\u00eda caracter\u00edstica de esta \u00e9poca del a\u00f1o y a poner en valor el territorio desde otras perspectivas&quot;. Nava Castro se ha pronunciado de este modo durante la presentaci\u00f3n\" \/>\n\t<meta name=\"robots\" content=\"max-image-preview:large\" \/>\n\t<meta name=\"author\" content=\"admin\"\/>\n\t<meta name=\"google-site-verification\" content=\"UA-38556648-1\" \/>\n\t<meta name=\"keywords\" content=\"noticias y actualidad\" \/>\n\t<link rel=\"canonical\" href=\"https:\/\/eldigitaldeasturias.com\/magazine365\/la-xunta-erige-el-entroido-en-uno-de-los-eventos-con-mas-efecto-desestacionalizador\/\" \/>\n\t<meta name=\"generator\" content=\"All in One SEO Pro (AIOSEO) 4.9.6.1\" \/>\n\t\t<meta property=\"og:locale\" content=\"es_ES\" \/>\n\t\t<meta property=\"og:site_name\" content=\"El Digital de Asturias \u2013 Revista de ocio, turismo y estilo de vida\" \/>\n\t\t<meta property=\"og:type\" content=\"article\" \/>\n\t\t<meta property=\"og:title\" content=\"La Xunta erige el \u2018Entroido\u2019 en uno de los eventos con m\u00e1s efecto desestacionalizador | El Digital de Asturias\" \/>\n\t\t<meta property=\"og:description\" content=\"La directora de Turismo de Galicia, Nava Castro, ha destacado el &quot;fuerte efecto desestacionalizador&quot; del &#039;Entroido&#039; que &quot;contribuye a ampliar la oferta tur\u00edstica, a disfrutar de la gastronom\u00eda caracter\u00edstica de esta \u00e9poca del a\u00f1o y a poner en valor el territorio desde otras perspectivas&quot;. Nava Castro se ha pronunciado de este modo durante la presentaci\u00f3n\" \/>\n\t\t<meta property=\"og:url\" content=\"https:\/\/eldigitaldeasturias.com\/magazine365\/la-xunta-erige-el-entroido-en-uno-de-los-eventos-con-mas-efecto-desestacionalizador\/\" \/>\n\t\t<meta property=\"og:image\" content=\"https:\/\/eldigitaldeasturias.com\/magazine365\/wp-content\/uploads\/2016\/01\/fotonoticia_20160122174130_800.jpg\" \/>\n\t\t<meta property=\"og:image:secure_url\" content=\"https:\/\/eldigitaldeasturias.com\/magazine365\/wp-content\/uploads\/2016\/01\/fotonoticia_20160122174130_800.jpg\" \/>\n\t\t<meta property=\"og:image:width\" content=\"800\" \/>\n\t\t<meta property=\"og:image:height\" content=\"967\" \/>\n\t\t<meta property=\"article:published_time\" content=\"2016-01-23T13:13:08+00:00\" \/>\n\t\t<meta property=\"article:modified_time\" content=\"2016-01-23T13:13:08+00:00\" \/>\n\t\t<meta name=\"twitter:card\" content=\"summary_large_image\" \/>\n\t\t<meta name=\"twitter:title\" content=\"La Xunta erige el \u2018Entroido\u2019 en uno de los eventos con m\u00e1s efecto desestacionalizador | El Digital de Asturias\" \/>\n\t\t<meta name=\"twitter:description\" content=\"La directora de Turismo de Galicia, Nava Castro, ha destacado el &quot;fuerte efecto desestacionalizador&quot; del &#039;Entroido&#039; que &quot;contribuye a ampliar la oferta tur\u00edstica, a disfrutar de la gastronom\u00eda caracter\u00edstica de esta \u00e9poca del a\u00f1o y a poner en valor el territorio desde otras perspectivas&quot;. Nava Castro se ha pronunciado de este modo durante la presentaci\u00f3n\" \/>\n\t\t<meta name=\"twitter:image\" content=\"https:\/\/eldigitaldeasturias.com\/magazine365\/wp-content\/uploads\/2016\/01\/fotonoticia_20160122174130_800.jpg\" \/>\n\t\t<script type=\"application\/ld+json\" class=\"aioseo-schema\">\n\t\t\t{\"@context\":\"https:\\\/\\\/schema.org\",\"@graph\":[{\"@type\":\"Article\",\"@id\":\"https:\\\/\\\/eldigitaldeasturias.com\\\/magazine365\\\/la-xunta-erige-el-entroido-en-uno-de-los-eventos-con-mas-efecto-desestacionalizador\\\/#article\",\"name\":\"La Xunta erige el \\u2018Entroido\\u2019 en uno de los eventos con m\\u00e1s efecto desestacionalizador | El Digital de Asturias\",\"headline\":\"La Xunta erige el &#8216;Entroido&#8217; en uno de los eventos con m\\u00e1s efecto desestacionalizador\",\"author\":{\"@id\":\"https:\\\/\\\/eldigitaldeasturias.com\\\/magazine365\\\/author\\\/admin\\\/#author\"},\"publisher\":{\"@id\":\"https:\\\/\\\/eldigitaldeasturias.com\\\/magazine365\\\/#organization\"},\"image\":{\"@type\":\"ImageObject\",\"url\":\"https:\\\/\\\/eldigitaldeasturias.com\\\/magazine365\\\/wp-content\\\/uploads\\\/2016\\\/01\\\/fotonoticia_20160122174130_800.jpg\",\"width\":800,\"height\":967},\"datePublished\":\"2016-01-23T14:13:08+01:00\",\"dateModified\":\"2016-01-23T14:13:08+01:00\",\"inLanguage\":\"es-ES\",\"mainEntityOfPage\":{\"@id\":\"https:\\\/\\\/eldigitaldeasturias.com\\\/magazine365\\\/la-xunta-erige-el-entroido-en-uno-de-los-eventos-con-mas-efecto-desestacionalizador\\\/#webpage\"},\"isPartOf\":{\"@id\":\"https:\\\/\\\/eldigitaldeasturias.com\\\/magazine365\\\/la-xunta-erige-el-entroido-en-uno-de-los-eventos-con-mas-efecto-desestacionalizador\\\/#webpage\"},\"articleSection\":\"Noticias y Actualidad\"},{\"@type\":\"BreadcrumbList\",\"@id\":\"https:\\\/\\\/eldigitaldeasturias.com\\\/magazine365\\\/la-xunta-erige-el-entroido-en-uno-de-los-eventos-con-mas-efecto-desestacionalizador\\\/#breadcrumblist\",\"itemListElement\":[{\"@type\":\"ListItem\",\"@id\":\"https:\\\/\\\/eldigitaldeasturias.com\\\/magazine365#listItem\",\"position\":1,\"name\":\"Home\",\"item\":\"https:\\\/\\\/eldigitaldeasturias.com\\\/magazine365\",\"nextItem\":{\"@type\":\"ListItem\",\"@id\":\"https:\\\/\\\/eldigitaldeasturias.com\\\/magazine365\\\/category\\\/noticias-actualidad\\\/#listItem\",\"name\":\"Noticias y Actualidad\"}},{\"@type\":\"ListItem\",\"@id\":\"https:\\\/\\\/eldigitaldeasturias.com\\\/magazine365\\\/category\\\/noticias-actualidad\\\/#listItem\",\"position\":2,\"name\":\"Noticias y Actualidad\",\"item\":\"https:\\\/\\\/eldigitaldeasturias.com\\\/magazine365\\\/category\\\/noticias-actualidad\\\/\",\"nextItem\":{\"@type\":\"ListItem\",\"@id\":\"https:\\\/\\\/eldigitaldeasturias.com\\\/magazine365\\\/la-xunta-erige-el-entroido-en-uno-de-los-eventos-con-mas-efecto-desestacionalizador\\\/#listItem\",\"name\":\"La Xunta erige el &#8216;Entroido&#8217; en uno de los eventos con m\\u00e1s efecto desestacionalizador\"},\"previousItem\":{\"@type\":\"ListItem\",\"@id\":\"https:\\\/\\\/eldigitaldeasturias.com\\\/magazine365#listItem\",\"name\":\"Home\"}},{\"@type\":\"ListItem\",\"@id\":\"https:\\\/\\\/eldigitaldeasturias.com\\\/magazine365\\\/la-xunta-erige-el-entroido-en-uno-de-los-eventos-con-mas-efecto-desestacionalizador\\\/#listItem\",\"position\":3,\"name\":\"La Xunta erige el &#8216;Entroido&#8217; en uno de los eventos con m\\u00e1s efecto desestacionalizador\",\"previousItem\":{\"@type\":\"ListItem\",\"@id\":\"https:\\\/\\\/eldigitaldeasturias.com\\\/magazine365\\\/category\\\/noticias-actualidad\\\/#listItem\",\"name\":\"Noticias y Actualidad\"}}]},{\"@type\":\"Organization\",\"@id\":\"https:\\\/\\\/eldigitaldeasturias.com\\\/magazine365\\\/#organization\",\"name\":\"El digital de Asturias\",\"description\":\"Revista de ocio, turismo y estilo de vida\",\"url\":\"https:\\\/\\\/eldigitaldeasturias.com\\\/magazine365\\\/\",\"logo\":{\"@type\":\"ImageObject\",\"url\":\"https:\\\/\\\/www.eldigitaldeasturias.com\\\/noticias\\\/wp-content\\\/uploads\\\/2020\\\/12\\\/EDA.jpg\",\"@id\":\"https:\\\/\\\/eldigitaldeasturias.com\\\/magazine365\\\/la-xunta-erige-el-entroido-en-uno-de-los-eventos-con-mas-efecto-desestacionalizador\\\/#organizationLogo\"},\"image\":{\"@id\":\"https:\\\/\\\/eldigitaldeasturias.com\\\/magazine365\\\/la-xunta-erige-el-entroido-en-uno-de-los-eventos-con-mas-efecto-desestacionalizador\\\/#organizationLogo\"}},{\"@type\":\"Person\",\"@id\":\"https:\\\/\\\/eldigitaldeasturias.com\\\/magazine365\\\/author\\\/admin\\\/#author\",\"url\":\"https:\\\/\\\/eldigitaldeasturias.com\\\/magazine365\\\/author\\\/admin\\\/\",\"name\":\"admin\",\"image\":{\"@type\":\"ImageObject\",\"@id\":\"https:\\\/\\\/eldigitaldeasturias.com\\\/magazine365\\\/la-xunta-erige-el-entroido-en-uno-de-los-eventos-con-mas-efecto-desestacionalizador\\\/#authorImage\",\"url\":\"https:\\\/\\\/eldigitaldeasturias.com\\\/magazine365\\\/wp-content\\\/litespeed\\\/avatar\\\/e571bcf59a0edd6fa6838245a470f2fe.jpg?ver=1776969259\",\"width\":96,\"height\":96,\"caption\":\"admin\"}},{\"@type\":\"WebPage\",\"@id\":\"https:\\\/\\\/eldigitaldeasturias.com\\\/magazine365\\\/la-xunta-erige-el-entroido-en-uno-de-los-eventos-con-mas-efecto-desestacionalizador\\\/#webpage\",\"url\":\"https:\\\/\\\/eldigitaldeasturias.com\\\/magazine365\\\/la-xunta-erige-el-entroido-en-uno-de-los-eventos-con-mas-efecto-desestacionalizador\\\/\",\"name\":\"La Xunta erige el \\u2018Entroido\\u2019 en uno de los eventos con m\\u00e1s efecto desestacionalizador | El Digital de Asturias\",\"description\":\"La directora de Turismo de Galicia, Nava Castro, ha destacado el \\\"fuerte efecto desestacionalizador\\\" del 'Entroido' que \\\"contribuye a ampliar la oferta tur\\u00edstica, a disfrutar de la gastronom\\u00eda caracter\\u00edstica de esta \\u00e9poca del a\\u00f1o y a poner en valor el territorio desde otras perspectivas\\\". Nava Castro se ha pronunciado de este modo durante la presentaci\\u00f3n\",\"inLanguage\":\"es-ES\",\"isPartOf\":{\"@id\":\"https:\\\/\\\/eldigitaldeasturias.com\\\/magazine365\\\/#website\"},\"breadcrumb\":{\"@id\":\"https:\\\/\\\/eldigitaldeasturias.com\\\/magazine365\\\/la-xunta-erige-el-entroido-en-uno-de-los-eventos-con-mas-efecto-desestacionalizador\\\/#breadcrumblist\"},\"author\":{\"@id\":\"https:\\\/\\\/eldigitaldeasturias.com\\\/magazine365\\\/author\\\/admin\\\/#author\"},\"creator\":{\"@id\":\"https:\\\/\\\/eldigitaldeasturias.com\\\/magazine365\\\/author\\\/admin\\\/#author\"},\"image\":{\"@type\":\"ImageObject\",\"url\":\"https:\\\/\\\/eldigitaldeasturias.com\\\/magazine365\\\/wp-content\\\/uploads\\\/2016\\\/01\\\/fotonoticia_20160122174130_800.jpg\",\"@id\":\"https:\\\/\\\/eldigitaldeasturias.com\\\/magazine365\\\/la-xunta-erige-el-entroido-en-uno-de-los-eventos-con-mas-efecto-desestacionalizador\\\/#mainImage\",\"width\":800,\"height\":967},\"primaryImageOfPage\":{\"@id\":\"https:\\\/\\\/eldigitaldeasturias.com\\\/magazine365\\\/la-xunta-erige-el-entroido-en-uno-de-los-eventos-con-mas-efecto-desestacionalizador\\\/#mainImage\"},\"datePublished\":\"2016-01-23T14:13:08+01:00\",\"dateModified\":\"2016-01-23T14:13:08+01:00\"},{\"@type\":\"WebSite\",\"@id\":\"https:\\\/\\\/eldigitaldeasturias.com\\\/magazine365\\\/#website\",\"url\":\"https:\\\/\\\/eldigitaldeasturias.com\\\/magazine365\\\/\",\"name\":\"El Digital de Asturias\",\"description\":\"Revista de ocio, turismo y estilo de vida\",\"inLanguage\":\"es-ES\",\"publisher\":{\"@id\":\"https:\\\/\\\/eldigitaldeasturias.com\\\/magazine365\\\/#organization\"}}]}\n\t\t<\/script>\n\t\t<!-- All in One SEO Pro -->\r\n\t\t<title>La Xunta erige el \u2018Entroido\u2019 en uno de los eventos con m\u00e1s efecto desestacionalizador | El Digital de Asturias<\/title>\n\n","aioseo_head_json":{"title":"La Xunta erige el \u2018Entroido\u2019 en uno de los eventos con m\u00e1s efecto desestacionalizador | El Digital de Asturias","description":"La directora de Turismo de Galicia, Nava Castro, ha destacado el \"fuerte efecto desestacionalizador\" del 'Entroido' que \"contribuye a ampliar la oferta tur\u00edstica, a disfrutar de la gastronom\u00eda caracter\u00edstica de esta \u00e9poca del a\u00f1o y a poner en valor el territorio desde otras perspectivas\". Nava Castro se ha pronunciado de este modo durante la presentaci\u00f3n","canonical_url":"https:\/\/eldigitaldeasturias.com\/magazine365\/la-xunta-erige-el-entroido-en-uno-de-los-eventos-con-mas-efecto-desestacionalizador\/","robots":"max-image-preview:large","keywords":"noticias y actualidad","webmasterTools":{"google-site-verification":"UA-38556648-1","miscellaneous":""},"schema":{"@context":"https:\/\/schema.org","@graph":[{"@type":"Article","@id":"https:\/\/eldigitaldeasturias.com\/magazine365\/la-xunta-erige-el-entroido-en-uno-de-los-eventos-con-mas-efecto-desestacionalizador\/#article","name":"La Xunta erige el \u2018Entroido\u2019 en uno de los eventos con m\u00e1s efecto desestacionalizador | El Digital de Asturias","headline":"La Xunta erige el &#8216;Entroido&#8217; en uno de los eventos con m\u00e1s efecto desestacionalizador","author":{"@id":"https:\/\/eldigitaldeasturias.com\/magazine365\/author\/admin\/#author"},"publisher":{"@id":"https:\/\/eldigitaldeasturias.com\/magazine365\/#organization"},"image":{"@type":"ImageObject","url":"https:\/\/eldigitaldeasturias.com\/magazine365\/wp-content\/uploads\/2016\/01\/fotonoticia_20160122174130_800.jpg","width":800,"height":967},"datePublished":"2016-01-23T14:13:08+01:00","dateModified":"2016-01-23T14:13:08+01:00","inLanguage":"es-ES","mainEntityOfPage":{"@id":"https:\/\/eldigitaldeasturias.com\/magazine365\/la-xunta-erige-el-entroido-en-uno-de-los-eventos-con-mas-efecto-desestacionalizador\/#webpage"},"isPartOf":{"@id":"https:\/\/eldigitaldeasturias.com\/magazine365\/la-xunta-erige-el-entroido-en-uno-de-los-eventos-con-mas-efecto-desestacionalizador\/#webpage"},"articleSection":"Noticias y Actualidad"},{"@type":"BreadcrumbList","@id":"https:\/\/eldigitaldeasturias.com\/magazine365\/la-xunta-erige-el-entroido-en-uno-de-los-eventos-con-mas-efecto-desestacionalizador\/#breadcrumblist","itemListElement":[{"@type":"ListItem","@id":"https:\/\/eldigitaldeasturias.com\/magazine365#listItem","position":1,"name":"Home","item":"https:\/\/eldigitaldeasturias.com\/magazine365","nextItem":{"@type":"ListItem","@id":"https:\/\/eldigitaldeasturias.com\/magazine365\/category\/noticias-actualidad\/#listItem","name":"Noticias y Actualidad"}},{"@type":"ListItem","@id":"https:\/\/eldigitaldeasturias.com\/magazine365\/category\/noticias-actualidad\/#listItem","position":2,"name":"Noticias y Actualidad","item":"https:\/\/eldigitaldeasturias.com\/magazine365\/category\/noticias-actualidad\/","nextItem":{"@type":"ListItem","@id":"https:\/\/eldigitaldeasturias.com\/magazine365\/la-xunta-erige-el-entroido-en-uno-de-los-eventos-con-mas-efecto-desestacionalizador\/#listItem","name":"La Xunta erige el &#8216;Entroido&#8217; en uno de los eventos con m\u00e1s efecto desestacionalizador"},"previousItem":{"@type":"ListItem","@id":"https:\/\/eldigitaldeasturias.com\/magazine365#listItem","name":"Home"}},{"@type":"ListItem","@id":"https:\/\/eldigitaldeasturias.com\/magazine365\/la-xunta-erige-el-entroido-en-uno-de-los-eventos-con-mas-efecto-desestacionalizador\/#listItem","position":3,"name":"La Xunta erige el &#8216;Entroido&#8217; en uno de los eventos con m\u00e1s efecto desestacionalizador","previousItem":{"@type":"ListItem","@id":"https:\/\/eldigitaldeasturias.com\/magazine365\/category\/noticias-actualidad\/#listItem","name":"Noticias y Actualidad"}}]},{"@type":"Organization","@id":"https:\/\/eldigitaldeasturias.com\/magazine365\/#organization","name":"El digital de Asturias","description":"Revista de ocio, turismo y estilo de vida","url":"https:\/\/eldigitaldeasturias.com\/magazine365\/","logo":{"@type":"ImageObject","url":"https:\/\/www.eldigitaldeasturias.com\/noticias\/wp-content\/uploads\/2020\/12\/EDA.jpg","@id":"https:\/\/eldigitaldeasturias.com\/magazine365\/la-xunta-erige-el-entroido-en-uno-de-los-eventos-con-mas-efecto-desestacionalizador\/#organizationLogo"},"image":{"@id":"https:\/\/eldigitaldeasturias.com\/magazine365\/la-xunta-erige-el-entroido-en-uno-de-los-eventos-con-mas-efecto-desestacionalizador\/#organizationLogo"}},{"@type":"Person","@id":"https:\/\/eldigitaldeasturias.com\/magazine365\/author\/admin\/#author","url":"https:\/\/eldigitaldeasturias.com\/magazine365\/author\/admin\/","name":"admin","image":{"@type":"ImageObject","@id":"https:\/\/eldigitaldeasturias.com\/magazine365\/la-xunta-erige-el-entroido-en-uno-de-los-eventos-con-mas-efecto-desestacionalizador\/#authorImage","url":"https:\/\/eldigitaldeasturias.com\/magazine365\/wp-content\/litespeed\/avatar\/e571bcf59a0edd6fa6838245a470f2fe.jpg?ver=1776969259","width":96,"height":96,"caption":"admin"}},{"@type":"WebPage","@id":"https:\/\/eldigitaldeasturias.com\/magazine365\/la-xunta-erige-el-entroido-en-uno-de-los-eventos-con-mas-efecto-desestacionalizador\/#webpage","url":"https:\/\/eldigitaldeasturias.com\/magazine365\/la-xunta-erige-el-entroido-en-uno-de-los-eventos-con-mas-efecto-desestacionalizador\/","name":"La Xunta erige el \u2018Entroido\u2019 en uno de los eventos con m\u00e1s efecto desestacionalizador | El Digital de Asturias","description":"La directora de Turismo de Galicia, Nava Castro, ha destacado el \"fuerte efecto desestacionalizador\" del 'Entroido' que \"contribuye a ampliar la oferta tur\u00edstica, a disfrutar de la gastronom\u00eda caracter\u00edstica de esta \u00e9poca del a\u00f1o y a poner en valor el territorio desde otras perspectivas\". Nava Castro se ha pronunciado de este modo durante la presentaci\u00f3n","inLanguage":"es-ES","isPartOf":{"@id":"https:\/\/eldigitaldeasturias.com\/magazine365\/#website"},"breadcrumb":{"@id":"https:\/\/eldigitaldeasturias.com\/magazine365\/la-xunta-erige-el-entroido-en-uno-de-los-eventos-con-mas-efecto-desestacionalizador\/#breadcrumblist"},"author":{"@id":"https:\/\/eldigitaldeasturias.com\/magazine365\/author\/admin\/#author"},"creator":{"@id":"https:\/\/eldigitaldeasturias.com\/magazine365\/author\/admin\/#author"},"image":{"@type":"ImageObject","url":"https:\/\/eldigitaldeasturias.com\/magazine365\/wp-content\/uploads\/2016\/01\/fotonoticia_20160122174130_800.jpg","@id":"https:\/\/eldigitaldeasturias.com\/magazine365\/la-xunta-erige-el-entroido-en-uno-de-los-eventos-con-mas-efecto-desestacionalizador\/#mainImage","width":800,"height":967},"primaryImageOfPage":{"@id":"https:\/\/eldigitaldeasturias.com\/magazine365\/la-xunta-erige-el-entroido-en-uno-de-los-eventos-con-mas-efecto-desestacionalizador\/#mainImage"},"datePublished":"2016-01-23T14:13:08+01:00","dateModified":"2016-01-23T14:13:08+01:00"},{"@type":"WebSite","@id":"https:\/\/eldigitaldeasturias.com\/magazine365\/#website","url":"https:\/\/eldigitaldeasturias.com\/magazine365\/","name":"El Digital de Asturias","description":"Revista de ocio, turismo y estilo de vida","inLanguage":"es-ES","publisher":{"@id":"https:\/\/eldigitaldeasturias.com\/magazine365\/#organization"}}]},"og:locale":"es_ES","og:site_name":"El Digital de Asturias \u2013 Revista de ocio, turismo y estilo de vida","og:type":"article","og:title":"La Xunta erige el \u2018Entroido\u2019 en uno de los eventos con m\u00e1s efecto desestacionalizador | El Digital de Asturias","og:description":"La directora de Turismo de Galicia, Nava Castro, ha destacado el &quot;fuerte efecto desestacionalizador&quot; del 'Entroido' que &quot;contribuye a ampliar la oferta tur\u00edstica, a disfrutar de la gastronom\u00eda caracter\u00edstica de esta \u00e9poca del a\u00f1o y a poner en valor el territorio desde otras perspectivas&quot;. Nava Castro se ha pronunciado de este modo durante la presentaci\u00f3n","og:url":"https:\/\/eldigitaldeasturias.com\/magazine365\/la-xunta-erige-el-entroido-en-uno-de-los-eventos-con-mas-efecto-desestacionalizador\/","og:image":"https:\/\/eldigitaldeasturias.com\/magazine365\/wp-content\/uploads\/2016\/01\/fotonoticia_20160122174130_800.jpg","og:image:secure_url":"https:\/\/eldigitaldeasturias.com\/magazine365\/wp-content\/uploads\/2016\/01\/fotonoticia_20160122174130_800.jpg","og:image:width":800,"og:image:height":967,"article:published_time":"2016-01-23T13:13:08+00:00","article:modified_time":"2016-01-23T13:13:08+00:00","twitter:card":"summary_large_image","twitter:title":"La Xunta erige el \u2018Entroido\u2019 en uno de los eventos con m\u00e1s efecto desestacionalizador | El Digital de Asturias","twitter:description":"La directora de Turismo de Galicia, Nava Castro, ha destacado el &quot;fuerte efecto desestacionalizador&quot; del 'Entroido' que &quot;contribuye a ampliar la oferta tur\u00edstica, a disfrutar de la gastronom\u00eda caracter\u00edstica de esta \u00e9poca del a\u00f1o y a poner en valor el territorio desde otras perspectivas&quot;. Nava Castro se ha pronunciado de este modo durante la presentaci\u00f3n","twitter:image":"https:\/\/eldigitaldeasturias.com\/magazine365\/wp-content\/uploads\/2016\/01\/fotonoticia_20160122174130_800.jpg"},"aioseo_meta_data":{"post_id":"61860","title":null,"description":null,"keywords":null,"keyphrases":null,"primary_term":null,"canonical_url":null,"og_title":null,"og_description":null,"og_object_type":"default","og_image_type":"default","og_image_url":null,"og_image_width":null,"og_image_height":null,"og_image_custom_url":null,"og_image_custom_fields":null,"og_video":null,"og_custom_url":null,"og_article_section":null,"og_article_tags":null,"twitter_use_og":false,"twitter_card":"default","twitter_image_type":"default","twitter_image_url":null,"twitter_image_custom_url":null,"twitter_image_custom_fields":null,"twitter_title":null,"twitter_description":null,"schema":{"blockGraphs":[],"customGraphs":[],"default":{"data":{"Article":[],"Course":[],"Dataset":[],"FAQPage":[],"Movie":[],"Person":[],"Product":[],"ProductReview":[],"Car":[],"Recipe":[],"Service":[],"SoftwareApplication":[],"WebPage":[]},"graphName":"","isEnabled":true},"graphs":[],"defaultGraph":"","defaultPostTypeGraph":""},"schema_type":null,"schema_type_options":null,"pillar_content":false,"robots_default":true,"robots_noindex":false,"robots_noarchive":false,"robots_nosnippet":false,"robots_nofollow":false,"robots_noimageindex":false,"robots_noodp":false,"robots_notranslate":false,"robots_max_snippet":null,"robots_max_videopreview":null,"robots_max_imagepreview":"large","priority":null,"frequency":null,"location":null,"local_seo":null,"seo_analyzer_scan_date":"2025-09-25 09:53:02","breadcrumb_settings":null,"limit_modified_date":false,"open_ai":null,"ai":null,"created":"2021-03-08 21:43:43","updated":"2025-09-25 09:53:02"},"aioseo_breadcrumb":"<div class=\"aioseo-breadcrumbs\"><span class=\"aioseo-breadcrumb\">\n\t<a href=\"https:\/\/eldigitaldeasturias.com\/magazine365\" title=\"Home\">Home<\/a>\n<\/span><span class=\"aioseo-breadcrumb-separator\">\u2013<\/span><span class=\"aioseo-breadcrumb\">\n\t<a href=\"https:\/\/eldigitaldeasturias.com\/magazine365\/category\/noticias-actualidad\/\" title=\"Noticias y Actualidad\">Noticias y Actualidad<\/a>\n<\/span><span class=\"aioseo-breadcrumb-separator\">\u2013<\/span><span class=\"aioseo-breadcrumb\">\n\t<a href=\"https:\/\/eldigitaldeasturias.com\/magazine365\/la-xunta-erige-el-entroido-en-uno-de-los-eventos-con-mas-efecto-desestacionalizador\/\" title=\"La Xunta erige el \u2018Entroido\u2019 en uno de los eventos con m\u00e1s efecto desestacionalizador\">La Xunta erige el \u2018Entroido\u2019 en uno de los eventos con m\u00e1s efecto desestacionalizador<\/a>\n<\/span><\/div>","aioseo_breadcrumb_json":[{"label":"Home","link":"https:\/\/eldigitaldeasturias.com\/magazine365"},{"label":"Noticias y Actualidad","link":"https:\/\/eldigitaldeasturias.com\/magazine365\/category\/noticias-actualidad\/"},{"label":"La Xunta erige el &#8216;Entroido&#8217; en uno de los eventos con m\u00e1s efecto desestacionalizador","link":"https:\/\/eldigitaldeasturias.com\/magazine365\/la-xunta-erige-el-entroido-en-uno-de-los-eventos-con-mas-efecto-desestacionalizador\/"}],"_links":{"self":[{"href":"https:\/\/eldigitaldeasturias.com\/magazine365\/wp-json\/wp\/v2\/posts\/61860","targetHints":{"allow":["GET"]}}],"collection":[{"href":"https:\/\/eldigitaldeasturias.com\/magazine365\/wp-json\/wp\/v2\/posts"}],"about":[{"href":"https:\/\/eldigitaldeasturias.com\/magazine365\/wp-json\/wp\/v2\/types\/post"}],"author":[{"embeddable":true,"href":"https:\/\/eldigitaldeasturias.com\/magazine365\/wp-json\/wp\/v2\/users\/1"}],"replies":[{"embeddable":true,"href":"https:\/\/eldigitaldeasturias.com\/magazine365\/wp-json\/wp\/v2\/comments?post=61860"}],"version-history":[{"count":0,"href":"https:\/\/eldigitaldeasturias.com\/magazine365\/wp-json\/wp\/v2\/posts\/61860\/revisions"}],"wp:featuredmedia":[{"embeddable":true,"href":"https:\/\/eldigitaldeasturias.com\/magazine365\/wp-json\/wp\/v2\/media\/61861"}],"wp:attachment":[{"href":"https:\/\/eldigitaldeasturias.com\/magazine365\/wp-json\/wp\/v2\/media?parent=61860"}],"wp:term":[{"taxonomy":"category","embeddable":true,"href":"https:\/\/eldigitaldeasturias.com\/magazine365\/wp-json\/wp\/v2\/categories?post=61860"},{"taxonomy":"post_tag","embeddable":true,"href":"https:\/\/eldigitaldeasturias.com\/magazine365\/wp-json\/wp\/v2\/tags?post=61860"}],"curies":[{"name":"wp","href":"https:\/\/api.w.org\/{rel}","templated":true}]}}