{"id":61857,"date":"2016-01-23T14:08:08","date_gmt":"2016-01-23T13:08:08","guid":{"rendered":"http:\/\/eldigitaldeasturias.com\/magazine365\/?p=61857"},"modified":"2016-01-23T14:08:08","modified_gmt":"2016-01-23T13:08:08","slug":"fuero-250-se-presenta-como-instrumento-de-desarrollo-de-las-nuevas-poblaciones","status":"publish","type":"post","link":"https:\/\/eldigitaldeasturias.com\/magazine365\/fuero-250-se-presenta-como-instrumento-de-desarrollo-de-las-nuevas-poblaciones\/","title":{"rendered":"&#8216;Fuero 250&#8217; se presenta como instrumento de desarrollo de las Nuevas Poblaciones"},"content":{"rendered":"<p><img fetchpriority=\"high\" decoding=\"async\" class=\"alignleft size-medium wp-image-61858\" src=\"https:\/\/eldigitaldeasturias.com\/magazine365\/wp-content\/uploads\/2016\/01\/fotonoticia_20160122162131_800-360x270.jpg\" alt=\"fotonoticia_20160122162131_800\" width=\"360\" height=\"270\" srcset=\"https:\/\/eldigitaldeasturias.com\/magazine365\/wp-content\/uploads\/2016\/01\/fotonoticia_20160122162131_800-360x270.jpg 360w, https:\/\/eldigitaldeasturias.com\/magazine365\/wp-content\/uploads\/2016\/01\/fotonoticia_20160122162131_800-650x488.jpg 650w, https:\/\/eldigitaldeasturias.com\/magazine365\/wp-content\/uploads\/2016\/01\/fotonoticia_20160122162131_800-768x576.jpg 768w, https:\/\/eldigitaldeasturias.com\/magazine365\/wp-content\/uploads\/2016\/01\/fotonoticia_20160122162131_800-150x113.jpg 150w, https:\/\/eldigitaldeasturias.com\/magazine365\/wp-content\/uploads\/2016\/01\/fotonoticia_20160122162131_800-450x338.jpg 450w, https:\/\/eldigitaldeasturias.com\/magazine365\/wp-content\/uploads\/2016\/01\/fotonoticia_20160122162131_800-80x60.jpg 80w, https:\/\/eldigitaldeasturias.com\/magazine365\/wp-content\/uploads\/2016\/01\/fotonoticia_20160122162131_800-265x198.jpg 265w, https:\/\/eldigitaldeasturias.com\/magazine365\/wp-content\/uploads\/2016\/01\/fotonoticia_20160122162131_800-696x522.jpg 696w, https:\/\/eldigitaldeasturias.com\/magazine365\/wp-content\/uploads\/2016\/01\/fotonoticia_20160122162131_800-560x420.jpg 560w, https:\/\/eldigitaldeasturias.com\/magazine365\/wp-content\/uploads\/2016\/01\/fotonoticia_20160122162131_800-90x67.jpg 90w, https:\/\/eldigitaldeasturias.com\/magazine365\/wp-content\/uploads\/2016\/01\/fotonoticia_20160122162131_800-164x124.jpg 164w, https:\/\/eldigitaldeasturias.com\/magazine365\/wp-content\/uploads\/2016\/01\/fotonoticia_20160122162131_800-100x75.jpg 100w, https:\/\/eldigitaldeasturias.com\/magazine365\/wp-content\/uploads\/2016\/01\/fotonoticia_20160122162131_800.jpg 800w\" sizes=\"(max-width: 360px) 100vw, 360px\" \/>La Feria Internacional de Turismo, Fitur, ha acogido este viernes la presentaci\u00f3n del proyecto Fuero 250 para conmemorar el aniversario de la Fundaci\u00f3n de las Nuevas Poblaciones, para las que pretende ser un instrumento de desarrollo de su potencial tur\u00edstico, social.<\/p>\n<p>\u00abEste programa pretende impulsar las relaciones culturales, sociales y, por qu\u00e9 no, econ\u00f3micas entre nuestros municipios y de entre los pa\u00edses de origen de los colonos que los fundaron\u00bb, ha explicado la alcaldesa de La Carolina, Yolanda Reche, en un acto en el que tambi\u00e9n ha participado el vicepresidente segundo de la Diputaci\u00f3n y responsable de Promoci\u00f3n y Turismo, Manuel Fern\u00e1ndez Palomino.<\/p>\n<p>Ha comentado, en esta l\u00ednea, que ese 250 aniversario es, inicialmente, \u00abuna oportunidad para difundir el valor hist\u00f3rico de un grupo de municipios que fueron el germen de un modelo social organizado, m\u00e1s cooperativo y participativo, que pretend\u00eda transformar la realidad social del pa\u00eds siguiendo los criterios de la Ilustraci\u00f3n.<\/p>\n<p>De este modo, los elementos comunes, sumados a los valores que cada localidad pueda aportar individualmente, se van a integrar en una ruta tur\u00edstica que integre a los 14 municipios que forman las Nuevas Poblaciones. Por ejemplo, las del norte aportan \u00abcomo valor a\u00f1adido el patrimonio minero o industrial, que est\u00e1 generando un movimiento importante en torno al turismo industrial y ser\u00e1 uno de los elementos que se incorpore a la ruta\u00bb, que estar\u00e1 perfilada en los pr\u00f3ximos meses con el objetivo de que \u00absea uno de los instrumentos de dinamizaci\u00f3n del proyecto\u00bb.<\/p>\n<p>La iniciativa contempla, igualmente, desde la celebraci\u00f3n de dos congresos cient\u00edficos a una exposici\u00f3n, pasando por propuestas pendientes de confirmaci\u00f3n como un partido amistoso entre las selecciones de Espa\u00f1a y Alemania, seg\u00fan se ha destacado en la presentaci\u00f3n, a la que tambi\u00e9n han asistido, entre otros, los alcaldes de Carboneros y Guarrom\u00e1n, Domingo Bonillo y Alberto Rubio; la presidenta de la comisi\u00f3n ejecutiva del Proyecto Fuero 250, \u00c1gueda Castellano.<\/p>\n<p>Reche ha insistido en que para La Carolina uno de las herramientas m\u00e1s importantes es la participaci\u00f3n ciudadana, raz\u00f3n por la que se est\u00e1n elaborando materiales educativos para que aprovechar \u00abla oportunidad de que los ciudadanos conozcan a los protagonistas del acontecimiento hist\u00f3rico que supone la fundaci\u00f3n\u00bb.<\/p>\n<p>COLONOS Y CONTACTOS<\/p>\n<p>\u00abA los que han pasado con nombre propio a la historia, como Thurriegel, Olavide o Carlos III pero sobre todo a los que hicieron la historia, los m\u00e1s de 6.000 hombres y mujeres que abandonaron sus pa\u00edses de origen, sus ra\u00edces, a sus familias, para participar en un proyecto social alternativo\u00bb, ha declarado.<\/p>\n<p>Al hilo, ha valorado los contactos que se est\u00e1n manteniendo con las embajadas de los pa\u00edses de origen de los colonos, porque \u00abpueden servir para relaciones futuras, en todos los \u00e1mbitos, que pueden ser muy positivas para los 14 municipios y las cuatro provincias en las que est\u00e1n dispersas las Nuevas Poblaciones\u00bb.<\/p>\n<p>Fueron creadas durante el gobierno de Carlos III. El fuero que las regula se proclam\u00f3 el 5 de julio de 1767. Ese documento establec\u00eda un modelo social y urbano para estos n\u00facleos, diseminados en Sierra Morena &#8211;en las actuales provincias de Ja\u00e9n, C\u00f3rdoba, Sevilla y Ciudad Real&#8211; que se constituyeron como una zona administrativa, la quinta provincia andaluza hasta la reordenaci\u00f3n administrativa de la Constituci\u00f3n de 1812.<\/p>\n","protected":false},"excerpt":{"rendered":"<p>La Feria Internacional de Turismo, Fitur, ha acogido este viernes la presentaci\u00f3n del proyecto Fuero 250 para conmemorar el aniversario de la Fundaci\u00f3n de las Nuevas Poblaciones, para las que pretende ser un instrumento de desarrollo de su potencial tur\u00edstico, social. \u00abEste programa pretende impulsar las relaciones culturales, sociales y, por qu\u00e9 no, econ\u00f3micas entre<\/p>\n","protected":false},"author":1,"featured_media":61858,"comment_status":"open","ping_status":"closed","sticky":false,"template":"","format":"standard","meta":{"footnotes":""},"categories":[224],"tags":[],"class_list":{"0":"post-61857","1":"post","2":"type-post","3":"status-publish","4":"format-standard","5":"has-post-thumbnail","7":"category-noticias-actualidad"},"aioseo_notices":[],"aioseo_head":"\n\t\t<!-- All in One SEO Pro 4.9.6.1 - aioseo.com -->\n\t<meta name=\"description\" content=\"La Feria Internacional de Turismo, Fitur, ha acogido este viernes la presentaci\u00f3n del proyecto Fuero 250 para conmemorar el aniversario de la Fundaci\u00f3n de las Nuevas Poblaciones, para las que pretende ser un instrumento de desarrollo de su potencial tur\u00edstico, social. &quot;Este programa pretende impulsar las relaciones culturales, sociales y, por qu\u00e9 no, econ\u00f3micas entre\" \/>\n\t<meta name=\"robots\" content=\"max-image-preview:large\" \/>\n\t<meta name=\"author\" content=\"admin\"\/>\n\t<meta name=\"google-site-verification\" content=\"UA-38556648-1\" \/>\n\t<meta name=\"keywords\" content=\"noticias y actualidad\" \/>\n\t<link rel=\"canonical\" href=\"https:\/\/eldigitaldeasturias.com\/magazine365\/fuero-250-se-presenta-como-instrumento-de-desarrollo-de-las-nuevas-poblaciones\/\" \/>\n\t<meta name=\"generator\" content=\"All in One SEO Pro (AIOSEO) 4.9.6.1\" \/>\n\t\t<meta property=\"og:locale\" content=\"es_ES\" \/>\n\t\t<meta property=\"og:site_name\" content=\"El Digital de Asturias \u2013 Revista de ocio, turismo y estilo de vida\" \/>\n\t\t<meta property=\"og:type\" content=\"article\" \/>\n\t\t<meta property=\"og:title\" content=\"\u2018Fuero 250\u2019 se presenta como instrumento de desarrollo de las Nuevas Poblaciones | El Digital de Asturias\" \/>\n\t\t<meta property=\"og:description\" content=\"La Feria Internacional de Turismo, Fitur, ha acogido este viernes la presentaci\u00f3n del proyecto Fuero 250 para conmemorar el aniversario de la Fundaci\u00f3n de las Nuevas Poblaciones, para las que pretende ser un instrumento de desarrollo de su potencial tur\u00edstico, social. &quot;Este programa pretende impulsar las relaciones culturales, sociales y, por qu\u00e9 no, econ\u00f3micas entre\" \/>\n\t\t<meta property=\"og:url\" content=\"https:\/\/eldigitaldeasturias.com\/magazine365\/fuero-250-se-presenta-como-instrumento-de-desarrollo-de-las-nuevas-poblaciones\/\" \/>\n\t\t<meta property=\"og:image\" content=\"https:\/\/eldigitaldeasturias.com\/magazine365\/wp-content\/uploads\/2016\/01\/fotonoticia_20160122162131_800.jpg\" \/>\n\t\t<meta property=\"og:image:secure_url\" content=\"https:\/\/eldigitaldeasturias.com\/magazine365\/wp-content\/uploads\/2016\/01\/fotonoticia_20160122162131_800.jpg\" \/>\n\t\t<meta property=\"og:image:width\" content=\"800\" \/>\n\t\t<meta property=\"og:image:height\" content=\"600\" \/>\n\t\t<meta property=\"article:published_time\" content=\"2016-01-23T13:08:08+00:00\" \/>\n\t\t<meta property=\"article:modified_time\" content=\"2016-01-23T13:08:08+00:00\" \/>\n\t\t<meta name=\"twitter:card\" content=\"summary_large_image\" \/>\n\t\t<meta name=\"twitter:title\" content=\"\u2018Fuero 250\u2019 se presenta como instrumento de desarrollo de las Nuevas Poblaciones | El Digital de Asturias\" \/>\n\t\t<meta name=\"twitter:description\" content=\"La Feria Internacional de Turismo, Fitur, ha acogido este viernes la presentaci\u00f3n del proyecto Fuero 250 para conmemorar el aniversario de la Fundaci\u00f3n de las Nuevas Poblaciones, para las que pretende ser un instrumento de desarrollo de su potencial tur\u00edstico, social. &quot;Este programa pretende impulsar las relaciones culturales, sociales y, por qu\u00e9 no, econ\u00f3micas entre\" \/>\n\t\t<meta name=\"twitter:image\" content=\"https:\/\/eldigitaldeasturias.com\/magazine365\/wp-content\/uploads\/2016\/01\/fotonoticia_20160122162131_800.jpg\" \/>\n\t\t<script type=\"application\/ld+json\" class=\"aioseo-schema\">\n\t\t\t{\"@context\":\"https:\\\/\\\/schema.org\",\"@graph\":[{\"@type\":\"Article\",\"@id\":\"https:\\\/\\\/eldigitaldeasturias.com\\\/magazine365\\\/fuero-250-se-presenta-como-instrumento-de-desarrollo-de-las-nuevas-poblaciones\\\/#article\",\"name\":\"\\u2018Fuero 250\\u2019 se presenta como instrumento de desarrollo de las Nuevas Poblaciones | El Digital de Asturias\",\"headline\":\"&#8216;Fuero 250&#8217; se presenta como instrumento de desarrollo de las Nuevas Poblaciones\",\"author\":{\"@id\":\"https:\\\/\\\/eldigitaldeasturias.com\\\/magazine365\\\/author\\\/admin\\\/#author\"},\"publisher\":{\"@id\":\"https:\\\/\\\/eldigitaldeasturias.com\\\/magazine365\\\/#organization\"},\"image\":{\"@type\":\"ImageObject\",\"url\":\"https:\\\/\\\/eldigitaldeasturias.com\\\/magazine365\\\/wp-content\\\/uploads\\\/2016\\\/01\\\/fotonoticia_20160122162131_800.jpg\",\"width\":800,\"height\":600},\"datePublished\":\"2016-01-23T14:08:08+01:00\",\"dateModified\":\"2016-01-23T14:08:08+01:00\",\"inLanguage\":\"es-ES\",\"mainEntityOfPage\":{\"@id\":\"https:\\\/\\\/eldigitaldeasturias.com\\\/magazine365\\\/fuero-250-se-presenta-como-instrumento-de-desarrollo-de-las-nuevas-poblaciones\\\/#webpage\"},\"isPartOf\":{\"@id\":\"https:\\\/\\\/eldigitaldeasturias.com\\\/magazine365\\\/fuero-250-se-presenta-como-instrumento-de-desarrollo-de-las-nuevas-poblaciones\\\/#webpage\"},\"articleSection\":\"Noticias y Actualidad\"},{\"@type\":\"BreadcrumbList\",\"@id\":\"https:\\\/\\\/eldigitaldeasturias.com\\\/magazine365\\\/fuero-250-se-presenta-como-instrumento-de-desarrollo-de-las-nuevas-poblaciones\\\/#breadcrumblist\",\"itemListElement\":[{\"@type\":\"ListItem\",\"@id\":\"https:\\\/\\\/eldigitaldeasturias.com\\\/magazine365#listItem\",\"position\":1,\"name\":\"Home\",\"item\":\"https:\\\/\\\/eldigitaldeasturias.com\\\/magazine365\",\"nextItem\":{\"@type\":\"ListItem\",\"@id\":\"https:\\\/\\\/eldigitaldeasturias.com\\\/magazine365\\\/category\\\/noticias-actualidad\\\/#listItem\",\"name\":\"Noticias y Actualidad\"}},{\"@type\":\"ListItem\",\"@id\":\"https:\\\/\\\/eldigitaldeasturias.com\\\/magazine365\\\/category\\\/noticias-actualidad\\\/#listItem\",\"position\":2,\"name\":\"Noticias y Actualidad\",\"item\":\"https:\\\/\\\/eldigitaldeasturias.com\\\/magazine365\\\/category\\\/noticias-actualidad\\\/\",\"nextItem\":{\"@type\":\"ListItem\",\"@id\":\"https:\\\/\\\/eldigitaldeasturias.com\\\/magazine365\\\/fuero-250-se-presenta-como-instrumento-de-desarrollo-de-las-nuevas-poblaciones\\\/#listItem\",\"name\":\"&#8216;Fuero 250&#8217; se presenta como instrumento de desarrollo de las Nuevas Poblaciones\"},\"previousItem\":{\"@type\":\"ListItem\",\"@id\":\"https:\\\/\\\/eldigitaldeasturias.com\\\/magazine365#listItem\",\"name\":\"Home\"}},{\"@type\":\"ListItem\",\"@id\":\"https:\\\/\\\/eldigitaldeasturias.com\\\/magazine365\\\/fuero-250-se-presenta-como-instrumento-de-desarrollo-de-las-nuevas-poblaciones\\\/#listItem\",\"position\":3,\"name\":\"&#8216;Fuero 250&#8217; se presenta como instrumento de desarrollo de las Nuevas Poblaciones\",\"previousItem\":{\"@type\":\"ListItem\",\"@id\":\"https:\\\/\\\/eldigitaldeasturias.com\\\/magazine365\\\/category\\\/noticias-actualidad\\\/#listItem\",\"name\":\"Noticias y Actualidad\"}}]},{\"@type\":\"Organization\",\"@id\":\"https:\\\/\\\/eldigitaldeasturias.com\\\/magazine365\\\/#organization\",\"name\":\"El digital de Asturias\",\"description\":\"Revista de ocio, turismo y estilo de vida\",\"url\":\"https:\\\/\\\/eldigitaldeasturias.com\\\/magazine365\\\/\",\"logo\":{\"@type\":\"ImageObject\",\"url\":\"https:\\\/\\\/www.eldigitaldeasturias.com\\\/noticias\\\/wp-content\\\/uploads\\\/2020\\\/12\\\/EDA.jpg\",\"@id\":\"https:\\\/\\\/eldigitaldeasturias.com\\\/magazine365\\\/fuero-250-se-presenta-como-instrumento-de-desarrollo-de-las-nuevas-poblaciones\\\/#organizationLogo\"},\"image\":{\"@id\":\"https:\\\/\\\/eldigitaldeasturias.com\\\/magazine365\\\/fuero-250-se-presenta-como-instrumento-de-desarrollo-de-las-nuevas-poblaciones\\\/#organizationLogo\"}},{\"@type\":\"Person\",\"@id\":\"https:\\\/\\\/eldigitaldeasturias.com\\\/magazine365\\\/author\\\/admin\\\/#author\",\"url\":\"https:\\\/\\\/eldigitaldeasturias.com\\\/magazine365\\\/author\\\/admin\\\/\",\"name\":\"admin\",\"image\":{\"@type\":\"ImageObject\",\"@id\":\"https:\\\/\\\/eldigitaldeasturias.com\\\/magazine365\\\/fuero-250-se-presenta-como-instrumento-de-desarrollo-de-las-nuevas-poblaciones\\\/#authorImage\",\"url\":\"https:\\\/\\\/eldigitaldeasturias.com\\\/magazine365\\\/wp-content\\\/litespeed\\\/avatar\\\/e571bcf59a0edd6fa6838245a470f2fe.jpg?ver=1776969259\",\"width\":96,\"height\":96,\"caption\":\"admin\"}},{\"@type\":\"WebPage\",\"@id\":\"https:\\\/\\\/eldigitaldeasturias.com\\\/magazine365\\\/fuero-250-se-presenta-como-instrumento-de-desarrollo-de-las-nuevas-poblaciones\\\/#webpage\",\"url\":\"https:\\\/\\\/eldigitaldeasturias.com\\\/magazine365\\\/fuero-250-se-presenta-como-instrumento-de-desarrollo-de-las-nuevas-poblaciones\\\/\",\"name\":\"\\u2018Fuero 250\\u2019 se presenta como instrumento de desarrollo de las Nuevas Poblaciones | El Digital de Asturias\",\"description\":\"La Feria Internacional de Turismo, Fitur, ha acogido este viernes la presentaci\\u00f3n del proyecto Fuero 250 para conmemorar el aniversario de la Fundaci\\u00f3n de las Nuevas Poblaciones, para las que pretende ser un instrumento de desarrollo de su potencial tur\\u00edstico, social. \\\"Este programa pretende impulsar las relaciones culturales, sociales y, por qu\\u00e9 no, econ\\u00f3micas entre\",\"inLanguage\":\"es-ES\",\"isPartOf\":{\"@id\":\"https:\\\/\\\/eldigitaldeasturias.com\\\/magazine365\\\/#website\"},\"breadcrumb\":{\"@id\":\"https:\\\/\\\/eldigitaldeasturias.com\\\/magazine365\\\/fuero-250-se-presenta-como-instrumento-de-desarrollo-de-las-nuevas-poblaciones\\\/#breadcrumblist\"},\"author\":{\"@id\":\"https:\\\/\\\/eldigitaldeasturias.com\\\/magazine365\\\/author\\\/admin\\\/#author\"},\"creator\":{\"@id\":\"https:\\\/\\\/eldigitaldeasturias.com\\\/magazine365\\\/author\\\/admin\\\/#author\"},\"image\":{\"@type\":\"ImageObject\",\"url\":\"https:\\\/\\\/eldigitaldeasturias.com\\\/magazine365\\\/wp-content\\\/uploads\\\/2016\\\/01\\\/fotonoticia_20160122162131_800.jpg\",\"@id\":\"https:\\\/\\\/eldigitaldeasturias.com\\\/magazine365\\\/fuero-250-se-presenta-como-instrumento-de-desarrollo-de-las-nuevas-poblaciones\\\/#mainImage\",\"width\":800,\"height\":600},\"primaryImageOfPage\":{\"@id\":\"https:\\\/\\\/eldigitaldeasturias.com\\\/magazine365\\\/fuero-250-se-presenta-como-instrumento-de-desarrollo-de-las-nuevas-poblaciones\\\/#mainImage\"},\"datePublished\":\"2016-01-23T14:08:08+01:00\",\"dateModified\":\"2016-01-23T14:08:08+01:00\"},{\"@type\":\"WebSite\",\"@id\":\"https:\\\/\\\/eldigitaldeasturias.com\\\/magazine365\\\/#website\",\"url\":\"https:\\\/\\\/eldigitaldeasturias.com\\\/magazine365\\\/\",\"name\":\"El Digital de Asturias\",\"description\":\"Revista de ocio, turismo y estilo de vida\",\"inLanguage\":\"es-ES\",\"publisher\":{\"@id\":\"https:\\\/\\\/eldigitaldeasturias.com\\\/magazine365\\\/#organization\"}}]}\n\t\t<\/script>\n\t\t<!-- All in One SEO Pro -->\r\n\t\t<title>\u2018Fuero 250\u2019 se presenta como instrumento de desarrollo de las Nuevas Poblaciones | El Digital de Asturias<\/title>\n\n","aioseo_head_json":{"title":"\u2018Fuero 250\u2019 se presenta como instrumento de desarrollo de las Nuevas Poblaciones | El Digital de Asturias","description":"La Feria Internacional de Turismo, Fitur, ha acogido este viernes la presentaci\u00f3n del proyecto Fuero 250 para conmemorar el aniversario de la Fundaci\u00f3n de las Nuevas Poblaciones, para las que pretende ser un instrumento de desarrollo de su potencial tur\u00edstico, social. \"Este programa pretende impulsar las relaciones culturales, sociales y, por qu\u00e9 no, econ\u00f3micas entre","canonical_url":"https:\/\/eldigitaldeasturias.com\/magazine365\/fuero-250-se-presenta-como-instrumento-de-desarrollo-de-las-nuevas-poblaciones\/","robots":"max-image-preview:large","keywords":"noticias y actualidad","webmasterTools":{"google-site-verification":"UA-38556648-1","miscellaneous":""},"schema":{"@context":"https:\/\/schema.org","@graph":[{"@type":"Article","@id":"https:\/\/eldigitaldeasturias.com\/magazine365\/fuero-250-se-presenta-como-instrumento-de-desarrollo-de-las-nuevas-poblaciones\/#article","name":"\u2018Fuero 250\u2019 se presenta como instrumento de desarrollo de las Nuevas Poblaciones | El Digital de Asturias","headline":"&#8216;Fuero 250&#8217; se presenta como instrumento de desarrollo de las Nuevas Poblaciones","author":{"@id":"https:\/\/eldigitaldeasturias.com\/magazine365\/author\/admin\/#author"},"publisher":{"@id":"https:\/\/eldigitaldeasturias.com\/magazine365\/#organization"},"image":{"@type":"ImageObject","url":"https:\/\/eldigitaldeasturias.com\/magazine365\/wp-content\/uploads\/2016\/01\/fotonoticia_20160122162131_800.jpg","width":800,"height":600},"datePublished":"2016-01-23T14:08:08+01:00","dateModified":"2016-01-23T14:08:08+01:00","inLanguage":"es-ES","mainEntityOfPage":{"@id":"https:\/\/eldigitaldeasturias.com\/magazine365\/fuero-250-se-presenta-como-instrumento-de-desarrollo-de-las-nuevas-poblaciones\/#webpage"},"isPartOf":{"@id":"https:\/\/eldigitaldeasturias.com\/magazine365\/fuero-250-se-presenta-como-instrumento-de-desarrollo-de-las-nuevas-poblaciones\/#webpage"},"articleSection":"Noticias y Actualidad"},{"@type":"BreadcrumbList","@id":"https:\/\/eldigitaldeasturias.com\/magazine365\/fuero-250-se-presenta-como-instrumento-de-desarrollo-de-las-nuevas-poblaciones\/#breadcrumblist","itemListElement":[{"@type":"ListItem","@id":"https:\/\/eldigitaldeasturias.com\/magazine365#listItem","position":1,"name":"Home","item":"https:\/\/eldigitaldeasturias.com\/magazine365","nextItem":{"@type":"ListItem","@id":"https:\/\/eldigitaldeasturias.com\/magazine365\/category\/noticias-actualidad\/#listItem","name":"Noticias y Actualidad"}},{"@type":"ListItem","@id":"https:\/\/eldigitaldeasturias.com\/magazine365\/category\/noticias-actualidad\/#listItem","position":2,"name":"Noticias y Actualidad","item":"https:\/\/eldigitaldeasturias.com\/magazine365\/category\/noticias-actualidad\/","nextItem":{"@type":"ListItem","@id":"https:\/\/eldigitaldeasturias.com\/magazine365\/fuero-250-se-presenta-como-instrumento-de-desarrollo-de-las-nuevas-poblaciones\/#listItem","name":"&#8216;Fuero 250&#8217; se presenta como instrumento de desarrollo de las Nuevas Poblaciones"},"previousItem":{"@type":"ListItem","@id":"https:\/\/eldigitaldeasturias.com\/magazine365#listItem","name":"Home"}},{"@type":"ListItem","@id":"https:\/\/eldigitaldeasturias.com\/magazine365\/fuero-250-se-presenta-como-instrumento-de-desarrollo-de-las-nuevas-poblaciones\/#listItem","position":3,"name":"&#8216;Fuero 250&#8217; se presenta como instrumento de desarrollo de las Nuevas Poblaciones","previousItem":{"@type":"ListItem","@id":"https:\/\/eldigitaldeasturias.com\/magazine365\/category\/noticias-actualidad\/#listItem","name":"Noticias y Actualidad"}}]},{"@type":"Organization","@id":"https:\/\/eldigitaldeasturias.com\/magazine365\/#organization","name":"El digital de Asturias","description":"Revista de ocio, turismo y estilo de vida","url":"https:\/\/eldigitaldeasturias.com\/magazine365\/","logo":{"@type":"ImageObject","url":"https:\/\/www.eldigitaldeasturias.com\/noticias\/wp-content\/uploads\/2020\/12\/EDA.jpg","@id":"https:\/\/eldigitaldeasturias.com\/magazine365\/fuero-250-se-presenta-como-instrumento-de-desarrollo-de-las-nuevas-poblaciones\/#organizationLogo"},"image":{"@id":"https:\/\/eldigitaldeasturias.com\/magazine365\/fuero-250-se-presenta-como-instrumento-de-desarrollo-de-las-nuevas-poblaciones\/#organizationLogo"}},{"@type":"Person","@id":"https:\/\/eldigitaldeasturias.com\/magazine365\/author\/admin\/#author","url":"https:\/\/eldigitaldeasturias.com\/magazine365\/author\/admin\/","name":"admin","image":{"@type":"ImageObject","@id":"https:\/\/eldigitaldeasturias.com\/magazine365\/fuero-250-se-presenta-como-instrumento-de-desarrollo-de-las-nuevas-poblaciones\/#authorImage","url":"https:\/\/eldigitaldeasturias.com\/magazine365\/wp-content\/litespeed\/avatar\/e571bcf59a0edd6fa6838245a470f2fe.jpg?ver=1776969259","width":96,"height":96,"caption":"admin"}},{"@type":"WebPage","@id":"https:\/\/eldigitaldeasturias.com\/magazine365\/fuero-250-se-presenta-como-instrumento-de-desarrollo-de-las-nuevas-poblaciones\/#webpage","url":"https:\/\/eldigitaldeasturias.com\/magazine365\/fuero-250-se-presenta-como-instrumento-de-desarrollo-de-las-nuevas-poblaciones\/","name":"\u2018Fuero 250\u2019 se presenta como instrumento de desarrollo de las Nuevas Poblaciones | El Digital de Asturias","description":"La Feria Internacional de Turismo, Fitur, ha acogido este viernes la presentaci\u00f3n del proyecto Fuero 250 para conmemorar el aniversario de la Fundaci\u00f3n de las Nuevas Poblaciones, para las que pretende ser un instrumento de desarrollo de su potencial tur\u00edstico, social. \"Este programa pretende impulsar las relaciones culturales, sociales y, por qu\u00e9 no, econ\u00f3micas entre","inLanguage":"es-ES","isPartOf":{"@id":"https:\/\/eldigitaldeasturias.com\/magazine365\/#website"},"breadcrumb":{"@id":"https:\/\/eldigitaldeasturias.com\/magazine365\/fuero-250-se-presenta-como-instrumento-de-desarrollo-de-las-nuevas-poblaciones\/#breadcrumblist"},"author":{"@id":"https:\/\/eldigitaldeasturias.com\/magazine365\/author\/admin\/#author"},"creator":{"@id":"https:\/\/eldigitaldeasturias.com\/magazine365\/author\/admin\/#author"},"image":{"@type":"ImageObject","url":"https:\/\/eldigitaldeasturias.com\/magazine365\/wp-content\/uploads\/2016\/01\/fotonoticia_20160122162131_800.jpg","@id":"https:\/\/eldigitaldeasturias.com\/magazine365\/fuero-250-se-presenta-como-instrumento-de-desarrollo-de-las-nuevas-poblaciones\/#mainImage","width":800,"height":600},"primaryImageOfPage":{"@id":"https:\/\/eldigitaldeasturias.com\/magazine365\/fuero-250-se-presenta-como-instrumento-de-desarrollo-de-las-nuevas-poblaciones\/#mainImage"},"datePublished":"2016-01-23T14:08:08+01:00","dateModified":"2016-01-23T14:08:08+01:00"},{"@type":"WebSite","@id":"https:\/\/eldigitaldeasturias.com\/magazine365\/#website","url":"https:\/\/eldigitaldeasturias.com\/magazine365\/","name":"El Digital de Asturias","description":"Revista de ocio, turismo y estilo de vida","inLanguage":"es-ES","publisher":{"@id":"https:\/\/eldigitaldeasturias.com\/magazine365\/#organization"}}]},"og:locale":"es_ES","og:site_name":"El Digital de Asturias \u2013 Revista de ocio, turismo y estilo de vida","og:type":"article","og:title":"\u2018Fuero 250\u2019 se presenta como instrumento de desarrollo de las Nuevas Poblaciones | El Digital de Asturias","og:description":"La Feria Internacional de Turismo, Fitur, ha acogido este viernes la presentaci\u00f3n del proyecto Fuero 250 para conmemorar el aniversario de la Fundaci\u00f3n de las Nuevas Poblaciones, para las que pretende ser un instrumento de desarrollo de su potencial tur\u00edstico, social. &quot;Este programa pretende impulsar las relaciones culturales, sociales y, por qu\u00e9 no, econ\u00f3micas entre","og:url":"https:\/\/eldigitaldeasturias.com\/magazine365\/fuero-250-se-presenta-como-instrumento-de-desarrollo-de-las-nuevas-poblaciones\/","og:image":"https:\/\/eldigitaldeasturias.com\/magazine365\/wp-content\/uploads\/2016\/01\/fotonoticia_20160122162131_800.jpg","og:image:secure_url":"https:\/\/eldigitaldeasturias.com\/magazine365\/wp-content\/uploads\/2016\/01\/fotonoticia_20160122162131_800.jpg","og:image:width":800,"og:image:height":600,"article:published_time":"2016-01-23T13:08:08+00:00","article:modified_time":"2016-01-23T13:08:08+00:00","twitter:card":"summary_large_image","twitter:title":"\u2018Fuero 250\u2019 se presenta como instrumento de desarrollo de las Nuevas Poblaciones | El Digital de Asturias","twitter:description":"La Feria Internacional de Turismo, Fitur, ha acogido este viernes la presentaci\u00f3n del proyecto Fuero 250 para conmemorar el aniversario de la Fundaci\u00f3n de las Nuevas Poblaciones, para las que pretende ser un instrumento de desarrollo de su potencial tur\u00edstico, social. &quot;Este programa pretende impulsar las relaciones culturales, sociales y, por qu\u00e9 no, econ\u00f3micas entre","twitter:image":"https:\/\/eldigitaldeasturias.com\/magazine365\/wp-content\/uploads\/2016\/01\/fotonoticia_20160122162131_800.jpg"},"aioseo_meta_data":{"post_id":"61857","title":null,"description":null,"keywords":null,"keyphrases":null,"primary_term":null,"canonical_url":null,"og_title":null,"og_description":null,"og_object_type":"default","og_image_type":"default","og_image_url":null,"og_image_width":null,"og_image_height":null,"og_image_custom_url":null,"og_image_custom_fields":null,"og_video":null,"og_custom_url":null,"og_article_section":null,"og_article_tags":null,"twitter_use_og":false,"twitter_card":"default","twitter_image_type":"default","twitter_image_url":null,"twitter_image_custom_url":null,"twitter_image_custom_fields":null,"twitter_title":null,"twitter_description":null,"schema":{"blockGraphs":[],"customGraphs":[],"default":{"data":{"Article":[],"Course":[],"Dataset":[],"FAQPage":[],"Movie":[],"Person":[],"Product":[],"ProductReview":[],"Car":[],"Recipe":[],"Service":[],"SoftwareApplication":[],"WebPage":[]},"graphName":"","isEnabled":true},"graphs":[],"defaultGraph":"","defaultPostTypeGraph":""},"schema_type":null,"schema_type_options":null,"pillar_content":false,"robots_default":true,"robots_noindex":false,"robots_noarchive":false,"robots_nosnippet":false,"robots_nofollow":false,"robots_noimageindex":false,"robots_noodp":false,"robots_notranslate":false,"robots_max_snippet":null,"robots_max_videopreview":null,"robots_max_imagepreview":"large","priority":null,"frequency":null,"location":null,"local_seo":null,"seo_analyzer_scan_date":"2025-09-25 09:51:58","breadcrumb_settings":null,"limit_modified_date":false,"open_ai":null,"ai":null,"created":"2021-03-08 21:44:59","updated":"2025-09-25 09:51:58"},"aioseo_breadcrumb":"<div class=\"aioseo-breadcrumbs\"><span class=\"aioseo-breadcrumb\">\n\t<a href=\"https:\/\/eldigitaldeasturias.com\/magazine365\" title=\"Home\">Home<\/a>\n<\/span><span class=\"aioseo-breadcrumb-separator\">\u2013<\/span><span class=\"aioseo-breadcrumb\">\n\t<a href=\"https:\/\/eldigitaldeasturias.com\/magazine365\/category\/noticias-actualidad\/\" title=\"Noticias y Actualidad\">Noticias y Actualidad<\/a>\n<\/span><span class=\"aioseo-breadcrumb-separator\">\u2013<\/span><span class=\"aioseo-breadcrumb\">\n\t<a href=\"https:\/\/eldigitaldeasturias.com\/magazine365\/fuero-250-se-presenta-como-instrumento-de-desarrollo-de-las-nuevas-poblaciones\/\" title=\"\u2018Fuero 250\u2019 se presenta como instrumento de desarrollo de las Nuevas Poblaciones\">\u2018Fuero 250\u2019 se presenta como instrumento de desarrollo de las Nuevas Poblaciones<\/a>\n<\/span><\/div>","aioseo_breadcrumb_json":[{"label":"Home","link":"https:\/\/eldigitaldeasturias.com\/magazine365"},{"label":"Noticias y Actualidad","link":"https:\/\/eldigitaldeasturias.com\/magazine365\/category\/noticias-actualidad\/"},{"label":"&#8216;Fuero 250&#8217; se presenta como instrumento de desarrollo de las Nuevas Poblaciones","link":"https:\/\/eldigitaldeasturias.com\/magazine365\/fuero-250-se-presenta-como-instrumento-de-desarrollo-de-las-nuevas-poblaciones\/"}],"_links":{"self":[{"href":"https:\/\/eldigitaldeasturias.com\/magazine365\/wp-json\/wp\/v2\/posts\/61857","targetHints":{"allow":["GET"]}}],"collection":[{"href":"https:\/\/eldigitaldeasturias.com\/magazine365\/wp-json\/wp\/v2\/posts"}],"about":[{"href":"https:\/\/eldigitaldeasturias.com\/magazine365\/wp-json\/wp\/v2\/types\/post"}],"author":[{"embeddable":true,"href":"https:\/\/eldigitaldeasturias.com\/magazine365\/wp-json\/wp\/v2\/users\/1"}],"replies":[{"embeddable":true,"href":"https:\/\/eldigitaldeasturias.com\/magazine365\/wp-json\/wp\/v2\/comments?post=61857"}],"version-history":[{"count":0,"href":"https:\/\/eldigitaldeasturias.com\/magazine365\/wp-json\/wp\/v2\/posts\/61857\/revisions"}],"wp:featuredmedia":[{"embeddable":true,"href":"https:\/\/eldigitaldeasturias.com\/magazine365\/wp-json\/wp\/v2\/media\/61858"}],"wp:attachment":[{"href":"https:\/\/eldigitaldeasturias.com\/magazine365\/wp-json\/wp\/v2\/media?parent=61857"}],"wp:term":[{"taxonomy":"category","embeddable":true,"href":"https:\/\/eldigitaldeasturias.com\/magazine365\/wp-json\/wp\/v2\/categories?post=61857"},{"taxonomy":"post_tag","embeddable":true,"href":"https:\/\/eldigitaldeasturias.com\/magazine365\/wp-json\/wp\/v2\/tags?post=61857"}],"curies":[{"name":"wp","href":"https:\/\/api.w.org\/{rel}","templated":true}]}}