{"id":61851,"date":"2016-01-23T14:04:57","date_gmt":"2016-01-23T13:04:57","guid":{"rendered":"http:\/\/eldigitaldeasturias.com\/magazine365\/?p=61851"},"modified":"2016-01-23T14:04:57","modified_gmt":"2016-01-23T13:04:57","slug":"junta-diputacion-y-ayuntamiento-juntos-para-que-lucena-sea-ciudad-creativa-de-la-musica","status":"publish","type":"post","link":"https:\/\/eldigitaldeasturias.com\/magazine365\/junta-diputacion-y-ayuntamiento-juntos-para-que-lucena-sea-ciudad-creativa-de-la-musica\/","title":{"rendered":"Junta, Diputaci\u00f3n y Ayuntamiento, juntos para que Lucena sea Ciudad Creativa de la M\u00fasica"},"content":{"rendered":"<p><img fetchpriority=\"high\" decoding=\"async\" class=\"alignleft size-medium wp-image-61852\" src=\"https:\/\/eldigitaldeasturias.com\/magazine365\/wp-content\/uploads\/2016\/01\/fotonoticia_20160122154732_800-360x240.jpg\" alt=\"fotonoticia_20160122154732_800\" width=\"360\" height=\"240\" srcset=\"https:\/\/eldigitaldeasturias.com\/magazine365\/wp-content\/uploads\/2016\/01\/fotonoticia_20160122154732_800-360x240.jpg 360w, https:\/\/eldigitaldeasturias.com\/magazine365\/wp-content\/uploads\/2016\/01\/fotonoticia_20160122154732_800-650x433.jpg 650w, https:\/\/eldigitaldeasturias.com\/magazine365\/wp-content\/uploads\/2016\/01\/fotonoticia_20160122154732_800-768x512.jpg 768w, https:\/\/eldigitaldeasturias.com\/magazine365\/wp-content\/uploads\/2016\/01\/fotonoticia_20160122154732_800-150x100.jpg 150w, https:\/\/eldigitaldeasturias.com\/magazine365\/wp-content\/uploads\/2016\/01\/fotonoticia_20160122154732_800-450x300.jpg 450w, https:\/\/eldigitaldeasturias.com\/magazine365\/wp-content\/uploads\/2016\/01\/fotonoticia_20160122154732_800-696x464.jpg 696w, https:\/\/eldigitaldeasturias.com\/magazine365\/wp-content\/uploads\/2016\/01\/fotonoticia_20160122154732_800-630x420.jpg 630w, https:\/\/eldigitaldeasturias.com\/magazine365\/wp-content\/uploads\/2016\/01\/fotonoticia_20160122154732_800-101x66.jpg 101w, https:\/\/eldigitaldeasturias.com\/magazine365\/wp-content\/uploads\/2016\/01\/fotonoticia_20160122154732_800.jpg 800w\" sizes=\"(max-width: 360px) 100vw, 360px\" \/>Las Consejer\u00edas de Turismo y Cultura de la Junta, la Diputaci\u00f3n Provincial de C\u00f3rdoba y el Ayuntamiento de Lucena han presentado este viernes, en la Feria Internacional de Turismo, Fitur, la candidatura del municipio como Ciudad Creativa de la M\u00fasica, dentro de la Red de Ciudades Creativas de la Unesco, y c\u00f3mo \u00e9sta ha de ser aprovechada para atraer turismo cultural.<\/p>\n<p>En la rueda de prensa de la presentaci\u00f3n, en la que tambi\u00e9n han participado los propios consejeros de Turismo y Cultura, Francisco Javier Fern\u00e1ndez y Rosa Aguilar, respectivamente, el presidente de la Diputaci\u00f3n de C\u00f3rdoba, Antonio Ruiz, ha se\u00f1alado que la candidatura \u00abes una iniciativa ambiciosa y factible para Lucena, la comarca de la Subb\u00e9tica y toda la provincia\u00bb.<\/p>\n<p>La iniciativa presenta a Lucena a la cabeza pero junto a los 14 municipios que conforman la comarca de la Subb\u00e9tica y girar\u00e1 en torno a tres ejes, la convivencia y armon\u00eda de las tres culturas, la defensa de la cultura sefard\u00ed y la apuesta por el flamenco -en especial el fandango lucentino-.<\/p>\n<p>\u00abEstoy seguro de que la va a conseguir y se convertir\u00e1 en la s\u00e9ptima ciudad de Espa\u00f1a perteneciente a la red\u00bb, ha continuado Ruiz, quien, adem\u00e1s, ha explicado que \u00abla Diputaci\u00f3n va a apoyar este proyecto, porque es importante para la provincia\u00bb. El presidente ha manifestado que \u00abvamos a difundir la imagen real de la Lucena de las culturas, de la convivencia y la tolerancia, de la m\u00fasica como elemento universal de tolerancia\u00bb.<\/p>\n<p>\u00abUNA OPORTUNIDAD PARA EL TURISMO\u00bb<\/p>\n<p>Por su parte, Aguilar ha dado su apoyo a este proyecto, ya que \u00abLucena es una ciudad emprendedora, viva y creativa en torno a la m\u00fasica y la cultura. La oportunidad para el turismo cultural es una realidad en ella\u00bb.<\/p>\n<p>En la misma l\u00ednea, el consejero de Turismo ha dicho que \u00abser referente cultural nos ayuda a ser referente tur\u00edstico\u00bb. \u00abPara nosotros el turismo mueve la econom\u00eda. Somos el principal recurso tur\u00edstico de nuestra tierra y este tipo de proyectos reflejan la calidad y excelencia de Andaluc\u00eda en su patrimonio, en los propios andaluces y en ciudades medias como Lucena\u00bb, ha ensalzado.<\/p>\n<p>Por \u00faltimo, el alcalde, Juan P\u00e9rez, ha ensalzado que \u00abLucena se siente, se ve, se expresa, apasionada por la m\u00fasica con may\u00fasculas\u00bb, y ha argumentado que el objetivo del proyecto \u00abes certificar y distinguir propuestas creativas en pro del desarrollo econ\u00f3mico, tur\u00edstico, social y cultural del pueblo. Esta candidatura se sustenta en la educaci\u00f3n y la tolerancia y que se vertebra en torno a diez propuestas musicales, diez ilusiones creativas\u00bb.<\/p>\n","protected":false},"excerpt":{"rendered":"<p>Las Consejer\u00edas de Turismo y Cultura de la Junta, la Diputaci\u00f3n Provincial de C\u00f3rdoba y el Ayuntamiento de Lucena han presentado este viernes, en la Feria Internacional de Turismo, Fitur, la candidatura del municipio como Ciudad Creativa de la M\u00fasica, dentro de la Red de Ciudades Creativas de la Unesco, y c\u00f3mo \u00e9sta ha de<\/p>\n","protected":false},"author":1,"featured_media":61852,"comment_status":"open","ping_status":"closed","sticky":false,"template":"","format":"standard","meta":{"footnotes":""},"categories":[224],"tags":[],"class_list":{"0":"post-61851","1":"post","2":"type-post","3":"status-publish","4":"format-standard","5":"has-post-thumbnail","7":"category-noticias-actualidad"},"aioseo_notices":[],"aioseo_head":"\n\t\t<!-- All in One SEO Pro 4.9.6.1 - aioseo.com -->\n\t<meta name=\"description\" content=\"Las Consejer\u00edas de Turismo y Cultura de la Junta, la Diputaci\u00f3n Provincial de C\u00f3rdoba y el Ayuntamiento de Lucena han presentado este viernes, en la Feria Internacional de Turismo, Fitur, la candidatura del municipio como Ciudad Creativa de la M\u00fasica, dentro de la Red de Ciudades Creativas de la Unesco, y c\u00f3mo \u00e9sta ha de\" \/>\n\t<meta name=\"robots\" content=\"max-image-preview:large\" \/>\n\t<meta name=\"author\" content=\"admin\"\/>\n\t<meta name=\"google-site-verification\" content=\"UA-38556648-1\" \/>\n\t<meta name=\"keywords\" content=\"noticias y actualidad\" \/>\n\t<link rel=\"canonical\" href=\"https:\/\/eldigitaldeasturias.com\/magazine365\/junta-diputacion-y-ayuntamiento-juntos-para-que-lucena-sea-ciudad-creativa-de-la-musica\/\" \/>\n\t<meta name=\"generator\" content=\"All in One SEO Pro (AIOSEO) 4.9.6.1\" \/>\n\t\t<meta property=\"og:locale\" content=\"es_ES\" \/>\n\t\t<meta property=\"og:site_name\" content=\"El Digital de Asturias \u2013 Revista de ocio, turismo y estilo de vida\" \/>\n\t\t<meta property=\"og:type\" content=\"article\" \/>\n\t\t<meta property=\"og:title\" content=\"Junta, Diputaci\u00f3n y Ayuntamiento, juntos para que Lucena sea Ciudad Creativa de la M\u00fasica | El Digital de Asturias\" \/>\n\t\t<meta property=\"og:description\" content=\"Las Consejer\u00edas de Turismo y Cultura de la Junta, la Diputaci\u00f3n Provincial de C\u00f3rdoba y el Ayuntamiento de Lucena han presentado este viernes, en la Feria Internacional de Turismo, Fitur, la candidatura del municipio como Ciudad Creativa de la M\u00fasica, dentro de la Red de Ciudades Creativas de la Unesco, y c\u00f3mo \u00e9sta ha de\" \/>\n\t\t<meta property=\"og:url\" content=\"https:\/\/eldigitaldeasturias.com\/magazine365\/junta-diputacion-y-ayuntamiento-juntos-para-que-lucena-sea-ciudad-creativa-de-la-musica\/\" \/>\n\t\t<meta property=\"og:image\" content=\"https:\/\/eldigitaldeasturias.com\/magazine365\/wp-content\/uploads\/2016\/01\/fotonoticia_20160122154732_800.jpg\" \/>\n\t\t<meta property=\"og:image:secure_url\" content=\"https:\/\/eldigitaldeasturias.com\/magazine365\/wp-content\/uploads\/2016\/01\/fotonoticia_20160122154732_800.jpg\" \/>\n\t\t<meta property=\"og:image:width\" content=\"800\" \/>\n\t\t<meta property=\"og:image:height\" content=\"533\" \/>\n\t\t<meta property=\"article:published_time\" content=\"2016-01-23T13:04:57+00:00\" \/>\n\t\t<meta property=\"article:modified_time\" content=\"2016-01-23T13:04:57+00:00\" \/>\n\t\t<meta name=\"twitter:card\" content=\"summary_large_image\" \/>\n\t\t<meta name=\"twitter:title\" content=\"Junta, Diputaci\u00f3n y Ayuntamiento, juntos para que Lucena sea Ciudad Creativa de la M\u00fasica | El Digital de Asturias\" \/>\n\t\t<meta name=\"twitter:description\" content=\"Las Consejer\u00edas de Turismo y Cultura de la Junta, la Diputaci\u00f3n Provincial de C\u00f3rdoba y el Ayuntamiento de Lucena han presentado este viernes, en la Feria Internacional de Turismo, Fitur, la candidatura del municipio como Ciudad Creativa de la M\u00fasica, dentro de la Red de Ciudades Creativas de la Unesco, y c\u00f3mo \u00e9sta ha de\" \/>\n\t\t<meta name=\"twitter:image\" content=\"https:\/\/eldigitaldeasturias.com\/magazine365\/wp-content\/uploads\/2016\/01\/fotonoticia_20160122154732_800.jpg\" \/>\n\t\t<script type=\"application\/ld+json\" class=\"aioseo-schema\">\n\t\t\t{\"@context\":\"https:\\\/\\\/schema.org\",\"@graph\":[{\"@type\":\"Article\",\"@id\":\"https:\\\/\\\/eldigitaldeasturias.com\\\/magazine365\\\/junta-diputacion-y-ayuntamiento-juntos-para-que-lucena-sea-ciudad-creativa-de-la-musica\\\/#article\",\"name\":\"Junta, Diputaci\\u00f3n y Ayuntamiento, juntos para que Lucena sea Ciudad Creativa de la M\\u00fasica | El Digital de Asturias\",\"headline\":\"Junta, Diputaci\\u00f3n y Ayuntamiento, juntos para que Lucena sea Ciudad Creativa de la M\\u00fasica\",\"author\":{\"@id\":\"https:\\\/\\\/eldigitaldeasturias.com\\\/magazine365\\\/author\\\/admin\\\/#author\"},\"publisher\":{\"@id\":\"https:\\\/\\\/eldigitaldeasturias.com\\\/magazine365\\\/#organization\"},\"image\":{\"@type\":\"ImageObject\",\"url\":\"https:\\\/\\\/eldigitaldeasturias.com\\\/magazine365\\\/wp-content\\\/uploads\\\/2016\\\/01\\\/fotonoticia_20160122154732_800.jpg\",\"width\":800,\"height\":533},\"datePublished\":\"2016-01-23T14:04:57+01:00\",\"dateModified\":\"2016-01-23T14:04:57+01:00\",\"inLanguage\":\"es-ES\",\"mainEntityOfPage\":{\"@id\":\"https:\\\/\\\/eldigitaldeasturias.com\\\/magazine365\\\/junta-diputacion-y-ayuntamiento-juntos-para-que-lucena-sea-ciudad-creativa-de-la-musica\\\/#webpage\"},\"isPartOf\":{\"@id\":\"https:\\\/\\\/eldigitaldeasturias.com\\\/magazine365\\\/junta-diputacion-y-ayuntamiento-juntos-para-que-lucena-sea-ciudad-creativa-de-la-musica\\\/#webpage\"},\"articleSection\":\"Noticias y Actualidad\"},{\"@type\":\"BreadcrumbList\",\"@id\":\"https:\\\/\\\/eldigitaldeasturias.com\\\/magazine365\\\/junta-diputacion-y-ayuntamiento-juntos-para-que-lucena-sea-ciudad-creativa-de-la-musica\\\/#breadcrumblist\",\"itemListElement\":[{\"@type\":\"ListItem\",\"@id\":\"https:\\\/\\\/eldigitaldeasturias.com\\\/magazine365#listItem\",\"position\":1,\"name\":\"Home\",\"item\":\"https:\\\/\\\/eldigitaldeasturias.com\\\/magazine365\",\"nextItem\":{\"@type\":\"ListItem\",\"@id\":\"https:\\\/\\\/eldigitaldeasturias.com\\\/magazine365\\\/category\\\/noticias-actualidad\\\/#listItem\",\"name\":\"Noticias y Actualidad\"}},{\"@type\":\"ListItem\",\"@id\":\"https:\\\/\\\/eldigitaldeasturias.com\\\/magazine365\\\/category\\\/noticias-actualidad\\\/#listItem\",\"position\":2,\"name\":\"Noticias y Actualidad\",\"item\":\"https:\\\/\\\/eldigitaldeasturias.com\\\/magazine365\\\/category\\\/noticias-actualidad\\\/\",\"nextItem\":{\"@type\":\"ListItem\",\"@id\":\"https:\\\/\\\/eldigitaldeasturias.com\\\/magazine365\\\/junta-diputacion-y-ayuntamiento-juntos-para-que-lucena-sea-ciudad-creativa-de-la-musica\\\/#listItem\",\"name\":\"Junta, Diputaci\\u00f3n y Ayuntamiento, juntos para que Lucena sea Ciudad Creativa de la M\\u00fasica\"},\"previousItem\":{\"@type\":\"ListItem\",\"@id\":\"https:\\\/\\\/eldigitaldeasturias.com\\\/magazine365#listItem\",\"name\":\"Home\"}},{\"@type\":\"ListItem\",\"@id\":\"https:\\\/\\\/eldigitaldeasturias.com\\\/magazine365\\\/junta-diputacion-y-ayuntamiento-juntos-para-que-lucena-sea-ciudad-creativa-de-la-musica\\\/#listItem\",\"position\":3,\"name\":\"Junta, Diputaci\\u00f3n y Ayuntamiento, juntos para que Lucena sea Ciudad Creativa de la M\\u00fasica\",\"previousItem\":{\"@type\":\"ListItem\",\"@id\":\"https:\\\/\\\/eldigitaldeasturias.com\\\/magazine365\\\/category\\\/noticias-actualidad\\\/#listItem\",\"name\":\"Noticias y Actualidad\"}}]},{\"@type\":\"Organization\",\"@id\":\"https:\\\/\\\/eldigitaldeasturias.com\\\/magazine365\\\/#organization\",\"name\":\"El digital de Asturias\",\"description\":\"Revista de ocio, turismo y estilo de vida\",\"url\":\"https:\\\/\\\/eldigitaldeasturias.com\\\/magazine365\\\/\",\"logo\":{\"@type\":\"ImageObject\",\"url\":\"https:\\\/\\\/www.eldigitaldeasturias.com\\\/noticias\\\/wp-content\\\/uploads\\\/2020\\\/12\\\/EDA.jpg\",\"@id\":\"https:\\\/\\\/eldigitaldeasturias.com\\\/magazine365\\\/junta-diputacion-y-ayuntamiento-juntos-para-que-lucena-sea-ciudad-creativa-de-la-musica\\\/#organizationLogo\"},\"image\":{\"@id\":\"https:\\\/\\\/eldigitaldeasturias.com\\\/magazine365\\\/junta-diputacion-y-ayuntamiento-juntos-para-que-lucena-sea-ciudad-creativa-de-la-musica\\\/#organizationLogo\"}},{\"@type\":\"Person\",\"@id\":\"https:\\\/\\\/eldigitaldeasturias.com\\\/magazine365\\\/author\\\/admin\\\/#author\",\"url\":\"https:\\\/\\\/eldigitaldeasturias.com\\\/magazine365\\\/author\\\/admin\\\/\",\"name\":\"admin\",\"image\":{\"@type\":\"ImageObject\",\"@id\":\"https:\\\/\\\/eldigitaldeasturias.com\\\/magazine365\\\/junta-diputacion-y-ayuntamiento-juntos-para-que-lucena-sea-ciudad-creativa-de-la-musica\\\/#authorImage\",\"url\":\"https:\\\/\\\/eldigitaldeasturias.com\\\/magazine365\\\/wp-content\\\/litespeed\\\/avatar\\\/e571bcf59a0edd6fa6838245a470f2fe.jpg?ver=1776969259\",\"width\":96,\"height\":96,\"caption\":\"admin\"}},{\"@type\":\"WebPage\",\"@id\":\"https:\\\/\\\/eldigitaldeasturias.com\\\/magazine365\\\/junta-diputacion-y-ayuntamiento-juntos-para-que-lucena-sea-ciudad-creativa-de-la-musica\\\/#webpage\",\"url\":\"https:\\\/\\\/eldigitaldeasturias.com\\\/magazine365\\\/junta-diputacion-y-ayuntamiento-juntos-para-que-lucena-sea-ciudad-creativa-de-la-musica\\\/\",\"name\":\"Junta, Diputaci\\u00f3n y Ayuntamiento, juntos para que Lucena sea Ciudad Creativa de la M\\u00fasica | El Digital de Asturias\",\"description\":\"Las Consejer\\u00edas de Turismo y Cultura de la Junta, la Diputaci\\u00f3n Provincial de C\\u00f3rdoba y el Ayuntamiento de Lucena han presentado este viernes, en la Feria Internacional de Turismo, Fitur, la candidatura del municipio como Ciudad Creativa de la M\\u00fasica, dentro de la Red de Ciudades Creativas de la Unesco, y c\\u00f3mo \\u00e9sta ha de\",\"inLanguage\":\"es-ES\",\"isPartOf\":{\"@id\":\"https:\\\/\\\/eldigitaldeasturias.com\\\/magazine365\\\/#website\"},\"breadcrumb\":{\"@id\":\"https:\\\/\\\/eldigitaldeasturias.com\\\/magazine365\\\/junta-diputacion-y-ayuntamiento-juntos-para-que-lucena-sea-ciudad-creativa-de-la-musica\\\/#breadcrumblist\"},\"author\":{\"@id\":\"https:\\\/\\\/eldigitaldeasturias.com\\\/magazine365\\\/author\\\/admin\\\/#author\"},\"creator\":{\"@id\":\"https:\\\/\\\/eldigitaldeasturias.com\\\/magazine365\\\/author\\\/admin\\\/#author\"},\"image\":{\"@type\":\"ImageObject\",\"url\":\"https:\\\/\\\/eldigitaldeasturias.com\\\/magazine365\\\/wp-content\\\/uploads\\\/2016\\\/01\\\/fotonoticia_20160122154732_800.jpg\",\"@id\":\"https:\\\/\\\/eldigitaldeasturias.com\\\/magazine365\\\/junta-diputacion-y-ayuntamiento-juntos-para-que-lucena-sea-ciudad-creativa-de-la-musica\\\/#mainImage\",\"width\":800,\"height\":533},\"primaryImageOfPage\":{\"@id\":\"https:\\\/\\\/eldigitaldeasturias.com\\\/magazine365\\\/junta-diputacion-y-ayuntamiento-juntos-para-que-lucena-sea-ciudad-creativa-de-la-musica\\\/#mainImage\"},\"datePublished\":\"2016-01-23T14:04:57+01:00\",\"dateModified\":\"2016-01-23T14:04:57+01:00\"},{\"@type\":\"WebSite\",\"@id\":\"https:\\\/\\\/eldigitaldeasturias.com\\\/magazine365\\\/#website\",\"url\":\"https:\\\/\\\/eldigitaldeasturias.com\\\/magazine365\\\/\",\"name\":\"El Digital de Asturias\",\"description\":\"Revista de ocio, turismo y estilo de vida\",\"inLanguage\":\"es-ES\",\"publisher\":{\"@id\":\"https:\\\/\\\/eldigitaldeasturias.com\\\/magazine365\\\/#organization\"}}]}\n\t\t<\/script>\n\t\t<!-- All in One SEO Pro -->\r\n\t\t<title>Junta, Diputaci\u00f3n y Ayuntamiento, juntos para que Lucena sea Ciudad Creativa de la M\u00fasica | El Digital de Asturias<\/title>\n\n","aioseo_head_json":{"title":"Junta, Diputaci\u00f3n y Ayuntamiento, juntos para que Lucena sea Ciudad Creativa de la M\u00fasica | El Digital de Asturias","description":"Las Consejer\u00edas de Turismo y Cultura de la Junta, la Diputaci\u00f3n Provincial de C\u00f3rdoba y el Ayuntamiento de Lucena han presentado este viernes, en la Feria Internacional de Turismo, Fitur, la candidatura del municipio como Ciudad Creativa de la M\u00fasica, dentro de la Red de Ciudades Creativas de la Unesco, y c\u00f3mo \u00e9sta ha de","canonical_url":"https:\/\/eldigitaldeasturias.com\/magazine365\/junta-diputacion-y-ayuntamiento-juntos-para-que-lucena-sea-ciudad-creativa-de-la-musica\/","robots":"max-image-preview:large","keywords":"noticias y actualidad","webmasterTools":{"google-site-verification":"UA-38556648-1","miscellaneous":""},"schema":{"@context":"https:\/\/schema.org","@graph":[{"@type":"Article","@id":"https:\/\/eldigitaldeasturias.com\/magazine365\/junta-diputacion-y-ayuntamiento-juntos-para-que-lucena-sea-ciudad-creativa-de-la-musica\/#article","name":"Junta, Diputaci\u00f3n y Ayuntamiento, juntos para que Lucena sea Ciudad Creativa de la M\u00fasica | El Digital de Asturias","headline":"Junta, Diputaci\u00f3n y Ayuntamiento, juntos para que Lucena sea Ciudad Creativa de la M\u00fasica","author":{"@id":"https:\/\/eldigitaldeasturias.com\/magazine365\/author\/admin\/#author"},"publisher":{"@id":"https:\/\/eldigitaldeasturias.com\/magazine365\/#organization"},"image":{"@type":"ImageObject","url":"https:\/\/eldigitaldeasturias.com\/magazine365\/wp-content\/uploads\/2016\/01\/fotonoticia_20160122154732_800.jpg","width":800,"height":533},"datePublished":"2016-01-23T14:04:57+01:00","dateModified":"2016-01-23T14:04:57+01:00","inLanguage":"es-ES","mainEntityOfPage":{"@id":"https:\/\/eldigitaldeasturias.com\/magazine365\/junta-diputacion-y-ayuntamiento-juntos-para-que-lucena-sea-ciudad-creativa-de-la-musica\/#webpage"},"isPartOf":{"@id":"https:\/\/eldigitaldeasturias.com\/magazine365\/junta-diputacion-y-ayuntamiento-juntos-para-que-lucena-sea-ciudad-creativa-de-la-musica\/#webpage"},"articleSection":"Noticias y Actualidad"},{"@type":"BreadcrumbList","@id":"https:\/\/eldigitaldeasturias.com\/magazine365\/junta-diputacion-y-ayuntamiento-juntos-para-que-lucena-sea-ciudad-creativa-de-la-musica\/#breadcrumblist","itemListElement":[{"@type":"ListItem","@id":"https:\/\/eldigitaldeasturias.com\/magazine365#listItem","position":1,"name":"Home","item":"https:\/\/eldigitaldeasturias.com\/magazine365","nextItem":{"@type":"ListItem","@id":"https:\/\/eldigitaldeasturias.com\/magazine365\/category\/noticias-actualidad\/#listItem","name":"Noticias y Actualidad"}},{"@type":"ListItem","@id":"https:\/\/eldigitaldeasturias.com\/magazine365\/category\/noticias-actualidad\/#listItem","position":2,"name":"Noticias y Actualidad","item":"https:\/\/eldigitaldeasturias.com\/magazine365\/category\/noticias-actualidad\/","nextItem":{"@type":"ListItem","@id":"https:\/\/eldigitaldeasturias.com\/magazine365\/junta-diputacion-y-ayuntamiento-juntos-para-que-lucena-sea-ciudad-creativa-de-la-musica\/#listItem","name":"Junta, Diputaci\u00f3n y Ayuntamiento, juntos para que Lucena sea Ciudad Creativa de la M\u00fasica"},"previousItem":{"@type":"ListItem","@id":"https:\/\/eldigitaldeasturias.com\/magazine365#listItem","name":"Home"}},{"@type":"ListItem","@id":"https:\/\/eldigitaldeasturias.com\/magazine365\/junta-diputacion-y-ayuntamiento-juntos-para-que-lucena-sea-ciudad-creativa-de-la-musica\/#listItem","position":3,"name":"Junta, Diputaci\u00f3n y Ayuntamiento, juntos para que Lucena sea Ciudad Creativa de la M\u00fasica","previousItem":{"@type":"ListItem","@id":"https:\/\/eldigitaldeasturias.com\/magazine365\/category\/noticias-actualidad\/#listItem","name":"Noticias y Actualidad"}}]},{"@type":"Organization","@id":"https:\/\/eldigitaldeasturias.com\/magazine365\/#organization","name":"El digital de Asturias","description":"Revista de ocio, turismo y estilo de vida","url":"https:\/\/eldigitaldeasturias.com\/magazine365\/","logo":{"@type":"ImageObject","url":"https:\/\/www.eldigitaldeasturias.com\/noticias\/wp-content\/uploads\/2020\/12\/EDA.jpg","@id":"https:\/\/eldigitaldeasturias.com\/magazine365\/junta-diputacion-y-ayuntamiento-juntos-para-que-lucena-sea-ciudad-creativa-de-la-musica\/#organizationLogo"},"image":{"@id":"https:\/\/eldigitaldeasturias.com\/magazine365\/junta-diputacion-y-ayuntamiento-juntos-para-que-lucena-sea-ciudad-creativa-de-la-musica\/#organizationLogo"}},{"@type":"Person","@id":"https:\/\/eldigitaldeasturias.com\/magazine365\/author\/admin\/#author","url":"https:\/\/eldigitaldeasturias.com\/magazine365\/author\/admin\/","name":"admin","image":{"@type":"ImageObject","@id":"https:\/\/eldigitaldeasturias.com\/magazine365\/junta-diputacion-y-ayuntamiento-juntos-para-que-lucena-sea-ciudad-creativa-de-la-musica\/#authorImage","url":"https:\/\/eldigitaldeasturias.com\/magazine365\/wp-content\/litespeed\/avatar\/e571bcf59a0edd6fa6838245a470f2fe.jpg?ver=1776969259","width":96,"height":96,"caption":"admin"}},{"@type":"WebPage","@id":"https:\/\/eldigitaldeasturias.com\/magazine365\/junta-diputacion-y-ayuntamiento-juntos-para-que-lucena-sea-ciudad-creativa-de-la-musica\/#webpage","url":"https:\/\/eldigitaldeasturias.com\/magazine365\/junta-diputacion-y-ayuntamiento-juntos-para-que-lucena-sea-ciudad-creativa-de-la-musica\/","name":"Junta, Diputaci\u00f3n y Ayuntamiento, juntos para que Lucena sea Ciudad Creativa de la M\u00fasica | El Digital de Asturias","description":"Las Consejer\u00edas de Turismo y Cultura de la Junta, la Diputaci\u00f3n Provincial de C\u00f3rdoba y el Ayuntamiento de Lucena han presentado este viernes, en la Feria Internacional de Turismo, Fitur, la candidatura del municipio como Ciudad Creativa de la M\u00fasica, dentro de la Red de Ciudades Creativas de la Unesco, y c\u00f3mo \u00e9sta ha de","inLanguage":"es-ES","isPartOf":{"@id":"https:\/\/eldigitaldeasturias.com\/magazine365\/#website"},"breadcrumb":{"@id":"https:\/\/eldigitaldeasturias.com\/magazine365\/junta-diputacion-y-ayuntamiento-juntos-para-que-lucena-sea-ciudad-creativa-de-la-musica\/#breadcrumblist"},"author":{"@id":"https:\/\/eldigitaldeasturias.com\/magazine365\/author\/admin\/#author"},"creator":{"@id":"https:\/\/eldigitaldeasturias.com\/magazine365\/author\/admin\/#author"},"image":{"@type":"ImageObject","url":"https:\/\/eldigitaldeasturias.com\/magazine365\/wp-content\/uploads\/2016\/01\/fotonoticia_20160122154732_800.jpg","@id":"https:\/\/eldigitaldeasturias.com\/magazine365\/junta-diputacion-y-ayuntamiento-juntos-para-que-lucena-sea-ciudad-creativa-de-la-musica\/#mainImage","width":800,"height":533},"primaryImageOfPage":{"@id":"https:\/\/eldigitaldeasturias.com\/magazine365\/junta-diputacion-y-ayuntamiento-juntos-para-que-lucena-sea-ciudad-creativa-de-la-musica\/#mainImage"},"datePublished":"2016-01-23T14:04:57+01:00","dateModified":"2016-01-23T14:04:57+01:00"},{"@type":"WebSite","@id":"https:\/\/eldigitaldeasturias.com\/magazine365\/#website","url":"https:\/\/eldigitaldeasturias.com\/magazine365\/","name":"El Digital de Asturias","description":"Revista de ocio, turismo y estilo de vida","inLanguage":"es-ES","publisher":{"@id":"https:\/\/eldigitaldeasturias.com\/magazine365\/#organization"}}]},"og:locale":"es_ES","og:site_name":"El Digital de Asturias \u2013 Revista de ocio, turismo y estilo de vida","og:type":"article","og:title":"Junta, Diputaci\u00f3n y Ayuntamiento, juntos para que Lucena sea Ciudad Creativa de la M\u00fasica | El Digital de Asturias","og:description":"Las Consejer\u00edas de Turismo y Cultura de la Junta, la Diputaci\u00f3n Provincial de C\u00f3rdoba y el Ayuntamiento de Lucena han presentado este viernes, en la Feria Internacional de Turismo, Fitur, la candidatura del municipio como Ciudad Creativa de la M\u00fasica, dentro de la Red de Ciudades Creativas de la Unesco, y c\u00f3mo \u00e9sta ha de","og:url":"https:\/\/eldigitaldeasturias.com\/magazine365\/junta-diputacion-y-ayuntamiento-juntos-para-que-lucena-sea-ciudad-creativa-de-la-musica\/","og:image":"https:\/\/eldigitaldeasturias.com\/magazine365\/wp-content\/uploads\/2016\/01\/fotonoticia_20160122154732_800.jpg","og:image:secure_url":"https:\/\/eldigitaldeasturias.com\/magazine365\/wp-content\/uploads\/2016\/01\/fotonoticia_20160122154732_800.jpg","og:image:width":800,"og:image:height":533,"article:published_time":"2016-01-23T13:04:57+00:00","article:modified_time":"2016-01-23T13:04:57+00:00","twitter:card":"summary_large_image","twitter:title":"Junta, Diputaci\u00f3n y Ayuntamiento, juntos para que Lucena sea Ciudad Creativa de la M\u00fasica | El Digital de Asturias","twitter:description":"Las Consejer\u00edas de Turismo y Cultura de la Junta, la Diputaci\u00f3n Provincial de C\u00f3rdoba y el Ayuntamiento de Lucena han presentado este viernes, en la Feria Internacional de Turismo, Fitur, la candidatura del municipio como Ciudad Creativa de la M\u00fasica, dentro de la Red de Ciudades Creativas de la Unesco, y c\u00f3mo \u00e9sta ha de","twitter:image":"https:\/\/eldigitaldeasturias.com\/magazine365\/wp-content\/uploads\/2016\/01\/fotonoticia_20160122154732_800.jpg"},"aioseo_meta_data":{"post_id":"61851","title":null,"description":null,"keywords":null,"keyphrases":null,"primary_term":null,"canonical_url":null,"og_title":null,"og_description":null,"og_object_type":"default","og_image_type":"default","og_image_url":null,"og_image_width":null,"og_image_height":null,"og_image_custom_url":null,"og_image_custom_fields":null,"og_video":null,"og_custom_url":null,"og_article_section":null,"og_article_tags":null,"twitter_use_og":false,"twitter_card":"default","twitter_image_type":"default","twitter_image_url":null,"twitter_image_custom_url":null,"twitter_image_custom_fields":null,"twitter_title":null,"twitter_description":null,"schema":{"blockGraphs":[],"customGraphs":[],"default":{"data":{"Article":[],"Course":[],"Dataset":[],"FAQPage":[],"Movie":[],"Person":[],"Product":[],"ProductReview":[],"Car":[],"Recipe":[],"Service":[],"SoftwareApplication":[],"WebPage":[]},"graphName":"","isEnabled":true},"graphs":[]},"schema_type":null,"schema_type_options":null,"pillar_content":false,"robots_default":true,"robots_noindex":false,"robots_noarchive":false,"robots_nosnippet":false,"robots_nofollow":false,"robots_noimageindex":false,"robots_noodp":false,"robots_notranslate":false,"robots_max_snippet":null,"robots_max_videopreview":null,"robots_max_imagepreview":"large","priority":null,"frequency":null,"location":null,"local_seo":null,"seo_analyzer_scan_date":"2025-09-25 09:51:56","breadcrumb_settings":null,"limit_modified_date":false,"open_ai":null,"ai":null,"created":"2021-03-08 21:44:59","updated":"2025-09-25 09:51:56"},"aioseo_breadcrumb":"<div class=\"aioseo-breadcrumbs\"><span class=\"aioseo-breadcrumb\">\n\t<a href=\"https:\/\/eldigitaldeasturias.com\/magazine365\" title=\"Home\">Home<\/a>\n<\/span><span class=\"aioseo-breadcrumb-separator\">\u2013<\/span><span class=\"aioseo-breadcrumb\">\n\t<a href=\"https:\/\/eldigitaldeasturias.com\/magazine365\/category\/noticias-actualidad\/\" title=\"Noticias y Actualidad\">Noticias y Actualidad<\/a>\n<\/span><span class=\"aioseo-breadcrumb-separator\">\u2013<\/span><span class=\"aioseo-breadcrumb\">\n\t<a href=\"https:\/\/eldigitaldeasturias.com\/magazine365\/junta-diputacion-y-ayuntamiento-juntos-para-que-lucena-sea-ciudad-creativa-de-la-musica\/\" title=\"Junta, Diputaci\u00f3n y Ayuntamiento, juntos para que Lucena sea Ciudad Creativa de la M\u00fasica\">Junta, Diputaci\u00f3n y Ayuntamiento, juntos para que Lucena sea Ciudad Creativa de la M\u00fasica<\/a>\n<\/span><\/div>","aioseo_breadcrumb_json":[{"label":"Home","link":"https:\/\/eldigitaldeasturias.com\/magazine365"},{"label":"Noticias y Actualidad","link":"https:\/\/eldigitaldeasturias.com\/magazine365\/category\/noticias-actualidad\/"},{"label":"Junta, Diputaci\u00f3n y Ayuntamiento, juntos para que Lucena sea Ciudad Creativa de la M\u00fasica","link":"https:\/\/eldigitaldeasturias.com\/magazine365\/junta-diputacion-y-ayuntamiento-juntos-para-que-lucena-sea-ciudad-creativa-de-la-musica\/"}],"_links":{"self":[{"href":"https:\/\/eldigitaldeasturias.com\/magazine365\/wp-json\/wp\/v2\/posts\/61851","targetHints":{"allow":["GET"]}}],"collection":[{"href":"https:\/\/eldigitaldeasturias.com\/magazine365\/wp-json\/wp\/v2\/posts"}],"about":[{"href":"https:\/\/eldigitaldeasturias.com\/magazine365\/wp-json\/wp\/v2\/types\/post"}],"author":[{"embeddable":true,"href":"https:\/\/eldigitaldeasturias.com\/magazine365\/wp-json\/wp\/v2\/users\/1"}],"replies":[{"embeddable":true,"href":"https:\/\/eldigitaldeasturias.com\/magazine365\/wp-json\/wp\/v2\/comments?post=61851"}],"version-history":[{"count":0,"href":"https:\/\/eldigitaldeasturias.com\/magazine365\/wp-json\/wp\/v2\/posts\/61851\/revisions"}],"wp:featuredmedia":[{"embeddable":true,"href":"https:\/\/eldigitaldeasturias.com\/magazine365\/wp-json\/wp\/v2\/media\/61852"}],"wp:attachment":[{"href":"https:\/\/eldigitaldeasturias.com\/magazine365\/wp-json\/wp\/v2\/media?parent=61851"}],"wp:term":[{"taxonomy":"category","embeddable":true,"href":"https:\/\/eldigitaldeasturias.com\/magazine365\/wp-json\/wp\/v2\/categories?post=61851"},{"taxonomy":"post_tag","embeddable":true,"href":"https:\/\/eldigitaldeasturias.com\/magazine365\/wp-json\/wp\/v2\/tags?post=61851"}],"curies":[{"name":"wp","href":"https:\/\/api.w.org\/{rel}","templated":true}]}}