{"id":61846,"date":"2016-01-23T14:00:44","date_gmt":"2016-01-23T13:00:44","guid":{"rendered":"http:\/\/eldigitaldeasturias.com\/magazine365\/?p=61846"},"modified":"2016-01-23T14:00:44","modified_gmt":"2016-01-23T13:00:44","slug":"patxi-lopez-recorre-con-el-consejero-el-pabellon-andaluz","status":"publish","type":"post","link":"https:\/\/eldigitaldeasturias.com\/magazine365\/patxi-lopez-recorre-con-el-consejero-el-pabellon-andaluz\/","title":{"rendered":"Patxi L\u00f3pez recorre con el consejero el pabell\u00f3n andaluz"},"content":{"rendered":"<p><img fetchpriority=\"high\" decoding=\"async\" class=\"alignleft size-medium wp-image-61847\" src=\"https:\/\/eldigitaldeasturias.com\/magazine365\/wp-content\/uploads\/2016\/01\/fotonoticia_20160122153120_800-360x240.jpg\" alt=\"fotonoticia_20160122153120_800\" width=\"360\" height=\"240\" srcset=\"https:\/\/eldigitaldeasturias.com\/magazine365\/wp-content\/uploads\/2016\/01\/fotonoticia_20160122153120_800-360x240.jpg 360w, https:\/\/eldigitaldeasturias.com\/magazine365\/wp-content\/uploads\/2016\/01\/fotonoticia_20160122153120_800-650x433.jpg 650w, https:\/\/eldigitaldeasturias.com\/magazine365\/wp-content\/uploads\/2016\/01\/fotonoticia_20160122153120_800-768x512.jpg 768w, https:\/\/eldigitaldeasturias.com\/magazine365\/wp-content\/uploads\/2016\/01\/fotonoticia_20160122153120_800-150x100.jpg 150w, https:\/\/eldigitaldeasturias.com\/magazine365\/wp-content\/uploads\/2016\/01\/fotonoticia_20160122153120_800-450x300.jpg 450w, https:\/\/eldigitaldeasturias.com\/magazine365\/wp-content\/uploads\/2016\/01\/fotonoticia_20160122153120_800-696x464.jpg 696w, https:\/\/eldigitaldeasturias.com\/magazine365\/wp-content\/uploads\/2016\/01\/fotonoticia_20160122153120_800-630x420.jpg 630w, https:\/\/eldigitaldeasturias.com\/magazine365\/wp-content\/uploads\/2016\/01\/fotonoticia_20160122153120_800-101x66.jpg 101w, https:\/\/eldigitaldeasturias.com\/magazine365\/wp-content\/uploads\/2016\/01\/fotonoticia_20160122153120_800.jpg 800w\" sizes=\"(max-width: 360px) 100vw, 360px\" \/>El pabell\u00f3n andaluz en la Feria Internacional de Turismo, Fitur, ha tenido este viernes un visitante muy especial, el presidente del Congreso, el socialista vasco Patxi L\u00f3pez que, acompa\u00f1ado por el consejero de Turismo andaluz, Francisco Javier Fern\u00e1ndez, ha recorrido el pabell\u00f3n de Andaluc\u00eda.<\/p>\n<p>En el espacio andaluz en la feria, esta tercera jornada de Fitur, la \u00faltima destinada a los visitantes profesionales, ha sido m\u00e1s tranquila que las dos precedentes pero no ha dejado de tener las habituales presentaciones, degustaciones, visitas y alguna que otra actuaci\u00f3n musical, como la de un cuarteto de cuerda con la que Lucena (C\u00f3rdoba) ha defendido su candidatura como Ciudad Creativa de la M\u00fasica.<\/p>\n<p>Entre esas visitas, una de las que ha despertado m\u00e1s expectaci\u00f3n ha sido la del reci\u00e9n elegido presidente de la C\u00e1mara Alta, que a medida que ha paseado por los stands de las diferentes provincias andaluzas ha sido reconocido por otros visitantes que no han dejado de saludarle y tomarse fotos con \u00e9l.<\/p>\n<p>Hasta ese momento el consejero de Turismo hab\u00eda hecho de cicerone con L\u00f3pez y le hab\u00eda ense\u00f1ado algunos de los principales atractivos que Andaluc\u00eda exhibe estos d\u00edas en Madrid, como la gastronom\u00eda, las actividades culturales o el turismo de interior, con algunas novedades como las visitas y paseos en barco por el pantano de El Tranco (Ja\u00e9n).<\/p>\n<p>L\u00f3pez tambi\u00e9n se ha acercado al espacio de la Costa del Sol, donde le han explicado algunos atractivos, como el paseo mar\u00edtimo de Nerja y otros enclaves costeros.<\/p>\n<p>Con Fern\u00e1ndez, L\u00f3pez tambi\u00e9n ha podido hablar de los buenos resultados que la regi\u00f3n tuvo el a\u00f1o pasado, con un incremento cercano al ocho por ciento de visitantes, y de aspectos como la lucha contra la desestacionalizaci\u00f3n del sector o c\u00f3mo la situaci\u00f3n de inestabilidad que atraviesan algunos pa\u00edses del arco mediterr\u00e1neo hace que lleguen a Andaluc\u00eda m\u00e1s viajeros.<\/p>\n","protected":false},"excerpt":{"rendered":"<p>El pabell\u00f3n andaluz en la Feria Internacional de Turismo, Fitur, ha tenido este viernes un visitante muy especial, el presidente del Congreso, el socialista vasco Patxi L\u00f3pez que, acompa\u00f1ado por el consejero de Turismo andaluz, Francisco Javier Fern\u00e1ndez, ha recorrido el pabell\u00f3n de Andaluc\u00eda. En el espacio andaluz en la feria, esta tercera jornada de<\/p>\n","protected":false},"author":1,"featured_media":61847,"comment_status":"open","ping_status":"closed","sticky":false,"template":"","format":"standard","meta":{"footnotes":""},"categories":[224],"tags":[],"class_list":{"0":"post-61846","1":"post","2":"type-post","3":"status-publish","4":"format-standard","5":"has-post-thumbnail","7":"category-noticias-actualidad"},"aioseo_notices":[],"aioseo_head":"\n\t\t<!-- All in One SEO Pro 4.9.6.1 - aioseo.com -->\n\t<meta name=\"description\" content=\"El pabell\u00f3n andaluz en la Feria Internacional de Turismo, Fitur, ha tenido este viernes un visitante muy especial, el presidente del Congreso, el socialista vasco Patxi L\u00f3pez que, acompa\u00f1ado por el consejero de Turismo andaluz, Francisco Javier Fern\u00e1ndez, ha recorrido el pabell\u00f3n de Andaluc\u00eda. En el espacio andaluz en la feria, esta tercera jornada de\" \/>\n\t<meta name=\"robots\" content=\"max-image-preview:large\" \/>\n\t<meta name=\"author\" content=\"admin\"\/>\n\t<meta name=\"google-site-verification\" content=\"UA-38556648-1\" \/>\n\t<meta name=\"keywords\" content=\"noticias y actualidad\" \/>\n\t<link rel=\"canonical\" href=\"https:\/\/eldigitaldeasturias.com\/magazine365\/patxi-lopez-recorre-con-el-consejero-el-pabellon-andaluz\/\" \/>\n\t<meta name=\"generator\" content=\"All in One SEO Pro (AIOSEO) 4.9.6.1\" \/>\n\t\t<meta property=\"og:locale\" content=\"es_ES\" \/>\n\t\t<meta property=\"og:site_name\" content=\"El Digital de Asturias \u2013 Revista de ocio, turismo y estilo de vida\" \/>\n\t\t<meta property=\"og:type\" content=\"article\" \/>\n\t\t<meta property=\"og:title\" content=\"Patxi L\u00f3pez recorre con el consejero el pabell\u00f3n andaluz | El Digital de Asturias\" \/>\n\t\t<meta property=\"og:description\" content=\"El pabell\u00f3n andaluz en la Feria Internacional de Turismo, Fitur, ha tenido este viernes un visitante muy especial, el presidente del Congreso, el socialista vasco Patxi L\u00f3pez que, acompa\u00f1ado por el consejero de Turismo andaluz, Francisco Javier Fern\u00e1ndez, ha recorrido el pabell\u00f3n de Andaluc\u00eda. En el espacio andaluz en la feria, esta tercera jornada de\" \/>\n\t\t<meta property=\"og:url\" content=\"https:\/\/eldigitaldeasturias.com\/magazine365\/patxi-lopez-recorre-con-el-consejero-el-pabellon-andaluz\/\" \/>\n\t\t<meta property=\"og:image\" content=\"https:\/\/eldigitaldeasturias.com\/magazine365\/wp-content\/uploads\/2016\/01\/fotonoticia_20160122153120_800.jpg\" \/>\n\t\t<meta property=\"og:image:secure_url\" content=\"https:\/\/eldigitaldeasturias.com\/magazine365\/wp-content\/uploads\/2016\/01\/fotonoticia_20160122153120_800.jpg\" \/>\n\t\t<meta property=\"og:image:width\" content=\"800\" \/>\n\t\t<meta property=\"og:image:height\" content=\"533\" \/>\n\t\t<meta property=\"article:published_time\" content=\"2016-01-23T13:00:44+00:00\" \/>\n\t\t<meta property=\"article:modified_time\" content=\"2016-01-23T13:00:44+00:00\" \/>\n\t\t<meta name=\"twitter:card\" content=\"summary_large_image\" \/>\n\t\t<meta name=\"twitter:title\" content=\"Patxi L\u00f3pez recorre con el consejero el pabell\u00f3n andaluz | El Digital de Asturias\" \/>\n\t\t<meta name=\"twitter:description\" content=\"El pabell\u00f3n andaluz en la Feria Internacional de Turismo, Fitur, ha tenido este viernes un visitante muy especial, el presidente del Congreso, el socialista vasco Patxi L\u00f3pez que, acompa\u00f1ado por el consejero de Turismo andaluz, Francisco Javier Fern\u00e1ndez, ha recorrido el pabell\u00f3n de Andaluc\u00eda. En el espacio andaluz en la feria, esta tercera jornada de\" \/>\n\t\t<meta name=\"twitter:image\" content=\"https:\/\/eldigitaldeasturias.com\/magazine365\/wp-content\/uploads\/2016\/01\/fotonoticia_20160122153120_800.jpg\" \/>\n\t\t<script type=\"application\/ld+json\" class=\"aioseo-schema\">\n\t\t\t{\"@context\":\"https:\\\/\\\/schema.org\",\"@graph\":[{\"@type\":\"Article\",\"@id\":\"https:\\\/\\\/eldigitaldeasturias.com\\\/magazine365\\\/patxi-lopez-recorre-con-el-consejero-el-pabellon-andaluz\\\/#article\",\"name\":\"Patxi L\\u00f3pez recorre con el consejero el pabell\\u00f3n andaluz | El Digital de Asturias\",\"headline\":\"Patxi L\\u00f3pez recorre con el consejero el pabell\\u00f3n andaluz\",\"author\":{\"@id\":\"https:\\\/\\\/eldigitaldeasturias.com\\\/magazine365\\\/author\\\/admin\\\/#author\"},\"publisher\":{\"@id\":\"https:\\\/\\\/eldigitaldeasturias.com\\\/magazine365\\\/#organization\"},\"image\":{\"@type\":\"ImageObject\",\"url\":\"https:\\\/\\\/eldigitaldeasturias.com\\\/magazine365\\\/wp-content\\\/uploads\\\/2016\\\/01\\\/fotonoticia_20160122153120_800.jpg\",\"width\":800,\"height\":533},\"datePublished\":\"2016-01-23T14:00:44+01:00\",\"dateModified\":\"2016-01-23T14:00:44+01:00\",\"inLanguage\":\"es-ES\",\"mainEntityOfPage\":{\"@id\":\"https:\\\/\\\/eldigitaldeasturias.com\\\/magazine365\\\/patxi-lopez-recorre-con-el-consejero-el-pabellon-andaluz\\\/#webpage\"},\"isPartOf\":{\"@id\":\"https:\\\/\\\/eldigitaldeasturias.com\\\/magazine365\\\/patxi-lopez-recorre-con-el-consejero-el-pabellon-andaluz\\\/#webpage\"},\"articleSection\":\"Noticias y Actualidad\"},{\"@type\":\"BreadcrumbList\",\"@id\":\"https:\\\/\\\/eldigitaldeasturias.com\\\/magazine365\\\/patxi-lopez-recorre-con-el-consejero-el-pabellon-andaluz\\\/#breadcrumblist\",\"itemListElement\":[{\"@type\":\"ListItem\",\"@id\":\"https:\\\/\\\/eldigitaldeasturias.com\\\/magazine365#listItem\",\"position\":1,\"name\":\"Home\",\"item\":\"https:\\\/\\\/eldigitaldeasturias.com\\\/magazine365\",\"nextItem\":{\"@type\":\"ListItem\",\"@id\":\"https:\\\/\\\/eldigitaldeasturias.com\\\/magazine365\\\/category\\\/noticias-actualidad\\\/#listItem\",\"name\":\"Noticias y Actualidad\"}},{\"@type\":\"ListItem\",\"@id\":\"https:\\\/\\\/eldigitaldeasturias.com\\\/magazine365\\\/category\\\/noticias-actualidad\\\/#listItem\",\"position\":2,\"name\":\"Noticias y Actualidad\",\"item\":\"https:\\\/\\\/eldigitaldeasturias.com\\\/magazine365\\\/category\\\/noticias-actualidad\\\/\",\"nextItem\":{\"@type\":\"ListItem\",\"@id\":\"https:\\\/\\\/eldigitaldeasturias.com\\\/magazine365\\\/patxi-lopez-recorre-con-el-consejero-el-pabellon-andaluz\\\/#listItem\",\"name\":\"Patxi L\\u00f3pez recorre con el consejero el pabell\\u00f3n andaluz\"},\"previousItem\":{\"@type\":\"ListItem\",\"@id\":\"https:\\\/\\\/eldigitaldeasturias.com\\\/magazine365#listItem\",\"name\":\"Home\"}},{\"@type\":\"ListItem\",\"@id\":\"https:\\\/\\\/eldigitaldeasturias.com\\\/magazine365\\\/patxi-lopez-recorre-con-el-consejero-el-pabellon-andaluz\\\/#listItem\",\"position\":3,\"name\":\"Patxi L\\u00f3pez recorre con el consejero el pabell\\u00f3n andaluz\",\"previousItem\":{\"@type\":\"ListItem\",\"@id\":\"https:\\\/\\\/eldigitaldeasturias.com\\\/magazine365\\\/category\\\/noticias-actualidad\\\/#listItem\",\"name\":\"Noticias y Actualidad\"}}]},{\"@type\":\"Organization\",\"@id\":\"https:\\\/\\\/eldigitaldeasturias.com\\\/magazine365\\\/#organization\",\"name\":\"El digital de Asturias\",\"description\":\"Revista de ocio, turismo y estilo de vida\",\"url\":\"https:\\\/\\\/eldigitaldeasturias.com\\\/magazine365\\\/\",\"logo\":{\"@type\":\"ImageObject\",\"url\":\"https:\\\/\\\/www.eldigitaldeasturias.com\\\/noticias\\\/wp-content\\\/uploads\\\/2020\\\/12\\\/EDA.jpg\",\"@id\":\"https:\\\/\\\/eldigitaldeasturias.com\\\/magazine365\\\/patxi-lopez-recorre-con-el-consejero-el-pabellon-andaluz\\\/#organizationLogo\"},\"image\":{\"@id\":\"https:\\\/\\\/eldigitaldeasturias.com\\\/magazine365\\\/patxi-lopez-recorre-con-el-consejero-el-pabellon-andaluz\\\/#organizationLogo\"}},{\"@type\":\"Person\",\"@id\":\"https:\\\/\\\/eldigitaldeasturias.com\\\/magazine365\\\/author\\\/admin\\\/#author\",\"url\":\"https:\\\/\\\/eldigitaldeasturias.com\\\/magazine365\\\/author\\\/admin\\\/\",\"name\":\"admin\",\"image\":{\"@type\":\"ImageObject\",\"@id\":\"https:\\\/\\\/eldigitaldeasturias.com\\\/magazine365\\\/patxi-lopez-recorre-con-el-consejero-el-pabellon-andaluz\\\/#authorImage\",\"url\":\"https:\\\/\\\/eldigitaldeasturias.com\\\/magazine365\\\/wp-content\\\/litespeed\\\/avatar\\\/e571bcf59a0edd6fa6838245a470f2fe.jpg?ver=1776969259\",\"width\":96,\"height\":96,\"caption\":\"admin\"}},{\"@type\":\"WebPage\",\"@id\":\"https:\\\/\\\/eldigitaldeasturias.com\\\/magazine365\\\/patxi-lopez-recorre-con-el-consejero-el-pabellon-andaluz\\\/#webpage\",\"url\":\"https:\\\/\\\/eldigitaldeasturias.com\\\/magazine365\\\/patxi-lopez-recorre-con-el-consejero-el-pabellon-andaluz\\\/\",\"name\":\"Patxi L\\u00f3pez recorre con el consejero el pabell\\u00f3n andaluz | El Digital de Asturias\",\"description\":\"El pabell\\u00f3n andaluz en la Feria Internacional de Turismo, Fitur, ha tenido este viernes un visitante muy especial, el presidente del Congreso, el socialista vasco Patxi L\\u00f3pez que, acompa\\u00f1ado por el consejero de Turismo andaluz, Francisco Javier Fern\\u00e1ndez, ha recorrido el pabell\\u00f3n de Andaluc\\u00eda. En el espacio andaluz en la feria, esta tercera jornada de\",\"inLanguage\":\"es-ES\",\"isPartOf\":{\"@id\":\"https:\\\/\\\/eldigitaldeasturias.com\\\/magazine365\\\/#website\"},\"breadcrumb\":{\"@id\":\"https:\\\/\\\/eldigitaldeasturias.com\\\/magazine365\\\/patxi-lopez-recorre-con-el-consejero-el-pabellon-andaluz\\\/#breadcrumblist\"},\"author\":{\"@id\":\"https:\\\/\\\/eldigitaldeasturias.com\\\/magazine365\\\/author\\\/admin\\\/#author\"},\"creator\":{\"@id\":\"https:\\\/\\\/eldigitaldeasturias.com\\\/magazine365\\\/author\\\/admin\\\/#author\"},\"image\":{\"@type\":\"ImageObject\",\"url\":\"https:\\\/\\\/eldigitaldeasturias.com\\\/magazine365\\\/wp-content\\\/uploads\\\/2016\\\/01\\\/fotonoticia_20160122153120_800.jpg\",\"@id\":\"https:\\\/\\\/eldigitaldeasturias.com\\\/magazine365\\\/patxi-lopez-recorre-con-el-consejero-el-pabellon-andaluz\\\/#mainImage\",\"width\":800,\"height\":533},\"primaryImageOfPage\":{\"@id\":\"https:\\\/\\\/eldigitaldeasturias.com\\\/magazine365\\\/patxi-lopez-recorre-con-el-consejero-el-pabellon-andaluz\\\/#mainImage\"},\"datePublished\":\"2016-01-23T14:00:44+01:00\",\"dateModified\":\"2016-01-23T14:00:44+01:00\"},{\"@type\":\"WebSite\",\"@id\":\"https:\\\/\\\/eldigitaldeasturias.com\\\/magazine365\\\/#website\",\"url\":\"https:\\\/\\\/eldigitaldeasturias.com\\\/magazine365\\\/\",\"name\":\"El Digital de Asturias\",\"description\":\"Revista de ocio, turismo y estilo de vida\",\"inLanguage\":\"es-ES\",\"publisher\":{\"@id\":\"https:\\\/\\\/eldigitaldeasturias.com\\\/magazine365\\\/#organization\"}}]}\n\t\t<\/script>\n\t\t<!-- All in One SEO Pro -->\r\n\t\t<title>Patxi L\u00f3pez recorre con el consejero el pabell\u00f3n andaluz | El Digital de Asturias<\/title>\n\n","aioseo_head_json":{"title":"Patxi L\u00f3pez recorre con el consejero el pabell\u00f3n andaluz | El Digital de Asturias","description":"El pabell\u00f3n andaluz en la Feria Internacional de Turismo, Fitur, ha tenido este viernes un visitante muy especial, el presidente del Congreso, el socialista vasco Patxi L\u00f3pez que, acompa\u00f1ado por el consejero de Turismo andaluz, Francisco Javier Fern\u00e1ndez, ha recorrido el pabell\u00f3n de Andaluc\u00eda. En el espacio andaluz en la feria, esta tercera jornada de","canonical_url":"https:\/\/eldigitaldeasturias.com\/magazine365\/patxi-lopez-recorre-con-el-consejero-el-pabellon-andaluz\/","robots":"max-image-preview:large","keywords":"noticias y actualidad","webmasterTools":{"google-site-verification":"UA-38556648-1","miscellaneous":""},"schema":{"@context":"https:\/\/schema.org","@graph":[{"@type":"Article","@id":"https:\/\/eldigitaldeasturias.com\/magazine365\/patxi-lopez-recorre-con-el-consejero-el-pabellon-andaluz\/#article","name":"Patxi L\u00f3pez recorre con el consejero el pabell\u00f3n andaluz | El Digital de Asturias","headline":"Patxi L\u00f3pez recorre con el consejero el pabell\u00f3n andaluz","author":{"@id":"https:\/\/eldigitaldeasturias.com\/magazine365\/author\/admin\/#author"},"publisher":{"@id":"https:\/\/eldigitaldeasturias.com\/magazine365\/#organization"},"image":{"@type":"ImageObject","url":"https:\/\/eldigitaldeasturias.com\/magazine365\/wp-content\/uploads\/2016\/01\/fotonoticia_20160122153120_800.jpg","width":800,"height":533},"datePublished":"2016-01-23T14:00:44+01:00","dateModified":"2016-01-23T14:00:44+01:00","inLanguage":"es-ES","mainEntityOfPage":{"@id":"https:\/\/eldigitaldeasturias.com\/magazine365\/patxi-lopez-recorre-con-el-consejero-el-pabellon-andaluz\/#webpage"},"isPartOf":{"@id":"https:\/\/eldigitaldeasturias.com\/magazine365\/patxi-lopez-recorre-con-el-consejero-el-pabellon-andaluz\/#webpage"},"articleSection":"Noticias y Actualidad"},{"@type":"BreadcrumbList","@id":"https:\/\/eldigitaldeasturias.com\/magazine365\/patxi-lopez-recorre-con-el-consejero-el-pabellon-andaluz\/#breadcrumblist","itemListElement":[{"@type":"ListItem","@id":"https:\/\/eldigitaldeasturias.com\/magazine365#listItem","position":1,"name":"Home","item":"https:\/\/eldigitaldeasturias.com\/magazine365","nextItem":{"@type":"ListItem","@id":"https:\/\/eldigitaldeasturias.com\/magazine365\/category\/noticias-actualidad\/#listItem","name":"Noticias y Actualidad"}},{"@type":"ListItem","@id":"https:\/\/eldigitaldeasturias.com\/magazine365\/category\/noticias-actualidad\/#listItem","position":2,"name":"Noticias y Actualidad","item":"https:\/\/eldigitaldeasturias.com\/magazine365\/category\/noticias-actualidad\/","nextItem":{"@type":"ListItem","@id":"https:\/\/eldigitaldeasturias.com\/magazine365\/patxi-lopez-recorre-con-el-consejero-el-pabellon-andaluz\/#listItem","name":"Patxi L\u00f3pez recorre con el consejero el pabell\u00f3n andaluz"},"previousItem":{"@type":"ListItem","@id":"https:\/\/eldigitaldeasturias.com\/magazine365#listItem","name":"Home"}},{"@type":"ListItem","@id":"https:\/\/eldigitaldeasturias.com\/magazine365\/patxi-lopez-recorre-con-el-consejero-el-pabellon-andaluz\/#listItem","position":3,"name":"Patxi L\u00f3pez recorre con el consejero el pabell\u00f3n andaluz","previousItem":{"@type":"ListItem","@id":"https:\/\/eldigitaldeasturias.com\/magazine365\/category\/noticias-actualidad\/#listItem","name":"Noticias y Actualidad"}}]},{"@type":"Organization","@id":"https:\/\/eldigitaldeasturias.com\/magazine365\/#organization","name":"El digital de Asturias","description":"Revista de ocio, turismo y estilo de vida","url":"https:\/\/eldigitaldeasturias.com\/magazine365\/","logo":{"@type":"ImageObject","url":"https:\/\/www.eldigitaldeasturias.com\/noticias\/wp-content\/uploads\/2020\/12\/EDA.jpg","@id":"https:\/\/eldigitaldeasturias.com\/magazine365\/patxi-lopez-recorre-con-el-consejero-el-pabellon-andaluz\/#organizationLogo"},"image":{"@id":"https:\/\/eldigitaldeasturias.com\/magazine365\/patxi-lopez-recorre-con-el-consejero-el-pabellon-andaluz\/#organizationLogo"}},{"@type":"Person","@id":"https:\/\/eldigitaldeasturias.com\/magazine365\/author\/admin\/#author","url":"https:\/\/eldigitaldeasturias.com\/magazine365\/author\/admin\/","name":"admin","image":{"@type":"ImageObject","@id":"https:\/\/eldigitaldeasturias.com\/magazine365\/patxi-lopez-recorre-con-el-consejero-el-pabellon-andaluz\/#authorImage","url":"https:\/\/eldigitaldeasturias.com\/magazine365\/wp-content\/litespeed\/avatar\/e571bcf59a0edd6fa6838245a470f2fe.jpg?ver=1776969259","width":96,"height":96,"caption":"admin"}},{"@type":"WebPage","@id":"https:\/\/eldigitaldeasturias.com\/magazine365\/patxi-lopez-recorre-con-el-consejero-el-pabellon-andaluz\/#webpage","url":"https:\/\/eldigitaldeasturias.com\/magazine365\/patxi-lopez-recorre-con-el-consejero-el-pabellon-andaluz\/","name":"Patxi L\u00f3pez recorre con el consejero el pabell\u00f3n andaluz | El Digital de Asturias","description":"El pabell\u00f3n andaluz en la Feria Internacional de Turismo, Fitur, ha tenido este viernes un visitante muy especial, el presidente del Congreso, el socialista vasco Patxi L\u00f3pez que, acompa\u00f1ado por el consejero de Turismo andaluz, Francisco Javier Fern\u00e1ndez, ha recorrido el pabell\u00f3n de Andaluc\u00eda. En el espacio andaluz en la feria, esta tercera jornada de","inLanguage":"es-ES","isPartOf":{"@id":"https:\/\/eldigitaldeasturias.com\/magazine365\/#website"},"breadcrumb":{"@id":"https:\/\/eldigitaldeasturias.com\/magazine365\/patxi-lopez-recorre-con-el-consejero-el-pabellon-andaluz\/#breadcrumblist"},"author":{"@id":"https:\/\/eldigitaldeasturias.com\/magazine365\/author\/admin\/#author"},"creator":{"@id":"https:\/\/eldigitaldeasturias.com\/magazine365\/author\/admin\/#author"},"image":{"@type":"ImageObject","url":"https:\/\/eldigitaldeasturias.com\/magazine365\/wp-content\/uploads\/2016\/01\/fotonoticia_20160122153120_800.jpg","@id":"https:\/\/eldigitaldeasturias.com\/magazine365\/patxi-lopez-recorre-con-el-consejero-el-pabellon-andaluz\/#mainImage","width":800,"height":533},"primaryImageOfPage":{"@id":"https:\/\/eldigitaldeasturias.com\/magazine365\/patxi-lopez-recorre-con-el-consejero-el-pabellon-andaluz\/#mainImage"},"datePublished":"2016-01-23T14:00:44+01:00","dateModified":"2016-01-23T14:00:44+01:00"},{"@type":"WebSite","@id":"https:\/\/eldigitaldeasturias.com\/magazine365\/#website","url":"https:\/\/eldigitaldeasturias.com\/magazine365\/","name":"El Digital de Asturias","description":"Revista de ocio, turismo y estilo de vida","inLanguage":"es-ES","publisher":{"@id":"https:\/\/eldigitaldeasturias.com\/magazine365\/#organization"}}]},"og:locale":"es_ES","og:site_name":"El Digital de Asturias \u2013 Revista de ocio, turismo y estilo de vida","og:type":"article","og:title":"Patxi L\u00f3pez recorre con el consejero el pabell\u00f3n andaluz | El Digital de Asturias","og:description":"El pabell\u00f3n andaluz en la Feria Internacional de Turismo, Fitur, ha tenido este viernes un visitante muy especial, el presidente del Congreso, el socialista vasco Patxi L\u00f3pez que, acompa\u00f1ado por el consejero de Turismo andaluz, Francisco Javier Fern\u00e1ndez, ha recorrido el pabell\u00f3n de Andaluc\u00eda. En el espacio andaluz en la feria, esta tercera jornada de","og:url":"https:\/\/eldigitaldeasturias.com\/magazine365\/patxi-lopez-recorre-con-el-consejero-el-pabellon-andaluz\/","og:image":"https:\/\/eldigitaldeasturias.com\/magazine365\/wp-content\/uploads\/2016\/01\/fotonoticia_20160122153120_800.jpg","og:image:secure_url":"https:\/\/eldigitaldeasturias.com\/magazine365\/wp-content\/uploads\/2016\/01\/fotonoticia_20160122153120_800.jpg","og:image:width":800,"og:image:height":533,"article:published_time":"2016-01-23T13:00:44+00:00","article:modified_time":"2016-01-23T13:00:44+00:00","twitter:card":"summary_large_image","twitter:title":"Patxi L\u00f3pez recorre con el consejero el pabell\u00f3n andaluz | El Digital de Asturias","twitter:description":"El pabell\u00f3n andaluz en la Feria Internacional de Turismo, Fitur, ha tenido este viernes un visitante muy especial, el presidente del Congreso, el socialista vasco Patxi L\u00f3pez que, acompa\u00f1ado por el consejero de Turismo andaluz, Francisco Javier Fern\u00e1ndez, ha recorrido el pabell\u00f3n de Andaluc\u00eda. En el espacio andaluz en la feria, esta tercera jornada de","twitter:image":"https:\/\/eldigitaldeasturias.com\/magazine365\/wp-content\/uploads\/2016\/01\/fotonoticia_20160122153120_800.jpg"},"aioseo_meta_data":{"post_id":"61846","title":null,"description":null,"keywords":null,"keyphrases":null,"primary_term":null,"canonical_url":null,"og_title":null,"og_description":null,"og_object_type":"default","og_image_type":"default","og_image_url":null,"og_image_width":null,"og_image_height":null,"og_image_custom_url":null,"og_image_custom_fields":null,"og_video":null,"og_custom_url":null,"og_article_section":null,"og_article_tags":null,"twitter_use_og":false,"twitter_card":"default","twitter_image_type":"default","twitter_image_url":null,"twitter_image_custom_url":null,"twitter_image_custom_fields":null,"twitter_title":null,"twitter_description":null,"schema":{"blockGraphs":[],"customGraphs":[],"default":{"data":{"Article":[],"Course":[],"Dataset":[],"FAQPage":[],"Movie":[],"Person":[],"Product":[],"ProductReview":[],"Car":[],"Recipe":[],"Service":[],"SoftwareApplication":[],"WebPage":[]},"graphName":"","isEnabled":true},"graphs":[],"defaultGraph":"","defaultPostTypeGraph":""},"schema_type":null,"schema_type_options":null,"pillar_content":false,"robots_default":true,"robots_noindex":false,"robots_noarchive":false,"robots_nosnippet":false,"robots_nofollow":false,"robots_noimageindex":false,"robots_noodp":false,"robots_notranslate":false,"robots_max_snippet":null,"robots_max_videopreview":null,"robots_max_imagepreview":"large","priority":null,"frequency":null,"location":null,"local_seo":null,"seo_analyzer_scan_date":"2025-09-25 09:51:53","breadcrumb_settings":null,"limit_modified_date":false,"open_ai":null,"ai":null,"created":"2021-03-08 21:44:59","updated":"2025-09-25 09:51:53"},"aioseo_breadcrumb":"<div class=\"aioseo-breadcrumbs\"><span class=\"aioseo-breadcrumb\">\n\t<a href=\"https:\/\/eldigitaldeasturias.com\/magazine365\" title=\"Home\">Home<\/a>\n<\/span><span class=\"aioseo-breadcrumb-separator\">\u2013<\/span><span class=\"aioseo-breadcrumb\">\n\t<a href=\"https:\/\/eldigitaldeasturias.com\/magazine365\/category\/noticias-actualidad\/\" title=\"Noticias y Actualidad\">Noticias y Actualidad<\/a>\n<\/span><span class=\"aioseo-breadcrumb-separator\">\u2013<\/span><span class=\"aioseo-breadcrumb\">\n\t<a href=\"https:\/\/eldigitaldeasturias.com\/magazine365\/patxi-lopez-recorre-con-el-consejero-el-pabellon-andaluz\/\" title=\"Patxi L\u00f3pez recorre con el consejero el pabell\u00f3n andaluz\">Patxi L\u00f3pez recorre con el consejero el pabell\u00f3n andaluz<\/a>\n<\/span><\/div>","aioseo_breadcrumb_json":[{"label":"Home","link":"https:\/\/eldigitaldeasturias.com\/magazine365"},{"label":"Noticias y Actualidad","link":"https:\/\/eldigitaldeasturias.com\/magazine365\/category\/noticias-actualidad\/"},{"label":"Patxi L\u00f3pez recorre con el consejero el pabell\u00f3n andaluz","link":"https:\/\/eldigitaldeasturias.com\/magazine365\/patxi-lopez-recorre-con-el-consejero-el-pabellon-andaluz\/"}],"_links":{"self":[{"href":"https:\/\/eldigitaldeasturias.com\/magazine365\/wp-json\/wp\/v2\/posts\/61846","targetHints":{"allow":["GET"]}}],"collection":[{"href":"https:\/\/eldigitaldeasturias.com\/magazine365\/wp-json\/wp\/v2\/posts"}],"about":[{"href":"https:\/\/eldigitaldeasturias.com\/magazine365\/wp-json\/wp\/v2\/types\/post"}],"author":[{"embeddable":true,"href":"https:\/\/eldigitaldeasturias.com\/magazine365\/wp-json\/wp\/v2\/users\/1"}],"replies":[{"embeddable":true,"href":"https:\/\/eldigitaldeasturias.com\/magazine365\/wp-json\/wp\/v2\/comments?post=61846"}],"version-history":[{"count":0,"href":"https:\/\/eldigitaldeasturias.com\/magazine365\/wp-json\/wp\/v2\/posts\/61846\/revisions"}],"wp:featuredmedia":[{"embeddable":true,"href":"https:\/\/eldigitaldeasturias.com\/magazine365\/wp-json\/wp\/v2\/media\/61847"}],"wp:attachment":[{"href":"https:\/\/eldigitaldeasturias.com\/magazine365\/wp-json\/wp\/v2\/media?parent=61846"}],"wp:term":[{"taxonomy":"category","embeddable":true,"href":"https:\/\/eldigitaldeasturias.com\/magazine365\/wp-json\/wp\/v2\/categories?post=61846"},{"taxonomy":"post_tag","embeddable":true,"href":"https:\/\/eldigitaldeasturias.com\/magazine365\/wp-json\/wp\/v2\/tags?post=61846"}],"curies":[{"name":"wp","href":"https:\/\/api.w.org\/{rel}","templated":true}]}}