{"id":61826,"date":"2016-01-23T13:45:04","date_gmt":"2016-01-23T12:45:04","guid":{"rendered":"http:\/\/eldigitaldeasturias.com\/magazine365\/?p=61826"},"modified":"2016-01-23T13:45:04","modified_gmt":"2016-01-23T12:45:04","slug":"presentado-el-decimo-numero-de-la-revista-tierras-de-jaen-que-edita-onda-cero-jaen","status":"publish","type":"post","link":"https:\/\/eldigitaldeasturias.com\/magazine365\/presentado-el-decimo-numero-de-la-revista-tierras-de-jaen-que-edita-onda-cero-jaen\/","title":{"rendered":"Presentado el d\u00e9cimo n\u00famero de la revista &#8216;Tierras de Ja\u00e9n&#8217; que edita Onda Cero Ja\u00e9n"},"content":{"rendered":"<p><img fetchpriority=\"high\" decoding=\"async\" class=\"alignleft size-medium wp-image-61827\" src=\"https:\/\/eldigitaldeasturias.com\/magazine365\/wp-content\/uploads\/2016\/01\/fotonoticia_20160122144651_800-360x270.jpg\" alt=\"fotonoticia_20160122144651_800\" width=\"360\" height=\"270\" srcset=\"https:\/\/eldigitaldeasturias.com\/magazine365\/wp-content\/uploads\/2016\/01\/fotonoticia_20160122144651_800-360x270.jpg 360w, https:\/\/eldigitaldeasturias.com\/magazine365\/wp-content\/uploads\/2016\/01\/fotonoticia_20160122144651_800-650x488.jpg 650w, https:\/\/eldigitaldeasturias.com\/magazine365\/wp-content\/uploads\/2016\/01\/fotonoticia_20160122144651_800-768x576.jpg 768w, https:\/\/eldigitaldeasturias.com\/magazine365\/wp-content\/uploads\/2016\/01\/fotonoticia_20160122144651_800-150x113.jpg 150w, https:\/\/eldigitaldeasturias.com\/magazine365\/wp-content\/uploads\/2016\/01\/fotonoticia_20160122144651_800-450x338.jpg 450w, https:\/\/eldigitaldeasturias.com\/magazine365\/wp-content\/uploads\/2016\/01\/fotonoticia_20160122144651_800-80x60.jpg 80w, https:\/\/eldigitaldeasturias.com\/magazine365\/wp-content\/uploads\/2016\/01\/fotonoticia_20160122144651_800-265x198.jpg 265w, https:\/\/eldigitaldeasturias.com\/magazine365\/wp-content\/uploads\/2016\/01\/fotonoticia_20160122144651_800-696x522.jpg 696w, https:\/\/eldigitaldeasturias.com\/magazine365\/wp-content\/uploads\/2016\/01\/fotonoticia_20160122144651_800-560x420.jpg 560w, https:\/\/eldigitaldeasturias.com\/magazine365\/wp-content\/uploads\/2016\/01\/fotonoticia_20160122144651_800-90x67.jpg 90w, https:\/\/eldigitaldeasturias.com\/magazine365\/wp-content\/uploads\/2016\/01\/fotonoticia_20160122144651_800-164x124.jpg 164w, https:\/\/eldigitaldeasturias.com\/magazine365\/wp-content\/uploads\/2016\/01\/fotonoticia_20160122144651_800-100x75.jpg 100w, https:\/\/eldigitaldeasturias.com\/magazine365\/wp-content\/uploads\/2016\/01\/fotonoticia_20160122144651_800.jpg 800w\" sizes=\"(max-width: 360px) 100vw, 360px\" \/>La Feria Internacional de Turismo, Fitur, ha acogido este jueves la presentaci\u00f3n del d\u00e9cimo n\u00famero de la revista &#8216;Tierras de Ja\u00e9n&#8217; que con car\u00e1cter anual edita Onda Cero Ja\u00e9n para \u00abacercar y descubrir lo mejor de nuestra provincia\u00bb.<\/p>\n<p>As\u00ed lo ha destacado la delegada del Gobierno andaluz, Ana Cobo, que ha participado en el acto, junto al presidente de la Diputaci\u00f3n, Francisco Reyes, y al director de Onda Cero Ja\u00e9n, Antonio Arroyo. Cobo ha felicitado a la emisora por hacer posible este trabajo y por elegir \u00abel gran escaparate nacional del turismo\u00bb para la puesta de largo del nuevo n\u00famero.<\/p>\n<p>\u00abUna cita anual a la que Ja\u00e9n no va a faltar, mostrando lo mejor que puede ofrecer. Y lo mejor que puede ofrecer tambi\u00e9n est\u00e1 en &#8216;Tierras de Ja\u00e9n&#8217;, ha enfatizado la destacado de la Junta.<\/p>\n<p>La revista refleja el modo de vida que caracteriza a la sociedad jiennense, un modo de vida que tiene que ver con el olivar, los parques naturales, los pantanos, la historia, la cultura del toro y la trashumancia y con la puesta en valor de los yacimientos arqueol\u00f3gicos y las fiestas populares.<\/p>\n<p>\u00abCon ello, &#8216;Tierras de Ja\u00e9n&#8217; pone de manifiesto su raz\u00f3n de ser, que no es otra que promocionar y dar a conocer nuestro patrimonio hist\u00f3rico-art\u00edstico \u00fanico e irrepetible, con C\u00e1stulo como ejemplo; nuestro patrimonio natural, diverso y bien conservado con cuatro parques naturales, uno de ellos, el de Cazorla, Segura y Las Villas, el de mayor extensi\u00f3n de Espa\u00f1a, adem\u00e1s de unas instalaciones e infraestructuras necesarias que complementan nuestra oferta\u00bb, ha remarcado.<\/p>\n<p>Cobo ha insistido en la importancia de \u00abdar un paso\u00bb m\u00e1s en el desarrollo del turismo en la provincia y optimizar al m\u00e1ximo sus posibilidades, avanzando hacia un modelo que pivote sobre dos ejes esenciales, como la multitud de recursos de los que dispone Ja\u00e9n, \u00abhasta ahora poco conocidos\u00bb, y la voluntad generalizada de incentivar el sector tur\u00edstico provincial.<\/p>\n<p>\u00abCon esas premisas trabajamos desde el Gobierno andaluz, convencidos de que el turismo es un sector lleno de oportunidades para el futuro de Ja\u00e9n, capaz de brindar una oferta diversa y de calidad y de responder a las demandas del turismo actual\u00bb, ha asegurado no sin incidir en la \u00ablabor esencial\u00bb de los medios de comunicaci\u00f3n en la promoci\u00f3n de Ja\u00e9n, \u00abuna tierra que tiene mucho que ofrecer, que conf\u00eda en sus posibilidades y en su capacidad para ganar el futuro\u00bb.<\/p>\n<p>De su lado, el presidente de la Diputaci\u00f3n ha destacado la relevancia del turismo en la econom\u00eda provincial y \u00abel inter\u00e9s que tienen publicaciones como esta revista, dedicada a difundir los recursos tur\u00edsticos jiennenses\u00bb. En su nuevo n\u00famero, repasa algunas de las principales apuestas en la actualidad, con especial protagonismo para la aspiraci\u00f3n a la declaraci\u00f3n por parte de la Unesco del Paisaje Cultural del Olivar como Patrimonio Mundial, un \u00abtema prioritario para la provincia.<\/p>\n<p>ANHELO<\/p>\n<p>Onda Cero se suma as\u00ed a este \u00abanhelo colectivo\u00bb, seg\u00fan lo ha calificado Reyes, que ha valorado que \u00aba lo largo de las m\u00e1s de 40 p\u00e1ginas de esta revista no merma el inter\u00e9s de los temas abordados\u00bb. De esta forma, ofrece \u00abuna panor\u00e1mica\u00bb del a\u00f1o jiennense para el turismo, desde la Fiesta del Primer Aceite, C\u00e1stulo y la Ruta de An\u00edbal o los pantanos de la provincia.<\/p>\n<p>Son asuntos \u00abde m\u00e1ximo inter\u00e9s\u00bb que, en la mayor parte de los casos, ocupan \u00abun lugar privilegiado\u00bb en las propuestas de Ja\u00e9n en Fitur. \u00abHemos tra\u00eddo a la primera l\u00ednea de este escaparate propuestas como la Ruta de los Fenicios, el astroturismo, iniciativas en torno a los recursos mineros, conmemoraciones hist\u00f3ricas&#8230; que estos d\u00edas se est\u00e1n avanzado y a cuya puesta en escena iremos asistiendo a lo largo de este a\u00f1o\u00bb, ha comentado.<\/p>\n<p>Un ejercicio en el que \u00abel respaldo de Onda Cero, junto al resto de medios de comunicaci\u00f3n de la provincia, ser\u00e1 fundamental, porque sin ellos ser\u00eda mucho m\u00e1s dif\u00edcil dar a conocer a jiennenses y for\u00e1neos\u00bb estas actividades y proyectos tur\u00edsticos.<\/p>\n<p>Por \u00faltimo, ha expuesto que con la presentaci\u00f3n de &#8216;Tierras de Ja\u00e9n&#8217; en Fitur se nuestra y demuestra el \u00abapoyo a los profesionales de la comunicaci\u00f3n y la informaci\u00f3n\u00bb de la provincia, adem\u00e1s de \u00abdesear que la revista llegue al mayor n\u00famero de lectores para que puedan descubrir los innumerables encantos de Ja\u00e9n que entre sus p\u00e1ginas recoge\u00bb.<\/p>\n","protected":false},"excerpt":{"rendered":"<p>La Feria Internacional de Turismo, Fitur, ha acogido este jueves la presentaci\u00f3n del d\u00e9cimo n\u00famero de la revista &#8216;Tierras de Ja\u00e9n&#8217; que con car\u00e1cter anual edita Onda Cero Ja\u00e9n para \u00abacercar y descubrir lo mejor de nuestra provincia\u00bb. As\u00ed lo ha destacado la delegada del Gobierno andaluz, Ana Cobo, que ha participado en el acto,<\/p>\n","protected":false},"author":1,"featured_media":61827,"comment_status":"open","ping_status":"closed","sticky":false,"template":"","format":"standard","meta":{"footnotes":""},"categories":[224],"tags":[],"class_list":{"0":"post-61826","1":"post","2":"type-post","3":"status-publish","4":"format-standard","5":"has-post-thumbnail","7":"category-noticias-actualidad"},"aioseo_notices":[],"aioseo_head":"\n\t\t<!-- All in One SEO Pro 4.9.6.1 - aioseo.com -->\n\t<meta name=\"description\" content=\"La Feria Internacional de Turismo, Fitur, ha acogido este jueves la presentaci\u00f3n del d\u00e9cimo n\u00famero de la revista &#039;Tierras de Ja\u00e9n&#039; que con car\u00e1cter anual edita Onda Cero Ja\u00e9n para &quot;acercar y descubrir lo mejor de nuestra provincia&quot;. As\u00ed lo ha destacado la delegada del Gobierno andaluz, Ana Cobo, que ha participado en el acto,\" \/>\n\t<meta name=\"robots\" content=\"max-image-preview:large\" \/>\n\t<meta name=\"author\" content=\"admin\"\/>\n\t<meta name=\"google-site-verification\" content=\"UA-38556648-1\" \/>\n\t<meta name=\"keywords\" content=\"noticias y actualidad\" \/>\n\t<link rel=\"canonical\" href=\"https:\/\/eldigitaldeasturias.com\/magazine365\/presentado-el-decimo-numero-de-la-revista-tierras-de-jaen-que-edita-onda-cero-jaen\/\" \/>\n\t<meta name=\"generator\" content=\"All in One SEO Pro (AIOSEO) 4.9.6.1\" \/>\n\t\t<meta property=\"og:locale\" content=\"es_ES\" \/>\n\t\t<meta property=\"og:site_name\" content=\"El Digital de Asturias \u2013 Revista de ocio, turismo y estilo de vida\" \/>\n\t\t<meta property=\"og:type\" content=\"article\" \/>\n\t\t<meta property=\"og:title\" content=\"Presentado el d\u00e9cimo n\u00famero de la revista \u2018Tierras de Ja\u00e9n\u2019 que edita Onda Cero Ja\u00e9n | El Digital de Asturias\" \/>\n\t\t<meta property=\"og:description\" content=\"La Feria Internacional de Turismo, Fitur, ha acogido este jueves la presentaci\u00f3n del d\u00e9cimo n\u00famero de la revista &#039;Tierras de Ja\u00e9n&#039; que con car\u00e1cter anual edita Onda Cero Ja\u00e9n para &quot;acercar y descubrir lo mejor de nuestra provincia&quot;. As\u00ed lo ha destacado la delegada del Gobierno andaluz, Ana Cobo, que ha participado en el acto,\" \/>\n\t\t<meta property=\"og:url\" content=\"https:\/\/eldigitaldeasturias.com\/magazine365\/presentado-el-decimo-numero-de-la-revista-tierras-de-jaen-que-edita-onda-cero-jaen\/\" \/>\n\t\t<meta property=\"og:image\" content=\"https:\/\/eldigitaldeasturias.com\/magazine365\/wp-content\/uploads\/2016\/01\/fotonoticia_20160122144651_800.jpg\" \/>\n\t\t<meta property=\"og:image:secure_url\" content=\"https:\/\/eldigitaldeasturias.com\/magazine365\/wp-content\/uploads\/2016\/01\/fotonoticia_20160122144651_800.jpg\" \/>\n\t\t<meta property=\"og:image:width\" content=\"800\" \/>\n\t\t<meta property=\"og:image:height\" content=\"600\" \/>\n\t\t<meta property=\"article:published_time\" content=\"2016-01-23T12:45:04+00:00\" \/>\n\t\t<meta property=\"article:modified_time\" content=\"2016-01-23T12:45:04+00:00\" \/>\n\t\t<meta name=\"twitter:card\" content=\"summary_large_image\" \/>\n\t\t<meta name=\"twitter:title\" content=\"Presentado el d\u00e9cimo n\u00famero de la revista \u2018Tierras de Ja\u00e9n\u2019 que edita Onda Cero Ja\u00e9n | El Digital de Asturias\" \/>\n\t\t<meta name=\"twitter:description\" content=\"La Feria Internacional de Turismo, Fitur, ha acogido este jueves la presentaci\u00f3n del d\u00e9cimo n\u00famero de la revista &#039;Tierras de Ja\u00e9n&#039; que con car\u00e1cter anual edita Onda Cero Ja\u00e9n para &quot;acercar y descubrir lo mejor de nuestra provincia&quot;. As\u00ed lo ha destacado la delegada del Gobierno andaluz, Ana Cobo, que ha participado en el acto,\" \/>\n\t\t<meta name=\"twitter:image\" content=\"https:\/\/eldigitaldeasturias.com\/magazine365\/wp-content\/uploads\/2016\/01\/fotonoticia_20160122144651_800.jpg\" \/>\n\t\t<script type=\"application\/ld+json\" class=\"aioseo-schema\">\n\t\t\t{\"@context\":\"https:\\\/\\\/schema.org\",\"@graph\":[{\"@type\":\"Article\",\"@id\":\"https:\\\/\\\/eldigitaldeasturias.com\\\/magazine365\\\/presentado-el-decimo-numero-de-la-revista-tierras-de-jaen-que-edita-onda-cero-jaen\\\/#article\",\"name\":\"Presentado el d\\u00e9cimo n\\u00famero de la revista \\u2018Tierras de Ja\\u00e9n\\u2019 que edita Onda Cero Ja\\u00e9n | El Digital de Asturias\",\"headline\":\"Presentado el d\\u00e9cimo n\\u00famero de la revista &#8216;Tierras de Ja\\u00e9n&#8217; que edita Onda Cero Ja\\u00e9n\",\"author\":{\"@id\":\"https:\\\/\\\/eldigitaldeasturias.com\\\/magazine365\\\/author\\\/admin\\\/#author\"},\"publisher\":{\"@id\":\"https:\\\/\\\/eldigitaldeasturias.com\\\/magazine365\\\/#organization\"},\"image\":{\"@type\":\"ImageObject\",\"url\":\"https:\\\/\\\/eldigitaldeasturias.com\\\/magazine365\\\/wp-content\\\/uploads\\\/2016\\\/01\\\/fotonoticia_20160122144651_800.jpg\",\"width\":800,\"height\":600},\"datePublished\":\"2016-01-23T13:45:04+01:00\",\"dateModified\":\"2016-01-23T13:45:04+01:00\",\"inLanguage\":\"es-ES\",\"mainEntityOfPage\":{\"@id\":\"https:\\\/\\\/eldigitaldeasturias.com\\\/magazine365\\\/presentado-el-decimo-numero-de-la-revista-tierras-de-jaen-que-edita-onda-cero-jaen\\\/#webpage\"},\"isPartOf\":{\"@id\":\"https:\\\/\\\/eldigitaldeasturias.com\\\/magazine365\\\/presentado-el-decimo-numero-de-la-revista-tierras-de-jaen-que-edita-onda-cero-jaen\\\/#webpage\"},\"articleSection\":\"Noticias y Actualidad\"},{\"@type\":\"BreadcrumbList\",\"@id\":\"https:\\\/\\\/eldigitaldeasturias.com\\\/magazine365\\\/presentado-el-decimo-numero-de-la-revista-tierras-de-jaen-que-edita-onda-cero-jaen\\\/#breadcrumblist\",\"itemListElement\":[{\"@type\":\"ListItem\",\"@id\":\"https:\\\/\\\/eldigitaldeasturias.com\\\/magazine365#listItem\",\"position\":1,\"name\":\"Home\",\"item\":\"https:\\\/\\\/eldigitaldeasturias.com\\\/magazine365\",\"nextItem\":{\"@type\":\"ListItem\",\"@id\":\"https:\\\/\\\/eldigitaldeasturias.com\\\/magazine365\\\/category\\\/noticias-actualidad\\\/#listItem\",\"name\":\"Noticias y Actualidad\"}},{\"@type\":\"ListItem\",\"@id\":\"https:\\\/\\\/eldigitaldeasturias.com\\\/magazine365\\\/category\\\/noticias-actualidad\\\/#listItem\",\"position\":2,\"name\":\"Noticias y Actualidad\",\"item\":\"https:\\\/\\\/eldigitaldeasturias.com\\\/magazine365\\\/category\\\/noticias-actualidad\\\/\",\"nextItem\":{\"@type\":\"ListItem\",\"@id\":\"https:\\\/\\\/eldigitaldeasturias.com\\\/magazine365\\\/presentado-el-decimo-numero-de-la-revista-tierras-de-jaen-que-edita-onda-cero-jaen\\\/#listItem\",\"name\":\"Presentado el d\\u00e9cimo n\\u00famero de la revista &#8216;Tierras de Ja\\u00e9n&#8217; que edita Onda Cero Ja\\u00e9n\"},\"previousItem\":{\"@type\":\"ListItem\",\"@id\":\"https:\\\/\\\/eldigitaldeasturias.com\\\/magazine365#listItem\",\"name\":\"Home\"}},{\"@type\":\"ListItem\",\"@id\":\"https:\\\/\\\/eldigitaldeasturias.com\\\/magazine365\\\/presentado-el-decimo-numero-de-la-revista-tierras-de-jaen-que-edita-onda-cero-jaen\\\/#listItem\",\"position\":3,\"name\":\"Presentado el d\\u00e9cimo n\\u00famero de la revista &#8216;Tierras de Ja\\u00e9n&#8217; que edita Onda Cero Ja\\u00e9n\",\"previousItem\":{\"@type\":\"ListItem\",\"@id\":\"https:\\\/\\\/eldigitaldeasturias.com\\\/magazine365\\\/category\\\/noticias-actualidad\\\/#listItem\",\"name\":\"Noticias y Actualidad\"}}]},{\"@type\":\"Organization\",\"@id\":\"https:\\\/\\\/eldigitaldeasturias.com\\\/magazine365\\\/#organization\",\"name\":\"El digital de Asturias\",\"description\":\"Revista de ocio, turismo y estilo de vida\",\"url\":\"https:\\\/\\\/eldigitaldeasturias.com\\\/magazine365\\\/\",\"logo\":{\"@type\":\"ImageObject\",\"url\":\"https:\\\/\\\/www.eldigitaldeasturias.com\\\/noticias\\\/wp-content\\\/uploads\\\/2020\\\/12\\\/EDA.jpg\",\"@id\":\"https:\\\/\\\/eldigitaldeasturias.com\\\/magazine365\\\/presentado-el-decimo-numero-de-la-revista-tierras-de-jaen-que-edita-onda-cero-jaen\\\/#organizationLogo\"},\"image\":{\"@id\":\"https:\\\/\\\/eldigitaldeasturias.com\\\/magazine365\\\/presentado-el-decimo-numero-de-la-revista-tierras-de-jaen-que-edita-onda-cero-jaen\\\/#organizationLogo\"}},{\"@type\":\"Person\",\"@id\":\"https:\\\/\\\/eldigitaldeasturias.com\\\/magazine365\\\/author\\\/admin\\\/#author\",\"url\":\"https:\\\/\\\/eldigitaldeasturias.com\\\/magazine365\\\/author\\\/admin\\\/\",\"name\":\"admin\",\"image\":{\"@type\":\"ImageObject\",\"@id\":\"https:\\\/\\\/eldigitaldeasturias.com\\\/magazine365\\\/presentado-el-decimo-numero-de-la-revista-tierras-de-jaen-que-edita-onda-cero-jaen\\\/#authorImage\",\"url\":\"https:\\\/\\\/eldigitaldeasturias.com\\\/magazine365\\\/wp-content\\\/litespeed\\\/avatar\\\/e571bcf59a0edd6fa6838245a470f2fe.jpg?ver=1776969259\",\"width\":96,\"height\":96,\"caption\":\"admin\"}},{\"@type\":\"WebPage\",\"@id\":\"https:\\\/\\\/eldigitaldeasturias.com\\\/magazine365\\\/presentado-el-decimo-numero-de-la-revista-tierras-de-jaen-que-edita-onda-cero-jaen\\\/#webpage\",\"url\":\"https:\\\/\\\/eldigitaldeasturias.com\\\/magazine365\\\/presentado-el-decimo-numero-de-la-revista-tierras-de-jaen-que-edita-onda-cero-jaen\\\/\",\"name\":\"Presentado el d\\u00e9cimo n\\u00famero de la revista \\u2018Tierras de Ja\\u00e9n\\u2019 que edita Onda Cero Ja\\u00e9n | El Digital de Asturias\",\"description\":\"La Feria Internacional de Turismo, Fitur, ha acogido este jueves la presentaci\\u00f3n del d\\u00e9cimo n\\u00famero de la revista 'Tierras de Ja\\u00e9n' que con car\\u00e1cter anual edita Onda Cero Ja\\u00e9n para \\\"acercar y descubrir lo mejor de nuestra provincia\\\". As\\u00ed lo ha destacado la delegada del Gobierno andaluz, Ana Cobo, que ha participado en el acto,\",\"inLanguage\":\"es-ES\",\"isPartOf\":{\"@id\":\"https:\\\/\\\/eldigitaldeasturias.com\\\/magazine365\\\/#website\"},\"breadcrumb\":{\"@id\":\"https:\\\/\\\/eldigitaldeasturias.com\\\/magazine365\\\/presentado-el-decimo-numero-de-la-revista-tierras-de-jaen-que-edita-onda-cero-jaen\\\/#breadcrumblist\"},\"author\":{\"@id\":\"https:\\\/\\\/eldigitaldeasturias.com\\\/magazine365\\\/author\\\/admin\\\/#author\"},\"creator\":{\"@id\":\"https:\\\/\\\/eldigitaldeasturias.com\\\/magazine365\\\/author\\\/admin\\\/#author\"},\"image\":{\"@type\":\"ImageObject\",\"url\":\"https:\\\/\\\/eldigitaldeasturias.com\\\/magazine365\\\/wp-content\\\/uploads\\\/2016\\\/01\\\/fotonoticia_20160122144651_800.jpg\",\"@id\":\"https:\\\/\\\/eldigitaldeasturias.com\\\/magazine365\\\/presentado-el-decimo-numero-de-la-revista-tierras-de-jaen-que-edita-onda-cero-jaen\\\/#mainImage\",\"width\":800,\"height\":600},\"primaryImageOfPage\":{\"@id\":\"https:\\\/\\\/eldigitaldeasturias.com\\\/magazine365\\\/presentado-el-decimo-numero-de-la-revista-tierras-de-jaen-que-edita-onda-cero-jaen\\\/#mainImage\"},\"datePublished\":\"2016-01-23T13:45:04+01:00\",\"dateModified\":\"2016-01-23T13:45:04+01:00\"},{\"@type\":\"WebSite\",\"@id\":\"https:\\\/\\\/eldigitaldeasturias.com\\\/magazine365\\\/#website\",\"url\":\"https:\\\/\\\/eldigitaldeasturias.com\\\/magazine365\\\/\",\"name\":\"El Digital de Asturias\",\"description\":\"Revista de ocio, turismo y estilo de vida\",\"inLanguage\":\"es-ES\",\"publisher\":{\"@id\":\"https:\\\/\\\/eldigitaldeasturias.com\\\/magazine365\\\/#organization\"}}]}\n\t\t<\/script>\n\t\t<!-- All in One SEO Pro -->\r\n\t\t<title>Presentado el d\u00e9cimo n\u00famero de la revista \u2018Tierras de Ja\u00e9n\u2019 que edita Onda Cero Ja\u00e9n | El Digital de Asturias<\/title>\n\n","aioseo_head_json":{"title":"Presentado el d\u00e9cimo n\u00famero de la revista \u2018Tierras de Ja\u00e9n\u2019 que edita Onda Cero Ja\u00e9n | El Digital de Asturias","description":"La Feria Internacional de Turismo, Fitur, ha acogido este jueves la presentaci\u00f3n del d\u00e9cimo n\u00famero de la revista 'Tierras de Ja\u00e9n' que con car\u00e1cter anual edita Onda Cero Ja\u00e9n para \"acercar y descubrir lo mejor de nuestra provincia\". As\u00ed lo ha destacado la delegada del Gobierno andaluz, Ana Cobo, que ha participado en el acto,","canonical_url":"https:\/\/eldigitaldeasturias.com\/magazine365\/presentado-el-decimo-numero-de-la-revista-tierras-de-jaen-que-edita-onda-cero-jaen\/","robots":"max-image-preview:large","keywords":"noticias y actualidad","webmasterTools":{"google-site-verification":"UA-38556648-1","miscellaneous":""},"schema":{"@context":"https:\/\/schema.org","@graph":[{"@type":"Article","@id":"https:\/\/eldigitaldeasturias.com\/magazine365\/presentado-el-decimo-numero-de-la-revista-tierras-de-jaen-que-edita-onda-cero-jaen\/#article","name":"Presentado el d\u00e9cimo n\u00famero de la revista \u2018Tierras de Ja\u00e9n\u2019 que edita Onda Cero Ja\u00e9n | El Digital de Asturias","headline":"Presentado el d\u00e9cimo n\u00famero de la revista &#8216;Tierras de Ja\u00e9n&#8217; que edita Onda Cero Ja\u00e9n","author":{"@id":"https:\/\/eldigitaldeasturias.com\/magazine365\/author\/admin\/#author"},"publisher":{"@id":"https:\/\/eldigitaldeasturias.com\/magazine365\/#organization"},"image":{"@type":"ImageObject","url":"https:\/\/eldigitaldeasturias.com\/magazine365\/wp-content\/uploads\/2016\/01\/fotonoticia_20160122144651_800.jpg","width":800,"height":600},"datePublished":"2016-01-23T13:45:04+01:00","dateModified":"2016-01-23T13:45:04+01:00","inLanguage":"es-ES","mainEntityOfPage":{"@id":"https:\/\/eldigitaldeasturias.com\/magazine365\/presentado-el-decimo-numero-de-la-revista-tierras-de-jaen-que-edita-onda-cero-jaen\/#webpage"},"isPartOf":{"@id":"https:\/\/eldigitaldeasturias.com\/magazine365\/presentado-el-decimo-numero-de-la-revista-tierras-de-jaen-que-edita-onda-cero-jaen\/#webpage"},"articleSection":"Noticias y Actualidad"},{"@type":"BreadcrumbList","@id":"https:\/\/eldigitaldeasturias.com\/magazine365\/presentado-el-decimo-numero-de-la-revista-tierras-de-jaen-que-edita-onda-cero-jaen\/#breadcrumblist","itemListElement":[{"@type":"ListItem","@id":"https:\/\/eldigitaldeasturias.com\/magazine365#listItem","position":1,"name":"Home","item":"https:\/\/eldigitaldeasturias.com\/magazine365","nextItem":{"@type":"ListItem","@id":"https:\/\/eldigitaldeasturias.com\/magazine365\/category\/noticias-actualidad\/#listItem","name":"Noticias y Actualidad"}},{"@type":"ListItem","@id":"https:\/\/eldigitaldeasturias.com\/magazine365\/category\/noticias-actualidad\/#listItem","position":2,"name":"Noticias y Actualidad","item":"https:\/\/eldigitaldeasturias.com\/magazine365\/category\/noticias-actualidad\/","nextItem":{"@type":"ListItem","@id":"https:\/\/eldigitaldeasturias.com\/magazine365\/presentado-el-decimo-numero-de-la-revista-tierras-de-jaen-que-edita-onda-cero-jaen\/#listItem","name":"Presentado el d\u00e9cimo n\u00famero de la revista &#8216;Tierras de Ja\u00e9n&#8217; que edita Onda Cero Ja\u00e9n"},"previousItem":{"@type":"ListItem","@id":"https:\/\/eldigitaldeasturias.com\/magazine365#listItem","name":"Home"}},{"@type":"ListItem","@id":"https:\/\/eldigitaldeasturias.com\/magazine365\/presentado-el-decimo-numero-de-la-revista-tierras-de-jaen-que-edita-onda-cero-jaen\/#listItem","position":3,"name":"Presentado el d\u00e9cimo n\u00famero de la revista &#8216;Tierras de Ja\u00e9n&#8217; que edita Onda Cero Ja\u00e9n","previousItem":{"@type":"ListItem","@id":"https:\/\/eldigitaldeasturias.com\/magazine365\/category\/noticias-actualidad\/#listItem","name":"Noticias y Actualidad"}}]},{"@type":"Organization","@id":"https:\/\/eldigitaldeasturias.com\/magazine365\/#organization","name":"El digital de Asturias","description":"Revista de ocio, turismo y estilo de vida","url":"https:\/\/eldigitaldeasturias.com\/magazine365\/","logo":{"@type":"ImageObject","url":"https:\/\/www.eldigitaldeasturias.com\/noticias\/wp-content\/uploads\/2020\/12\/EDA.jpg","@id":"https:\/\/eldigitaldeasturias.com\/magazine365\/presentado-el-decimo-numero-de-la-revista-tierras-de-jaen-que-edita-onda-cero-jaen\/#organizationLogo"},"image":{"@id":"https:\/\/eldigitaldeasturias.com\/magazine365\/presentado-el-decimo-numero-de-la-revista-tierras-de-jaen-que-edita-onda-cero-jaen\/#organizationLogo"}},{"@type":"Person","@id":"https:\/\/eldigitaldeasturias.com\/magazine365\/author\/admin\/#author","url":"https:\/\/eldigitaldeasturias.com\/magazine365\/author\/admin\/","name":"admin","image":{"@type":"ImageObject","@id":"https:\/\/eldigitaldeasturias.com\/magazine365\/presentado-el-decimo-numero-de-la-revista-tierras-de-jaen-que-edita-onda-cero-jaen\/#authorImage","url":"https:\/\/eldigitaldeasturias.com\/magazine365\/wp-content\/litespeed\/avatar\/e571bcf59a0edd6fa6838245a470f2fe.jpg?ver=1776969259","width":96,"height":96,"caption":"admin"}},{"@type":"WebPage","@id":"https:\/\/eldigitaldeasturias.com\/magazine365\/presentado-el-decimo-numero-de-la-revista-tierras-de-jaen-que-edita-onda-cero-jaen\/#webpage","url":"https:\/\/eldigitaldeasturias.com\/magazine365\/presentado-el-decimo-numero-de-la-revista-tierras-de-jaen-que-edita-onda-cero-jaen\/","name":"Presentado el d\u00e9cimo n\u00famero de la revista \u2018Tierras de Ja\u00e9n\u2019 que edita Onda Cero Ja\u00e9n | El Digital de Asturias","description":"La Feria Internacional de Turismo, Fitur, ha acogido este jueves la presentaci\u00f3n del d\u00e9cimo n\u00famero de la revista 'Tierras de Ja\u00e9n' que con car\u00e1cter anual edita Onda Cero Ja\u00e9n para \"acercar y descubrir lo mejor de nuestra provincia\". As\u00ed lo ha destacado la delegada del Gobierno andaluz, Ana Cobo, que ha participado en el acto,","inLanguage":"es-ES","isPartOf":{"@id":"https:\/\/eldigitaldeasturias.com\/magazine365\/#website"},"breadcrumb":{"@id":"https:\/\/eldigitaldeasturias.com\/magazine365\/presentado-el-decimo-numero-de-la-revista-tierras-de-jaen-que-edita-onda-cero-jaen\/#breadcrumblist"},"author":{"@id":"https:\/\/eldigitaldeasturias.com\/magazine365\/author\/admin\/#author"},"creator":{"@id":"https:\/\/eldigitaldeasturias.com\/magazine365\/author\/admin\/#author"},"image":{"@type":"ImageObject","url":"https:\/\/eldigitaldeasturias.com\/magazine365\/wp-content\/uploads\/2016\/01\/fotonoticia_20160122144651_800.jpg","@id":"https:\/\/eldigitaldeasturias.com\/magazine365\/presentado-el-decimo-numero-de-la-revista-tierras-de-jaen-que-edita-onda-cero-jaen\/#mainImage","width":800,"height":600},"primaryImageOfPage":{"@id":"https:\/\/eldigitaldeasturias.com\/magazine365\/presentado-el-decimo-numero-de-la-revista-tierras-de-jaen-que-edita-onda-cero-jaen\/#mainImage"},"datePublished":"2016-01-23T13:45:04+01:00","dateModified":"2016-01-23T13:45:04+01:00"},{"@type":"WebSite","@id":"https:\/\/eldigitaldeasturias.com\/magazine365\/#website","url":"https:\/\/eldigitaldeasturias.com\/magazine365\/","name":"El Digital de Asturias","description":"Revista de ocio, turismo y estilo de vida","inLanguage":"es-ES","publisher":{"@id":"https:\/\/eldigitaldeasturias.com\/magazine365\/#organization"}}]},"og:locale":"es_ES","og:site_name":"El Digital de Asturias \u2013 Revista de ocio, turismo y estilo de vida","og:type":"article","og:title":"Presentado el d\u00e9cimo n\u00famero de la revista \u2018Tierras de Ja\u00e9n\u2019 que edita Onda Cero Ja\u00e9n | El Digital de Asturias","og:description":"La Feria Internacional de Turismo, Fitur, ha acogido este jueves la presentaci\u00f3n del d\u00e9cimo n\u00famero de la revista 'Tierras de Ja\u00e9n' que con car\u00e1cter anual edita Onda Cero Ja\u00e9n para &quot;acercar y descubrir lo mejor de nuestra provincia&quot;. As\u00ed lo ha destacado la delegada del Gobierno andaluz, Ana Cobo, que ha participado en el acto,","og:url":"https:\/\/eldigitaldeasturias.com\/magazine365\/presentado-el-decimo-numero-de-la-revista-tierras-de-jaen-que-edita-onda-cero-jaen\/","og:image":"https:\/\/eldigitaldeasturias.com\/magazine365\/wp-content\/uploads\/2016\/01\/fotonoticia_20160122144651_800.jpg","og:image:secure_url":"https:\/\/eldigitaldeasturias.com\/magazine365\/wp-content\/uploads\/2016\/01\/fotonoticia_20160122144651_800.jpg","og:image:width":800,"og:image:height":600,"article:published_time":"2016-01-23T12:45:04+00:00","article:modified_time":"2016-01-23T12:45:04+00:00","twitter:card":"summary_large_image","twitter:title":"Presentado el d\u00e9cimo n\u00famero de la revista \u2018Tierras de Ja\u00e9n\u2019 que edita Onda Cero Ja\u00e9n | El Digital de Asturias","twitter:description":"La Feria Internacional de Turismo, Fitur, ha acogido este jueves la presentaci\u00f3n del d\u00e9cimo n\u00famero de la revista 'Tierras de Ja\u00e9n' que con car\u00e1cter anual edita Onda Cero Ja\u00e9n para &quot;acercar y descubrir lo mejor de nuestra provincia&quot;. As\u00ed lo ha destacado la delegada del Gobierno andaluz, Ana Cobo, que ha participado en el acto,","twitter:image":"https:\/\/eldigitaldeasturias.com\/magazine365\/wp-content\/uploads\/2016\/01\/fotonoticia_20160122144651_800.jpg"},"aioseo_meta_data":{"post_id":"61826","title":null,"description":null,"keywords":null,"keyphrases":null,"primary_term":null,"canonical_url":null,"og_title":null,"og_description":null,"og_object_type":"default","og_image_type":"default","og_image_url":null,"og_image_width":null,"og_image_height":null,"og_image_custom_url":null,"og_image_custom_fields":null,"og_video":null,"og_custom_url":null,"og_article_section":null,"og_article_tags":null,"twitter_use_og":false,"twitter_card":"default","twitter_image_type":"default","twitter_image_url":null,"twitter_image_custom_url":null,"twitter_image_custom_fields":null,"twitter_title":null,"twitter_description":null,"schema":{"blockGraphs":[],"customGraphs":[],"default":{"data":{"Article":[],"Course":[],"Dataset":[],"FAQPage":[],"Movie":[],"Person":[],"Product":[],"ProductReview":[],"Car":[],"Recipe":[],"Service":[],"SoftwareApplication":[],"WebPage":[]},"graphName":"","isEnabled":true},"graphs":[],"defaultGraph":"","defaultPostTypeGraph":""},"schema_type":null,"schema_type_options":null,"pillar_content":false,"robots_default":true,"robots_noindex":false,"robots_noarchive":false,"robots_nosnippet":false,"robots_nofollow":false,"robots_noimageindex":false,"robots_noodp":false,"robots_notranslate":false,"robots_max_snippet":null,"robots_max_videopreview":null,"robots_max_imagepreview":"large","priority":null,"frequency":null,"location":null,"local_seo":null,"seo_analyzer_scan_date":"2025-09-25 09:49:04","breadcrumb_settings":null,"limit_modified_date":false,"open_ai":null,"ai":null,"created":"2021-03-08 21:44:59","updated":"2025-09-25 09:49:04"},"aioseo_breadcrumb":"<div class=\"aioseo-breadcrumbs\"><span class=\"aioseo-breadcrumb\">\n\t<a href=\"https:\/\/eldigitaldeasturias.com\/magazine365\" title=\"Home\">Home<\/a>\n<\/span><span class=\"aioseo-breadcrumb-separator\">\u2013<\/span><span class=\"aioseo-breadcrumb\">\n\t<a href=\"https:\/\/eldigitaldeasturias.com\/magazine365\/category\/noticias-actualidad\/\" title=\"Noticias y Actualidad\">Noticias y Actualidad<\/a>\n<\/span><span class=\"aioseo-breadcrumb-separator\">\u2013<\/span><span class=\"aioseo-breadcrumb\">\n\t<a href=\"https:\/\/eldigitaldeasturias.com\/magazine365\/presentado-el-decimo-numero-de-la-revista-tierras-de-jaen-que-edita-onda-cero-jaen\/\" title=\"Presentado el d\u00e9cimo n\u00famero de la revista \u2018Tierras de Ja\u00e9n\u2019 que edita Onda Cero Ja\u00e9n\">Presentado el d\u00e9cimo n\u00famero de la revista \u2018Tierras de Ja\u00e9n\u2019 que edita Onda Cero Ja\u00e9n<\/a>\n<\/span><\/div>","aioseo_breadcrumb_json":[{"label":"Home","link":"https:\/\/eldigitaldeasturias.com\/magazine365"},{"label":"Noticias y Actualidad","link":"https:\/\/eldigitaldeasturias.com\/magazine365\/category\/noticias-actualidad\/"},{"label":"Presentado el d\u00e9cimo n\u00famero de la revista &#8216;Tierras de Ja\u00e9n&#8217; que edita Onda Cero Ja\u00e9n","link":"https:\/\/eldigitaldeasturias.com\/magazine365\/presentado-el-decimo-numero-de-la-revista-tierras-de-jaen-que-edita-onda-cero-jaen\/"}],"_links":{"self":[{"href":"https:\/\/eldigitaldeasturias.com\/magazine365\/wp-json\/wp\/v2\/posts\/61826","targetHints":{"allow":["GET"]}}],"collection":[{"href":"https:\/\/eldigitaldeasturias.com\/magazine365\/wp-json\/wp\/v2\/posts"}],"about":[{"href":"https:\/\/eldigitaldeasturias.com\/magazine365\/wp-json\/wp\/v2\/types\/post"}],"author":[{"embeddable":true,"href":"https:\/\/eldigitaldeasturias.com\/magazine365\/wp-json\/wp\/v2\/users\/1"}],"replies":[{"embeddable":true,"href":"https:\/\/eldigitaldeasturias.com\/magazine365\/wp-json\/wp\/v2\/comments?post=61826"}],"version-history":[{"count":0,"href":"https:\/\/eldigitaldeasturias.com\/magazine365\/wp-json\/wp\/v2\/posts\/61826\/revisions"}],"wp:featuredmedia":[{"embeddable":true,"href":"https:\/\/eldigitaldeasturias.com\/magazine365\/wp-json\/wp\/v2\/media\/61827"}],"wp:attachment":[{"href":"https:\/\/eldigitaldeasturias.com\/magazine365\/wp-json\/wp\/v2\/media?parent=61826"}],"wp:term":[{"taxonomy":"category","embeddable":true,"href":"https:\/\/eldigitaldeasturias.com\/magazine365\/wp-json\/wp\/v2\/categories?post=61826"},{"taxonomy":"post_tag","embeddable":true,"href":"https:\/\/eldigitaldeasturias.com\/magazine365\/wp-json\/wp\/v2\/tags?post=61826"}],"curies":[{"name":"wp","href":"https:\/\/api.w.org\/{rel}","templated":true}]}}