{"id":61820,"date":"2016-01-23T13:40:36","date_gmt":"2016-01-23T12:40:36","guid":{"rendered":"http:\/\/eldigitaldeasturias.com\/magazine365\/?p=61820"},"modified":"2016-01-23T13:40:36","modified_gmt":"2016-01-23T12:40:36","slug":"la-federacion-del-taxi-de-madrid-denuncia-que-la-cnmc-quiere-acabar-con-la-proteccion-al-usuario","status":"publish","type":"post","link":"https:\/\/eldigitaldeasturias.com\/magazine365\/la-federacion-del-taxi-de-madrid-denuncia-que-la-cnmc-quiere-acabar-con-la-proteccion-al-usuario\/","title":{"rendered":"La Federaci\u00f3n del Taxi de Madrid denuncia que la CNMC \u00abquiere acabar con la protecci\u00f3n al usuario\u00bb"},"content":{"rendered":"<p><img fetchpriority=\"high\" decoding=\"async\" class=\"alignleft size-medium wp-image-61821\" src=\"https:\/\/eldigitaldeasturias.com\/magazine365\/wp-content\/uploads\/2016\/01\/fotonoticia_20160122144315_800-360x228.jpg\" alt=\"fotonoticia_20160122144315_800\" width=\"360\" height=\"228\" srcset=\"https:\/\/eldigitaldeasturias.com\/magazine365\/wp-content\/uploads\/2016\/01\/fotonoticia_20160122144315_800-360x228.jpg 360w, https:\/\/eldigitaldeasturias.com\/magazine365\/wp-content\/uploads\/2016\/01\/fotonoticia_20160122144315_800-650x412.jpg 650w, https:\/\/eldigitaldeasturias.com\/magazine365\/wp-content\/uploads\/2016\/01\/fotonoticia_20160122144315_800-768x487.jpg 768w, https:\/\/eldigitaldeasturias.com\/magazine365\/wp-content\/uploads\/2016\/01\/fotonoticia_20160122144315_800-150x95.jpg 150w, https:\/\/eldigitaldeasturias.com\/magazine365\/wp-content\/uploads\/2016\/01\/fotonoticia_20160122144315_800-450x285.jpg 450w, https:\/\/eldigitaldeasturias.com\/magazine365\/wp-content\/uploads\/2016\/01\/fotonoticia_20160122144315_800-696x441.jpg 696w, https:\/\/eldigitaldeasturias.com\/magazine365\/wp-content\/uploads\/2016\/01\/fotonoticia_20160122144315_800-663x420.jpg 663w, https:\/\/eldigitaldeasturias.com\/magazine365\/wp-content\/uploads\/2016\/01\/fotonoticia_20160122144315_800-269x170.jpg 269w, https:\/\/eldigitaldeasturias.com\/magazine365\/wp-content\/uploads\/2016\/01\/fotonoticia_20160122144315_800-365x230.jpg 365w, https:\/\/eldigitaldeasturias.com\/magazine365\/wp-content\/uploads\/2016\/01\/fotonoticia_20160122144315_800-355x226.jpg 355w, https:\/\/eldigitaldeasturias.com\/magazine365\/wp-content\/uploads\/2016\/01\/fotonoticia_20160122144315_800-160x100.jpg 160w, https:\/\/eldigitaldeasturias.com\/magazine365\/wp-content\/uploads\/2016\/01\/fotonoticia_20160122144315_800.jpg 800w\" sizes=\"(max-width: 360px) 100vw, 360px\" \/>La Federaci\u00f3n Profesional del Taxi de Madrid (FPTM) ha denunciado que la Comisi\u00f3n Nacional de Mercados y la Competencia (CNMC) \u00abquiere acabar con la protecci\u00f3n al usuario\u00bb tras la \u00abamenaza\u00bb remitida al Gobierno de llevarle a los tribunales si no cambia el Real Decreto que regula la actividad de los veh\u00edculos con conductor (VTC).<\/p>\n<p>En opini\u00f3n de los taxistas madrile\u00f1os, la f\u00f3rmula que utilizan algunas grandes compa\u00f1\u00edas para ofrecer un servicio de transporte de viajeros presenta en la actualidad \u00abvarias lagunas legales\u00bb.<\/p>\n<p>La CNMC inst\u00f3 este jueves al Ministerio de Fomento y al Consejo de Ministros a cambiar la normativa que regula a las empresas de veh\u00edculos de alquiler con conductor aprobada por Real Decreto en noviembre de 2015 al considerar que presenta restricciones a la libre competencia y al \u00abbienestar general\u00bb.<\/p>\n<p>Seg\u00fan los taxistas madrile\u00f1os, esta normativa que el organismo regulador pide modificar limita el n\u00famero de licencias VTC y determina la obligaci\u00f3n del veh\u00edculo de conseguir previamente al cliente, limita su actividad a la comunidad aut\u00f3noma en la que est\u00e9 domiciliada, con un l\u00edmite m\u00e1ximo de servicios fuera de ese territorio, y establece un m\u00ednimo de siete veh\u00edculos por empresa.<\/p>\n<p>En este sentido, el presidente de la FPTM, Julio Sanz, ha explicado que este reglamento se fij\u00f3 hace seis a\u00f1os y que en este tiempo el mercado no ha demandado m\u00e1s servicios de VTC. \u00abQu\u00e9 casualidad que este cambio normativo se plantee ahora que entran en juego los intereses de grandes empresas multinacionales\u00bb, ha se\u00f1alado Sanz.<\/p>\n<p>El presidente de la FPTM ha dicho que la CNMC \u00abha olvidado mencionar la situaci\u00f3n en la que se encuentran en la actualidad otros pa\u00edses\u00bb que \u00abya sufrieron la desregularizaci\u00f3n del sector y donde las tarifas se han multiplicado hasta por 10 e incluso 20 veces, perjudicando al usuario\u00bb como consecuencia \u00abdel juego de la oferta y la demanda\u00bb.<\/p>\n<p>\u00abParece que Competencia se empe\u00f1a en maltratar a un sector que ofrece un servicio p\u00fablico de transporte, con tarifas fijadas por la Administraci\u00f3n, en favor de servicios privados que buscar\u00e1n m\u00e1s la rentabilidad que el inter\u00e9s superior de los usuarios\u00bb, ha concluido.<\/p>\n","protected":false},"excerpt":{"rendered":"<p>La Federaci\u00f3n Profesional del Taxi de Madrid (FPTM) ha denunciado que la Comisi\u00f3n Nacional de Mercados y la Competencia (CNMC) \u00abquiere acabar con la protecci\u00f3n al usuario\u00bb tras la \u00abamenaza\u00bb remitida al Gobierno de llevarle a los tribunales si no cambia el Real Decreto que regula la actividad de los veh\u00edculos con conductor (VTC). En<\/p>\n","protected":false},"author":1,"featured_media":61821,"comment_status":"open","ping_status":"closed","sticky":false,"template":"","format":"standard","meta":{"footnotes":""},"categories":[224],"tags":[],"class_list":{"0":"post-61820","1":"post","2":"type-post","3":"status-publish","4":"format-standard","5":"has-post-thumbnail","7":"category-noticias-actualidad"},"aioseo_notices":[],"aioseo_head":"\n\t\t<!-- All in One SEO Pro 4.9.6.1 - aioseo.com -->\n\t<meta name=\"description\" content=\"La Federaci\u00f3n Profesional del Taxi de Madrid (FPTM) ha denunciado que la Comisi\u00f3n Nacional de Mercados y la Competencia (CNMC) &quot;quiere acabar con la protecci\u00f3n al usuario&quot; tras la &quot;amenaza&quot; remitida al Gobierno de llevarle a los tribunales si no cambia el Real Decreto que regula la actividad de los veh\u00edculos con conductor (VTC). En\" \/>\n\t<meta name=\"robots\" content=\"max-image-preview:large\" \/>\n\t<meta name=\"author\" content=\"admin\"\/>\n\t<meta name=\"google-site-verification\" content=\"UA-38556648-1\" \/>\n\t<meta name=\"keywords\" content=\"noticias y actualidad\" \/>\n\t<link rel=\"canonical\" href=\"https:\/\/eldigitaldeasturias.com\/magazine365\/la-federacion-del-taxi-de-madrid-denuncia-que-la-cnmc-quiere-acabar-con-la-proteccion-al-usuario\/\" \/>\n\t<meta name=\"generator\" content=\"All in One SEO Pro (AIOSEO) 4.9.6.1\" \/>\n\t\t<meta property=\"og:locale\" content=\"es_ES\" \/>\n\t\t<meta property=\"og:site_name\" content=\"El Digital de Asturias \u2013 Revista de ocio, turismo y estilo de vida\" \/>\n\t\t<meta property=\"og:type\" content=\"article\" \/>\n\t\t<meta property=\"og:title\" content=\"La Federaci\u00f3n del Taxi de Madrid denuncia que la CNMC \u00abquiere acabar con la protecci\u00f3n al usuario\u00bb | El Digital de Asturias\" \/>\n\t\t<meta property=\"og:description\" content=\"La Federaci\u00f3n Profesional del Taxi de Madrid (FPTM) ha denunciado que la Comisi\u00f3n Nacional de Mercados y la Competencia (CNMC) &quot;quiere acabar con la protecci\u00f3n al usuario&quot; tras la &quot;amenaza&quot; remitida al Gobierno de llevarle a los tribunales si no cambia el Real Decreto que regula la actividad de los veh\u00edculos con conductor (VTC). En\" \/>\n\t\t<meta property=\"og:url\" content=\"https:\/\/eldigitaldeasturias.com\/magazine365\/la-federacion-del-taxi-de-madrid-denuncia-que-la-cnmc-quiere-acabar-con-la-proteccion-al-usuario\/\" \/>\n\t\t<meta property=\"og:image\" content=\"https:\/\/eldigitaldeasturias.com\/magazine365\/wp-content\/uploads\/2016\/01\/fotonoticia_20160122144315_800.jpg\" \/>\n\t\t<meta property=\"og:image:secure_url\" content=\"https:\/\/eldigitaldeasturias.com\/magazine365\/wp-content\/uploads\/2016\/01\/fotonoticia_20160122144315_800.jpg\" \/>\n\t\t<meta property=\"og:image:width\" content=\"800\" \/>\n\t\t<meta property=\"og:image:height\" content=\"507\" \/>\n\t\t<meta property=\"article:published_time\" content=\"2016-01-23T12:40:36+00:00\" \/>\n\t\t<meta property=\"article:modified_time\" content=\"2016-01-23T12:40:36+00:00\" \/>\n\t\t<meta name=\"twitter:card\" content=\"summary_large_image\" \/>\n\t\t<meta name=\"twitter:title\" content=\"La Federaci\u00f3n del Taxi de Madrid denuncia que la CNMC \u00abquiere acabar con la protecci\u00f3n al usuario\u00bb | El Digital de Asturias\" \/>\n\t\t<meta name=\"twitter:description\" content=\"La Federaci\u00f3n Profesional del Taxi de Madrid (FPTM) ha denunciado que la Comisi\u00f3n Nacional de Mercados y la Competencia (CNMC) &quot;quiere acabar con la protecci\u00f3n al usuario&quot; tras la &quot;amenaza&quot; remitida al Gobierno de llevarle a los tribunales si no cambia el Real Decreto que regula la actividad de los veh\u00edculos con conductor (VTC). En\" \/>\n\t\t<meta name=\"twitter:image\" content=\"https:\/\/eldigitaldeasturias.com\/magazine365\/wp-content\/uploads\/2016\/01\/fotonoticia_20160122144315_800.jpg\" \/>\n\t\t<script type=\"application\/ld+json\" class=\"aioseo-schema\">\n\t\t\t{\"@context\":\"https:\\\/\\\/schema.org\",\"@graph\":[{\"@type\":\"Article\",\"@id\":\"https:\\\/\\\/eldigitaldeasturias.com\\\/magazine365\\\/la-federacion-del-taxi-de-madrid-denuncia-que-la-cnmc-quiere-acabar-con-la-proteccion-al-usuario\\\/#article\",\"name\":\"La Federaci\\u00f3n del Taxi de Madrid denuncia que la CNMC \\u00abquiere acabar con la protecci\\u00f3n al usuario\\u00bb | El Digital de Asturias\",\"headline\":\"La Federaci\\u00f3n del Taxi de Madrid denuncia que la CNMC \\u00abquiere acabar con la protecci\\u00f3n al usuario\\u00bb\",\"author\":{\"@id\":\"https:\\\/\\\/eldigitaldeasturias.com\\\/magazine365\\\/author\\\/admin\\\/#author\"},\"publisher\":{\"@id\":\"https:\\\/\\\/eldigitaldeasturias.com\\\/magazine365\\\/#organization\"},\"image\":{\"@type\":\"ImageObject\",\"url\":\"https:\\\/\\\/eldigitaldeasturias.com\\\/magazine365\\\/wp-content\\\/uploads\\\/2016\\\/01\\\/fotonoticia_20160122144315_800.jpg\",\"width\":800,\"height\":507},\"datePublished\":\"2016-01-23T13:40:36+01:00\",\"dateModified\":\"2016-01-23T13:40:36+01:00\",\"inLanguage\":\"es-ES\",\"mainEntityOfPage\":{\"@id\":\"https:\\\/\\\/eldigitaldeasturias.com\\\/magazine365\\\/la-federacion-del-taxi-de-madrid-denuncia-que-la-cnmc-quiere-acabar-con-la-proteccion-al-usuario\\\/#webpage\"},\"isPartOf\":{\"@id\":\"https:\\\/\\\/eldigitaldeasturias.com\\\/magazine365\\\/la-federacion-del-taxi-de-madrid-denuncia-que-la-cnmc-quiere-acabar-con-la-proteccion-al-usuario\\\/#webpage\"},\"articleSection\":\"Noticias y Actualidad\"},{\"@type\":\"BreadcrumbList\",\"@id\":\"https:\\\/\\\/eldigitaldeasturias.com\\\/magazine365\\\/la-federacion-del-taxi-de-madrid-denuncia-que-la-cnmc-quiere-acabar-con-la-proteccion-al-usuario\\\/#breadcrumblist\",\"itemListElement\":[{\"@type\":\"ListItem\",\"@id\":\"https:\\\/\\\/eldigitaldeasturias.com\\\/magazine365#listItem\",\"position\":1,\"name\":\"Home\",\"item\":\"https:\\\/\\\/eldigitaldeasturias.com\\\/magazine365\",\"nextItem\":{\"@type\":\"ListItem\",\"@id\":\"https:\\\/\\\/eldigitaldeasturias.com\\\/magazine365\\\/category\\\/noticias-actualidad\\\/#listItem\",\"name\":\"Noticias y Actualidad\"}},{\"@type\":\"ListItem\",\"@id\":\"https:\\\/\\\/eldigitaldeasturias.com\\\/magazine365\\\/category\\\/noticias-actualidad\\\/#listItem\",\"position\":2,\"name\":\"Noticias y Actualidad\",\"item\":\"https:\\\/\\\/eldigitaldeasturias.com\\\/magazine365\\\/category\\\/noticias-actualidad\\\/\",\"nextItem\":{\"@type\":\"ListItem\",\"@id\":\"https:\\\/\\\/eldigitaldeasturias.com\\\/magazine365\\\/la-federacion-del-taxi-de-madrid-denuncia-que-la-cnmc-quiere-acabar-con-la-proteccion-al-usuario\\\/#listItem\",\"name\":\"La Federaci\\u00f3n del Taxi de Madrid denuncia que la CNMC \\u00abquiere acabar con la protecci\\u00f3n al usuario\\u00bb\"},\"previousItem\":{\"@type\":\"ListItem\",\"@id\":\"https:\\\/\\\/eldigitaldeasturias.com\\\/magazine365#listItem\",\"name\":\"Home\"}},{\"@type\":\"ListItem\",\"@id\":\"https:\\\/\\\/eldigitaldeasturias.com\\\/magazine365\\\/la-federacion-del-taxi-de-madrid-denuncia-que-la-cnmc-quiere-acabar-con-la-proteccion-al-usuario\\\/#listItem\",\"position\":3,\"name\":\"La Federaci\\u00f3n del Taxi de Madrid denuncia que la CNMC \\u00abquiere acabar con la protecci\\u00f3n al usuario\\u00bb\",\"previousItem\":{\"@type\":\"ListItem\",\"@id\":\"https:\\\/\\\/eldigitaldeasturias.com\\\/magazine365\\\/category\\\/noticias-actualidad\\\/#listItem\",\"name\":\"Noticias y Actualidad\"}}]},{\"@type\":\"Organization\",\"@id\":\"https:\\\/\\\/eldigitaldeasturias.com\\\/magazine365\\\/#organization\",\"name\":\"El digital de Asturias\",\"description\":\"Revista de ocio, turismo y estilo de vida\",\"url\":\"https:\\\/\\\/eldigitaldeasturias.com\\\/magazine365\\\/\",\"logo\":{\"@type\":\"ImageObject\",\"url\":\"https:\\\/\\\/www.eldigitaldeasturias.com\\\/noticias\\\/wp-content\\\/uploads\\\/2020\\\/12\\\/EDA.jpg\",\"@id\":\"https:\\\/\\\/eldigitaldeasturias.com\\\/magazine365\\\/la-federacion-del-taxi-de-madrid-denuncia-que-la-cnmc-quiere-acabar-con-la-proteccion-al-usuario\\\/#organizationLogo\"},\"image\":{\"@id\":\"https:\\\/\\\/eldigitaldeasturias.com\\\/magazine365\\\/la-federacion-del-taxi-de-madrid-denuncia-que-la-cnmc-quiere-acabar-con-la-proteccion-al-usuario\\\/#organizationLogo\"}},{\"@type\":\"Person\",\"@id\":\"https:\\\/\\\/eldigitaldeasturias.com\\\/magazine365\\\/author\\\/admin\\\/#author\",\"url\":\"https:\\\/\\\/eldigitaldeasturias.com\\\/magazine365\\\/author\\\/admin\\\/\",\"name\":\"admin\",\"image\":{\"@type\":\"ImageObject\",\"@id\":\"https:\\\/\\\/eldigitaldeasturias.com\\\/magazine365\\\/la-federacion-del-taxi-de-madrid-denuncia-que-la-cnmc-quiere-acabar-con-la-proteccion-al-usuario\\\/#authorImage\",\"url\":\"https:\\\/\\\/eldigitaldeasturias.com\\\/magazine365\\\/wp-content\\\/litespeed\\\/avatar\\\/e571bcf59a0edd6fa6838245a470f2fe.jpg?ver=1776969259\",\"width\":96,\"height\":96,\"caption\":\"admin\"}},{\"@type\":\"WebPage\",\"@id\":\"https:\\\/\\\/eldigitaldeasturias.com\\\/magazine365\\\/la-federacion-del-taxi-de-madrid-denuncia-que-la-cnmc-quiere-acabar-con-la-proteccion-al-usuario\\\/#webpage\",\"url\":\"https:\\\/\\\/eldigitaldeasturias.com\\\/magazine365\\\/la-federacion-del-taxi-de-madrid-denuncia-que-la-cnmc-quiere-acabar-con-la-proteccion-al-usuario\\\/\",\"name\":\"La Federaci\\u00f3n del Taxi de Madrid denuncia que la CNMC \\u00abquiere acabar con la protecci\\u00f3n al usuario\\u00bb | El Digital de Asturias\",\"description\":\"La Federaci\\u00f3n Profesional del Taxi de Madrid (FPTM) ha denunciado que la Comisi\\u00f3n Nacional de Mercados y la Competencia (CNMC) \\\"quiere acabar con la protecci\\u00f3n al usuario\\\" tras la \\\"amenaza\\\" remitida al Gobierno de llevarle a los tribunales si no cambia el Real Decreto que regula la actividad de los veh\\u00edculos con conductor (VTC). En\",\"inLanguage\":\"es-ES\",\"isPartOf\":{\"@id\":\"https:\\\/\\\/eldigitaldeasturias.com\\\/magazine365\\\/#website\"},\"breadcrumb\":{\"@id\":\"https:\\\/\\\/eldigitaldeasturias.com\\\/magazine365\\\/la-federacion-del-taxi-de-madrid-denuncia-que-la-cnmc-quiere-acabar-con-la-proteccion-al-usuario\\\/#breadcrumblist\"},\"author\":{\"@id\":\"https:\\\/\\\/eldigitaldeasturias.com\\\/magazine365\\\/author\\\/admin\\\/#author\"},\"creator\":{\"@id\":\"https:\\\/\\\/eldigitaldeasturias.com\\\/magazine365\\\/author\\\/admin\\\/#author\"},\"image\":{\"@type\":\"ImageObject\",\"url\":\"https:\\\/\\\/eldigitaldeasturias.com\\\/magazine365\\\/wp-content\\\/uploads\\\/2016\\\/01\\\/fotonoticia_20160122144315_800.jpg\",\"@id\":\"https:\\\/\\\/eldigitaldeasturias.com\\\/magazine365\\\/la-federacion-del-taxi-de-madrid-denuncia-que-la-cnmc-quiere-acabar-con-la-proteccion-al-usuario\\\/#mainImage\",\"width\":800,\"height\":507},\"primaryImageOfPage\":{\"@id\":\"https:\\\/\\\/eldigitaldeasturias.com\\\/magazine365\\\/la-federacion-del-taxi-de-madrid-denuncia-que-la-cnmc-quiere-acabar-con-la-proteccion-al-usuario\\\/#mainImage\"},\"datePublished\":\"2016-01-23T13:40:36+01:00\",\"dateModified\":\"2016-01-23T13:40:36+01:00\"},{\"@type\":\"WebSite\",\"@id\":\"https:\\\/\\\/eldigitaldeasturias.com\\\/magazine365\\\/#website\",\"url\":\"https:\\\/\\\/eldigitaldeasturias.com\\\/magazine365\\\/\",\"name\":\"El Digital de Asturias\",\"description\":\"Revista de ocio, turismo y estilo de vida\",\"inLanguage\":\"es-ES\",\"publisher\":{\"@id\":\"https:\\\/\\\/eldigitaldeasturias.com\\\/magazine365\\\/#organization\"}}]}\n\t\t<\/script>\n\t\t<!-- All in One SEO Pro -->\r\n\t\t<title>La Federaci\u00f3n del Taxi de Madrid denuncia que la CNMC \u00abquiere acabar con la protecci\u00f3n al usuario\u00bb | El Digital de Asturias<\/title>\n\n","aioseo_head_json":{"title":"La Federaci\u00f3n del Taxi de Madrid denuncia que la CNMC \u00abquiere acabar con la protecci\u00f3n al usuario\u00bb | El Digital de Asturias","description":"La Federaci\u00f3n Profesional del Taxi de Madrid (FPTM) ha denunciado que la Comisi\u00f3n Nacional de Mercados y la Competencia (CNMC) \"quiere acabar con la protecci\u00f3n al usuario\" tras la \"amenaza\" remitida al Gobierno de llevarle a los tribunales si no cambia el Real Decreto que regula la actividad de los veh\u00edculos con conductor (VTC). En","canonical_url":"https:\/\/eldigitaldeasturias.com\/magazine365\/la-federacion-del-taxi-de-madrid-denuncia-que-la-cnmc-quiere-acabar-con-la-proteccion-al-usuario\/","robots":"max-image-preview:large","keywords":"noticias y actualidad","webmasterTools":{"google-site-verification":"UA-38556648-1","miscellaneous":""},"schema":{"@context":"https:\/\/schema.org","@graph":[{"@type":"Article","@id":"https:\/\/eldigitaldeasturias.com\/magazine365\/la-federacion-del-taxi-de-madrid-denuncia-que-la-cnmc-quiere-acabar-con-la-proteccion-al-usuario\/#article","name":"La Federaci\u00f3n del Taxi de Madrid denuncia que la CNMC \u00abquiere acabar con la protecci\u00f3n al usuario\u00bb | El Digital de Asturias","headline":"La Federaci\u00f3n del Taxi de Madrid denuncia que la CNMC \u00abquiere acabar con la protecci\u00f3n al usuario\u00bb","author":{"@id":"https:\/\/eldigitaldeasturias.com\/magazine365\/author\/admin\/#author"},"publisher":{"@id":"https:\/\/eldigitaldeasturias.com\/magazine365\/#organization"},"image":{"@type":"ImageObject","url":"https:\/\/eldigitaldeasturias.com\/magazine365\/wp-content\/uploads\/2016\/01\/fotonoticia_20160122144315_800.jpg","width":800,"height":507},"datePublished":"2016-01-23T13:40:36+01:00","dateModified":"2016-01-23T13:40:36+01:00","inLanguage":"es-ES","mainEntityOfPage":{"@id":"https:\/\/eldigitaldeasturias.com\/magazine365\/la-federacion-del-taxi-de-madrid-denuncia-que-la-cnmc-quiere-acabar-con-la-proteccion-al-usuario\/#webpage"},"isPartOf":{"@id":"https:\/\/eldigitaldeasturias.com\/magazine365\/la-federacion-del-taxi-de-madrid-denuncia-que-la-cnmc-quiere-acabar-con-la-proteccion-al-usuario\/#webpage"},"articleSection":"Noticias y Actualidad"},{"@type":"BreadcrumbList","@id":"https:\/\/eldigitaldeasturias.com\/magazine365\/la-federacion-del-taxi-de-madrid-denuncia-que-la-cnmc-quiere-acabar-con-la-proteccion-al-usuario\/#breadcrumblist","itemListElement":[{"@type":"ListItem","@id":"https:\/\/eldigitaldeasturias.com\/magazine365#listItem","position":1,"name":"Home","item":"https:\/\/eldigitaldeasturias.com\/magazine365","nextItem":{"@type":"ListItem","@id":"https:\/\/eldigitaldeasturias.com\/magazine365\/category\/noticias-actualidad\/#listItem","name":"Noticias y Actualidad"}},{"@type":"ListItem","@id":"https:\/\/eldigitaldeasturias.com\/magazine365\/category\/noticias-actualidad\/#listItem","position":2,"name":"Noticias y Actualidad","item":"https:\/\/eldigitaldeasturias.com\/magazine365\/category\/noticias-actualidad\/","nextItem":{"@type":"ListItem","@id":"https:\/\/eldigitaldeasturias.com\/magazine365\/la-federacion-del-taxi-de-madrid-denuncia-que-la-cnmc-quiere-acabar-con-la-proteccion-al-usuario\/#listItem","name":"La Federaci\u00f3n del Taxi de Madrid denuncia que la CNMC \u00abquiere acabar con la protecci\u00f3n al usuario\u00bb"},"previousItem":{"@type":"ListItem","@id":"https:\/\/eldigitaldeasturias.com\/magazine365#listItem","name":"Home"}},{"@type":"ListItem","@id":"https:\/\/eldigitaldeasturias.com\/magazine365\/la-federacion-del-taxi-de-madrid-denuncia-que-la-cnmc-quiere-acabar-con-la-proteccion-al-usuario\/#listItem","position":3,"name":"La Federaci\u00f3n del Taxi de Madrid denuncia que la CNMC \u00abquiere acabar con la protecci\u00f3n al usuario\u00bb","previousItem":{"@type":"ListItem","@id":"https:\/\/eldigitaldeasturias.com\/magazine365\/category\/noticias-actualidad\/#listItem","name":"Noticias y Actualidad"}}]},{"@type":"Organization","@id":"https:\/\/eldigitaldeasturias.com\/magazine365\/#organization","name":"El digital de Asturias","description":"Revista de ocio, turismo y estilo de vida","url":"https:\/\/eldigitaldeasturias.com\/magazine365\/","logo":{"@type":"ImageObject","url":"https:\/\/www.eldigitaldeasturias.com\/noticias\/wp-content\/uploads\/2020\/12\/EDA.jpg","@id":"https:\/\/eldigitaldeasturias.com\/magazine365\/la-federacion-del-taxi-de-madrid-denuncia-que-la-cnmc-quiere-acabar-con-la-proteccion-al-usuario\/#organizationLogo"},"image":{"@id":"https:\/\/eldigitaldeasturias.com\/magazine365\/la-federacion-del-taxi-de-madrid-denuncia-que-la-cnmc-quiere-acabar-con-la-proteccion-al-usuario\/#organizationLogo"}},{"@type":"Person","@id":"https:\/\/eldigitaldeasturias.com\/magazine365\/author\/admin\/#author","url":"https:\/\/eldigitaldeasturias.com\/magazine365\/author\/admin\/","name":"admin","image":{"@type":"ImageObject","@id":"https:\/\/eldigitaldeasturias.com\/magazine365\/la-federacion-del-taxi-de-madrid-denuncia-que-la-cnmc-quiere-acabar-con-la-proteccion-al-usuario\/#authorImage","url":"https:\/\/eldigitaldeasturias.com\/magazine365\/wp-content\/litespeed\/avatar\/e571bcf59a0edd6fa6838245a470f2fe.jpg?ver=1776969259","width":96,"height":96,"caption":"admin"}},{"@type":"WebPage","@id":"https:\/\/eldigitaldeasturias.com\/magazine365\/la-federacion-del-taxi-de-madrid-denuncia-que-la-cnmc-quiere-acabar-con-la-proteccion-al-usuario\/#webpage","url":"https:\/\/eldigitaldeasturias.com\/magazine365\/la-federacion-del-taxi-de-madrid-denuncia-que-la-cnmc-quiere-acabar-con-la-proteccion-al-usuario\/","name":"La Federaci\u00f3n del Taxi de Madrid denuncia que la CNMC \u00abquiere acabar con la protecci\u00f3n al usuario\u00bb | El Digital de Asturias","description":"La Federaci\u00f3n Profesional del Taxi de Madrid (FPTM) ha denunciado que la Comisi\u00f3n Nacional de Mercados y la Competencia (CNMC) \"quiere acabar con la protecci\u00f3n al usuario\" tras la \"amenaza\" remitida al Gobierno de llevarle a los tribunales si no cambia el Real Decreto que regula la actividad de los veh\u00edculos con conductor (VTC). En","inLanguage":"es-ES","isPartOf":{"@id":"https:\/\/eldigitaldeasturias.com\/magazine365\/#website"},"breadcrumb":{"@id":"https:\/\/eldigitaldeasturias.com\/magazine365\/la-federacion-del-taxi-de-madrid-denuncia-que-la-cnmc-quiere-acabar-con-la-proteccion-al-usuario\/#breadcrumblist"},"author":{"@id":"https:\/\/eldigitaldeasturias.com\/magazine365\/author\/admin\/#author"},"creator":{"@id":"https:\/\/eldigitaldeasturias.com\/magazine365\/author\/admin\/#author"},"image":{"@type":"ImageObject","url":"https:\/\/eldigitaldeasturias.com\/magazine365\/wp-content\/uploads\/2016\/01\/fotonoticia_20160122144315_800.jpg","@id":"https:\/\/eldigitaldeasturias.com\/magazine365\/la-federacion-del-taxi-de-madrid-denuncia-que-la-cnmc-quiere-acabar-con-la-proteccion-al-usuario\/#mainImage","width":800,"height":507},"primaryImageOfPage":{"@id":"https:\/\/eldigitaldeasturias.com\/magazine365\/la-federacion-del-taxi-de-madrid-denuncia-que-la-cnmc-quiere-acabar-con-la-proteccion-al-usuario\/#mainImage"},"datePublished":"2016-01-23T13:40:36+01:00","dateModified":"2016-01-23T13:40:36+01:00"},{"@type":"WebSite","@id":"https:\/\/eldigitaldeasturias.com\/magazine365\/#website","url":"https:\/\/eldigitaldeasturias.com\/magazine365\/","name":"El Digital de Asturias","description":"Revista de ocio, turismo y estilo de vida","inLanguage":"es-ES","publisher":{"@id":"https:\/\/eldigitaldeasturias.com\/magazine365\/#organization"}}]},"og:locale":"es_ES","og:site_name":"El Digital de Asturias \u2013 Revista de ocio, turismo y estilo de vida","og:type":"article","og:title":"La Federaci\u00f3n del Taxi de Madrid denuncia que la CNMC \u00abquiere acabar con la protecci\u00f3n al usuario\u00bb | El Digital de Asturias","og:description":"La Federaci\u00f3n Profesional del Taxi de Madrid (FPTM) ha denunciado que la Comisi\u00f3n Nacional de Mercados y la Competencia (CNMC) &quot;quiere acabar con la protecci\u00f3n al usuario&quot; tras la &quot;amenaza&quot; remitida al Gobierno de llevarle a los tribunales si no cambia el Real Decreto que regula la actividad de los veh\u00edculos con conductor (VTC). En","og:url":"https:\/\/eldigitaldeasturias.com\/magazine365\/la-federacion-del-taxi-de-madrid-denuncia-que-la-cnmc-quiere-acabar-con-la-proteccion-al-usuario\/","og:image":"https:\/\/eldigitaldeasturias.com\/magazine365\/wp-content\/uploads\/2016\/01\/fotonoticia_20160122144315_800.jpg","og:image:secure_url":"https:\/\/eldigitaldeasturias.com\/magazine365\/wp-content\/uploads\/2016\/01\/fotonoticia_20160122144315_800.jpg","og:image:width":800,"og:image:height":507,"article:published_time":"2016-01-23T12:40:36+00:00","article:modified_time":"2016-01-23T12:40:36+00:00","twitter:card":"summary_large_image","twitter:title":"La Federaci\u00f3n del Taxi de Madrid denuncia que la CNMC \u00abquiere acabar con la protecci\u00f3n al usuario\u00bb | El Digital de Asturias","twitter:description":"La Federaci\u00f3n Profesional del Taxi de Madrid (FPTM) ha denunciado que la Comisi\u00f3n Nacional de Mercados y la Competencia (CNMC) &quot;quiere acabar con la protecci\u00f3n al usuario&quot; tras la &quot;amenaza&quot; remitida al Gobierno de llevarle a los tribunales si no cambia el Real Decreto que regula la actividad de los veh\u00edculos con conductor (VTC). En","twitter:image":"https:\/\/eldigitaldeasturias.com\/magazine365\/wp-content\/uploads\/2016\/01\/fotonoticia_20160122144315_800.jpg"},"aioseo_meta_data":{"post_id":"61820","title":null,"description":null,"keywords":null,"keyphrases":null,"primary_term":null,"canonical_url":null,"og_title":null,"og_description":null,"og_object_type":"default","og_image_type":"default","og_image_url":null,"og_image_width":null,"og_image_height":null,"og_image_custom_url":null,"og_image_custom_fields":null,"og_video":null,"og_custom_url":null,"og_article_section":null,"og_article_tags":null,"twitter_use_og":false,"twitter_card":"default","twitter_image_type":"default","twitter_image_url":null,"twitter_image_custom_url":null,"twitter_image_custom_fields":null,"twitter_title":null,"twitter_description":null,"schema":{"blockGraphs":[],"customGraphs":[],"default":{"data":{"Article":[],"Course":[],"Dataset":[],"FAQPage":[],"Movie":[],"Person":[],"Product":[],"ProductReview":[],"Car":[],"Recipe":[],"Service":[],"SoftwareApplication":[],"WebPage":[]},"graphName":"","isEnabled":true},"graphs":[],"defaultGraph":"","defaultPostTypeGraph":""},"schema_type":null,"schema_type_options":null,"pillar_content":false,"robots_default":true,"robots_noindex":false,"robots_noarchive":false,"robots_nosnippet":false,"robots_nofollow":false,"robots_noimageindex":false,"robots_noodp":false,"robots_notranslate":false,"robots_max_snippet":null,"robots_max_videopreview":null,"robots_max_imagepreview":"large","priority":null,"frequency":null,"location":null,"local_seo":null,"seo_analyzer_scan_date":"2025-09-25 09:49:00","breadcrumb_settings":null,"limit_modified_date":false,"open_ai":null,"ai":null,"created":"2021-03-08 21:44:59","updated":"2025-09-25 09:49:00"},"aioseo_breadcrumb":"<div class=\"aioseo-breadcrumbs\"><span class=\"aioseo-breadcrumb\">\n\t<a href=\"https:\/\/eldigitaldeasturias.com\/magazine365\" title=\"Home\">Home<\/a>\n<\/span><span class=\"aioseo-breadcrumb-separator\">\u2013<\/span><span class=\"aioseo-breadcrumb\">\n\t<a href=\"https:\/\/eldigitaldeasturias.com\/magazine365\/category\/noticias-actualidad\/\" title=\"Noticias y Actualidad\">Noticias y Actualidad<\/a>\n<\/span><span class=\"aioseo-breadcrumb-separator\">\u2013<\/span><span class=\"aioseo-breadcrumb\">\n\t<a href=\"https:\/\/eldigitaldeasturias.com\/magazine365\/la-federacion-del-taxi-de-madrid-denuncia-que-la-cnmc-quiere-acabar-con-la-proteccion-al-usuario\/\" title=\"La Federaci\u00f3n del Taxi de Madrid denuncia que la CNMC \u00abquiere acabar con la protecci\u00f3n al usuario\u00bb\">La Federaci\u00f3n del Taxi de Madrid denuncia que la CNMC \u00abquiere acabar con la protecci\u00f3n al usuario\u00bb<\/a>\n<\/span><\/div>","aioseo_breadcrumb_json":[{"label":"Home","link":"https:\/\/eldigitaldeasturias.com\/magazine365"},{"label":"Noticias y Actualidad","link":"https:\/\/eldigitaldeasturias.com\/magazine365\/category\/noticias-actualidad\/"},{"label":"La Federaci\u00f3n del Taxi de Madrid denuncia que la CNMC \u00abquiere acabar con la protecci\u00f3n al usuario\u00bb","link":"https:\/\/eldigitaldeasturias.com\/magazine365\/la-federacion-del-taxi-de-madrid-denuncia-que-la-cnmc-quiere-acabar-con-la-proteccion-al-usuario\/"}],"_links":{"self":[{"href":"https:\/\/eldigitaldeasturias.com\/magazine365\/wp-json\/wp\/v2\/posts\/61820","targetHints":{"allow":["GET"]}}],"collection":[{"href":"https:\/\/eldigitaldeasturias.com\/magazine365\/wp-json\/wp\/v2\/posts"}],"about":[{"href":"https:\/\/eldigitaldeasturias.com\/magazine365\/wp-json\/wp\/v2\/types\/post"}],"author":[{"embeddable":true,"href":"https:\/\/eldigitaldeasturias.com\/magazine365\/wp-json\/wp\/v2\/users\/1"}],"replies":[{"embeddable":true,"href":"https:\/\/eldigitaldeasturias.com\/magazine365\/wp-json\/wp\/v2\/comments?post=61820"}],"version-history":[{"count":0,"href":"https:\/\/eldigitaldeasturias.com\/magazine365\/wp-json\/wp\/v2\/posts\/61820\/revisions"}],"wp:featuredmedia":[{"embeddable":true,"href":"https:\/\/eldigitaldeasturias.com\/magazine365\/wp-json\/wp\/v2\/media\/61821"}],"wp:attachment":[{"href":"https:\/\/eldigitaldeasturias.com\/magazine365\/wp-json\/wp\/v2\/media?parent=61820"}],"wp:term":[{"taxonomy":"category","embeddable":true,"href":"https:\/\/eldigitaldeasturias.com\/magazine365\/wp-json\/wp\/v2\/categories?post=61820"},{"taxonomy":"post_tag","embeddable":true,"href":"https:\/\/eldigitaldeasturias.com\/magazine365\/wp-json\/wp\/v2\/tags?post=61820"}],"curies":[{"name":"wp","href":"https:\/\/api.w.org\/{rel}","templated":true}]}}