{"id":61814,"date":"2016-01-23T13:38:33","date_gmt":"2016-01-23T12:38:33","guid":{"rendered":"http:\/\/eldigitaldeasturias.com\/magazine365\/?p=61814"},"modified":"2016-01-23T13:38:33","modified_gmt":"2016-01-23T12:38:33","slug":"la-asturias-rural-y-natural-en-fitur-2016","status":"publish","type":"post","link":"https:\/\/eldigitaldeasturias.com\/magazine365\/la-asturias-rural-y-natural-en-fitur-2016\/","title":{"rendered":"La Asturias rural y natural en Fitur 2016"},"content":{"rendered":"<p><img fetchpriority=\"high\" decoding=\"async\" class=\"alignleft size-medium wp-image-61815\" src=\"https:\/\/eldigitaldeasturias.com\/magazine365\/wp-content\/uploads\/2016\/01\/fotonoticia_20160122142326_800-360x239.jpg\" alt=\"fotonoticia_20160122142326_800\" width=\"360\" height=\"239\" srcset=\"https:\/\/eldigitaldeasturias.com\/magazine365\/wp-content\/uploads\/2016\/01\/fotonoticia_20160122142326_800-360x239.jpg 360w, https:\/\/eldigitaldeasturias.com\/magazine365\/wp-content\/uploads\/2016\/01\/fotonoticia_20160122142326_800-650x432.jpg 650w, https:\/\/eldigitaldeasturias.com\/magazine365\/wp-content\/uploads\/2016\/01\/fotonoticia_20160122142326_800-768x511.jpg 768w, https:\/\/eldigitaldeasturias.com\/magazine365\/wp-content\/uploads\/2016\/01\/fotonoticia_20160122142326_800-150x100.jpg 150w, https:\/\/eldigitaldeasturias.com\/magazine365\/wp-content\/uploads\/2016\/01\/fotonoticia_20160122142326_800-450x299.jpg 450w, https:\/\/eldigitaldeasturias.com\/magazine365\/wp-content\/uploads\/2016\/01\/fotonoticia_20160122142326_800-696x463.jpg 696w, https:\/\/eldigitaldeasturias.com\/magazine365\/wp-content\/uploads\/2016\/01\/fotonoticia_20160122142326_800-632x420.jpg 632w, https:\/\/eldigitaldeasturias.com\/magazine365\/wp-content\/uploads\/2016\/01\/fotonoticia_20160122142326_800-121x79.jpg 121w, https:\/\/eldigitaldeasturias.com\/magazine365\/wp-content\/uploads\/2016\/01\/fotonoticia_20160122142326_800-101x66.jpg 101w, https:\/\/eldigitaldeasturias.com\/magazine365\/wp-content\/uploads\/2016\/01\/fotonoticia_20160122142326_800.jpg 800w\" sizes=\"(max-width: 360px) 100vw, 360px\" \/>El presidente del Principado, Javier Fern\u00e1ndez, ha elogiado este viernes en el d\u00eda de Asturias en Fitur el turismo rural en el Principado. \u00abEste verano se cumplir\u00e1 el trig\u00e9simo aniversario de la apertura del hotel La Rectoral en Taramundi. As\u00ed, podemos decir que en 1986, hace ya 30 a\u00f1os, Asturias abri\u00f3 las ventanas del para\u00edso natural al turismo rural\u00bb.<\/p>\n<p>\u00abLa inauguraci\u00f3n de La Rectoral sirvi\u00f3 de rompehielos para tanto desd\u00e9n. La colaboraci\u00f3n entre el Gobierno de Asturias, el Ministerio de Agricultura y el Ayuntamiento de Taramundi contribuy\u00f3 al \u00e9xito de lo que muchos tomaban a co\u00f1a y otros, incluidos los bien intencionados, consideraban una arriesgada aventura\u00bb, se\u00f1ala.<\/p>\n<p>Fern\u00e1ndez, en su discurso, ha explicado que el turismo rural agrupa el 21% de la oferta de alojamientos del Principado. Lo que equivale a 18.177 plazas en 1.852 establecimientos. Las marcas Casonas Asturianas, en 1994, y Aldeas de Asturias, en 2004, han reforzado notablemente la apuesta por la calidad.<\/p>\n<p>\u00abPara valorar bien la importancia de estos datos, calculemos que Asturias es la tercera comunidad que m\u00e1s plazas de turismo rural ofrece y la cuarta que m\u00e1s viajeros recibe, detr\u00e1s de Andaluc\u00eda, Catalu\u00f1a y Castilla y Le\u00f3n\u00bb, apunta.<\/p>\n<p>Ha recordado que en 2007, Asturias alcanz\u00f3 la cantidad de 1.995.897 turistas, al borde de los dos millones. \u00abEs un n\u00famero redondo, f\u00e1cil de recordar. Pues bien, ya hemos superado esa marca, con todo el valor simb\u00f3lico que tiene. Seg\u00fan los datos que hemos conocido este viernes, Asturias recibi\u00f3 en 2015 2.071.069 turistas\u00bb, sostiene.<\/p>\n<p>Tambi\u00e9n se ha referido al n\u00famero de viajeros. Hasta noviembre se elevaban a 4,7 millones las pernoctaciones. \u00abSi nos fijamos en la aportaci\u00f3n del turismo a la econom\u00eda regional, nos encontramos con una estimaci\u00f3n del 9,88% del valor a\u00f1adido bruto (VAB) para 2015. Quienes me hayan escuchado otros a\u00f1os en este foro recordar\u00e1n que \u00e9sa era una de las primeras metas que me hab\u00eda fijado. Pues bien, objetivo alcanzado\u00bb, se\u00f1ala.<\/p>\n<p>Asimismo se ha referido tambi\u00e9n al Programa de Turismo Sostenible para el per\u00edodo 2016-2020. \u00abHace unos d\u00edas ha finalizado el plazo de presentaci\u00f3n de ofertas para su asistencia t\u00e9cnica. La previsi\u00f3n es que se adjudique a finales de mes y que en primavera se ponga en marcha. El plan se basar\u00e1 en cuatro principios, todos marcados por la exigencia de calidad, requisito insoslayable\u00bb.<\/p>\n","protected":false},"excerpt":{"rendered":"<p>El presidente del Principado, Javier Fern\u00e1ndez, ha elogiado este viernes en el d\u00eda de Asturias en Fitur el turismo rural en el Principado. \u00abEste verano se cumplir\u00e1 el trig\u00e9simo aniversario de la apertura del hotel La Rectoral en Taramundi. As\u00ed, podemos decir que en 1986, hace ya 30 a\u00f1os, Asturias abri\u00f3 las ventanas del para\u00edso<\/p>\n","protected":false},"author":1,"featured_media":61815,"comment_status":"open","ping_status":"closed","sticky":false,"template":"","format":"standard","meta":{"footnotes":""},"categories":[224],"tags":[],"class_list":{"0":"post-61814","1":"post","2":"type-post","3":"status-publish","4":"format-standard","5":"has-post-thumbnail","7":"category-noticias-actualidad"},"aioseo_notices":[],"aioseo_head":"\n\t\t<!-- All in One SEO Pro 4.9.6.1 - aioseo.com -->\n\t<meta name=\"description\" content=\"El presidente del Principado, Javier Fern\u00e1ndez, ha elogiado este viernes en el d\u00eda de Asturias en Fitur el turismo rural en el Principado. &quot;Este verano se cumplir\u00e1 el trig\u00e9simo aniversario de la apertura del hotel La Rectoral en Taramundi. As\u00ed, podemos decir que en 1986, hace ya 30 a\u00f1os, Asturias abri\u00f3 las ventanas del para\u00edso\" \/>\n\t<meta name=\"robots\" content=\"max-image-preview:large\" \/>\n\t<meta name=\"author\" content=\"admin\"\/>\n\t<meta name=\"google-site-verification\" content=\"UA-38556648-1\" \/>\n\t<meta name=\"keywords\" content=\"noticias y actualidad\" \/>\n\t<link rel=\"canonical\" href=\"https:\/\/eldigitaldeasturias.com\/magazine365\/la-asturias-rural-y-natural-en-fitur-2016\/\" \/>\n\t<meta name=\"generator\" content=\"All in One SEO Pro (AIOSEO) 4.9.6.1\" \/>\n\t\t<meta property=\"og:locale\" content=\"es_ES\" \/>\n\t\t<meta property=\"og:site_name\" content=\"El Digital de Asturias \u2013 Revista de ocio, turismo y estilo de vida\" \/>\n\t\t<meta property=\"og:type\" content=\"article\" \/>\n\t\t<meta property=\"og:title\" content=\"La Asturias rural y natural en Fitur 2016 | El Digital de Asturias\" \/>\n\t\t<meta property=\"og:description\" content=\"El presidente del Principado, Javier Fern\u00e1ndez, ha elogiado este viernes en el d\u00eda de Asturias en Fitur el turismo rural en el Principado. &quot;Este verano se cumplir\u00e1 el trig\u00e9simo aniversario de la apertura del hotel La Rectoral en Taramundi. As\u00ed, podemos decir que en 1986, hace ya 30 a\u00f1os, Asturias abri\u00f3 las ventanas del para\u00edso\" \/>\n\t\t<meta property=\"og:url\" content=\"https:\/\/eldigitaldeasturias.com\/magazine365\/la-asturias-rural-y-natural-en-fitur-2016\/\" \/>\n\t\t<meta property=\"og:image\" content=\"https:\/\/eldigitaldeasturias.com\/magazine365\/wp-content\/uploads\/2016\/01\/fotonoticia_20160122142326_800.jpg\" \/>\n\t\t<meta property=\"og:image:secure_url\" content=\"https:\/\/eldigitaldeasturias.com\/magazine365\/wp-content\/uploads\/2016\/01\/fotonoticia_20160122142326_800.jpg\" \/>\n\t\t<meta property=\"og:image:width\" content=\"800\" \/>\n\t\t<meta property=\"og:image:height\" content=\"532\" \/>\n\t\t<meta property=\"article:published_time\" content=\"2016-01-23T12:38:33+00:00\" \/>\n\t\t<meta property=\"article:modified_time\" content=\"2016-01-23T12:38:33+00:00\" \/>\n\t\t<meta name=\"twitter:card\" content=\"summary_large_image\" \/>\n\t\t<meta name=\"twitter:title\" content=\"La Asturias rural y natural en Fitur 2016 | El Digital de Asturias\" \/>\n\t\t<meta name=\"twitter:description\" content=\"El presidente del Principado, Javier Fern\u00e1ndez, ha elogiado este viernes en el d\u00eda de Asturias en Fitur el turismo rural en el Principado. &quot;Este verano se cumplir\u00e1 el trig\u00e9simo aniversario de la apertura del hotel La Rectoral en Taramundi. As\u00ed, podemos decir que en 1986, hace ya 30 a\u00f1os, Asturias abri\u00f3 las ventanas del para\u00edso\" \/>\n\t\t<meta name=\"twitter:image\" content=\"https:\/\/eldigitaldeasturias.com\/magazine365\/wp-content\/uploads\/2016\/01\/fotonoticia_20160122142326_800.jpg\" \/>\n\t\t<script type=\"application\/ld+json\" class=\"aioseo-schema\">\n\t\t\t{\"@context\":\"https:\\\/\\\/schema.org\",\"@graph\":[{\"@type\":\"Article\",\"@id\":\"https:\\\/\\\/eldigitaldeasturias.com\\\/magazine365\\\/la-asturias-rural-y-natural-en-fitur-2016\\\/#article\",\"name\":\"La Asturias rural y natural en Fitur 2016 | El Digital de Asturias\",\"headline\":\"La Asturias rural y natural en Fitur 2016\",\"author\":{\"@id\":\"https:\\\/\\\/eldigitaldeasturias.com\\\/magazine365\\\/author\\\/admin\\\/#author\"},\"publisher\":{\"@id\":\"https:\\\/\\\/eldigitaldeasturias.com\\\/magazine365\\\/#organization\"},\"image\":{\"@type\":\"ImageObject\",\"url\":\"https:\\\/\\\/eldigitaldeasturias.com\\\/magazine365\\\/wp-content\\\/uploads\\\/2016\\\/01\\\/fotonoticia_20160122142326_800.jpg\",\"width\":800,\"height\":532},\"datePublished\":\"2016-01-23T13:38:33+01:00\",\"dateModified\":\"2016-01-23T13:38:33+01:00\",\"inLanguage\":\"es-ES\",\"mainEntityOfPage\":{\"@id\":\"https:\\\/\\\/eldigitaldeasturias.com\\\/magazine365\\\/la-asturias-rural-y-natural-en-fitur-2016\\\/#webpage\"},\"isPartOf\":{\"@id\":\"https:\\\/\\\/eldigitaldeasturias.com\\\/magazine365\\\/la-asturias-rural-y-natural-en-fitur-2016\\\/#webpage\"},\"articleSection\":\"Noticias y Actualidad\"},{\"@type\":\"BreadcrumbList\",\"@id\":\"https:\\\/\\\/eldigitaldeasturias.com\\\/magazine365\\\/la-asturias-rural-y-natural-en-fitur-2016\\\/#breadcrumblist\",\"itemListElement\":[{\"@type\":\"ListItem\",\"@id\":\"https:\\\/\\\/eldigitaldeasturias.com\\\/magazine365#listItem\",\"position\":1,\"name\":\"Home\",\"item\":\"https:\\\/\\\/eldigitaldeasturias.com\\\/magazine365\",\"nextItem\":{\"@type\":\"ListItem\",\"@id\":\"https:\\\/\\\/eldigitaldeasturias.com\\\/magazine365\\\/category\\\/noticias-actualidad\\\/#listItem\",\"name\":\"Noticias y Actualidad\"}},{\"@type\":\"ListItem\",\"@id\":\"https:\\\/\\\/eldigitaldeasturias.com\\\/magazine365\\\/category\\\/noticias-actualidad\\\/#listItem\",\"position\":2,\"name\":\"Noticias y Actualidad\",\"item\":\"https:\\\/\\\/eldigitaldeasturias.com\\\/magazine365\\\/category\\\/noticias-actualidad\\\/\",\"nextItem\":{\"@type\":\"ListItem\",\"@id\":\"https:\\\/\\\/eldigitaldeasturias.com\\\/magazine365\\\/la-asturias-rural-y-natural-en-fitur-2016\\\/#listItem\",\"name\":\"La Asturias rural y natural en Fitur 2016\"},\"previousItem\":{\"@type\":\"ListItem\",\"@id\":\"https:\\\/\\\/eldigitaldeasturias.com\\\/magazine365#listItem\",\"name\":\"Home\"}},{\"@type\":\"ListItem\",\"@id\":\"https:\\\/\\\/eldigitaldeasturias.com\\\/magazine365\\\/la-asturias-rural-y-natural-en-fitur-2016\\\/#listItem\",\"position\":3,\"name\":\"La Asturias rural y natural en Fitur 2016\",\"previousItem\":{\"@type\":\"ListItem\",\"@id\":\"https:\\\/\\\/eldigitaldeasturias.com\\\/magazine365\\\/category\\\/noticias-actualidad\\\/#listItem\",\"name\":\"Noticias y Actualidad\"}}]},{\"@type\":\"Organization\",\"@id\":\"https:\\\/\\\/eldigitaldeasturias.com\\\/magazine365\\\/#organization\",\"name\":\"El digital de Asturias\",\"description\":\"Revista de ocio, turismo y estilo de vida\",\"url\":\"https:\\\/\\\/eldigitaldeasturias.com\\\/magazine365\\\/\",\"logo\":{\"@type\":\"ImageObject\",\"url\":\"https:\\\/\\\/www.eldigitaldeasturias.com\\\/noticias\\\/wp-content\\\/uploads\\\/2020\\\/12\\\/EDA.jpg\",\"@id\":\"https:\\\/\\\/eldigitaldeasturias.com\\\/magazine365\\\/la-asturias-rural-y-natural-en-fitur-2016\\\/#organizationLogo\"},\"image\":{\"@id\":\"https:\\\/\\\/eldigitaldeasturias.com\\\/magazine365\\\/la-asturias-rural-y-natural-en-fitur-2016\\\/#organizationLogo\"}},{\"@type\":\"Person\",\"@id\":\"https:\\\/\\\/eldigitaldeasturias.com\\\/magazine365\\\/author\\\/admin\\\/#author\",\"url\":\"https:\\\/\\\/eldigitaldeasturias.com\\\/magazine365\\\/author\\\/admin\\\/\",\"name\":\"admin\",\"image\":{\"@type\":\"ImageObject\",\"@id\":\"https:\\\/\\\/eldigitaldeasturias.com\\\/magazine365\\\/la-asturias-rural-y-natural-en-fitur-2016\\\/#authorImage\",\"url\":\"https:\\\/\\\/eldigitaldeasturias.com\\\/magazine365\\\/wp-content\\\/litespeed\\\/avatar\\\/e571bcf59a0edd6fa6838245a470f2fe.jpg?ver=1776969259\",\"width\":96,\"height\":96,\"caption\":\"admin\"}},{\"@type\":\"WebPage\",\"@id\":\"https:\\\/\\\/eldigitaldeasturias.com\\\/magazine365\\\/la-asturias-rural-y-natural-en-fitur-2016\\\/#webpage\",\"url\":\"https:\\\/\\\/eldigitaldeasturias.com\\\/magazine365\\\/la-asturias-rural-y-natural-en-fitur-2016\\\/\",\"name\":\"La Asturias rural y natural en Fitur 2016 | El Digital de Asturias\",\"description\":\"El presidente del Principado, Javier Fern\\u00e1ndez, ha elogiado este viernes en el d\\u00eda de Asturias en Fitur el turismo rural en el Principado. \\\"Este verano se cumplir\\u00e1 el trig\\u00e9simo aniversario de la apertura del hotel La Rectoral en Taramundi. As\\u00ed, podemos decir que en 1986, hace ya 30 a\\u00f1os, Asturias abri\\u00f3 las ventanas del para\\u00edso\",\"inLanguage\":\"es-ES\",\"isPartOf\":{\"@id\":\"https:\\\/\\\/eldigitaldeasturias.com\\\/magazine365\\\/#website\"},\"breadcrumb\":{\"@id\":\"https:\\\/\\\/eldigitaldeasturias.com\\\/magazine365\\\/la-asturias-rural-y-natural-en-fitur-2016\\\/#breadcrumblist\"},\"author\":{\"@id\":\"https:\\\/\\\/eldigitaldeasturias.com\\\/magazine365\\\/author\\\/admin\\\/#author\"},\"creator\":{\"@id\":\"https:\\\/\\\/eldigitaldeasturias.com\\\/magazine365\\\/author\\\/admin\\\/#author\"},\"image\":{\"@type\":\"ImageObject\",\"url\":\"https:\\\/\\\/eldigitaldeasturias.com\\\/magazine365\\\/wp-content\\\/uploads\\\/2016\\\/01\\\/fotonoticia_20160122142326_800.jpg\",\"@id\":\"https:\\\/\\\/eldigitaldeasturias.com\\\/magazine365\\\/la-asturias-rural-y-natural-en-fitur-2016\\\/#mainImage\",\"width\":800,\"height\":532},\"primaryImageOfPage\":{\"@id\":\"https:\\\/\\\/eldigitaldeasturias.com\\\/magazine365\\\/la-asturias-rural-y-natural-en-fitur-2016\\\/#mainImage\"},\"datePublished\":\"2016-01-23T13:38:33+01:00\",\"dateModified\":\"2016-01-23T13:38:33+01:00\"},{\"@type\":\"WebSite\",\"@id\":\"https:\\\/\\\/eldigitaldeasturias.com\\\/magazine365\\\/#website\",\"url\":\"https:\\\/\\\/eldigitaldeasturias.com\\\/magazine365\\\/\",\"name\":\"El Digital de Asturias\",\"description\":\"Revista de ocio, turismo y estilo de vida\",\"inLanguage\":\"es-ES\",\"publisher\":{\"@id\":\"https:\\\/\\\/eldigitaldeasturias.com\\\/magazine365\\\/#organization\"}}]}\n\t\t<\/script>\n\t\t<!-- All in One SEO Pro -->\r\n\t\t<title>La Asturias rural y natural en Fitur 2016 | El Digital de Asturias<\/title>\n\n","aioseo_head_json":{"title":"La Asturias rural y natural en Fitur 2016 | El Digital de Asturias","description":"El presidente del Principado, Javier Fern\u00e1ndez, ha elogiado este viernes en el d\u00eda de Asturias en Fitur el turismo rural en el Principado. \"Este verano se cumplir\u00e1 el trig\u00e9simo aniversario de la apertura del hotel La Rectoral en Taramundi. As\u00ed, podemos decir que en 1986, hace ya 30 a\u00f1os, Asturias abri\u00f3 las ventanas del para\u00edso","canonical_url":"https:\/\/eldigitaldeasturias.com\/magazine365\/la-asturias-rural-y-natural-en-fitur-2016\/","robots":"max-image-preview:large","keywords":"noticias y actualidad","webmasterTools":{"google-site-verification":"UA-38556648-1","miscellaneous":""},"schema":{"@context":"https:\/\/schema.org","@graph":[{"@type":"Article","@id":"https:\/\/eldigitaldeasturias.com\/magazine365\/la-asturias-rural-y-natural-en-fitur-2016\/#article","name":"La Asturias rural y natural en Fitur 2016 | El Digital de Asturias","headline":"La Asturias rural y natural en Fitur 2016","author":{"@id":"https:\/\/eldigitaldeasturias.com\/magazine365\/author\/admin\/#author"},"publisher":{"@id":"https:\/\/eldigitaldeasturias.com\/magazine365\/#organization"},"image":{"@type":"ImageObject","url":"https:\/\/eldigitaldeasturias.com\/magazine365\/wp-content\/uploads\/2016\/01\/fotonoticia_20160122142326_800.jpg","width":800,"height":532},"datePublished":"2016-01-23T13:38:33+01:00","dateModified":"2016-01-23T13:38:33+01:00","inLanguage":"es-ES","mainEntityOfPage":{"@id":"https:\/\/eldigitaldeasturias.com\/magazine365\/la-asturias-rural-y-natural-en-fitur-2016\/#webpage"},"isPartOf":{"@id":"https:\/\/eldigitaldeasturias.com\/magazine365\/la-asturias-rural-y-natural-en-fitur-2016\/#webpage"},"articleSection":"Noticias y Actualidad"},{"@type":"BreadcrumbList","@id":"https:\/\/eldigitaldeasturias.com\/magazine365\/la-asturias-rural-y-natural-en-fitur-2016\/#breadcrumblist","itemListElement":[{"@type":"ListItem","@id":"https:\/\/eldigitaldeasturias.com\/magazine365#listItem","position":1,"name":"Home","item":"https:\/\/eldigitaldeasturias.com\/magazine365","nextItem":{"@type":"ListItem","@id":"https:\/\/eldigitaldeasturias.com\/magazine365\/category\/noticias-actualidad\/#listItem","name":"Noticias y Actualidad"}},{"@type":"ListItem","@id":"https:\/\/eldigitaldeasturias.com\/magazine365\/category\/noticias-actualidad\/#listItem","position":2,"name":"Noticias y Actualidad","item":"https:\/\/eldigitaldeasturias.com\/magazine365\/category\/noticias-actualidad\/","nextItem":{"@type":"ListItem","@id":"https:\/\/eldigitaldeasturias.com\/magazine365\/la-asturias-rural-y-natural-en-fitur-2016\/#listItem","name":"La Asturias rural y natural en Fitur 2016"},"previousItem":{"@type":"ListItem","@id":"https:\/\/eldigitaldeasturias.com\/magazine365#listItem","name":"Home"}},{"@type":"ListItem","@id":"https:\/\/eldigitaldeasturias.com\/magazine365\/la-asturias-rural-y-natural-en-fitur-2016\/#listItem","position":3,"name":"La Asturias rural y natural en Fitur 2016","previousItem":{"@type":"ListItem","@id":"https:\/\/eldigitaldeasturias.com\/magazine365\/category\/noticias-actualidad\/#listItem","name":"Noticias y Actualidad"}}]},{"@type":"Organization","@id":"https:\/\/eldigitaldeasturias.com\/magazine365\/#organization","name":"El digital de Asturias","description":"Revista de ocio, turismo y estilo de vida","url":"https:\/\/eldigitaldeasturias.com\/magazine365\/","logo":{"@type":"ImageObject","url":"https:\/\/www.eldigitaldeasturias.com\/noticias\/wp-content\/uploads\/2020\/12\/EDA.jpg","@id":"https:\/\/eldigitaldeasturias.com\/magazine365\/la-asturias-rural-y-natural-en-fitur-2016\/#organizationLogo"},"image":{"@id":"https:\/\/eldigitaldeasturias.com\/magazine365\/la-asturias-rural-y-natural-en-fitur-2016\/#organizationLogo"}},{"@type":"Person","@id":"https:\/\/eldigitaldeasturias.com\/magazine365\/author\/admin\/#author","url":"https:\/\/eldigitaldeasturias.com\/magazine365\/author\/admin\/","name":"admin","image":{"@type":"ImageObject","@id":"https:\/\/eldigitaldeasturias.com\/magazine365\/la-asturias-rural-y-natural-en-fitur-2016\/#authorImage","url":"https:\/\/eldigitaldeasturias.com\/magazine365\/wp-content\/litespeed\/avatar\/e571bcf59a0edd6fa6838245a470f2fe.jpg?ver=1776969259","width":96,"height":96,"caption":"admin"}},{"@type":"WebPage","@id":"https:\/\/eldigitaldeasturias.com\/magazine365\/la-asturias-rural-y-natural-en-fitur-2016\/#webpage","url":"https:\/\/eldigitaldeasturias.com\/magazine365\/la-asturias-rural-y-natural-en-fitur-2016\/","name":"La Asturias rural y natural en Fitur 2016 | El Digital de Asturias","description":"El presidente del Principado, Javier Fern\u00e1ndez, ha elogiado este viernes en el d\u00eda de Asturias en Fitur el turismo rural en el Principado. \"Este verano se cumplir\u00e1 el trig\u00e9simo aniversario de la apertura del hotel La Rectoral en Taramundi. As\u00ed, podemos decir que en 1986, hace ya 30 a\u00f1os, Asturias abri\u00f3 las ventanas del para\u00edso","inLanguage":"es-ES","isPartOf":{"@id":"https:\/\/eldigitaldeasturias.com\/magazine365\/#website"},"breadcrumb":{"@id":"https:\/\/eldigitaldeasturias.com\/magazine365\/la-asturias-rural-y-natural-en-fitur-2016\/#breadcrumblist"},"author":{"@id":"https:\/\/eldigitaldeasturias.com\/magazine365\/author\/admin\/#author"},"creator":{"@id":"https:\/\/eldigitaldeasturias.com\/magazine365\/author\/admin\/#author"},"image":{"@type":"ImageObject","url":"https:\/\/eldigitaldeasturias.com\/magazine365\/wp-content\/uploads\/2016\/01\/fotonoticia_20160122142326_800.jpg","@id":"https:\/\/eldigitaldeasturias.com\/magazine365\/la-asturias-rural-y-natural-en-fitur-2016\/#mainImage","width":800,"height":532},"primaryImageOfPage":{"@id":"https:\/\/eldigitaldeasturias.com\/magazine365\/la-asturias-rural-y-natural-en-fitur-2016\/#mainImage"},"datePublished":"2016-01-23T13:38:33+01:00","dateModified":"2016-01-23T13:38:33+01:00"},{"@type":"WebSite","@id":"https:\/\/eldigitaldeasturias.com\/magazine365\/#website","url":"https:\/\/eldigitaldeasturias.com\/magazine365\/","name":"El Digital de Asturias","description":"Revista de ocio, turismo y estilo de vida","inLanguage":"es-ES","publisher":{"@id":"https:\/\/eldigitaldeasturias.com\/magazine365\/#organization"}}]},"og:locale":"es_ES","og:site_name":"El Digital de Asturias \u2013 Revista de ocio, turismo y estilo de vida","og:type":"article","og:title":"La Asturias rural y natural en Fitur 2016 | El Digital de Asturias","og:description":"El presidente del Principado, Javier Fern\u00e1ndez, ha elogiado este viernes en el d\u00eda de Asturias en Fitur el turismo rural en el Principado. &quot;Este verano se cumplir\u00e1 el trig\u00e9simo aniversario de la apertura del hotel La Rectoral en Taramundi. As\u00ed, podemos decir que en 1986, hace ya 30 a\u00f1os, Asturias abri\u00f3 las ventanas del para\u00edso","og:url":"https:\/\/eldigitaldeasturias.com\/magazine365\/la-asturias-rural-y-natural-en-fitur-2016\/","og:image":"https:\/\/eldigitaldeasturias.com\/magazine365\/wp-content\/uploads\/2016\/01\/fotonoticia_20160122142326_800.jpg","og:image:secure_url":"https:\/\/eldigitaldeasturias.com\/magazine365\/wp-content\/uploads\/2016\/01\/fotonoticia_20160122142326_800.jpg","og:image:width":800,"og:image:height":532,"article:published_time":"2016-01-23T12:38:33+00:00","article:modified_time":"2016-01-23T12:38:33+00:00","twitter:card":"summary_large_image","twitter:title":"La Asturias rural y natural en Fitur 2016 | El Digital de Asturias","twitter:description":"El presidente del Principado, Javier Fern\u00e1ndez, ha elogiado este viernes en el d\u00eda de Asturias en Fitur el turismo rural en el Principado. &quot;Este verano se cumplir\u00e1 el trig\u00e9simo aniversario de la apertura del hotel La Rectoral en Taramundi. As\u00ed, podemos decir que en 1986, hace ya 30 a\u00f1os, Asturias abri\u00f3 las ventanas del para\u00edso","twitter:image":"https:\/\/eldigitaldeasturias.com\/magazine365\/wp-content\/uploads\/2016\/01\/fotonoticia_20160122142326_800.jpg"},"aioseo_meta_data":{"post_id":"61814","title":null,"description":null,"keywords":null,"keyphrases":null,"primary_term":null,"canonical_url":null,"og_title":null,"og_description":null,"og_object_type":"default","og_image_type":"default","og_image_url":null,"og_image_width":null,"og_image_height":null,"og_image_custom_url":null,"og_image_custom_fields":null,"og_video":null,"og_custom_url":null,"og_article_section":null,"og_article_tags":null,"twitter_use_og":false,"twitter_card":"default","twitter_image_type":"default","twitter_image_url":null,"twitter_image_custom_url":null,"twitter_image_custom_fields":null,"twitter_title":null,"twitter_description":null,"schema":{"blockGraphs":[],"customGraphs":[],"default":{"data":{"Article":[],"Course":[],"Dataset":[],"FAQPage":[],"Movie":[],"Person":[],"Product":[],"ProductReview":[],"Car":[],"Recipe":[],"Service":[],"SoftwareApplication":[],"WebPage":[]},"graphName":"","isEnabled":true},"graphs":[],"defaultGraph":"","defaultPostTypeGraph":""},"schema_type":null,"schema_type_options":null,"pillar_content":false,"robots_default":true,"robots_noindex":false,"robots_noarchive":false,"robots_nosnippet":false,"robots_nofollow":false,"robots_noimageindex":false,"robots_noodp":false,"robots_notranslate":false,"robots_max_snippet":null,"robots_max_videopreview":null,"robots_max_imagepreview":"large","priority":null,"frequency":null,"location":null,"local_seo":null,"seo_analyzer_scan_date":"2025-09-25 09:47:54","breadcrumb_settings":null,"limit_modified_date":false,"open_ai":null,"ai":null,"created":"2021-03-08 21:44:59","updated":"2025-09-25 09:47:54"},"aioseo_breadcrumb":"<div class=\"aioseo-breadcrumbs\"><span class=\"aioseo-breadcrumb\">\n\t<a href=\"https:\/\/eldigitaldeasturias.com\/magazine365\" title=\"Home\">Home<\/a>\n<\/span><span class=\"aioseo-breadcrumb-separator\">\u2013<\/span><span class=\"aioseo-breadcrumb\">\n\t<a href=\"https:\/\/eldigitaldeasturias.com\/magazine365\/category\/noticias-actualidad\/\" title=\"Noticias y Actualidad\">Noticias y Actualidad<\/a>\n<\/span><span class=\"aioseo-breadcrumb-separator\">\u2013<\/span><span class=\"aioseo-breadcrumb\">\n\t<a href=\"https:\/\/eldigitaldeasturias.com\/magazine365\/la-asturias-rural-y-natural-en-fitur-2016\/\" title=\"La Asturias rural y natural en Fitur 2016\">La Asturias rural y natural en Fitur 2016<\/a>\n<\/span><\/div>","aioseo_breadcrumb_json":[{"label":"Home","link":"https:\/\/eldigitaldeasturias.com\/magazine365"},{"label":"Noticias y Actualidad","link":"https:\/\/eldigitaldeasturias.com\/magazine365\/category\/noticias-actualidad\/"},{"label":"La Asturias rural y natural en Fitur 2016","link":"https:\/\/eldigitaldeasturias.com\/magazine365\/la-asturias-rural-y-natural-en-fitur-2016\/"}],"_links":{"self":[{"href":"https:\/\/eldigitaldeasturias.com\/magazine365\/wp-json\/wp\/v2\/posts\/61814","targetHints":{"allow":["GET"]}}],"collection":[{"href":"https:\/\/eldigitaldeasturias.com\/magazine365\/wp-json\/wp\/v2\/posts"}],"about":[{"href":"https:\/\/eldigitaldeasturias.com\/magazine365\/wp-json\/wp\/v2\/types\/post"}],"author":[{"embeddable":true,"href":"https:\/\/eldigitaldeasturias.com\/magazine365\/wp-json\/wp\/v2\/users\/1"}],"replies":[{"embeddable":true,"href":"https:\/\/eldigitaldeasturias.com\/magazine365\/wp-json\/wp\/v2\/comments?post=61814"}],"version-history":[{"count":0,"href":"https:\/\/eldigitaldeasturias.com\/magazine365\/wp-json\/wp\/v2\/posts\/61814\/revisions"}],"wp:featuredmedia":[{"embeddable":true,"href":"https:\/\/eldigitaldeasturias.com\/magazine365\/wp-json\/wp\/v2\/media\/61815"}],"wp:attachment":[{"href":"https:\/\/eldigitaldeasturias.com\/magazine365\/wp-json\/wp\/v2\/media?parent=61814"}],"wp:term":[{"taxonomy":"category","embeddable":true,"href":"https:\/\/eldigitaldeasturias.com\/magazine365\/wp-json\/wp\/v2\/categories?post=61814"},{"taxonomy":"post_tag","embeddable":true,"href":"https:\/\/eldigitaldeasturias.com\/magazine365\/wp-json\/wp\/v2\/tags?post=61814"}],"curies":[{"name":"wp","href":"https:\/\/api.w.org\/{rel}","templated":true}]}}