{"id":61811,"date":"2016-01-23T13:36:51","date_gmt":"2016-01-23T12:36:51","guid":{"rendered":"http:\/\/eldigitaldeasturias.com\/magazine365\/?p=61811"},"modified":"2016-01-23T13:36:51","modified_gmt":"2016-01-23T12:36:51","slug":"fernandez-y-aguilar-unidos-para-apoyar-el-turismo-cultural-andaluz-hay-de-todo-para-todos-y-todo-el-ano","status":"publish","type":"post","link":"https:\/\/eldigitaldeasturias.com\/magazine365\/fernandez-y-aguilar-unidos-para-apoyar-el-turismo-cultural-andaluz-hay-de-todo-para-todos-y-todo-el-ano\/","title":{"rendered":"Fern\u00e1ndez y Aguilar, unidos para apoyar el turismo cultural andaluz: \u00abHay de todo, para todos y todo el a\u00f1o\u00bb"},"content":{"rendered":"<p><img fetchpriority=\"high\" decoding=\"async\" class=\"alignleft size-medium wp-image-61812\" src=\"https:\/\/eldigitaldeasturias.com\/magazine365\/wp-content\/uploads\/2016\/01\/fotonoticia_20160122142152_800-200x300.jpg\" alt=\"fotonoticia_20160122142152_800\" width=\"200\" height=\"300\" srcset=\"https:\/\/eldigitaldeasturias.com\/magazine365\/wp-content\/uploads\/2016\/01\/fotonoticia_20160122142152_800-200x300.jpg 200w, https:\/\/eldigitaldeasturias.com\/magazine365\/wp-content\/uploads\/2016\/01\/fotonoticia_20160122142152_800-427x640.jpg 427w, https:\/\/eldigitaldeasturias.com\/magazine365\/wp-content\/uploads\/2016\/01\/fotonoticia_20160122142152_800-768x1152.jpg 768w, https:\/\/eldigitaldeasturias.com\/magazine365\/wp-content\/uploads\/2016\/01\/fotonoticia_20160122142152_800-150x225.jpg 150w, https:\/\/eldigitaldeasturias.com\/magazine365\/wp-content\/uploads\/2016\/01\/fotonoticia_20160122142152_800-450x675.jpg 450w, https:\/\/eldigitaldeasturias.com\/magazine365\/wp-content\/uploads\/2016\/01\/fotonoticia_20160122142152_800-696x1044.jpg 696w, https:\/\/eldigitaldeasturias.com\/magazine365\/wp-content\/uploads\/2016\/01\/fotonoticia_20160122142152_800-280x420.jpg 280w, https:\/\/eldigitaldeasturias.com\/magazine365\/wp-content\/uploads\/2016\/01\/fotonoticia_20160122142152_800.jpg 800w\" sizes=\"(max-width: 200px) 100vw, 200px\" \/>Los consejeros de Turismo y Cultura, Francisco Javier Fern\u00e1ndez y Rosa Aguilar, respectivamente, han presentado este viernes en la Feria Internacional de Turismo, Fitur, la programaci\u00f3n cultural impulsada por la Administraci\u00f3n regional que, por su potencial, se concibe como un segmento tur\u00edstico propio. \u00abEn Andaluc\u00eda hay de todo, para todos y todo el a\u00f1o\u00bb, han resumido los dos consejeros.<\/p>\n<p>En la tercera jornada de la feria, los responsables de Turismo y Cultura han dado una rueda de prensa conjunta para \u00abmostrar a toda Espa\u00f1a y al mundo\u00bb que en Andaluc\u00eda no se desaprovechan las sinergias entre turismo y la cultura y que \u00abno se entienden uno sin otro\u00bb. \u00abLa oferta cultural ya es un segmento tur\u00edstico en auge que, adem\u00e1s, puede complementar al resto\u00bb, ha resumido el titular de Turismo.<\/p>\n<p>Adem\u00e1s, Fern\u00e1ndez ha dicho que Andaluc\u00eda debe saber aprovechar que el turista del siglo XXI \u00abprimero planifica qu\u00e9 quiere hacer y despu\u00e9s decide d\u00f3nde\u00bb. \u00abEn ese proceso hay que acortar la respuesta para que inmediatamente le venga la idea de Andaluc\u00eda, con nuestra programaci\u00f3n continuada y de calidad\u00bb, ha dicho el consejero.<\/p>\n<p>El responsable de turismo tambi\u00e9n ha apuntado datos como que 6,9 millones de todos los viajeros que recibi\u00f3 el a\u00f1o pasado Andaluc\u00eda reconocieron que lo cultural era \u00abel motivo principal\u00bb para ir a la regi\u00f3n y que la cifra de viajeros que se decanta por el turismo cultural subi\u00f3 un 11 por ciento entre 2014 y 2013.<\/p>\n<p>Fern\u00e1ndez tambi\u00e9n ha hecho referencia, adem\u00e1s, al gasto por turista cultural y d\u00eda, que alcanza los 66 euros de media, cuatro m\u00e1s que los 62 de turista en general. La cifra total del turismo cultural en la regi\u00f3n alcanza los 2.000 millones de euros anuales, sin incluir los pagos en origen.<\/p>\n<p>El responsable de Turismo ha se\u00f1alado, asimismo, que la programaci\u00f3n cultural siempre est\u00e1 presente en la acci\u00f3n exterior de la Junta y ha defendido que la uni\u00f3n de turismo y cultura es \u00abuna tarea que nos une a todo el Gobierno\u00bb. \u00abHay mucho camino hecho pero tambi\u00e9n queda mucho camino por andar\u00bb.<\/p>\n","protected":false},"excerpt":{"rendered":"<p>Los consejeros de Turismo y Cultura, Francisco Javier Fern\u00e1ndez y Rosa Aguilar, respectivamente, han presentado este viernes en la Feria Internacional de Turismo, Fitur, la programaci\u00f3n cultural impulsada por la Administraci\u00f3n regional que, por su potencial, se concibe como un segmento tur\u00edstico propio. \u00abEn Andaluc\u00eda hay de todo, para todos y todo el a\u00f1o\u00bb, han<\/p>\n","protected":false},"author":1,"featured_media":61812,"comment_status":"open","ping_status":"closed","sticky":false,"template":"","format":"standard","meta":{"footnotes":""},"categories":[224],"tags":[],"class_list":{"0":"post-61811","1":"post","2":"type-post","3":"status-publish","4":"format-standard","5":"has-post-thumbnail","7":"category-noticias-actualidad"},"aioseo_notices":[],"aioseo_head":"\n\t\t<!-- All in One SEO Pro 4.9.6.1 - aioseo.com -->\n\t<meta name=\"description\" content=\"Los consejeros de Turismo y Cultura, Francisco Javier Fern\u00e1ndez y Rosa Aguilar, respectivamente, han presentado este viernes en la Feria Internacional de Turismo, Fitur, la programaci\u00f3n cultural impulsada por la Administraci\u00f3n regional que, por su potencial, se concibe como un segmento tur\u00edstico propio. &quot;En Andaluc\u00eda hay de todo, para todos y todo el a\u00f1o&quot;, han\" \/>\n\t<meta name=\"robots\" content=\"max-image-preview:large\" \/>\n\t<meta name=\"author\" content=\"admin\"\/>\n\t<meta name=\"google-site-verification\" content=\"UA-38556648-1\" \/>\n\t<meta name=\"keywords\" content=\"noticias y actualidad\" \/>\n\t<link rel=\"canonical\" href=\"https:\/\/eldigitaldeasturias.com\/magazine365\/fernandez-y-aguilar-unidos-para-apoyar-el-turismo-cultural-andaluz-hay-de-todo-para-todos-y-todo-el-ano\/\" \/>\n\t<meta name=\"generator\" content=\"All in One SEO Pro (AIOSEO) 4.9.6.1\" \/>\n\t\t<meta property=\"og:locale\" content=\"es_ES\" \/>\n\t\t<meta property=\"og:site_name\" content=\"El Digital de Asturias \u2013 Revista de ocio, turismo y estilo de vida\" \/>\n\t\t<meta property=\"og:type\" content=\"article\" \/>\n\t\t<meta property=\"og:title\" content=\"Fern\u00e1ndez y Aguilar, unidos para apoyar el turismo cultural andaluz: \u00abHay de todo, para todos y todo el a\u00f1o\u00bb | El Digital de Asturias\" \/>\n\t\t<meta property=\"og:description\" content=\"Los consejeros de Turismo y Cultura, Francisco Javier Fern\u00e1ndez y Rosa Aguilar, respectivamente, han presentado este viernes en la Feria Internacional de Turismo, Fitur, la programaci\u00f3n cultural impulsada por la Administraci\u00f3n regional que, por su potencial, se concibe como un segmento tur\u00edstico propio. &quot;En Andaluc\u00eda hay de todo, para todos y todo el a\u00f1o&quot;, han\" \/>\n\t\t<meta property=\"og:url\" content=\"https:\/\/eldigitaldeasturias.com\/magazine365\/fernandez-y-aguilar-unidos-para-apoyar-el-turismo-cultural-andaluz-hay-de-todo-para-todos-y-todo-el-ano\/\" \/>\n\t\t<meta property=\"og:image\" content=\"https:\/\/eldigitaldeasturias.com\/magazine365\/wp-content\/uploads\/2016\/01\/fotonoticia_20160122142152_800.jpg\" \/>\n\t\t<meta property=\"og:image:secure_url\" content=\"https:\/\/eldigitaldeasturias.com\/magazine365\/wp-content\/uploads\/2016\/01\/fotonoticia_20160122142152_800.jpg\" \/>\n\t\t<meta property=\"og:image:width\" content=\"800\" \/>\n\t\t<meta property=\"og:image:height\" content=\"1200\" \/>\n\t\t<meta property=\"article:published_time\" content=\"2016-01-23T12:36:51+00:00\" \/>\n\t\t<meta property=\"article:modified_time\" content=\"2016-01-23T12:36:51+00:00\" \/>\n\t\t<meta name=\"twitter:card\" content=\"summary_large_image\" \/>\n\t\t<meta name=\"twitter:title\" content=\"Fern\u00e1ndez y Aguilar, unidos para apoyar el turismo cultural andaluz: \u00abHay de todo, para todos y todo el a\u00f1o\u00bb | El Digital de Asturias\" \/>\n\t\t<meta name=\"twitter:description\" content=\"Los consejeros de Turismo y Cultura, Francisco Javier Fern\u00e1ndez y Rosa Aguilar, respectivamente, han presentado este viernes en la Feria Internacional de Turismo, Fitur, la programaci\u00f3n cultural impulsada por la Administraci\u00f3n regional que, por su potencial, se concibe como un segmento tur\u00edstico propio. &quot;En Andaluc\u00eda hay de todo, para todos y todo el a\u00f1o&quot;, han\" \/>\n\t\t<meta name=\"twitter:image\" content=\"https:\/\/eldigitaldeasturias.com\/magazine365\/wp-content\/uploads\/2016\/01\/fotonoticia_20160122142152_800.jpg\" \/>\n\t\t<script type=\"application\/ld+json\" class=\"aioseo-schema\">\n\t\t\t{\"@context\":\"https:\\\/\\\/schema.org\",\"@graph\":[{\"@type\":\"Article\",\"@id\":\"https:\\\/\\\/eldigitaldeasturias.com\\\/magazine365\\\/fernandez-y-aguilar-unidos-para-apoyar-el-turismo-cultural-andaluz-hay-de-todo-para-todos-y-todo-el-ano\\\/#article\",\"name\":\"Fern\\u00e1ndez y Aguilar, unidos para apoyar el turismo cultural andaluz: \\u00abHay de todo, para todos y todo el a\\u00f1o\\u00bb | El Digital de Asturias\",\"headline\":\"Fern\\u00e1ndez y Aguilar, unidos para apoyar el turismo cultural andaluz: \\u00abHay de todo, para todos y todo el a\\u00f1o\\u00bb\",\"author\":{\"@id\":\"https:\\\/\\\/eldigitaldeasturias.com\\\/magazine365\\\/author\\\/admin\\\/#author\"},\"publisher\":{\"@id\":\"https:\\\/\\\/eldigitaldeasturias.com\\\/magazine365\\\/#organization\"},\"image\":{\"@type\":\"ImageObject\",\"url\":\"https:\\\/\\\/eldigitaldeasturias.com\\\/magazine365\\\/wp-content\\\/uploads\\\/2016\\\/01\\\/fotonoticia_20160122142152_800.jpg\",\"width\":800,\"height\":1200},\"datePublished\":\"2016-01-23T13:36:51+01:00\",\"dateModified\":\"2016-01-23T13:36:51+01:00\",\"inLanguage\":\"es-ES\",\"mainEntityOfPage\":{\"@id\":\"https:\\\/\\\/eldigitaldeasturias.com\\\/magazine365\\\/fernandez-y-aguilar-unidos-para-apoyar-el-turismo-cultural-andaluz-hay-de-todo-para-todos-y-todo-el-ano\\\/#webpage\"},\"isPartOf\":{\"@id\":\"https:\\\/\\\/eldigitaldeasturias.com\\\/magazine365\\\/fernandez-y-aguilar-unidos-para-apoyar-el-turismo-cultural-andaluz-hay-de-todo-para-todos-y-todo-el-ano\\\/#webpage\"},\"articleSection\":\"Noticias y Actualidad\"},{\"@type\":\"BreadcrumbList\",\"@id\":\"https:\\\/\\\/eldigitaldeasturias.com\\\/magazine365\\\/fernandez-y-aguilar-unidos-para-apoyar-el-turismo-cultural-andaluz-hay-de-todo-para-todos-y-todo-el-ano\\\/#breadcrumblist\",\"itemListElement\":[{\"@type\":\"ListItem\",\"@id\":\"https:\\\/\\\/eldigitaldeasturias.com\\\/magazine365#listItem\",\"position\":1,\"name\":\"Home\",\"item\":\"https:\\\/\\\/eldigitaldeasturias.com\\\/magazine365\",\"nextItem\":{\"@type\":\"ListItem\",\"@id\":\"https:\\\/\\\/eldigitaldeasturias.com\\\/magazine365\\\/category\\\/noticias-actualidad\\\/#listItem\",\"name\":\"Noticias y Actualidad\"}},{\"@type\":\"ListItem\",\"@id\":\"https:\\\/\\\/eldigitaldeasturias.com\\\/magazine365\\\/category\\\/noticias-actualidad\\\/#listItem\",\"position\":2,\"name\":\"Noticias y Actualidad\",\"item\":\"https:\\\/\\\/eldigitaldeasturias.com\\\/magazine365\\\/category\\\/noticias-actualidad\\\/\",\"nextItem\":{\"@type\":\"ListItem\",\"@id\":\"https:\\\/\\\/eldigitaldeasturias.com\\\/magazine365\\\/fernandez-y-aguilar-unidos-para-apoyar-el-turismo-cultural-andaluz-hay-de-todo-para-todos-y-todo-el-ano\\\/#listItem\",\"name\":\"Fern\\u00e1ndez y Aguilar, unidos para apoyar el turismo cultural andaluz: \\u00abHay de todo, para todos y todo el a\\u00f1o\\u00bb\"},\"previousItem\":{\"@type\":\"ListItem\",\"@id\":\"https:\\\/\\\/eldigitaldeasturias.com\\\/magazine365#listItem\",\"name\":\"Home\"}},{\"@type\":\"ListItem\",\"@id\":\"https:\\\/\\\/eldigitaldeasturias.com\\\/magazine365\\\/fernandez-y-aguilar-unidos-para-apoyar-el-turismo-cultural-andaluz-hay-de-todo-para-todos-y-todo-el-ano\\\/#listItem\",\"position\":3,\"name\":\"Fern\\u00e1ndez y Aguilar, unidos para apoyar el turismo cultural andaluz: \\u00abHay de todo, para todos y todo el a\\u00f1o\\u00bb\",\"previousItem\":{\"@type\":\"ListItem\",\"@id\":\"https:\\\/\\\/eldigitaldeasturias.com\\\/magazine365\\\/category\\\/noticias-actualidad\\\/#listItem\",\"name\":\"Noticias y Actualidad\"}}]},{\"@type\":\"Organization\",\"@id\":\"https:\\\/\\\/eldigitaldeasturias.com\\\/magazine365\\\/#organization\",\"name\":\"El digital de Asturias\",\"description\":\"Revista de ocio, turismo y estilo de vida\",\"url\":\"https:\\\/\\\/eldigitaldeasturias.com\\\/magazine365\\\/\",\"logo\":{\"@type\":\"ImageObject\",\"url\":\"https:\\\/\\\/www.eldigitaldeasturias.com\\\/noticias\\\/wp-content\\\/uploads\\\/2020\\\/12\\\/EDA.jpg\",\"@id\":\"https:\\\/\\\/eldigitaldeasturias.com\\\/magazine365\\\/fernandez-y-aguilar-unidos-para-apoyar-el-turismo-cultural-andaluz-hay-de-todo-para-todos-y-todo-el-ano\\\/#organizationLogo\"},\"image\":{\"@id\":\"https:\\\/\\\/eldigitaldeasturias.com\\\/magazine365\\\/fernandez-y-aguilar-unidos-para-apoyar-el-turismo-cultural-andaluz-hay-de-todo-para-todos-y-todo-el-ano\\\/#organizationLogo\"}},{\"@type\":\"Person\",\"@id\":\"https:\\\/\\\/eldigitaldeasturias.com\\\/magazine365\\\/author\\\/admin\\\/#author\",\"url\":\"https:\\\/\\\/eldigitaldeasturias.com\\\/magazine365\\\/author\\\/admin\\\/\",\"name\":\"admin\",\"image\":{\"@type\":\"ImageObject\",\"@id\":\"https:\\\/\\\/eldigitaldeasturias.com\\\/magazine365\\\/fernandez-y-aguilar-unidos-para-apoyar-el-turismo-cultural-andaluz-hay-de-todo-para-todos-y-todo-el-ano\\\/#authorImage\",\"url\":\"https:\\\/\\\/eldigitaldeasturias.com\\\/magazine365\\\/wp-content\\\/litespeed\\\/avatar\\\/e571bcf59a0edd6fa6838245a470f2fe.jpg?ver=1776969259\",\"width\":96,\"height\":96,\"caption\":\"admin\"}},{\"@type\":\"WebPage\",\"@id\":\"https:\\\/\\\/eldigitaldeasturias.com\\\/magazine365\\\/fernandez-y-aguilar-unidos-para-apoyar-el-turismo-cultural-andaluz-hay-de-todo-para-todos-y-todo-el-ano\\\/#webpage\",\"url\":\"https:\\\/\\\/eldigitaldeasturias.com\\\/magazine365\\\/fernandez-y-aguilar-unidos-para-apoyar-el-turismo-cultural-andaluz-hay-de-todo-para-todos-y-todo-el-ano\\\/\",\"name\":\"Fern\\u00e1ndez y Aguilar, unidos para apoyar el turismo cultural andaluz: \\u00abHay de todo, para todos y todo el a\\u00f1o\\u00bb | El Digital de Asturias\",\"description\":\"Los consejeros de Turismo y Cultura, Francisco Javier Fern\\u00e1ndez y Rosa Aguilar, respectivamente, han presentado este viernes en la Feria Internacional de Turismo, Fitur, la programaci\\u00f3n cultural impulsada por la Administraci\\u00f3n regional que, por su potencial, se concibe como un segmento tur\\u00edstico propio. \\\"En Andaluc\\u00eda hay de todo, para todos y todo el a\\u00f1o\\\", han\",\"inLanguage\":\"es-ES\",\"isPartOf\":{\"@id\":\"https:\\\/\\\/eldigitaldeasturias.com\\\/magazine365\\\/#website\"},\"breadcrumb\":{\"@id\":\"https:\\\/\\\/eldigitaldeasturias.com\\\/magazine365\\\/fernandez-y-aguilar-unidos-para-apoyar-el-turismo-cultural-andaluz-hay-de-todo-para-todos-y-todo-el-ano\\\/#breadcrumblist\"},\"author\":{\"@id\":\"https:\\\/\\\/eldigitaldeasturias.com\\\/magazine365\\\/author\\\/admin\\\/#author\"},\"creator\":{\"@id\":\"https:\\\/\\\/eldigitaldeasturias.com\\\/magazine365\\\/author\\\/admin\\\/#author\"},\"image\":{\"@type\":\"ImageObject\",\"url\":\"https:\\\/\\\/eldigitaldeasturias.com\\\/magazine365\\\/wp-content\\\/uploads\\\/2016\\\/01\\\/fotonoticia_20160122142152_800.jpg\",\"@id\":\"https:\\\/\\\/eldigitaldeasturias.com\\\/magazine365\\\/fernandez-y-aguilar-unidos-para-apoyar-el-turismo-cultural-andaluz-hay-de-todo-para-todos-y-todo-el-ano\\\/#mainImage\",\"width\":800,\"height\":1200},\"primaryImageOfPage\":{\"@id\":\"https:\\\/\\\/eldigitaldeasturias.com\\\/magazine365\\\/fernandez-y-aguilar-unidos-para-apoyar-el-turismo-cultural-andaluz-hay-de-todo-para-todos-y-todo-el-ano\\\/#mainImage\"},\"datePublished\":\"2016-01-23T13:36:51+01:00\",\"dateModified\":\"2016-01-23T13:36:51+01:00\"},{\"@type\":\"WebSite\",\"@id\":\"https:\\\/\\\/eldigitaldeasturias.com\\\/magazine365\\\/#website\",\"url\":\"https:\\\/\\\/eldigitaldeasturias.com\\\/magazine365\\\/\",\"name\":\"El Digital de Asturias\",\"description\":\"Revista de ocio, turismo y estilo de vida\",\"inLanguage\":\"es-ES\",\"publisher\":{\"@id\":\"https:\\\/\\\/eldigitaldeasturias.com\\\/magazine365\\\/#organization\"}}]}\n\t\t<\/script>\n\t\t<!-- All in One SEO Pro -->\r\n\t\t<title>Fern\u00e1ndez y Aguilar, unidos para apoyar el turismo cultural andaluz: \u00abHay de todo, para todos y todo el a\u00f1o\u00bb | El Digital de Asturias<\/title>\n\n","aioseo_head_json":{"title":"Fern\u00e1ndez y Aguilar, unidos para apoyar el turismo cultural andaluz: \u00abHay de todo, para todos y todo el a\u00f1o\u00bb | El Digital de Asturias","description":"Los consejeros de Turismo y Cultura, Francisco Javier Fern\u00e1ndez y Rosa Aguilar, respectivamente, han presentado este viernes en la Feria Internacional de Turismo, Fitur, la programaci\u00f3n cultural impulsada por la Administraci\u00f3n regional que, por su potencial, se concibe como un segmento tur\u00edstico propio. \"En Andaluc\u00eda hay de todo, para todos y todo el a\u00f1o\", han","canonical_url":"https:\/\/eldigitaldeasturias.com\/magazine365\/fernandez-y-aguilar-unidos-para-apoyar-el-turismo-cultural-andaluz-hay-de-todo-para-todos-y-todo-el-ano\/","robots":"max-image-preview:large","keywords":"noticias y actualidad","webmasterTools":{"google-site-verification":"UA-38556648-1","miscellaneous":""},"schema":{"@context":"https:\/\/schema.org","@graph":[{"@type":"Article","@id":"https:\/\/eldigitaldeasturias.com\/magazine365\/fernandez-y-aguilar-unidos-para-apoyar-el-turismo-cultural-andaluz-hay-de-todo-para-todos-y-todo-el-ano\/#article","name":"Fern\u00e1ndez y Aguilar, unidos para apoyar el turismo cultural andaluz: \u00abHay de todo, para todos y todo el a\u00f1o\u00bb | El Digital de Asturias","headline":"Fern\u00e1ndez y Aguilar, unidos para apoyar el turismo cultural andaluz: \u00abHay de todo, para todos y todo el a\u00f1o\u00bb","author":{"@id":"https:\/\/eldigitaldeasturias.com\/magazine365\/author\/admin\/#author"},"publisher":{"@id":"https:\/\/eldigitaldeasturias.com\/magazine365\/#organization"},"image":{"@type":"ImageObject","url":"https:\/\/eldigitaldeasturias.com\/magazine365\/wp-content\/uploads\/2016\/01\/fotonoticia_20160122142152_800.jpg","width":800,"height":1200},"datePublished":"2016-01-23T13:36:51+01:00","dateModified":"2016-01-23T13:36:51+01:00","inLanguage":"es-ES","mainEntityOfPage":{"@id":"https:\/\/eldigitaldeasturias.com\/magazine365\/fernandez-y-aguilar-unidos-para-apoyar-el-turismo-cultural-andaluz-hay-de-todo-para-todos-y-todo-el-ano\/#webpage"},"isPartOf":{"@id":"https:\/\/eldigitaldeasturias.com\/magazine365\/fernandez-y-aguilar-unidos-para-apoyar-el-turismo-cultural-andaluz-hay-de-todo-para-todos-y-todo-el-ano\/#webpage"},"articleSection":"Noticias y Actualidad"},{"@type":"BreadcrumbList","@id":"https:\/\/eldigitaldeasturias.com\/magazine365\/fernandez-y-aguilar-unidos-para-apoyar-el-turismo-cultural-andaluz-hay-de-todo-para-todos-y-todo-el-ano\/#breadcrumblist","itemListElement":[{"@type":"ListItem","@id":"https:\/\/eldigitaldeasturias.com\/magazine365#listItem","position":1,"name":"Home","item":"https:\/\/eldigitaldeasturias.com\/magazine365","nextItem":{"@type":"ListItem","@id":"https:\/\/eldigitaldeasturias.com\/magazine365\/category\/noticias-actualidad\/#listItem","name":"Noticias y Actualidad"}},{"@type":"ListItem","@id":"https:\/\/eldigitaldeasturias.com\/magazine365\/category\/noticias-actualidad\/#listItem","position":2,"name":"Noticias y Actualidad","item":"https:\/\/eldigitaldeasturias.com\/magazine365\/category\/noticias-actualidad\/","nextItem":{"@type":"ListItem","@id":"https:\/\/eldigitaldeasturias.com\/magazine365\/fernandez-y-aguilar-unidos-para-apoyar-el-turismo-cultural-andaluz-hay-de-todo-para-todos-y-todo-el-ano\/#listItem","name":"Fern\u00e1ndez y Aguilar, unidos para apoyar el turismo cultural andaluz: \u00abHay de todo, para todos y todo el a\u00f1o\u00bb"},"previousItem":{"@type":"ListItem","@id":"https:\/\/eldigitaldeasturias.com\/magazine365#listItem","name":"Home"}},{"@type":"ListItem","@id":"https:\/\/eldigitaldeasturias.com\/magazine365\/fernandez-y-aguilar-unidos-para-apoyar-el-turismo-cultural-andaluz-hay-de-todo-para-todos-y-todo-el-ano\/#listItem","position":3,"name":"Fern\u00e1ndez y Aguilar, unidos para apoyar el turismo cultural andaluz: \u00abHay de todo, para todos y todo el a\u00f1o\u00bb","previousItem":{"@type":"ListItem","@id":"https:\/\/eldigitaldeasturias.com\/magazine365\/category\/noticias-actualidad\/#listItem","name":"Noticias y Actualidad"}}]},{"@type":"Organization","@id":"https:\/\/eldigitaldeasturias.com\/magazine365\/#organization","name":"El digital de Asturias","description":"Revista de ocio, turismo y estilo de vida","url":"https:\/\/eldigitaldeasturias.com\/magazine365\/","logo":{"@type":"ImageObject","url":"https:\/\/www.eldigitaldeasturias.com\/noticias\/wp-content\/uploads\/2020\/12\/EDA.jpg","@id":"https:\/\/eldigitaldeasturias.com\/magazine365\/fernandez-y-aguilar-unidos-para-apoyar-el-turismo-cultural-andaluz-hay-de-todo-para-todos-y-todo-el-ano\/#organizationLogo"},"image":{"@id":"https:\/\/eldigitaldeasturias.com\/magazine365\/fernandez-y-aguilar-unidos-para-apoyar-el-turismo-cultural-andaluz-hay-de-todo-para-todos-y-todo-el-ano\/#organizationLogo"}},{"@type":"Person","@id":"https:\/\/eldigitaldeasturias.com\/magazine365\/author\/admin\/#author","url":"https:\/\/eldigitaldeasturias.com\/magazine365\/author\/admin\/","name":"admin","image":{"@type":"ImageObject","@id":"https:\/\/eldigitaldeasturias.com\/magazine365\/fernandez-y-aguilar-unidos-para-apoyar-el-turismo-cultural-andaluz-hay-de-todo-para-todos-y-todo-el-ano\/#authorImage","url":"https:\/\/eldigitaldeasturias.com\/magazine365\/wp-content\/litespeed\/avatar\/e571bcf59a0edd6fa6838245a470f2fe.jpg?ver=1776969259","width":96,"height":96,"caption":"admin"}},{"@type":"WebPage","@id":"https:\/\/eldigitaldeasturias.com\/magazine365\/fernandez-y-aguilar-unidos-para-apoyar-el-turismo-cultural-andaluz-hay-de-todo-para-todos-y-todo-el-ano\/#webpage","url":"https:\/\/eldigitaldeasturias.com\/magazine365\/fernandez-y-aguilar-unidos-para-apoyar-el-turismo-cultural-andaluz-hay-de-todo-para-todos-y-todo-el-ano\/","name":"Fern\u00e1ndez y Aguilar, unidos para apoyar el turismo cultural andaluz: \u00abHay de todo, para todos y todo el a\u00f1o\u00bb | El Digital de Asturias","description":"Los consejeros de Turismo y Cultura, Francisco Javier Fern\u00e1ndez y Rosa Aguilar, respectivamente, han presentado este viernes en la Feria Internacional de Turismo, Fitur, la programaci\u00f3n cultural impulsada por la Administraci\u00f3n regional que, por su potencial, se concibe como un segmento tur\u00edstico propio. \"En Andaluc\u00eda hay de todo, para todos y todo el a\u00f1o\", han","inLanguage":"es-ES","isPartOf":{"@id":"https:\/\/eldigitaldeasturias.com\/magazine365\/#website"},"breadcrumb":{"@id":"https:\/\/eldigitaldeasturias.com\/magazine365\/fernandez-y-aguilar-unidos-para-apoyar-el-turismo-cultural-andaluz-hay-de-todo-para-todos-y-todo-el-ano\/#breadcrumblist"},"author":{"@id":"https:\/\/eldigitaldeasturias.com\/magazine365\/author\/admin\/#author"},"creator":{"@id":"https:\/\/eldigitaldeasturias.com\/magazine365\/author\/admin\/#author"},"image":{"@type":"ImageObject","url":"https:\/\/eldigitaldeasturias.com\/magazine365\/wp-content\/uploads\/2016\/01\/fotonoticia_20160122142152_800.jpg","@id":"https:\/\/eldigitaldeasturias.com\/magazine365\/fernandez-y-aguilar-unidos-para-apoyar-el-turismo-cultural-andaluz-hay-de-todo-para-todos-y-todo-el-ano\/#mainImage","width":800,"height":1200},"primaryImageOfPage":{"@id":"https:\/\/eldigitaldeasturias.com\/magazine365\/fernandez-y-aguilar-unidos-para-apoyar-el-turismo-cultural-andaluz-hay-de-todo-para-todos-y-todo-el-ano\/#mainImage"},"datePublished":"2016-01-23T13:36:51+01:00","dateModified":"2016-01-23T13:36:51+01:00"},{"@type":"WebSite","@id":"https:\/\/eldigitaldeasturias.com\/magazine365\/#website","url":"https:\/\/eldigitaldeasturias.com\/magazine365\/","name":"El Digital de Asturias","description":"Revista de ocio, turismo y estilo de vida","inLanguage":"es-ES","publisher":{"@id":"https:\/\/eldigitaldeasturias.com\/magazine365\/#organization"}}]},"og:locale":"es_ES","og:site_name":"El Digital de Asturias \u2013 Revista de ocio, turismo y estilo de vida","og:type":"article","og:title":"Fern\u00e1ndez y Aguilar, unidos para apoyar el turismo cultural andaluz: \u00abHay de todo, para todos y todo el a\u00f1o\u00bb | El Digital de Asturias","og:description":"Los consejeros de Turismo y Cultura, Francisco Javier Fern\u00e1ndez y Rosa Aguilar, respectivamente, han presentado este viernes en la Feria Internacional de Turismo, Fitur, la programaci\u00f3n cultural impulsada por la Administraci\u00f3n regional que, por su potencial, se concibe como un segmento tur\u00edstico propio. &quot;En Andaluc\u00eda hay de todo, para todos y todo el a\u00f1o&quot;, han","og:url":"https:\/\/eldigitaldeasturias.com\/magazine365\/fernandez-y-aguilar-unidos-para-apoyar-el-turismo-cultural-andaluz-hay-de-todo-para-todos-y-todo-el-ano\/","og:image":"https:\/\/eldigitaldeasturias.com\/magazine365\/wp-content\/uploads\/2016\/01\/fotonoticia_20160122142152_800.jpg","og:image:secure_url":"https:\/\/eldigitaldeasturias.com\/magazine365\/wp-content\/uploads\/2016\/01\/fotonoticia_20160122142152_800.jpg","og:image:width":800,"og:image:height":1200,"article:published_time":"2016-01-23T12:36:51+00:00","article:modified_time":"2016-01-23T12:36:51+00:00","twitter:card":"summary_large_image","twitter:title":"Fern\u00e1ndez y Aguilar, unidos para apoyar el turismo cultural andaluz: \u00abHay de todo, para todos y todo el a\u00f1o\u00bb | El Digital de Asturias","twitter:description":"Los consejeros de Turismo y Cultura, Francisco Javier Fern\u00e1ndez y Rosa Aguilar, respectivamente, han presentado este viernes en la Feria Internacional de Turismo, Fitur, la programaci\u00f3n cultural impulsada por la Administraci\u00f3n regional que, por su potencial, se concibe como un segmento tur\u00edstico propio. &quot;En Andaluc\u00eda hay de todo, para todos y todo el a\u00f1o&quot;, han","twitter:image":"https:\/\/eldigitaldeasturias.com\/magazine365\/wp-content\/uploads\/2016\/01\/fotonoticia_20160122142152_800.jpg"},"aioseo_meta_data":{"post_id":"61811","title":null,"description":null,"keywords":null,"keyphrases":null,"primary_term":null,"canonical_url":null,"og_title":null,"og_description":null,"og_object_type":"default","og_image_type":"default","og_image_url":null,"og_image_width":null,"og_image_height":null,"og_image_custom_url":null,"og_image_custom_fields":null,"og_video":null,"og_custom_url":null,"og_article_section":null,"og_article_tags":null,"twitter_use_og":false,"twitter_card":"default","twitter_image_type":"default","twitter_image_url":null,"twitter_image_custom_url":null,"twitter_image_custom_fields":null,"twitter_title":null,"twitter_description":null,"schema":{"blockGraphs":[],"customGraphs":[],"default":{"data":{"Article":[],"Course":[],"Dataset":[],"FAQPage":[],"Movie":[],"Person":[],"Product":[],"ProductReview":[],"Car":[],"Recipe":[],"Service":[],"SoftwareApplication":[],"WebPage":[]},"graphName":"","isEnabled":true},"graphs":[],"defaultGraph":"","defaultPostTypeGraph":""},"schema_type":null,"schema_type_options":null,"pillar_content":false,"robots_default":true,"robots_noindex":false,"robots_noarchive":false,"robots_nosnippet":false,"robots_nofollow":false,"robots_noimageindex":false,"robots_noodp":false,"robots_notranslate":false,"robots_max_snippet":null,"robots_max_videopreview":null,"robots_max_imagepreview":"large","priority":null,"frequency":null,"location":null,"local_seo":null,"seo_analyzer_scan_date":"2025-09-25 09:47:53","breadcrumb_settings":null,"limit_modified_date":false,"open_ai":null,"ai":null,"created":"2021-03-08 21:44:59","updated":"2025-09-25 09:47:53"},"aioseo_breadcrumb":"<div class=\"aioseo-breadcrumbs\"><span class=\"aioseo-breadcrumb\">\n\t<a href=\"https:\/\/eldigitaldeasturias.com\/magazine365\" title=\"Home\">Home<\/a>\n<\/span><span class=\"aioseo-breadcrumb-separator\">\u2013<\/span><span class=\"aioseo-breadcrumb\">\n\t<a href=\"https:\/\/eldigitaldeasturias.com\/magazine365\/category\/noticias-actualidad\/\" title=\"Noticias y Actualidad\">Noticias y Actualidad<\/a>\n<\/span><span class=\"aioseo-breadcrumb-separator\">\u2013<\/span><span class=\"aioseo-breadcrumb\">\n\t<a href=\"https:\/\/eldigitaldeasturias.com\/magazine365\/fernandez-y-aguilar-unidos-para-apoyar-el-turismo-cultural-andaluz-hay-de-todo-para-todos-y-todo-el-ano\/\" title=\"Fern\u00e1ndez y Aguilar, unidos para apoyar el turismo cultural andaluz: \u00abHay de todo, para todos y todo el a\u00f1o\u00bb\">Fern\u00e1ndez y Aguilar, unidos para apoyar el turismo cultural andaluz: \u00abHay de todo, para todos y todo el a\u00f1o\u00bb<\/a>\n<\/span><\/div>","aioseo_breadcrumb_json":[{"label":"Home","link":"https:\/\/eldigitaldeasturias.com\/magazine365"},{"label":"Noticias y Actualidad","link":"https:\/\/eldigitaldeasturias.com\/magazine365\/category\/noticias-actualidad\/"},{"label":"Fern\u00e1ndez y Aguilar, unidos para apoyar el turismo cultural andaluz: \u00abHay de todo, para todos y todo el a\u00f1o\u00bb","link":"https:\/\/eldigitaldeasturias.com\/magazine365\/fernandez-y-aguilar-unidos-para-apoyar-el-turismo-cultural-andaluz-hay-de-todo-para-todos-y-todo-el-ano\/"}],"_links":{"self":[{"href":"https:\/\/eldigitaldeasturias.com\/magazine365\/wp-json\/wp\/v2\/posts\/61811","targetHints":{"allow":["GET"]}}],"collection":[{"href":"https:\/\/eldigitaldeasturias.com\/magazine365\/wp-json\/wp\/v2\/posts"}],"about":[{"href":"https:\/\/eldigitaldeasturias.com\/magazine365\/wp-json\/wp\/v2\/types\/post"}],"author":[{"embeddable":true,"href":"https:\/\/eldigitaldeasturias.com\/magazine365\/wp-json\/wp\/v2\/users\/1"}],"replies":[{"embeddable":true,"href":"https:\/\/eldigitaldeasturias.com\/magazine365\/wp-json\/wp\/v2\/comments?post=61811"}],"version-history":[{"count":0,"href":"https:\/\/eldigitaldeasturias.com\/magazine365\/wp-json\/wp\/v2\/posts\/61811\/revisions"}],"wp:featuredmedia":[{"embeddable":true,"href":"https:\/\/eldigitaldeasturias.com\/magazine365\/wp-json\/wp\/v2\/media\/61812"}],"wp:attachment":[{"href":"https:\/\/eldigitaldeasturias.com\/magazine365\/wp-json\/wp\/v2\/media?parent=61811"}],"wp:term":[{"taxonomy":"category","embeddable":true,"href":"https:\/\/eldigitaldeasturias.com\/magazine365\/wp-json\/wp\/v2\/categories?post=61811"},{"taxonomy":"post_tag","embeddable":true,"href":"https:\/\/eldigitaldeasturias.com\/magazine365\/wp-json\/wp\/v2\/tags?post=61811"}],"curies":[{"name":"wp","href":"https:\/\/api.w.org\/{rel}","templated":true}]}}