{"id":61806,"date":"2016-01-23T13:35:06","date_gmt":"2016-01-23T12:35:06","guid":{"rendered":"http:\/\/eldigitaldeasturias.com\/magazine365\/?p=61806"},"modified":"2016-01-23T13:35:06","modified_gmt":"2016-01-23T12:35:06","slug":"puente-genil-inunda-de-flamenco-la-feria-con-el-festival-de-cante-grande-fosforito","status":"publish","type":"post","link":"https:\/\/eldigitaldeasturias.com\/magazine365\/puente-genil-inunda-de-flamenco-la-feria-con-el-festival-de-cante-grande-fosforito\/","title":{"rendered":"Puente Genil inunda de flamenco la feria con el &#8216;Festival de Cante Grande Fosforito&#8217;"},"content":{"rendered":"<p>La localidad cordobesa de Puente Genil ha inundado este viernes la Feria Internacional de Turismo (Fitur 2016) de flamenco con la presentaci\u00f3n de los actos conmemorativos por el 50 aniversario del &#8216;Festival de Cante Grande Fosforito&#8217;, que junto a la programaci\u00f3n de &#8216;Noches en la Villa&#8217; y &#8216;La Mananta&#8217; (nombre con el que se conoce la Semana Santa de la localidad) ser\u00e1n otros de los platos fuertes que ofrece la localidad pontanesa para atraer visitantes durante todo este 2016.<\/p>\n<p>   La vicepresidenta segunda de la Diputaci\u00f3n de C\u00f3rdoba, Ana Carrillo; el alcalde de Puente Genil, Esteban Morales y el cantaor Antonio Fern\u00e1ndez D\u00edaz, &#8216;Fosforito&#8217;, han sido los encargados de promocionar las actividades de la localidad.<\/p>\n<p>   Carrillo ha se\u00f1alado que \u00abdesde Puente Genil se ha sabido fusionar a la perfecci\u00f3n diversos recursos para dar como resultado un paquete integral que ofrecer al visitante\u00bb, y ha a\u00f1adido que \u00abhablar de Puente Genil es hablar de flamenco y tambi\u00e9n de Semana Santa\u00bb.<\/p>\n<p>   Asimismo, la vicepresidenta segunda de la instituci\u00f3n provincial ha querido resaltar \u00abel esfuerzo de cofrad\u00edas, hermandades y figuras b\u00edblicas en torno a &#8216;La Mananta&#8217; y el desarrollo econ\u00f3mico de nuestras empresas en torno a la iluminaci\u00f3n art\u00edstica\u00bb.<\/p>\n<p>   Por su parte, el alcalde de Puente Genil, Esteban Morales, ha explicado que \u00abhemos venido para hablar de lo que nos identifica, hemos tra\u00eddo nuestras propuestas apostando por aquello que nos identifica y con un estand propio\u00bb.<\/p>\n<p>   Por otro lado, el cantaor Antonio Fern\u00e1ndez D\u00edaz, &#8216;Fosforito&#8217;, ha invitado \u00aba vernos y visitarnos porque Puente Genil tiene una cultura po\u00e9tica, flamenca y gastron\u00f3mica y una gente abierta, cari\u00f1osa y acogedora\u00bb.<\/p>\n<p>ACTUACIONES<\/p>\n<p>   As\u00ed, el Ballet Flamenco de Andaluc\u00eda y el cantaor Miguel Poveda ser\u00e1n dos de los pesos pesados de este aniversario, que actuar\u00e1n el 6 y 7 de mayo, respectivamente. M\u00e1s cerca en el tiempo, el pr\u00f3ximo d\u00eda 29 de enero, el cantaor Juli\u00e1n Estrada presentar\u00e1 su nuevo disco &#8216;Naturaleza flamenca&#8217; y al d\u00eda siguiente, en la Pe\u00f1a Frasquito tendr\u00e1 lugar un recital a cargo de Miguel Tena.<\/p>\n<p>   Adem\u00e1s, el 12 de febrero se presentar\u00e1 el libro &#8216;El tenazas&#8217;, a cargo de Luis V\u00e1zquez. Bajo el paraguas de este aniversario, tambi\u00e9n se han organizado una serie de &#8216;masterclass&#8217;, exposiciones fotogr\u00e1ficas y un largo etc\u00e9tera.<\/p>\n<p>   Tambi\u00e9n se ha dado a conocer la programaci\u00f3n de &#8216;Noches en la Villa&#8217;, actividades l\u00fadicas, culturales y recreativas que se celebran en verano en el yacimiento arqueol\u00f3gico de Fuente \u00c1lamo. \u00abFuente \u00c1lamo es \u00fanico en cuanto a sus mosaicos y con el programa Noches en la Villa lo mostramos y damos a conocer la cultura romana y promocionamos el yacimiento\u00bb, ha afirmado el regidor pontan\u00e9s. Adem\u00e1s, se celebrar\u00e1n una serie de actos con motivo de los aniversarios del Sepulcro, de la Virgen de la Esperanza, de las figuras de Gestas y Dimas.<\/p>\n<p>CAMPI\u00d1A SUR <\/p>\n<p>   La comarca de la Campi\u00f1a Sur tambi\u00e9n ha mostrado sus atractivos tur\u00edsticos en Ifema con una variopinta serie de propuestas, que transitan por lo natural, lo gastron\u00f3mico y, por supuesto, lo cultural. En este sentido, la vicepresidenta segunda de la Diputaci\u00f3n de C\u00f3rdoba, Ana Carrillo, ha se\u00f1alado que \u00abtraemos lo mejor de la Campi\u00f1a, su gastronom\u00eda, sus paisajes o su patrimonio, entre otros\u00bb.<\/p>\n<p>   Carrillo ha estado acompa\u00f1ada por la presidenta de la mancomunidad de la Campi\u00f1a Sur y alcaldesa de Moriles (C\u00f3rdoba), Francisca Carmona, as\u00ed como por los alcaldes de los municipios cordobeses de Montalb\u00e1n de C\u00f3rdoba, Miguel Ruz; de Montemayor, Antonio Garc\u00eda; de Aguilar de la Frontera, Francisco Juan Mart\u00edn; de Monturque, Teresa Romero; y de Montilla, Rafael Llamas.<\/p>\n<p>   As\u00ed, la mancomunidad de la Campi\u00f1a Sur ha presentado &#8216;Campi\u00f1a Sur, siente tu historia&#8217;, una nueva campa\u00f1a de promoci\u00f3n que nace de la necesidad de potenciar la identidad tur\u00edstica de la zona, poniendo en valor su patrimonio y sus recursos tur\u00edsticos.<\/p>\n<p>   La presidenta de la mancomunidad de la Campi\u00f1a Sur, Francisca Carmona, ha explicado que la campa\u00f1a \u00abest\u00e1 enfocada a los vecinos de la comarca, porque son los que m\u00e1s nos visitan y, a la vez, son los grandes desconocedores\u00bb, y ha se\u00f1alado que \u00abpresentamos un folleto para que el turista se construya su propia historia y la cuente, que sean portadores de lo que encuentren en Campi\u00f1a Sur\u00bb.<\/p>\n<p>   Por su parte, Montalb\u00e1n de C\u00f3rdoba ha llevado a Fitur 2016 la &#8216;Feria del Vino de Tinaja y Gastronom\u00eda&#8217; y las &#8216;Jornadas del Ajo y el Mel\u00f3n&#8217;, ambas iniciativas en las que se mezcla los productos cultivados y elaborados en la localidad con el folclore con las que se pretende impulsar el desarrollo tur\u00edstico local como motor de crecimiento econ\u00f3mico.<\/p>\n<p>   El producto &#8216;La Pasera m\u00e1s grande de Europa. El Vino dulce Pedro Xim\u00e9nez&#8217; ha sido el escogido por Montemayor para atraer a visitantes. La nueva propuesta pone en valor la uva de Pedro Xim\u00e9nez, \u00fanica en Europa.<\/p>\n<p>TURISMO ORNITOL\u00d3GICO<\/p>\n<p>   Por otro lado, Aguilar de la Frontera ha optado por promocionar su patrimonio natural, resaltando la riqueza de la Laguna de Z\u00f3\u00f1ar como espacio \u00fanico para el turismo ornitol\u00f3gico en la provincia. Con el producto &#8216;Patrimonio singular. Patrimonio natural&#8217;, el Consistorio pretende ofrecer un espacio para la conservaci\u00f3n, la defensa y el estudio de la diversidad ecol\u00f3gica en el espacio de la Laguna.<\/p>\n<p>   Montilla, adem\u00e1s de llevar por bandera los vinos de la Denominaci\u00f3n de Origen Montilla-Moriles, ha querido dar protagonismo en Madrid al &#8216;Concurso Internacional de Vinos Ecol\u00f3gicos&#8217; (EcoRacimo), que cuenta con el apoyo de la Diputaci\u00f3n. Esta XVII edici\u00f3n el certamen, que tendr\u00e1 lugar el pr\u00f3ximo 23 de abril en el castillo de Montilla, espera rebasar las 200 muestras de vinos procedentes de toda Espa\u00f1a y de regiones vitivin\u00edcolas de Francia y Alemania.<\/p>\n<p>   Por \u00faltimo, Monturque ha vuelto a esta Feria con una propuesta que une historia y cultura, las &#8216;Jornadas Mundamortis&#8217; que se celebran anualmente relacionadas con el turismo de cementerios y que promocionan las cementerio de la localidad, incluido en la Red Europea de Cementerios Singulares.<\/p>\n","protected":false},"excerpt":{"rendered":"<p>La localidad cordobesa de Puente Genil ha inundado este viernes la Feria Internacional de Turismo (Fitur 2016) de flamenco con la presentaci\u00f3n de los actos conmemorativos por el 50 aniversario del &#8216;Festival de Cante Grande Fosforito&#8217;, que junto a la programaci\u00f3n de &#8216;Noches en la Villa&#8217; y &#8216;La Mananta&#8217; (nombre con el que se conoce<\/p>\n","protected":false},"author":1,"featured_media":61252,"comment_status":"open","ping_status":"closed","sticky":false,"template":"","format":"standard","meta":{"footnotes":""},"categories":[224],"tags":[],"class_list":{"0":"post-61806","1":"post","2":"type-post","3":"status-publish","4":"format-standard","5":"has-post-thumbnail","7":"category-noticias-actualidad"},"aioseo_notices":[],"aioseo_head":"\n\t\t<!-- All in One SEO Pro 4.9.6.1 - aioseo.com -->\n\t<meta name=\"description\" content=\"La localidad cordobesa de Puente Genil ha inundado este viernes la Feria Internacional de Turismo (Fitur 2016) de flamenco con la presentaci\u00f3n de los actos conmemorativos por el 50 aniversario del &#039;Festival de Cante Grande Fosforito&#039;, que junto a la programaci\u00f3n de &#039;Noches en la Villa&#039; y &#039;La Mananta&#039; (nombre con el que se conoce\" \/>\n\t<meta name=\"robots\" content=\"max-image-preview:large\" \/>\n\t<meta name=\"author\" content=\"admin\"\/>\n\t<meta name=\"google-site-verification\" content=\"UA-38556648-1\" \/>\n\t<meta name=\"keywords\" content=\"noticias y actualidad\" \/>\n\t<link rel=\"canonical\" href=\"https:\/\/eldigitaldeasturias.com\/magazine365\/puente-genil-inunda-de-flamenco-la-feria-con-el-festival-de-cante-grande-fosforito\/\" \/>\n\t<meta name=\"generator\" content=\"All in One SEO Pro (AIOSEO) 4.9.6.1\" \/>\n\t\t<meta property=\"og:locale\" content=\"es_ES\" \/>\n\t\t<meta property=\"og:site_name\" content=\"El Digital de Asturias \u2013 Revista de ocio, turismo y estilo de vida\" \/>\n\t\t<meta property=\"og:type\" content=\"article\" \/>\n\t\t<meta property=\"og:title\" content=\"Puente Genil inunda de flamenco la feria con el \u2018Festival de Cante Grande Fosforito\u2019 | El Digital de Asturias\" \/>\n\t\t<meta property=\"og:description\" content=\"La localidad cordobesa de Puente Genil ha inundado este viernes la Feria Internacional de Turismo (Fitur 2016) de flamenco con la presentaci\u00f3n de los actos conmemorativos por el 50 aniversario del &#039;Festival de Cante Grande Fosforito&#039;, que junto a la programaci\u00f3n de &#039;Noches en la Villa&#039; y &#039;La Mananta&#039; (nombre con el que se conoce\" \/>\n\t\t<meta property=\"og:url\" content=\"https:\/\/eldigitaldeasturias.com\/magazine365\/puente-genil-inunda-de-flamenco-la-feria-con-el-festival-de-cante-grande-fosforito\/\" \/>\n\t\t<meta property=\"og:image\" content=\"https:\/\/eldigitaldeasturias.com\/magazine365\/wp-content\/uploads\/2016\/01\/fitur2016.jpg\" \/>\n\t\t<meta property=\"og:image:secure_url\" content=\"https:\/\/eldigitaldeasturias.com\/magazine365\/wp-content\/uploads\/2016\/01\/fitur2016.jpg\" \/>\n\t\t<meta property=\"og:image:width\" content=\"800\" \/>\n\t\t<meta property=\"og:image:height\" content=\"533\" \/>\n\t\t<meta property=\"article:published_time\" content=\"2016-01-23T12:35:06+00:00\" \/>\n\t\t<meta property=\"article:modified_time\" content=\"2016-01-23T12:35:06+00:00\" \/>\n\t\t<meta name=\"twitter:card\" content=\"summary_large_image\" \/>\n\t\t<meta name=\"twitter:title\" content=\"Puente Genil inunda de flamenco la feria con el \u2018Festival de Cante Grande Fosforito\u2019 | El Digital de Asturias\" \/>\n\t\t<meta name=\"twitter:description\" content=\"La localidad cordobesa de Puente Genil ha inundado este viernes la Feria Internacional de Turismo (Fitur 2016) de flamenco con la presentaci\u00f3n de los actos conmemorativos por el 50 aniversario del &#039;Festival de Cante Grande Fosforito&#039;, que junto a la programaci\u00f3n de &#039;Noches en la Villa&#039; y &#039;La Mananta&#039; (nombre con el que se conoce\" \/>\n\t\t<meta name=\"twitter:image\" content=\"https:\/\/eldigitaldeasturias.com\/magazine365\/wp-content\/uploads\/2016\/01\/fitur2016.jpg\" \/>\n\t\t<script type=\"application\/ld+json\" class=\"aioseo-schema\">\n\t\t\t{\"@context\":\"https:\\\/\\\/schema.org\",\"@graph\":[{\"@type\":\"Article\",\"@id\":\"https:\\\/\\\/eldigitaldeasturias.com\\\/magazine365\\\/puente-genil-inunda-de-flamenco-la-feria-con-el-festival-de-cante-grande-fosforito\\\/#article\",\"name\":\"Puente Genil inunda de flamenco la feria con el \\u2018Festival de Cante Grande Fosforito\\u2019 | El Digital de Asturias\",\"headline\":\"Puente Genil inunda de flamenco la feria con el &#8216;Festival de Cante Grande Fosforito&#8217;\",\"author\":{\"@id\":\"https:\\\/\\\/eldigitaldeasturias.com\\\/magazine365\\\/author\\\/admin\\\/#author\"},\"publisher\":{\"@id\":\"https:\\\/\\\/eldigitaldeasturias.com\\\/magazine365\\\/#organization\"},\"image\":{\"@type\":\"ImageObject\",\"url\":\"https:\\\/\\\/eldigitaldeasturias.com\\\/magazine365\\\/wp-content\\\/uploads\\\/2016\\\/01\\\/fitur2016.jpg\",\"width\":800,\"height\":533},\"datePublished\":\"2016-01-23T13:35:06+01:00\",\"dateModified\":\"2016-01-23T13:35:06+01:00\",\"inLanguage\":\"es-ES\",\"mainEntityOfPage\":{\"@id\":\"https:\\\/\\\/eldigitaldeasturias.com\\\/magazine365\\\/puente-genil-inunda-de-flamenco-la-feria-con-el-festival-de-cante-grande-fosforito\\\/#webpage\"},\"isPartOf\":{\"@id\":\"https:\\\/\\\/eldigitaldeasturias.com\\\/magazine365\\\/puente-genil-inunda-de-flamenco-la-feria-con-el-festival-de-cante-grande-fosforito\\\/#webpage\"},\"articleSection\":\"Noticias y Actualidad\"},{\"@type\":\"BreadcrumbList\",\"@id\":\"https:\\\/\\\/eldigitaldeasturias.com\\\/magazine365\\\/puente-genil-inunda-de-flamenco-la-feria-con-el-festival-de-cante-grande-fosforito\\\/#breadcrumblist\",\"itemListElement\":[{\"@type\":\"ListItem\",\"@id\":\"https:\\\/\\\/eldigitaldeasturias.com\\\/magazine365#listItem\",\"position\":1,\"name\":\"Home\",\"item\":\"https:\\\/\\\/eldigitaldeasturias.com\\\/magazine365\",\"nextItem\":{\"@type\":\"ListItem\",\"@id\":\"https:\\\/\\\/eldigitaldeasturias.com\\\/magazine365\\\/category\\\/noticias-actualidad\\\/#listItem\",\"name\":\"Noticias y Actualidad\"}},{\"@type\":\"ListItem\",\"@id\":\"https:\\\/\\\/eldigitaldeasturias.com\\\/magazine365\\\/category\\\/noticias-actualidad\\\/#listItem\",\"position\":2,\"name\":\"Noticias y Actualidad\",\"item\":\"https:\\\/\\\/eldigitaldeasturias.com\\\/magazine365\\\/category\\\/noticias-actualidad\\\/\",\"nextItem\":{\"@type\":\"ListItem\",\"@id\":\"https:\\\/\\\/eldigitaldeasturias.com\\\/magazine365\\\/puente-genil-inunda-de-flamenco-la-feria-con-el-festival-de-cante-grande-fosforito\\\/#listItem\",\"name\":\"Puente Genil inunda de flamenco la feria con el &#8216;Festival de Cante Grande Fosforito&#8217;\"},\"previousItem\":{\"@type\":\"ListItem\",\"@id\":\"https:\\\/\\\/eldigitaldeasturias.com\\\/magazine365#listItem\",\"name\":\"Home\"}},{\"@type\":\"ListItem\",\"@id\":\"https:\\\/\\\/eldigitaldeasturias.com\\\/magazine365\\\/puente-genil-inunda-de-flamenco-la-feria-con-el-festival-de-cante-grande-fosforito\\\/#listItem\",\"position\":3,\"name\":\"Puente Genil inunda de flamenco la feria con el &#8216;Festival de Cante Grande Fosforito&#8217;\",\"previousItem\":{\"@type\":\"ListItem\",\"@id\":\"https:\\\/\\\/eldigitaldeasturias.com\\\/magazine365\\\/category\\\/noticias-actualidad\\\/#listItem\",\"name\":\"Noticias y Actualidad\"}}]},{\"@type\":\"Organization\",\"@id\":\"https:\\\/\\\/eldigitaldeasturias.com\\\/magazine365\\\/#organization\",\"name\":\"El digital de Asturias\",\"description\":\"Revista de ocio, turismo y estilo de vida\",\"url\":\"https:\\\/\\\/eldigitaldeasturias.com\\\/magazine365\\\/\",\"logo\":{\"@type\":\"ImageObject\",\"url\":\"https:\\\/\\\/www.eldigitaldeasturias.com\\\/noticias\\\/wp-content\\\/uploads\\\/2020\\\/12\\\/EDA.jpg\",\"@id\":\"https:\\\/\\\/eldigitaldeasturias.com\\\/magazine365\\\/puente-genil-inunda-de-flamenco-la-feria-con-el-festival-de-cante-grande-fosforito\\\/#organizationLogo\"},\"image\":{\"@id\":\"https:\\\/\\\/eldigitaldeasturias.com\\\/magazine365\\\/puente-genil-inunda-de-flamenco-la-feria-con-el-festival-de-cante-grande-fosforito\\\/#organizationLogo\"}},{\"@type\":\"Person\",\"@id\":\"https:\\\/\\\/eldigitaldeasturias.com\\\/magazine365\\\/author\\\/admin\\\/#author\",\"url\":\"https:\\\/\\\/eldigitaldeasturias.com\\\/magazine365\\\/author\\\/admin\\\/\",\"name\":\"admin\",\"image\":{\"@type\":\"ImageObject\",\"@id\":\"https:\\\/\\\/eldigitaldeasturias.com\\\/magazine365\\\/puente-genil-inunda-de-flamenco-la-feria-con-el-festival-de-cante-grande-fosforito\\\/#authorImage\",\"url\":\"https:\\\/\\\/eldigitaldeasturias.com\\\/magazine365\\\/wp-content\\\/litespeed\\\/avatar\\\/e571bcf59a0edd6fa6838245a470f2fe.jpg?ver=1776969259\",\"width\":96,\"height\":96,\"caption\":\"admin\"}},{\"@type\":\"WebPage\",\"@id\":\"https:\\\/\\\/eldigitaldeasturias.com\\\/magazine365\\\/puente-genil-inunda-de-flamenco-la-feria-con-el-festival-de-cante-grande-fosforito\\\/#webpage\",\"url\":\"https:\\\/\\\/eldigitaldeasturias.com\\\/magazine365\\\/puente-genil-inunda-de-flamenco-la-feria-con-el-festival-de-cante-grande-fosforito\\\/\",\"name\":\"Puente Genil inunda de flamenco la feria con el \\u2018Festival de Cante Grande Fosforito\\u2019 | El Digital de Asturias\",\"description\":\"La localidad cordobesa de Puente Genil ha inundado este viernes la Feria Internacional de Turismo (Fitur 2016) de flamenco con la presentaci\\u00f3n de los actos conmemorativos por el 50 aniversario del 'Festival de Cante Grande Fosforito', que junto a la programaci\\u00f3n de 'Noches en la Villa' y 'La Mananta' (nombre con el que se conoce\",\"inLanguage\":\"es-ES\",\"isPartOf\":{\"@id\":\"https:\\\/\\\/eldigitaldeasturias.com\\\/magazine365\\\/#website\"},\"breadcrumb\":{\"@id\":\"https:\\\/\\\/eldigitaldeasturias.com\\\/magazine365\\\/puente-genil-inunda-de-flamenco-la-feria-con-el-festival-de-cante-grande-fosforito\\\/#breadcrumblist\"},\"author\":{\"@id\":\"https:\\\/\\\/eldigitaldeasturias.com\\\/magazine365\\\/author\\\/admin\\\/#author\"},\"creator\":{\"@id\":\"https:\\\/\\\/eldigitaldeasturias.com\\\/magazine365\\\/author\\\/admin\\\/#author\"},\"image\":{\"@type\":\"ImageObject\",\"url\":\"https:\\\/\\\/eldigitaldeasturias.com\\\/magazine365\\\/wp-content\\\/uploads\\\/2016\\\/01\\\/fitur2016.jpg\",\"@id\":\"https:\\\/\\\/eldigitaldeasturias.com\\\/magazine365\\\/puente-genil-inunda-de-flamenco-la-feria-con-el-festival-de-cante-grande-fosforito\\\/#mainImage\",\"width\":800,\"height\":533},\"primaryImageOfPage\":{\"@id\":\"https:\\\/\\\/eldigitaldeasturias.com\\\/magazine365\\\/puente-genil-inunda-de-flamenco-la-feria-con-el-festival-de-cante-grande-fosforito\\\/#mainImage\"},\"datePublished\":\"2016-01-23T13:35:06+01:00\",\"dateModified\":\"2016-01-23T13:35:06+01:00\"},{\"@type\":\"WebSite\",\"@id\":\"https:\\\/\\\/eldigitaldeasturias.com\\\/magazine365\\\/#website\",\"url\":\"https:\\\/\\\/eldigitaldeasturias.com\\\/magazine365\\\/\",\"name\":\"El Digital de Asturias\",\"description\":\"Revista de ocio, turismo y estilo de vida\",\"inLanguage\":\"es-ES\",\"publisher\":{\"@id\":\"https:\\\/\\\/eldigitaldeasturias.com\\\/magazine365\\\/#organization\"}}]}\n\t\t<\/script>\n\t\t<!-- All in One SEO Pro -->\r\n\t\t<title>Puente Genil inunda de flamenco la feria con el \u2018Festival de Cante Grande Fosforito\u2019 | El Digital de Asturias<\/title>\n\n","aioseo_head_json":{"title":"Puente Genil inunda de flamenco la feria con el \u2018Festival de Cante Grande Fosforito\u2019 | El Digital de Asturias","description":"La localidad cordobesa de Puente Genil ha inundado este viernes la Feria Internacional de Turismo (Fitur 2016) de flamenco con la presentaci\u00f3n de los actos conmemorativos por el 50 aniversario del 'Festival de Cante Grande Fosforito', que junto a la programaci\u00f3n de 'Noches en la Villa' y 'La Mananta' (nombre con el que se conoce","canonical_url":"https:\/\/eldigitaldeasturias.com\/magazine365\/puente-genil-inunda-de-flamenco-la-feria-con-el-festival-de-cante-grande-fosforito\/","robots":"max-image-preview:large","keywords":"noticias y actualidad","webmasterTools":{"google-site-verification":"UA-38556648-1","miscellaneous":""},"schema":{"@context":"https:\/\/schema.org","@graph":[{"@type":"Article","@id":"https:\/\/eldigitaldeasturias.com\/magazine365\/puente-genil-inunda-de-flamenco-la-feria-con-el-festival-de-cante-grande-fosforito\/#article","name":"Puente Genil inunda de flamenco la feria con el \u2018Festival de Cante Grande Fosforito\u2019 | El Digital de Asturias","headline":"Puente Genil inunda de flamenco la feria con el &#8216;Festival de Cante Grande Fosforito&#8217;","author":{"@id":"https:\/\/eldigitaldeasturias.com\/magazine365\/author\/admin\/#author"},"publisher":{"@id":"https:\/\/eldigitaldeasturias.com\/magazine365\/#organization"},"image":{"@type":"ImageObject","url":"https:\/\/eldigitaldeasturias.com\/magazine365\/wp-content\/uploads\/2016\/01\/fitur2016.jpg","width":800,"height":533},"datePublished":"2016-01-23T13:35:06+01:00","dateModified":"2016-01-23T13:35:06+01:00","inLanguage":"es-ES","mainEntityOfPage":{"@id":"https:\/\/eldigitaldeasturias.com\/magazine365\/puente-genil-inunda-de-flamenco-la-feria-con-el-festival-de-cante-grande-fosforito\/#webpage"},"isPartOf":{"@id":"https:\/\/eldigitaldeasturias.com\/magazine365\/puente-genil-inunda-de-flamenco-la-feria-con-el-festival-de-cante-grande-fosforito\/#webpage"},"articleSection":"Noticias y Actualidad"},{"@type":"BreadcrumbList","@id":"https:\/\/eldigitaldeasturias.com\/magazine365\/puente-genil-inunda-de-flamenco-la-feria-con-el-festival-de-cante-grande-fosforito\/#breadcrumblist","itemListElement":[{"@type":"ListItem","@id":"https:\/\/eldigitaldeasturias.com\/magazine365#listItem","position":1,"name":"Home","item":"https:\/\/eldigitaldeasturias.com\/magazine365","nextItem":{"@type":"ListItem","@id":"https:\/\/eldigitaldeasturias.com\/magazine365\/category\/noticias-actualidad\/#listItem","name":"Noticias y Actualidad"}},{"@type":"ListItem","@id":"https:\/\/eldigitaldeasturias.com\/magazine365\/category\/noticias-actualidad\/#listItem","position":2,"name":"Noticias y Actualidad","item":"https:\/\/eldigitaldeasturias.com\/magazine365\/category\/noticias-actualidad\/","nextItem":{"@type":"ListItem","@id":"https:\/\/eldigitaldeasturias.com\/magazine365\/puente-genil-inunda-de-flamenco-la-feria-con-el-festival-de-cante-grande-fosforito\/#listItem","name":"Puente Genil inunda de flamenco la feria con el &#8216;Festival de Cante Grande Fosforito&#8217;"},"previousItem":{"@type":"ListItem","@id":"https:\/\/eldigitaldeasturias.com\/magazine365#listItem","name":"Home"}},{"@type":"ListItem","@id":"https:\/\/eldigitaldeasturias.com\/magazine365\/puente-genil-inunda-de-flamenco-la-feria-con-el-festival-de-cante-grande-fosforito\/#listItem","position":3,"name":"Puente Genil inunda de flamenco la feria con el &#8216;Festival de Cante Grande Fosforito&#8217;","previousItem":{"@type":"ListItem","@id":"https:\/\/eldigitaldeasturias.com\/magazine365\/category\/noticias-actualidad\/#listItem","name":"Noticias y Actualidad"}}]},{"@type":"Organization","@id":"https:\/\/eldigitaldeasturias.com\/magazine365\/#organization","name":"El digital de Asturias","description":"Revista de ocio, turismo y estilo de vida","url":"https:\/\/eldigitaldeasturias.com\/magazine365\/","logo":{"@type":"ImageObject","url":"https:\/\/www.eldigitaldeasturias.com\/noticias\/wp-content\/uploads\/2020\/12\/EDA.jpg","@id":"https:\/\/eldigitaldeasturias.com\/magazine365\/puente-genil-inunda-de-flamenco-la-feria-con-el-festival-de-cante-grande-fosforito\/#organizationLogo"},"image":{"@id":"https:\/\/eldigitaldeasturias.com\/magazine365\/puente-genil-inunda-de-flamenco-la-feria-con-el-festival-de-cante-grande-fosforito\/#organizationLogo"}},{"@type":"Person","@id":"https:\/\/eldigitaldeasturias.com\/magazine365\/author\/admin\/#author","url":"https:\/\/eldigitaldeasturias.com\/magazine365\/author\/admin\/","name":"admin","image":{"@type":"ImageObject","@id":"https:\/\/eldigitaldeasturias.com\/magazine365\/puente-genil-inunda-de-flamenco-la-feria-con-el-festival-de-cante-grande-fosforito\/#authorImage","url":"https:\/\/eldigitaldeasturias.com\/magazine365\/wp-content\/litespeed\/avatar\/e571bcf59a0edd6fa6838245a470f2fe.jpg?ver=1776969259","width":96,"height":96,"caption":"admin"}},{"@type":"WebPage","@id":"https:\/\/eldigitaldeasturias.com\/magazine365\/puente-genil-inunda-de-flamenco-la-feria-con-el-festival-de-cante-grande-fosforito\/#webpage","url":"https:\/\/eldigitaldeasturias.com\/magazine365\/puente-genil-inunda-de-flamenco-la-feria-con-el-festival-de-cante-grande-fosforito\/","name":"Puente Genil inunda de flamenco la feria con el \u2018Festival de Cante Grande Fosforito\u2019 | El Digital de Asturias","description":"La localidad cordobesa de Puente Genil ha inundado este viernes la Feria Internacional de Turismo (Fitur 2016) de flamenco con la presentaci\u00f3n de los actos conmemorativos por el 50 aniversario del 'Festival de Cante Grande Fosforito', que junto a la programaci\u00f3n de 'Noches en la Villa' y 'La Mananta' (nombre con el que se conoce","inLanguage":"es-ES","isPartOf":{"@id":"https:\/\/eldigitaldeasturias.com\/magazine365\/#website"},"breadcrumb":{"@id":"https:\/\/eldigitaldeasturias.com\/magazine365\/puente-genil-inunda-de-flamenco-la-feria-con-el-festival-de-cante-grande-fosforito\/#breadcrumblist"},"author":{"@id":"https:\/\/eldigitaldeasturias.com\/magazine365\/author\/admin\/#author"},"creator":{"@id":"https:\/\/eldigitaldeasturias.com\/magazine365\/author\/admin\/#author"},"image":{"@type":"ImageObject","url":"https:\/\/eldigitaldeasturias.com\/magazine365\/wp-content\/uploads\/2016\/01\/fitur2016.jpg","@id":"https:\/\/eldigitaldeasturias.com\/magazine365\/puente-genil-inunda-de-flamenco-la-feria-con-el-festival-de-cante-grande-fosforito\/#mainImage","width":800,"height":533},"primaryImageOfPage":{"@id":"https:\/\/eldigitaldeasturias.com\/magazine365\/puente-genil-inunda-de-flamenco-la-feria-con-el-festival-de-cante-grande-fosforito\/#mainImage"},"datePublished":"2016-01-23T13:35:06+01:00","dateModified":"2016-01-23T13:35:06+01:00"},{"@type":"WebSite","@id":"https:\/\/eldigitaldeasturias.com\/magazine365\/#website","url":"https:\/\/eldigitaldeasturias.com\/magazine365\/","name":"El Digital de Asturias","description":"Revista de ocio, turismo y estilo de vida","inLanguage":"es-ES","publisher":{"@id":"https:\/\/eldigitaldeasturias.com\/magazine365\/#organization"}}]},"og:locale":"es_ES","og:site_name":"El Digital de Asturias \u2013 Revista de ocio, turismo y estilo de vida","og:type":"article","og:title":"Puente Genil inunda de flamenco la feria con el \u2018Festival de Cante Grande Fosforito\u2019 | El Digital de Asturias","og:description":"La localidad cordobesa de Puente Genil ha inundado este viernes la Feria Internacional de Turismo (Fitur 2016) de flamenco con la presentaci\u00f3n de los actos conmemorativos por el 50 aniversario del 'Festival de Cante Grande Fosforito', que junto a la programaci\u00f3n de 'Noches en la Villa' y 'La Mananta' (nombre con el que se conoce","og:url":"https:\/\/eldigitaldeasturias.com\/magazine365\/puente-genil-inunda-de-flamenco-la-feria-con-el-festival-de-cante-grande-fosforito\/","og:image":"https:\/\/eldigitaldeasturias.com\/magazine365\/wp-content\/uploads\/2016\/01\/fitur2016.jpg","og:image:secure_url":"https:\/\/eldigitaldeasturias.com\/magazine365\/wp-content\/uploads\/2016\/01\/fitur2016.jpg","og:image:width":800,"og:image:height":533,"article:published_time":"2016-01-23T12:35:06+00:00","article:modified_time":"2016-01-23T12:35:06+00:00","twitter:card":"summary_large_image","twitter:title":"Puente Genil inunda de flamenco la feria con el \u2018Festival de Cante Grande Fosforito\u2019 | El Digital de Asturias","twitter:description":"La localidad cordobesa de Puente Genil ha inundado este viernes la Feria Internacional de Turismo (Fitur 2016) de flamenco con la presentaci\u00f3n de los actos conmemorativos por el 50 aniversario del 'Festival de Cante Grande Fosforito', que junto a la programaci\u00f3n de 'Noches en la Villa' y 'La Mananta' (nombre con el que se conoce","twitter:image":"https:\/\/eldigitaldeasturias.com\/magazine365\/wp-content\/uploads\/2016\/01\/fitur2016.jpg"},"aioseo_meta_data":{"post_id":"61806","title":null,"description":null,"keywords":null,"keyphrases":null,"primary_term":null,"canonical_url":null,"og_title":null,"og_description":null,"og_object_type":"default","og_image_type":"default","og_image_url":null,"og_image_width":null,"og_image_height":null,"og_image_custom_url":null,"og_image_custom_fields":null,"og_video":null,"og_custom_url":null,"og_article_section":null,"og_article_tags":null,"twitter_use_og":false,"twitter_card":"default","twitter_image_type":"default","twitter_image_url":null,"twitter_image_custom_url":null,"twitter_image_custom_fields":null,"twitter_title":null,"twitter_description":null,"schema":{"blockGraphs":[],"customGraphs":[],"default":{"data":{"Article":[],"Course":[],"Dataset":[],"FAQPage":[],"Movie":[],"Person":[],"Product":[],"ProductReview":[],"Car":[],"Recipe":[],"Service":[],"SoftwareApplication":[],"WebPage":[]},"graphName":"","isEnabled":true},"graphs":[]},"schema_type":null,"schema_type_options":null,"pillar_content":false,"robots_default":true,"robots_noindex":false,"robots_noarchive":false,"robots_nosnippet":false,"robots_nofollow":false,"robots_noimageindex":false,"robots_noodp":false,"robots_notranslate":false,"robots_max_snippet":null,"robots_max_videopreview":null,"robots_max_imagepreview":"large","priority":null,"frequency":null,"location":null,"local_seo":null,"seo_analyzer_scan_date":"2025-09-25 09:47:50","breadcrumb_settings":null,"limit_modified_date":false,"open_ai":null,"ai":null,"created":"2021-03-08 21:44:59","updated":"2025-09-25 09:47:50"},"aioseo_breadcrumb":"<div class=\"aioseo-breadcrumbs\"><span class=\"aioseo-breadcrumb\">\n\t<a href=\"https:\/\/eldigitaldeasturias.com\/magazine365\" title=\"Home\">Home<\/a>\n<\/span><span class=\"aioseo-breadcrumb-separator\">\u2013<\/span><span class=\"aioseo-breadcrumb\">\n\t<a href=\"https:\/\/eldigitaldeasturias.com\/magazine365\/category\/noticias-actualidad\/\" title=\"Noticias y Actualidad\">Noticias y Actualidad<\/a>\n<\/span><span class=\"aioseo-breadcrumb-separator\">\u2013<\/span><span class=\"aioseo-breadcrumb\">\n\t<a href=\"https:\/\/eldigitaldeasturias.com\/magazine365\/puente-genil-inunda-de-flamenco-la-feria-con-el-festival-de-cante-grande-fosforito\/\" title=\"Puente Genil inunda de flamenco la feria con el \u2018Festival de Cante Grande Fosforito\u2019\">Puente Genil inunda de flamenco la feria con el \u2018Festival de Cante Grande Fosforito\u2019<\/a>\n<\/span><\/div>","aioseo_breadcrumb_json":[{"label":"Home","link":"https:\/\/eldigitaldeasturias.com\/magazine365"},{"label":"Noticias y Actualidad","link":"https:\/\/eldigitaldeasturias.com\/magazine365\/category\/noticias-actualidad\/"},{"label":"Puente Genil inunda de flamenco la feria con el &#8216;Festival de Cante Grande Fosforito&#8217;","link":"https:\/\/eldigitaldeasturias.com\/magazine365\/puente-genil-inunda-de-flamenco-la-feria-con-el-festival-de-cante-grande-fosforito\/"}],"_links":{"self":[{"href":"https:\/\/eldigitaldeasturias.com\/magazine365\/wp-json\/wp\/v2\/posts\/61806","targetHints":{"allow":["GET"]}}],"collection":[{"href":"https:\/\/eldigitaldeasturias.com\/magazine365\/wp-json\/wp\/v2\/posts"}],"about":[{"href":"https:\/\/eldigitaldeasturias.com\/magazine365\/wp-json\/wp\/v2\/types\/post"}],"author":[{"embeddable":true,"href":"https:\/\/eldigitaldeasturias.com\/magazine365\/wp-json\/wp\/v2\/users\/1"}],"replies":[{"embeddable":true,"href":"https:\/\/eldigitaldeasturias.com\/magazine365\/wp-json\/wp\/v2\/comments?post=61806"}],"version-history":[{"count":0,"href":"https:\/\/eldigitaldeasturias.com\/magazine365\/wp-json\/wp\/v2\/posts\/61806\/revisions"}],"wp:featuredmedia":[{"embeddable":true,"href":"https:\/\/eldigitaldeasturias.com\/magazine365\/wp-json\/wp\/v2\/media\/61252"}],"wp:attachment":[{"href":"https:\/\/eldigitaldeasturias.com\/magazine365\/wp-json\/wp\/v2\/media?parent=61806"}],"wp:term":[{"taxonomy":"category","embeddable":true,"href":"https:\/\/eldigitaldeasturias.com\/magazine365\/wp-json\/wp\/v2\/categories?post=61806"},{"taxonomy":"post_tag","embeddable":true,"href":"https:\/\/eldigitaldeasturias.com\/magazine365\/wp-json\/wp\/v2\/tags?post=61806"}],"curies":[{"name":"wp","href":"https:\/\/api.w.org\/{rel}","templated":true}]}}