{"id":61797,"date":"2016-01-23T13:32:22","date_gmt":"2016-01-23T12:32:22","guid":{"rendered":"http:\/\/eldigitaldeasturias.com\/magazine365\/?p=61797"},"modified":"2016-01-23T13:32:22","modified_gmt":"2016-01-23T12:32:22","slug":"fernandez-ve-que-la-feria-esta-siendo-muy-buena-por-las-posibilidades-de-negocio-generadas","status":"publish","type":"post","link":"https:\/\/eldigitaldeasturias.com\/magazine365\/fernandez-ve-que-la-feria-esta-siendo-muy-buena-por-las-posibilidades-de-negocio-generadas\/","title":{"rendered":"Fern\u00e1ndez ve que la feria est\u00e1 siendo \u00abmuy buena\u00bb por las posibilidades de negocio generadas"},"content":{"rendered":"<p><img fetchpriority=\"high\" decoding=\"async\" class=\"alignleft size-medium wp-image-61798\" src=\"https:\/\/eldigitaldeasturias.com\/magazine365\/wp-content\/uploads\/2016\/01\/fotonoticia_20160122133143_800-360x220.jpg\" alt=\"fotonoticia_20160122133143_800\" width=\"360\" height=\"220\" srcset=\"https:\/\/eldigitaldeasturias.com\/magazine365\/wp-content\/uploads\/2016\/01\/fotonoticia_20160122133143_800-360x220.jpg 360w, https:\/\/eldigitaldeasturias.com\/magazine365\/wp-content\/uploads\/2016\/01\/fotonoticia_20160122133143_800-650x397.jpg 650w, https:\/\/eldigitaldeasturias.com\/magazine365\/wp-content\/uploads\/2016\/01\/fotonoticia_20160122133143_800-768x468.jpg 768w, https:\/\/eldigitaldeasturias.com\/magazine365\/wp-content\/uploads\/2016\/01\/fotonoticia_20160122133143_800-150x92.jpg 150w, https:\/\/eldigitaldeasturias.com\/magazine365\/wp-content\/uploads\/2016\/01\/fotonoticia_20160122133143_800-450x275.jpg 450w, https:\/\/eldigitaldeasturias.com\/magazine365\/wp-content\/uploads\/2016\/01\/fotonoticia_20160122133143_800-696x425.jpg 696w, https:\/\/eldigitaldeasturias.com\/magazine365\/wp-content\/uploads\/2016\/01\/fotonoticia_20160122133143_800-689x420.jpg 689w, https:\/\/eldigitaldeasturias.com\/magazine365\/wp-content\/uploads\/2016\/01\/fotonoticia_20160122133143_800.jpg 800w\" sizes=\"(max-width: 360px) 100vw, 360px\" \/>El consejero de Turismo andaluz, Francisco Javier Fern\u00e1ndez, ha se\u00f1alado este viernes que la presente edici\u00f3n de la Feria Internacional de Turismo, Fitur, est\u00e1 siendo \u00abmuy buena\u00bb por las posibilidades de negocio y, con ellas, de generar riqueza y movimiento econ\u00f3mico que se est\u00e1n generando.<\/p>\n<p>En la tercera jornada de la XXXVI edici\u00f3n de la Feria, la \u00faltima de las reservadas a los visitantes profesionales, Fern\u00e1ndez ha constatado que se est\u00e1n produciendo \u00abmuchos contactos entre empresas\u00bb y se est\u00e1n iniciando muchos negocios y ha augurado que este movimiento comercial servir\u00e1 para \u00abcrear empleo de calidad y estable\u00bb.<\/p>\n<p>Adem\u00e1s, el consejero ha recordado que Andaluc\u00eda est\u00e1 teniendo un protagonismo in\u00e9dito en esta feria al haberse convertido en socio principal de Fitur y que ha logrado \u00abvincular a la regi\u00f3n las noticias m\u00e1s importantes del turismo\u00bb.<\/p>\n<p>A su juicio, eso da un \u00abun plus en beneficios y \u00e9xito\u00bb para la regi\u00f3n pero, dem\u00e1s, ha previsto que, \u00abdespu\u00e9s de ver el \u00e9xito de la asociaci\u00f3n de Andaluc\u00eda y Fitur\u00bb el puesto de socio \u00abse va a cotizar muy alto\u00bb. \u00abSeguramente no podremos ser socios por eso\u00bb, ha a\u00f1adido.<\/p>\n<p>Fern\u00e1ndez ha dicho que los buenos resultados de Fitur no har\u00e1n a la Consejer\u00eda \u00abdescansar\u00bb sino que su departamento seguir\u00e1 trabajando para plantearse \u00abnuevos retos\u00bb.<\/p>\n","protected":false},"excerpt":{"rendered":"<p>El consejero de Turismo andaluz, Francisco Javier Fern\u00e1ndez, ha se\u00f1alado este viernes que la presente edici\u00f3n de la Feria Internacional de Turismo, Fitur, est\u00e1 siendo \u00abmuy buena\u00bb por las posibilidades de negocio y, con ellas, de generar riqueza y movimiento econ\u00f3mico que se est\u00e1n generando. En la tercera jornada de la XXXVI edici\u00f3n de la<\/p>\n","protected":false},"author":1,"featured_media":61798,"comment_status":"open","ping_status":"closed","sticky":false,"template":"","format":"standard","meta":{"footnotes":""},"categories":[224],"tags":[],"class_list":{"0":"post-61797","1":"post","2":"type-post","3":"status-publish","4":"format-standard","5":"has-post-thumbnail","7":"category-noticias-actualidad"},"aioseo_notices":[],"aioseo_head":"\n\t\t<!-- All in One SEO Pro 4.9.6.1 - aioseo.com -->\n\t<meta name=\"description\" content=\"El consejero de Turismo andaluz, Francisco Javier Fern\u00e1ndez, ha se\u00f1alado este viernes que la presente edici\u00f3n de la Feria Internacional de Turismo, Fitur, est\u00e1 siendo &quot;muy buena&quot; por las posibilidades de negocio y, con ellas, de generar riqueza y movimiento econ\u00f3mico que se est\u00e1n generando. En la tercera jornada de la XXXVI edici\u00f3n de la\" \/>\n\t<meta name=\"robots\" content=\"max-image-preview:large\" \/>\n\t<meta name=\"author\" content=\"admin\"\/>\n\t<meta name=\"google-site-verification\" content=\"UA-38556648-1\" \/>\n\t<meta name=\"keywords\" content=\"noticias y actualidad\" \/>\n\t<link rel=\"canonical\" href=\"https:\/\/eldigitaldeasturias.com\/magazine365\/fernandez-ve-que-la-feria-esta-siendo-muy-buena-por-las-posibilidades-de-negocio-generadas\/\" \/>\n\t<meta name=\"generator\" content=\"All in One SEO Pro (AIOSEO) 4.9.6.1\" \/>\n\t\t<meta property=\"og:locale\" content=\"es_ES\" \/>\n\t\t<meta property=\"og:site_name\" content=\"El Digital de Asturias \u2013 Revista de ocio, turismo y estilo de vida\" \/>\n\t\t<meta property=\"og:type\" content=\"article\" \/>\n\t\t<meta property=\"og:title\" content=\"Fern\u00e1ndez ve que la feria est\u00e1 siendo \u00abmuy buena\u00bb por las posibilidades de negocio generadas | El Digital de Asturias\" \/>\n\t\t<meta property=\"og:description\" content=\"El consejero de Turismo andaluz, Francisco Javier Fern\u00e1ndez, ha se\u00f1alado este viernes que la presente edici\u00f3n de la Feria Internacional de Turismo, Fitur, est\u00e1 siendo &quot;muy buena&quot; por las posibilidades de negocio y, con ellas, de generar riqueza y movimiento econ\u00f3mico que se est\u00e1n generando. En la tercera jornada de la XXXVI edici\u00f3n de la\" \/>\n\t\t<meta property=\"og:url\" content=\"https:\/\/eldigitaldeasturias.com\/magazine365\/fernandez-ve-que-la-feria-esta-siendo-muy-buena-por-las-posibilidades-de-negocio-generadas\/\" \/>\n\t\t<meta property=\"og:image\" content=\"https:\/\/eldigitaldeasturias.com\/magazine365\/wp-content\/uploads\/2016\/01\/fotonoticia_20160122133143_800.jpg\" \/>\n\t\t<meta property=\"og:image:secure_url\" content=\"https:\/\/eldigitaldeasturias.com\/magazine365\/wp-content\/uploads\/2016\/01\/fotonoticia_20160122133143_800.jpg\" \/>\n\t\t<meta property=\"og:image:width\" content=\"800\" \/>\n\t\t<meta property=\"og:image:height\" content=\"488\" \/>\n\t\t<meta property=\"article:published_time\" content=\"2016-01-23T12:32:22+00:00\" \/>\n\t\t<meta property=\"article:modified_time\" content=\"2016-01-23T12:32:22+00:00\" \/>\n\t\t<meta name=\"twitter:card\" content=\"summary_large_image\" \/>\n\t\t<meta name=\"twitter:title\" content=\"Fern\u00e1ndez ve que la feria est\u00e1 siendo \u00abmuy buena\u00bb por las posibilidades de negocio generadas | El Digital de Asturias\" \/>\n\t\t<meta name=\"twitter:description\" content=\"El consejero de Turismo andaluz, Francisco Javier Fern\u00e1ndez, ha se\u00f1alado este viernes que la presente edici\u00f3n de la Feria Internacional de Turismo, Fitur, est\u00e1 siendo &quot;muy buena&quot; por las posibilidades de negocio y, con ellas, de generar riqueza y movimiento econ\u00f3mico que se est\u00e1n generando. En la tercera jornada de la XXXVI edici\u00f3n de la\" \/>\n\t\t<meta name=\"twitter:image\" content=\"https:\/\/eldigitaldeasturias.com\/magazine365\/wp-content\/uploads\/2016\/01\/fotonoticia_20160122133143_800.jpg\" \/>\n\t\t<script type=\"application\/ld+json\" class=\"aioseo-schema\">\n\t\t\t{\"@context\":\"https:\\\/\\\/schema.org\",\"@graph\":[{\"@type\":\"Article\",\"@id\":\"https:\\\/\\\/eldigitaldeasturias.com\\\/magazine365\\\/fernandez-ve-que-la-feria-esta-siendo-muy-buena-por-las-posibilidades-de-negocio-generadas\\\/#article\",\"name\":\"Fern\\u00e1ndez ve que la feria est\\u00e1 siendo \\u00abmuy buena\\u00bb por las posibilidades de negocio generadas | El Digital de Asturias\",\"headline\":\"Fern\\u00e1ndez ve que la feria est\\u00e1 siendo \\u00abmuy buena\\u00bb por las posibilidades de negocio generadas\",\"author\":{\"@id\":\"https:\\\/\\\/eldigitaldeasturias.com\\\/magazine365\\\/author\\\/admin\\\/#author\"},\"publisher\":{\"@id\":\"https:\\\/\\\/eldigitaldeasturias.com\\\/magazine365\\\/#organization\"},\"image\":{\"@type\":\"ImageObject\",\"url\":\"https:\\\/\\\/eldigitaldeasturias.com\\\/magazine365\\\/wp-content\\\/uploads\\\/2016\\\/01\\\/fotonoticia_20160122133143_800.jpg\",\"width\":800,\"height\":488},\"datePublished\":\"2016-01-23T13:32:22+01:00\",\"dateModified\":\"2016-01-23T13:32:22+01:00\",\"inLanguage\":\"es-ES\",\"mainEntityOfPage\":{\"@id\":\"https:\\\/\\\/eldigitaldeasturias.com\\\/magazine365\\\/fernandez-ve-que-la-feria-esta-siendo-muy-buena-por-las-posibilidades-de-negocio-generadas\\\/#webpage\"},\"isPartOf\":{\"@id\":\"https:\\\/\\\/eldigitaldeasturias.com\\\/magazine365\\\/fernandez-ve-que-la-feria-esta-siendo-muy-buena-por-las-posibilidades-de-negocio-generadas\\\/#webpage\"},\"articleSection\":\"Noticias y Actualidad\"},{\"@type\":\"BreadcrumbList\",\"@id\":\"https:\\\/\\\/eldigitaldeasturias.com\\\/magazine365\\\/fernandez-ve-que-la-feria-esta-siendo-muy-buena-por-las-posibilidades-de-negocio-generadas\\\/#breadcrumblist\",\"itemListElement\":[{\"@type\":\"ListItem\",\"@id\":\"https:\\\/\\\/eldigitaldeasturias.com\\\/magazine365#listItem\",\"position\":1,\"name\":\"Home\",\"item\":\"https:\\\/\\\/eldigitaldeasturias.com\\\/magazine365\",\"nextItem\":{\"@type\":\"ListItem\",\"@id\":\"https:\\\/\\\/eldigitaldeasturias.com\\\/magazine365\\\/category\\\/noticias-actualidad\\\/#listItem\",\"name\":\"Noticias y Actualidad\"}},{\"@type\":\"ListItem\",\"@id\":\"https:\\\/\\\/eldigitaldeasturias.com\\\/magazine365\\\/category\\\/noticias-actualidad\\\/#listItem\",\"position\":2,\"name\":\"Noticias y Actualidad\",\"item\":\"https:\\\/\\\/eldigitaldeasturias.com\\\/magazine365\\\/category\\\/noticias-actualidad\\\/\",\"nextItem\":{\"@type\":\"ListItem\",\"@id\":\"https:\\\/\\\/eldigitaldeasturias.com\\\/magazine365\\\/fernandez-ve-que-la-feria-esta-siendo-muy-buena-por-las-posibilidades-de-negocio-generadas\\\/#listItem\",\"name\":\"Fern\\u00e1ndez ve que la feria est\\u00e1 siendo \\u00abmuy buena\\u00bb por las posibilidades de negocio generadas\"},\"previousItem\":{\"@type\":\"ListItem\",\"@id\":\"https:\\\/\\\/eldigitaldeasturias.com\\\/magazine365#listItem\",\"name\":\"Home\"}},{\"@type\":\"ListItem\",\"@id\":\"https:\\\/\\\/eldigitaldeasturias.com\\\/magazine365\\\/fernandez-ve-que-la-feria-esta-siendo-muy-buena-por-las-posibilidades-de-negocio-generadas\\\/#listItem\",\"position\":3,\"name\":\"Fern\\u00e1ndez ve que la feria est\\u00e1 siendo \\u00abmuy buena\\u00bb por las posibilidades de negocio generadas\",\"previousItem\":{\"@type\":\"ListItem\",\"@id\":\"https:\\\/\\\/eldigitaldeasturias.com\\\/magazine365\\\/category\\\/noticias-actualidad\\\/#listItem\",\"name\":\"Noticias y Actualidad\"}}]},{\"@type\":\"Organization\",\"@id\":\"https:\\\/\\\/eldigitaldeasturias.com\\\/magazine365\\\/#organization\",\"name\":\"El digital de Asturias\",\"description\":\"Revista de ocio, turismo y estilo de vida\",\"url\":\"https:\\\/\\\/eldigitaldeasturias.com\\\/magazine365\\\/\",\"logo\":{\"@type\":\"ImageObject\",\"url\":\"https:\\\/\\\/www.eldigitaldeasturias.com\\\/noticias\\\/wp-content\\\/uploads\\\/2020\\\/12\\\/EDA.jpg\",\"@id\":\"https:\\\/\\\/eldigitaldeasturias.com\\\/magazine365\\\/fernandez-ve-que-la-feria-esta-siendo-muy-buena-por-las-posibilidades-de-negocio-generadas\\\/#organizationLogo\"},\"image\":{\"@id\":\"https:\\\/\\\/eldigitaldeasturias.com\\\/magazine365\\\/fernandez-ve-que-la-feria-esta-siendo-muy-buena-por-las-posibilidades-de-negocio-generadas\\\/#organizationLogo\"}},{\"@type\":\"Person\",\"@id\":\"https:\\\/\\\/eldigitaldeasturias.com\\\/magazine365\\\/author\\\/admin\\\/#author\",\"url\":\"https:\\\/\\\/eldigitaldeasturias.com\\\/magazine365\\\/author\\\/admin\\\/\",\"name\":\"admin\",\"image\":{\"@type\":\"ImageObject\",\"@id\":\"https:\\\/\\\/eldigitaldeasturias.com\\\/magazine365\\\/fernandez-ve-que-la-feria-esta-siendo-muy-buena-por-las-posibilidades-de-negocio-generadas\\\/#authorImage\",\"url\":\"https:\\\/\\\/eldigitaldeasturias.com\\\/magazine365\\\/wp-content\\\/litespeed\\\/avatar\\\/e571bcf59a0edd6fa6838245a470f2fe.jpg?ver=1776969259\",\"width\":96,\"height\":96,\"caption\":\"admin\"}},{\"@type\":\"WebPage\",\"@id\":\"https:\\\/\\\/eldigitaldeasturias.com\\\/magazine365\\\/fernandez-ve-que-la-feria-esta-siendo-muy-buena-por-las-posibilidades-de-negocio-generadas\\\/#webpage\",\"url\":\"https:\\\/\\\/eldigitaldeasturias.com\\\/magazine365\\\/fernandez-ve-que-la-feria-esta-siendo-muy-buena-por-las-posibilidades-de-negocio-generadas\\\/\",\"name\":\"Fern\\u00e1ndez ve que la feria est\\u00e1 siendo \\u00abmuy buena\\u00bb por las posibilidades de negocio generadas | El Digital de Asturias\",\"description\":\"El consejero de Turismo andaluz, Francisco Javier Fern\\u00e1ndez, ha se\\u00f1alado este viernes que la presente edici\\u00f3n de la Feria Internacional de Turismo, Fitur, est\\u00e1 siendo \\\"muy buena\\\" por las posibilidades de negocio y, con ellas, de generar riqueza y movimiento econ\\u00f3mico que se est\\u00e1n generando. En la tercera jornada de la XXXVI edici\\u00f3n de la\",\"inLanguage\":\"es-ES\",\"isPartOf\":{\"@id\":\"https:\\\/\\\/eldigitaldeasturias.com\\\/magazine365\\\/#website\"},\"breadcrumb\":{\"@id\":\"https:\\\/\\\/eldigitaldeasturias.com\\\/magazine365\\\/fernandez-ve-que-la-feria-esta-siendo-muy-buena-por-las-posibilidades-de-negocio-generadas\\\/#breadcrumblist\"},\"author\":{\"@id\":\"https:\\\/\\\/eldigitaldeasturias.com\\\/magazine365\\\/author\\\/admin\\\/#author\"},\"creator\":{\"@id\":\"https:\\\/\\\/eldigitaldeasturias.com\\\/magazine365\\\/author\\\/admin\\\/#author\"},\"image\":{\"@type\":\"ImageObject\",\"url\":\"https:\\\/\\\/eldigitaldeasturias.com\\\/magazine365\\\/wp-content\\\/uploads\\\/2016\\\/01\\\/fotonoticia_20160122133143_800.jpg\",\"@id\":\"https:\\\/\\\/eldigitaldeasturias.com\\\/magazine365\\\/fernandez-ve-que-la-feria-esta-siendo-muy-buena-por-las-posibilidades-de-negocio-generadas\\\/#mainImage\",\"width\":800,\"height\":488},\"primaryImageOfPage\":{\"@id\":\"https:\\\/\\\/eldigitaldeasturias.com\\\/magazine365\\\/fernandez-ve-que-la-feria-esta-siendo-muy-buena-por-las-posibilidades-de-negocio-generadas\\\/#mainImage\"},\"datePublished\":\"2016-01-23T13:32:22+01:00\",\"dateModified\":\"2016-01-23T13:32:22+01:00\"},{\"@type\":\"WebSite\",\"@id\":\"https:\\\/\\\/eldigitaldeasturias.com\\\/magazine365\\\/#website\",\"url\":\"https:\\\/\\\/eldigitaldeasturias.com\\\/magazine365\\\/\",\"name\":\"El Digital de Asturias\",\"description\":\"Revista de ocio, turismo y estilo de vida\",\"inLanguage\":\"es-ES\",\"publisher\":{\"@id\":\"https:\\\/\\\/eldigitaldeasturias.com\\\/magazine365\\\/#organization\"}}]}\n\t\t<\/script>\n\t\t<!-- All in One SEO Pro -->\r\n\t\t<title>Fern\u00e1ndez ve que la feria est\u00e1 siendo \u00abmuy buena\u00bb por las posibilidades de negocio generadas | El Digital de Asturias<\/title>\n\n","aioseo_head_json":{"title":"Fern\u00e1ndez ve que la feria est\u00e1 siendo \u00abmuy buena\u00bb por las posibilidades de negocio generadas | El Digital de Asturias","description":"El consejero de Turismo andaluz, Francisco Javier Fern\u00e1ndez, ha se\u00f1alado este viernes que la presente edici\u00f3n de la Feria Internacional de Turismo, Fitur, est\u00e1 siendo \"muy buena\" por las posibilidades de negocio y, con ellas, de generar riqueza y movimiento econ\u00f3mico que se est\u00e1n generando. En la tercera jornada de la XXXVI edici\u00f3n de la","canonical_url":"https:\/\/eldigitaldeasturias.com\/magazine365\/fernandez-ve-que-la-feria-esta-siendo-muy-buena-por-las-posibilidades-de-negocio-generadas\/","robots":"max-image-preview:large","keywords":"noticias y actualidad","webmasterTools":{"google-site-verification":"UA-38556648-1","miscellaneous":""},"schema":{"@context":"https:\/\/schema.org","@graph":[{"@type":"Article","@id":"https:\/\/eldigitaldeasturias.com\/magazine365\/fernandez-ve-que-la-feria-esta-siendo-muy-buena-por-las-posibilidades-de-negocio-generadas\/#article","name":"Fern\u00e1ndez ve que la feria est\u00e1 siendo \u00abmuy buena\u00bb por las posibilidades de negocio generadas | El Digital de Asturias","headline":"Fern\u00e1ndez ve que la feria est\u00e1 siendo \u00abmuy buena\u00bb por las posibilidades de negocio generadas","author":{"@id":"https:\/\/eldigitaldeasturias.com\/magazine365\/author\/admin\/#author"},"publisher":{"@id":"https:\/\/eldigitaldeasturias.com\/magazine365\/#organization"},"image":{"@type":"ImageObject","url":"https:\/\/eldigitaldeasturias.com\/magazine365\/wp-content\/uploads\/2016\/01\/fotonoticia_20160122133143_800.jpg","width":800,"height":488},"datePublished":"2016-01-23T13:32:22+01:00","dateModified":"2016-01-23T13:32:22+01:00","inLanguage":"es-ES","mainEntityOfPage":{"@id":"https:\/\/eldigitaldeasturias.com\/magazine365\/fernandez-ve-que-la-feria-esta-siendo-muy-buena-por-las-posibilidades-de-negocio-generadas\/#webpage"},"isPartOf":{"@id":"https:\/\/eldigitaldeasturias.com\/magazine365\/fernandez-ve-que-la-feria-esta-siendo-muy-buena-por-las-posibilidades-de-negocio-generadas\/#webpage"},"articleSection":"Noticias y Actualidad"},{"@type":"BreadcrumbList","@id":"https:\/\/eldigitaldeasturias.com\/magazine365\/fernandez-ve-que-la-feria-esta-siendo-muy-buena-por-las-posibilidades-de-negocio-generadas\/#breadcrumblist","itemListElement":[{"@type":"ListItem","@id":"https:\/\/eldigitaldeasturias.com\/magazine365#listItem","position":1,"name":"Home","item":"https:\/\/eldigitaldeasturias.com\/magazine365","nextItem":{"@type":"ListItem","@id":"https:\/\/eldigitaldeasturias.com\/magazine365\/category\/noticias-actualidad\/#listItem","name":"Noticias y Actualidad"}},{"@type":"ListItem","@id":"https:\/\/eldigitaldeasturias.com\/magazine365\/category\/noticias-actualidad\/#listItem","position":2,"name":"Noticias y Actualidad","item":"https:\/\/eldigitaldeasturias.com\/magazine365\/category\/noticias-actualidad\/","nextItem":{"@type":"ListItem","@id":"https:\/\/eldigitaldeasturias.com\/magazine365\/fernandez-ve-que-la-feria-esta-siendo-muy-buena-por-las-posibilidades-de-negocio-generadas\/#listItem","name":"Fern\u00e1ndez ve que la feria est\u00e1 siendo \u00abmuy buena\u00bb por las posibilidades de negocio generadas"},"previousItem":{"@type":"ListItem","@id":"https:\/\/eldigitaldeasturias.com\/magazine365#listItem","name":"Home"}},{"@type":"ListItem","@id":"https:\/\/eldigitaldeasturias.com\/magazine365\/fernandez-ve-que-la-feria-esta-siendo-muy-buena-por-las-posibilidades-de-negocio-generadas\/#listItem","position":3,"name":"Fern\u00e1ndez ve que la feria est\u00e1 siendo \u00abmuy buena\u00bb por las posibilidades de negocio generadas","previousItem":{"@type":"ListItem","@id":"https:\/\/eldigitaldeasturias.com\/magazine365\/category\/noticias-actualidad\/#listItem","name":"Noticias y Actualidad"}}]},{"@type":"Organization","@id":"https:\/\/eldigitaldeasturias.com\/magazine365\/#organization","name":"El digital de Asturias","description":"Revista de ocio, turismo y estilo de vida","url":"https:\/\/eldigitaldeasturias.com\/magazine365\/","logo":{"@type":"ImageObject","url":"https:\/\/www.eldigitaldeasturias.com\/noticias\/wp-content\/uploads\/2020\/12\/EDA.jpg","@id":"https:\/\/eldigitaldeasturias.com\/magazine365\/fernandez-ve-que-la-feria-esta-siendo-muy-buena-por-las-posibilidades-de-negocio-generadas\/#organizationLogo"},"image":{"@id":"https:\/\/eldigitaldeasturias.com\/magazine365\/fernandez-ve-que-la-feria-esta-siendo-muy-buena-por-las-posibilidades-de-negocio-generadas\/#organizationLogo"}},{"@type":"Person","@id":"https:\/\/eldigitaldeasturias.com\/magazine365\/author\/admin\/#author","url":"https:\/\/eldigitaldeasturias.com\/magazine365\/author\/admin\/","name":"admin","image":{"@type":"ImageObject","@id":"https:\/\/eldigitaldeasturias.com\/magazine365\/fernandez-ve-que-la-feria-esta-siendo-muy-buena-por-las-posibilidades-de-negocio-generadas\/#authorImage","url":"https:\/\/eldigitaldeasturias.com\/magazine365\/wp-content\/litespeed\/avatar\/e571bcf59a0edd6fa6838245a470f2fe.jpg?ver=1776969259","width":96,"height":96,"caption":"admin"}},{"@type":"WebPage","@id":"https:\/\/eldigitaldeasturias.com\/magazine365\/fernandez-ve-que-la-feria-esta-siendo-muy-buena-por-las-posibilidades-de-negocio-generadas\/#webpage","url":"https:\/\/eldigitaldeasturias.com\/magazine365\/fernandez-ve-que-la-feria-esta-siendo-muy-buena-por-las-posibilidades-de-negocio-generadas\/","name":"Fern\u00e1ndez ve que la feria est\u00e1 siendo \u00abmuy buena\u00bb por las posibilidades de negocio generadas | El Digital de Asturias","description":"El consejero de Turismo andaluz, Francisco Javier Fern\u00e1ndez, ha se\u00f1alado este viernes que la presente edici\u00f3n de la Feria Internacional de Turismo, Fitur, est\u00e1 siendo \"muy buena\" por las posibilidades de negocio y, con ellas, de generar riqueza y movimiento econ\u00f3mico que se est\u00e1n generando. En la tercera jornada de la XXXVI edici\u00f3n de la","inLanguage":"es-ES","isPartOf":{"@id":"https:\/\/eldigitaldeasturias.com\/magazine365\/#website"},"breadcrumb":{"@id":"https:\/\/eldigitaldeasturias.com\/magazine365\/fernandez-ve-que-la-feria-esta-siendo-muy-buena-por-las-posibilidades-de-negocio-generadas\/#breadcrumblist"},"author":{"@id":"https:\/\/eldigitaldeasturias.com\/magazine365\/author\/admin\/#author"},"creator":{"@id":"https:\/\/eldigitaldeasturias.com\/magazine365\/author\/admin\/#author"},"image":{"@type":"ImageObject","url":"https:\/\/eldigitaldeasturias.com\/magazine365\/wp-content\/uploads\/2016\/01\/fotonoticia_20160122133143_800.jpg","@id":"https:\/\/eldigitaldeasturias.com\/magazine365\/fernandez-ve-que-la-feria-esta-siendo-muy-buena-por-las-posibilidades-de-negocio-generadas\/#mainImage","width":800,"height":488},"primaryImageOfPage":{"@id":"https:\/\/eldigitaldeasturias.com\/magazine365\/fernandez-ve-que-la-feria-esta-siendo-muy-buena-por-las-posibilidades-de-negocio-generadas\/#mainImage"},"datePublished":"2016-01-23T13:32:22+01:00","dateModified":"2016-01-23T13:32:22+01:00"},{"@type":"WebSite","@id":"https:\/\/eldigitaldeasturias.com\/magazine365\/#website","url":"https:\/\/eldigitaldeasturias.com\/magazine365\/","name":"El Digital de Asturias","description":"Revista de ocio, turismo y estilo de vida","inLanguage":"es-ES","publisher":{"@id":"https:\/\/eldigitaldeasturias.com\/magazine365\/#organization"}}]},"og:locale":"es_ES","og:site_name":"El Digital de Asturias \u2013 Revista de ocio, turismo y estilo de vida","og:type":"article","og:title":"Fern\u00e1ndez ve que la feria est\u00e1 siendo \u00abmuy buena\u00bb por las posibilidades de negocio generadas | El Digital de Asturias","og:description":"El consejero de Turismo andaluz, Francisco Javier Fern\u00e1ndez, ha se\u00f1alado este viernes que la presente edici\u00f3n de la Feria Internacional de Turismo, Fitur, est\u00e1 siendo &quot;muy buena&quot; por las posibilidades de negocio y, con ellas, de generar riqueza y movimiento econ\u00f3mico que se est\u00e1n generando. En la tercera jornada de la XXXVI edici\u00f3n de la","og:url":"https:\/\/eldigitaldeasturias.com\/magazine365\/fernandez-ve-que-la-feria-esta-siendo-muy-buena-por-las-posibilidades-de-negocio-generadas\/","og:image":"https:\/\/eldigitaldeasturias.com\/magazine365\/wp-content\/uploads\/2016\/01\/fotonoticia_20160122133143_800.jpg","og:image:secure_url":"https:\/\/eldigitaldeasturias.com\/magazine365\/wp-content\/uploads\/2016\/01\/fotonoticia_20160122133143_800.jpg","og:image:width":800,"og:image:height":488,"article:published_time":"2016-01-23T12:32:22+00:00","article:modified_time":"2016-01-23T12:32:22+00:00","twitter:card":"summary_large_image","twitter:title":"Fern\u00e1ndez ve que la feria est\u00e1 siendo \u00abmuy buena\u00bb por las posibilidades de negocio generadas | El Digital de Asturias","twitter:description":"El consejero de Turismo andaluz, Francisco Javier Fern\u00e1ndez, ha se\u00f1alado este viernes que la presente edici\u00f3n de la Feria Internacional de Turismo, Fitur, est\u00e1 siendo &quot;muy buena&quot; por las posibilidades de negocio y, con ellas, de generar riqueza y movimiento econ\u00f3mico que se est\u00e1n generando. En la tercera jornada de la XXXVI edici\u00f3n de la","twitter:image":"https:\/\/eldigitaldeasturias.com\/magazine365\/wp-content\/uploads\/2016\/01\/fotonoticia_20160122133143_800.jpg"},"aioseo_meta_data":{"post_id":"61797","title":null,"description":null,"keywords":null,"keyphrases":null,"primary_term":null,"canonical_url":null,"og_title":null,"og_description":null,"og_object_type":"default","og_image_type":"default","og_image_url":null,"og_image_width":null,"og_image_height":null,"og_image_custom_url":null,"og_image_custom_fields":null,"og_video":null,"og_custom_url":null,"og_article_section":null,"og_article_tags":null,"twitter_use_og":false,"twitter_card":"default","twitter_image_type":"default","twitter_image_url":null,"twitter_image_custom_url":null,"twitter_image_custom_fields":null,"twitter_title":null,"twitter_description":null,"schema":{"blockGraphs":[],"customGraphs":[],"default":{"data":{"Article":[],"Course":[],"Dataset":[],"FAQPage":[],"Movie":[],"Person":[],"Product":[],"ProductReview":[],"Car":[],"Recipe":[],"Service":[],"SoftwareApplication":[],"WebPage":[]},"graphName":"","isEnabled":true},"graphs":[],"defaultGraph":"","defaultPostTypeGraph":""},"schema_type":null,"schema_type_options":null,"pillar_content":false,"robots_default":true,"robots_noindex":false,"robots_noarchive":false,"robots_nosnippet":false,"robots_nofollow":false,"robots_noimageindex":false,"robots_noodp":false,"robots_notranslate":false,"robots_max_snippet":null,"robots_max_videopreview":null,"robots_max_imagepreview":"large","priority":null,"frequency":null,"location":null,"local_seo":null,"seo_analyzer_scan_date":"2025-09-25 09:46:22","breadcrumb_settings":null,"limit_modified_date":false,"open_ai":null,"ai":null,"created":"2021-03-08 21:44:59","updated":"2025-09-25 09:46:22"},"aioseo_breadcrumb":"<div class=\"aioseo-breadcrumbs\"><span class=\"aioseo-breadcrumb\">\n\t<a href=\"https:\/\/eldigitaldeasturias.com\/magazine365\" title=\"Home\">Home<\/a>\n<\/span><span class=\"aioseo-breadcrumb-separator\">\u2013<\/span><span class=\"aioseo-breadcrumb\">\n\t<a href=\"https:\/\/eldigitaldeasturias.com\/magazine365\/category\/noticias-actualidad\/\" title=\"Noticias y Actualidad\">Noticias y Actualidad<\/a>\n<\/span><span class=\"aioseo-breadcrumb-separator\">\u2013<\/span><span class=\"aioseo-breadcrumb\">\n\t<a href=\"https:\/\/eldigitaldeasturias.com\/magazine365\/fernandez-ve-que-la-feria-esta-siendo-muy-buena-por-las-posibilidades-de-negocio-generadas\/\" title=\"Fern\u00e1ndez ve que la feria est\u00e1 siendo \u00abmuy buena\u00bb por las posibilidades de negocio generadas\">Fern\u00e1ndez ve que la feria est\u00e1 siendo \u00abmuy buena\u00bb por las posibilidades de negocio generadas<\/a>\n<\/span><\/div>","aioseo_breadcrumb_json":[{"label":"Home","link":"https:\/\/eldigitaldeasturias.com\/magazine365"},{"label":"Noticias y Actualidad","link":"https:\/\/eldigitaldeasturias.com\/magazine365\/category\/noticias-actualidad\/"},{"label":"Fern\u00e1ndez ve que la feria est\u00e1 siendo \u00abmuy buena\u00bb por las posibilidades de negocio generadas","link":"https:\/\/eldigitaldeasturias.com\/magazine365\/fernandez-ve-que-la-feria-esta-siendo-muy-buena-por-las-posibilidades-de-negocio-generadas\/"}],"_links":{"self":[{"href":"https:\/\/eldigitaldeasturias.com\/magazine365\/wp-json\/wp\/v2\/posts\/61797","targetHints":{"allow":["GET"]}}],"collection":[{"href":"https:\/\/eldigitaldeasturias.com\/magazine365\/wp-json\/wp\/v2\/posts"}],"about":[{"href":"https:\/\/eldigitaldeasturias.com\/magazine365\/wp-json\/wp\/v2\/types\/post"}],"author":[{"embeddable":true,"href":"https:\/\/eldigitaldeasturias.com\/magazine365\/wp-json\/wp\/v2\/users\/1"}],"replies":[{"embeddable":true,"href":"https:\/\/eldigitaldeasturias.com\/magazine365\/wp-json\/wp\/v2\/comments?post=61797"}],"version-history":[{"count":0,"href":"https:\/\/eldigitaldeasturias.com\/magazine365\/wp-json\/wp\/v2\/posts\/61797\/revisions"}],"wp:featuredmedia":[{"embeddable":true,"href":"https:\/\/eldigitaldeasturias.com\/magazine365\/wp-json\/wp\/v2\/media\/61798"}],"wp:attachment":[{"href":"https:\/\/eldigitaldeasturias.com\/magazine365\/wp-json\/wp\/v2\/media?parent=61797"}],"wp:term":[{"taxonomy":"category","embeddable":true,"href":"https:\/\/eldigitaldeasturias.com\/magazine365\/wp-json\/wp\/v2\/categories?post=61797"},{"taxonomy":"post_tag","embeddable":true,"href":"https:\/\/eldigitaldeasturias.com\/magazine365\/wp-json\/wp\/v2\/tags?post=61797"}],"curies":[{"name":"wp","href":"https:\/\/api.w.org\/{rel}","templated":true}]}}