{"id":61792,"date":"2016-01-23T13:30:34","date_gmt":"2016-01-23T12:30:34","guid":{"rendered":"http:\/\/eldigitaldeasturias.com\/magazine365\/?p=61792"},"modified":"2016-01-23T13:30:34","modified_gmt":"2016-01-23T12:30:34","slug":"abel-matutes-reelegido-presidente-de-la-mesa-de-turismo","status":"publish","type":"post","link":"https:\/\/eldigitaldeasturias.com\/magazine365\/abel-matutes-reelegido-presidente-de-la-mesa-de-turismo\/","title":{"rendered":"Abel Matutes, reelegido presidente de la Mesa de Turismo"},"content":{"rendered":"<p> El ibicenco Abel Matutes ha sido reelegido como presidente de la Mesa del Turismo al obtener la candidatura que encabezaba un 87 por ciento de votos.<\/p>\n<p>   La Mesa del Turismo es la asociaci\u00f3n profesional m\u00e1s veterana del sector tur\u00edstico espa\u00f1ol e integra a los diferentes subsectores de esta actividad, como l\u00edneas a\u00e9reas, transporte terrestre y mar\u00edtimo, hoteler\u00eda, restauraci\u00f3n, agencias de viaje, alquiler de veh\u00edculos, consultoras tur\u00edsticas o seguros tur\u00edsticos.<\/p>\n<p>   Seg\u00fan han explicado, este jueves la Mesa del Turismo celebr\u00f3 la reuni\u00f3n del Consejo Directivo y del Pleno en el marco de Fitur. En esta ocasi\u00f3n, el Pleno abord\u00f3 la renovaci\u00f3n del Consejo Directivo, que tiene un mandato de dos a\u00f1os. Aunque inicialmente se hab\u00edan presentado dos candidaturas, una de ellas se retir\u00f3 durante la sesi\u00f3n.<\/p>\n<p>   El Pleno consider\u00f3 conveniente mantener el proceso electoral con el fin de conocer el respaldo de la candidatura encabezada por Abel Matutes, que alcanz\u00f3 el 87 por ciento de los votos emitidos.<\/p>\n<p>   Se inicia as\u00ed una nueva etapa de la Mesa del Turismo en favor de la actividad tur\u00edstica, sector que supone m\u00e1s del 12 por ciento del PIB de la econom\u00eda espa\u00f1ola y el 11,5 por ciento del empleo nacional, siendo fundamental para obtener el equilibrio de la balanza de pagos y para reducir sustancialmente el d\u00e9ficit p\u00fablico.<\/p>\n<p>   En esta etapa, seg\u00fan han declarado, se quiere continuar con la labor de interlocuci\u00f3n con las Administraciones p\u00fablicas y las fuerzas pol\u00edticas para defender los leg\u00edtimos intereses del sector tur\u00edstico y, al mismo tiempo, potenciar su relaci\u00f3n con la opini\u00f3n p\u00fablica a trav\u00e9s de los medios de comunicaci\u00f3n y las redes sociales y conseguir un mayor reconocimiento por parte de la sociedad espa\u00f1ola.<\/p>\n<p>   Asimismo, se iniciar\u00e1 una labor de colaboraci\u00f3n con la Universidad para poner al servicio del sector tur\u00edstico datos y an\u00e1lisis que permitan orientar la actividad de las empresas.<\/p>\n","protected":false},"excerpt":{"rendered":"<p>El ibicenco Abel Matutes ha sido reelegido como presidente de la Mesa del Turismo al obtener la candidatura que encabezaba un 87 por ciento de votos. La Mesa del Turismo es la asociaci\u00f3n profesional m\u00e1s veterana del sector tur\u00edstico espa\u00f1ol e integra a los diferentes subsectores de esta actividad, como l\u00edneas a\u00e9reas, transporte terrestre y<\/p>\n","protected":false},"author":1,"featured_media":61252,"comment_status":"open","ping_status":"closed","sticky":false,"template":"","format":"standard","meta":{"footnotes":""},"categories":[224],"tags":[],"class_list":{"0":"post-61792","1":"post","2":"type-post","3":"status-publish","4":"format-standard","5":"has-post-thumbnail","7":"category-noticias-actualidad"},"aioseo_notices":[],"aioseo_head":"\n\t\t<!-- All in One SEO Pro 4.9.6.1 - aioseo.com -->\n\t<meta name=\"description\" content=\"El ibicenco Abel Matutes ha sido reelegido como presidente de la Mesa del Turismo al obtener la candidatura que encabezaba un 87 por ciento de votos. La Mesa del Turismo es la asociaci\u00f3n profesional m\u00e1s veterana del sector tur\u00edstico espa\u00f1ol e integra a los diferentes subsectores de esta actividad, como l\u00edneas a\u00e9reas, transporte terrestre y\" \/>\n\t<meta name=\"robots\" content=\"max-image-preview:large\" \/>\n\t<meta name=\"author\" content=\"admin\"\/>\n\t<meta name=\"google-site-verification\" content=\"UA-38556648-1\" \/>\n\t<meta name=\"keywords\" content=\"noticias y actualidad\" \/>\n\t<link rel=\"canonical\" href=\"https:\/\/eldigitaldeasturias.com\/magazine365\/abel-matutes-reelegido-presidente-de-la-mesa-de-turismo\/\" \/>\n\t<meta name=\"generator\" content=\"All in One SEO Pro (AIOSEO) 4.9.6.1\" \/>\n\t\t<meta property=\"og:locale\" content=\"es_ES\" \/>\n\t\t<meta property=\"og:site_name\" content=\"El Digital de Asturias \u2013 Revista de ocio, turismo y estilo de vida\" \/>\n\t\t<meta property=\"og:type\" content=\"article\" \/>\n\t\t<meta property=\"og:title\" content=\"Abel Matutes, reelegido presidente de la Mesa de Turismo | El Digital de Asturias\" \/>\n\t\t<meta property=\"og:description\" content=\"El ibicenco Abel Matutes ha sido reelegido como presidente de la Mesa del Turismo al obtener la candidatura que encabezaba un 87 por ciento de votos. La Mesa del Turismo es la asociaci\u00f3n profesional m\u00e1s veterana del sector tur\u00edstico espa\u00f1ol e integra a los diferentes subsectores de esta actividad, como l\u00edneas a\u00e9reas, transporte terrestre y\" \/>\n\t\t<meta property=\"og:url\" content=\"https:\/\/eldigitaldeasturias.com\/magazine365\/abel-matutes-reelegido-presidente-de-la-mesa-de-turismo\/\" \/>\n\t\t<meta property=\"og:image\" content=\"https:\/\/eldigitaldeasturias.com\/magazine365\/wp-content\/uploads\/2016\/01\/fitur2016.jpg\" \/>\n\t\t<meta property=\"og:image:secure_url\" content=\"https:\/\/eldigitaldeasturias.com\/magazine365\/wp-content\/uploads\/2016\/01\/fitur2016.jpg\" \/>\n\t\t<meta property=\"og:image:width\" content=\"800\" \/>\n\t\t<meta property=\"og:image:height\" content=\"533\" \/>\n\t\t<meta property=\"article:published_time\" content=\"2016-01-23T12:30:34+00:00\" \/>\n\t\t<meta property=\"article:modified_time\" content=\"2016-01-23T12:30:34+00:00\" \/>\n\t\t<meta name=\"twitter:card\" content=\"summary_large_image\" \/>\n\t\t<meta name=\"twitter:title\" content=\"Abel Matutes, reelegido presidente de la Mesa de Turismo | El Digital de Asturias\" \/>\n\t\t<meta name=\"twitter:description\" content=\"El ibicenco Abel Matutes ha sido reelegido como presidente de la Mesa del Turismo al obtener la candidatura que encabezaba un 87 por ciento de votos. La Mesa del Turismo es la asociaci\u00f3n profesional m\u00e1s veterana del sector tur\u00edstico espa\u00f1ol e integra a los diferentes subsectores de esta actividad, como l\u00edneas a\u00e9reas, transporte terrestre y\" \/>\n\t\t<meta name=\"twitter:image\" content=\"https:\/\/eldigitaldeasturias.com\/magazine365\/wp-content\/uploads\/2016\/01\/fitur2016.jpg\" \/>\n\t\t<script type=\"application\/ld+json\" class=\"aioseo-schema\">\n\t\t\t{\"@context\":\"https:\\\/\\\/schema.org\",\"@graph\":[{\"@type\":\"Article\",\"@id\":\"https:\\\/\\\/eldigitaldeasturias.com\\\/magazine365\\\/abel-matutes-reelegido-presidente-de-la-mesa-de-turismo\\\/#article\",\"name\":\"Abel Matutes, reelegido presidente de la Mesa de Turismo | El Digital de Asturias\",\"headline\":\"Abel Matutes, reelegido presidente de la Mesa de Turismo\",\"author\":{\"@id\":\"https:\\\/\\\/eldigitaldeasturias.com\\\/magazine365\\\/author\\\/admin\\\/#author\"},\"publisher\":{\"@id\":\"https:\\\/\\\/eldigitaldeasturias.com\\\/magazine365\\\/#organization\"},\"image\":{\"@type\":\"ImageObject\",\"url\":\"https:\\\/\\\/eldigitaldeasturias.com\\\/magazine365\\\/wp-content\\\/uploads\\\/2016\\\/01\\\/fitur2016.jpg\",\"width\":800,\"height\":533},\"datePublished\":\"2016-01-23T13:30:34+01:00\",\"dateModified\":\"2016-01-23T13:30:34+01:00\",\"inLanguage\":\"es-ES\",\"mainEntityOfPage\":{\"@id\":\"https:\\\/\\\/eldigitaldeasturias.com\\\/magazine365\\\/abel-matutes-reelegido-presidente-de-la-mesa-de-turismo\\\/#webpage\"},\"isPartOf\":{\"@id\":\"https:\\\/\\\/eldigitaldeasturias.com\\\/magazine365\\\/abel-matutes-reelegido-presidente-de-la-mesa-de-turismo\\\/#webpage\"},\"articleSection\":\"Noticias y Actualidad\"},{\"@type\":\"BreadcrumbList\",\"@id\":\"https:\\\/\\\/eldigitaldeasturias.com\\\/magazine365\\\/abel-matutes-reelegido-presidente-de-la-mesa-de-turismo\\\/#breadcrumblist\",\"itemListElement\":[{\"@type\":\"ListItem\",\"@id\":\"https:\\\/\\\/eldigitaldeasturias.com\\\/magazine365#listItem\",\"position\":1,\"name\":\"Home\",\"item\":\"https:\\\/\\\/eldigitaldeasturias.com\\\/magazine365\",\"nextItem\":{\"@type\":\"ListItem\",\"@id\":\"https:\\\/\\\/eldigitaldeasturias.com\\\/magazine365\\\/category\\\/noticias-actualidad\\\/#listItem\",\"name\":\"Noticias y Actualidad\"}},{\"@type\":\"ListItem\",\"@id\":\"https:\\\/\\\/eldigitaldeasturias.com\\\/magazine365\\\/category\\\/noticias-actualidad\\\/#listItem\",\"position\":2,\"name\":\"Noticias y Actualidad\",\"item\":\"https:\\\/\\\/eldigitaldeasturias.com\\\/magazine365\\\/category\\\/noticias-actualidad\\\/\",\"nextItem\":{\"@type\":\"ListItem\",\"@id\":\"https:\\\/\\\/eldigitaldeasturias.com\\\/magazine365\\\/abel-matutes-reelegido-presidente-de-la-mesa-de-turismo\\\/#listItem\",\"name\":\"Abel Matutes, reelegido presidente de la Mesa de Turismo\"},\"previousItem\":{\"@type\":\"ListItem\",\"@id\":\"https:\\\/\\\/eldigitaldeasturias.com\\\/magazine365#listItem\",\"name\":\"Home\"}},{\"@type\":\"ListItem\",\"@id\":\"https:\\\/\\\/eldigitaldeasturias.com\\\/magazine365\\\/abel-matutes-reelegido-presidente-de-la-mesa-de-turismo\\\/#listItem\",\"position\":3,\"name\":\"Abel Matutes, reelegido presidente de la Mesa de Turismo\",\"previousItem\":{\"@type\":\"ListItem\",\"@id\":\"https:\\\/\\\/eldigitaldeasturias.com\\\/magazine365\\\/category\\\/noticias-actualidad\\\/#listItem\",\"name\":\"Noticias y Actualidad\"}}]},{\"@type\":\"Organization\",\"@id\":\"https:\\\/\\\/eldigitaldeasturias.com\\\/magazine365\\\/#organization\",\"name\":\"El digital de Asturias\",\"description\":\"Revista de ocio, turismo y estilo de vida\",\"url\":\"https:\\\/\\\/eldigitaldeasturias.com\\\/magazine365\\\/\",\"logo\":{\"@type\":\"ImageObject\",\"url\":\"https:\\\/\\\/www.eldigitaldeasturias.com\\\/noticias\\\/wp-content\\\/uploads\\\/2020\\\/12\\\/EDA.jpg\",\"@id\":\"https:\\\/\\\/eldigitaldeasturias.com\\\/magazine365\\\/abel-matutes-reelegido-presidente-de-la-mesa-de-turismo\\\/#organizationLogo\"},\"image\":{\"@id\":\"https:\\\/\\\/eldigitaldeasturias.com\\\/magazine365\\\/abel-matutes-reelegido-presidente-de-la-mesa-de-turismo\\\/#organizationLogo\"}},{\"@type\":\"Person\",\"@id\":\"https:\\\/\\\/eldigitaldeasturias.com\\\/magazine365\\\/author\\\/admin\\\/#author\",\"url\":\"https:\\\/\\\/eldigitaldeasturias.com\\\/magazine365\\\/author\\\/admin\\\/\",\"name\":\"admin\",\"image\":{\"@type\":\"ImageObject\",\"@id\":\"https:\\\/\\\/eldigitaldeasturias.com\\\/magazine365\\\/abel-matutes-reelegido-presidente-de-la-mesa-de-turismo\\\/#authorImage\",\"url\":\"https:\\\/\\\/eldigitaldeasturias.com\\\/magazine365\\\/wp-content\\\/litespeed\\\/avatar\\\/e571bcf59a0edd6fa6838245a470f2fe.jpg?ver=1776969259\",\"width\":96,\"height\":96,\"caption\":\"admin\"}},{\"@type\":\"WebPage\",\"@id\":\"https:\\\/\\\/eldigitaldeasturias.com\\\/magazine365\\\/abel-matutes-reelegido-presidente-de-la-mesa-de-turismo\\\/#webpage\",\"url\":\"https:\\\/\\\/eldigitaldeasturias.com\\\/magazine365\\\/abel-matutes-reelegido-presidente-de-la-mesa-de-turismo\\\/\",\"name\":\"Abel Matutes, reelegido presidente de la Mesa de Turismo | El Digital de Asturias\",\"description\":\"El ibicenco Abel Matutes ha sido reelegido como presidente de la Mesa del Turismo al obtener la candidatura que encabezaba un 87 por ciento de votos. La Mesa del Turismo es la asociaci\\u00f3n profesional m\\u00e1s veterana del sector tur\\u00edstico espa\\u00f1ol e integra a los diferentes subsectores de esta actividad, como l\\u00edneas a\\u00e9reas, transporte terrestre y\",\"inLanguage\":\"es-ES\",\"isPartOf\":{\"@id\":\"https:\\\/\\\/eldigitaldeasturias.com\\\/magazine365\\\/#website\"},\"breadcrumb\":{\"@id\":\"https:\\\/\\\/eldigitaldeasturias.com\\\/magazine365\\\/abel-matutes-reelegido-presidente-de-la-mesa-de-turismo\\\/#breadcrumblist\"},\"author\":{\"@id\":\"https:\\\/\\\/eldigitaldeasturias.com\\\/magazine365\\\/author\\\/admin\\\/#author\"},\"creator\":{\"@id\":\"https:\\\/\\\/eldigitaldeasturias.com\\\/magazine365\\\/author\\\/admin\\\/#author\"},\"image\":{\"@type\":\"ImageObject\",\"url\":\"https:\\\/\\\/eldigitaldeasturias.com\\\/magazine365\\\/wp-content\\\/uploads\\\/2016\\\/01\\\/fitur2016.jpg\",\"@id\":\"https:\\\/\\\/eldigitaldeasturias.com\\\/magazine365\\\/abel-matutes-reelegido-presidente-de-la-mesa-de-turismo\\\/#mainImage\",\"width\":800,\"height\":533},\"primaryImageOfPage\":{\"@id\":\"https:\\\/\\\/eldigitaldeasturias.com\\\/magazine365\\\/abel-matutes-reelegido-presidente-de-la-mesa-de-turismo\\\/#mainImage\"},\"datePublished\":\"2016-01-23T13:30:34+01:00\",\"dateModified\":\"2016-01-23T13:30:34+01:00\"},{\"@type\":\"WebSite\",\"@id\":\"https:\\\/\\\/eldigitaldeasturias.com\\\/magazine365\\\/#website\",\"url\":\"https:\\\/\\\/eldigitaldeasturias.com\\\/magazine365\\\/\",\"name\":\"El Digital de Asturias\",\"description\":\"Revista de ocio, turismo y estilo de vida\",\"inLanguage\":\"es-ES\",\"publisher\":{\"@id\":\"https:\\\/\\\/eldigitaldeasturias.com\\\/magazine365\\\/#organization\"}}]}\n\t\t<\/script>\n\t\t<!-- All in One SEO Pro -->\r\n\t\t<title>Abel Matutes, reelegido presidente de la Mesa de Turismo | El Digital de Asturias<\/title>\n\n","aioseo_head_json":{"title":"Abel Matutes, reelegido presidente de la Mesa de Turismo | El Digital de Asturias","description":"El ibicenco Abel Matutes ha sido reelegido como presidente de la Mesa del Turismo al obtener la candidatura que encabezaba un 87 por ciento de votos. La Mesa del Turismo es la asociaci\u00f3n profesional m\u00e1s veterana del sector tur\u00edstico espa\u00f1ol e integra a los diferentes subsectores de esta actividad, como l\u00edneas a\u00e9reas, transporte terrestre y","canonical_url":"https:\/\/eldigitaldeasturias.com\/magazine365\/abel-matutes-reelegido-presidente-de-la-mesa-de-turismo\/","robots":"max-image-preview:large","keywords":"noticias y actualidad","webmasterTools":{"google-site-verification":"UA-38556648-1","miscellaneous":""},"schema":{"@context":"https:\/\/schema.org","@graph":[{"@type":"Article","@id":"https:\/\/eldigitaldeasturias.com\/magazine365\/abel-matutes-reelegido-presidente-de-la-mesa-de-turismo\/#article","name":"Abel Matutes, reelegido presidente de la Mesa de Turismo | El Digital de Asturias","headline":"Abel Matutes, reelegido presidente de la Mesa de Turismo","author":{"@id":"https:\/\/eldigitaldeasturias.com\/magazine365\/author\/admin\/#author"},"publisher":{"@id":"https:\/\/eldigitaldeasturias.com\/magazine365\/#organization"},"image":{"@type":"ImageObject","url":"https:\/\/eldigitaldeasturias.com\/magazine365\/wp-content\/uploads\/2016\/01\/fitur2016.jpg","width":800,"height":533},"datePublished":"2016-01-23T13:30:34+01:00","dateModified":"2016-01-23T13:30:34+01:00","inLanguage":"es-ES","mainEntityOfPage":{"@id":"https:\/\/eldigitaldeasturias.com\/magazine365\/abel-matutes-reelegido-presidente-de-la-mesa-de-turismo\/#webpage"},"isPartOf":{"@id":"https:\/\/eldigitaldeasturias.com\/magazine365\/abel-matutes-reelegido-presidente-de-la-mesa-de-turismo\/#webpage"},"articleSection":"Noticias y Actualidad"},{"@type":"BreadcrumbList","@id":"https:\/\/eldigitaldeasturias.com\/magazine365\/abel-matutes-reelegido-presidente-de-la-mesa-de-turismo\/#breadcrumblist","itemListElement":[{"@type":"ListItem","@id":"https:\/\/eldigitaldeasturias.com\/magazine365#listItem","position":1,"name":"Home","item":"https:\/\/eldigitaldeasturias.com\/magazine365","nextItem":{"@type":"ListItem","@id":"https:\/\/eldigitaldeasturias.com\/magazine365\/category\/noticias-actualidad\/#listItem","name":"Noticias y Actualidad"}},{"@type":"ListItem","@id":"https:\/\/eldigitaldeasturias.com\/magazine365\/category\/noticias-actualidad\/#listItem","position":2,"name":"Noticias y Actualidad","item":"https:\/\/eldigitaldeasturias.com\/magazine365\/category\/noticias-actualidad\/","nextItem":{"@type":"ListItem","@id":"https:\/\/eldigitaldeasturias.com\/magazine365\/abel-matutes-reelegido-presidente-de-la-mesa-de-turismo\/#listItem","name":"Abel Matutes, reelegido presidente de la Mesa de Turismo"},"previousItem":{"@type":"ListItem","@id":"https:\/\/eldigitaldeasturias.com\/magazine365#listItem","name":"Home"}},{"@type":"ListItem","@id":"https:\/\/eldigitaldeasturias.com\/magazine365\/abel-matutes-reelegido-presidente-de-la-mesa-de-turismo\/#listItem","position":3,"name":"Abel Matutes, reelegido presidente de la Mesa de Turismo","previousItem":{"@type":"ListItem","@id":"https:\/\/eldigitaldeasturias.com\/magazine365\/category\/noticias-actualidad\/#listItem","name":"Noticias y Actualidad"}}]},{"@type":"Organization","@id":"https:\/\/eldigitaldeasturias.com\/magazine365\/#organization","name":"El digital de Asturias","description":"Revista de ocio, turismo y estilo de vida","url":"https:\/\/eldigitaldeasturias.com\/magazine365\/","logo":{"@type":"ImageObject","url":"https:\/\/www.eldigitaldeasturias.com\/noticias\/wp-content\/uploads\/2020\/12\/EDA.jpg","@id":"https:\/\/eldigitaldeasturias.com\/magazine365\/abel-matutes-reelegido-presidente-de-la-mesa-de-turismo\/#organizationLogo"},"image":{"@id":"https:\/\/eldigitaldeasturias.com\/magazine365\/abel-matutes-reelegido-presidente-de-la-mesa-de-turismo\/#organizationLogo"}},{"@type":"Person","@id":"https:\/\/eldigitaldeasturias.com\/magazine365\/author\/admin\/#author","url":"https:\/\/eldigitaldeasturias.com\/magazine365\/author\/admin\/","name":"admin","image":{"@type":"ImageObject","@id":"https:\/\/eldigitaldeasturias.com\/magazine365\/abel-matutes-reelegido-presidente-de-la-mesa-de-turismo\/#authorImage","url":"https:\/\/eldigitaldeasturias.com\/magazine365\/wp-content\/litespeed\/avatar\/e571bcf59a0edd6fa6838245a470f2fe.jpg?ver=1776969259","width":96,"height":96,"caption":"admin"}},{"@type":"WebPage","@id":"https:\/\/eldigitaldeasturias.com\/magazine365\/abel-matutes-reelegido-presidente-de-la-mesa-de-turismo\/#webpage","url":"https:\/\/eldigitaldeasturias.com\/magazine365\/abel-matutes-reelegido-presidente-de-la-mesa-de-turismo\/","name":"Abel Matutes, reelegido presidente de la Mesa de Turismo | El Digital de Asturias","description":"El ibicenco Abel Matutes ha sido reelegido como presidente de la Mesa del Turismo al obtener la candidatura que encabezaba un 87 por ciento de votos. La Mesa del Turismo es la asociaci\u00f3n profesional m\u00e1s veterana del sector tur\u00edstico espa\u00f1ol e integra a los diferentes subsectores de esta actividad, como l\u00edneas a\u00e9reas, transporte terrestre y","inLanguage":"es-ES","isPartOf":{"@id":"https:\/\/eldigitaldeasturias.com\/magazine365\/#website"},"breadcrumb":{"@id":"https:\/\/eldigitaldeasturias.com\/magazine365\/abel-matutes-reelegido-presidente-de-la-mesa-de-turismo\/#breadcrumblist"},"author":{"@id":"https:\/\/eldigitaldeasturias.com\/magazine365\/author\/admin\/#author"},"creator":{"@id":"https:\/\/eldigitaldeasturias.com\/magazine365\/author\/admin\/#author"},"image":{"@type":"ImageObject","url":"https:\/\/eldigitaldeasturias.com\/magazine365\/wp-content\/uploads\/2016\/01\/fitur2016.jpg","@id":"https:\/\/eldigitaldeasturias.com\/magazine365\/abel-matutes-reelegido-presidente-de-la-mesa-de-turismo\/#mainImage","width":800,"height":533},"primaryImageOfPage":{"@id":"https:\/\/eldigitaldeasturias.com\/magazine365\/abel-matutes-reelegido-presidente-de-la-mesa-de-turismo\/#mainImage"},"datePublished":"2016-01-23T13:30:34+01:00","dateModified":"2016-01-23T13:30:34+01:00"},{"@type":"WebSite","@id":"https:\/\/eldigitaldeasturias.com\/magazine365\/#website","url":"https:\/\/eldigitaldeasturias.com\/magazine365\/","name":"El Digital de Asturias","description":"Revista de ocio, turismo y estilo de vida","inLanguage":"es-ES","publisher":{"@id":"https:\/\/eldigitaldeasturias.com\/magazine365\/#organization"}}]},"og:locale":"es_ES","og:site_name":"El Digital de Asturias \u2013 Revista de ocio, turismo y estilo de vida","og:type":"article","og:title":"Abel Matutes, reelegido presidente de la Mesa de Turismo | El Digital de Asturias","og:description":"El ibicenco Abel Matutes ha sido reelegido como presidente de la Mesa del Turismo al obtener la candidatura que encabezaba un 87 por ciento de votos. La Mesa del Turismo es la asociaci\u00f3n profesional m\u00e1s veterana del sector tur\u00edstico espa\u00f1ol e integra a los diferentes subsectores de esta actividad, como l\u00edneas a\u00e9reas, transporte terrestre y","og:url":"https:\/\/eldigitaldeasturias.com\/magazine365\/abel-matutes-reelegido-presidente-de-la-mesa-de-turismo\/","og:image":"https:\/\/eldigitaldeasturias.com\/magazine365\/wp-content\/uploads\/2016\/01\/fitur2016.jpg","og:image:secure_url":"https:\/\/eldigitaldeasturias.com\/magazine365\/wp-content\/uploads\/2016\/01\/fitur2016.jpg","og:image:width":800,"og:image:height":533,"article:published_time":"2016-01-23T12:30:34+00:00","article:modified_time":"2016-01-23T12:30:34+00:00","twitter:card":"summary_large_image","twitter:title":"Abel Matutes, reelegido presidente de la Mesa de Turismo | El Digital de Asturias","twitter:description":"El ibicenco Abel Matutes ha sido reelegido como presidente de la Mesa del Turismo al obtener la candidatura que encabezaba un 87 por ciento de votos. La Mesa del Turismo es la asociaci\u00f3n profesional m\u00e1s veterana del sector tur\u00edstico espa\u00f1ol e integra a los diferentes subsectores de esta actividad, como l\u00edneas a\u00e9reas, transporte terrestre y","twitter:image":"https:\/\/eldigitaldeasturias.com\/magazine365\/wp-content\/uploads\/2016\/01\/fitur2016.jpg"},"aioseo_meta_data":{"post_id":"61792","title":null,"description":null,"keywords":null,"keyphrases":null,"primary_term":null,"canonical_url":null,"og_title":null,"og_description":null,"og_object_type":"default","og_image_type":"default","og_image_url":null,"og_image_width":null,"og_image_height":null,"og_image_custom_url":null,"og_image_custom_fields":null,"og_video":null,"og_custom_url":null,"og_article_section":null,"og_article_tags":null,"twitter_use_og":false,"twitter_card":"default","twitter_image_type":"default","twitter_image_url":null,"twitter_image_custom_url":null,"twitter_image_custom_fields":null,"twitter_title":null,"twitter_description":null,"schema":{"blockGraphs":[],"customGraphs":[],"default":{"data":{"Article":[],"Course":[],"Dataset":[],"FAQPage":[],"Movie":[],"Person":[],"Product":[],"ProductReview":[],"Car":[],"Recipe":[],"Service":[],"SoftwareApplication":[],"WebPage":[]},"graphName":"","isEnabled":true},"graphs":[]},"schema_type":null,"schema_type_options":null,"pillar_content":false,"robots_default":true,"robots_noindex":false,"robots_noarchive":false,"robots_nosnippet":false,"robots_nofollow":false,"robots_noimageindex":false,"robots_noodp":false,"robots_notranslate":false,"robots_max_snippet":null,"robots_max_videopreview":null,"robots_max_imagepreview":"large","priority":null,"frequency":null,"location":null,"local_seo":null,"seo_analyzer_scan_date":"2025-09-25 09:46:19","breadcrumb_settings":null,"limit_modified_date":false,"open_ai":null,"ai":null,"created":"2021-03-08 21:44:59","updated":"2025-09-25 09:46:19"},"aioseo_breadcrumb":"<div class=\"aioseo-breadcrumbs\"><span class=\"aioseo-breadcrumb\">\n\t<a href=\"https:\/\/eldigitaldeasturias.com\/magazine365\" title=\"Home\">Home<\/a>\n<\/span><span class=\"aioseo-breadcrumb-separator\">\u2013<\/span><span class=\"aioseo-breadcrumb\">\n\t<a href=\"https:\/\/eldigitaldeasturias.com\/magazine365\/category\/noticias-actualidad\/\" title=\"Noticias y Actualidad\">Noticias y Actualidad<\/a>\n<\/span><span class=\"aioseo-breadcrumb-separator\">\u2013<\/span><span class=\"aioseo-breadcrumb\">\n\t<a href=\"https:\/\/eldigitaldeasturias.com\/magazine365\/abel-matutes-reelegido-presidente-de-la-mesa-de-turismo\/\" title=\"Abel Matutes, reelegido presidente de la Mesa de Turismo\">Abel Matutes, reelegido presidente de la Mesa de Turismo<\/a>\n<\/span><\/div>","aioseo_breadcrumb_json":[{"label":"Home","link":"https:\/\/eldigitaldeasturias.com\/magazine365"},{"label":"Noticias y Actualidad","link":"https:\/\/eldigitaldeasturias.com\/magazine365\/category\/noticias-actualidad\/"},{"label":"Abel Matutes, reelegido presidente de la Mesa de Turismo","link":"https:\/\/eldigitaldeasturias.com\/magazine365\/abel-matutes-reelegido-presidente-de-la-mesa-de-turismo\/"}],"_links":{"self":[{"href":"https:\/\/eldigitaldeasturias.com\/magazine365\/wp-json\/wp\/v2\/posts\/61792","targetHints":{"allow":["GET"]}}],"collection":[{"href":"https:\/\/eldigitaldeasturias.com\/magazine365\/wp-json\/wp\/v2\/posts"}],"about":[{"href":"https:\/\/eldigitaldeasturias.com\/magazine365\/wp-json\/wp\/v2\/types\/post"}],"author":[{"embeddable":true,"href":"https:\/\/eldigitaldeasturias.com\/magazine365\/wp-json\/wp\/v2\/users\/1"}],"replies":[{"embeddable":true,"href":"https:\/\/eldigitaldeasturias.com\/magazine365\/wp-json\/wp\/v2\/comments?post=61792"}],"version-history":[{"count":0,"href":"https:\/\/eldigitaldeasturias.com\/magazine365\/wp-json\/wp\/v2\/posts\/61792\/revisions"}],"wp:featuredmedia":[{"embeddable":true,"href":"https:\/\/eldigitaldeasturias.com\/magazine365\/wp-json\/wp\/v2\/media\/61252"}],"wp:attachment":[{"href":"https:\/\/eldigitaldeasturias.com\/magazine365\/wp-json\/wp\/v2\/media?parent=61792"}],"wp:term":[{"taxonomy":"category","embeddable":true,"href":"https:\/\/eldigitaldeasturias.com\/magazine365\/wp-json\/wp\/v2\/categories?post=61792"},{"taxonomy":"post_tag","embeddable":true,"href":"https:\/\/eldigitaldeasturias.com\/magazine365\/wp-json\/wp\/v2\/tags?post=61792"}],"curies":[{"name":"wp","href":"https:\/\/api.w.org\/{rel}","templated":true}]}}