{"id":61783,"date":"2016-01-23T13:27:56","date_gmt":"2016-01-23T12:27:56","guid":{"rendered":"http:\/\/eldigitaldeasturias.com\/magazine365\/?p=61783"},"modified":"2016-01-23T13:27:56","modified_gmt":"2016-01-23T12:27:56","slug":"minube-aconsejara-sobre-como-lograr-un-turismo-responsable-y-sostenible","status":"publish","type":"post","link":"https:\/\/eldigitaldeasturias.com\/magazine365\/minube-aconsejara-sobre-como-lograr-un-turismo-responsable-y-sostenible\/","title":{"rendered":"Minube aconsejar\u00e1 sobre c\u00f3mo lograr un turismo responsable y sostenible"},"content":{"rendered":"<p><img fetchpriority=\"high\" decoding=\"async\" class=\"alignleft size-medium wp-image-61784\" src=\"https:\/\/eldigitaldeasturias.com\/magazine365\/wp-content\/uploads\/2016\/01\/fotonoticia_20160122131256_800-360x153.jpg\" alt=\"fotonoticia_20160122131256_800\" width=\"360\" height=\"153\" srcset=\"https:\/\/eldigitaldeasturias.com\/magazine365\/wp-content\/uploads\/2016\/01\/fotonoticia_20160122131256_800-360x153.jpg 360w, https:\/\/eldigitaldeasturias.com\/magazine365\/wp-content\/uploads\/2016\/01\/fotonoticia_20160122131256_800-650x276.jpg 650w, https:\/\/eldigitaldeasturias.com\/magazine365\/wp-content\/uploads\/2016\/01\/fotonoticia_20160122131256_800-768x326.jpg 768w, https:\/\/eldigitaldeasturias.com\/magazine365\/wp-content\/uploads\/2016\/01\/fotonoticia_20160122131256_800-150x64.jpg 150w, https:\/\/eldigitaldeasturias.com\/magazine365\/wp-content\/uploads\/2016\/01\/fotonoticia_20160122131256_800-450x191.jpg 450w, https:\/\/eldigitaldeasturias.com\/magazine365\/wp-content\/uploads\/2016\/01\/fotonoticia_20160122131256_800-696x296.jpg 696w, https:\/\/eldigitaldeasturias.com\/magazine365\/wp-content\/uploads\/2016\/01\/fotonoticia_20160122131256_800.jpg 800w\" sizes=\"(max-width: 360px) 100vw, 360px\" \/>Minube, en colaboraci\u00f3n con Fitur y con Segittur, ha programado una serie de actividades dirigidas a los profesionales que visitar\u00e1n la Feria Internacional del Turismo en Madrid para aportar m\u00e1s conocimiento y formaci\u00f3n sobre c\u00f3mo crear una industria tur\u00edstica m\u00e1s responsable y sostenible, seg\u00fan informa la compa\u00f1\u00eda.<\/p>\n<p>As\u00ed, el s\u00e1bado 23 de enero la jornada estar\u00e1 dedicada a crear las bases de una industria tur\u00edstica m\u00e1s responsable y sostenible, dentro del \u00e1rea Know &amp; How Export 2016, en el pabell\u00f3n 10 de Ifema.<\/p>\n<p>Para ello, hay organizadas varias mesas redondas en las que se debatir\u00e1 sobre c\u00f3mo los Objetivos de Desarrollo Sostenibles (ODS) tambi\u00e9n afectan al sector tur\u00edstico. En concreto, el director de Proyectos de CODESPA, Marcello Gandolfi, participar\u00e1 en la mesa &#8216;Libro Blanco Minube: Retos y oportunidades para el sector tur\u00edstico&#8217;.<\/p>\n<p>En este espacio, moderado por el decano de la Facultad de Turismo de M\u00e1laga, Antonio Guevara, se presentar\u00e1n las conclusiones de un Libro Blanco en el que han participado 20 especialistas de todo el mundo, aportando su visi\u00f3n sobre c\u00f3mo deber\u00eda ser una industria tur\u00edstica m\u00e1s sostenible y responsable.<\/p>\n","protected":false},"excerpt":{"rendered":"<p>Minube, en colaboraci\u00f3n con Fitur y con Segittur, ha programado una serie de actividades dirigidas a los profesionales que visitar\u00e1n la Feria Internacional del Turismo en Madrid para aportar m\u00e1s conocimiento y formaci\u00f3n sobre c\u00f3mo crear una industria tur\u00edstica m\u00e1s responsable y sostenible, seg\u00fan informa la compa\u00f1\u00eda. As\u00ed, el s\u00e1bado 23 de enero la jornada<\/p>\n","protected":false},"author":1,"featured_media":61784,"comment_status":"open","ping_status":"closed","sticky":false,"template":"","format":"standard","meta":{"footnotes":""},"categories":[224],"tags":[],"class_list":{"0":"post-61783","1":"post","2":"type-post","3":"status-publish","4":"format-standard","5":"has-post-thumbnail","7":"category-noticias-actualidad"},"aioseo_notices":[],"aioseo_head":"\n\t\t<!-- All in One SEO Pro 4.9.6.1 - aioseo.com -->\n\t<meta name=\"description\" content=\"Minube, en colaboraci\u00f3n con Fitur y con Segittur, ha programado una serie de actividades dirigidas a los profesionales que visitar\u00e1n la Feria Internacional del Turismo en Madrid para aportar m\u00e1s conocimiento y formaci\u00f3n sobre c\u00f3mo crear una industria tur\u00edstica m\u00e1s responsable y sostenible, seg\u00fan informa la compa\u00f1\u00eda. As\u00ed, el s\u00e1bado 23 de enero la jornada\" \/>\n\t<meta name=\"robots\" content=\"max-image-preview:large\" \/>\n\t<meta name=\"author\" content=\"admin\"\/>\n\t<meta name=\"google-site-verification\" content=\"UA-38556648-1\" \/>\n\t<meta name=\"keywords\" content=\"noticias y actualidad\" \/>\n\t<link rel=\"canonical\" href=\"https:\/\/eldigitaldeasturias.com\/magazine365\/minube-aconsejara-sobre-como-lograr-un-turismo-responsable-y-sostenible\/\" \/>\n\t<meta name=\"generator\" content=\"All in One SEO Pro (AIOSEO) 4.9.6.1\" \/>\n\t\t<meta property=\"og:locale\" content=\"es_ES\" \/>\n\t\t<meta property=\"og:site_name\" content=\"El Digital de Asturias \u2013 Revista de ocio, turismo y estilo de vida\" \/>\n\t\t<meta property=\"og:type\" content=\"article\" \/>\n\t\t<meta property=\"og:title\" content=\"Minube aconsejar\u00e1 sobre c\u00f3mo lograr un turismo responsable y sostenible | El Digital de Asturias\" \/>\n\t\t<meta property=\"og:description\" content=\"Minube, en colaboraci\u00f3n con Fitur y con Segittur, ha programado una serie de actividades dirigidas a los profesionales que visitar\u00e1n la Feria Internacional del Turismo en Madrid para aportar m\u00e1s conocimiento y formaci\u00f3n sobre c\u00f3mo crear una industria tur\u00edstica m\u00e1s responsable y sostenible, seg\u00fan informa la compa\u00f1\u00eda. As\u00ed, el s\u00e1bado 23 de enero la jornada\" \/>\n\t\t<meta property=\"og:url\" content=\"https:\/\/eldigitaldeasturias.com\/magazine365\/minube-aconsejara-sobre-como-lograr-un-turismo-responsable-y-sostenible\/\" \/>\n\t\t<meta property=\"og:image\" content=\"https:\/\/eldigitaldeasturias.com\/magazine365\/wp-content\/uploads\/2016\/01\/fotonoticia_20160122131256_800.jpg\" \/>\n\t\t<meta property=\"og:image:secure_url\" content=\"https:\/\/eldigitaldeasturias.com\/magazine365\/wp-content\/uploads\/2016\/01\/fotonoticia_20160122131256_800.jpg\" \/>\n\t\t<meta property=\"og:image:width\" content=\"800\" \/>\n\t\t<meta property=\"og:image:height\" content=\"340\" \/>\n\t\t<meta property=\"article:published_time\" content=\"2016-01-23T12:27:56+00:00\" \/>\n\t\t<meta property=\"article:modified_time\" content=\"2016-01-23T12:27:56+00:00\" \/>\n\t\t<meta name=\"twitter:card\" content=\"summary_large_image\" \/>\n\t\t<meta name=\"twitter:title\" content=\"Minube aconsejar\u00e1 sobre c\u00f3mo lograr un turismo responsable y sostenible | El Digital de Asturias\" \/>\n\t\t<meta name=\"twitter:description\" content=\"Minube, en colaboraci\u00f3n con Fitur y con Segittur, ha programado una serie de actividades dirigidas a los profesionales que visitar\u00e1n la Feria Internacional del Turismo en Madrid para aportar m\u00e1s conocimiento y formaci\u00f3n sobre c\u00f3mo crear una industria tur\u00edstica m\u00e1s responsable y sostenible, seg\u00fan informa la compa\u00f1\u00eda. As\u00ed, el s\u00e1bado 23 de enero la jornada\" \/>\n\t\t<meta name=\"twitter:image\" content=\"https:\/\/eldigitaldeasturias.com\/magazine365\/wp-content\/uploads\/2016\/01\/fotonoticia_20160122131256_800.jpg\" \/>\n\t\t<script type=\"application\/ld+json\" class=\"aioseo-schema\">\n\t\t\t{\"@context\":\"https:\\\/\\\/schema.org\",\"@graph\":[{\"@type\":\"Article\",\"@id\":\"https:\\\/\\\/eldigitaldeasturias.com\\\/magazine365\\\/minube-aconsejara-sobre-como-lograr-un-turismo-responsable-y-sostenible\\\/#article\",\"name\":\"Minube aconsejar\\u00e1 sobre c\\u00f3mo lograr un turismo responsable y sostenible | El Digital de Asturias\",\"headline\":\"Minube aconsejar\\u00e1 sobre c\\u00f3mo lograr un turismo responsable y sostenible\",\"author\":{\"@id\":\"https:\\\/\\\/eldigitaldeasturias.com\\\/magazine365\\\/author\\\/admin\\\/#author\"},\"publisher\":{\"@id\":\"https:\\\/\\\/eldigitaldeasturias.com\\\/magazine365\\\/#organization\"},\"image\":{\"@type\":\"ImageObject\",\"url\":\"https:\\\/\\\/eldigitaldeasturias.com\\\/magazine365\\\/wp-content\\\/uploads\\\/2016\\\/01\\\/fotonoticia_20160122131256_800.jpg\",\"width\":800,\"height\":340},\"datePublished\":\"2016-01-23T13:27:56+01:00\",\"dateModified\":\"2016-01-23T13:27:56+01:00\",\"inLanguage\":\"es-ES\",\"mainEntityOfPage\":{\"@id\":\"https:\\\/\\\/eldigitaldeasturias.com\\\/magazine365\\\/minube-aconsejara-sobre-como-lograr-un-turismo-responsable-y-sostenible\\\/#webpage\"},\"isPartOf\":{\"@id\":\"https:\\\/\\\/eldigitaldeasturias.com\\\/magazine365\\\/minube-aconsejara-sobre-como-lograr-un-turismo-responsable-y-sostenible\\\/#webpage\"},\"articleSection\":\"Noticias y Actualidad\"},{\"@type\":\"BreadcrumbList\",\"@id\":\"https:\\\/\\\/eldigitaldeasturias.com\\\/magazine365\\\/minube-aconsejara-sobre-como-lograr-un-turismo-responsable-y-sostenible\\\/#breadcrumblist\",\"itemListElement\":[{\"@type\":\"ListItem\",\"@id\":\"https:\\\/\\\/eldigitaldeasturias.com\\\/magazine365#listItem\",\"position\":1,\"name\":\"Home\",\"item\":\"https:\\\/\\\/eldigitaldeasturias.com\\\/magazine365\",\"nextItem\":{\"@type\":\"ListItem\",\"@id\":\"https:\\\/\\\/eldigitaldeasturias.com\\\/magazine365\\\/category\\\/noticias-actualidad\\\/#listItem\",\"name\":\"Noticias y Actualidad\"}},{\"@type\":\"ListItem\",\"@id\":\"https:\\\/\\\/eldigitaldeasturias.com\\\/magazine365\\\/category\\\/noticias-actualidad\\\/#listItem\",\"position\":2,\"name\":\"Noticias y Actualidad\",\"item\":\"https:\\\/\\\/eldigitaldeasturias.com\\\/magazine365\\\/category\\\/noticias-actualidad\\\/\",\"nextItem\":{\"@type\":\"ListItem\",\"@id\":\"https:\\\/\\\/eldigitaldeasturias.com\\\/magazine365\\\/minube-aconsejara-sobre-como-lograr-un-turismo-responsable-y-sostenible\\\/#listItem\",\"name\":\"Minube aconsejar\\u00e1 sobre c\\u00f3mo lograr un turismo responsable y sostenible\"},\"previousItem\":{\"@type\":\"ListItem\",\"@id\":\"https:\\\/\\\/eldigitaldeasturias.com\\\/magazine365#listItem\",\"name\":\"Home\"}},{\"@type\":\"ListItem\",\"@id\":\"https:\\\/\\\/eldigitaldeasturias.com\\\/magazine365\\\/minube-aconsejara-sobre-como-lograr-un-turismo-responsable-y-sostenible\\\/#listItem\",\"position\":3,\"name\":\"Minube aconsejar\\u00e1 sobre c\\u00f3mo lograr un turismo responsable y sostenible\",\"previousItem\":{\"@type\":\"ListItem\",\"@id\":\"https:\\\/\\\/eldigitaldeasturias.com\\\/magazine365\\\/category\\\/noticias-actualidad\\\/#listItem\",\"name\":\"Noticias y Actualidad\"}}]},{\"@type\":\"Organization\",\"@id\":\"https:\\\/\\\/eldigitaldeasturias.com\\\/magazine365\\\/#organization\",\"name\":\"El digital de Asturias\",\"description\":\"Revista de ocio, turismo y estilo de vida\",\"url\":\"https:\\\/\\\/eldigitaldeasturias.com\\\/magazine365\\\/\",\"logo\":{\"@type\":\"ImageObject\",\"url\":\"https:\\\/\\\/www.eldigitaldeasturias.com\\\/noticias\\\/wp-content\\\/uploads\\\/2020\\\/12\\\/EDA.jpg\",\"@id\":\"https:\\\/\\\/eldigitaldeasturias.com\\\/magazine365\\\/minube-aconsejara-sobre-como-lograr-un-turismo-responsable-y-sostenible\\\/#organizationLogo\"},\"image\":{\"@id\":\"https:\\\/\\\/eldigitaldeasturias.com\\\/magazine365\\\/minube-aconsejara-sobre-como-lograr-un-turismo-responsable-y-sostenible\\\/#organizationLogo\"}},{\"@type\":\"Person\",\"@id\":\"https:\\\/\\\/eldigitaldeasturias.com\\\/magazine365\\\/author\\\/admin\\\/#author\",\"url\":\"https:\\\/\\\/eldigitaldeasturias.com\\\/magazine365\\\/author\\\/admin\\\/\",\"name\":\"admin\",\"image\":{\"@type\":\"ImageObject\",\"@id\":\"https:\\\/\\\/eldigitaldeasturias.com\\\/magazine365\\\/minube-aconsejara-sobre-como-lograr-un-turismo-responsable-y-sostenible\\\/#authorImage\",\"url\":\"https:\\\/\\\/eldigitaldeasturias.com\\\/magazine365\\\/wp-content\\\/litespeed\\\/avatar\\\/e571bcf59a0edd6fa6838245a470f2fe.jpg?ver=1776969259\",\"width\":96,\"height\":96,\"caption\":\"admin\"}},{\"@type\":\"WebPage\",\"@id\":\"https:\\\/\\\/eldigitaldeasturias.com\\\/magazine365\\\/minube-aconsejara-sobre-como-lograr-un-turismo-responsable-y-sostenible\\\/#webpage\",\"url\":\"https:\\\/\\\/eldigitaldeasturias.com\\\/magazine365\\\/minube-aconsejara-sobre-como-lograr-un-turismo-responsable-y-sostenible\\\/\",\"name\":\"Minube aconsejar\\u00e1 sobre c\\u00f3mo lograr un turismo responsable y sostenible | El Digital de Asturias\",\"description\":\"Minube, en colaboraci\\u00f3n con Fitur y con Segittur, ha programado una serie de actividades dirigidas a los profesionales que visitar\\u00e1n la Feria Internacional del Turismo en Madrid para aportar m\\u00e1s conocimiento y formaci\\u00f3n sobre c\\u00f3mo crear una industria tur\\u00edstica m\\u00e1s responsable y sostenible, seg\\u00fan informa la compa\\u00f1\\u00eda. As\\u00ed, el s\\u00e1bado 23 de enero la jornada\",\"inLanguage\":\"es-ES\",\"isPartOf\":{\"@id\":\"https:\\\/\\\/eldigitaldeasturias.com\\\/magazine365\\\/#website\"},\"breadcrumb\":{\"@id\":\"https:\\\/\\\/eldigitaldeasturias.com\\\/magazine365\\\/minube-aconsejara-sobre-como-lograr-un-turismo-responsable-y-sostenible\\\/#breadcrumblist\"},\"author\":{\"@id\":\"https:\\\/\\\/eldigitaldeasturias.com\\\/magazine365\\\/author\\\/admin\\\/#author\"},\"creator\":{\"@id\":\"https:\\\/\\\/eldigitaldeasturias.com\\\/magazine365\\\/author\\\/admin\\\/#author\"},\"image\":{\"@type\":\"ImageObject\",\"url\":\"https:\\\/\\\/eldigitaldeasturias.com\\\/magazine365\\\/wp-content\\\/uploads\\\/2016\\\/01\\\/fotonoticia_20160122131256_800.jpg\",\"@id\":\"https:\\\/\\\/eldigitaldeasturias.com\\\/magazine365\\\/minube-aconsejara-sobre-como-lograr-un-turismo-responsable-y-sostenible\\\/#mainImage\",\"width\":800,\"height\":340},\"primaryImageOfPage\":{\"@id\":\"https:\\\/\\\/eldigitaldeasturias.com\\\/magazine365\\\/minube-aconsejara-sobre-como-lograr-un-turismo-responsable-y-sostenible\\\/#mainImage\"},\"datePublished\":\"2016-01-23T13:27:56+01:00\",\"dateModified\":\"2016-01-23T13:27:56+01:00\"},{\"@type\":\"WebSite\",\"@id\":\"https:\\\/\\\/eldigitaldeasturias.com\\\/magazine365\\\/#website\",\"url\":\"https:\\\/\\\/eldigitaldeasturias.com\\\/magazine365\\\/\",\"name\":\"El Digital de Asturias\",\"description\":\"Revista de ocio, turismo y estilo de vida\",\"inLanguage\":\"es-ES\",\"publisher\":{\"@id\":\"https:\\\/\\\/eldigitaldeasturias.com\\\/magazine365\\\/#organization\"}}]}\n\t\t<\/script>\n\t\t<!-- All in One SEO Pro -->\r\n\t\t<title>Minube aconsejar\u00e1 sobre c\u00f3mo lograr un turismo responsable y sostenible | El Digital de Asturias<\/title>\n\n","aioseo_head_json":{"title":"Minube aconsejar\u00e1 sobre c\u00f3mo lograr un turismo responsable y sostenible | El Digital de Asturias","description":"Minube, en colaboraci\u00f3n con Fitur y con Segittur, ha programado una serie de actividades dirigidas a los profesionales que visitar\u00e1n la Feria Internacional del Turismo en Madrid para aportar m\u00e1s conocimiento y formaci\u00f3n sobre c\u00f3mo crear una industria tur\u00edstica m\u00e1s responsable y sostenible, seg\u00fan informa la compa\u00f1\u00eda. As\u00ed, el s\u00e1bado 23 de enero la jornada","canonical_url":"https:\/\/eldigitaldeasturias.com\/magazine365\/minube-aconsejara-sobre-como-lograr-un-turismo-responsable-y-sostenible\/","robots":"max-image-preview:large","keywords":"noticias y actualidad","webmasterTools":{"google-site-verification":"UA-38556648-1","miscellaneous":""},"schema":{"@context":"https:\/\/schema.org","@graph":[{"@type":"Article","@id":"https:\/\/eldigitaldeasturias.com\/magazine365\/minube-aconsejara-sobre-como-lograr-un-turismo-responsable-y-sostenible\/#article","name":"Minube aconsejar\u00e1 sobre c\u00f3mo lograr un turismo responsable y sostenible | El Digital de Asturias","headline":"Minube aconsejar\u00e1 sobre c\u00f3mo lograr un turismo responsable y sostenible","author":{"@id":"https:\/\/eldigitaldeasturias.com\/magazine365\/author\/admin\/#author"},"publisher":{"@id":"https:\/\/eldigitaldeasturias.com\/magazine365\/#organization"},"image":{"@type":"ImageObject","url":"https:\/\/eldigitaldeasturias.com\/magazine365\/wp-content\/uploads\/2016\/01\/fotonoticia_20160122131256_800.jpg","width":800,"height":340},"datePublished":"2016-01-23T13:27:56+01:00","dateModified":"2016-01-23T13:27:56+01:00","inLanguage":"es-ES","mainEntityOfPage":{"@id":"https:\/\/eldigitaldeasturias.com\/magazine365\/minube-aconsejara-sobre-como-lograr-un-turismo-responsable-y-sostenible\/#webpage"},"isPartOf":{"@id":"https:\/\/eldigitaldeasturias.com\/magazine365\/minube-aconsejara-sobre-como-lograr-un-turismo-responsable-y-sostenible\/#webpage"},"articleSection":"Noticias y Actualidad"},{"@type":"BreadcrumbList","@id":"https:\/\/eldigitaldeasturias.com\/magazine365\/minube-aconsejara-sobre-como-lograr-un-turismo-responsable-y-sostenible\/#breadcrumblist","itemListElement":[{"@type":"ListItem","@id":"https:\/\/eldigitaldeasturias.com\/magazine365#listItem","position":1,"name":"Home","item":"https:\/\/eldigitaldeasturias.com\/magazine365","nextItem":{"@type":"ListItem","@id":"https:\/\/eldigitaldeasturias.com\/magazine365\/category\/noticias-actualidad\/#listItem","name":"Noticias y Actualidad"}},{"@type":"ListItem","@id":"https:\/\/eldigitaldeasturias.com\/magazine365\/category\/noticias-actualidad\/#listItem","position":2,"name":"Noticias y Actualidad","item":"https:\/\/eldigitaldeasturias.com\/magazine365\/category\/noticias-actualidad\/","nextItem":{"@type":"ListItem","@id":"https:\/\/eldigitaldeasturias.com\/magazine365\/minube-aconsejara-sobre-como-lograr-un-turismo-responsable-y-sostenible\/#listItem","name":"Minube aconsejar\u00e1 sobre c\u00f3mo lograr un turismo responsable y sostenible"},"previousItem":{"@type":"ListItem","@id":"https:\/\/eldigitaldeasturias.com\/magazine365#listItem","name":"Home"}},{"@type":"ListItem","@id":"https:\/\/eldigitaldeasturias.com\/magazine365\/minube-aconsejara-sobre-como-lograr-un-turismo-responsable-y-sostenible\/#listItem","position":3,"name":"Minube aconsejar\u00e1 sobre c\u00f3mo lograr un turismo responsable y sostenible","previousItem":{"@type":"ListItem","@id":"https:\/\/eldigitaldeasturias.com\/magazine365\/category\/noticias-actualidad\/#listItem","name":"Noticias y Actualidad"}}]},{"@type":"Organization","@id":"https:\/\/eldigitaldeasturias.com\/magazine365\/#organization","name":"El digital de Asturias","description":"Revista de ocio, turismo y estilo de vida","url":"https:\/\/eldigitaldeasturias.com\/magazine365\/","logo":{"@type":"ImageObject","url":"https:\/\/www.eldigitaldeasturias.com\/noticias\/wp-content\/uploads\/2020\/12\/EDA.jpg","@id":"https:\/\/eldigitaldeasturias.com\/magazine365\/minube-aconsejara-sobre-como-lograr-un-turismo-responsable-y-sostenible\/#organizationLogo"},"image":{"@id":"https:\/\/eldigitaldeasturias.com\/magazine365\/minube-aconsejara-sobre-como-lograr-un-turismo-responsable-y-sostenible\/#organizationLogo"}},{"@type":"Person","@id":"https:\/\/eldigitaldeasturias.com\/magazine365\/author\/admin\/#author","url":"https:\/\/eldigitaldeasturias.com\/magazine365\/author\/admin\/","name":"admin","image":{"@type":"ImageObject","@id":"https:\/\/eldigitaldeasturias.com\/magazine365\/minube-aconsejara-sobre-como-lograr-un-turismo-responsable-y-sostenible\/#authorImage","url":"https:\/\/eldigitaldeasturias.com\/magazine365\/wp-content\/litespeed\/avatar\/e571bcf59a0edd6fa6838245a470f2fe.jpg?ver=1776969259","width":96,"height":96,"caption":"admin"}},{"@type":"WebPage","@id":"https:\/\/eldigitaldeasturias.com\/magazine365\/minube-aconsejara-sobre-como-lograr-un-turismo-responsable-y-sostenible\/#webpage","url":"https:\/\/eldigitaldeasturias.com\/magazine365\/minube-aconsejara-sobre-como-lograr-un-turismo-responsable-y-sostenible\/","name":"Minube aconsejar\u00e1 sobre c\u00f3mo lograr un turismo responsable y sostenible | El Digital de Asturias","description":"Minube, en colaboraci\u00f3n con Fitur y con Segittur, ha programado una serie de actividades dirigidas a los profesionales que visitar\u00e1n la Feria Internacional del Turismo en Madrid para aportar m\u00e1s conocimiento y formaci\u00f3n sobre c\u00f3mo crear una industria tur\u00edstica m\u00e1s responsable y sostenible, seg\u00fan informa la compa\u00f1\u00eda. As\u00ed, el s\u00e1bado 23 de enero la jornada","inLanguage":"es-ES","isPartOf":{"@id":"https:\/\/eldigitaldeasturias.com\/magazine365\/#website"},"breadcrumb":{"@id":"https:\/\/eldigitaldeasturias.com\/magazine365\/minube-aconsejara-sobre-como-lograr-un-turismo-responsable-y-sostenible\/#breadcrumblist"},"author":{"@id":"https:\/\/eldigitaldeasturias.com\/magazine365\/author\/admin\/#author"},"creator":{"@id":"https:\/\/eldigitaldeasturias.com\/magazine365\/author\/admin\/#author"},"image":{"@type":"ImageObject","url":"https:\/\/eldigitaldeasturias.com\/magazine365\/wp-content\/uploads\/2016\/01\/fotonoticia_20160122131256_800.jpg","@id":"https:\/\/eldigitaldeasturias.com\/magazine365\/minube-aconsejara-sobre-como-lograr-un-turismo-responsable-y-sostenible\/#mainImage","width":800,"height":340},"primaryImageOfPage":{"@id":"https:\/\/eldigitaldeasturias.com\/magazine365\/minube-aconsejara-sobre-como-lograr-un-turismo-responsable-y-sostenible\/#mainImage"},"datePublished":"2016-01-23T13:27:56+01:00","dateModified":"2016-01-23T13:27:56+01:00"},{"@type":"WebSite","@id":"https:\/\/eldigitaldeasturias.com\/magazine365\/#website","url":"https:\/\/eldigitaldeasturias.com\/magazine365\/","name":"El Digital de Asturias","description":"Revista de ocio, turismo y estilo de vida","inLanguage":"es-ES","publisher":{"@id":"https:\/\/eldigitaldeasturias.com\/magazine365\/#organization"}}]},"og:locale":"es_ES","og:site_name":"El Digital de Asturias \u2013 Revista de ocio, turismo y estilo de vida","og:type":"article","og:title":"Minube aconsejar\u00e1 sobre c\u00f3mo lograr un turismo responsable y sostenible | El Digital de Asturias","og:description":"Minube, en colaboraci\u00f3n con Fitur y con Segittur, ha programado una serie de actividades dirigidas a los profesionales que visitar\u00e1n la Feria Internacional del Turismo en Madrid para aportar m\u00e1s conocimiento y formaci\u00f3n sobre c\u00f3mo crear una industria tur\u00edstica m\u00e1s responsable y sostenible, seg\u00fan informa la compa\u00f1\u00eda. As\u00ed, el s\u00e1bado 23 de enero la jornada","og:url":"https:\/\/eldigitaldeasturias.com\/magazine365\/minube-aconsejara-sobre-como-lograr-un-turismo-responsable-y-sostenible\/","og:image":"https:\/\/eldigitaldeasturias.com\/magazine365\/wp-content\/uploads\/2016\/01\/fotonoticia_20160122131256_800.jpg","og:image:secure_url":"https:\/\/eldigitaldeasturias.com\/magazine365\/wp-content\/uploads\/2016\/01\/fotonoticia_20160122131256_800.jpg","og:image:width":800,"og:image:height":340,"article:published_time":"2016-01-23T12:27:56+00:00","article:modified_time":"2016-01-23T12:27:56+00:00","twitter:card":"summary_large_image","twitter:title":"Minube aconsejar\u00e1 sobre c\u00f3mo lograr un turismo responsable y sostenible | El Digital de Asturias","twitter:description":"Minube, en colaboraci\u00f3n con Fitur y con Segittur, ha programado una serie de actividades dirigidas a los profesionales que visitar\u00e1n la Feria Internacional del Turismo en Madrid para aportar m\u00e1s conocimiento y formaci\u00f3n sobre c\u00f3mo crear una industria tur\u00edstica m\u00e1s responsable y sostenible, seg\u00fan informa la compa\u00f1\u00eda. As\u00ed, el s\u00e1bado 23 de enero la jornada","twitter:image":"https:\/\/eldigitaldeasturias.com\/magazine365\/wp-content\/uploads\/2016\/01\/fotonoticia_20160122131256_800.jpg"},"aioseo_meta_data":{"post_id":"61783","title":null,"description":null,"keywords":null,"keyphrases":null,"primary_term":null,"canonical_url":null,"og_title":null,"og_description":null,"og_object_type":"default","og_image_type":"default","og_image_url":null,"og_image_width":null,"og_image_height":null,"og_image_custom_url":null,"og_image_custom_fields":null,"og_video":null,"og_custom_url":null,"og_article_section":null,"og_article_tags":null,"twitter_use_og":false,"twitter_card":"default","twitter_image_type":"default","twitter_image_url":null,"twitter_image_custom_url":null,"twitter_image_custom_fields":null,"twitter_title":null,"twitter_description":null,"schema":{"blockGraphs":[],"customGraphs":[],"default":{"data":{"Article":[],"Course":[],"Dataset":[],"FAQPage":[],"Movie":[],"Person":[],"Product":[],"ProductReview":[],"Car":[],"Recipe":[],"Service":[],"SoftwareApplication":[],"WebPage":[]},"graphName":"","isEnabled":true},"graphs":[],"defaultGraph":"","defaultPostTypeGraph":""},"schema_type":null,"schema_type_options":null,"pillar_content":false,"robots_default":true,"robots_noindex":false,"robots_noarchive":false,"robots_nosnippet":false,"robots_nofollow":false,"robots_noimageindex":false,"robots_noodp":false,"robots_notranslate":false,"robots_max_snippet":null,"robots_max_videopreview":null,"robots_max_imagepreview":"large","priority":null,"frequency":null,"location":null,"local_seo":null,"seo_analyzer_scan_date":"2025-09-25 09:42:39","breadcrumb_settings":null,"limit_modified_date":false,"open_ai":null,"ai":null,"created":"2021-03-08 21:44:59","updated":"2025-09-25 09:42:39"},"aioseo_breadcrumb":"<div class=\"aioseo-breadcrumbs\"><span class=\"aioseo-breadcrumb\">\n\t<a href=\"https:\/\/eldigitaldeasturias.com\/magazine365\" title=\"Home\">Home<\/a>\n<\/span><span class=\"aioseo-breadcrumb-separator\">\u2013<\/span><span class=\"aioseo-breadcrumb\">\n\t<a href=\"https:\/\/eldigitaldeasturias.com\/magazine365\/category\/noticias-actualidad\/\" title=\"Noticias y Actualidad\">Noticias y Actualidad<\/a>\n<\/span><span class=\"aioseo-breadcrumb-separator\">\u2013<\/span><span class=\"aioseo-breadcrumb\">\n\t<a href=\"https:\/\/eldigitaldeasturias.com\/magazine365\/minube-aconsejara-sobre-como-lograr-un-turismo-responsable-y-sostenible\/\" title=\"Minube aconsejar\u00e1 sobre c\u00f3mo lograr un turismo responsable y sostenible\">Minube aconsejar\u00e1 sobre c\u00f3mo lograr un turismo responsable y sostenible<\/a>\n<\/span><\/div>","aioseo_breadcrumb_json":[{"label":"Home","link":"https:\/\/eldigitaldeasturias.com\/magazine365"},{"label":"Noticias y Actualidad","link":"https:\/\/eldigitaldeasturias.com\/magazine365\/category\/noticias-actualidad\/"},{"label":"Minube aconsejar\u00e1 sobre c\u00f3mo lograr un turismo responsable y sostenible","link":"https:\/\/eldigitaldeasturias.com\/magazine365\/minube-aconsejara-sobre-como-lograr-un-turismo-responsable-y-sostenible\/"}],"_links":{"self":[{"href":"https:\/\/eldigitaldeasturias.com\/magazine365\/wp-json\/wp\/v2\/posts\/61783","targetHints":{"allow":["GET"]}}],"collection":[{"href":"https:\/\/eldigitaldeasturias.com\/magazine365\/wp-json\/wp\/v2\/posts"}],"about":[{"href":"https:\/\/eldigitaldeasturias.com\/magazine365\/wp-json\/wp\/v2\/types\/post"}],"author":[{"embeddable":true,"href":"https:\/\/eldigitaldeasturias.com\/magazine365\/wp-json\/wp\/v2\/users\/1"}],"replies":[{"embeddable":true,"href":"https:\/\/eldigitaldeasturias.com\/magazine365\/wp-json\/wp\/v2\/comments?post=61783"}],"version-history":[{"count":0,"href":"https:\/\/eldigitaldeasturias.com\/magazine365\/wp-json\/wp\/v2\/posts\/61783\/revisions"}],"wp:featuredmedia":[{"embeddable":true,"href":"https:\/\/eldigitaldeasturias.com\/magazine365\/wp-json\/wp\/v2\/media\/61784"}],"wp:attachment":[{"href":"https:\/\/eldigitaldeasturias.com\/magazine365\/wp-json\/wp\/v2\/media?parent=61783"}],"wp:term":[{"taxonomy":"category","embeddable":true,"href":"https:\/\/eldigitaldeasturias.com\/magazine365\/wp-json\/wp\/v2\/categories?post=61783"},{"taxonomy":"post_tag","embeddable":true,"href":"https:\/\/eldigitaldeasturias.com\/magazine365\/wp-json\/wp\/v2\/tags?post=61783"}],"curies":[{"name":"wp","href":"https:\/\/api.w.org\/{rel}","templated":true}]}}