{"id":61768,"date":"2016-01-23T13:21:20","date_gmt":"2016-01-23T12:21:20","guid":{"rendered":"http:\/\/eldigitaldeasturias.com\/magazine365\/?p=61768"},"modified":"2016-01-23T13:21:20","modified_gmt":"2016-01-23T12:21:20","slug":"el-grupo-espanol-bluebay-culminara-en-febrero-su-fusion-con-le-royal","status":"publish","type":"post","link":"https:\/\/eldigitaldeasturias.com\/magazine365\/el-grupo-espanol-bluebay-culminara-en-febrero-su-fusion-con-le-royal\/","title":{"rendered":"El grupo espa\u00f1ol BlueBay culminar\u00e1 en febrero su fusi\u00f3n con Le Royal"},"content":{"rendered":"<p><img fetchpriority=\"high\" decoding=\"async\" class=\"alignleft size-medium wp-image-61769\" src=\"https:\/\/eldigitaldeasturias.com\/magazine365\/wp-content\/uploads\/2016\/01\/fotonoticia_20160122123622_800-360x240.jpg\" alt=\"fotonoticia_20160122123622_800\" width=\"360\" height=\"240\" srcset=\"https:\/\/eldigitaldeasturias.com\/magazine365\/wp-content\/uploads\/2016\/01\/fotonoticia_20160122123622_800-360x240.jpg 360w, https:\/\/eldigitaldeasturias.com\/magazine365\/wp-content\/uploads\/2016\/01\/fotonoticia_20160122123622_800-650x434.jpg 650w, https:\/\/eldigitaldeasturias.com\/magazine365\/wp-content\/uploads\/2016\/01\/fotonoticia_20160122123622_800-768x513.jpg 768w, https:\/\/eldigitaldeasturias.com\/magazine365\/wp-content\/uploads\/2016\/01\/fotonoticia_20160122123622_800-150x100.jpg 150w, https:\/\/eldigitaldeasturias.com\/magazine365\/wp-content\/uploads\/2016\/01\/fotonoticia_20160122123622_800-450x300.jpg 450w, https:\/\/eldigitaldeasturias.com\/magazine365\/wp-content\/uploads\/2016\/01\/fotonoticia_20160122123622_800-696x465.jpg 696w, https:\/\/eldigitaldeasturias.com\/magazine365\/wp-content\/uploads\/2016\/01\/fotonoticia_20160122123622_800-629x420.jpg 629w, https:\/\/eldigitaldeasturias.com\/magazine365\/wp-content\/uploads\/2016\/01\/fotonoticia_20160122123622_800-101x66.jpg 101w, https:\/\/eldigitaldeasturias.com\/magazine365\/wp-content\/uploads\/2016\/01\/fotonoticia_20160122123622_800.jpg 800w\" sizes=\"(max-width: 360px) 100vw, 360px\" \/>El grupo hotelero espa\u00f1ol BlueBay culminar\u00e1 en febrero su fusi\u00f3n con Le Royal Hotels &amp; Resorts, cadena de gran tradici\u00f3n e implantaci\u00f3n en Europa y Oriente Medio, una alianza con la que ambas empresas se unificar\u00e1n en un grupo con car\u00e1cter global, con \u00abm\u00e1s protagonismo y peso espec\u00edfico\u00bb en el actual escenario hotelero internacional.<\/p>\n<p>El nuevo grupo resultante, que contar\u00e1 con m\u00e1s de 60 hoteles y 50.000 camas incluyendo las nuevas aperturas previstas en su plan de expansi\u00f3n, tendr\u00e1 como director general a Ram\u00f3n Hern\u00e1ndez, inform\u00f3 BlueBay.<\/p>\n<p>La cadena, que no especifica en qu\u00e9 mercados abrir\u00e1 nuevos establecimientos, se\u00f1ala que los nuevos hoteles surgidos de esta uni\u00f3n se ubicar\u00e1n en los principales enclaves tur\u00edsticos, tanto vacacionales como urbanos, en tres continentes.<\/p>\n<p>Le Royal Hotels &amp; Resort, propiedad del empresario Sir Nadhmi Auchi, aporta en esta fusi\u00f3n una experiencia de m\u00e1s de 40 a\u00f1os de trabajo y \u00e9xitos en el sector, adem\u00e1s de m\u00faltiples hoteles situadas en las principales ciudades tur\u00edsticas de pa\u00edses como Marruecos, T\u00fanez, Jordania, L\u00edbano, Luxemburgo, Francia y Espa\u00f1a, donde destaca el Hotel Miguel \u00c1ngel, uno de los cinco estrellas con m\u00e1s solera de la capital.<\/p>\n<p>El Grupo BlueBay, propiedad del empresario espa\u00f1ol Jamal Satli Iglesias, consigue as\u00ed dar un salto al mercado internacional. \u00abAmbas empresas poseen valores similares y se complementan a la perfecci\u00f3n en el trabajo del d\u00eda a d\u00eda. Nuestras experiencias son muy altas y sabemos que caminando de la mano de Le Royal, muchas puertas y oportunidades se abrir\u00e1n en el horizonte de BlueBay en el medio y corto plazo\u00bb.<\/p>\n","protected":false},"excerpt":{"rendered":"<p>El grupo hotelero espa\u00f1ol BlueBay culminar\u00e1 en febrero su fusi\u00f3n con Le Royal Hotels &amp; Resorts, cadena de gran tradici\u00f3n e implantaci\u00f3n en Europa y Oriente Medio, una alianza con la que ambas empresas se unificar\u00e1n en un grupo con car\u00e1cter global, con \u00abm\u00e1s protagonismo y peso espec\u00edfico\u00bb en el actual escenario hotelero internacional. El<\/p>\n","protected":false},"author":1,"featured_media":61769,"comment_status":"open","ping_status":"closed","sticky":false,"template":"","format":"standard","meta":{"footnotes":""},"categories":[224],"tags":[],"class_list":{"0":"post-61768","1":"post","2":"type-post","3":"status-publish","4":"format-standard","5":"has-post-thumbnail","7":"category-noticias-actualidad"},"aioseo_notices":[],"aioseo_head":"\n\t\t<!-- All in One SEO Pro 4.9.6.1 - aioseo.com -->\n\t<meta name=\"description\" content=\"El grupo hotelero espa\u00f1ol BlueBay culminar\u00e1 en febrero su fusi\u00f3n con Le Royal Hotels &amp; Resorts, cadena de gran tradici\u00f3n e implantaci\u00f3n en Europa y Oriente Medio, una alianza con la que ambas empresas se unificar\u00e1n en un grupo con car\u00e1cter global, con &quot;m\u00e1s protagonismo y peso espec\u00edfico&quot; en el actual escenario hotelero internacional. El\" \/>\n\t<meta name=\"robots\" content=\"max-image-preview:large\" \/>\n\t<meta name=\"author\" content=\"admin\"\/>\n\t<meta name=\"google-site-verification\" content=\"UA-38556648-1\" \/>\n\t<meta name=\"keywords\" content=\"noticias y actualidad\" \/>\n\t<link rel=\"canonical\" href=\"https:\/\/eldigitaldeasturias.com\/magazine365\/el-grupo-espanol-bluebay-culminara-en-febrero-su-fusion-con-le-royal\/\" \/>\n\t<meta name=\"generator\" content=\"All in One SEO Pro (AIOSEO) 4.9.6.1\" \/>\n\t\t<meta property=\"og:locale\" content=\"es_ES\" \/>\n\t\t<meta property=\"og:site_name\" content=\"El Digital de Asturias \u2013 Revista de ocio, turismo y estilo de vida\" \/>\n\t\t<meta property=\"og:type\" content=\"article\" \/>\n\t\t<meta property=\"og:title\" content=\"El grupo espa\u00f1ol BlueBay culminar\u00e1 en febrero su fusi\u00f3n con Le Royal | El Digital de Asturias\" \/>\n\t\t<meta property=\"og:description\" content=\"El grupo hotelero espa\u00f1ol BlueBay culminar\u00e1 en febrero su fusi\u00f3n con Le Royal Hotels &amp; Resorts, cadena de gran tradici\u00f3n e implantaci\u00f3n en Europa y Oriente Medio, una alianza con la que ambas empresas se unificar\u00e1n en un grupo con car\u00e1cter global, con &quot;m\u00e1s protagonismo y peso espec\u00edfico&quot; en el actual escenario hotelero internacional. El\" \/>\n\t\t<meta property=\"og:url\" content=\"https:\/\/eldigitaldeasturias.com\/magazine365\/el-grupo-espanol-bluebay-culminara-en-febrero-su-fusion-con-le-royal\/\" \/>\n\t\t<meta property=\"og:image\" content=\"https:\/\/eldigitaldeasturias.com\/magazine365\/wp-content\/uploads\/2016\/01\/fotonoticia_20160122123622_800.jpg\" \/>\n\t\t<meta property=\"og:image:secure_url\" content=\"https:\/\/eldigitaldeasturias.com\/magazine365\/wp-content\/uploads\/2016\/01\/fotonoticia_20160122123622_800.jpg\" \/>\n\t\t<meta property=\"og:image:width\" content=\"800\" \/>\n\t\t<meta property=\"og:image:height\" content=\"534\" \/>\n\t\t<meta property=\"article:published_time\" content=\"2016-01-23T12:21:20+00:00\" \/>\n\t\t<meta property=\"article:modified_time\" content=\"2016-01-23T12:21:20+00:00\" \/>\n\t\t<meta name=\"twitter:card\" content=\"summary_large_image\" \/>\n\t\t<meta name=\"twitter:title\" content=\"El grupo espa\u00f1ol BlueBay culminar\u00e1 en febrero su fusi\u00f3n con Le Royal | El Digital de Asturias\" \/>\n\t\t<meta name=\"twitter:description\" content=\"El grupo hotelero espa\u00f1ol BlueBay culminar\u00e1 en febrero su fusi\u00f3n con Le Royal Hotels &amp; Resorts, cadena de gran tradici\u00f3n e implantaci\u00f3n en Europa y Oriente Medio, una alianza con la que ambas empresas se unificar\u00e1n en un grupo con car\u00e1cter global, con &quot;m\u00e1s protagonismo y peso espec\u00edfico&quot; en el actual escenario hotelero internacional. El\" \/>\n\t\t<meta name=\"twitter:image\" content=\"https:\/\/eldigitaldeasturias.com\/magazine365\/wp-content\/uploads\/2016\/01\/fotonoticia_20160122123622_800.jpg\" \/>\n\t\t<script type=\"application\/ld+json\" class=\"aioseo-schema\">\n\t\t\t{\"@context\":\"https:\\\/\\\/schema.org\",\"@graph\":[{\"@type\":\"Article\",\"@id\":\"https:\\\/\\\/eldigitaldeasturias.com\\\/magazine365\\\/el-grupo-espanol-bluebay-culminara-en-febrero-su-fusion-con-le-royal\\\/#article\",\"name\":\"El grupo espa\\u00f1ol BlueBay culminar\\u00e1 en febrero su fusi\\u00f3n con Le Royal | El Digital de Asturias\",\"headline\":\"El grupo espa\\u00f1ol BlueBay culminar\\u00e1 en febrero su fusi\\u00f3n con Le Royal\",\"author\":{\"@id\":\"https:\\\/\\\/eldigitaldeasturias.com\\\/magazine365\\\/author\\\/admin\\\/#author\"},\"publisher\":{\"@id\":\"https:\\\/\\\/eldigitaldeasturias.com\\\/magazine365\\\/#organization\"},\"image\":{\"@type\":\"ImageObject\",\"url\":\"https:\\\/\\\/eldigitaldeasturias.com\\\/magazine365\\\/wp-content\\\/uploads\\\/2016\\\/01\\\/fotonoticia_20160122123622_800.jpg\",\"width\":800,\"height\":534},\"datePublished\":\"2016-01-23T13:21:20+01:00\",\"dateModified\":\"2016-01-23T13:21:20+01:00\",\"inLanguage\":\"es-ES\",\"mainEntityOfPage\":{\"@id\":\"https:\\\/\\\/eldigitaldeasturias.com\\\/magazine365\\\/el-grupo-espanol-bluebay-culminara-en-febrero-su-fusion-con-le-royal\\\/#webpage\"},\"isPartOf\":{\"@id\":\"https:\\\/\\\/eldigitaldeasturias.com\\\/magazine365\\\/el-grupo-espanol-bluebay-culminara-en-febrero-su-fusion-con-le-royal\\\/#webpage\"},\"articleSection\":\"Noticias y Actualidad\"},{\"@type\":\"BreadcrumbList\",\"@id\":\"https:\\\/\\\/eldigitaldeasturias.com\\\/magazine365\\\/el-grupo-espanol-bluebay-culminara-en-febrero-su-fusion-con-le-royal\\\/#breadcrumblist\",\"itemListElement\":[{\"@type\":\"ListItem\",\"@id\":\"https:\\\/\\\/eldigitaldeasturias.com\\\/magazine365#listItem\",\"position\":1,\"name\":\"Home\",\"item\":\"https:\\\/\\\/eldigitaldeasturias.com\\\/magazine365\",\"nextItem\":{\"@type\":\"ListItem\",\"@id\":\"https:\\\/\\\/eldigitaldeasturias.com\\\/magazine365\\\/category\\\/noticias-actualidad\\\/#listItem\",\"name\":\"Noticias y Actualidad\"}},{\"@type\":\"ListItem\",\"@id\":\"https:\\\/\\\/eldigitaldeasturias.com\\\/magazine365\\\/category\\\/noticias-actualidad\\\/#listItem\",\"position\":2,\"name\":\"Noticias y Actualidad\",\"item\":\"https:\\\/\\\/eldigitaldeasturias.com\\\/magazine365\\\/category\\\/noticias-actualidad\\\/\",\"nextItem\":{\"@type\":\"ListItem\",\"@id\":\"https:\\\/\\\/eldigitaldeasturias.com\\\/magazine365\\\/el-grupo-espanol-bluebay-culminara-en-febrero-su-fusion-con-le-royal\\\/#listItem\",\"name\":\"El grupo espa\\u00f1ol BlueBay culminar\\u00e1 en febrero su fusi\\u00f3n con Le Royal\"},\"previousItem\":{\"@type\":\"ListItem\",\"@id\":\"https:\\\/\\\/eldigitaldeasturias.com\\\/magazine365#listItem\",\"name\":\"Home\"}},{\"@type\":\"ListItem\",\"@id\":\"https:\\\/\\\/eldigitaldeasturias.com\\\/magazine365\\\/el-grupo-espanol-bluebay-culminara-en-febrero-su-fusion-con-le-royal\\\/#listItem\",\"position\":3,\"name\":\"El grupo espa\\u00f1ol BlueBay culminar\\u00e1 en febrero su fusi\\u00f3n con Le Royal\",\"previousItem\":{\"@type\":\"ListItem\",\"@id\":\"https:\\\/\\\/eldigitaldeasturias.com\\\/magazine365\\\/category\\\/noticias-actualidad\\\/#listItem\",\"name\":\"Noticias y Actualidad\"}}]},{\"@type\":\"Organization\",\"@id\":\"https:\\\/\\\/eldigitaldeasturias.com\\\/magazine365\\\/#organization\",\"name\":\"El digital de Asturias\",\"description\":\"Revista de ocio, turismo y estilo de vida\",\"url\":\"https:\\\/\\\/eldigitaldeasturias.com\\\/magazine365\\\/\",\"logo\":{\"@type\":\"ImageObject\",\"url\":\"https:\\\/\\\/www.eldigitaldeasturias.com\\\/noticias\\\/wp-content\\\/uploads\\\/2020\\\/12\\\/EDA.jpg\",\"@id\":\"https:\\\/\\\/eldigitaldeasturias.com\\\/magazine365\\\/el-grupo-espanol-bluebay-culminara-en-febrero-su-fusion-con-le-royal\\\/#organizationLogo\"},\"image\":{\"@id\":\"https:\\\/\\\/eldigitaldeasturias.com\\\/magazine365\\\/el-grupo-espanol-bluebay-culminara-en-febrero-su-fusion-con-le-royal\\\/#organizationLogo\"}},{\"@type\":\"Person\",\"@id\":\"https:\\\/\\\/eldigitaldeasturias.com\\\/magazine365\\\/author\\\/admin\\\/#author\",\"url\":\"https:\\\/\\\/eldigitaldeasturias.com\\\/magazine365\\\/author\\\/admin\\\/\",\"name\":\"admin\",\"image\":{\"@type\":\"ImageObject\",\"@id\":\"https:\\\/\\\/eldigitaldeasturias.com\\\/magazine365\\\/el-grupo-espanol-bluebay-culminara-en-febrero-su-fusion-con-le-royal\\\/#authorImage\",\"url\":\"https:\\\/\\\/eldigitaldeasturias.com\\\/magazine365\\\/wp-content\\\/litespeed\\\/avatar\\\/e571bcf59a0edd6fa6838245a470f2fe.jpg?ver=1776969259\",\"width\":96,\"height\":96,\"caption\":\"admin\"}},{\"@type\":\"WebPage\",\"@id\":\"https:\\\/\\\/eldigitaldeasturias.com\\\/magazine365\\\/el-grupo-espanol-bluebay-culminara-en-febrero-su-fusion-con-le-royal\\\/#webpage\",\"url\":\"https:\\\/\\\/eldigitaldeasturias.com\\\/magazine365\\\/el-grupo-espanol-bluebay-culminara-en-febrero-su-fusion-con-le-royal\\\/\",\"name\":\"El grupo espa\\u00f1ol BlueBay culminar\\u00e1 en febrero su fusi\\u00f3n con Le Royal | El Digital de Asturias\",\"description\":\"El grupo hotelero espa\\u00f1ol BlueBay culminar\\u00e1 en febrero su fusi\\u00f3n con Le Royal Hotels & Resorts, cadena de gran tradici\\u00f3n e implantaci\\u00f3n en Europa y Oriente Medio, una alianza con la que ambas empresas se unificar\\u00e1n en un grupo con car\\u00e1cter global, con \\\"m\\u00e1s protagonismo y peso espec\\u00edfico\\\" en el actual escenario hotelero internacional. El\",\"inLanguage\":\"es-ES\",\"isPartOf\":{\"@id\":\"https:\\\/\\\/eldigitaldeasturias.com\\\/magazine365\\\/#website\"},\"breadcrumb\":{\"@id\":\"https:\\\/\\\/eldigitaldeasturias.com\\\/magazine365\\\/el-grupo-espanol-bluebay-culminara-en-febrero-su-fusion-con-le-royal\\\/#breadcrumblist\"},\"author\":{\"@id\":\"https:\\\/\\\/eldigitaldeasturias.com\\\/magazine365\\\/author\\\/admin\\\/#author\"},\"creator\":{\"@id\":\"https:\\\/\\\/eldigitaldeasturias.com\\\/magazine365\\\/author\\\/admin\\\/#author\"},\"image\":{\"@type\":\"ImageObject\",\"url\":\"https:\\\/\\\/eldigitaldeasturias.com\\\/magazine365\\\/wp-content\\\/uploads\\\/2016\\\/01\\\/fotonoticia_20160122123622_800.jpg\",\"@id\":\"https:\\\/\\\/eldigitaldeasturias.com\\\/magazine365\\\/el-grupo-espanol-bluebay-culminara-en-febrero-su-fusion-con-le-royal\\\/#mainImage\",\"width\":800,\"height\":534},\"primaryImageOfPage\":{\"@id\":\"https:\\\/\\\/eldigitaldeasturias.com\\\/magazine365\\\/el-grupo-espanol-bluebay-culminara-en-febrero-su-fusion-con-le-royal\\\/#mainImage\"},\"datePublished\":\"2016-01-23T13:21:20+01:00\",\"dateModified\":\"2016-01-23T13:21:20+01:00\"},{\"@type\":\"WebSite\",\"@id\":\"https:\\\/\\\/eldigitaldeasturias.com\\\/magazine365\\\/#website\",\"url\":\"https:\\\/\\\/eldigitaldeasturias.com\\\/magazine365\\\/\",\"name\":\"El Digital de Asturias\",\"description\":\"Revista de ocio, turismo y estilo de vida\",\"inLanguage\":\"es-ES\",\"publisher\":{\"@id\":\"https:\\\/\\\/eldigitaldeasturias.com\\\/magazine365\\\/#organization\"}}]}\n\t\t<\/script>\n\t\t<!-- All in One SEO Pro -->\r\n\t\t<title>El grupo espa\u00f1ol BlueBay culminar\u00e1 en febrero su fusi\u00f3n con Le Royal | El Digital de Asturias<\/title>\n\n","aioseo_head_json":{"title":"El grupo espa\u00f1ol BlueBay culminar\u00e1 en febrero su fusi\u00f3n con Le Royal | El Digital de Asturias","description":"El grupo hotelero espa\u00f1ol BlueBay culminar\u00e1 en febrero su fusi\u00f3n con Le Royal Hotels & Resorts, cadena de gran tradici\u00f3n e implantaci\u00f3n en Europa y Oriente Medio, una alianza con la que ambas empresas se unificar\u00e1n en un grupo con car\u00e1cter global, con \"m\u00e1s protagonismo y peso espec\u00edfico\" en el actual escenario hotelero internacional. El","canonical_url":"https:\/\/eldigitaldeasturias.com\/magazine365\/el-grupo-espanol-bluebay-culminara-en-febrero-su-fusion-con-le-royal\/","robots":"max-image-preview:large","keywords":"noticias y actualidad","webmasterTools":{"google-site-verification":"UA-38556648-1","miscellaneous":""},"schema":{"@context":"https:\/\/schema.org","@graph":[{"@type":"Article","@id":"https:\/\/eldigitaldeasturias.com\/magazine365\/el-grupo-espanol-bluebay-culminara-en-febrero-su-fusion-con-le-royal\/#article","name":"El grupo espa\u00f1ol BlueBay culminar\u00e1 en febrero su fusi\u00f3n con Le Royal | El Digital de Asturias","headline":"El grupo espa\u00f1ol BlueBay culminar\u00e1 en febrero su fusi\u00f3n con Le Royal","author":{"@id":"https:\/\/eldigitaldeasturias.com\/magazine365\/author\/admin\/#author"},"publisher":{"@id":"https:\/\/eldigitaldeasturias.com\/magazine365\/#organization"},"image":{"@type":"ImageObject","url":"https:\/\/eldigitaldeasturias.com\/magazine365\/wp-content\/uploads\/2016\/01\/fotonoticia_20160122123622_800.jpg","width":800,"height":534},"datePublished":"2016-01-23T13:21:20+01:00","dateModified":"2016-01-23T13:21:20+01:00","inLanguage":"es-ES","mainEntityOfPage":{"@id":"https:\/\/eldigitaldeasturias.com\/magazine365\/el-grupo-espanol-bluebay-culminara-en-febrero-su-fusion-con-le-royal\/#webpage"},"isPartOf":{"@id":"https:\/\/eldigitaldeasturias.com\/magazine365\/el-grupo-espanol-bluebay-culminara-en-febrero-su-fusion-con-le-royal\/#webpage"},"articleSection":"Noticias y Actualidad"},{"@type":"BreadcrumbList","@id":"https:\/\/eldigitaldeasturias.com\/magazine365\/el-grupo-espanol-bluebay-culminara-en-febrero-su-fusion-con-le-royal\/#breadcrumblist","itemListElement":[{"@type":"ListItem","@id":"https:\/\/eldigitaldeasturias.com\/magazine365#listItem","position":1,"name":"Home","item":"https:\/\/eldigitaldeasturias.com\/magazine365","nextItem":{"@type":"ListItem","@id":"https:\/\/eldigitaldeasturias.com\/magazine365\/category\/noticias-actualidad\/#listItem","name":"Noticias y Actualidad"}},{"@type":"ListItem","@id":"https:\/\/eldigitaldeasturias.com\/magazine365\/category\/noticias-actualidad\/#listItem","position":2,"name":"Noticias y Actualidad","item":"https:\/\/eldigitaldeasturias.com\/magazine365\/category\/noticias-actualidad\/","nextItem":{"@type":"ListItem","@id":"https:\/\/eldigitaldeasturias.com\/magazine365\/el-grupo-espanol-bluebay-culminara-en-febrero-su-fusion-con-le-royal\/#listItem","name":"El grupo espa\u00f1ol BlueBay culminar\u00e1 en febrero su fusi\u00f3n con Le Royal"},"previousItem":{"@type":"ListItem","@id":"https:\/\/eldigitaldeasturias.com\/magazine365#listItem","name":"Home"}},{"@type":"ListItem","@id":"https:\/\/eldigitaldeasturias.com\/magazine365\/el-grupo-espanol-bluebay-culminara-en-febrero-su-fusion-con-le-royal\/#listItem","position":3,"name":"El grupo espa\u00f1ol BlueBay culminar\u00e1 en febrero su fusi\u00f3n con Le Royal","previousItem":{"@type":"ListItem","@id":"https:\/\/eldigitaldeasturias.com\/magazine365\/category\/noticias-actualidad\/#listItem","name":"Noticias y Actualidad"}}]},{"@type":"Organization","@id":"https:\/\/eldigitaldeasturias.com\/magazine365\/#organization","name":"El digital de Asturias","description":"Revista de ocio, turismo y estilo de vida","url":"https:\/\/eldigitaldeasturias.com\/magazine365\/","logo":{"@type":"ImageObject","url":"https:\/\/www.eldigitaldeasturias.com\/noticias\/wp-content\/uploads\/2020\/12\/EDA.jpg","@id":"https:\/\/eldigitaldeasturias.com\/magazine365\/el-grupo-espanol-bluebay-culminara-en-febrero-su-fusion-con-le-royal\/#organizationLogo"},"image":{"@id":"https:\/\/eldigitaldeasturias.com\/magazine365\/el-grupo-espanol-bluebay-culminara-en-febrero-su-fusion-con-le-royal\/#organizationLogo"}},{"@type":"Person","@id":"https:\/\/eldigitaldeasturias.com\/magazine365\/author\/admin\/#author","url":"https:\/\/eldigitaldeasturias.com\/magazine365\/author\/admin\/","name":"admin","image":{"@type":"ImageObject","@id":"https:\/\/eldigitaldeasturias.com\/magazine365\/el-grupo-espanol-bluebay-culminara-en-febrero-su-fusion-con-le-royal\/#authorImage","url":"https:\/\/eldigitaldeasturias.com\/magazine365\/wp-content\/litespeed\/avatar\/e571bcf59a0edd6fa6838245a470f2fe.jpg?ver=1776969259","width":96,"height":96,"caption":"admin"}},{"@type":"WebPage","@id":"https:\/\/eldigitaldeasturias.com\/magazine365\/el-grupo-espanol-bluebay-culminara-en-febrero-su-fusion-con-le-royal\/#webpage","url":"https:\/\/eldigitaldeasturias.com\/magazine365\/el-grupo-espanol-bluebay-culminara-en-febrero-su-fusion-con-le-royal\/","name":"El grupo espa\u00f1ol BlueBay culminar\u00e1 en febrero su fusi\u00f3n con Le Royal | El Digital de Asturias","description":"El grupo hotelero espa\u00f1ol BlueBay culminar\u00e1 en febrero su fusi\u00f3n con Le Royal Hotels & Resorts, cadena de gran tradici\u00f3n e implantaci\u00f3n en Europa y Oriente Medio, una alianza con la que ambas empresas se unificar\u00e1n en un grupo con car\u00e1cter global, con \"m\u00e1s protagonismo y peso espec\u00edfico\" en el actual escenario hotelero internacional. El","inLanguage":"es-ES","isPartOf":{"@id":"https:\/\/eldigitaldeasturias.com\/magazine365\/#website"},"breadcrumb":{"@id":"https:\/\/eldigitaldeasturias.com\/magazine365\/el-grupo-espanol-bluebay-culminara-en-febrero-su-fusion-con-le-royal\/#breadcrumblist"},"author":{"@id":"https:\/\/eldigitaldeasturias.com\/magazine365\/author\/admin\/#author"},"creator":{"@id":"https:\/\/eldigitaldeasturias.com\/magazine365\/author\/admin\/#author"},"image":{"@type":"ImageObject","url":"https:\/\/eldigitaldeasturias.com\/magazine365\/wp-content\/uploads\/2016\/01\/fotonoticia_20160122123622_800.jpg","@id":"https:\/\/eldigitaldeasturias.com\/magazine365\/el-grupo-espanol-bluebay-culminara-en-febrero-su-fusion-con-le-royal\/#mainImage","width":800,"height":534},"primaryImageOfPage":{"@id":"https:\/\/eldigitaldeasturias.com\/magazine365\/el-grupo-espanol-bluebay-culminara-en-febrero-su-fusion-con-le-royal\/#mainImage"},"datePublished":"2016-01-23T13:21:20+01:00","dateModified":"2016-01-23T13:21:20+01:00"},{"@type":"WebSite","@id":"https:\/\/eldigitaldeasturias.com\/magazine365\/#website","url":"https:\/\/eldigitaldeasturias.com\/magazine365\/","name":"El Digital de Asturias","description":"Revista de ocio, turismo y estilo de vida","inLanguage":"es-ES","publisher":{"@id":"https:\/\/eldigitaldeasturias.com\/magazine365\/#organization"}}]},"og:locale":"es_ES","og:site_name":"El Digital de Asturias \u2013 Revista de ocio, turismo y estilo de vida","og:type":"article","og:title":"El grupo espa\u00f1ol BlueBay culminar\u00e1 en febrero su fusi\u00f3n con Le Royal | El Digital de Asturias","og:description":"El grupo hotelero espa\u00f1ol BlueBay culminar\u00e1 en febrero su fusi\u00f3n con Le Royal Hotels &amp; Resorts, cadena de gran tradici\u00f3n e implantaci\u00f3n en Europa y Oriente Medio, una alianza con la que ambas empresas se unificar\u00e1n en un grupo con car\u00e1cter global, con &quot;m\u00e1s protagonismo y peso espec\u00edfico&quot; en el actual escenario hotelero internacional. El","og:url":"https:\/\/eldigitaldeasturias.com\/magazine365\/el-grupo-espanol-bluebay-culminara-en-febrero-su-fusion-con-le-royal\/","og:image":"https:\/\/eldigitaldeasturias.com\/magazine365\/wp-content\/uploads\/2016\/01\/fotonoticia_20160122123622_800.jpg","og:image:secure_url":"https:\/\/eldigitaldeasturias.com\/magazine365\/wp-content\/uploads\/2016\/01\/fotonoticia_20160122123622_800.jpg","og:image:width":800,"og:image:height":534,"article:published_time":"2016-01-23T12:21:20+00:00","article:modified_time":"2016-01-23T12:21:20+00:00","twitter:card":"summary_large_image","twitter:title":"El grupo espa\u00f1ol BlueBay culminar\u00e1 en febrero su fusi\u00f3n con Le Royal | El Digital de Asturias","twitter:description":"El grupo hotelero espa\u00f1ol BlueBay culminar\u00e1 en febrero su fusi\u00f3n con Le Royal Hotels &amp; Resorts, cadena de gran tradici\u00f3n e implantaci\u00f3n en Europa y Oriente Medio, una alianza con la que ambas empresas se unificar\u00e1n en un grupo con car\u00e1cter global, con &quot;m\u00e1s protagonismo y peso espec\u00edfico&quot; en el actual escenario hotelero internacional. El","twitter:image":"https:\/\/eldigitaldeasturias.com\/magazine365\/wp-content\/uploads\/2016\/01\/fotonoticia_20160122123622_800.jpg"},"aioseo_meta_data":{"post_id":"61768","title":null,"description":null,"keywords":null,"keyphrases":null,"primary_term":null,"canonical_url":null,"og_title":null,"og_description":null,"og_object_type":"default","og_image_type":"default","og_image_url":null,"og_image_width":null,"og_image_height":null,"og_image_custom_url":null,"og_image_custom_fields":null,"og_video":null,"og_custom_url":null,"og_article_section":null,"og_article_tags":null,"twitter_use_og":false,"twitter_card":"default","twitter_image_type":"default","twitter_image_url":null,"twitter_image_custom_url":null,"twitter_image_custom_fields":null,"twitter_title":null,"twitter_description":null,"schema":{"blockGraphs":[],"customGraphs":[],"default":{"data":{"Article":[],"Course":[],"Dataset":[],"FAQPage":[],"Movie":[],"Person":[],"Product":[],"ProductReview":[],"Car":[],"Recipe":[],"Service":[],"SoftwareApplication":[],"WebPage":[]},"graphName":"","isEnabled":true},"graphs":[],"defaultGraph":"","defaultPostTypeGraph":""},"schema_type":null,"schema_type_options":null,"pillar_content":false,"robots_default":true,"robots_noindex":false,"robots_noarchive":false,"robots_nosnippet":false,"robots_nofollow":false,"robots_noimageindex":false,"robots_noodp":false,"robots_notranslate":false,"robots_max_snippet":null,"robots_max_videopreview":null,"robots_max_imagepreview":"large","priority":null,"frequency":null,"location":null,"local_seo":null,"seo_analyzer_scan_date":"2025-09-25 09:40:36","breadcrumb_settings":null,"limit_modified_date":false,"open_ai":null,"ai":null,"created":"2021-03-08 21:45:45","updated":"2025-09-25 09:40:36"},"aioseo_breadcrumb":"<div class=\"aioseo-breadcrumbs\"><span class=\"aioseo-breadcrumb\">\n\t<a href=\"https:\/\/eldigitaldeasturias.com\/magazine365\" title=\"Home\">Home<\/a>\n<\/span><span class=\"aioseo-breadcrumb-separator\">\u2013<\/span><span class=\"aioseo-breadcrumb\">\n\t<a href=\"https:\/\/eldigitaldeasturias.com\/magazine365\/category\/noticias-actualidad\/\" title=\"Noticias y Actualidad\">Noticias y Actualidad<\/a>\n<\/span><span class=\"aioseo-breadcrumb-separator\">\u2013<\/span><span class=\"aioseo-breadcrumb\">\n\t<a href=\"https:\/\/eldigitaldeasturias.com\/magazine365\/el-grupo-espanol-bluebay-culminara-en-febrero-su-fusion-con-le-royal\/\" title=\"El grupo espa\u00f1ol BlueBay culminar\u00e1 en febrero su fusi\u00f3n con Le Royal\">El grupo espa\u00f1ol BlueBay culminar\u00e1 en febrero su fusi\u00f3n con Le Royal<\/a>\n<\/span><\/div>","aioseo_breadcrumb_json":[{"label":"Home","link":"https:\/\/eldigitaldeasturias.com\/magazine365"},{"label":"Noticias y Actualidad","link":"https:\/\/eldigitaldeasturias.com\/magazine365\/category\/noticias-actualidad\/"},{"label":"El grupo espa\u00f1ol BlueBay culminar\u00e1 en febrero su fusi\u00f3n con Le Royal","link":"https:\/\/eldigitaldeasturias.com\/magazine365\/el-grupo-espanol-bluebay-culminara-en-febrero-su-fusion-con-le-royal\/"}],"_links":{"self":[{"href":"https:\/\/eldigitaldeasturias.com\/magazine365\/wp-json\/wp\/v2\/posts\/61768","targetHints":{"allow":["GET"]}}],"collection":[{"href":"https:\/\/eldigitaldeasturias.com\/magazine365\/wp-json\/wp\/v2\/posts"}],"about":[{"href":"https:\/\/eldigitaldeasturias.com\/magazine365\/wp-json\/wp\/v2\/types\/post"}],"author":[{"embeddable":true,"href":"https:\/\/eldigitaldeasturias.com\/magazine365\/wp-json\/wp\/v2\/users\/1"}],"replies":[{"embeddable":true,"href":"https:\/\/eldigitaldeasturias.com\/magazine365\/wp-json\/wp\/v2\/comments?post=61768"}],"version-history":[{"count":0,"href":"https:\/\/eldigitaldeasturias.com\/magazine365\/wp-json\/wp\/v2\/posts\/61768\/revisions"}],"wp:featuredmedia":[{"embeddable":true,"href":"https:\/\/eldigitaldeasturias.com\/magazine365\/wp-json\/wp\/v2\/media\/61769"}],"wp:attachment":[{"href":"https:\/\/eldigitaldeasturias.com\/magazine365\/wp-json\/wp\/v2\/media?parent=61768"}],"wp:term":[{"taxonomy":"category","embeddable":true,"href":"https:\/\/eldigitaldeasturias.com\/magazine365\/wp-json\/wp\/v2\/categories?post=61768"},{"taxonomy":"post_tag","embeddable":true,"href":"https:\/\/eldigitaldeasturias.com\/magazine365\/wp-json\/wp\/v2\/tags?post=61768"}],"curies":[{"name":"wp","href":"https:\/\/api.w.org\/{rel}","templated":true}]}}