{"id":61765,"date":"2016-01-23T13:20:27","date_gmt":"2016-01-23T12:20:27","guid":{"rendered":"http:\/\/eldigitaldeasturias.com\/magazine365\/?p=61765"},"modified":"2016-01-23T13:20:27","modified_gmt":"2016-01-23T12:20:27","slug":"europcar-lanza-en-fitur-su-servicio-de-movilidad-exclusiva-selection","status":"publish","type":"post","link":"https:\/\/eldigitaldeasturias.com\/magazine365\/europcar-lanza-en-fitur-su-servicio-de-movilidad-exclusiva-selection\/","title":{"rendered":"Europcar lanza en Fitur su servicio de movilidad exclusiva Selection"},"content":{"rendered":"<p><img fetchpriority=\"high\" decoding=\"async\" class=\"alignleft size-medium wp-image-61766\" src=\"https:\/\/eldigitaldeasturias.com\/magazine365\/wp-content\/uploads\/2016\/01\/fotonoticia_20160122122649_800-222x300.jpg\" alt=\"fotonoticia_20160122122649_800\" width=\"222\" height=\"300\" srcset=\"https:\/\/eldigitaldeasturias.com\/magazine365\/wp-content\/uploads\/2016\/01\/fotonoticia_20160122122649_800-222x300.jpg 222w, https:\/\/eldigitaldeasturias.com\/magazine365\/wp-content\/uploads\/2016\/01\/fotonoticia_20160122122649_800-474x640.jpg 474w, https:\/\/eldigitaldeasturias.com\/magazine365\/wp-content\/uploads\/2016\/01\/fotonoticia_20160122122649_800-768x1038.jpg 768w, https:\/\/eldigitaldeasturias.com\/magazine365\/wp-content\/uploads\/2016\/01\/fotonoticia_20160122122649_800-150x203.jpg 150w, https:\/\/eldigitaldeasturias.com\/magazine365\/wp-content\/uploads\/2016\/01\/fotonoticia_20160122122649_800-450x608.jpg 450w, https:\/\/eldigitaldeasturias.com\/magazine365\/wp-content\/uploads\/2016\/01\/fotonoticia_20160122122649_800-696x940.jpg 696w, https:\/\/eldigitaldeasturias.com\/magazine365\/wp-content\/uploads\/2016\/01\/fotonoticia_20160122122649_800-311x420.jpg 311w, https:\/\/eldigitaldeasturias.com\/magazine365\/wp-content\/uploads\/2016\/01\/fotonoticia_20160122122649_800.jpg 800w\" sizes=\"(max-width: 222px) 100vw, 222px\" \/>La empresa de alquiler de veh\u00edculos Europcar ha participado en la edici\u00f3n de 2016 de la Feria Internacional de Turismo de Madrid (Fitur), en la que ha presentado su servicio de movilidad premium Selection, seg\u00fan inform\u00f3 la empresa en un comunicado.<\/p>\n<p>La compa\u00f1\u00eda explic\u00f3 que este programa ofrece \u00abuna oportunidad \u00fanica\u00bb a los clientes que buscan un veh\u00edculo especial en las categor\u00edas Luxury y Fun y resalt\u00f3 que Selection ha sido creado para satisfacer a los consumidores m\u00e1s exigentes.<\/p>\n<p>Este servicio garantiza a sus usuarios que encontrar\u00e1n en la oficina de alquiler el modelo que han reservado y tambi\u00e9n cuenta con un servicio telef\u00f3nico gratuito y con una red de oficinas espec\u00edficas, situadas en aeropuertos y estaciones de tren de seis pa\u00edses europeos (Espa\u00f1a, B\u00e9lgica, Francia, Alemania, Italia y Reino Unido).<\/p>\n<p>Igualmente, Europcar Selection tendr\u00e1 una plataforma online con acceso desde la p\u00e1gina web de cada pa\u00eds y que estar\u00e1 operativa desde el primer trimestre del a\u00f1o. En ella habr\u00e1 informaci\u00f3n detallada sobre los veh\u00edculos disponibles y un buscador de modelos, fabricantes y oficinas.<\/p>\n<p>El consejero delegado de Europcar, Philippe Germond, afirm\u00f3 que en su empresa est\u00e1n \u00abencantados\u00bb de lanzar Selection para proporcionar servicios personalizados y una enriquecedora experiencia al usuario.<\/p>\n<p>Por otro lado, la compa\u00f1\u00eda ha aprovechado su participaci\u00f3n en Fitur para incorporar a su flota el modelo Audi A4, que pasar\u00e1 a formar parte de la categor\u00eda Fun. Este autom\u00f3vil ya est\u00e1 disponible para su alquiler.<\/p>\n","protected":false},"excerpt":{"rendered":"<p>La empresa de alquiler de veh\u00edculos Europcar ha participado en la edici\u00f3n de 2016 de la Feria Internacional de Turismo de Madrid (Fitur), en la que ha presentado su servicio de movilidad premium Selection, seg\u00fan inform\u00f3 la empresa en un comunicado. La compa\u00f1\u00eda explic\u00f3 que este programa ofrece \u00abuna oportunidad \u00fanica\u00bb a los clientes que<\/p>\n","protected":false},"author":1,"featured_media":61766,"comment_status":"open","ping_status":"closed","sticky":false,"template":"","format":"standard","meta":{"footnotes":""},"categories":[224],"tags":[],"class_list":{"0":"post-61765","1":"post","2":"type-post","3":"status-publish","4":"format-standard","5":"has-post-thumbnail","7":"category-noticias-actualidad"},"aioseo_notices":[],"aioseo_head":"\n\t\t<!-- All in One SEO Pro 4.9.6.1 - aioseo.com -->\n\t<meta name=\"description\" content=\"La empresa de alquiler de veh\u00edculos Europcar ha participado en la edici\u00f3n de 2016 de la Feria Internacional de Turismo de Madrid (Fitur), en la que ha presentado su servicio de movilidad premium Selection, seg\u00fan inform\u00f3 la empresa en un comunicado. La compa\u00f1\u00eda explic\u00f3 que este programa ofrece &quot;una oportunidad \u00fanica&quot; a los clientes que\" \/>\n\t<meta name=\"robots\" content=\"max-image-preview:large\" \/>\n\t<meta name=\"author\" content=\"admin\"\/>\n\t<meta name=\"google-site-verification\" content=\"UA-38556648-1\" \/>\n\t<meta name=\"keywords\" content=\"noticias y actualidad\" \/>\n\t<link rel=\"canonical\" href=\"https:\/\/eldigitaldeasturias.com\/magazine365\/europcar-lanza-en-fitur-su-servicio-de-movilidad-exclusiva-selection\/\" \/>\n\t<meta name=\"generator\" content=\"All in One SEO Pro (AIOSEO) 4.9.6.1\" \/>\n\t\t<meta property=\"og:locale\" content=\"es_ES\" \/>\n\t\t<meta property=\"og:site_name\" content=\"El Digital de Asturias \u2013 Revista de ocio, turismo y estilo de vida\" \/>\n\t\t<meta property=\"og:type\" content=\"article\" \/>\n\t\t<meta property=\"og:title\" content=\"Europcar lanza en Fitur su servicio de movilidad exclusiva Selection | El Digital de Asturias\" \/>\n\t\t<meta property=\"og:description\" content=\"La empresa de alquiler de veh\u00edculos Europcar ha participado en la edici\u00f3n de 2016 de la Feria Internacional de Turismo de Madrid (Fitur), en la que ha presentado su servicio de movilidad premium Selection, seg\u00fan inform\u00f3 la empresa en un comunicado. La compa\u00f1\u00eda explic\u00f3 que este programa ofrece &quot;una oportunidad \u00fanica&quot; a los clientes que\" \/>\n\t\t<meta property=\"og:url\" content=\"https:\/\/eldigitaldeasturias.com\/magazine365\/europcar-lanza-en-fitur-su-servicio-de-movilidad-exclusiva-selection\/\" \/>\n\t\t<meta property=\"og:image\" content=\"https:\/\/eldigitaldeasturias.com\/magazine365\/wp-content\/uploads\/2016\/01\/fotonoticia_20160122122649_800.jpg\" \/>\n\t\t<meta property=\"og:image:secure_url\" content=\"https:\/\/eldigitaldeasturias.com\/magazine365\/wp-content\/uploads\/2016\/01\/fotonoticia_20160122122649_800.jpg\" \/>\n\t\t<meta property=\"og:image:width\" content=\"800\" \/>\n\t\t<meta property=\"og:image:height\" content=\"1081\" \/>\n\t\t<meta property=\"article:published_time\" content=\"2016-01-23T12:20:27+00:00\" \/>\n\t\t<meta property=\"article:modified_time\" content=\"2016-01-23T12:20:27+00:00\" \/>\n\t\t<meta name=\"twitter:card\" content=\"summary_large_image\" \/>\n\t\t<meta name=\"twitter:title\" content=\"Europcar lanza en Fitur su servicio de movilidad exclusiva Selection | El Digital de Asturias\" \/>\n\t\t<meta name=\"twitter:description\" content=\"La empresa de alquiler de veh\u00edculos Europcar ha participado en la edici\u00f3n de 2016 de la Feria Internacional de Turismo de Madrid (Fitur), en la que ha presentado su servicio de movilidad premium Selection, seg\u00fan inform\u00f3 la empresa en un comunicado. La compa\u00f1\u00eda explic\u00f3 que este programa ofrece &quot;una oportunidad \u00fanica&quot; a los clientes que\" \/>\n\t\t<meta name=\"twitter:image\" content=\"https:\/\/eldigitaldeasturias.com\/magazine365\/wp-content\/uploads\/2016\/01\/fotonoticia_20160122122649_800.jpg\" \/>\n\t\t<script type=\"application\/ld+json\" class=\"aioseo-schema\">\n\t\t\t{\"@context\":\"https:\\\/\\\/schema.org\",\"@graph\":[{\"@type\":\"Article\",\"@id\":\"https:\\\/\\\/eldigitaldeasturias.com\\\/magazine365\\\/europcar-lanza-en-fitur-su-servicio-de-movilidad-exclusiva-selection\\\/#article\",\"name\":\"Europcar lanza en Fitur su servicio de movilidad exclusiva Selection | El Digital de Asturias\",\"headline\":\"Europcar lanza en Fitur su servicio de movilidad exclusiva Selection\",\"author\":{\"@id\":\"https:\\\/\\\/eldigitaldeasturias.com\\\/magazine365\\\/author\\\/admin\\\/#author\"},\"publisher\":{\"@id\":\"https:\\\/\\\/eldigitaldeasturias.com\\\/magazine365\\\/#organization\"},\"image\":{\"@type\":\"ImageObject\",\"url\":\"https:\\\/\\\/eldigitaldeasturias.com\\\/magazine365\\\/wp-content\\\/uploads\\\/2016\\\/01\\\/fotonoticia_20160122122649_800.jpg\",\"width\":800,\"height\":1081},\"datePublished\":\"2016-01-23T13:20:27+01:00\",\"dateModified\":\"2016-01-23T13:20:27+01:00\",\"inLanguage\":\"es-ES\",\"mainEntityOfPage\":{\"@id\":\"https:\\\/\\\/eldigitaldeasturias.com\\\/magazine365\\\/europcar-lanza-en-fitur-su-servicio-de-movilidad-exclusiva-selection\\\/#webpage\"},\"isPartOf\":{\"@id\":\"https:\\\/\\\/eldigitaldeasturias.com\\\/magazine365\\\/europcar-lanza-en-fitur-su-servicio-de-movilidad-exclusiva-selection\\\/#webpage\"},\"articleSection\":\"Noticias y Actualidad\"},{\"@type\":\"BreadcrumbList\",\"@id\":\"https:\\\/\\\/eldigitaldeasturias.com\\\/magazine365\\\/europcar-lanza-en-fitur-su-servicio-de-movilidad-exclusiva-selection\\\/#breadcrumblist\",\"itemListElement\":[{\"@type\":\"ListItem\",\"@id\":\"https:\\\/\\\/eldigitaldeasturias.com\\\/magazine365#listItem\",\"position\":1,\"name\":\"Home\",\"item\":\"https:\\\/\\\/eldigitaldeasturias.com\\\/magazine365\",\"nextItem\":{\"@type\":\"ListItem\",\"@id\":\"https:\\\/\\\/eldigitaldeasturias.com\\\/magazine365\\\/category\\\/noticias-actualidad\\\/#listItem\",\"name\":\"Noticias y Actualidad\"}},{\"@type\":\"ListItem\",\"@id\":\"https:\\\/\\\/eldigitaldeasturias.com\\\/magazine365\\\/category\\\/noticias-actualidad\\\/#listItem\",\"position\":2,\"name\":\"Noticias y Actualidad\",\"item\":\"https:\\\/\\\/eldigitaldeasturias.com\\\/magazine365\\\/category\\\/noticias-actualidad\\\/\",\"nextItem\":{\"@type\":\"ListItem\",\"@id\":\"https:\\\/\\\/eldigitaldeasturias.com\\\/magazine365\\\/europcar-lanza-en-fitur-su-servicio-de-movilidad-exclusiva-selection\\\/#listItem\",\"name\":\"Europcar lanza en Fitur su servicio de movilidad exclusiva Selection\"},\"previousItem\":{\"@type\":\"ListItem\",\"@id\":\"https:\\\/\\\/eldigitaldeasturias.com\\\/magazine365#listItem\",\"name\":\"Home\"}},{\"@type\":\"ListItem\",\"@id\":\"https:\\\/\\\/eldigitaldeasturias.com\\\/magazine365\\\/europcar-lanza-en-fitur-su-servicio-de-movilidad-exclusiva-selection\\\/#listItem\",\"position\":3,\"name\":\"Europcar lanza en Fitur su servicio de movilidad exclusiva Selection\",\"previousItem\":{\"@type\":\"ListItem\",\"@id\":\"https:\\\/\\\/eldigitaldeasturias.com\\\/magazine365\\\/category\\\/noticias-actualidad\\\/#listItem\",\"name\":\"Noticias y Actualidad\"}}]},{\"@type\":\"Organization\",\"@id\":\"https:\\\/\\\/eldigitaldeasturias.com\\\/magazine365\\\/#organization\",\"name\":\"El digital de Asturias\",\"description\":\"Revista de ocio, turismo y estilo de vida\",\"url\":\"https:\\\/\\\/eldigitaldeasturias.com\\\/magazine365\\\/\",\"logo\":{\"@type\":\"ImageObject\",\"url\":\"https:\\\/\\\/www.eldigitaldeasturias.com\\\/noticias\\\/wp-content\\\/uploads\\\/2020\\\/12\\\/EDA.jpg\",\"@id\":\"https:\\\/\\\/eldigitaldeasturias.com\\\/magazine365\\\/europcar-lanza-en-fitur-su-servicio-de-movilidad-exclusiva-selection\\\/#organizationLogo\"},\"image\":{\"@id\":\"https:\\\/\\\/eldigitaldeasturias.com\\\/magazine365\\\/europcar-lanza-en-fitur-su-servicio-de-movilidad-exclusiva-selection\\\/#organizationLogo\"}},{\"@type\":\"Person\",\"@id\":\"https:\\\/\\\/eldigitaldeasturias.com\\\/magazine365\\\/author\\\/admin\\\/#author\",\"url\":\"https:\\\/\\\/eldigitaldeasturias.com\\\/magazine365\\\/author\\\/admin\\\/\",\"name\":\"admin\",\"image\":{\"@type\":\"ImageObject\",\"@id\":\"https:\\\/\\\/eldigitaldeasturias.com\\\/magazine365\\\/europcar-lanza-en-fitur-su-servicio-de-movilidad-exclusiva-selection\\\/#authorImage\",\"url\":\"https:\\\/\\\/eldigitaldeasturias.com\\\/magazine365\\\/wp-content\\\/litespeed\\\/avatar\\\/e571bcf59a0edd6fa6838245a470f2fe.jpg?ver=1776969259\",\"width\":96,\"height\":96,\"caption\":\"admin\"}},{\"@type\":\"WebPage\",\"@id\":\"https:\\\/\\\/eldigitaldeasturias.com\\\/magazine365\\\/europcar-lanza-en-fitur-su-servicio-de-movilidad-exclusiva-selection\\\/#webpage\",\"url\":\"https:\\\/\\\/eldigitaldeasturias.com\\\/magazine365\\\/europcar-lanza-en-fitur-su-servicio-de-movilidad-exclusiva-selection\\\/\",\"name\":\"Europcar lanza en Fitur su servicio de movilidad exclusiva Selection | El Digital de Asturias\",\"description\":\"La empresa de alquiler de veh\\u00edculos Europcar ha participado en la edici\\u00f3n de 2016 de la Feria Internacional de Turismo de Madrid (Fitur), en la que ha presentado su servicio de movilidad premium Selection, seg\\u00fan inform\\u00f3 la empresa en un comunicado. La compa\\u00f1\\u00eda explic\\u00f3 que este programa ofrece \\\"una oportunidad \\u00fanica\\\" a los clientes que\",\"inLanguage\":\"es-ES\",\"isPartOf\":{\"@id\":\"https:\\\/\\\/eldigitaldeasturias.com\\\/magazine365\\\/#website\"},\"breadcrumb\":{\"@id\":\"https:\\\/\\\/eldigitaldeasturias.com\\\/magazine365\\\/europcar-lanza-en-fitur-su-servicio-de-movilidad-exclusiva-selection\\\/#breadcrumblist\"},\"author\":{\"@id\":\"https:\\\/\\\/eldigitaldeasturias.com\\\/magazine365\\\/author\\\/admin\\\/#author\"},\"creator\":{\"@id\":\"https:\\\/\\\/eldigitaldeasturias.com\\\/magazine365\\\/author\\\/admin\\\/#author\"},\"image\":{\"@type\":\"ImageObject\",\"url\":\"https:\\\/\\\/eldigitaldeasturias.com\\\/magazine365\\\/wp-content\\\/uploads\\\/2016\\\/01\\\/fotonoticia_20160122122649_800.jpg\",\"@id\":\"https:\\\/\\\/eldigitaldeasturias.com\\\/magazine365\\\/europcar-lanza-en-fitur-su-servicio-de-movilidad-exclusiva-selection\\\/#mainImage\",\"width\":800,\"height\":1081},\"primaryImageOfPage\":{\"@id\":\"https:\\\/\\\/eldigitaldeasturias.com\\\/magazine365\\\/europcar-lanza-en-fitur-su-servicio-de-movilidad-exclusiva-selection\\\/#mainImage\"},\"datePublished\":\"2016-01-23T13:20:27+01:00\",\"dateModified\":\"2016-01-23T13:20:27+01:00\"},{\"@type\":\"WebSite\",\"@id\":\"https:\\\/\\\/eldigitaldeasturias.com\\\/magazine365\\\/#website\",\"url\":\"https:\\\/\\\/eldigitaldeasturias.com\\\/magazine365\\\/\",\"name\":\"El Digital de Asturias\",\"description\":\"Revista de ocio, turismo y estilo de vida\",\"inLanguage\":\"es-ES\",\"publisher\":{\"@id\":\"https:\\\/\\\/eldigitaldeasturias.com\\\/magazine365\\\/#organization\"}}]}\n\t\t<\/script>\n\t\t<!-- All in One SEO Pro -->\r\n\t\t<title>Europcar lanza en Fitur su servicio de movilidad exclusiva Selection | El Digital de Asturias<\/title>\n\n","aioseo_head_json":{"title":"Europcar lanza en Fitur su servicio de movilidad exclusiva Selection | El Digital de Asturias","description":"La empresa de alquiler de veh\u00edculos Europcar ha participado en la edici\u00f3n de 2016 de la Feria Internacional de Turismo de Madrid (Fitur), en la que ha presentado su servicio de movilidad premium Selection, seg\u00fan inform\u00f3 la empresa en un comunicado. La compa\u00f1\u00eda explic\u00f3 que este programa ofrece \"una oportunidad \u00fanica\" a los clientes que","canonical_url":"https:\/\/eldigitaldeasturias.com\/magazine365\/europcar-lanza-en-fitur-su-servicio-de-movilidad-exclusiva-selection\/","robots":"max-image-preview:large","keywords":"noticias y actualidad","webmasterTools":{"google-site-verification":"UA-38556648-1","miscellaneous":""},"schema":{"@context":"https:\/\/schema.org","@graph":[{"@type":"Article","@id":"https:\/\/eldigitaldeasturias.com\/magazine365\/europcar-lanza-en-fitur-su-servicio-de-movilidad-exclusiva-selection\/#article","name":"Europcar lanza en Fitur su servicio de movilidad exclusiva Selection | El Digital de Asturias","headline":"Europcar lanza en Fitur su servicio de movilidad exclusiva Selection","author":{"@id":"https:\/\/eldigitaldeasturias.com\/magazine365\/author\/admin\/#author"},"publisher":{"@id":"https:\/\/eldigitaldeasturias.com\/magazine365\/#organization"},"image":{"@type":"ImageObject","url":"https:\/\/eldigitaldeasturias.com\/magazine365\/wp-content\/uploads\/2016\/01\/fotonoticia_20160122122649_800.jpg","width":800,"height":1081},"datePublished":"2016-01-23T13:20:27+01:00","dateModified":"2016-01-23T13:20:27+01:00","inLanguage":"es-ES","mainEntityOfPage":{"@id":"https:\/\/eldigitaldeasturias.com\/magazine365\/europcar-lanza-en-fitur-su-servicio-de-movilidad-exclusiva-selection\/#webpage"},"isPartOf":{"@id":"https:\/\/eldigitaldeasturias.com\/magazine365\/europcar-lanza-en-fitur-su-servicio-de-movilidad-exclusiva-selection\/#webpage"},"articleSection":"Noticias y Actualidad"},{"@type":"BreadcrumbList","@id":"https:\/\/eldigitaldeasturias.com\/magazine365\/europcar-lanza-en-fitur-su-servicio-de-movilidad-exclusiva-selection\/#breadcrumblist","itemListElement":[{"@type":"ListItem","@id":"https:\/\/eldigitaldeasturias.com\/magazine365#listItem","position":1,"name":"Home","item":"https:\/\/eldigitaldeasturias.com\/magazine365","nextItem":{"@type":"ListItem","@id":"https:\/\/eldigitaldeasturias.com\/magazine365\/category\/noticias-actualidad\/#listItem","name":"Noticias y Actualidad"}},{"@type":"ListItem","@id":"https:\/\/eldigitaldeasturias.com\/magazine365\/category\/noticias-actualidad\/#listItem","position":2,"name":"Noticias y Actualidad","item":"https:\/\/eldigitaldeasturias.com\/magazine365\/category\/noticias-actualidad\/","nextItem":{"@type":"ListItem","@id":"https:\/\/eldigitaldeasturias.com\/magazine365\/europcar-lanza-en-fitur-su-servicio-de-movilidad-exclusiva-selection\/#listItem","name":"Europcar lanza en Fitur su servicio de movilidad exclusiva Selection"},"previousItem":{"@type":"ListItem","@id":"https:\/\/eldigitaldeasturias.com\/magazine365#listItem","name":"Home"}},{"@type":"ListItem","@id":"https:\/\/eldigitaldeasturias.com\/magazine365\/europcar-lanza-en-fitur-su-servicio-de-movilidad-exclusiva-selection\/#listItem","position":3,"name":"Europcar lanza en Fitur su servicio de movilidad exclusiva Selection","previousItem":{"@type":"ListItem","@id":"https:\/\/eldigitaldeasturias.com\/magazine365\/category\/noticias-actualidad\/#listItem","name":"Noticias y Actualidad"}}]},{"@type":"Organization","@id":"https:\/\/eldigitaldeasturias.com\/magazine365\/#organization","name":"El digital de Asturias","description":"Revista de ocio, turismo y estilo de vida","url":"https:\/\/eldigitaldeasturias.com\/magazine365\/","logo":{"@type":"ImageObject","url":"https:\/\/www.eldigitaldeasturias.com\/noticias\/wp-content\/uploads\/2020\/12\/EDA.jpg","@id":"https:\/\/eldigitaldeasturias.com\/magazine365\/europcar-lanza-en-fitur-su-servicio-de-movilidad-exclusiva-selection\/#organizationLogo"},"image":{"@id":"https:\/\/eldigitaldeasturias.com\/magazine365\/europcar-lanza-en-fitur-su-servicio-de-movilidad-exclusiva-selection\/#organizationLogo"}},{"@type":"Person","@id":"https:\/\/eldigitaldeasturias.com\/magazine365\/author\/admin\/#author","url":"https:\/\/eldigitaldeasturias.com\/magazine365\/author\/admin\/","name":"admin","image":{"@type":"ImageObject","@id":"https:\/\/eldigitaldeasturias.com\/magazine365\/europcar-lanza-en-fitur-su-servicio-de-movilidad-exclusiva-selection\/#authorImage","url":"https:\/\/eldigitaldeasturias.com\/magazine365\/wp-content\/litespeed\/avatar\/e571bcf59a0edd6fa6838245a470f2fe.jpg?ver=1776969259","width":96,"height":96,"caption":"admin"}},{"@type":"WebPage","@id":"https:\/\/eldigitaldeasturias.com\/magazine365\/europcar-lanza-en-fitur-su-servicio-de-movilidad-exclusiva-selection\/#webpage","url":"https:\/\/eldigitaldeasturias.com\/magazine365\/europcar-lanza-en-fitur-su-servicio-de-movilidad-exclusiva-selection\/","name":"Europcar lanza en Fitur su servicio de movilidad exclusiva Selection | El Digital de Asturias","description":"La empresa de alquiler de veh\u00edculos Europcar ha participado en la edici\u00f3n de 2016 de la Feria Internacional de Turismo de Madrid (Fitur), en la que ha presentado su servicio de movilidad premium Selection, seg\u00fan inform\u00f3 la empresa en un comunicado. La compa\u00f1\u00eda explic\u00f3 que este programa ofrece \"una oportunidad \u00fanica\" a los clientes que","inLanguage":"es-ES","isPartOf":{"@id":"https:\/\/eldigitaldeasturias.com\/magazine365\/#website"},"breadcrumb":{"@id":"https:\/\/eldigitaldeasturias.com\/magazine365\/europcar-lanza-en-fitur-su-servicio-de-movilidad-exclusiva-selection\/#breadcrumblist"},"author":{"@id":"https:\/\/eldigitaldeasturias.com\/magazine365\/author\/admin\/#author"},"creator":{"@id":"https:\/\/eldigitaldeasturias.com\/magazine365\/author\/admin\/#author"},"image":{"@type":"ImageObject","url":"https:\/\/eldigitaldeasturias.com\/magazine365\/wp-content\/uploads\/2016\/01\/fotonoticia_20160122122649_800.jpg","@id":"https:\/\/eldigitaldeasturias.com\/magazine365\/europcar-lanza-en-fitur-su-servicio-de-movilidad-exclusiva-selection\/#mainImage","width":800,"height":1081},"primaryImageOfPage":{"@id":"https:\/\/eldigitaldeasturias.com\/magazine365\/europcar-lanza-en-fitur-su-servicio-de-movilidad-exclusiva-selection\/#mainImage"},"datePublished":"2016-01-23T13:20:27+01:00","dateModified":"2016-01-23T13:20:27+01:00"},{"@type":"WebSite","@id":"https:\/\/eldigitaldeasturias.com\/magazine365\/#website","url":"https:\/\/eldigitaldeasturias.com\/magazine365\/","name":"El Digital de Asturias","description":"Revista de ocio, turismo y estilo de vida","inLanguage":"es-ES","publisher":{"@id":"https:\/\/eldigitaldeasturias.com\/magazine365\/#organization"}}]},"og:locale":"es_ES","og:site_name":"El Digital de Asturias \u2013 Revista de ocio, turismo y estilo de vida","og:type":"article","og:title":"Europcar lanza en Fitur su servicio de movilidad exclusiva Selection | El Digital de Asturias","og:description":"La empresa de alquiler de veh\u00edculos Europcar ha participado en la edici\u00f3n de 2016 de la Feria Internacional de Turismo de Madrid (Fitur), en la que ha presentado su servicio de movilidad premium Selection, seg\u00fan inform\u00f3 la empresa en un comunicado. La compa\u00f1\u00eda explic\u00f3 que este programa ofrece &quot;una oportunidad \u00fanica&quot; a los clientes que","og:url":"https:\/\/eldigitaldeasturias.com\/magazine365\/europcar-lanza-en-fitur-su-servicio-de-movilidad-exclusiva-selection\/","og:image":"https:\/\/eldigitaldeasturias.com\/magazine365\/wp-content\/uploads\/2016\/01\/fotonoticia_20160122122649_800.jpg","og:image:secure_url":"https:\/\/eldigitaldeasturias.com\/magazine365\/wp-content\/uploads\/2016\/01\/fotonoticia_20160122122649_800.jpg","og:image:width":800,"og:image:height":1081,"article:published_time":"2016-01-23T12:20:27+00:00","article:modified_time":"2016-01-23T12:20:27+00:00","twitter:card":"summary_large_image","twitter:title":"Europcar lanza en Fitur su servicio de movilidad exclusiva Selection | El Digital de Asturias","twitter:description":"La empresa de alquiler de veh\u00edculos Europcar ha participado en la edici\u00f3n de 2016 de la Feria Internacional de Turismo de Madrid (Fitur), en la que ha presentado su servicio de movilidad premium Selection, seg\u00fan inform\u00f3 la empresa en un comunicado. La compa\u00f1\u00eda explic\u00f3 que este programa ofrece &quot;una oportunidad \u00fanica&quot; a los clientes que","twitter:image":"https:\/\/eldigitaldeasturias.com\/magazine365\/wp-content\/uploads\/2016\/01\/fotonoticia_20160122122649_800.jpg"},"aioseo_meta_data":{"post_id":"61765","title":null,"description":null,"keywords":null,"keyphrases":null,"primary_term":null,"canonical_url":null,"og_title":null,"og_description":null,"og_object_type":"default","og_image_type":"default","og_image_url":null,"og_image_width":null,"og_image_height":null,"og_image_custom_url":null,"og_image_custom_fields":null,"og_video":null,"og_custom_url":null,"og_article_section":null,"og_article_tags":null,"twitter_use_og":false,"twitter_card":"default","twitter_image_type":"default","twitter_image_url":null,"twitter_image_custom_url":null,"twitter_image_custom_fields":null,"twitter_title":null,"twitter_description":null,"schema":{"blockGraphs":[],"customGraphs":[],"default":{"data":{"Article":[],"Course":[],"Dataset":[],"FAQPage":[],"Movie":[],"Person":[],"Product":[],"ProductReview":[],"Car":[],"Recipe":[],"Service":[],"SoftwareApplication":[],"WebPage":[]},"graphName":"","isEnabled":true},"graphs":[]},"schema_type":null,"schema_type_options":null,"pillar_content":false,"robots_default":true,"robots_noindex":false,"robots_noarchive":false,"robots_nosnippet":false,"robots_nofollow":false,"robots_noimageindex":false,"robots_noodp":false,"robots_notranslate":false,"robots_max_snippet":null,"robots_max_videopreview":null,"robots_max_imagepreview":"large","priority":null,"frequency":null,"location":null,"local_seo":null,"seo_analyzer_scan_date":"2025-09-25 09:40:34","breadcrumb_settings":null,"limit_modified_date":false,"open_ai":null,"ai":null,"created":"2021-03-08 21:45:45","updated":"2025-09-25 09:40:34"},"aioseo_breadcrumb":"<div class=\"aioseo-breadcrumbs\"><span class=\"aioseo-breadcrumb\">\n\t<a href=\"https:\/\/eldigitaldeasturias.com\/magazine365\" title=\"Home\">Home<\/a>\n<\/span><span class=\"aioseo-breadcrumb-separator\">\u2013<\/span><span class=\"aioseo-breadcrumb\">\n\t<a href=\"https:\/\/eldigitaldeasturias.com\/magazine365\/category\/noticias-actualidad\/\" title=\"Noticias y Actualidad\">Noticias y Actualidad<\/a>\n<\/span><span class=\"aioseo-breadcrumb-separator\">\u2013<\/span><span class=\"aioseo-breadcrumb\">\n\t<a href=\"https:\/\/eldigitaldeasturias.com\/magazine365\/europcar-lanza-en-fitur-su-servicio-de-movilidad-exclusiva-selection\/\" title=\"Europcar lanza en Fitur su servicio de movilidad exclusiva Selection\">Europcar lanza en Fitur su servicio de movilidad exclusiva Selection<\/a>\n<\/span><\/div>","aioseo_breadcrumb_json":[{"label":"Home","link":"https:\/\/eldigitaldeasturias.com\/magazine365"},{"label":"Noticias y Actualidad","link":"https:\/\/eldigitaldeasturias.com\/magazine365\/category\/noticias-actualidad\/"},{"label":"Europcar lanza en Fitur su servicio de movilidad exclusiva Selection","link":"https:\/\/eldigitaldeasturias.com\/magazine365\/europcar-lanza-en-fitur-su-servicio-de-movilidad-exclusiva-selection\/"}],"_links":{"self":[{"href":"https:\/\/eldigitaldeasturias.com\/magazine365\/wp-json\/wp\/v2\/posts\/61765","targetHints":{"allow":["GET"]}}],"collection":[{"href":"https:\/\/eldigitaldeasturias.com\/magazine365\/wp-json\/wp\/v2\/posts"}],"about":[{"href":"https:\/\/eldigitaldeasturias.com\/magazine365\/wp-json\/wp\/v2\/types\/post"}],"author":[{"embeddable":true,"href":"https:\/\/eldigitaldeasturias.com\/magazine365\/wp-json\/wp\/v2\/users\/1"}],"replies":[{"embeddable":true,"href":"https:\/\/eldigitaldeasturias.com\/magazine365\/wp-json\/wp\/v2\/comments?post=61765"}],"version-history":[{"count":0,"href":"https:\/\/eldigitaldeasturias.com\/magazine365\/wp-json\/wp\/v2\/posts\/61765\/revisions"}],"wp:featuredmedia":[{"embeddable":true,"href":"https:\/\/eldigitaldeasturias.com\/magazine365\/wp-json\/wp\/v2\/media\/61766"}],"wp:attachment":[{"href":"https:\/\/eldigitaldeasturias.com\/magazine365\/wp-json\/wp\/v2\/media?parent=61765"}],"wp:term":[{"taxonomy":"category","embeddable":true,"href":"https:\/\/eldigitaldeasturias.com\/magazine365\/wp-json\/wp\/v2\/categories?post=61765"},{"taxonomy":"post_tag","embeddable":true,"href":"https:\/\/eldigitaldeasturias.com\/magazine365\/wp-json\/wp\/v2\/tags?post=61765"}],"curies":[{"name":"wp","href":"https:\/\/api.w.org\/{rel}","templated":true}]}}