{"id":61759,"date":"2016-01-23T13:15:30","date_gmt":"2016-01-23T12:15:30","guid":{"rendered":"http:\/\/eldigitaldeasturias.com\/magazine365\/?p=61759"},"modified":"2016-01-23T13:15:30","modified_gmt":"2016-01-23T12:15:30","slug":"el-turismo-seguira-creciendo-en-2016-pero-cuanto-mas-estabilidad-politica-mejor-senala-exceltur","status":"publish","type":"post","link":"https:\/\/eldigitaldeasturias.com\/magazine365\/el-turismo-seguira-creciendo-en-2016-pero-cuanto-mas-estabilidad-politica-mejor-senala-exceltur\/","title":{"rendered":"El turismo seguir\u00e1 creciendo en 2016 pero \u00abcuanto m\u00e1s estabilidad pol\u00edtica, mejor\u00bb, se\u00f1ala Exceltur"},"content":{"rendered":"<p><img fetchpriority=\"high\" decoding=\"async\" class=\"alignleft size-medium wp-image-61760\" src=\"https:\/\/eldigitaldeasturias.com\/magazine365\/wp-content\/uploads\/2016\/01\/fotonoticia_20160122114145_800-360x270.jpg\" alt=\"fotonoticia_20160122114145_800\" width=\"360\" height=\"270\" srcset=\"https:\/\/eldigitaldeasturias.com\/magazine365\/wp-content\/uploads\/2016\/01\/fotonoticia_20160122114145_800-360x270.jpg 360w, https:\/\/eldigitaldeasturias.com\/magazine365\/wp-content\/uploads\/2016\/01\/fotonoticia_20160122114145_800-650x488.jpg 650w, https:\/\/eldigitaldeasturias.com\/magazine365\/wp-content\/uploads\/2016\/01\/fotonoticia_20160122114145_800-768x576.jpg 768w, https:\/\/eldigitaldeasturias.com\/magazine365\/wp-content\/uploads\/2016\/01\/fotonoticia_20160122114145_800-150x113.jpg 150w, https:\/\/eldigitaldeasturias.com\/magazine365\/wp-content\/uploads\/2016\/01\/fotonoticia_20160122114145_800-450x338.jpg 450w, https:\/\/eldigitaldeasturias.com\/magazine365\/wp-content\/uploads\/2016\/01\/fotonoticia_20160122114145_800-80x60.jpg 80w, https:\/\/eldigitaldeasturias.com\/magazine365\/wp-content\/uploads\/2016\/01\/fotonoticia_20160122114145_800-265x198.jpg 265w, https:\/\/eldigitaldeasturias.com\/magazine365\/wp-content\/uploads\/2016\/01\/fotonoticia_20160122114145_800-696x522.jpg 696w, https:\/\/eldigitaldeasturias.com\/magazine365\/wp-content\/uploads\/2016\/01\/fotonoticia_20160122114145_800-560x420.jpg 560w, https:\/\/eldigitaldeasturias.com\/magazine365\/wp-content\/uploads\/2016\/01\/fotonoticia_20160122114145_800-90x67.jpg 90w, https:\/\/eldigitaldeasturias.com\/magazine365\/wp-content\/uploads\/2016\/01\/fotonoticia_20160122114145_800-164x124.jpg 164w, https:\/\/eldigitaldeasturias.com\/magazine365\/wp-content\/uploads\/2016\/01\/fotonoticia_20160122114145_800-100x75.jpg 100w, https:\/\/eldigitaldeasturias.com\/magazine365\/wp-content\/uploads\/2016\/01\/fotonoticia_20160122114145_800.jpg 800w\" sizes=\"(max-width: 360px) 100vw, 360px\" \/>El presidente de Exceltur, Amancio L\u00f3pez, ha asegurado que 2016 se presenta \u00abcargado de esperanza\u00bb para el sector tur\u00edstico, con perspectivas de continuar creciendo y creando empleo &#8211;tras generar m\u00e1s de 60.000 empleos en el \u00faltimo a\u00f1o&#8211; y ha se\u00f1alado que cuanto \u00abm\u00e1s amplia\u00bb sea la estabilidad pol\u00edtica, mayor confianza se generar\u00e1 que es lo que determina que consumidores e inversores tomen sus decisiones.<\/p>\n<p>\u00abLos indicadores en estos momentos son francamente buenos, hemos pasado de un c\u00edrculo vicioso a uno virtuoso, que esperemos que otros factores no lo compliquen\u00bb, ha asegurado L\u00f3pez, presidente tambi\u00e9n del Grupo Hotusa, en declaraciones a la Cadena Cope, recogidas por Europa Press.<\/p>\n<p>L\u00f3pez, presidente tambi\u00e9n del Grupo Hotusa, ha destacado el buen comportamiento del turismo internacional, pero sobre todo del turismo nacional, que supone el 50% de la actividad tur\u00edstica, donde se ha producido \u00abel gran salto adelante\u00bb. Tambi\u00e9n ha resaltado el turismo de negocios con un crecimiento por encima del 10%, b\u00e1sicamente vinculado al consumo interno.<\/p>\n<p>Las perspectivas para este a\u00f1o son que el turismo internacional desacelere su ritmo de crecimiento, aunque siga creciendo, pero si la confianza se mantiene, ser\u00e1 el turismo nacional el que m\u00e1s crezca. \u00abEn 2014 ya se empez\u00f3 a recuperar, en 2015 el crecimiento ha sido muy fuerte y el ciclo todav\u00eda no ha acabado\u00bb.<\/p>\n<p>DINERO ESPERANDO A INVERTIR EN ESPA\u00d1A.<\/p>\n<p>Respecto a la influencia de la incertidumbre pol\u00edtica en el sector, el presidente de la Alianza para la Excelencia Tur\u00edstica ha constado que \u00abhay dinero\u00bb esperando a invertir en Espa\u00f1a. \u00abEl dinero es muy cobarde y en unos tiempos como los actuales donde las oportunidades son muchas y todos los pa\u00edses compiten con todos, los inversores pueden elegir\u00bb, ha advertido.<\/p>\n<p>Desde el &#8216;lobby&#8217; tur\u00edstico se\u00f1ala que se requiere \u00abestabilidad, certeza, seguridad jur\u00eddica y confianza\u00bb para invertir y tambi\u00e9n para el consumo. \u00abLa confianza hace que el consumidor tome sus decisiones\u00bb, ha explicado.<\/p>\n<p>L\u00f3pez ha reconocido que a corto plazo la inestabilidad pol\u00edtica puede no tener influencia pero a medio y largo plazo \u00absin duda\u00bb, por lo que desde la prudencia ha opinado que un gobierno de amplia base con mayor\u00eda parlamentaria ser\u00eda bueno para la econom\u00eda y por extensi\u00f3n para el turismo. \u00abSer\u00eda un paso adelante por parte de los grandes partidos, porque en el 80% de los temas est\u00e1n de acuerdo\u00bb, ha se\u00f1alado.<\/p>\n<p>Adem\u00e1s, ha considerado que ser\u00eda una \u00abgran oportunidad\u00bb para acometer reformas que todav\u00eda no se han finalizado. \u00abLa fiscalidad se deber\u00eda orientar a incentivar a las empresas que crean empleo porque el gran drama de este pa\u00eds es la desigualdad y los cuatro millones de parados\u00bb, ha subrayado.<\/p>\n<p>CONF\u00cdA EN UNA SOLUCI\u00d3N PARA LA MORATORIA BARCELONA.<\/p>\n<p>L\u00f3pez, qui\u00e9n ha defendido el modelo de mercado espa\u00f1ol, ha asegurado que en materia de fiscalidad se deber\u00eda tener en cuenta la existente en otros pa\u00edses competidores porque los inversores pueden elegir y deslocalizarse es para muchas empresas \u00abrealmente sencillo\u00bb.<\/p>\n<p>Sobre la moratoria en Barcelona, ha recordado que se han realizado inversiones en funci\u00f3n de unas normas. \u00abSi se trata de un cierto par\u00f3n para dise\u00f1ar un plan estrat\u00e9gico de grandes l\u00edneas sobre el modelo que m\u00e1s nos interesa puede tener sentido, pero en un corto plazo\u00bb, ha opinado.<\/p>\n<p>En esta l\u00ednea, ha insistido en las inversiones ya realizadas por lo que ha confiado en que pueda \u00abresolverse pronto\u00bb este tema y de la \u00abforma m\u00e1s razonable\u00bb, de forma que la \u00absensatez acabe imperando\u00bb.<\/p>\n","protected":false},"excerpt":{"rendered":"<p>El presidente de Exceltur, Amancio L\u00f3pez, ha asegurado que 2016 se presenta \u00abcargado de esperanza\u00bb para el sector tur\u00edstico, con perspectivas de continuar creciendo y creando empleo &#8211;tras generar m\u00e1s de 60.000 empleos en el \u00faltimo a\u00f1o&#8211; y ha se\u00f1alado que cuanto \u00abm\u00e1s amplia\u00bb sea la estabilidad pol\u00edtica, mayor confianza se generar\u00e1 que es lo<\/p>\n","protected":false},"author":1,"featured_media":61760,"comment_status":"open","ping_status":"closed","sticky":false,"template":"","format":"standard","meta":{"footnotes":""},"categories":[224],"tags":[],"class_list":{"0":"post-61759","1":"post","2":"type-post","3":"status-publish","4":"format-standard","5":"has-post-thumbnail","7":"category-noticias-actualidad"},"aioseo_notices":[],"aioseo_head":"\n\t\t<!-- All in One SEO Pro 4.9.6.1 - aioseo.com -->\n\t<meta name=\"description\" content=\"El presidente de Exceltur, Amancio L\u00f3pez, ha asegurado que 2016 se presenta &quot;cargado de esperanza&quot; para el sector tur\u00edstico, con perspectivas de continuar creciendo y creando empleo --tras generar m\u00e1s de 60.000 empleos en el \u00faltimo a\u00f1o-- y ha se\u00f1alado que cuanto &quot;m\u00e1s amplia&quot; sea la estabilidad pol\u00edtica, mayor confianza se generar\u00e1 que es lo\" \/>\n\t<meta name=\"robots\" content=\"max-image-preview:large\" \/>\n\t<meta name=\"author\" content=\"admin\"\/>\n\t<meta name=\"google-site-verification\" content=\"UA-38556648-1\" \/>\n\t<meta name=\"keywords\" content=\"noticias y actualidad\" \/>\n\t<link rel=\"canonical\" href=\"https:\/\/eldigitaldeasturias.com\/magazine365\/el-turismo-seguira-creciendo-en-2016-pero-cuanto-mas-estabilidad-politica-mejor-senala-exceltur\/\" \/>\n\t<meta name=\"generator\" content=\"All in One SEO Pro (AIOSEO) 4.9.6.1\" \/>\n\t\t<meta property=\"og:locale\" content=\"es_ES\" \/>\n\t\t<meta property=\"og:site_name\" content=\"El Digital de Asturias \u2013 Revista de ocio, turismo y estilo de vida\" \/>\n\t\t<meta property=\"og:type\" content=\"article\" \/>\n\t\t<meta property=\"og:title\" content=\"El turismo seguir\u00e1 creciendo en 2016 pero \u00abcuanto m\u00e1s estabilidad pol\u00edtica, mejor\u00bb, se\u00f1ala Exceltur | El Digital de Asturias\" \/>\n\t\t<meta property=\"og:description\" content=\"El presidente de Exceltur, Amancio L\u00f3pez, ha asegurado que 2016 se presenta &quot;cargado de esperanza&quot; para el sector tur\u00edstico, con perspectivas de continuar creciendo y creando empleo --tras generar m\u00e1s de 60.000 empleos en el \u00faltimo a\u00f1o-- y ha se\u00f1alado que cuanto &quot;m\u00e1s amplia&quot; sea la estabilidad pol\u00edtica, mayor confianza se generar\u00e1 que es lo\" \/>\n\t\t<meta property=\"og:url\" content=\"https:\/\/eldigitaldeasturias.com\/magazine365\/el-turismo-seguira-creciendo-en-2016-pero-cuanto-mas-estabilidad-politica-mejor-senala-exceltur\/\" \/>\n\t\t<meta property=\"og:image\" content=\"https:\/\/eldigitaldeasturias.com\/magazine365\/wp-content\/uploads\/2016\/01\/fotonoticia_20160122114145_800.jpg\" \/>\n\t\t<meta property=\"og:image:secure_url\" content=\"https:\/\/eldigitaldeasturias.com\/magazine365\/wp-content\/uploads\/2016\/01\/fotonoticia_20160122114145_800.jpg\" \/>\n\t\t<meta property=\"og:image:width\" content=\"800\" \/>\n\t\t<meta property=\"og:image:height\" content=\"600\" \/>\n\t\t<meta property=\"article:published_time\" content=\"2016-01-23T12:15:30+00:00\" \/>\n\t\t<meta property=\"article:modified_time\" content=\"2016-01-23T12:15:30+00:00\" \/>\n\t\t<meta name=\"twitter:card\" content=\"summary_large_image\" \/>\n\t\t<meta name=\"twitter:title\" content=\"El turismo seguir\u00e1 creciendo en 2016 pero \u00abcuanto m\u00e1s estabilidad pol\u00edtica, mejor\u00bb, se\u00f1ala Exceltur | El Digital de Asturias\" \/>\n\t\t<meta name=\"twitter:description\" content=\"El presidente de Exceltur, Amancio L\u00f3pez, ha asegurado que 2016 se presenta &quot;cargado de esperanza&quot; para el sector tur\u00edstico, con perspectivas de continuar creciendo y creando empleo --tras generar m\u00e1s de 60.000 empleos en el \u00faltimo a\u00f1o-- y ha se\u00f1alado que cuanto &quot;m\u00e1s amplia&quot; sea la estabilidad pol\u00edtica, mayor confianza se generar\u00e1 que es lo\" \/>\n\t\t<meta name=\"twitter:image\" content=\"https:\/\/eldigitaldeasturias.com\/magazine365\/wp-content\/uploads\/2016\/01\/fotonoticia_20160122114145_800.jpg\" \/>\n\t\t<script type=\"application\/ld+json\" class=\"aioseo-schema\">\n\t\t\t{\"@context\":\"https:\\\/\\\/schema.org\",\"@graph\":[{\"@type\":\"Article\",\"@id\":\"https:\\\/\\\/eldigitaldeasturias.com\\\/magazine365\\\/el-turismo-seguira-creciendo-en-2016-pero-cuanto-mas-estabilidad-politica-mejor-senala-exceltur\\\/#article\",\"name\":\"El turismo seguir\\u00e1 creciendo en 2016 pero \\u00abcuanto m\\u00e1s estabilidad pol\\u00edtica, mejor\\u00bb, se\\u00f1ala Exceltur | El Digital de Asturias\",\"headline\":\"El turismo seguir\\u00e1 creciendo en 2016 pero \\u00abcuanto m\\u00e1s estabilidad pol\\u00edtica, mejor\\u00bb, se\\u00f1ala Exceltur\",\"author\":{\"@id\":\"https:\\\/\\\/eldigitaldeasturias.com\\\/magazine365\\\/author\\\/admin\\\/#author\"},\"publisher\":{\"@id\":\"https:\\\/\\\/eldigitaldeasturias.com\\\/magazine365\\\/#organization\"},\"image\":{\"@type\":\"ImageObject\",\"url\":\"https:\\\/\\\/eldigitaldeasturias.com\\\/magazine365\\\/wp-content\\\/uploads\\\/2016\\\/01\\\/fotonoticia_20160122114145_800.jpg\",\"width\":800,\"height\":600},\"datePublished\":\"2016-01-23T13:15:30+01:00\",\"dateModified\":\"2016-01-23T13:15:30+01:00\",\"inLanguage\":\"es-ES\",\"mainEntityOfPage\":{\"@id\":\"https:\\\/\\\/eldigitaldeasturias.com\\\/magazine365\\\/el-turismo-seguira-creciendo-en-2016-pero-cuanto-mas-estabilidad-politica-mejor-senala-exceltur\\\/#webpage\"},\"isPartOf\":{\"@id\":\"https:\\\/\\\/eldigitaldeasturias.com\\\/magazine365\\\/el-turismo-seguira-creciendo-en-2016-pero-cuanto-mas-estabilidad-politica-mejor-senala-exceltur\\\/#webpage\"},\"articleSection\":\"Noticias y Actualidad\"},{\"@type\":\"BreadcrumbList\",\"@id\":\"https:\\\/\\\/eldigitaldeasturias.com\\\/magazine365\\\/el-turismo-seguira-creciendo-en-2016-pero-cuanto-mas-estabilidad-politica-mejor-senala-exceltur\\\/#breadcrumblist\",\"itemListElement\":[{\"@type\":\"ListItem\",\"@id\":\"https:\\\/\\\/eldigitaldeasturias.com\\\/magazine365#listItem\",\"position\":1,\"name\":\"Home\",\"item\":\"https:\\\/\\\/eldigitaldeasturias.com\\\/magazine365\",\"nextItem\":{\"@type\":\"ListItem\",\"@id\":\"https:\\\/\\\/eldigitaldeasturias.com\\\/magazine365\\\/category\\\/noticias-actualidad\\\/#listItem\",\"name\":\"Noticias y Actualidad\"}},{\"@type\":\"ListItem\",\"@id\":\"https:\\\/\\\/eldigitaldeasturias.com\\\/magazine365\\\/category\\\/noticias-actualidad\\\/#listItem\",\"position\":2,\"name\":\"Noticias y Actualidad\",\"item\":\"https:\\\/\\\/eldigitaldeasturias.com\\\/magazine365\\\/category\\\/noticias-actualidad\\\/\",\"nextItem\":{\"@type\":\"ListItem\",\"@id\":\"https:\\\/\\\/eldigitaldeasturias.com\\\/magazine365\\\/el-turismo-seguira-creciendo-en-2016-pero-cuanto-mas-estabilidad-politica-mejor-senala-exceltur\\\/#listItem\",\"name\":\"El turismo seguir\\u00e1 creciendo en 2016 pero \\u00abcuanto m\\u00e1s estabilidad pol\\u00edtica, mejor\\u00bb, se\\u00f1ala Exceltur\"},\"previousItem\":{\"@type\":\"ListItem\",\"@id\":\"https:\\\/\\\/eldigitaldeasturias.com\\\/magazine365#listItem\",\"name\":\"Home\"}},{\"@type\":\"ListItem\",\"@id\":\"https:\\\/\\\/eldigitaldeasturias.com\\\/magazine365\\\/el-turismo-seguira-creciendo-en-2016-pero-cuanto-mas-estabilidad-politica-mejor-senala-exceltur\\\/#listItem\",\"position\":3,\"name\":\"El turismo seguir\\u00e1 creciendo en 2016 pero \\u00abcuanto m\\u00e1s estabilidad pol\\u00edtica, mejor\\u00bb, se\\u00f1ala Exceltur\",\"previousItem\":{\"@type\":\"ListItem\",\"@id\":\"https:\\\/\\\/eldigitaldeasturias.com\\\/magazine365\\\/category\\\/noticias-actualidad\\\/#listItem\",\"name\":\"Noticias y Actualidad\"}}]},{\"@type\":\"Organization\",\"@id\":\"https:\\\/\\\/eldigitaldeasturias.com\\\/magazine365\\\/#organization\",\"name\":\"El digital de Asturias\",\"description\":\"Revista de ocio, turismo y estilo de vida\",\"url\":\"https:\\\/\\\/eldigitaldeasturias.com\\\/magazine365\\\/\",\"logo\":{\"@type\":\"ImageObject\",\"url\":\"https:\\\/\\\/www.eldigitaldeasturias.com\\\/noticias\\\/wp-content\\\/uploads\\\/2020\\\/12\\\/EDA.jpg\",\"@id\":\"https:\\\/\\\/eldigitaldeasturias.com\\\/magazine365\\\/el-turismo-seguira-creciendo-en-2016-pero-cuanto-mas-estabilidad-politica-mejor-senala-exceltur\\\/#organizationLogo\"},\"image\":{\"@id\":\"https:\\\/\\\/eldigitaldeasturias.com\\\/magazine365\\\/el-turismo-seguira-creciendo-en-2016-pero-cuanto-mas-estabilidad-politica-mejor-senala-exceltur\\\/#organizationLogo\"}},{\"@type\":\"Person\",\"@id\":\"https:\\\/\\\/eldigitaldeasturias.com\\\/magazine365\\\/author\\\/admin\\\/#author\",\"url\":\"https:\\\/\\\/eldigitaldeasturias.com\\\/magazine365\\\/author\\\/admin\\\/\",\"name\":\"admin\",\"image\":{\"@type\":\"ImageObject\",\"@id\":\"https:\\\/\\\/eldigitaldeasturias.com\\\/magazine365\\\/el-turismo-seguira-creciendo-en-2016-pero-cuanto-mas-estabilidad-politica-mejor-senala-exceltur\\\/#authorImage\",\"url\":\"https:\\\/\\\/eldigitaldeasturias.com\\\/magazine365\\\/wp-content\\\/litespeed\\\/avatar\\\/e571bcf59a0edd6fa6838245a470f2fe.jpg?ver=1776969259\",\"width\":96,\"height\":96,\"caption\":\"admin\"}},{\"@type\":\"WebPage\",\"@id\":\"https:\\\/\\\/eldigitaldeasturias.com\\\/magazine365\\\/el-turismo-seguira-creciendo-en-2016-pero-cuanto-mas-estabilidad-politica-mejor-senala-exceltur\\\/#webpage\",\"url\":\"https:\\\/\\\/eldigitaldeasturias.com\\\/magazine365\\\/el-turismo-seguira-creciendo-en-2016-pero-cuanto-mas-estabilidad-politica-mejor-senala-exceltur\\\/\",\"name\":\"El turismo seguir\\u00e1 creciendo en 2016 pero \\u00abcuanto m\\u00e1s estabilidad pol\\u00edtica, mejor\\u00bb, se\\u00f1ala Exceltur | El Digital de Asturias\",\"description\":\"El presidente de Exceltur, Amancio L\\u00f3pez, ha asegurado que 2016 se presenta \\\"cargado de esperanza\\\" para el sector tur\\u00edstico, con perspectivas de continuar creciendo y creando empleo --tras generar m\\u00e1s de 60.000 empleos en el \\u00faltimo a\\u00f1o-- y ha se\\u00f1alado que cuanto \\\"m\\u00e1s amplia\\\" sea la estabilidad pol\\u00edtica, mayor confianza se generar\\u00e1 que es lo\",\"inLanguage\":\"es-ES\",\"isPartOf\":{\"@id\":\"https:\\\/\\\/eldigitaldeasturias.com\\\/magazine365\\\/#website\"},\"breadcrumb\":{\"@id\":\"https:\\\/\\\/eldigitaldeasturias.com\\\/magazine365\\\/el-turismo-seguira-creciendo-en-2016-pero-cuanto-mas-estabilidad-politica-mejor-senala-exceltur\\\/#breadcrumblist\"},\"author\":{\"@id\":\"https:\\\/\\\/eldigitaldeasturias.com\\\/magazine365\\\/author\\\/admin\\\/#author\"},\"creator\":{\"@id\":\"https:\\\/\\\/eldigitaldeasturias.com\\\/magazine365\\\/author\\\/admin\\\/#author\"},\"image\":{\"@type\":\"ImageObject\",\"url\":\"https:\\\/\\\/eldigitaldeasturias.com\\\/magazine365\\\/wp-content\\\/uploads\\\/2016\\\/01\\\/fotonoticia_20160122114145_800.jpg\",\"@id\":\"https:\\\/\\\/eldigitaldeasturias.com\\\/magazine365\\\/el-turismo-seguira-creciendo-en-2016-pero-cuanto-mas-estabilidad-politica-mejor-senala-exceltur\\\/#mainImage\",\"width\":800,\"height\":600},\"primaryImageOfPage\":{\"@id\":\"https:\\\/\\\/eldigitaldeasturias.com\\\/magazine365\\\/el-turismo-seguira-creciendo-en-2016-pero-cuanto-mas-estabilidad-politica-mejor-senala-exceltur\\\/#mainImage\"},\"datePublished\":\"2016-01-23T13:15:30+01:00\",\"dateModified\":\"2016-01-23T13:15:30+01:00\"},{\"@type\":\"WebSite\",\"@id\":\"https:\\\/\\\/eldigitaldeasturias.com\\\/magazine365\\\/#website\",\"url\":\"https:\\\/\\\/eldigitaldeasturias.com\\\/magazine365\\\/\",\"name\":\"El Digital de Asturias\",\"description\":\"Revista de ocio, turismo y estilo de vida\",\"inLanguage\":\"es-ES\",\"publisher\":{\"@id\":\"https:\\\/\\\/eldigitaldeasturias.com\\\/magazine365\\\/#organization\"}}]}\n\t\t<\/script>\n\t\t<!-- All in One SEO Pro -->\r\n\t\t<title>El turismo seguir\u00e1 creciendo en 2016 pero \u00abcuanto m\u00e1s estabilidad pol\u00edtica, mejor\u00bb, se\u00f1ala Exceltur | El Digital de Asturias<\/title>\n\n","aioseo_head_json":{"title":"El turismo seguir\u00e1 creciendo en 2016 pero \u00abcuanto m\u00e1s estabilidad pol\u00edtica, mejor\u00bb, se\u00f1ala Exceltur | El Digital de Asturias","description":"El presidente de Exceltur, Amancio L\u00f3pez, ha asegurado que 2016 se presenta \"cargado de esperanza\" para el sector tur\u00edstico, con perspectivas de continuar creciendo y creando empleo --tras generar m\u00e1s de 60.000 empleos en el \u00faltimo a\u00f1o-- y ha se\u00f1alado que cuanto \"m\u00e1s amplia\" sea la estabilidad pol\u00edtica, mayor confianza se generar\u00e1 que es lo","canonical_url":"https:\/\/eldigitaldeasturias.com\/magazine365\/el-turismo-seguira-creciendo-en-2016-pero-cuanto-mas-estabilidad-politica-mejor-senala-exceltur\/","robots":"max-image-preview:large","keywords":"noticias y actualidad","webmasterTools":{"google-site-verification":"UA-38556648-1","miscellaneous":""},"schema":{"@context":"https:\/\/schema.org","@graph":[{"@type":"Article","@id":"https:\/\/eldigitaldeasturias.com\/magazine365\/el-turismo-seguira-creciendo-en-2016-pero-cuanto-mas-estabilidad-politica-mejor-senala-exceltur\/#article","name":"El turismo seguir\u00e1 creciendo en 2016 pero \u00abcuanto m\u00e1s estabilidad pol\u00edtica, mejor\u00bb, se\u00f1ala Exceltur | El Digital de Asturias","headline":"El turismo seguir\u00e1 creciendo en 2016 pero \u00abcuanto m\u00e1s estabilidad pol\u00edtica, mejor\u00bb, se\u00f1ala Exceltur","author":{"@id":"https:\/\/eldigitaldeasturias.com\/magazine365\/author\/admin\/#author"},"publisher":{"@id":"https:\/\/eldigitaldeasturias.com\/magazine365\/#organization"},"image":{"@type":"ImageObject","url":"https:\/\/eldigitaldeasturias.com\/magazine365\/wp-content\/uploads\/2016\/01\/fotonoticia_20160122114145_800.jpg","width":800,"height":600},"datePublished":"2016-01-23T13:15:30+01:00","dateModified":"2016-01-23T13:15:30+01:00","inLanguage":"es-ES","mainEntityOfPage":{"@id":"https:\/\/eldigitaldeasturias.com\/magazine365\/el-turismo-seguira-creciendo-en-2016-pero-cuanto-mas-estabilidad-politica-mejor-senala-exceltur\/#webpage"},"isPartOf":{"@id":"https:\/\/eldigitaldeasturias.com\/magazine365\/el-turismo-seguira-creciendo-en-2016-pero-cuanto-mas-estabilidad-politica-mejor-senala-exceltur\/#webpage"},"articleSection":"Noticias y Actualidad"},{"@type":"BreadcrumbList","@id":"https:\/\/eldigitaldeasturias.com\/magazine365\/el-turismo-seguira-creciendo-en-2016-pero-cuanto-mas-estabilidad-politica-mejor-senala-exceltur\/#breadcrumblist","itemListElement":[{"@type":"ListItem","@id":"https:\/\/eldigitaldeasturias.com\/magazine365#listItem","position":1,"name":"Home","item":"https:\/\/eldigitaldeasturias.com\/magazine365","nextItem":{"@type":"ListItem","@id":"https:\/\/eldigitaldeasturias.com\/magazine365\/category\/noticias-actualidad\/#listItem","name":"Noticias y Actualidad"}},{"@type":"ListItem","@id":"https:\/\/eldigitaldeasturias.com\/magazine365\/category\/noticias-actualidad\/#listItem","position":2,"name":"Noticias y Actualidad","item":"https:\/\/eldigitaldeasturias.com\/magazine365\/category\/noticias-actualidad\/","nextItem":{"@type":"ListItem","@id":"https:\/\/eldigitaldeasturias.com\/magazine365\/el-turismo-seguira-creciendo-en-2016-pero-cuanto-mas-estabilidad-politica-mejor-senala-exceltur\/#listItem","name":"El turismo seguir\u00e1 creciendo en 2016 pero \u00abcuanto m\u00e1s estabilidad pol\u00edtica, mejor\u00bb, se\u00f1ala Exceltur"},"previousItem":{"@type":"ListItem","@id":"https:\/\/eldigitaldeasturias.com\/magazine365#listItem","name":"Home"}},{"@type":"ListItem","@id":"https:\/\/eldigitaldeasturias.com\/magazine365\/el-turismo-seguira-creciendo-en-2016-pero-cuanto-mas-estabilidad-politica-mejor-senala-exceltur\/#listItem","position":3,"name":"El turismo seguir\u00e1 creciendo en 2016 pero \u00abcuanto m\u00e1s estabilidad pol\u00edtica, mejor\u00bb, se\u00f1ala Exceltur","previousItem":{"@type":"ListItem","@id":"https:\/\/eldigitaldeasturias.com\/magazine365\/category\/noticias-actualidad\/#listItem","name":"Noticias y Actualidad"}}]},{"@type":"Organization","@id":"https:\/\/eldigitaldeasturias.com\/magazine365\/#organization","name":"El digital de Asturias","description":"Revista de ocio, turismo y estilo de vida","url":"https:\/\/eldigitaldeasturias.com\/magazine365\/","logo":{"@type":"ImageObject","url":"https:\/\/www.eldigitaldeasturias.com\/noticias\/wp-content\/uploads\/2020\/12\/EDA.jpg","@id":"https:\/\/eldigitaldeasturias.com\/magazine365\/el-turismo-seguira-creciendo-en-2016-pero-cuanto-mas-estabilidad-politica-mejor-senala-exceltur\/#organizationLogo"},"image":{"@id":"https:\/\/eldigitaldeasturias.com\/magazine365\/el-turismo-seguira-creciendo-en-2016-pero-cuanto-mas-estabilidad-politica-mejor-senala-exceltur\/#organizationLogo"}},{"@type":"Person","@id":"https:\/\/eldigitaldeasturias.com\/magazine365\/author\/admin\/#author","url":"https:\/\/eldigitaldeasturias.com\/magazine365\/author\/admin\/","name":"admin","image":{"@type":"ImageObject","@id":"https:\/\/eldigitaldeasturias.com\/magazine365\/el-turismo-seguira-creciendo-en-2016-pero-cuanto-mas-estabilidad-politica-mejor-senala-exceltur\/#authorImage","url":"https:\/\/eldigitaldeasturias.com\/magazine365\/wp-content\/litespeed\/avatar\/e571bcf59a0edd6fa6838245a470f2fe.jpg?ver=1776969259","width":96,"height":96,"caption":"admin"}},{"@type":"WebPage","@id":"https:\/\/eldigitaldeasturias.com\/magazine365\/el-turismo-seguira-creciendo-en-2016-pero-cuanto-mas-estabilidad-politica-mejor-senala-exceltur\/#webpage","url":"https:\/\/eldigitaldeasturias.com\/magazine365\/el-turismo-seguira-creciendo-en-2016-pero-cuanto-mas-estabilidad-politica-mejor-senala-exceltur\/","name":"El turismo seguir\u00e1 creciendo en 2016 pero \u00abcuanto m\u00e1s estabilidad pol\u00edtica, mejor\u00bb, se\u00f1ala Exceltur | El Digital de Asturias","description":"El presidente de Exceltur, Amancio L\u00f3pez, ha asegurado que 2016 se presenta \"cargado de esperanza\" para el sector tur\u00edstico, con perspectivas de continuar creciendo y creando empleo --tras generar m\u00e1s de 60.000 empleos en el \u00faltimo a\u00f1o-- y ha se\u00f1alado que cuanto \"m\u00e1s amplia\" sea la estabilidad pol\u00edtica, mayor confianza se generar\u00e1 que es lo","inLanguage":"es-ES","isPartOf":{"@id":"https:\/\/eldigitaldeasturias.com\/magazine365\/#website"},"breadcrumb":{"@id":"https:\/\/eldigitaldeasturias.com\/magazine365\/el-turismo-seguira-creciendo-en-2016-pero-cuanto-mas-estabilidad-politica-mejor-senala-exceltur\/#breadcrumblist"},"author":{"@id":"https:\/\/eldigitaldeasturias.com\/magazine365\/author\/admin\/#author"},"creator":{"@id":"https:\/\/eldigitaldeasturias.com\/magazine365\/author\/admin\/#author"},"image":{"@type":"ImageObject","url":"https:\/\/eldigitaldeasturias.com\/magazine365\/wp-content\/uploads\/2016\/01\/fotonoticia_20160122114145_800.jpg","@id":"https:\/\/eldigitaldeasturias.com\/magazine365\/el-turismo-seguira-creciendo-en-2016-pero-cuanto-mas-estabilidad-politica-mejor-senala-exceltur\/#mainImage","width":800,"height":600},"primaryImageOfPage":{"@id":"https:\/\/eldigitaldeasturias.com\/magazine365\/el-turismo-seguira-creciendo-en-2016-pero-cuanto-mas-estabilidad-politica-mejor-senala-exceltur\/#mainImage"},"datePublished":"2016-01-23T13:15:30+01:00","dateModified":"2016-01-23T13:15:30+01:00"},{"@type":"WebSite","@id":"https:\/\/eldigitaldeasturias.com\/magazine365\/#website","url":"https:\/\/eldigitaldeasturias.com\/magazine365\/","name":"El Digital de Asturias","description":"Revista de ocio, turismo y estilo de vida","inLanguage":"es-ES","publisher":{"@id":"https:\/\/eldigitaldeasturias.com\/magazine365\/#organization"}}]},"og:locale":"es_ES","og:site_name":"El Digital de Asturias \u2013 Revista de ocio, turismo y estilo de vida","og:type":"article","og:title":"El turismo seguir\u00e1 creciendo en 2016 pero \u00abcuanto m\u00e1s estabilidad pol\u00edtica, mejor\u00bb, se\u00f1ala Exceltur | El Digital de Asturias","og:description":"El presidente de Exceltur, Amancio L\u00f3pez, ha asegurado que 2016 se presenta &quot;cargado de esperanza&quot; para el sector tur\u00edstico, con perspectivas de continuar creciendo y creando empleo --tras generar m\u00e1s de 60.000 empleos en el \u00faltimo a\u00f1o-- y ha se\u00f1alado que cuanto &quot;m\u00e1s amplia&quot; sea la estabilidad pol\u00edtica, mayor confianza se generar\u00e1 que es lo","og:url":"https:\/\/eldigitaldeasturias.com\/magazine365\/el-turismo-seguira-creciendo-en-2016-pero-cuanto-mas-estabilidad-politica-mejor-senala-exceltur\/","og:image":"https:\/\/eldigitaldeasturias.com\/magazine365\/wp-content\/uploads\/2016\/01\/fotonoticia_20160122114145_800.jpg","og:image:secure_url":"https:\/\/eldigitaldeasturias.com\/magazine365\/wp-content\/uploads\/2016\/01\/fotonoticia_20160122114145_800.jpg","og:image:width":800,"og:image:height":600,"article:published_time":"2016-01-23T12:15:30+00:00","article:modified_time":"2016-01-23T12:15:30+00:00","twitter:card":"summary_large_image","twitter:title":"El turismo seguir\u00e1 creciendo en 2016 pero \u00abcuanto m\u00e1s estabilidad pol\u00edtica, mejor\u00bb, se\u00f1ala Exceltur | El Digital de Asturias","twitter:description":"El presidente de Exceltur, Amancio L\u00f3pez, ha asegurado que 2016 se presenta &quot;cargado de esperanza&quot; para el sector tur\u00edstico, con perspectivas de continuar creciendo y creando empleo --tras generar m\u00e1s de 60.000 empleos en el \u00faltimo a\u00f1o-- y ha se\u00f1alado que cuanto &quot;m\u00e1s amplia&quot; sea la estabilidad pol\u00edtica, mayor confianza se generar\u00e1 que es lo","twitter:image":"https:\/\/eldigitaldeasturias.com\/magazine365\/wp-content\/uploads\/2016\/01\/fotonoticia_20160122114145_800.jpg"},"aioseo_meta_data":{"post_id":"61759","title":null,"description":null,"keywords":null,"keyphrases":null,"primary_term":null,"canonical_url":null,"og_title":null,"og_description":null,"og_object_type":"default","og_image_type":"default","og_image_url":null,"og_image_width":null,"og_image_height":null,"og_image_custom_url":null,"og_image_custom_fields":null,"og_video":null,"og_custom_url":null,"og_article_section":null,"og_article_tags":null,"twitter_use_og":false,"twitter_card":"default","twitter_image_type":"default","twitter_image_url":null,"twitter_image_custom_url":null,"twitter_image_custom_fields":null,"twitter_title":null,"twitter_description":null,"schema":{"blockGraphs":[],"customGraphs":[],"default":{"data":{"Article":[],"Course":[],"Dataset":[],"FAQPage":[],"Movie":[],"Person":[],"Product":[],"ProductReview":[],"Car":[],"Recipe":[],"Service":[],"SoftwareApplication":[],"WebPage":[]},"graphName":"","isEnabled":true},"graphs":[],"defaultGraph":"","defaultPostTypeGraph":""},"schema_type":null,"schema_type_options":null,"pillar_content":false,"robots_default":true,"robots_noindex":false,"robots_noarchive":false,"robots_nosnippet":false,"robots_nofollow":false,"robots_noimageindex":false,"robots_noodp":false,"robots_notranslate":false,"robots_max_snippet":null,"robots_max_videopreview":null,"robots_max_imagepreview":"large","priority":null,"frequency":null,"location":null,"local_seo":null,"seo_analyzer_scan_date":"2025-09-25 09:40:31","breadcrumb_settings":null,"limit_modified_date":false,"open_ai":null,"ai":null,"created":"2021-03-08 21:45:45","updated":"2025-09-25 09:40:31"},"aioseo_breadcrumb":"<div class=\"aioseo-breadcrumbs\"><span class=\"aioseo-breadcrumb\">\n\t<a href=\"https:\/\/eldigitaldeasturias.com\/magazine365\" title=\"Home\">Home<\/a>\n<\/span><span class=\"aioseo-breadcrumb-separator\">\u2013<\/span><span class=\"aioseo-breadcrumb\">\n\t<a href=\"https:\/\/eldigitaldeasturias.com\/magazine365\/category\/noticias-actualidad\/\" title=\"Noticias y Actualidad\">Noticias y Actualidad<\/a>\n<\/span><span class=\"aioseo-breadcrumb-separator\">\u2013<\/span><span class=\"aioseo-breadcrumb\">\n\t<a href=\"https:\/\/eldigitaldeasturias.com\/magazine365\/el-turismo-seguira-creciendo-en-2016-pero-cuanto-mas-estabilidad-politica-mejor-senala-exceltur\/\" title=\"El turismo seguir\u00e1 creciendo en 2016 pero \u00abcuanto m\u00e1s estabilidad pol\u00edtica, mejor\u00bb, se\u00f1ala Exceltur\">El turismo seguir\u00e1 creciendo en 2016 pero \u00abcuanto m\u00e1s estabilidad pol\u00edtica, mejor\u00bb, se\u00f1ala Exceltur<\/a>\n<\/span><\/div>","aioseo_breadcrumb_json":[{"label":"Home","link":"https:\/\/eldigitaldeasturias.com\/magazine365"},{"label":"Noticias y Actualidad","link":"https:\/\/eldigitaldeasturias.com\/magazine365\/category\/noticias-actualidad\/"},{"label":"El turismo seguir\u00e1 creciendo en 2016 pero \u00abcuanto m\u00e1s estabilidad pol\u00edtica, mejor\u00bb, se\u00f1ala Exceltur","link":"https:\/\/eldigitaldeasturias.com\/magazine365\/el-turismo-seguira-creciendo-en-2016-pero-cuanto-mas-estabilidad-politica-mejor-senala-exceltur\/"}],"_links":{"self":[{"href":"https:\/\/eldigitaldeasturias.com\/magazine365\/wp-json\/wp\/v2\/posts\/61759","targetHints":{"allow":["GET"]}}],"collection":[{"href":"https:\/\/eldigitaldeasturias.com\/magazine365\/wp-json\/wp\/v2\/posts"}],"about":[{"href":"https:\/\/eldigitaldeasturias.com\/magazine365\/wp-json\/wp\/v2\/types\/post"}],"author":[{"embeddable":true,"href":"https:\/\/eldigitaldeasturias.com\/magazine365\/wp-json\/wp\/v2\/users\/1"}],"replies":[{"embeddable":true,"href":"https:\/\/eldigitaldeasturias.com\/magazine365\/wp-json\/wp\/v2\/comments?post=61759"}],"version-history":[{"count":0,"href":"https:\/\/eldigitaldeasturias.com\/magazine365\/wp-json\/wp\/v2\/posts\/61759\/revisions"}],"wp:featuredmedia":[{"embeddable":true,"href":"https:\/\/eldigitaldeasturias.com\/magazine365\/wp-json\/wp\/v2\/media\/61760"}],"wp:attachment":[{"href":"https:\/\/eldigitaldeasturias.com\/magazine365\/wp-json\/wp\/v2\/media?parent=61759"}],"wp:term":[{"taxonomy":"category","embeddable":true,"href":"https:\/\/eldigitaldeasturias.com\/magazine365\/wp-json\/wp\/v2\/categories?post=61759"},{"taxonomy":"post_tag","embeddable":true,"href":"https:\/\/eldigitaldeasturias.com\/magazine365\/wp-json\/wp\/v2\/tags?post=61759"}],"curies":[{"name":"wp","href":"https:\/\/api.w.org\/{rel}","templated":true}]}}