{"id":61756,"date":"2016-01-23T13:14:37","date_gmt":"2016-01-23T12:14:37","guid":{"rendered":"http:\/\/eldigitaldeasturias.com\/magazine365\/?p=61756"},"modified":"2016-01-23T13:14:37","modified_gmt":"2016-01-23T12:14:37","slug":"cartagena-recibe-en-fitur-el-reconocimiento-por-sus-doce-playas-con-q-de-calidad","status":"publish","type":"post","link":"https:\/\/eldigitaldeasturias.com\/magazine365\/cartagena-recibe-en-fitur-el-reconocimiento-por-sus-doce-playas-con-q-de-calidad\/","title":{"rendered":"Cartagena recibe en Fitur el reconocimiento por sus doce playas con Q de Calidad"},"content":{"rendered":"<p><img fetchpriority=\"high\" decoding=\"async\" class=\"alignleft size-medium wp-image-61757\" src=\"https:\/\/eldigitaldeasturias.com\/magazine365\/wp-content\/uploads\/2016\/01\/fotonoticia_20160122112829_800-332x300.jpg\" alt=\"fotonoticia_20160122112829_800\" width=\"332\" height=\"300\" srcset=\"https:\/\/eldigitaldeasturias.com\/magazine365\/wp-content\/uploads\/2016\/01\/fotonoticia_20160122112829_800-332x300.jpg 332w, https:\/\/eldigitaldeasturias.com\/magazine365\/wp-content\/uploads\/2016\/01\/fotonoticia_20160122112829_800-650x587.jpg 650w, https:\/\/eldigitaldeasturias.com\/magazine365\/wp-content\/uploads\/2016\/01\/fotonoticia_20160122112829_800-768x694.jpg 768w, https:\/\/eldigitaldeasturias.com\/magazine365\/wp-content\/uploads\/2016\/01\/fotonoticia_20160122112829_800-150x136.jpg 150w, https:\/\/eldigitaldeasturias.com\/magazine365\/wp-content\/uploads\/2016\/01\/fotonoticia_20160122112829_800-450x407.jpg 450w, https:\/\/eldigitaldeasturias.com\/magazine365\/wp-content\/uploads\/2016\/01\/fotonoticia_20160122112829_800-696x629.jpg 696w, https:\/\/eldigitaldeasturias.com\/magazine365\/wp-content\/uploads\/2016\/01\/fotonoticia_20160122112829_800-465x420.jpg 465w, https:\/\/eldigitaldeasturias.com\/magazine365\/wp-content\/uploads\/2016\/01\/fotonoticia_20160122112829_800.jpg 800w\" sizes=\"(max-width: 332px) 100vw, 332px\" \/>El Ayuntamiento de Cartagena vuelve con m\u00e9ritos de la 36\u00aa edici\u00f3n de la Feria Internacional de Turismo Fitur en Madrid, ya que en la noche de este jueves 21, se hizo entrega del diploma de las Q&#8217;s de Calidad Tur\u00edstica que obtuvo en el a\u00f1o 2015.<\/p>\n<p>Este reconocimiento lo recogieron la vicealcaldesa, Ana Bel\u00e9n Castej\u00f3n, y la edil de Turismo, Obudlia G\u00f3mez, y premia la calidad y profesionalidad de los servicios y equipamientos para el disfrute de las zonas de ba\u00f1o costeras por parte de los veraneantes.<\/p>\n<p>Cartagena es el municipio, a nivel nacional, que cuenta con mayor n\u00famero de estos distintivos de calidad, un total de doce: Cala del Pino, Mar de Cristal, Levante (Cabo de Palos), Cala Cortina, San Gin\u00e9s en La Azoh\u00eda, Islas Menores, Gal\u00faa, Cavanna, La Gola, Playa Honda, Playa Para\u00edso y Barco Perdido.<\/p>\n<p>El acto tuvo lugar en la noche Q que se celebr\u00f3 en la Galer\u00eda de Cristal del Palacio de Cibeles, y el encargado de entregar este diploma fue el presidente del Instituto de Calidad Tur\u00edstica de Espa\u00f1a, Miguel Miron\u00e9s.<\/p>\n","protected":false},"excerpt":{"rendered":"<p>El Ayuntamiento de Cartagena vuelve con m\u00e9ritos de la 36\u00aa edici\u00f3n de la Feria Internacional de Turismo Fitur en Madrid, ya que en la noche de este jueves 21, se hizo entrega del diploma de las Q&#8217;s de Calidad Tur\u00edstica que obtuvo en el a\u00f1o 2015. Este reconocimiento lo recogieron la vicealcaldesa, Ana Bel\u00e9n Castej\u00f3n,<\/p>\n","protected":false},"author":1,"featured_media":61757,"comment_status":"open","ping_status":"closed","sticky":false,"template":"","format":"standard","meta":{"footnotes":""},"categories":[224],"tags":[],"class_list":{"0":"post-61756","1":"post","2":"type-post","3":"status-publish","4":"format-standard","5":"has-post-thumbnail","7":"category-noticias-actualidad"},"aioseo_notices":[],"aioseo_head":"\n\t\t<!-- All in One SEO Pro 4.9.6.1 - aioseo.com -->\n\t<meta name=\"description\" content=\"El Ayuntamiento de Cartagena vuelve con m\u00e9ritos de la 36\u00aa edici\u00f3n de la Feria Internacional de Turismo Fitur en Madrid, ya que en la noche de este jueves 21, se hizo entrega del diploma de las Q&#039;s de Calidad Tur\u00edstica que obtuvo en el a\u00f1o 2015. Este reconocimiento lo recogieron la vicealcaldesa, Ana Bel\u00e9n Castej\u00f3n,\" \/>\n\t<meta name=\"robots\" content=\"max-image-preview:large\" \/>\n\t<meta name=\"author\" content=\"admin\"\/>\n\t<meta name=\"google-site-verification\" content=\"UA-38556648-1\" \/>\n\t<meta name=\"keywords\" content=\"noticias y actualidad\" \/>\n\t<link rel=\"canonical\" href=\"https:\/\/eldigitaldeasturias.com\/magazine365\/cartagena-recibe-en-fitur-el-reconocimiento-por-sus-doce-playas-con-q-de-calidad\/\" \/>\n\t<meta name=\"generator\" content=\"All in One SEO Pro (AIOSEO) 4.9.6.1\" \/>\n\t\t<meta property=\"og:locale\" content=\"es_ES\" \/>\n\t\t<meta property=\"og:site_name\" content=\"El Digital de Asturias \u2013 Revista de ocio, turismo y estilo de vida\" \/>\n\t\t<meta property=\"og:type\" content=\"article\" \/>\n\t\t<meta property=\"og:title\" content=\"Cartagena recibe en Fitur el reconocimiento por sus doce playas con Q de Calidad | El Digital de Asturias\" \/>\n\t\t<meta property=\"og:description\" content=\"El Ayuntamiento de Cartagena vuelve con m\u00e9ritos de la 36\u00aa edici\u00f3n de la Feria Internacional de Turismo Fitur en Madrid, ya que en la noche de este jueves 21, se hizo entrega del diploma de las Q&#039;s de Calidad Tur\u00edstica que obtuvo en el a\u00f1o 2015. Este reconocimiento lo recogieron la vicealcaldesa, Ana Bel\u00e9n Castej\u00f3n,\" \/>\n\t\t<meta property=\"og:url\" content=\"https:\/\/eldigitaldeasturias.com\/magazine365\/cartagena-recibe-en-fitur-el-reconocimiento-por-sus-doce-playas-con-q-de-calidad\/\" \/>\n\t\t<meta property=\"og:image\" content=\"https:\/\/eldigitaldeasturias.com\/magazine365\/wp-content\/uploads\/2016\/01\/fotonoticia_20160122112829_800.jpg\" \/>\n\t\t<meta property=\"og:image:secure_url\" content=\"https:\/\/eldigitaldeasturias.com\/magazine365\/wp-content\/uploads\/2016\/01\/fotonoticia_20160122112829_800.jpg\" \/>\n\t\t<meta property=\"og:image:width\" content=\"800\" \/>\n\t\t<meta property=\"og:image:height\" content=\"723\" \/>\n\t\t<meta property=\"article:published_time\" content=\"2016-01-23T12:14:37+00:00\" \/>\n\t\t<meta property=\"article:modified_time\" content=\"2016-01-23T12:14:37+00:00\" \/>\n\t\t<meta name=\"twitter:card\" content=\"summary_large_image\" \/>\n\t\t<meta name=\"twitter:title\" content=\"Cartagena recibe en Fitur el reconocimiento por sus doce playas con Q de Calidad | El Digital de Asturias\" \/>\n\t\t<meta name=\"twitter:description\" content=\"El Ayuntamiento de Cartagena vuelve con m\u00e9ritos de la 36\u00aa edici\u00f3n de la Feria Internacional de Turismo Fitur en Madrid, ya que en la noche de este jueves 21, se hizo entrega del diploma de las Q&#039;s de Calidad Tur\u00edstica que obtuvo en el a\u00f1o 2015. Este reconocimiento lo recogieron la vicealcaldesa, Ana Bel\u00e9n Castej\u00f3n,\" \/>\n\t\t<meta name=\"twitter:image\" content=\"https:\/\/eldigitaldeasturias.com\/magazine365\/wp-content\/uploads\/2016\/01\/fotonoticia_20160122112829_800.jpg\" \/>\n\t\t<script type=\"application\/ld+json\" class=\"aioseo-schema\">\n\t\t\t{\"@context\":\"https:\\\/\\\/schema.org\",\"@graph\":[{\"@type\":\"Article\",\"@id\":\"https:\\\/\\\/eldigitaldeasturias.com\\\/magazine365\\\/cartagena-recibe-en-fitur-el-reconocimiento-por-sus-doce-playas-con-q-de-calidad\\\/#article\",\"name\":\"Cartagena recibe en Fitur el reconocimiento por sus doce playas con Q de Calidad | El Digital de Asturias\",\"headline\":\"Cartagena recibe en Fitur el reconocimiento por sus doce playas con Q de Calidad\",\"author\":{\"@id\":\"https:\\\/\\\/eldigitaldeasturias.com\\\/magazine365\\\/author\\\/admin\\\/#author\"},\"publisher\":{\"@id\":\"https:\\\/\\\/eldigitaldeasturias.com\\\/magazine365\\\/#organization\"},\"image\":{\"@type\":\"ImageObject\",\"url\":\"https:\\\/\\\/eldigitaldeasturias.com\\\/magazine365\\\/wp-content\\\/uploads\\\/2016\\\/01\\\/fotonoticia_20160122112829_800.jpg\",\"width\":800,\"height\":723},\"datePublished\":\"2016-01-23T13:14:37+01:00\",\"dateModified\":\"2016-01-23T13:14:37+01:00\",\"inLanguage\":\"es-ES\",\"mainEntityOfPage\":{\"@id\":\"https:\\\/\\\/eldigitaldeasturias.com\\\/magazine365\\\/cartagena-recibe-en-fitur-el-reconocimiento-por-sus-doce-playas-con-q-de-calidad\\\/#webpage\"},\"isPartOf\":{\"@id\":\"https:\\\/\\\/eldigitaldeasturias.com\\\/magazine365\\\/cartagena-recibe-en-fitur-el-reconocimiento-por-sus-doce-playas-con-q-de-calidad\\\/#webpage\"},\"articleSection\":\"Noticias y Actualidad\"},{\"@type\":\"BreadcrumbList\",\"@id\":\"https:\\\/\\\/eldigitaldeasturias.com\\\/magazine365\\\/cartagena-recibe-en-fitur-el-reconocimiento-por-sus-doce-playas-con-q-de-calidad\\\/#breadcrumblist\",\"itemListElement\":[{\"@type\":\"ListItem\",\"@id\":\"https:\\\/\\\/eldigitaldeasturias.com\\\/magazine365#listItem\",\"position\":1,\"name\":\"Home\",\"item\":\"https:\\\/\\\/eldigitaldeasturias.com\\\/magazine365\",\"nextItem\":{\"@type\":\"ListItem\",\"@id\":\"https:\\\/\\\/eldigitaldeasturias.com\\\/magazine365\\\/category\\\/noticias-actualidad\\\/#listItem\",\"name\":\"Noticias y Actualidad\"}},{\"@type\":\"ListItem\",\"@id\":\"https:\\\/\\\/eldigitaldeasturias.com\\\/magazine365\\\/category\\\/noticias-actualidad\\\/#listItem\",\"position\":2,\"name\":\"Noticias y Actualidad\",\"item\":\"https:\\\/\\\/eldigitaldeasturias.com\\\/magazine365\\\/category\\\/noticias-actualidad\\\/\",\"nextItem\":{\"@type\":\"ListItem\",\"@id\":\"https:\\\/\\\/eldigitaldeasturias.com\\\/magazine365\\\/cartagena-recibe-en-fitur-el-reconocimiento-por-sus-doce-playas-con-q-de-calidad\\\/#listItem\",\"name\":\"Cartagena recibe en Fitur el reconocimiento por sus doce playas con Q de Calidad\"},\"previousItem\":{\"@type\":\"ListItem\",\"@id\":\"https:\\\/\\\/eldigitaldeasturias.com\\\/magazine365#listItem\",\"name\":\"Home\"}},{\"@type\":\"ListItem\",\"@id\":\"https:\\\/\\\/eldigitaldeasturias.com\\\/magazine365\\\/cartagena-recibe-en-fitur-el-reconocimiento-por-sus-doce-playas-con-q-de-calidad\\\/#listItem\",\"position\":3,\"name\":\"Cartagena recibe en Fitur el reconocimiento por sus doce playas con Q de Calidad\",\"previousItem\":{\"@type\":\"ListItem\",\"@id\":\"https:\\\/\\\/eldigitaldeasturias.com\\\/magazine365\\\/category\\\/noticias-actualidad\\\/#listItem\",\"name\":\"Noticias y Actualidad\"}}]},{\"@type\":\"Organization\",\"@id\":\"https:\\\/\\\/eldigitaldeasturias.com\\\/magazine365\\\/#organization\",\"name\":\"El digital de Asturias\",\"description\":\"Revista de ocio, turismo y estilo de vida\",\"url\":\"https:\\\/\\\/eldigitaldeasturias.com\\\/magazine365\\\/\",\"logo\":{\"@type\":\"ImageObject\",\"url\":\"https:\\\/\\\/www.eldigitaldeasturias.com\\\/noticias\\\/wp-content\\\/uploads\\\/2020\\\/12\\\/EDA.jpg\",\"@id\":\"https:\\\/\\\/eldigitaldeasturias.com\\\/magazine365\\\/cartagena-recibe-en-fitur-el-reconocimiento-por-sus-doce-playas-con-q-de-calidad\\\/#organizationLogo\"},\"image\":{\"@id\":\"https:\\\/\\\/eldigitaldeasturias.com\\\/magazine365\\\/cartagena-recibe-en-fitur-el-reconocimiento-por-sus-doce-playas-con-q-de-calidad\\\/#organizationLogo\"}},{\"@type\":\"Person\",\"@id\":\"https:\\\/\\\/eldigitaldeasturias.com\\\/magazine365\\\/author\\\/admin\\\/#author\",\"url\":\"https:\\\/\\\/eldigitaldeasturias.com\\\/magazine365\\\/author\\\/admin\\\/\",\"name\":\"admin\",\"image\":{\"@type\":\"ImageObject\",\"@id\":\"https:\\\/\\\/eldigitaldeasturias.com\\\/magazine365\\\/cartagena-recibe-en-fitur-el-reconocimiento-por-sus-doce-playas-con-q-de-calidad\\\/#authorImage\",\"url\":\"https:\\\/\\\/eldigitaldeasturias.com\\\/magazine365\\\/wp-content\\\/litespeed\\\/avatar\\\/e571bcf59a0edd6fa6838245a470f2fe.jpg?ver=1776969259\",\"width\":96,\"height\":96,\"caption\":\"admin\"}},{\"@type\":\"WebPage\",\"@id\":\"https:\\\/\\\/eldigitaldeasturias.com\\\/magazine365\\\/cartagena-recibe-en-fitur-el-reconocimiento-por-sus-doce-playas-con-q-de-calidad\\\/#webpage\",\"url\":\"https:\\\/\\\/eldigitaldeasturias.com\\\/magazine365\\\/cartagena-recibe-en-fitur-el-reconocimiento-por-sus-doce-playas-con-q-de-calidad\\\/\",\"name\":\"Cartagena recibe en Fitur el reconocimiento por sus doce playas con Q de Calidad | El Digital de Asturias\",\"description\":\"El Ayuntamiento de Cartagena vuelve con m\\u00e9ritos de la 36\\u00aa edici\\u00f3n de la Feria Internacional de Turismo Fitur en Madrid, ya que en la noche de este jueves 21, se hizo entrega del diploma de las Q's de Calidad Tur\\u00edstica que obtuvo en el a\\u00f1o 2015. Este reconocimiento lo recogieron la vicealcaldesa, Ana Bel\\u00e9n Castej\\u00f3n,\",\"inLanguage\":\"es-ES\",\"isPartOf\":{\"@id\":\"https:\\\/\\\/eldigitaldeasturias.com\\\/magazine365\\\/#website\"},\"breadcrumb\":{\"@id\":\"https:\\\/\\\/eldigitaldeasturias.com\\\/magazine365\\\/cartagena-recibe-en-fitur-el-reconocimiento-por-sus-doce-playas-con-q-de-calidad\\\/#breadcrumblist\"},\"author\":{\"@id\":\"https:\\\/\\\/eldigitaldeasturias.com\\\/magazine365\\\/author\\\/admin\\\/#author\"},\"creator\":{\"@id\":\"https:\\\/\\\/eldigitaldeasturias.com\\\/magazine365\\\/author\\\/admin\\\/#author\"},\"image\":{\"@type\":\"ImageObject\",\"url\":\"https:\\\/\\\/eldigitaldeasturias.com\\\/magazine365\\\/wp-content\\\/uploads\\\/2016\\\/01\\\/fotonoticia_20160122112829_800.jpg\",\"@id\":\"https:\\\/\\\/eldigitaldeasturias.com\\\/magazine365\\\/cartagena-recibe-en-fitur-el-reconocimiento-por-sus-doce-playas-con-q-de-calidad\\\/#mainImage\",\"width\":800,\"height\":723},\"primaryImageOfPage\":{\"@id\":\"https:\\\/\\\/eldigitaldeasturias.com\\\/magazine365\\\/cartagena-recibe-en-fitur-el-reconocimiento-por-sus-doce-playas-con-q-de-calidad\\\/#mainImage\"},\"datePublished\":\"2016-01-23T13:14:37+01:00\",\"dateModified\":\"2016-01-23T13:14:37+01:00\"},{\"@type\":\"WebSite\",\"@id\":\"https:\\\/\\\/eldigitaldeasturias.com\\\/magazine365\\\/#website\",\"url\":\"https:\\\/\\\/eldigitaldeasturias.com\\\/magazine365\\\/\",\"name\":\"El Digital de Asturias\",\"description\":\"Revista de ocio, turismo y estilo de vida\",\"inLanguage\":\"es-ES\",\"publisher\":{\"@id\":\"https:\\\/\\\/eldigitaldeasturias.com\\\/magazine365\\\/#organization\"}}]}\n\t\t<\/script>\n\t\t<!-- All in One SEO Pro -->\r\n\t\t<title>Cartagena recibe en Fitur el reconocimiento por sus doce playas con Q de Calidad | El Digital de Asturias<\/title>\n\n","aioseo_head_json":{"title":"Cartagena recibe en Fitur el reconocimiento por sus doce playas con Q de Calidad | El Digital de Asturias","description":"El Ayuntamiento de Cartagena vuelve con m\u00e9ritos de la 36\u00aa edici\u00f3n de la Feria Internacional de Turismo Fitur en Madrid, ya que en la noche de este jueves 21, se hizo entrega del diploma de las Q's de Calidad Tur\u00edstica que obtuvo en el a\u00f1o 2015. Este reconocimiento lo recogieron la vicealcaldesa, Ana Bel\u00e9n Castej\u00f3n,","canonical_url":"https:\/\/eldigitaldeasturias.com\/magazine365\/cartagena-recibe-en-fitur-el-reconocimiento-por-sus-doce-playas-con-q-de-calidad\/","robots":"max-image-preview:large","keywords":"noticias y actualidad","webmasterTools":{"google-site-verification":"UA-38556648-1","miscellaneous":""},"schema":{"@context":"https:\/\/schema.org","@graph":[{"@type":"Article","@id":"https:\/\/eldigitaldeasturias.com\/magazine365\/cartagena-recibe-en-fitur-el-reconocimiento-por-sus-doce-playas-con-q-de-calidad\/#article","name":"Cartagena recibe en Fitur el reconocimiento por sus doce playas con Q de Calidad | El Digital de Asturias","headline":"Cartagena recibe en Fitur el reconocimiento por sus doce playas con Q de Calidad","author":{"@id":"https:\/\/eldigitaldeasturias.com\/magazine365\/author\/admin\/#author"},"publisher":{"@id":"https:\/\/eldigitaldeasturias.com\/magazine365\/#organization"},"image":{"@type":"ImageObject","url":"https:\/\/eldigitaldeasturias.com\/magazine365\/wp-content\/uploads\/2016\/01\/fotonoticia_20160122112829_800.jpg","width":800,"height":723},"datePublished":"2016-01-23T13:14:37+01:00","dateModified":"2016-01-23T13:14:37+01:00","inLanguage":"es-ES","mainEntityOfPage":{"@id":"https:\/\/eldigitaldeasturias.com\/magazine365\/cartagena-recibe-en-fitur-el-reconocimiento-por-sus-doce-playas-con-q-de-calidad\/#webpage"},"isPartOf":{"@id":"https:\/\/eldigitaldeasturias.com\/magazine365\/cartagena-recibe-en-fitur-el-reconocimiento-por-sus-doce-playas-con-q-de-calidad\/#webpage"},"articleSection":"Noticias y Actualidad"},{"@type":"BreadcrumbList","@id":"https:\/\/eldigitaldeasturias.com\/magazine365\/cartagena-recibe-en-fitur-el-reconocimiento-por-sus-doce-playas-con-q-de-calidad\/#breadcrumblist","itemListElement":[{"@type":"ListItem","@id":"https:\/\/eldigitaldeasturias.com\/magazine365#listItem","position":1,"name":"Home","item":"https:\/\/eldigitaldeasturias.com\/magazine365","nextItem":{"@type":"ListItem","@id":"https:\/\/eldigitaldeasturias.com\/magazine365\/category\/noticias-actualidad\/#listItem","name":"Noticias y Actualidad"}},{"@type":"ListItem","@id":"https:\/\/eldigitaldeasturias.com\/magazine365\/category\/noticias-actualidad\/#listItem","position":2,"name":"Noticias y Actualidad","item":"https:\/\/eldigitaldeasturias.com\/magazine365\/category\/noticias-actualidad\/","nextItem":{"@type":"ListItem","@id":"https:\/\/eldigitaldeasturias.com\/magazine365\/cartagena-recibe-en-fitur-el-reconocimiento-por-sus-doce-playas-con-q-de-calidad\/#listItem","name":"Cartagena recibe en Fitur el reconocimiento por sus doce playas con Q de Calidad"},"previousItem":{"@type":"ListItem","@id":"https:\/\/eldigitaldeasturias.com\/magazine365#listItem","name":"Home"}},{"@type":"ListItem","@id":"https:\/\/eldigitaldeasturias.com\/magazine365\/cartagena-recibe-en-fitur-el-reconocimiento-por-sus-doce-playas-con-q-de-calidad\/#listItem","position":3,"name":"Cartagena recibe en Fitur el reconocimiento por sus doce playas con Q de Calidad","previousItem":{"@type":"ListItem","@id":"https:\/\/eldigitaldeasturias.com\/magazine365\/category\/noticias-actualidad\/#listItem","name":"Noticias y Actualidad"}}]},{"@type":"Organization","@id":"https:\/\/eldigitaldeasturias.com\/magazine365\/#organization","name":"El digital de Asturias","description":"Revista de ocio, turismo y estilo de vida","url":"https:\/\/eldigitaldeasturias.com\/magazine365\/","logo":{"@type":"ImageObject","url":"https:\/\/www.eldigitaldeasturias.com\/noticias\/wp-content\/uploads\/2020\/12\/EDA.jpg","@id":"https:\/\/eldigitaldeasturias.com\/magazine365\/cartagena-recibe-en-fitur-el-reconocimiento-por-sus-doce-playas-con-q-de-calidad\/#organizationLogo"},"image":{"@id":"https:\/\/eldigitaldeasturias.com\/magazine365\/cartagena-recibe-en-fitur-el-reconocimiento-por-sus-doce-playas-con-q-de-calidad\/#organizationLogo"}},{"@type":"Person","@id":"https:\/\/eldigitaldeasturias.com\/magazine365\/author\/admin\/#author","url":"https:\/\/eldigitaldeasturias.com\/magazine365\/author\/admin\/","name":"admin","image":{"@type":"ImageObject","@id":"https:\/\/eldigitaldeasturias.com\/magazine365\/cartagena-recibe-en-fitur-el-reconocimiento-por-sus-doce-playas-con-q-de-calidad\/#authorImage","url":"https:\/\/eldigitaldeasturias.com\/magazine365\/wp-content\/litespeed\/avatar\/e571bcf59a0edd6fa6838245a470f2fe.jpg?ver=1776969259","width":96,"height":96,"caption":"admin"}},{"@type":"WebPage","@id":"https:\/\/eldigitaldeasturias.com\/magazine365\/cartagena-recibe-en-fitur-el-reconocimiento-por-sus-doce-playas-con-q-de-calidad\/#webpage","url":"https:\/\/eldigitaldeasturias.com\/magazine365\/cartagena-recibe-en-fitur-el-reconocimiento-por-sus-doce-playas-con-q-de-calidad\/","name":"Cartagena recibe en Fitur el reconocimiento por sus doce playas con Q de Calidad | El Digital de Asturias","description":"El Ayuntamiento de Cartagena vuelve con m\u00e9ritos de la 36\u00aa edici\u00f3n de la Feria Internacional de Turismo Fitur en Madrid, ya que en la noche de este jueves 21, se hizo entrega del diploma de las Q's de Calidad Tur\u00edstica que obtuvo en el a\u00f1o 2015. Este reconocimiento lo recogieron la vicealcaldesa, Ana Bel\u00e9n Castej\u00f3n,","inLanguage":"es-ES","isPartOf":{"@id":"https:\/\/eldigitaldeasturias.com\/magazine365\/#website"},"breadcrumb":{"@id":"https:\/\/eldigitaldeasturias.com\/magazine365\/cartagena-recibe-en-fitur-el-reconocimiento-por-sus-doce-playas-con-q-de-calidad\/#breadcrumblist"},"author":{"@id":"https:\/\/eldigitaldeasturias.com\/magazine365\/author\/admin\/#author"},"creator":{"@id":"https:\/\/eldigitaldeasturias.com\/magazine365\/author\/admin\/#author"},"image":{"@type":"ImageObject","url":"https:\/\/eldigitaldeasturias.com\/magazine365\/wp-content\/uploads\/2016\/01\/fotonoticia_20160122112829_800.jpg","@id":"https:\/\/eldigitaldeasturias.com\/magazine365\/cartagena-recibe-en-fitur-el-reconocimiento-por-sus-doce-playas-con-q-de-calidad\/#mainImage","width":800,"height":723},"primaryImageOfPage":{"@id":"https:\/\/eldigitaldeasturias.com\/magazine365\/cartagena-recibe-en-fitur-el-reconocimiento-por-sus-doce-playas-con-q-de-calidad\/#mainImage"},"datePublished":"2016-01-23T13:14:37+01:00","dateModified":"2016-01-23T13:14:37+01:00"},{"@type":"WebSite","@id":"https:\/\/eldigitaldeasturias.com\/magazine365\/#website","url":"https:\/\/eldigitaldeasturias.com\/magazine365\/","name":"El Digital de Asturias","description":"Revista de ocio, turismo y estilo de vida","inLanguage":"es-ES","publisher":{"@id":"https:\/\/eldigitaldeasturias.com\/magazine365\/#organization"}}]},"og:locale":"es_ES","og:site_name":"El Digital de Asturias \u2013 Revista de ocio, turismo y estilo de vida","og:type":"article","og:title":"Cartagena recibe en Fitur el reconocimiento por sus doce playas con Q de Calidad | El Digital de Asturias","og:description":"El Ayuntamiento de Cartagena vuelve con m\u00e9ritos de la 36\u00aa edici\u00f3n de la Feria Internacional de Turismo Fitur en Madrid, ya que en la noche de este jueves 21, se hizo entrega del diploma de las Q's de Calidad Tur\u00edstica que obtuvo en el a\u00f1o 2015. Este reconocimiento lo recogieron la vicealcaldesa, Ana Bel\u00e9n Castej\u00f3n,","og:url":"https:\/\/eldigitaldeasturias.com\/magazine365\/cartagena-recibe-en-fitur-el-reconocimiento-por-sus-doce-playas-con-q-de-calidad\/","og:image":"https:\/\/eldigitaldeasturias.com\/magazine365\/wp-content\/uploads\/2016\/01\/fotonoticia_20160122112829_800.jpg","og:image:secure_url":"https:\/\/eldigitaldeasturias.com\/magazine365\/wp-content\/uploads\/2016\/01\/fotonoticia_20160122112829_800.jpg","og:image:width":800,"og:image:height":723,"article:published_time":"2016-01-23T12:14:37+00:00","article:modified_time":"2016-01-23T12:14:37+00:00","twitter:card":"summary_large_image","twitter:title":"Cartagena recibe en Fitur el reconocimiento por sus doce playas con Q de Calidad | El Digital de Asturias","twitter:description":"El Ayuntamiento de Cartagena vuelve con m\u00e9ritos de la 36\u00aa edici\u00f3n de la Feria Internacional de Turismo Fitur en Madrid, ya que en la noche de este jueves 21, se hizo entrega del diploma de las Q's de Calidad Tur\u00edstica que obtuvo en el a\u00f1o 2015. Este reconocimiento lo recogieron la vicealcaldesa, Ana Bel\u00e9n Castej\u00f3n,","twitter:image":"https:\/\/eldigitaldeasturias.com\/magazine365\/wp-content\/uploads\/2016\/01\/fotonoticia_20160122112829_800.jpg"},"aioseo_meta_data":{"post_id":"61756","title":null,"description":null,"keywords":null,"keyphrases":null,"primary_term":null,"canonical_url":null,"og_title":null,"og_description":null,"og_object_type":"default","og_image_type":"default","og_image_url":null,"og_image_width":null,"og_image_height":null,"og_image_custom_url":null,"og_image_custom_fields":null,"og_video":null,"og_custom_url":null,"og_article_section":null,"og_article_tags":null,"twitter_use_og":false,"twitter_card":"default","twitter_image_type":"default","twitter_image_url":null,"twitter_image_custom_url":null,"twitter_image_custom_fields":null,"twitter_title":null,"twitter_description":null,"schema":{"blockGraphs":[],"customGraphs":[],"default":{"data":{"Article":[],"Course":[],"Dataset":[],"FAQPage":[],"Movie":[],"Person":[],"Product":[],"ProductReview":[],"Car":[],"Recipe":[],"Service":[],"SoftwareApplication":[],"WebPage":[]},"graphName":"","isEnabled":true},"graphs":[],"defaultGraph":"","defaultPostTypeGraph":""},"schema_type":null,"schema_type_options":null,"pillar_content":false,"robots_default":true,"robots_noindex":false,"robots_noarchive":false,"robots_nosnippet":false,"robots_nofollow":false,"robots_noimageindex":false,"robots_noodp":false,"robots_notranslate":false,"robots_max_snippet":null,"robots_max_videopreview":null,"robots_max_imagepreview":"large","priority":null,"frequency":null,"location":null,"local_seo":null,"seo_analyzer_scan_date":"2025-09-25 09:38:11","breadcrumb_settings":null,"limit_modified_date":false,"open_ai":null,"ai":null,"created":"2021-03-08 21:45:45","updated":"2025-09-25 09:38:11"},"aioseo_breadcrumb":"<div class=\"aioseo-breadcrumbs\"><span class=\"aioseo-breadcrumb\">\n\t<a href=\"https:\/\/eldigitaldeasturias.com\/magazine365\" title=\"Home\">Home<\/a>\n<\/span><span class=\"aioseo-breadcrumb-separator\">\u2013<\/span><span class=\"aioseo-breadcrumb\">\n\t<a href=\"https:\/\/eldigitaldeasturias.com\/magazine365\/category\/noticias-actualidad\/\" title=\"Noticias y Actualidad\">Noticias y Actualidad<\/a>\n<\/span><span class=\"aioseo-breadcrumb-separator\">\u2013<\/span><span class=\"aioseo-breadcrumb\">\n\t<a href=\"https:\/\/eldigitaldeasturias.com\/magazine365\/cartagena-recibe-en-fitur-el-reconocimiento-por-sus-doce-playas-con-q-de-calidad\/\" title=\"Cartagena recibe en Fitur el reconocimiento por sus doce playas con Q de Calidad\">Cartagena recibe en Fitur el reconocimiento por sus doce playas con Q de Calidad<\/a>\n<\/span><\/div>","aioseo_breadcrumb_json":[{"label":"Home","link":"https:\/\/eldigitaldeasturias.com\/magazine365"},{"label":"Noticias y Actualidad","link":"https:\/\/eldigitaldeasturias.com\/magazine365\/category\/noticias-actualidad\/"},{"label":"Cartagena recibe en Fitur el reconocimiento por sus doce playas con Q de Calidad","link":"https:\/\/eldigitaldeasturias.com\/magazine365\/cartagena-recibe-en-fitur-el-reconocimiento-por-sus-doce-playas-con-q-de-calidad\/"}],"_links":{"self":[{"href":"https:\/\/eldigitaldeasturias.com\/magazine365\/wp-json\/wp\/v2\/posts\/61756","targetHints":{"allow":["GET"]}}],"collection":[{"href":"https:\/\/eldigitaldeasturias.com\/magazine365\/wp-json\/wp\/v2\/posts"}],"about":[{"href":"https:\/\/eldigitaldeasturias.com\/magazine365\/wp-json\/wp\/v2\/types\/post"}],"author":[{"embeddable":true,"href":"https:\/\/eldigitaldeasturias.com\/magazine365\/wp-json\/wp\/v2\/users\/1"}],"replies":[{"embeddable":true,"href":"https:\/\/eldigitaldeasturias.com\/magazine365\/wp-json\/wp\/v2\/comments?post=61756"}],"version-history":[{"count":0,"href":"https:\/\/eldigitaldeasturias.com\/magazine365\/wp-json\/wp\/v2\/posts\/61756\/revisions"}],"wp:featuredmedia":[{"embeddable":true,"href":"https:\/\/eldigitaldeasturias.com\/magazine365\/wp-json\/wp\/v2\/media\/61757"}],"wp:attachment":[{"href":"https:\/\/eldigitaldeasturias.com\/magazine365\/wp-json\/wp\/v2\/media?parent=61756"}],"wp:term":[{"taxonomy":"category","embeddable":true,"href":"https:\/\/eldigitaldeasturias.com\/magazine365\/wp-json\/wp\/v2\/categories?post=61756"},{"taxonomy":"post_tag","embeddable":true,"href":"https:\/\/eldigitaldeasturias.com\/magazine365\/wp-json\/wp\/v2\/tags?post=61756"}],"curies":[{"name":"wp","href":"https:\/\/api.w.org\/{rel}","templated":true}]}}