{"id":61753,"date":"2016-01-23T13:13:44","date_gmt":"2016-01-23T12:13:44","guid":{"rendered":"http:\/\/eldigitaldeasturias.com\/magazine365\/?p=61753"},"modified":"2016-01-23T13:13:44","modified_gmt":"2016-01-23T12:13:44","slug":"la-comarca-de-la-siberia-extremena-centra-su-promocion-en-el-agua-y-la-naturaleza","status":"publish","type":"post","link":"https:\/\/eldigitaldeasturias.com\/magazine365\/la-comarca-de-la-siberia-extremena-centra-su-promocion-en-el-agua-y-la-naturaleza\/","title":{"rendered":"La comarca de La Siberia Extreme\u00f1a centra su promoci\u00f3n en el agua y la naturaleza"},"content":{"rendered":"<p><img fetchpriority=\"high\" decoding=\"async\" class=\"alignleft size-medium wp-image-61754\" src=\"https:\/\/eldigitaldeasturias.com\/magazine365\/wp-content\/uploads\/2016\/01\/fotonoticia_20160122112758_800-360x270.jpg\" alt=\"fotonoticia_20160122112758_800\" width=\"360\" height=\"270\" srcset=\"https:\/\/eldigitaldeasturias.com\/magazine365\/wp-content\/uploads\/2016\/01\/fotonoticia_20160122112758_800-360x270.jpg 360w, https:\/\/eldigitaldeasturias.com\/magazine365\/wp-content\/uploads\/2016\/01\/fotonoticia_20160122112758_800-650x488.jpg 650w, https:\/\/eldigitaldeasturias.com\/magazine365\/wp-content\/uploads\/2016\/01\/fotonoticia_20160122112758_800-768x576.jpg 768w, https:\/\/eldigitaldeasturias.com\/magazine365\/wp-content\/uploads\/2016\/01\/fotonoticia_20160122112758_800-150x113.jpg 150w, https:\/\/eldigitaldeasturias.com\/magazine365\/wp-content\/uploads\/2016\/01\/fotonoticia_20160122112758_800-450x338.jpg 450w, https:\/\/eldigitaldeasturias.com\/magazine365\/wp-content\/uploads\/2016\/01\/fotonoticia_20160122112758_800-80x60.jpg 80w, https:\/\/eldigitaldeasturias.com\/magazine365\/wp-content\/uploads\/2016\/01\/fotonoticia_20160122112758_800-265x198.jpg 265w, https:\/\/eldigitaldeasturias.com\/magazine365\/wp-content\/uploads\/2016\/01\/fotonoticia_20160122112758_800-696x522.jpg 696w, https:\/\/eldigitaldeasturias.com\/magazine365\/wp-content\/uploads\/2016\/01\/fotonoticia_20160122112758_800-560x420.jpg 560w, https:\/\/eldigitaldeasturias.com\/magazine365\/wp-content\/uploads\/2016\/01\/fotonoticia_20160122112758_800-90x67.jpg 90w, https:\/\/eldigitaldeasturias.com\/magazine365\/wp-content\/uploads\/2016\/01\/fotonoticia_20160122112758_800-164x124.jpg 164w, https:\/\/eldigitaldeasturias.com\/magazine365\/wp-content\/uploads\/2016\/01\/fotonoticia_20160122112758_800-100x75.jpg 100w, https:\/\/eldigitaldeasturias.com\/magazine365\/wp-content\/uploads\/2016\/01\/fotonoticia_20160122112758_800.jpg 800w\" sizes=\"(max-width: 360px) 100vw, 360px\" \/>La comarca de La Siberia Extreme\u00f1a ha centrado su promoci\u00f3n tur\u00edstica en el agua, ya que dispone de \u00abcinco grandes embalses que la convierten en la comarca espa\u00f1ola con m\u00e1s agua embalsada y con mayores kil\u00f3metros de costa de agua dulce\u00bb, as\u00ed como por su \u00abriqueza natural y su diversidad de ecosistemas\u00bb.<\/p>\n<p>Esta comarca ha presentado sus recursos tur\u00edsticos en el marco de la Feria Internacional de Turismo (Fitur) que se celebra estos d\u00edas en Ifema, y cuya presentado ha contad con la presencia del presidente de la Diputaci\u00f3n de Badajoz, Miguel \u00c1ngel Gallardo; el director general de Desarrollo Rural de la Junta de Extremadura, Manuel Mej\u00edas; la presidenta de la Asociaci\u00f3n de Empresarios de Turismo de La Siberia, Susana Bertomeu; la presidenta del Grupo de Acci\u00f3n Local CEDER La Siberia, Rosa Mar\u00eda Ar\u00e1ujo, y el presidente de la Red Extreme\u00f1a de Desarrollo Rural, Aurelio Garc\u00eda Berm\u00fadez.<\/p>\n<p>Una presentaci\u00f3n en la que sus asistentes mostaron su apoyo a la declaraci\u00f3n de La Siberia Extreme\u00f1a como Reserva de la Biosfera por parte de la Unesco.<\/p>\n<p>En este sentido, el presidente de la Diputaci\u00f3n de Badajoz ha destacado que la comarca de La Siberia \u00abcuenta con todo el apoyo de la Diputaci\u00f3n de Badajoz para su declaraci\u00f3n como Reserva de la Biosfera\u00bb.<\/p>\n<p>As\u00ed, Gallardo ha abogado por \u00abaprovechar\u00bb el agua y el paisaje de esta zona para generar empleo y riqueza. \u00abDesde la Diputaci\u00f3n ya estamos trabajando, poniendo todos los medios a nuestro alcance, para evitar la despoblaci\u00f3n de esta comarca\u00bb, ha se\u00f1alado.<\/p>\n<p>Por su parte, el director general de Desarrollo Rural de la Junta de Extremadura, Manuel Mej\u00edas, ha expresado su satisfacci\u00f3n por el trabajo realizado por los grupos de acci\u00f3n local para que la gente contin\u00fae viviendo en los pueblos y reiter\u00f3 su apoyo a la declaraci\u00f3n de Reserva de la Biosfera de La Siberia, la zona con m\u00e1s kil\u00f3metros de costa dulce de Espa\u00f1a.<\/p>\n<p>La campa\u00f1a &#8216;La Siberia, agua y naturaleza&#8217; incluye la edici\u00f3n de una &#8216;Gu\u00eda de recursos naturales de La Siberia&#8217; y la puesta en marcha de una App denominada &#8216;Ornigu\u00eda de La Siberia&#8217; que \u00abpone en valor el inter\u00e9s ornitol\u00f3gico de este rinc\u00f3n de la provincia de Badajoz\u00bb, disponible para Android, iphone e ipad.<\/p>\n","protected":false},"excerpt":{"rendered":"<p>La comarca de La Siberia Extreme\u00f1a ha centrado su promoci\u00f3n tur\u00edstica en el agua, ya que dispone de \u00abcinco grandes embalses que la convierten en la comarca espa\u00f1ola con m\u00e1s agua embalsada y con mayores kil\u00f3metros de costa de agua dulce\u00bb, as\u00ed como por su \u00abriqueza natural y su diversidad de ecosistemas\u00bb. Esta comarca ha<\/p>\n","protected":false},"author":1,"featured_media":61754,"comment_status":"open","ping_status":"closed","sticky":false,"template":"","format":"standard","meta":{"footnotes":""},"categories":[224],"tags":[],"class_list":{"0":"post-61753","1":"post","2":"type-post","3":"status-publish","4":"format-standard","5":"has-post-thumbnail","7":"category-noticias-actualidad"},"aioseo_notices":[],"aioseo_head":"\n\t\t<!-- All in One SEO Pro 4.9.6.1 - aioseo.com -->\n\t<meta name=\"description\" content=\"La comarca de La Siberia Extreme\u00f1a ha centrado su promoci\u00f3n tur\u00edstica en el agua, ya que dispone de &quot;cinco grandes embalses que la convierten en la comarca espa\u00f1ola con m\u00e1s agua embalsada y con mayores kil\u00f3metros de costa de agua dulce&quot;, as\u00ed como por su &quot;riqueza natural y su diversidad de ecosistemas&quot;. Esta comarca ha\" \/>\n\t<meta name=\"robots\" content=\"max-image-preview:large\" \/>\n\t<meta name=\"author\" content=\"admin\"\/>\n\t<meta name=\"google-site-verification\" content=\"UA-38556648-1\" \/>\n\t<meta name=\"keywords\" content=\"noticias y actualidad\" \/>\n\t<link rel=\"canonical\" href=\"https:\/\/eldigitaldeasturias.com\/magazine365\/la-comarca-de-la-siberia-extremena-centra-su-promocion-en-el-agua-y-la-naturaleza\/\" \/>\n\t<meta name=\"generator\" content=\"All in One SEO Pro (AIOSEO) 4.9.6.1\" \/>\n\t\t<meta property=\"og:locale\" content=\"es_ES\" \/>\n\t\t<meta property=\"og:site_name\" content=\"El Digital de Asturias \u2013 Revista de ocio, turismo y estilo de vida\" \/>\n\t\t<meta property=\"og:type\" content=\"article\" \/>\n\t\t<meta property=\"og:title\" content=\"La comarca de La Siberia Extreme\u00f1a centra su promoci\u00f3n en el agua y la naturaleza | El Digital de Asturias\" \/>\n\t\t<meta property=\"og:description\" content=\"La comarca de La Siberia Extreme\u00f1a ha centrado su promoci\u00f3n tur\u00edstica en el agua, ya que dispone de &quot;cinco grandes embalses que la convierten en la comarca espa\u00f1ola con m\u00e1s agua embalsada y con mayores kil\u00f3metros de costa de agua dulce&quot;, as\u00ed como por su &quot;riqueza natural y su diversidad de ecosistemas&quot;. Esta comarca ha\" \/>\n\t\t<meta property=\"og:url\" content=\"https:\/\/eldigitaldeasturias.com\/magazine365\/la-comarca-de-la-siberia-extremena-centra-su-promocion-en-el-agua-y-la-naturaleza\/\" \/>\n\t\t<meta property=\"og:image\" content=\"https:\/\/eldigitaldeasturias.com\/magazine365\/wp-content\/uploads\/2016\/01\/fotonoticia_20160122112758_800.jpg\" \/>\n\t\t<meta property=\"og:image:secure_url\" content=\"https:\/\/eldigitaldeasturias.com\/magazine365\/wp-content\/uploads\/2016\/01\/fotonoticia_20160122112758_800.jpg\" \/>\n\t\t<meta property=\"og:image:width\" content=\"800\" \/>\n\t\t<meta property=\"og:image:height\" content=\"600\" \/>\n\t\t<meta property=\"article:published_time\" content=\"2016-01-23T12:13:44+00:00\" \/>\n\t\t<meta property=\"article:modified_time\" content=\"2016-01-23T12:13:44+00:00\" \/>\n\t\t<meta name=\"twitter:card\" content=\"summary_large_image\" \/>\n\t\t<meta name=\"twitter:title\" content=\"La comarca de La Siberia Extreme\u00f1a centra su promoci\u00f3n en el agua y la naturaleza | El Digital de Asturias\" \/>\n\t\t<meta name=\"twitter:description\" content=\"La comarca de La Siberia Extreme\u00f1a ha centrado su promoci\u00f3n tur\u00edstica en el agua, ya que dispone de &quot;cinco grandes embalses que la convierten en la comarca espa\u00f1ola con m\u00e1s agua embalsada y con mayores kil\u00f3metros de costa de agua dulce&quot;, as\u00ed como por su &quot;riqueza natural y su diversidad de ecosistemas&quot;. Esta comarca ha\" \/>\n\t\t<meta name=\"twitter:image\" content=\"https:\/\/eldigitaldeasturias.com\/magazine365\/wp-content\/uploads\/2016\/01\/fotonoticia_20160122112758_800.jpg\" \/>\n\t\t<script type=\"application\/ld+json\" class=\"aioseo-schema\">\n\t\t\t{\"@context\":\"https:\\\/\\\/schema.org\",\"@graph\":[{\"@type\":\"Article\",\"@id\":\"https:\\\/\\\/eldigitaldeasturias.com\\\/magazine365\\\/la-comarca-de-la-siberia-extremena-centra-su-promocion-en-el-agua-y-la-naturaleza\\\/#article\",\"name\":\"La comarca de La Siberia Extreme\\u00f1a centra su promoci\\u00f3n en el agua y la naturaleza | El Digital de Asturias\",\"headline\":\"La comarca de La Siberia Extreme\\u00f1a centra su promoci\\u00f3n en el agua y la naturaleza\",\"author\":{\"@id\":\"https:\\\/\\\/eldigitaldeasturias.com\\\/magazine365\\\/author\\\/admin\\\/#author\"},\"publisher\":{\"@id\":\"https:\\\/\\\/eldigitaldeasturias.com\\\/magazine365\\\/#organization\"},\"image\":{\"@type\":\"ImageObject\",\"url\":\"https:\\\/\\\/eldigitaldeasturias.com\\\/magazine365\\\/wp-content\\\/uploads\\\/2016\\\/01\\\/fotonoticia_20160122112758_800.jpg\",\"width\":800,\"height\":600},\"datePublished\":\"2016-01-23T13:13:44+01:00\",\"dateModified\":\"2016-01-23T13:13:44+01:00\",\"inLanguage\":\"es-ES\",\"mainEntityOfPage\":{\"@id\":\"https:\\\/\\\/eldigitaldeasturias.com\\\/magazine365\\\/la-comarca-de-la-siberia-extremena-centra-su-promocion-en-el-agua-y-la-naturaleza\\\/#webpage\"},\"isPartOf\":{\"@id\":\"https:\\\/\\\/eldigitaldeasturias.com\\\/magazine365\\\/la-comarca-de-la-siberia-extremena-centra-su-promocion-en-el-agua-y-la-naturaleza\\\/#webpage\"},\"articleSection\":\"Noticias y Actualidad\"},{\"@type\":\"BreadcrumbList\",\"@id\":\"https:\\\/\\\/eldigitaldeasturias.com\\\/magazine365\\\/la-comarca-de-la-siberia-extremena-centra-su-promocion-en-el-agua-y-la-naturaleza\\\/#breadcrumblist\",\"itemListElement\":[{\"@type\":\"ListItem\",\"@id\":\"https:\\\/\\\/eldigitaldeasturias.com\\\/magazine365#listItem\",\"position\":1,\"name\":\"Home\",\"item\":\"https:\\\/\\\/eldigitaldeasturias.com\\\/magazine365\",\"nextItem\":{\"@type\":\"ListItem\",\"@id\":\"https:\\\/\\\/eldigitaldeasturias.com\\\/magazine365\\\/category\\\/noticias-actualidad\\\/#listItem\",\"name\":\"Noticias y Actualidad\"}},{\"@type\":\"ListItem\",\"@id\":\"https:\\\/\\\/eldigitaldeasturias.com\\\/magazine365\\\/category\\\/noticias-actualidad\\\/#listItem\",\"position\":2,\"name\":\"Noticias y Actualidad\",\"item\":\"https:\\\/\\\/eldigitaldeasturias.com\\\/magazine365\\\/category\\\/noticias-actualidad\\\/\",\"nextItem\":{\"@type\":\"ListItem\",\"@id\":\"https:\\\/\\\/eldigitaldeasturias.com\\\/magazine365\\\/la-comarca-de-la-siberia-extremena-centra-su-promocion-en-el-agua-y-la-naturaleza\\\/#listItem\",\"name\":\"La comarca de La Siberia Extreme\\u00f1a centra su promoci\\u00f3n en el agua y la naturaleza\"},\"previousItem\":{\"@type\":\"ListItem\",\"@id\":\"https:\\\/\\\/eldigitaldeasturias.com\\\/magazine365#listItem\",\"name\":\"Home\"}},{\"@type\":\"ListItem\",\"@id\":\"https:\\\/\\\/eldigitaldeasturias.com\\\/magazine365\\\/la-comarca-de-la-siberia-extremena-centra-su-promocion-en-el-agua-y-la-naturaleza\\\/#listItem\",\"position\":3,\"name\":\"La comarca de La Siberia Extreme\\u00f1a centra su promoci\\u00f3n en el agua y la naturaleza\",\"previousItem\":{\"@type\":\"ListItem\",\"@id\":\"https:\\\/\\\/eldigitaldeasturias.com\\\/magazine365\\\/category\\\/noticias-actualidad\\\/#listItem\",\"name\":\"Noticias y Actualidad\"}}]},{\"@type\":\"Organization\",\"@id\":\"https:\\\/\\\/eldigitaldeasturias.com\\\/magazine365\\\/#organization\",\"name\":\"El digital de Asturias\",\"description\":\"Revista de ocio, turismo y estilo de vida\",\"url\":\"https:\\\/\\\/eldigitaldeasturias.com\\\/magazine365\\\/\",\"logo\":{\"@type\":\"ImageObject\",\"url\":\"https:\\\/\\\/www.eldigitaldeasturias.com\\\/noticias\\\/wp-content\\\/uploads\\\/2020\\\/12\\\/EDA.jpg\",\"@id\":\"https:\\\/\\\/eldigitaldeasturias.com\\\/magazine365\\\/la-comarca-de-la-siberia-extremena-centra-su-promocion-en-el-agua-y-la-naturaleza\\\/#organizationLogo\"},\"image\":{\"@id\":\"https:\\\/\\\/eldigitaldeasturias.com\\\/magazine365\\\/la-comarca-de-la-siberia-extremena-centra-su-promocion-en-el-agua-y-la-naturaleza\\\/#organizationLogo\"}},{\"@type\":\"Person\",\"@id\":\"https:\\\/\\\/eldigitaldeasturias.com\\\/magazine365\\\/author\\\/admin\\\/#author\",\"url\":\"https:\\\/\\\/eldigitaldeasturias.com\\\/magazine365\\\/author\\\/admin\\\/\",\"name\":\"admin\",\"image\":{\"@type\":\"ImageObject\",\"@id\":\"https:\\\/\\\/eldigitaldeasturias.com\\\/magazine365\\\/la-comarca-de-la-siberia-extremena-centra-su-promocion-en-el-agua-y-la-naturaleza\\\/#authorImage\",\"url\":\"https:\\\/\\\/eldigitaldeasturias.com\\\/magazine365\\\/wp-content\\\/litespeed\\\/avatar\\\/e571bcf59a0edd6fa6838245a470f2fe.jpg?ver=1776969259\",\"width\":96,\"height\":96,\"caption\":\"admin\"}},{\"@type\":\"WebPage\",\"@id\":\"https:\\\/\\\/eldigitaldeasturias.com\\\/magazine365\\\/la-comarca-de-la-siberia-extremena-centra-su-promocion-en-el-agua-y-la-naturaleza\\\/#webpage\",\"url\":\"https:\\\/\\\/eldigitaldeasturias.com\\\/magazine365\\\/la-comarca-de-la-siberia-extremena-centra-su-promocion-en-el-agua-y-la-naturaleza\\\/\",\"name\":\"La comarca de La Siberia Extreme\\u00f1a centra su promoci\\u00f3n en el agua y la naturaleza | El Digital de Asturias\",\"description\":\"La comarca de La Siberia Extreme\\u00f1a ha centrado su promoci\\u00f3n tur\\u00edstica en el agua, ya que dispone de \\\"cinco grandes embalses que la convierten en la comarca espa\\u00f1ola con m\\u00e1s agua embalsada y con mayores kil\\u00f3metros de costa de agua dulce\\\", as\\u00ed como por su \\\"riqueza natural y su diversidad de ecosistemas\\\". Esta comarca ha\",\"inLanguage\":\"es-ES\",\"isPartOf\":{\"@id\":\"https:\\\/\\\/eldigitaldeasturias.com\\\/magazine365\\\/#website\"},\"breadcrumb\":{\"@id\":\"https:\\\/\\\/eldigitaldeasturias.com\\\/magazine365\\\/la-comarca-de-la-siberia-extremena-centra-su-promocion-en-el-agua-y-la-naturaleza\\\/#breadcrumblist\"},\"author\":{\"@id\":\"https:\\\/\\\/eldigitaldeasturias.com\\\/magazine365\\\/author\\\/admin\\\/#author\"},\"creator\":{\"@id\":\"https:\\\/\\\/eldigitaldeasturias.com\\\/magazine365\\\/author\\\/admin\\\/#author\"},\"image\":{\"@type\":\"ImageObject\",\"url\":\"https:\\\/\\\/eldigitaldeasturias.com\\\/magazine365\\\/wp-content\\\/uploads\\\/2016\\\/01\\\/fotonoticia_20160122112758_800.jpg\",\"@id\":\"https:\\\/\\\/eldigitaldeasturias.com\\\/magazine365\\\/la-comarca-de-la-siberia-extremena-centra-su-promocion-en-el-agua-y-la-naturaleza\\\/#mainImage\",\"width\":800,\"height\":600},\"primaryImageOfPage\":{\"@id\":\"https:\\\/\\\/eldigitaldeasturias.com\\\/magazine365\\\/la-comarca-de-la-siberia-extremena-centra-su-promocion-en-el-agua-y-la-naturaleza\\\/#mainImage\"},\"datePublished\":\"2016-01-23T13:13:44+01:00\",\"dateModified\":\"2016-01-23T13:13:44+01:00\"},{\"@type\":\"WebSite\",\"@id\":\"https:\\\/\\\/eldigitaldeasturias.com\\\/magazine365\\\/#website\",\"url\":\"https:\\\/\\\/eldigitaldeasturias.com\\\/magazine365\\\/\",\"name\":\"El Digital de Asturias\",\"description\":\"Revista de ocio, turismo y estilo de vida\",\"inLanguage\":\"es-ES\",\"publisher\":{\"@id\":\"https:\\\/\\\/eldigitaldeasturias.com\\\/magazine365\\\/#organization\"}}]}\n\t\t<\/script>\n\t\t<!-- All in One SEO Pro -->\r\n\t\t<title>La comarca de La Siberia Extreme\u00f1a centra su promoci\u00f3n en el agua y la naturaleza | El Digital de Asturias<\/title>\n\n","aioseo_head_json":{"title":"La comarca de La Siberia Extreme\u00f1a centra su promoci\u00f3n en el agua y la naturaleza | El Digital de Asturias","description":"La comarca de La Siberia Extreme\u00f1a ha centrado su promoci\u00f3n tur\u00edstica en el agua, ya que dispone de \"cinco grandes embalses que la convierten en la comarca espa\u00f1ola con m\u00e1s agua embalsada y con mayores kil\u00f3metros de costa de agua dulce\", as\u00ed como por su \"riqueza natural y su diversidad de ecosistemas\". Esta comarca ha","canonical_url":"https:\/\/eldigitaldeasturias.com\/magazine365\/la-comarca-de-la-siberia-extremena-centra-su-promocion-en-el-agua-y-la-naturaleza\/","robots":"max-image-preview:large","keywords":"noticias y actualidad","webmasterTools":{"google-site-verification":"UA-38556648-1","miscellaneous":""},"schema":{"@context":"https:\/\/schema.org","@graph":[{"@type":"Article","@id":"https:\/\/eldigitaldeasturias.com\/magazine365\/la-comarca-de-la-siberia-extremena-centra-su-promocion-en-el-agua-y-la-naturaleza\/#article","name":"La comarca de La Siberia Extreme\u00f1a centra su promoci\u00f3n en el agua y la naturaleza | El Digital de Asturias","headline":"La comarca de La Siberia Extreme\u00f1a centra su promoci\u00f3n en el agua y la naturaleza","author":{"@id":"https:\/\/eldigitaldeasturias.com\/magazine365\/author\/admin\/#author"},"publisher":{"@id":"https:\/\/eldigitaldeasturias.com\/magazine365\/#organization"},"image":{"@type":"ImageObject","url":"https:\/\/eldigitaldeasturias.com\/magazine365\/wp-content\/uploads\/2016\/01\/fotonoticia_20160122112758_800.jpg","width":800,"height":600},"datePublished":"2016-01-23T13:13:44+01:00","dateModified":"2016-01-23T13:13:44+01:00","inLanguage":"es-ES","mainEntityOfPage":{"@id":"https:\/\/eldigitaldeasturias.com\/magazine365\/la-comarca-de-la-siberia-extremena-centra-su-promocion-en-el-agua-y-la-naturaleza\/#webpage"},"isPartOf":{"@id":"https:\/\/eldigitaldeasturias.com\/magazine365\/la-comarca-de-la-siberia-extremena-centra-su-promocion-en-el-agua-y-la-naturaleza\/#webpage"},"articleSection":"Noticias y Actualidad"},{"@type":"BreadcrumbList","@id":"https:\/\/eldigitaldeasturias.com\/magazine365\/la-comarca-de-la-siberia-extremena-centra-su-promocion-en-el-agua-y-la-naturaleza\/#breadcrumblist","itemListElement":[{"@type":"ListItem","@id":"https:\/\/eldigitaldeasturias.com\/magazine365#listItem","position":1,"name":"Home","item":"https:\/\/eldigitaldeasturias.com\/magazine365","nextItem":{"@type":"ListItem","@id":"https:\/\/eldigitaldeasturias.com\/magazine365\/category\/noticias-actualidad\/#listItem","name":"Noticias y Actualidad"}},{"@type":"ListItem","@id":"https:\/\/eldigitaldeasturias.com\/magazine365\/category\/noticias-actualidad\/#listItem","position":2,"name":"Noticias y Actualidad","item":"https:\/\/eldigitaldeasturias.com\/magazine365\/category\/noticias-actualidad\/","nextItem":{"@type":"ListItem","@id":"https:\/\/eldigitaldeasturias.com\/magazine365\/la-comarca-de-la-siberia-extremena-centra-su-promocion-en-el-agua-y-la-naturaleza\/#listItem","name":"La comarca de La Siberia Extreme\u00f1a centra su promoci\u00f3n en el agua y la naturaleza"},"previousItem":{"@type":"ListItem","@id":"https:\/\/eldigitaldeasturias.com\/magazine365#listItem","name":"Home"}},{"@type":"ListItem","@id":"https:\/\/eldigitaldeasturias.com\/magazine365\/la-comarca-de-la-siberia-extremena-centra-su-promocion-en-el-agua-y-la-naturaleza\/#listItem","position":3,"name":"La comarca de La Siberia Extreme\u00f1a centra su promoci\u00f3n en el agua y la naturaleza","previousItem":{"@type":"ListItem","@id":"https:\/\/eldigitaldeasturias.com\/magazine365\/category\/noticias-actualidad\/#listItem","name":"Noticias y Actualidad"}}]},{"@type":"Organization","@id":"https:\/\/eldigitaldeasturias.com\/magazine365\/#organization","name":"El digital de Asturias","description":"Revista de ocio, turismo y estilo de vida","url":"https:\/\/eldigitaldeasturias.com\/magazine365\/","logo":{"@type":"ImageObject","url":"https:\/\/www.eldigitaldeasturias.com\/noticias\/wp-content\/uploads\/2020\/12\/EDA.jpg","@id":"https:\/\/eldigitaldeasturias.com\/magazine365\/la-comarca-de-la-siberia-extremena-centra-su-promocion-en-el-agua-y-la-naturaleza\/#organizationLogo"},"image":{"@id":"https:\/\/eldigitaldeasturias.com\/magazine365\/la-comarca-de-la-siberia-extremena-centra-su-promocion-en-el-agua-y-la-naturaleza\/#organizationLogo"}},{"@type":"Person","@id":"https:\/\/eldigitaldeasturias.com\/magazine365\/author\/admin\/#author","url":"https:\/\/eldigitaldeasturias.com\/magazine365\/author\/admin\/","name":"admin","image":{"@type":"ImageObject","@id":"https:\/\/eldigitaldeasturias.com\/magazine365\/la-comarca-de-la-siberia-extremena-centra-su-promocion-en-el-agua-y-la-naturaleza\/#authorImage","url":"https:\/\/eldigitaldeasturias.com\/magazine365\/wp-content\/litespeed\/avatar\/e571bcf59a0edd6fa6838245a470f2fe.jpg?ver=1776969259","width":96,"height":96,"caption":"admin"}},{"@type":"WebPage","@id":"https:\/\/eldigitaldeasturias.com\/magazine365\/la-comarca-de-la-siberia-extremena-centra-su-promocion-en-el-agua-y-la-naturaleza\/#webpage","url":"https:\/\/eldigitaldeasturias.com\/magazine365\/la-comarca-de-la-siberia-extremena-centra-su-promocion-en-el-agua-y-la-naturaleza\/","name":"La comarca de La Siberia Extreme\u00f1a centra su promoci\u00f3n en el agua y la naturaleza | El Digital de Asturias","description":"La comarca de La Siberia Extreme\u00f1a ha centrado su promoci\u00f3n tur\u00edstica en el agua, ya que dispone de \"cinco grandes embalses que la convierten en la comarca espa\u00f1ola con m\u00e1s agua embalsada y con mayores kil\u00f3metros de costa de agua dulce\", as\u00ed como por su \"riqueza natural y su diversidad de ecosistemas\". Esta comarca ha","inLanguage":"es-ES","isPartOf":{"@id":"https:\/\/eldigitaldeasturias.com\/magazine365\/#website"},"breadcrumb":{"@id":"https:\/\/eldigitaldeasturias.com\/magazine365\/la-comarca-de-la-siberia-extremena-centra-su-promocion-en-el-agua-y-la-naturaleza\/#breadcrumblist"},"author":{"@id":"https:\/\/eldigitaldeasturias.com\/magazine365\/author\/admin\/#author"},"creator":{"@id":"https:\/\/eldigitaldeasturias.com\/magazine365\/author\/admin\/#author"},"image":{"@type":"ImageObject","url":"https:\/\/eldigitaldeasturias.com\/magazine365\/wp-content\/uploads\/2016\/01\/fotonoticia_20160122112758_800.jpg","@id":"https:\/\/eldigitaldeasturias.com\/magazine365\/la-comarca-de-la-siberia-extremena-centra-su-promocion-en-el-agua-y-la-naturaleza\/#mainImage","width":800,"height":600},"primaryImageOfPage":{"@id":"https:\/\/eldigitaldeasturias.com\/magazine365\/la-comarca-de-la-siberia-extremena-centra-su-promocion-en-el-agua-y-la-naturaleza\/#mainImage"},"datePublished":"2016-01-23T13:13:44+01:00","dateModified":"2016-01-23T13:13:44+01:00"},{"@type":"WebSite","@id":"https:\/\/eldigitaldeasturias.com\/magazine365\/#website","url":"https:\/\/eldigitaldeasturias.com\/magazine365\/","name":"El Digital de Asturias","description":"Revista de ocio, turismo y estilo de vida","inLanguage":"es-ES","publisher":{"@id":"https:\/\/eldigitaldeasturias.com\/magazine365\/#organization"}}]},"og:locale":"es_ES","og:site_name":"El Digital de Asturias \u2013 Revista de ocio, turismo y estilo de vida","og:type":"article","og:title":"La comarca de La Siberia Extreme\u00f1a centra su promoci\u00f3n en el agua y la naturaleza | El Digital de Asturias","og:description":"La comarca de La Siberia Extreme\u00f1a ha centrado su promoci\u00f3n tur\u00edstica en el agua, ya que dispone de &quot;cinco grandes embalses que la convierten en la comarca espa\u00f1ola con m\u00e1s agua embalsada y con mayores kil\u00f3metros de costa de agua dulce&quot;, as\u00ed como por su &quot;riqueza natural y su diversidad de ecosistemas&quot;. Esta comarca ha","og:url":"https:\/\/eldigitaldeasturias.com\/magazine365\/la-comarca-de-la-siberia-extremena-centra-su-promocion-en-el-agua-y-la-naturaleza\/","og:image":"https:\/\/eldigitaldeasturias.com\/magazine365\/wp-content\/uploads\/2016\/01\/fotonoticia_20160122112758_800.jpg","og:image:secure_url":"https:\/\/eldigitaldeasturias.com\/magazine365\/wp-content\/uploads\/2016\/01\/fotonoticia_20160122112758_800.jpg","og:image:width":800,"og:image:height":600,"article:published_time":"2016-01-23T12:13:44+00:00","article:modified_time":"2016-01-23T12:13:44+00:00","twitter:card":"summary_large_image","twitter:title":"La comarca de La Siberia Extreme\u00f1a centra su promoci\u00f3n en el agua y la naturaleza | El Digital de Asturias","twitter:description":"La comarca de La Siberia Extreme\u00f1a ha centrado su promoci\u00f3n tur\u00edstica en el agua, ya que dispone de &quot;cinco grandes embalses que la convierten en la comarca espa\u00f1ola con m\u00e1s agua embalsada y con mayores kil\u00f3metros de costa de agua dulce&quot;, as\u00ed como por su &quot;riqueza natural y su diversidad de ecosistemas&quot;. Esta comarca ha","twitter:image":"https:\/\/eldigitaldeasturias.com\/magazine365\/wp-content\/uploads\/2016\/01\/fotonoticia_20160122112758_800.jpg"},"aioseo_meta_data":{"post_id":"61753","title":null,"description":null,"keywords":null,"keyphrases":null,"primary_term":null,"canonical_url":null,"og_title":null,"og_description":null,"og_object_type":"default","og_image_type":"default","og_image_url":null,"og_image_width":null,"og_image_height":null,"og_image_custom_url":null,"og_image_custom_fields":null,"og_video":null,"og_custom_url":null,"og_article_section":null,"og_article_tags":null,"twitter_use_og":false,"twitter_card":"default","twitter_image_type":"default","twitter_image_url":null,"twitter_image_custom_url":null,"twitter_image_custom_fields":null,"twitter_title":null,"twitter_description":null,"schema":{"blockGraphs":[],"customGraphs":[],"default":{"data":{"Article":[],"Course":[],"Dataset":[],"FAQPage":[],"Movie":[],"Person":[],"Product":[],"ProductReview":[],"Car":[],"Recipe":[],"Service":[],"SoftwareApplication":[],"WebPage":[]},"graphName":"","isEnabled":true},"graphs":[],"defaultGraph":"","defaultPostTypeGraph":""},"schema_type":null,"schema_type_options":null,"pillar_content":false,"robots_default":true,"robots_noindex":false,"robots_noarchive":false,"robots_nosnippet":false,"robots_nofollow":false,"robots_noimageindex":false,"robots_noodp":false,"robots_notranslate":false,"robots_max_snippet":null,"robots_max_videopreview":null,"robots_max_imagepreview":"large","priority":null,"frequency":null,"location":null,"local_seo":null,"seo_analyzer_scan_date":"2025-09-25 09:38:09","breadcrumb_settings":null,"limit_modified_date":false,"open_ai":null,"ai":null,"created":"2021-03-08 21:45:45","updated":"2025-09-25 09:38:09"},"aioseo_breadcrumb":"<div class=\"aioseo-breadcrumbs\"><span class=\"aioseo-breadcrumb\">\n\t<a href=\"https:\/\/eldigitaldeasturias.com\/magazine365\" title=\"Home\">Home<\/a>\n<\/span><span class=\"aioseo-breadcrumb-separator\">\u2013<\/span><span class=\"aioseo-breadcrumb\">\n\t<a href=\"https:\/\/eldigitaldeasturias.com\/magazine365\/category\/noticias-actualidad\/\" title=\"Noticias y Actualidad\">Noticias y Actualidad<\/a>\n<\/span><span class=\"aioseo-breadcrumb-separator\">\u2013<\/span><span class=\"aioseo-breadcrumb\">\n\t<a href=\"https:\/\/eldigitaldeasturias.com\/magazine365\/la-comarca-de-la-siberia-extremena-centra-su-promocion-en-el-agua-y-la-naturaleza\/\" title=\"La comarca de La Siberia Extreme\u00f1a centra su promoci\u00f3n en el agua y la naturaleza\">La comarca de La Siberia Extreme\u00f1a centra su promoci\u00f3n en el agua y la naturaleza<\/a>\n<\/span><\/div>","aioseo_breadcrumb_json":[{"label":"Home","link":"https:\/\/eldigitaldeasturias.com\/magazine365"},{"label":"Noticias y Actualidad","link":"https:\/\/eldigitaldeasturias.com\/magazine365\/category\/noticias-actualidad\/"},{"label":"La comarca de La Siberia Extreme\u00f1a centra su promoci\u00f3n en el agua y la naturaleza","link":"https:\/\/eldigitaldeasturias.com\/magazine365\/la-comarca-de-la-siberia-extremena-centra-su-promocion-en-el-agua-y-la-naturaleza\/"}],"_links":{"self":[{"href":"https:\/\/eldigitaldeasturias.com\/magazine365\/wp-json\/wp\/v2\/posts\/61753","targetHints":{"allow":["GET"]}}],"collection":[{"href":"https:\/\/eldigitaldeasturias.com\/magazine365\/wp-json\/wp\/v2\/posts"}],"about":[{"href":"https:\/\/eldigitaldeasturias.com\/magazine365\/wp-json\/wp\/v2\/types\/post"}],"author":[{"embeddable":true,"href":"https:\/\/eldigitaldeasturias.com\/magazine365\/wp-json\/wp\/v2\/users\/1"}],"replies":[{"embeddable":true,"href":"https:\/\/eldigitaldeasturias.com\/magazine365\/wp-json\/wp\/v2\/comments?post=61753"}],"version-history":[{"count":0,"href":"https:\/\/eldigitaldeasturias.com\/magazine365\/wp-json\/wp\/v2\/posts\/61753\/revisions"}],"wp:featuredmedia":[{"embeddable":true,"href":"https:\/\/eldigitaldeasturias.com\/magazine365\/wp-json\/wp\/v2\/media\/61754"}],"wp:attachment":[{"href":"https:\/\/eldigitaldeasturias.com\/magazine365\/wp-json\/wp\/v2\/media?parent=61753"}],"wp:term":[{"taxonomy":"category","embeddable":true,"href":"https:\/\/eldigitaldeasturias.com\/magazine365\/wp-json\/wp\/v2\/categories?post=61753"},{"taxonomy":"post_tag","embeddable":true,"href":"https:\/\/eldigitaldeasturias.com\/magazine365\/wp-json\/wp\/v2\/tags?post=61753"}],"curies":[{"name":"wp","href":"https:\/\/api.w.org\/{rel}","templated":true}]}}