{"id":61747,"date":"2016-01-23T13:09:29","date_gmt":"2016-01-23T12:09:29","guid":{"rendered":"http:\/\/eldigitaldeasturias.com\/magazine365\/?p=61747"},"modified":"2016-01-23T13:09:29","modified_gmt":"2016-01-23T12:09:29","slug":"lamban-asiste-al-dia-de-aragon-en-fitur-2016","status":"publish","type":"post","link":"https:\/\/eldigitaldeasturias.com\/magazine365\/lamban-asiste-al-dia-de-aragon-en-fitur-2016\/","title":{"rendered":"Lamb\u00e1n asiste al D\u00eda de Arag\u00f3n en Fitur 2016"},"content":{"rendered":"<p><img fetchpriority=\"high\" decoding=\"async\" class=\"alignleft size-medium wp-image-61748\" src=\"https:\/\/eldigitaldeasturias.com\/magazine365\/wp-content\/uploads\/2016\/01\/fotonoticia_20160122100629_800-360x202.jpg\" alt=\"fotonoticia_20160122100629_800\" width=\"360\" height=\"202\" srcset=\"https:\/\/eldigitaldeasturias.com\/magazine365\/wp-content\/uploads\/2016\/01\/fotonoticia_20160122100629_800-360x202.jpg 360w, https:\/\/eldigitaldeasturias.com\/magazine365\/wp-content\/uploads\/2016\/01\/fotonoticia_20160122100629_800-650x365.jpg 650w, https:\/\/eldigitaldeasturias.com\/magazine365\/wp-content\/uploads\/2016\/01\/fotonoticia_20160122100629_800-768x431.jpg 768w, https:\/\/eldigitaldeasturias.com\/magazine365\/wp-content\/uploads\/2016\/01\/fotonoticia_20160122100629_800-150x84.jpg 150w, https:\/\/eldigitaldeasturias.com\/magazine365\/wp-content\/uploads\/2016\/01\/fotonoticia_20160122100629_800-450x253.jpg 450w, https:\/\/eldigitaldeasturias.com\/magazine365\/wp-content\/uploads\/2016\/01\/fotonoticia_20160122100629_800-696x391.jpg 696w, https:\/\/eldigitaldeasturias.com\/magazine365\/wp-content\/uploads\/2016\/01\/fotonoticia_20160122100629_800-748x420.jpg 748w, https:\/\/eldigitaldeasturias.com\/magazine365\/wp-content\/uploads\/2016\/01\/fotonoticia_20160122100629_800-499x280.jpg 499w, https:\/\/eldigitaldeasturias.com\/magazine365\/wp-content\/uploads\/2016\/01\/fotonoticia_20160122100629_800.jpg 800w\" sizes=\"(max-width: 360px) 100vw, 360px\" \/>El presidente de Arag\u00f3n, Javier Lamb\u00e1n, participar\u00e1 este viernes, d\u00eda 22, en los actos del D\u00eda de Arag\u00f3n en la Feria Internacional de Turismo (Fitur), que se celebra hasta el d\u00eda 24 en Madrid. Tambi\u00e9n asistir\u00e1 el consejero de Vertebraci\u00f3n del Territorio, Vivienda y Turismo el Ejecutivo auton\u00f3mico, Jos\u00e9 Luis Soro.<\/p>\n<p>En el marco del D\u00eda de Arag\u00f3n, a las 10.00 horas tendr\u00e1 lugar la proyecci\u00f3n del trailer de la pel\u00edcula del director Miguel \u00c1ngel Lamata, &#8216;Nuestros Amantes&#8217;, rodada \u00edntegramente en Arag\u00f3n. A esta cita tambi\u00e9n acudir\u00e1n la actriz Michelle Jenner y los actores Eduardo Noriega, Gabino Diego, Jorge Us\u00f3n y Fele Mart\u00ednez.<\/p>\n<p>A las 12.00 horas se desarrollar\u00e1 el acto institucional del D\u00eda de Arag\u00f3n, con los discursos de Javier Lamb\u00e1n y Jos\u00e9 Luis Soro. Despu\u00e9s, se realizar\u00e1 un recorrido por el stand de la regi\u00f3n, donde habr\u00e1 una breve representaci\u00f3n de las Bodas de Isabel.<\/p>\n","protected":false},"excerpt":{"rendered":"<p>El presidente de Arag\u00f3n, Javier Lamb\u00e1n, participar\u00e1 este viernes, d\u00eda 22, en los actos del D\u00eda de Arag\u00f3n en la Feria Internacional de Turismo (Fitur), que se celebra hasta el d\u00eda 24 en Madrid. Tambi\u00e9n asistir\u00e1 el consejero de Vertebraci\u00f3n del Territorio, Vivienda y Turismo el Ejecutivo auton\u00f3mico, Jos\u00e9 Luis Soro. En el marco del<\/p>\n","protected":false},"author":1,"featured_media":61748,"comment_status":"open","ping_status":"closed","sticky":false,"template":"","format":"standard","meta":{"footnotes":""},"categories":[224],"tags":[],"class_list":{"0":"post-61747","1":"post","2":"type-post","3":"status-publish","4":"format-standard","5":"has-post-thumbnail","7":"category-noticias-actualidad"},"aioseo_notices":[],"aioseo_head":"\n\t\t<!-- All in One SEO Pro 4.9.6.1 - aioseo.com -->\n\t<meta name=\"description\" content=\"El presidente de Arag\u00f3n, Javier Lamb\u00e1n, participar\u00e1 este viernes, d\u00eda 22, en los actos del D\u00eda de Arag\u00f3n en la Feria Internacional de Turismo (Fitur), que se celebra hasta el d\u00eda 24 en Madrid. Tambi\u00e9n asistir\u00e1 el consejero de Vertebraci\u00f3n del Territorio, Vivienda y Turismo el Ejecutivo auton\u00f3mico, Jos\u00e9 Luis Soro. En el marco del\" \/>\n\t<meta name=\"robots\" content=\"max-image-preview:large\" \/>\n\t<meta name=\"author\" content=\"admin\"\/>\n\t<meta name=\"google-site-verification\" content=\"UA-38556648-1\" \/>\n\t<meta name=\"keywords\" content=\"noticias y actualidad\" \/>\n\t<link rel=\"canonical\" href=\"https:\/\/eldigitaldeasturias.com\/magazine365\/lamban-asiste-al-dia-de-aragon-en-fitur-2016\/\" \/>\n\t<meta name=\"generator\" content=\"All in One SEO Pro (AIOSEO) 4.9.6.1\" \/>\n\t\t<meta property=\"og:locale\" content=\"es_ES\" \/>\n\t\t<meta property=\"og:site_name\" content=\"El Digital de Asturias \u2013 Revista de ocio, turismo y estilo de vida\" \/>\n\t\t<meta property=\"og:type\" content=\"article\" \/>\n\t\t<meta property=\"og:title\" content=\"Lamb\u00e1n asiste al D\u00eda de Arag\u00f3n en Fitur 2016 | El Digital de Asturias\" \/>\n\t\t<meta property=\"og:description\" content=\"El presidente de Arag\u00f3n, Javier Lamb\u00e1n, participar\u00e1 este viernes, d\u00eda 22, en los actos del D\u00eda de Arag\u00f3n en la Feria Internacional de Turismo (Fitur), que se celebra hasta el d\u00eda 24 en Madrid. Tambi\u00e9n asistir\u00e1 el consejero de Vertebraci\u00f3n del Territorio, Vivienda y Turismo el Ejecutivo auton\u00f3mico, Jos\u00e9 Luis Soro. En el marco del\" \/>\n\t\t<meta property=\"og:url\" content=\"https:\/\/eldigitaldeasturias.com\/magazine365\/lamban-asiste-al-dia-de-aragon-en-fitur-2016\/\" \/>\n\t\t<meta property=\"og:image\" content=\"https:\/\/eldigitaldeasturias.com\/magazine365\/wp-content\/uploads\/2016\/01\/fotonoticia_20160122100629_800.jpg\" \/>\n\t\t<meta property=\"og:image:secure_url\" content=\"https:\/\/eldigitaldeasturias.com\/magazine365\/wp-content\/uploads\/2016\/01\/fotonoticia_20160122100629_800.jpg\" \/>\n\t\t<meta property=\"og:image:width\" content=\"800\" \/>\n\t\t<meta property=\"og:image:height\" content=\"449\" \/>\n\t\t<meta property=\"article:published_time\" content=\"2016-01-23T12:09:29+00:00\" \/>\n\t\t<meta property=\"article:modified_time\" content=\"2016-01-23T12:09:29+00:00\" \/>\n\t\t<meta name=\"twitter:card\" content=\"summary_large_image\" \/>\n\t\t<meta name=\"twitter:title\" content=\"Lamb\u00e1n asiste al D\u00eda de Arag\u00f3n en Fitur 2016 | El Digital de Asturias\" \/>\n\t\t<meta name=\"twitter:description\" content=\"El presidente de Arag\u00f3n, Javier Lamb\u00e1n, participar\u00e1 este viernes, d\u00eda 22, en los actos del D\u00eda de Arag\u00f3n en la Feria Internacional de Turismo (Fitur), que se celebra hasta el d\u00eda 24 en Madrid. Tambi\u00e9n asistir\u00e1 el consejero de Vertebraci\u00f3n del Territorio, Vivienda y Turismo el Ejecutivo auton\u00f3mico, Jos\u00e9 Luis Soro. En el marco del\" \/>\n\t\t<meta name=\"twitter:image\" content=\"https:\/\/eldigitaldeasturias.com\/magazine365\/wp-content\/uploads\/2016\/01\/fotonoticia_20160122100629_800.jpg\" \/>\n\t\t<script type=\"application\/ld+json\" class=\"aioseo-schema\">\n\t\t\t{\"@context\":\"https:\\\/\\\/schema.org\",\"@graph\":[{\"@type\":\"Article\",\"@id\":\"https:\\\/\\\/eldigitaldeasturias.com\\\/magazine365\\\/lamban-asiste-al-dia-de-aragon-en-fitur-2016\\\/#article\",\"name\":\"Lamb\\u00e1n asiste al D\\u00eda de Arag\\u00f3n en Fitur 2016 | El Digital de Asturias\",\"headline\":\"Lamb\\u00e1n asiste al D\\u00eda de Arag\\u00f3n en Fitur 2016\",\"author\":{\"@id\":\"https:\\\/\\\/eldigitaldeasturias.com\\\/magazine365\\\/author\\\/admin\\\/#author\"},\"publisher\":{\"@id\":\"https:\\\/\\\/eldigitaldeasturias.com\\\/magazine365\\\/#organization\"},\"image\":{\"@type\":\"ImageObject\",\"url\":\"https:\\\/\\\/eldigitaldeasturias.com\\\/magazine365\\\/wp-content\\\/uploads\\\/2016\\\/01\\\/fotonoticia_20160122100629_800.jpg\",\"width\":800,\"height\":449},\"datePublished\":\"2016-01-23T13:09:29+01:00\",\"dateModified\":\"2016-01-23T13:09:29+01:00\",\"inLanguage\":\"es-ES\",\"mainEntityOfPage\":{\"@id\":\"https:\\\/\\\/eldigitaldeasturias.com\\\/magazine365\\\/lamban-asiste-al-dia-de-aragon-en-fitur-2016\\\/#webpage\"},\"isPartOf\":{\"@id\":\"https:\\\/\\\/eldigitaldeasturias.com\\\/magazine365\\\/lamban-asiste-al-dia-de-aragon-en-fitur-2016\\\/#webpage\"},\"articleSection\":\"Noticias y Actualidad\"},{\"@type\":\"BreadcrumbList\",\"@id\":\"https:\\\/\\\/eldigitaldeasturias.com\\\/magazine365\\\/lamban-asiste-al-dia-de-aragon-en-fitur-2016\\\/#breadcrumblist\",\"itemListElement\":[{\"@type\":\"ListItem\",\"@id\":\"https:\\\/\\\/eldigitaldeasturias.com\\\/magazine365#listItem\",\"position\":1,\"name\":\"Home\",\"item\":\"https:\\\/\\\/eldigitaldeasturias.com\\\/magazine365\",\"nextItem\":{\"@type\":\"ListItem\",\"@id\":\"https:\\\/\\\/eldigitaldeasturias.com\\\/magazine365\\\/category\\\/noticias-actualidad\\\/#listItem\",\"name\":\"Noticias y Actualidad\"}},{\"@type\":\"ListItem\",\"@id\":\"https:\\\/\\\/eldigitaldeasturias.com\\\/magazine365\\\/category\\\/noticias-actualidad\\\/#listItem\",\"position\":2,\"name\":\"Noticias y Actualidad\",\"item\":\"https:\\\/\\\/eldigitaldeasturias.com\\\/magazine365\\\/category\\\/noticias-actualidad\\\/\",\"nextItem\":{\"@type\":\"ListItem\",\"@id\":\"https:\\\/\\\/eldigitaldeasturias.com\\\/magazine365\\\/lamban-asiste-al-dia-de-aragon-en-fitur-2016\\\/#listItem\",\"name\":\"Lamb\\u00e1n asiste al D\\u00eda de Arag\\u00f3n en Fitur 2016\"},\"previousItem\":{\"@type\":\"ListItem\",\"@id\":\"https:\\\/\\\/eldigitaldeasturias.com\\\/magazine365#listItem\",\"name\":\"Home\"}},{\"@type\":\"ListItem\",\"@id\":\"https:\\\/\\\/eldigitaldeasturias.com\\\/magazine365\\\/lamban-asiste-al-dia-de-aragon-en-fitur-2016\\\/#listItem\",\"position\":3,\"name\":\"Lamb\\u00e1n asiste al D\\u00eda de Arag\\u00f3n en Fitur 2016\",\"previousItem\":{\"@type\":\"ListItem\",\"@id\":\"https:\\\/\\\/eldigitaldeasturias.com\\\/magazine365\\\/category\\\/noticias-actualidad\\\/#listItem\",\"name\":\"Noticias y Actualidad\"}}]},{\"@type\":\"Organization\",\"@id\":\"https:\\\/\\\/eldigitaldeasturias.com\\\/magazine365\\\/#organization\",\"name\":\"El digital de Asturias\",\"description\":\"Revista de ocio, turismo y estilo de vida\",\"url\":\"https:\\\/\\\/eldigitaldeasturias.com\\\/magazine365\\\/\",\"logo\":{\"@type\":\"ImageObject\",\"url\":\"https:\\\/\\\/www.eldigitaldeasturias.com\\\/noticias\\\/wp-content\\\/uploads\\\/2020\\\/12\\\/EDA.jpg\",\"@id\":\"https:\\\/\\\/eldigitaldeasturias.com\\\/magazine365\\\/lamban-asiste-al-dia-de-aragon-en-fitur-2016\\\/#organizationLogo\"},\"image\":{\"@id\":\"https:\\\/\\\/eldigitaldeasturias.com\\\/magazine365\\\/lamban-asiste-al-dia-de-aragon-en-fitur-2016\\\/#organizationLogo\"}},{\"@type\":\"Person\",\"@id\":\"https:\\\/\\\/eldigitaldeasturias.com\\\/magazine365\\\/author\\\/admin\\\/#author\",\"url\":\"https:\\\/\\\/eldigitaldeasturias.com\\\/magazine365\\\/author\\\/admin\\\/\",\"name\":\"admin\",\"image\":{\"@type\":\"ImageObject\",\"@id\":\"https:\\\/\\\/eldigitaldeasturias.com\\\/magazine365\\\/lamban-asiste-al-dia-de-aragon-en-fitur-2016\\\/#authorImage\",\"url\":\"https:\\\/\\\/eldigitaldeasturias.com\\\/magazine365\\\/wp-content\\\/litespeed\\\/avatar\\\/e571bcf59a0edd6fa6838245a470f2fe.jpg?ver=1776969259\",\"width\":96,\"height\":96,\"caption\":\"admin\"}},{\"@type\":\"WebPage\",\"@id\":\"https:\\\/\\\/eldigitaldeasturias.com\\\/magazine365\\\/lamban-asiste-al-dia-de-aragon-en-fitur-2016\\\/#webpage\",\"url\":\"https:\\\/\\\/eldigitaldeasturias.com\\\/magazine365\\\/lamban-asiste-al-dia-de-aragon-en-fitur-2016\\\/\",\"name\":\"Lamb\\u00e1n asiste al D\\u00eda de Arag\\u00f3n en Fitur 2016 | El Digital de Asturias\",\"description\":\"El presidente de Arag\\u00f3n, Javier Lamb\\u00e1n, participar\\u00e1 este viernes, d\\u00eda 22, en los actos del D\\u00eda de Arag\\u00f3n en la Feria Internacional de Turismo (Fitur), que se celebra hasta el d\\u00eda 24 en Madrid. Tambi\\u00e9n asistir\\u00e1 el consejero de Vertebraci\\u00f3n del Territorio, Vivienda y Turismo el Ejecutivo auton\\u00f3mico, Jos\\u00e9 Luis Soro. En el marco del\",\"inLanguage\":\"es-ES\",\"isPartOf\":{\"@id\":\"https:\\\/\\\/eldigitaldeasturias.com\\\/magazine365\\\/#website\"},\"breadcrumb\":{\"@id\":\"https:\\\/\\\/eldigitaldeasturias.com\\\/magazine365\\\/lamban-asiste-al-dia-de-aragon-en-fitur-2016\\\/#breadcrumblist\"},\"author\":{\"@id\":\"https:\\\/\\\/eldigitaldeasturias.com\\\/magazine365\\\/author\\\/admin\\\/#author\"},\"creator\":{\"@id\":\"https:\\\/\\\/eldigitaldeasturias.com\\\/magazine365\\\/author\\\/admin\\\/#author\"},\"image\":{\"@type\":\"ImageObject\",\"url\":\"https:\\\/\\\/eldigitaldeasturias.com\\\/magazine365\\\/wp-content\\\/uploads\\\/2016\\\/01\\\/fotonoticia_20160122100629_800.jpg\",\"@id\":\"https:\\\/\\\/eldigitaldeasturias.com\\\/magazine365\\\/lamban-asiste-al-dia-de-aragon-en-fitur-2016\\\/#mainImage\",\"width\":800,\"height\":449},\"primaryImageOfPage\":{\"@id\":\"https:\\\/\\\/eldigitaldeasturias.com\\\/magazine365\\\/lamban-asiste-al-dia-de-aragon-en-fitur-2016\\\/#mainImage\"},\"datePublished\":\"2016-01-23T13:09:29+01:00\",\"dateModified\":\"2016-01-23T13:09:29+01:00\"},{\"@type\":\"WebSite\",\"@id\":\"https:\\\/\\\/eldigitaldeasturias.com\\\/magazine365\\\/#website\",\"url\":\"https:\\\/\\\/eldigitaldeasturias.com\\\/magazine365\\\/\",\"name\":\"El Digital de Asturias\",\"description\":\"Revista de ocio, turismo y estilo de vida\",\"inLanguage\":\"es-ES\",\"publisher\":{\"@id\":\"https:\\\/\\\/eldigitaldeasturias.com\\\/magazine365\\\/#organization\"}}]}\n\t\t<\/script>\n\t\t<!-- All in One SEO Pro -->\r\n\t\t<title>Lamb\u00e1n asiste al D\u00eda de Arag\u00f3n en Fitur 2016 | El Digital de Asturias<\/title>\n\n","aioseo_head_json":{"title":"Lamb\u00e1n asiste al D\u00eda de Arag\u00f3n en Fitur 2016 | El Digital de Asturias","description":"El presidente de Arag\u00f3n, Javier Lamb\u00e1n, participar\u00e1 este viernes, d\u00eda 22, en los actos del D\u00eda de Arag\u00f3n en la Feria Internacional de Turismo (Fitur), que se celebra hasta el d\u00eda 24 en Madrid. Tambi\u00e9n asistir\u00e1 el consejero de Vertebraci\u00f3n del Territorio, Vivienda y Turismo el Ejecutivo auton\u00f3mico, Jos\u00e9 Luis Soro. En el marco del","canonical_url":"https:\/\/eldigitaldeasturias.com\/magazine365\/lamban-asiste-al-dia-de-aragon-en-fitur-2016\/","robots":"max-image-preview:large","keywords":"noticias y actualidad","webmasterTools":{"google-site-verification":"UA-38556648-1","miscellaneous":""},"schema":{"@context":"https:\/\/schema.org","@graph":[{"@type":"Article","@id":"https:\/\/eldigitaldeasturias.com\/magazine365\/lamban-asiste-al-dia-de-aragon-en-fitur-2016\/#article","name":"Lamb\u00e1n asiste al D\u00eda de Arag\u00f3n en Fitur 2016 | El Digital de Asturias","headline":"Lamb\u00e1n asiste al D\u00eda de Arag\u00f3n en Fitur 2016","author":{"@id":"https:\/\/eldigitaldeasturias.com\/magazine365\/author\/admin\/#author"},"publisher":{"@id":"https:\/\/eldigitaldeasturias.com\/magazine365\/#organization"},"image":{"@type":"ImageObject","url":"https:\/\/eldigitaldeasturias.com\/magazine365\/wp-content\/uploads\/2016\/01\/fotonoticia_20160122100629_800.jpg","width":800,"height":449},"datePublished":"2016-01-23T13:09:29+01:00","dateModified":"2016-01-23T13:09:29+01:00","inLanguage":"es-ES","mainEntityOfPage":{"@id":"https:\/\/eldigitaldeasturias.com\/magazine365\/lamban-asiste-al-dia-de-aragon-en-fitur-2016\/#webpage"},"isPartOf":{"@id":"https:\/\/eldigitaldeasturias.com\/magazine365\/lamban-asiste-al-dia-de-aragon-en-fitur-2016\/#webpage"},"articleSection":"Noticias y Actualidad"},{"@type":"BreadcrumbList","@id":"https:\/\/eldigitaldeasturias.com\/magazine365\/lamban-asiste-al-dia-de-aragon-en-fitur-2016\/#breadcrumblist","itemListElement":[{"@type":"ListItem","@id":"https:\/\/eldigitaldeasturias.com\/magazine365#listItem","position":1,"name":"Home","item":"https:\/\/eldigitaldeasturias.com\/magazine365","nextItem":{"@type":"ListItem","@id":"https:\/\/eldigitaldeasturias.com\/magazine365\/category\/noticias-actualidad\/#listItem","name":"Noticias y Actualidad"}},{"@type":"ListItem","@id":"https:\/\/eldigitaldeasturias.com\/magazine365\/category\/noticias-actualidad\/#listItem","position":2,"name":"Noticias y Actualidad","item":"https:\/\/eldigitaldeasturias.com\/magazine365\/category\/noticias-actualidad\/","nextItem":{"@type":"ListItem","@id":"https:\/\/eldigitaldeasturias.com\/magazine365\/lamban-asiste-al-dia-de-aragon-en-fitur-2016\/#listItem","name":"Lamb\u00e1n asiste al D\u00eda de Arag\u00f3n en Fitur 2016"},"previousItem":{"@type":"ListItem","@id":"https:\/\/eldigitaldeasturias.com\/magazine365#listItem","name":"Home"}},{"@type":"ListItem","@id":"https:\/\/eldigitaldeasturias.com\/magazine365\/lamban-asiste-al-dia-de-aragon-en-fitur-2016\/#listItem","position":3,"name":"Lamb\u00e1n asiste al D\u00eda de Arag\u00f3n en Fitur 2016","previousItem":{"@type":"ListItem","@id":"https:\/\/eldigitaldeasturias.com\/magazine365\/category\/noticias-actualidad\/#listItem","name":"Noticias y Actualidad"}}]},{"@type":"Organization","@id":"https:\/\/eldigitaldeasturias.com\/magazine365\/#organization","name":"El digital de Asturias","description":"Revista de ocio, turismo y estilo de vida","url":"https:\/\/eldigitaldeasturias.com\/magazine365\/","logo":{"@type":"ImageObject","url":"https:\/\/www.eldigitaldeasturias.com\/noticias\/wp-content\/uploads\/2020\/12\/EDA.jpg","@id":"https:\/\/eldigitaldeasturias.com\/magazine365\/lamban-asiste-al-dia-de-aragon-en-fitur-2016\/#organizationLogo"},"image":{"@id":"https:\/\/eldigitaldeasturias.com\/magazine365\/lamban-asiste-al-dia-de-aragon-en-fitur-2016\/#organizationLogo"}},{"@type":"Person","@id":"https:\/\/eldigitaldeasturias.com\/magazine365\/author\/admin\/#author","url":"https:\/\/eldigitaldeasturias.com\/magazine365\/author\/admin\/","name":"admin","image":{"@type":"ImageObject","@id":"https:\/\/eldigitaldeasturias.com\/magazine365\/lamban-asiste-al-dia-de-aragon-en-fitur-2016\/#authorImage","url":"https:\/\/eldigitaldeasturias.com\/magazine365\/wp-content\/litespeed\/avatar\/e571bcf59a0edd6fa6838245a470f2fe.jpg?ver=1776969259","width":96,"height":96,"caption":"admin"}},{"@type":"WebPage","@id":"https:\/\/eldigitaldeasturias.com\/magazine365\/lamban-asiste-al-dia-de-aragon-en-fitur-2016\/#webpage","url":"https:\/\/eldigitaldeasturias.com\/magazine365\/lamban-asiste-al-dia-de-aragon-en-fitur-2016\/","name":"Lamb\u00e1n asiste al D\u00eda de Arag\u00f3n en Fitur 2016 | El Digital de Asturias","description":"El presidente de Arag\u00f3n, Javier Lamb\u00e1n, participar\u00e1 este viernes, d\u00eda 22, en los actos del D\u00eda de Arag\u00f3n en la Feria Internacional de Turismo (Fitur), que se celebra hasta el d\u00eda 24 en Madrid. Tambi\u00e9n asistir\u00e1 el consejero de Vertebraci\u00f3n del Territorio, Vivienda y Turismo el Ejecutivo auton\u00f3mico, Jos\u00e9 Luis Soro. En el marco del","inLanguage":"es-ES","isPartOf":{"@id":"https:\/\/eldigitaldeasturias.com\/magazine365\/#website"},"breadcrumb":{"@id":"https:\/\/eldigitaldeasturias.com\/magazine365\/lamban-asiste-al-dia-de-aragon-en-fitur-2016\/#breadcrumblist"},"author":{"@id":"https:\/\/eldigitaldeasturias.com\/magazine365\/author\/admin\/#author"},"creator":{"@id":"https:\/\/eldigitaldeasturias.com\/magazine365\/author\/admin\/#author"},"image":{"@type":"ImageObject","url":"https:\/\/eldigitaldeasturias.com\/magazine365\/wp-content\/uploads\/2016\/01\/fotonoticia_20160122100629_800.jpg","@id":"https:\/\/eldigitaldeasturias.com\/magazine365\/lamban-asiste-al-dia-de-aragon-en-fitur-2016\/#mainImage","width":800,"height":449},"primaryImageOfPage":{"@id":"https:\/\/eldigitaldeasturias.com\/magazine365\/lamban-asiste-al-dia-de-aragon-en-fitur-2016\/#mainImage"},"datePublished":"2016-01-23T13:09:29+01:00","dateModified":"2016-01-23T13:09:29+01:00"},{"@type":"WebSite","@id":"https:\/\/eldigitaldeasturias.com\/magazine365\/#website","url":"https:\/\/eldigitaldeasturias.com\/magazine365\/","name":"El Digital de Asturias","description":"Revista de ocio, turismo y estilo de vida","inLanguage":"es-ES","publisher":{"@id":"https:\/\/eldigitaldeasturias.com\/magazine365\/#organization"}}]},"og:locale":"es_ES","og:site_name":"El Digital de Asturias \u2013 Revista de ocio, turismo y estilo de vida","og:type":"article","og:title":"Lamb\u00e1n asiste al D\u00eda de Arag\u00f3n en Fitur 2016 | El Digital de Asturias","og:description":"El presidente de Arag\u00f3n, Javier Lamb\u00e1n, participar\u00e1 este viernes, d\u00eda 22, en los actos del D\u00eda de Arag\u00f3n en la Feria Internacional de Turismo (Fitur), que se celebra hasta el d\u00eda 24 en Madrid. Tambi\u00e9n asistir\u00e1 el consejero de Vertebraci\u00f3n del Territorio, Vivienda y Turismo el Ejecutivo auton\u00f3mico, Jos\u00e9 Luis Soro. En el marco del","og:url":"https:\/\/eldigitaldeasturias.com\/magazine365\/lamban-asiste-al-dia-de-aragon-en-fitur-2016\/","og:image":"https:\/\/eldigitaldeasturias.com\/magazine365\/wp-content\/uploads\/2016\/01\/fotonoticia_20160122100629_800.jpg","og:image:secure_url":"https:\/\/eldigitaldeasturias.com\/magazine365\/wp-content\/uploads\/2016\/01\/fotonoticia_20160122100629_800.jpg","og:image:width":800,"og:image:height":449,"article:published_time":"2016-01-23T12:09:29+00:00","article:modified_time":"2016-01-23T12:09:29+00:00","twitter:card":"summary_large_image","twitter:title":"Lamb\u00e1n asiste al D\u00eda de Arag\u00f3n en Fitur 2016 | El Digital de Asturias","twitter:description":"El presidente de Arag\u00f3n, Javier Lamb\u00e1n, participar\u00e1 este viernes, d\u00eda 22, en los actos del D\u00eda de Arag\u00f3n en la Feria Internacional de Turismo (Fitur), que se celebra hasta el d\u00eda 24 en Madrid. Tambi\u00e9n asistir\u00e1 el consejero de Vertebraci\u00f3n del Territorio, Vivienda y Turismo el Ejecutivo auton\u00f3mico, Jos\u00e9 Luis Soro. En el marco del","twitter:image":"https:\/\/eldigitaldeasturias.com\/magazine365\/wp-content\/uploads\/2016\/01\/fotonoticia_20160122100629_800.jpg"},"aioseo_meta_data":{"post_id":"61747","title":null,"description":null,"keywords":null,"keyphrases":null,"primary_term":null,"canonical_url":null,"og_title":null,"og_description":null,"og_object_type":"default","og_image_type":"default","og_image_url":null,"og_image_width":null,"og_image_height":null,"og_image_custom_url":null,"og_image_custom_fields":null,"og_video":null,"og_custom_url":null,"og_article_section":null,"og_article_tags":null,"twitter_use_og":false,"twitter_card":"default","twitter_image_type":"default","twitter_image_url":null,"twitter_image_custom_url":null,"twitter_image_custom_fields":null,"twitter_title":null,"twitter_description":null,"schema":{"blockGraphs":[],"customGraphs":[],"default":{"data":{"Article":[],"Course":[],"Dataset":[],"FAQPage":[],"Movie":[],"Person":[],"Product":[],"ProductReview":[],"Car":[],"Recipe":[],"Service":[],"SoftwareApplication":[],"WebPage":[]},"graphName":"","isEnabled":true},"graphs":[],"defaultGraph":"","defaultPostTypeGraph":""},"schema_type":null,"schema_type_options":null,"pillar_content":false,"robots_default":true,"robots_noindex":false,"robots_noarchive":false,"robots_nosnippet":false,"robots_nofollow":false,"robots_noimageindex":false,"robots_noodp":false,"robots_notranslate":false,"robots_max_snippet":null,"robots_max_videopreview":null,"robots_max_imagepreview":"large","priority":null,"frequency":null,"location":null,"local_seo":null,"seo_analyzer_scan_date":"2025-09-25 09:38:04","breadcrumb_settings":null,"limit_modified_date":false,"open_ai":null,"ai":null,"created":"2021-03-08 21:45:45","updated":"2025-09-25 09:38:04"},"aioseo_breadcrumb":"<div class=\"aioseo-breadcrumbs\"><span class=\"aioseo-breadcrumb\">\n\t<a href=\"https:\/\/eldigitaldeasturias.com\/magazine365\" title=\"Home\">Home<\/a>\n<\/span><span class=\"aioseo-breadcrumb-separator\">\u2013<\/span><span class=\"aioseo-breadcrumb\">\n\t<a href=\"https:\/\/eldigitaldeasturias.com\/magazine365\/category\/noticias-actualidad\/\" title=\"Noticias y Actualidad\">Noticias y Actualidad<\/a>\n<\/span><span class=\"aioseo-breadcrumb-separator\">\u2013<\/span><span class=\"aioseo-breadcrumb\">\n\t<a href=\"https:\/\/eldigitaldeasturias.com\/magazine365\/lamban-asiste-al-dia-de-aragon-en-fitur-2016\/\" title=\"Lamb\u00e1n asiste al D\u00eda de Arag\u00f3n en Fitur 2016\">Lamb\u00e1n asiste al D\u00eda de Arag\u00f3n en Fitur 2016<\/a>\n<\/span><\/div>","aioseo_breadcrumb_json":[{"label":"Home","link":"https:\/\/eldigitaldeasturias.com\/magazine365"},{"label":"Noticias y Actualidad","link":"https:\/\/eldigitaldeasturias.com\/magazine365\/category\/noticias-actualidad\/"},{"label":"Lamb\u00e1n asiste al D\u00eda de Arag\u00f3n en Fitur 2016","link":"https:\/\/eldigitaldeasturias.com\/magazine365\/lamban-asiste-al-dia-de-aragon-en-fitur-2016\/"}],"_links":{"self":[{"href":"https:\/\/eldigitaldeasturias.com\/magazine365\/wp-json\/wp\/v2\/posts\/61747","targetHints":{"allow":["GET"]}}],"collection":[{"href":"https:\/\/eldigitaldeasturias.com\/magazine365\/wp-json\/wp\/v2\/posts"}],"about":[{"href":"https:\/\/eldigitaldeasturias.com\/magazine365\/wp-json\/wp\/v2\/types\/post"}],"author":[{"embeddable":true,"href":"https:\/\/eldigitaldeasturias.com\/magazine365\/wp-json\/wp\/v2\/users\/1"}],"replies":[{"embeddable":true,"href":"https:\/\/eldigitaldeasturias.com\/magazine365\/wp-json\/wp\/v2\/comments?post=61747"}],"version-history":[{"count":0,"href":"https:\/\/eldigitaldeasturias.com\/magazine365\/wp-json\/wp\/v2\/posts\/61747\/revisions"}],"wp:featuredmedia":[{"embeddable":true,"href":"https:\/\/eldigitaldeasturias.com\/magazine365\/wp-json\/wp\/v2\/media\/61748"}],"wp:attachment":[{"href":"https:\/\/eldigitaldeasturias.com\/magazine365\/wp-json\/wp\/v2\/media?parent=61747"}],"wp:term":[{"taxonomy":"category","embeddable":true,"href":"https:\/\/eldigitaldeasturias.com\/magazine365\/wp-json\/wp\/v2\/categories?post=61747"},{"taxonomy":"post_tag","embeddable":true,"href":"https:\/\/eldigitaldeasturias.com\/magazine365\/wp-json\/wp\/v2\/tags?post=61747"}],"curies":[{"name":"wp","href":"https:\/\/api.w.org\/{rel}","templated":true}]}}