{"id":61735,"date":"2016-01-23T12:56:45","date_gmt":"2016-01-23T11:56:45","guid":{"rendered":"http:\/\/eldigitaldeasturias.com\/magazine365\/?p=61735"},"modified":"2016-01-23T12:56:45","modified_gmt":"2016-01-23T11:56:45","slug":"las-agencias-de-viajes-podran-acceder-a-la-tarifa-business-plus-de-ryanair-a-traves-de-amadeus","status":"publish","type":"post","link":"https:\/\/eldigitaldeasturias.com\/magazine365\/las-agencias-de-viajes-podran-acceder-a-la-tarifa-business-plus-de-ryanair-a-traves-de-amadeus\/","title":{"rendered":".-Las agencias de viajes podr\u00e1n acceder a la tarifa &#8216;business Plus&#8217; de Ryanair a trav\u00e9s de Amadeus"},"content":{"rendered":"<p><img fetchpriority=\"high\" decoding=\"async\" class=\"alignleft size-medium wp-image-61736\" src=\"https:\/\/eldigitaldeasturias.com\/magazine365\/wp-content\/uploads\/2016\/01\/fotonoticia_20160121204913_800-360x270.jpg\" alt=\"fotonoticia_20160121204913_800\" width=\"360\" height=\"270\" srcset=\"https:\/\/eldigitaldeasturias.com\/magazine365\/wp-content\/uploads\/2016\/01\/fotonoticia_20160121204913_800-360x270.jpg 360w, https:\/\/eldigitaldeasturias.com\/magazine365\/wp-content\/uploads\/2016\/01\/fotonoticia_20160121204913_800-650x488.jpg 650w, https:\/\/eldigitaldeasturias.com\/magazine365\/wp-content\/uploads\/2016\/01\/fotonoticia_20160121204913_800-768x577.jpg 768w, https:\/\/eldigitaldeasturias.com\/magazine365\/wp-content\/uploads\/2016\/01\/fotonoticia_20160121204913_800-150x113.jpg 150w, https:\/\/eldigitaldeasturias.com\/magazine365\/wp-content\/uploads\/2016\/01\/fotonoticia_20160121204913_800-450x338.jpg 450w, https:\/\/eldigitaldeasturias.com\/magazine365\/wp-content\/uploads\/2016\/01\/fotonoticia_20160121204913_800-80x60.jpg 80w, https:\/\/eldigitaldeasturias.com\/magazine365\/wp-content\/uploads\/2016\/01\/fotonoticia_20160121204913_800-265x198.jpg 265w, https:\/\/eldigitaldeasturias.com\/magazine365\/wp-content\/uploads\/2016\/01\/fotonoticia_20160121204913_800-696x523.jpg 696w, https:\/\/eldigitaldeasturias.com\/magazine365\/wp-content\/uploads\/2016\/01\/fotonoticia_20160121204913_800-559x420.jpg 559w, https:\/\/eldigitaldeasturias.com\/magazine365\/wp-content\/uploads\/2016\/01\/fotonoticia_20160121204913_800-90x67.jpg 90w, https:\/\/eldigitaldeasturias.com\/magazine365\/wp-content\/uploads\/2016\/01\/fotonoticia_20160121204913_800-164x124.jpg 164w, https:\/\/eldigitaldeasturias.com\/magazine365\/wp-content\/uploads\/2016\/01\/fotonoticia_20160121204913_800-100x75.jpg 100w, https:\/\/eldigitaldeasturias.com\/magazine365\/wp-content\/uploads\/2016\/01\/fotonoticia_20160121204913_800.jpg 800w\" sizes=\"(max-width: 360px) 100vw, 360px\" \/>Las agencias de viajes podr\u00e1n reservar la tarifa &#8216;business Plus&#8217; de Ryanair a trav\u00e9s de la plataforma de Amadeus, gracias al acuerdo alcanzado entre ambas compa\u00f1\u00edas, con el que la &#8216;low cost&#8217; irlandesa busca captar m\u00e1s pasajeros de negocios, inform\u00f3 el proveedor tecnol\u00f3gico de servicios tur\u00edsticos.<\/p>\n<p>La tarifa &#8216;Business Plus&#8217; introducido en el canal indirecto para agencias de viajes permite que estas puedan reservar autom\u00e1ticamente servicios como la modificaci\u00f3n de la reserva, embarque preferente y acceso prioritario a los controles de seguridad sin recargo adicional.<\/p>\n<p>\u00abNuestro objetivo es hacer que todo el proceso de reserva y el propio vuelo resulten m\u00e1s sencillos\u00bb, ha afirmado el responsable de ventas corporativas de Ryanair, Tim Howe Schoroeder. Seg\u00fan Amadeus, aproximadamente el 67% de las reservas en &#8216;business&#8217; y primera clase se realiza por el canal indirecto.<\/p>\n<p>El sistema de distribuci\u00f3n global (GDS) de Amadeus con tecnolog\u00eda Light Ticketing permite a las agencias de viajes reservar vuelos con &#8216;low cost&#8217; y compa\u00f1\u00edas h\u00edbridas siguiendo el mismo procedimiento que emplean las aerol\u00edneas convencionales, que utilizan m\u00e1s de 80 compa\u00f1\u00edas de este tipo.<\/p>\n<p>En los tres primeros trimestres de 2015, Amadeus registr\u00f3 un aumento del 16,3% en las reservas totales realizadas por las agencias de viajes en &#8216;low cost&#8217; con respecto al mismo periodo del ejercicio anterior.<\/p>\n","protected":false},"excerpt":{"rendered":"<p>Las agencias de viajes podr\u00e1n reservar la tarifa &#8216;business Plus&#8217; de Ryanair a trav\u00e9s de la plataforma de Amadeus, gracias al acuerdo alcanzado entre ambas compa\u00f1\u00edas, con el que la &#8216;low cost&#8217; irlandesa busca captar m\u00e1s pasajeros de negocios, inform\u00f3 el proveedor tecnol\u00f3gico de servicios tur\u00edsticos. La tarifa &#8216;Business Plus&#8217; introducido en el canal indirecto<\/p>\n","protected":false},"author":1,"featured_media":61736,"comment_status":"open","ping_status":"closed","sticky":false,"template":"","format":"standard","meta":{"footnotes":""},"categories":[224],"tags":[],"class_list":{"0":"post-61735","1":"post","2":"type-post","3":"status-publish","4":"format-standard","5":"has-post-thumbnail","7":"category-noticias-actualidad"},"aioseo_notices":[],"aioseo_head":"\n\t\t<!-- All in One SEO Pro 4.9.6.1 - aioseo.com -->\n\t<meta name=\"description\" content=\"Las agencias de viajes podr\u00e1n reservar la tarifa &#039;business Plus&#039; de Ryanair a trav\u00e9s de la plataforma de Amadeus, gracias al acuerdo alcanzado entre ambas compa\u00f1\u00edas, con el que la &#039;low cost&#039; irlandesa busca captar m\u00e1s pasajeros de negocios, inform\u00f3 el proveedor tecnol\u00f3gico de servicios tur\u00edsticos. La tarifa &#039;Business Plus&#039; introducido en el canal indirecto\" \/>\n\t<meta name=\"robots\" content=\"max-image-preview:large\" \/>\n\t<meta name=\"author\" content=\"admin\"\/>\n\t<meta name=\"google-site-verification\" content=\"UA-38556648-1\" \/>\n\t<meta name=\"keywords\" content=\"noticias y actualidad\" \/>\n\t<link rel=\"canonical\" href=\"https:\/\/eldigitaldeasturias.com\/magazine365\/las-agencias-de-viajes-podran-acceder-a-la-tarifa-business-plus-de-ryanair-a-traves-de-amadeus\/\" \/>\n\t<meta name=\"generator\" content=\"All in One SEO Pro (AIOSEO) 4.9.6.1\" \/>\n\t\t<meta property=\"og:locale\" content=\"es_ES\" \/>\n\t\t<meta property=\"og:site_name\" content=\"El Digital de Asturias \u2013 Revista de ocio, turismo y estilo de vida\" \/>\n\t\t<meta property=\"og:type\" content=\"article\" \/>\n\t\t<meta property=\"og:title\" content=\".-Las agencias de viajes podr\u00e1n acceder a la tarifa \u2018business Plus\u2019 de Ryanair a trav\u00e9s de Amadeus | El Digital de Asturias\" \/>\n\t\t<meta property=\"og:description\" content=\"Las agencias de viajes podr\u00e1n reservar la tarifa &#039;business Plus&#039; de Ryanair a trav\u00e9s de la plataforma de Amadeus, gracias al acuerdo alcanzado entre ambas compa\u00f1\u00edas, con el que la &#039;low cost&#039; irlandesa busca captar m\u00e1s pasajeros de negocios, inform\u00f3 el proveedor tecnol\u00f3gico de servicios tur\u00edsticos. La tarifa &#039;Business Plus&#039; introducido en el canal indirecto\" \/>\n\t\t<meta property=\"og:url\" content=\"https:\/\/eldigitaldeasturias.com\/magazine365\/las-agencias-de-viajes-podran-acceder-a-la-tarifa-business-plus-de-ryanair-a-traves-de-amadeus\/\" \/>\n\t\t<meta property=\"og:image\" content=\"https:\/\/eldigitaldeasturias.com\/magazine365\/wp-content\/uploads\/2016\/01\/fotonoticia_20160121204913_800.jpg\" \/>\n\t\t<meta property=\"og:image:secure_url\" content=\"https:\/\/eldigitaldeasturias.com\/magazine365\/wp-content\/uploads\/2016\/01\/fotonoticia_20160121204913_800.jpg\" \/>\n\t\t<meta property=\"og:image:width\" content=\"800\" \/>\n\t\t<meta property=\"og:image:height\" content=\"601\" \/>\n\t\t<meta property=\"article:published_time\" content=\"2016-01-23T11:56:45+00:00\" \/>\n\t\t<meta property=\"article:modified_time\" content=\"2016-01-23T11:56:45+00:00\" \/>\n\t\t<meta name=\"twitter:card\" content=\"summary_large_image\" \/>\n\t\t<meta name=\"twitter:title\" content=\".-Las agencias de viajes podr\u00e1n acceder a la tarifa \u2018business Plus\u2019 de Ryanair a trav\u00e9s de Amadeus | El Digital de Asturias\" \/>\n\t\t<meta name=\"twitter:description\" content=\"Las agencias de viajes podr\u00e1n reservar la tarifa &#039;business Plus&#039; de Ryanair a trav\u00e9s de la plataforma de Amadeus, gracias al acuerdo alcanzado entre ambas compa\u00f1\u00edas, con el que la &#039;low cost&#039; irlandesa busca captar m\u00e1s pasajeros de negocios, inform\u00f3 el proveedor tecnol\u00f3gico de servicios tur\u00edsticos. La tarifa &#039;Business Plus&#039; introducido en el canal indirecto\" \/>\n\t\t<meta name=\"twitter:image\" content=\"https:\/\/eldigitaldeasturias.com\/magazine365\/wp-content\/uploads\/2016\/01\/fotonoticia_20160121204913_800.jpg\" \/>\n\t\t<script type=\"application\/ld+json\" class=\"aioseo-schema\">\n\t\t\t{\"@context\":\"https:\\\/\\\/schema.org\",\"@graph\":[{\"@type\":\"Article\",\"@id\":\"https:\\\/\\\/eldigitaldeasturias.com\\\/magazine365\\\/las-agencias-de-viajes-podran-acceder-a-la-tarifa-business-plus-de-ryanair-a-traves-de-amadeus\\\/#article\",\"name\":\".-Las agencias de viajes podr\\u00e1n acceder a la tarifa \\u2018business Plus\\u2019 de Ryanair a trav\\u00e9s de Amadeus | El Digital de Asturias\",\"headline\":\".-Las agencias de viajes podr\\u00e1n acceder a la tarifa &#8216;business Plus&#8217; de Ryanair a trav\\u00e9s de Amadeus\",\"author\":{\"@id\":\"https:\\\/\\\/eldigitaldeasturias.com\\\/magazine365\\\/author\\\/admin\\\/#author\"},\"publisher\":{\"@id\":\"https:\\\/\\\/eldigitaldeasturias.com\\\/magazine365\\\/#organization\"},\"image\":{\"@type\":\"ImageObject\",\"url\":\"https:\\\/\\\/eldigitaldeasturias.com\\\/magazine365\\\/wp-content\\\/uploads\\\/2016\\\/01\\\/fotonoticia_20160121204913_800.jpg\",\"width\":800,\"height\":601},\"datePublished\":\"2016-01-23T12:56:45+01:00\",\"dateModified\":\"2016-01-23T12:56:45+01:00\",\"inLanguage\":\"es-ES\",\"mainEntityOfPage\":{\"@id\":\"https:\\\/\\\/eldigitaldeasturias.com\\\/magazine365\\\/las-agencias-de-viajes-podran-acceder-a-la-tarifa-business-plus-de-ryanair-a-traves-de-amadeus\\\/#webpage\"},\"isPartOf\":{\"@id\":\"https:\\\/\\\/eldigitaldeasturias.com\\\/magazine365\\\/las-agencias-de-viajes-podran-acceder-a-la-tarifa-business-plus-de-ryanair-a-traves-de-amadeus\\\/#webpage\"},\"articleSection\":\"Noticias y Actualidad\"},{\"@type\":\"BreadcrumbList\",\"@id\":\"https:\\\/\\\/eldigitaldeasturias.com\\\/magazine365\\\/las-agencias-de-viajes-podran-acceder-a-la-tarifa-business-plus-de-ryanair-a-traves-de-amadeus\\\/#breadcrumblist\",\"itemListElement\":[{\"@type\":\"ListItem\",\"@id\":\"https:\\\/\\\/eldigitaldeasturias.com\\\/magazine365#listItem\",\"position\":1,\"name\":\"Home\",\"item\":\"https:\\\/\\\/eldigitaldeasturias.com\\\/magazine365\",\"nextItem\":{\"@type\":\"ListItem\",\"@id\":\"https:\\\/\\\/eldigitaldeasturias.com\\\/magazine365\\\/category\\\/noticias-actualidad\\\/#listItem\",\"name\":\"Noticias y Actualidad\"}},{\"@type\":\"ListItem\",\"@id\":\"https:\\\/\\\/eldigitaldeasturias.com\\\/magazine365\\\/category\\\/noticias-actualidad\\\/#listItem\",\"position\":2,\"name\":\"Noticias y Actualidad\",\"item\":\"https:\\\/\\\/eldigitaldeasturias.com\\\/magazine365\\\/category\\\/noticias-actualidad\\\/\",\"nextItem\":{\"@type\":\"ListItem\",\"@id\":\"https:\\\/\\\/eldigitaldeasturias.com\\\/magazine365\\\/las-agencias-de-viajes-podran-acceder-a-la-tarifa-business-plus-de-ryanair-a-traves-de-amadeus\\\/#listItem\",\"name\":\".-Las agencias de viajes podr\\u00e1n acceder a la tarifa &#8216;business Plus&#8217; de Ryanair a trav\\u00e9s de Amadeus\"},\"previousItem\":{\"@type\":\"ListItem\",\"@id\":\"https:\\\/\\\/eldigitaldeasturias.com\\\/magazine365#listItem\",\"name\":\"Home\"}},{\"@type\":\"ListItem\",\"@id\":\"https:\\\/\\\/eldigitaldeasturias.com\\\/magazine365\\\/las-agencias-de-viajes-podran-acceder-a-la-tarifa-business-plus-de-ryanair-a-traves-de-amadeus\\\/#listItem\",\"position\":3,\"name\":\".-Las agencias de viajes podr\\u00e1n acceder a la tarifa &#8216;business Plus&#8217; de Ryanair a trav\\u00e9s de Amadeus\",\"previousItem\":{\"@type\":\"ListItem\",\"@id\":\"https:\\\/\\\/eldigitaldeasturias.com\\\/magazine365\\\/category\\\/noticias-actualidad\\\/#listItem\",\"name\":\"Noticias y Actualidad\"}}]},{\"@type\":\"Organization\",\"@id\":\"https:\\\/\\\/eldigitaldeasturias.com\\\/magazine365\\\/#organization\",\"name\":\"El digital de Asturias\",\"description\":\"Revista de ocio, turismo y estilo de vida\",\"url\":\"https:\\\/\\\/eldigitaldeasturias.com\\\/magazine365\\\/\",\"logo\":{\"@type\":\"ImageObject\",\"url\":\"https:\\\/\\\/www.eldigitaldeasturias.com\\\/noticias\\\/wp-content\\\/uploads\\\/2020\\\/12\\\/EDA.jpg\",\"@id\":\"https:\\\/\\\/eldigitaldeasturias.com\\\/magazine365\\\/las-agencias-de-viajes-podran-acceder-a-la-tarifa-business-plus-de-ryanair-a-traves-de-amadeus\\\/#organizationLogo\"},\"image\":{\"@id\":\"https:\\\/\\\/eldigitaldeasturias.com\\\/magazine365\\\/las-agencias-de-viajes-podran-acceder-a-la-tarifa-business-plus-de-ryanair-a-traves-de-amadeus\\\/#organizationLogo\"}},{\"@type\":\"Person\",\"@id\":\"https:\\\/\\\/eldigitaldeasturias.com\\\/magazine365\\\/author\\\/admin\\\/#author\",\"url\":\"https:\\\/\\\/eldigitaldeasturias.com\\\/magazine365\\\/author\\\/admin\\\/\",\"name\":\"admin\",\"image\":{\"@type\":\"ImageObject\",\"@id\":\"https:\\\/\\\/eldigitaldeasturias.com\\\/magazine365\\\/las-agencias-de-viajes-podran-acceder-a-la-tarifa-business-plus-de-ryanair-a-traves-de-amadeus\\\/#authorImage\",\"url\":\"https:\\\/\\\/eldigitaldeasturias.com\\\/magazine365\\\/wp-content\\\/litespeed\\\/avatar\\\/e571bcf59a0edd6fa6838245a470f2fe.jpg?ver=1776969259\",\"width\":96,\"height\":96,\"caption\":\"admin\"}},{\"@type\":\"WebPage\",\"@id\":\"https:\\\/\\\/eldigitaldeasturias.com\\\/magazine365\\\/las-agencias-de-viajes-podran-acceder-a-la-tarifa-business-plus-de-ryanair-a-traves-de-amadeus\\\/#webpage\",\"url\":\"https:\\\/\\\/eldigitaldeasturias.com\\\/magazine365\\\/las-agencias-de-viajes-podran-acceder-a-la-tarifa-business-plus-de-ryanair-a-traves-de-amadeus\\\/\",\"name\":\".-Las agencias de viajes podr\\u00e1n acceder a la tarifa \\u2018business Plus\\u2019 de Ryanair a trav\\u00e9s de Amadeus | El Digital de Asturias\",\"description\":\"Las agencias de viajes podr\\u00e1n reservar la tarifa 'business Plus' de Ryanair a trav\\u00e9s de la plataforma de Amadeus, gracias al acuerdo alcanzado entre ambas compa\\u00f1\\u00edas, con el que la 'low cost' irlandesa busca captar m\\u00e1s pasajeros de negocios, inform\\u00f3 el proveedor tecnol\\u00f3gico de servicios tur\\u00edsticos. La tarifa 'Business Plus' introducido en el canal indirecto\",\"inLanguage\":\"es-ES\",\"isPartOf\":{\"@id\":\"https:\\\/\\\/eldigitaldeasturias.com\\\/magazine365\\\/#website\"},\"breadcrumb\":{\"@id\":\"https:\\\/\\\/eldigitaldeasturias.com\\\/magazine365\\\/las-agencias-de-viajes-podran-acceder-a-la-tarifa-business-plus-de-ryanair-a-traves-de-amadeus\\\/#breadcrumblist\"},\"author\":{\"@id\":\"https:\\\/\\\/eldigitaldeasturias.com\\\/magazine365\\\/author\\\/admin\\\/#author\"},\"creator\":{\"@id\":\"https:\\\/\\\/eldigitaldeasturias.com\\\/magazine365\\\/author\\\/admin\\\/#author\"},\"image\":{\"@type\":\"ImageObject\",\"url\":\"https:\\\/\\\/eldigitaldeasturias.com\\\/magazine365\\\/wp-content\\\/uploads\\\/2016\\\/01\\\/fotonoticia_20160121204913_800.jpg\",\"@id\":\"https:\\\/\\\/eldigitaldeasturias.com\\\/magazine365\\\/las-agencias-de-viajes-podran-acceder-a-la-tarifa-business-plus-de-ryanair-a-traves-de-amadeus\\\/#mainImage\",\"width\":800,\"height\":601},\"primaryImageOfPage\":{\"@id\":\"https:\\\/\\\/eldigitaldeasturias.com\\\/magazine365\\\/las-agencias-de-viajes-podran-acceder-a-la-tarifa-business-plus-de-ryanair-a-traves-de-amadeus\\\/#mainImage\"},\"datePublished\":\"2016-01-23T12:56:45+01:00\",\"dateModified\":\"2016-01-23T12:56:45+01:00\"},{\"@type\":\"WebSite\",\"@id\":\"https:\\\/\\\/eldigitaldeasturias.com\\\/magazine365\\\/#website\",\"url\":\"https:\\\/\\\/eldigitaldeasturias.com\\\/magazine365\\\/\",\"name\":\"El Digital de Asturias\",\"description\":\"Revista de ocio, turismo y estilo de vida\",\"inLanguage\":\"es-ES\",\"publisher\":{\"@id\":\"https:\\\/\\\/eldigitaldeasturias.com\\\/magazine365\\\/#organization\"}}]}\n\t\t<\/script>\n\t\t<!-- All in One SEO Pro -->\r\n\t\t<title>.-Las agencias de viajes podr\u00e1n acceder a la tarifa \u2018business Plus\u2019 de Ryanair a trav\u00e9s de Amadeus | El Digital de Asturias<\/title>\n\n","aioseo_head_json":{"title":".-Las agencias de viajes podr\u00e1n acceder a la tarifa \u2018business Plus\u2019 de Ryanair a trav\u00e9s de Amadeus | El Digital de Asturias","description":"Las agencias de viajes podr\u00e1n reservar la tarifa 'business Plus' de Ryanair a trav\u00e9s de la plataforma de Amadeus, gracias al acuerdo alcanzado entre ambas compa\u00f1\u00edas, con el que la 'low cost' irlandesa busca captar m\u00e1s pasajeros de negocios, inform\u00f3 el proveedor tecnol\u00f3gico de servicios tur\u00edsticos. La tarifa 'Business Plus' introducido en el canal indirecto","canonical_url":"https:\/\/eldigitaldeasturias.com\/magazine365\/las-agencias-de-viajes-podran-acceder-a-la-tarifa-business-plus-de-ryanair-a-traves-de-amadeus\/","robots":"max-image-preview:large","keywords":"noticias y actualidad","webmasterTools":{"google-site-verification":"UA-38556648-1","miscellaneous":""},"schema":{"@context":"https:\/\/schema.org","@graph":[{"@type":"Article","@id":"https:\/\/eldigitaldeasturias.com\/magazine365\/las-agencias-de-viajes-podran-acceder-a-la-tarifa-business-plus-de-ryanair-a-traves-de-amadeus\/#article","name":".-Las agencias de viajes podr\u00e1n acceder a la tarifa \u2018business Plus\u2019 de Ryanair a trav\u00e9s de Amadeus | El Digital de Asturias","headline":".-Las agencias de viajes podr\u00e1n acceder a la tarifa &#8216;business Plus&#8217; de Ryanair a trav\u00e9s de Amadeus","author":{"@id":"https:\/\/eldigitaldeasturias.com\/magazine365\/author\/admin\/#author"},"publisher":{"@id":"https:\/\/eldigitaldeasturias.com\/magazine365\/#organization"},"image":{"@type":"ImageObject","url":"https:\/\/eldigitaldeasturias.com\/magazine365\/wp-content\/uploads\/2016\/01\/fotonoticia_20160121204913_800.jpg","width":800,"height":601},"datePublished":"2016-01-23T12:56:45+01:00","dateModified":"2016-01-23T12:56:45+01:00","inLanguage":"es-ES","mainEntityOfPage":{"@id":"https:\/\/eldigitaldeasturias.com\/magazine365\/las-agencias-de-viajes-podran-acceder-a-la-tarifa-business-plus-de-ryanair-a-traves-de-amadeus\/#webpage"},"isPartOf":{"@id":"https:\/\/eldigitaldeasturias.com\/magazine365\/las-agencias-de-viajes-podran-acceder-a-la-tarifa-business-plus-de-ryanair-a-traves-de-amadeus\/#webpage"},"articleSection":"Noticias y Actualidad"},{"@type":"BreadcrumbList","@id":"https:\/\/eldigitaldeasturias.com\/magazine365\/las-agencias-de-viajes-podran-acceder-a-la-tarifa-business-plus-de-ryanair-a-traves-de-amadeus\/#breadcrumblist","itemListElement":[{"@type":"ListItem","@id":"https:\/\/eldigitaldeasturias.com\/magazine365#listItem","position":1,"name":"Home","item":"https:\/\/eldigitaldeasturias.com\/magazine365","nextItem":{"@type":"ListItem","@id":"https:\/\/eldigitaldeasturias.com\/magazine365\/category\/noticias-actualidad\/#listItem","name":"Noticias y Actualidad"}},{"@type":"ListItem","@id":"https:\/\/eldigitaldeasturias.com\/magazine365\/category\/noticias-actualidad\/#listItem","position":2,"name":"Noticias y Actualidad","item":"https:\/\/eldigitaldeasturias.com\/magazine365\/category\/noticias-actualidad\/","nextItem":{"@type":"ListItem","@id":"https:\/\/eldigitaldeasturias.com\/magazine365\/las-agencias-de-viajes-podran-acceder-a-la-tarifa-business-plus-de-ryanair-a-traves-de-amadeus\/#listItem","name":".-Las agencias de viajes podr\u00e1n acceder a la tarifa &#8216;business Plus&#8217; de Ryanair a trav\u00e9s de Amadeus"},"previousItem":{"@type":"ListItem","@id":"https:\/\/eldigitaldeasturias.com\/magazine365#listItem","name":"Home"}},{"@type":"ListItem","@id":"https:\/\/eldigitaldeasturias.com\/magazine365\/las-agencias-de-viajes-podran-acceder-a-la-tarifa-business-plus-de-ryanair-a-traves-de-amadeus\/#listItem","position":3,"name":".-Las agencias de viajes podr\u00e1n acceder a la tarifa &#8216;business Plus&#8217; de Ryanair a trav\u00e9s de Amadeus","previousItem":{"@type":"ListItem","@id":"https:\/\/eldigitaldeasturias.com\/magazine365\/category\/noticias-actualidad\/#listItem","name":"Noticias y Actualidad"}}]},{"@type":"Organization","@id":"https:\/\/eldigitaldeasturias.com\/magazine365\/#organization","name":"El digital de Asturias","description":"Revista de ocio, turismo y estilo de vida","url":"https:\/\/eldigitaldeasturias.com\/magazine365\/","logo":{"@type":"ImageObject","url":"https:\/\/www.eldigitaldeasturias.com\/noticias\/wp-content\/uploads\/2020\/12\/EDA.jpg","@id":"https:\/\/eldigitaldeasturias.com\/magazine365\/las-agencias-de-viajes-podran-acceder-a-la-tarifa-business-plus-de-ryanair-a-traves-de-amadeus\/#organizationLogo"},"image":{"@id":"https:\/\/eldigitaldeasturias.com\/magazine365\/las-agencias-de-viajes-podran-acceder-a-la-tarifa-business-plus-de-ryanair-a-traves-de-amadeus\/#organizationLogo"}},{"@type":"Person","@id":"https:\/\/eldigitaldeasturias.com\/magazine365\/author\/admin\/#author","url":"https:\/\/eldigitaldeasturias.com\/magazine365\/author\/admin\/","name":"admin","image":{"@type":"ImageObject","@id":"https:\/\/eldigitaldeasturias.com\/magazine365\/las-agencias-de-viajes-podran-acceder-a-la-tarifa-business-plus-de-ryanair-a-traves-de-amadeus\/#authorImage","url":"https:\/\/eldigitaldeasturias.com\/magazine365\/wp-content\/litespeed\/avatar\/e571bcf59a0edd6fa6838245a470f2fe.jpg?ver=1776969259","width":96,"height":96,"caption":"admin"}},{"@type":"WebPage","@id":"https:\/\/eldigitaldeasturias.com\/magazine365\/las-agencias-de-viajes-podran-acceder-a-la-tarifa-business-plus-de-ryanair-a-traves-de-amadeus\/#webpage","url":"https:\/\/eldigitaldeasturias.com\/magazine365\/las-agencias-de-viajes-podran-acceder-a-la-tarifa-business-plus-de-ryanair-a-traves-de-amadeus\/","name":".-Las agencias de viajes podr\u00e1n acceder a la tarifa \u2018business Plus\u2019 de Ryanair a trav\u00e9s de Amadeus | El Digital de Asturias","description":"Las agencias de viajes podr\u00e1n reservar la tarifa 'business Plus' de Ryanair a trav\u00e9s de la plataforma de Amadeus, gracias al acuerdo alcanzado entre ambas compa\u00f1\u00edas, con el que la 'low cost' irlandesa busca captar m\u00e1s pasajeros de negocios, inform\u00f3 el proveedor tecnol\u00f3gico de servicios tur\u00edsticos. La tarifa 'Business Plus' introducido en el canal indirecto","inLanguage":"es-ES","isPartOf":{"@id":"https:\/\/eldigitaldeasturias.com\/magazine365\/#website"},"breadcrumb":{"@id":"https:\/\/eldigitaldeasturias.com\/magazine365\/las-agencias-de-viajes-podran-acceder-a-la-tarifa-business-plus-de-ryanair-a-traves-de-amadeus\/#breadcrumblist"},"author":{"@id":"https:\/\/eldigitaldeasturias.com\/magazine365\/author\/admin\/#author"},"creator":{"@id":"https:\/\/eldigitaldeasturias.com\/magazine365\/author\/admin\/#author"},"image":{"@type":"ImageObject","url":"https:\/\/eldigitaldeasturias.com\/magazine365\/wp-content\/uploads\/2016\/01\/fotonoticia_20160121204913_800.jpg","@id":"https:\/\/eldigitaldeasturias.com\/magazine365\/las-agencias-de-viajes-podran-acceder-a-la-tarifa-business-plus-de-ryanair-a-traves-de-amadeus\/#mainImage","width":800,"height":601},"primaryImageOfPage":{"@id":"https:\/\/eldigitaldeasturias.com\/magazine365\/las-agencias-de-viajes-podran-acceder-a-la-tarifa-business-plus-de-ryanair-a-traves-de-amadeus\/#mainImage"},"datePublished":"2016-01-23T12:56:45+01:00","dateModified":"2016-01-23T12:56:45+01:00"},{"@type":"WebSite","@id":"https:\/\/eldigitaldeasturias.com\/magazine365\/#website","url":"https:\/\/eldigitaldeasturias.com\/magazine365\/","name":"El Digital de Asturias","description":"Revista de ocio, turismo y estilo de vida","inLanguage":"es-ES","publisher":{"@id":"https:\/\/eldigitaldeasturias.com\/magazine365\/#organization"}}]},"og:locale":"es_ES","og:site_name":"El Digital de Asturias \u2013 Revista de ocio, turismo y estilo de vida","og:type":"article","og:title":".-Las agencias de viajes podr\u00e1n acceder a la tarifa \u2018business Plus\u2019 de Ryanair a trav\u00e9s de Amadeus | El Digital de Asturias","og:description":"Las agencias de viajes podr\u00e1n reservar la tarifa 'business Plus' de Ryanair a trav\u00e9s de la plataforma de Amadeus, gracias al acuerdo alcanzado entre ambas compa\u00f1\u00edas, con el que la 'low cost' irlandesa busca captar m\u00e1s pasajeros de negocios, inform\u00f3 el proveedor tecnol\u00f3gico de servicios tur\u00edsticos. La tarifa 'Business Plus' introducido en el canal indirecto","og:url":"https:\/\/eldigitaldeasturias.com\/magazine365\/las-agencias-de-viajes-podran-acceder-a-la-tarifa-business-plus-de-ryanair-a-traves-de-amadeus\/","og:image":"https:\/\/eldigitaldeasturias.com\/magazine365\/wp-content\/uploads\/2016\/01\/fotonoticia_20160121204913_800.jpg","og:image:secure_url":"https:\/\/eldigitaldeasturias.com\/magazine365\/wp-content\/uploads\/2016\/01\/fotonoticia_20160121204913_800.jpg","og:image:width":800,"og:image:height":601,"article:published_time":"2016-01-23T11:56:45+00:00","article:modified_time":"2016-01-23T11:56:45+00:00","twitter:card":"summary_large_image","twitter:title":".-Las agencias de viajes podr\u00e1n acceder a la tarifa \u2018business Plus\u2019 de Ryanair a trav\u00e9s de Amadeus | El Digital de Asturias","twitter:description":"Las agencias de viajes podr\u00e1n reservar la tarifa 'business Plus' de Ryanair a trav\u00e9s de la plataforma de Amadeus, gracias al acuerdo alcanzado entre ambas compa\u00f1\u00edas, con el que la 'low cost' irlandesa busca captar m\u00e1s pasajeros de negocios, inform\u00f3 el proveedor tecnol\u00f3gico de servicios tur\u00edsticos. La tarifa 'Business Plus' introducido en el canal indirecto","twitter:image":"https:\/\/eldigitaldeasturias.com\/magazine365\/wp-content\/uploads\/2016\/01\/fotonoticia_20160121204913_800.jpg"},"aioseo_meta_data":{"post_id":"61735","title":null,"description":null,"keywords":null,"keyphrases":null,"primary_term":null,"canonical_url":null,"og_title":null,"og_description":null,"og_object_type":"default","og_image_type":"default","og_image_url":null,"og_image_width":null,"og_image_height":null,"og_image_custom_url":null,"og_image_custom_fields":null,"og_video":null,"og_custom_url":null,"og_article_section":null,"og_article_tags":null,"twitter_use_og":false,"twitter_card":"default","twitter_image_type":"default","twitter_image_url":null,"twitter_image_custom_url":null,"twitter_image_custom_fields":null,"twitter_title":null,"twitter_description":null,"schema":{"blockGraphs":[],"customGraphs":[],"default":{"data":{"Article":[],"Course":[],"Dataset":[],"FAQPage":[],"Movie":[],"Person":[],"Product":[],"ProductReview":[],"Car":[],"Recipe":[],"Service":[],"SoftwareApplication":[],"WebPage":[]},"graphName":"","isEnabled":true},"graphs":[]},"schema_type":null,"schema_type_options":null,"pillar_content":false,"robots_default":true,"robots_noindex":false,"robots_noarchive":false,"robots_nosnippet":false,"robots_nofollow":false,"robots_noimageindex":false,"robots_noodp":false,"robots_notranslate":false,"robots_max_snippet":null,"robots_max_videopreview":null,"robots_max_imagepreview":"large","priority":null,"frequency":null,"location":null,"local_seo":null,"seo_analyzer_scan_date":"2025-09-25 09:36:01","breadcrumb_settings":null,"limit_modified_date":false,"open_ai":null,"ai":null,"created":"2021-03-08 21:45:45","updated":"2025-09-25 09:36:01"},"aioseo_breadcrumb":"<div class=\"aioseo-breadcrumbs\"><span class=\"aioseo-breadcrumb\">\n\t<a href=\"https:\/\/eldigitaldeasturias.com\/magazine365\" title=\"Home\">Home<\/a>\n<\/span><span class=\"aioseo-breadcrumb-separator\">\u2013<\/span><span class=\"aioseo-breadcrumb\">\n\t<a href=\"https:\/\/eldigitaldeasturias.com\/magazine365\/category\/noticias-actualidad\/\" title=\"Noticias y Actualidad\">Noticias y Actualidad<\/a>\n<\/span><span class=\"aioseo-breadcrumb-separator\">\u2013<\/span><span class=\"aioseo-breadcrumb\">\n\t<a href=\"https:\/\/eldigitaldeasturias.com\/magazine365\/las-agencias-de-viajes-podran-acceder-a-la-tarifa-business-plus-de-ryanair-a-traves-de-amadeus\/\" title=\".-Las agencias de viajes podr\u00e1n acceder a la tarifa \u2018business Plus\u2019 de Ryanair a trav\u00e9s de Amadeus\">.-Las agencias de viajes podr\u00e1n acceder a la tarifa \u2018business Plus\u2019 de Ryanair a trav\u00e9s de Amadeus<\/a>\n<\/span><\/div>","aioseo_breadcrumb_json":[{"label":"Home","link":"https:\/\/eldigitaldeasturias.com\/magazine365"},{"label":"Noticias y Actualidad","link":"https:\/\/eldigitaldeasturias.com\/magazine365\/category\/noticias-actualidad\/"},{"label":".-Las agencias de viajes podr\u00e1n acceder a la tarifa &#8216;business Plus&#8217; de Ryanair a trav\u00e9s de Amadeus","link":"https:\/\/eldigitaldeasturias.com\/magazine365\/las-agencias-de-viajes-podran-acceder-a-la-tarifa-business-plus-de-ryanair-a-traves-de-amadeus\/"}],"_links":{"self":[{"href":"https:\/\/eldigitaldeasturias.com\/magazine365\/wp-json\/wp\/v2\/posts\/61735","targetHints":{"allow":["GET"]}}],"collection":[{"href":"https:\/\/eldigitaldeasturias.com\/magazine365\/wp-json\/wp\/v2\/posts"}],"about":[{"href":"https:\/\/eldigitaldeasturias.com\/magazine365\/wp-json\/wp\/v2\/types\/post"}],"author":[{"embeddable":true,"href":"https:\/\/eldigitaldeasturias.com\/magazine365\/wp-json\/wp\/v2\/users\/1"}],"replies":[{"embeddable":true,"href":"https:\/\/eldigitaldeasturias.com\/magazine365\/wp-json\/wp\/v2\/comments?post=61735"}],"version-history":[{"count":0,"href":"https:\/\/eldigitaldeasturias.com\/magazine365\/wp-json\/wp\/v2\/posts\/61735\/revisions"}],"wp:featuredmedia":[{"embeddable":true,"href":"https:\/\/eldigitaldeasturias.com\/magazine365\/wp-json\/wp\/v2\/media\/61736"}],"wp:attachment":[{"href":"https:\/\/eldigitaldeasturias.com\/magazine365\/wp-json\/wp\/v2\/media?parent=61735"}],"wp:term":[{"taxonomy":"category","embeddable":true,"href":"https:\/\/eldigitaldeasturias.com\/magazine365\/wp-json\/wp\/v2\/categories?post=61735"},{"taxonomy":"post_tag","embeddable":true,"href":"https:\/\/eldigitaldeasturias.com\/magazine365\/wp-json\/wp\/v2\/tags?post=61735"}],"curies":[{"name":"wp","href":"https:\/\/api.w.org\/{rel}","templated":true}]}}