{"id":61694,"date":"2016-01-23T12:23:56","date_gmt":"2016-01-23T11:23:56","guid":{"rendered":"http:\/\/eldigitaldeasturias.com\/magazine365\/?p=61694"},"modified":"2016-01-23T12:23:56","modified_gmt":"2016-01-23T11:23:56","slug":"junta-pone-la-concentracion-de-paramotores-de-las-candelas-como-camino-a-seguir","status":"publish","type":"post","link":"https:\/\/eldigitaldeasturias.com\/magazine365\/junta-pone-la-concentracion-de-paramotores-de-las-candelas-como-camino-a-seguir\/","title":{"rendered":"Junta pone la Concentraci\u00f3n de Paramotores de Las Candelas como camino a seguir"},"content":{"rendered":"<p><img fetchpriority=\"high\" decoding=\"async\" class=\"alignleft size-medium wp-image-61695\" src=\"https:\/\/eldigitaldeasturias.com\/magazine365\/wp-content\/uploads\/2016\/01\/fotonoticia_20160121191033_800-360x240.jpg\" alt=\"fotonoticia_20160121191033_800\" width=\"360\" height=\"240\" srcset=\"https:\/\/eldigitaldeasturias.com\/magazine365\/wp-content\/uploads\/2016\/01\/fotonoticia_20160121191033_800-360x240.jpg 360w, https:\/\/eldigitaldeasturias.com\/magazine365\/wp-content\/uploads\/2016\/01\/fotonoticia_20160121191033_800-650x433.jpg 650w, https:\/\/eldigitaldeasturias.com\/magazine365\/wp-content\/uploads\/2016\/01\/fotonoticia_20160121191033_800-768x512.jpg 768w, https:\/\/eldigitaldeasturias.com\/magazine365\/wp-content\/uploads\/2016\/01\/fotonoticia_20160121191033_800-150x100.jpg 150w, https:\/\/eldigitaldeasturias.com\/magazine365\/wp-content\/uploads\/2016\/01\/fotonoticia_20160121191033_800-450x300.jpg 450w, https:\/\/eldigitaldeasturias.com\/magazine365\/wp-content\/uploads\/2016\/01\/fotonoticia_20160121191033_800-696x464.jpg 696w, https:\/\/eldigitaldeasturias.com\/magazine365\/wp-content\/uploads\/2016\/01\/fotonoticia_20160121191033_800-630x420.jpg 630w, https:\/\/eldigitaldeasturias.com\/magazine365\/wp-content\/uploads\/2016\/01\/fotonoticia_20160121191033_800-101x66.jpg 101w, https:\/\/eldigitaldeasturias.com\/magazine365\/wp-content\/uploads\/2016\/01\/fotonoticia_20160121191033_800.jpg 800w\" sizes=\"(max-width: 360px) 100vw, 360px\" \/>El consejero de Turismo andaluz, Francisco Javier Fern\u00e1ndez, ha participado este jueves en la presentaci\u00f3n en la Feria Internacional de Turismo (Fitur) de la Concentraci\u00f3n de Paramotores &#8216;Las Candelas&#8217;, que se celebra en La Puebla de los Infantes (Sevilla) y ha puesto el evento como ejemplo a seguir porque ha sabido innovar y, a la vez, tejer alianzas entre las tradiciones y la gesti\u00f3n sostenible.<\/p>\n<p>El consejero andaluz ha querido respaldar la presentaci\u00f3n madrile\u00f1a de esta concentraci\u00f3n y ha ensalzado que si cumple 20 a\u00f1os es \u00abporque no es una prueba ni un experimento\u00bb sino que su consolidaci\u00f3n responde \u00abal trabajo bien hecho\u00bb y a la capacidad de innovar para que una fiesta tradicional como la de Las Candelas se convierta tambi\u00e9n en \u00abuna cita moderna\u00bb que no queda \u00abreducida a una fiesta de pueblo\u00bb.<\/p>\n<p>Adem\u00e1s, Fern\u00e1ndez, que entre risas ha confesado que \u00e9l no se atrever\u00eda a probar el vuelo en paramotor, ha ensalzado iniciativas que como la de La Puebla de los Infantes aportan al turismo propuestas \u00absostenibles\u00bb y \u00abvinculadas al deporte\u00bb.<\/p>\n<p>La conocida como &#8216;Fiesta de las Candelas&#8217; es un cl\u00e1sico en los eventos deportivos y de aventura en Espa\u00f1a y cuenta tambi\u00e9n con la presencia de deportistas internacionales. Se celebra cada a\u00f1o el \u00faltimo fin de semana de enero en el municipio sevillano y prev\u00e9 la asistencia de 30,000 personas.<\/p>\n<p>Fern\u00e1ndez, que ha agradecido la \u00abilusi\u00f3n y voluntad de trabajo\u00bb de las distintas administraciones y entidades p\u00fablicas y privadas implicadas, ha destacado el clima y \u00abentorno ideal\u00bb de Andaluc\u00eda, como art\u00edfice del \u00e9xito de la celebraci\u00f3n de este tipo de eventos, recursos y atractivos alrededor de los cuales se ha ido \u00abconsolidando en los \u00faltimos a\u00f1os una oferta tur\u00edstica y deportiva de calidad y primer nivel que hay que seguir manteniendo en el futuro\u00bb.<\/p>\n<p>ORIGEN ROMANO<\/p>\n<p>La celebraci\u00f3n de esta concentraci\u00f3n de paramotores tiene su origen m\u00e1s probable en las Lupercales romanas, una procesi\u00f3n de candelas en las que los vecinos solicitaban a Fauno Luperco, mediante c\u00e1nticos y letan\u00edas, protecci\u00f3n contra la muerte y a favor de la fertilidad.<\/p>\n<p>La cita se celebra cada a\u00f1o el fin de semana m\u00e1s pr\u00f3ximo al 1 de febrero en el embalse de Jos\u00e9 Tor\u00e1n y en esta edici\u00f3n contar\u00e1 con la participaci\u00f3n de alrededor de 400 personas entre deportistas, ayudantes y mec\u00e1nicos. Este a\u00f1o, como novedad, el evento contar\u00e1 con una Feria Artesanal y Gastron\u00f3mica de productos t\u00edpicos de La Puebla de los Infantes, as\u00ed como visitas guiadas por los monumentos y el Museo de Artes y Costumbres Populares de dicha localidad.<\/p>\n","protected":false},"excerpt":{"rendered":"<p>El consejero de Turismo andaluz, Francisco Javier Fern\u00e1ndez, ha participado este jueves en la presentaci\u00f3n en la Feria Internacional de Turismo (Fitur) de la Concentraci\u00f3n de Paramotores &#8216;Las Candelas&#8217;, que se celebra en La Puebla de los Infantes (Sevilla) y ha puesto el evento como ejemplo a seguir porque ha sabido innovar y, a la<\/p>\n","protected":false},"author":1,"featured_media":61695,"comment_status":"open","ping_status":"closed","sticky":false,"template":"","format":"standard","meta":{"footnotes":""},"categories":[224],"tags":[],"class_list":{"0":"post-61694","1":"post","2":"type-post","3":"status-publish","4":"format-standard","5":"has-post-thumbnail","7":"category-noticias-actualidad"},"aioseo_notices":[],"aioseo_head":"\n\t\t<!-- All in One SEO Pro 4.9.6.1 - aioseo.com -->\n\t<meta name=\"description\" content=\"El consejero de Turismo andaluz, Francisco Javier Fern\u00e1ndez, ha participado este jueves en la presentaci\u00f3n en la Feria Internacional de Turismo (Fitur) de la Concentraci\u00f3n de Paramotores &#039;Las Candelas&#039;, que se celebra en La Puebla de los Infantes (Sevilla) y ha puesto el evento como ejemplo a seguir porque ha sabido innovar y, a la\" \/>\n\t<meta name=\"robots\" content=\"max-image-preview:large\" \/>\n\t<meta name=\"author\" content=\"admin\"\/>\n\t<meta name=\"google-site-verification\" content=\"UA-38556648-1\" \/>\n\t<meta name=\"keywords\" content=\"noticias y actualidad\" \/>\n\t<link rel=\"canonical\" href=\"https:\/\/eldigitaldeasturias.com\/magazine365\/junta-pone-la-concentracion-de-paramotores-de-las-candelas-como-camino-a-seguir\/\" \/>\n\t<meta name=\"generator\" content=\"All in One SEO Pro (AIOSEO) 4.9.6.1\" \/>\n\t\t<meta property=\"og:locale\" content=\"es_ES\" \/>\n\t\t<meta property=\"og:site_name\" content=\"El Digital de Asturias \u2013 Revista de ocio, turismo y estilo de vida\" \/>\n\t\t<meta property=\"og:type\" content=\"article\" \/>\n\t\t<meta property=\"og:title\" content=\"Junta pone la Concentraci\u00f3n de Paramotores de Las Candelas como camino a seguir | El Digital de Asturias\" \/>\n\t\t<meta property=\"og:description\" content=\"El consejero de Turismo andaluz, Francisco Javier Fern\u00e1ndez, ha participado este jueves en la presentaci\u00f3n en la Feria Internacional de Turismo (Fitur) de la Concentraci\u00f3n de Paramotores &#039;Las Candelas&#039;, que se celebra en La Puebla de los Infantes (Sevilla) y ha puesto el evento como ejemplo a seguir porque ha sabido innovar y, a la\" \/>\n\t\t<meta property=\"og:url\" content=\"https:\/\/eldigitaldeasturias.com\/magazine365\/junta-pone-la-concentracion-de-paramotores-de-las-candelas-como-camino-a-seguir\/\" \/>\n\t\t<meta property=\"og:image\" content=\"https:\/\/eldigitaldeasturias.com\/magazine365\/wp-content\/uploads\/2016\/01\/fotonoticia_20160121191033_800.jpg\" \/>\n\t\t<meta property=\"og:image:secure_url\" content=\"https:\/\/eldigitaldeasturias.com\/magazine365\/wp-content\/uploads\/2016\/01\/fotonoticia_20160121191033_800.jpg\" \/>\n\t\t<meta property=\"og:image:width\" content=\"800\" \/>\n\t\t<meta property=\"og:image:height\" content=\"533\" \/>\n\t\t<meta property=\"article:published_time\" content=\"2016-01-23T11:23:56+00:00\" \/>\n\t\t<meta property=\"article:modified_time\" content=\"2016-01-23T11:23:56+00:00\" \/>\n\t\t<meta name=\"twitter:card\" content=\"summary_large_image\" \/>\n\t\t<meta name=\"twitter:title\" content=\"Junta pone la Concentraci\u00f3n de Paramotores de Las Candelas como camino a seguir | El Digital de Asturias\" \/>\n\t\t<meta name=\"twitter:description\" content=\"El consejero de Turismo andaluz, Francisco Javier Fern\u00e1ndez, ha participado este jueves en la presentaci\u00f3n en la Feria Internacional de Turismo (Fitur) de la Concentraci\u00f3n de Paramotores &#039;Las Candelas&#039;, que se celebra en La Puebla de los Infantes (Sevilla) y ha puesto el evento como ejemplo a seguir porque ha sabido innovar y, a la\" \/>\n\t\t<meta name=\"twitter:image\" content=\"https:\/\/eldigitaldeasturias.com\/magazine365\/wp-content\/uploads\/2016\/01\/fotonoticia_20160121191033_800.jpg\" \/>\n\t\t<script type=\"application\/ld+json\" class=\"aioseo-schema\">\n\t\t\t{\"@context\":\"https:\\\/\\\/schema.org\",\"@graph\":[{\"@type\":\"Article\",\"@id\":\"https:\\\/\\\/eldigitaldeasturias.com\\\/magazine365\\\/junta-pone-la-concentracion-de-paramotores-de-las-candelas-como-camino-a-seguir\\\/#article\",\"name\":\"Junta pone la Concentraci\\u00f3n de Paramotores de Las Candelas como camino a seguir | El Digital de Asturias\",\"headline\":\"Junta pone la Concentraci\\u00f3n de Paramotores de Las Candelas como camino a seguir\",\"author\":{\"@id\":\"https:\\\/\\\/eldigitaldeasturias.com\\\/magazine365\\\/author\\\/admin\\\/#author\"},\"publisher\":{\"@id\":\"https:\\\/\\\/eldigitaldeasturias.com\\\/magazine365\\\/#organization\"},\"image\":{\"@type\":\"ImageObject\",\"url\":\"https:\\\/\\\/eldigitaldeasturias.com\\\/magazine365\\\/wp-content\\\/uploads\\\/2016\\\/01\\\/fotonoticia_20160121191033_800.jpg\",\"width\":800,\"height\":533},\"datePublished\":\"2016-01-23T12:23:56+01:00\",\"dateModified\":\"2016-01-23T12:23:56+01:00\",\"inLanguage\":\"es-ES\",\"mainEntityOfPage\":{\"@id\":\"https:\\\/\\\/eldigitaldeasturias.com\\\/magazine365\\\/junta-pone-la-concentracion-de-paramotores-de-las-candelas-como-camino-a-seguir\\\/#webpage\"},\"isPartOf\":{\"@id\":\"https:\\\/\\\/eldigitaldeasturias.com\\\/magazine365\\\/junta-pone-la-concentracion-de-paramotores-de-las-candelas-como-camino-a-seguir\\\/#webpage\"},\"articleSection\":\"Noticias y Actualidad\"},{\"@type\":\"BreadcrumbList\",\"@id\":\"https:\\\/\\\/eldigitaldeasturias.com\\\/magazine365\\\/junta-pone-la-concentracion-de-paramotores-de-las-candelas-como-camino-a-seguir\\\/#breadcrumblist\",\"itemListElement\":[{\"@type\":\"ListItem\",\"@id\":\"https:\\\/\\\/eldigitaldeasturias.com\\\/magazine365#listItem\",\"position\":1,\"name\":\"Home\",\"item\":\"https:\\\/\\\/eldigitaldeasturias.com\\\/magazine365\",\"nextItem\":{\"@type\":\"ListItem\",\"@id\":\"https:\\\/\\\/eldigitaldeasturias.com\\\/magazine365\\\/category\\\/noticias-actualidad\\\/#listItem\",\"name\":\"Noticias y Actualidad\"}},{\"@type\":\"ListItem\",\"@id\":\"https:\\\/\\\/eldigitaldeasturias.com\\\/magazine365\\\/category\\\/noticias-actualidad\\\/#listItem\",\"position\":2,\"name\":\"Noticias y Actualidad\",\"item\":\"https:\\\/\\\/eldigitaldeasturias.com\\\/magazine365\\\/category\\\/noticias-actualidad\\\/\",\"nextItem\":{\"@type\":\"ListItem\",\"@id\":\"https:\\\/\\\/eldigitaldeasturias.com\\\/magazine365\\\/junta-pone-la-concentracion-de-paramotores-de-las-candelas-como-camino-a-seguir\\\/#listItem\",\"name\":\"Junta pone la Concentraci\\u00f3n de Paramotores de Las Candelas como camino a seguir\"},\"previousItem\":{\"@type\":\"ListItem\",\"@id\":\"https:\\\/\\\/eldigitaldeasturias.com\\\/magazine365#listItem\",\"name\":\"Home\"}},{\"@type\":\"ListItem\",\"@id\":\"https:\\\/\\\/eldigitaldeasturias.com\\\/magazine365\\\/junta-pone-la-concentracion-de-paramotores-de-las-candelas-como-camino-a-seguir\\\/#listItem\",\"position\":3,\"name\":\"Junta pone la Concentraci\\u00f3n de Paramotores de Las Candelas como camino a seguir\",\"previousItem\":{\"@type\":\"ListItem\",\"@id\":\"https:\\\/\\\/eldigitaldeasturias.com\\\/magazine365\\\/category\\\/noticias-actualidad\\\/#listItem\",\"name\":\"Noticias y Actualidad\"}}]},{\"@type\":\"Organization\",\"@id\":\"https:\\\/\\\/eldigitaldeasturias.com\\\/magazine365\\\/#organization\",\"name\":\"El digital de Asturias\",\"description\":\"Revista de ocio, turismo y estilo de vida\",\"url\":\"https:\\\/\\\/eldigitaldeasturias.com\\\/magazine365\\\/\",\"logo\":{\"@type\":\"ImageObject\",\"url\":\"https:\\\/\\\/www.eldigitaldeasturias.com\\\/noticias\\\/wp-content\\\/uploads\\\/2020\\\/12\\\/EDA.jpg\",\"@id\":\"https:\\\/\\\/eldigitaldeasturias.com\\\/magazine365\\\/junta-pone-la-concentracion-de-paramotores-de-las-candelas-como-camino-a-seguir\\\/#organizationLogo\"},\"image\":{\"@id\":\"https:\\\/\\\/eldigitaldeasturias.com\\\/magazine365\\\/junta-pone-la-concentracion-de-paramotores-de-las-candelas-como-camino-a-seguir\\\/#organizationLogo\"}},{\"@type\":\"Person\",\"@id\":\"https:\\\/\\\/eldigitaldeasturias.com\\\/magazine365\\\/author\\\/admin\\\/#author\",\"url\":\"https:\\\/\\\/eldigitaldeasturias.com\\\/magazine365\\\/author\\\/admin\\\/\",\"name\":\"admin\",\"image\":{\"@type\":\"ImageObject\",\"@id\":\"https:\\\/\\\/eldigitaldeasturias.com\\\/magazine365\\\/junta-pone-la-concentracion-de-paramotores-de-las-candelas-como-camino-a-seguir\\\/#authorImage\",\"url\":\"https:\\\/\\\/eldigitaldeasturias.com\\\/magazine365\\\/wp-content\\\/litespeed\\\/avatar\\\/e571bcf59a0edd6fa6838245a470f2fe.jpg?ver=1776969259\",\"width\":96,\"height\":96,\"caption\":\"admin\"}},{\"@type\":\"WebPage\",\"@id\":\"https:\\\/\\\/eldigitaldeasturias.com\\\/magazine365\\\/junta-pone-la-concentracion-de-paramotores-de-las-candelas-como-camino-a-seguir\\\/#webpage\",\"url\":\"https:\\\/\\\/eldigitaldeasturias.com\\\/magazine365\\\/junta-pone-la-concentracion-de-paramotores-de-las-candelas-como-camino-a-seguir\\\/\",\"name\":\"Junta pone la Concentraci\\u00f3n de Paramotores de Las Candelas como camino a seguir | El Digital de Asturias\",\"description\":\"El consejero de Turismo andaluz, Francisco Javier Fern\\u00e1ndez, ha participado este jueves en la presentaci\\u00f3n en la Feria Internacional de Turismo (Fitur) de la Concentraci\\u00f3n de Paramotores 'Las Candelas', que se celebra en La Puebla de los Infantes (Sevilla) y ha puesto el evento como ejemplo a seguir porque ha sabido innovar y, a la\",\"inLanguage\":\"es-ES\",\"isPartOf\":{\"@id\":\"https:\\\/\\\/eldigitaldeasturias.com\\\/magazine365\\\/#website\"},\"breadcrumb\":{\"@id\":\"https:\\\/\\\/eldigitaldeasturias.com\\\/magazine365\\\/junta-pone-la-concentracion-de-paramotores-de-las-candelas-como-camino-a-seguir\\\/#breadcrumblist\"},\"author\":{\"@id\":\"https:\\\/\\\/eldigitaldeasturias.com\\\/magazine365\\\/author\\\/admin\\\/#author\"},\"creator\":{\"@id\":\"https:\\\/\\\/eldigitaldeasturias.com\\\/magazine365\\\/author\\\/admin\\\/#author\"},\"image\":{\"@type\":\"ImageObject\",\"url\":\"https:\\\/\\\/eldigitaldeasturias.com\\\/magazine365\\\/wp-content\\\/uploads\\\/2016\\\/01\\\/fotonoticia_20160121191033_800.jpg\",\"@id\":\"https:\\\/\\\/eldigitaldeasturias.com\\\/magazine365\\\/junta-pone-la-concentracion-de-paramotores-de-las-candelas-como-camino-a-seguir\\\/#mainImage\",\"width\":800,\"height\":533},\"primaryImageOfPage\":{\"@id\":\"https:\\\/\\\/eldigitaldeasturias.com\\\/magazine365\\\/junta-pone-la-concentracion-de-paramotores-de-las-candelas-como-camino-a-seguir\\\/#mainImage\"},\"datePublished\":\"2016-01-23T12:23:56+01:00\",\"dateModified\":\"2016-01-23T12:23:56+01:00\"},{\"@type\":\"WebSite\",\"@id\":\"https:\\\/\\\/eldigitaldeasturias.com\\\/magazine365\\\/#website\",\"url\":\"https:\\\/\\\/eldigitaldeasturias.com\\\/magazine365\\\/\",\"name\":\"El Digital de Asturias\",\"description\":\"Revista de ocio, turismo y estilo de vida\",\"inLanguage\":\"es-ES\",\"publisher\":{\"@id\":\"https:\\\/\\\/eldigitaldeasturias.com\\\/magazine365\\\/#organization\"}}]}\n\t\t<\/script>\n\t\t<!-- All in One SEO Pro -->\r\n\t\t<title>Junta pone la Concentraci\u00f3n de Paramotores de Las Candelas como camino a seguir | El Digital de Asturias<\/title>\n\n","aioseo_head_json":{"title":"Junta pone la Concentraci\u00f3n de Paramotores de Las Candelas como camino a seguir | El Digital de Asturias","description":"El consejero de Turismo andaluz, Francisco Javier Fern\u00e1ndez, ha participado este jueves en la presentaci\u00f3n en la Feria Internacional de Turismo (Fitur) de la Concentraci\u00f3n de Paramotores 'Las Candelas', que se celebra en La Puebla de los Infantes (Sevilla) y ha puesto el evento como ejemplo a seguir porque ha sabido innovar y, a la","canonical_url":"https:\/\/eldigitaldeasturias.com\/magazine365\/junta-pone-la-concentracion-de-paramotores-de-las-candelas-como-camino-a-seguir\/","robots":"max-image-preview:large","keywords":"noticias y actualidad","webmasterTools":{"google-site-verification":"UA-38556648-1","miscellaneous":""},"schema":{"@context":"https:\/\/schema.org","@graph":[{"@type":"Article","@id":"https:\/\/eldigitaldeasturias.com\/magazine365\/junta-pone-la-concentracion-de-paramotores-de-las-candelas-como-camino-a-seguir\/#article","name":"Junta pone la Concentraci\u00f3n de Paramotores de Las Candelas como camino a seguir | El Digital de Asturias","headline":"Junta pone la Concentraci\u00f3n de Paramotores de Las Candelas como camino a seguir","author":{"@id":"https:\/\/eldigitaldeasturias.com\/magazine365\/author\/admin\/#author"},"publisher":{"@id":"https:\/\/eldigitaldeasturias.com\/magazine365\/#organization"},"image":{"@type":"ImageObject","url":"https:\/\/eldigitaldeasturias.com\/magazine365\/wp-content\/uploads\/2016\/01\/fotonoticia_20160121191033_800.jpg","width":800,"height":533},"datePublished":"2016-01-23T12:23:56+01:00","dateModified":"2016-01-23T12:23:56+01:00","inLanguage":"es-ES","mainEntityOfPage":{"@id":"https:\/\/eldigitaldeasturias.com\/magazine365\/junta-pone-la-concentracion-de-paramotores-de-las-candelas-como-camino-a-seguir\/#webpage"},"isPartOf":{"@id":"https:\/\/eldigitaldeasturias.com\/magazine365\/junta-pone-la-concentracion-de-paramotores-de-las-candelas-como-camino-a-seguir\/#webpage"},"articleSection":"Noticias y Actualidad"},{"@type":"BreadcrumbList","@id":"https:\/\/eldigitaldeasturias.com\/magazine365\/junta-pone-la-concentracion-de-paramotores-de-las-candelas-como-camino-a-seguir\/#breadcrumblist","itemListElement":[{"@type":"ListItem","@id":"https:\/\/eldigitaldeasturias.com\/magazine365#listItem","position":1,"name":"Home","item":"https:\/\/eldigitaldeasturias.com\/magazine365","nextItem":{"@type":"ListItem","@id":"https:\/\/eldigitaldeasturias.com\/magazine365\/category\/noticias-actualidad\/#listItem","name":"Noticias y Actualidad"}},{"@type":"ListItem","@id":"https:\/\/eldigitaldeasturias.com\/magazine365\/category\/noticias-actualidad\/#listItem","position":2,"name":"Noticias y Actualidad","item":"https:\/\/eldigitaldeasturias.com\/magazine365\/category\/noticias-actualidad\/","nextItem":{"@type":"ListItem","@id":"https:\/\/eldigitaldeasturias.com\/magazine365\/junta-pone-la-concentracion-de-paramotores-de-las-candelas-como-camino-a-seguir\/#listItem","name":"Junta pone la Concentraci\u00f3n de Paramotores de Las Candelas como camino a seguir"},"previousItem":{"@type":"ListItem","@id":"https:\/\/eldigitaldeasturias.com\/magazine365#listItem","name":"Home"}},{"@type":"ListItem","@id":"https:\/\/eldigitaldeasturias.com\/magazine365\/junta-pone-la-concentracion-de-paramotores-de-las-candelas-como-camino-a-seguir\/#listItem","position":3,"name":"Junta pone la Concentraci\u00f3n de Paramotores de Las Candelas como camino a seguir","previousItem":{"@type":"ListItem","@id":"https:\/\/eldigitaldeasturias.com\/magazine365\/category\/noticias-actualidad\/#listItem","name":"Noticias y Actualidad"}}]},{"@type":"Organization","@id":"https:\/\/eldigitaldeasturias.com\/magazine365\/#organization","name":"El digital de Asturias","description":"Revista de ocio, turismo y estilo de vida","url":"https:\/\/eldigitaldeasturias.com\/magazine365\/","logo":{"@type":"ImageObject","url":"https:\/\/www.eldigitaldeasturias.com\/noticias\/wp-content\/uploads\/2020\/12\/EDA.jpg","@id":"https:\/\/eldigitaldeasturias.com\/magazine365\/junta-pone-la-concentracion-de-paramotores-de-las-candelas-como-camino-a-seguir\/#organizationLogo"},"image":{"@id":"https:\/\/eldigitaldeasturias.com\/magazine365\/junta-pone-la-concentracion-de-paramotores-de-las-candelas-como-camino-a-seguir\/#organizationLogo"}},{"@type":"Person","@id":"https:\/\/eldigitaldeasturias.com\/magazine365\/author\/admin\/#author","url":"https:\/\/eldigitaldeasturias.com\/magazine365\/author\/admin\/","name":"admin","image":{"@type":"ImageObject","@id":"https:\/\/eldigitaldeasturias.com\/magazine365\/junta-pone-la-concentracion-de-paramotores-de-las-candelas-como-camino-a-seguir\/#authorImage","url":"https:\/\/eldigitaldeasturias.com\/magazine365\/wp-content\/litespeed\/avatar\/e571bcf59a0edd6fa6838245a470f2fe.jpg?ver=1776969259","width":96,"height":96,"caption":"admin"}},{"@type":"WebPage","@id":"https:\/\/eldigitaldeasturias.com\/magazine365\/junta-pone-la-concentracion-de-paramotores-de-las-candelas-como-camino-a-seguir\/#webpage","url":"https:\/\/eldigitaldeasturias.com\/magazine365\/junta-pone-la-concentracion-de-paramotores-de-las-candelas-como-camino-a-seguir\/","name":"Junta pone la Concentraci\u00f3n de Paramotores de Las Candelas como camino a seguir | El Digital de Asturias","description":"El consejero de Turismo andaluz, Francisco Javier Fern\u00e1ndez, ha participado este jueves en la presentaci\u00f3n en la Feria Internacional de Turismo (Fitur) de la Concentraci\u00f3n de Paramotores 'Las Candelas', que se celebra en La Puebla de los Infantes (Sevilla) y ha puesto el evento como ejemplo a seguir porque ha sabido innovar y, a la","inLanguage":"es-ES","isPartOf":{"@id":"https:\/\/eldigitaldeasturias.com\/magazine365\/#website"},"breadcrumb":{"@id":"https:\/\/eldigitaldeasturias.com\/magazine365\/junta-pone-la-concentracion-de-paramotores-de-las-candelas-como-camino-a-seguir\/#breadcrumblist"},"author":{"@id":"https:\/\/eldigitaldeasturias.com\/magazine365\/author\/admin\/#author"},"creator":{"@id":"https:\/\/eldigitaldeasturias.com\/magazine365\/author\/admin\/#author"},"image":{"@type":"ImageObject","url":"https:\/\/eldigitaldeasturias.com\/magazine365\/wp-content\/uploads\/2016\/01\/fotonoticia_20160121191033_800.jpg","@id":"https:\/\/eldigitaldeasturias.com\/magazine365\/junta-pone-la-concentracion-de-paramotores-de-las-candelas-como-camino-a-seguir\/#mainImage","width":800,"height":533},"primaryImageOfPage":{"@id":"https:\/\/eldigitaldeasturias.com\/magazine365\/junta-pone-la-concentracion-de-paramotores-de-las-candelas-como-camino-a-seguir\/#mainImage"},"datePublished":"2016-01-23T12:23:56+01:00","dateModified":"2016-01-23T12:23:56+01:00"},{"@type":"WebSite","@id":"https:\/\/eldigitaldeasturias.com\/magazine365\/#website","url":"https:\/\/eldigitaldeasturias.com\/magazine365\/","name":"El Digital de Asturias","description":"Revista de ocio, turismo y estilo de vida","inLanguage":"es-ES","publisher":{"@id":"https:\/\/eldigitaldeasturias.com\/magazine365\/#organization"}}]},"og:locale":"es_ES","og:site_name":"El Digital de Asturias \u2013 Revista de ocio, turismo y estilo de vida","og:type":"article","og:title":"Junta pone la Concentraci\u00f3n de Paramotores de Las Candelas como camino a seguir | El Digital de Asturias","og:description":"El consejero de Turismo andaluz, Francisco Javier Fern\u00e1ndez, ha participado este jueves en la presentaci\u00f3n en la Feria Internacional de Turismo (Fitur) de la Concentraci\u00f3n de Paramotores 'Las Candelas', que se celebra en La Puebla de los Infantes (Sevilla) y ha puesto el evento como ejemplo a seguir porque ha sabido innovar y, a la","og:url":"https:\/\/eldigitaldeasturias.com\/magazine365\/junta-pone-la-concentracion-de-paramotores-de-las-candelas-como-camino-a-seguir\/","og:image":"https:\/\/eldigitaldeasturias.com\/magazine365\/wp-content\/uploads\/2016\/01\/fotonoticia_20160121191033_800.jpg","og:image:secure_url":"https:\/\/eldigitaldeasturias.com\/magazine365\/wp-content\/uploads\/2016\/01\/fotonoticia_20160121191033_800.jpg","og:image:width":800,"og:image:height":533,"article:published_time":"2016-01-23T11:23:56+00:00","article:modified_time":"2016-01-23T11:23:56+00:00","twitter:card":"summary_large_image","twitter:title":"Junta pone la Concentraci\u00f3n de Paramotores de Las Candelas como camino a seguir | El Digital de Asturias","twitter:description":"El consejero de Turismo andaluz, Francisco Javier Fern\u00e1ndez, ha participado este jueves en la presentaci\u00f3n en la Feria Internacional de Turismo (Fitur) de la Concentraci\u00f3n de Paramotores 'Las Candelas', que se celebra en La Puebla de los Infantes (Sevilla) y ha puesto el evento como ejemplo a seguir porque ha sabido innovar y, a la","twitter:image":"https:\/\/eldigitaldeasturias.com\/magazine365\/wp-content\/uploads\/2016\/01\/fotonoticia_20160121191033_800.jpg"},"aioseo_meta_data":{"post_id":"61694","title":null,"description":null,"keywords":null,"keyphrases":null,"primary_term":null,"canonical_url":null,"og_title":null,"og_description":null,"og_object_type":"default","og_image_type":"default","og_image_url":null,"og_image_width":null,"og_image_height":null,"og_image_custom_url":null,"og_image_custom_fields":null,"og_video":null,"og_custom_url":null,"og_article_section":null,"og_article_tags":null,"twitter_use_og":false,"twitter_card":"default","twitter_image_type":"default","twitter_image_url":null,"twitter_image_custom_url":null,"twitter_image_custom_fields":null,"twitter_title":null,"twitter_description":null,"schema":{"blockGraphs":[],"customGraphs":[],"default":{"data":{"Article":[],"Course":[],"Dataset":[],"FAQPage":[],"Movie":[],"Person":[],"Product":[],"ProductReview":[],"Car":[],"Recipe":[],"Service":[],"SoftwareApplication":[],"WebPage":[]},"graphName":"","isEnabled":true},"graphs":[],"defaultGraph":"","defaultPostTypeGraph":""},"schema_type":null,"schema_type_options":null,"pillar_content":false,"robots_default":true,"robots_noindex":false,"robots_noarchive":false,"robots_nosnippet":false,"robots_nofollow":false,"robots_noimageindex":false,"robots_noodp":false,"robots_notranslate":false,"robots_max_snippet":null,"robots_max_videopreview":null,"robots_max_imagepreview":"large","priority":null,"frequency":null,"location":null,"local_seo":null,"seo_analyzer_scan_date":"2025-09-25 09:30:06","breadcrumb_settings":null,"limit_modified_date":false,"open_ai":null,"ai":null,"created":"2021-03-08 21:46:43","updated":"2025-09-25 09:30:06"},"aioseo_breadcrumb":"<div class=\"aioseo-breadcrumbs\"><span class=\"aioseo-breadcrumb\">\n\t<a href=\"https:\/\/eldigitaldeasturias.com\/magazine365\" title=\"Home\">Home<\/a>\n<\/span><span class=\"aioseo-breadcrumb-separator\">\u2013<\/span><span class=\"aioseo-breadcrumb\">\n\t<a href=\"https:\/\/eldigitaldeasturias.com\/magazine365\/category\/noticias-actualidad\/\" title=\"Noticias y Actualidad\">Noticias y Actualidad<\/a>\n<\/span><span class=\"aioseo-breadcrumb-separator\">\u2013<\/span><span class=\"aioseo-breadcrumb\">\n\t<a href=\"https:\/\/eldigitaldeasturias.com\/magazine365\/junta-pone-la-concentracion-de-paramotores-de-las-candelas-como-camino-a-seguir\/\" title=\"Junta pone la Concentraci\u00f3n de Paramotores de Las Candelas como camino a seguir\">Junta pone la Concentraci\u00f3n de Paramotores de Las Candelas como camino a seguir<\/a>\n<\/span><\/div>","aioseo_breadcrumb_json":[{"label":"Home","link":"https:\/\/eldigitaldeasturias.com\/magazine365"},{"label":"Noticias y Actualidad","link":"https:\/\/eldigitaldeasturias.com\/magazine365\/category\/noticias-actualidad\/"},{"label":"Junta pone la Concentraci\u00f3n de Paramotores de Las Candelas como camino a seguir","link":"https:\/\/eldigitaldeasturias.com\/magazine365\/junta-pone-la-concentracion-de-paramotores-de-las-candelas-como-camino-a-seguir\/"}],"_links":{"self":[{"href":"https:\/\/eldigitaldeasturias.com\/magazine365\/wp-json\/wp\/v2\/posts\/61694","targetHints":{"allow":["GET"]}}],"collection":[{"href":"https:\/\/eldigitaldeasturias.com\/magazine365\/wp-json\/wp\/v2\/posts"}],"about":[{"href":"https:\/\/eldigitaldeasturias.com\/magazine365\/wp-json\/wp\/v2\/types\/post"}],"author":[{"embeddable":true,"href":"https:\/\/eldigitaldeasturias.com\/magazine365\/wp-json\/wp\/v2\/users\/1"}],"replies":[{"embeddable":true,"href":"https:\/\/eldigitaldeasturias.com\/magazine365\/wp-json\/wp\/v2\/comments?post=61694"}],"version-history":[{"count":0,"href":"https:\/\/eldigitaldeasturias.com\/magazine365\/wp-json\/wp\/v2\/posts\/61694\/revisions"}],"wp:featuredmedia":[{"embeddable":true,"href":"https:\/\/eldigitaldeasturias.com\/magazine365\/wp-json\/wp\/v2\/media\/61695"}],"wp:attachment":[{"href":"https:\/\/eldigitaldeasturias.com\/magazine365\/wp-json\/wp\/v2\/media?parent=61694"}],"wp:term":[{"taxonomy":"category","embeddable":true,"href":"https:\/\/eldigitaldeasturias.com\/magazine365\/wp-json\/wp\/v2\/categories?post=61694"},{"taxonomy":"post_tag","embeddable":true,"href":"https:\/\/eldigitaldeasturias.com\/magazine365\/wp-json\/wp\/v2\/tags?post=61694"}],"curies":[{"name":"wp","href":"https:\/\/api.w.org\/{rel}","templated":true}]}}