{"id":61670,"date":"2016-01-23T12:10:12","date_gmt":"2016-01-23T11:10:12","guid":{"rendered":"http:\/\/eldigitaldeasturias.com\/magazine365\/?p=61670"},"modified":"2016-01-23T12:10:12","modified_gmt":"2016-01-23T11:10:12","slug":"caminos-de-pasion-potencia-la-gastronomia-de-semana-santa-y-cuaresma-con-una-ruta-y-un-recetario","status":"publish","type":"post","link":"https:\/\/eldigitaldeasturias.com\/magazine365\/caminos-de-pasion-potencia-la-gastronomia-de-semana-santa-y-cuaresma-con-una-ruta-y-un-recetario\/","title":{"rendered":"Caminos de Pasi\u00f3n potencia la gastronom\u00eda de Semana Santa y Cuaresma con una ruta y un recetario"},"content":{"rendered":"<p><img fetchpriority=\"high\" decoding=\"async\" class=\"alignleft size-medium wp-image-61671\" src=\"https:\/\/eldigitaldeasturias.com\/magazine365\/wp-content\/uploads\/2016\/01\/fotonoticia_20160121173924_800-360x270.jpg\" alt=\"fotonoticia_20160121173924_800\" width=\"360\" height=\"270\" srcset=\"https:\/\/eldigitaldeasturias.com\/magazine365\/wp-content\/uploads\/2016\/01\/fotonoticia_20160121173924_800-360x270.jpg 360w, https:\/\/eldigitaldeasturias.com\/magazine365\/wp-content\/uploads\/2016\/01\/fotonoticia_20160121173924_800-650x488.jpg 650w, https:\/\/eldigitaldeasturias.com\/magazine365\/wp-content\/uploads\/2016\/01\/fotonoticia_20160121173924_800-768x576.jpg 768w, https:\/\/eldigitaldeasturias.com\/magazine365\/wp-content\/uploads\/2016\/01\/fotonoticia_20160121173924_800-150x113.jpg 150w, https:\/\/eldigitaldeasturias.com\/magazine365\/wp-content\/uploads\/2016\/01\/fotonoticia_20160121173924_800-450x338.jpg 450w, https:\/\/eldigitaldeasturias.com\/magazine365\/wp-content\/uploads\/2016\/01\/fotonoticia_20160121173924_800-80x60.jpg 80w, https:\/\/eldigitaldeasturias.com\/magazine365\/wp-content\/uploads\/2016\/01\/fotonoticia_20160121173924_800-265x198.jpg 265w, https:\/\/eldigitaldeasturias.com\/magazine365\/wp-content\/uploads\/2016\/01\/fotonoticia_20160121173924_800-696x522.jpg 696w, https:\/\/eldigitaldeasturias.com\/magazine365\/wp-content\/uploads\/2016\/01\/fotonoticia_20160121173924_800-560x420.jpg 560w, https:\/\/eldigitaldeasturias.com\/magazine365\/wp-content\/uploads\/2016\/01\/fotonoticia_20160121173924_800-90x67.jpg 90w, https:\/\/eldigitaldeasturias.com\/magazine365\/wp-content\/uploads\/2016\/01\/fotonoticia_20160121173924_800-164x124.jpg 164w, https:\/\/eldigitaldeasturias.com\/magazine365\/wp-content\/uploads\/2016\/01\/fotonoticia_20160121173924_800-100x75.jpg 100w, https:\/\/eldigitaldeasturias.com\/magazine365\/wp-content\/uploads\/2016\/01\/fotonoticia_20160121173924_800.jpg 800w\" sizes=\"(max-width: 360px) 100vw, 360px\" \/>Los responsables e integrantes de Caminos de Pasi\u00f3n han presentado este jueves en el marco de la Feria Internacional de Turismo Fitur la Ruta y el Recetario de Cocina y Reposter\u00eda de Semana Santa y Cuaresma que recoge la \u00abarraigada tradici\u00f3n culinaria\u00bb que se conserva en los municipios del interior de Andaluc\u00eda que componen la ruta tur\u00edstica Caminos de Pasi\u00f3n.<\/p>\n<p>En la presentaci\u00f3n han participado la directora general de Calidad, Innovaci\u00f3n y Fomento del Turismo, Mar\u00eda del Carmen Arjona; el presidente de Caminos de Pasi\u00f3n y alcalde de Carmona, Juan Manuel \u00c1vila; y Juan Carlos \u00c1balos, director comercial Hotel Huerta de las Palomas-Zerca Hoteles de Priego de C\u00f3rdoba.<\/p>\n<p>Con la intenci\u00f3n de poner en valor esta oferta tan vinculada a las tradiciones y dar a conocer un legado gastron\u00f3mico muchas veces reservado a los hogares, Caminos de Pasi\u00f3n ha dado un paso m\u00e1s al primer itinerario de Cocina y Reposter\u00eda de Cuaresma y Semana Santa puesto en marcha el pasado a\u00f1o con excelente acogida, presentando una edici\u00f3n de la Ruta de Cocina y Reposter\u00eda de Cuaresma y Semana Santa en la que degustar algunas de las recetas m\u00e1s tradicionales de estas fechas en casi un centenar de restaurantes, bares y confiter\u00edas.<\/p>\n<p>Asimismo, se ha presentado un recetario de Cuaresma y Semana Santa en el que pueden encontrarse multitud de influencias religiosas y tambi\u00e9n otras que tienen que ver con costumbres populares y con productos locales que da la tierra, rica en vinos, aceites, anisados o membrillos.<\/p>\n<p>Con estas propuestas, Caminos de Pasi\u00f3n pretende adem\u00e1s acercar al viajero los atractivos del interior de Andaluc\u00eda no s\u00f3lo durante la Semana Santa, hilo conductor en torno al que se articula la ruta, sino tambi\u00e9n durante el resto del a\u00f1o y especialmente en Cuaresma, los cuarenta d\u00edas previos a la celebraci\u00f3n de la Pasi\u00f3n que aqu\u00ed se viven con especial fervor.<\/p>\n<p>En este sentido, Juan Manuel \u00c1vila ha querido destacar la labor llevada a cabo por la Asociaci\u00f3n para el Desarrollo de la Ruta en la se\u00f1alizaci\u00f3n de los recursos m\u00e1s importantes, as\u00ed como en la difusi\u00f3n y puesta en valor de tradiciones propias de estas fechas que, junto con las visitas que se pueden hacer a talleres artesanos, la Red de Espacios de Interpretaci\u00f3n de Semana Santa y la oferta gastron\u00f3mica de esta \u00e9poca, configuran un atractivo de turismo cultural-religioso en ciudades medias que son referentes patrimoniales en Andaluc\u00eda y que han sabido mantener a lo largo de los siglos tradiciones de incalculable valor social, cultural y antropol\u00f3gico.<\/p>\n","protected":false},"excerpt":{"rendered":"<p>Los responsables e integrantes de Caminos de Pasi\u00f3n han presentado este jueves en el marco de la Feria Internacional de Turismo Fitur la Ruta y el Recetario de Cocina y Reposter\u00eda de Semana Santa y Cuaresma que recoge la \u00abarraigada tradici\u00f3n culinaria\u00bb que se conserva en los municipios del interior de Andaluc\u00eda que componen la<\/p>\n","protected":false},"author":1,"featured_media":61671,"comment_status":"open","ping_status":"closed","sticky":false,"template":"","format":"standard","meta":{"footnotes":""},"categories":[224],"tags":[],"class_list":{"0":"post-61670","1":"post","2":"type-post","3":"status-publish","4":"format-standard","5":"has-post-thumbnail","7":"category-noticias-actualidad"},"aioseo_notices":[],"aioseo_head":"\n\t\t<!-- All in One SEO Pro 4.9.6.1 - aioseo.com -->\n\t<meta name=\"description\" content=\"Los responsables e integrantes de Caminos de Pasi\u00f3n han presentado este jueves en el marco de la Feria Internacional de Turismo Fitur la Ruta y el Recetario de Cocina y Reposter\u00eda de Semana Santa y Cuaresma que recoge la &quot;arraigada tradici\u00f3n culinaria&quot; que se conserva en los municipios del interior de Andaluc\u00eda que componen la\" \/>\n\t<meta name=\"robots\" content=\"max-image-preview:large\" \/>\n\t<meta name=\"author\" content=\"admin\"\/>\n\t<meta name=\"google-site-verification\" content=\"UA-38556648-1\" \/>\n\t<meta name=\"keywords\" content=\"noticias y actualidad\" \/>\n\t<link rel=\"canonical\" href=\"https:\/\/eldigitaldeasturias.com\/magazine365\/caminos-de-pasion-potencia-la-gastronomia-de-semana-santa-y-cuaresma-con-una-ruta-y-un-recetario\/\" \/>\n\t<meta name=\"generator\" content=\"All in One SEO Pro (AIOSEO) 4.9.6.1\" \/>\n\t\t<meta property=\"og:locale\" content=\"es_ES\" \/>\n\t\t<meta property=\"og:site_name\" content=\"El Digital de Asturias \u2013 Revista de ocio, turismo y estilo de vida\" \/>\n\t\t<meta property=\"og:type\" content=\"article\" \/>\n\t\t<meta property=\"og:title\" content=\"Caminos de Pasi\u00f3n potencia la gastronom\u00eda de Semana Santa y Cuaresma con una ruta y un recetario | El Digital de Asturias\" \/>\n\t\t<meta property=\"og:description\" content=\"Los responsables e integrantes de Caminos de Pasi\u00f3n han presentado este jueves en el marco de la Feria Internacional de Turismo Fitur la Ruta y el Recetario de Cocina y Reposter\u00eda de Semana Santa y Cuaresma que recoge la &quot;arraigada tradici\u00f3n culinaria&quot; que se conserva en los municipios del interior de Andaluc\u00eda que componen la\" \/>\n\t\t<meta property=\"og:url\" content=\"https:\/\/eldigitaldeasturias.com\/magazine365\/caminos-de-pasion-potencia-la-gastronomia-de-semana-santa-y-cuaresma-con-una-ruta-y-un-recetario\/\" \/>\n\t\t<meta property=\"og:image\" content=\"https:\/\/eldigitaldeasturias.com\/magazine365\/wp-content\/uploads\/2016\/01\/fotonoticia_20160121173924_800.jpg\" \/>\n\t\t<meta property=\"og:image:secure_url\" content=\"https:\/\/eldigitaldeasturias.com\/magazine365\/wp-content\/uploads\/2016\/01\/fotonoticia_20160121173924_800.jpg\" \/>\n\t\t<meta property=\"og:image:width\" content=\"800\" \/>\n\t\t<meta property=\"og:image:height\" content=\"600\" \/>\n\t\t<meta property=\"article:published_time\" content=\"2016-01-23T11:10:12+00:00\" \/>\n\t\t<meta property=\"article:modified_time\" content=\"2016-01-23T11:10:12+00:00\" \/>\n\t\t<meta name=\"twitter:card\" content=\"summary_large_image\" \/>\n\t\t<meta name=\"twitter:title\" content=\"Caminos de Pasi\u00f3n potencia la gastronom\u00eda de Semana Santa y Cuaresma con una ruta y un recetario | El Digital de Asturias\" \/>\n\t\t<meta name=\"twitter:description\" content=\"Los responsables e integrantes de Caminos de Pasi\u00f3n han presentado este jueves en el marco de la Feria Internacional de Turismo Fitur la Ruta y el Recetario de Cocina y Reposter\u00eda de Semana Santa y Cuaresma que recoge la &quot;arraigada tradici\u00f3n culinaria&quot; que se conserva en los municipios del interior de Andaluc\u00eda que componen la\" \/>\n\t\t<meta name=\"twitter:image\" content=\"https:\/\/eldigitaldeasturias.com\/magazine365\/wp-content\/uploads\/2016\/01\/fotonoticia_20160121173924_800.jpg\" \/>\n\t\t<script type=\"application\/ld+json\" class=\"aioseo-schema\">\n\t\t\t{\"@context\":\"https:\\\/\\\/schema.org\",\"@graph\":[{\"@type\":\"Article\",\"@id\":\"https:\\\/\\\/eldigitaldeasturias.com\\\/magazine365\\\/caminos-de-pasion-potencia-la-gastronomia-de-semana-santa-y-cuaresma-con-una-ruta-y-un-recetario\\\/#article\",\"name\":\"Caminos de Pasi\\u00f3n potencia la gastronom\\u00eda de Semana Santa y Cuaresma con una ruta y un recetario | El Digital de Asturias\",\"headline\":\"Caminos de Pasi\\u00f3n potencia la gastronom\\u00eda de Semana Santa y Cuaresma con una ruta y un recetario\",\"author\":{\"@id\":\"https:\\\/\\\/eldigitaldeasturias.com\\\/magazine365\\\/author\\\/admin\\\/#author\"},\"publisher\":{\"@id\":\"https:\\\/\\\/eldigitaldeasturias.com\\\/magazine365\\\/#organization\"},\"image\":{\"@type\":\"ImageObject\",\"url\":\"https:\\\/\\\/eldigitaldeasturias.com\\\/magazine365\\\/wp-content\\\/uploads\\\/2016\\\/01\\\/fotonoticia_20160121173924_800.jpg\",\"width\":800,\"height\":600},\"datePublished\":\"2016-01-23T12:10:12+01:00\",\"dateModified\":\"2016-01-23T12:10:12+01:00\",\"inLanguage\":\"es-ES\",\"mainEntityOfPage\":{\"@id\":\"https:\\\/\\\/eldigitaldeasturias.com\\\/magazine365\\\/caminos-de-pasion-potencia-la-gastronomia-de-semana-santa-y-cuaresma-con-una-ruta-y-un-recetario\\\/#webpage\"},\"isPartOf\":{\"@id\":\"https:\\\/\\\/eldigitaldeasturias.com\\\/magazine365\\\/caminos-de-pasion-potencia-la-gastronomia-de-semana-santa-y-cuaresma-con-una-ruta-y-un-recetario\\\/#webpage\"},\"articleSection\":\"Noticias y Actualidad\"},{\"@type\":\"BreadcrumbList\",\"@id\":\"https:\\\/\\\/eldigitaldeasturias.com\\\/magazine365\\\/caminos-de-pasion-potencia-la-gastronomia-de-semana-santa-y-cuaresma-con-una-ruta-y-un-recetario\\\/#breadcrumblist\",\"itemListElement\":[{\"@type\":\"ListItem\",\"@id\":\"https:\\\/\\\/eldigitaldeasturias.com\\\/magazine365#listItem\",\"position\":1,\"name\":\"Home\",\"item\":\"https:\\\/\\\/eldigitaldeasturias.com\\\/magazine365\",\"nextItem\":{\"@type\":\"ListItem\",\"@id\":\"https:\\\/\\\/eldigitaldeasturias.com\\\/magazine365\\\/category\\\/noticias-actualidad\\\/#listItem\",\"name\":\"Noticias y Actualidad\"}},{\"@type\":\"ListItem\",\"@id\":\"https:\\\/\\\/eldigitaldeasturias.com\\\/magazine365\\\/category\\\/noticias-actualidad\\\/#listItem\",\"position\":2,\"name\":\"Noticias y Actualidad\",\"item\":\"https:\\\/\\\/eldigitaldeasturias.com\\\/magazine365\\\/category\\\/noticias-actualidad\\\/\",\"nextItem\":{\"@type\":\"ListItem\",\"@id\":\"https:\\\/\\\/eldigitaldeasturias.com\\\/magazine365\\\/caminos-de-pasion-potencia-la-gastronomia-de-semana-santa-y-cuaresma-con-una-ruta-y-un-recetario\\\/#listItem\",\"name\":\"Caminos de Pasi\\u00f3n potencia la gastronom\\u00eda de Semana Santa y Cuaresma con una ruta y un recetario\"},\"previousItem\":{\"@type\":\"ListItem\",\"@id\":\"https:\\\/\\\/eldigitaldeasturias.com\\\/magazine365#listItem\",\"name\":\"Home\"}},{\"@type\":\"ListItem\",\"@id\":\"https:\\\/\\\/eldigitaldeasturias.com\\\/magazine365\\\/caminos-de-pasion-potencia-la-gastronomia-de-semana-santa-y-cuaresma-con-una-ruta-y-un-recetario\\\/#listItem\",\"position\":3,\"name\":\"Caminos de Pasi\\u00f3n potencia la gastronom\\u00eda de Semana Santa y Cuaresma con una ruta y un recetario\",\"previousItem\":{\"@type\":\"ListItem\",\"@id\":\"https:\\\/\\\/eldigitaldeasturias.com\\\/magazine365\\\/category\\\/noticias-actualidad\\\/#listItem\",\"name\":\"Noticias y Actualidad\"}}]},{\"@type\":\"Organization\",\"@id\":\"https:\\\/\\\/eldigitaldeasturias.com\\\/magazine365\\\/#organization\",\"name\":\"El digital de Asturias\",\"description\":\"Revista de ocio, turismo y estilo de vida\",\"url\":\"https:\\\/\\\/eldigitaldeasturias.com\\\/magazine365\\\/\",\"logo\":{\"@type\":\"ImageObject\",\"url\":\"https:\\\/\\\/www.eldigitaldeasturias.com\\\/noticias\\\/wp-content\\\/uploads\\\/2020\\\/12\\\/EDA.jpg\",\"@id\":\"https:\\\/\\\/eldigitaldeasturias.com\\\/magazine365\\\/caminos-de-pasion-potencia-la-gastronomia-de-semana-santa-y-cuaresma-con-una-ruta-y-un-recetario\\\/#organizationLogo\"},\"image\":{\"@id\":\"https:\\\/\\\/eldigitaldeasturias.com\\\/magazine365\\\/caminos-de-pasion-potencia-la-gastronomia-de-semana-santa-y-cuaresma-con-una-ruta-y-un-recetario\\\/#organizationLogo\"}},{\"@type\":\"Person\",\"@id\":\"https:\\\/\\\/eldigitaldeasturias.com\\\/magazine365\\\/author\\\/admin\\\/#author\",\"url\":\"https:\\\/\\\/eldigitaldeasturias.com\\\/magazine365\\\/author\\\/admin\\\/\",\"name\":\"admin\",\"image\":{\"@type\":\"ImageObject\",\"@id\":\"https:\\\/\\\/eldigitaldeasturias.com\\\/magazine365\\\/caminos-de-pasion-potencia-la-gastronomia-de-semana-santa-y-cuaresma-con-una-ruta-y-un-recetario\\\/#authorImage\",\"url\":\"https:\\\/\\\/eldigitaldeasturias.com\\\/magazine365\\\/wp-content\\\/litespeed\\\/avatar\\\/e571bcf59a0edd6fa6838245a470f2fe.jpg?ver=1776969259\",\"width\":96,\"height\":96,\"caption\":\"admin\"}},{\"@type\":\"WebPage\",\"@id\":\"https:\\\/\\\/eldigitaldeasturias.com\\\/magazine365\\\/caminos-de-pasion-potencia-la-gastronomia-de-semana-santa-y-cuaresma-con-una-ruta-y-un-recetario\\\/#webpage\",\"url\":\"https:\\\/\\\/eldigitaldeasturias.com\\\/magazine365\\\/caminos-de-pasion-potencia-la-gastronomia-de-semana-santa-y-cuaresma-con-una-ruta-y-un-recetario\\\/\",\"name\":\"Caminos de Pasi\\u00f3n potencia la gastronom\\u00eda de Semana Santa y Cuaresma con una ruta y un recetario | El Digital de Asturias\",\"description\":\"Los responsables e integrantes de Caminos de Pasi\\u00f3n han presentado este jueves en el marco de la Feria Internacional de Turismo Fitur la Ruta y el Recetario de Cocina y Reposter\\u00eda de Semana Santa y Cuaresma que recoge la \\\"arraigada tradici\\u00f3n culinaria\\\" que se conserva en los municipios del interior de Andaluc\\u00eda que componen la\",\"inLanguage\":\"es-ES\",\"isPartOf\":{\"@id\":\"https:\\\/\\\/eldigitaldeasturias.com\\\/magazine365\\\/#website\"},\"breadcrumb\":{\"@id\":\"https:\\\/\\\/eldigitaldeasturias.com\\\/magazine365\\\/caminos-de-pasion-potencia-la-gastronomia-de-semana-santa-y-cuaresma-con-una-ruta-y-un-recetario\\\/#breadcrumblist\"},\"author\":{\"@id\":\"https:\\\/\\\/eldigitaldeasturias.com\\\/magazine365\\\/author\\\/admin\\\/#author\"},\"creator\":{\"@id\":\"https:\\\/\\\/eldigitaldeasturias.com\\\/magazine365\\\/author\\\/admin\\\/#author\"},\"image\":{\"@type\":\"ImageObject\",\"url\":\"https:\\\/\\\/eldigitaldeasturias.com\\\/magazine365\\\/wp-content\\\/uploads\\\/2016\\\/01\\\/fotonoticia_20160121173924_800.jpg\",\"@id\":\"https:\\\/\\\/eldigitaldeasturias.com\\\/magazine365\\\/caminos-de-pasion-potencia-la-gastronomia-de-semana-santa-y-cuaresma-con-una-ruta-y-un-recetario\\\/#mainImage\",\"width\":800,\"height\":600},\"primaryImageOfPage\":{\"@id\":\"https:\\\/\\\/eldigitaldeasturias.com\\\/magazine365\\\/caminos-de-pasion-potencia-la-gastronomia-de-semana-santa-y-cuaresma-con-una-ruta-y-un-recetario\\\/#mainImage\"},\"datePublished\":\"2016-01-23T12:10:12+01:00\",\"dateModified\":\"2016-01-23T12:10:12+01:00\"},{\"@type\":\"WebSite\",\"@id\":\"https:\\\/\\\/eldigitaldeasturias.com\\\/magazine365\\\/#website\",\"url\":\"https:\\\/\\\/eldigitaldeasturias.com\\\/magazine365\\\/\",\"name\":\"El Digital de Asturias\",\"description\":\"Revista de ocio, turismo y estilo de vida\",\"inLanguage\":\"es-ES\",\"publisher\":{\"@id\":\"https:\\\/\\\/eldigitaldeasturias.com\\\/magazine365\\\/#organization\"}}]}\n\t\t<\/script>\n\t\t<!-- All in One SEO Pro -->\r\n\t\t<title>Caminos de Pasi\u00f3n potencia la gastronom\u00eda de Semana Santa y Cuaresma con una ruta y un recetario | El Digital de Asturias<\/title>\n\n","aioseo_head_json":{"title":"Caminos de Pasi\u00f3n potencia la gastronom\u00eda de Semana Santa y Cuaresma con una ruta y un recetario | El Digital de Asturias","description":"Los responsables e integrantes de Caminos de Pasi\u00f3n han presentado este jueves en el marco de la Feria Internacional de Turismo Fitur la Ruta y el Recetario de Cocina y Reposter\u00eda de Semana Santa y Cuaresma que recoge la \"arraigada tradici\u00f3n culinaria\" que se conserva en los municipios del interior de Andaluc\u00eda que componen la","canonical_url":"https:\/\/eldigitaldeasturias.com\/magazine365\/caminos-de-pasion-potencia-la-gastronomia-de-semana-santa-y-cuaresma-con-una-ruta-y-un-recetario\/","robots":"max-image-preview:large","keywords":"noticias y actualidad","webmasterTools":{"google-site-verification":"UA-38556648-1","miscellaneous":""},"schema":{"@context":"https:\/\/schema.org","@graph":[{"@type":"Article","@id":"https:\/\/eldigitaldeasturias.com\/magazine365\/caminos-de-pasion-potencia-la-gastronomia-de-semana-santa-y-cuaresma-con-una-ruta-y-un-recetario\/#article","name":"Caminos de Pasi\u00f3n potencia la gastronom\u00eda de Semana Santa y Cuaresma con una ruta y un recetario | El Digital de Asturias","headline":"Caminos de Pasi\u00f3n potencia la gastronom\u00eda de Semana Santa y Cuaresma con una ruta y un recetario","author":{"@id":"https:\/\/eldigitaldeasturias.com\/magazine365\/author\/admin\/#author"},"publisher":{"@id":"https:\/\/eldigitaldeasturias.com\/magazine365\/#organization"},"image":{"@type":"ImageObject","url":"https:\/\/eldigitaldeasturias.com\/magazine365\/wp-content\/uploads\/2016\/01\/fotonoticia_20160121173924_800.jpg","width":800,"height":600},"datePublished":"2016-01-23T12:10:12+01:00","dateModified":"2016-01-23T12:10:12+01:00","inLanguage":"es-ES","mainEntityOfPage":{"@id":"https:\/\/eldigitaldeasturias.com\/magazine365\/caminos-de-pasion-potencia-la-gastronomia-de-semana-santa-y-cuaresma-con-una-ruta-y-un-recetario\/#webpage"},"isPartOf":{"@id":"https:\/\/eldigitaldeasturias.com\/magazine365\/caminos-de-pasion-potencia-la-gastronomia-de-semana-santa-y-cuaresma-con-una-ruta-y-un-recetario\/#webpage"},"articleSection":"Noticias y Actualidad"},{"@type":"BreadcrumbList","@id":"https:\/\/eldigitaldeasturias.com\/magazine365\/caminos-de-pasion-potencia-la-gastronomia-de-semana-santa-y-cuaresma-con-una-ruta-y-un-recetario\/#breadcrumblist","itemListElement":[{"@type":"ListItem","@id":"https:\/\/eldigitaldeasturias.com\/magazine365#listItem","position":1,"name":"Home","item":"https:\/\/eldigitaldeasturias.com\/magazine365","nextItem":{"@type":"ListItem","@id":"https:\/\/eldigitaldeasturias.com\/magazine365\/category\/noticias-actualidad\/#listItem","name":"Noticias y Actualidad"}},{"@type":"ListItem","@id":"https:\/\/eldigitaldeasturias.com\/magazine365\/category\/noticias-actualidad\/#listItem","position":2,"name":"Noticias y Actualidad","item":"https:\/\/eldigitaldeasturias.com\/magazine365\/category\/noticias-actualidad\/","nextItem":{"@type":"ListItem","@id":"https:\/\/eldigitaldeasturias.com\/magazine365\/caminos-de-pasion-potencia-la-gastronomia-de-semana-santa-y-cuaresma-con-una-ruta-y-un-recetario\/#listItem","name":"Caminos de Pasi\u00f3n potencia la gastronom\u00eda de Semana Santa y Cuaresma con una ruta y un recetario"},"previousItem":{"@type":"ListItem","@id":"https:\/\/eldigitaldeasturias.com\/magazine365#listItem","name":"Home"}},{"@type":"ListItem","@id":"https:\/\/eldigitaldeasturias.com\/magazine365\/caminos-de-pasion-potencia-la-gastronomia-de-semana-santa-y-cuaresma-con-una-ruta-y-un-recetario\/#listItem","position":3,"name":"Caminos de Pasi\u00f3n potencia la gastronom\u00eda de Semana Santa y Cuaresma con una ruta y un recetario","previousItem":{"@type":"ListItem","@id":"https:\/\/eldigitaldeasturias.com\/magazine365\/category\/noticias-actualidad\/#listItem","name":"Noticias y Actualidad"}}]},{"@type":"Organization","@id":"https:\/\/eldigitaldeasturias.com\/magazine365\/#organization","name":"El digital de Asturias","description":"Revista de ocio, turismo y estilo de vida","url":"https:\/\/eldigitaldeasturias.com\/magazine365\/","logo":{"@type":"ImageObject","url":"https:\/\/www.eldigitaldeasturias.com\/noticias\/wp-content\/uploads\/2020\/12\/EDA.jpg","@id":"https:\/\/eldigitaldeasturias.com\/magazine365\/caminos-de-pasion-potencia-la-gastronomia-de-semana-santa-y-cuaresma-con-una-ruta-y-un-recetario\/#organizationLogo"},"image":{"@id":"https:\/\/eldigitaldeasturias.com\/magazine365\/caminos-de-pasion-potencia-la-gastronomia-de-semana-santa-y-cuaresma-con-una-ruta-y-un-recetario\/#organizationLogo"}},{"@type":"Person","@id":"https:\/\/eldigitaldeasturias.com\/magazine365\/author\/admin\/#author","url":"https:\/\/eldigitaldeasturias.com\/magazine365\/author\/admin\/","name":"admin","image":{"@type":"ImageObject","@id":"https:\/\/eldigitaldeasturias.com\/magazine365\/caminos-de-pasion-potencia-la-gastronomia-de-semana-santa-y-cuaresma-con-una-ruta-y-un-recetario\/#authorImage","url":"https:\/\/eldigitaldeasturias.com\/magazine365\/wp-content\/litespeed\/avatar\/e571bcf59a0edd6fa6838245a470f2fe.jpg?ver=1776969259","width":96,"height":96,"caption":"admin"}},{"@type":"WebPage","@id":"https:\/\/eldigitaldeasturias.com\/magazine365\/caminos-de-pasion-potencia-la-gastronomia-de-semana-santa-y-cuaresma-con-una-ruta-y-un-recetario\/#webpage","url":"https:\/\/eldigitaldeasturias.com\/magazine365\/caminos-de-pasion-potencia-la-gastronomia-de-semana-santa-y-cuaresma-con-una-ruta-y-un-recetario\/","name":"Caminos de Pasi\u00f3n potencia la gastronom\u00eda de Semana Santa y Cuaresma con una ruta y un recetario | El Digital de Asturias","description":"Los responsables e integrantes de Caminos de Pasi\u00f3n han presentado este jueves en el marco de la Feria Internacional de Turismo Fitur la Ruta y el Recetario de Cocina y Reposter\u00eda de Semana Santa y Cuaresma que recoge la \"arraigada tradici\u00f3n culinaria\" que se conserva en los municipios del interior de Andaluc\u00eda que componen la","inLanguage":"es-ES","isPartOf":{"@id":"https:\/\/eldigitaldeasturias.com\/magazine365\/#website"},"breadcrumb":{"@id":"https:\/\/eldigitaldeasturias.com\/magazine365\/caminos-de-pasion-potencia-la-gastronomia-de-semana-santa-y-cuaresma-con-una-ruta-y-un-recetario\/#breadcrumblist"},"author":{"@id":"https:\/\/eldigitaldeasturias.com\/magazine365\/author\/admin\/#author"},"creator":{"@id":"https:\/\/eldigitaldeasturias.com\/magazine365\/author\/admin\/#author"},"image":{"@type":"ImageObject","url":"https:\/\/eldigitaldeasturias.com\/magazine365\/wp-content\/uploads\/2016\/01\/fotonoticia_20160121173924_800.jpg","@id":"https:\/\/eldigitaldeasturias.com\/magazine365\/caminos-de-pasion-potencia-la-gastronomia-de-semana-santa-y-cuaresma-con-una-ruta-y-un-recetario\/#mainImage","width":800,"height":600},"primaryImageOfPage":{"@id":"https:\/\/eldigitaldeasturias.com\/magazine365\/caminos-de-pasion-potencia-la-gastronomia-de-semana-santa-y-cuaresma-con-una-ruta-y-un-recetario\/#mainImage"},"datePublished":"2016-01-23T12:10:12+01:00","dateModified":"2016-01-23T12:10:12+01:00"},{"@type":"WebSite","@id":"https:\/\/eldigitaldeasturias.com\/magazine365\/#website","url":"https:\/\/eldigitaldeasturias.com\/magazine365\/","name":"El Digital de Asturias","description":"Revista de ocio, turismo y estilo de vida","inLanguage":"es-ES","publisher":{"@id":"https:\/\/eldigitaldeasturias.com\/magazine365\/#organization"}}]},"og:locale":"es_ES","og:site_name":"El Digital de Asturias \u2013 Revista de ocio, turismo y estilo de vida","og:type":"article","og:title":"Caminos de Pasi\u00f3n potencia la gastronom\u00eda de Semana Santa y Cuaresma con una ruta y un recetario | El Digital de Asturias","og:description":"Los responsables e integrantes de Caminos de Pasi\u00f3n han presentado este jueves en el marco de la Feria Internacional de Turismo Fitur la Ruta y el Recetario de Cocina y Reposter\u00eda de Semana Santa y Cuaresma que recoge la &quot;arraigada tradici\u00f3n culinaria&quot; que se conserva en los municipios del interior de Andaluc\u00eda que componen la","og:url":"https:\/\/eldigitaldeasturias.com\/magazine365\/caminos-de-pasion-potencia-la-gastronomia-de-semana-santa-y-cuaresma-con-una-ruta-y-un-recetario\/","og:image":"https:\/\/eldigitaldeasturias.com\/magazine365\/wp-content\/uploads\/2016\/01\/fotonoticia_20160121173924_800.jpg","og:image:secure_url":"https:\/\/eldigitaldeasturias.com\/magazine365\/wp-content\/uploads\/2016\/01\/fotonoticia_20160121173924_800.jpg","og:image:width":800,"og:image:height":600,"article:published_time":"2016-01-23T11:10:12+00:00","article:modified_time":"2016-01-23T11:10:12+00:00","twitter:card":"summary_large_image","twitter:title":"Caminos de Pasi\u00f3n potencia la gastronom\u00eda de Semana Santa y Cuaresma con una ruta y un recetario | El Digital de Asturias","twitter:description":"Los responsables e integrantes de Caminos de Pasi\u00f3n han presentado este jueves en el marco de la Feria Internacional de Turismo Fitur la Ruta y el Recetario de Cocina y Reposter\u00eda de Semana Santa y Cuaresma que recoge la &quot;arraigada tradici\u00f3n culinaria&quot; que se conserva en los municipios del interior de Andaluc\u00eda que componen la","twitter:image":"https:\/\/eldigitaldeasturias.com\/magazine365\/wp-content\/uploads\/2016\/01\/fotonoticia_20160121173924_800.jpg"},"aioseo_meta_data":{"post_id":"61670","title":null,"description":null,"keywords":null,"keyphrases":null,"primary_term":null,"canonical_url":null,"og_title":null,"og_description":null,"og_object_type":"default","og_image_type":"default","og_image_url":null,"og_image_width":null,"og_image_height":null,"og_image_custom_url":null,"og_image_custom_fields":null,"og_video":null,"og_custom_url":null,"og_article_section":null,"og_article_tags":null,"twitter_use_og":false,"twitter_card":"default","twitter_image_type":"default","twitter_image_url":null,"twitter_image_custom_url":null,"twitter_image_custom_fields":null,"twitter_title":null,"twitter_description":null,"schema":{"blockGraphs":[],"customGraphs":[],"default":{"data":{"Article":[],"Course":[],"Dataset":[],"FAQPage":[],"Movie":[],"Person":[],"Product":[],"ProductReview":[],"Car":[],"Recipe":[],"Service":[],"SoftwareApplication":[],"WebPage":[]},"graphName":"","isEnabled":true},"graphs":[],"defaultGraph":"","defaultPostTypeGraph":""},"schema_type":null,"schema_type_options":null,"pillar_content":false,"robots_default":true,"robots_noindex":false,"robots_noarchive":false,"robots_nosnippet":false,"robots_nofollow":false,"robots_noimageindex":false,"robots_noodp":false,"robots_notranslate":false,"robots_max_snippet":null,"robots_max_videopreview":null,"robots_max_imagepreview":"large","priority":null,"frequency":null,"location":null,"local_seo":null,"seo_analyzer_scan_date":"2025-09-25 09:28:40","breadcrumb_settings":null,"limit_modified_date":false,"open_ai":null,"ai":null,"created":"2021-03-08 21:46:43","updated":"2025-09-25 09:28:40"},"aioseo_breadcrumb":"<div class=\"aioseo-breadcrumbs\"><span class=\"aioseo-breadcrumb\">\n\t<a href=\"https:\/\/eldigitaldeasturias.com\/magazine365\" title=\"Home\">Home<\/a>\n<\/span><span class=\"aioseo-breadcrumb-separator\">\u2013<\/span><span class=\"aioseo-breadcrumb\">\n\t<a href=\"https:\/\/eldigitaldeasturias.com\/magazine365\/category\/noticias-actualidad\/\" title=\"Noticias y Actualidad\">Noticias y Actualidad<\/a>\n<\/span><span class=\"aioseo-breadcrumb-separator\">\u2013<\/span><span class=\"aioseo-breadcrumb\">\n\t<a href=\"https:\/\/eldigitaldeasturias.com\/magazine365\/caminos-de-pasion-potencia-la-gastronomia-de-semana-santa-y-cuaresma-con-una-ruta-y-un-recetario\/\" title=\"Caminos de Pasi\u00f3n potencia la gastronom\u00eda de Semana Santa y Cuaresma con una ruta y un recetario\">Caminos de Pasi\u00f3n potencia la gastronom\u00eda de Semana Santa y Cuaresma con una ruta y un recetario<\/a>\n<\/span><\/div>","aioseo_breadcrumb_json":[{"label":"Home","link":"https:\/\/eldigitaldeasturias.com\/magazine365"},{"label":"Noticias y Actualidad","link":"https:\/\/eldigitaldeasturias.com\/magazine365\/category\/noticias-actualidad\/"},{"label":"Caminos de Pasi\u00f3n potencia la gastronom\u00eda de Semana Santa y Cuaresma con una ruta y un recetario","link":"https:\/\/eldigitaldeasturias.com\/magazine365\/caminos-de-pasion-potencia-la-gastronomia-de-semana-santa-y-cuaresma-con-una-ruta-y-un-recetario\/"}],"_links":{"self":[{"href":"https:\/\/eldigitaldeasturias.com\/magazine365\/wp-json\/wp\/v2\/posts\/61670","targetHints":{"allow":["GET"]}}],"collection":[{"href":"https:\/\/eldigitaldeasturias.com\/magazine365\/wp-json\/wp\/v2\/posts"}],"about":[{"href":"https:\/\/eldigitaldeasturias.com\/magazine365\/wp-json\/wp\/v2\/types\/post"}],"author":[{"embeddable":true,"href":"https:\/\/eldigitaldeasturias.com\/magazine365\/wp-json\/wp\/v2\/users\/1"}],"replies":[{"embeddable":true,"href":"https:\/\/eldigitaldeasturias.com\/magazine365\/wp-json\/wp\/v2\/comments?post=61670"}],"version-history":[{"count":0,"href":"https:\/\/eldigitaldeasturias.com\/magazine365\/wp-json\/wp\/v2\/posts\/61670\/revisions"}],"wp:featuredmedia":[{"embeddable":true,"href":"https:\/\/eldigitaldeasturias.com\/magazine365\/wp-json\/wp\/v2\/media\/61671"}],"wp:attachment":[{"href":"https:\/\/eldigitaldeasturias.com\/magazine365\/wp-json\/wp\/v2\/media?parent=61670"}],"wp:term":[{"taxonomy":"category","embeddable":true,"href":"https:\/\/eldigitaldeasturias.com\/magazine365\/wp-json\/wp\/v2\/categories?post=61670"},{"taxonomy":"post_tag","embeddable":true,"href":"https:\/\/eldigitaldeasturias.com\/magazine365\/wp-json\/wp\/v2\/tags?post=61670"}],"curies":[{"name":"wp","href":"https:\/\/api.w.org\/{rel}","templated":true}]}}