{"id":61664,"date":"2016-01-23T12:07:10","date_gmt":"2016-01-23T11:07:10","guid":{"rendered":"http:\/\/eldigitaldeasturias.com\/magazine365\/?p=61664"},"modified":"2016-01-23T12:07:10","modified_gmt":"2016-01-23T11:07:10","slug":"la-gastronomia-de-excelencia-volvera-a-cordoba-con-la-tercera-edicion-del-califato-gourmet","status":"publish","type":"post","link":"https:\/\/eldigitaldeasturias.com\/magazine365\/la-gastronomia-de-excelencia-volvera-a-cordoba-con-la-tercera-edicion-del-califato-gourmet\/","title":{"rendered":"La gastronom\u00eda de excelencia volver\u00e1 a C\u00f3rdoba con la tercera edici\u00f3n del Califato Gourmet"},"content":{"rendered":"<p><img fetchpriority=\"high\" decoding=\"async\" class=\"alignleft size-medium wp-image-61665\" src=\"https:\/\/eldigitaldeasturias.com\/magazine365\/wp-content\/uploads\/2016\/01\/fotonoticia_20160121171049_800-360x169.jpg\" alt=\"fotonoticia_20160121171049_800\" width=\"360\" height=\"169\" srcset=\"https:\/\/eldigitaldeasturias.com\/magazine365\/wp-content\/uploads\/2016\/01\/fotonoticia_20160121171049_800-360x169.jpg 360w, https:\/\/eldigitaldeasturias.com\/magazine365\/wp-content\/uploads\/2016\/01\/fotonoticia_20160121171049_800-650x306.jpg 650w, https:\/\/eldigitaldeasturias.com\/magazine365\/wp-content\/uploads\/2016\/01\/fotonoticia_20160121171049_800-768x361.jpg 768w, https:\/\/eldigitaldeasturias.com\/magazine365\/wp-content\/uploads\/2016\/01\/fotonoticia_20160121171049_800-150x71.jpg 150w, https:\/\/eldigitaldeasturias.com\/magazine365\/wp-content\/uploads\/2016\/01\/fotonoticia_20160121171049_800-450x212.jpg 450w, https:\/\/eldigitaldeasturias.com\/magazine365\/wp-content\/uploads\/2016\/01\/fotonoticia_20160121171049_800-696x327.jpg 696w, https:\/\/eldigitaldeasturias.com\/magazine365\/wp-content\/uploads\/2016\/01\/fotonoticia_20160121171049_800-490x229.jpg 490w, https:\/\/eldigitaldeasturias.com\/magazine365\/wp-content\/uploads\/2016\/01\/fotonoticia_20160121171049_800.jpg 800w\" sizes=\"(max-width: 360px) 100vw, 360px\" \/>La gastronom\u00eda de excelencia volver\u00e1 a inspirarse en la capital cordobesa en la tercera edici\u00f3n de &#8216;C\u00f3rdoba Califato Gourmet&#8217;, que se celebrar\u00e1 entre el 25 y 27 de septiembre reuniendo a los mejores chefs del panorama nacional, haciendo part\u00edcipes a restaurantes de la provincia y acercando a la ciudadan\u00eda este arte del paladar.<\/p>\n<p>El presidente de la Diputaci\u00f3n de C\u00f3rdoba, Antonio Ruiz; la alcaldesa de C\u00f3rdoba, Isabel Ambrosio; la delegada del Gobierno andaluz en C\u00f3rdoba, Rafi Cresp\u00edn; el chef Paco P\u00e9rez, chef del Restaurante Miramar; y Juanma Barbera, organizador, han participado este jueves en la presentaci\u00f3n del evento en la Feria Internacional de Turismo (Fitur 2016).<\/p>\n<p>Ruiz ha subrayado la importancia de la gastronom\u00eda para \u00abel turismo cultural y el de interior, que nos ocupa a nosotros\u00bb y ha recordado que la provincia cuenta con productos de \u00abexcelencia; unos certificados por siete denominaciones de origen, cuatro de aceite, la de los ib\u00e9ricos, la de vinos y vinagres de Montilla-Moriles; y otros como son las naranjas de Palma del R\u00edo, el ajo de Montalb\u00e1n o el membrillo de Puente Genil de sobra conocidos por su calidad\u00bb.<\/p>\n<p>\u00abLa Diputaci\u00f3n de C\u00f3rdoba estar\u00e1 presente en ese Califato Gourmet, porque es una iniciativa pionera y consolidada, que ayuda a difundir la provincia como destino tur\u00edstico\u00bb, ha explicado el m\u00e1ximo representante de la instituci\u00f3n provincial, quien, adem\u00e1s, ha reconocido la val\u00eda de los chefs cordobeses que participar\u00e1n en el evento.<\/p>\n<p>En este sentido, la alcaldesa de C\u00f3rdoba, Isabel Ambrosio, ha manifestado que \u00abqueremos hacer de la gastronom\u00eda uno de nuestros activos tur\u00edsticos y se lo debemos a personas que tienen nombre y apellido como Celia Jim\u00e9nez y Kisko Garc\u00eda\u00bb. La regidora ha indicado que \u00abla gastronom\u00eda se ha convertido en un fen\u00f3meno tur\u00edstico y C\u00f3rdoba tiene que estar a la altura. Eventos de este tipo son una oportunidad para disfrutar de experiencias y sensaciones culinarias que s\u00f3lo se pueden vivir en C\u00f3rdoba\u00bb.<\/p>\n<p>Por su parte, la delegada del Gobierno andaluz en C\u00f3rdoba, Rafi Cresp\u00edn, ha comentado que \u00abhay dos sectores fundamentales en la econom\u00eda andaluza, el tur\u00edstico y el agroalimentario. La gastronom\u00eda le da valor a\u00f1adido a los dos y en C\u00f3rdoba contamos con los mejores productos y gente que sabe trabajarlos\u00bb.<\/p>\n<p>Juanma Barbera ha explicado que \u00abel Califato Gourmet tiene dos vertientes, una llevar la alta gastronom\u00eda a los cordobeses y otra proyectar los productos de C\u00f3rdoba y sus productos fuera. Adem\u00e1s, con \u00e9l se potencia la imagen de C\u00f3rdoba\u00bb y ha se\u00f1alado que \u00abhoy por hoy es el mejor evento de esta categor\u00eda en Espa\u00f1a\u00bb.<\/p>\n<p>Paco P\u00e9rez, chef del Restaurante Miramar, ha apuntado que \u00abla gastronom\u00eda tiene el sentido de compartir, la cocina es el representante de ese momento de hablar, compartir, disfrutar y hablar. En C\u00f3rdoba hay dos exponentes importantes como son Kisko Garc\u00eda y Paco Morales. Eventos como este van a hacer que C\u00f3rdoba siga creciendo y que la gente disfrute de productos maravillosos\u00bb.<\/p>\n<p>CENA DE PRESENTACI\u00d3N<\/p>\n<p>El evento gastron\u00f3mico arrancar\u00e1 el d\u00eda 25 con una cena presentaci\u00f3n dirigida a profesionales, autoridades y patrocinadores. Al d\u00eda siguiente, el Califato Gourmet se echar\u00e1 a la calle, en concreto a la Plaza de las Tendillas, con el &#8216;Showcooking Street Food&#8217;, en el que participar\u00e1n 40 establecimientos. La din\u00e1mica de este evento consistir\u00e1 en que se elegir\u00e1n las seis mejores tapas, que son las que tendr\u00e1n derecho a participar en el Showcooking oficial de 2017 junto a los chefs estrella Michel\u00edn. As\u00ed, tres tapas ser\u00e1n elegidas por el p\u00fablico y las otras tres por los chefs estrella de esta edici\u00f3n, que formar\u00e1n el jurado.<\/p>\n<p>El plato fuerte tendr\u00e1 lugar la noche del lunes con una cena a ocho manos que protagonizar\u00e1n los chefs Mario Sandoval, del restaurante Coque de Madrid, con dos estrellas Michel\u00edn y tres soles Repsol; Pepe Solla, del restaurante Solla, en Poio, Pontevedra, con una estrella y tres soles Repsol y Marcos Mor\u00e1n, del restaurante Casa Gerardo, en Prendes, Asturias con una estrella y tres soles Repsol. Adem\u00e1s en esta cena tambi\u00e9n participar\u00e1 Kisko Garc\u00eda, del restaurante Choco, que har\u00e1 un aperitivo.<\/p>\n<p>El martes ser\u00e1 el turno de la entrega de premios a las seis tapas ganadoras del &#8216;Showcooking Street Food&#8217;. Asimismo, tendr\u00e1 lugar otro showcooking en el que participar\u00e1n Paco P\u00e9rez, Mario Sandoval, Pablo Gonz\u00e1lez-Conejero, Marcos Mor\u00e1n y Pepe Solla, a los que acompa\u00f1ar\u00e1n los cordobeses Kisko Garc\u00eda, Celia Jim\u00e9nez, Paco Morales y el repostero Jos\u00e9 Rold\u00e1n, quien tambi\u00e9n elaborar\u00e1 una tapa dulce para la ocasi\u00f3n. En total, ser\u00e1n 15 tapas las que se degustar\u00e1n.<\/p>\n","protected":false},"excerpt":{"rendered":"<p>La gastronom\u00eda de excelencia volver\u00e1 a inspirarse en la capital cordobesa en la tercera edici\u00f3n de &#8216;C\u00f3rdoba Califato Gourmet&#8217;, que se celebrar\u00e1 entre el 25 y 27 de septiembre reuniendo a los mejores chefs del panorama nacional, haciendo part\u00edcipes a restaurantes de la provincia y acercando a la ciudadan\u00eda este arte del paladar. El presidente<\/p>\n","protected":false},"author":1,"featured_media":61665,"comment_status":"open","ping_status":"closed","sticky":false,"template":"","format":"standard","meta":{"footnotes":""},"categories":[224],"tags":[],"class_list":{"0":"post-61664","1":"post","2":"type-post","3":"status-publish","4":"format-standard","5":"has-post-thumbnail","7":"category-noticias-actualidad"},"aioseo_notices":[],"aioseo_head":"\n\t\t<!-- All in One SEO Pro 4.9.6.1 - aioseo.com -->\n\t<meta name=\"description\" content=\"La gastronom\u00eda de excelencia volver\u00e1 a inspirarse en la capital cordobesa en la tercera edici\u00f3n de &#039;C\u00f3rdoba Califato Gourmet&#039;, que se celebrar\u00e1 entre el 25 y 27 de septiembre reuniendo a los mejores chefs del panorama nacional, haciendo part\u00edcipes a restaurantes de la provincia y acercando a la ciudadan\u00eda este arte del paladar. El presidente\" \/>\n\t<meta name=\"robots\" content=\"max-image-preview:large\" \/>\n\t<meta name=\"author\" content=\"admin\"\/>\n\t<meta name=\"google-site-verification\" content=\"UA-38556648-1\" \/>\n\t<meta name=\"keywords\" content=\"noticias y actualidad\" \/>\n\t<link rel=\"canonical\" href=\"https:\/\/eldigitaldeasturias.com\/magazine365\/la-gastronomia-de-excelencia-volvera-a-cordoba-con-la-tercera-edicion-del-califato-gourmet\/\" \/>\n\t<meta name=\"generator\" content=\"All in One SEO Pro (AIOSEO) 4.9.6.1\" \/>\n\t\t<meta property=\"og:locale\" content=\"es_ES\" \/>\n\t\t<meta property=\"og:site_name\" content=\"El Digital de Asturias \u2013 Revista de ocio, turismo y estilo de vida\" \/>\n\t\t<meta property=\"og:type\" content=\"article\" \/>\n\t\t<meta property=\"og:title\" content=\"La gastronom\u00eda de excelencia volver\u00e1 a C\u00f3rdoba con la tercera edici\u00f3n del Califato Gourmet | El Digital de Asturias\" \/>\n\t\t<meta property=\"og:description\" content=\"La gastronom\u00eda de excelencia volver\u00e1 a inspirarse en la capital cordobesa en la tercera edici\u00f3n de &#039;C\u00f3rdoba Califato Gourmet&#039;, que se celebrar\u00e1 entre el 25 y 27 de septiembre reuniendo a los mejores chefs del panorama nacional, haciendo part\u00edcipes a restaurantes de la provincia y acercando a la ciudadan\u00eda este arte del paladar. El presidente\" \/>\n\t\t<meta property=\"og:url\" content=\"https:\/\/eldigitaldeasturias.com\/magazine365\/la-gastronomia-de-excelencia-volvera-a-cordoba-con-la-tercera-edicion-del-califato-gourmet\/\" \/>\n\t\t<meta property=\"og:image\" content=\"https:\/\/eldigitaldeasturias.com\/magazine365\/wp-content\/uploads\/2016\/01\/fotonoticia_20160121171049_800.jpg\" \/>\n\t\t<meta property=\"og:image:secure_url\" content=\"https:\/\/eldigitaldeasturias.com\/magazine365\/wp-content\/uploads\/2016\/01\/fotonoticia_20160121171049_800.jpg\" \/>\n\t\t<meta property=\"og:image:width\" content=\"800\" \/>\n\t\t<meta property=\"og:image:height\" content=\"376\" \/>\n\t\t<meta property=\"article:published_time\" content=\"2016-01-23T11:07:10+00:00\" \/>\n\t\t<meta property=\"article:modified_time\" content=\"2016-01-23T11:07:10+00:00\" \/>\n\t\t<meta name=\"twitter:card\" content=\"summary_large_image\" \/>\n\t\t<meta name=\"twitter:title\" content=\"La gastronom\u00eda de excelencia volver\u00e1 a C\u00f3rdoba con la tercera edici\u00f3n del Califato Gourmet | El Digital de Asturias\" \/>\n\t\t<meta name=\"twitter:description\" content=\"La gastronom\u00eda de excelencia volver\u00e1 a inspirarse en la capital cordobesa en la tercera edici\u00f3n de &#039;C\u00f3rdoba Califato Gourmet&#039;, que se celebrar\u00e1 entre el 25 y 27 de septiembre reuniendo a los mejores chefs del panorama nacional, haciendo part\u00edcipes a restaurantes de la provincia y acercando a la ciudadan\u00eda este arte del paladar. El presidente\" \/>\n\t\t<meta name=\"twitter:image\" content=\"https:\/\/eldigitaldeasturias.com\/magazine365\/wp-content\/uploads\/2016\/01\/fotonoticia_20160121171049_800.jpg\" \/>\n\t\t<script type=\"application\/ld+json\" class=\"aioseo-schema\">\n\t\t\t{\"@context\":\"https:\\\/\\\/schema.org\",\"@graph\":[{\"@type\":\"Article\",\"@id\":\"https:\\\/\\\/eldigitaldeasturias.com\\\/magazine365\\\/la-gastronomia-de-excelencia-volvera-a-cordoba-con-la-tercera-edicion-del-califato-gourmet\\\/#article\",\"name\":\"La gastronom\\u00eda de excelencia volver\\u00e1 a C\\u00f3rdoba con la tercera edici\\u00f3n del Califato Gourmet | El Digital de Asturias\",\"headline\":\"La gastronom\\u00eda de excelencia volver\\u00e1 a C\\u00f3rdoba con la tercera edici\\u00f3n del Califato Gourmet\",\"author\":{\"@id\":\"https:\\\/\\\/eldigitaldeasturias.com\\\/magazine365\\\/author\\\/admin\\\/#author\"},\"publisher\":{\"@id\":\"https:\\\/\\\/eldigitaldeasturias.com\\\/magazine365\\\/#organization\"},\"image\":{\"@type\":\"ImageObject\",\"url\":\"https:\\\/\\\/eldigitaldeasturias.com\\\/magazine365\\\/wp-content\\\/uploads\\\/2016\\\/01\\\/fotonoticia_20160121171049_800.jpg\",\"width\":800,\"height\":376},\"datePublished\":\"2016-01-23T12:07:10+01:00\",\"dateModified\":\"2016-01-23T12:07:10+01:00\",\"inLanguage\":\"es-ES\",\"mainEntityOfPage\":{\"@id\":\"https:\\\/\\\/eldigitaldeasturias.com\\\/magazine365\\\/la-gastronomia-de-excelencia-volvera-a-cordoba-con-la-tercera-edicion-del-califato-gourmet\\\/#webpage\"},\"isPartOf\":{\"@id\":\"https:\\\/\\\/eldigitaldeasturias.com\\\/magazine365\\\/la-gastronomia-de-excelencia-volvera-a-cordoba-con-la-tercera-edicion-del-califato-gourmet\\\/#webpage\"},\"articleSection\":\"Noticias y Actualidad\"},{\"@type\":\"BreadcrumbList\",\"@id\":\"https:\\\/\\\/eldigitaldeasturias.com\\\/magazine365\\\/la-gastronomia-de-excelencia-volvera-a-cordoba-con-la-tercera-edicion-del-califato-gourmet\\\/#breadcrumblist\",\"itemListElement\":[{\"@type\":\"ListItem\",\"@id\":\"https:\\\/\\\/eldigitaldeasturias.com\\\/magazine365#listItem\",\"position\":1,\"name\":\"Home\",\"item\":\"https:\\\/\\\/eldigitaldeasturias.com\\\/magazine365\",\"nextItem\":{\"@type\":\"ListItem\",\"@id\":\"https:\\\/\\\/eldigitaldeasturias.com\\\/magazine365\\\/category\\\/noticias-actualidad\\\/#listItem\",\"name\":\"Noticias y Actualidad\"}},{\"@type\":\"ListItem\",\"@id\":\"https:\\\/\\\/eldigitaldeasturias.com\\\/magazine365\\\/category\\\/noticias-actualidad\\\/#listItem\",\"position\":2,\"name\":\"Noticias y Actualidad\",\"item\":\"https:\\\/\\\/eldigitaldeasturias.com\\\/magazine365\\\/category\\\/noticias-actualidad\\\/\",\"nextItem\":{\"@type\":\"ListItem\",\"@id\":\"https:\\\/\\\/eldigitaldeasturias.com\\\/magazine365\\\/la-gastronomia-de-excelencia-volvera-a-cordoba-con-la-tercera-edicion-del-califato-gourmet\\\/#listItem\",\"name\":\"La gastronom\\u00eda de excelencia volver\\u00e1 a C\\u00f3rdoba con la tercera edici\\u00f3n del Califato Gourmet\"},\"previousItem\":{\"@type\":\"ListItem\",\"@id\":\"https:\\\/\\\/eldigitaldeasturias.com\\\/magazine365#listItem\",\"name\":\"Home\"}},{\"@type\":\"ListItem\",\"@id\":\"https:\\\/\\\/eldigitaldeasturias.com\\\/magazine365\\\/la-gastronomia-de-excelencia-volvera-a-cordoba-con-la-tercera-edicion-del-califato-gourmet\\\/#listItem\",\"position\":3,\"name\":\"La gastronom\\u00eda de excelencia volver\\u00e1 a C\\u00f3rdoba con la tercera edici\\u00f3n del Califato Gourmet\",\"previousItem\":{\"@type\":\"ListItem\",\"@id\":\"https:\\\/\\\/eldigitaldeasturias.com\\\/magazine365\\\/category\\\/noticias-actualidad\\\/#listItem\",\"name\":\"Noticias y Actualidad\"}}]},{\"@type\":\"Organization\",\"@id\":\"https:\\\/\\\/eldigitaldeasturias.com\\\/magazine365\\\/#organization\",\"name\":\"El digital de Asturias\",\"description\":\"Revista de ocio, turismo y estilo de vida\",\"url\":\"https:\\\/\\\/eldigitaldeasturias.com\\\/magazine365\\\/\",\"logo\":{\"@type\":\"ImageObject\",\"url\":\"https:\\\/\\\/www.eldigitaldeasturias.com\\\/noticias\\\/wp-content\\\/uploads\\\/2020\\\/12\\\/EDA.jpg\",\"@id\":\"https:\\\/\\\/eldigitaldeasturias.com\\\/magazine365\\\/la-gastronomia-de-excelencia-volvera-a-cordoba-con-la-tercera-edicion-del-califato-gourmet\\\/#organizationLogo\"},\"image\":{\"@id\":\"https:\\\/\\\/eldigitaldeasturias.com\\\/magazine365\\\/la-gastronomia-de-excelencia-volvera-a-cordoba-con-la-tercera-edicion-del-califato-gourmet\\\/#organizationLogo\"}},{\"@type\":\"Person\",\"@id\":\"https:\\\/\\\/eldigitaldeasturias.com\\\/magazine365\\\/author\\\/admin\\\/#author\",\"url\":\"https:\\\/\\\/eldigitaldeasturias.com\\\/magazine365\\\/author\\\/admin\\\/\",\"name\":\"admin\",\"image\":{\"@type\":\"ImageObject\",\"@id\":\"https:\\\/\\\/eldigitaldeasturias.com\\\/magazine365\\\/la-gastronomia-de-excelencia-volvera-a-cordoba-con-la-tercera-edicion-del-califato-gourmet\\\/#authorImage\",\"url\":\"https:\\\/\\\/eldigitaldeasturias.com\\\/magazine365\\\/wp-content\\\/litespeed\\\/avatar\\\/e571bcf59a0edd6fa6838245a470f2fe.jpg?ver=1776969259\",\"width\":96,\"height\":96,\"caption\":\"admin\"}},{\"@type\":\"WebPage\",\"@id\":\"https:\\\/\\\/eldigitaldeasturias.com\\\/magazine365\\\/la-gastronomia-de-excelencia-volvera-a-cordoba-con-la-tercera-edicion-del-califato-gourmet\\\/#webpage\",\"url\":\"https:\\\/\\\/eldigitaldeasturias.com\\\/magazine365\\\/la-gastronomia-de-excelencia-volvera-a-cordoba-con-la-tercera-edicion-del-califato-gourmet\\\/\",\"name\":\"La gastronom\\u00eda de excelencia volver\\u00e1 a C\\u00f3rdoba con la tercera edici\\u00f3n del Califato Gourmet | El Digital de Asturias\",\"description\":\"La gastronom\\u00eda de excelencia volver\\u00e1 a inspirarse en la capital cordobesa en la tercera edici\\u00f3n de 'C\\u00f3rdoba Califato Gourmet', que se celebrar\\u00e1 entre el 25 y 27 de septiembre reuniendo a los mejores chefs del panorama nacional, haciendo part\\u00edcipes a restaurantes de la provincia y acercando a la ciudadan\\u00eda este arte del paladar. El presidente\",\"inLanguage\":\"es-ES\",\"isPartOf\":{\"@id\":\"https:\\\/\\\/eldigitaldeasturias.com\\\/magazine365\\\/#website\"},\"breadcrumb\":{\"@id\":\"https:\\\/\\\/eldigitaldeasturias.com\\\/magazine365\\\/la-gastronomia-de-excelencia-volvera-a-cordoba-con-la-tercera-edicion-del-califato-gourmet\\\/#breadcrumblist\"},\"author\":{\"@id\":\"https:\\\/\\\/eldigitaldeasturias.com\\\/magazine365\\\/author\\\/admin\\\/#author\"},\"creator\":{\"@id\":\"https:\\\/\\\/eldigitaldeasturias.com\\\/magazine365\\\/author\\\/admin\\\/#author\"},\"image\":{\"@type\":\"ImageObject\",\"url\":\"https:\\\/\\\/eldigitaldeasturias.com\\\/magazine365\\\/wp-content\\\/uploads\\\/2016\\\/01\\\/fotonoticia_20160121171049_800.jpg\",\"@id\":\"https:\\\/\\\/eldigitaldeasturias.com\\\/magazine365\\\/la-gastronomia-de-excelencia-volvera-a-cordoba-con-la-tercera-edicion-del-califato-gourmet\\\/#mainImage\",\"width\":800,\"height\":376},\"primaryImageOfPage\":{\"@id\":\"https:\\\/\\\/eldigitaldeasturias.com\\\/magazine365\\\/la-gastronomia-de-excelencia-volvera-a-cordoba-con-la-tercera-edicion-del-califato-gourmet\\\/#mainImage\"},\"datePublished\":\"2016-01-23T12:07:10+01:00\",\"dateModified\":\"2016-01-23T12:07:10+01:00\"},{\"@type\":\"WebSite\",\"@id\":\"https:\\\/\\\/eldigitaldeasturias.com\\\/magazine365\\\/#website\",\"url\":\"https:\\\/\\\/eldigitaldeasturias.com\\\/magazine365\\\/\",\"name\":\"El Digital de Asturias\",\"description\":\"Revista de ocio, turismo y estilo de vida\",\"inLanguage\":\"es-ES\",\"publisher\":{\"@id\":\"https:\\\/\\\/eldigitaldeasturias.com\\\/magazine365\\\/#organization\"}}]}\n\t\t<\/script>\n\t\t<!-- All in One SEO Pro -->\r\n\t\t<title>La gastronom\u00eda de excelencia volver\u00e1 a C\u00f3rdoba con la tercera edici\u00f3n del Califato Gourmet | El Digital de Asturias<\/title>\n\n","aioseo_head_json":{"title":"La gastronom\u00eda de excelencia volver\u00e1 a C\u00f3rdoba con la tercera edici\u00f3n del Califato Gourmet | El Digital de Asturias","description":"La gastronom\u00eda de excelencia volver\u00e1 a inspirarse en la capital cordobesa en la tercera edici\u00f3n de 'C\u00f3rdoba Califato Gourmet', que se celebrar\u00e1 entre el 25 y 27 de septiembre reuniendo a los mejores chefs del panorama nacional, haciendo part\u00edcipes a restaurantes de la provincia y acercando a la ciudadan\u00eda este arte del paladar. El presidente","canonical_url":"https:\/\/eldigitaldeasturias.com\/magazine365\/la-gastronomia-de-excelencia-volvera-a-cordoba-con-la-tercera-edicion-del-califato-gourmet\/","robots":"max-image-preview:large","keywords":"noticias y actualidad","webmasterTools":{"google-site-verification":"UA-38556648-1","miscellaneous":""},"schema":{"@context":"https:\/\/schema.org","@graph":[{"@type":"Article","@id":"https:\/\/eldigitaldeasturias.com\/magazine365\/la-gastronomia-de-excelencia-volvera-a-cordoba-con-la-tercera-edicion-del-califato-gourmet\/#article","name":"La gastronom\u00eda de excelencia volver\u00e1 a C\u00f3rdoba con la tercera edici\u00f3n del Califato Gourmet | El Digital de Asturias","headline":"La gastronom\u00eda de excelencia volver\u00e1 a C\u00f3rdoba con la tercera edici\u00f3n del Califato Gourmet","author":{"@id":"https:\/\/eldigitaldeasturias.com\/magazine365\/author\/admin\/#author"},"publisher":{"@id":"https:\/\/eldigitaldeasturias.com\/magazine365\/#organization"},"image":{"@type":"ImageObject","url":"https:\/\/eldigitaldeasturias.com\/magazine365\/wp-content\/uploads\/2016\/01\/fotonoticia_20160121171049_800.jpg","width":800,"height":376},"datePublished":"2016-01-23T12:07:10+01:00","dateModified":"2016-01-23T12:07:10+01:00","inLanguage":"es-ES","mainEntityOfPage":{"@id":"https:\/\/eldigitaldeasturias.com\/magazine365\/la-gastronomia-de-excelencia-volvera-a-cordoba-con-la-tercera-edicion-del-califato-gourmet\/#webpage"},"isPartOf":{"@id":"https:\/\/eldigitaldeasturias.com\/magazine365\/la-gastronomia-de-excelencia-volvera-a-cordoba-con-la-tercera-edicion-del-califato-gourmet\/#webpage"},"articleSection":"Noticias y Actualidad"},{"@type":"BreadcrumbList","@id":"https:\/\/eldigitaldeasturias.com\/magazine365\/la-gastronomia-de-excelencia-volvera-a-cordoba-con-la-tercera-edicion-del-califato-gourmet\/#breadcrumblist","itemListElement":[{"@type":"ListItem","@id":"https:\/\/eldigitaldeasturias.com\/magazine365#listItem","position":1,"name":"Home","item":"https:\/\/eldigitaldeasturias.com\/magazine365","nextItem":{"@type":"ListItem","@id":"https:\/\/eldigitaldeasturias.com\/magazine365\/category\/noticias-actualidad\/#listItem","name":"Noticias y Actualidad"}},{"@type":"ListItem","@id":"https:\/\/eldigitaldeasturias.com\/magazine365\/category\/noticias-actualidad\/#listItem","position":2,"name":"Noticias y Actualidad","item":"https:\/\/eldigitaldeasturias.com\/magazine365\/category\/noticias-actualidad\/","nextItem":{"@type":"ListItem","@id":"https:\/\/eldigitaldeasturias.com\/magazine365\/la-gastronomia-de-excelencia-volvera-a-cordoba-con-la-tercera-edicion-del-califato-gourmet\/#listItem","name":"La gastronom\u00eda de excelencia volver\u00e1 a C\u00f3rdoba con la tercera edici\u00f3n del Califato Gourmet"},"previousItem":{"@type":"ListItem","@id":"https:\/\/eldigitaldeasturias.com\/magazine365#listItem","name":"Home"}},{"@type":"ListItem","@id":"https:\/\/eldigitaldeasturias.com\/magazine365\/la-gastronomia-de-excelencia-volvera-a-cordoba-con-la-tercera-edicion-del-califato-gourmet\/#listItem","position":3,"name":"La gastronom\u00eda de excelencia volver\u00e1 a C\u00f3rdoba con la tercera edici\u00f3n del Califato Gourmet","previousItem":{"@type":"ListItem","@id":"https:\/\/eldigitaldeasturias.com\/magazine365\/category\/noticias-actualidad\/#listItem","name":"Noticias y Actualidad"}}]},{"@type":"Organization","@id":"https:\/\/eldigitaldeasturias.com\/magazine365\/#organization","name":"El digital de Asturias","description":"Revista de ocio, turismo y estilo de vida","url":"https:\/\/eldigitaldeasturias.com\/magazine365\/","logo":{"@type":"ImageObject","url":"https:\/\/www.eldigitaldeasturias.com\/noticias\/wp-content\/uploads\/2020\/12\/EDA.jpg","@id":"https:\/\/eldigitaldeasturias.com\/magazine365\/la-gastronomia-de-excelencia-volvera-a-cordoba-con-la-tercera-edicion-del-califato-gourmet\/#organizationLogo"},"image":{"@id":"https:\/\/eldigitaldeasturias.com\/magazine365\/la-gastronomia-de-excelencia-volvera-a-cordoba-con-la-tercera-edicion-del-califato-gourmet\/#organizationLogo"}},{"@type":"Person","@id":"https:\/\/eldigitaldeasturias.com\/magazine365\/author\/admin\/#author","url":"https:\/\/eldigitaldeasturias.com\/magazine365\/author\/admin\/","name":"admin","image":{"@type":"ImageObject","@id":"https:\/\/eldigitaldeasturias.com\/magazine365\/la-gastronomia-de-excelencia-volvera-a-cordoba-con-la-tercera-edicion-del-califato-gourmet\/#authorImage","url":"https:\/\/eldigitaldeasturias.com\/magazine365\/wp-content\/litespeed\/avatar\/e571bcf59a0edd6fa6838245a470f2fe.jpg?ver=1776969259","width":96,"height":96,"caption":"admin"}},{"@type":"WebPage","@id":"https:\/\/eldigitaldeasturias.com\/magazine365\/la-gastronomia-de-excelencia-volvera-a-cordoba-con-la-tercera-edicion-del-califato-gourmet\/#webpage","url":"https:\/\/eldigitaldeasturias.com\/magazine365\/la-gastronomia-de-excelencia-volvera-a-cordoba-con-la-tercera-edicion-del-califato-gourmet\/","name":"La gastronom\u00eda de excelencia volver\u00e1 a C\u00f3rdoba con la tercera edici\u00f3n del Califato Gourmet | El Digital de Asturias","description":"La gastronom\u00eda de excelencia volver\u00e1 a inspirarse en la capital cordobesa en la tercera edici\u00f3n de 'C\u00f3rdoba Califato Gourmet', que se celebrar\u00e1 entre el 25 y 27 de septiembre reuniendo a los mejores chefs del panorama nacional, haciendo part\u00edcipes a restaurantes de la provincia y acercando a la ciudadan\u00eda este arte del paladar. El presidente","inLanguage":"es-ES","isPartOf":{"@id":"https:\/\/eldigitaldeasturias.com\/magazine365\/#website"},"breadcrumb":{"@id":"https:\/\/eldigitaldeasturias.com\/magazine365\/la-gastronomia-de-excelencia-volvera-a-cordoba-con-la-tercera-edicion-del-califato-gourmet\/#breadcrumblist"},"author":{"@id":"https:\/\/eldigitaldeasturias.com\/magazine365\/author\/admin\/#author"},"creator":{"@id":"https:\/\/eldigitaldeasturias.com\/magazine365\/author\/admin\/#author"},"image":{"@type":"ImageObject","url":"https:\/\/eldigitaldeasturias.com\/magazine365\/wp-content\/uploads\/2016\/01\/fotonoticia_20160121171049_800.jpg","@id":"https:\/\/eldigitaldeasturias.com\/magazine365\/la-gastronomia-de-excelencia-volvera-a-cordoba-con-la-tercera-edicion-del-califato-gourmet\/#mainImage","width":800,"height":376},"primaryImageOfPage":{"@id":"https:\/\/eldigitaldeasturias.com\/magazine365\/la-gastronomia-de-excelencia-volvera-a-cordoba-con-la-tercera-edicion-del-califato-gourmet\/#mainImage"},"datePublished":"2016-01-23T12:07:10+01:00","dateModified":"2016-01-23T12:07:10+01:00"},{"@type":"WebSite","@id":"https:\/\/eldigitaldeasturias.com\/magazine365\/#website","url":"https:\/\/eldigitaldeasturias.com\/magazine365\/","name":"El Digital de Asturias","description":"Revista de ocio, turismo y estilo de vida","inLanguage":"es-ES","publisher":{"@id":"https:\/\/eldigitaldeasturias.com\/magazine365\/#organization"}}]},"og:locale":"es_ES","og:site_name":"El Digital de Asturias \u2013 Revista de ocio, turismo y estilo de vida","og:type":"article","og:title":"La gastronom\u00eda de excelencia volver\u00e1 a C\u00f3rdoba con la tercera edici\u00f3n del Califato Gourmet | El Digital de Asturias","og:description":"La gastronom\u00eda de excelencia volver\u00e1 a inspirarse en la capital cordobesa en la tercera edici\u00f3n de 'C\u00f3rdoba Califato Gourmet', que se celebrar\u00e1 entre el 25 y 27 de septiembre reuniendo a los mejores chefs del panorama nacional, haciendo part\u00edcipes a restaurantes de la provincia y acercando a la ciudadan\u00eda este arte del paladar. El presidente","og:url":"https:\/\/eldigitaldeasturias.com\/magazine365\/la-gastronomia-de-excelencia-volvera-a-cordoba-con-la-tercera-edicion-del-califato-gourmet\/","og:image":"https:\/\/eldigitaldeasturias.com\/magazine365\/wp-content\/uploads\/2016\/01\/fotonoticia_20160121171049_800.jpg","og:image:secure_url":"https:\/\/eldigitaldeasturias.com\/magazine365\/wp-content\/uploads\/2016\/01\/fotonoticia_20160121171049_800.jpg","og:image:width":800,"og:image:height":376,"article:published_time":"2016-01-23T11:07:10+00:00","article:modified_time":"2016-01-23T11:07:10+00:00","twitter:card":"summary_large_image","twitter:title":"La gastronom\u00eda de excelencia volver\u00e1 a C\u00f3rdoba con la tercera edici\u00f3n del Califato Gourmet | El Digital de Asturias","twitter:description":"La gastronom\u00eda de excelencia volver\u00e1 a inspirarse en la capital cordobesa en la tercera edici\u00f3n de 'C\u00f3rdoba Califato Gourmet', que se celebrar\u00e1 entre el 25 y 27 de septiembre reuniendo a los mejores chefs del panorama nacional, haciendo part\u00edcipes a restaurantes de la provincia y acercando a la ciudadan\u00eda este arte del paladar. El presidente","twitter:image":"https:\/\/eldigitaldeasturias.com\/magazine365\/wp-content\/uploads\/2016\/01\/fotonoticia_20160121171049_800.jpg"},"aioseo_meta_data":{"post_id":"61664","title":null,"description":null,"keywords":null,"keyphrases":null,"primary_term":null,"canonical_url":null,"og_title":null,"og_description":null,"og_object_type":"default","og_image_type":"default","og_image_url":null,"og_image_width":null,"og_image_height":null,"og_image_custom_url":null,"og_image_custom_fields":null,"og_video":null,"og_custom_url":null,"og_article_section":null,"og_article_tags":null,"twitter_use_og":false,"twitter_card":"default","twitter_image_type":"default","twitter_image_url":null,"twitter_image_custom_url":null,"twitter_image_custom_fields":null,"twitter_title":null,"twitter_description":null,"schema":{"blockGraphs":[],"customGraphs":[],"default":{"data":{"Article":[],"Course":[],"Dataset":[],"FAQPage":[],"Movie":[],"Person":[],"Product":[],"ProductReview":[],"Car":[],"Recipe":[],"Service":[],"SoftwareApplication":[],"WebPage":[]},"graphName":"","isEnabled":true},"graphs":[],"defaultGraph":"","defaultPostTypeGraph":""},"schema_type":null,"schema_type_options":null,"pillar_content":false,"robots_default":true,"robots_noindex":false,"robots_noarchive":false,"robots_nosnippet":false,"robots_nofollow":false,"robots_noimageindex":false,"robots_noodp":false,"robots_notranslate":false,"robots_max_snippet":null,"robots_max_videopreview":null,"robots_max_imagepreview":"large","priority":null,"frequency":null,"location":null,"local_seo":null,"seo_analyzer_scan_date":"2025-09-25 09:26:16","breadcrumb_settings":null,"limit_modified_date":false,"open_ai":null,"ai":null,"created":"2021-03-08 21:46:43","updated":"2025-09-25 09:26:16"},"aioseo_breadcrumb":"<div class=\"aioseo-breadcrumbs\"><span class=\"aioseo-breadcrumb\">\n\t<a href=\"https:\/\/eldigitaldeasturias.com\/magazine365\" title=\"Home\">Home<\/a>\n<\/span><span class=\"aioseo-breadcrumb-separator\">\u2013<\/span><span class=\"aioseo-breadcrumb\">\n\t<a href=\"https:\/\/eldigitaldeasturias.com\/magazine365\/category\/noticias-actualidad\/\" title=\"Noticias y Actualidad\">Noticias y Actualidad<\/a>\n<\/span><span class=\"aioseo-breadcrumb-separator\">\u2013<\/span><span class=\"aioseo-breadcrumb\">\n\t<a href=\"https:\/\/eldigitaldeasturias.com\/magazine365\/la-gastronomia-de-excelencia-volvera-a-cordoba-con-la-tercera-edicion-del-califato-gourmet\/\" title=\"La gastronom\u00eda de excelencia volver\u00e1 a C\u00f3rdoba con la tercera edici\u00f3n del Califato Gourmet\">La gastronom\u00eda de excelencia volver\u00e1 a C\u00f3rdoba con la tercera edici\u00f3n del Califato Gourmet<\/a>\n<\/span><\/div>","aioseo_breadcrumb_json":[{"label":"Home","link":"https:\/\/eldigitaldeasturias.com\/magazine365"},{"label":"Noticias y Actualidad","link":"https:\/\/eldigitaldeasturias.com\/magazine365\/category\/noticias-actualidad\/"},{"label":"La gastronom\u00eda de excelencia volver\u00e1 a C\u00f3rdoba con la tercera edici\u00f3n del Califato Gourmet","link":"https:\/\/eldigitaldeasturias.com\/magazine365\/la-gastronomia-de-excelencia-volvera-a-cordoba-con-la-tercera-edicion-del-califato-gourmet\/"}],"_links":{"self":[{"href":"https:\/\/eldigitaldeasturias.com\/magazine365\/wp-json\/wp\/v2\/posts\/61664","targetHints":{"allow":["GET"]}}],"collection":[{"href":"https:\/\/eldigitaldeasturias.com\/magazine365\/wp-json\/wp\/v2\/posts"}],"about":[{"href":"https:\/\/eldigitaldeasturias.com\/magazine365\/wp-json\/wp\/v2\/types\/post"}],"author":[{"embeddable":true,"href":"https:\/\/eldigitaldeasturias.com\/magazine365\/wp-json\/wp\/v2\/users\/1"}],"replies":[{"embeddable":true,"href":"https:\/\/eldigitaldeasturias.com\/magazine365\/wp-json\/wp\/v2\/comments?post=61664"}],"version-history":[{"count":0,"href":"https:\/\/eldigitaldeasturias.com\/magazine365\/wp-json\/wp\/v2\/posts\/61664\/revisions"}],"wp:featuredmedia":[{"embeddable":true,"href":"https:\/\/eldigitaldeasturias.com\/magazine365\/wp-json\/wp\/v2\/media\/61665"}],"wp:attachment":[{"href":"https:\/\/eldigitaldeasturias.com\/magazine365\/wp-json\/wp\/v2\/media?parent=61664"}],"wp:term":[{"taxonomy":"category","embeddable":true,"href":"https:\/\/eldigitaldeasturias.com\/magazine365\/wp-json\/wp\/v2\/categories?post=61664"},{"taxonomy":"post_tag","embeddable":true,"href":"https:\/\/eldigitaldeasturias.com\/magazine365\/wp-json\/wp\/v2\/tags?post=61664"}],"curies":[{"name":"wp","href":"https:\/\/api.w.org\/{rel}","templated":true}]}}