{"id":61651,"date":"2016-01-23T11:58:09","date_gmt":"2016-01-23T10:58:09","guid":{"rendered":"http:\/\/eldigitaldeasturias.com\/magazine365\/?p=61651"},"modified":"2016-01-23T11:58:09","modified_gmt":"2016-01-23T10:58:09","slug":"iberia-express-lanza-nueva-ruta-a-santorini","status":"publish","type":"post","link":"https:\/\/eldigitaldeasturias.com\/magazine365\/iberia-express-lanza-nueva-ruta-a-santorini\/","title":{"rendered":"Iberia Express lanza nueva ruta a Santorini"},"content":{"rendered":"<p><img fetchpriority=\"high\" decoding=\"async\" class=\"alignleft size-medium wp-image-61652\" src=\"https:\/\/eldigitaldeasturias.com\/magazine365\/wp-content\/uploads\/2016\/01\/fotonoticia_20160121153722_800-360x225.jpg\" alt=\"fotonoticia_20160121153722_800\" width=\"360\" height=\"225\" srcset=\"https:\/\/eldigitaldeasturias.com\/magazine365\/wp-content\/uploads\/2016\/01\/fotonoticia_20160121153722_800-360x225.jpg 360w, https:\/\/eldigitaldeasturias.com\/magazine365\/wp-content\/uploads\/2016\/01\/fotonoticia_20160121153722_800-650x405.jpg 650w, https:\/\/eldigitaldeasturias.com\/magazine365\/wp-content\/uploads\/2016\/01\/fotonoticia_20160121153722_800-768x479.jpg 768w, https:\/\/eldigitaldeasturias.com\/magazine365\/wp-content\/uploads\/2016\/01\/fotonoticia_20160121153722_800-150x94.jpg 150w, https:\/\/eldigitaldeasturias.com\/magazine365\/wp-content\/uploads\/2016\/01\/fotonoticia_20160121153722_800-450x281.jpg 450w, https:\/\/eldigitaldeasturias.com\/magazine365\/wp-content\/uploads\/2016\/01\/fotonoticia_20160121153722_800-696x434.jpg 696w, https:\/\/eldigitaldeasturias.com\/magazine365\/wp-content\/uploads\/2016\/01\/fotonoticia_20160121153722_800-673x420.jpg 673w, https:\/\/eldigitaldeasturias.com\/magazine365\/wp-content\/uploads\/2016\/01\/fotonoticia_20160121153722_800-279x173.jpg 279w, https:\/\/eldigitaldeasturias.com\/magazine365\/wp-content\/uploads\/2016\/01\/fotonoticia_20160121153722_800-160x100.jpg 160w, https:\/\/eldigitaldeasturias.com\/magazine365\/wp-content\/uploads\/2016\/01\/fotonoticia_20160121153722_800-480x300.jpg 480w, https:\/\/eldigitaldeasturias.com\/magazine365\/wp-content\/uploads\/2016\/01\/fotonoticia_20160121153722_800.jpg 800w\" sizes=\"(max-width: 360px) 100vw, 360px\" \/>Iberia Express ha anunciado este jueves en el marco de la feria internacional de turismo Fitur 2016 una nueva ruta a Santorini (Grecia) que se suma a las trece nuevas rutas anunciadas recientemente para la temporada de verano.<\/p>\n<p>La isla griega se sumar\u00e1 as\u00ed a Birmingham, Burdeos, Rennes, Malta, Cork, Bucarest, Cracovia, Gotemburgo, Islandia y Oslo, rutas programadas desde Madrid, y adem\u00e1s Mallorca-Stuttgart y Gran Canaria Asturias, seg\u00fan anunci\u00f3 el director comercial de la aerol\u00ednea, Marco Sansavini.<\/p>\n<p>Iberia Express concluy\u00f3 2015 con un 16% de incremento de pasajero respecto al a\u00f1o anterior, seg\u00fan datos de Aena. Adem\u00e1s ha sido el a\u00f1o en el que la aerol\u00ednea ha conseguido revalidar, por segundo a\u00f1o consecutivo como la segunda aerol\u00ednea low cost m\u00e1s puntual del mundo, seg\u00fan la consultora independiente FlightStats.<\/p>\n<p>Desde su lanzamiento en 2012, Iberia Express ha crecido y reforzado su base en Madrid donde ofrece ya 39 destinos, 13 dentro de Espa\u00f1a y otros 26 en Europa.<\/p>\n<p>Todo este crecimiento ha ido acompa\u00f1ado de un incremento de flota hasta alcanzar los 20 aviones A320 en 2015. Este a\u00f1o, la aerol\u00ednea tambi\u00e9n contar\u00e1 entre su flota con el modelo A321.<\/p>\n<p>\u00abLa progresi\u00f3n de la compa\u00f1\u00eda ha sido extraordinaria con un crecimiento del 16% del n\u00famero de pasajeros lo que demuestra que el modelo funciona. En tan solo tres a\u00f1os Iberia Express se ha posicionado como cuarto operador en el aeropuerto de Adolfo Su\u00e1rez Madrid-Barajas y se ha consolidado en el mercado del corto y medio radio compitiendo al mismo nivel con otros operadores de bajo coste\u00bb, seg\u00fan afirm\u00f3 la directora comercial de Iberia Express, Silvia Mosquera.<\/p>\n","protected":false},"excerpt":{"rendered":"<p>Iberia Express ha anunciado este jueves en el marco de la feria internacional de turismo Fitur 2016 una nueva ruta a Santorini (Grecia) que se suma a las trece nuevas rutas anunciadas recientemente para la temporada de verano. La isla griega se sumar\u00e1 as\u00ed a Birmingham, Burdeos, Rennes, Malta, Cork, Bucarest, Cracovia, Gotemburgo, Islandia y<\/p>\n","protected":false},"author":1,"featured_media":61652,"comment_status":"open","ping_status":"closed","sticky":false,"template":"","format":"standard","meta":{"footnotes":""},"categories":[224],"tags":[],"class_list":{"0":"post-61651","1":"post","2":"type-post","3":"status-publish","4":"format-standard","5":"has-post-thumbnail","7":"category-noticias-actualidad"},"aioseo_notices":[],"aioseo_head":"\n\t\t<!-- All in One SEO Pro 4.9.6.1 - aioseo.com -->\n\t<meta name=\"description\" content=\"Iberia Express ha anunciado este jueves en el marco de la feria internacional de turismo Fitur 2016 una nueva ruta a Santorini (Grecia) que se suma a las trece nuevas rutas anunciadas recientemente para la temporada de verano. La isla griega se sumar\u00e1 as\u00ed a Birmingham, Burdeos, Rennes, Malta, Cork, Bucarest, Cracovia, Gotemburgo, Islandia y\" \/>\n\t<meta name=\"robots\" content=\"max-image-preview:large\" \/>\n\t<meta name=\"author\" content=\"admin\"\/>\n\t<meta name=\"google-site-verification\" content=\"UA-38556648-1\" \/>\n\t<meta name=\"keywords\" content=\"noticias y actualidad\" \/>\n\t<link rel=\"canonical\" href=\"https:\/\/eldigitaldeasturias.com\/magazine365\/iberia-express-lanza-nueva-ruta-a-santorini\/\" \/>\n\t<meta name=\"generator\" content=\"All in One SEO Pro (AIOSEO) 4.9.6.1\" \/>\n\t\t<meta property=\"og:locale\" content=\"es_ES\" \/>\n\t\t<meta property=\"og:site_name\" content=\"El Digital de Asturias \u2013 Revista de ocio, turismo y estilo de vida\" \/>\n\t\t<meta property=\"og:type\" content=\"article\" \/>\n\t\t<meta property=\"og:title\" content=\"Iberia Express lanza nueva ruta a Santorini | El Digital de Asturias\" \/>\n\t\t<meta property=\"og:description\" content=\"Iberia Express ha anunciado este jueves en el marco de la feria internacional de turismo Fitur 2016 una nueva ruta a Santorini (Grecia) que se suma a las trece nuevas rutas anunciadas recientemente para la temporada de verano. La isla griega se sumar\u00e1 as\u00ed a Birmingham, Burdeos, Rennes, Malta, Cork, Bucarest, Cracovia, Gotemburgo, Islandia y\" \/>\n\t\t<meta property=\"og:url\" content=\"https:\/\/eldigitaldeasturias.com\/magazine365\/iberia-express-lanza-nueva-ruta-a-santorini\/\" \/>\n\t\t<meta property=\"og:image\" content=\"https:\/\/eldigitaldeasturias.com\/magazine365\/wp-content\/uploads\/2016\/01\/fotonoticia_20160121153722_800.jpg\" \/>\n\t\t<meta property=\"og:image:secure_url\" content=\"https:\/\/eldigitaldeasturias.com\/magazine365\/wp-content\/uploads\/2016\/01\/fotonoticia_20160121153722_800.jpg\" \/>\n\t\t<meta property=\"og:image:width\" content=\"800\" \/>\n\t\t<meta property=\"og:image:height\" content=\"499\" \/>\n\t\t<meta property=\"article:published_time\" content=\"2016-01-23T10:58:09+00:00\" \/>\n\t\t<meta property=\"article:modified_time\" content=\"2016-01-23T10:58:09+00:00\" \/>\n\t\t<meta name=\"twitter:card\" content=\"summary_large_image\" \/>\n\t\t<meta name=\"twitter:title\" content=\"Iberia Express lanza nueva ruta a Santorini | El Digital de Asturias\" \/>\n\t\t<meta name=\"twitter:description\" content=\"Iberia Express ha anunciado este jueves en el marco de la feria internacional de turismo Fitur 2016 una nueva ruta a Santorini (Grecia) que se suma a las trece nuevas rutas anunciadas recientemente para la temporada de verano. La isla griega se sumar\u00e1 as\u00ed a Birmingham, Burdeos, Rennes, Malta, Cork, Bucarest, Cracovia, Gotemburgo, Islandia y\" \/>\n\t\t<meta name=\"twitter:image\" content=\"https:\/\/eldigitaldeasturias.com\/magazine365\/wp-content\/uploads\/2016\/01\/fotonoticia_20160121153722_800.jpg\" \/>\n\t\t<script type=\"application\/ld+json\" class=\"aioseo-schema\">\n\t\t\t{\"@context\":\"https:\\\/\\\/schema.org\",\"@graph\":[{\"@type\":\"Article\",\"@id\":\"https:\\\/\\\/eldigitaldeasturias.com\\\/magazine365\\\/iberia-express-lanza-nueva-ruta-a-santorini\\\/#article\",\"name\":\"Iberia Express lanza nueva ruta a Santorini | El Digital de Asturias\",\"headline\":\"Iberia Express lanza nueva ruta a Santorini\",\"author\":{\"@id\":\"https:\\\/\\\/eldigitaldeasturias.com\\\/magazine365\\\/author\\\/admin\\\/#author\"},\"publisher\":{\"@id\":\"https:\\\/\\\/eldigitaldeasturias.com\\\/magazine365\\\/#organization\"},\"image\":{\"@type\":\"ImageObject\",\"url\":\"https:\\\/\\\/eldigitaldeasturias.com\\\/magazine365\\\/wp-content\\\/uploads\\\/2016\\\/01\\\/fotonoticia_20160121153722_800.jpg\",\"width\":800,\"height\":499},\"datePublished\":\"2016-01-23T11:58:09+01:00\",\"dateModified\":\"2016-01-23T11:58:09+01:00\",\"inLanguage\":\"es-ES\",\"mainEntityOfPage\":{\"@id\":\"https:\\\/\\\/eldigitaldeasturias.com\\\/magazine365\\\/iberia-express-lanza-nueva-ruta-a-santorini\\\/#webpage\"},\"isPartOf\":{\"@id\":\"https:\\\/\\\/eldigitaldeasturias.com\\\/magazine365\\\/iberia-express-lanza-nueva-ruta-a-santorini\\\/#webpage\"},\"articleSection\":\"Noticias y Actualidad\"},{\"@type\":\"BreadcrumbList\",\"@id\":\"https:\\\/\\\/eldigitaldeasturias.com\\\/magazine365\\\/iberia-express-lanza-nueva-ruta-a-santorini\\\/#breadcrumblist\",\"itemListElement\":[{\"@type\":\"ListItem\",\"@id\":\"https:\\\/\\\/eldigitaldeasturias.com\\\/magazine365#listItem\",\"position\":1,\"name\":\"Home\",\"item\":\"https:\\\/\\\/eldigitaldeasturias.com\\\/magazine365\",\"nextItem\":{\"@type\":\"ListItem\",\"@id\":\"https:\\\/\\\/eldigitaldeasturias.com\\\/magazine365\\\/category\\\/noticias-actualidad\\\/#listItem\",\"name\":\"Noticias y Actualidad\"}},{\"@type\":\"ListItem\",\"@id\":\"https:\\\/\\\/eldigitaldeasturias.com\\\/magazine365\\\/category\\\/noticias-actualidad\\\/#listItem\",\"position\":2,\"name\":\"Noticias y Actualidad\",\"item\":\"https:\\\/\\\/eldigitaldeasturias.com\\\/magazine365\\\/category\\\/noticias-actualidad\\\/\",\"nextItem\":{\"@type\":\"ListItem\",\"@id\":\"https:\\\/\\\/eldigitaldeasturias.com\\\/magazine365\\\/iberia-express-lanza-nueva-ruta-a-santorini\\\/#listItem\",\"name\":\"Iberia Express lanza nueva ruta a Santorini\"},\"previousItem\":{\"@type\":\"ListItem\",\"@id\":\"https:\\\/\\\/eldigitaldeasturias.com\\\/magazine365#listItem\",\"name\":\"Home\"}},{\"@type\":\"ListItem\",\"@id\":\"https:\\\/\\\/eldigitaldeasturias.com\\\/magazine365\\\/iberia-express-lanza-nueva-ruta-a-santorini\\\/#listItem\",\"position\":3,\"name\":\"Iberia Express lanza nueva ruta a Santorini\",\"previousItem\":{\"@type\":\"ListItem\",\"@id\":\"https:\\\/\\\/eldigitaldeasturias.com\\\/magazine365\\\/category\\\/noticias-actualidad\\\/#listItem\",\"name\":\"Noticias y Actualidad\"}}]},{\"@type\":\"Organization\",\"@id\":\"https:\\\/\\\/eldigitaldeasturias.com\\\/magazine365\\\/#organization\",\"name\":\"El digital de Asturias\",\"description\":\"Revista de ocio, turismo y estilo de vida\",\"url\":\"https:\\\/\\\/eldigitaldeasturias.com\\\/magazine365\\\/\",\"logo\":{\"@type\":\"ImageObject\",\"url\":\"https:\\\/\\\/www.eldigitaldeasturias.com\\\/noticias\\\/wp-content\\\/uploads\\\/2020\\\/12\\\/EDA.jpg\",\"@id\":\"https:\\\/\\\/eldigitaldeasturias.com\\\/magazine365\\\/iberia-express-lanza-nueva-ruta-a-santorini\\\/#organizationLogo\"},\"image\":{\"@id\":\"https:\\\/\\\/eldigitaldeasturias.com\\\/magazine365\\\/iberia-express-lanza-nueva-ruta-a-santorini\\\/#organizationLogo\"}},{\"@type\":\"Person\",\"@id\":\"https:\\\/\\\/eldigitaldeasturias.com\\\/magazine365\\\/author\\\/admin\\\/#author\",\"url\":\"https:\\\/\\\/eldigitaldeasturias.com\\\/magazine365\\\/author\\\/admin\\\/\",\"name\":\"admin\",\"image\":{\"@type\":\"ImageObject\",\"@id\":\"https:\\\/\\\/eldigitaldeasturias.com\\\/magazine365\\\/iberia-express-lanza-nueva-ruta-a-santorini\\\/#authorImage\",\"url\":\"https:\\\/\\\/eldigitaldeasturias.com\\\/magazine365\\\/wp-content\\\/litespeed\\\/avatar\\\/e571bcf59a0edd6fa6838245a470f2fe.jpg?ver=1776969259\",\"width\":96,\"height\":96,\"caption\":\"admin\"}},{\"@type\":\"WebPage\",\"@id\":\"https:\\\/\\\/eldigitaldeasturias.com\\\/magazine365\\\/iberia-express-lanza-nueva-ruta-a-santorini\\\/#webpage\",\"url\":\"https:\\\/\\\/eldigitaldeasturias.com\\\/magazine365\\\/iberia-express-lanza-nueva-ruta-a-santorini\\\/\",\"name\":\"Iberia Express lanza nueva ruta a Santorini | El Digital de Asturias\",\"description\":\"Iberia Express ha anunciado este jueves en el marco de la feria internacional de turismo Fitur 2016 una nueva ruta a Santorini (Grecia) que se suma a las trece nuevas rutas anunciadas recientemente para la temporada de verano. La isla griega se sumar\\u00e1 as\\u00ed a Birmingham, Burdeos, Rennes, Malta, Cork, Bucarest, Cracovia, Gotemburgo, Islandia y\",\"inLanguage\":\"es-ES\",\"isPartOf\":{\"@id\":\"https:\\\/\\\/eldigitaldeasturias.com\\\/magazine365\\\/#website\"},\"breadcrumb\":{\"@id\":\"https:\\\/\\\/eldigitaldeasturias.com\\\/magazine365\\\/iberia-express-lanza-nueva-ruta-a-santorini\\\/#breadcrumblist\"},\"author\":{\"@id\":\"https:\\\/\\\/eldigitaldeasturias.com\\\/magazine365\\\/author\\\/admin\\\/#author\"},\"creator\":{\"@id\":\"https:\\\/\\\/eldigitaldeasturias.com\\\/magazine365\\\/author\\\/admin\\\/#author\"},\"image\":{\"@type\":\"ImageObject\",\"url\":\"https:\\\/\\\/eldigitaldeasturias.com\\\/magazine365\\\/wp-content\\\/uploads\\\/2016\\\/01\\\/fotonoticia_20160121153722_800.jpg\",\"@id\":\"https:\\\/\\\/eldigitaldeasturias.com\\\/magazine365\\\/iberia-express-lanza-nueva-ruta-a-santorini\\\/#mainImage\",\"width\":800,\"height\":499},\"primaryImageOfPage\":{\"@id\":\"https:\\\/\\\/eldigitaldeasturias.com\\\/magazine365\\\/iberia-express-lanza-nueva-ruta-a-santorini\\\/#mainImage\"},\"datePublished\":\"2016-01-23T11:58:09+01:00\",\"dateModified\":\"2016-01-23T11:58:09+01:00\"},{\"@type\":\"WebSite\",\"@id\":\"https:\\\/\\\/eldigitaldeasturias.com\\\/magazine365\\\/#website\",\"url\":\"https:\\\/\\\/eldigitaldeasturias.com\\\/magazine365\\\/\",\"name\":\"El Digital de Asturias\",\"description\":\"Revista de ocio, turismo y estilo de vida\",\"inLanguage\":\"es-ES\",\"publisher\":{\"@id\":\"https:\\\/\\\/eldigitaldeasturias.com\\\/magazine365\\\/#organization\"}}]}\n\t\t<\/script>\n\t\t<!-- All in One SEO Pro -->\r\n\t\t<title>Iberia Express lanza nueva ruta a Santorini | El Digital de Asturias<\/title>\n\n","aioseo_head_json":{"title":"Iberia Express lanza nueva ruta a Santorini | El Digital de Asturias","description":"Iberia Express ha anunciado este jueves en el marco de la feria internacional de turismo Fitur 2016 una nueva ruta a Santorini (Grecia) que se suma a las trece nuevas rutas anunciadas recientemente para la temporada de verano. La isla griega se sumar\u00e1 as\u00ed a Birmingham, Burdeos, Rennes, Malta, Cork, Bucarest, Cracovia, Gotemburgo, Islandia y","canonical_url":"https:\/\/eldigitaldeasturias.com\/magazine365\/iberia-express-lanza-nueva-ruta-a-santorini\/","robots":"max-image-preview:large","keywords":"noticias y actualidad","webmasterTools":{"google-site-verification":"UA-38556648-1","miscellaneous":""},"schema":{"@context":"https:\/\/schema.org","@graph":[{"@type":"Article","@id":"https:\/\/eldigitaldeasturias.com\/magazine365\/iberia-express-lanza-nueva-ruta-a-santorini\/#article","name":"Iberia Express lanza nueva ruta a Santorini | El Digital de Asturias","headline":"Iberia Express lanza nueva ruta a Santorini","author":{"@id":"https:\/\/eldigitaldeasturias.com\/magazine365\/author\/admin\/#author"},"publisher":{"@id":"https:\/\/eldigitaldeasturias.com\/magazine365\/#organization"},"image":{"@type":"ImageObject","url":"https:\/\/eldigitaldeasturias.com\/magazine365\/wp-content\/uploads\/2016\/01\/fotonoticia_20160121153722_800.jpg","width":800,"height":499},"datePublished":"2016-01-23T11:58:09+01:00","dateModified":"2016-01-23T11:58:09+01:00","inLanguage":"es-ES","mainEntityOfPage":{"@id":"https:\/\/eldigitaldeasturias.com\/magazine365\/iberia-express-lanza-nueva-ruta-a-santorini\/#webpage"},"isPartOf":{"@id":"https:\/\/eldigitaldeasturias.com\/magazine365\/iberia-express-lanza-nueva-ruta-a-santorini\/#webpage"},"articleSection":"Noticias y Actualidad"},{"@type":"BreadcrumbList","@id":"https:\/\/eldigitaldeasturias.com\/magazine365\/iberia-express-lanza-nueva-ruta-a-santorini\/#breadcrumblist","itemListElement":[{"@type":"ListItem","@id":"https:\/\/eldigitaldeasturias.com\/magazine365#listItem","position":1,"name":"Home","item":"https:\/\/eldigitaldeasturias.com\/magazine365","nextItem":{"@type":"ListItem","@id":"https:\/\/eldigitaldeasturias.com\/magazine365\/category\/noticias-actualidad\/#listItem","name":"Noticias y Actualidad"}},{"@type":"ListItem","@id":"https:\/\/eldigitaldeasturias.com\/magazine365\/category\/noticias-actualidad\/#listItem","position":2,"name":"Noticias y Actualidad","item":"https:\/\/eldigitaldeasturias.com\/magazine365\/category\/noticias-actualidad\/","nextItem":{"@type":"ListItem","@id":"https:\/\/eldigitaldeasturias.com\/magazine365\/iberia-express-lanza-nueva-ruta-a-santorini\/#listItem","name":"Iberia Express lanza nueva ruta a Santorini"},"previousItem":{"@type":"ListItem","@id":"https:\/\/eldigitaldeasturias.com\/magazine365#listItem","name":"Home"}},{"@type":"ListItem","@id":"https:\/\/eldigitaldeasturias.com\/magazine365\/iberia-express-lanza-nueva-ruta-a-santorini\/#listItem","position":3,"name":"Iberia Express lanza nueva ruta a Santorini","previousItem":{"@type":"ListItem","@id":"https:\/\/eldigitaldeasturias.com\/magazine365\/category\/noticias-actualidad\/#listItem","name":"Noticias y Actualidad"}}]},{"@type":"Organization","@id":"https:\/\/eldigitaldeasturias.com\/magazine365\/#organization","name":"El digital de Asturias","description":"Revista de ocio, turismo y estilo de vida","url":"https:\/\/eldigitaldeasturias.com\/magazine365\/","logo":{"@type":"ImageObject","url":"https:\/\/www.eldigitaldeasturias.com\/noticias\/wp-content\/uploads\/2020\/12\/EDA.jpg","@id":"https:\/\/eldigitaldeasturias.com\/magazine365\/iberia-express-lanza-nueva-ruta-a-santorini\/#organizationLogo"},"image":{"@id":"https:\/\/eldigitaldeasturias.com\/magazine365\/iberia-express-lanza-nueva-ruta-a-santorini\/#organizationLogo"}},{"@type":"Person","@id":"https:\/\/eldigitaldeasturias.com\/magazine365\/author\/admin\/#author","url":"https:\/\/eldigitaldeasturias.com\/magazine365\/author\/admin\/","name":"admin","image":{"@type":"ImageObject","@id":"https:\/\/eldigitaldeasturias.com\/magazine365\/iberia-express-lanza-nueva-ruta-a-santorini\/#authorImage","url":"https:\/\/eldigitaldeasturias.com\/magazine365\/wp-content\/litespeed\/avatar\/e571bcf59a0edd6fa6838245a470f2fe.jpg?ver=1776969259","width":96,"height":96,"caption":"admin"}},{"@type":"WebPage","@id":"https:\/\/eldigitaldeasturias.com\/magazine365\/iberia-express-lanza-nueva-ruta-a-santorini\/#webpage","url":"https:\/\/eldigitaldeasturias.com\/magazine365\/iberia-express-lanza-nueva-ruta-a-santorini\/","name":"Iberia Express lanza nueva ruta a Santorini | El Digital de Asturias","description":"Iberia Express ha anunciado este jueves en el marco de la feria internacional de turismo Fitur 2016 una nueva ruta a Santorini (Grecia) que se suma a las trece nuevas rutas anunciadas recientemente para la temporada de verano. La isla griega se sumar\u00e1 as\u00ed a Birmingham, Burdeos, Rennes, Malta, Cork, Bucarest, Cracovia, Gotemburgo, Islandia y","inLanguage":"es-ES","isPartOf":{"@id":"https:\/\/eldigitaldeasturias.com\/magazine365\/#website"},"breadcrumb":{"@id":"https:\/\/eldigitaldeasturias.com\/magazine365\/iberia-express-lanza-nueva-ruta-a-santorini\/#breadcrumblist"},"author":{"@id":"https:\/\/eldigitaldeasturias.com\/magazine365\/author\/admin\/#author"},"creator":{"@id":"https:\/\/eldigitaldeasturias.com\/magazine365\/author\/admin\/#author"},"image":{"@type":"ImageObject","url":"https:\/\/eldigitaldeasturias.com\/magazine365\/wp-content\/uploads\/2016\/01\/fotonoticia_20160121153722_800.jpg","@id":"https:\/\/eldigitaldeasturias.com\/magazine365\/iberia-express-lanza-nueva-ruta-a-santorini\/#mainImage","width":800,"height":499},"primaryImageOfPage":{"@id":"https:\/\/eldigitaldeasturias.com\/magazine365\/iberia-express-lanza-nueva-ruta-a-santorini\/#mainImage"},"datePublished":"2016-01-23T11:58:09+01:00","dateModified":"2016-01-23T11:58:09+01:00"},{"@type":"WebSite","@id":"https:\/\/eldigitaldeasturias.com\/magazine365\/#website","url":"https:\/\/eldigitaldeasturias.com\/magazine365\/","name":"El Digital de Asturias","description":"Revista de ocio, turismo y estilo de vida","inLanguage":"es-ES","publisher":{"@id":"https:\/\/eldigitaldeasturias.com\/magazine365\/#organization"}}]},"og:locale":"es_ES","og:site_name":"El Digital de Asturias \u2013 Revista de ocio, turismo y estilo de vida","og:type":"article","og:title":"Iberia Express lanza nueva ruta a Santorini | El Digital de Asturias","og:description":"Iberia Express ha anunciado este jueves en el marco de la feria internacional de turismo Fitur 2016 una nueva ruta a Santorini (Grecia) que se suma a las trece nuevas rutas anunciadas recientemente para la temporada de verano. La isla griega se sumar\u00e1 as\u00ed a Birmingham, Burdeos, Rennes, Malta, Cork, Bucarest, Cracovia, Gotemburgo, Islandia y","og:url":"https:\/\/eldigitaldeasturias.com\/magazine365\/iberia-express-lanza-nueva-ruta-a-santorini\/","og:image":"https:\/\/eldigitaldeasturias.com\/magazine365\/wp-content\/uploads\/2016\/01\/fotonoticia_20160121153722_800.jpg","og:image:secure_url":"https:\/\/eldigitaldeasturias.com\/magazine365\/wp-content\/uploads\/2016\/01\/fotonoticia_20160121153722_800.jpg","og:image:width":800,"og:image:height":499,"article:published_time":"2016-01-23T10:58:09+00:00","article:modified_time":"2016-01-23T10:58:09+00:00","twitter:card":"summary_large_image","twitter:title":"Iberia Express lanza nueva ruta a Santorini | El Digital de Asturias","twitter:description":"Iberia Express ha anunciado este jueves en el marco de la feria internacional de turismo Fitur 2016 una nueva ruta a Santorini (Grecia) que se suma a las trece nuevas rutas anunciadas recientemente para la temporada de verano. La isla griega se sumar\u00e1 as\u00ed a Birmingham, Burdeos, Rennes, Malta, Cork, Bucarest, Cracovia, Gotemburgo, Islandia y","twitter:image":"https:\/\/eldigitaldeasturias.com\/magazine365\/wp-content\/uploads\/2016\/01\/fotonoticia_20160121153722_800.jpg"},"aioseo_meta_data":{"post_id":"61651","title":null,"description":null,"keywords":null,"keyphrases":null,"primary_term":null,"canonical_url":null,"og_title":null,"og_description":null,"og_object_type":"default","og_image_type":"default","og_image_url":null,"og_image_width":null,"og_image_height":null,"og_image_custom_url":null,"og_image_custom_fields":null,"og_video":null,"og_custom_url":null,"og_article_section":null,"og_article_tags":null,"twitter_use_og":false,"twitter_card":"default","twitter_image_type":"default","twitter_image_url":null,"twitter_image_custom_url":null,"twitter_image_custom_fields":null,"twitter_title":null,"twitter_description":null,"schema":{"blockGraphs":[],"customGraphs":[],"default":{"data":{"Article":[],"Course":[],"Dataset":[],"FAQPage":[],"Movie":[],"Person":[],"Product":[],"ProductReview":[],"Car":[],"Recipe":[],"Service":[],"SoftwareApplication":[],"WebPage":[]},"graphName":"","isEnabled":true},"graphs":[],"defaultGraph":"","defaultPostTypeGraph":""},"schema_type":null,"schema_type_options":null,"pillar_content":false,"robots_default":true,"robots_noindex":false,"robots_noarchive":false,"robots_nosnippet":false,"robots_nofollow":false,"robots_noimageindex":false,"robots_noodp":false,"robots_notranslate":false,"robots_max_snippet":null,"robots_max_videopreview":null,"robots_max_imagepreview":"large","priority":null,"frequency":null,"location":null,"local_seo":null,"seo_analyzer_scan_date":"2025-09-25 09:24:56","breadcrumb_settings":null,"limit_modified_date":false,"open_ai":null,"ai":null,"created":"2021-03-08 21:46:43","updated":"2025-09-25 09:24:56"},"aioseo_breadcrumb":"<div class=\"aioseo-breadcrumbs\"><span class=\"aioseo-breadcrumb\">\n\t<a href=\"https:\/\/eldigitaldeasturias.com\/magazine365\" title=\"Home\">Home<\/a>\n<\/span><span class=\"aioseo-breadcrumb-separator\">\u2013<\/span><span class=\"aioseo-breadcrumb\">\n\t<a href=\"https:\/\/eldigitaldeasturias.com\/magazine365\/category\/noticias-actualidad\/\" title=\"Noticias y Actualidad\">Noticias y Actualidad<\/a>\n<\/span><span class=\"aioseo-breadcrumb-separator\">\u2013<\/span><span class=\"aioseo-breadcrumb\">\n\t<a href=\"https:\/\/eldigitaldeasturias.com\/magazine365\/iberia-express-lanza-nueva-ruta-a-santorini\/\" title=\"Iberia Express lanza nueva ruta a Santorini\">Iberia Express lanza nueva ruta a Santorini<\/a>\n<\/span><\/div>","aioseo_breadcrumb_json":[{"label":"Home","link":"https:\/\/eldigitaldeasturias.com\/magazine365"},{"label":"Noticias y Actualidad","link":"https:\/\/eldigitaldeasturias.com\/magazine365\/category\/noticias-actualidad\/"},{"label":"Iberia Express lanza nueva ruta a Santorini","link":"https:\/\/eldigitaldeasturias.com\/magazine365\/iberia-express-lanza-nueva-ruta-a-santorini\/"}],"_links":{"self":[{"href":"https:\/\/eldigitaldeasturias.com\/magazine365\/wp-json\/wp\/v2\/posts\/61651","targetHints":{"allow":["GET"]}}],"collection":[{"href":"https:\/\/eldigitaldeasturias.com\/magazine365\/wp-json\/wp\/v2\/posts"}],"about":[{"href":"https:\/\/eldigitaldeasturias.com\/magazine365\/wp-json\/wp\/v2\/types\/post"}],"author":[{"embeddable":true,"href":"https:\/\/eldigitaldeasturias.com\/magazine365\/wp-json\/wp\/v2\/users\/1"}],"replies":[{"embeddable":true,"href":"https:\/\/eldigitaldeasturias.com\/magazine365\/wp-json\/wp\/v2\/comments?post=61651"}],"version-history":[{"count":0,"href":"https:\/\/eldigitaldeasturias.com\/magazine365\/wp-json\/wp\/v2\/posts\/61651\/revisions"}],"wp:featuredmedia":[{"embeddable":true,"href":"https:\/\/eldigitaldeasturias.com\/magazine365\/wp-json\/wp\/v2\/media\/61652"}],"wp:attachment":[{"href":"https:\/\/eldigitaldeasturias.com\/magazine365\/wp-json\/wp\/v2\/media?parent=61651"}],"wp:term":[{"taxonomy":"category","embeddable":true,"href":"https:\/\/eldigitaldeasturias.com\/magazine365\/wp-json\/wp\/v2\/categories?post=61651"},{"taxonomy":"post_tag","embeddable":true,"href":"https:\/\/eldigitaldeasturias.com\/magazine365\/wp-json\/wp\/v2\/tags?post=61651"}],"curies":[{"name":"wp","href":"https:\/\/api.w.org\/{rel}","templated":true}]}}