{"id":61648,"date":"2016-01-23T11:57:13","date_gmt":"2016-01-23T10:57:13","guid":{"rendered":"http:\/\/eldigitaldeasturias.com\/magazine365\/?p=61648"},"modified":"2016-01-23T11:57:13","modified_gmt":"2016-01-23T10:57:13","slug":"pontevedra-activa-una-ruta-basada-en-la-arquitectura-contemporanea-que-complementa-sus-atractivos-turisticos","status":"publish","type":"post","link":"https:\/\/eldigitaldeasturias.com\/magazine365\/pontevedra-activa-una-ruta-basada-en-la-arquitectura-contemporanea-que-complementa-sus-atractivos-turisticos\/","title":{"rendered":"Pontevedra activa una ruta basada en la arquitectura contempor\u00e1nea que complementa sus atractivos tur\u00edsticos"},"content":{"rendered":"<p><img fetchpriority=\"high\" decoding=\"async\" class=\"alignleft size-medium wp-image-61649\" src=\"https:\/\/eldigitaldeasturias.com\/magazine365\/wp-content\/uploads\/2016\/01\/fotonoticia_20160121153107_800-360x203.jpg\" alt=\"fotonoticia_20160121153107_800\" width=\"360\" height=\"203\" srcset=\"https:\/\/eldigitaldeasturias.com\/magazine365\/wp-content\/uploads\/2016\/01\/fotonoticia_20160121153107_800-360x203.jpg 360w, https:\/\/eldigitaldeasturias.com\/magazine365\/wp-content\/uploads\/2016\/01\/fotonoticia_20160121153107_800-650x366.jpg 650w, https:\/\/eldigitaldeasturias.com\/magazine365\/wp-content\/uploads\/2016\/01\/fotonoticia_20160121153107_800-768x432.jpg 768w, https:\/\/eldigitaldeasturias.com\/magazine365\/wp-content\/uploads\/2016\/01\/fotonoticia_20160121153107_800-150x84.jpg 150w, https:\/\/eldigitaldeasturias.com\/magazine365\/wp-content\/uploads\/2016\/01\/fotonoticia_20160121153107_800-450x253.jpg 450w, https:\/\/eldigitaldeasturias.com\/magazine365\/wp-content\/uploads\/2016\/01\/fotonoticia_20160121153107_800-696x392.jpg 696w, https:\/\/eldigitaldeasturias.com\/magazine365\/wp-content\/uploads\/2016\/01\/fotonoticia_20160121153107_800-747x420.jpg 747w, https:\/\/eldigitaldeasturias.com\/magazine365\/wp-content\/uploads\/2016\/01\/fotonoticia_20160121153107_800-499x280.jpg 499w, https:\/\/eldigitaldeasturias.com\/magazine365\/wp-content\/uploads\/2016\/01\/fotonoticia_20160121153107_800-510x289.jpg 510w, https:\/\/eldigitaldeasturias.com\/magazine365\/wp-content\/uploads\/2016\/01\/fotonoticia_20160121153107_800.jpg 800w\" sizes=\"(max-width: 360px) 100vw, 360px\" \/>La Diputaci\u00f3n de Pontevedra ha presentado este jueves en la Feria Internacional del Turismo Fitur 2016 la ruta &#8216;Arquitectura contempor\u00e1nea en las R\u00edas Baixas&#8217;, un recorrido basado en el patrimonio que aportan edificios contempor\u00e1neos de toda la provincia y que se presenta como un nuevo reclamo para atraer turistas y como complemento creativo a los atractivos tradicionales de los que ya dispone esta zona.<\/p>\n<p>Los edificios que forman parte de esta nueva ruta tur\u00edstica son un total del 42, y se encuentran repartidos por la provincia de Pontevedra. Todos ellos fueron construidos en los \u00faltimos 30 a\u00f1os de la mano de arquitectos de prestigio, algunos de ellos galardonados con el Premio Nacional de Arquitectura. Adem\u00e1s, para confeccionar la selecci\u00f3n de edificaciones, la Diputaci\u00f3n de Pontevedra ha contado con el criterio del Colegio Oficial de Arquitectos de Galicia.<\/p>\n<p>Entre los edificios destacados de la lista figuran el Campus de la Universidade de Vigo (CUVI), El Museo del Mar de Galicia, el Poblado minero de O Fontao, el edificio Plastibar o el Estadio de Pasar\u00f3n.<\/p>\n<p>As\u00ed, frente a los atractivos tur\u00edsticos tradicionales como la cultura, los espacios naturales, la gastronom\u00eda o el patrimonio hist\u00f3rico y arqueol\u00f3gico, Turismo R\u00edas Baixas apostar\u00e1 este a\u00f1o por esta ruta autoguiada que servir\u00e1 para mostrar \u00abla cara de la modernidad de Pontevedra\u00bb.<\/p>\n<p>TRADICI\u00d3N EN LA MODERNIDAD<\/p>\n<p>Seg\u00fan la presidenta de la Diputaci\u00f3n, Carmela Silva, la provincia muestra esta cara \u00abmirando al pasado, con un extraordinario presente que quiere seguir caminando hacia el futuro\u00bb. \u00abNuestra arquitectura tradicional es extraordinaria, pero tenemos una arquitectura contempor\u00e1nea que ha recibido premios nacionales, internacionales y est\u00e1 situada en enclaves impresionantes\u00bb, ha apuntado, a la vez que ha remarcado que \u00abla tradici\u00f3n quiere estar presente tambi\u00e9n en la modernidad\u00bb.<\/p>\n<p>La presidenta de la Diputaci\u00f3n ha afirmado que esta ruta es \u00abalgo novedoso y distinto\u00bb y que tendr\u00e1 como objetivo \u00abdejar huella\u00bb para que generaciones futuras puedan disfrutar del patrimonio arquitect\u00f3nico contempor\u00e1neo y as\u00ed sentirse orgullosos de lo que ofrece la provincia. \u00abVivimos en un para\u00edso\u00bb, proclam\u00f3 Silva.<\/p>\n<p>Con todo, Silva ha animado a todo el que lo desee a llevar a la pr\u00e1ctica esta nueva ruta autoguiada por edificios \u00abm\u00e1gicos que emocionan\u00bb cuando son recorridos porque a trav\u00e9s de ellos \u00abpueden descubrirse espacios inigualables. \u00abSi vienen y nos conocen ustedes se enamorar\u00e1n de la provincia de Pontevendra y ya no podr\u00e1n dejar de venir a vernos\u00bb, ha proclamado.<\/p>\n<p>R\u00cdAS BAIXAS QUE SORPRENDEN<\/p>\n<p>El acto de presentaci\u00f3n en Fitur ha ido de la mano de la actriz gallega Mar\u00eda Castro, que ha destacado que las R\u00edas Baixas \u00absiempre ofrecen algo que sorprende y siempre tienen algo que ofrecer\u00bb. \u00abPontevedra cambia y cambia porque mejora para hacer frente a las necesidades de habitantes y turistas\u00bb, ha dicho la actriz, al tiempo que ha dicho que esta ruta ofrece \u00abbuena arquitectura y enclaves ideales que permiten vivir una experiencia \u00fanica para sumergirse en lo creativo\u00bb de las R\u00edas Baixas.<\/p>\n<p>A la presentaci\u00f3n que ha tenido lugar en el pabell\u00f3n de Galicia de Fitur 2016 tambi\u00e9n ha asistido en representaci\u00f3n del Colegio Oficial de Arquitectos gallego Antonio Maro\u00f1o, que ha explicado que una de las virtudes de la ruta es que acerca la arquitectura a los que no son expertos, y est\u00e1 adaptada a todo tipo de turistas.<\/p>\n<p>MUESTRA ENTRE UNA LARGA LISTA<\/p>\n<p>Adem\u00e1s, el decano del Colexio de Arquitectos de Galicia ha opinado que los 42 edificios \u00abson pocos\u00bb en medio de la gran calidad arquitect\u00f3nica de la que goza toda Galicia. \u00abResulta muy complicado descartar para quedarnos con pocos\u00bb, ha dicho, a la vez que ha explicado que el conjunto de edificios lo forman tanto edificaciones de arquitectura institucional, como espacios p\u00fablicos e incluso arquitectura dom\u00e9stica. \u00abIntenta ser un bot\u00f3n de muestra de cada uno de los tipos de arquitectura\u00bb, ha apuntado.<\/p>\n<p>Por \u00faltimo, Maro\u00f1o ha destacado que entre los arquitectos dise\u00f1adores de los edificios incluidos en la lista no hay solo nombres conocidos, sino que lo importante es haber contado con firmas poco conocidas para acercarlas a los turistas. \u00abLa arquitectura son espacios para habitar y para ser vivido, hay que estudiarlo para entender cosas, pero si te acercas das un paseo y miras, con eso ya te llega\u00bb, ha concluido Maro\u00f1o.<\/p>\n","protected":false},"excerpt":{"rendered":"<p>La Diputaci\u00f3n de Pontevedra ha presentado este jueves en la Feria Internacional del Turismo Fitur 2016 la ruta &#8216;Arquitectura contempor\u00e1nea en las R\u00edas Baixas&#8217;, un recorrido basado en el patrimonio que aportan edificios contempor\u00e1neos de toda la provincia y que se presenta como un nuevo reclamo para atraer turistas y como complemento creativo a los<\/p>\n","protected":false},"author":1,"featured_media":61649,"comment_status":"open","ping_status":"closed","sticky":false,"template":"","format":"standard","meta":{"footnotes":""},"categories":[224],"tags":[],"class_list":{"0":"post-61648","1":"post","2":"type-post","3":"status-publish","4":"format-standard","5":"has-post-thumbnail","7":"category-noticias-actualidad"},"aioseo_notices":[],"aioseo_head":"\n\t\t<!-- All in One SEO Pro 4.9.6.1 - aioseo.com -->\n\t<meta name=\"description\" content=\"La Diputaci\u00f3n de Pontevedra ha presentado este jueves en la Feria Internacional del Turismo Fitur 2016 la ruta &#039;Arquitectura contempor\u00e1nea en las R\u00edas Baixas&#039;, un recorrido basado en el patrimonio que aportan edificios contempor\u00e1neos de toda la provincia y que se presenta como un nuevo reclamo para atraer turistas y como complemento creativo a los\" \/>\n\t<meta name=\"robots\" content=\"max-image-preview:large\" \/>\n\t<meta name=\"author\" content=\"admin\"\/>\n\t<meta name=\"google-site-verification\" content=\"UA-38556648-1\" \/>\n\t<meta name=\"keywords\" content=\"noticias y actualidad\" \/>\n\t<link rel=\"canonical\" href=\"https:\/\/eldigitaldeasturias.com\/magazine365\/pontevedra-activa-una-ruta-basada-en-la-arquitectura-contemporanea-que-complementa-sus-atractivos-turisticos\/\" \/>\n\t<meta name=\"generator\" content=\"All in One SEO Pro (AIOSEO) 4.9.6.1\" \/>\n\t\t<meta property=\"og:locale\" content=\"es_ES\" \/>\n\t\t<meta property=\"og:site_name\" content=\"El Digital de Asturias \u2013 Revista de ocio, turismo y estilo de vida\" \/>\n\t\t<meta property=\"og:type\" content=\"article\" \/>\n\t\t<meta property=\"og:title\" content=\"Pontevedra activa una ruta basada en la arquitectura contempor\u00e1nea que complementa sus atractivos tur\u00edsticos | El Digital de Asturias\" \/>\n\t\t<meta property=\"og:description\" content=\"La Diputaci\u00f3n de Pontevedra ha presentado este jueves en la Feria Internacional del Turismo Fitur 2016 la ruta &#039;Arquitectura contempor\u00e1nea en las R\u00edas Baixas&#039;, un recorrido basado en el patrimonio que aportan edificios contempor\u00e1neos de toda la provincia y que se presenta como un nuevo reclamo para atraer turistas y como complemento creativo a los\" \/>\n\t\t<meta property=\"og:url\" content=\"https:\/\/eldigitaldeasturias.com\/magazine365\/pontevedra-activa-una-ruta-basada-en-la-arquitectura-contemporanea-que-complementa-sus-atractivos-turisticos\/\" \/>\n\t\t<meta property=\"og:image\" content=\"https:\/\/eldigitaldeasturias.com\/magazine365\/wp-content\/uploads\/2016\/01\/fotonoticia_20160121153107_800.jpg\" \/>\n\t\t<meta property=\"og:image:secure_url\" content=\"https:\/\/eldigitaldeasturias.com\/magazine365\/wp-content\/uploads\/2016\/01\/fotonoticia_20160121153107_800.jpg\" \/>\n\t\t<meta property=\"og:image:width\" content=\"800\" \/>\n\t\t<meta property=\"og:image:height\" content=\"450\" \/>\n\t\t<meta property=\"article:published_time\" content=\"2016-01-23T10:57:13+00:00\" \/>\n\t\t<meta property=\"article:modified_time\" content=\"2016-01-23T10:57:13+00:00\" \/>\n\t\t<meta name=\"twitter:card\" content=\"summary_large_image\" \/>\n\t\t<meta name=\"twitter:title\" content=\"Pontevedra activa una ruta basada en la arquitectura contempor\u00e1nea que complementa sus atractivos tur\u00edsticos | El Digital de Asturias\" \/>\n\t\t<meta name=\"twitter:description\" content=\"La Diputaci\u00f3n de Pontevedra ha presentado este jueves en la Feria Internacional del Turismo Fitur 2016 la ruta &#039;Arquitectura contempor\u00e1nea en las R\u00edas Baixas&#039;, un recorrido basado en el patrimonio que aportan edificios contempor\u00e1neos de toda la provincia y que se presenta como un nuevo reclamo para atraer turistas y como complemento creativo a los\" \/>\n\t\t<meta name=\"twitter:image\" content=\"https:\/\/eldigitaldeasturias.com\/magazine365\/wp-content\/uploads\/2016\/01\/fotonoticia_20160121153107_800.jpg\" \/>\n\t\t<script type=\"application\/ld+json\" class=\"aioseo-schema\">\n\t\t\t{\"@context\":\"https:\\\/\\\/schema.org\",\"@graph\":[{\"@type\":\"Article\",\"@id\":\"https:\\\/\\\/eldigitaldeasturias.com\\\/magazine365\\\/pontevedra-activa-una-ruta-basada-en-la-arquitectura-contemporanea-que-complementa-sus-atractivos-turisticos\\\/#article\",\"name\":\"Pontevedra activa una ruta basada en la arquitectura contempor\\u00e1nea que complementa sus atractivos tur\\u00edsticos | El Digital de Asturias\",\"headline\":\"Pontevedra activa una ruta basada en la arquitectura contempor\\u00e1nea que complementa sus atractivos tur\\u00edsticos\",\"author\":{\"@id\":\"https:\\\/\\\/eldigitaldeasturias.com\\\/magazine365\\\/author\\\/admin\\\/#author\"},\"publisher\":{\"@id\":\"https:\\\/\\\/eldigitaldeasturias.com\\\/magazine365\\\/#organization\"},\"image\":{\"@type\":\"ImageObject\",\"url\":\"https:\\\/\\\/eldigitaldeasturias.com\\\/magazine365\\\/wp-content\\\/uploads\\\/2016\\\/01\\\/fotonoticia_20160121153107_800.jpg\",\"width\":800,\"height\":450},\"datePublished\":\"2016-01-23T11:57:13+01:00\",\"dateModified\":\"2016-01-23T11:57:13+01:00\",\"inLanguage\":\"es-ES\",\"mainEntityOfPage\":{\"@id\":\"https:\\\/\\\/eldigitaldeasturias.com\\\/magazine365\\\/pontevedra-activa-una-ruta-basada-en-la-arquitectura-contemporanea-que-complementa-sus-atractivos-turisticos\\\/#webpage\"},\"isPartOf\":{\"@id\":\"https:\\\/\\\/eldigitaldeasturias.com\\\/magazine365\\\/pontevedra-activa-una-ruta-basada-en-la-arquitectura-contemporanea-que-complementa-sus-atractivos-turisticos\\\/#webpage\"},\"articleSection\":\"Noticias y Actualidad\"},{\"@type\":\"BreadcrumbList\",\"@id\":\"https:\\\/\\\/eldigitaldeasturias.com\\\/magazine365\\\/pontevedra-activa-una-ruta-basada-en-la-arquitectura-contemporanea-que-complementa-sus-atractivos-turisticos\\\/#breadcrumblist\",\"itemListElement\":[{\"@type\":\"ListItem\",\"@id\":\"https:\\\/\\\/eldigitaldeasturias.com\\\/magazine365#listItem\",\"position\":1,\"name\":\"Home\",\"item\":\"https:\\\/\\\/eldigitaldeasturias.com\\\/magazine365\",\"nextItem\":{\"@type\":\"ListItem\",\"@id\":\"https:\\\/\\\/eldigitaldeasturias.com\\\/magazine365\\\/category\\\/noticias-actualidad\\\/#listItem\",\"name\":\"Noticias y Actualidad\"}},{\"@type\":\"ListItem\",\"@id\":\"https:\\\/\\\/eldigitaldeasturias.com\\\/magazine365\\\/category\\\/noticias-actualidad\\\/#listItem\",\"position\":2,\"name\":\"Noticias y Actualidad\",\"item\":\"https:\\\/\\\/eldigitaldeasturias.com\\\/magazine365\\\/category\\\/noticias-actualidad\\\/\",\"nextItem\":{\"@type\":\"ListItem\",\"@id\":\"https:\\\/\\\/eldigitaldeasturias.com\\\/magazine365\\\/pontevedra-activa-una-ruta-basada-en-la-arquitectura-contemporanea-que-complementa-sus-atractivos-turisticos\\\/#listItem\",\"name\":\"Pontevedra activa una ruta basada en la arquitectura contempor\\u00e1nea que complementa sus atractivos tur\\u00edsticos\"},\"previousItem\":{\"@type\":\"ListItem\",\"@id\":\"https:\\\/\\\/eldigitaldeasturias.com\\\/magazine365#listItem\",\"name\":\"Home\"}},{\"@type\":\"ListItem\",\"@id\":\"https:\\\/\\\/eldigitaldeasturias.com\\\/magazine365\\\/pontevedra-activa-una-ruta-basada-en-la-arquitectura-contemporanea-que-complementa-sus-atractivos-turisticos\\\/#listItem\",\"position\":3,\"name\":\"Pontevedra activa una ruta basada en la arquitectura contempor\\u00e1nea que complementa sus atractivos tur\\u00edsticos\",\"previousItem\":{\"@type\":\"ListItem\",\"@id\":\"https:\\\/\\\/eldigitaldeasturias.com\\\/magazine365\\\/category\\\/noticias-actualidad\\\/#listItem\",\"name\":\"Noticias y Actualidad\"}}]},{\"@type\":\"Organization\",\"@id\":\"https:\\\/\\\/eldigitaldeasturias.com\\\/magazine365\\\/#organization\",\"name\":\"El digital de Asturias\",\"description\":\"Revista de ocio, turismo y estilo de vida\",\"url\":\"https:\\\/\\\/eldigitaldeasturias.com\\\/magazine365\\\/\",\"logo\":{\"@type\":\"ImageObject\",\"url\":\"https:\\\/\\\/www.eldigitaldeasturias.com\\\/noticias\\\/wp-content\\\/uploads\\\/2020\\\/12\\\/EDA.jpg\",\"@id\":\"https:\\\/\\\/eldigitaldeasturias.com\\\/magazine365\\\/pontevedra-activa-una-ruta-basada-en-la-arquitectura-contemporanea-que-complementa-sus-atractivos-turisticos\\\/#organizationLogo\"},\"image\":{\"@id\":\"https:\\\/\\\/eldigitaldeasturias.com\\\/magazine365\\\/pontevedra-activa-una-ruta-basada-en-la-arquitectura-contemporanea-que-complementa-sus-atractivos-turisticos\\\/#organizationLogo\"}},{\"@type\":\"Person\",\"@id\":\"https:\\\/\\\/eldigitaldeasturias.com\\\/magazine365\\\/author\\\/admin\\\/#author\",\"url\":\"https:\\\/\\\/eldigitaldeasturias.com\\\/magazine365\\\/author\\\/admin\\\/\",\"name\":\"admin\",\"image\":{\"@type\":\"ImageObject\",\"@id\":\"https:\\\/\\\/eldigitaldeasturias.com\\\/magazine365\\\/pontevedra-activa-una-ruta-basada-en-la-arquitectura-contemporanea-que-complementa-sus-atractivos-turisticos\\\/#authorImage\",\"url\":\"https:\\\/\\\/eldigitaldeasturias.com\\\/magazine365\\\/wp-content\\\/litespeed\\\/avatar\\\/e571bcf59a0edd6fa6838245a470f2fe.jpg?ver=1776969259\",\"width\":96,\"height\":96,\"caption\":\"admin\"}},{\"@type\":\"WebPage\",\"@id\":\"https:\\\/\\\/eldigitaldeasturias.com\\\/magazine365\\\/pontevedra-activa-una-ruta-basada-en-la-arquitectura-contemporanea-que-complementa-sus-atractivos-turisticos\\\/#webpage\",\"url\":\"https:\\\/\\\/eldigitaldeasturias.com\\\/magazine365\\\/pontevedra-activa-una-ruta-basada-en-la-arquitectura-contemporanea-que-complementa-sus-atractivos-turisticos\\\/\",\"name\":\"Pontevedra activa una ruta basada en la arquitectura contempor\\u00e1nea que complementa sus atractivos tur\\u00edsticos | El Digital de Asturias\",\"description\":\"La Diputaci\\u00f3n de Pontevedra ha presentado este jueves en la Feria Internacional del Turismo Fitur 2016 la ruta 'Arquitectura contempor\\u00e1nea en las R\\u00edas Baixas', un recorrido basado en el patrimonio que aportan edificios contempor\\u00e1neos de toda la provincia y que se presenta como un nuevo reclamo para atraer turistas y como complemento creativo a los\",\"inLanguage\":\"es-ES\",\"isPartOf\":{\"@id\":\"https:\\\/\\\/eldigitaldeasturias.com\\\/magazine365\\\/#website\"},\"breadcrumb\":{\"@id\":\"https:\\\/\\\/eldigitaldeasturias.com\\\/magazine365\\\/pontevedra-activa-una-ruta-basada-en-la-arquitectura-contemporanea-que-complementa-sus-atractivos-turisticos\\\/#breadcrumblist\"},\"author\":{\"@id\":\"https:\\\/\\\/eldigitaldeasturias.com\\\/magazine365\\\/author\\\/admin\\\/#author\"},\"creator\":{\"@id\":\"https:\\\/\\\/eldigitaldeasturias.com\\\/magazine365\\\/author\\\/admin\\\/#author\"},\"image\":{\"@type\":\"ImageObject\",\"url\":\"https:\\\/\\\/eldigitaldeasturias.com\\\/magazine365\\\/wp-content\\\/uploads\\\/2016\\\/01\\\/fotonoticia_20160121153107_800.jpg\",\"@id\":\"https:\\\/\\\/eldigitaldeasturias.com\\\/magazine365\\\/pontevedra-activa-una-ruta-basada-en-la-arquitectura-contemporanea-que-complementa-sus-atractivos-turisticos\\\/#mainImage\",\"width\":800,\"height\":450},\"primaryImageOfPage\":{\"@id\":\"https:\\\/\\\/eldigitaldeasturias.com\\\/magazine365\\\/pontevedra-activa-una-ruta-basada-en-la-arquitectura-contemporanea-que-complementa-sus-atractivos-turisticos\\\/#mainImage\"},\"datePublished\":\"2016-01-23T11:57:13+01:00\",\"dateModified\":\"2016-01-23T11:57:13+01:00\"},{\"@type\":\"WebSite\",\"@id\":\"https:\\\/\\\/eldigitaldeasturias.com\\\/magazine365\\\/#website\",\"url\":\"https:\\\/\\\/eldigitaldeasturias.com\\\/magazine365\\\/\",\"name\":\"El Digital de Asturias\",\"description\":\"Revista de ocio, turismo y estilo de vida\",\"inLanguage\":\"es-ES\",\"publisher\":{\"@id\":\"https:\\\/\\\/eldigitaldeasturias.com\\\/magazine365\\\/#organization\"}}]}\n\t\t<\/script>\n\t\t<!-- All in One SEO Pro -->\r\n\t\t<title>Pontevedra activa una ruta basada en la arquitectura contempor\u00e1nea que complementa sus atractivos tur\u00edsticos | El Digital de Asturias<\/title>\n\n","aioseo_head_json":{"title":"Pontevedra activa una ruta basada en la arquitectura contempor\u00e1nea que complementa sus atractivos tur\u00edsticos | El Digital de Asturias","description":"La Diputaci\u00f3n de Pontevedra ha presentado este jueves en la Feria Internacional del Turismo Fitur 2016 la ruta 'Arquitectura contempor\u00e1nea en las R\u00edas Baixas', un recorrido basado en el patrimonio que aportan edificios contempor\u00e1neos de toda la provincia y que se presenta como un nuevo reclamo para atraer turistas y como complemento creativo a los","canonical_url":"https:\/\/eldigitaldeasturias.com\/magazine365\/pontevedra-activa-una-ruta-basada-en-la-arquitectura-contemporanea-que-complementa-sus-atractivos-turisticos\/","robots":"max-image-preview:large","keywords":"noticias y actualidad","webmasterTools":{"google-site-verification":"UA-38556648-1","miscellaneous":""},"schema":{"@context":"https:\/\/schema.org","@graph":[{"@type":"Article","@id":"https:\/\/eldigitaldeasturias.com\/magazine365\/pontevedra-activa-una-ruta-basada-en-la-arquitectura-contemporanea-que-complementa-sus-atractivos-turisticos\/#article","name":"Pontevedra activa una ruta basada en la arquitectura contempor\u00e1nea que complementa sus atractivos tur\u00edsticos | El Digital de Asturias","headline":"Pontevedra activa una ruta basada en la arquitectura contempor\u00e1nea que complementa sus atractivos tur\u00edsticos","author":{"@id":"https:\/\/eldigitaldeasturias.com\/magazine365\/author\/admin\/#author"},"publisher":{"@id":"https:\/\/eldigitaldeasturias.com\/magazine365\/#organization"},"image":{"@type":"ImageObject","url":"https:\/\/eldigitaldeasturias.com\/magazine365\/wp-content\/uploads\/2016\/01\/fotonoticia_20160121153107_800.jpg","width":800,"height":450},"datePublished":"2016-01-23T11:57:13+01:00","dateModified":"2016-01-23T11:57:13+01:00","inLanguage":"es-ES","mainEntityOfPage":{"@id":"https:\/\/eldigitaldeasturias.com\/magazine365\/pontevedra-activa-una-ruta-basada-en-la-arquitectura-contemporanea-que-complementa-sus-atractivos-turisticos\/#webpage"},"isPartOf":{"@id":"https:\/\/eldigitaldeasturias.com\/magazine365\/pontevedra-activa-una-ruta-basada-en-la-arquitectura-contemporanea-que-complementa-sus-atractivos-turisticos\/#webpage"},"articleSection":"Noticias y Actualidad"},{"@type":"BreadcrumbList","@id":"https:\/\/eldigitaldeasturias.com\/magazine365\/pontevedra-activa-una-ruta-basada-en-la-arquitectura-contemporanea-que-complementa-sus-atractivos-turisticos\/#breadcrumblist","itemListElement":[{"@type":"ListItem","@id":"https:\/\/eldigitaldeasturias.com\/magazine365#listItem","position":1,"name":"Home","item":"https:\/\/eldigitaldeasturias.com\/magazine365","nextItem":{"@type":"ListItem","@id":"https:\/\/eldigitaldeasturias.com\/magazine365\/category\/noticias-actualidad\/#listItem","name":"Noticias y Actualidad"}},{"@type":"ListItem","@id":"https:\/\/eldigitaldeasturias.com\/magazine365\/category\/noticias-actualidad\/#listItem","position":2,"name":"Noticias y Actualidad","item":"https:\/\/eldigitaldeasturias.com\/magazine365\/category\/noticias-actualidad\/","nextItem":{"@type":"ListItem","@id":"https:\/\/eldigitaldeasturias.com\/magazine365\/pontevedra-activa-una-ruta-basada-en-la-arquitectura-contemporanea-que-complementa-sus-atractivos-turisticos\/#listItem","name":"Pontevedra activa una ruta basada en la arquitectura contempor\u00e1nea que complementa sus atractivos tur\u00edsticos"},"previousItem":{"@type":"ListItem","@id":"https:\/\/eldigitaldeasturias.com\/magazine365#listItem","name":"Home"}},{"@type":"ListItem","@id":"https:\/\/eldigitaldeasturias.com\/magazine365\/pontevedra-activa-una-ruta-basada-en-la-arquitectura-contemporanea-que-complementa-sus-atractivos-turisticos\/#listItem","position":3,"name":"Pontevedra activa una ruta basada en la arquitectura contempor\u00e1nea que complementa sus atractivos tur\u00edsticos","previousItem":{"@type":"ListItem","@id":"https:\/\/eldigitaldeasturias.com\/magazine365\/category\/noticias-actualidad\/#listItem","name":"Noticias y Actualidad"}}]},{"@type":"Organization","@id":"https:\/\/eldigitaldeasturias.com\/magazine365\/#organization","name":"El digital de Asturias","description":"Revista de ocio, turismo y estilo de vida","url":"https:\/\/eldigitaldeasturias.com\/magazine365\/","logo":{"@type":"ImageObject","url":"https:\/\/www.eldigitaldeasturias.com\/noticias\/wp-content\/uploads\/2020\/12\/EDA.jpg","@id":"https:\/\/eldigitaldeasturias.com\/magazine365\/pontevedra-activa-una-ruta-basada-en-la-arquitectura-contemporanea-que-complementa-sus-atractivos-turisticos\/#organizationLogo"},"image":{"@id":"https:\/\/eldigitaldeasturias.com\/magazine365\/pontevedra-activa-una-ruta-basada-en-la-arquitectura-contemporanea-que-complementa-sus-atractivos-turisticos\/#organizationLogo"}},{"@type":"Person","@id":"https:\/\/eldigitaldeasturias.com\/magazine365\/author\/admin\/#author","url":"https:\/\/eldigitaldeasturias.com\/magazine365\/author\/admin\/","name":"admin","image":{"@type":"ImageObject","@id":"https:\/\/eldigitaldeasturias.com\/magazine365\/pontevedra-activa-una-ruta-basada-en-la-arquitectura-contemporanea-que-complementa-sus-atractivos-turisticos\/#authorImage","url":"https:\/\/eldigitaldeasturias.com\/magazine365\/wp-content\/litespeed\/avatar\/e571bcf59a0edd6fa6838245a470f2fe.jpg?ver=1776969259","width":96,"height":96,"caption":"admin"}},{"@type":"WebPage","@id":"https:\/\/eldigitaldeasturias.com\/magazine365\/pontevedra-activa-una-ruta-basada-en-la-arquitectura-contemporanea-que-complementa-sus-atractivos-turisticos\/#webpage","url":"https:\/\/eldigitaldeasturias.com\/magazine365\/pontevedra-activa-una-ruta-basada-en-la-arquitectura-contemporanea-que-complementa-sus-atractivos-turisticos\/","name":"Pontevedra activa una ruta basada en la arquitectura contempor\u00e1nea que complementa sus atractivos tur\u00edsticos | El Digital de Asturias","description":"La Diputaci\u00f3n de Pontevedra ha presentado este jueves en la Feria Internacional del Turismo Fitur 2016 la ruta 'Arquitectura contempor\u00e1nea en las R\u00edas Baixas', un recorrido basado en el patrimonio que aportan edificios contempor\u00e1neos de toda la provincia y que se presenta como un nuevo reclamo para atraer turistas y como complemento creativo a los","inLanguage":"es-ES","isPartOf":{"@id":"https:\/\/eldigitaldeasturias.com\/magazine365\/#website"},"breadcrumb":{"@id":"https:\/\/eldigitaldeasturias.com\/magazine365\/pontevedra-activa-una-ruta-basada-en-la-arquitectura-contemporanea-que-complementa-sus-atractivos-turisticos\/#breadcrumblist"},"author":{"@id":"https:\/\/eldigitaldeasturias.com\/magazine365\/author\/admin\/#author"},"creator":{"@id":"https:\/\/eldigitaldeasturias.com\/magazine365\/author\/admin\/#author"},"image":{"@type":"ImageObject","url":"https:\/\/eldigitaldeasturias.com\/magazine365\/wp-content\/uploads\/2016\/01\/fotonoticia_20160121153107_800.jpg","@id":"https:\/\/eldigitaldeasturias.com\/magazine365\/pontevedra-activa-una-ruta-basada-en-la-arquitectura-contemporanea-que-complementa-sus-atractivos-turisticos\/#mainImage","width":800,"height":450},"primaryImageOfPage":{"@id":"https:\/\/eldigitaldeasturias.com\/magazine365\/pontevedra-activa-una-ruta-basada-en-la-arquitectura-contemporanea-que-complementa-sus-atractivos-turisticos\/#mainImage"},"datePublished":"2016-01-23T11:57:13+01:00","dateModified":"2016-01-23T11:57:13+01:00"},{"@type":"WebSite","@id":"https:\/\/eldigitaldeasturias.com\/magazine365\/#website","url":"https:\/\/eldigitaldeasturias.com\/magazine365\/","name":"El Digital de Asturias","description":"Revista de ocio, turismo y estilo de vida","inLanguage":"es-ES","publisher":{"@id":"https:\/\/eldigitaldeasturias.com\/magazine365\/#organization"}}]},"og:locale":"es_ES","og:site_name":"El Digital de Asturias \u2013 Revista de ocio, turismo y estilo de vida","og:type":"article","og:title":"Pontevedra activa una ruta basada en la arquitectura contempor\u00e1nea que complementa sus atractivos tur\u00edsticos | El Digital de Asturias","og:description":"La Diputaci\u00f3n de Pontevedra ha presentado este jueves en la Feria Internacional del Turismo Fitur 2016 la ruta 'Arquitectura contempor\u00e1nea en las R\u00edas Baixas', un recorrido basado en el patrimonio que aportan edificios contempor\u00e1neos de toda la provincia y que se presenta como un nuevo reclamo para atraer turistas y como complemento creativo a los","og:url":"https:\/\/eldigitaldeasturias.com\/magazine365\/pontevedra-activa-una-ruta-basada-en-la-arquitectura-contemporanea-que-complementa-sus-atractivos-turisticos\/","og:image":"https:\/\/eldigitaldeasturias.com\/magazine365\/wp-content\/uploads\/2016\/01\/fotonoticia_20160121153107_800.jpg","og:image:secure_url":"https:\/\/eldigitaldeasturias.com\/magazine365\/wp-content\/uploads\/2016\/01\/fotonoticia_20160121153107_800.jpg","og:image:width":800,"og:image:height":450,"article:published_time":"2016-01-23T10:57:13+00:00","article:modified_time":"2016-01-23T10:57:13+00:00","twitter:card":"summary_large_image","twitter:title":"Pontevedra activa una ruta basada en la arquitectura contempor\u00e1nea que complementa sus atractivos tur\u00edsticos | El Digital de Asturias","twitter:description":"La Diputaci\u00f3n de Pontevedra ha presentado este jueves en la Feria Internacional del Turismo Fitur 2016 la ruta 'Arquitectura contempor\u00e1nea en las R\u00edas Baixas', un recorrido basado en el patrimonio que aportan edificios contempor\u00e1neos de toda la provincia y que se presenta como un nuevo reclamo para atraer turistas y como complemento creativo a los","twitter:image":"https:\/\/eldigitaldeasturias.com\/magazine365\/wp-content\/uploads\/2016\/01\/fotonoticia_20160121153107_800.jpg"},"aioseo_meta_data":{"post_id":"61648","title":null,"description":null,"keywords":null,"keyphrases":null,"primary_term":null,"canonical_url":null,"og_title":null,"og_description":null,"og_object_type":"default","og_image_type":"default","og_image_url":null,"og_image_width":null,"og_image_height":null,"og_image_custom_url":null,"og_image_custom_fields":null,"og_video":null,"og_custom_url":null,"og_article_section":null,"og_article_tags":null,"twitter_use_og":false,"twitter_card":"default","twitter_image_type":"default","twitter_image_url":null,"twitter_image_custom_url":null,"twitter_image_custom_fields":null,"twitter_title":null,"twitter_description":null,"schema":{"blockGraphs":[],"customGraphs":[],"default":{"data":{"Article":[],"Course":[],"Dataset":[],"FAQPage":[],"Movie":[],"Person":[],"Product":[],"ProductReview":[],"Car":[],"Recipe":[],"Service":[],"SoftwareApplication":[],"WebPage":[]},"graphName":"","isEnabled":true},"graphs":[]},"schema_type":null,"schema_type_options":null,"pillar_content":false,"robots_default":true,"robots_noindex":false,"robots_noarchive":false,"robots_nosnippet":false,"robots_nofollow":false,"robots_noimageindex":false,"robots_noodp":false,"robots_notranslate":false,"robots_max_snippet":null,"robots_max_videopreview":null,"robots_max_imagepreview":"large","priority":null,"frequency":null,"location":null,"local_seo":null,"seo_analyzer_scan_date":"2025-09-25 09:24:55","breadcrumb_settings":null,"limit_modified_date":false,"open_ai":null,"ai":null,"created":"2021-03-08 21:46:43","updated":"2025-09-25 09:24:55"},"aioseo_breadcrumb":"<div class=\"aioseo-breadcrumbs\"><span class=\"aioseo-breadcrumb\">\n\t<a href=\"https:\/\/eldigitaldeasturias.com\/magazine365\" title=\"Home\">Home<\/a>\n<\/span><span class=\"aioseo-breadcrumb-separator\">\u2013<\/span><span class=\"aioseo-breadcrumb\">\n\t<a href=\"https:\/\/eldigitaldeasturias.com\/magazine365\/category\/noticias-actualidad\/\" title=\"Noticias y Actualidad\">Noticias y Actualidad<\/a>\n<\/span><span class=\"aioseo-breadcrumb-separator\">\u2013<\/span><span class=\"aioseo-breadcrumb\">\n\t<a href=\"https:\/\/eldigitaldeasturias.com\/magazine365\/pontevedra-activa-una-ruta-basada-en-la-arquitectura-contemporanea-que-complementa-sus-atractivos-turisticos\/\" title=\"Pontevedra activa una ruta basada en la arquitectura contempor\u00e1nea que complementa sus atractivos tur\u00edsticos\">Pontevedra activa una ruta basada en la arquitectura contempor\u00e1nea que complementa sus atractivos tur\u00edsticos<\/a>\n<\/span><\/div>","aioseo_breadcrumb_json":[{"label":"Home","link":"https:\/\/eldigitaldeasturias.com\/magazine365"},{"label":"Noticias y Actualidad","link":"https:\/\/eldigitaldeasturias.com\/magazine365\/category\/noticias-actualidad\/"},{"label":"Pontevedra activa una ruta basada en la arquitectura contempor\u00e1nea que complementa sus atractivos tur\u00edsticos","link":"https:\/\/eldigitaldeasturias.com\/magazine365\/pontevedra-activa-una-ruta-basada-en-la-arquitectura-contemporanea-que-complementa-sus-atractivos-turisticos\/"}],"_links":{"self":[{"href":"https:\/\/eldigitaldeasturias.com\/magazine365\/wp-json\/wp\/v2\/posts\/61648","targetHints":{"allow":["GET"]}}],"collection":[{"href":"https:\/\/eldigitaldeasturias.com\/magazine365\/wp-json\/wp\/v2\/posts"}],"about":[{"href":"https:\/\/eldigitaldeasturias.com\/magazine365\/wp-json\/wp\/v2\/types\/post"}],"author":[{"embeddable":true,"href":"https:\/\/eldigitaldeasturias.com\/magazine365\/wp-json\/wp\/v2\/users\/1"}],"replies":[{"embeddable":true,"href":"https:\/\/eldigitaldeasturias.com\/magazine365\/wp-json\/wp\/v2\/comments?post=61648"}],"version-history":[{"count":0,"href":"https:\/\/eldigitaldeasturias.com\/magazine365\/wp-json\/wp\/v2\/posts\/61648\/revisions"}],"wp:featuredmedia":[{"embeddable":true,"href":"https:\/\/eldigitaldeasturias.com\/magazine365\/wp-json\/wp\/v2\/media\/61649"}],"wp:attachment":[{"href":"https:\/\/eldigitaldeasturias.com\/magazine365\/wp-json\/wp\/v2\/media?parent=61648"}],"wp:term":[{"taxonomy":"category","embeddable":true,"href":"https:\/\/eldigitaldeasturias.com\/magazine365\/wp-json\/wp\/v2\/categories?post=61648"},{"taxonomy":"post_tag","embeddable":true,"href":"https:\/\/eldigitaldeasturias.com\/magazine365\/wp-json\/wp\/v2\/tags?post=61648"}],"curies":[{"name":"wp","href":"https:\/\/api.w.org\/{rel}","templated":true}]}}