{"id":61645,"date":"2016-01-23T11:54:06","date_gmt":"2016-01-23T10:54:06","guid":{"rendered":"http:\/\/eldigitaldeasturias.com\/magazine365\/?p=61645"},"modified":"2016-01-23T11:54:06","modified_gmt":"2016-01-23T10:54:06","slug":"malaga-gastronomy-festival-convertira-a-la-capital-en-referente-internacional-en-abril-y-mayo","status":"publish","type":"post","link":"https:\/\/eldigitaldeasturias.com\/magazine365\/malaga-gastronomy-festival-convertira-a-la-capital-en-referente-internacional-en-abril-y-mayo\/","title":{"rendered":"M\u00e1laga Gastronomy Festival convertir\u00e1 a la capital en referente internacional en abril y mayo"},"content":{"rendered":"<p><img fetchpriority=\"high\" decoding=\"async\" class=\"alignleft size-medium wp-image-61646\" src=\"https:\/\/eldigitaldeasturias.com\/magazine365\/wp-content\/uploads\/2016\/01\/fotonoticia_20160121152525_800-360x270.jpg\" alt=\"fotonoticia_20160121152525_800\" width=\"360\" height=\"270\" srcset=\"https:\/\/eldigitaldeasturias.com\/magazine365\/wp-content\/uploads\/2016\/01\/fotonoticia_20160121152525_800-360x270.jpg 360w, https:\/\/eldigitaldeasturias.com\/magazine365\/wp-content\/uploads\/2016\/01\/fotonoticia_20160121152525_800-650x488.jpg 650w, https:\/\/eldigitaldeasturias.com\/magazine365\/wp-content\/uploads\/2016\/01\/fotonoticia_20160121152525_800-768x576.jpg 768w, https:\/\/eldigitaldeasturias.com\/magazine365\/wp-content\/uploads\/2016\/01\/fotonoticia_20160121152525_800-150x113.jpg 150w, https:\/\/eldigitaldeasturias.com\/magazine365\/wp-content\/uploads\/2016\/01\/fotonoticia_20160121152525_800-450x338.jpg 450w, https:\/\/eldigitaldeasturias.com\/magazine365\/wp-content\/uploads\/2016\/01\/fotonoticia_20160121152525_800-80x60.jpg 80w, https:\/\/eldigitaldeasturias.com\/magazine365\/wp-content\/uploads\/2016\/01\/fotonoticia_20160121152525_800-265x198.jpg 265w, https:\/\/eldigitaldeasturias.com\/magazine365\/wp-content\/uploads\/2016\/01\/fotonoticia_20160121152525_800-696x522.jpg 696w, https:\/\/eldigitaldeasturias.com\/magazine365\/wp-content\/uploads\/2016\/01\/fotonoticia_20160121152525_800-560x420.jpg 560w, https:\/\/eldigitaldeasturias.com\/magazine365\/wp-content\/uploads\/2016\/01\/fotonoticia_20160121152525_800-90x67.jpg 90w, https:\/\/eldigitaldeasturias.com\/magazine365\/wp-content\/uploads\/2016\/01\/fotonoticia_20160121152525_800-164x124.jpg 164w, https:\/\/eldigitaldeasturias.com\/magazine365\/wp-content\/uploads\/2016\/01\/fotonoticia_20160121152525_800-100x75.jpg 100w, https:\/\/eldigitaldeasturias.com\/magazine365\/wp-content\/uploads\/2016\/01\/fotonoticia_20160121152525_800.jpg 800w\" sizes=\"(max-width: 360px) 100vw, 360px\" \/>La tercera edici\u00f3n del M\u00e1laga Gastronomy Festival se celebrar\u00e1 del 29 de abril al 5 de mayo en la provincia de M\u00e1laga. Con un programa que gana en riqueza de actividades y en sedes; el objetivo es convertir a la provincia y la capital malague\u00f1a en referencia gastron\u00f3mica, al tiempo que incrementa el atractivo cultural y tur\u00edstico de la capital de la Costa del Sol.<\/p>\n<p>El presidente de la Diputaci\u00f3n de M\u00e1laga y del Patronato de Turismo de la Costa de Sol, El\u00edas Bendodo; el alcalde de M\u00e1laga, Francisco de la Torre; y el director-gerente de Turismo Andaluz, Javier Carnero, han presentado este jueves en el pabell\u00f3n de Andaluc\u00eda en Fitur este importante evento cultural.<\/p>\n<p>Junto a ellos, destacados cocineros malague\u00f1os estrella Michelin de la talla de Jos\u00e9 Carlos Garc\u00eda, Diego Gallegos, Diego del R\u00edo o Luis Olarra, entre otros, han mostrado su apoyo al festival gastron\u00f3mico que, seg\u00fan sus promotores, \u00abpretende instalarse como una de las principales citas gastron\u00f3micas del pa\u00eds, consolidando a M\u00e1laga en destino gastron\u00f3mico del sur de Espa\u00f1a\u00bb.<\/p>\n<p>As\u00ed, para la edici\u00f3n de este a\u00f1o se espera alcanzar los 50.000 visitantes, superando as\u00ed los 35.000 que el pasado a\u00f1o participaron en alguna de las actividades culturales y visitaron La Marina Street Food con sus diferentes espacios gastron\u00f3micos y &#8216;showcookings&#8217;.<\/p>\n<p>Entre las principales novedades destaca el notable incremento de las actividades previstas en los seis espacios culturales &#8211;plaza de la Marina, Cine Alb\u00e9niz, Museo Carmen Thyssen, Museo Piccaso M\u00e1laga, Museo del Vino, Museo Interactivo de la M\u00fasica y Museo de Artes Populares&#8211;, as\u00ed como en numerosos restaurantes y establecimientos gourmet de la provincia.<\/p>\n<p>As\u00ed, se pondr\u00e1 en marcha un Aula de Gastronom\u00eda en la que importantes cocineros impartir\u00e1n talleres &#8211;inscripci\u00f3n previa&#8211; a grupos reducidos y se llevar\u00e1 a cabo la exposici\u00f3n &#8216;Gastroesculturas&#8217; del artista madrile\u00f1o Sergio Montoya.<\/p>\n<p>Adem\u00e1s, tendr\u00e1 lugar el tercer Festival de Cine Gastron\u00f3mico &#8216;Cinema Cocina&#8217; y se celebrar\u00e1n &#8216;show cooking&#8217; de cocineros de prestigio en &#8216;La Marina Street Food&#8217; &#8211;del 5 al 8 de mayo&#8211; donde 14 reconocidos restaurantes ofrecer\u00e1n sus productos a pie de plaza y se repetir\u00e1n acciones como un ronqueo de at\u00fan rojo de almadraba, cursos de cocina con los protagonistas del programa de televisi\u00f3n Masterchef Jr. o un taller de fotograf\u00eda gastron\u00f3mica titulado &#8216;Tu plato es la estrella&#8217;, entre otras diversas actividades.<\/p>\n<p>DOS A\u00d1OS DE CRECIMIENTO<\/p>\n<p>La primera edici\u00f3n del M\u00e1laga Gastronomy Festival se celebr\u00f3 en distintos municipios de la provincia de M\u00e1laga en 2014, aunque tuvo como escenario final el Palacio de Ferias y Congresos de la capital malague\u00f1a.<\/p>\n<p>El pasado a\u00f1o, con su actual denominaci\u00f3n, se traslad\u00f3 al centro de M\u00e1laga estrenando La Marina Street Food en la que se desarrollaron 17 acciones en el escenario montado para la ocasi\u00f3n, junto a otras 19 acciones celebradas en otros escenarios de la ciudad.<\/p>\n<p>En total se vendieron 32.400 elaboraciones y participaron 35.000 personas. La segunda edici\u00f3n del M\u00e1laga Gastronomy Festival se cerr\u00f3 con 7,5 millones de impactos en televisi\u00f3n, radio, prensa e internet.<\/p>\n<p>PASARELA LARIOS<\/p>\n<p>Por otro lado, De la Torre ha presentado tambi\u00e9n este jueves la sexta edici\u00f3n de Pasarela Larios M\u00e1laga Fashion Week en el estand del Ayuntamiento de la capital. El alcalde ha destacado el gran impacto que ha supuesto este evento en el sector tur\u00edstico de M\u00e1laga.<\/p>\n<p>La directora de la pasarela, Mar\u00eda Jos\u00e9 Gonz\u00e1lez, ha anunciado que la nueva edici\u00f3n tendr\u00e1 una duraci\u00f3n de tres d\u00edas, una jornada m\u00e1s que en a\u00f1os anteriores. M\u00e1s de 15.000 personas se congregaron en 2015 cada d\u00eda para presenciar los desfiles en directo.<\/p>\n","protected":false},"excerpt":{"rendered":"<p>La tercera edici\u00f3n del M\u00e1laga Gastronomy Festival se celebrar\u00e1 del 29 de abril al 5 de mayo en la provincia de M\u00e1laga. Con un programa que gana en riqueza de actividades y en sedes; el objetivo es convertir a la provincia y la capital malague\u00f1a en referencia gastron\u00f3mica, al tiempo que incrementa el atractivo cultural<\/p>\n","protected":false},"author":1,"featured_media":61646,"comment_status":"open","ping_status":"closed","sticky":false,"template":"","format":"standard","meta":{"footnotes":""},"categories":[224],"tags":[],"class_list":{"0":"post-61645","1":"post","2":"type-post","3":"status-publish","4":"format-standard","5":"has-post-thumbnail","7":"category-noticias-actualidad"},"aioseo_notices":[],"aioseo_head":"\n\t\t<!-- All in One SEO Pro 4.9.6.1 - aioseo.com -->\n\t<meta name=\"description\" content=\"La tercera edici\u00f3n del M\u00e1laga Gastronomy Festival se celebrar\u00e1 del 29 de abril al 5 de mayo en la provincia de M\u00e1laga. Con un programa que gana en riqueza de actividades y en sedes; el objetivo es convertir a la provincia y la capital malague\u00f1a en referencia gastron\u00f3mica, al tiempo que incrementa el atractivo cultural\" \/>\n\t<meta name=\"robots\" content=\"max-image-preview:large\" \/>\n\t<meta name=\"author\" content=\"admin\"\/>\n\t<meta name=\"google-site-verification\" content=\"UA-38556648-1\" \/>\n\t<meta name=\"keywords\" content=\"noticias y actualidad\" \/>\n\t<link rel=\"canonical\" href=\"https:\/\/eldigitaldeasturias.com\/magazine365\/malaga-gastronomy-festival-convertira-a-la-capital-en-referente-internacional-en-abril-y-mayo\/\" \/>\n\t<meta name=\"generator\" content=\"All in One SEO Pro (AIOSEO) 4.9.6.1\" \/>\n\t\t<meta property=\"og:locale\" content=\"es_ES\" \/>\n\t\t<meta property=\"og:site_name\" content=\"El Digital de Asturias \u2013 Revista de ocio, turismo y estilo de vida\" \/>\n\t\t<meta property=\"og:type\" content=\"article\" \/>\n\t\t<meta property=\"og:title\" content=\"M\u00e1laga Gastronomy Festival convertir\u00e1 a la capital en referente internacional en abril y mayo | El Digital de Asturias\" \/>\n\t\t<meta property=\"og:description\" content=\"La tercera edici\u00f3n del M\u00e1laga Gastronomy Festival se celebrar\u00e1 del 29 de abril al 5 de mayo en la provincia de M\u00e1laga. Con un programa que gana en riqueza de actividades y en sedes; el objetivo es convertir a la provincia y la capital malague\u00f1a en referencia gastron\u00f3mica, al tiempo que incrementa el atractivo cultural\" \/>\n\t\t<meta property=\"og:url\" content=\"https:\/\/eldigitaldeasturias.com\/magazine365\/malaga-gastronomy-festival-convertira-a-la-capital-en-referente-internacional-en-abril-y-mayo\/\" \/>\n\t\t<meta property=\"og:image\" content=\"https:\/\/eldigitaldeasturias.com\/magazine365\/wp-content\/uploads\/2016\/01\/fotonoticia_20160121152525_800.jpg\" \/>\n\t\t<meta property=\"og:image:secure_url\" content=\"https:\/\/eldigitaldeasturias.com\/magazine365\/wp-content\/uploads\/2016\/01\/fotonoticia_20160121152525_800.jpg\" \/>\n\t\t<meta property=\"og:image:width\" content=\"800\" \/>\n\t\t<meta property=\"og:image:height\" content=\"600\" \/>\n\t\t<meta property=\"article:published_time\" content=\"2016-01-23T10:54:06+00:00\" \/>\n\t\t<meta property=\"article:modified_time\" content=\"2016-01-23T10:54:06+00:00\" \/>\n\t\t<meta name=\"twitter:card\" content=\"summary_large_image\" \/>\n\t\t<meta name=\"twitter:title\" content=\"M\u00e1laga Gastronomy Festival convertir\u00e1 a la capital en referente internacional en abril y mayo | El Digital de Asturias\" \/>\n\t\t<meta name=\"twitter:description\" content=\"La tercera edici\u00f3n del M\u00e1laga Gastronomy Festival se celebrar\u00e1 del 29 de abril al 5 de mayo en la provincia de M\u00e1laga. Con un programa que gana en riqueza de actividades y en sedes; el objetivo es convertir a la provincia y la capital malague\u00f1a en referencia gastron\u00f3mica, al tiempo que incrementa el atractivo cultural\" \/>\n\t\t<meta name=\"twitter:image\" content=\"https:\/\/eldigitaldeasturias.com\/magazine365\/wp-content\/uploads\/2016\/01\/fotonoticia_20160121152525_800.jpg\" \/>\n\t\t<script type=\"application\/ld+json\" class=\"aioseo-schema\">\n\t\t\t{\"@context\":\"https:\\\/\\\/schema.org\",\"@graph\":[{\"@type\":\"Article\",\"@id\":\"https:\\\/\\\/eldigitaldeasturias.com\\\/magazine365\\\/malaga-gastronomy-festival-convertira-a-la-capital-en-referente-internacional-en-abril-y-mayo\\\/#article\",\"name\":\"M\\u00e1laga Gastronomy Festival convertir\\u00e1 a la capital en referente internacional en abril y mayo | El Digital de Asturias\",\"headline\":\"M\\u00e1laga Gastronomy Festival convertir\\u00e1 a la capital en referente internacional en abril y mayo\",\"author\":{\"@id\":\"https:\\\/\\\/eldigitaldeasturias.com\\\/magazine365\\\/author\\\/admin\\\/#author\"},\"publisher\":{\"@id\":\"https:\\\/\\\/eldigitaldeasturias.com\\\/magazine365\\\/#organization\"},\"image\":{\"@type\":\"ImageObject\",\"url\":\"https:\\\/\\\/eldigitaldeasturias.com\\\/magazine365\\\/wp-content\\\/uploads\\\/2016\\\/01\\\/fotonoticia_20160121152525_800.jpg\",\"width\":800,\"height\":600},\"datePublished\":\"2016-01-23T11:54:06+01:00\",\"dateModified\":\"2016-01-23T11:54:06+01:00\",\"inLanguage\":\"es-ES\",\"mainEntityOfPage\":{\"@id\":\"https:\\\/\\\/eldigitaldeasturias.com\\\/magazine365\\\/malaga-gastronomy-festival-convertira-a-la-capital-en-referente-internacional-en-abril-y-mayo\\\/#webpage\"},\"isPartOf\":{\"@id\":\"https:\\\/\\\/eldigitaldeasturias.com\\\/magazine365\\\/malaga-gastronomy-festival-convertira-a-la-capital-en-referente-internacional-en-abril-y-mayo\\\/#webpage\"},\"articleSection\":\"Noticias y Actualidad\"},{\"@type\":\"BreadcrumbList\",\"@id\":\"https:\\\/\\\/eldigitaldeasturias.com\\\/magazine365\\\/malaga-gastronomy-festival-convertira-a-la-capital-en-referente-internacional-en-abril-y-mayo\\\/#breadcrumblist\",\"itemListElement\":[{\"@type\":\"ListItem\",\"@id\":\"https:\\\/\\\/eldigitaldeasturias.com\\\/magazine365#listItem\",\"position\":1,\"name\":\"Home\",\"item\":\"https:\\\/\\\/eldigitaldeasturias.com\\\/magazine365\",\"nextItem\":{\"@type\":\"ListItem\",\"@id\":\"https:\\\/\\\/eldigitaldeasturias.com\\\/magazine365\\\/category\\\/noticias-actualidad\\\/#listItem\",\"name\":\"Noticias y Actualidad\"}},{\"@type\":\"ListItem\",\"@id\":\"https:\\\/\\\/eldigitaldeasturias.com\\\/magazine365\\\/category\\\/noticias-actualidad\\\/#listItem\",\"position\":2,\"name\":\"Noticias y Actualidad\",\"item\":\"https:\\\/\\\/eldigitaldeasturias.com\\\/magazine365\\\/category\\\/noticias-actualidad\\\/\",\"nextItem\":{\"@type\":\"ListItem\",\"@id\":\"https:\\\/\\\/eldigitaldeasturias.com\\\/magazine365\\\/malaga-gastronomy-festival-convertira-a-la-capital-en-referente-internacional-en-abril-y-mayo\\\/#listItem\",\"name\":\"M\\u00e1laga Gastronomy Festival convertir\\u00e1 a la capital en referente internacional en abril y mayo\"},\"previousItem\":{\"@type\":\"ListItem\",\"@id\":\"https:\\\/\\\/eldigitaldeasturias.com\\\/magazine365#listItem\",\"name\":\"Home\"}},{\"@type\":\"ListItem\",\"@id\":\"https:\\\/\\\/eldigitaldeasturias.com\\\/magazine365\\\/malaga-gastronomy-festival-convertira-a-la-capital-en-referente-internacional-en-abril-y-mayo\\\/#listItem\",\"position\":3,\"name\":\"M\\u00e1laga Gastronomy Festival convertir\\u00e1 a la capital en referente internacional en abril y mayo\",\"previousItem\":{\"@type\":\"ListItem\",\"@id\":\"https:\\\/\\\/eldigitaldeasturias.com\\\/magazine365\\\/category\\\/noticias-actualidad\\\/#listItem\",\"name\":\"Noticias y Actualidad\"}}]},{\"@type\":\"Organization\",\"@id\":\"https:\\\/\\\/eldigitaldeasturias.com\\\/magazine365\\\/#organization\",\"name\":\"El digital de Asturias\",\"description\":\"Revista de ocio, turismo y estilo de vida\",\"url\":\"https:\\\/\\\/eldigitaldeasturias.com\\\/magazine365\\\/\",\"logo\":{\"@type\":\"ImageObject\",\"url\":\"https:\\\/\\\/www.eldigitaldeasturias.com\\\/noticias\\\/wp-content\\\/uploads\\\/2020\\\/12\\\/EDA.jpg\",\"@id\":\"https:\\\/\\\/eldigitaldeasturias.com\\\/magazine365\\\/malaga-gastronomy-festival-convertira-a-la-capital-en-referente-internacional-en-abril-y-mayo\\\/#organizationLogo\"},\"image\":{\"@id\":\"https:\\\/\\\/eldigitaldeasturias.com\\\/magazine365\\\/malaga-gastronomy-festival-convertira-a-la-capital-en-referente-internacional-en-abril-y-mayo\\\/#organizationLogo\"}},{\"@type\":\"Person\",\"@id\":\"https:\\\/\\\/eldigitaldeasturias.com\\\/magazine365\\\/author\\\/admin\\\/#author\",\"url\":\"https:\\\/\\\/eldigitaldeasturias.com\\\/magazine365\\\/author\\\/admin\\\/\",\"name\":\"admin\",\"image\":{\"@type\":\"ImageObject\",\"@id\":\"https:\\\/\\\/eldigitaldeasturias.com\\\/magazine365\\\/malaga-gastronomy-festival-convertira-a-la-capital-en-referente-internacional-en-abril-y-mayo\\\/#authorImage\",\"url\":\"https:\\\/\\\/eldigitaldeasturias.com\\\/magazine365\\\/wp-content\\\/litespeed\\\/avatar\\\/e571bcf59a0edd6fa6838245a470f2fe.jpg?ver=1776969259\",\"width\":96,\"height\":96,\"caption\":\"admin\"}},{\"@type\":\"WebPage\",\"@id\":\"https:\\\/\\\/eldigitaldeasturias.com\\\/magazine365\\\/malaga-gastronomy-festival-convertira-a-la-capital-en-referente-internacional-en-abril-y-mayo\\\/#webpage\",\"url\":\"https:\\\/\\\/eldigitaldeasturias.com\\\/magazine365\\\/malaga-gastronomy-festival-convertira-a-la-capital-en-referente-internacional-en-abril-y-mayo\\\/\",\"name\":\"M\\u00e1laga Gastronomy Festival convertir\\u00e1 a la capital en referente internacional en abril y mayo | El Digital de Asturias\",\"description\":\"La tercera edici\\u00f3n del M\\u00e1laga Gastronomy Festival se celebrar\\u00e1 del 29 de abril al 5 de mayo en la provincia de M\\u00e1laga. Con un programa que gana en riqueza de actividades y en sedes; el objetivo es convertir a la provincia y la capital malague\\u00f1a en referencia gastron\\u00f3mica, al tiempo que incrementa el atractivo cultural\",\"inLanguage\":\"es-ES\",\"isPartOf\":{\"@id\":\"https:\\\/\\\/eldigitaldeasturias.com\\\/magazine365\\\/#website\"},\"breadcrumb\":{\"@id\":\"https:\\\/\\\/eldigitaldeasturias.com\\\/magazine365\\\/malaga-gastronomy-festival-convertira-a-la-capital-en-referente-internacional-en-abril-y-mayo\\\/#breadcrumblist\"},\"author\":{\"@id\":\"https:\\\/\\\/eldigitaldeasturias.com\\\/magazine365\\\/author\\\/admin\\\/#author\"},\"creator\":{\"@id\":\"https:\\\/\\\/eldigitaldeasturias.com\\\/magazine365\\\/author\\\/admin\\\/#author\"},\"image\":{\"@type\":\"ImageObject\",\"url\":\"https:\\\/\\\/eldigitaldeasturias.com\\\/magazine365\\\/wp-content\\\/uploads\\\/2016\\\/01\\\/fotonoticia_20160121152525_800.jpg\",\"@id\":\"https:\\\/\\\/eldigitaldeasturias.com\\\/magazine365\\\/malaga-gastronomy-festival-convertira-a-la-capital-en-referente-internacional-en-abril-y-mayo\\\/#mainImage\",\"width\":800,\"height\":600},\"primaryImageOfPage\":{\"@id\":\"https:\\\/\\\/eldigitaldeasturias.com\\\/magazine365\\\/malaga-gastronomy-festival-convertira-a-la-capital-en-referente-internacional-en-abril-y-mayo\\\/#mainImage\"},\"datePublished\":\"2016-01-23T11:54:06+01:00\",\"dateModified\":\"2016-01-23T11:54:06+01:00\"},{\"@type\":\"WebSite\",\"@id\":\"https:\\\/\\\/eldigitaldeasturias.com\\\/magazine365\\\/#website\",\"url\":\"https:\\\/\\\/eldigitaldeasturias.com\\\/magazine365\\\/\",\"name\":\"El Digital de Asturias\",\"description\":\"Revista de ocio, turismo y estilo de vida\",\"inLanguage\":\"es-ES\",\"publisher\":{\"@id\":\"https:\\\/\\\/eldigitaldeasturias.com\\\/magazine365\\\/#organization\"}}]}\n\t\t<\/script>\n\t\t<!-- All in One SEO Pro -->\r\n\t\t<title>M\u00e1laga Gastronomy Festival convertir\u00e1 a la capital en referente internacional en abril y mayo | El Digital de Asturias<\/title>\n\n","aioseo_head_json":{"title":"M\u00e1laga Gastronomy Festival convertir\u00e1 a la capital en referente internacional en abril y mayo | El Digital de Asturias","description":"La tercera edici\u00f3n del M\u00e1laga Gastronomy Festival se celebrar\u00e1 del 29 de abril al 5 de mayo en la provincia de M\u00e1laga. Con un programa que gana en riqueza de actividades y en sedes; el objetivo es convertir a la provincia y la capital malague\u00f1a en referencia gastron\u00f3mica, al tiempo que incrementa el atractivo cultural","canonical_url":"https:\/\/eldigitaldeasturias.com\/magazine365\/malaga-gastronomy-festival-convertira-a-la-capital-en-referente-internacional-en-abril-y-mayo\/","robots":"max-image-preview:large","keywords":"noticias y actualidad","webmasterTools":{"google-site-verification":"UA-38556648-1","miscellaneous":""},"schema":{"@context":"https:\/\/schema.org","@graph":[{"@type":"Article","@id":"https:\/\/eldigitaldeasturias.com\/magazine365\/malaga-gastronomy-festival-convertira-a-la-capital-en-referente-internacional-en-abril-y-mayo\/#article","name":"M\u00e1laga Gastronomy Festival convertir\u00e1 a la capital en referente internacional en abril y mayo | El Digital de Asturias","headline":"M\u00e1laga Gastronomy Festival convertir\u00e1 a la capital en referente internacional en abril y mayo","author":{"@id":"https:\/\/eldigitaldeasturias.com\/magazine365\/author\/admin\/#author"},"publisher":{"@id":"https:\/\/eldigitaldeasturias.com\/magazine365\/#organization"},"image":{"@type":"ImageObject","url":"https:\/\/eldigitaldeasturias.com\/magazine365\/wp-content\/uploads\/2016\/01\/fotonoticia_20160121152525_800.jpg","width":800,"height":600},"datePublished":"2016-01-23T11:54:06+01:00","dateModified":"2016-01-23T11:54:06+01:00","inLanguage":"es-ES","mainEntityOfPage":{"@id":"https:\/\/eldigitaldeasturias.com\/magazine365\/malaga-gastronomy-festival-convertira-a-la-capital-en-referente-internacional-en-abril-y-mayo\/#webpage"},"isPartOf":{"@id":"https:\/\/eldigitaldeasturias.com\/magazine365\/malaga-gastronomy-festival-convertira-a-la-capital-en-referente-internacional-en-abril-y-mayo\/#webpage"},"articleSection":"Noticias y Actualidad"},{"@type":"BreadcrumbList","@id":"https:\/\/eldigitaldeasturias.com\/magazine365\/malaga-gastronomy-festival-convertira-a-la-capital-en-referente-internacional-en-abril-y-mayo\/#breadcrumblist","itemListElement":[{"@type":"ListItem","@id":"https:\/\/eldigitaldeasturias.com\/magazine365#listItem","position":1,"name":"Home","item":"https:\/\/eldigitaldeasturias.com\/magazine365","nextItem":{"@type":"ListItem","@id":"https:\/\/eldigitaldeasturias.com\/magazine365\/category\/noticias-actualidad\/#listItem","name":"Noticias y Actualidad"}},{"@type":"ListItem","@id":"https:\/\/eldigitaldeasturias.com\/magazine365\/category\/noticias-actualidad\/#listItem","position":2,"name":"Noticias y Actualidad","item":"https:\/\/eldigitaldeasturias.com\/magazine365\/category\/noticias-actualidad\/","nextItem":{"@type":"ListItem","@id":"https:\/\/eldigitaldeasturias.com\/magazine365\/malaga-gastronomy-festival-convertira-a-la-capital-en-referente-internacional-en-abril-y-mayo\/#listItem","name":"M\u00e1laga Gastronomy Festival convertir\u00e1 a la capital en referente internacional en abril y mayo"},"previousItem":{"@type":"ListItem","@id":"https:\/\/eldigitaldeasturias.com\/magazine365#listItem","name":"Home"}},{"@type":"ListItem","@id":"https:\/\/eldigitaldeasturias.com\/magazine365\/malaga-gastronomy-festival-convertira-a-la-capital-en-referente-internacional-en-abril-y-mayo\/#listItem","position":3,"name":"M\u00e1laga Gastronomy Festival convertir\u00e1 a la capital en referente internacional en abril y mayo","previousItem":{"@type":"ListItem","@id":"https:\/\/eldigitaldeasturias.com\/magazine365\/category\/noticias-actualidad\/#listItem","name":"Noticias y Actualidad"}}]},{"@type":"Organization","@id":"https:\/\/eldigitaldeasturias.com\/magazine365\/#organization","name":"El digital de Asturias","description":"Revista de ocio, turismo y estilo de vida","url":"https:\/\/eldigitaldeasturias.com\/magazine365\/","logo":{"@type":"ImageObject","url":"https:\/\/www.eldigitaldeasturias.com\/noticias\/wp-content\/uploads\/2020\/12\/EDA.jpg","@id":"https:\/\/eldigitaldeasturias.com\/magazine365\/malaga-gastronomy-festival-convertira-a-la-capital-en-referente-internacional-en-abril-y-mayo\/#organizationLogo"},"image":{"@id":"https:\/\/eldigitaldeasturias.com\/magazine365\/malaga-gastronomy-festival-convertira-a-la-capital-en-referente-internacional-en-abril-y-mayo\/#organizationLogo"}},{"@type":"Person","@id":"https:\/\/eldigitaldeasturias.com\/magazine365\/author\/admin\/#author","url":"https:\/\/eldigitaldeasturias.com\/magazine365\/author\/admin\/","name":"admin","image":{"@type":"ImageObject","@id":"https:\/\/eldigitaldeasturias.com\/magazine365\/malaga-gastronomy-festival-convertira-a-la-capital-en-referente-internacional-en-abril-y-mayo\/#authorImage","url":"https:\/\/eldigitaldeasturias.com\/magazine365\/wp-content\/litespeed\/avatar\/e571bcf59a0edd6fa6838245a470f2fe.jpg?ver=1776969259","width":96,"height":96,"caption":"admin"}},{"@type":"WebPage","@id":"https:\/\/eldigitaldeasturias.com\/magazine365\/malaga-gastronomy-festival-convertira-a-la-capital-en-referente-internacional-en-abril-y-mayo\/#webpage","url":"https:\/\/eldigitaldeasturias.com\/magazine365\/malaga-gastronomy-festival-convertira-a-la-capital-en-referente-internacional-en-abril-y-mayo\/","name":"M\u00e1laga Gastronomy Festival convertir\u00e1 a la capital en referente internacional en abril y mayo | El Digital de Asturias","description":"La tercera edici\u00f3n del M\u00e1laga Gastronomy Festival se celebrar\u00e1 del 29 de abril al 5 de mayo en la provincia de M\u00e1laga. Con un programa que gana en riqueza de actividades y en sedes; el objetivo es convertir a la provincia y la capital malague\u00f1a en referencia gastron\u00f3mica, al tiempo que incrementa el atractivo cultural","inLanguage":"es-ES","isPartOf":{"@id":"https:\/\/eldigitaldeasturias.com\/magazine365\/#website"},"breadcrumb":{"@id":"https:\/\/eldigitaldeasturias.com\/magazine365\/malaga-gastronomy-festival-convertira-a-la-capital-en-referente-internacional-en-abril-y-mayo\/#breadcrumblist"},"author":{"@id":"https:\/\/eldigitaldeasturias.com\/magazine365\/author\/admin\/#author"},"creator":{"@id":"https:\/\/eldigitaldeasturias.com\/magazine365\/author\/admin\/#author"},"image":{"@type":"ImageObject","url":"https:\/\/eldigitaldeasturias.com\/magazine365\/wp-content\/uploads\/2016\/01\/fotonoticia_20160121152525_800.jpg","@id":"https:\/\/eldigitaldeasturias.com\/magazine365\/malaga-gastronomy-festival-convertira-a-la-capital-en-referente-internacional-en-abril-y-mayo\/#mainImage","width":800,"height":600},"primaryImageOfPage":{"@id":"https:\/\/eldigitaldeasturias.com\/magazine365\/malaga-gastronomy-festival-convertira-a-la-capital-en-referente-internacional-en-abril-y-mayo\/#mainImage"},"datePublished":"2016-01-23T11:54:06+01:00","dateModified":"2016-01-23T11:54:06+01:00"},{"@type":"WebSite","@id":"https:\/\/eldigitaldeasturias.com\/magazine365\/#website","url":"https:\/\/eldigitaldeasturias.com\/magazine365\/","name":"El Digital de Asturias","description":"Revista de ocio, turismo y estilo de vida","inLanguage":"es-ES","publisher":{"@id":"https:\/\/eldigitaldeasturias.com\/magazine365\/#organization"}}]},"og:locale":"es_ES","og:site_name":"El Digital de Asturias \u2013 Revista de ocio, turismo y estilo de vida","og:type":"article","og:title":"M\u00e1laga Gastronomy Festival convertir\u00e1 a la capital en referente internacional en abril y mayo | El Digital de Asturias","og:description":"La tercera edici\u00f3n del M\u00e1laga Gastronomy Festival se celebrar\u00e1 del 29 de abril al 5 de mayo en la provincia de M\u00e1laga. Con un programa que gana en riqueza de actividades y en sedes; el objetivo es convertir a la provincia y la capital malague\u00f1a en referencia gastron\u00f3mica, al tiempo que incrementa el atractivo cultural","og:url":"https:\/\/eldigitaldeasturias.com\/magazine365\/malaga-gastronomy-festival-convertira-a-la-capital-en-referente-internacional-en-abril-y-mayo\/","og:image":"https:\/\/eldigitaldeasturias.com\/magazine365\/wp-content\/uploads\/2016\/01\/fotonoticia_20160121152525_800.jpg","og:image:secure_url":"https:\/\/eldigitaldeasturias.com\/magazine365\/wp-content\/uploads\/2016\/01\/fotonoticia_20160121152525_800.jpg","og:image:width":800,"og:image:height":600,"article:published_time":"2016-01-23T10:54:06+00:00","article:modified_time":"2016-01-23T10:54:06+00:00","twitter:card":"summary_large_image","twitter:title":"M\u00e1laga Gastronomy Festival convertir\u00e1 a la capital en referente internacional en abril y mayo | El Digital de Asturias","twitter:description":"La tercera edici\u00f3n del M\u00e1laga Gastronomy Festival se celebrar\u00e1 del 29 de abril al 5 de mayo en la provincia de M\u00e1laga. Con un programa que gana en riqueza de actividades y en sedes; el objetivo es convertir a la provincia y la capital malague\u00f1a en referencia gastron\u00f3mica, al tiempo que incrementa el atractivo cultural","twitter:image":"https:\/\/eldigitaldeasturias.com\/magazine365\/wp-content\/uploads\/2016\/01\/fotonoticia_20160121152525_800.jpg"},"aioseo_meta_data":{"post_id":"61645","title":null,"description":null,"keywords":null,"keyphrases":null,"primary_term":null,"canonical_url":null,"og_title":null,"og_description":null,"og_object_type":"default","og_image_type":"default","og_image_url":null,"og_image_width":null,"og_image_height":null,"og_image_custom_url":null,"og_image_custom_fields":null,"og_video":null,"og_custom_url":null,"og_article_section":null,"og_article_tags":null,"twitter_use_og":false,"twitter_card":"default","twitter_image_type":"default","twitter_image_url":null,"twitter_image_custom_url":null,"twitter_image_custom_fields":null,"twitter_title":null,"twitter_description":null,"schema":{"blockGraphs":[],"customGraphs":[],"default":{"data":{"Article":[],"Course":[],"Dataset":[],"FAQPage":[],"Movie":[],"Person":[],"Product":[],"ProductReview":[],"Car":[],"Recipe":[],"Service":[],"SoftwareApplication":[],"WebPage":[]},"graphName":"","isEnabled":true},"graphs":[],"defaultGraph":"","defaultPostTypeGraph":""},"schema_type":null,"schema_type_options":null,"pillar_content":false,"robots_default":true,"robots_noindex":false,"robots_noarchive":false,"robots_nosnippet":false,"robots_nofollow":false,"robots_noimageindex":false,"robots_noodp":false,"robots_notranslate":false,"robots_max_snippet":null,"robots_max_videopreview":null,"robots_max_imagepreview":"large","priority":null,"frequency":null,"location":null,"local_seo":null,"seo_analyzer_scan_date":"2025-09-25 09:24:54","breadcrumb_settings":null,"limit_modified_date":false,"open_ai":null,"ai":null,"created":"2021-03-08 21:46:43","updated":"2025-09-25 09:24:54"},"aioseo_breadcrumb":"<div class=\"aioseo-breadcrumbs\"><span class=\"aioseo-breadcrumb\">\n\t<a href=\"https:\/\/eldigitaldeasturias.com\/magazine365\" title=\"Home\">Home<\/a>\n<\/span><span class=\"aioseo-breadcrumb-separator\">\u2013<\/span><span class=\"aioseo-breadcrumb\">\n\t<a href=\"https:\/\/eldigitaldeasturias.com\/magazine365\/category\/noticias-actualidad\/\" title=\"Noticias y Actualidad\">Noticias y Actualidad<\/a>\n<\/span><span class=\"aioseo-breadcrumb-separator\">\u2013<\/span><span class=\"aioseo-breadcrumb\">\n\t<a href=\"https:\/\/eldigitaldeasturias.com\/magazine365\/malaga-gastronomy-festival-convertira-a-la-capital-en-referente-internacional-en-abril-y-mayo\/\" title=\"M\u00e1laga Gastronomy Festival convertir\u00e1 a la capital en referente internacional en abril y mayo\">M\u00e1laga Gastronomy Festival convertir\u00e1 a la capital en referente internacional en abril y mayo<\/a>\n<\/span><\/div>","aioseo_breadcrumb_json":[{"label":"Home","link":"https:\/\/eldigitaldeasturias.com\/magazine365"},{"label":"Noticias y Actualidad","link":"https:\/\/eldigitaldeasturias.com\/magazine365\/category\/noticias-actualidad\/"},{"label":"M\u00e1laga Gastronomy Festival convertir\u00e1 a la capital en referente internacional en abril y mayo","link":"https:\/\/eldigitaldeasturias.com\/magazine365\/malaga-gastronomy-festival-convertira-a-la-capital-en-referente-internacional-en-abril-y-mayo\/"}],"_links":{"self":[{"href":"https:\/\/eldigitaldeasturias.com\/magazine365\/wp-json\/wp\/v2\/posts\/61645","targetHints":{"allow":["GET"]}}],"collection":[{"href":"https:\/\/eldigitaldeasturias.com\/magazine365\/wp-json\/wp\/v2\/posts"}],"about":[{"href":"https:\/\/eldigitaldeasturias.com\/magazine365\/wp-json\/wp\/v2\/types\/post"}],"author":[{"embeddable":true,"href":"https:\/\/eldigitaldeasturias.com\/magazine365\/wp-json\/wp\/v2\/users\/1"}],"replies":[{"embeddable":true,"href":"https:\/\/eldigitaldeasturias.com\/magazine365\/wp-json\/wp\/v2\/comments?post=61645"}],"version-history":[{"count":0,"href":"https:\/\/eldigitaldeasturias.com\/magazine365\/wp-json\/wp\/v2\/posts\/61645\/revisions"}],"wp:featuredmedia":[{"embeddable":true,"href":"https:\/\/eldigitaldeasturias.com\/magazine365\/wp-json\/wp\/v2\/media\/61646"}],"wp:attachment":[{"href":"https:\/\/eldigitaldeasturias.com\/magazine365\/wp-json\/wp\/v2\/media?parent=61645"}],"wp:term":[{"taxonomy":"category","embeddable":true,"href":"https:\/\/eldigitaldeasturias.com\/magazine365\/wp-json\/wp\/v2\/categories?post=61645"},{"taxonomy":"post_tag","embeddable":true,"href":"https:\/\/eldigitaldeasturias.com\/magazine365\/wp-json\/wp\/v2\/tags?post=61645"}],"curies":[{"name":"wp","href":"https:\/\/api.w.org\/{rel}","templated":true}]}}