{"id":61642,"date":"2016-01-23T11:53:03","date_gmt":"2016-01-23T10:53:03","guid":{"rendered":"http:\/\/eldigitaldeasturias.com\/magazine365\/?p=61642"},"modified":"2016-01-23T11:53:03","modified_gmt":"2016-01-23T10:53:03","slug":"la-delegada-de-la-junta-visita-los-expositores-de-mancomunidades-cordobesas","status":"publish","type":"post","link":"https:\/\/eldigitaldeasturias.com\/magazine365\/la-delegada-de-la-junta-visita-los-expositores-de-mancomunidades-cordobesas\/","title":{"rendered":"La delegada de la Junta visita los expositores de mancomunidades cordobesas"},"content":{"rendered":"<p><img fetchpriority=\"high\" decoding=\"async\" class=\"alignleft size-medium wp-image-61643\" src=\"https:\/\/eldigitaldeasturias.com\/magazine365\/wp-content\/uploads\/2016\/01\/fotonoticia_20160121152318_800-360x270.jpg\" alt=\"fotonoticia_20160121152318_800\" width=\"360\" height=\"270\" srcset=\"https:\/\/eldigitaldeasturias.com\/magazine365\/wp-content\/uploads\/2016\/01\/fotonoticia_20160121152318_800-360x270.jpg 360w, https:\/\/eldigitaldeasturias.com\/magazine365\/wp-content\/uploads\/2016\/01\/fotonoticia_20160121152318_800-650x488.jpg 650w, https:\/\/eldigitaldeasturias.com\/magazine365\/wp-content\/uploads\/2016\/01\/fotonoticia_20160121152318_800-768x576.jpg 768w, https:\/\/eldigitaldeasturias.com\/magazine365\/wp-content\/uploads\/2016\/01\/fotonoticia_20160121152318_800-150x113.jpg 150w, https:\/\/eldigitaldeasturias.com\/magazine365\/wp-content\/uploads\/2016\/01\/fotonoticia_20160121152318_800-450x338.jpg 450w, https:\/\/eldigitaldeasturias.com\/magazine365\/wp-content\/uploads\/2016\/01\/fotonoticia_20160121152318_800-80x60.jpg 80w, https:\/\/eldigitaldeasturias.com\/magazine365\/wp-content\/uploads\/2016\/01\/fotonoticia_20160121152318_800-265x198.jpg 265w, https:\/\/eldigitaldeasturias.com\/magazine365\/wp-content\/uploads\/2016\/01\/fotonoticia_20160121152318_800-696x522.jpg 696w, https:\/\/eldigitaldeasturias.com\/magazine365\/wp-content\/uploads\/2016\/01\/fotonoticia_20160121152318_800-560x420.jpg 560w, https:\/\/eldigitaldeasturias.com\/magazine365\/wp-content\/uploads\/2016\/01\/fotonoticia_20160121152318_800-90x67.jpg 90w, https:\/\/eldigitaldeasturias.com\/magazine365\/wp-content\/uploads\/2016\/01\/fotonoticia_20160121152318_800-164x124.jpg 164w, https:\/\/eldigitaldeasturias.com\/magazine365\/wp-content\/uploads\/2016\/01\/fotonoticia_20160121152318_800-100x75.jpg 100w, https:\/\/eldigitaldeasturias.com\/magazine365\/wp-content\/uploads\/2016\/01\/fotonoticia_20160121152318_800.jpg 800w\" sizes=\"(max-width: 360px) 100vw, 360px\" \/>La delegada del Gobierno andaluz en C\u00f3rdoba, Rafi Cresp\u00edn, ha destacado este jueves, durante la visita que ha girado a los estands en Fitur de las mancomunidades cordobesas del Valle del Guadiato, Valle del Guadalquivir y Subb\u00e9tica que \u00abcon Fitur nos encontramos ante la feria m\u00e1s importante del turismo a nivel nacional\u00bb, pues cada a\u00f1o \u00abre\u00fane la oferta de m\u00e1s de 9.000 empresas tur\u00edsticas, 165 pa\u00edses y unos 200.000 visitantes de todo el mundo, entre ellos 120.000 profesionales del turismo\u00bb.<\/p>\n<p>En consecuencia, seg\u00fan ha se\u00f1alado Cresp\u00edn, la presencia de la Junta de Andaluc\u00eda en Fitur 2016 \u00abresponde al objetivo de respaldar un sector determinante para la econom\u00eda andaluza y cordobesa, pues, de hecho, Andaluc\u00eda es l\u00edder indiscutible en el turismo que procede de nuestro pa\u00eds\u00bb y lo que pretende la Junta, respecto a C\u00f3rdoba, es \u00abconsolidar esta primera posici\u00f3n en el mercado nacional y seguir dinamizando el sector, para continuar siendo el destino preferente de los turistas espa\u00f1oles\u00bb.<\/p>\n<p>Adem\u00e1s, ha puesto de manifiesto que \u00abqueremos que esta tendencia positiva del a\u00f1o 2015 vuelva a aportar cifras para el sector del turismo que se traduzcan en generaci\u00f3n de riqueza y empleo de calidad en C\u00f3rdoba y su provincia\u00bb.<\/p>\n<p>La delegada del Gobierno andaluz ha se\u00f1alado que \u00ablos datos de turismo en C\u00f3rdoba ponen de manifiesto que el sector va a m\u00e1s, es una industria al alza y en ello tienen mucho que ver los profesionales del sector que, junto a las administraciones p\u00fablicas, estamos volcados en impulsar acciones que redunden en afianzar el liderazgo del turismo en la econom\u00eda y conseguir est\u00e1ndares de calidad y excelencia en el sector\u00bb.<\/p>\n<p>Seg\u00fan ha indicado la delegada, \u00abde lo que se trata en Fitur es de ayudar a mejorar a\u00fan m\u00e1s nuestras cifras tur\u00edsticas, y facilitar la generaci\u00f3n de negocio por parte de los empresarios del sector\u00bb, teniendo en cuenta que la Feria Internacional del Turismo que se celebra en Madrid \u00abser\u00e1 durante los pr\u00f3ximos d\u00edas el epicentro del comercio tur\u00edstico y el mayor exponente nacional para abrir el destino a nuevos operadores y clientes potenciales\u00bb.<\/p>\n<p>Este a\u00f1o la Junta, seg\u00fan ha recordado Cresp\u00edn, es socio exclusivo de Fitur y \u00abestamos convencidos de que esta acci\u00f3n traer\u00e1 retornos muy positivos para la oferta andaluza, brind\u00e1ndonos la oportunidad de multiplicar nuestra proyecci\u00f3n a todos los niveles\u00bb.<\/p>\n<p>En este sentido, Cresp\u00edn ha se\u00f1alado que \u00abconvertirnos en socios de Fitur no es una acci\u00f3n promocional m\u00e1s, sino una oportunidad \u00fanica que vamos a aprovechar, vinculando la marca Andaluc\u00eda con el mayor punto de encuentro global para profesionales del turismo nacional, la feria l\u00edder para los mercados iberoamericanos y uno de los mayores referentes feriales de todo el mundo\u00bb.<\/p>\n<p>La delegada ha recordado que, desde el Gobierno andaluz, \u00abel consejero del ramo ha presentado recientemente un Plan de acci\u00f3n para este a\u00f1o con un presupuesto de 28 millones y que cuenta con 600 acciones promocionales, que difundir\u00e1 a lo largo de este a\u00f1o el destino Andaluc\u00eda en cerca de 50 mercados en los cinco continentes\u00bb.<\/p>\n<p>Por \u00faltimo, Cresp\u00edn ha agradecido el esfuerzo de los agentes y empresas del sector, profesionales, operadores tur\u00edsticos, as\u00ed como las administraciones provincial, locales, mancomunidades y los principales sectores econ\u00f3micos representados estos d\u00edas en Fitur, \u00abpor el esfuerzo y compromiso que les ha llevado a traer hasta aqu\u00ed una atractiva y original oferta, variada y adecuada a las potencialidades que presenta cada territorio de nuestra provincia\u00bb.<\/p>\n<p>La delegada ha destacado que C\u00f3rdoba \u00ablleva una oferta basada en las potencialidades de cada rinc\u00f3n de nuestra tierra, su gastronom\u00eda, cultura, patrimonio, recursos naturales, a nivel municipal o agrupado en mancomunidades, aprovechando y exprimiendo al m\u00e1ximo los recursos para seguir siendo la comunidad con m\u00e1s turistas nacionales y seguir haciendo hincapi\u00e9 en aspectos relacionados con la calidad y generar una oferta con valor a\u00f1adido\u00bb.<\/p>\n<p>La delegada ha concluido indicando que, \u00aba lo largo de sus 36 ediciones, C\u00f3rdoba y su provincia ha sido capaz de presentar una oferta tur\u00edstica que ha contribuido a consolidar un sector determinante para la econom\u00eda cordobesa y alcanzar exitosas operaciones comerciales en torno a este sector\u00bb.<\/p>\n","protected":false},"excerpt":{"rendered":"<p>La delegada del Gobierno andaluz en C\u00f3rdoba, Rafi Cresp\u00edn, ha destacado este jueves, durante la visita que ha girado a los estands en Fitur de las mancomunidades cordobesas del Valle del Guadiato, Valle del Guadalquivir y Subb\u00e9tica que \u00abcon Fitur nos encontramos ante la feria m\u00e1s importante del turismo a nivel nacional\u00bb, pues cada a\u00f1o<\/p>\n","protected":false},"author":1,"featured_media":61643,"comment_status":"open","ping_status":"closed","sticky":false,"template":"","format":"standard","meta":{"footnotes":""},"categories":[224],"tags":[],"class_list":{"0":"post-61642","1":"post","2":"type-post","3":"status-publish","4":"format-standard","5":"has-post-thumbnail","7":"category-noticias-actualidad"},"aioseo_notices":[],"aioseo_head":"\n\t\t<!-- All in One SEO Pro 4.9.6.1 - aioseo.com -->\n\t<meta name=\"description\" content=\"La delegada del Gobierno andaluz en C\u00f3rdoba, Rafi Cresp\u00edn, ha destacado este jueves, durante la visita que ha girado a los estands en Fitur de las mancomunidades cordobesas del Valle del Guadiato, Valle del Guadalquivir y Subb\u00e9tica que &quot;con Fitur nos encontramos ante la feria m\u00e1s importante del turismo a nivel nacional&quot;, pues cada a\u00f1o\" \/>\n\t<meta name=\"robots\" content=\"max-image-preview:large\" \/>\n\t<meta name=\"author\" content=\"admin\"\/>\n\t<meta name=\"google-site-verification\" content=\"UA-38556648-1\" \/>\n\t<meta name=\"keywords\" content=\"noticias y actualidad\" \/>\n\t<link rel=\"canonical\" href=\"https:\/\/eldigitaldeasturias.com\/magazine365\/la-delegada-de-la-junta-visita-los-expositores-de-mancomunidades-cordobesas\/\" \/>\n\t<meta name=\"generator\" content=\"All in One SEO Pro (AIOSEO) 4.9.6.1\" \/>\n\t\t<meta property=\"og:locale\" content=\"es_ES\" \/>\n\t\t<meta property=\"og:site_name\" content=\"El Digital de Asturias \u2013 Revista de ocio, turismo y estilo de vida\" \/>\n\t\t<meta property=\"og:type\" content=\"article\" \/>\n\t\t<meta property=\"og:title\" content=\"La delegada de la Junta visita los expositores de mancomunidades cordobesas | El Digital de Asturias\" \/>\n\t\t<meta property=\"og:description\" content=\"La delegada del Gobierno andaluz en C\u00f3rdoba, Rafi Cresp\u00edn, ha destacado este jueves, durante la visita que ha girado a los estands en Fitur de las mancomunidades cordobesas del Valle del Guadiato, Valle del Guadalquivir y Subb\u00e9tica que &quot;con Fitur nos encontramos ante la feria m\u00e1s importante del turismo a nivel nacional&quot;, pues cada a\u00f1o\" \/>\n\t\t<meta property=\"og:url\" content=\"https:\/\/eldigitaldeasturias.com\/magazine365\/la-delegada-de-la-junta-visita-los-expositores-de-mancomunidades-cordobesas\/\" \/>\n\t\t<meta property=\"og:image\" content=\"https:\/\/eldigitaldeasturias.com\/magazine365\/wp-content\/uploads\/2016\/01\/fotonoticia_20160121152318_800.jpg\" \/>\n\t\t<meta property=\"og:image:secure_url\" content=\"https:\/\/eldigitaldeasturias.com\/magazine365\/wp-content\/uploads\/2016\/01\/fotonoticia_20160121152318_800.jpg\" \/>\n\t\t<meta property=\"og:image:width\" content=\"800\" \/>\n\t\t<meta property=\"og:image:height\" content=\"600\" \/>\n\t\t<meta property=\"article:published_time\" content=\"2016-01-23T10:53:03+00:00\" \/>\n\t\t<meta property=\"article:modified_time\" content=\"2016-01-23T10:53:03+00:00\" \/>\n\t\t<meta name=\"twitter:card\" content=\"summary_large_image\" \/>\n\t\t<meta name=\"twitter:title\" content=\"La delegada de la Junta visita los expositores de mancomunidades cordobesas | El Digital de Asturias\" \/>\n\t\t<meta name=\"twitter:description\" content=\"La delegada del Gobierno andaluz en C\u00f3rdoba, Rafi Cresp\u00edn, ha destacado este jueves, durante la visita que ha girado a los estands en Fitur de las mancomunidades cordobesas del Valle del Guadiato, Valle del Guadalquivir y Subb\u00e9tica que &quot;con Fitur nos encontramos ante la feria m\u00e1s importante del turismo a nivel nacional&quot;, pues cada a\u00f1o\" \/>\n\t\t<meta name=\"twitter:image\" content=\"https:\/\/eldigitaldeasturias.com\/magazine365\/wp-content\/uploads\/2016\/01\/fotonoticia_20160121152318_800.jpg\" \/>\n\t\t<script type=\"application\/ld+json\" class=\"aioseo-schema\">\n\t\t\t{\"@context\":\"https:\\\/\\\/schema.org\",\"@graph\":[{\"@type\":\"Article\",\"@id\":\"https:\\\/\\\/eldigitaldeasturias.com\\\/magazine365\\\/la-delegada-de-la-junta-visita-los-expositores-de-mancomunidades-cordobesas\\\/#article\",\"name\":\"La delegada de la Junta visita los expositores de mancomunidades cordobesas | El Digital de Asturias\",\"headline\":\"La delegada de la Junta visita los expositores de mancomunidades cordobesas\",\"author\":{\"@id\":\"https:\\\/\\\/eldigitaldeasturias.com\\\/magazine365\\\/author\\\/admin\\\/#author\"},\"publisher\":{\"@id\":\"https:\\\/\\\/eldigitaldeasturias.com\\\/magazine365\\\/#organization\"},\"image\":{\"@type\":\"ImageObject\",\"url\":\"https:\\\/\\\/eldigitaldeasturias.com\\\/magazine365\\\/wp-content\\\/uploads\\\/2016\\\/01\\\/fotonoticia_20160121152318_800.jpg\",\"width\":800,\"height\":600},\"datePublished\":\"2016-01-23T11:53:03+01:00\",\"dateModified\":\"2016-01-23T11:53:03+01:00\",\"inLanguage\":\"es-ES\",\"mainEntityOfPage\":{\"@id\":\"https:\\\/\\\/eldigitaldeasturias.com\\\/magazine365\\\/la-delegada-de-la-junta-visita-los-expositores-de-mancomunidades-cordobesas\\\/#webpage\"},\"isPartOf\":{\"@id\":\"https:\\\/\\\/eldigitaldeasturias.com\\\/magazine365\\\/la-delegada-de-la-junta-visita-los-expositores-de-mancomunidades-cordobesas\\\/#webpage\"},\"articleSection\":\"Noticias y Actualidad\"},{\"@type\":\"BreadcrumbList\",\"@id\":\"https:\\\/\\\/eldigitaldeasturias.com\\\/magazine365\\\/la-delegada-de-la-junta-visita-los-expositores-de-mancomunidades-cordobesas\\\/#breadcrumblist\",\"itemListElement\":[{\"@type\":\"ListItem\",\"@id\":\"https:\\\/\\\/eldigitaldeasturias.com\\\/magazine365#listItem\",\"position\":1,\"name\":\"Home\",\"item\":\"https:\\\/\\\/eldigitaldeasturias.com\\\/magazine365\",\"nextItem\":{\"@type\":\"ListItem\",\"@id\":\"https:\\\/\\\/eldigitaldeasturias.com\\\/magazine365\\\/category\\\/noticias-actualidad\\\/#listItem\",\"name\":\"Noticias y Actualidad\"}},{\"@type\":\"ListItem\",\"@id\":\"https:\\\/\\\/eldigitaldeasturias.com\\\/magazine365\\\/category\\\/noticias-actualidad\\\/#listItem\",\"position\":2,\"name\":\"Noticias y Actualidad\",\"item\":\"https:\\\/\\\/eldigitaldeasturias.com\\\/magazine365\\\/category\\\/noticias-actualidad\\\/\",\"nextItem\":{\"@type\":\"ListItem\",\"@id\":\"https:\\\/\\\/eldigitaldeasturias.com\\\/magazine365\\\/la-delegada-de-la-junta-visita-los-expositores-de-mancomunidades-cordobesas\\\/#listItem\",\"name\":\"La delegada de la Junta visita los expositores de mancomunidades cordobesas\"},\"previousItem\":{\"@type\":\"ListItem\",\"@id\":\"https:\\\/\\\/eldigitaldeasturias.com\\\/magazine365#listItem\",\"name\":\"Home\"}},{\"@type\":\"ListItem\",\"@id\":\"https:\\\/\\\/eldigitaldeasturias.com\\\/magazine365\\\/la-delegada-de-la-junta-visita-los-expositores-de-mancomunidades-cordobesas\\\/#listItem\",\"position\":3,\"name\":\"La delegada de la Junta visita los expositores de mancomunidades cordobesas\",\"previousItem\":{\"@type\":\"ListItem\",\"@id\":\"https:\\\/\\\/eldigitaldeasturias.com\\\/magazine365\\\/category\\\/noticias-actualidad\\\/#listItem\",\"name\":\"Noticias y Actualidad\"}}]},{\"@type\":\"Organization\",\"@id\":\"https:\\\/\\\/eldigitaldeasturias.com\\\/magazine365\\\/#organization\",\"name\":\"El digital de Asturias\",\"description\":\"Revista de ocio, turismo y estilo de vida\",\"url\":\"https:\\\/\\\/eldigitaldeasturias.com\\\/magazine365\\\/\",\"logo\":{\"@type\":\"ImageObject\",\"url\":\"https:\\\/\\\/www.eldigitaldeasturias.com\\\/noticias\\\/wp-content\\\/uploads\\\/2020\\\/12\\\/EDA.jpg\",\"@id\":\"https:\\\/\\\/eldigitaldeasturias.com\\\/magazine365\\\/la-delegada-de-la-junta-visita-los-expositores-de-mancomunidades-cordobesas\\\/#organizationLogo\"},\"image\":{\"@id\":\"https:\\\/\\\/eldigitaldeasturias.com\\\/magazine365\\\/la-delegada-de-la-junta-visita-los-expositores-de-mancomunidades-cordobesas\\\/#organizationLogo\"}},{\"@type\":\"Person\",\"@id\":\"https:\\\/\\\/eldigitaldeasturias.com\\\/magazine365\\\/author\\\/admin\\\/#author\",\"url\":\"https:\\\/\\\/eldigitaldeasturias.com\\\/magazine365\\\/author\\\/admin\\\/\",\"name\":\"admin\",\"image\":{\"@type\":\"ImageObject\",\"@id\":\"https:\\\/\\\/eldigitaldeasturias.com\\\/magazine365\\\/la-delegada-de-la-junta-visita-los-expositores-de-mancomunidades-cordobesas\\\/#authorImage\",\"url\":\"https:\\\/\\\/eldigitaldeasturias.com\\\/magazine365\\\/wp-content\\\/litespeed\\\/avatar\\\/e571bcf59a0edd6fa6838245a470f2fe.jpg?ver=1776969259\",\"width\":96,\"height\":96,\"caption\":\"admin\"}},{\"@type\":\"WebPage\",\"@id\":\"https:\\\/\\\/eldigitaldeasturias.com\\\/magazine365\\\/la-delegada-de-la-junta-visita-los-expositores-de-mancomunidades-cordobesas\\\/#webpage\",\"url\":\"https:\\\/\\\/eldigitaldeasturias.com\\\/magazine365\\\/la-delegada-de-la-junta-visita-los-expositores-de-mancomunidades-cordobesas\\\/\",\"name\":\"La delegada de la Junta visita los expositores de mancomunidades cordobesas | El Digital de Asturias\",\"description\":\"La delegada del Gobierno andaluz en C\\u00f3rdoba, Rafi Cresp\\u00edn, ha destacado este jueves, durante la visita que ha girado a los estands en Fitur de las mancomunidades cordobesas del Valle del Guadiato, Valle del Guadalquivir y Subb\\u00e9tica que \\\"con Fitur nos encontramos ante la feria m\\u00e1s importante del turismo a nivel nacional\\\", pues cada a\\u00f1o\",\"inLanguage\":\"es-ES\",\"isPartOf\":{\"@id\":\"https:\\\/\\\/eldigitaldeasturias.com\\\/magazine365\\\/#website\"},\"breadcrumb\":{\"@id\":\"https:\\\/\\\/eldigitaldeasturias.com\\\/magazine365\\\/la-delegada-de-la-junta-visita-los-expositores-de-mancomunidades-cordobesas\\\/#breadcrumblist\"},\"author\":{\"@id\":\"https:\\\/\\\/eldigitaldeasturias.com\\\/magazine365\\\/author\\\/admin\\\/#author\"},\"creator\":{\"@id\":\"https:\\\/\\\/eldigitaldeasturias.com\\\/magazine365\\\/author\\\/admin\\\/#author\"},\"image\":{\"@type\":\"ImageObject\",\"url\":\"https:\\\/\\\/eldigitaldeasturias.com\\\/magazine365\\\/wp-content\\\/uploads\\\/2016\\\/01\\\/fotonoticia_20160121152318_800.jpg\",\"@id\":\"https:\\\/\\\/eldigitaldeasturias.com\\\/magazine365\\\/la-delegada-de-la-junta-visita-los-expositores-de-mancomunidades-cordobesas\\\/#mainImage\",\"width\":800,\"height\":600},\"primaryImageOfPage\":{\"@id\":\"https:\\\/\\\/eldigitaldeasturias.com\\\/magazine365\\\/la-delegada-de-la-junta-visita-los-expositores-de-mancomunidades-cordobesas\\\/#mainImage\"},\"datePublished\":\"2016-01-23T11:53:03+01:00\",\"dateModified\":\"2016-01-23T11:53:03+01:00\"},{\"@type\":\"WebSite\",\"@id\":\"https:\\\/\\\/eldigitaldeasturias.com\\\/magazine365\\\/#website\",\"url\":\"https:\\\/\\\/eldigitaldeasturias.com\\\/magazine365\\\/\",\"name\":\"El Digital de Asturias\",\"description\":\"Revista de ocio, turismo y estilo de vida\",\"inLanguage\":\"es-ES\",\"publisher\":{\"@id\":\"https:\\\/\\\/eldigitaldeasturias.com\\\/magazine365\\\/#organization\"}}]}\n\t\t<\/script>\n\t\t<!-- All in One SEO Pro -->\r\n\t\t<title>La delegada de la Junta visita los expositores de mancomunidades cordobesas | El Digital de Asturias<\/title>\n\n","aioseo_head_json":{"title":"La delegada de la Junta visita los expositores de mancomunidades cordobesas | El Digital de Asturias","description":"La delegada del Gobierno andaluz en C\u00f3rdoba, Rafi Cresp\u00edn, ha destacado este jueves, durante la visita que ha girado a los estands en Fitur de las mancomunidades cordobesas del Valle del Guadiato, Valle del Guadalquivir y Subb\u00e9tica que \"con Fitur nos encontramos ante la feria m\u00e1s importante del turismo a nivel nacional\", pues cada a\u00f1o","canonical_url":"https:\/\/eldigitaldeasturias.com\/magazine365\/la-delegada-de-la-junta-visita-los-expositores-de-mancomunidades-cordobesas\/","robots":"max-image-preview:large","keywords":"noticias y actualidad","webmasterTools":{"google-site-verification":"UA-38556648-1","miscellaneous":""},"schema":{"@context":"https:\/\/schema.org","@graph":[{"@type":"Article","@id":"https:\/\/eldigitaldeasturias.com\/magazine365\/la-delegada-de-la-junta-visita-los-expositores-de-mancomunidades-cordobesas\/#article","name":"La delegada de la Junta visita los expositores de mancomunidades cordobesas | El Digital de Asturias","headline":"La delegada de la Junta visita los expositores de mancomunidades cordobesas","author":{"@id":"https:\/\/eldigitaldeasturias.com\/magazine365\/author\/admin\/#author"},"publisher":{"@id":"https:\/\/eldigitaldeasturias.com\/magazine365\/#organization"},"image":{"@type":"ImageObject","url":"https:\/\/eldigitaldeasturias.com\/magazine365\/wp-content\/uploads\/2016\/01\/fotonoticia_20160121152318_800.jpg","width":800,"height":600},"datePublished":"2016-01-23T11:53:03+01:00","dateModified":"2016-01-23T11:53:03+01:00","inLanguage":"es-ES","mainEntityOfPage":{"@id":"https:\/\/eldigitaldeasturias.com\/magazine365\/la-delegada-de-la-junta-visita-los-expositores-de-mancomunidades-cordobesas\/#webpage"},"isPartOf":{"@id":"https:\/\/eldigitaldeasturias.com\/magazine365\/la-delegada-de-la-junta-visita-los-expositores-de-mancomunidades-cordobesas\/#webpage"},"articleSection":"Noticias y Actualidad"},{"@type":"BreadcrumbList","@id":"https:\/\/eldigitaldeasturias.com\/magazine365\/la-delegada-de-la-junta-visita-los-expositores-de-mancomunidades-cordobesas\/#breadcrumblist","itemListElement":[{"@type":"ListItem","@id":"https:\/\/eldigitaldeasturias.com\/magazine365#listItem","position":1,"name":"Home","item":"https:\/\/eldigitaldeasturias.com\/magazine365","nextItem":{"@type":"ListItem","@id":"https:\/\/eldigitaldeasturias.com\/magazine365\/category\/noticias-actualidad\/#listItem","name":"Noticias y Actualidad"}},{"@type":"ListItem","@id":"https:\/\/eldigitaldeasturias.com\/magazine365\/category\/noticias-actualidad\/#listItem","position":2,"name":"Noticias y Actualidad","item":"https:\/\/eldigitaldeasturias.com\/magazine365\/category\/noticias-actualidad\/","nextItem":{"@type":"ListItem","@id":"https:\/\/eldigitaldeasturias.com\/magazine365\/la-delegada-de-la-junta-visita-los-expositores-de-mancomunidades-cordobesas\/#listItem","name":"La delegada de la Junta visita los expositores de mancomunidades cordobesas"},"previousItem":{"@type":"ListItem","@id":"https:\/\/eldigitaldeasturias.com\/magazine365#listItem","name":"Home"}},{"@type":"ListItem","@id":"https:\/\/eldigitaldeasturias.com\/magazine365\/la-delegada-de-la-junta-visita-los-expositores-de-mancomunidades-cordobesas\/#listItem","position":3,"name":"La delegada de la Junta visita los expositores de mancomunidades cordobesas","previousItem":{"@type":"ListItem","@id":"https:\/\/eldigitaldeasturias.com\/magazine365\/category\/noticias-actualidad\/#listItem","name":"Noticias y Actualidad"}}]},{"@type":"Organization","@id":"https:\/\/eldigitaldeasturias.com\/magazine365\/#organization","name":"El digital de Asturias","description":"Revista de ocio, turismo y estilo de vida","url":"https:\/\/eldigitaldeasturias.com\/magazine365\/","logo":{"@type":"ImageObject","url":"https:\/\/www.eldigitaldeasturias.com\/noticias\/wp-content\/uploads\/2020\/12\/EDA.jpg","@id":"https:\/\/eldigitaldeasturias.com\/magazine365\/la-delegada-de-la-junta-visita-los-expositores-de-mancomunidades-cordobesas\/#organizationLogo"},"image":{"@id":"https:\/\/eldigitaldeasturias.com\/magazine365\/la-delegada-de-la-junta-visita-los-expositores-de-mancomunidades-cordobesas\/#organizationLogo"}},{"@type":"Person","@id":"https:\/\/eldigitaldeasturias.com\/magazine365\/author\/admin\/#author","url":"https:\/\/eldigitaldeasturias.com\/magazine365\/author\/admin\/","name":"admin","image":{"@type":"ImageObject","@id":"https:\/\/eldigitaldeasturias.com\/magazine365\/la-delegada-de-la-junta-visita-los-expositores-de-mancomunidades-cordobesas\/#authorImage","url":"https:\/\/eldigitaldeasturias.com\/magazine365\/wp-content\/litespeed\/avatar\/e571bcf59a0edd6fa6838245a470f2fe.jpg?ver=1776969259","width":96,"height":96,"caption":"admin"}},{"@type":"WebPage","@id":"https:\/\/eldigitaldeasturias.com\/magazine365\/la-delegada-de-la-junta-visita-los-expositores-de-mancomunidades-cordobesas\/#webpage","url":"https:\/\/eldigitaldeasturias.com\/magazine365\/la-delegada-de-la-junta-visita-los-expositores-de-mancomunidades-cordobesas\/","name":"La delegada de la Junta visita los expositores de mancomunidades cordobesas | El Digital de Asturias","description":"La delegada del Gobierno andaluz en C\u00f3rdoba, Rafi Cresp\u00edn, ha destacado este jueves, durante la visita que ha girado a los estands en Fitur de las mancomunidades cordobesas del Valle del Guadiato, Valle del Guadalquivir y Subb\u00e9tica que \"con Fitur nos encontramos ante la feria m\u00e1s importante del turismo a nivel nacional\", pues cada a\u00f1o","inLanguage":"es-ES","isPartOf":{"@id":"https:\/\/eldigitaldeasturias.com\/magazine365\/#website"},"breadcrumb":{"@id":"https:\/\/eldigitaldeasturias.com\/magazine365\/la-delegada-de-la-junta-visita-los-expositores-de-mancomunidades-cordobesas\/#breadcrumblist"},"author":{"@id":"https:\/\/eldigitaldeasturias.com\/magazine365\/author\/admin\/#author"},"creator":{"@id":"https:\/\/eldigitaldeasturias.com\/magazine365\/author\/admin\/#author"},"image":{"@type":"ImageObject","url":"https:\/\/eldigitaldeasturias.com\/magazine365\/wp-content\/uploads\/2016\/01\/fotonoticia_20160121152318_800.jpg","@id":"https:\/\/eldigitaldeasturias.com\/magazine365\/la-delegada-de-la-junta-visita-los-expositores-de-mancomunidades-cordobesas\/#mainImage","width":800,"height":600},"primaryImageOfPage":{"@id":"https:\/\/eldigitaldeasturias.com\/magazine365\/la-delegada-de-la-junta-visita-los-expositores-de-mancomunidades-cordobesas\/#mainImage"},"datePublished":"2016-01-23T11:53:03+01:00","dateModified":"2016-01-23T11:53:03+01:00"},{"@type":"WebSite","@id":"https:\/\/eldigitaldeasturias.com\/magazine365\/#website","url":"https:\/\/eldigitaldeasturias.com\/magazine365\/","name":"El Digital de Asturias","description":"Revista de ocio, turismo y estilo de vida","inLanguage":"es-ES","publisher":{"@id":"https:\/\/eldigitaldeasturias.com\/magazine365\/#organization"}}]},"og:locale":"es_ES","og:site_name":"El Digital de Asturias \u2013 Revista de ocio, turismo y estilo de vida","og:type":"article","og:title":"La delegada de la Junta visita los expositores de mancomunidades cordobesas | El Digital de Asturias","og:description":"La delegada del Gobierno andaluz en C\u00f3rdoba, Rafi Cresp\u00edn, ha destacado este jueves, durante la visita que ha girado a los estands en Fitur de las mancomunidades cordobesas del Valle del Guadiato, Valle del Guadalquivir y Subb\u00e9tica que &quot;con Fitur nos encontramos ante la feria m\u00e1s importante del turismo a nivel nacional&quot;, pues cada a\u00f1o","og:url":"https:\/\/eldigitaldeasturias.com\/magazine365\/la-delegada-de-la-junta-visita-los-expositores-de-mancomunidades-cordobesas\/","og:image":"https:\/\/eldigitaldeasturias.com\/magazine365\/wp-content\/uploads\/2016\/01\/fotonoticia_20160121152318_800.jpg","og:image:secure_url":"https:\/\/eldigitaldeasturias.com\/magazine365\/wp-content\/uploads\/2016\/01\/fotonoticia_20160121152318_800.jpg","og:image:width":800,"og:image:height":600,"article:published_time":"2016-01-23T10:53:03+00:00","article:modified_time":"2016-01-23T10:53:03+00:00","twitter:card":"summary_large_image","twitter:title":"La delegada de la Junta visita los expositores de mancomunidades cordobesas | El Digital de Asturias","twitter:description":"La delegada del Gobierno andaluz en C\u00f3rdoba, Rafi Cresp\u00edn, ha destacado este jueves, durante la visita que ha girado a los estands en Fitur de las mancomunidades cordobesas del Valle del Guadiato, Valle del Guadalquivir y Subb\u00e9tica que &quot;con Fitur nos encontramos ante la feria m\u00e1s importante del turismo a nivel nacional&quot;, pues cada a\u00f1o","twitter:image":"https:\/\/eldigitaldeasturias.com\/magazine365\/wp-content\/uploads\/2016\/01\/fotonoticia_20160121152318_800.jpg"},"aioseo_meta_data":{"post_id":"61642","title":null,"description":null,"keywords":null,"keyphrases":null,"primary_term":null,"canonical_url":null,"og_title":null,"og_description":null,"og_object_type":"default","og_image_type":"default","og_image_url":null,"og_image_width":null,"og_image_height":null,"og_image_custom_url":null,"og_image_custom_fields":null,"og_video":null,"og_custom_url":null,"og_article_section":null,"og_article_tags":null,"twitter_use_og":false,"twitter_card":"default","twitter_image_type":"default","twitter_image_url":null,"twitter_image_custom_url":null,"twitter_image_custom_fields":null,"twitter_title":null,"twitter_description":null,"schema":{"blockGraphs":[],"customGraphs":[],"default":{"data":{"Article":[],"Course":[],"Dataset":[],"FAQPage":[],"Movie":[],"Person":[],"Product":[],"ProductReview":[],"Car":[],"Recipe":[],"Service":[],"SoftwareApplication":[],"WebPage":[]},"graphName":"","isEnabled":true},"graphs":[],"defaultGraph":"","defaultPostTypeGraph":""},"schema_type":null,"schema_type_options":null,"pillar_content":false,"robots_default":true,"robots_noindex":false,"robots_noarchive":false,"robots_nosnippet":false,"robots_nofollow":false,"robots_noimageindex":false,"robots_noodp":false,"robots_notranslate":false,"robots_max_snippet":null,"robots_max_videopreview":null,"robots_max_imagepreview":"large","priority":null,"frequency":null,"location":null,"local_seo":null,"seo_analyzer_scan_date":"2025-09-25 09:24:53","breadcrumb_settings":null,"limit_modified_date":false,"open_ai":null,"ai":null,"created":"2021-03-08 21:46:43","updated":"2025-09-25 09:24:53"},"aioseo_breadcrumb":"<div class=\"aioseo-breadcrumbs\"><span class=\"aioseo-breadcrumb\">\n\t<a href=\"https:\/\/eldigitaldeasturias.com\/magazine365\" title=\"Home\">Home<\/a>\n<\/span><span class=\"aioseo-breadcrumb-separator\">\u2013<\/span><span class=\"aioseo-breadcrumb\">\n\t<a href=\"https:\/\/eldigitaldeasturias.com\/magazine365\/category\/noticias-actualidad\/\" title=\"Noticias y Actualidad\">Noticias y Actualidad<\/a>\n<\/span><span class=\"aioseo-breadcrumb-separator\">\u2013<\/span><span class=\"aioseo-breadcrumb\">\n\t<a href=\"https:\/\/eldigitaldeasturias.com\/magazine365\/la-delegada-de-la-junta-visita-los-expositores-de-mancomunidades-cordobesas\/\" title=\"La delegada de la Junta visita los expositores de mancomunidades cordobesas\">La delegada de la Junta visita los expositores de mancomunidades cordobesas<\/a>\n<\/span><\/div>","aioseo_breadcrumb_json":[{"label":"Home","link":"https:\/\/eldigitaldeasturias.com\/magazine365"},{"label":"Noticias y Actualidad","link":"https:\/\/eldigitaldeasturias.com\/magazine365\/category\/noticias-actualidad\/"},{"label":"La delegada de la Junta visita los expositores de mancomunidades cordobesas","link":"https:\/\/eldigitaldeasturias.com\/magazine365\/la-delegada-de-la-junta-visita-los-expositores-de-mancomunidades-cordobesas\/"}],"_links":{"self":[{"href":"https:\/\/eldigitaldeasturias.com\/magazine365\/wp-json\/wp\/v2\/posts\/61642","targetHints":{"allow":["GET"]}}],"collection":[{"href":"https:\/\/eldigitaldeasturias.com\/magazine365\/wp-json\/wp\/v2\/posts"}],"about":[{"href":"https:\/\/eldigitaldeasturias.com\/magazine365\/wp-json\/wp\/v2\/types\/post"}],"author":[{"embeddable":true,"href":"https:\/\/eldigitaldeasturias.com\/magazine365\/wp-json\/wp\/v2\/users\/1"}],"replies":[{"embeddable":true,"href":"https:\/\/eldigitaldeasturias.com\/magazine365\/wp-json\/wp\/v2\/comments?post=61642"}],"version-history":[{"count":0,"href":"https:\/\/eldigitaldeasturias.com\/magazine365\/wp-json\/wp\/v2\/posts\/61642\/revisions"}],"wp:featuredmedia":[{"embeddable":true,"href":"https:\/\/eldigitaldeasturias.com\/magazine365\/wp-json\/wp\/v2\/media\/61643"}],"wp:attachment":[{"href":"https:\/\/eldigitaldeasturias.com\/magazine365\/wp-json\/wp\/v2\/media?parent=61642"}],"wp:term":[{"taxonomy":"category","embeddable":true,"href":"https:\/\/eldigitaldeasturias.com\/magazine365\/wp-json\/wp\/v2\/categories?post=61642"},{"taxonomy":"post_tag","embeddable":true,"href":"https:\/\/eldigitaldeasturias.com\/magazine365\/wp-json\/wp\/v2\/tags?post=61642"}],"curies":[{"name":"wp","href":"https:\/\/api.w.org\/{rel}","templated":true}]}}