{"id":61639,"date":"2016-01-23T11:50:56","date_gmt":"2016-01-23T10:50:56","guid":{"rendered":"http:\/\/eldigitaldeasturias.com\/magazine365\/?p=61639"},"modified":"2016-01-23T11:50:56","modified_gmt":"2016-01-23T10:50:56","slug":"jorge-lorenzo-pilota-el-nuevo-boeing-787-de-air-europa-en-fitur-2016","status":"publish","type":"post","link":"https:\/\/eldigitaldeasturias.com\/magazine365\/jorge-lorenzo-pilota-el-nuevo-boeing-787-de-air-europa-en-fitur-2016\/","title":{"rendered":"Jorge Lorenzo pilota el nuevo Boeing 787 de Air Europa en Fitur 2016"},"content":{"rendered":"<p><img fetchpriority=\"high\" decoding=\"async\" class=\"alignleft size-medium wp-image-61640\" src=\"https:\/\/eldigitaldeasturias.com\/magazine365\/wp-content\/uploads\/2016\/01\/fotonoticia_20160121151243_800-360x240.jpg\" alt=\"fotonoticia_20160121151243_800\" width=\"360\" height=\"240\" srcset=\"https:\/\/eldigitaldeasturias.com\/magazine365\/wp-content\/uploads\/2016\/01\/fotonoticia_20160121151243_800-360x240.jpg 360w, https:\/\/eldigitaldeasturias.com\/magazine365\/wp-content\/uploads\/2016\/01\/fotonoticia_20160121151243_800-650x434.jpg 650w, https:\/\/eldigitaldeasturias.com\/magazine365\/wp-content\/uploads\/2016\/01\/fotonoticia_20160121151243_800-768x513.jpg 768w, https:\/\/eldigitaldeasturias.com\/magazine365\/wp-content\/uploads\/2016\/01\/fotonoticia_20160121151243_800-150x100.jpg 150w, https:\/\/eldigitaldeasturias.com\/magazine365\/wp-content\/uploads\/2016\/01\/fotonoticia_20160121151243_800-450x300.jpg 450w, https:\/\/eldigitaldeasturias.com\/magazine365\/wp-content\/uploads\/2016\/01\/fotonoticia_20160121151243_800-696x465.jpg 696w, https:\/\/eldigitaldeasturias.com\/magazine365\/wp-content\/uploads\/2016\/01\/fotonoticia_20160121151243_800-629x420.jpg 629w, https:\/\/eldigitaldeasturias.com\/magazine365\/wp-content\/uploads\/2016\/01\/fotonoticia_20160121151243_800-101x66.jpg 101w, https:\/\/eldigitaldeasturias.com\/magazine365\/wp-content\/uploads\/2016\/01\/fotonoticia_20160121151243_800.jpg 800w\" sizes=\"(max-width: 360px) 100vw, 360px\" \/>El tricampe\u00f3n del mundo de moto GP Jorge Lorenzo ha visitado este jueves el stand de Air Europa en Fitur donde ha pilotado un simulador de vuelo el nuevo Boeing 787 de la compa\u00f1\u00eda y ha compartido unos momentos con todas las personas que a lo largo de la ma\u00f1ana han acudido al stand de la aerol\u00ednea.<\/p>\n<p>El presidente de Globalia, Juan Jos\u00e9 Hidalgo, ha acompa\u00f1ado al piloto mallorqu\u00edn durante su visita y le ha explicado los principales hitos y objetivos que persigue la compa\u00f1\u00eda a\u00e9rea y que se han dado a conocer en el marco de la feria internacional de turismo.<\/p>\n<p>Lorenzo ha pilotado, en el simulador del vuelo, el nuevo Boeing 787, cuyos primeros modelos se incorporar\u00e1n a la flota de Air Europa a partir del pr\u00f3ximo mes de marzo y tambi\u00e9n ha probado los asientos &#8216;business&#8217; que incorporan estas aeronaves de tecnolog\u00eda punta.<\/p>\n<p>El campe\u00f3n mundial de moto GP ha recibido tambi\u00e9n de la mano de la directora general de Air Europa, Mar\u00eda Jos\u00e9 Hidalgo, la tarjeta del nuevo programa de fidelizaci\u00f3n SUMA, que fue presentado ayer junto a las empresas asociadas que participan en el proyecto.<\/p>\n","protected":false},"excerpt":{"rendered":"<p>El tricampe\u00f3n del mundo de moto GP Jorge Lorenzo ha visitado este jueves el stand de Air Europa en Fitur donde ha pilotado un simulador de vuelo el nuevo Boeing 787 de la compa\u00f1\u00eda y ha compartido unos momentos con todas las personas que a lo largo de la ma\u00f1ana han acudido al stand de<\/p>\n","protected":false},"author":1,"featured_media":61640,"comment_status":"open","ping_status":"closed","sticky":false,"template":"","format":"standard","meta":{"footnotes":""},"categories":[224],"tags":[],"class_list":{"0":"post-61639","1":"post","2":"type-post","3":"status-publish","4":"format-standard","5":"has-post-thumbnail","7":"category-noticias-actualidad"},"aioseo_notices":[],"aioseo_head":"\n\t\t<!-- All in One SEO Pro 4.9.6.1 - aioseo.com -->\n\t<meta name=\"description\" content=\"El tricampe\u00f3n del mundo de moto GP Jorge Lorenzo ha visitado este jueves el stand de Air Europa en Fitur donde ha pilotado un simulador de vuelo el nuevo Boeing 787 de la compa\u00f1\u00eda y ha compartido unos momentos con todas las personas que a lo largo de la ma\u00f1ana han acudido al stand de\" \/>\n\t<meta name=\"robots\" content=\"max-image-preview:large\" \/>\n\t<meta name=\"author\" content=\"admin\"\/>\n\t<meta name=\"google-site-verification\" content=\"UA-38556648-1\" \/>\n\t<meta name=\"keywords\" content=\"noticias y actualidad\" \/>\n\t<link rel=\"canonical\" href=\"https:\/\/eldigitaldeasturias.com\/magazine365\/jorge-lorenzo-pilota-el-nuevo-boeing-787-de-air-europa-en-fitur-2016\/\" \/>\n\t<meta name=\"generator\" content=\"All in One SEO Pro (AIOSEO) 4.9.6.1\" \/>\n\t\t<meta property=\"og:locale\" content=\"es_ES\" \/>\n\t\t<meta property=\"og:site_name\" content=\"El Digital de Asturias \u2013 Revista de ocio, turismo y estilo de vida\" \/>\n\t\t<meta property=\"og:type\" content=\"article\" \/>\n\t\t<meta property=\"og:title\" content=\"Jorge Lorenzo pilota el nuevo Boeing 787 de Air Europa en Fitur 2016 | El Digital de Asturias\" \/>\n\t\t<meta property=\"og:description\" content=\"El tricampe\u00f3n del mundo de moto GP Jorge Lorenzo ha visitado este jueves el stand de Air Europa en Fitur donde ha pilotado un simulador de vuelo el nuevo Boeing 787 de la compa\u00f1\u00eda y ha compartido unos momentos con todas las personas que a lo largo de la ma\u00f1ana han acudido al stand de\" \/>\n\t\t<meta property=\"og:url\" content=\"https:\/\/eldigitaldeasturias.com\/magazine365\/jorge-lorenzo-pilota-el-nuevo-boeing-787-de-air-europa-en-fitur-2016\/\" \/>\n\t\t<meta property=\"og:image\" content=\"https:\/\/eldigitaldeasturias.com\/magazine365\/wp-content\/uploads\/2016\/01\/fotonoticia_20160121151243_800.jpg\" \/>\n\t\t<meta property=\"og:image:secure_url\" content=\"https:\/\/eldigitaldeasturias.com\/magazine365\/wp-content\/uploads\/2016\/01\/fotonoticia_20160121151243_800.jpg\" \/>\n\t\t<meta property=\"og:image:width\" content=\"800\" \/>\n\t\t<meta property=\"og:image:height\" content=\"534\" \/>\n\t\t<meta property=\"article:published_time\" content=\"2016-01-23T10:50:56+00:00\" \/>\n\t\t<meta property=\"article:modified_time\" content=\"2016-01-23T10:50:56+00:00\" \/>\n\t\t<meta name=\"twitter:card\" content=\"summary_large_image\" \/>\n\t\t<meta name=\"twitter:title\" content=\"Jorge Lorenzo pilota el nuevo Boeing 787 de Air Europa en Fitur 2016 | El Digital de Asturias\" \/>\n\t\t<meta name=\"twitter:description\" content=\"El tricampe\u00f3n del mundo de moto GP Jorge Lorenzo ha visitado este jueves el stand de Air Europa en Fitur donde ha pilotado un simulador de vuelo el nuevo Boeing 787 de la compa\u00f1\u00eda y ha compartido unos momentos con todas las personas que a lo largo de la ma\u00f1ana han acudido al stand de\" \/>\n\t\t<meta name=\"twitter:image\" content=\"https:\/\/eldigitaldeasturias.com\/magazine365\/wp-content\/uploads\/2016\/01\/fotonoticia_20160121151243_800.jpg\" \/>\n\t\t<script type=\"application\/ld+json\" class=\"aioseo-schema\">\n\t\t\t{\"@context\":\"https:\\\/\\\/schema.org\",\"@graph\":[{\"@type\":\"Article\",\"@id\":\"https:\\\/\\\/eldigitaldeasturias.com\\\/magazine365\\\/jorge-lorenzo-pilota-el-nuevo-boeing-787-de-air-europa-en-fitur-2016\\\/#article\",\"name\":\"Jorge Lorenzo pilota el nuevo Boeing 787 de Air Europa en Fitur 2016 | El Digital de Asturias\",\"headline\":\"Jorge Lorenzo pilota el nuevo Boeing 787 de Air Europa en Fitur 2016\",\"author\":{\"@id\":\"https:\\\/\\\/eldigitaldeasturias.com\\\/magazine365\\\/author\\\/admin\\\/#author\"},\"publisher\":{\"@id\":\"https:\\\/\\\/eldigitaldeasturias.com\\\/magazine365\\\/#organization\"},\"image\":{\"@type\":\"ImageObject\",\"url\":\"https:\\\/\\\/eldigitaldeasturias.com\\\/magazine365\\\/wp-content\\\/uploads\\\/2016\\\/01\\\/fotonoticia_20160121151243_800.jpg\",\"width\":800,\"height\":534},\"datePublished\":\"2016-01-23T11:50:56+01:00\",\"dateModified\":\"2016-01-23T11:50:56+01:00\",\"inLanguage\":\"es-ES\",\"mainEntityOfPage\":{\"@id\":\"https:\\\/\\\/eldigitaldeasturias.com\\\/magazine365\\\/jorge-lorenzo-pilota-el-nuevo-boeing-787-de-air-europa-en-fitur-2016\\\/#webpage\"},\"isPartOf\":{\"@id\":\"https:\\\/\\\/eldigitaldeasturias.com\\\/magazine365\\\/jorge-lorenzo-pilota-el-nuevo-boeing-787-de-air-europa-en-fitur-2016\\\/#webpage\"},\"articleSection\":\"Noticias y Actualidad\"},{\"@type\":\"BreadcrumbList\",\"@id\":\"https:\\\/\\\/eldigitaldeasturias.com\\\/magazine365\\\/jorge-lorenzo-pilota-el-nuevo-boeing-787-de-air-europa-en-fitur-2016\\\/#breadcrumblist\",\"itemListElement\":[{\"@type\":\"ListItem\",\"@id\":\"https:\\\/\\\/eldigitaldeasturias.com\\\/magazine365#listItem\",\"position\":1,\"name\":\"Home\",\"item\":\"https:\\\/\\\/eldigitaldeasturias.com\\\/magazine365\",\"nextItem\":{\"@type\":\"ListItem\",\"@id\":\"https:\\\/\\\/eldigitaldeasturias.com\\\/magazine365\\\/category\\\/noticias-actualidad\\\/#listItem\",\"name\":\"Noticias y Actualidad\"}},{\"@type\":\"ListItem\",\"@id\":\"https:\\\/\\\/eldigitaldeasturias.com\\\/magazine365\\\/category\\\/noticias-actualidad\\\/#listItem\",\"position\":2,\"name\":\"Noticias y Actualidad\",\"item\":\"https:\\\/\\\/eldigitaldeasturias.com\\\/magazine365\\\/category\\\/noticias-actualidad\\\/\",\"nextItem\":{\"@type\":\"ListItem\",\"@id\":\"https:\\\/\\\/eldigitaldeasturias.com\\\/magazine365\\\/jorge-lorenzo-pilota-el-nuevo-boeing-787-de-air-europa-en-fitur-2016\\\/#listItem\",\"name\":\"Jorge Lorenzo pilota el nuevo Boeing 787 de Air Europa en Fitur 2016\"},\"previousItem\":{\"@type\":\"ListItem\",\"@id\":\"https:\\\/\\\/eldigitaldeasturias.com\\\/magazine365#listItem\",\"name\":\"Home\"}},{\"@type\":\"ListItem\",\"@id\":\"https:\\\/\\\/eldigitaldeasturias.com\\\/magazine365\\\/jorge-lorenzo-pilota-el-nuevo-boeing-787-de-air-europa-en-fitur-2016\\\/#listItem\",\"position\":3,\"name\":\"Jorge Lorenzo pilota el nuevo Boeing 787 de Air Europa en Fitur 2016\",\"previousItem\":{\"@type\":\"ListItem\",\"@id\":\"https:\\\/\\\/eldigitaldeasturias.com\\\/magazine365\\\/category\\\/noticias-actualidad\\\/#listItem\",\"name\":\"Noticias y Actualidad\"}}]},{\"@type\":\"Organization\",\"@id\":\"https:\\\/\\\/eldigitaldeasturias.com\\\/magazine365\\\/#organization\",\"name\":\"El digital de Asturias\",\"description\":\"Revista de ocio, turismo y estilo de vida\",\"url\":\"https:\\\/\\\/eldigitaldeasturias.com\\\/magazine365\\\/\",\"logo\":{\"@type\":\"ImageObject\",\"url\":\"https:\\\/\\\/www.eldigitaldeasturias.com\\\/noticias\\\/wp-content\\\/uploads\\\/2020\\\/12\\\/EDA.jpg\",\"@id\":\"https:\\\/\\\/eldigitaldeasturias.com\\\/magazine365\\\/jorge-lorenzo-pilota-el-nuevo-boeing-787-de-air-europa-en-fitur-2016\\\/#organizationLogo\"},\"image\":{\"@id\":\"https:\\\/\\\/eldigitaldeasturias.com\\\/magazine365\\\/jorge-lorenzo-pilota-el-nuevo-boeing-787-de-air-europa-en-fitur-2016\\\/#organizationLogo\"}},{\"@type\":\"Person\",\"@id\":\"https:\\\/\\\/eldigitaldeasturias.com\\\/magazine365\\\/author\\\/admin\\\/#author\",\"url\":\"https:\\\/\\\/eldigitaldeasturias.com\\\/magazine365\\\/author\\\/admin\\\/\",\"name\":\"admin\",\"image\":{\"@type\":\"ImageObject\",\"@id\":\"https:\\\/\\\/eldigitaldeasturias.com\\\/magazine365\\\/jorge-lorenzo-pilota-el-nuevo-boeing-787-de-air-europa-en-fitur-2016\\\/#authorImage\",\"url\":\"https:\\\/\\\/eldigitaldeasturias.com\\\/magazine365\\\/wp-content\\\/litespeed\\\/avatar\\\/e571bcf59a0edd6fa6838245a470f2fe.jpg?ver=1776969259\",\"width\":96,\"height\":96,\"caption\":\"admin\"}},{\"@type\":\"WebPage\",\"@id\":\"https:\\\/\\\/eldigitaldeasturias.com\\\/magazine365\\\/jorge-lorenzo-pilota-el-nuevo-boeing-787-de-air-europa-en-fitur-2016\\\/#webpage\",\"url\":\"https:\\\/\\\/eldigitaldeasturias.com\\\/magazine365\\\/jorge-lorenzo-pilota-el-nuevo-boeing-787-de-air-europa-en-fitur-2016\\\/\",\"name\":\"Jorge Lorenzo pilota el nuevo Boeing 787 de Air Europa en Fitur 2016 | El Digital de Asturias\",\"description\":\"El tricampe\\u00f3n del mundo de moto GP Jorge Lorenzo ha visitado este jueves el stand de Air Europa en Fitur donde ha pilotado un simulador de vuelo el nuevo Boeing 787 de la compa\\u00f1\\u00eda y ha compartido unos momentos con todas las personas que a lo largo de la ma\\u00f1ana han acudido al stand de\",\"inLanguage\":\"es-ES\",\"isPartOf\":{\"@id\":\"https:\\\/\\\/eldigitaldeasturias.com\\\/magazine365\\\/#website\"},\"breadcrumb\":{\"@id\":\"https:\\\/\\\/eldigitaldeasturias.com\\\/magazine365\\\/jorge-lorenzo-pilota-el-nuevo-boeing-787-de-air-europa-en-fitur-2016\\\/#breadcrumblist\"},\"author\":{\"@id\":\"https:\\\/\\\/eldigitaldeasturias.com\\\/magazine365\\\/author\\\/admin\\\/#author\"},\"creator\":{\"@id\":\"https:\\\/\\\/eldigitaldeasturias.com\\\/magazine365\\\/author\\\/admin\\\/#author\"},\"image\":{\"@type\":\"ImageObject\",\"url\":\"https:\\\/\\\/eldigitaldeasturias.com\\\/magazine365\\\/wp-content\\\/uploads\\\/2016\\\/01\\\/fotonoticia_20160121151243_800.jpg\",\"@id\":\"https:\\\/\\\/eldigitaldeasturias.com\\\/magazine365\\\/jorge-lorenzo-pilota-el-nuevo-boeing-787-de-air-europa-en-fitur-2016\\\/#mainImage\",\"width\":800,\"height\":534},\"primaryImageOfPage\":{\"@id\":\"https:\\\/\\\/eldigitaldeasturias.com\\\/magazine365\\\/jorge-lorenzo-pilota-el-nuevo-boeing-787-de-air-europa-en-fitur-2016\\\/#mainImage\"},\"datePublished\":\"2016-01-23T11:50:56+01:00\",\"dateModified\":\"2016-01-23T11:50:56+01:00\"},{\"@type\":\"WebSite\",\"@id\":\"https:\\\/\\\/eldigitaldeasturias.com\\\/magazine365\\\/#website\",\"url\":\"https:\\\/\\\/eldigitaldeasturias.com\\\/magazine365\\\/\",\"name\":\"El Digital de Asturias\",\"description\":\"Revista de ocio, turismo y estilo de vida\",\"inLanguage\":\"es-ES\",\"publisher\":{\"@id\":\"https:\\\/\\\/eldigitaldeasturias.com\\\/magazine365\\\/#organization\"}}]}\n\t\t<\/script>\n\t\t<!-- All in One SEO Pro -->\r\n\t\t<title>Jorge Lorenzo pilota el nuevo Boeing 787 de Air Europa en Fitur 2016 | El Digital de Asturias<\/title>\n\n","aioseo_head_json":{"title":"Jorge Lorenzo pilota el nuevo Boeing 787 de Air Europa en Fitur 2016 | El Digital de Asturias","description":"El tricampe\u00f3n del mundo de moto GP Jorge Lorenzo ha visitado este jueves el stand de Air Europa en Fitur donde ha pilotado un simulador de vuelo el nuevo Boeing 787 de la compa\u00f1\u00eda y ha compartido unos momentos con todas las personas que a lo largo de la ma\u00f1ana han acudido al stand de","canonical_url":"https:\/\/eldigitaldeasturias.com\/magazine365\/jorge-lorenzo-pilota-el-nuevo-boeing-787-de-air-europa-en-fitur-2016\/","robots":"max-image-preview:large","keywords":"noticias y actualidad","webmasterTools":{"google-site-verification":"UA-38556648-1","miscellaneous":""},"schema":{"@context":"https:\/\/schema.org","@graph":[{"@type":"Article","@id":"https:\/\/eldigitaldeasturias.com\/magazine365\/jorge-lorenzo-pilota-el-nuevo-boeing-787-de-air-europa-en-fitur-2016\/#article","name":"Jorge Lorenzo pilota el nuevo Boeing 787 de Air Europa en Fitur 2016 | El Digital de Asturias","headline":"Jorge Lorenzo pilota el nuevo Boeing 787 de Air Europa en Fitur 2016","author":{"@id":"https:\/\/eldigitaldeasturias.com\/magazine365\/author\/admin\/#author"},"publisher":{"@id":"https:\/\/eldigitaldeasturias.com\/magazine365\/#organization"},"image":{"@type":"ImageObject","url":"https:\/\/eldigitaldeasturias.com\/magazine365\/wp-content\/uploads\/2016\/01\/fotonoticia_20160121151243_800.jpg","width":800,"height":534},"datePublished":"2016-01-23T11:50:56+01:00","dateModified":"2016-01-23T11:50:56+01:00","inLanguage":"es-ES","mainEntityOfPage":{"@id":"https:\/\/eldigitaldeasturias.com\/magazine365\/jorge-lorenzo-pilota-el-nuevo-boeing-787-de-air-europa-en-fitur-2016\/#webpage"},"isPartOf":{"@id":"https:\/\/eldigitaldeasturias.com\/magazine365\/jorge-lorenzo-pilota-el-nuevo-boeing-787-de-air-europa-en-fitur-2016\/#webpage"},"articleSection":"Noticias y Actualidad"},{"@type":"BreadcrumbList","@id":"https:\/\/eldigitaldeasturias.com\/magazine365\/jorge-lorenzo-pilota-el-nuevo-boeing-787-de-air-europa-en-fitur-2016\/#breadcrumblist","itemListElement":[{"@type":"ListItem","@id":"https:\/\/eldigitaldeasturias.com\/magazine365#listItem","position":1,"name":"Home","item":"https:\/\/eldigitaldeasturias.com\/magazine365","nextItem":{"@type":"ListItem","@id":"https:\/\/eldigitaldeasturias.com\/magazine365\/category\/noticias-actualidad\/#listItem","name":"Noticias y Actualidad"}},{"@type":"ListItem","@id":"https:\/\/eldigitaldeasturias.com\/magazine365\/category\/noticias-actualidad\/#listItem","position":2,"name":"Noticias y Actualidad","item":"https:\/\/eldigitaldeasturias.com\/magazine365\/category\/noticias-actualidad\/","nextItem":{"@type":"ListItem","@id":"https:\/\/eldigitaldeasturias.com\/magazine365\/jorge-lorenzo-pilota-el-nuevo-boeing-787-de-air-europa-en-fitur-2016\/#listItem","name":"Jorge Lorenzo pilota el nuevo Boeing 787 de Air Europa en Fitur 2016"},"previousItem":{"@type":"ListItem","@id":"https:\/\/eldigitaldeasturias.com\/magazine365#listItem","name":"Home"}},{"@type":"ListItem","@id":"https:\/\/eldigitaldeasturias.com\/magazine365\/jorge-lorenzo-pilota-el-nuevo-boeing-787-de-air-europa-en-fitur-2016\/#listItem","position":3,"name":"Jorge Lorenzo pilota el nuevo Boeing 787 de Air Europa en Fitur 2016","previousItem":{"@type":"ListItem","@id":"https:\/\/eldigitaldeasturias.com\/magazine365\/category\/noticias-actualidad\/#listItem","name":"Noticias y Actualidad"}}]},{"@type":"Organization","@id":"https:\/\/eldigitaldeasturias.com\/magazine365\/#organization","name":"El digital de Asturias","description":"Revista de ocio, turismo y estilo de vida","url":"https:\/\/eldigitaldeasturias.com\/magazine365\/","logo":{"@type":"ImageObject","url":"https:\/\/www.eldigitaldeasturias.com\/noticias\/wp-content\/uploads\/2020\/12\/EDA.jpg","@id":"https:\/\/eldigitaldeasturias.com\/magazine365\/jorge-lorenzo-pilota-el-nuevo-boeing-787-de-air-europa-en-fitur-2016\/#organizationLogo"},"image":{"@id":"https:\/\/eldigitaldeasturias.com\/magazine365\/jorge-lorenzo-pilota-el-nuevo-boeing-787-de-air-europa-en-fitur-2016\/#organizationLogo"}},{"@type":"Person","@id":"https:\/\/eldigitaldeasturias.com\/magazine365\/author\/admin\/#author","url":"https:\/\/eldigitaldeasturias.com\/magazine365\/author\/admin\/","name":"admin","image":{"@type":"ImageObject","@id":"https:\/\/eldigitaldeasturias.com\/magazine365\/jorge-lorenzo-pilota-el-nuevo-boeing-787-de-air-europa-en-fitur-2016\/#authorImage","url":"https:\/\/eldigitaldeasturias.com\/magazine365\/wp-content\/litespeed\/avatar\/e571bcf59a0edd6fa6838245a470f2fe.jpg?ver=1776969259","width":96,"height":96,"caption":"admin"}},{"@type":"WebPage","@id":"https:\/\/eldigitaldeasturias.com\/magazine365\/jorge-lorenzo-pilota-el-nuevo-boeing-787-de-air-europa-en-fitur-2016\/#webpage","url":"https:\/\/eldigitaldeasturias.com\/magazine365\/jorge-lorenzo-pilota-el-nuevo-boeing-787-de-air-europa-en-fitur-2016\/","name":"Jorge Lorenzo pilota el nuevo Boeing 787 de Air Europa en Fitur 2016 | El Digital de Asturias","description":"El tricampe\u00f3n del mundo de moto GP Jorge Lorenzo ha visitado este jueves el stand de Air Europa en Fitur donde ha pilotado un simulador de vuelo el nuevo Boeing 787 de la compa\u00f1\u00eda y ha compartido unos momentos con todas las personas que a lo largo de la ma\u00f1ana han acudido al stand de","inLanguage":"es-ES","isPartOf":{"@id":"https:\/\/eldigitaldeasturias.com\/magazine365\/#website"},"breadcrumb":{"@id":"https:\/\/eldigitaldeasturias.com\/magazine365\/jorge-lorenzo-pilota-el-nuevo-boeing-787-de-air-europa-en-fitur-2016\/#breadcrumblist"},"author":{"@id":"https:\/\/eldigitaldeasturias.com\/magazine365\/author\/admin\/#author"},"creator":{"@id":"https:\/\/eldigitaldeasturias.com\/magazine365\/author\/admin\/#author"},"image":{"@type":"ImageObject","url":"https:\/\/eldigitaldeasturias.com\/magazine365\/wp-content\/uploads\/2016\/01\/fotonoticia_20160121151243_800.jpg","@id":"https:\/\/eldigitaldeasturias.com\/magazine365\/jorge-lorenzo-pilota-el-nuevo-boeing-787-de-air-europa-en-fitur-2016\/#mainImage","width":800,"height":534},"primaryImageOfPage":{"@id":"https:\/\/eldigitaldeasturias.com\/magazine365\/jorge-lorenzo-pilota-el-nuevo-boeing-787-de-air-europa-en-fitur-2016\/#mainImage"},"datePublished":"2016-01-23T11:50:56+01:00","dateModified":"2016-01-23T11:50:56+01:00"},{"@type":"WebSite","@id":"https:\/\/eldigitaldeasturias.com\/magazine365\/#website","url":"https:\/\/eldigitaldeasturias.com\/magazine365\/","name":"El Digital de Asturias","description":"Revista de ocio, turismo y estilo de vida","inLanguage":"es-ES","publisher":{"@id":"https:\/\/eldigitaldeasturias.com\/magazine365\/#organization"}}]},"og:locale":"es_ES","og:site_name":"El Digital de Asturias \u2013 Revista de ocio, turismo y estilo de vida","og:type":"article","og:title":"Jorge Lorenzo pilota el nuevo Boeing 787 de Air Europa en Fitur 2016 | El Digital de Asturias","og:description":"El tricampe\u00f3n del mundo de moto GP Jorge Lorenzo ha visitado este jueves el stand de Air Europa en Fitur donde ha pilotado un simulador de vuelo el nuevo Boeing 787 de la compa\u00f1\u00eda y ha compartido unos momentos con todas las personas que a lo largo de la ma\u00f1ana han acudido al stand de","og:url":"https:\/\/eldigitaldeasturias.com\/magazine365\/jorge-lorenzo-pilota-el-nuevo-boeing-787-de-air-europa-en-fitur-2016\/","og:image":"https:\/\/eldigitaldeasturias.com\/magazine365\/wp-content\/uploads\/2016\/01\/fotonoticia_20160121151243_800.jpg","og:image:secure_url":"https:\/\/eldigitaldeasturias.com\/magazine365\/wp-content\/uploads\/2016\/01\/fotonoticia_20160121151243_800.jpg","og:image:width":800,"og:image:height":534,"article:published_time":"2016-01-23T10:50:56+00:00","article:modified_time":"2016-01-23T10:50:56+00:00","twitter:card":"summary_large_image","twitter:title":"Jorge Lorenzo pilota el nuevo Boeing 787 de Air Europa en Fitur 2016 | El Digital de Asturias","twitter:description":"El tricampe\u00f3n del mundo de moto GP Jorge Lorenzo ha visitado este jueves el stand de Air Europa en Fitur donde ha pilotado un simulador de vuelo el nuevo Boeing 787 de la compa\u00f1\u00eda y ha compartido unos momentos con todas las personas que a lo largo de la ma\u00f1ana han acudido al stand de","twitter:image":"https:\/\/eldigitaldeasturias.com\/magazine365\/wp-content\/uploads\/2016\/01\/fotonoticia_20160121151243_800.jpg"},"aioseo_meta_data":{"post_id":"61639","title":null,"description":null,"keywords":null,"keyphrases":null,"primary_term":null,"canonical_url":null,"og_title":null,"og_description":null,"og_object_type":"default","og_image_type":"default","og_image_url":null,"og_image_width":null,"og_image_height":null,"og_image_custom_url":null,"og_image_custom_fields":null,"og_video":null,"og_custom_url":null,"og_article_section":null,"og_article_tags":null,"twitter_use_og":false,"twitter_card":"default","twitter_image_type":"default","twitter_image_url":null,"twitter_image_custom_url":null,"twitter_image_custom_fields":null,"twitter_title":null,"twitter_description":null,"schema":{"blockGraphs":[],"customGraphs":[],"default":{"data":{"Article":[],"Course":[],"Dataset":[],"FAQPage":[],"Movie":[],"Person":[],"Product":[],"ProductReview":[],"Car":[],"Recipe":[],"Service":[],"SoftwareApplication":[],"WebPage":[]},"graphName":"","isEnabled":true},"graphs":[],"defaultGraph":"","defaultPostTypeGraph":""},"schema_type":null,"schema_type_options":null,"pillar_content":false,"robots_default":true,"robots_noindex":false,"robots_noarchive":false,"robots_nosnippet":false,"robots_nofollow":false,"robots_noimageindex":false,"robots_noodp":false,"robots_notranslate":false,"robots_max_snippet":null,"robots_max_videopreview":null,"robots_max_imagepreview":"large","priority":null,"frequency":null,"location":null,"local_seo":null,"seo_analyzer_scan_date":"2025-09-25 09:23:06","breadcrumb_settings":null,"limit_modified_date":false,"open_ai":null,"ai":null,"created":"2021-03-08 21:46:43","updated":"2025-09-25 09:23:06"},"aioseo_breadcrumb":"<div class=\"aioseo-breadcrumbs\"><span class=\"aioseo-breadcrumb\">\n\t<a href=\"https:\/\/eldigitaldeasturias.com\/magazine365\" title=\"Home\">Home<\/a>\n<\/span><span class=\"aioseo-breadcrumb-separator\">\u2013<\/span><span class=\"aioseo-breadcrumb\">\n\t<a href=\"https:\/\/eldigitaldeasturias.com\/magazine365\/category\/noticias-actualidad\/\" title=\"Noticias y Actualidad\">Noticias y Actualidad<\/a>\n<\/span><span class=\"aioseo-breadcrumb-separator\">\u2013<\/span><span class=\"aioseo-breadcrumb\">\n\t<a href=\"https:\/\/eldigitaldeasturias.com\/magazine365\/jorge-lorenzo-pilota-el-nuevo-boeing-787-de-air-europa-en-fitur-2016\/\" title=\"Jorge Lorenzo pilota el nuevo Boeing 787 de Air Europa en Fitur 2016\">Jorge Lorenzo pilota el nuevo Boeing 787 de Air Europa en Fitur 2016<\/a>\n<\/span><\/div>","aioseo_breadcrumb_json":[{"label":"Home","link":"https:\/\/eldigitaldeasturias.com\/magazine365"},{"label":"Noticias y Actualidad","link":"https:\/\/eldigitaldeasturias.com\/magazine365\/category\/noticias-actualidad\/"},{"label":"Jorge Lorenzo pilota el nuevo Boeing 787 de Air Europa en Fitur 2016","link":"https:\/\/eldigitaldeasturias.com\/magazine365\/jorge-lorenzo-pilota-el-nuevo-boeing-787-de-air-europa-en-fitur-2016\/"}],"_links":{"self":[{"href":"https:\/\/eldigitaldeasturias.com\/magazine365\/wp-json\/wp\/v2\/posts\/61639","targetHints":{"allow":["GET"]}}],"collection":[{"href":"https:\/\/eldigitaldeasturias.com\/magazine365\/wp-json\/wp\/v2\/posts"}],"about":[{"href":"https:\/\/eldigitaldeasturias.com\/magazine365\/wp-json\/wp\/v2\/types\/post"}],"author":[{"embeddable":true,"href":"https:\/\/eldigitaldeasturias.com\/magazine365\/wp-json\/wp\/v2\/users\/1"}],"replies":[{"embeddable":true,"href":"https:\/\/eldigitaldeasturias.com\/magazine365\/wp-json\/wp\/v2\/comments?post=61639"}],"version-history":[{"count":0,"href":"https:\/\/eldigitaldeasturias.com\/magazine365\/wp-json\/wp\/v2\/posts\/61639\/revisions"}],"wp:featuredmedia":[{"embeddable":true,"href":"https:\/\/eldigitaldeasturias.com\/magazine365\/wp-json\/wp\/v2\/media\/61640"}],"wp:attachment":[{"href":"https:\/\/eldigitaldeasturias.com\/magazine365\/wp-json\/wp\/v2\/media?parent=61639"}],"wp:term":[{"taxonomy":"category","embeddable":true,"href":"https:\/\/eldigitaldeasturias.com\/magazine365\/wp-json\/wp\/v2\/categories?post=61639"},{"taxonomy":"post_tag","embeddable":true,"href":"https:\/\/eldigitaldeasturias.com\/magazine365\/wp-json\/wp\/v2\/tags?post=61639"}],"curies":[{"name":"wp","href":"https:\/\/api.w.org\/{rel}","templated":true}]}}