{"id":61634,"date":"2016-01-23T11:48:55","date_gmt":"2016-01-23T10:48:55","guid":{"rendered":"http:\/\/eldigitaldeasturias.com\/magazine365\/?p=61634"},"modified":"2016-01-23T11:48:55","modified_gmt":"2016-01-23T10:48:55","slug":"paradores-presenta-un-menu-gastronomico-elaborado-por-mario-sandoval","status":"publish","type":"post","link":"https:\/\/eldigitaldeasturias.com\/magazine365\/paradores-presenta-un-menu-gastronomico-elaborado-por-mario-sandoval\/","title":{"rendered":"Paradores presenta un men\u00fa gastron\u00f3mico elaborado por Mario Sandoval"},"content":{"rendered":"<p><img fetchpriority=\"high\" decoding=\"async\" class=\"alignleft size-medium wp-image-61635\" src=\"https:\/\/eldigitaldeasturias.com\/magazine365\/wp-content\/uploads\/2016\/01\/fotonoticia_20160121150708_800-360x280.jpg\" alt=\"fotonoticia_20160121150708_800\" width=\"360\" height=\"280\" srcset=\"https:\/\/eldigitaldeasturias.com\/magazine365\/wp-content\/uploads\/2016\/01\/fotonoticia_20160121150708_800-360x280.jpg 360w, https:\/\/eldigitaldeasturias.com\/magazine365\/wp-content\/uploads\/2016\/01\/fotonoticia_20160121150708_800-650x505.jpg 650w, https:\/\/eldigitaldeasturias.com\/magazine365\/wp-content\/uploads\/2016\/01\/fotonoticia_20160121150708_800-768x597.jpg 768w, https:\/\/eldigitaldeasturias.com\/magazine365\/wp-content\/uploads\/2016\/01\/fotonoticia_20160121150708_800-150x117.jpg 150w, https:\/\/eldigitaldeasturias.com\/magazine365\/wp-content\/uploads\/2016\/01\/fotonoticia_20160121150708_800-450x350.jpg 450w, https:\/\/eldigitaldeasturias.com\/magazine365\/wp-content\/uploads\/2016\/01\/fotonoticia_20160121150708_800-696x541.jpg 696w, https:\/\/eldigitaldeasturias.com\/magazine365\/wp-content\/uploads\/2016\/01\/fotonoticia_20160121150708_800-540x420.jpg 540w, https:\/\/eldigitaldeasturias.com\/magazine365\/wp-content\/uploads\/2016\/01\/fotonoticia_20160121150708_800.jpg 800w\" sizes=\"(max-width: 360px) 100vw, 360px\" \/>Paradores ha presentado este jueves en el marco de Fitur 2016 un nuevo men\u00fa gastron\u00f3mico disponible a partir de la primera semana de febrero elaborado con el asesoramiento del chef Mario Sandoval.<\/p>\n<p>La presidenta de Paradores, \u00c1ngeles Alarc\u00f3 y el presidente de la Academia Espa\u00f1ola de Gastronom\u00eda, Rafael Ans\u00f3n, han sido los encargados de presentar junto al chef este men\u00fa especial que busca aportar un toque de modernidad mejorando la oferta tradicional propia de la cadena.<\/p>\n<p>Paradores refuerza as\u00ed su proyecto gastron\u00f3mico con el asesoramiento de chef del Restaurante Coque (2 estrellas Michelin, 3 Soles Repsol, y 3 M de la Gu\u00eda Metropoli) y Premio Nacional de Gastronom\u00eda al Mejor Jefe de Cocina 2013.<\/p>\n<p>El plan de acci\u00f3n arrancar\u00e1 en los 26 restaurantes &#8216;Especia&#8217; de la cadena, que se caracterizan por ofrecer a sus clientes un servicio a la carta y personalizado. El nuevo men\u00fa apuesta por transmitir los valores de la cocina de Paradores, la regionalidad y las bases tradicionales de la gastronom\u00eda nacional y aunarla con aires de modernidad.<\/p>\n<p>Utilizando platos representativos de cada zona geogr\u00e1fica de Espa\u00f1a, el men\u00fa se compone de purrusalda (Navarra), zamburi\u00f1as en escabeche (Pa\u00eds Vasco), gilda (Pa\u00eds Vasco), croqueta de caldo gallego (Galicia), menestra de verduras La Rioja), bacalao ajoarriero (Navarra), canel\u00f3n de gallo, amanita caesarea (Catalu\u00f1a), para finalizar con el postre de las naranjas (Levante).<\/p>\n<p>Seg\u00fan la presidenta de Paradores la meta de este equipo multidisciplinar de trabajo es \u00abrecuperar la esencia de la cocina tradicional de Paradores aprovechando el conocimiento y experiencia de nuestros cocineros al tiempo que se introducen nuevos m\u00e9todos de trabajo y procesos de cocina\u00bb.<\/p>\n","protected":false},"excerpt":{"rendered":"<p>Paradores ha presentado este jueves en el marco de Fitur 2016 un nuevo men\u00fa gastron\u00f3mico disponible a partir de la primera semana de febrero elaborado con el asesoramiento del chef Mario Sandoval. La presidenta de Paradores, \u00c1ngeles Alarc\u00f3 y el presidente de la Academia Espa\u00f1ola de Gastronom\u00eda, Rafael Ans\u00f3n, han sido los encargados de presentar<\/p>\n","protected":false},"author":1,"featured_media":61635,"comment_status":"open","ping_status":"closed","sticky":false,"template":"","format":"standard","meta":{"footnotes":""},"categories":[224],"tags":[],"class_list":{"0":"post-61634","1":"post","2":"type-post","3":"status-publish","4":"format-standard","5":"has-post-thumbnail","7":"category-noticias-actualidad"},"aioseo_notices":[],"aioseo_head":"\n\t\t<!-- All in One SEO Pro 4.9.6.1 - aioseo.com -->\n\t<meta name=\"description\" content=\"Paradores ha presentado este jueves en el marco de Fitur 2016 un nuevo men\u00fa gastron\u00f3mico disponible a partir de la primera semana de febrero elaborado con el asesoramiento del chef Mario Sandoval. La presidenta de Paradores, \u00c1ngeles Alarc\u00f3 y el presidente de la Academia Espa\u00f1ola de Gastronom\u00eda, Rafael Ans\u00f3n, han sido los encargados de presentar\" \/>\n\t<meta name=\"robots\" content=\"max-image-preview:large\" \/>\n\t<meta name=\"author\" content=\"admin\"\/>\n\t<meta name=\"google-site-verification\" content=\"UA-38556648-1\" \/>\n\t<meta name=\"keywords\" content=\"noticias y actualidad\" \/>\n\t<link rel=\"canonical\" href=\"https:\/\/eldigitaldeasturias.com\/magazine365\/paradores-presenta-un-menu-gastronomico-elaborado-por-mario-sandoval\/\" \/>\n\t<meta name=\"generator\" content=\"All in One SEO Pro (AIOSEO) 4.9.6.1\" \/>\n\t\t<meta property=\"og:locale\" content=\"es_ES\" \/>\n\t\t<meta property=\"og:site_name\" content=\"El Digital de Asturias \u2013 Revista de ocio, turismo y estilo de vida\" \/>\n\t\t<meta property=\"og:type\" content=\"article\" \/>\n\t\t<meta property=\"og:title\" content=\"Paradores presenta un men\u00fa gastron\u00f3mico elaborado por Mario Sandoval | El Digital de Asturias\" \/>\n\t\t<meta property=\"og:description\" content=\"Paradores ha presentado este jueves en el marco de Fitur 2016 un nuevo men\u00fa gastron\u00f3mico disponible a partir de la primera semana de febrero elaborado con el asesoramiento del chef Mario Sandoval. La presidenta de Paradores, \u00c1ngeles Alarc\u00f3 y el presidente de la Academia Espa\u00f1ola de Gastronom\u00eda, Rafael Ans\u00f3n, han sido los encargados de presentar\" \/>\n\t\t<meta property=\"og:url\" content=\"https:\/\/eldigitaldeasturias.com\/magazine365\/paradores-presenta-un-menu-gastronomico-elaborado-por-mario-sandoval\/\" \/>\n\t\t<meta property=\"og:image\" content=\"https:\/\/eldigitaldeasturias.com\/magazine365\/wp-content\/uploads\/2016\/01\/fotonoticia_20160121150708_800.jpg\" \/>\n\t\t<meta property=\"og:image:secure_url\" content=\"https:\/\/eldigitaldeasturias.com\/magazine365\/wp-content\/uploads\/2016\/01\/fotonoticia_20160121150708_800.jpg\" \/>\n\t\t<meta property=\"og:image:width\" content=\"800\" \/>\n\t\t<meta property=\"og:image:height\" content=\"622\" \/>\n\t\t<meta property=\"article:published_time\" content=\"2016-01-23T10:48:55+00:00\" \/>\n\t\t<meta property=\"article:modified_time\" content=\"2016-01-23T10:48:55+00:00\" \/>\n\t\t<meta name=\"twitter:card\" content=\"summary_large_image\" \/>\n\t\t<meta name=\"twitter:title\" content=\"Paradores presenta un men\u00fa gastron\u00f3mico elaborado por Mario Sandoval | El Digital de Asturias\" \/>\n\t\t<meta name=\"twitter:description\" content=\"Paradores ha presentado este jueves en el marco de Fitur 2016 un nuevo men\u00fa gastron\u00f3mico disponible a partir de la primera semana de febrero elaborado con el asesoramiento del chef Mario Sandoval. La presidenta de Paradores, \u00c1ngeles Alarc\u00f3 y el presidente de la Academia Espa\u00f1ola de Gastronom\u00eda, Rafael Ans\u00f3n, han sido los encargados de presentar\" \/>\n\t\t<meta name=\"twitter:image\" content=\"https:\/\/eldigitaldeasturias.com\/magazine365\/wp-content\/uploads\/2016\/01\/fotonoticia_20160121150708_800.jpg\" \/>\n\t\t<script type=\"application\/ld+json\" class=\"aioseo-schema\">\n\t\t\t{\"@context\":\"https:\\\/\\\/schema.org\",\"@graph\":[{\"@type\":\"Article\",\"@id\":\"https:\\\/\\\/eldigitaldeasturias.com\\\/magazine365\\\/paradores-presenta-un-menu-gastronomico-elaborado-por-mario-sandoval\\\/#article\",\"name\":\"Paradores presenta un men\\u00fa gastron\\u00f3mico elaborado por Mario Sandoval | El Digital de Asturias\",\"headline\":\"Paradores presenta un men\\u00fa gastron\\u00f3mico elaborado por Mario Sandoval\",\"author\":{\"@id\":\"https:\\\/\\\/eldigitaldeasturias.com\\\/magazine365\\\/author\\\/admin\\\/#author\"},\"publisher\":{\"@id\":\"https:\\\/\\\/eldigitaldeasturias.com\\\/magazine365\\\/#organization\"},\"image\":{\"@type\":\"ImageObject\",\"url\":\"https:\\\/\\\/eldigitaldeasturias.com\\\/magazine365\\\/wp-content\\\/uploads\\\/2016\\\/01\\\/fotonoticia_20160121150708_800.jpg\",\"width\":800,\"height\":622},\"datePublished\":\"2016-01-23T11:48:55+01:00\",\"dateModified\":\"2016-01-23T11:48:55+01:00\",\"inLanguage\":\"es-ES\",\"mainEntityOfPage\":{\"@id\":\"https:\\\/\\\/eldigitaldeasturias.com\\\/magazine365\\\/paradores-presenta-un-menu-gastronomico-elaborado-por-mario-sandoval\\\/#webpage\"},\"isPartOf\":{\"@id\":\"https:\\\/\\\/eldigitaldeasturias.com\\\/magazine365\\\/paradores-presenta-un-menu-gastronomico-elaborado-por-mario-sandoval\\\/#webpage\"},\"articleSection\":\"Noticias y Actualidad\"},{\"@type\":\"BreadcrumbList\",\"@id\":\"https:\\\/\\\/eldigitaldeasturias.com\\\/magazine365\\\/paradores-presenta-un-menu-gastronomico-elaborado-por-mario-sandoval\\\/#breadcrumblist\",\"itemListElement\":[{\"@type\":\"ListItem\",\"@id\":\"https:\\\/\\\/eldigitaldeasturias.com\\\/magazine365#listItem\",\"position\":1,\"name\":\"Home\",\"item\":\"https:\\\/\\\/eldigitaldeasturias.com\\\/magazine365\",\"nextItem\":{\"@type\":\"ListItem\",\"@id\":\"https:\\\/\\\/eldigitaldeasturias.com\\\/magazine365\\\/category\\\/noticias-actualidad\\\/#listItem\",\"name\":\"Noticias y Actualidad\"}},{\"@type\":\"ListItem\",\"@id\":\"https:\\\/\\\/eldigitaldeasturias.com\\\/magazine365\\\/category\\\/noticias-actualidad\\\/#listItem\",\"position\":2,\"name\":\"Noticias y Actualidad\",\"item\":\"https:\\\/\\\/eldigitaldeasturias.com\\\/magazine365\\\/category\\\/noticias-actualidad\\\/\",\"nextItem\":{\"@type\":\"ListItem\",\"@id\":\"https:\\\/\\\/eldigitaldeasturias.com\\\/magazine365\\\/paradores-presenta-un-menu-gastronomico-elaborado-por-mario-sandoval\\\/#listItem\",\"name\":\"Paradores presenta un men\\u00fa gastron\\u00f3mico elaborado por Mario Sandoval\"},\"previousItem\":{\"@type\":\"ListItem\",\"@id\":\"https:\\\/\\\/eldigitaldeasturias.com\\\/magazine365#listItem\",\"name\":\"Home\"}},{\"@type\":\"ListItem\",\"@id\":\"https:\\\/\\\/eldigitaldeasturias.com\\\/magazine365\\\/paradores-presenta-un-menu-gastronomico-elaborado-por-mario-sandoval\\\/#listItem\",\"position\":3,\"name\":\"Paradores presenta un men\\u00fa gastron\\u00f3mico elaborado por Mario Sandoval\",\"previousItem\":{\"@type\":\"ListItem\",\"@id\":\"https:\\\/\\\/eldigitaldeasturias.com\\\/magazine365\\\/category\\\/noticias-actualidad\\\/#listItem\",\"name\":\"Noticias y Actualidad\"}}]},{\"@type\":\"Organization\",\"@id\":\"https:\\\/\\\/eldigitaldeasturias.com\\\/magazine365\\\/#organization\",\"name\":\"El digital de Asturias\",\"description\":\"Revista de ocio, turismo y estilo de vida\",\"url\":\"https:\\\/\\\/eldigitaldeasturias.com\\\/magazine365\\\/\",\"logo\":{\"@type\":\"ImageObject\",\"url\":\"https:\\\/\\\/www.eldigitaldeasturias.com\\\/noticias\\\/wp-content\\\/uploads\\\/2020\\\/12\\\/EDA.jpg\",\"@id\":\"https:\\\/\\\/eldigitaldeasturias.com\\\/magazine365\\\/paradores-presenta-un-menu-gastronomico-elaborado-por-mario-sandoval\\\/#organizationLogo\"},\"image\":{\"@id\":\"https:\\\/\\\/eldigitaldeasturias.com\\\/magazine365\\\/paradores-presenta-un-menu-gastronomico-elaborado-por-mario-sandoval\\\/#organizationLogo\"}},{\"@type\":\"Person\",\"@id\":\"https:\\\/\\\/eldigitaldeasturias.com\\\/magazine365\\\/author\\\/admin\\\/#author\",\"url\":\"https:\\\/\\\/eldigitaldeasturias.com\\\/magazine365\\\/author\\\/admin\\\/\",\"name\":\"admin\",\"image\":{\"@type\":\"ImageObject\",\"@id\":\"https:\\\/\\\/eldigitaldeasturias.com\\\/magazine365\\\/paradores-presenta-un-menu-gastronomico-elaborado-por-mario-sandoval\\\/#authorImage\",\"url\":\"https:\\\/\\\/eldigitaldeasturias.com\\\/magazine365\\\/wp-content\\\/litespeed\\\/avatar\\\/e571bcf59a0edd6fa6838245a470f2fe.jpg?ver=1776969259\",\"width\":96,\"height\":96,\"caption\":\"admin\"}},{\"@type\":\"WebPage\",\"@id\":\"https:\\\/\\\/eldigitaldeasturias.com\\\/magazine365\\\/paradores-presenta-un-menu-gastronomico-elaborado-por-mario-sandoval\\\/#webpage\",\"url\":\"https:\\\/\\\/eldigitaldeasturias.com\\\/magazine365\\\/paradores-presenta-un-menu-gastronomico-elaborado-por-mario-sandoval\\\/\",\"name\":\"Paradores presenta un men\\u00fa gastron\\u00f3mico elaborado por Mario Sandoval | El Digital de Asturias\",\"description\":\"Paradores ha presentado este jueves en el marco de Fitur 2016 un nuevo men\\u00fa gastron\\u00f3mico disponible a partir de la primera semana de febrero elaborado con el asesoramiento del chef Mario Sandoval. La presidenta de Paradores, \\u00c1ngeles Alarc\\u00f3 y el presidente de la Academia Espa\\u00f1ola de Gastronom\\u00eda, Rafael Ans\\u00f3n, han sido los encargados de presentar\",\"inLanguage\":\"es-ES\",\"isPartOf\":{\"@id\":\"https:\\\/\\\/eldigitaldeasturias.com\\\/magazine365\\\/#website\"},\"breadcrumb\":{\"@id\":\"https:\\\/\\\/eldigitaldeasturias.com\\\/magazine365\\\/paradores-presenta-un-menu-gastronomico-elaborado-por-mario-sandoval\\\/#breadcrumblist\"},\"author\":{\"@id\":\"https:\\\/\\\/eldigitaldeasturias.com\\\/magazine365\\\/author\\\/admin\\\/#author\"},\"creator\":{\"@id\":\"https:\\\/\\\/eldigitaldeasturias.com\\\/magazine365\\\/author\\\/admin\\\/#author\"},\"image\":{\"@type\":\"ImageObject\",\"url\":\"https:\\\/\\\/eldigitaldeasturias.com\\\/magazine365\\\/wp-content\\\/uploads\\\/2016\\\/01\\\/fotonoticia_20160121150708_800.jpg\",\"@id\":\"https:\\\/\\\/eldigitaldeasturias.com\\\/magazine365\\\/paradores-presenta-un-menu-gastronomico-elaborado-por-mario-sandoval\\\/#mainImage\",\"width\":800,\"height\":622},\"primaryImageOfPage\":{\"@id\":\"https:\\\/\\\/eldigitaldeasturias.com\\\/magazine365\\\/paradores-presenta-un-menu-gastronomico-elaborado-por-mario-sandoval\\\/#mainImage\"},\"datePublished\":\"2016-01-23T11:48:55+01:00\",\"dateModified\":\"2016-01-23T11:48:55+01:00\"},{\"@type\":\"WebSite\",\"@id\":\"https:\\\/\\\/eldigitaldeasturias.com\\\/magazine365\\\/#website\",\"url\":\"https:\\\/\\\/eldigitaldeasturias.com\\\/magazine365\\\/\",\"name\":\"El Digital de Asturias\",\"description\":\"Revista de ocio, turismo y estilo de vida\",\"inLanguage\":\"es-ES\",\"publisher\":{\"@id\":\"https:\\\/\\\/eldigitaldeasturias.com\\\/magazine365\\\/#organization\"}}]}\n\t\t<\/script>\n\t\t<!-- All in One SEO Pro -->\r\n\t\t<title>Paradores presenta un men\u00fa gastron\u00f3mico elaborado por Mario Sandoval | El Digital de Asturias<\/title>\n\n","aioseo_head_json":{"title":"Paradores presenta un men\u00fa gastron\u00f3mico elaborado por Mario Sandoval | El Digital de Asturias","description":"Paradores ha presentado este jueves en el marco de Fitur 2016 un nuevo men\u00fa gastron\u00f3mico disponible a partir de la primera semana de febrero elaborado con el asesoramiento del chef Mario Sandoval. La presidenta de Paradores, \u00c1ngeles Alarc\u00f3 y el presidente de la Academia Espa\u00f1ola de Gastronom\u00eda, Rafael Ans\u00f3n, han sido los encargados de presentar","canonical_url":"https:\/\/eldigitaldeasturias.com\/magazine365\/paradores-presenta-un-menu-gastronomico-elaborado-por-mario-sandoval\/","robots":"max-image-preview:large","keywords":"noticias y actualidad","webmasterTools":{"google-site-verification":"UA-38556648-1","miscellaneous":""},"schema":{"@context":"https:\/\/schema.org","@graph":[{"@type":"Article","@id":"https:\/\/eldigitaldeasturias.com\/magazine365\/paradores-presenta-un-menu-gastronomico-elaborado-por-mario-sandoval\/#article","name":"Paradores presenta un men\u00fa gastron\u00f3mico elaborado por Mario Sandoval | El Digital de Asturias","headline":"Paradores presenta un men\u00fa gastron\u00f3mico elaborado por Mario Sandoval","author":{"@id":"https:\/\/eldigitaldeasturias.com\/magazine365\/author\/admin\/#author"},"publisher":{"@id":"https:\/\/eldigitaldeasturias.com\/magazine365\/#organization"},"image":{"@type":"ImageObject","url":"https:\/\/eldigitaldeasturias.com\/magazine365\/wp-content\/uploads\/2016\/01\/fotonoticia_20160121150708_800.jpg","width":800,"height":622},"datePublished":"2016-01-23T11:48:55+01:00","dateModified":"2016-01-23T11:48:55+01:00","inLanguage":"es-ES","mainEntityOfPage":{"@id":"https:\/\/eldigitaldeasturias.com\/magazine365\/paradores-presenta-un-menu-gastronomico-elaborado-por-mario-sandoval\/#webpage"},"isPartOf":{"@id":"https:\/\/eldigitaldeasturias.com\/magazine365\/paradores-presenta-un-menu-gastronomico-elaborado-por-mario-sandoval\/#webpage"},"articleSection":"Noticias y Actualidad"},{"@type":"BreadcrumbList","@id":"https:\/\/eldigitaldeasturias.com\/magazine365\/paradores-presenta-un-menu-gastronomico-elaborado-por-mario-sandoval\/#breadcrumblist","itemListElement":[{"@type":"ListItem","@id":"https:\/\/eldigitaldeasturias.com\/magazine365#listItem","position":1,"name":"Home","item":"https:\/\/eldigitaldeasturias.com\/magazine365","nextItem":{"@type":"ListItem","@id":"https:\/\/eldigitaldeasturias.com\/magazine365\/category\/noticias-actualidad\/#listItem","name":"Noticias y Actualidad"}},{"@type":"ListItem","@id":"https:\/\/eldigitaldeasturias.com\/magazine365\/category\/noticias-actualidad\/#listItem","position":2,"name":"Noticias y Actualidad","item":"https:\/\/eldigitaldeasturias.com\/magazine365\/category\/noticias-actualidad\/","nextItem":{"@type":"ListItem","@id":"https:\/\/eldigitaldeasturias.com\/magazine365\/paradores-presenta-un-menu-gastronomico-elaborado-por-mario-sandoval\/#listItem","name":"Paradores presenta un men\u00fa gastron\u00f3mico elaborado por Mario Sandoval"},"previousItem":{"@type":"ListItem","@id":"https:\/\/eldigitaldeasturias.com\/magazine365#listItem","name":"Home"}},{"@type":"ListItem","@id":"https:\/\/eldigitaldeasturias.com\/magazine365\/paradores-presenta-un-menu-gastronomico-elaborado-por-mario-sandoval\/#listItem","position":3,"name":"Paradores presenta un men\u00fa gastron\u00f3mico elaborado por Mario Sandoval","previousItem":{"@type":"ListItem","@id":"https:\/\/eldigitaldeasturias.com\/magazine365\/category\/noticias-actualidad\/#listItem","name":"Noticias y Actualidad"}}]},{"@type":"Organization","@id":"https:\/\/eldigitaldeasturias.com\/magazine365\/#organization","name":"El digital de Asturias","description":"Revista de ocio, turismo y estilo de vida","url":"https:\/\/eldigitaldeasturias.com\/magazine365\/","logo":{"@type":"ImageObject","url":"https:\/\/www.eldigitaldeasturias.com\/noticias\/wp-content\/uploads\/2020\/12\/EDA.jpg","@id":"https:\/\/eldigitaldeasturias.com\/magazine365\/paradores-presenta-un-menu-gastronomico-elaborado-por-mario-sandoval\/#organizationLogo"},"image":{"@id":"https:\/\/eldigitaldeasturias.com\/magazine365\/paradores-presenta-un-menu-gastronomico-elaborado-por-mario-sandoval\/#organizationLogo"}},{"@type":"Person","@id":"https:\/\/eldigitaldeasturias.com\/magazine365\/author\/admin\/#author","url":"https:\/\/eldigitaldeasturias.com\/magazine365\/author\/admin\/","name":"admin","image":{"@type":"ImageObject","@id":"https:\/\/eldigitaldeasturias.com\/magazine365\/paradores-presenta-un-menu-gastronomico-elaborado-por-mario-sandoval\/#authorImage","url":"https:\/\/eldigitaldeasturias.com\/magazine365\/wp-content\/litespeed\/avatar\/e571bcf59a0edd6fa6838245a470f2fe.jpg?ver=1776969259","width":96,"height":96,"caption":"admin"}},{"@type":"WebPage","@id":"https:\/\/eldigitaldeasturias.com\/magazine365\/paradores-presenta-un-menu-gastronomico-elaborado-por-mario-sandoval\/#webpage","url":"https:\/\/eldigitaldeasturias.com\/magazine365\/paradores-presenta-un-menu-gastronomico-elaborado-por-mario-sandoval\/","name":"Paradores presenta un men\u00fa gastron\u00f3mico elaborado por Mario Sandoval | El Digital de Asturias","description":"Paradores ha presentado este jueves en el marco de Fitur 2016 un nuevo men\u00fa gastron\u00f3mico disponible a partir de la primera semana de febrero elaborado con el asesoramiento del chef Mario Sandoval. La presidenta de Paradores, \u00c1ngeles Alarc\u00f3 y el presidente de la Academia Espa\u00f1ola de Gastronom\u00eda, Rafael Ans\u00f3n, han sido los encargados de presentar","inLanguage":"es-ES","isPartOf":{"@id":"https:\/\/eldigitaldeasturias.com\/magazine365\/#website"},"breadcrumb":{"@id":"https:\/\/eldigitaldeasturias.com\/magazine365\/paradores-presenta-un-menu-gastronomico-elaborado-por-mario-sandoval\/#breadcrumblist"},"author":{"@id":"https:\/\/eldigitaldeasturias.com\/magazine365\/author\/admin\/#author"},"creator":{"@id":"https:\/\/eldigitaldeasturias.com\/magazine365\/author\/admin\/#author"},"image":{"@type":"ImageObject","url":"https:\/\/eldigitaldeasturias.com\/magazine365\/wp-content\/uploads\/2016\/01\/fotonoticia_20160121150708_800.jpg","@id":"https:\/\/eldigitaldeasturias.com\/magazine365\/paradores-presenta-un-menu-gastronomico-elaborado-por-mario-sandoval\/#mainImage","width":800,"height":622},"primaryImageOfPage":{"@id":"https:\/\/eldigitaldeasturias.com\/magazine365\/paradores-presenta-un-menu-gastronomico-elaborado-por-mario-sandoval\/#mainImage"},"datePublished":"2016-01-23T11:48:55+01:00","dateModified":"2016-01-23T11:48:55+01:00"},{"@type":"WebSite","@id":"https:\/\/eldigitaldeasturias.com\/magazine365\/#website","url":"https:\/\/eldigitaldeasturias.com\/magazine365\/","name":"El Digital de Asturias","description":"Revista de ocio, turismo y estilo de vida","inLanguage":"es-ES","publisher":{"@id":"https:\/\/eldigitaldeasturias.com\/magazine365\/#organization"}}]},"og:locale":"es_ES","og:site_name":"El Digital de Asturias \u2013 Revista de ocio, turismo y estilo de vida","og:type":"article","og:title":"Paradores presenta un men\u00fa gastron\u00f3mico elaborado por Mario Sandoval | El Digital de Asturias","og:description":"Paradores ha presentado este jueves en el marco de Fitur 2016 un nuevo men\u00fa gastron\u00f3mico disponible a partir de la primera semana de febrero elaborado con el asesoramiento del chef Mario Sandoval. La presidenta de Paradores, \u00c1ngeles Alarc\u00f3 y el presidente de la Academia Espa\u00f1ola de Gastronom\u00eda, Rafael Ans\u00f3n, han sido los encargados de presentar","og:url":"https:\/\/eldigitaldeasturias.com\/magazine365\/paradores-presenta-un-menu-gastronomico-elaborado-por-mario-sandoval\/","og:image":"https:\/\/eldigitaldeasturias.com\/magazine365\/wp-content\/uploads\/2016\/01\/fotonoticia_20160121150708_800.jpg","og:image:secure_url":"https:\/\/eldigitaldeasturias.com\/magazine365\/wp-content\/uploads\/2016\/01\/fotonoticia_20160121150708_800.jpg","og:image:width":800,"og:image:height":622,"article:published_time":"2016-01-23T10:48:55+00:00","article:modified_time":"2016-01-23T10:48:55+00:00","twitter:card":"summary_large_image","twitter:title":"Paradores presenta un men\u00fa gastron\u00f3mico elaborado por Mario Sandoval | El Digital de Asturias","twitter:description":"Paradores ha presentado este jueves en el marco de Fitur 2016 un nuevo men\u00fa gastron\u00f3mico disponible a partir de la primera semana de febrero elaborado con el asesoramiento del chef Mario Sandoval. La presidenta de Paradores, \u00c1ngeles Alarc\u00f3 y el presidente de la Academia Espa\u00f1ola de Gastronom\u00eda, Rafael Ans\u00f3n, han sido los encargados de presentar","twitter:image":"https:\/\/eldigitaldeasturias.com\/magazine365\/wp-content\/uploads\/2016\/01\/fotonoticia_20160121150708_800.jpg"},"aioseo_meta_data":{"post_id":"61634","title":null,"description":null,"keywords":null,"keyphrases":null,"primary_term":null,"canonical_url":null,"og_title":null,"og_description":null,"og_object_type":"default","og_image_type":"default","og_image_url":null,"og_image_width":null,"og_image_height":null,"og_image_custom_url":null,"og_image_custom_fields":null,"og_video":null,"og_custom_url":null,"og_article_section":null,"og_article_tags":null,"twitter_use_og":false,"twitter_card":"default","twitter_image_type":"default","twitter_image_url":null,"twitter_image_custom_url":null,"twitter_image_custom_fields":null,"twitter_title":null,"twitter_description":null,"schema":{"blockGraphs":[],"customGraphs":[],"default":{"data":{"Article":[],"Course":[],"Dataset":[],"FAQPage":[],"Movie":[],"Person":[],"Product":[],"ProductReview":[],"Car":[],"Recipe":[],"Service":[],"SoftwareApplication":[],"WebPage":[]},"graphName":"","isEnabled":true},"graphs":[],"defaultGraph":"","defaultPostTypeGraph":""},"schema_type":null,"schema_type_options":null,"pillar_content":false,"robots_default":true,"robots_noindex":false,"robots_noarchive":false,"robots_nosnippet":false,"robots_nofollow":false,"robots_noimageindex":false,"robots_noodp":false,"robots_notranslate":false,"robots_max_snippet":null,"robots_max_videopreview":null,"robots_max_imagepreview":"large","priority":null,"frequency":null,"location":null,"local_seo":null,"seo_analyzer_scan_date":"2025-09-25 09:23:04","breadcrumb_settings":null,"limit_modified_date":false,"open_ai":null,"ai":null,"created":"2021-03-08 21:46:43","updated":"2025-09-25 09:23:04"},"aioseo_breadcrumb":"<div class=\"aioseo-breadcrumbs\"><span class=\"aioseo-breadcrumb\">\n\t<a href=\"https:\/\/eldigitaldeasturias.com\/magazine365\" title=\"Home\">Home<\/a>\n<\/span><span class=\"aioseo-breadcrumb-separator\">\u2013<\/span><span class=\"aioseo-breadcrumb\">\n\t<a href=\"https:\/\/eldigitaldeasturias.com\/magazine365\/category\/noticias-actualidad\/\" title=\"Noticias y Actualidad\">Noticias y Actualidad<\/a>\n<\/span><span class=\"aioseo-breadcrumb-separator\">\u2013<\/span><span class=\"aioseo-breadcrumb\">\n\t<a href=\"https:\/\/eldigitaldeasturias.com\/magazine365\/paradores-presenta-un-menu-gastronomico-elaborado-por-mario-sandoval\/\" title=\"Paradores presenta un men\u00fa gastron\u00f3mico elaborado por Mario Sandoval\">Paradores presenta un men\u00fa gastron\u00f3mico elaborado por Mario Sandoval<\/a>\n<\/span><\/div>","aioseo_breadcrumb_json":[{"label":"Home","link":"https:\/\/eldigitaldeasturias.com\/magazine365"},{"label":"Noticias y Actualidad","link":"https:\/\/eldigitaldeasturias.com\/magazine365\/category\/noticias-actualidad\/"},{"label":"Paradores presenta un men\u00fa gastron\u00f3mico elaborado por Mario Sandoval","link":"https:\/\/eldigitaldeasturias.com\/magazine365\/paradores-presenta-un-menu-gastronomico-elaborado-por-mario-sandoval\/"}],"_links":{"self":[{"href":"https:\/\/eldigitaldeasturias.com\/magazine365\/wp-json\/wp\/v2\/posts\/61634","targetHints":{"allow":["GET"]}}],"collection":[{"href":"https:\/\/eldigitaldeasturias.com\/magazine365\/wp-json\/wp\/v2\/posts"}],"about":[{"href":"https:\/\/eldigitaldeasturias.com\/magazine365\/wp-json\/wp\/v2\/types\/post"}],"author":[{"embeddable":true,"href":"https:\/\/eldigitaldeasturias.com\/magazine365\/wp-json\/wp\/v2\/users\/1"}],"replies":[{"embeddable":true,"href":"https:\/\/eldigitaldeasturias.com\/magazine365\/wp-json\/wp\/v2\/comments?post=61634"}],"version-history":[{"count":0,"href":"https:\/\/eldigitaldeasturias.com\/magazine365\/wp-json\/wp\/v2\/posts\/61634\/revisions"}],"wp:featuredmedia":[{"embeddable":true,"href":"https:\/\/eldigitaldeasturias.com\/magazine365\/wp-json\/wp\/v2\/media\/61635"}],"wp:attachment":[{"href":"https:\/\/eldigitaldeasturias.com\/magazine365\/wp-json\/wp\/v2\/media?parent=61634"}],"wp:term":[{"taxonomy":"category","embeddable":true,"href":"https:\/\/eldigitaldeasturias.com\/magazine365\/wp-json\/wp\/v2\/categories?post=61634"},{"taxonomy":"post_tag","embeddable":true,"href":"https:\/\/eldigitaldeasturias.com\/magazine365\/wp-json\/wp\/v2\/tags?post=61634"}],"curies":[{"name":"wp","href":"https:\/\/api.w.org\/{rel}","templated":true}]}}