{"id":61631,"date":"2016-01-23T11:44:54","date_gmt":"2016-01-23T10:44:54","guid":{"rendered":"http:\/\/eldigitaldeasturias.com\/magazine365\/?p=61631"},"modified":"2016-01-23T11:44:54","modified_gmt":"2016-01-23T10:44:54","slug":"el-principado-de-asturias-destaca-el-potencial-del-turismo-rural","status":"publish","type":"post","link":"https:\/\/eldigitaldeasturias.com\/magazine365\/el-principado-de-asturias-destaca-el-potencial-del-turismo-rural\/","title":{"rendered":"El Principado de Asturias destaca el potencial del turismo rural"},"content":{"rendered":"<p><img fetchpriority=\"high\" decoding=\"async\" class=\"alignleft size-medium wp-image-61632\" src=\"https:\/\/eldigitaldeasturias.com\/magazine365\/wp-content\/uploads\/2016\/01\/fotonoticia_20160121145951_800-360x250.jpg\" alt=\"fotonoticia_20160121145951_800\" width=\"360\" height=\"250\" srcset=\"https:\/\/eldigitaldeasturias.com\/magazine365\/wp-content\/uploads\/2016\/01\/fotonoticia_20160121145951_800-360x250.jpg 360w, https:\/\/eldigitaldeasturias.com\/magazine365\/wp-content\/uploads\/2016\/01\/fotonoticia_20160121145951_800-650x452.jpg 650w, https:\/\/eldigitaldeasturias.com\/magazine365\/wp-content\/uploads\/2016\/01\/fotonoticia_20160121145951_800-768x534.jpg 768w, https:\/\/eldigitaldeasturias.com\/magazine365\/wp-content\/uploads\/2016\/01\/fotonoticia_20160121145951_800-150x104.jpg 150w, https:\/\/eldigitaldeasturias.com\/magazine365\/wp-content\/uploads\/2016\/01\/fotonoticia_20160121145951_800-450x313.jpg 450w, https:\/\/eldigitaldeasturias.com\/magazine365\/wp-content\/uploads\/2016\/01\/fotonoticia_20160121145951_800-100x70.jpg 100w, https:\/\/eldigitaldeasturias.com\/magazine365\/wp-content\/uploads\/2016\/01\/fotonoticia_20160121145951_800-218x150.jpg 218w, https:\/\/eldigitaldeasturias.com\/magazine365\/wp-content\/uploads\/2016\/01\/fotonoticia_20160121145951_800-696x484.jpg 696w, https:\/\/eldigitaldeasturias.com\/magazine365\/wp-content\/uploads\/2016\/01\/fotonoticia_20160121145951_800-604x420.jpg 604w, https:\/\/eldigitaldeasturias.com\/magazine365\/wp-content\/uploads\/2016\/01\/fotonoticia_20160121145951_800.jpg 800w\" sizes=\"(max-width: 360px) 100vw, 360px\" \/>El consejero de Empleo, Industria y Turismo del Gobierno de Asturias, el socialista Francisco Blanco, ha destacado este jueves en la Feria Internacional de Turismo (Fitur) que se celebra en Madrid el potencial del turismo rural y su contribuci\u00f3n a la vertebraci\u00f3n del territorio y la creaci\u00f3n de empleo.<\/p>\n<p>Blanco ha realizado esas declaraciones durante la presentaci\u00f3n de las actividades que se desarrollar\u00e1n este a\u00f1o con motivo de la celebraci\u00f3n del trig\u00e9simo aniversario de este modelo tur\u00edstico.<\/p>\n<p>Tambi\u00e9n han participado en el acto el director general de Comercio y Turismo, Julio Gonz\u00e1lez Zapico, la presidenta del Cluster de Turismo Rural de Asturias, Maite Jim\u00e9nez, Eduardo Lastra, exalcalde de Taramundi y uno de los propulsores del turismo rural, y el actual regidor de este municipio, C\u00e9sar Villabrille.<\/p>\n<p>Blanco ha explicado que el Principado cuenta con una potente red de 1.800 alojamientos de diversa tipolog\u00eda, desde peque\u00f1os palacios hasta casas de aldea: \u00abEn total, suman m\u00e1s de 18.000 plazas que cada a\u00f1o acogen a unos 200.000 turistas y generan m\u00e1s de 650.000 pernoctaciones\u00bb. Estos datos sit\u00faan a Asturias como la tercera comunidad aut\u00f3noma por n\u00famero de plazas de turismo rural y la cuarta por turistas.<\/p>\n<p>Adem\u00e1s, ha se\u00f1alado que este crecimiento se debe en gran medida a \u00abla calidad y la oferta de actividades complementarias para conseguir que el producto tur\u00edstico rural ofrezca en Asturias una experiencia integral para el viajero\u00bb.<\/p>\n<p>El Principado cuenta con 146 empresas de turismo activo y de aventura, que organizan actividades como el senderismo, el trekking, la escalada y deportes acu\u00e1ticos y permiten al visitante disfrutar de las seis reservas de la biosfera y de la costa asturiana.<\/p>\n<p>El titular de Turismo se ha referido a los recursos de Asturias para acoger actividades vinculadas al ecoturismo y ha recordado que en esta edici\u00f3n de Fitur el Principado estrena una gu\u00eda sobre la observaci\u00f3n de la flora y la fauna. La gastronom\u00eda y la red de peque\u00f1os centros tem\u00e1ticos dedicados a la cultura y los oficios tradicionales constituyen tambi\u00e9n parte de los atractivos de la comunidad que se muestran en el certamen.<\/p>\n<p>Entre las actividades que se desarrollar\u00e1n con motivo de la celebraci\u00f3n del trig\u00e9simo aniversario del turismo rural en Espa\u00f1a, del que Asturias fue protagonista, destacan un congreso nacional, varias visitas de periodistas especializados y las Jornadas Nacionales de Contrataci\u00f3n de Turismo de Naturaleza para el mercado brit\u00e1nico.<\/p>\n<p>EL SECTOR EN ASTURIAS<\/p>\n<p>El sector del turismo rural se ha convertido en uno de los productos tur\u00edsticos m\u00e1s demandados. Se puso en marcha con la apertura de La Rectoral de Taramundi, en 1986, y en la actualidad supone el 21% de las plazas de alojamiento del Principado<\/p>\n<p>La Consejer\u00eda de Empleo tambi\u00e9n ha presentado en Fitur un video conmemorativo dedicado en exclusiva al turismo rural que se expondr\u00e1 posteriormente en las plataformas promocionales de Asturias.<\/p>\n","protected":false},"excerpt":{"rendered":"<p>El consejero de Empleo, Industria y Turismo del Gobierno de Asturias, el socialista Francisco Blanco, ha destacado este jueves en la Feria Internacional de Turismo (Fitur) que se celebra en Madrid el potencial del turismo rural y su contribuci\u00f3n a la vertebraci\u00f3n del territorio y la creaci\u00f3n de empleo. Blanco ha realizado esas declaraciones durante<\/p>\n","protected":false},"author":1,"featured_media":61632,"comment_status":"open","ping_status":"closed","sticky":false,"template":"","format":"standard","meta":{"footnotes":""},"categories":[224],"tags":[],"class_list":{"0":"post-61631","1":"post","2":"type-post","3":"status-publish","4":"format-standard","5":"has-post-thumbnail","7":"category-noticias-actualidad"},"aioseo_notices":[],"aioseo_head":"\n\t\t<!-- All in One SEO Pro 4.9.6.1 - aioseo.com -->\n\t<meta name=\"description\" content=\"El consejero de Empleo, Industria y Turismo del Gobierno de Asturias, el socialista Francisco Blanco, ha destacado este jueves en la Feria Internacional de Turismo (Fitur) que se celebra en Madrid el potencial del turismo rural y su contribuci\u00f3n a la vertebraci\u00f3n del territorio y la creaci\u00f3n de empleo. Blanco ha realizado esas declaraciones durante\" \/>\n\t<meta name=\"robots\" content=\"max-image-preview:large\" \/>\n\t<meta name=\"author\" content=\"admin\"\/>\n\t<meta name=\"google-site-verification\" content=\"UA-38556648-1\" \/>\n\t<meta name=\"keywords\" content=\"noticias y actualidad\" \/>\n\t<link rel=\"canonical\" href=\"https:\/\/eldigitaldeasturias.com\/magazine365\/el-principado-de-asturias-destaca-el-potencial-del-turismo-rural\/\" \/>\n\t<meta name=\"generator\" content=\"All in One SEO Pro (AIOSEO) 4.9.6.1\" \/>\n\t\t<meta property=\"og:locale\" content=\"es_ES\" \/>\n\t\t<meta property=\"og:site_name\" content=\"El Digital de Asturias \u2013 Revista de ocio, turismo y estilo de vida\" \/>\n\t\t<meta property=\"og:type\" content=\"article\" \/>\n\t\t<meta property=\"og:title\" content=\"El Principado de Asturias destaca el potencial del turismo rural | El Digital de Asturias\" \/>\n\t\t<meta property=\"og:description\" content=\"El consejero de Empleo, Industria y Turismo del Gobierno de Asturias, el socialista Francisco Blanco, ha destacado este jueves en la Feria Internacional de Turismo (Fitur) que se celebra en Madrid el potencial del turismo rural y su contribuci\u00f3n a la vertebraci\u00f3n del territorio y la creaci\u00f3n de empleo. Blanco ha realizado esas declaraciones durante\" \/>\n\t\t<meta property=\"og:url\" content=\"https:\/\/eldigitaldeasturias.com\/magazine365\/el-principado-de-asturias-destaca-el-potencial-del-turismo-rural\/\" \/>\n\t\t<meta property=\"og:image\" content=\"https:\/\/eldigitaldeasturias.com\/magazine365\/wp-content\/uploads\/2016\/01\/fotonoticia_20160121145951_800.jpg\" \/>\n\t\t<meta property=\"og:image:secure_url\" content=\"https:\/\/eldigitaldeasturias.com\/magazine365\/wp-content\/uploads\/2016\/01\/fotonoticia_20160121145951_800.jpg\" \/>\n\t\t<meta property=\"og:image:width\" content=\"800\" \/>\n\t\t<meta property=\"og:image:height\" content=\"556\" \/>\n\t\t<meta property=\"article:published_time\" content=\"2016-01-23T10:44:54+00:00\" \/>\n\t\t<meta property=\"article:modified_time\" content=\"2016-01-23T10:44:54+00:00\" \/>\n\t\t<meta name=\"twitter:card\" content=\"summary_large_image\" \/>\n\t\t<meta name=\"twitter:title\" content=\"El Principado de Asturias destaca el potencial del turismo rural | El Digital de Asturias\" \/>\n\t\t<meta name=\"twitter:description\" content=\"El consejero de Empleo, Industria y Turismo del Gobierno de Asturias, el socialista Francisco Blanco, ha destacado este jueves en la Feria Internacional de Turismo (Fitur) que se celebra en Madrid el potencial del turismo rural y su contribuci\u00f3n a la vertebraci\u00f3n del territorio y la creaci\u00f3n de empleo. Blanco ha realizado esas declaraciones durante\" \/>\n\t\t<meta name=\"twitter:image\" content=\"https:\/\/eldigitaldeasturias.com\/magazine365\/wp-content\/uploads\/2016\/01\/fotonoticia_20160121145951_800.jpg\" \/>\n\t\t<script type=\"application\/ld+json\" class=\"aioseo-schema\">\n\t\t\t{\"@context\":\"https:\\\/\\\/schema.org\",\"@graph\":[{\"@type\":\"Article\",\"@id\":\"https:\\\/\\\/eldigitaldeasturias.com\\\/magazine365\\\/el-principado-de-asturias-destaca-el-potencial-del-turismo-rural\\\/#article\",\"name\":\"El Principado de Asturias destaca el potencial del turismo rural | El Digital de Asturias\",\"headline\":\"El Principado de Asturias destaca el potencial del turismo rural\",\"author\":{\"@id\":\"https:\\\/\\\/eldigitaldeasturias.com\\\/magazine365\\\/author\\\/admin\\\/#author\"},\"publisher\":{\"@id\":\"https:\\\/\\\/eldigitaldeasturias.com\\\/magazine365\\\/#organization\"},\"image\":{\"@type\":\"ImageObject\",\"url\":\"https:\\\/\\\/eldigitaldeasturias.com\\\/magazine365\\\/wp-content\\\/uploads\\\/2016\\\/01\\\/fotonoticia_20160121145951_800.jpg\",\"width\":800,\"height\":556},\"datePublished\":\"2016-01-23T11:44:54+01:00\",\"dateModified\":\"2016-01-23T11:44:54+01:00\",\"inLanguage\":\"es-ES\",\"mainEntityOfPage\":{\"@id\":\"https:\\\/\\\/eldigitaldeasturias.com\\\/magazine365\\\/el-principado-de-asturias-destaca-el-potencial-del-turismo-rural\\\/#webpage\"},\"isPartOf\":{\"@id\":\"https:\\\/\\\/eldigitaldeasturias.com\\\/magazine365\\\/el-principado-de-asturias-destaca-el-potencial-del-turismo-rural\\\/#webpage\"},\"articleSection\":\"Noticias y Actualidad\"},{\"@type\":\"BreadcrumbList\",\"@id\":\"https:\\\/\\\/eldigitaldeasturias.com\\\/magazine365\\\/el-principado-de-asturias-destaca-el-potencial-del-turismo-rural\\\/#breadcrumblist\",\"itemListElement\":[{\"@type\":\"ListItem\",\"@id\":\"https:\\\/\\\/eldigitaldeasturias.com\\\/magazine365#listItem\",\"position\":1,\"name\":\"Home\",\"item\":\"https:\\\/\\\/eldigitaldeasturias.com\\\/magazine365\",\"nextItem\":{\"@type\":\"ListItem\",\"@id\":\"https:\\\/\\\/eldigitaldeasturias.com\\\/magazine365\\\/category\\\/noticias-actualidad\\\/#listItem\",\"name\":\"Noticias y Actualidad\"}},{\"@type\":\"ListItem\",\"@id\":\"https:\\\/\\\/eldigitaldeasturias.com\\\/magazine365\\\/category\\\/noticias-actualidad\\\/#listItem\",\"position\":2,\"name\":\"Noticias y Actualidad\",\"item\":\"https:\\\/\\\/eldigitaldeasturias.com\\\/magazine365\\\/category\\\/noticias-actualidad\\\/\",\"nextItem\":{\"@type\":\"ListItem\",\"@id\":\"https:\\\/\\\/eldigitaldeasturias.com\\\/magazine365\\\/el-principado-de-asturias-destaca-el-potencial-del-turismo-rural\\\/#listItem\",\"name\":\"El Principado de Asturias destaca el potencial del turismo rural\"},\"previousItem\":{\"@type\":\"ListItem\",\"@id\":\"https:\\\/\\\/eldigitaldeasturias.com\\\/magazine365#listItem\",\"name\":\"Home\"}},{\"@type\":\"ListItem\",\"@id\":\"https:\\\/\\\/eldigitaldeasturias.com\\\/magazine365\\\/el-principado-de-asturias-destaca-el-potencial-del-turismo-rural\\\/#listItem\",\"position\":3,\"name\":\"El Principado de Asturias destaca el potencial del turismo rural\",\"previousItem\":{\"@type\":\"ListItem\",\"@id\":\"https:\\\/\\\/eldigitaldeasturias.com\\\/magazine365\\\/category\\\/noticias-actualidad\\\/#listItem\",\"name\":\"Noticias y Actualidad\"}}]},{\"@type\":\"Organization\",\"@id\":\"https:\\\/\\\/eldigitaldeasturias.com\\\/magazine365\\\/#organization\",\"name\":\"El digital de Asturias\",\"description\":\"Revista de ocio, turismo y estilo de vida\",\"url\":\"https:\\\/\\\/eldigitaldeasturias.com\\\/magazine365\\\/\",\"logo\":{\"@type\":\"ImageObject\",\"url\":\"https:\\\/\\\/www.eldigitaldeasturias.com\\\/noticias\\\/wp-content\\\/uploads\\\/2020\\\/12\\\/EDA.jpg\",\"@id\":\"https:\\\/\\\/eldigitaldeasturias.com\\\/magazine365\\\/el-principado-de-asturias-destaca-el-potencial-del-turismo-rural\\\/#organizationLogo\"},\"image\":{\"@id\":\"https:\\\/\\\/eldigitaldeasturias.com\\\/magazine365\\\/el-principado-de-asturias-destaca-el-potencial-del-turismo-rural\\\/#organizationLogo\"}},{\"@type\":\"Person\",\"@id\":\"https:\\\/\\\/eldigitaldeasturias.com\\\/magazine365\\\/author\\\/admin\\\/#author\",\"url\":\"https:\\\/\\\/eldigitaldeasturias.com\\\/magazine365\\\/author\\\/admin\\\/\",\"name\":\"admin\",\"image\":{\"@type\":\"ImageObject\",\"@id\":\"https:\\\/\\\/eldigitaldeasturias.com\\\/magazine365\\\/el-principado-de-asturias-destaca-el-potencial-del-turismo-rural\\\/#authorImage\",\"url\":\"https:\\\/\\\/eldigitaldeasturias.com\\\/magazine365\\\/wp-content\\\/litespeed\\\/avatar\\\/e571bcf59a0edd6fa6838245a470f2fe.jpg?ver=1776969259\",\"width\":96,\"height\":96,\"caption\":\"admin\"}},{\"@type\":\"WebPage\",\"@id\":\"https:\\\/\\\/eldigitaldeasturias.com\\\/magazine365\\\/el-principado-de-asturias-destaca-el-potencial-del-turismo-rural\\\/#webpage\",\"url\":\"https:\\\/\\\/eldigitaldeasturias.com\\\/magazine365\\\/el-principado-de-asturias-destaca-el-potencial-del-turismo-rural\\\/\",\"name\":\"El Principado de Asturias destaca el potencial del turismo rural | El Digital de Asturias\",\"description\":\"El consejero de Empleo, Industria y Turismo del Gobierno de Asturias, el socialista Francisco Blanco, ha destacado este jueves en la Feria Internacional de Turismo (Fitur) que se celebra en Madrid el potencial del turismo rural y su contribuci\\u00f3n a la vertebraci\\u00f3n del territorio y la creaci\\u00f3n de empleo. Blanco ha realizado esas declaraciones durante\",\"inLanguage\":\"es-ES\",\"isPartOf\":{\"@id\":\"https:\\\/\\\/eldigitaldeasturias.com\\\/magazine365\\\/#website\"},\"breadcrumb\":{\"@id\":\"https:\\\/\\\/eldigitaldeasturias.com\\\/magazine365\\\/el-principado-de-asturias-destaca-el-potencial-del-turismo-rural\\\/#breadcrumblist\"},\"author\":{\"@id\":\"https:\\\/\\\/eldigitaldeasturias.com\\\/magazine365\\\/author\\\/admin\\\/#author\"},\"creator\":{\"@id\":\"https:\\\/\\\/eldigitaldeasturias.com\\\/magazine365\\\/author\\\/admin\\\/#author\"},\"image\":{\"@type\":\"ImageObject\",\"url\":\"https:\\\/\\\/eldigitaldeasturias.com\\\/magazine365\\\/wp-content\\\/uploads\\\/2016\\\/01\\\/fotonoticia_20160121145951_800.jpg\",\"@id\":\"https:\\\/\\\/eldigitaldeasturias.com\\\/magazine365\\\/el-principado-de-asturias-destaca-el-potencial-del-turismo-rural\\\/#mainImage\",\"width\":800,\"height\":556},\"primaryImageOfPage\":{\"@id\":\"https:\\\/\\\/eldigitaldeasturias.com\\\/magazine365\\\/el-principado-de-asturias-destaca-el-potencial-del-turismo-rural\\\/#mainImage\"},\"datePublished\":\"2016-01-23T11:44:54+01:00\",\"dateModified\":\"2016-01-23T11:44:54+01:00\"},{\"@type\":\"WebSite\",\"@id\":\"https:\\\/\\\/eldigitaldeasturias.com\\\/magazine365\\\/#website\",\"url\":\"https:\\\/\\\/eldigitaldeasturias.com\\\/magazine365\\\/\",\"name\":\"El Digital de Asturias\",\"description\":\"Revista de ocio, turismo y estilo de vida\",\"inLanguage\":\"es-ES\",\"publisher\":{\"@id\":\"https:\\\/\\\/eldigitaldeasturias.com\\\/magazine365\\\/#organization\"}}]}\n\t\t<\/script>\n\t\t<!-- All in One SEO Pro -->\r\n\t\t<title>El Principado de Asturias destaca el potencial del turismo rural | El Digital de Asturias<\/title>\n\n","aioseo_head_json":{"title":"El Principado de Asturias destaca el potencial del turismo rural | El Digital de Asturias","description":"El consejero de Empleo, Industria y Turismo del Gobierno de Asturias, el socialista Francisco Blanco, ha destacado este jueves en la Feria Internacional de Turismo (Fitur) que se celebra en Madrid el potencial del turismo rural y su contribuci\u00f3n a la vertebraci\u00f3n del territorio y la creaci\u00f3n de empleo. Blanco ha realizado esas declaraciones durante","canonical_url":"https:\/\/eldigitaldeasturias.com\/magazine365\/el-principado-de-asturias-destaca-el-potencial-del-turismo-rural\/","robots":"max-image-preview:large","keywords":"noticias y actualidad","webmasterTools":{"google-site-verification":"UA-38556648-1","miscellaneous":""},"schema":{"@context":"https:\/\/schema.org","@graph":[{"@type":"Article","@id":"https:\/\/eldigitaldeasturias.com\/magazine365\/el-principado-de-asturias-destaca-el-potencial-del-turismo-rural\/#article","name":"El Principado de Asturias destaca el potencial del turismo rural | El Digital de Asturias","headline":"El Principado de Asturias destaca el potencial del turismo rural","author":{"@id":"https:\/\/eldigitaldeasturias.com\/magazine365\/author\/admin\/#author"},"publisher":{"@id":"https:\/\/eldigitaldeasturias.com\/magazine365\/#organization"},"image":{"@type":"ImageObject","url":"https:\/\/eldigitaldeasturias.com\/magazine365\/wp-content\/uploads\/2016\/01\/fotonoticia_20160121145951_800.jpg","width":800,"height":556},"datePublished":"2016-01-23T11:44:54+01:00","dateModified":"2016-01-23T11:44:54+01:00","inLanguage":"es-ES","mainEntityOfPage":{"@id":"https:\/\/eldigitaldeasturias.com\/magazine365\/el-principado-de-asturias-destaca-el-potencial-del-turismo-rural\/#webpage"},"isPartOf":{"@id":"https:\/\/eldigitaldeasturias.com\/magazine365\/el-principado-de-asturias-destaca-el-potencial-del-turismo-rural\/#webpage"},"articleSection":"Noticias y Actualidad"},{"@type":"BreadcrumbList","@id":"https:\/\/eldigitaldeasturias.com\/magazine365\/el-principado-de-asturias-destaca-el-potencial-del-turismo-rural\/#breadcrumblist","itemListElement":[{"@type":"ListItem","@id":"https:\/\/eldigitaldeasturias.com\/magazine365#listItem","position":1,"name":"Home","item":"https:\/\/eldigitaldeasturias.com\/magazine365","nextItem":{"@type":"ListItem","@id":"https:\/\/eldigitaldeasturias.com\/magazine365\/category\/noticias-actualidad\/#listItem","name":"Noticias y Actualidad"}},{"@type":"ListItem","@id":"https:\/\/eldigitaldeasturias.com\/magazine365\/category\/noticias-actualidad\/#listItem","position":2,"name":"Noticias y Actualidad","item":"https:\/\/eldigitaldeasturias.com\/magazine365\/category\/noticias-actualidad\/","nextItem":{"@type":"ListItem","@id":"https:\/\/eldigitaldeasturias.com\/magazine365\/el-principado-de-asturias-destaca-el-potencial-del-turismo-rural\/#listItem","name":"El Principado de Asturias destaca el potencial del turismo rural"},"previousItem":{"@type":"ListItem","@id":"https:\/\/eldigitaldeasturias.com\/magazine365#listItem","name":"Home"}},{"@type":"ListItem","@id":"https:\/\/eldigitaldeasturias.com\/magazine365\/el-principado-de-asturias-destaca-el-potencial-del-turismo-rural\/#listItem","position":3,"name":"El Principado de Asturias destaca el potencial del turismo rural","previousItem":{"@type":"ListItem","@id":"https:\/\/eldigitaldeasturias.com\/magazine365\/category\/noticias-actualidad\/#listItem","name":"Noticias y Actualidad"}}]},{"@type":"Organization","@id":"https:\/\/eldigitaldeasturias.com\/magazine365\/#organization","name":"El digital de Asturias","description":"Revista de ocio, turismo y estilo de vida","url":"https:\/\/eldigitaldeasturias.com\/magazine365\/","logo":{"@type":"ImageObject","url":"https:\/\/www.eldigitaldeasturias.com\/noticias\/wp-content\/uploads\/2020\/12\/EDA.jpg","@id":"https:\/\/eldigitaldeasturias.com\/magazine365\/el-principado-de-asturias-destaca-el-potencial-del-turismo-rural\/#organizationLogo"},"image":{"@id":"https:\/\/eldigitaldeasturias.com\/magazine365\/el-principado-de-asturias-destaca-el-potencial-del-turismo-rural\/#organizationLogo"}},{"@type":"Person","@id":"https:\/\/eldigitaldeasturias.com\/magazine365\/author\/admin\/#author","url":"https:\/\/eldigitaldeasturias.com\/magazine365\/author\/admin\/","name":"admin","image":{"@type":"ImageObject","@id":"https:\/\/eldigitaldeasturias.com\/magazine365\/el-principado-de-asturias-destaca-el-potencial-del-turismo-rural\/#authorImage","url":"https:\/\/eldigitaldeasturias.com\/magazine365\/wp-content\/litespeed\/avatar\/e571bcf59a0edd6fa6838245a470f2fe.jpg?ver=1776969259","width":96,"height":96,"caption":"admin"}},{"@type":"WebPage","@id":"https:\/\/eldigitaldeasturias.com\/magazine365\/el-principado-de-asturias-destaca-el-potencial-del-turismo-rural\/#webpage","url":"https:\/\/eldigitaldeasturias.com\/magazine365\/el-principado-de-asturias-destaca-el-potencial-del-turismo-rural\/","name":"El Principado de Asturias destaca el potencial del turismo rural | El Digital de Asturias","description":"El consejero de Empleo, Industria y Turismo del Gobierno de Asturias, el socialista Francisco Blanco, ha destacado este jueves en la Feria Internacional de Turismo (Fitur) que se celebra en Madrid el potencial del turismo rural y su contribuci\u00f3n a la vertebraci\u00f3n del territorio y la creaci\u00f3n de empleo. Blanco ha realizado esas declaraciones durante","inLanguage":"es-ES","isPartOf":{"@id":"https:\/\/eldigitaldeasturias.com\/magazine365\/#website"},"breadcrumb":{"@id":"https:\/\/eldigitaldeasturias.com\/magazine365\/el-principado-de-asturias-destaca-el-potencial-del-turismo-rural\/#breadcrumblist"},"author":{"@id":"https:\/\/eldigitaldeasturias.com\/magazine365\/author\/admin\/#author"},"creator":{"@id":"https:\/\/eldigitaldeasturias.com\/magazine365\/author\/admin\/#author"},"image":{"@type":"ImageObject","url":"https:\/\/eldigitaldeasturias.com\/magazine365\/wp-content\/uploads\/2016\/01\/fotonoticia_20160121145951_800.jpg","@id":"https:\/\/eldigitaldeasturias.com\/magazine365\/el-principado-de-asturias-destaca-el-potencial-del-turismo-rural\/#mainImage","width":800,"height":556},"primaryImageOfPage":{"@id":"https:\/\/eldigitaldeasturias.com\/magazine365\/el-principado-de-asturias-destaca-el-potencial-del-turismo-rural\/#mainImage"},"datePublished":"2016-01-23T11:44:54+01:00","dateModified":"2016-01-23T11:44:54+01:00"},{"@type":"WebSite","@id":"https:\/\/eldigitaldeasturias.com\/magazine365\/#website","url":"https:\/\/eldigitaldeasturias.com\/magazine365\/","name":"El Digital de Asturias","description":"Revista de ocio, turismo y estilo de vida","inLanguage":"es-ES","publisher":{"@id":"https:\/\/eldigitaldeasturias.com\/magazine365\/#organization"}}]},"og:locale":"es_ES","og:site_name":"El Digital de Asturias \u2013 Revista de ocio, turismo y estilo de vida","og:type":"article","og:title":"El Principado de Asturias destaca el potencial del turismo rural | El Digital de Asturias","og:description":"El consejero de Empleo, Industria y Turismo del Gobierno de Asturias, el socialista Francisco Blanco, ha destacado este jueves en la Feria Internacional de Turismo (Fitur) que se celebra en Madrid el potencial del turismo rural y su contribuci\u00f3n a la vertebraci\u00f3n del territorio y la creaci\u00f3n de empleo. Blanco ha realizado esas declaraciones durante","og:url":"https:\/\/eldigitaldeasturias.com\/magazine365\/el-principado-de-asturias-destaca-el-potencial-del-turismo-rural\/","og:image":"https:\/\/eldigitaldeasturias.com\/magazine365\/wp-content\/uploads\/2016\/01\/fotonoticia_20160121145951_800.jpg","og:image:secure_url":"https:\/\/eldigitaldeasturias.com\/magazine365\/wp-content\/uploads\/2016\/01\/fotonoticia_20160121145951_800.jpg","og:image:width":800,"og:image:height":556,"article:published_time":"2016-01-23T10:44:54+00:00","article:modified_time":"2016-01-23T10:44:54+00:00","twitter:card":"summary_large_image","twitter:title":"El Principado de Asturias destaca el potencial del turismo rural | El Digital de Asturias","twitter:description":"El consejero de Empleo, Industria y Turismo del Gobierno de Asturias, el socialista Francisco Blanco, ha destacado este jueves en la Feria Internacional de Turismo (Fitur) que se celebra en Madrid el potencial del turismo rural y su contribuci\u00f3n a la vertebraci\u00f3n del territorio y la creaci\u00f3n de empleo. Blanco ha realizado esas declaraciones durante","twitter:image":"https:\/\/eldigitaldeasturias.com\/magazine365\/wp-content\/uploads\/2016\/01\/fotonoticia_20160121145951_800.jpg"},"aioseo_meta_data":{"post_id":"61631","title":null,"description":null,"keywords":null,"keyphrases":null,"primary_term":null,"canonical_url":null,"og_title":null,"og_description":null,"og_object_type":"default","og_image_type":"default","og_image_url":null,"og_image_width":null,"og_image_height":null,"og_image_custom_url":null,"og_image_custom_fields":null,"og_video":null,"og_custom_url":null,"og_article_section":null,"og_article_tags":null,"twitter_use_og":false,"twitter_card":"default","twitter_image_type":"default","twitter_image_url":null,"twitter_image_custom_url":null,"twitter_image_custom_fields":null,"twitter_title":null,"twitter_description":null,"schema":{"blockGraphs":[],"customGraphs":[],"default":{"data":{"Article":[],"Course":[],"Dataset":[],"FAQPage":[],"Movie":[],"Person":[],"Product":[],"ProductReview":[],"Car":[],"Recipe":[],"Service":[],"SoftwareApplication":[],"WebPage":[]},"graphName":"","isEnabled":true},"graphs":[],"defaultGraph":"","defaultPostTypeGraph":""},"schema_type":null,"schema_type_options":null,"pillar_content":false,"robots_default":true,"robots_noindex":false,"robots_noarchive":false,"robots_nosnippet":false,"robots_nofollow":false,"robots_noimageindex":false,"robots_noodp":false,"robots_notranslate":false,"robots_max_snippet":null,"robots_max_videopreview":null,"robots_max_imagepreview":"large","priority":null,"frequency":null,"location":null,"local_seo":null,"seo_analyzer_scan_date":"2025-09-25 09:23:03","breadcrumb_settings":null,"limit_modified_date":false,"open_ai":null,"ai":null,"created":"2021-03-08 21:46:43","updated":"2025-09-25 09:23:03"},"aioseo_breadcrumb":"<div class=\"aioseo-breadcrumbs\"><span class=\"aioseo-breadcrumb\">\n\t<a href=\"https:\/\/eldigitaldeasturias.com\/magazine365\" title=\"Home\">Home<\/a>\n<\/span><span class=\"aioseo-breadcrumb-separator\">\u2013<\/span><span class=\"aioseo-breadcrumb\">\n\t<a href=\"https:\/\/eldigitaldeasturias.com\/magazine365\/category\/noticias-actualidad\/\" title=\"Noticias y Actualidad\">Noticias y Actualidad<\/a>\n<\/span><span class=\"aioseo-breadcrumb-separator\">\u2013<\/span><span class=\"aioseo-breadcrumb\">\n\t<a href=\"https:\/\/eldigitaldeasturias.com\/magazine365\/el-principado-de-asturias-destaca-el-potencial-del-turismo-rural\/\" title=\"El Principado de Asturias destaca el potencial del turismo rural\">El Principado de Asturias destaca el potencial del turismo rural<\/a>\n<\/span><\/div>","aioseo_breadcrumb_json":[{"label":"Home","link":"https:\/\/eldigitaldeasturias.com\/magazine365"},{"label":"Noticias y Actualidad","link":"https:\/\/eldigitaldeasturias.com\/magazine365\/category\/noticias-actualidad\/"},{"label":"El Principado de Asturias destaca el potencial del turismo rural","link":"https:\/\/eldigitaldeasturias.com\/magazine365\/el-principado-de-asturias-destaca-el-potencial-del-turismo-rural\/"}],"_links":{"self":[{"href":"https:\/\/eldigitaldeasturias.com\/magazine365\/wp-json\/wp\/v2\/posts\/61631","targetHints":{"allow":["GET"]}}],"collection":[{"href":"https:\/\/eldigitaldeasturias.com\/magazine365\/wp-json\/wp\/v2\/posts"}],"about":[{"href":"https:\/\/eldigitaldeasturias.com\/magazine365\/wp-json\/wp\/v2\/types\/post"}],"author":[{"embeddable":true,"href":"https:\/\/eldigitaldeasturias.com\/magazine365\/wp-json\/wp\/v2\/users\/1"}],"replies":[{"embeddable":true,"href":"https:\/\/eldigitaldeasturias.com\/magazine365\/wp-json\/wp\/v2\/comments?post=61631"}],"version-history":[{"count":0,"href":"https:\/\/eldigitaldeasturias.com\/magazine365\/wp-json\/wp\/v2\/posts\/61631\/revisions"}],"wp:featuredmedia":[{"embeddable":true,"href":"https:\/\/eldigitaldeasturias.com\/magazine365\/wp-json\/wp\/v2\/media\/61632"}],"wp:attachment":[{"href":"https:\/\/eldigitaldeasturias.com\/magazine365\/wp-json\/wp\/v2\/media?parent=61631"}],"wp:term":[{"taxonomy":"category","embeddable":true,"href":"https:\/\/eldigitaldeasturias.com\/magazine365\/wp-json\/wp\/v2\/categories?post=61631"},{"taxonomy":"post_tag","embeddable":true,"href":"https:\/\/eldigitaldeasturias.com\/magazine365\/wp-json\/wp\/v2\/tags?post=61631"}],"curies":[{"name":"wp","href":"https:\/\/api.w.org\/{rel}","templated":true}]}}