{"id":61628,"date":"2016-01-23T11:43:41","date_gmt":"2016-01-23T10:43:41","guid":{"rendered":"http:\/\/eldigitaldeasturias.com\/magazine365\/?p=61628"},"modified":"2016-01-23T11:43:41","modified_gmt":"2016-01-23T10:43:41","slug":"el-concejal-de-turismo-de-zamora-ofrece-la-capital-como-ciudad-de-congresos-a-profesionales-del-sector","status":"publish","type":"post","link":"https:\/\/eldigitaldeasturias.com\/magazine365\/el-concejal-de-turismo-de-zamora-ofrece-la-capital-como-ciudad-de-congresos-a-profesionales-del-sector\/","title":{"rendered":"El concejal de Turismo de Zamora ofrece la capital como &#8216;ciudad de congresos&#8217; a profesionales del sector"},"content":{"rendered":"<p><img fetchpriority=\"high\" decoding=\"async\" class=\"alignleft size-medium wp-image-61629\" src=\"https:\/\/eldigitaldeasturias.com\/magazine365\/wp-content\/uploads\/2016\/01\/fotonoticia_20160121145922_800-360x223.jpg\" alt=\"fotonoticia_20160121145922_800\" width=\"360\" height=\"223\" srcset=\"https:\/\/eldigitaldeasturias.com\/magazine365\/wp-content\/uploads\/2016\/01\/fotonoticia_20160121145922_800-360x223.jpg 360w, https:\/\/eldigitaldeasturias.com\/magazine365\/wp-content\/uploads\/2016\/01\/fotonoticia_20160121145922_800-650x402.jpg 650w, https:\/\/eldigitaldeasturias.com\/magazine365\/wp-content\/uploads\/2016\/01\/fotonoticia_20160121145922_800-768x475.jpg 768w, https:\/\/eldigitaldeasturias.com\/magazine365\/wp-content\/uploads\/2016\/01\/fotonoticia_20160121145922_800-150x93.jpg 150w, https:\/\/eldigitaldeasturias.com\/magazine365\/wp-content\/uploads\/2016\/01\/fotonoticia_20160121145922_800-450x278.jpg 450w, https:\/\/eldigitaldeasturias.com\/magazine365\/wp-content\/uploads\/2016\/01\/fotonoticia_20160121145922_800-356x220.jpg 356w, https:\/\/eldigitaldeasturias.com\/magazine365\/wp-content\/uploads\/2016\/01\/fotonoticia_20160121145922_800-696x431.jpg 696w, https:\/\/eldigitaldeasturias.com\/magazine365\/wp-content\/uploads\/2016\/01\/fotonoticia_20160121145922_800-679x420.jpg 679w, https:\/\/eldigitaldeasturias.com\/magazine365\/wp-content\/uploads\/2016\/01\/fotonoticia_20160121145922_800-279x173.jpg 279w, https:\/\/eldigitaldeasturias.com\/magazine365\/wp-content\/uploads\/2016\/01\/fotonoticia_20160121145922_800-160x100.jpg 160w, https:\/\/eldigitaldeasturias.com\/magazine365\/wp-content\/uploads\/2016\/01\/fotonoticia_20160121145922_800.jpg 800w\" sizes=\"(max-width: 360px) 100vw, 360px\" \/>La Concejal\u00eda de Turismo del Ayuntamiento de Zamora quiere aprovechar su presencia en la Feria Fitur para potenciar la oferta de la capital como &#8216;ciudad de congresos&#8217;, una idea apoyada por las infraestructuras con las que cuentan y que ha ofrecido a profesionales del sector.<\/p>\n<p>En esta direcci\u00f3n, el concejal de Turismo, Christoph Strieder, se ha reunido con los representantes de la Federaci\u00f3n Espa\u00f1ola de empresas organizadoras y profesionales de congresos, quienes se han mostrado \u00abmuy interesados en los atractivos tur\u00edsticos de la ciudad as\u00ed como en conocer las dotaciones hosteleras y la infraestructura de servicios con los que cuenta la Zamora\u00bb para acoger este tipo de eventos.<\/p>\n<p>Seg\u00fan ha expuesto el Consistorio, el concejal de Turismo les ha informado detalladamente de todas las infraestructuras con las que cuenta la ciudad, as\u00ed como las distintas salas disponibles y sus capacidades, plazas hoteleras, establecimientos de restauraci\u00f3n y otros servicios adecuados para acoger todo tipo de congresos, simposios o reuniones profesionales y empresariales.<\/p>\n<p>Entre las pertenecientes a las instituciones p\u00fablicas (tambi\u00e9n de titularidad de la Diputaci\u00f3n) se incluyen la Alh\u00f3ndiga, el Teatro Principal, el Ramos Carri\u00f3n, el Colegio Universitario, la iglesia de la Encarnaci\u00f3n, el Campus Viriato o la Fundaci\u00f3n Rei Afonso Henriques.<\/p>\n<p>Otras salas est\u00e1n disponibles en los establecimientos de la capital, como el Parador, o los hoteles Horus, NH, dos Infantas, AC y Rey don Sancho; a los que se suman otros situados en los alrededores como el Valbusenda, el Convento I o Casa Aurelia.<\/p>\n<p>La ciudad dispone adem\u00e1s de una amplia capacidad de alojamiento con m\u00e1s de 700 habitaciones en hoteles de tres y cuatro estrellas, otras 70 plazas en hoteles de cinco estrellas, y una red importante de bares restaurantes que constituyen el complemento necesario para el desarrollo de los congresos.<\/p>\n<p>Precisamente este viernes acudir\u00e1n tambi\u00e9n a FITUR el alcalde de Zamora, Francisco Guarido, y el primer teniente de alcalde, Antidio Fag\u00fandez, quienes reforzar\u00e1n la promoci\u00f3n de Zamora como destino tur\u00edstico y ciudad de congresos.<\/p>\n","protected":false},"excerpt":{"rendered":"<p>La Concejal\u00eda de Turismo del Ayuntamiento de Zamora quiere aprovechar su presencia en la Feria Fitur para potenciar la oferta de la capital como &#8216;ciudad de congresos&#8217;, una idea apoyada por las infraestructuras con las que cuentan y que ha ofrecido a profesionales del sector. En esta direcci\u00f3n, el concejal de Turismo, Christoph Strieder, se<\/p>\n","protected":false},"author":1,"featured_media":61629,"comment_status":"open","ping_status":"closed","sticky":false,"template":"","format":"standard","meta":{"footnotes":""},"categories":[224],"tags":[],"class_list":{"0":"post-61628","1":"post","2":"type-post","3":"status-publish","4":"format-standard","5":"has-post-thumbnail","7":"category-noticias-actualidad"},"aioseo_notices":[],"aioseo_head":"\n\t\t<!-- All in One SEO Pro 4.9.6.1 - aioseo.com -->\n\t<meta name=\"description\" content=\"La Concejal\u00eda de Turismo del Ayuntamiento de Zamora quiere aprovechar su presencia en la Feria Fitur para potenciar la oferta de la capital como &#039;ciudad de congresos&#039;, una idea apoyada por las infraestructuras con las que cuentan y que ha ofrecido a profesionales del sector. En esta direcci\u00f3n, el concejal de Turismo, Christoph Strieder, se\" \/>\n\t<meta name=\"robots\" content=\"max-image-preview:large\" \/>\n\t<meta name=\"author\" content=\"admin\"\/>\n\t<meta name=\"google-site-verification\" content=\"UA-38556648-1\" \/>\n\t<meta name=\"keywords\" content=\"noticias y actualidad\" \/>\n\t<link rel=\"canonical\" href=\"https:\/\/eldigitaldeasturias.com\/magazine365\/el-concejal-de-turismo-de-zamora-ofrece-la-capital-como-ciudad-de-congresos-a-profesionales-del-sector\/\" \/>\n\t<meta name=\"generator\" content=\"All in One SEO Pro (AIOSEO) 4.9.6.1\" \/>\n\t\t<meta property=\"og:locale\" content=\"es_ES\" \/>\n\t\t<meta property=\"og:site_name\" content=\"El Digital de Asturias \u2013 Revista de ocio, turismo y estilo de vida\" \/>\n\t\t<meta property=\"og:type\" content=\"article\" \/>\n\t\t<meta property=\"og:title\" content=\"El concejal de Turismo de Zamora ofrece la capital como \u2018ciudad de congresos\u2019 a profesionales del sector | El Digital de Asturias\" \/>\n\t\t<meta property=\"og:description\" content=\"La Concejal\u00eda de Turismo del Ayuntamiento de Zamora quiere aprovechar su presencia en la Feria Fitur para potenciar la oferta de la capital como &#039;ciudad de congresos&#039;, una idea apoyada por las infraestructuras con las que cuentan y que ha ofrecido a profesionales del sector. En esta direcci\u00f3n, el concejal de Turismo, Christoph Strieder, se\" \/>\n\t\t<meta property=\"og:url\" content=\"https:\/\/eldigitaldeasturias.com\/magazine365\/el-concejal-de-turismo-de-zamora-ofrece-la-capital-como-ciudad-de-congresos-a-profesionales-del-sector\/\" \/>\n\t\t<meta property=\"og:image\" content=\"https:\/\/eldigitaldeasturias.com\/magazine365\/wp-content\/uploads\/2016\/01\/fotonoticia_20160121145922_800.jpg\" \/>\n\t\t<meta property=\"og:image:secure_url\" content=\"https:\/\/eldigitaldeasturias.com\/magazine365\/wp-content\/uploads\/2016\/01\/fotonoticia_20160121145922_800.jpg\" \/>\n\t\t<meta property=\"og:image:width\" content=\"800\" \/>\n\t\t<meta property=\"og:image:height\" content=\"495\" \/>\n\t\t<meta property=\"article:published_time\" content=\"2016-01-23T10:43:41+00:00\" \/>\n\t\t<meta property=\"article:modified_time\" content=\"2016-01-23T10:43:41+00:00\" \/>\n\t\t<meta name=\"twitter:card\" content=\"summary_large_image\" \/>\n\t\t<meta name=\"twitter:title\" content=\"El concejal de Turismo de Zamora ofrece la capital como \u2018ciudad de congresos\u2019 a profesionales del sector | El Digital de Asturias\" \/>\n\t\t<meta name=\"twitter:description\" content=\"La Concejal\u00eda de Turismo del Ayuntamiento de Zamora quiere aprovechar su presencia en la Feria Fitur para potenciar la oferta de la capital como &#039;ciudad de congresos&#039;, una idea apoyada por las infraestructuras con las que cuentan y que ha ofrecido a profesionales del sector. En esta direcci\u00f3n, el concejal de Turismo, Christoph Strieder, se\" \/>\n\t\t<meta name=\"twitter:image\" content=\"https:\/\/eldigitaldeasturias.com\/magazine365\/wp-content\/uploads\/2016\/01\/fotonoticia_20160121145922_800.jpg\" \/>\n\t\t<script type=\"application\/ld+json\" class=\"aioseo-schema\">\n\t\t\t{\"@context\":\"https:\\\/\\\/schema.org\",\"@graph\":[{\"@type\":\"Article\",\"@id\":\"https:\\\/\\\/eldigitaldeasturias.com\\\/magazine365\\\/el-concejal-de-turismo-de-zamora-ofrece-la-capital-como-ciudad-de-congresos-a-profesionales-del-sector\\\/#article\",\"name\":\"El concejal de Turismo de Zamora ofrece la capital como \\u2018ciudad de congresos\\u2019 a profesionales del sector | El Digital de Asturias\",\"headline\":\"El concejal de Turismo de Zamora ofrece la capital como &#8216;ciudad de congresos&#8217; a profesionales del sector\",\"author\":{\"@id\":\"https:\\\/\\\/eldigitaldeasturias.com\\\/magazine365\\\/author\\\/admin\\\/#author\"},\"publisher\":{\"@id\":\"https:\\\/\\\/eldigitaldeasturias.com\\\/magazine365\\\/#organization\"},\"image\":{\"@type\":\"ImageObject\",\"url\":\"https:\\\/\\\/eldigitaldeasturias.com\\\/magazine365\\\/wp-content\\\/uploads\\\/2016\\\/01\\\/fotonoticia_20160121145922_800.jpg\",\"width\":800,\"height\":495},\"datePublished\":\"2016-01-23T11:43:41+01:00\",\"dateModified\":\"2016-01-23T11:43:41+01:00\",\"inLanguage\":\"es-ES\",\"mainEntityOfPage\":{\"@id\":\"https:\\\/\\\/eldigitaldeasturias.com\\\/magazine365\\\/el-concejal-de-turismo-de-zamora-ofrece-la-capital-como-ciudad-de-congresos-a-profesionales-del-sector\\\/#webpage\"},\"isPartOf\":{\"@id\":\"https:\\\/\\\/eldigitaldeasturias.com\\\/magazine365\\\/el-concejal-de-turismo-de-zamora-ofrece-la-capital-como-ciudad-de-congresos-a-profesionales-del-sector\\\/#webpage\"},\"articleSection\":\"Noticias y Actualidad\"},{\"@type\":\"BreadcrumbList\",\"@id\":\"https:\\\/\\\/eldigitaldeasturias.com\\\/magazine365\\\/el-concejal-de-turismo-de-zamora-ofrece-la-capital-como-ciudad-de-congresos-a-profesionales-del-sector\\\/#breadcrumblist\",\"itemListElement\":[{\"@type\":\"ListItem\",\"@id\":\"https:\\\/\\\/eldigitaldeasturias.com\\\/magazine365#listItem\",\"position\":1,\"name\":\"Home\",\"item\":\"https:\\\/\\\/eldigitaldeasturias.com\\\/magazine365\",\"nextItem\":{\"@type\":\"ListItem\",\"@id\":\"https:\\\/\\\/eldigitaldeasturias.com\\\/magazine365\\\/category\\\/noticias-actualidad\\\/#listItem\",\"name\":\"Noticias y Actualidad\"}},{\"@type\":\"ListItem\",\"@id\":\"https:\\\/\\\/eldigitaldeasturias.com\\\/magazine365\\\/category\\\/noticias-actualidad\\\/#listItem\",\"position\":2,\"name\":\"Noticias y Actualidad\",\"item\":\"https:\\\/\\\/eldigitaldeasturias.com\\\/magazine365\\\/category\\\/noticias-actualidad\\\/\",\"nextItem\":{\"@type\":\"ListItem\",\"@id\":\"https:\\\/\\\/eldigitaldeasturias.com\\\/magazine365\\\/el-concejal-de-turismo-de-zamora-ofrece-la-capital-como-ciudad-de-congresos-a-profesionales-del-sector\\\/#listItem\",\"name\":\"El concejal de Turismo de Zamora ofrece la capital como &#8216;ciudad de congresos&#8217; a profesionales del sector\"},\"previousItem\":{\"@type\":\"ListItem\",\"@id\":\"https:\\\/\\\/eldigitaldeasturias.com\\\/magazine365#listItem\",\"name\":\"Home\"}},{\"@type\":\"ListItem\",\"@id\":\"https:\\\/\\\/eldigitaldeasturias.com\\\/magazine365\\\/el-concejal-de-turismo-de-zamora-ofrece-la-capital-como-ciudad-de-congresos-a-profesionales-del-sector\\\/#listItem\",\"position\":3,\"name\":\"El concejal de Turismo de Zamora ofrece la capital como &#8216;ciudad de congresos&#8217; a profesionales del sector\",\"previousItem\":{\"@type\":\"ListItem\",\"@id\":\"https:\\\/\\\/eldigitaldeasturias.com\\\/magazine365\\\/category\\\/noticias-actualidad\\\/#listItem\",\"name\":\"Noticias y Actualidad\"}}]},{\"@type\":\"Organization\",\"@id\":\"https:\\\/\\\/eldigitaldeasturias.com\\\/magazine365\\\/#organization\",\"name\":\"El digital de Asturias\",\"description\":\"Revista de ocio, turismo y estilo de vida\",\"url\":\"https:\\\/\\\/eldigitaldeasturias.com\\\/magazine365\\\/\",\"logo\":{\"@type\":\"ImageObject\",\"url\":\"https:\\\/\\\/www.eldigitaldeasturias.com\\\/noticias\\\/wp-content\\\/uploads\\\/2020\\\/12\\\/EDA.jpg\",\"@id\":\"https:\\\/\\\/eldigitaldeasturias.com\\\/magazine365\\\/el-concejal-de-turismo-de-zamora-ofrece-la-capital-como-ciudad-de-congresos-a-profesionales-del-sector\\\/#organizationLogo\"},\"image\":{\"@id\":\"https:\\\/\\\/eldigitaldeasturias.com\\\/magazine365\\\/el-concejal-de-turismo-de-zamora-ofrece-la-capital-como-ciudad-de-congresos-a-profesionales-del-sector\\\/#organizationLogo\"}},{\"@type\":\"Person\",\"@id\":\"https:\\\/\\\/eldigitaldeasturias.com\\\/magazine365\\\/author\\\/admin\\\/#author\",\"url\":\"https:\\\/\\\/eldigitaldeasturias.com\\\/magazine365\\\/author\\\/admin\\\/\",\"name\":\"admin\",\"image\":{\"@type\":\"ImageObject\",\"@id\":\"https:\\\/\\\/eldigitaldeasturias.com\\\/magazine365\\\/el-concejal-de-turismo-de-zamora-ofrece-la-capital-como-ciudad-de-congresos-a-profesionales-del-sector\\\/#authorImage\",\"url\":\"https:\\\/\\\/eldigitaldeasturias.com\\\/magazine365\\\/wp-content\\\/litespeed\\\/avatar\\\/e571bcf59a0edd6fa6838245a470f2fe.jpg?ver=1776969259\",\"width\":96,\"height\":96,\"caption\":\"admin\"}},{\"@type\":\"WebPage\",\"@id\":\"https:\\\/\\\/eldigitaldeasturias.com\\\/magazine365\\\/el-concejal-de-turismo-de-zamora-ofrece-la-capital-como-ciudad-de-congresos-a-profesionales-del-sector\\\/#webpage\",\"url\":\"https:\\\/\\\/eldigitaldeasturias.com\\\/magazine365\\\/el-concejal-de-turismo-de-zamora-ofrece-la-capital-como-ciudad-de-congresos-a-profesionales-del-sector\\\/\",\"name\":\"El concejal de Turismo de Zamora ofrece la capital como \\u2018ciudad de congresos\\u2019 a profesionales del sector | El Digital de Asturias\",\"description\":\"La Concejal\\u00eda de Turismo del Ayuntamiento de Zamora quiere aprovechar su presencia en la Feria Fitur para potenciar la oferta de la capital como 'ciudad de congresos', una idea apoyada por las infraestructuras con las que cuentan y que ha ofrecido a profesionales del sector. En esta direcci\\u00f3n, el concejal de Turismo, Christoph Strieder, se\",\"inLanguage\":\"es-ES\",\"isPartOf\":{\"@id\":\"https:\\\/\\\/eldigitaldeasturias.com\\\/magazine365\\\/#website\"},\"breadcrumb\":{\"@id\":\"https:\\\/\\\/eldigitaldeasturias.com\\\/magazine365\\\/el-concejal-de-turismo-de-zamora-ofrece-la-capital-como-ciudad-de-congresos-a-profesionales-del-sector\\\/#breadcrumblist\"},\"author\":{\"@id\":\"https:\\\/\\\/eldigitaldeasturias.com\\\/magazine365\\\/author\\\/admin\\\/#author\"},\"creator\":{\"@id\":\"https:\\\/\\\/eldigitaldeasturias.com\\\/magazine365\\\/author\\\/admin\\\/#author\"},\"image\":{\"@type\":\"ImageObject\",\"url\":\"https:\\\/\\\/eldigitaldeasturias.com\\\/magazine365\\\/wp-content\\\/uploads\\\/2016\\\/01\\\/fotonoticia_20160121145922_800.jpg\",\"@id\":\"https:\\\/\\\/eldigitaldeasturias.com\\\/magazine365\\\/el-concejal-de-turismo-de-zamora-ofrece-la-capital-como-ciudad-de-congresos-a-profesionales-del-sector\\\/#mainImage\",\"width\":800,\"height\":495},\"primaryImageOfPage\":{\"@id\":\"https:\\\/\\\/eldigitaldeasturias.com\\\/magazine365\\\/el-concejal-de-turismo-de-zamora-ofrece-la-capital-como-ciudad-de-congresos-a-profesionales-del-sector\\\/#mainImage\"},\"datePublished\":\"2016-01-23T11:43:41+01:00\",\"dateModified\":\"2016-01-23T11:43:41+01:00\"},{\"@type\":\"WebSite\",\"@id\":\"https:\\\/\\\/eldigitaldeasturias.com\\\/magazine365\\\/#website\",\"url\":\"https:\\\/\\\/eldigitaldeasturias.com\\\/magazine365\\\/\",\"name\":\"El Digital de Asturias\",\"description\":\"Revista de ocio, turismo y estilo de vida\",\"inLanguage\":\"es-ES\",\"publisher\":{\"@id\":\"https:\\\/\\\/eldigitaldeasturias.com\\\/magazine365\\\/#organization\"}}]}\n\t\t<\/script>\n\t\t<!-- All in One SEO Pro -->\r\n\t\t<title>El concejal de Turismo de Zamora ofrece la capital como \u2018ciudad de congresos\u2019 a profesionales del sector | El Digital de Asturias<\/title>\n\n","aioseo_head_json":{"title":"El concejal de Turismo de Zamora ofrece la capital como \u2018ciudad de congresos\u2019 a profesionales del sector | El Digital de Asturias","description":"La Concejal\u00eda de Turismo del Ayuntamiento de Zamora quiere aprovechar su presencia en la Feria Fitur para potenciar la oferta de la capital como 'ciudad de congresos', una idea apoyada por las infraestructuras con las que cuentan y que ha ofrecido a profesionales del sector. En esta direcci\u00f3n, el concejal de Turismo, Christoph Strieder, se","canonical_url":"https:\/\/eldigitaldeasturias.com\/magazine365\/el-concejal-de-turismo-de-zamora-ofrece-la-capital-como-ciudad-de-congresos-a-profesionales-del-sector\/","robots":"max-image-preview:large","keywords":"noticias y actualidad","webmasterTools":{"google-site-verification":"UA-38556648-1","miscellaneous":""},"schema":{"@context":"https:\/\/schema.org","@graph":[{"@type":"Article","@id":"https:\/\/eldigitaldeasturias.com\/magazine365\/el-concejal-de-turismo-de-zamora-ofrece-la-capital-como-ciudad-de-congresos-a-profesionales-del-sector\/#article","name":"El concejal de Turismo de Zamora ofrece la capital como \u2018ciudad de congresos\u2019 a profesionales del sector | El Digital de Asturias","headline":"El concejal de Turismo de Zamora ofrece la capital como &#8216;ciudad de congresos&#8217; a profesionales del sector","author":{"@id":"https:\/\/eldigitaldeasturias.com\/magazine365\/author\/admin\/#author"},"publisher":{"@id":"https:\/\/eldigitaldeasturias.com\/magazine365\/#organization"},"image":{"@type":"ImageObject","url":"https:\/\/eldigitaldeasturias.com\/magazine365\/wp-content\/uploads\/2016\/01\/fotonoticia_20160121145922_800.jpg","width":800,"height":495},"datePublished":"2016-01-23T11:43:41+01:00","dateModified":"2016-01-23T11:43:41+01:00","inLanguage":"es-ES","mainEntityOfPage":{"@id":"https:\/\/eldigitaldeasturias.com\/magazine365\/el-concejal-de-turismo-de-zamora-ofrece-la-capital-como-ciudad-de-congresos-a-profesionales-del-sector\/#webpage"},"isPartOf":{"@id":"https:\/\/eldigitaldeasturias.com\/magazine365\/el-concejal-de-turismo-de-zamora-ofrece-la-capital-como-ciudad-de-congresos-a-profesionales-del-sector\/#webpage"},"articleSection":"Noticias y Actualidad"},{"@type":"BreadcrumbList","@id":"https:\/\/eldigitaldeasturias.com\/magazine365\/el-concejal-de-turismo-de-zamora-ofrece-la-capital-como-ciudad-de-congresos-a-profesionales-del-sector\/#breadcrumblist","itemListElement":[{"@type":"ListItem","@id":"https:\/\/eldigitaldeasturias.com\/magazine365#listItem","position":1,"name":"Home","item":"https:\/\/eldigitaldeasturias.com\/magazine365","nextItem":{"@type":"ListItem","@id":"https:\/\/eldigitaldeasturias.com\/magazine365\/category\/noticias-actualidad\/#listItem","name":"Noticias y Actualidad"}},{"@type":"ListItem","@id":"https:\/\/eldigitaldeasturias.com\/magazine365\/category\/noticias-actualidad\/#listItem","position":2,"name":"Noticias y Actualidad","item":"https:\/\/eldigitaldeasturias.com\/magazine365\/category\/noticias-actualidad\/","nextItem":{"@type":"ListItem","@id":"https:\/\/eldigitaldeasturias.com\/magazine365\/el-concejal-de-turismo-de-zamora-ofrece-la-capital-como-ciudad-de-congresos-a-profesionales-del-sector\/#listItem","name":"El concejal de Turismo de Zamora ofrece la capital como &#8216;ciudad de congresos&#8217; a profesionales del sector"},"previousItem":{"@type":"ListItem","@id":"https:\/\/eldigitaldeasturias.com\/magazine365#listItem","name":"Home"}},{"@type":"ListItem","@id":"https:\/\/eldigitaldeasturias.com\/magazine365\/el-concejal-de-turismo-de-zamora-ofrece-la-capital-como-ciudad-de-congresos-a-profesionales-del-sector\/#listItem","position":3,"name":"El concejal de Turismo de Zamora ofrece la capital como &#8216;ciudad de congresos&#8217; a profesionales del sector","previousItem":{"@type":"ListItem","@id":"https:\/\/eldigitaldeasturias.com\/magazine365\/category\/noticias-actualidad\/#listItem","name":"Noticias y Actualidad"}}]},{"@type":"Organization","@id":"https:\/\/eldigitaldeasturias.com\/magazine365\/#organization","name":"El digital de Asturias","description":"Revista de ocio, turismo y estilo de vida","url":"https:\/\/eldigitaldeasturias.com\/magazine365\/","logo":{"@type":"ImageObject","url":"https:\/\/www.eldigitaldeasturias.com\/noticias\/wp-content\/uploads\/2020\/12\/EDA.jpg","@id":"https:\/\/eldigitaldeasturias.com\/magazine365\/el-concejal-de-turismo-de-zamora-ofrece-la-capital-como-ciudad-de-congresos-a-profesionales-del-sector\/#organizationLogo"},"image":{"@id":"https:\/\/eldigitaldeasturias.com\/magazine365\/el-concejal-de-turismo-de-zamora-ofrece-la-capital-como-ciudad-de-congresos-a-profesionales-del-sector\/#organizationLogo"}},{"@type":"Person","@id":"https:\/\/eldigitaldeasturias.com\/magazine365\/author\/admin\/#author","url":"https:\/\/eldigitaldeasturias.com\/magazine365\/author\/admin\/","name":"admin","image":{"@type":"ImageObject","@id":"https:\/\/eldigitaldeasturias.com\/magazine365\/el-concejal-de-turismo-de-zamora-ofrece-la-capital-como-ciudad-de-congresos-a-profesionales-del-sector\/#authorImage","url":"https:\/\/eldigitaldeasturias.com\/magazine365\/wp-content\/litespeed\/avatar\/e571bcf59a0edd6fa6838245a470f2fe.jpg?ver=1776969259","width":96,"height":96,"caption":"admin"}},{"@type":"WebPage","@id":"https:\/\/eldigitaldeasturias.com\/magazine365\/el-concejal-de-turismo-de-zamora-ofrece-la-capital-como-ciudad-de-congresos-a-profesionales-del-sector\/#webpage","url":"https:\/\/eldigitaldeasturias.com\/magazine365\/el-concejal-de-turismo-de-zamora-ofrece-la-capital-como-ciudad-de-congresos-a-profesionales-del-sector\/","name":"El concejal de Turismo de Zamora ofrece la capital como \u2018ciudad de congresos\u2019 a profesionales del sector | El Digital de Asturias","description":"La Concejal\u00eda de Turismo del Ayuntamiento de Zamora quiere aprovechar su presencia en la Feria Fitur para potenciar la oferta de la capital como 'ciudad de congresos', una idea apoyada por las infraestructuras con las que cuentan y que ha ofrecido a profesionales del sector. En esta direcci\u00f3n, el concejal de Turismo, Christoph Strieder, se","inLanguage":"es-ES","isPartOf":{"@id":"https:\/\/eldigitaldeasturias.com\/magazine365\/#website"},"breadcrumb":{"@id":"https:\/\/eldigitaldeasturias.com\/magazine365\/el-concejal-de-turismo-de-zamora-ofrece-la-capital-como-ciudad-de-congresos-a-profesionales-del-sector\/#breadcrumblist"},"author":{"@id":"https:\/\/eldigitaldeasturias.com\/magazine365\/author\/admin\/#author"},"creator":{"@id":"https:\/\/eldigitaldeasturias.com\/magazine365\/author\/admin\/#author"},"image":{"@type":"ImageObject","url":"https:\/\/eldigitaldeasturias.com\/magazine365\/wp-content\/uploads\/2016\/01\/fotonoticia_20160121145922_800.jpg","@id":"https:\/\/eldigitaldeasturias.com\/magazine365\/el-concejal-de-turismo-de-zamora-ofrece-la-capital-como-ciudad-de-congresos-a-profesionales-del-sector\/#mainImage","width":800,"height":495},"primaryImageOfPage":{"@id":"https:\/\/eldigitaldeasturias.com\/magazine365\/el-concejal-de-turismo-de-zamora-ofrece-la-capital-como-ciudad-de-congresos-a-profesionales-del-sector\/#mainImage"},"datePublished":"2016-01-23T11:43:41+01:00","dateModified":"2016-01-23T11:43:41+01:00"},{"@type":"WebSite","@id":"https:\/\/eldigitaldeasturias.com\/magazine365\/#website","url":"https:\/\/eldigitaldeasturias.com\/magazine365\/","name":"El Digital de Asturias","description":"Revista de ocio, turismo y estilo de vida","inLanguage":"es-ES","publisher":{"@id":"https:\/\/eldigitaldeasturias.com\/magazine365\/#organization"}}]},"og:locale":"es_ES","og:site_name":"El Digital de Asturias \u2013 Revista de ocio, turismo y estilo de vida","og:type":"article","og:title":"El concejal de Turismo de Zamora ofrece la capital como \u2018ciudad de congresos\u2019 a profesionales del sector | El Digital de Asturias","og:description":"La Concejal\u00eda de Turismo del Ayuntamiento de Zamora quiere aprovechar su presencia en la Feria Fitur para potenciar la oferta de la capital como 'ciudad de congresos', una idea apoyada por las infraestructuras con las que cuentan y que ha ofrecido a profesionales del sector. En esta direcci\u00f3n, el concejal de Turismo, Christoph Strieder, se","og:url":"https:\/\/eldigitaldeasturias.com\/magazine365\/el-concejal-de-turismo-de-zamora-ofrece-la-capital-como-ciudad-de-congresos-a-profesionales-del-sector\/","og:image":"https:\/\/eldigitaldeasturias.com\/magazine365\/wp-content\/uploads\/2016\/01\/fotonoticia_20160121145922_800.jpg","og:image:secure_url":"https:\/\/eldigitaldeasturias.com\/magazine365\/wp-content\/uploads\/2016\/01\/fotonoticia_20160121145922_800.jpg","og:image:width":800,"og:image:height":495,"article:published_time":"2016-01-23T10:43:41+00:00","article:modified_time":"2016-01-23T10:43:41+00:00","twitter:card":"summary_large_image","twitter:title":"El concejal de Turismo de Zamora ofrece la capital como \u2018ciudad de congresos\u2019 a profesionales del sector | El Digital de Asturias","twitter:description":"La Concejal\u00eda de Turismo del Ayuntamiento de Zamora quiere aprovechar su presencia en la Feria Fitur para potenciar la oferta de la capital como 'ciudad de congresos', una idea apoyada por las infraestructuras con las que cuentan y que ha ofrecido a profesionales del sector. En esta direcci\u00f3n, el concejal de Turismo, Christoph Strieder, se","twitter:image":"https:\/\/eldigitaldeasturias.com\/magazine365\/wp-content\/uploads\/2016\/01\/fotonoticia_20160121145922_800.jpg"},"aioseo_meta_data":{"post_id":"61628","title":null,"description":null,"keywords":null,"keyphrases":null,"primary_term":null,"canonical_url":null,"og_title":null,"og_description":null,"og_object_type":"default","og_image_type":"default","og_image_url":null,"og_image_width":null,"og_image_height":null,"og_image_custom_url":null,"og_image_custom_fields":null,"og_video":null,"og_custom_url":null,"og_article_section":null,"og_article_tags":null,"twitter_use_og":false,"twitter_card":"default","twitter_image_type":"default","twitter_image_url":null,"twitter_image_custom_url":null,"twitter_image_custom_fields":null,"twitter_title":null,"twitter_description":null,"schema":{"blockGraphs":[],"customGraphs":[],"default":{"data":{"Article":[],"Course":[],"Dataset":[],"FAQPage":[],"Movie":[],"Person":[],"Product":[],"ProductReview":[],"Car":[],"Recipe":[],"Service":[],"SoftwareApplication":[],"WebPage":[]},"graphName":"","isEnabled":true},"graphs":[],"defaultGraph":"","defaultPostTypeGraph":""},"schema_type":null,"schema_type_options":null,"pillar_content":false,"robots_default":true,"robots_noindex":false,"robots_noarchive":false,"robots_nosnippet":false,"robots_nofollow":false,"robots_noimageindex":false,"robots_noodp":false,"robots_notranslate":false,"robots_max_snippet":null,"robots_max_videopreview":null,"robots_max_imagepreview":"large","priority":null,"frequency":null,"location":null,"local_seo":null,"seo_analyzer_scan_date":"2025-09-25 09:23:02","breadcrumb_settings":null,"limit_modified_date":false,"open_ai":null,"ai":null,"created":"2021-03-08 21:46:43","updated":"2025-09-25 09:23:02"},"aioseo_breadcrumb":"<div class=\"aioseo-breadcrumbs\"><span class=\"aioseo-breadcrumb\">\n\t<a href=\"https:\/\/eldigitaldeasturias.com\/magazine365\" title=\"Home\">Home<\/a>\n<\/span><span class=\"aioseo-breadcrumb-separator\">\u2013<\/span><span class=\"aioseo-breadcrumb\">\n\t<a href=\"https:\/\/eldigitaldeasturias.com\/magazine365\/category\/noticias-actualidad\/\" title=\"Noticias y Actualidad\">Noticias y Actualidad<\/a>\n<\/span><span class=\"aioseo-breadcrumb-separator\">\u2013<\/span><span class=\"aioseo-breadcrumb\">\n\t<a href=\"https:\/\/eldigitaldeasturias.com\/magazine365\/el-concejal-de-turismo-de-zamora-ofrece-la-capital-como-ciudad-de-congresos-a-profesionales-del-sector\/\" title=\"El concejal de Turismo de Zamora ofrece la capital como \u2018ciudad de congresos\u2019 a profesionales del sector\">El concejal de Turismo de Zamora ofrece la capital como \u2018ciudad de congresos\u2019 a profesionales del sector<\/a>\n<\/span><\/div>","aioseo_breadcrumb_json":[{"label":"Home","link":"https:\/\/eldigitaldeasturias.com\/magazine365"},{"label":"Noticias y Actualidad","link":"https:\/\/eldigitaldeasturias.com\/magazine365\/category\/noticias-actualidad\/"},{"label":"El concejal de Turismo de Zamora ofrece la capital como &#8216;ciudad de congresos&#8217; a profesionales del sector","link":"https:\/\/eldigitaldeasturias.com\/magazine365\/el-concejal-de-turismo-de-zamora-ofrece-la-capital-como-ciudad-de-congresos-a-profesionales-del-sector\/"}],"_links":{"self":[{"href":"https:\/\/eldigitaldeasturias.com\/magazine365\/wp-json\/wp\/v2\/posts\/61628","targetHints":{"allow":["GET"]}}],"collection":[{"href":"https:\/\/eldigitaldeasturias.com\/magazine365\/wp-json\/wp\/v2\/posts"}],"about":[{"href":"https:\/\/eldigitaldeasturias.com\/magazine365\/wp-json\/wp\/v2\/types\/post"}],"author":[{"embeddable":true,"href":"https:\/\/eldigitaldeasturias.com\/magazine365\/wp-json\/wp\/v2\/users\/1"}],"replies":[{"embeddable":true,"href":"https:\/\/eldigitaldeasturias.com\/magazine365\/wp-json\/wp\/v2\/comments?post=61628"}],"version-history":[{"count":0,"href":"https:\/\/eldigitaldeasturias.com\/magazine365\/wp-json\/wp\/v2\/posts\/61628\/revisions"}],"wp:featuredmedia":[{"embeddable":true,"href":"https:\/\/eldigitaldeasturias.com\/magazine365\/wp-json\/wp\/v2\/media\/61629"}],"wp:attachment":[{"href":"https:\/\/eldigitaldeasturias.com\/magazine365\/wp-json\/wp\/v2\/media?parent=61628"}],"wp:term":[{"taxonomy":"category","embeddable":true,"href":"https:\/\/eldigitaldeasturias.com\/magazine365\/wp-json\/wp\/v2\/categories?post=61628"},{"taxonomy":"post_tag","embeddable":true,"href":"https:\/\/eldigitaldeasturias.com\/magazine365\/wp-json\/wp\/v2\/tags?post=61628"}],"curies":[{"name":"wp","href":"https:\/\/api.w.org\/{rel}","templated":true}]}}