{"id":61625,"date":"2016-01-23T11:42:37","date_gmt":"2016-01-23T10:42:37","guid":{"rendered":"http:\/\/eldigitaldeasturias.com\/magazine365\/?p=61625"},"modified":"2016-01-23T11:42:37","modified_gmt":"2016-01-23T10:42:37","slug":"la-junta-presenta-tus-raices-en-andalucia","status":"publish","type":"post","link":"https:\/\/eldigitaldeasturias.com\/magazine365\/la-junta-presenta-tus-raices-en-andalucia\/","title":{"rendered":"La Junta presenta &#8216;Tus Ra\u00edces en Andaluc\u00eda&#8217;"},"content":{"rendered":"<p><img fetchpriority=\"high\" decoding=\"async\" class=\"alignleft size-medium wp-image-61626\" src=\"https:\/\/eldigitaldeasturias.com\/magazine365\/wp-content\/uploads\/2016\/01\/fotonoticia_20160121145838_800-360x187.jpg\" alt=\"fotonoticia_20160121145838_800\" width=\"360\" height=\"187\" srcset=\"https:\/\/eldigitaldeasturias.com\/magazine365\/wp-content\/uploads\/2016\/01\/fotonoticia_20160121145838_800-360x187.jpg 360w, https:\/\/eldigitaldeasturias.com\/magazine365\/wp-content\/uploads\/2016\/01\/fotonoticia_20160121145838_800-650x337.jpg 650w, https:\/\/eldigitaldeasturias.com\/magazine365\/wp-content\/uploads\/2016\/01\/fotonoticia_20160121145838_800-768x398.jpg 768w, https:\/\/eldigitaldeasturias.com\/magazine365\/wp-content\/uploads\/2016\/01\/fotonoticia_20160121145838_800-150x78.jpg 150w, https:\/\/eldigitaldeasturias.com\/magazine365\/wp-content\/uploads\/2016\/01\/fotonoticia_20160121145838_800-450x233.jpg 450w, https:\/\/eldigitaldeasturias.com\/magazine365\/wp-content\/uploads\/2016\/01\/fotonoticia_20160121145838_800-696x361.jpg 696w, https:\/\/eldigitaldeasturias.com\/magazine365\/wp-content\/uploads\/2016\/01\/fotonoticia_20160121145838_800.jpg 800w\" sizes=\"(max-width: 360px) 100vw, 360px\" \/>El consejero de Turismo y Deporte, Francisco Javier Fern\u00e1ndez, ha presentado este jueves en el marco de la Feria Internacional de Turismo (Fitur 2016) &#8216;Tus Ra\u00edces en Andaluc\u00eda&#8217;, un \u00abambicioso\u00bb proyecto centrado en la creaci\u00f3n, desarrollo y promoci\u00f3n de productos tur\u00edsticos relacionados con el denominado \u00abturismo de ra\u00edces, geneal\u00f3gico o ancestral\u00bb.<\/p>\n<p>La iniciativa, basada en sentimientos, lazos culturales, hist\u00f3ricos y familiares que unen regiones, pa\u00edses y culturas y que en, el caso de la comunidad, se extienden por numerosas latitudes del planeta, prev\u00e9 la puesta en marcha de 82 acciones y una inversi\u00f3n de 284,000 euros durante 2016.<\/p>\n<p>&#8216;Tus Ra\u00edces en Andaluc\u00eda&#8217; est\u00e1 dirigido, en primer lugar, a emigrantes andaluces y sus descendientes residentes fuera de la comunidad, y las acciones enmarcadas en este grupo de potenciales turistas est\u00e1n destinadas tanto al mercado nacional como internacional, en aquellas zonas que han concentrado los mayores flujos migratorios procedentes de Andaluc\u00eda. As\u00ed, como primer emisor objetivo se sit\u00faa Catalu\u00f1a, mientras que en el \u00e1mbito internacional destacan, por una parte, Argentina y Brasil; y por otra Francia, Alemania, Suiza, Reino unido, Holanda y B\u00e9lgica.<\/p>\n<p>En un segundo grupo de turistas, se incluyen los procedentes de aquellos mercados que presentan v\u00ednculos culturales directos con la regi\u00f3n. En concreto, mercados lejanos como pa\u00edses \u00e1rabes, especialmente los de Oriente Medio, que presentan adem\u00e1s una estancia y gasto medio en destino superiores al resto de emisores.<\/p>\n<p>Y en tercer lugar, se incorpora como mercado objetivo para este producto a aquellos otros pa\u00edses que guardan relaciones hist\u00f3ricas con Andaluc\u00eda, localizados en distintos estados latinoamericanos e Israel.<\/p>\n<p>PLAN DE ACCI\u00d3N 2016<\/p>\n<p>De las 82 acciones que incluye el proyecto, 50 est\u00e1n enmarcadas en el \u00e1rea de promoci\u00f3n y marketing y contenidas en el Plan de Acci\u00f3n 2016 de la Empresa P\u00fablica para la Gesti\u00f3n del Turismo y el Deporte de Andaluc\u00eda.<\/p>\n<p>Este plan difundir\u00e1 la marca &#8216;Tus Ra\u00edces en Andaluc\u00eda&#8217; a profesionales y p\u00fablico objetivo en todas aquellas acciones recogidas para los mercados latinoamericano y de Oriente Medio, como ferias, misiones comerciales, acciones inversas y digitales y acuerdos con operadores tur\u00edsticos de esos pa\u00edses. En cuanto a los emisores europeos y Catalu\u00f1a, se han previsto acciones espec\u00edficas como la realizaci\u00f3n de seminarios culturales y campa\u00f1as de comunicaci\u00f3n. Adem\u00e1s, se prev\u00e9 la realizaci\u00f3n de acciones inversas.<\/p>\n<p>En el \u00e1mbito de I+D se cuenta con la participaci\u00f3n del Centro de Innovaci\u00f3n Tur\u00edstica-Andaluc\u00eda Lab y con el Servicio de An\u00e1lisis y Estad\u00edsticas del Turismo de la consejer\u00eda, que aportar\u00e1n herramientas tecnol\u00f3gicas y conocimiento para la puesta en marcha y seguimiento del proyecto.<\/p>\n<p>El consejero ha destacado que, dado que el Plan General de Turismo Sostenible Horizonte 2020 recoge tambi\u00e9n el impulso a este proyecto como uno de sus objetivos estrat\u00e9gicos, \u00abTus Ra\u00edces en Andaluc\u00eda\u00bb tendr\u00e1 reflejo en todos los instrumentos de planificaci\u00f3n estrat\u00e9gica integral de la Consejer\u00eda de Turismo y Deporte y, especialmente, en la Estrategia de Fomento Integral del Turismo de Interior Sostenible de Andaluc\u00eda y en el futuro Plan Director de Promoci\u00f3n Tur\u00edstica de Andaluc\u00eda 2017-2020.<\/p>\n","protected":false},"excerpt":{"rendered":"<p>El consejero de Turismo y Deporte, Francisco Javier Fern\u00e1ndez, ha presentado este jueves en el marco de la Feria Internacional de Turismo (Fitur 2016) &#8216;Tus Ra\u00edces en Andaluc\u00eda&#8217;, un \u00abambicioso\u00bb proyecto centrado en la creaci\u00f3n, desarrollo y promoci\u00f3n de productos tur\u00edsticos relacionados con el denominado \u00abturismo de ra\u00edces, geneal\u00f3gico o ancestral\u00bb. La iniciativa, basada en<\/p>\n","protected":false},"author":1,"featured_media":61626,"comment_status":"open","ping_status":"closed","sticky":false,"template":"","format":"standard","meta":{"footnotes":""},"categories":[224],"tags":[],"class_list":{"0":"post-61625","1":"post","2":"type-post","3":"status-publish","4":"format-standard","5":"has-post-thumbnail","7":"category-noticias-actualidad"},"aioseo_notices":[],"aioseo_head":"\n\t\t<!-- All in One SEO Pro 4.9.6.1 - aioseo.com -->\n\t<meta name=\"description\" content=\"El consejero de Turismo y Deporte, Francisco Javier Fern\u00e1ndez, ha presentado este jueves en el marco de la Feria Internacional de Turismo (Fitur 2016) &#039;Tus Ra\u00edces en Andaluc\u00eda&#039;, un &quot;ambicioso&quot; proyecto centrado en la creaci\u00f3n, desarrollo y promoci\u00f3n de productos tur\u00edsticos relacionados con el denominado &quot;turismo de ra\u00edces, geneal\u00f3gico o ancestral&quot;. La iniciativa, basada en\" \/>\n\t<meta name=\"robots\" content=\"max-image-preview:large\" \/>\n\t<meta name=\"author\" content=\"admin\"\/>\n\t<meta name=\"google-site-verification\" content=\"UA-38556648-1\" \/>\n\t<meta name=\"keywords\" content=\"noticias y actualidad\" \/>\n\t<link rel=\"canonical\" href=\"https:\/\/eldigitaldeasturias.com\/magazine365\/la-junta-presenta-tus-raices-en-andalucia\/\" \/>\n\t<meta name=\"generator\" content=\"All in One SEO Pro (AIOSEO) 4.9.6.1\" \/>\n\t\t<meta property=\"og:locale\" content=\"es_ES\" \/>\n\t\t<meta property=\"og:site_name\" content=\"El Digital de Asturias \u2013 Revista de ocio, turismo y estilo de vida\" \/>\n\t\t<meta property=\"og:type\" content=\"article\" \/>\n\t\t<meta property=\"og:title\" content=\"La Junta presenta \u2018Tus Ra\u00edces en Andaluc\u00eda\u2019 | El Digital de Asturias\" \/>\n\t\t<meta property=\"og:description\" content=\"El consejero de Turismo y Deporte, Francisco Javier Fern\u00e1ndez, ha presentado este jueves en el marco de la Feria Internacional de Turismo (Fitur 2016) &#039;Tus Ra\u00edces en Andaluc\u00eda&#039;, un &quot;ambicioso&quot; proyecto centrado en la creaci\u00f3n, desarrollo y promoci\u00f3n de productos tur\u00edsticos relacionados con el denominado &quot;turismo de ra\u00edces, geneal\u00f3gico o ancestral&quot;. La iniciativa, basada en\" \/>\n\t\t<meta property=\"og:url\" content=\"https:\/\/eldigitaldeasturias.com\/magazine365\/la-junta-presenta-tus-raices-en-andalucia\/\" \/>\n\t\t<meta property=\"og:image\" content=\"https:\/\/eldigitaldeasturias.com\/magazine365\/wp-content\/uploads\/2016\/01\/fotonoticia_20160121145838_800.jpg\" \/>\n\t\t<meta property=\"og:image:secure_url\" content=\"https:\/\/eldigitaldeasturias.com\/magazine365\/wp-content\/uploads\/2016\/01\/fotonoticia_20160121145838_800.jpg\" \/>\n\t\t<meta property=\"og:image:width\" content=\"800\" \/>\n\t\t<meta property=\"og:image:height\" content=\"415\" \/>\n\t\t<meta property=\"article:published_time\" content=\"2016-01-23T10:42:37+00:00\" \/>\n\t\t<meta property=\"article:modified_time\" content=\"2016-01-23T10:42:37+00:00\" \/>\n\t\t<meta name=\"twitter:card\" content=\"summary_large_image\" \/>\n\t\t<meta name=\"twitter:title\" content=\"La Junta presenta \u2018Tus Ra\u00edces en Andaluc\u00eda\u2019 | El Digital de Asturias\" \/>\n\t\t<meta name=\"twitter:description\" content=\"El consejero de Turismo y Deporte, Francisco Javier Fern\u00e1ndez, ha presentado este jueves en el marco de la Feria Internacional de Turismo (Fitur 2016) &#039;Tus Ra\u00edces en Andaluc\u00eda&#039;, un &quot;ambicioso&quot; proyecto centrado en la creaci\u00f3n, desarrollo y promoci\u00f3n de productos tur\u00edsticos relacionados con el denominado &quot;turismo de ra\u00edces, geneal\u00f3gico o ancestral&quot;. La iniciativa, basada en\" \/>\n\t\t<meta name=\"twitter:image\" content=\"https:\/\/eldigitaldeasturias.com\/magazine365\/wp-content\/uploads\/2016\/01\/fotonoticia_20160121145838_800.jpg\" \/>\n\t\t<script type=\"application\/ld+json\" class=\"aioseo-schema\">\n\t\t\t{\"@context\":\"https:\\\/\\\/schema.org\",\"@graph\":[{\"@type\":\"Article\",\"@id\":\"https:\\\/\\\/eldigitaldeasturias.com\\\/magazine365\\\/la-junta-presenta-tus-raices-en-andalucia\\\/#article\",\"name\":\"La Junta presenta \\u2018Tus Ra\\u00edces en Andaluc\\u00eda\\u2019 | El Digital de Asturias\",\"headline\":\"La Junta presenta &#8216;Tus Ra\\u00edces en Andaluc\\u00eda&#8217;\",\"author\":{\"@id\":\"https:\\\/\\\/eldigitaldeasturias.com\\\/magazine365\\\/author\\\/admin\\\/#author\"},\"publisher\":{\"@id\":\"https:\\\/\\\/eldigitaldeasturias.com\\\/magazine365\\\/#organization\"},\"image\":{\"@type\":\"ImageObject\",\"url\":\"https:\\\/\\\/eldigitaldeasturias.com\\\/magazine365\\\/wp-content\\\/uploads\\\/2016\\\/01\\\/fotonoticia_20160121145838_800.jpg\",\"width\":800,\"height\":415},\"datePublished\":\"2016-01-23T11:42:37+01:00\",\"dateModified\":\"2016-01-23T11:42:37+01:00\",\"inLanguage\":\"es-ES\",\"mainEntityOfPage\":{\"@id\":\"https:\\\/\\\/eldigitaldeasturias.com\\\/magazine365\\\/la-junta-presenta-tus-raices-en-andalucia\\\/#webpage\"},\"isPartOf\":{\"@id\":\"https:\\\/\\\/eldigitaldeasturias.com\\\/magazine365\\\/la-junta-presenta-tus-raices-en-andalucia\\\/#webpage\"},\"articleSection\":\"Noticias y Actualidad\"},{\"@type\":\"BreadcrumbList\",\"@id\":\"https:\\\/\\\/eldigitaldeasturias.com\\\/magazine365\\\/la-junta-presenta-tus-raices-en-andalucia\\\/#breadcrumblist\",\"itemListElement\":[{\"@type\":\"ListItem\",\"@id\":\"https:\\\/\\\/eldigitaldeasturias.com\\\/magazine365#listItem\",\"position\":1,\"name\":\"Home\",\"item\":\"https:\\\/\\\/eldigitaldeasturias.com\\\/magazine365\",\"nextItem\":{\"@type\":\"ListItem\",\"@id\":\"https:\\\/\\\/eldigitaldeasturias.com\\\/magazine365\\\/category\\\/noticias-actualidad\\\/#listItem\",\"name\":\"Noticias y Actualidad\"}},{\"@type\":\"ListItem\",\"@id\":\"https:\\\/\\\/eldigitaldeasturias.com\\\/magazine365\\\/category\\\/noticias-actualidad\\\/#listItem\",\"position\":2,\"name\":\"Noticias y Actualidad\",\"item\":\"https:\\\/\\\/eldigitaldeasturias.com\\\/magazine365\\\/category\\\/noticias-actualidad\\\/\",\"nextItem\":{\"@type\":\"ListItem\",\"@id\":\"https:\\\/\\\/eldigitaldeasturias.com\\\/magazine365\\\/la-junta-presenta-tus-raices-en-andalucia\\\/#listItem\",\"name\":\"La Junta presenta &#8216;Tus Ra\\u00edces en Andaluc\\u00eda&#8217;\"},\"previousItem\":{\"@type\":\"ListItem\",\"@id\":\"https:\\\/\\\/eldigitaldeasturias.com\\\/magazine365#listItem\",\"name\":\"Home\"}},{\"@type\":\"ListItem\",\"@id\":\"https:\\\/\\\/eldigitaldeasturias.com\\\/magazine365\\\/la-junta-presenta-tus-raices-en-andalucia\\\/#listItem\",\"position\":3,\"name\":\"La Junta presenta &#8216;Tus Ra\\u00edces en Andaluc\\u00eda&#8217;\",\"previousItem\":{\"@type\":\"ListItem\",\"@id\":\"https:\\\/\\\/eldigitaldeasturias.com\\\/magazine365\\\/category\\\/noticias-actualidad\\\/#listItem\",\"name\":\"Noticias y Actualidad\"}}]},{\"@type\":\"Organization\",\"@id\":\"https:\\\/\\\/eldigitaldeasturias.com\\\/magazine365\\\/#organization\",\"name\":\"El digital de Asturias\",\"description\":\"Revista de ocio, turismo y estilo de vida\",\"url\":\"https:\\\/\\\/eldigitaldeasturias.com\\\/magazine365\\\/\",\"logo\":{\"@type\":\"ImageObject\",\"url\":\"https:\\\/\\\/www.eldigitaldeasturias.com\\\/noticias\\\/wp-content\\\/uploads\\\/2020\\\/12\\\/EDA.jpg\",\"@id\":\"https:\\\/\\\/eldigitaldeasturias.com\\\/magazine365\\\/la-junta-presenta-tus-raices-en-andalucia\\\/#organizationLogo\"},\"image\":{\"@id\":\"https:\\\/\\\/eldigitaldeasturias.com\\\/magazine365\\\/la-junta-presenta-tus-raices-en-andalucia\\\/#organizationLogo\"}},{\"@type\":\"Person\",\"@id\":\"https:\\\/\\\/eldigitaldeasturias.com\\\/magazine365\\\/author\\\/admin\\\/#author\",\"url\":\"https:\\\/\\\/eldigitaldeasturias.com\\\/magazine365\\\/author\\\/admin\\\/\",\"name\":\"admin\",\"image\":{\"@type\":\"ImageObject\",\"@id\":\"https:\\\/\\\/eldigitaldeasturias.com\\\/magazine365\\\/la-junta-presenta-tus-raices-en-andalucia\\\/#authorImage\",\"url\":\"https:\\\/\\\/eldigitaldeasturias.com\\\/magazine365\\\/wp-content\\\/litespeed\\\/avatar\\\/e571bcf59a0edd6fa6838245a470f2fe.jpg?ver=1776969259\",\"width\":96,\"height\":96,\"caption\":\"admin\"}},{\"@type\":\"WebPage\",\"@id\":\"https:\\\/\\\/eldigitaldeasturias.com\\\/magazine365\\\/la-junta-presenta-tus-raices-en-andalucia\\\/#webpage\",\"url\":\"https:\\\/\\\/eldigitaldeasturias.com\\\/magazine365\\\/la-junta-presenta-tus-raices-en-andalucia\\\/\",\"name\":\"La Junta presenta \\u2018Tus Ra\\u00edces en Andaluc\\u00eda\\u2019 | El Digital de Asturias\",\"description\":\"El consejero de Turismo y Deporte, Francisco Javier Fern\\u00e1ndez, ha presentado este jueves en el marco de la Feria Internacional de Turismo (Fitur 2016) 'Tus Ra\\u00edces en Andaluc\\u00eda', un \\\"ambicioso\\\" proyecto centrado en la creaci\\u00f3n, desarrollo y promoci\\u00f3n de productos tur\\u00edsticos relacionados con el denominado \\\"turismo de ra\\u00edces, geneal\\u00f3gico o ancestral\\\". La iniciativa, basada en\",\"inLanguage\":\"es-ES\",\"isPartOf\":{\"@id\":\"https:\\\/\\\/eldigitaldeasturias.com\\\/magazine365\\\/#website\"},\"breadcrumb\":{\"@id\":\"https:\\\/\\\/eldigitaldeasturias.com\\\/magazine365\\\/la-junta-presenta-tus-raices-en-andalucia\\\/#breadcrumblist\"},\"author\":{\"@id\":\"https:\\\/\\\/eldigitaldeasturias.com\\\/magazine365\\\/author\\\/admin\\\/#author\"},\"creator\":{\"@id\":\"https:\\\/\\\/eldigitaldeasturias.com\\\/magazine365\\\/author\\\/admin\\\/#author\"},\"image\":{\"@type\":\"ImageObject\",\"url\":\"https:\\\/\\\/eldigitaldeasturias.com\\\/magazine365\\\/wp-content\\\/uploads\\\/2016\\\/01\\\/fotonoticia_20160121145838_800.jpg\",\"@id\":\"https:\\\/\\\/eldigitaldeasturias.com\\\/magazine365\\\/la-junta-presenta-tus-raices-en-andalucia\\\/#mainImage\",\"width\":800,\"height\":415},\"primaryImageOfPage\":{\"@id\":\"https:\\\/\\\/eldigitaldeasturias.com\\\/magazine365\\\/la-junta-presenta-tus-raices-en-andalucia\\\/#mainImage\"},\"datePublished\":\"2016-01-23T11:42:37+01:00\",\"dateModified\":\"2016-01-23T11:42:37+01:00\"},{\"@type\":\"WebSite\",\"@id\":\"https:\\\/\\\/eldigitaldeasturias.com\\\/magazine365\\\/#website\",\"url\":\"https:\\\/\\\/eldigitaldeasturias.com\\\/magazine365\\\/\",\"name\":\"El Digital de Asturias\",\"description\":\"Revista de ocio, turismo y estilo de vida\",\"inLanguage\":\"es-ES\",\"publisher\":{\"@id\":\"https:\\\/\\\/eldigitaldeasturias.com\\\/magazine365\\\/#organization\"}}]}\n\t\t<\/script>\n\t\t<!-- All in One SEO Pro -->\r\n\t\t<title>La Junta presenta \u2018Tus Ra\u00edces en Andaluc\u00eda\u2019 | El Digital de Asturias<\/title>\n\n","aioseo_head_json":{"title":"La Junta presenta \u2018Tus Ra\u00edces en Andaluc\u00eda\u2019 | El Digital de Asturias","description":"El consejero de Turismo y Deporte, Francisco Javier Fern\u00e1ndez, ha presentado este jueves en el marco de la Feria Internacional de Turismo (Fitur 2016) 'Tus Ra\u00edces en Andaluc\u00eda', un \"ambicioso\" proyecto centrado en la creaci\u00f3n, desarrollo y promoci\u00f3n de productos tur\u00edsticos relacionados con el denominado \"turismo de ra\u00edces, geneal\u00f3gico o ancestral\". La iniciativa, basada en","canonical_url":"https:\/\/eldigitaldeasturias.com\/magazine365\/la-junta-presenta-tus-raices-en-andalucia\/","robots":"max-image-preview:large","keywords":"noticias y actualidad","webmasterTools":{"google-site-verification":"UA-38556648-1","miscellaneous":""},"schema":{"@context":"https:\/\/schema.org","@graph":[{"@type":"Article","@id":"https:\/\/eldigitaldeasturias.com\/magazine365\/la-junta-presenta-tus-raices-en-andalucia\/#article","name":"La Junta presenta \u2018Tus Ra\u00edces en Andaluc\u00eda\u2019 | El Digital de Asturias","headline":"La Junta presenta &#8216;Tus Ra\u00edces en Andaluc\u00eda&#8217;","author":{"@id":"https:\/\/eldigitaldeasturias.com\/magazine365\/author\/admin\/#author"},"publisher":{"@id":"https:\/\/eldigitaldeasturias.com\/magazine365\/#organization"},"image":{"@type":"ImageObject","url":"https:\/\/eldigitaldeasturias.com\/magazine365\/wp-content\/uploads\/2016\/01\/fotonoticia_20160121145838_800.jpg","width":800,"height":415},"datePublished":"2016-01-23T11:42:37+01:00","dateModified":"2016-01-23T11:42:37+01:00","inLanguage":"es-ES","mainEntityOfPage":{"@id":"https:\/\/eldigitaldeasturias.com\/magazine365\/la-junta-presenta-tus-raices-en-andalucia\/#webpage"},"isPartOf":{"@id":"https:\/\/eldigitaldeasturias.com\/magazine365\/la-junta-presenta-tus-raices-en-andalucia\/#webpage"},"articleSection":"Noticias y Actualidad"},{"@type":"BreadcrumbList","@id":"https:\/\/eldigitaldeasturias.com\/magazine365\/la-junta-presenta-tus-raices-en-andalucia\/#breadcrumblist","itemListElement":[{"@type":"ListItem","@id":"https:\/\/eldigitaldeasturias.com\/magazine365#listItem","position":1,"name":"Home","item":"https:\/\/eldigitaldeasturias.com\/magazine365","nextItem":{"@type":"ListItem","@id":"https:\/\/eldigitaldeasturias.com\/magazine365\/category\/noticias-actualidad\/#listItem","name":"Noticias y Actualidad"}},{"@type":"ListItem","@id":"https:\/\/eldigitaldeasturias.com\/magazine365\/category\/noticias-actualidad\/#listItem","position":2,"name":"Noticias y Actualidad","item":"https:\/\/eldigitaldeasturias.com\/magazine365\/category\/noticias-actualidad\/","nextItem":{"@type":"ListItem","@id":"https:\/\/eldigitaldeasturias.com\/magazine365\/la-junta-presenta-tus-raices-en-andalucia\/#listItem","name":"La Junta presenta &#8216;Tus Ra\u00edces en Andaluc\u00eda&#8217;"},"previousItem":{"@type":"ListItem","@id":"https:\/\/eldigitaldeasturias.com\/magazine365#listItem","name":"Home"}},{"@type":"ListItem","@id":"https:\/\/eldigitaldeasturias.com\/magazine365\/la-junta-presenta-tus-raices-en-andalucia\/#listItem","position":3,"name":"La Junta presenta &#8216;Tus Ra\u00edces en Andaluc\u00eda&#8217;","previousItem":{"@type":"ListItem","@id":"https:\/\/eldigitaldeasturias.com\/magazine365\/category\/noticias-actualidad\/#listItem","name":"Noticias y Actualidad"}}]},{"@type":"Organization","@id":"https:\/\/eldigitaldeasturias.com\/magazine365\/#organization","name":"El digital de Asturias","description":"Revista de ocio, turismo y estilo de vida","url":"https:\/\/eldigitaldeasturias.com\/magazine365\/","logo":{"@type":"ImageObject","url":"https:\/\/www.eldigitaldeasturias.com\/noticias\/wp-content\/uploads\/2020\/12\/EDA.jpg","@id":"https:\/\/eldigitaldeasturias.com\/magazine365\/la-junta-presenta-tus-raices-en-andalucia\/#organizationLogo"},"image":{"@id":"https:\/\/eldigitaldeasturias.com\/magazine365\/la-junta-presenta-tus-raices-en-andalucia\/#organizationLogo"}},{"@type":"Person","@id":"https:\/\/eldigitaldeasturias.com\/magazine365\/author\/admin\/#author","url":"https:\/\/eldigitaldeasturias.com\/magazine365\/author\/admin\/","name":"admin","image":{"@type":"ImageObject","@id":"https:\/\/eldigitaldeasturias.com\/magazine365\/la-junta-presenta-tus-raices-en-andalucia\/#authorImage","url":"https:\/\/eldigitaldeasturias.com\/magazine365\/wp-content\/litespeed\/avatar\/e571bcf59a0edd6fa6838245a470f2fe.jpg?ver=1776969259","width":96,"height":96,"caption":"admin"}},{"@type":"WebPage","@id":"https:\/\/eldigitaldeasturias.com\/magazine365\/la-junta-presenta-tus-raices-en-andalucia\/#webpage","url":"https:\/\/eldigitaldeasturias.com\/magazine365\/la-junta-presenta-tus-raices-en-andalucia\/","name":"La Junta presenta \u2018Tus Ra\u00edces en Andaluc\u00eda\u2019 | El Digital de Asturias","description":"El consejero de Turismo y Deporte, Francisco Javier Fern\u00e1ndez, ha presentado este jueves en el marco de la Feria Internacional de Turismo (Fitur 2016) 'Tus Ra\u00edces en Andaluc\u00eda', un \"ambicioso\" proyecto centrado en la creaci\u00f3n, desarrollo y promoci\u00f3n de productos tur\u00edsticos relacionados con el denominado \"turismo de ra\u00edces, geneal\u00f3gico o ancestral\". La iniciativa, basada en","inLanguage":"es-ES","isPartOf":{"@id":"https:\/\/eldigitaldeasturias.com\/magazine365\/#website"},"breadcrumb":{"@id":"https:\/\/eldigitaldeasturias.com\/magazine365\/la-junta-presenta-tus-raices-en-andalucia\/#breadcrumblist"},"author":{"@id":"https:\/\/eldigitaldeasturias.com\/magazine365\/author\/admin\/#author"},"creator":{"@id":"https:\/\/eldigitaldeasturias.com\/magazine365\/author\/admin\/#author"},"image":{"@type":"ImageObject","url":"https:\/\/eldigitaldeasturias.com\/magazine365\/wp-content\/uploads\/2016\/01\/fotonoticia_20160121145838_800.jpg","@id":"https:\/\/eldigitaldeasturias.com\/magazine365\/la-junta-presenta-tus-raices-en-andalucia\/#mainImage","width":800,"height":415},"primaryImageOfPage":{"@id":"https:\/\/eldigitaldeasturias.com\/magazine365\/la-junta-presenta-tus-raices-en-andalucia\/#mainImage"},"datePublished":"2016-01-23T11:42:37+01:00","dateModified":"2016-01-23T11:42:37+01:00"},{"@type":"WebSite","@id":"https:\/\/eldigitaldeasturias.com\/magazine365\/#website","url":"https:\/\/eldigitaldeasturias.com\/magazine365\/","name":"El Digital de Asturias","description":"Revista de ocio, turismo y estilo de vida","inLanguage":"es-ES","publisher":{"@id":"https:\/\/eldigitaldeasturias.com\/magazine365\/#organization"}}]},"og:locale":"es_ES","og:site_name":"El Digital de Asturias \u2013 Revista de ocio, turismo y estilo de vida","og:type":"article","og:title":"La Junta presenta \u2018Tus Ra\u00edces en Andaluc\u00eda\u2019 | El Digital de Asturias","og:description":"El consejero de Turismo y Deporte, Francisco Javier Fern\u00e1ndez, ha presentado este jueves en el marco de la Feria Internacional de Turismo (Fitur 2016) 'Tus Ra\u00edces en Andaluc\u00eda', un &quot;ambicioso&quot; proyecto centrado en la creaci\u00f3n, desarrollo y promoci\u00f3n de productos tur\u00edsticos relacionados con el denominado &quot;turismo de ra\u00edces, geneal\u00f3gico o ancestral&quot;. La iniciativa, basada en","og:url":"https:\/\/eldigitaldeasturias.com\/magazine365\/la-junta-presenta-tus-raices-en-andalucia\/","og:image":"https:\/\/eldigitaldeasturias.com\/magazine365\/wp-content\/uploads\/2016\/01\/fotonoticia_20160121145838_800.jpg","og:image:secure_url":"https:\/\/eldigitaldeasturias.com\/magazine365\/wp-content\/uploads\/2016\/01\/fotonoticia_20160121145838_800.jpg","og:image:width":800,"og:image:height":415,"article:published_time":"2016-01-23T10:42:37+00:00","article:modified_time":"2016-01-23T10:42:37+00:00","twitter:card":"summary_large_image","twitter:title":"La Junta presenta \u2018Tus Ra\u00edces en Andaluc\u00eda\u2019 | El Digital de Asturias","twitter:description":"El consejero de Turismo y Deporte, Francisco Javier Fern\u00e1ndez, ha presentado este jueves en el marco de la Feria Internacional de Turismo (Fitur 2016) 'Tus Ra\u00edces en Andaluc\u00eda', un &quot;ambicioso&quot; proyecto centrado en la creaci\u00f3n, desarrollo y promoci\u00f3n de productos tur\u00edsticos relacionados con el denominado &quot;turismo de ra\u00edces, geneal\u00f3gico o ancestral&quot;. La iniciativa, basada en","twitter:image":"https:\/\/eldigitaldeasturias.com\/magazine365\/wp-content\/uploads\/2016\/01\/fotonoticia_20160121145838_800.jpg"},"aioseo_meta_data":{"post_id":"61625","title":null,"description":null,"keywords":null,"keyphrases":null,"primary_term":null,"canonical_url":null,"og_title":null,"og_description":null,"og_object_type":"default","og_image_type":"default","og_image_url":null,"og_image_width":null,"og_image_height":null,"og_image_custom_url":null,"og_image_custom_fields":null,"og_video":null,"og_custom_url":null,"og_article_section":null,"og_article_tags":null,"twitter_use_og":false,"twitter_card":"default","twitter_image_type":"default","twitter_image_url":null,"twitter_image_custom_url":null,"twitter_image_custom_fields":null,"twitter_title":null,"twitter_description":null,"schema":{"blockGraphs":[],"customGraphs":[],"default":{"data":{"Article":[],"Course":[],"Dataset":[],"FAQPage":[],"Movie":[],"Person":[],"Product":[],"ProductReview":[],"Car":[],"Recipe":[],"Service":[],"SoftwareApplication":[],"WebPage":[]},"graphName":"","isEnabled":true},"graphs":[],"defaultGraph":"","defaultPostTypeGraph":""},"schema_type":null,"schema_type_options":null,"pillar_content":false,"robots_default":true,"robots_noindex":false,"robots_noarchive":false,"robots_nosnippet":false,"robots_nofollow":false,"robots_noimageindex":false,"robots_noodp":false,"robots_notranslate":false,"robots_max_snippet":null,"robots_max_videopreview":null,"robots_max_imagepreview":"large","priority":null,"frequency":null,"location":null,"local_seo":null,"seo_analyzer_scan_date":"2025-09-25 09:21:21","breadcrumb_settings":null,"limit_modified_date":false,"open_ai":null,"ai":null,"created":"2021-03-08 21:47:43","updated":"2025-09-25 09:21:21"},"aioseo_breadcrumb":"<div class=\"aioseo-breadcrumbs\"><span class=\"aioseo-breadcrumb\">\n\t<a href=\"https:\/\/eldigitaldeasturias.com\/magazine365\" title=\"Home\">Home<\/a>\n<\/span><span class=\"aioseo-breadcrumb-separator\">\u2013<\/span><span class=\"aioseo-breadcrumb\">\n\t<a href=\"https:\/\/eldigitaldeasturias.com\/magazine365\/category\/noticias-actualidad\/\" title=\"Noticias y Actualidad\">Noticias y Actualidad<\/a>\n<\/span><span class=\"aioseo-breadcrumb-separator\">\u2013<\/span><span class=\"aioseo-breadcrumb\">\n\t<a href=\"https:\/\/eldigitaldeasturias.com\/magazine365\/la-junta-presenta-tus-raices-en-andalucia\/\" title=\"La Junta presenta \u2018Tus Ra\u00edces en Andaluc\u00eda\u2019\">La Junta presenta \u2018Tus Ra\u00edces en Andaluc\u00eda\u2019<\/a>\n<\/span><\/div>","aioseo_breadcrumb_json":[{"label":"Home","link":"https:\/\/eldigitaldeasturias.com\/magazine365"},{"label":"Noticias y Actualidad","link":"https:\/\/eldigitaldeasturias.com\/magazine365\/category\/noticias-actualidad\/"},{"label":"La Junta presenta &#8216;Tus Ra\u00edces en Andaluc\u00eda&#8217;","link":"https:\/\/eldigitaldeasturias.com\/magazine365\/la-junta-presenta-tus-raices-en-andalucia\/"}],"_links":{"self":[{"href":"https:\/\/eldigitaldeasturias.com\/magazine365\/wp-json\/wp\/v2\/posts\/61625","targetHints":{"allow":["GET"]}}],"collection":[{"href":"https:\/\/eldigitaldeasturias.com\/magazine365\/wp-json\/wp\/v2\/posts"}],"about":[{"href":"https:\/\/eldigitaldeasturias.com\/magazine365\/wp-json\/wp\/v2\/types\/post"}],"author":[{"embeddable":true,"href":"https:\/\/eldigitaldeasturias.com\/magazine365\/wp-json\/wp\/v2\/users\/1"}],"replies":[{"embeddable":true,"href":"https:\/\/eldigitaldeasturias.com\/magazine365\/wp-json\/wp\/v2\/comments?post=61625"}],"version-history":[{"count":0,"href":"https:\/\/eldigitaldeasturias.com\/magazine365\/wp-json\/wp\/v2\/posts\/61625\/revisions"}],"wp:featuredmedia":[{"embeddable":true,"href":"https:\/\/eldigitaldeasturias.com\/magazine365\/wp-json\/wp\/v2\/media\/61626"}],"wp:attachment":[{"href":"https:\/\/eldigitaldeasturias.com\/magazine365\/wp-json\/wp\/v2\/media?parent=61625"}],"wp:term":[{"taxonomy":"category","embeddable":true,"href":"https:\/\/eldigitaldeasturias.com\/magazine365\/wp-json\/wp\/v2\/categories?post=61625"},{"taxonomy":"post_tag","embeddable":true,"href":"https:\/\/eldigitaldeasturias.com\/magazine365\/wp-json\/wp\/v2\/tags?post=61625"}],"curies":[{"name":"wp","href":"https:\/\/api.w.org\/{rel}","templated":true}]}}