{"id":61602,"date":"2016-01-23T11:34:03","date_gmt":"2016-01-23T10:34:03","guid":{"rendered":"http:\/\/eldigitaldeasturias.com\/magazine365\/?p=61602"},"modified":"2016-01-23T11:34:03","modified_gmt":"2016-01-23T10:34:03","slug":"el-ejido-premia-el-merito-turistico-de-los-deportistas-juan-parron-y-victor-fernandez","status":"publish","type":"post","link":"https:\/\/eldigitaldeasturias.com\/magazine365\/el-ejido-premia-el-merito-turistico-de-los-deportistas-juan-parron-y-victor-fernandez\/","title":{"rendered":"El Ejido premia el m\u00e9rito tur\u00edstico de los deportistas Juan Parr\u00f3n y V\u00edctor Fern\u00e1ndez"},"content":{"rendered":"<p><img fetchpriority=\"high\" decoding=\"async\" class=\"alignleft size-medium wp-image-61603\" src=\"https:\/\/eldigitaldeasturias.com\/magazine365\/wp-content\/uploads\/2016\/01\/fotonoticia_20160121133524_800-360x270.jpg\" alt=\"fotonoticia_20160121133524_800\" width=\"360\" height=\"270\" srcset=\"https:\/\/eldigitaldeasturias.com\/magazine365\/wp-content\/uploads\/2016\/01\/fotonoticia_20160121133524_800-360x270.jpg 360w, https:\/\/eldigitaldeasturias.com\/magazine365\/wp-content\/uploads\/2016\/01\/fotonoticia_20160121133524_800-650x488.jpg 650w, https:\/\/eldigitaldeasturias.com\/magazine365\/wp-content\/uploads\/2016\/01\/fotonoticia_20160121133524_800-768x576.jpg 768w, https:\/\/eldigitaldeasturias.com\/magazine365\/wp-content\/uploads\/2016\/01\/fotonoticia_20160121133524_800-150x113.jpg 150w, https:\/\/eldigitaldeasturias.com\/magazine365\/wp-content\/uploads\/2016\/01\/fotonoticia_20160121133524_800-450x338.jpg 450w, https:\/\/eldigitaldeasturias.com\/magazine365\/wp-content\/uploads\/2016\/01\/fotonoticia_20160121133524_800-80x60.jpg 80w, https:\/\/eldigitaldeasturias.com\/magazine365\/wp-content\/uploads\/2016\/01\/fotonoticia_20160121133524_800-265x198.jpg 265w, https:\/\/eldigitaldeasturias.com\/magazine365\/wp-content\/uploads\/2016\/01\/fotonoticia_20160121133524_800-696x522.jpg 696w, https:\/\/eldigitaldeasturias.com\/magazine365\/wp-content\/uploads\/2016\/01\/fotonoticia_20160121133524_800-560x420.jpg 560w, https:\/\/eldigitaldeasturias.com\/magazine365\/wp-content\/uploads\/2016\/01\/fotonoticia_20160121133524_800-90x67.jpg 90w, https:\/\/eldigitaldeasturias.com\/magazine365\/wp-content\/uploads\/2016\/01\/fotonoticia_20160121133524_800-164x124.jpg 164w, https:\/\/eldigitaldeasturias.com\/magazine365\/wp-content\/uploads\/2016\/01\/fotonoticia_20160121133524_800-100x75.jpg 100w, https:\/\/eldigitaldeasturias.com\/magazine365\/wp-content\/uploads\/2016\/01\/fotonoticia_20160121133524_800.jpg 800w\" sizes=\"(max-width: 360px) 100vw, 360px\" \/>El Ayuntamiento de El Ejido (Almer\u00eda) ha premiado en Fitur 2016 el m\u00e9rito tur\u00edstico de dos de sus deportistas m\u00e1s destacados, el golfista Juan Parr\u00f3n y el windsurfista V\u00edctor Fern\u00e1ndez.<\/p>\n<p>La entrega de los Premios al M\u00e9rito Tur\u00edstico de El Ejido, que se realiza desde hace cuatro a\u00f1os, se ha celebrado en el stand de Almer\u00eda en Fitur, con el objetivo de reconocer la contribuci\u00f3n a la promoci\u00f3n tur\u00edstica del municipio de personalidades destacadas, en esta ocasi\u00f3n, dos importantes deportistas.<\/p>\n<p>El alcalde de El Ejido, Francisco G\u00f3ngora, ha explicado que Juan Parr\u00f3n ha recibido este premio por ser \u00abpionero en la pr\u00e1ctica del golf e inculcar la pasi\u00f3n por este deporte a muchas personas\u00bb. El galardonado ha agradecido el reconocimiento y ha declarado que \u00abse ha sentido muy afortunado por ejercer una profesi\u00f3n que me ha proporcionado m\u00faltiples satisfacciones. He tenido la suerte de disfrutar de mi trabajo y de grandes ratos ense\u00f1ando el golf en uno de los mejores campos de Espa\u00f1a\u00bb.<\/p>\n<p>Parr\u00f3n ha afirmado que su vida \u00abha sido plena, no puedo pedir m\u00e1s, salvo el reconocimiento de un municipio que me ha proporcionado la oportunidad de desarrollar una profesi\u00f3n que me apasiona\u00bb como el golf.<\/p>\n<p>El segundo galardonado por el Ayuntamiento de El Ejido ha sido otro de sus vecinos, el windsurfista V\u00edctor Fern\u00e1ndez, campe\u00f3n del Mundo de windsurf en 2010 en la modalidad olas. El alcalde ejidense, Francisco G\u00f3ngora, ha felicitado al joven deportista por \u00abla proyecci\u00f3n de la imagen de El Ejido a nivel internacional y la promoci\u00f3n de las posibilidades de su costa\u00bb.<\/p>\n<p>V\u00edctor Fern\u00e1ndez ha agradecido el galard\u00f3n y se ha mostrado orgulloso de que en su municipio \u00abtengan grandes deportistas\u00bb. Fern\u00e1ndez ha reconocido que para \u00e9l \u00abAlmerimar sigue siendo mi lugar favorito en el mundo para practicar windsurf y representar a mi municipio en el Ciclo Internacional en los pr\u00f3ximos a\u00f1os es todo un orgullo\u00bb.<\/p>\n","protected":false},"excerpt":{"rendered":"<p>El Ayuntamiento de El Ejido (Almer\u00eda) ha premiado en Fitur 2016 el m\u00e9rito tur\u00edstico de dos de sus deportistas m\u00e1s destacados, el golfista Juan Parr\u00f3n y el windsurfista V\u00edctor Fern\u00e1ndez. La entrega de los Premios al M\u00e9rito Tur\u00edstico de El Ejido, que se realiza desde hace cuatro a\u00f1os, se ha celebrado en el stand de<\/p>\n","protected":false},"author":1,"featured_media":61603,"comment_status":"open","ping_status":"closed","sticky":false,"template":"","format":"standard","meta":{"footnotes":""},"categories":[224],"tags":[],"class_list":{"0":"post-61602","1":"post","2":"type-post","3":"status-publish","4":"format-standard","5":"has-post-thumbnail","7":"category-noticias-actualidad"},"aioseo_notices":[],"aioseo_head":"\n\t\t<!-- All in One SEO Pro 4.9.6.1 - aioseo.com -->\n\t<meta name=\"description\" content=\"El Ayuntamiento de El Ejido (Almer\u00eda) ha premiado en Fitur 2016 el m\u00e9rito tur\u00edstico de dos de sus deportistas m\u00e1s destacados, el golfista Juan Parr\u00f3n y el windsurfista V\u00edctor Fern\u00e1ndez. La entrega de los Premios al M\u00e9rito Tur\u00edstico de El Ejido, que se realiza desde hace cuatro a\u00f1os, se ha celebrado en el stand de\" \/>\n\t<meta name=\"robots\" content=\"max-image-preview:large\" \/>\n\t<meta name=\"author\" content=\"admin\"\/>\n\t<meta name=\"google-site-verification\" content=\"UA-38556648-1\" \/>\n\t<meta name=\"keywords\" content=\"noticias y actualidad\" \/>\n\t<link rel=\"canonical\" href=\"https:\/\/eldigitaldeasturias.com\/magazine365\/el-ejido-premia-el-merito-turistico-de-los-deportistas-juan-parron-y-victor-fernandez\/\" \/>\n\t<meta name=\"generator\" content=\"All in One SEO Pro (AIOSEO) 4.9.6.1\" \/>\n\t\t<meta property=\"og:locale\" content=\"es_ES\" \/>\n\t\t<meta property=\"og:site_name\" content=\"El Digital de Asturias \u2013 Revista de ocio, turismo y estilo de vida\" \/>\n\t\t<meta property=\"og:type\" content=\"article\" \/>\n\t\t<meta property=\"og:title\" content=\"El Ejido premia el m\u00e9rito tur\u00edstico de los deportistas Juan Parr\u00f3n y V\u00edctor Fern\u00e1ndez | El Digital de Asturias\" \/>\n\t\t<meta property=\"og:description\" content=\"El Ayuntamiento de El Ejido (Almer\u00eda) ha premiado en Fitur 2016 el m\u00e9rito tur\u00edstico de dos de sus deportistas m\u00e1s destacados, el golfista Juan Parr\u00f3n y el windsurfista V\u00edctor Fern\u00e1ndez. La entrega de los Premios al M\u00e9rito Tur\u00edstico de El Ejido, que se realiza desde hace cuatro a\u00f1os, se ha celebrado en el stand de\" \/>\n\t\t<meta property=\"og:url\" content=\"https:\/\/eldigitaldeasturias.com\/magazine365\/el-ejido-premia-el-merito-turistico-de-los-deportistas-juan-parron-y-victor-fernandez\/\" \/>\n\t\t<meta property=\"og:image\" content=\"https:\/\/eldigitaldeasturias.com\/magazine365\/wp-content\/uploads\/2016\/01\/fotonoticia_20160121133524_800.jpg\" \/>\n\t\t<meta property=\"og:image:secure_url\" content=\"https:\/\/eldigitaldeasturias.com\/magazine365\/wp-content\/uploads\/2016\/01\/fotonoticia_20160121133524_800.jpg\" \/>\n\t\t<meta property=\"og:image:width\" content=\"800\" \/>\n\t\t<meta property=\"og:image:height\" content=\"600\" \/>\n\t\t<meta property=\"article:published_time\" content=\"2016-01-23T10:34:03+00:00\" \/>\n\t\t<meta property=\"article:modified_time\" content=\"2016-01-23T10:34:03+00:00\" \/>\n\t\t<meta name=\"twitter:card\" content=\"summary_large_image\" \/>\n\t\t<meta name=\"twitter:title\" content=\"El Ejido premia el m\u00e9rito tur\u00edstico de los deportistas Juan Parr\u00f3n y V\u00edctor Fern\u00e1ndez | El Digital de Asturias\" \/>\n\t\t<meta name=\"twitter:description\" content=\"El Ayuntamiento de El Ejido (Almer\u00eda) ha premiado en Fitur 2016 el m\u00e9rito tur\u00edstico de dos de sus deportistas m\u00e1s destacados, el golfista Juan Parr\u00f3n y el windsurfista V\u00edctor Fern\u00e1ndez. La entrega de los Premios al M\u00e9rito Tur\u00edstico de El Ejido, que se realiza desde hace cuatro a\u00f1os, se ha celebrado en el stand de\" \/>\n\t\t<meta name=\"twitter:image\" content=\"https:\/\/eldigitaldeasturias.com\/magazine365\/wp-content\/uploads\/2016\/01\/fotonoticia_20160121133524_800.jpg\" \/>\n\t\t<script type=\"application\/ld+json\" class=\"aioseo-schema\">\n\t\t\t{\"@context\":\"https:\\\/\\\/schema.org\",\"@graph\":[{\"@type\":\"Article\",\"@id\":\"https:\\\/\\\/eldigitaldeasturias.com\\\/magazine365\\\/el-ejido-premia-el-merito-turistico-de-los-deportistas-juan-parron-y-victor-fernandez\\\/#article\",\"name\":\"El Ejido premia el m\\u00e9rito tur\\u00edstico de los deportistas Juan Parr\\u00f3n y V\\u00edctor Fern\\u00e1ndez | El Digital de Asturias\",\"headline\":\"El Ejido premia el m\\u00e9rito tur\\u00edstico de los deportistas Juan Parr\\u00f3n y V\\u00edctor Fern\\u00e1ndez\",\"author\":{\"@id\":\"https:\\\/\\\/eldigitaldeasturias.com\\\/magazine365\\\/author\\\/admin\\\/#author\"},\"publisher\":{\"@id\":\"https:\\\/\\\/eldigitaldeasturias.com\\\/magazine365\\\/#organization\"},\"image\":{\"@type\":\"ImageObject\",\"url\":\"https:\\\/\\\/eldigitaldeasturias.com\\\/magazine365\\\/wp-content\\\/uploads\\\/2016\\\/01\\\/fotonoticia_20160121133524_800.jpg\",\"width\":800,\"height\":600},\"datePublished\":\"2016-01-23T11:34:03+01:00\",\"dateModified\":\"2016-01-23T11:34:03+01:00\",\"inLanguage\":\"es-ES\",\"mainEntityOfPage\":{\"@id\":\"https:\\\/\\\/eldigitaldeasturias.com\\\/magazine365\\\/el-ejido-premia-el-merito-turistico-de-los-deportistas-juan-parron-y-victor-fernandez\\\/#webpage\"},\"isPartOf\":{\"@id\":\"https:\\\/\\\/eldigitaldeasturias.com\\\/magazine365\\\/el-ejido-premia-el-merito-turistico-de-los-deportistas-juan-parron-y-victor-fernandez\\\/#webpage\"},\"articleSection\":\"Noticias y Actualidad\"},{\"@type\":\"BreadcrumbList\",\"@id\":\"https:\\\/\\\/eldigitaldeasturias.com\\\/magazine365\\\/el-ejido-premia-el-merito-turistico-de-los-deportistas-juan-parron-y-victor-fernandez\\\/#breadcrumblist\",\"itemListElement\":[{\"@type\":\"ListItem\",\"@id\":\"https:\\\/\\\/eldigitaldeasturias.com\\\/magazine365#listItem\",\"position\":1,\"name\":\"Home\",\"item\":\"https:\\\/\\\/eldigitaldeasturias.com\\\/magazine365\",\"nextItem\":{\"@type\":\"ListItem\",\"@id\":\"https:\\\/\\\/eldigitaldeasturias.com\\\/magazine365\\\/category\\\/noticias-actualidad\\\/#listItem\",\"name\":\"Noticias y Actualidad\"}},{\"@type\":\"ListItem\",\"@id\":\"https:\\\/\\\/eldigitaldeasturias.com\\\/magazine365\\\/category\\\/noticias-actualidad\\\/#listItem\",\"position\":2,\"name\":\"Noticias y Actualidad\",\"item\":\"https:\\\/\\\/eldigitaldeasturias.com\\\/magazine365\\\/category\\\/noticias-actualidad\\\/\",\"nextItem\":{\"@type\":\"ListItem\",\"@id\":\"https:\\\/\\\/eldigitaldeasturias.com\\\/magazine365\\\/el-ejido-premia-el-merito-turistico-de-los-deportistas-juan-parron-y-victor-fernandez\\\/#listItem\",\"name\":\"El Ejido premia el m\\u00e9rito tur\\u00edstico de los deportistas Juan Parr\\u00f3n y V\\u00edctor Fern\\u00e1ndez\"},\"previousItem\":{\"@type\":\"ListItem\",\"@id\":\"https:\\\/\\\/eldigitaldeasturias.com\\\/magazine365#listItem\",\"name\":\"Home\"}},{\"@type\":\"ListItem\",\"@id\":\"https:\\\/\\\/eldigitaldeasturias.com\\\/magazine365\\\/el-ejido-premia-el-merito-turistico-de-los-deportistas-juan-parron-y-victor-fernandez\\\/#listItem\",\"position\":3,\"name\":\"El Ejido premia el m\\u00e9rito tur\\u00edstico de los deportistas Juan Parr\\u00f3n y V\\u00edctor Fern\\u00e1ndez\",\"previousItem\":{\"@type\":\"ListItem\",\"@id\":\"https:\\\/\\\/eldigitaldeasturias.com\\\/magazine365\\\/category\\\/noticias-actualidad\\\/#listItem\",\"name\":\"Noticias y Actualidad\"}}]},{\"@type\":\"Organization\",\"@id\":\"https:\\\/\\\/eldigitaldeasturias.com\\\/magazine365\\\/#organization\",\"name\":\"El digital de Asturias\",\"description\":\"Revista de ocio, turismo y estilo de vida\",\"url\":\"https:\\\/\\\/eldigitaldeasturias.com\\\/magazine365\\\/\",\"logo\":{\"@type\":\"ImageObject\",\"url\":\"https:\\\/\\\/www.eldigitaldeasturias.com\\\/noticias\\\/wp-content\\\/uploads\\\/2020\\\/12\\\/EDA.jpg\",\"@id\":\"https:\\\/\\\/eldigitaldeasturias.com\\\/magazine365\\\/el-ejido-premia-el-merito-turistico-de-los-deportistas-juan-parron-y-victor-fernandez\\\/#organizationLogo\"},\"image\":{\"@id\":\"https:\\\/\\\/eldigitaldeasturias.com\\\/magazine365\\\/el-ejido-premia-el-merito-turistico-de-los-deportistas-juan-parron-y-victor-fernandez\\\/#organizationLogo\"}},{\"@type\":\"Person\",\"@id\":\"https:\\\/\\\/eldigitaldeasturias.com\\\/magazine365\\\/author\\\/admin\\\/#author\",\"url\":\"https:\\\/\\\/eldigitaldeasturias.com\\\/magazine365\\\/author\\\/admin\\\/\",\"name\":\"admin\",\"image\":{\"@type\":\"ImageObject\",\"@id\":\"https:\\\/\\\/eldigitaldeasturias.com\\\/magazine365\\\/el-ejido-premia-el-merito-turistico-de-los-deportistas-juan-parron-y-victor-fernandez\\\/#authorImage\",\"url\":\"https:\\\/\\\/eldigitaldeasturias.com\\\/magazine365\\\/wp-content\\\/litespeed\\\/avatar\\\/e571bcf59a0edd6fa6838245a470f2fe.jpg?ver=1776969259\",\"width\":96,\"height\":96,\"caption\":\"admin\"}},{\"@type\":\"WebPage\",\"@id\":\"https:\\\/\\\/eldigitaldeasturias.com\\\/magazine365\\\/el-ejido-premia-el-merito-turistico-de-los-deportistas-juan-parron-y-victor-fernandez\\\/#webpage\",\"url\":\"https:\\\/\\\/eldigitaldeasturias.com\\\/magazine365\\\/el-ejido-premia-el-merito-turistico-de-los-deportistas-juan-parron-y-victor-fernandez\\\/\",\"name\":\"El Ejido premia el m\\u00e9rito tur\\u00edstico de los deportistas Juan Parr\\u00f3n y V\\u00edctor Fern\\u00e1ndez | El Digital de Asturias\",\"description\":\"El Ayuntamiento de El Ejido (Almer\\u00eda) ha premiado en Fitur 2016 el m\\u00e9rito tur\\u00edstico de dos de sus deportistas m\\u00e1s destacados, el golfista Juan Parr\\u00f3n y el windsurfista V\\u00edctor Fern\\u00e1ndez. La entrega de los Premios al M\\u00e9rito Tur\\u00edstico de El Ejido, que se realiza desde hace cuatro a\\u00f1os, se ha celebrado en el stand de\",\"inLanguage\":\"es-ES\",\"isPartOf\":{\"@id\":\"https:\\\/\\\/eldigitaldeasturias.com\\\/magazine365\\\/#website\"},\"breadcrumb\":{\"@id\":\"https:\\\/\\\/eldigitaldeasturias.com\\\/magazine365\\\/el-ejido-premia-el-merito-turistico-de-los-deportistas-juan-parron-y-victor-fernandez\\\/#breadcrumblist\"},\"author\":{\"@id\":\"https:\\\/\\\/eldigitaldeasturias.com\\\/magazine365\\\/author\\\/admin\\\/#author\"},\"creator\":{\"@id\":\"https:\\\/\\\/eldigitaldeasturias.com\\\/magazine365\\\/author\\\/admin\\\/#author\"},\"image\":{\"@type\":\"ImageObject\",\"url\":\"https:\\\/\\\/eldigitaldeasturias.com\\\/magazine365\\\/wp-content\\\/uploads\\\/2016\\\/01\\\/fotonoticia_20160121133524_800.jpg\",\"@id\":\"https:\\\/\\\/eldigitaldeasturias.com\\\/magazine365\\\/el-ejido-premia-el-merito-turistico-de-los-deportistas-juan-parron-y-victor-fernandez\\\/#mainImage\",\"width\":800,\"height\":600},\"primaryImageOfPage\":{\"@id\":\"https:\\\/\\\/eldigitaldeasturias.com\\\/magazine365\\\/el-ejido-premia-el-merito-turistico-de-los-deportistas-juan-parron-y-victor-fernandez\\\/#mainImage\"},\"datePublished\":\"2016-01-23T11:34:03+01:00\",\"dateModified\":\"2016-01-23T11:34:03+01:00\"},{\"@type\":\"WebSite\",\"@id\":\"https:\\\/\\\/eldigitaldeasturias.com\\\/magazine365\\\/#website\",\"url\":\"https:\\\/\\\/eldigitaldeasturias.com\\\/magazine365\\\/\",\"name\":\"El Digital de Asturias\",\"description\":\"Revista de ocio, turismo y estilo de vida\",\"inLanguage\":\"es-ES\",\"publisher\":{\"@id\":\"https:\\\/\\\/eldigitaldeasturias.com\\\/magazine365\\\/#organization\"}}]}\n\t\t<\/script>\n\t\t<!-- All in One SEO Pro -->\r\n\t\t<title>El Ejido premia el m\u00e9rito tur\u00edstico de los deportistas Juan Parr\u00f3n y V\u00edctor Fern\u00e1ndez | El Digital de Asturias<\/title>\n\n","aioseo_head_json":{"title":"El Ejido premia el m\u00e9rito tur\u00edstico de los deportistas Juan Parr\u00f3n y V\u00edctor Fern\u00e1ndez | El Digital de Asturias","description":"El Ayuntamiento de El Ejido (Almer\u00eda) ha premiado en Fitur 2016 el m\u00e9rito tur\u00edstico de dos de sus deportistas m\u00e1s destacados, el golfista Juan Parr\u00f3n y el windsurfista V\u00edctor Fern\u00e1ndez. La entrega de los Premios al M\u00e9rito Tur\u00edstico de El Ejido, que se realiza desde hace cuatro a\u00f1os, se ha celebrado en el stand de","canonical_url":"https:\/\/eldigitaldeasturias.com\/magazine365\/el-ejido-premia-el-merito-turistico-de-los-deportistas-juan-parron-y-victor-fernandez\/","robots":"max-image-preview:large","keywords":"noticias y actualidad","webmasterTools":{"google-site-verification":"UA-38556648-1","miscellaneous":""},"schema":{"@context":"https:\/\/schema.org","@graph":[{"@type":"Article","@id":"https:\/\/eldigitaldeasturias.com\/magazine365\/el-ejido-premia-el-merito-turistico-de-los-deportistas-juan-parron-y-victor-fernandez\/#article","name":"El Ejido premia el m\u00e9rito tur\u00edstico de los deportistas Juan Parr\u00f3n y V\u00edctor Fern\u00e1ndez | El Digital de Asturias","headline":"El Ejido premia el m\u00e9rito tur\u00edstico de los deportistas Juan Parr\u00f3n y V\u00edctor Fern\u00e1ndez","author":{"@id":"https:\/\/eldigitaldeasturias.com\/magazine365\/author\/admin\/#author"},"publisher":{"@id":"https:\/\/eldigitaldeasturias.com\/magazine365\/#organization"},"image":{"@type":"ImageObject","url":"https:\/\/eldigitaldeasturias.com\/magazine365\/wp-content\/uploads\/2016\/01\/fotonoticia_20160121133524_800.jpg","width":800,"height":600},"datePublished":"2016-01-23T11:34:03+01:00","dateModified":"2016-01-23T11:34:03+01:00","inLanguage":"es-ES","mainEntityOfPage":{"@id":"https:\/\/eldigitaldeasturias.com\/magazine365\/el-ejido-premia-el-merito-turistico-de-los-deportistas-juan-parron-y-victor-fernandez\/#webpage"},"isPartOf":{"@id":"https:\/\/eldigitaldeasturias.com\/magazine365\/el-ejido-premia-el-merito-turistico-de-los-deportistas-juan-parron-y-victor-fernandez\/#webpage"},"articleSection":"Noticias y Actualidad"},{"@type":"BreadcrumbList","@id":"https:\/\/eldigitaldeasturias.com\/magazine365\/el-ejido-premia-el-merito-turistico-de-los-deportistas-juan-parron-y-victor-fernandez\/#breadcrumblist","itemListElement":[{"@type":"ListItem","@id":"https:\/\/eldigitaldeasturias.com\/magazine365#listItem","position":1,"name":"Home","item":"https:\/\/eldigitaldeasturias.com\/magazine365","nextItem":{"@type":"ListItem","@id":"https:\/\/eldigitaldeasturias.com\/magazine365\/category\/noticias-actualidad\/#listItem","name":"Noticias y Actualidad"}},{"@type":"ListItem","@id":"https:\/\/eldigitaldeasturias.com\/magazine365\/category\/noticias-actualidad\/#listItem","position":2,"name":"Noticias y Actualidad","item":"https:\/\/eldigitaldeasturias.com\/magazine365\/category\/noticias-actualidad\/","nextItem":{"@type":"ListItem","@id":"https:\/\/eldigitaldeasturias.com\/magazine365\/el-ejido-premia-el-merito-turistico-de-los-deportistas-juan-parron-y-victor-fernandez\/#listItem","name":"El Ejido premia el m\u00e9rito tur\u00edstico de los deportistas Juan Parr\u00f3n y V\u00edctor Fern\u00e1ndez"},"previousItem":{"@type":"ListItem","@id":"https:\/\/eldigitaldeasturias.com\/magazine365#listItem","name":"Home"}},{"@type":"ListItem","@id":"https:\/\/eldigitaldeasturias.com\/magazine365\/el-ejido-premia-el-merito-turistico-de-los-deportistas-juan-parron-y-victor-fernandez\/#listItem","position":3,"name":"El Ejido premia el m\u00e9rito tur\u00edstico de los deportistas Juan Parr\u00f3n y V\u00edctor Fern\u00e1ndez","previousItem":{"@type":"ListItem","@id":"https:\/\/eldigitaldeasturias.com\/magazine365\/category\/noticias-actualidad\/#listItem","name":"Noticias y Actualidad"}}]},{"@type":"Organization","@id":"https:\/\/eldigitaldeasturias.com\/magazine365\/#organization","name":"El digital de Asturias","description":"Revista de ocio, turismo y estilo de vida","url":"https:\/\/eldigitaldeasturias.com\/magazine365\/","logo":{"@type":"ImageObject","url":"https:\/\/www.eldigitaldeasturias.com\/noticias\/wp-content\/uploads\/2020\/12\/EDA.jpg","@id":"https:\/\/eldigitaldeasturias.com\/magazine365\/el-ejido-premia-el-merito-turistico-de-los-deportistas-juan-parron-y-victor-fernandez\/#organizationLogo"},"image":{"@id":"https:\/\/eldigitaldeasturias.com\/magazine365\/el-ejido-premia-el-merito-turistico-de-los-deportistas-juan-parron-y-victor-fernandez\/#organizationLogo"}},{"@type":"Person","@id":"https:\/\/eldigitaldeasturias.com\/magazine365\/author\/admin\/#author","url":"https:\/\/eldigitaldeasturias.com\/magazine365\/author\/admin\/","name":"admin","image":{"@type":"ImageObject","@id":"https:\/\/eldigitaldeasturias.com\/magazine365\/el-ejido-premia-el-merito-turistico-de-los-deportistas-juan-parron-y-victor-fernandez\/#authorImage","url":"https:\/\/eldigitaldeasturias.com\/magazine365\/wp-content\/litespeed\/avatar\/e571bcf59a0edd6fa6838245a470f2fe.jpg?ver=1776969259","width":96,"height":96,"caption":"admin"}},{"@type":"WebPage","@id":"https:\/\/eldigitaldeasturias.com\/magazine365\/el-ejido-premia-el-merito-turistico-de-los-deportistas-juan-parron-y-victor-fernandez\/#webpage","url":"https:\/\/eldigitaldeasturias.com\/magazine365\/el-ejido-premia-el-merito-turistico-de-los-deportistas-juan-parron-y-victor-fernandez\/","name":"El Ejido premia el m\u00e9rito tur\u00edstico de los deportistas Juan Parr\u00f3n y V\u00edctor Fern\u00e1ndez | El Digital de Asturias","description":"El Ayuntamiento de El Ejido (Almer\u00eda) ha premiado en Fitur 2016 el m\u00e9rito tur\u00edstico de dos de sus deportistas m\u00e1s destacados, el golfista Juan Parr\u00f3n y el windsurfista V\u00edctor Fern\u00e1ndez. La entrega de los Premios al M\u00e9rito Tur\u00edstico de El Ejido, que se realiza desde hace cuatro a\u00f1os, se ha celebrado en el stand de","inLanguage":"es-ES","isPartOf":{"@id":"https:\/\/eldigitaldeasturias.com\/magazine365\/#website"},"breadcrumb":{"@id":"https:\/\/eldigitaldeasturias.com\/magazine365\/el-ejido-premia-el-merito-turistico-de-los-deportistas-juan-parron-y-victor-fernandez\/#breadcrumblist"},"author":{"@id":"https:\/\/eldigitaldeasturias.com\/magazine365\/author\/admin\/#author"},"creator":{"@id":"https:\/\/eldigitaldeasturias.com\/magazine365\/author\/admin\/#author"},"image":{"@type":"ImageObject","url":"https:\/\/eldigitaldeasturias.com\/magazine365\/wp-content\/uploads\/2016\/01\/fotonoticia_20160121133524_800.jpg","@id":"https:\/\/eldigitaldeasturias.com\/magazine365\/el-ejido-premia-el-merito-turistico-de-los-deportistas-juan-parron-y-victor-fernandez\/#mainImage","width":800,"height":600},"primaryImageOfPage":{"@id":"https:\/\/eldigitaldeasturias.com\/magazine365\/el-ejido-premia-el-merito-turistico-de-los-deportistas-juan-parron-y-victor-fernandez\/#mainImage"},"datePublished":"2016-01-23T11:34:03+01:00","dateModified":"2016-01-23T11:34:03+01:00"},{"@type":"WebSite","@id":"https:\/\/eldigitaldeasturias.com\/magazine365\/#website","url":"https:\/\/eldigitaldeasturias.com\/magazine365\/","name":"El Digital de Asturias","description":"Revista de ocio, turismo y estilo de vida","inLanguage":"es-ES","publisher":{"@id":"https:\/\/eldigitaldeasturias.com\/magazine365\/#organization"}}]},"og:locale":"es_ES","og:site_name":"El Digital de Asturias \u2013 Revista de ocio, turismo y estilo de vida","og:type":"article","og:title":"El Ejido premia el m\u00e9rito tur\u00edstico de los deportistas Juan Parr\u00f3n y V\u00edctor Fern\u00e1ndez | El Digital de Asturias","og:description":"El Ayuntamiento de El Ejido (Almer\u00eda) ha premiado en Fitur 2016 el m\u00e9rito tur\u00edstico de dos de sus deportistas m\u00e1s destacados, el golfista Juan Parr\u00f3n y el windsurfista V\u00edctor Fern\u00e1ndez. La entrega de los Premios al M\u00e9rito Tur\u00edstico de El Ejido, que se realiza desde hace cuatro a\u00f1os, se ha celebrado en el stand de","og:url":"https:\/\/eldigitaldeasturias.com\/magazine365\/el-ejido-premia-el-merito-turistico-de-los-deportistas-juan-parron-y-victor-fernandez\/","og:image":"https:\/\/eldigitaldeasturias.com\/magazine365\/wp-content\/uploads\/2016\/01\/fotonoticia_20160121133524_800.jpg","og:image:secure_url":"https:\/\/eldigitaldeasturias.com\/magazine365\/wp-content\/uploads\/2016\/01\/fotonoticia_20160121133524_800.jpg","og:image:width":800,"og:image:height":600,"article:published_time":"2016-01-23T10:34:03+00:00","article:modified_time":"2016-01-23T10:34:03+00:00","twitter:card":"summary_large_image","twitter:title":"El Ejido premia el m\u00e9rito tur\u00edstico de los deportistas Juan Parr\u00f3n y V\u00edctor Fern\u00e1ndez | El Digital de Asturias","twitter:description":"El Ayuntamiento de El Ejido (Almer\u00eda) ha premiado en Fitur 2016 el m\u00e9rito tur\u00edstico de dos de sus deportistas m\u00e1s destacados, el golfista Juan Parr\u00f3n y el windsurfista V\u00edctor Fern\u00e1ndez. La entrega de los Premios al M\u00e9rito Tur\u00edstico de El Ejido, que se realiza desde hace cuatro a\u00f1os, se ha celebrado en el stand de","twitter:image":"https:\/\/eldigitaldeasturias.com\/magazine365\/wp-content\/uploads\/2016\/01\/fotonoticia_20160121133524_800.jpg"},"aioseo_meta_data":{"post_id":"61602","title":null,"description":null,"keywords":null,"keyphrases":null,"primary_term":null,"canonical_url":null,"og_title":null,"og_description":null,"og_object_type":"default","og_image_type":"default","og_image_url":null,"og_image_width":null,"og_image_height":null,"og_image_custom_url":null,"og_image_custom_fields":null,"og_video":null,"og_custom_url":null,"og_article_section":null,"og_article_tags":null,"twitter_use_og":false,"twitter_card":"default","twitter_image_type":"default","twitter_image_url":null,"twitter_image_custom_url":null,"twitter_image_custom_fields":null,"twitter_title":null,"twitter_description":null,"schema":{"blockGraphs":[],"customGraphs":[],"default":{"data":{"Article":[],"Course":[],"Dataset":[],"FAQPage":[],"Movie":[],"Person":[],"Product":[],"ProductReview":[],"Car":[],"Recipe":[],"Service":[],"SoftwareApplication":[],"WebPage":[]},"graphName":"","isEnabled":true},"graphs":[],"defaultGraph":"","defaultPostTypeGraph":""},"schema_type":null,"schema_type_options":null,"pillar_content":false,"robots_default":true,"robots_noindex":false,"robots_noarchive":false,"robots_nosnippet":false,"robots_nofollow":false,"robots_noimageindex":false,"robots_noodp":false,"robots_notranslate":false,"robots_max_snippet":null,"robots_max_videopreview":null,"robots_max_imagepreview":"large","priority":null,"frequency":null,"location":null,"local_seo":null,"seo_analyzer_scan_date":"2025-09-25 09:19:45","breadcrumb_settings":null,"limit_modified_date":false,"open_ai":null,"ai":null,"created":"2021-03-08 21:47:43","updated":"2025-09-25 09:19:45"},"aioseo_breadcrumb":"<div class=\"aioseo-breadcrumbs\"><span class=\"aioseo-breadcrumb\">\n\t<a href=\"https:\/\/eldigitaldeasturias.com\/magazine365\" title=\"Home\">Home<\/a>\n<\/span><span class=\"aioseo-breadcrumb-separator\">\u2013<\/span><span class=\"aioseo-breadcrumb\">\n\t<a href=\"https:\/\/eldigitaldeasturias.com\/magazine365\/category\/noticias-actualidad\/\" title=\"Noticias y Actualidad\">Noticias y Actualidad<\/a>\n<\/span><span class=\"aioseo-breadcrumb-separator\">\u2013<\/span><span class=\"aioseo-breadcrumb\">\n\t<a href=\"https:\/\/eldigitaldeasturias.com\/magazine365\/el-ejido-premia-el-merito-turistico-de-los-deportistas-juan-parron-y-victor-fernandez\/\" title=\"El Ejido premia el m\u00e9rito tur\u00edstico de los deportistas Juan Parr\u00f3n y V\u00edctor Fern\u00e1ndez\">El Ejido premia el m\u00e9rito tur\u00edstico de los deportistas Juan Parr\u00f3n y V\u00edctor Fern\u00e1ndez<\/a>\n<\/span><\/div>","aioseo_breadcrumb_json":[{"label":"Home","link":"https:\/\/eldigitaldeasturias.com\/magazine365"},{"label":"Noticias y Actualidad","link":"https:\/\/eldigitaldeasturias.com\/magazine365\/category\/noticias-actualidad\/"},{"label":"El Ejido premia el m\u00e9rito tur\u00edstico de los deportistas Juan Parr\u00f3n y V\u00edctor Fern\u00e1ndez","link":"https:\/\/eldigitaldeasturias.com\/magazine365\/el-ejido-premia-el-merito-turistico-de-los-deportistas-juan-parron-y-victor-fernandez\/"}],"_links":{"self":[{"href":"https:\/\/eldigitaldeasturias.com\/magazine365\/wp-json\/wp\/v2\/posts\/61602","targetHints":{"allow":["GET"]}}],"collection":[{"href":"https:\/\/eldigitaldeasturias.com\/magazine365\/wp-json\/wp\/v2\/posts"}],"about":[{"href":"https:\/\/eldigitaldeasturias.com\/magazine365\/wp-json\/wp\/v2\/types\/post"}],"author":[{"embeddable":true,"href":"https:\/\/eldigitaldeasturias.com\/magazine365\/wp-json\/wp\/v2\/users\/1"}],"replies":[{"embeddable":true,"href":"https:\/\/eldigitaldeasturias.com\/magazine365\/wp-json\/wp\/v2\/comments?post=61602"}],"version-history":[{"count":0,"href":"https:\/\/eldigitaldeasturias.com\/magazine365\/wp-json\/wp\/v2\/posts\/61602\/revisions"}],"wp:featuredmedia":[{"embeddable":true,"href":"https:\/\/eldigitaldeasturias.com\/magazine365\/wp-json\/wp\/v2\/media\/61603"}],"wp:attachment":[{"href":"https:\/\/eldigitaldeasturias.com\/magazine365\/wp-json\/wp\/v2\/media?parent=61602"}],"wp:term":[{"taxonomy":"category","embeddable":true,"href":"https:\/\/eldigitaldeasturias.com\/magazine365\/wp-json\/wp\/v2\/categories?post=61602"},{"taxonomy":"post_tag","embeddable":true,"href":"https:\/\/eldigitaldeasturias.com\/magazine365\/wp-json\/wp\/v2\/tags?post=61602"}],"curies":[{"name":"wp","href":"https:\/\/api.w.org\/{rel}","templated":true}]}}