{"id":61599,"date":"2016-01-23T11:33:03","date_gmt":"2016-01-23T10:33:03","guid":{"rendered":"http:\/\/eldigitaldeasturias.com\/magazine365\/?p=61599"},"modified":"2016-01-23T11:33:03","modified_gmt":"2016-01-23T10:33:03","slug":"valladolid-pondra-en-marcha-una-mesa-de-turismo-para-fijar-estrategias-turisticas-para-cuatro-anos","status":"publish","type":"post","link":"https:\/\/eldigitaldeasturias.com\/magazine365\/valladolid-pondra-en-marcha-una-mesa-de-turismo-para-fijar-estrategias-turisticas-para-cuatro-anos\/","title":{"rendered":"Valladolid pondr\u00e1 en marcha una mesa de turismo para fijar estrategias tur\u00edsticas para cuatro a\u00f1os"},"content":{"rendered":"<p><img fetchpriority=\"high\" decoding=\"async\" class=\"alignleft size-medium wp-image-61600\" src=\"https:\/\/eldigitaldeasturias.com\/magazine365\/wp-content\/uploads\/2016\/01\/fotonoticia_20160121133142_800-360x270.jpg\" alt=\"fotonoticia_20160121133142_800\" width=\"360\" height=\"270\" srcset=\"https:\/\/eldigitaldeasturias.com\/magazine365\/wp-content\/uploads\/2016\/01\/fotonoticia_20160121133142_800-360x270.jpg 360w, https:\/\/eldigitaldeasturias.com\/magazine365\/wp-content\/uploads\/2016\/01\/fotonoticia_20160121133142_800-650x488.jpg 650w, https:\/\/eldigitaldeasturias.com\/magazine365\/wp-content\/uploads\/2016\/01\/fotonoticia_20160121133142_800-768x576.jpg 768w, https:\/\/eldigitaldeasturias.com\/magazine365\/wp-content\/uploads\/2016\/01\/fotonoticia_20160121133142_800-150x113.jpg 150w, https:\/\/eldigitaldeasturias.com\/magazine365\/wp-content\/uploads\/2016\/01\/fotonoticia_20160121133142_800-450x338.jpg 450w, https:\/\/eldigitaldeasturias.com\/magazine365\/wp-content\/uploads\/2016\/01\/fotonoticia_20160121133142_800-80x60.jpg 80w, https:\/\/eldigitaldeasturias.com\/magazine365\/wp-content\/uploads\/2016\/01\/fotonoticia_20160121133142_800-265x198.jpg 265w, https:\/\/eldigitaldeasturias.com\/magazine365\/wp-content\/uploads\/2016\/01\/fotonoticia_20160121133142_800-696x522.jpg 696w, https:\/\/eldigitaldeasturias.com\/magazine365\/wp-content\/uploads\/2016\/01\/fotonoticia_20160121133142_800-560x420.jpg 560w, https:\/\/eldigitaldeasturias.com\/magazine365\/wp-content\/uploads\/2016\/01\/fotonoticia_20160121133142_800-90x67.jpg 90w, https:\/\/eldigitaldeasturias.com\/magazine365\/wp-content\/uploads\/2016\/01\/fotonoticia_20160121133142_800-164x124.jpg 164w, https:\/\/eldigitaldeasturias.com\/magazine365\/wp-content\/uploads\/2016\/01\/fotonoticia_20160121133142_800-100x75.jpg 100w, https:\/\/eldigitaldeasturias.com\/magazine365\/wp-content\/uploads\/2016\/01\/fotonoticia_20160121133142_800.jpg 800w\" sizes=\"(max-width: 360px) 100vw, 360px\" \/>El Ayuntamiento de Valladolid trabajar\u00e1 de forma conjunta con el sector hostelero para poner en marcha a partir del mes de marzo una mesa de turismo en la que se \u00abdiscutir\u00e1\u00bb el plan estrat\u00e9gico de turismo para los pr\u00f3ximos cuatro a\u00f1os.<\/p>\n<p>As\u00ed lo ha anunciado este jueves la concejal de Cultura y Turismo del Ayuntamiento de Valladolid, Ana Redondo, quien ha estado acompa\u00f1ada con los representantes del sector hotelero y hostelero de la ciudad en la Feria Internacional de Turismo de Madrid (Fitur), donde ha presentado las principales propuestas tur\u00edsticas de la ciudad para 2016.<\/p>\n<p>En este sentido, Redondo ha manifestado que esta mesa \u00abva a ser un referente esencial para fijar cu\u00e1les son los objetivos, las metas y los pasos que hay que dar para conseguir el objetivo com\u00fan que es trabajar en la misma direcci\u00f3n\u00bb.<\/p>\n<p>Por eso, la concejal ha hecho especial hincapi\u00e9 en la colaboraci\u00f3n p\u00fablico-privada y en que el sector de la hosteler\u00eda vallisoletena tenga como principal \u00abcompa\u00f1ero de viaje\u00bb al Ayuntamiento de Valladolid.<\/p>\n<p>\u00c9sta es una de las claves principales en las que trabajar\u00e1 el Ayuntamiento en 2016, un a\u00f1o que seg\u00fan la concejal \u00abser\u00e1 interesante en materia tur\u00edstica si la situaci\u00f3n de inestabilidad del pa\u00eds lo permite\u00bb. \u00abValladolid tiene una gran potencialidad tur\u00edstica es austera pero es de lo bueno, lo mejor por lo que vamos a esforzarnos por mostrarlo al mundo\u00bb, ha enfatizado la edil.<\/p>\n<p>Tambi\u00e9n Redondo ha apostado por estrechar lazos de colaboraci\u00f3n entre la Diputaci\u00f3n, la Junta, la Universidad de Valladolid y Renfe para dar a conocer \u00abla ciudad de Valladolid en este IV Centenario de la muerte de Cervantes\u00bb.<\/p>\n<p>La \u00faltima estrategia en la que trabajar\u00e1 el Ayuntamiento en 2016 ser\u00e1 la adaptabilidad de experiencias nuevas. \u00abValladolid tiene que ser una alternativa al turismo de sol y playa y hay que trabajar en esta direcci\u00f3n y promocionar todo lo bueno que tenemos\u00bb, ha destacado Redondo.<\/p>\n","protected":false},"excerpt":{"rendered":"<p>El Ayuntamiento de Valladolid trabajar\u00e1 de forma conjunta con el sector hostelero para poner en marcha a partir del mes de marzo una mesa de turismo en la que se \u00abdiscutir\u00e1\u00bb el plan estrat\u00e9gico de turismo para los pr\u00f3ximos cuatro a\u00f1os. As\u00ed lo ha anunciado este jueves la concejal de Cultura y Turismo del Ayuntamiento<\/p>\n","protected":false},"author":1,"featured_media":61600,"comment_status":"open","ping_status":"closed","sticky":false,"template":"","format":"standard","meta":{"footnotes":""},"categories":[224],"tags":[],"class_list":{"0":"post-61599","1":"post","2":"type-post","3":"status-publish","4":"format-standard","5":"has-post-thumbnail","7":"category-noticias-actualidad"},"aioseo_notices":[],"aioseo_head":"\n\t\t<!-- All in One SEO Pro 4.9.6.1 - aioseo.com -->\n\t<meta name=\"description\" content=\"El Ayuntamiento de Valladolid trabajar\u00e1 de forma conjunta con el sector hostelero para poner en marcha a partir del mes de marzo una mesa de turismo en la que se &quot;discutir\u00e1&quot; el plan estrat\u00e9gico de turismo para los pr\u00f3ximos cuatro a\u00f1os. As\u00ed lo ha anunciado este jueves la concejal de Cultura y Turismo del Ayuntamiento\" \/>\n\t<meta name=\"robots\" content=\"max-image-preview:large\" \/>\n\t<meta name=\"author\" content=\"admin\"\/>\n\t<meta name=\"google-site-verification\" content=\"UA-38556648-1\" \/>\n\t<meta name=\"keywords\" content=\"noticias y actualidad\" \/>\n\t<link rel=\"canonical\" href=\"https:\/\/eldigitaldeasturias.com\/magazine365\/valladolid-pondra-en-marcha-una-mesa-de-turismo-para-fijar-estrategias-turisticas-para-cuatro-anos\/\" \/>\n\t<meta name=\"generator\" content=\"All in One SEO Pro (AIOSEO) 4.9.6.1\" \/>\n\t\t<meta property=\"og:locale\" content=\"es_ES\" \/>\n\t\t<meta property=\"og:site_name\" content=\"El Digital de Asturias \u2013 Revista de ocio, turismo y estilo de vida\" \/>\n\t\t<meta property=\"og:type\" content=\"article\" \/>\n\t\t<meta property=\"og:title\" content=\"Valladolid pondr\u00e1 en marcha una mesa de turismo para fijar estrategias tur\u00edsticas para cuatro a\u00f1os | El Digital de Asturias\" \/>\n\t\t<meta property=\"og:description\" content=\"El Ayuntamiento de Valladolid trabajar\u00e1 de forma conjunta con el sector hostelero para poner en marcha a partir del mes de marzo una mesa de turismo en la que se &quot;discutir\u00e1&quot; el plan estrat\u00e9gico de turismo para los pr\u00f3ximos cuatro a\u00f1os. As\u00ed lo ha anunciado este jueves la concejal de Cultura y Turismo del Ayuntamiento\" \/>\n\t\t<meta property=\"og:url\" content=\"https:\/\/eldigitaldeasturias.com\/magazine365\/valladolid-pondra-en-marcha-una-mesa-de-turismo-para-fijar-estrategias-turisticas-para-cuatro-anos\/\" \/>\n\t\t<meta property=\"og:image\" content=\"https:\/\/eldigitaldeasturias.com\/magazine365\/wp-content\/uploads\/2016\/01\/fotonoticia_20160121133142_800.jpg\" \/>\n\t\t<meta property=\"og:image:secure_url\" content=\"https:\/\/eldigitaldeasturias.com\/magazine365\/wp-content\/uploads\/2016\/01\/fotonoticia_20160121133142_800.jpg\" \/>\n\t\t<meta property=\"og:image:width\" content=\"800\" \/>\n\t\t<meta property=\"og:image:height\" content=\"600\" \/>\n\t\t<meta property=\"article:published_time\" content=\"2016-01-23T10:33:03+00:00\" \/>\n\t\t<meta property=\"article:modified_time\" content=\"2016-01-23T10:33:03+00:00\" \/>\n\t\t<meta name=\"twitter:card\" content=\"summary_large_image\" \/>\n\t\t<meta name=\"twitter:title\" content=\"Valladolid pondr\u00e1 en marcha una mesa de turismo para fijar estrategias tur\u00edsticas para cuatro a\u00f1os | El Digital de Asturias\" \/>\n\t\t<meta name=\"twitter:description\" content=\"El Ayuntamiento de Valladolid trabajar\u00e1 de forma conjunta con el sector hostelero para poner en marcha a partir del mes de marzo una mesa de turismo en la que se &quot;discutir\u00e1&quot; el plan estrat\u00e9gico de turismo para los pr\u00f3ximos cuatro a\u00f1os. As\u00ed lo ha anunciado este jueves la concejal de Cultura y Turismo del Ayuntamiento\" \/>\n\t\t<meta name=\"twitter:image\" content=\"https:\/\/eldigitaldeasturias.com\/magazine365\/wp-content\/uploads\/2016\/01\/fotonoticia_20160121133142_800.jpg\" \/>\n\t\t<script type=\"application\/ld+json\" class=\"aioseo-schema\">\n\t\t\t{\"@context\":\"https:\\\/\\\/schema.org\",\"@graph\":[{\"@type\":\"Article\",\"@id\":\"https:\\\/\\\/eldigitaldeasturias.com\\\/magazine365\\\/valladolid-pondra-en-marcha-una-mesa-de-turismo-para-fijar-estrategias-turisticas-para-cuatro-anos\\\/#article\",\"name\":\"Valladolid pondr\\u00e1 en marcha una mesa de turismo para fijar estrategias tur\\u00edsticas para cuatro a\\u00f1os | El Digital de Asturias\",\"headline\":\"Valladolid pondr\\u00e1 en marcha una mesa de turismo para fijar estrategias tur\\u00edsticas para cuatro a\\u00f1os\",\"author\":{\"@id\":\"https:\\\/\\\/eldigitaldeasturias.com\\\/magazine365\\\/author\\\/admin\\\/#author\"},\"publisher\":{\"@id\":\"https:\\\/\\\/eldigitaldeasturias.com\\\/magazine365\\\/#organization\"},\"image\":{\"@type\":\"ImageObject\",\"url\":\"https:\\\/\\\/eldigitaldeasturias.com\\\/magazine365\\\/wp-content\\\/uploads\\\/2016\\\/01\\\/fotonoticia_20160121133142_800.jpg\",\"width\":800,\"height\":600},\"datePublished\":\"2016-01-23T11:33:03+01:00\",\"dateModified\":\"2016-01-23T11:33:03+01:00\",\"inLanguage\":\"es-ES\",\"mainEntityOfPage\":{\"@id\":\"https:\\\/\\\/eldigitaldeasturias.com\\\/magazine365\\\/valladolid-pondra-en-marcha-una-mesa-de-turismo-para-fijar-estrategias-turisticas-para-cuatro-anos\\\/#webpage\"},\"isPartOf\":{\"@id\":\"https:\\\/\\\/eldigitaldeasturias.com\\\/magazine365\\\/valladolid-pondra-en-marcha-una-mesa-de-turismo-para-fijar-estrategias-turisticas-para-cuatro-anos\\\/#webpage\"},\"articleSection\":\"Noticias y Actualidad\"},{\"@type\":\"BreadcrumbList\",\"@id\":\"https:\\\/\\\/eldigitaldeasturias.com\\\/magazine365\\\/valladolid-pondra-en-marcha-una-mesa-de-turismo-para-fijar-estrategias-turisticas-para-cuatro-anos\\\/#breadcrumblist\",\"itemListElement\":[{\"@type\":\"ListItem\",\"@id\":\"https:\\\/\\\/eldigitaldeasturias.com\\\/magazine365#listItem\",\"position\":1,\"name\":\"Home\",\"item\":\"https:\\\/\\\/eldigitaldeasturias.com\\\/magazine365\",\"nextItem\":{\"@type\":\"ListItem\",\"@id\":\"https:\\\/\\\/eldigitaldeasturias.com\\\/magazine365\\\/category\\\/noticias-actualidad\\\/#listItem\",\"name\":\"Noticias y Actualidad\"}},{\"@type\":\"ListItem\",\"@id\":\"https:\\\/\\\/eldigitaldeasturias.com\\\/magazine365\\\/category\\\/noticias-actualidad\\\/#listItem\",\"position\":2,\"name\":\"Noticias y Actualidad\",\"item\":\"https:\\\/\\\/eldigitaldeasturias.com\\\/magazine365\\\/category\\\/noticias-actualidad\\\/\",\"nextItem\":{\"@type\":\"ListItem\",\"@id\":\"https:\\\/\\\/eldigitaldeasturias.com\\\/magazine365\\\/valladolid-pondra-en-marcha-una-mesa-de-turismo-para-fijar-estrategias-turisticas-para-cuatro-anos\\\/#listItem\",\"name\":\"Valladolid pondr\\u00e1 en marcha una mesa de turismo para fijar estrategias tur\\u00edsticas para cuatro a\\u00f1os\"},\"previousItem\":{\"@type\":\"ListItem\",\"@id\":\"https:\\\/\\\/eldigitaldeasturias.com\\\/magazine365#listItem\",\"name\":\"Home\"}},{\"@type\":\"ListItem\",\"@id\":\"https:\\\/\\\/eldigitaldeasturias.com\\\/magazine365\\\/valladolid-pondra-en-marcha-una-mesa-de-turismo-para-fijar-estrategias-turisticas-para-cuatro-anos\\\/#listItem\",\"position\":3,\"name\":\"Valladolid pondr\\u00e1 en marcha una mesa de turismo para fijar estrategias tur\\u00edsticas para cuatro a\\u00f1os\",\"previousItem\":{\"@type\":\"ListItem\",\"@id\":\"https:\\\/\\\/eldigitaldeasturias.com\\\/magazine365\\\/category\\\/noticias-actualidad\\\/#listItem\",\"name\":\"Noticias y Actualidad\"}}]},{\"@type\":\"Organization\",\"@id\":\"https:\\\/\\\/eldigitaldeasturias.com\\\/magazine365\\\/#organization\",\"name\":\"El digital de Asturias\",\"description\":\"Revista de ocio, turismo y estilo de vida\",\"url\":\"https:\\\/\\\/eldigitaldeasturias.com\\\/magazine365\\\/\",\"logo\":{\"@type\":\"ImageObject\",\"url\":\"https:\\\/\\\/www.eldigitaldeasturias.com\\\/noticias\\\/wp-content\\\/uploads\\\/2020\\\/12\\\/EDA.jpg\",\"@id\":\"https:\\\/\\\/eldigitaldeasturias.com\\\/magazine365\\\/valladolid-pondra-en-marcha-una-mesa-de-turismo-para-fijar-estrategias-turisticas-para-cuatro-anos\\\/#organizationLogo\"},\"image\":{\"@id\":\"https:\\\/\\\/eldigitaldeasturias.com\\\/magazine365\\\/valladolid-pondra-en-marcha-una-mesa-de-turismo-para-fijar-estrategias-turisticas-para-cuatro-anos\\\/#organizationLogo\"}},{\"@type\":\"Person\",\"@id\":\"https:\\\/\\\/eldigitaldeasturias.com\\\/magazine365\\\/author\\\/admin\\\/#author\",\"url\":\"https:\\\/\\\/eldigitaldeasturias.com\\\/magazine365\\\/author\\\/admin\\\/\",\"name\":\"admin\",\"image\":{\"@type\":\"ImageObject\",\"@id\":\"https:\\\/\\\/eldigitaldeasturias.com\\\/magazine365\\\/valladolid-pondra-en-marcha-una-mesa-de-turismo-para-fijar-estrategias-turisticas-para-cuatro-anos\\\/#authorImage\",\"url\":\"https:\\\/\\\/eldigitaldeasturias.com\\\/magazine365\\\/wp-content\\\/litespeed\\\/avatar\\\/e571bcf59a0edd6fa6838245a470f2fe.jpg?ver=1776969259\",\"width\":96,\"height\":96,\"caption\":\"admin\"}},{\"@type\":\"WebPage\",\"@id\":\"https:\\\/\\\/eldigitaldeasturias.com\\\/magazine365\\\/valladolid-pondra-en-marcha-una-mesa-de-turismo-para-fijar-estrategias-turisticas-para-cuatro-anos\\\/#webpage\",\"url\":\"https:\\\/\\\/eldigitaldeasturias.com\\\/magazine365\\\/valladolid-pondra-en-marcha-una-mesa-de-turismo-para-fijar-estrategias-turisticas-para-cuatro-anos\\\/\",\"name\":\"Valladolid pondr\\u00e1 en marcha una mesa de turismo para fijar estrategias tur\\u00edsticas para cuatro a\\u00f1os | El Digital de Asturias\",\"description\":\"El Ayuntamiento de Valladolid trabajar\\u00e1 de forma conjunta con el sector hostelero para poner en marcha a partir del mes de marzo una mesa de turismo en la que se \\\"discutir\\u00e1\\\" el plan estrat\\u00e9gico de turismo para los pr\\u00f3ximos cuatro a\\u00f1os. As\\u00ed lo ha anunciado este jueves la concejal de Cultura y Turismo del Ayuntamiento\",\"inLanguage\":\"es-ES\",\"isPartOf\":{\"@id\":\"https:\\\/\\\/eldigitaldeasturias.com\\\/magazine365\\\/#website\"},\"breadcrumb\":{\"@id\":\"https:\\\/\\\/eldigitaldeasturias.com\\\/magazine365\\\/valladolid-pondra-en-marcha-una-mesa-de-turismo-para-fijar-estrategias-turisticas-para-cuatro-anos\\\/#breadcrumblist\"},\"author\":{\"@id\":\"https:\\\/\\\/eldigitaldeasturias.com\\\/magazine365\\\/author\\\/admin\\\/#author\"},\"creator\":{\"@id\":\"https:\\\/\\\/eldigitaldeasturias.com\\\/magazine365\\\/author\\\/admin\\\/#author\"},\"image\":{\"@type\":\"ImageObject\",\"url\":\"https:\\\/\\\/eldigitaldeasturias.com\\\/magazine365\\\/wp-content\\\/uploads\\\/2016\\\/01\\\/fotonoticia_20160121133142_800.jpg\",\"@id\":\"https:\\\/\\\/eldigitaldeasturias.com\\\/magazine365\\\/valladolid-pondra-en-marcha-una-mesa-de-turismo-para-fijar-estrategias-turisticas-para-cuatro-anos\\\/#mainImage\",\"width\":800,\"height\":600},\"primaryImageOfPage\":{\"@id\":\"https:\\\/\\\/eldigitaldeasturias.com\\\/magazine365\\\/valladolid-pondra-en-marcha-una-mesa-de-turismo-para-fijar-estrategias-turisticas-para-cuatro-anos\\\/#mainImage\"},\"datePublished\":\"2016-01-23T11:33:03+01:00\",\"dateModified\":\"2016-01-23T11:33:03+01:00\"},{\"@type\":\"WebSite\",\"@id\":\"https:\\\/\\\/eldigitaldeasturias.com\\\/magazine365\\\/#website\",\"url\":\"https:\\\/\\\/eldigitaldeasturias.com\\\/magazine365\\\/\",\"name\":\"El Digital de Asturias\",\"description\":\"Revista de ocio, turismo y estilo de vida\",\"inLanguage\":\"es-ES\",\"publisher\":{\"@id\":\"https:\\\/\\\/eldigitaldeasturias.com\\\/magazine365\\\/#organization\"}}]}\n\t\t<\/script>\n\t\t<!-- All in One SEO Pro -->\r\n\t\t<title>Valladolid pondr\u00e1 en marcha una mesa de turismo para fijar estrategias tur\u00edsticas para cuatro a\u00f1os | El Digital de Asturias<\/title>\n\n","aioseo_head_json":{"title":"Valladolid pondr\u00e1 en marcha una mesa de turismo para fijar estrategias tur\u00edsticas para cuatro a\u00f1os | El Digital de Asturias","description":"El Ayuntamiento de Valladolid trabajar\u00e1 de forma conjunta con el sector hostelero para poner en marcha a partir del mes de marzo una mesa de turismo en la que se \"discutir\u00e1\" el plan estrat\u00e9gico de turismo para los pr\u00f3ximos cuatro a\u00f1os. As\u00ed lo ha anunciado este jueves la concejal de Cultura y Turismo del Ayuntamiento","canonical_url":"https:\/\/eldigitaldeasturias.com\/magazine365\/valladolid-pondra-en-marcha-una-mesa-de-turismo-para-fijar-estrategias-turisticas-para-cuatro-anos\/","robots":"max-image-preview:large","keywords":"noticias y actualidad","webmasterTools":{"google-site-verification":"UA-38556648-1","miscellaneous":""},"schema":{"@context":"https:\/\/schema.org","@graph":[{"@type":"Article","@id":"https:\/\/eldigitaldeasturias.com\/magazine365\/valladolid-pondra-en-marcha-una-mesa-de-turismo-para-fijar-estrategias-turisticas-para-cuatro-anos\/#article","name":"Valladolid pondr\u00e1 en marcha una mesa de turismo para fijar estrategias tur\u00edsticas para cuatro a\u00f1os | El Digital de Asturias","headline":"Valladolid pondr\u00e1 en marcha una mesa de turismo para fijar estrategias tur\u00edsticas para cuatro a\u00f1os","author":{"@id":"https:\/\/eldigitaldeasturias.com\/magazine365\/author\/admin\/#author"},"publisher":{"@id":"https:\/\/eldigitaldeasturias.com\/magazine365\/#organization"},"image":{"@type":"ImageObject","url":"https:\/\/eldigitaldeasturias.com\/magazine365\/wp-content\/uploads\/2016\/01\/fotonoticia_20160121133142_800.jpg","width":800,"height":600},"datePublished":"2016-01-23T11:33:03+01:00","dateModified":"2016-01-23T11:33:03+01:00","inLanguage":"es-ES","mainEntityOfPage":{"@id":"https:\/\/eldigitaldeasturias.com\/magazine365\/valladolid-pondra-en-marcha-una-mesa-de-turismo-para-fijar-estrategias-turisticas-para-cuatro-anos\/#webpage"},"isPartOf":{"@id":"https:\/\/eldigitaldeasturias.com\/magazine365\/valladolid-pondra-en-marcha-una-mesa-de-turismo-para-fijar-estrategias-turisticas-para-cuatro-anos\/#webpage"},"articleSection":"Noticias y Actualidad"},{"@type":"BreadcrumbList","@id":"https:\/\/eldigitaldeasturias.com\/magazine365\/valladolid-pondra-en-marcha-una-mesa-de-turismo-para-fijar-estrategias-turisticas-para-cuatro-anos\/#breadcrumblist","itemListElement":[{"@type":"ListItem","@id":"https:\/\/eldigitaldeasturias.com\/magazine365#listItem","position":1,"name":"Home","item":"https:\/\/eldigitaldeasturias.com\/magazine365","nextItem":{"@type":"ListItem","@id":"https:\/\/eldigitaldeasturias.com\/magazine365\/category\/noticias-actualidad\/#listItem","name":"Noticias y Actualidad"}},{"@type":"ListItem","@id":"https:\/\/eldigitaldeasturias.com\/magazine365\/category\/noticias-actualidad\/#listItem","position":2,"name":"Noticias y Actualidad","item":"https:\/\/eldigitaldeasturias.com\/magazine365\/category\/noticias-actualidad\/","nextItem":{"@type":"ListItem","@id":"https:\/\/eldigitaldeasturias.com\/magazine365\/valladolid-pondra-en-marcha-una-mesa-de-turismo-para-fijar-estrategias-turisticas-para-cuatro-anos\/#listItem","name":"Valladolid pondr\u00e1 en marcha una mesa de turismo para fijar estrategias tur\u00edsticas para cuatro a\u00f1os"},"previousItem":{"@type":"ListItem","@id":"https:\/\/eldigitaldeasturias.com\/magazine365#listItem","name":"Home"}},{"@type":"ListItem","@id":"https:\/\/eldigitaldeasturias.com\/magazine365\/valladolid-pondra-en-marcha-una-mesa-de-turismo-para-fijar-estrategias-turisticas-para-cuatro-anos\/#listItem","position":3,"name":"Valladolid pondr\u00e1 en marcha una mesa de turismo para fijar estrategias tur\u00edsticas para cuatro a\u00f1os","previousItem":{"@type":"ListItem","@id":"https:\/\/eldigitaldeasturias.com\/magazine365\/category\/noticias-actualidad\/#listItem","name":"Noticias y Actualidad"}}]},{"@type":"Organization","@id":"https:\/\/eldigitaldeasturias.com\/magazine365\/#organization","name":"El digital de Asturias","description":"Revista de ocio, turismo y estilo de vida","url":"https:\/\/eldigitaldeasturias.com\/magazine365\/","logo":{"@type":"ImageObject","url":"https:\/\/www.eldigitaldeasturias.com\/noticias\/wp-content\/uploads\/2020\/12\/EDA.jpg","@id":"https:\/\/eldigitaldeasturias.com\/magazine365\/valladolid-pondra-en-marcha-una-mesa-de-turismo-para-fijar-estrategias-turisticas-para-cuatro-anos\/#organizationLogo"},"image":{"@id":"https:\/\/eldigitaldeasturias.com\/magazine365\/valladolid-pondra-en-marcha-una-mesa-de-turismo-para-fijar-estrategias-turisticas-para-cuatro-anos\/#organizationLogo"}},{"@type":"Person","@id":"https:\/\/eldigitaldeasturias.com\/magazine365\/author\/admin\/#author","url":"https:\/\/eldigitaldeasturias.com\/magazine365\/author\/admin\/","name":"admin","image":{"@type":"ImageObject","@id":"https:\/\/eldigitaldeasturias.com\/magazine365\/valladolid-pondra-en-marcha-una-mesa-de-turismo-para-fijar-estrategias-turisticas-para-cuatro-anos\/#authorImage","url":"https:\/\/eldigitaldeasturias.com\/magazine365\/wp-content\/litespeed\/avatar\/e571bcf59a0edd6fa6838245a470f2fe.jpg?ver=1776969259","width":96,"height":96,"caption":"admin"}},{"@type":"WebPage","@id":"https:\/\/eldigitaldeasturias.com\/magazine365\/valladolid-pondra-en-marcha-una-mesa-de-turismo-para-fijar-estrategias-turisticas-para-cuatro-anos\/#webpage","url":"https:\/\/eldigitaldeasturias.com\/magazine365\/valladolid-pondra-en-marcha-una-mesa-de-turismo-para-fijar-estrategias-turisticas-para-cuatro-anos\/","name":"Valladolid pondr\u00e1 en marcha una mesa de turismo para fijar estrategias tur\u00edsticas para cuatro a\u00f1os | El Digital de Asturias","description":"El Ayuntamiento de Valladolid trabajar\u00e1 de forma conjunta con el sector hostelero para poner en marcha a partir del mes de marzo una mesa de turismo en la que se \"discutir\u00e1\" el plan estrat\u00e9gico de turismo para los pr\u00f3ximos cuatro a\u00f1os. As\u00ed lo ha anunciado este jueves la concejal de Cultura y Turismo del Ayuntamiento","inLanguage":"es-ES","isPartOf":{"@id":"https:\/\/eldigitaldeasturias.com\/magazine365\/#website"},"breadcrumb":{"@id":"https:\/\/eldigitaldeasturias.com\/magazine365\/valladolid-pondra-en-marcha-una-mesa-de-turismo-para-fijar-estrategias-turisticas-para-cuatro-anos\/#breadcrumblist"},"author":{"@id":"https:\/\/eldigitaldeasturias.com\/magazine365\/author\/admin\/#author"},"creator":{"@id":"https:\/\/eldigitaldeasturias.com\/magazine365\/author\/admin\/#author"},"image":{"@type":"ImageObject","url":"https:\/\/eldigitaldeasturias.com\/magazine365\/wp-content\/uploads\/2016\/01\/fotonoticia_20160121133142_800.jpg","@id":"https:\/\/eldigitaldeasturias.com\/magazine365\/valladolid-pondra-en-marcha-una-mesa-de-turismo-para-fijar-estrategias-turisticas-para-cuatro-anos\/#mainImage","width":800,"height":600},"primaryImageOfPage":{"@id":"https:\/\/eldigitaldeasturias.com\/magazine365\/valladolid-pondra-en-marcha-una-mesa-de-turismo-para-fijar-estrategias-turisticas-para-cuatro-anos\/#mainImage"},"datePublished":"2016-01-23T11:33:03+01:00","dateModified":"2016-01-23T11:33:03+01:00"},{"@type":"WebSite","@id":"https:\/\/eldigitaldeasturias.com\/magazine365\/#website","url":"https:\/\/eldigitaldeasturias.com\/magazine365\/","name":"El Digital de Asturias","description":"Revista de ocio, turismo y estilo de vida","inLanguage":"es-ES","publisher":{"@id":"https:\/\/eldigitaldeasturias.com\/magazine365\/#organization"}}]},"og:locale":"es_ES","og:site_name":"El Digital de Asturias \u2013 Revista de ocio, turismo y estilo de vida","og:type":"article","og:title":"Valladolid pondr\u00e1 en marcha una mesa de turismo para fijar estrategias tur\u00edsticas para cuatro a\u00f1os | El Digital de Asturias","og:description":"El Ayuntamiento de Valladolid trabajar\u00e1 de forma conjunta con el sector hostelero para poner en marcha a partir del mes de marzo una mesa de turismo en la que se &quot;discutir\u00e1&quot; el plan estrat\u00e9gico de turismo para los pr\u00f3ximos cuatro a\u00f1os. As\u00ed lo ha anunciado este jueves la concejal de Cultura y Turismo del Ayuntamiento","og:url":"https:\/\/eldigitaldeasturias.com\/magazine365\/valladolid-pondra-en-marcha-una-mesa-de-turismo-para-fijar-estrategias-turisticas-para-cuatro-anos\/","og:image":"https:\/\/eldigitaldeasturias.com\/magazine365\/wp-content\/uploads\/2016\/01\/fotonoticia_20160121133142_800.jpg","og:image:secure_url":"https:\/\/eldigitaldeasturias.com\/magazine365\/wp-content\/uploads\/2016\/01\/fotonoticia_20160121133142_800.jpg","og:image:width":800,"og:image:height":600,"article:published_time":"2016-01-23T10:33:03+00:00","article:modified_time":"2016-01-23T10:33:03+00:00","twitter:card":"summary_large_image","twitter:title":"Valladolid pondr\u00e1 en marcha una mesa de turismo para fijar estrategias tur\u00edsticas para cuatro a\u00f1os | El Digital de Asturias","twitter:description":"El Ayuntamiento de Valladolid trabajar\u00e1 de forma conjunta con el sector hostelero para poner en marcha a partir del mes de marzo una mesa de turismo en la que se &quot;discutir\u00e1&quot; el plan estrat\u00e9gico de turismo para los pr\u00f3ximos cuatro a\u00f1os. As\u00ed lo ha anunciado este jueves la concejal de Cultura y Turismo del Ayuntamiento","twitter:image":"https:\/\/eldigitaldeasturias.com\/magazine365\/wp-content\/uploads\/2016\/01\/fotonoticia_20160121133142_800.jpg"},"aioseo_meta_data":{"post_id":"61599","title":null,"description":null,"keywords":null,"keyphrases":null,"primary_term":null,"canonical_url":null,"og_title":null,"og_description":null,"og_object_type":"default","og_image_type":"default","og_image_url":null,"og_image_width":null,"og_image_height":null,"og_image_custom_url":null,"og_image_custom_fields":null,"og_video":null,"og_custom_url":null,"og_article_section":null,"og_article_tags":null,"twitter_use_og":false,"twitter_card":"default","twitter_image_type":"default","twitter_image_url":null,"twitter_image_custom_url":null,"twitter_image_custom_fields":null,"twitter_title":null,"twitter_description":null,"schema":{"blockGraphs":[],"customGraphs":[],"default":{"data":{"Article":[],"Course":[],"Dataset":[],"FAQPage":[],"Movie":[],"Person":[],"Product":[],"ProductReview":[],"Car":[],"Recipe":[],"Service":[],"SoftwareApplication":[],"WebPage":[]},"graphName":"","isEnabled":true},"graphs":[],"defaultGraph":"","defaultPostTypeGraph":""},"schema_type":null,"schema_type_options":null,"pillar_content":false,"robots_default":true,"robots_noindex":false,"robots_noarchive":false,"robots_nosnippet":false,"robots_nofollow":false,"robots_noimageindex":false,"robots_noodp":false,"robots_notranslate":false,"robots_max_snippet":null,"robots_max_videopreview":null,"robots_max_imagepreview":"large","priority":null,"frequency":null,"location":null,"local_seo":null,"seo_analyzer_scan_date":"2025-09-25 09:19:43","breadcrumb_settings":null,"limit_modified_date":false,"open_ai":null,"ai":null,"created":"2021-03-08 21:47:43","updated":"2025-09-25 09:19:43"},"aioseo_breadcrumb":"<div class=\"aioseo-breadcrumbs\"><span class=\"aioseo-breadcrumb\">\n\t<a href=\"https:\/\/eldigitaldeasturias.com\/magazine365\" title=\"Home\">Home<\/a>\n<\/span><span class=\"aioseo-breadcrumb-separator\">\u2013<\/span><span class=\"aioseo-breadcrumb\">\n\t<a href=\"https:\/\/eldigitaldeasturias.com\/magazine365\/category\/noticias-actualidad\/\" title=\"Noticias y Actualidad\">Noticias y Actualidad<\/a>\n<\/span><span class=\"aioseo-breadcrumb-separator\">\u2013<\/span><span class=\"aioseo-breadcrumb\">\n\t<a href=\"https:\/\/eldigitaldeasturias.com\/magazine365\/valladolid-pondra-en-marcha-una-mesa-de-turismo-para-fijar-estrategias-turisticas-para-cuatro-anos\/\" title=\"Valladolid pondr\u00e1 en marcha una mesa de turismo para fijar estrategias tur\u00edsticas para cuatro a\u00f1os\">Valladolid pondr\u00e1 en marcha una mesa de turismo para fijar estrategias tur\u00edsticas para cuatro a\u00f1os<\/a>\n<\/span><\/div>","aioseo_breadcrumb_json":[{"label":"Home","link":"https:\/\/eldigitaldeasturias.com\/magazine365"},{"label":"Noticias y Actualidad","link":"https:\/\/eldigitaldeasturias.com\/magazine365\/category\/noticias-actualidad\/"},{"label":"Valladolid pondr\u00e1 en marcha una mesa de turismo para fijar estrategias tur\u00edsticas para cuatro a\u00f1os","link":"https:\/\/eldigitaldeasturias.com\/magazine365\/valladolid-pondra-en-marcha-una-mesa-de-turismo-para-fijar-estrategias-turisticas-para-cuatro-anos\/"}],"_links":{"self":[{"href":"https:\/\/eldigitaldeasturias.com\/magazine365\/wp-json\/wp\/v2\/posts\/61599","targetHints":{"allow":["GET"]}}],"collection":[{"href":"https:\/\/eldigitaldeasturias.com\/magazine365\/wp-json\/wp\/v2\/posts"}],"about":[{"href":"https:\/\/eldigitaldeasturias.com\/magazine365\/wp-json\/wp\/v2\/types\/post"}],"author":[{"embeddable":true,"href":"https:\/\/eldigitaldeasturias.com\/magazine365\/wp-json\/wp\/v2\/users\/1"}],"replies":[{"embeddable":true,"href":"https:\/\/eldigitaldeasturias.com\/magazine365\/wp-json\/wp\/v2\/comments?post=61599"}],"version-history":[{"count":0,"href":"https:\/\/eldigitaldeasturias.com\/magazine365\/wp-json\/wp\/v2\/posts\/61599\/revisions"}],"wp:featuredmedia":[{"embeddable":true,"href":"https:\/\/eldigitaldeasturias.com\/magazine365\/wp-json\/wp\/v2\/media\/61600"}],"wp:attachment":[{"href":"https:\/\/eldigitaldeasturias.com\/magazine365\/wp-json\/wp\/v2\/media?parent=61599"}],"wp:term":[{"taxonomy":"category","embeddable":true,"href":"https:\/\/eldigitaldeasturias.com\/magazine365\/wp-json\/wp\/v2\/categories?post=61599"},{"taxonomy":"post_tag","embeddable":true,"href":"https:\/\/eldigitaldeasturias.com\/magazine365\/wp-json\/wp\/v2\/tags?post=61599"}],"curies":[{"name":"wp","href":"https:\/\/api.w.org\/{rel}","templated":true}]}}