{"id":61593,"date":"2016-01-23T11:31:24","date_gmt":"2016-01-23T10:31:24","guid":{"rendered":"http:\/\/eldigitaldeasturias.com\/magazine365\/?p=61593"},"modified":"2016-01-23T11:31:24","modified_gmt":"2016-01-23T10:31:24","slug":"la-unesco-reconoce-la-sostenibilidad-entre-el-turismo-y-la-vida-religiosa-de-yuso-y-suso","status":"publish","type":"post","link":"https:\/\/eldigitaldeasturias.com\/magazine365\/la-unesco-reconoce-la-sostenibilidad-entre-el-turismo-y-la-vida-religiosa-de-yuso-y-suso\/","title":{"rendered":"La UNESCO reconoce la \u00absostenibilidad\u00bb entre el turismo y la vida religiosa de Yuso y Suso"},"content":{"rendered":"<p><img fetchpriority=\"high\" decoding=\"async\" class=\"alignleft size-medium wp-image-61594\" src=\"https:\/\/eldigitaldeasturias.com\/magazine365\/wp-content\/uploads\/2016\/01\/fotonoticia_20160121131702_800-360x270.jpg\" alt=\"fotonoticia_20160121131702_800\" width=\"360\" height=\"270\" srcset=\"https:\/\/eldigitaldeasturias.com\/magazine365\/wp-content\/uploads\/2016\/01\/fotonoticia_20160121131702_800-360x270.jpg 360w, https:\/\/eldigitaldeasturias.com\/magazine365\/wp-content\/uploads\/2016\/01\/fotonoticia_20160121131702_800-650x488.jpg 650w, https:\/\/eldigitaldeasturias.com\/magazine365\/wp-content\/uploads\/2016\/01\/fotonoticia_20160121131702_800-768x576.jpg 768w, https:\/\/eldigitaldeasturias.com\/magazine365\/wp-content\/uploads\/2016\/01\/fotonoticia_20160121131702_800-150x113.jpg 150w, https:\/\/eldigitaldeasturias.com\/magazine365\/wp-content\/uploads\/2016\/01\/fotonoticia_20160121131702_800-450x338.jpg 450w, https:\/\/eldigitaldeasturias.com\/magazine365\/wp-content\/uploads\/2016\/01\/fotonoticia_20160121131702_800-80x60.jpg 80w, https:\/\/eldigitaldeasturias.com\/magazine365\/wp-content\/uploads\/2016\/01\/fotonoticia_20160121131702_800-265x198.jpg 265w, https:\/\/eldigitaldeasturias.com\/magazine365\/wp-content\/uploads\/2016\/01\/fotonoticia_20160121131702_800-696x522.jpg 696w, https:\/\/eldigitaldeasturias.com\/magazine365\/wp-content\/uploads\/2016\/01\/fotonoticia_20160121131702_800-560x420.jpg 560w, https:\/\/eldigitaldeasturias.com\/magazine365\/wp-content\/uploads\/2016\/01\/fotonoticia_20160121131702_800-90x67.jpg 90w, https:\/\/eldigitaldeasturias.com\/magazine365\/wp-content\/uploads\/2016\/01\/fotonoticia_20160121131702_800-164x124.jpg 164w, https:\/\/eldigitaldeasturias.com\/magazine365\/wp-content\/uploads\/2016\/01\/fotonoticia_20160121131702_800-100x75.jpg 100w, https:\/\/eldigitaldeasturias.com\/magazine365\/wp-content\/uploads\/2016\/01\/fotonoticia_20160121131702_800.jpg 800w\" sizes=\"(max-width: 360px) 100vw, 360px\" \/>Los monasterios riojanos de Yuso y Suso, en San Mill\u00e1n de la Cogolla, han sido reconocidos por la UNESCO por la \u00absostenibilidad\u00bb que hacen entre el turismo y la vida religiosa, seg\u00fan ha anunciado el presidente del Gobierno regional, Jos\u00e9 Ignacio Ceniceros. En el caso de los cenobios emilianenses la gesti\u00f3n tur\u00edstica convive con la comunidad de Agustinos Recoletos que habitan el monasterio.<\/p>\n<p>Ceniceros ha realizado estas manifestaciones tras recorrer, acompa\u00f1ado de la consejera de Desarrollo Econ\u00f3mico e Innovaci\u00f3n, Leonor Gonz\u00e1lez, y del director general de Cultura y Turismo, Eduardo Rodr\u00edguez, el stand de La Rioja en la Feria Internacional de Turismo (FITUR), que hasta el domingo 24 se desarrolla en Madrid.<\/p>\n<p>Los monasterios riojanos han sido designados por el organismo internacional junto a la catedral de Sevilla, y participar\u00e1n en un encuentro consultivo en Paris, en el mes de febrero, para explicar \u00abc\u00f3mo pueden hacerse sostenible\u00bb la pr\u00e1ctica del turismo con la convivencia con la comunidad religiosa.<\/p>\n<p>En este punto, la consejera de Desarrollo Econ\u00f3mica ha ampliado este hecho, indicando que se trata de reconocerlo como \u00abbuena pr\u00e1ctica\u00bb en estos \u00e1mbitos, algo que supone una noticia \u00abexcelente\u00bb. A partir de ah\u00ed, La Rioja \u00abexpondr\u00e1 c\u00f3mo puede hacerse sostenible el turismo y la parte religiosa\u00bb.<\/p>\n<p>Gonz\u00e1lez ha se\u00f1alado que tambi\u00e9n ha pesado la importancia cient\u00edfica que tiene Yuso, al albergar la sede del Centro Internacional de Investigaci\u00f3n de la Lengua Espa\u00f1ola (Cilengua).<\/p>\n<p>La consejera ha avanzado que tras esta declaraci\u00f3n se podr\u00eda elaborar una gu\u00eda de recomendaciones a nivel internacional para que \u00abotros lugares lo tomen en cuenta\u00bb.<\/p>\n<p>TURISMO DE CUATRO ESTACIONES<\/p>\n<p>Por su parte, Ceniceros ha destacado que el pabell\u00f3n riojano \u00abes uno de los que m\u00e1s llama la atenci\u00f3n de la feria por su concepci\u00f3n\u00bb, a trav\u00e9s de cunachos donde se recoge la uva. Ha resaltado que el turismo es uno de los sectores \u00abm\u00e1s din\u00e1micos de nuestra econom\u00eda, llegando a representar el 10 por ciento de nuestro Producto Interior Bruto\u00bb.<\/p>\n<p>De hecho, el jefe del Ejecutivo riojano ha indicado que en 2015, el turismo ha experimentado \u00abfuerte crecimiento con un 9,5 por ciento y con expectativas de aumentar en 2016\u00bb. Ha apuntado que la apuesta del Ejecutivo riojano \u00abes intentar abarcar las cuatro estaciones del a\u00f1o, para poder tener todo el a\u00f1o la oferta tur\u00edstica\u00bb.<\/p>\n<p>Es aqu\u00ed, en Fitur, ha destacado Ceniceros donde se puede mostrar toda su desarrollo tur\u00edstico que va \u00abdesde el enoturismo, la artesan\u00eda, el turismo cultural y patrimonial, sin olvidar el de compras, que es muy importante para La Rioja\u00bb. \u00abQueremos que el turismo venga a La Rioja y viva La Rioja\u00bb, ha a\u00f1adido el presidente.<\/p>\n<p>En su intervenci\u00f3n ha anunciado adem\u00e1s la apertura este mismo fin de semana de la estaci\u00f3n de esqu\u00ed de Valdezcaray, as\u00ed como ha destacado otras acciones tur\u00edsticas relacionados con la nieve, como paseos por raquetas en Cebollera.<\/p>\n<p>En el caso del enoturismo, ha resaltado que \u00absomos pioneros en Espa\u00f1a\u00bb, y \u00abvamos a seguir potenci\u00e1ndolo\u00bb. Un \u00e1rea en el que La Rioja ha crecido un 30 por ciento en el \u00faltimo a\u00f1o, ha destacado Ceniceros, que aboga porque \u00abvaya de la mano de la gastronom\u00eda\u00bb.<\/p>\n<p>Del turismo patrimonial y cultural, ha se\u00f1alado la importancia de los monasterios de Valvanera, Santa Mar\u00eda la Real de N\u00e1jera, Ca\u00f1as y sobretodo Yuso y Suso, \u00e9stos \u00faltimos que son Patrimonio de la Humanidad.<\/p>\n<p>STAND DE 500 METROS<\/p>\n<p>La Rioja cuenta en FITUR con un nuevo espacio expositivo, de 500 metros cuadrados, que se eligi\u00f3 por funcionalidad e imagen, formado por casi 600 cestos de casta\u00f1o.<\/p>\n<p>Ofrece los espacios necesarios para atenci\u00f3n al p\u00fablico, reuniones con profesionales y la operativa propia de la feria. Todo ello, permite dar presencia a todas las acciones llevadas a cabo desde La Rioja Turismo. Dentro del stand se han definido diferentes espacios que presentar\u00e1n La Rioja m\u00e1s atractiva: enoturismo y gastronom\u00eda; cultura, turismo idiom\u00e1tico y Camino de Santiago, turismo rural-activo, recursos activos y turismo congresual. Adem\u00e1s, Logro\u00f1o y Vivanco Enoturismo y Experiencias volver\u00e1n a ser coexpositores dentro del espacio de la Comunidad Aut\u00f3noma.<\/p>\n<p>El stand riojano va a acoger exhibiciones gastron\u00f3micas, catas de vino, muestra de confeccionar alpargatas e incluso un desfile de moda con verduras de las huertas de Calahorra.<\/p>\n<p>La feria reafirm\u00f3 su papel como la mayor plataforma de negocio para el sector tur\u00edstico en su \u00faltima convocatoria de 2015, que registr\u00f3 un r\u00e9cord de participaci\u00f3n al alcanzar 125.084 profesionales de 139 pa\u00edses y 222.551 visitantes en total, incluido el p\u00fablico de fin de semana.<\/p>\n<p>El a\u00f1o pasado, el stand riojano en Fitur recibi\u00f3 28.800 visitantes. Adem\u00e1s, 150 profesionales de medios de comunicaci\u00f3n visitaron este espacio y se entregaron 37.150 folletos informativos. Adem\u00e1s, los estudiantes del m\u00f3dulo Direcci\u00f3n en Servicios de Restauraci\u00f3n del C.I.P.F.P. Camino de Santiago atendieron en el bar del expositor riojano a alrededor de 11.200 personas.<\/p>\n","protected":false},"excerpt":{"rendered":"<p>Los monasterios riojanos de Yuso y Suso, en San Mill\u00e1n de la Cogolla, han sido reconocidos por la UNESCO por la \u00absostenibilidad\u00bb que hacen entre el turismo y la vida religiosa, seg\u00fan ha anunciado el presidente del Gobierno regional, Jos\u00e9 Ignacio Ceniceros. En el caso de los cenobios emilianenses la gesti\u00f3n tur\u00edstica convive con la<\/p>\n","protected":false},"author":1,"featured_media":61594,"comment_status":"open","ping_status":"closed","sticky":false,"template":"","format":"standard","meta":{"footnotes":""},"categories":[224],"tags":[],"class_list":{"0":"post-61593","1":"post","2":"type-post","3":"status-publish","4":"format-standard","5":"has-post-thumbnail","7":"category-noticias-actualidad"},"aioseo_notices":[],"aioseo_head":"\n\t\t<!-- All in One SEO Pro 4.9.6.1 - aioseo.com -->\n\t<meta name=\"description\" content=\"Los monasterios riojanos de Yuso y Suso, en San Mill\u00e1n de la Cogolla, han sido reconocidos por la UNESCO por la &quot;sostenibilidad&quot; que hacen entre el turismo y la vida religiosa, seg\u00fan ha anunciado el presidente del Gobierno regional, Jos\u00e9 Ignacio Ceniceros. En el caso de los cenobios emilianenses la gesti\u00f3n tur\u00edstica convive con la\" \/>\n\t<meta name=\"robots\" content=\"max-image-preview:large\" \/>\n\t<meta name=\"author\" content=\"admin\"\/>\n\t<meta name=\"google-site-verification\" content=\"UA-38556648-1\" \/>\n\t<meta name=\"keywords\" content=\"noticias y actualidad\" \/>\n\t<link rel=\"canonical\" href=\"https:\/\/eldigitaldeasturias.com\/magazine365\/la-unesco-reconoce-la-sostenibilidad-entre-el-turismo-y-la-vida-religiosa-de-yuso-y-suso\/\" \/>\n\t<meta name=\"generator\" content=\"All in One SEO Pro (AIOSEO) 4.9.6.1\" \/>\n\t\t<meta property=\"og:locale\" content=\"es_ES\" \/>\n\t\t<meta property=\"og:site_name\" content=\"El Digital de Asturias \u2013 Revista de ocio, turismo y estilo de vida\" \/>\n\t\t<meta property=\"og:type\" content=\"article\" \/>\n\t\t<meta property=\"og:title\" content=\"La UNESCO reconoce la \u00absostenibilidad\u00bb entre el turismo y la vida religiosa de Yuso y Suso | El Digital de Asturias\" \/>\n\t\t<meta property=\"og:description\" content=\"Los monasterios riojanos de Yuso y Suso, en San Mill\u00e1n de la Cogolla, han sido reconocidos por la UNESCO por la &quot;sostenibilidad&quot; que hacen entre el turismo y la vida religiosa, seg\u00fan ha anunciado el presidente del Gobierno regional, Jos\u00e9 Ignacio Ceniceros. En el caso de los cenobios emilianenses la gesti\u00f3n tur\u00edstica convive con la\" \/>\n\t\t<meta property=\"og:url\" content=\"https:\/\/eldigitaldeasturias.com\/magazine365\/la-unesco-reconoce-la-sostenibilidad-entre-el-turismo-y-la-vida-religiosa-de-yuso-y-suso\/\" \/>\n\t\t<meta property=\"og:image\" content=\"https:\/\/eldigitaldeasturias.com\/magazine365\/wp-content\/uploads\/2016\/01\/fotonoticia_20160121131702_800.jpg\" \/>\n\t\t<meta property=\"og:image:secure_url\" content=\"https:\/\/eldigitaldeasturias.com\/magazine365\/wp-content\/uploads\/2016\/01\/fotonoticia_20160121131702_800.jpg\" \/>\n\t\t<meta property=\"og:image:width\" content=\"800\" \/>\n\t\t<meta property=\"og:image:height\" content=\"600\" \/>\n\t\t<meta property=\"article:published_time\" content=\"2016-01-23T10:31:24+00:00\" \/>\n\t\t<meta property=\"article:modified_time\" content=\"2016-01-23T10:31:24+00:00\" \/>\n\t\t<meta name=\"twitter:card\" content=\"summary_large_image\" \/>\n\t\t<meta name=\"twitter:title\" content=\"La UNESCO reconoce la \u00absostenibilidad\u00bb entre el turismo y la vida religiosa de Yuso y Suso | El Digital de Asturias\" \/>\n\t\t<meta name=\"twitter:description\" content=\"Los monasterios riojanos de Yuso y Suso, en San Mill\u00e1n de la Cogolla, han sido reconocidos por la UNESCO por la &quot;sostenibilidad&quot; que hacen entre el turismo y la vida religiosa, seg\u00fan ha anunciado el presidente del Gobierno regional, Jos\u00e9 Ignacio Ceniceros. En el caso de los cenobios emilianenses la gesti\u00f3n tur\u00edstica convive con la\" \/>\n\t\t<meta name=\"twitter:image\" content=\"https:\/\/eldigitaldeasturias.com\/magazine365\/wp-content\/uploads\/2016\/01\/fotonoticia_20160121131702_800.jpg\" \/>\n\t\t<script type=\"application\/ld+json\" class=\"aioseo-schema\">\n\t\t\t{\"@context\":\"https:\\\/\\\/schema.org\",\"@graph\":[{\"@type\":\"Article\",\"@id\":\"https:\\\/\\\/eldigitaldeasturias.com\\\/magazine365\\\/la-unesco-reconoce-la-sostenibilidad-entre-el-turismo-y-la-vida-religiosa-de-yuso-y-suso\\\/#article\",\"name\":\"La UNESCO reconoce la \\u00absostenibilidad\\u00bb entre el turismo y la vida religiosa de Yuso y Suso | El Digital de Asturias\",\"headline\":\"La UNESCO reconoce la \\u00absostenibilidad\\u00bb entre el turismo y la vida religiosa de Yuso y Suso\",\"author\":{\"@id\":\"https:\\\/\\\/eldigitaldeasturias.com\\\/magazine365\\\/author\\\/admin\\\/#author\"},\"publisher\":{\"@id\":\"https:\\\/\\\/eldigitaldeasturias.com\\\/magazine365\\\/#organization\"},\"image\":{\"@type\":\"ImageObject\",\"url\":\"https:\\\/\\\/eldigitaldeasturias.com\\\/magazine365\\\/wp-content\\\/uploads\\\/2016\\\/01\\\/fotonoticia_20160121131702_800.jpg\",\"width\":800,\"height\":600},\"datePublished\":\"2016-01-23T11:31:24+01:00\",\"dateModified\":\"2016-01-23T11:31:24+01:00\",\"inLanguage\":\"es-ES\",\"mainEntityOfPage\":{\"@id\":\"https:\\\/\\\/eldigitaldeasturias.com\\\/magazine365\\\/la-unesco-reconoce-la-sostenibilidad-entre-el-turismo-y-la-vida-religiosa-de-yuso-y-suso\\\/#webpage\"},\"isPartOf\":{\"@id\":\"https:\\\/\\\/eldigitaldeasturias.com\\\/magazine365\\\/la-unesco-reconoce-la-sostenibilidad-entre-el-turismo-y-la-vida-religiosa-de-yuso-y-suso\\\/#webpage\"},\"articleSection\":\"Noticias y Actualidad\"},{\"@type\":\"BreadcrumbList\",\"@id\":\"https:\\\/\\\/eldigitaldeasturias.com\\\/magazine365\\\/la-unesco-reconoce-la-sostenibilidad-entre-el-turismo-y-la-vida-religiosa-de-yuso-y-suso\\\/#breadcrumblist\",\"itemListElement\":[{\"@type\":\"ListItem\",\"@id\":\"https:\\\/\\\/eldigitaldeasturias.com\\\/magazine365#listItem\",\"position\":1,\"name\":\"Home\",\"item\":\"https:\\\/\\\/eldigitaldeasturias.com\\\/magazine365\",\"nextItem\":{\"@type\":\"ListItem\",\"@id\":\"https:\\\/\\\/eldigitaldeasturias.com\\\/magazine365\\\/category\\\/noticias-actualidad\\\/#listItem\",\"name\":\"Noticias y Actualidad\"}},{\"@type\":\"ListItem\",\"@id\":\"https:\\\/\\\/eldigitaldeasturias.com\\\/magazine365\\\/category\\\/noticias-actualidad\\\/#listItem\",\"position\":2,\"name\":\"Noticias y Actualidad\",\"item\":\"https:\\\/\\\/eldigitaldeasturias.com\\\/magazine365\\\/category\\\/noticias-actualidad\\\/\",\"nextItem\":{\"@type\":\"ListItem\",\"@id\":\"https:\\\/\\\/eldigitaldeasturias.com\\\/magazine365\\\/la-unesco-reconoce-la-sostenibilidad-entre-el-turismo-y-la-vida-religiosa-de-yuso-y-suso\\\/#listItem\",\"name\":\"La UNESCO reconoce la \\u00absostenibilidad\\u00bb entre el turismo y la vida religiosa de Yuso y Suso\"},\"previousItem\":{\"@type\":\"ListItem\",\"@id\":\"https:\\\/\\\/eldigitaldeasturias.com\\\/magazine365#listItem\",\"name\":\"Home\"}},{\"@type\":\"ListItem\",\"@id\":\"https:\\\/\\\/eldigitaldeasturias.com\\\/magazine365\\\/la-unesco-reconoce-la-sostenibilidad-entre-el-turismo-y-la-vida-religiosa-de-yuso-y-suso\\\/#listItem\",\"position\":3,\"name\":\"La UNESCO reconoce la \\u00absostenibilidad\\u00bb entre el turismo y la vida religiosa de Yuso y Suso\",\"previousItem\":{\"@type\":\"ListItem\",\"@id\":\"https:\\\/\\\/eldigitaldeasturias.com\\\/magazine365\\\/category\\\/noticias-actualidad\\\/#listItem\",\"name\":\"Noticias y Actualidad\"}}]},{\"@type\":\"Organization\",\"@id\":\"https:\\\/\\\/eldigitaldeasturias.com\\\/magazine365\\\/#organization\",\"name\":\"El digital de Asturias\",\"description\":\"Revista de ocio, turismo y estilo de vida\",\"url\":\"https:\\\/\\\/eldigitaldeasturias.com\\\/magazine365\\\/\",\"logo\":{\"@type\":\"ImageObject\",\"url\":\"https:\\\/\\\/www.eldigitaldeasturias.com\\\/noticias\\\/wp-content\\\/uploads\\\/2020\\\/12\\\/EDA.jpg\",\"@id\":\"https:\\\/\\\/eldigitaldeasturias.com\\\/magazine365\\\/la-unesco-reconoce-la-sostenibilidad-entre-el-turismo-y-la-vida-religiosa-de-yuso-y-suso\\\/#organizationLogo\"},\"image\":{\"@id\":\"https:\\\/\\\/eldigitaldeasturias.com\\\/magazine365\\\/la-unesco-reconoce-la-sostenibilidad-entre-el-turismo-y-la-vida-religiosa-de-yuso-y-suso\\\/#organizationLogo\"}},{\"@type\":\"Person\",\"@id\":\"https:\\\/\\\/eldigitaldeasturias.com\\\/magazine365\\\/author\\\/admin\\\/#author\",\"url\":\"https:\\\/\\\/eldigitaldeasturias.com\\\/magazine365\\\/author\\\/admin\\\/\",\"name\":\"admin\",\"image\":{\"@type\":\"ImageObject\",\"@id\":\"https:\\\/\\\/eldigitaldeasturias.com\\\/magazine365\\\/la-unesco-reconoce-la-sostenibilidad-entre-el-turismo-y-la-vida-religiosa-de-yuso-y-suso\\\/#authorImage\",\"url\":\"https:\\\/\\\/eldigitaldeasturias.com\\\/magazine365\\\/wp-content\\\/litespeed\\\/avatar\\\/e571bcf59a0edd6fa6838245a470f2fe.jpg?ver=1776969259\",\"width\":96,\"height\":96,\"caption\":\"admin\"}},{\"@type\":\"WebPage\",\"@id\":\"https:\\\/\\\/eldigitaldeasturias.com\\\/magazine365\\\/la-unesco-reconoce-la-sostenibilidad-entre-el-turismo-y-la-vida-religiosa-de-yuso-y-suso\\\/#webpage\",\"url\":\"https:\\\/\\\/eldigitaldeasturias.com\\\/magazine365\\\/la-unesco-reconoce-la-sostenibilidad-entre-el-turismo-y-la-vida-religiosa-de-yuso-y-suso\\\/\",\"name\":\"La UNESCO reconoce la \\u00absostenibilidad\\u00bb entre el turismo y la vida religiosa de Yuso y Suso | El Digital de Asturias\",\"description\":\"Los monasterios riojanos de Yuso y Suso, en San Mill\\u00e1n de la Cogolla, han sido reconocidos por la UNESCO por la \\\"sostenibilidad\\\" que hacen entre el turismo y la vida religiosa, seg\\u00fan ha anunciado el presidente del Gobierno regional, Jos\\u00e9 Ignacio Ceniceros. En el caso de los cenobios emilianenses la gesti\\u00f3n tur\\u00edstica convive con la\",\"inLanguage\":\"es-ES\",\"isPartOf\":{\"@id\":\"https:\\\/\\\/eldigitaldeasturias.com\\\/magazine365\\\/#website\"},\"breadcrumb\":{\"@id\":\"https:\\\/\\\/eldigitaldeasturias.com\\\/magazine365\\\/la-unesco-reconoce-la-sostenibilidad-entre-el-turismo-y-la-vida-religiosa-de-yuso-y-suso\\\/#breadcrumblist\"},\"author\":{\"@id\":\"https:\\\/\\\/eldigitaldeasturias.com\\\/magazine365\\\/author\\\/admin\\\/#author\"},\"creator\":{\"@id\":\"https:\\\/\\\/eldigitaldeasturias.com\\\/magazine365\\\/author\\\/admin\\\/#author\"},\"image\":{\"@type\":\"ImageObject\",\"url\":\"https:\\\/\\\/eldigitaldeasturias.com\\\/magazine365\\\/wp-content\\\/uploads\\\/2016\\\/01\\\/fotonoticia_20160121131702_800.jpg\",\"@id\":\"https:\\\/\\\/eldigitaldeasturias.com\\\/magazine365\\\/la-unesco-reconoce-la-sostenibilidad-entre-el-turismo-y-la-vida-religiosa-de-yuso-y-suso\\\/#mainImage\",\"width\":800,\"height\":600},\"primaryImageOfPage\":{\"@id\":\"https:\\\/\\\/eldigitaldeasturias.com\\\/magazine365\\\/la-unesco-reconoce-la-sostenibilidad-entre-el-turismo-y-la-vida-religiosa-de-yuso-y-suso\\\/#mainImage\"},\"datePublished\":\"2016-01-23T11:31:24+01:00\",\"dateModified\":\"2016-01-23T11:31:24+01:00\"},{\"@type\":\"WebSite\",\"@id\":\"https:\\\/\\\/eldigitaldeasturias.com\\\/magazine365\\\/#website\",\"url\":\"https:\\\/\\\/eldigitaldeasturias.com\\\/magazine365\\\/\",\"name\":\"El Digital de Asturias\",\"description\":\"Revista de ocio, turismo y estilo de vida\",\"inLanguage\":\"es-ES\",\"publisher\":{\"@id\":\"https:\\\/\\\/eldigitaldeasturias.com\\\/magazine365\\\/#organization\"}}]}\n\t\t<\/script>\n\t\t<!-- All in One SEO Pro -->\r\n\t\t<title>La UNESCO reconoce la \u00absostenibilidad\u00bb entre el turismo y la vida religiosa de Yuso y Suso | El Digital de Asturias<\/title>\n\n","aioseo_head_json":{"title":"La UNESCO reconoce la \u00absostenibilidad\u00bb entre el turismo y la vida religiosa de Yuso y Suso | El Digital de Asturias","description":"Los monasterios riojanos de Yuso y Suso, en San Mill\u00e1n de la Cogolla, han sido reconocidos por la UNESCO por la \"sostenibilidad\" que hacen entre el turismo y la vida religiosa, seg\u00fan ha anunciado el presidente del Gobierno regional, Jos\u00e9 Ignacio Ceniceros. En el caso de los cenobios emilianenses la gesti\u00f3n tur\u00edstica convive con la","canonical_url":"https:\/\/eldigitaldeasturias.com\/magazine365\/la-unesco-reconoce-la-sostenibilidad-entre-el-turismo-y-la-vida-religiosa-de-yuso-y-suso\/","robots":"max-image-preview:large","keywords":"noticias y actualidad","webmasterTools":{"google-site-verification":"UA-38556648-1","miscellaneous":""},"schema":{"@context":"https:\/\/schema.org","@graph":[{"@type":"Article","@id":"https:\/\/eldigitaldeasturias.com\/magazine365\/la-unesco-reconoce-la-sostenibilidad-entre-el-turismo-y-la-vida-religiosa-de-yuso-y-suso\/#article","name":"La UNESCO reconoce la \u00absostenibilidad\u00bb entre el turismo y la vida religiosa de Yuso y Suso | El Digital de Asturias","headline":"La UNESCO reconoce la \u00absostenibilidad\u00bb entre el turismo y la vida religiosa de Yuso y Suso","author":{"@id":"https:\/\/eldigitaldeasturias.com\/magazine365\/author\/admin\/#author"},"publisher":{"@id":"https:\/\/eldigitaldeasturias.com\/magazine365\/#organization"},"image":{"@type":"ImageObject","url":"https:\/\/eldigitaldeasturias.com\/magazine365\/wp-content\/uploads\/2016\/01\/fotonoticia_20160121131702_800.jpg","width":800,"height":600},"datePublished":"2016-01-23T11:31:24+01:00","dateModified":"2016-01-23T11:31:24+01:00","inLanguage":"es-ES","mainEntityOfPage":{"@id":"https:\/\/eldigitaldeasturias.com\/magazine365\/la-unesco-reconoce-la-sostenibilidad-entre-el-turismo-y-la-vida-religiosa-de-yuso-y-suso\/#webpage"},"isPartOf":{"@id":"https:\/\/eldigitaldeasturias.com\/magazine365\/la-unesco-reconoce-la-sostenibilidad-entre-el-turismo-y-la-vida-religiosa-de-yuso-y-suso\/#webpage"},"articleSection":"Noticias y Actualidad"},{"@type":"BreadcrumbList","@id":"https:\/\/eldigitaldeasturias.com\/magazine365\/la-unesco-reconoce-la-sostenibilidad-entre-el-turismo-y-la-vida-religiosa-de-yuso-y-suso\/#breadcrumblist","itemListElement":[{"@type":"ListItem","@id":"https:\/\/eldigitaldeasturias.com\/magazine365#listItem","position":1,"name":"Home","item":"https:\/\/eldigitaldeasturias.com\/magazine365","nextItem":{"@type":"ListItem","@id":"https:\/\/eldigitaldeasturias.com\/magazine365\/category\/noticias-actualidad\/#listItem","name":"Noticias y Actualidad"}},{"@type":"ListItem","@id":"https:\/\/eldigitaldeasturias.com\/magazine365\/category\/noticias-actualidad\/#listItem","position":2,"name":"Noticias y Actualidad","item":"https:\/\/eldigitaldeasturias.com\/magazine365\/category\/noticias-actualidad\/","nextItem":{"@type":"ListItem","@id":"https:\/\/eldigitaldeasturias.com\/magazine365\/la-unesco-reconoce-la-sostenibilidad-entre-el-turismo-y-la-vida-religiosa-de-yuso-y-suso\/#listItem","name":"La UNESCO reconoce la \u00absostenibilidad\u00bb entre el turismo y la vida religiosa de Yuso y Suso"},"previousItem":{"@type":"ListItem","@id":"https:\/\/eldigitaldeasturias.com\/magazine365#listItem","name":"Home"}},{"@type":"ListItem","@id":"https:\/\/eldigitaldeasturias.com\/magazine365\/la-unesco-reconoce-la-sostenibilidad-entre-el-turismo-y-la-vida-religiosa-de-yuso-y-suso\/#listItem","position":3,"name":"La UNESCO reconoce la \u00absostenibilidad\u00bb entre el turismo y la vida religiosa de Yuso y Suso","previousItem":{"@type":"ListItem","@id":"https:\/\/eldigitaldeasturias.com\/magazine365\/category\/noticias-actualidad\/#listItem","name":"Noticias y Actualidad"}}]},{"@type":"Organization","@id":"https:\/\/eldigitaldeasturias.com\/magazine365\/#organization","name":"El digital de Asturias","description":"Revista de ocio, turismo y estilo de vida","url":"https:\/\/eldigitaldeasturias.com\/magazine365\/","logo":{"@type":"ImageObject","url":"https:\/\/www.eldigitaldeasturias.com\/noticias\/wp-content\/uploads\/2020\/12\/EDA.jpg","@id":"https:\/\/eldigitaldeasturias.com\/magazine365\/la-unesco-reconoce-la-sostenibilidad-entre-el-turismo-y-la-vida-religiosa-de-yuso-y-suso\/#organizationLogo"},"image":{"@id":"https:\/\/eldigitaldeasturias.com\/magazine365\/la-unesco-reconoce-la-sostenibilidad-entre-el-turismo-y-la-vida-religiosa-de-yuso-y-suso\/#organizationLogo"}},{"@type":"Person","@id":"https:\/\/eldigitaldeasturias.com\/magazine365\/author\/admin\/#author","url":"https:\/\/eldigitaldeasturias.com\/magazine365\/author\/admin\/","name":"admin","image":{"@type":"ImageObject","@id":"https:\/\/eldigitaldeasturias.com\/magazine365\/la-unesco-reconoce-la-sostenibilidad-entre-el-turismo-y-la-vida-religiosa-de-yuso-y-suso\/#authorImage","url":"https:\/\/eldigitaldeasturias.com\/magazine365\/wp-content\/litespeed\/avatar\/e571bcf59a0edd6fa6838245a470f2fe.jpg?ver=1776969259","width":96,"height":96,"caption":"admin"}},{"@type":"WebPage","@id":"https:\/\/eldigitaldeasturias.com\/magazine365\/la-unesco-reconoce-la-sostenibilidad-entre-el-turismo-y-la-vida-religiosa-de-yuso-y-suso\/#webpage","url":"https:\/\/eldigitaldeasturias.com\/magazine365\/la-unesco-reconoce-la-sostenibilidad-entre-el-turismo-y-la-vida-religiosa-de-yuso-y-suso\/","name":"La UNESCO reconoce la \u00absostenibilidad\u00bb entre el turismo y la vida religiosa de Yuso y Suso | El Digital de Asturias","description":"Los monasterios riojanos de Yuso y Suso, en San Mill\u00e1n de la Cogolla, han sido reconocidos por la UNESCO por la \"sostenibilidad\" que hacen entre el turismo y la vida religiosa, seg\u00fan ha anunciado el presidente del Gobierno regional, Jos\u00e9 Ignacio Ceniceros. En el caso de los cenobios emilianenses la gesti\u00f3n tur\u00edstica convive con la","inLanguage":"es-ES","isPartOf":{"@id":"https:\/\/eldigitaldeasturias.com\/magazine365\/#website"},"breadcrumb":{"@id":"https:\/\/eldigitaldeasturias.com\/magazine365\/la-unesco-reconoce-la-sostenibilidad-entre-el-turismo-y-la-vida-religiosa-de-yuso-y-suso\/#breadcrumblist"},"author":{"@id":"https:\/\/eldigitaldeasturias.com\/magazine365\/author\/admin\/#author"},"creator":{"@id":"https:\/\/eldigitaldeasturias.com\/magazine365\/author\/admin\/#author"},"image":{"@type":"ImageObject","url":"https:\/\/eldigitaldeasturias.com\/magazine365\/wp-content\/uploads\/2016\/01\/fotonoticia_20160121131702_800.jpg","@id":"https:\/\/eldigitaldeasturias.com\/magazine365\/la-unesco-reconoce-la-sostenibilidad-entre-el-turismo-y-la-vida-religiosa-de-yuso-y-suso\/#mainImage","width":800,"height":600},"primaryImageOfPage":{"@id":"https:\/\/eldigitaldeasturias.com\/magazine365\/la-unesco-reconoce-la-sostenibilidad-entre-el-turismo-y-la-vida-religiosa-de-yuso-y-suso\/#mainImage"},"datePublished":"2016-01-23T11:31:24+01:00","dateModified":"2016-01-23T11:31:24+01:00"},{"@type":"WebSite","@id":"https:\/\/eldigitaldeasturias.com\/magazine365\/#website","url":"https:\/\/eldigitaldeasturias.com\/magazine365\/","name":"El Digital de Asturias","description":"Revista de ocio, turismo y estilo de vida","inLanguage":"es-ES","publisher":{"@id":"https:\/\/eldigitaldeasturias.com\/magazine365\/#organization"}}]},"og:locale":"es_ES","og:site_name":"El Digital de Asturias \u2013 Revista de ocio, turismo y estilo de vida","og:type":"article","og:title":"La UNESCO reconoce la \u00absostenibilidad\u00bb entre el turismo y la vida religiosa de Yuso y Suso | El Digital de Asturias","og:description":"Los monasterios riojanos de Yuso y Suso, en San Mill\u00e1n de la Cogolla, han sido reconocidos por la UNESCO por la &quot;sostenibilidad&quot; que hacen entre el turismo y la vida religiosa, seg\u00fan ha anunciado el presidente del Gobierno regional, Jos\u00e9 Ignacio Ceniceros. En el caso de los cenobios emilianenses la gesti\u00f3n tur\u00edstica convive con la","og:url":"https:\/\/eldigitaldeasturias.com\/magazine365\/la-unesco-reconoce-la-sostenibilidad-entre-el-turismo-y-la-vida-religiosa-de-yuso-y-suso\/","og:image":"https:\/\/eldigitaldeasturias.com\/magazine365\/wp-content\/uploads\/2016\/01\/fotonoticia_20160121131702_800.jpg","og:image:secure_url":"https:\/\/eldigitaldeasturias.com\/magazine365\/wp-content\/uploads\/2016\/01\/fotonoticia_20160121131702_800.jpg","og:image:width":800,"og:image:height":600,"article:published_time":"2016-01-23T10:31:24+00:00","article:modified_time":"2016-01-23T10:31:24+00:00","twitter:card":"summary_large_image","twitter:title":"La UNESCO reconoce la \u00absostenibilidad\u00bb entre el turismo y la vida religiosa de Yuso y Suso | El Digital de Asturias","twitter:description":"Los monasterios riojanos de Yuso y Suso, en San Mill\u00e1n de la Cogolla, han sido reconocidos por la UNESCO por la &quot;sostenibilidad&quot; que hacen entre el turismo y la vida religiosa, seg\u00fan ha anunciado el presidente del Gobierno regional, Jos\u00e9 Ignacio Ceniceros. En el caso de los cenobios emilianenses la gesti\u00f3n tur\u00edstica convive con la","twitter:image":"https:\/\/eldigitaldeasturias.com\/magazine365\/wp-content\/uploads\/2016\/01\/fotonoticia_20160121131702_800.jpg"},"aioseo_meta_data":{"post_id":"61593","title":null,"description":null,"keywords":null,"keyphrases":null,"primary_term":null,"canonical_url":null,"og_title":null,"og_description":null,"og_object_type":"default","og_image_type":"default","og_image_url":null,"og_image_width":null,"og_image_height":null,"og_image_custom_url":null,"og_image_custom_fields":null,"og_video":null,"og_custom_url":null,"og_article_section":null,"og_article_tags":null,"twitter_use_og":false,"twitter_card":"default","twitter_image_type":"default","twitter_image_url":null,"twitter_image_custom_url":null,"twitter_image_custom_fields":null,"twitter_title":null,"twitter_description":null,"schema":{"blockGraphs":[],"customGraphs":[],"default":{"data":{"Article":[],"Course":[],"Dataset":[],"FAQPage":[],"Movie":[],"Person":[],"Product":[],"ProductReview":[],"Car":[],"Recipe":[],"Service":[],"SoftwareApplication":[],"WebPage":[]},"graphName":"","isEnabled":true},"graphs":[],"defaultGraph":"","defaultPostTypeGraph":""},"schema_type":null,"schema_type_options":null,"pillar_content":false,"robots_default":true,"robots_noindex":false,"robots_noarchive":false,"robots_nosnippet":false,"robots_nofollow":false,"robots_noimageindex":false,"robots_noodp":false,"robots_notranslate":false,"robots_max_snippet":null,"robots_max_videopreview":null,"robots_max_imagepreview":"large","priority":null,"frequency":null,"location":null,"local_seo":null,"seo_analyzer_scan_date":"2025-09-25 09:17:56","breadcrumb_settings":null,"limit_modified_date":false,"open_ai":null,"ai":null,"created":"2021-03-08 21:47:43","updated":"2025-09-25 09:17:56"},"aioseo_breadcrumb":"<div class=\"aioseo-breadcrumbs\"><span class=\"aioseo-breadcrumb\">\n\t<a href=\"https:\/\/eldigitaldeasturias.com\/magazine365\" title=\"Home\">Home<\/a>\n<\/span><span class=\"aioseo-breadcrumb-separator\">\u2013<\/span><span class=\"aioseo-breadcrumb\">\n\t<a href=\"https:\/\/eldigitaldeasturias.com\/magazine365\/category\/noticias-actualidad\/\" title=\"Noticias y Actualidad\">Noticias y Actualidad<\/a>\n<\/span><span class=\"aioseo-breadcrumb-separator\">\u2013<\/span><span class=\"aioseo-breadcrumb\">\n\t<a href=\"https:\/\/eldigitaldeasturias.com\/magazine365\/la-unesco-reconoce-la-sostenibilidad-entre-el-turismo-y-la-vida-religiosa-de-yuso-y-suso\/\" title=\"La UNESCO reconoce la \u00absostenibilidad\u00bb entre el turismo y la vida religiosa de Yuso y Suso\">La UNESCO reconoce la \u00absostenibilidad\u00bb entre el turismo y la vida religiosa de Yuso y Suso<\/a>\n<\/span><\/div>","aioseo_breadcrumb_json":[{"label":"Home","link":"https:\/\/eldigitaldeasturias.com\/magazine365"},{"label":"Noticias y Actualidad","link":"https:\/\/eldigitaldeasturias.com\/magazine365\/category\/noticias-actualidad\/"},{"label":"La UNESCO reconoce la \u00absostenibilidad\u00bb entre el turismo y la vida religiosa de Yuso y Suso","link":"https:\/\/eldigitaldeasturias.com\/magazine365\/la-unesco-reconoce-la-sostenibilidad-entre-el-turismo-y-la-vida-religiosa-de-yuso-y-suso\/"}],"_links":{"self":[{"href":"https:\/\/eldigitaldeasturias.com\/magazine365\/wp-json\/wp\/v2\/posts\/61593","targetHints":{"allow":["GET"]}}],"collection":[{"href":"https:\/\/eldigitaldeasturias.com\/magazine365\/wp-json\/wp\/v2\/posts"}],"about":[{"href":"https:\/\/eldigitaldeasturias.com\/magazine365\/wp-json\/wp\/v2\/types\/post"}],"author":[{"embeddable":true,"href":"https:\/\/eldigitaldeasturias.com\/magazine365\/wp-json\/wp\/v2\/users\/1"}],"replies":[{"embeddable":true,"href":"https:\/\/eldigitaldeasturias.com\/magazine365\/wp-json\/wp\/v2\/comments?post=61593"}],"version-history":[{"count":0,"href":"https:\/\/eldigitaldeasturias.com\/magazine365\/wp-json\/wp\/v2\/posts\/61593\/revisions"}],"wp:featuredmedia":[{"embeddable":true,"href":"https:\/\/eldigitaldeasturias.com\/magazine365\/wp-json\/wp\/v2\/media\/61594"}],"wp:attachment":[{"href":"https:\/\/eldigitaldeasturias.com\/magazine365\/wp-json\/wp\/v2\/media?parent=61593"}],"wp:term":[{"taxonomy":"category","embeddable":true,"href":"https:\/\/eldigitaldeasturias.com\/magazine365\/wp-json\/wp\/v2\/categories?post=61593"},{"taxonomy":"post_tag","embeddable":true,"href":"https:\/\/eldigitaldeasturias.com\/magazine365\/wp-json\/wp\/v2\/tags?post=61593"}],"curies":[{"name":"wp","href":"https:\/\/api.w.org\/{rel}","templated":true}]}}