{"id":61581,"date":"2016-01-23T05:16:42","date_gmt":"2016-01-23T04:16:42","guid":{"rendered":"http:\/\/eldigitaldeasturias.com\/magazine365\/?p=61581"},"modified":"2016-01-23T05:16:42","modified_gmt":"2016-01-23T04:16:42","slug":"la-ruta-de-los-fenicios-llega-a-la-feria-ligada-al-viaje-al-tiempo-de-los-iberos","status":"publish","type":"post","link":"https:\/\/eldigitaldeasturias.com\/magazine365\/la-ruta-de-los-fenicios-llega-a-la-feria-ligada-al-viaje-al-tiempo-de-los-iberos\/","title":{"rendered":"La Ruta de los Fenicios llega a la feria, ligada al Viaje al Tiempo de los \u00cdberos"},"content":{"rendered":"<p><img fetchpriority=\"high\" decoding=\"async\" class=\"alignleft size-medium wp-image-61582\" src=\"https:\/\/eldigitaldeasturias.com\/magazine365\/wp-content\/uploads\/2016\/01\/fotonoticia_20160121124555_800-360x248.jpg\" alt=\"fotonoticia_20160121124555_800\" width=\"360\" height=\"248\" srcset=\"https:\/\/eldigitaldeasturias.com\/magazine365\/wp-content\/uploads\/2016\/01\/fotonoticia_20160121124555_800-360x248.jpg 360w, https:\/\/eldigitaldeasturias.com\/magazine365\/wp-content\/uploads\/2016\/01\/fotonoticia_20160121124555_800-650x447.jpg 650w, https:\/\/eldigitaldeasturias.com\/magazine365\/wp-content\/uploads\/2016\/01\/fotonoticia_20160121124555_800-768x528.jpg 768w, https:\/\/eldigitaldeasturias.com\/magazine365\/wp-content\/uploads\/2016\/01\/fotonoticia_20160121124555_800-150x103.jpg 150w, https:\/\/eldigitaldeasturias.com\/magazine365\/wp-content\/uploads\/2016\/01\/fotonoticia_20160121124555_800-450x309.jpg 450w, https:\/\/eldigitaldeasturias.com\/magazine365\/wp-content\/uploads\/2016\/01\/fotonoticia_20160121124555_800-100x70.jpg 100w, https:\/\/eldigitaldeasturias.com\/magazine365\/wp-content\/uploads\/2016\/01\/fotonoticia_20160121124555_800-218x150.jpg 218w, https:\/\/eldigitaldeasturias.com\/magazine365\/wp-content\/uploads\/2016\/01\/fotonoticia_20160121124555_800-696x479.jpg 696w, https:\/\/eldigitaldeasturias.com\/magazine365\/wp-content\/uploads\/2016\/01\/fotonoticia_20160121124555_800-611x420.jpg 611w, https:\/\/eldigitaldeasturias.com\/magazine365\/wp-content\/uploads\/2016\/01\/fotonoticia_20160121124555_800.jpg 800w\" sizes=\"(max-width: 360px) 100vw, 360px\" \/>La Feria Internacional de Turismo, Fitur, ha acogido este jueves la presentaci\u00f3n de la Ruta de los Fenicios, un proyecto tur\u00edstico impulsado por el Consejo de Europa cuya puesta en marcha en Espa\u00f1a ha sido liderada por la Diputaci\u00f3n de Ja\u00e9n y el Centro Andaluz de Arqueolog\u00eda \u00cdberica (CAAI).<\/p>\n<p>\u00abLa presencia destacada de la provincia en esta ruta es un valor a\u00f1adido para descubrir nuestro Para\u00edso Interior\u00bb, ha afirmado el presidente de la Diputaci\u00f3n, Francisco Reyes, que ha participado en el acto junto a Arturo Ruiz, director del citado centro y presidente de la Confederaci\u00f3n Internacional de la Ruta de los Fenicios, y el director de este itinerario, Antonio Barone.<\/p>\n<p>Asimismo, Reyes ha puesto de relieve el \u00abplus promocional\u00bb que supone este proyecto para el Viaje al Tiempo de los \u00cdberos, \u00abuno de los productos de la provincia m\u00e1s consolidados\u00bb.<\/p>\n<p>La Ruta de los Fenicios es un itinerario tur\u00edstico y cultural que recorre los territorios del Mediterr\u00e1neo ligados al pueblo fenicio y en el que est\u00e1 incluido el Camino de An\u00edbal, con dos enclaves en el territorio jiennense: el yacimiento \u00edbero-romano de C\u00e1stulo y el paraje del Cerro de las Albahacas, en Santo Tom\u00e9. Por ello, la Administraci\u00f3n provincial asumi\u00f3 en 2014, a trav\u00e9s de la Carta de Ja\u00e9n, un \u00abpapel fundamental\u00bb en su puesta en marcha.<\/p>\n<p>\u00abSe trataba de potenciar el conocimiento, la conservaci\u00f3n y puesta en valor de los sitios geogr\u00e1ficos hist\u00f3ricos relacionados con la cultura fenicio-p\u00fanica y las civilizaciones ind\u00edgenas protohist\u00f3ricas contempor\u00e1neas a \u00e9sta, como es el caso de la \u00edbera\u00bb, ha explicado Reyes. Esta ruta recorre m\u00e1s de 2.800 kil\u00f3metros y, adem\u00e1s de en Espa\u00f1a, recala en pa\u00edses como T\u00fanez, Francia o Italia.<\/p>\n<p>Ha subrayado, igualmente, \u00abla singularidad\u00bb de propuesta como \u00e9sta, ofertadas desde la provincia de Ja\u00e9n: \u00abEs muy alta la competencia en un pa\u00eds como Espa\u00f1a, con tantos recursos de turismo interior, y tenemos que ofrecer elementos capaces de diferenciarnos\u00bb.<\/p>\n<p>En ese sentido, ha destacado la importancia de productos como la Ruta de los Castillos y las Batallas, Oleotour Ja\u00e9n, \u00abcon m\u00e1s de 60 millones de olivos como reclamo\u00bb; el Renacimiento del Sur o el Viaje al Tiempo de los \u00cdberos. En \u00e9ste, junto a C\u00e1stulo, se pueden conocer otros enclaves como la necr\u00f3polis de Cerrillo Blanco en Porcuna, el Santuario Ib\u00e9rico de la Cueva de la Lobera en Castellar; la C\u00e1mara Funeraria de Toya, en Peal de Becerro, o el enclave arqueol\u00f3gico de Puente Tablas; reclamos que cuentan en muchos casos con un centro de interpretaci\u00f3n asociado y a los que se sumar\u00e1 en Ja\u00e9n el Museo de Arte \u00cdbero.<\/p>\n","protected":false},"excerpt":{"rendered":"<p>La Feria Internacional de Turismo, Fitur, ha acogido este jueves la presentaci\u00f3n de la Ruta de los Fenicios, un proyecto tur\u00edstico impulsado por el Consejo de Europa cuya puesta en marcha en Espa\u00f1a ha sido liderada por la Diputaci\u00f3n de Ja\u00e9n y el Centro Andaluz de Arqueolog\u00eda \u00cdberica (CAAI). \u00abLa presencia destacada de la provincia<\/p>\n","protected":false},"author":1,"featured_media":61582,"comment_status":"open","ping_status":"closed","sticky":false,"template":"","format":"standard","meta":{"footnotes":""},"categories":[224],"tags":[],"class_list":{"0":"post-61581","1":"post","2":"type-post","3":"status-publish","4":"format-standard","5":"has-post-thumbnail","7":"category-noticias-actualidad"},"aioseo_notices":[],"aioseo_head":"\n\t\t<!-- All in One SEO Pro 4.9.6.1 - aioseo.com -->\n\t<meta name=\"description\" content=\"La Feria Internacional de Turismo, Fitur, ha acogido este jueves la presentaci\u00f3n de la Ruta de los Fenicios, un proyecto tur\u00edstico impulsado por el Consejo de Europa cuya puesta en marcha en Espa\u00f1a ha sido liderada por la Diputaci\u00f3n de Ja\u00e9n y el Centro Andaluz de Arqueolog\u00eda \u00cdberica (CAAI). &quot;La presencia destacada de la provincia\" \/>\n\t<meta name=\"robots\" content=\"max-image-preview:large\" \/>\n\t<meta name=\"author\" content=\"admin\"\/>\n\t<meta name=\"google-site-verification\" content=\"UA-38556648-1\" \/>\n\t<meta name=\"keywords\" content=\"noticias y actualidad\" \/>\n\t<link rel=\"canonical\" href=\"https:\/\/eldigitaldeasturias.com\/magazine365\/la-ruta-de-los-fenicios-llega-a-la-feria-ligada-al-viaje-al-tiempo-de-los-iberos\/\" \/>\n\t<meta name=\"generator\" content=\"All in One SEO Pro (AIOSEO) 4.9.6.1\" \/>\n\t\t<meta property=\"og:locale\" content=\"es_ES\" \/>\n\t\t<meta property=\"og:site_name\" content=\"El Digital de Asturias \u2013 Revista de ocio, turismo y estilo de vida\" \/>\n\t\t<meta property=\"og:type\" content=\"article\" \/>\n\t\t<meta property=\"og:title\" content=\"La Ruta de los Fenicios llega a la feria, ligada al Viaje al Tiempo de los \u00cdberos | El Digital de Asturias\" \/>\n\t\t<meta property=\"og:description\" content=\"La Feria Internacional de Turismo, Fitur, ha acogido este jueves la presentaci\u00f3n de la Ruta de los Fenicios, un proyecto tur\u00edstico impulsado por el Consejo de Europa cuya puesta en marcha en Espa\u00f1a ha sido liderada por la Diputaci\u00f3n de Ja\u00e9n y el Centro Andaluz de Arqueolog\u00eda \u00cdberica (CAAI). &quot;La presencia destacada de la provincia\" \/>\n\t\t<meta property=\"og:url\" content=\"https:\/\/eldigitaldeasturias.com\/magazine365\/la-ruta-de-los-fenicios-llega-a-la-feria-ligada-al-viaje-al-tiempo-de-los-iberos\/\" \/>\n\t\t<meta property=\"og:image\" content=\"https:\/\/eldigitaldeasturias.com\/magazine365\/wp-content\/uploads\/2016\/01\/fotonoticia_20160121124555_800.jpg\" \/>\n\t\t<meta property=\"og:image:secure_url\" content=\"https:\/\/eldigitaldeasturias.com\/magazine365\/wp-content\/uploads\/2016\/01\/fotonoticia_20160121124555_800.jpg\" \/>\n\t\t<meta property=\"og:image:width\" content=\"800\" \/>\n\t\t<meta property=\"og:image:height\" content=\"550\" \/>\n\t\t<meta property=\"article:published_time\" content=\"2016-01-23T04:16:42+00:00\" \/>\n\t\t<meta property=\"article:modified_time\" content=\"2016-01-23T04:16:42+00:00\" \/>\n\t\t<meta name=\"twitter:card\" content=\"summary_large_image\" \/>\n\t\t<meta name=\"twitter:title\" content=\"La Ruta de los Fenicios llega a la feria, ligada al Viaje al Tiempo de los \u00cdberos | El Digital de Asturias\" \/>\n\t\t<meta name=\"twitter:description\" content=\"La Feria Internacional de Turismo, Fitur, ha acogido este jueves la presentaci\u00f3n de la Ruta de los Fenicios, un proyecto tur\u00edstico impulsado por el Consejo de Europa cuya puesta en marcha en Espa\u00f1a ha sido liderada por la Diputaci\u00f3n de Ja\u00e9n y el Centro Andaluz de Arqueolog\u00eda \u00cdberica (CAAI). &quot;La presencia destacada de la provincia\" \/>\n\t\t<meta name=\"twitter:image\" content=\"https:\/\/eldigitaldeasturias.com\/magazine365\/wp-content\/uploads\/2016\/01\/fotonoticia_20160121124555_800.jpg\" \/>\n\t\t<script type=\"application\/ld+json\" class=\"aioseo-schema\">\n\t\t\t{\"@context\":\"https:\\\/\\\/schema.org\",\"@graph\":[{\"@type\":\"Article\",\"@id\":\"https:\\\/\\\/eldigitaldeasturias.com\\\/magazine365\\\/la-ruta-de-los-fenicios-llega-a-la-feria-ligada-al-viaje-al-tiempo-de-los-iberos\\\/#article\",\"name\":\"La Ruta de los Fenicios llega a la feria, ligada al Viaje al Tiempo de los \\u00cdberos | El Digital de Asturias\",\"headline\":\"La Ruta de los Fenicios llega a la feria, ligada al Viaje al Tiempo de los \\u00cdberos\",\"author\":{\"@id\":\"https:\\\/\\\/eldigitaldeasturias.com\\\/magazine365\\\/author\\\/admin\\\/#author\"},\"publisher\":{\"@id\":\"https:\\\/\\\/eldigitaldeasturias.com\\\/magazine365\\\/#organization\"},\"image\":{\"@type\":\"ImageObject\",\"url\":\"https:\\\/\\\/eldigitaldeasturias.com\\\/magazine365\\\/wp-content\\\/uploads\\\/2016\\\/01\\\/fotonoticia_20160121124555_800.jpg\",\"width\":800,\"height\":550},\"datePublished\":\"2016-01-23T05:16:42+01:00\",\"dateModified\":\"2016-01-23T05:16:42+01:00\",\"inLanguage\":\"es-ES\",\"mainEntityOfPage\":{\"@id\":\"https:\\\/\\\/eldigitaldeasturias.com\\\/magazine365\\\/la-ruta-de-los-fenicios-llega-a-la-feria-ligada-al-viaje-al-tiempo-de-los-iberos\\\/#webpage\"},\"isPartOf\":{\"@id\":\"https:\\\/\\\/eldigitaldeasturias.com\\\/magazine365\\\/la-ruta-de-los-fenicios-llega-a-la-feria-ligada-al-viaje-al-tiempo-de-los-iberos\\\/#webpage\"},\"articleSection\":\"Noticias y Actualidad\"},{\"@type\":\"BreadcrumbList\",\"@id\":\"https:\\\/\\\/eldigitaldeasturias.com\\\/magazine365\\\/la-ruta-de-los-fenicios-llega-a-la-feria-ligada-al-viaje-al-tiempo-de-los-iberos\\\/#breadcrumblist\",\"itemListElement\":[{\"@type\":\"ListItem\",\"@id\":\"https:\\\/\\\/eldigitaldeasturias.com\\\/magazine365#listItem\",\"position\":1,\"name\":\"Home\",\"item\":\"https:\\\/\\\/eldigitaldeasturias.com\\\/magazine365\",\"nextItem\":{\"@type\":\"ListItem\",\"@id\":\"https:\\\/\\\/eldigitaldeasturias.com\\\/magazine365\\\/category\\\/noticias-actualidad\\\/#listItem\",\"name\":\"Noticias y Actualidad\"}},{\"@type\":\"ListItem\",\"@id\":\"https:\\\/\\\/eldigitaldeasturias.com\\\/magazine365\\\/category\\\/noticias-actualidad\\\/#listItem\",\"position\":2,\"name\":\"Noticias y Actualidad\",\"item\":\"https:\\\/\\\/eldigitaldeasturias.com\\\/magazine365\\\/category\\\/noticias-actualidad\\\/\",\"nextItem\":{\"@type\":\"ListItem\",\"@id\":\"https:\\\/\\\/eldigitaldeasturias.com\\\/magazine365\\\/la-ruta-de-los-fenicios-llega-a-la-feria-ligada-al-viaje-al-tiempo-de-los-iberos\\\/#listItem\",\"name\":\"La Ruta de los Fenicios llega a la feria, ligada al Viaje al Tiempo de los \\u00cdberos\"},\"previousItem\":{\"@type\":\"ListItem\",\"@id\":\"https:\\\/\\\/eldigitaldeasturias.com\\\/magazine365#listItem\",\"name\":\"Home\"}},{\"@type\":\"ListItem\",\"@id\":\"https:\\\/\\\/eldigitaldeasturias.com\\\/magazine365\\\/la-ruta-de-los-fenicios-llega-a-la-feria-ligada-al-viaje-al-tiempo-de-los-iberos\\\/#listItem\",\"position\":3,\"name\":\"La Ruta de los Fenicios llega a la feria, ligada al Viaje al Tiempo de los \\u00cdberos\",\"previousItem\":{\"@type\":\"ListItem\",\"@id\":\"https:\\\/\\\/eldigitaldeasturias.com\\\/magazine365\\\/category\\\/noticias-actualidad\\\/#listItem\",\"name\":\"Noticias y Actualidad\"}}]},{\"@type\":\"Organization\",\"@id\":\"https:\\\/\\\/eldigitaldeasturias.com\\\/magazine365\\\/#organization\",\"name\":\"El digital de Asturias\",\"description\":\"Revista de ocio, turismo y estilo de vida\",\"url\":\"https:\\\/\\\/eldigitaldeasturias.com\\\/magazine365\\\/\",\"logo\":{\"@type\":\"ImageObject\",\"url\":\"https:\\\/\\\/www.eldigitaldeasturias.com\\\/noticias\\\/wp-content\\\/uploads\\\/2020\\\/12\\\/EDA.jpg\",\"@id\":\"https:\\\/\\\/eldigitaldeasturias.com\\\/magazine365\\\/la-ruta-de-los-fenicios-llega-a-la-feria-ligada-al-viaje-al-tiempo-de-los-iberos\\\/#organizationLogo\"},\"image\":{\"@id\":\"https:\\\/\\\/eldigitaldeasturias.com\\\/magazine365\\\/la-ruta-de-los-fenicios-llega-a-la-feria-ligada-al-viaje-al-tiempo-de-los-iberos\\\/#organizationLogo\"}},{\"@type\":\"Person\",\"@id\":\"https:\\\/\\\/eldigitaldeasturias.com\\\/magazine365\\\/author\\\/admin\\\/#author\",\"url\":\"https:\\\/\\\/eldigitaldeasturias.com\\\/magazine365\\\/author\\\/admin\\\/\",\"name\":\"admin\",\"image\":{\"@type\":\"ImageObject\",\"@id\":\"https:\\\/\\\/eldigitaldeasturias.com\\\/magazine365\\\/la-ruta-de-los-fenicios-llega-a-la-feria-ligada-al-viaje-al-tiempo-de-los-iberos\\\/#authorImage\",\"url\":\"https:\\\/\\\/eldigitaldeasturias.com\\\/magazine365\\\/wp-content\\\/litespeed\\\/avatar\\\/e571bcf59a0edd6fa6838245a470f2fe.jpg?ver=1776969259\",\"width\":96,\"height\":96,\"caption\":\"admin\"}},{\"@type\":\"WebPage\",\"@id\":\"https:\\\/\\\/eldigitaldeasturias.com\\\/magazine365\\\/la-ruta-de-los-fenicios-llega-a-la-feria-ligada-al-viaje-al-tiempo-de-los-iberos\\\/#webpage\",\"url\":\"https:\\\/\\\/eldigitaldeasturias.com\\\/magazine365\\\/la-ruta-de-los-fenicios-llega-a-la-feria-ligada-al-viaje-al-tiempo-de-los-iberos\\\/\",\"name\":\"La Ruta de los Fenicios llega a la feria, ligada al Viaje al Tiempo de los \\u00cdberos | El Digital de Asturias\",\"description\":\"La Feria Internacional de Turismo, Fitur, ha acogido este jueves la presentaci\\u00f3n de la Ruta de los Fenicios, un proyecto tur\\u00edstico impulsado por el Consejo de Europa cuya puesta en marcha en Espa\\u00f1a ha sido liderada por la Diputaci\\u00f3n de Ja\\u00e9n y el Centro Andaluz de Arqueolog\\u00eda \\u00cdberica (CAAI). \\\"La presencia destacada de la provincia\",\"inLanguage\":\"es-ES\",\"isPartOf\":{\"@id\":\"https:\\\/\\\/eldigitaldeasturias.com\\\/magazine365\\\/#website\"},\"breadcrumb\":{\"@id\":\"https:\\\/\\\/eldigitaldeasturias.com\\\/magazine365\\\/la-ruta-de-los-fenicios-llega-a-la-feria-ligada-al-viaje-al-tiempo-de-los-iberos\\\/#breadcrumblist\"},\"author\":{\"@id\":\"https:\\\/\\\/eldigitaldeasturias.com\\\/magazine365\\\/author\\\/admin\\\/#author\"},\"creator\":{\"@id\":\"https:\\\/\\\/eldigitaldeasturias.com\\\/magazine365\\\/author\\\/admin\\\/#author\"},\"image\":{\"@type\":\"ImageObject\",\"url\":\"https:\\\/\\\/eldigitaldeasturias.com\\\/magazine365\\\/wp-content\\\/uploads\\\/2016\\\/01\\\/fotonoticia_20160121124555_800.jpg\",\"@id\":\"https:\\\/\\\/eldigitaldeasturias.com\\\/magazine365\\\/la-ruta-de-los-fenicios-llega-a-la-feria-ligada-al-viaje-al-tiempo-de-los-iberos\\\/#mainImage\",\"width\":800,\"height\":550},\"primaryImageOfPage\":{\"@id\":\"https:\\\/\\\/eldigitaldeasturias.com\\\/magazine365\\\/la-ruta-de-los-fenicios-llega-a-la-feria-ligada-al-viaje-al-tiempo-de-los-iberos\\\/#mainImage\"},\"datePublished\":\"2016-01-23T05:16:42+01:00\",\"dateModified\":\"2016-01-23T05:16:42+01:00\"},{\"@type\":\"WebSite\",\"@id\":\"https:\\\/\\\/eldigitaldeasturias.com\\\/magazine365\\\/#website\",\"url\":\"https:\\\/\\\/eldigitaldeasturias.com\\\/magazine365\\\/\",\"name\":\"El Digital de Asturias\",\"description\":\"Revista de ocio, turismo y estilo de vida\",\"inLanguage\":\"es-ES\",\"publisher\":{\"@id\":\"https:\\\/\\\/eldigitaldeasturias.com\\\/magazine365\\\/#organization\"}}]}\n\t\t<\/script>\n\t\t<!-- All in One SEO Pro -->\r\n\t\t<title>La Ruta de los Fenicios llega a la feria, ligada al Viaje al Tiempo de los \u00cdberos | El Digital de Asturias<\/title>\n\n","aioseo_head_json":{"title":"La Ruta de los Fenicios llega a la feria, ligada al Viaje al Tiempo de los \u00cdberos | El Digital de Asturias","description":"La Feria Internacional de Turismo, Fitur, ha acogido este jueves la presentaci\u00f3n de la Ruta de los Fenicios, un proyecto tur\u00edstico impulsado por el Consejo de Europa cuya puesta en marcha en Espa\u00f1a ha sido liderada por la Diputaci\u00f3n de Ja\u00e9n y el Centro Andaluz de Arqueolog\u00eda \u00cdberica (CAAI). \"La presencia destacada de la provincia","canonical_url":"https:\/\/eldigitaldeasturias.com\/magazine365\/la-ruta-de-los-fenicios-llega-a-la-feria-ligada-al-viaje-al-tiempo-de-los-iberos\/","robots":"max-image-preview:large","keywords":"noticias y actualidad","webmasterTools":{"google-site-verification":"UA-38556648-1","miscellaneous":""},"schema":{"@context":"https:\/\/schema.org","@graph":[{"@type":"Article","@id":"https:\/\/eldigitaldeasturias.com\/magazine365\/la-ruta-de-los-fenicios-llega-a-la-feria-ligada-al-viaje-al-tiempo-de-los-iberos\/#article","name":"La Ruta de los Fenicios llega a la feria, ligada al Viaje al Tiempo de los \u00cdberos | El Digital de Asturias","headline":"La Ruta de los Fenicios llega a la feria, ligada al Viaje al Tiempo de los \u00cdberos","author":{"@id":"https:\/\/eldigitaldeasturias.com\/magazine365\/author\/admin\/#author"},"publisher":{"@id":"https:\/\/eldigitaldeasturias.com\/magazine365\/#organization"},"image":{"@type":"ImageObject","url":"https:\/\/eldigitaldeasturias.com\/magazine365\/wp-content\/uploads\/2016\/01\/fotonoticia_20160121124555_800.jpg","width":800,"height":550},"datePublished":"2016-01-23T05:16:42+01:00","dateModified":"2016-01-23T05:16:42+01:00","inLanguage":"es-ES","mainEntityOfPage":{"@id":"https:\/\/eldigitaldeasturias.com\/magazine365\/la-ruta-de-los-fenicios-llega-a-la-feria-ligada-al-viaje-al-tiempo-de-los-iberos\/#webpage"},"isPartOf":{"@id":"https:\/\/eldigitaldeasturias.com\/magazine365\/la-ruta-de-los-fenicios-llega-a-la-feria-ligada-al-viaje-al-tiempo-de-los-iberos\/#webpage"},"articleSection":"Noticias y Actualidad"},{"@type":"BreadcrumbList","@id":"https:\/\/eldigitaldeasturias.com\/magazine365\/la-ruta-de-los-fenicios-llega-a-la-feria-ligada-al-viaje-al-tiempo-de-los-iberos\/#breadcrumblist","itemListElement":[{"@type":"ListItem","@id":"https:\/\/eldigitaldeasturias.com\/magazine365#listItem","position":1,"name":"Home","item":"https:\/\/eldigitaldeasturias.com\/magazine365","nextItem":{"@type":"ListItem","@id":"https:\/\/eldigitaldeasturias.com\/magazine365\/category\/noticias-actualidad\/#listItem","name":"Noticias y Actualidad"}},{"@type":"ListItem","@id":"https:\/\/eldigitaldeasturias.com\/magazine365\/category\/noticias-actualidad\/#listItem","position":2,"name":"Noticias y Actualidad","item":"https:\/\/eldigitaldeasturias.com\/magazine365\/category\/noticias-actualidad\/","nextItem":{"@type":"ListItem","@id":"https:\/\/eldigitaldeasturias.com\/magazine365\/la-ruta-de-los-fenicios-llega-a-la-feria-ligada-al-viaje-al-tiempo-de-los-iberos\/#listItem","name":"La Ruta de los Fenicios llega a la feria, ligada al Viaje al Tiempo de los \u00cdberos"},"previousItem":{"@type":"ListItem","@id":"https:\/\/eldigitaldeasturias.com\/magazine365#listItem","name":"Home"}},{"@type":"ListItem","@id":"https:\/\/eldigitaldeasturias.com\/magazine365\/la-ruta-de-los-fenicios-llega-a-la-feria-ligada-al-viaje-al-tiempo-de-los-iberos\/#listItem","position":3,"name":"La Ruta de los Fenicios llega a la feria, ligada al Viaje al Tiempo de los \u00cdberos","previousItem":{"@type":"ListItem","@id":"https:\/\/eldigitaldeasturias.com\/magazine365\/category\/noticias-actualidad\/#listItem","name":"Noticias y Actualidad"}}]},{"@type":"Organization","@id":"https:\/\/eldigitaldeasturias.com\/magazine365\/#organization","name":"El digital de Asturias","description":"Revista de ocio, turismo y estilo de vida","url":"https:\/\/eldigitaldeasturias.com\/magazine365\/","logo":{"@type":"ImageObject","url":"https:\/\/www.eldigitaldeasturias.com\/noticias\/wp-content\/uploads\/2020\/12\/EDA.jpg","@id":"https:\/\/eldigitaldeasturias.com\/magazine365\/la-ruta-de-los-fenicios-llega-a-la-feria-ligada-al-viaje-al-tiempo-de-los-iberos\/#organizationLogo"},"image":{"@id":"https:\/\/eldigitaldeasturias.com\/magazine365\/la-ruta-de-los-fenicios-llega-a-la-feria-ligada-al-viaje-al-tiempo-de-los-iberos\/#organizationLogo"}},{"@type":"Person","@id":"https:\/\/eldigitaldeasturias.com\/magazine365\/author\/admin\/#author","url":"https:\/\/eldigitaldeasturias.com\/magazine365\/author\/admin\/","name":"admin","image":{"@type":"ImageObject","@id":"https:\/\/eldigitaldeasturias.com\/magazine365\/la-ruta-de-los-fenicios-llega-a-la-feria-ligada-al-viaje-al-tiempo-de-los-iberos\/#authorImage","url":"https:\/\/eldigitaldeasturias.com\/magazine365\/wp-content\/litespeed\/avatar\/e571bcf59a0edd6fa6838245a470f2fe.jpg?ver=1776969259","width":96,"height":96,"caption":"admin"}},{"@type":"WebPage","@id":"https:\/\/eldigitaldeasturias.com\/magazine365\/la-ruta-de-los-fenicios-llega-a-la-feria-ligada-al-viaje-al-tiempo-de-los-iberos\/#webpage","url":"https:\/\/eldigitaldeasturias.com\/magazine365\/la-ruta-de-los-fenicios-llega-a-la-feria-ligada-al-viaje-al-tiempo-de-los-iberos\/","name":"La Ruta de los Fenicios llega a la feria, ligada al Viaje al Tiempo de los \u00cdberos | El Digital de Asturias","description":"La Feria Internacional de Turismo, Fitur, ha acogido este jueves la presentaci\u00f3n de la Ruta de los Fenicios, un proyecto tur\u00edstico impulsado por el Consejo de Europa cuya puesta en marcha en Espa\u00f1a ha sido liderada por la Diputaci\u00f3n de Ja\u00e9n y el Centro Andaluz de Arqueolog\u00eda \u00cdberica (CAAI). \"La presencia destacada de la provincia","inLanguage":"es-ES","isPartOf":{"@id":"https:\/\/eldigitaldeasturias.com\/magazine365\/#website"},"breadcrumb":{"@id":"https:\/\/eldigitaldeasturias.com\/magazine365\/la-ruta-de-los-fenicios-llega-a-la-feria-ligada-al-viaje-al-tiempo-de-los-iberos\/#breadcrumblist"},"author":{"@id":"https:\/\/eldigitaldeasturias.com\/magazine365\/author\/admin\/#author"},"creator":{"@id":"https:\/\/eldigitaldeasturias.com\/magazine365\/author\/admin\/#author"},"image":{"@type":"ImageObject","url":"https:\/\/eldigitaldeasturias.com\/magazine365\/wp-content\/uploads\/2016\/01\/fotonoticia_20160121124555_800.jpg","@id":"https:\/\/eldigitaldeasturias.com\/magazine365\/la-ruta-de-los-fenicios-llega-a-la-feria-ligada-al-viaje-al-tiempo-de-los-iberos\/#mainImage","width":800,"height":550},"primaryImageOfPage":{"@id":"https:\/\/eldigitaldeasturias.com\/magazine365\/la-ruta-de-los-fenicios-llega-a-la-feria-ligada-al-viaje-al-tiempo-de-los-iberos\/#mainImage"},"datePublished":"2016-01-23T05:16:42+01:00","dateModified":"2016-01-23T05:16:42+01:00"},{"@type":"WebSite","@id":"https:\/\/eldigitaldeasturias.com\/magazine365\/#website","url":"https:\/\/eldigitaldeasturias.com\/magazine365\/","name":"El Digital de Asturias","description":"Revista de ocio, turismo y estilo de vida","inLanguage":"es-ES","publisher":{"@id":"https:\/\/eldigitaldeasturias.com\/magazine365\/#organization"}}]},"og:locale":"es_ES","og:site_name":"El Digital de Asturias \u2013 Revista de ocio, turismo y estilo de vida","og:type":"article","og:title":"La Ruta de los Fenicios llega a la feria, ligada al Viaje al Tiempo de los \u00cdberos | El Digital de Asturias","og:description":"La Feria Internacional de Turismo, Fitur, ha acogido este jueves la presentaci\u00f3n de la Ruta de los Fenicios, un proyecto tur\u00edstico impulsado por el Consejo de Europa cuya puesta en marcha en Espa\u00f1a ha sido liderada por la Diputaci\u00f3n de Ja\u00e9n y el Centro Andaluz de Arqueolog\u00eda \u00cdberica (CAAI). &quot;La presencia destacada de la provincia","og:url":"https:\/\/eldigitaldeasturias.com\/magazine365\/la-ruta-de-los-fenicios-llega-a-la-feria-ligada-al-viaje-al-tiempo-de-los-iberos\/","og:image":"https:\/\/eldigitaldeasturias.com\/magazine365\/wp-content\/uploads\/2016\/01\/fotonoticia_20160121124555_800.jpg","og:image:secure_url":"https:\/\/eldigitaldeasturias.com\/magazine365\/wp-content\/uploads\/2016\/01\/fotonoticia_20160121124555_800.jpg","og:image:width":800,"og:image:height":550,"article:published_time":"2016-01-23T04:16:42+00:00","article:modified_time":"2016-01-23T04:16:42+00:00","twitter:card":"summary_large_image","twitter:title":"La Ruta de los Fenicios llega a la feria, ligada al Viaje al Tiempo de los \u00cdberos | El Digital de Asturias","twitter:description":"La Feria Internacional de Turismo, Fitur, ha acogido este jueves la presentaci\u00f3n de la Ruta de los Fenicios, un proyecto tur\u00edstico impulsado por el Consejo de Europa cuya puesta en marcha en Espa\u00f1a ha sido liderada por la Diputaci\u00f3n de Ja\u00e9n y el Centro Andaluz de Arqueolog\u00eda \u00cdberica (CAAI). &quot;La presencia destacada de la provincia","twitter:image":"https:\/\/eldigitaldeasturias.com\/magazine365\/wp-content\/uploads\/2016\/01\/fotonoticia_20160121124555_800.jpg"},"aioseo_meta_data":{"post_id":"61581","title":null,"description":null,"keywords":null,"keyphrases":null,"primary_term":null,"canonical_url":null,"og_title":null,"og_description":null,"og_object_type":"default","og_image_type":"default","og_image_url":null,"og_image_width":null,"og_image_height":null,"og_image_custom_url":null,"og_image_custom_fields":null,"og_video":null,"og_custom_url":null,"og_article_section":null,"og_article_tags":null,"twitter_use_og":false,"twitter_card":"default","twitter_image_type":"default","twitter_image_url":null,"twitter_image_custom_url":null,"twitter_image_custom_fields":null,"twitter_title":null,"twitter_description":null,"schema":{"blockGraphs":[],"customGraphs":[],"default":{"data":{"Article":[],"Course":[],"Dataset":[],"FAQPage":[],"Movie":[],"Person":[],"Product":[],"ProductReview":[],"Car":[],"Recipe":[],"Service":[],"SoftwareApplication":[],"WebPage":[]},"graphName":"","isEnabled":true},"graphs":[],"defaultGraph":"","defaultPostTypeGraph":""},"schema_type":null,"schema_type_options":null,"pillar_content":false,"robots_default":true,"robots_noindex":false,"robots_noarchive":false,"robots_nosnippet":false,"robots_nofollow":false,"robots_noimageindex":false,"robots_noodp":false,"robots_notranslate":false,"robots_max_snippet":null,"robots_max_videopreview":null,"robots_max_imagepreview":"large","priority":null,"frequency":null,"location":null,"local_seo":null,"seo_analyzer_scan_date":"2025-09-25 09:16:09","breadcrumb_settings":null,"limit_modified_date":false,"open_ai":null,"ai":null,"created":"2021-03-08 21:47:43","updated":"2025-09-25 09:16:09"},"aioseo_breadcrumb":"<div class=\"aioseo-breadcrumbs\"><span class=\"aioseo-breadcrumb\">\n\t<a href=\"https:\/\/eldigitaldeasturias.com\/magazine365\" title=\"Home\">Home<\/a>\n<\/span><span class=\"aioseo-breadcrumb-separator\">\u2013<\/span><span class=\"aioseo-breadcrumb\">\n\t<a href=\"https:\/\/eldigitaldeasturias.com\/magazine365\/category\/noticias-actualidad\/\" title=\"Noticias y Actualidad\">Noticias y Actualidad<\/a>\n<\/span><span class=\"aioseo-breadcrumb-separator\">\u2013<\/span><span class=\"aioseo-breadcrumb\">\n\t<a href=\"https:\/\/eldigitaldeasturias.com\/magazine365\/la-ruta-de-los-fenicios-llega-a-la-feria-ligada-al-viaje-al-tiempo-de-los-iberos\/\" title=\"La Ruta de los Fenicios llega a la feria, ligada al Viaje al Tiempo de los \u00cdberos\">La Ruta de los Fenicios llega a la feria, ligada al Viaje al Tiempo de los \u00cdberos<\/a>\n<\/span><\/div>","aioseo_breadcrumb_json":[{"label":"Home","link":"https:\/\/eldigitaldeasturias.com\/magazine365"},{"label":"Noticias y Actualidad","link":"https:\/\/eldigitaldeasturias.com\/magazine365\/category\/noticias-actualidad\/"},{"label":"La Ruta de los Fenicios llega a la feria, ligada al Viaje al Tiempo de los \u00cdberos","link":"https:\/\/eldigitaldeasturias.com\/magazine365\/la-ruta-de-los-fenicios-llega-a-la-feria-ligada-al-viaje-al-tiempo-de-los-iberos\/"}],"_links":{"self":[{"href":"https:\/\/eldigitaldeasturias.com\/magazine365\/wp-json\/wp\/v2\/posts\/61581","targetHints":{"allow":["GET"]}}],"collection":[{"href":"https:\/\/eldigitaldeasturias.com\/magazine365\/wp-json\/wp\/v2\/posts"}],"about":[{"href":"https:\/\/eldigitaldeasturias.com\/magazine365\/wp-json\/wp\/v2\/types\/post"}],"author":[{"embeddable":true,"href":"https:\/\/eldigitaldeasturias.com\/magazine365\/wp-json\/wp\/v2\/users\/1"}],"replies":[{"embeddable":true,"href":"https:\/\/eldigitaldeasturias.com\/magazine365\/wp-json\/wp\/v2\/comments?post=61581"}],"version-history":[{"count":0,"href":"https:\/\/eldigitaldeasturias.com\/magazine365\/wp-json\/wp\/v2\/posts\/61581\/revisions"}],"wp:featuredmedia":[{"embeddable":true,"href":"https:\/\/eldigitaldeasturias.com\/magazine365\/wp-json\/wp\/v2\/media\/61582"}],"wp:attachment":[{"href":"https:\/\/eldigitaldeasturias.com\/magazine365\/wp-json\/wp\/v2\/media?parent=61581"}],"wp:term":[{"taxonomy":"category","embeddable":true,"href":"https:\/\/eldigitaldeasturias.com\/magazine365\/wp-json\/wp\/v2\/categories?post=61581"},{"taxonomy":"post_tag","embeddable":true,"href":"https:\/\/eldigitaldeasturias.com\/magazine365\/wp-json\/wp\/v2\/tags?post=61581"}],"curies":[{"name":"wp","href":"https:\/\/api.w.org\/{rel}","templated":true}]}}