{"id":61578,"date":"2016-01-23T05:12:52","date_gmt":"2016-01-23T04:12:52","guid":{"rendered":"http:\/\/eldigitaldeasturias.com\/magazine365\/?p=61578"},"modified":"2016-01-23T05:12:52","modified_gmt":"2016-01-23T04:12:52","slug":"la-gastronomia-de-galicia-protagonista-de-la-entrega-de-premios-de-la-omt","status":"publish","type":"post","link":"https:\/\/eldigitaldeasturias.com\/magazine365\/la-gastronomia-de-galicia-protagonista-de-la-entrega-de-premios-de-la-omt\/","title":{"rendered":"La gastronom\u00eda de Galicia, protagonista de la entrega de premios de la OMT"},"content":{"rendered":"<p><img fetchpriority=\"high\" decoding=\"async\" class=\"alignleft size-medium wp-image-61579\" src=\"https:\/\/eldigitaldeasturias.com\/magazine365\/wp-content\/uploads\/2016\/01\/fotonoticia_20160121122324_800-360x239.jpg\" alt=\"fotonoticia_20160121122324_800\" width=\"360\" height=\"239\" srcset=\"https:\/\/eldigitaldeasturias.com\/magazine365\/wp-content\/uploads\/2016\/01\/fotonoticia_20160121122324_800-360x239.jpg 360w, https:\/\/eldigitaldeasturias.com\/magazine365\/wp-content\/uploads\/2016\/01\/fotonoticia_20160121122324_800-650x431.jpg 650w, https:\/\/eldigitaldeasturias.com\/magazine365\/wp-content\/uploads\/2016\/01\/fotonoticia_20160121122324_800-768x509.jpg 768w, https:\/\/eldigitaldeasturias.com\/magazine365\/wp-content\/uploads\/2016\/01\/fotonoticia_20160121122324_800-150x99.jpg 150w, https:\/\/eldigitaldeasturias.com\/magazine365\/wp-content\/uploads\/2016\/01\/fotonoticia_20160121122324_800-450x298.jpg 450w, https:\/\/eldigitaldeasturias.com\/magazine365\/wp-content\/uploads\/2016\/01\/fotonoticia_20160121122324_800-696x461.jpg 696w, https:\/\/eldigitaldeasturias.com\/magazine365\/wp-content\/uploads\/2016\/01\/fotonoticia_20160121122324_800-634x420.jpg 634w, https:\/\/eldigitaldeasturias.com\/magazine365\/wp-content\/uploads\/2016\/01\/fotonoticia_20160121122324_800-121x79.jpg 121w, https:\/\/eldigitaldeasturias.com\/magazine365\/wp-content\/uploads\/2016\/01\/fotonoticia_20160121122324_800-101x66.jpg 101w, https:\/\/eldigitaldeasturias.com\/magazine365\/wp-content\/uploads\/2016\/01\/fotonoticia_20160121122324_800.jpg 800w\" sizes=\"(max-width: 360px) 100vw, 360px\" \/>La gastronom\u00eda de Galicia fue la gran protagonista este mi\u00e9rcoles de la entrega de la XII edici\u00f3n de los Premios de la Organizaci\u00f3n Mundial del Turismo (OMT), que acogi\u00f3 la Feria Internacional de Turismo de Madrid, Fitur.<\/p>\n<p>La cena de gala fue dirigida por el chef gallego Pepe Solla, Estrella Michel\u00edn, en colaboraci\u00f3n con los alumnos del Centro Superior de Hosteler\u00eda de Galicia.<\/p>\n<p>La velada cont\u00f3 con la presencia de importantes agentes y representantes tur\u00edsticos de todo el mundo, por lo que la Xunta destaca su valor como \u00abescaparate\u00bb para la promoci\u00f3n internacional de este recurso.<\/p>\n<p>A mayores, la directora de Turismo de Galicia, Nava Castro, fue la encargada de presentar a los finalistas al premio a la innovaci\u00f3n en organizaciones no gubernamentales.<\/p>\n","protected":false},"excerpt":{"rendered":"<p>La gastronom\u00eda de Galicia fue la gran protagonista este mi\u00e9rcoles de la entrega de la XII edici\u00f3n de los Premios de la Organizaci\u00f3n Mundial del Turismo (OMT), que acogi\u00f3 la Feria Internacional de Turismo de Madrid, Fitur. La cena de gala fue dirigida por el chef gallego Pepe Solla, Estrella Michel\u00edn, en colaboraci\u00f3n con los<\/p>\n","protected":false},"author":1,"featured_media":61579,"comment_status":"open","ping_status":"closed","sticky":false,"template":"","format":"standard","meta":{"footnotes":""},"categories":[224],"tags":[],"class_list":{"0":"post-61578","1":"post","2":"type-post","3":"status-publish","4":"format-standard","5":"has-post-thumbnail","7":"category-noticias-actualidad"},"aioseo_notices":[],"aioseo_head":"\n\t\t<!-- All in One SEO Pro 4.9.6.1 - aioseo.com -->\n\t<meta name=\"description\" content=\"La gastronom\u00eda de Galicia fue la gran protagonista este mi\u00e9rcoles de la entrega de la XII edici\u00f3n de los Premios de la Organizaci\u00f3n Mundial del Turismo (OMT), que acogi\u00f3 la Feria Internacional de Turismo de Madrid, Fitur. La cena de gala fue dirigida por el chef gallego Pepe Solla, Estrella Michel\u00edn, en colaboraci\u00f3n con los\" \/>\n\t<meta name=\"robots\" content=\"max-image-preview:large\" \/>\n\t<meta name=\"author\" content=\"admin\"\/>\n\t<meta name=\"google-site-verification\" content=\"UA-38556648-1\" \/>\n\t<meta name=\"keywords\" content=\"noticias y actualidad\" \/>\n\t<link rel=\"canonical\" href=\"https:\/\/eldigitaldeasturias.com\/magazine365\/la-gastronomia-de-galicia-protagonista-de-la-entrega-de-premios-de-la-omt\/\" \/>\n\t<meta name=\"generator\" content=\"All in One SEO Pro (AIOSEO) 4.9.6.1\" \/>\n\t\t<meta property=\"og:locale\" content=\"es_ES\" \/>\n\t\t<meta property=\"og:site_name\" content=\"El Digital de Asturias \u2013 Revista de ocio, turismo y estilo de vida\" \/>\n\t\t<meta property=\"og:type\" content=\"article\" \/>\n\t\t<meta property=\"og:title\" content=\"La gastronom\u00eda de Galicia, protagonista de la entrega de premios de la OMT | El Digital de Asturias\" \/>\n\t\t<meta property=\"og:description\" content=\"La gastronom\u00eda de Galicia fue la gran protagonista este mi\u00e9rcoles de la entrega de la XII edici\u00f3n de los Premios de la Organizaci\u00f3n Mundial del Turismo (OMT), que acogi\u00f3 la Feria Internacional de Turismo de Madrid, Fitur. La cena de gala fue dirigida por el chef gallego Pepe Solla, Estrella Michel\u00edn, en colaboraci\u00f3n con los\" \/>\n\t\t<meta property=\"og:url\" content=\"https:\/\/eldigitaldeasturias.com\/magazine365\/la-gastronomia-de-galicia-protagonista-de-la-entrega-de-premios-de-la-omt\/\" \/>\n\t\t<meta property=\"og:image\" content=\"https:\/\/eldigitaldeasturias.com\/magazine365\/wp-content\/uploads\/2016\/01\/fotonoticia_20160121122324_800.jpg\" \/>\n\t\t<meta property=\"og:image:secure_url\" content=\"https:\/\/eldigitaldeasturias.com\/magazine365\/wp-content\/uploads\/2016\/01\/fotonoticia_20160121122324_800.jpg\" \/>\n\t\t<meta property=\"og:image:width\" content=\"800\" \/>\n\t\t<meta property=\"og:image:height\" content=\"530\" \/>\n\t\t<meta property=\"article:published_time\" content=\"2016-01-23T04:12:52+00:00\" \/>\n\t\t<meta property=\"article:modified_time\" content=\"2016-01-23T04:12:52+00:00\" \/>\n\t\t<meta name=\"twitter:card\" content=\"summary_large_image\" \/>\n\t\t<meta name=\"twitter:title\" content=\"La gastronom\u00eda de Galicia, protagonista de la entrega de premios de la OMT | El Digital de Asturias\" \/>\n\t\t<meta name=\"twitter:description\" content=\"La gastronom\u00eda de Galicia fue la gran protagonista este mi\u00e9rcoles de la entrega de la XII edici\u00f3n de los Premios de la Organizaci\u00f3n Mundial del Turismo (OMT), que acogi\u00f3 la Feria Internacional de Turismo de Madrid, Fitur. La cena de gala fue dirigida por el chef gallego Pepe Solla, Estrella Michel\u00edn, en colaboraci\u00f3n con los\" \/>\n\t\t<meta name=\"twitter:image\" content=\"https:\/\/eldigitaldeasturias.com\/magazine365\/wp-content\/uploads\/2016\/01\/fotonoticia_20160121122324_800.jpg\" \/>\n\t\t<script type=\"application\/ld+json\" class=\"aioseo-schema\">\n\t\t\t{\"@context\":\"https:\\\/\\\/schema.org\",\"@graph\":[{\"@type\":\"Article\",\"@id\":\"https:\\\/\\\/eldigitaldeasturias.com\\\/magazine365\\\/la-gastronomia-de-galicia-protagonista-de-la-entrega-de-premios-de-la-omt\\\/#article\",\"name\":\"La gastronom\\u00eda de Galicia, protagonista de la entrega de premios de la OMT | El Digital de Asturias\",\"headline\":\"La gastronom\\u00eda de Galicia, protagonista de la entrega de premios de la OMT\",\"author\":{\"@id\":\"https:\\\/\\\/eldigitaldeasturias.com\\\/magazine365\\\/author\\\/admin\\\/#author\"},\"publisher\":{\"@id\":\"https:\\\/\\\/eldigitaldeasturias.com\\\/magazine365\\\/#organization\"},\"image\":{\"@type\":\"ImageObject\",\"url\":\"https:\\\/\\\/eldigitaldeasturias.com\\\/magazine365\\\/wp-content\\\/uploads\\\/2016\\\/01\\\/fotonoticia_20160121122324_800.jpg\",\"width\":800,\"height\":530},\"datePublished\":\"2016-01-23T05:12:52+01:00\",\"dateModified\":\"2016-01-23T05:12:52+01:00\",\"inLanguage\":\"es-ES\",\"mainEntityOfPage\":{\"@id\":\"https:\\\/\\\/eldigitaldeasturias.com\\\/magazine365\\\/la-gastronomia-de-galicia-protagonista-de-la-entrega-de-premios-de-la-omt\\\/#webpage\"},\"isPartOf\":{\"@id\":\"https:\\\/\\\/eldigitaldeasturias.com\\\/magazine365\\\/la-gastronomia-de-galicia-protagonista-de-la-entrega-de-premios-de-la-omt\\\/#webpage\"},\"articleSection\":\"Noticias y Actualidad\"},{\"@type\":\"BreadcrumbList\",\"@id\":\"https:\\\/\\\/eldigitaldeasturias.com\\\/magazine365\\\/la-gastronomia-de-galicia-protagonista-de-la-entrega-de-premios-de-la-omt\\\/#breadcrumblist\",\"itemListElement\":[{\"@type\":\"ListItem\",\"@id\":\"https:\\\/\\\/eldigitaldeasturias.com\\\/magazine365#listItem\",\"position\":1,\"name\":\"Home\",\"item\":\"https:\\\/\\\/eldigitaldeasturias.com\\\/magazine365\",\"nextItem\":{\"@type\":\"ListItem\",\"@id\":\"https:\\\/\\\/eldigitaldeasturias.com\\\/magazine365\\\/category\\\/noticias-actualidad\\\/#listItem\",\"name\":\"Noticias y Actualidad\"}},{\"@type\":\"ListItem\",\"@id\":\"https:\\\/\\\/eldigitaldeasturias.com\\\/magazine365\\\/category\\\/noticias-actualidad\\\/#listItem\",\"position\":2,\"name\":\"Noticias y Actualidad\",\"item\":\"https:\\\/\\\/eldigitaldeasturias.com\\\/magazine365\\\/category\\\/noticias-actualidad\\\/\",\"nextItem\":{\"@type\":\"ListItem\",\"@id\":\"https:\\\/\\\/eldigitaldeasturias.com\\\/magazine365\\\/la-gastronomia-de-galicia-protagonista-de-la-entrega-de-premios-de-la-omt\\\/#listItem\",\"name\":\"La gastronom\\u00eda de Galicia, protagonista de la entrega de premios de la OMT\"},\"previousItem\":{\"@type\":\"ListItem\",\"@id\":\"https:\\\/\\\/eldigitaldeasturias.com\\\/magazine365#listItem\",\"name\":\"Home\"}},{\"@type\":\"ListItem\",\"@id\":\"https:\\\/\\\/eldigitaldeasturias.com\\\/magazine365\\\/la-gastronomia-de-galicia-protagonista-de-la-entrega-de-premios-de-la-omt\\\/#listItem\",\"position\":3,\"name\":\"La gastronom\\u00eda de Galicia, protagonista de la entrega de premios de la OMT\",\"previousItem\":{\"@type\":\"ListItem\",\"@id\":\"https:\\\/\\\/eldigitaldeasturias.com\\\/magazine365\\\/category\\\/noticias-actualidad\\\/#listItem\",\"name\":\"Noticias y Actualidad\"}}]},{\"@type\":\"Organization\",\"@id\":\"https:\\\/\\\/eldigitaldeasturias.com\\\/magazine365\\\/#organization\",\"name\":\"El digital de Asturias\",\"description\":\"Revista de ocio, turismo y estilo de vida\",\"url\":\"https:\\\/\\\/eldigitaldeasturias.com\\\/magazine365\\\/\",\"logo\":{\"@type\":\"ImageObject\",\"url\":\"https:\\\/\\\/www.eldigitaldeasturias.com\\\/noticias\\\/wp-content\\\/uploads\\\/2020\\\/12\\\/EDA.jpg\",\"@id\":\"https:\\\/\\\/eldigitaldeasturias.com\\\/magazine365\\\/la-gastronomia-de-galicia-protagonista-de-la-entrega-de-premios-de-la-omt\\\/#organizationLogo\"},\"image\":{\"@id\":\"https:\\\/\\\/eldigitaldeasturias.com\\\/magazine365\\\/la-gastronomia-de-galicia-protagonista-de-la-entrega-de-premios-de-la-omt\\\/#organizationLogo\"}},{\"@type\":\"Person\",\"@id\":\"https:\\\/\\\/eldigitaldeasturias.com\\\/magazine365\\\/author\\\/admin\\\/#author\",\"url\":\"https:\\\/\\\/eldigitaldeasturias.com\\\/magazine365\\\/author\\\/admin\\\/\",\"name\":\"admin\",\"image\":{\"@type\":\"ImageObject\",\"@id\":\"https:\\\/\\\/eldigitaldeasturias.com\\\/magazine365\\\/la-gastronomia-de-galicia-protagonista-de-la-entrega-de-premios-de-la-omt\\\/#authorImage\",\"url\":\"https:\\\/\\\/eldigitaldeasturias.com\\\/magazine365\\\/wp-content\\\/litespeed\\\/avatar\\\/e571bcf59a0edd6fa6838245a470f2fe.jpg?ver=1776969259\",\"width\":96,\"height\":96,\"caption\":\"admin\"}},{\"@type\":\"WebPage\",\"@id\":\"https:\\\/\\\/eldigitaldeasturias.com\\\/magazine365\\\/la-gastronomia-de-galicia-protagonista-de-la-entrega-de-premios-de-la-omt\\\/#webpage\",\"url\":\"https:\\\/\\\/eldigitaldeasturias.com\\\/magazine365\\\/la-gastronomia-de-galicia-protagonista-de-la-entrega-de-premios-de-la-omt\\\/\",\"name\":\"La gastronom\\u00eda de Galicia, protagonista de la entrega de premios de la OMT | El Digital de Asturias\",\"description\":\"La gastronom\\u00eda de Galicia fue la gran protagonista este mi\\u00e9rcoles de la entrega de la XII edici\\u00f3n de los Premios de la Organizaci\\u00f3n Mundial del Turismo (OMT), que acogi\\u00f3 la Feria Internacional de Turismo de Madrid, Fitur. La cena de gala fue dirigida por el chef gallego Pepe Solla, Estrella Michel\\u00edn, en colaboraci\\u00f3n con los\",\"inLanguage\":\"es-ES\",\"isPartOf\":{\"@id\":\"https:\\\/\\\/eldigitaldeasturias.com\\\/magazine365\\\/#website\"},\"breadcrumb\":{\"@id\":\"https:\\\/\\\/eldigitaldeasturias.com\\\/magazine365\\\/la-gastronomia-de-galicia-protagonista-de-la-entrega-de-premios-de-la-omt\\\/#breadcrumblist\"},\"author\":{\"@id\":\"https:\\\/\\\/eldigitaldeasturias.com\\\/magazine365\\\/author\\\/admin\\\/#author\"},\"creator\":{\"@id\":\"https:\\\/\\\/eldigitaldeasturias.com\\\/magazine365\\\/author\\\/admin\\\/#author\"},\"image\":{\"@type\":\"ImageObject\",\"url\":\"https:\\\/\\\/eldigitaldeasturias.com\\\/magazine365\\\/wp-content\\\/uploads\\\/2016\\\/01\\\/fotonoticia_20160121122324_800.jpg\",\"@id\":\"https:\\\/\\\/eldigitaldeasturias.com\\\/magazine365\\\/la-gastronomia-de-galicia-protagonista-de-la-entrega-de-premios-de-la-omt\\\/#mainImage\",\"width\":800,\"height\":530},\"primaryImageOfPage\":{\"@id\":\"https:\\\/\\\/eldigitaldeasturias.com\\\/magazine365\\\/la-gastronomia-de-galicia-protagonista-de-la-entrega-de-premios-de-la-omt\\\/#mainImage\"},\"datePublished\":\"2016-01-23T05:12:52+01:00\",\"dateModified\":\"2016-01-23T05:12:52+01:00\"},{\"@type\":\"WebSite\",\"@id\":\"https:\\\/\\\/eldigitaldeasturias.com\\\/magazine365\\\/#website\",\"url\":\"https:\\\/\\\/eldigitaldeasturias.com\\\/magazine365\\\/\",\"name\":\"El Digital de Asturias\",\"description\":\"Revista de ocio, turismo y estilo de vida\",\"inLanguage\":\"es-ES\",\"publisher\":{\"@id\":\"https:\\\/\\\/eldigitaldeasturias.com\\\/magazine365\\\/#organization\"}}]}\n\t\t<\/script>\n\t\t<!-- All in One SEO Pro -->\r\n\t\t<title>La gastronom\u00eda de Galicia, protagonista de la entrega de premios de la OMT | El Digital de Asturias<\/title>\n\n","aioseo_head_json":{"title":"La gastronom\u00eda de Galicia, protagonista de la entrega de premios de la OMT | El Digital de Asturias","description":"La gastronom\u00eda de Galicia fue la gran protagonista este mi\u00e9rcoles de la entrega de la XII edici\u00f3n de los Premios de la Organizaci\u00f3n Mundial del Turismo (OMT), que acogi\u00f3 la Feria Internacional de Turismo de Madrid, Fitur. La cena de gala fue dirigida por el chef gallego Pepe Solla, Estrella Michel\u00edn, en colaboraci\u00f3n con los","canonical_url":"https:\/\/eldigitaldeasturias.com\/magazine365\/la-gastronomia-de-galicia-protagonista-de-la-entrega-de-premios-de-la-omt\/","robots":"max-image-preview:large","keywords":"noticias y actualidad","webmasterTools":{"google-site-verification":"UA-38556648-1","miscellaneous":""},"schema":{"@context":"https:\/\/schema.org","@graph":[{"@type":"Article","@id":"https:\/\/eldigitaldeasturias.com\/magazine365\/la-gastronomia-de-galicia-protagonista-de-la-entrega-de-premios-de-la-omt\/#article","name":"La gastronom\u00eda de Galicia, protagonista de la entrega de premios de la OMT | El Digital de Asturias","headline":"La gastronom\u00eda de Galicia, protagonista de la entrega de premios de la OMT","author":{"@id":"https:\/\/eldigitaldeasturias.com\/magazine365\/author\/admin\/#author"},"publisher":{"@id":"https:\/\/eldigitaldeasturias.com\/magazine365\/#organization"},"image":{"@type":"ImageObject","url":"https:\/\/eldigitaldeasturias.com\/magazine365\/wp-content\/uploads\/2016\/01\/fotonoticia_20160121122324_800.jpg","width":800,"height":530},"datePublished":"2016-01-23T05:12:52+01:00","dateModified":"2016-01-23T05:12:52+01:00","inLanguage":"es-ES","mainEntityOfPage":{"@id":"https:\/\/eldigitaldeasturias.com\/magazine365\/la-gastronomia-de-galicia-protagonista-de-la-entrega-de-premios-de-la-omt\/#webpage"},"isPartOf":{"@id":"https:\/\/eldigitaldeasturias.com\/magazine365\/la-gastronomia-de-galicia-protagonista-de-la-entrega-de-premios-de-la-omt\/#webpage"},"articleSection":"Noticias y Actualidad"},{"@type":"BreadcrumbList","@id":"https:\/\/eldigitaldeasturias.com\/magazine365\/la-gastronomia-de-galicia-protagonista-de-la-entrega-de-premios-de-la-omt\/#breadcrumblist","itemListElement":[{"@type":"ListItem","@id":"https:\/\/eldigitaldeasturias.com\/magazine365#listItem","position":1,"name":"Home","item":"https:\/\/eldigitaldeasturias.com\/magazine365","nextItem":{"@type":"ListItem","@id":"https:\/\/eldigitaldeasturias.com\/magazine365\/category\/noticias-actualidad\/#listItem","name":"Noticias y Actualidad"}},{"@type":"ListItem","@id":"https:\/\/eldigitaldeasturias.com\/magazine365\/category\/noticias-actualidad\/#listItem","position":2,"name":"Noticias y Actualidad","item":"https:\/\/eldigitaldeasturias.com\/magazine365\/category\/noticias-actualidad\/","nextItem":{"@type":"ListItem","@id":"https:\/\/eldigitaldeasturias.com\/magazine365\/la-gastronomia-de-galicia-protagonista-de-la-entrega-de-premios-de-la-omt\/#listItem","name":"La gastronom\u00eda de Galicia, protagonista de la entrega de premios de la OMT"},"previousItem":{"@type":"ListItem","@id":"https:\/\/eldigitaldeasturias.com\/magazine365#listItem","name":"Home"}},{"@type":"ListItem","@id":"https:\/\/eldigitaldeasturias.com\/magazine365\/la-gastronomia-de-galicia-protagonista-de-la-entrega-de-premios-de-la-omt\/#listItem","position":3,"name":"La gastronom\u00eda de Galicia, protagonista de la entrega de premios de la OMT","previousItem":{"@type":"ListItem","@id":"https:\/\/eldigitaldeasturias.com\/magazine365\/category\/noticias-actualidad\/#listItem","name":"Noticias y Actualidad"}}]},{"@type":"Organization","@id":"https:\/\/eldigitaldeasturias.com\/magazine365\/#organization","name":"El digital de Asturias","description":"Revista de ocio, turismo y estilo de vida","url":"https:\/\/eldigitaldeasturias.com\/magazine365\/","logo":{"@type":"ImageObject","url":"https:\/\/www.eldigitaldeasturias.com\/noticias\/wp-content\/uploads\/2020\/12\/EDA.jpg","@id":"https:\/\/eldigitaldeasturias.com\/magazine365\/la-gastronomia-de-galicia-protagonista-de-la-entrega-de-premios-de-la-omt\/#organizationLogo"},"image":{"@id":"https:\/\/eldigitaldeasturias.com\/magazine365\/la-gastronomia-de-galicia-protagonista-de-la-entrega-de-premios-de-la-omt\/#organizationLogo"}},{"@type":"Person","@id":"https:\/\/eldigitaldeasturias.com\/magazine365\/author\/admin\/#author","url":"https:\/\/eldigitaldeasturias.com\/magazine365\/author\/admin\/","name":"admin","image":{"@type":"ImageObject","@id":"https:\/\/eldigitaldeasturias.com\/magazine365\/la-gastronomia-de-galicia-protagonista-de-la-entrega-de-premios-de-la-omt\/#authorImage","url":"https:\/\/eldigitaldeasturias.com\/magazine365\/wp-content\/litespeed\/avatar\/e571bcf59a0edd6fa6838245a470f2fe.jpg?ver=1776969259","width":96,"height":96,"caption":"admin"}},{"@type":"WebPage","@id":"https:\/\/eldigitaldeasturias.com\/magazine365\/la-gastronomia-de-galicia-protagonista-de-la-entrega-de-premios-de-la-omt\/#webpage","url":"https:\/\/eldigitaldeasturias.com\/magazine365\/la-gastronomia-de-galicia-protagonista-de-la-entrega-de-premios-de-la-omt\/","name":"La gastronom\u00eda de Galicia, protagonista de la entrega de premios de la OMT | El Digital de Asturias","description":"La gastronom\u00eda de Galicia fue la gran protagonista este mi\u00e9rcoles de la entrega de la XII edici\u00f3n de los Premios de la Organizaci\u00f3n Mundial del Turismo (OMT), que acogi\u00f3 la Feria Internacional de Turismo de Madrid, Fitur. La cena de gala fue dirigida por el chef gallego Pepe Solla, Estrella Michel\u00edn, en colaboraci\u00f3n con los","inLanguage":"es-ES","isPartOf":{"@id":"https:\/\/eldigitaldeasturias.com\/magazine365\/#website"},"breadcrumb":{"@id":"https:\/\/eldigitaldeasturias.com\/magazine365\/la-gastronomia-de-galicia-protagonista-de-la-entrega-de-premios-de-la-omt\/#breadcrumblist"},"author":{"@id":"https:\/\/eldigitaldeasturias.com\/magazine365\/author\/admin\/#author"},"creator":{"@id":"https:\/\/eldigitaldeasturias.com\/magazine365\/author\/admin\/#author"},"image":{"@type":"ImageObject","url":"https:\/\/eldigitaldeasturias.com\/magazine365\/wp-content\/uploads\/2016\/01\/fotonoticia_20160121122324_800.jpg","@id":"https:\/\/eldigitaldeasturias.com\/magazine365\/la-gastronomia-de-galicia-protagonista-de-la-entrega-de-premios-de-la-omt\/#mainImage","width":800,"height":530},"primaryImageOfPage":{"@id":"https:\/\/eldigitaldeasturias.com\/magazine365\/la-gastronomia-de-galicia-protagonista-de-la-entrega-de-premios-de-la-omt\/#mainImage"},"datePublished":"2016-01-23T05:12:52+01:00","dateModified":"2016-01-23T05:12:52+01:00"},{"@type":"WebSite","@id":"https:\/\/eldigitaldeasturias.com\/magazine365\/#website","url":"https:\/\/eldigitaldeasturias.com\/magazine365\/","name":"El Digital de Asturias","description":"Revista de ocio, turismo y estilo de vida","inLanguage":"es-ES","publisher":{"@id":"https:\/\/eldigitaldeasturias.com\/magazine365\/#organization"}}]},"og:locale":"es_ES","og:site_name":"El Digital de Asturias \u2013 Revista de ocio, turismo y estilo de vida","og:type":"article","og:title":"La gastronom\u00eda de Galicia, protagonista de la entrega de premios de la OMT | El Digital de Asturias","og:description":"La gastronom\u00eda de Galicia fue la gran protagonista este mi\u00e9rcoles de la entrega de la XII edici\u00f3n de los Premios de la Organizaci\u00f3n Mundial del Turismo (OMT), que acogi\u00f3 la Feria Internacional de Turismo de Madrid, Fitur. La cena de gala fue dirigida por el chef gallego Pepe Solla, Estrella Michel\u00edn, en colaboraci\u00f3n con los","og:url":"https:\/\/eldigitaldeasturias.com\/magazine365\/la-gastronomia-de-galicia-protagonista-de-la-entrega-de-premios-de-la-omt\/","og:image":"https:\/\/eldigitaldeasturias.com\/magazine365\/wp-content\/uploads\/2016\/01\/fotonoticia_20160121122324_800.jpg","og:image:secure_url":"https:\/\/eldigitaldeasturias.com\/magazine365\/wp-content\/uploads\/2016\/01\/fotonoticia_20160121122324_800.jpg","og:image:width":800,"og:image:height":530,"article:published_time":"2016-01-23T04:12:52+00:00","article:modified_time":"2016-01-23T04:12:52+00:00","twitter:card":"summary_large_image","twitter:title":"La gastronom\u00eda de Galicia, protagonista de la entrega de premios de la OMT | El Digital de Asturias","twitter:description":"La gastronom\u00eda de Galicia fue la gran protagonista este mi\u00e9rcoles de la entrega de la XII edici\u00f3n de los Premios de la Organizaci\u00f3n Mundial del Turismo (OMT), que acogi\u00f3 la Feria Internacional de Turismo de Madrid, Fitur. La cena de gala fue dirigida por el chef gallego Pepe Solla, Estrella Michel\u00edn, en colaboraci\u00f3n con los","twitter:image":"https:\/\/eldigitaldeasturias.com\/magazine365\/wp-content\/uploads\/2016\/01\/fotonoticia_20160121122324_800.jpg"},"aioseo_meta_data":{"post_id":"61578","title":null,"description":null,"keywords":null,"keyphrases":null,"primary_term":null,"canonical_url":null,"og_title":null,"og_description":null,"og_object_type":"default","og_image_type":"default","og_image_url":null,"og_image_width":null,"og_image_height":null,"og_image_custom_url":null,"og_image_custom_fields":null,"og_video":null,"og_custom_url":null,"og_article_section":null,"og_article_tags":null,"twitter_use_og":false,"twitter_card":"default","twitter_image_type":"default","twitter_image_url":null,"twitter_image_custom_url":null,"twitter_image_custom_fields":null,"twitter_title":null,"twitter_description":null,"schema":{"blockGraphs":[],"customGraphs":[],"default":{"data":{"Article":[],"Course":[],"Dataset":[],"FAQPage":[],"Movie":[],"Person":[],"Product":[],"ProductReview":[],"Car":[],"Recipe":[],"Service":[],"SoftwareApplication":[],"WebPage":[]},"graphName":"","isEnabled":true},"graphs":[],"defaultGraph":"","defaultPostTypeGraph":""},"schema_type":null,"schema_type_options":null,"pillar_content":false,"robots_default":true,"robots_noindex":false,"robots_noarchive":false,"robots_nosnippet":false,"robots_nofollow":false,"robots_noimageindex":false,"robots_noodp":false,"robots_notranslate":false,"robots_max_snippet":null,"robots_max_videopreview":null,"robots_max_imagepreview":"large","priority":null,"frequency":null,"location":null,"local_seo":null,"seo_analyzer_scan_date":"2025-09-25 09:16:08","breadcrumb_settings":null,"limit_modified_date":false,"open_ai":null,"ai":null,"created":"2021-03-08 21:47:43","updated":"2025-09-25 09:16:08"},"aioseo_breadcrumb":"<div class=\"aioseo-breadcrumbs\"><span class=\"aioseo-breadcrumb\">\n\t<a href=\"https:\/\/eldigitaldeasturias.com\/magazine365\" title=\"Home\">Home<\/a>\n<\/span><span class=\"aioseo-breadcrumb-separator\">\u2013<\/span><span class=\"aioseo-breadcrumb\">\n\t<a href=\"https:\/\/eldigitaldeasturias.com\/magazine365\/category\/noticias-actualidad\/\" title=\"Noticias y Actualidad\">Noticias y Actualidad<\/a>\n<\/span><span class=\"aioseo-breadcrumb-separator\">\u2013<\/span><span class=\"aioseo-breadcrumb\">\n\t<a href=\"https:\/\/eldigitaldeasturias.com\/magazine365\/la-gastronomia-de-galicia-protagonista-de-la-entrega-de-premios-de-la-omt\/\" title=\"La gastronom\u00eda de Galicia, protagonista de la entrega de premios de la OMT\">La gastronom\u00eda de Galicia, protagonista de la entrega de premios de la OMT<\/a>\n<\/span><\/div>","aioseo_breadcrumb_json":[{"label":"Home","link":"https:\/\/eldigitaldeasturias.com\/magazine365"},{"label":"Noticias y Actualidad","link":"https:\/\/eldigitaldeasturias.com\/magazine365\/category\/noticias-actualidad\/"},{"label":"La gastronom\u00eda de Galicia, protagonista de la entrega de premios de la OMT","link":"https:\/\/eldigitaldeasturias.com\/magazine365\/la-gastronomia-de-galicia-protagonista-de-la-entrega-de-premios-de-la-omt\/"}],"_links":{"self":[{"href":"https:\/\/eldigitaldeasturias.com\/magazine365\/wp-json\/wp\/v2\/posts\/61578","targetHints":{"allow":["GET"]}}],"collection":[{"href":"https:\/\/eldigitaldeasturias.com\/magazine365\/wp-json\/wp\/v2\/posts"}],"about":[{"href":"https:\/\/eldigitaldeasturias.com\/magazine365\/wp-json\/wp\/v2\/types\/post"}],"author":[{"embeddable":true,"href":"https:\/\/eldigitaldeasturias.com\/magazine365\/wp-json\/wp\/v2\/users\/1"}],"replies":[{"embeddable":true,"href":"https:\/\/eldigitaldeasturias.com\/magazine365\/wp-json\/wp\/v2\/comments?post=61578"}],"version-history":[{"count":0,"href":"https:\/\/eldigitaldeasturias.com\/magazine365\/wp-json\/wp\/v2\/posts\/61578\/revisions"}],"wp:featuredmedia":[{"embeddable":true,"href":"https:\/\/eldigitaldeasturias.com\/magazine365\/wp-json\/wp\/v2\/media\/61579"}],"wp:attachment":[{"href":"https:\/\/eldigitaldeasturias.com\/magazine365\/wp-json\/wp\/v2\/media?parent=61578"}],"wp:term":[{"taxonomy":"category","embeddable":true,"href":"https:\/\/eldigitaldeasturias.com\/magazine365\/wp-json\/wp\/v2\/categories?post=61578"},{"taxonomy":"post_tag","embeddable":true,"href":"https:\/\/eldigitaldeasturias.com\/magazine365\/wp-json\/wp\/v2\/tags?post=61578"}],"curies":[{"name":"wp","href":"https:\/\/api.w.org\/{rel}","templated":true}]}}