{"id":61572,"date":"2016-01-23T05:11:03","date_gmt":"2016-01-23T04:11:03","guid":{"rendered":"http:\/\/eldigitaldeasturias.com\/magazine365\/?p=61572"},"modified":"2016-01-23T05:11:03","modified_gmt":"2016-01-23T04:11:03","slug":"air-nostrum-bautizara-dos-de-sus-aviones-con-alusiones-al-ano-jubilar-lebaniego-2017","status":"publish","type":"post","link":"https:\/\/eldigitaldeasturias.com\/magazine365\/air-nostrum-bautizara-dos-de-sus-aviones-con-alusiones-al-ano-jubilar-lebaniego-2017\/","title":{"rendered":"Air Nostrum bautizar\u00e1 dos de sus aviones con alusiones al A\u00f1o Jubilar Lebaniego 2017"},"content":{"rendered":"<p><img fetchpriority=\"high\" decoding=\"async\" class=\"alignleft size-medium wp-image-61573\" src=\"https:\/\/eldigitaldeasturias.com\/magazine365\/wp-content\/uploads\/2016\/01\/fotonoticia_20160121121720_800-360x239.jpg\" alt=\"fotonoticia_20160121121720_800\" width=\"360\" height=\"239\" srcset=\"https:\/\/eldigitaldeasturias.com\/magazine365\/wp-content\/uploads\/2016\/01\/fotonoticia_20160121121720_800-360x239.jpg 360w, https:\/\/eldigitaldeasturias.com\/magazine365\/wp-content\/uploads\/2016\/01\/fotonoticia_20160121121720_800-650x432.jpg 650w, https:\/\/eldigitaldeasturias.com\/magazine365\/wp-content\/uploads\/2016\/01\/fotonoticia_20160121121720_800-768x511.jpg 768w, https:\/\/eldigitaldeasturias.com\/magazine365\/wp-content\/uploads\/2016\/01\/fotonoticia_20160121121720_800-150x100.jpg 150w, https:\/\/eldigitaldeasturias.com\/magazine365\/wp-content\/uploads\/2016\/01\/fotonoticia_20160121121720_800-450x299.jpg 450w, https:\/\/eldigitaldeasturias.com\/magazine365\/wp-content\/uploads\/2016\/01\/fotonoticia_20160121121720_800-696x463.jpg 696w, https:\/\/eldigitaldeasturias.com\/magazine365\/wp-content\/uploads\/2016\/01\/fotonoticia_20160121121720_800-632x420.jpg 632w, https:\/\/eldigitaldeasturias.com\/magazine365\/wp-content\/uploads\/2016\/01\/fotonoticia_20160121121720_800-121x79.jpg 121w, https:\/\/eldigitaldeasturias.com\/magazine365\/wp-content\/uploads\/2016\/01\/fotonoticia_20160121121720_800-101x66.jpg 101w, https:\/\/eldigitaldeasturias.com\/magazine365\/wp-content\/uploads\/2016\/01\/fotonoticia_20160121121720_800.jpg 800w\" sizes=\"(max-width: 360px) 100vw, 360px\" \/>El A\u00f1o Jubilar Lebaniego 2017 se dar\u00e1 a conocer en la red de pa\u00edses europeos y ciudades espa\u00f1olas en las que opera Air Nostrum, gracias al convenio que la Consejer\u00eda de Innovaci\u00f3n, Industria, Turismo y Comercio del Gobierno de Cantabria y la compa\u00f1\u00eda a\u00e9rea han firmado este mi\u00e9rcoles, en el marco de la 36 Feria Internacional de Turismo, Fitur 2016, para el desarrollo de una \u00abambiciosa\u00bb campa\u00f1a de promoci\u00f3n que permitir\u00e1 promocionar el evento lebaniego a trav\u00e9s de los aviones de Air Nostrum.<\/p>\n<p>Dos aeronaves de la compa\u00f1\u00eda ser\u00e1n bautizadas con los nombres de &#8216;A\u00f1o Jubilar Lebaniego 2017&#8217; y &#8216;Santo Toribio de Li\u00e9bana&#8217;, y ser\u00e1n decoradas con el logotipo &#8216;Li\u00e9bana.Cantabria 2017. A\u00f1o Jubilar&#8217; y con un eslogan publicitario.<\/p>\n<p>El anuncio lo ha realizado el consejero de Innovaci\u00f3n, Industria, Turismo y Comercio, Francisco Mart\u00edn, en la presentaci\u00f3n p\u00fablica de la campa\u00f1a de promoci\u00f3n, que ha tenido lugar en el stand del Gobierno de Cantabria en Fitur, inaugurada este mi\u00e9rcoles por la reina Letizia, y que se celebra en Madrid del 20 al 24 de enero.<\/p>\n<p>Mart\u00edn, que ha estado acompa\u00f1ado del director de Relaciones Institucionales de Air Nostrum, Antonio de No, y el director comercial, Juan Corral, ha adelantado, asimismo, que \u00abse est\u00e1n ultimando los detalles para cerrar un acuerdo que pondr\u00e1 en funcionamiento una nueva conexi\u00f3n a\u00e9rea entre Santander y Lisboa\u00bb.<\/p>\n<p>Respecto a la campa\u00f1a, el titular de Turismo ha destacado que \u00abconseguiremos dar a conocer y poner en valor el A\u00f1o Jubilar Lebaniego 2017 a los millones de pasajeros que transporta Air Nostrum\u00bb.<\/p>\n<p>Para el consejero, se trata de una acci\u00f3n \u00abmuy visual y de m\u00e1xima trascendencia ya que el evento llegar\u00e1 a muchos rincones de Espa\u00f1a y de Europa a trav\u00e9s de toda la red de conexiones y vuelos de Air Nostrum y con ello conseguiremos uno de los objetivos que se ha marcado el Gobierno de Cantabria: dar a conocer Li\u00e9bana y Cantabria en todo el mundo\u00bb, ha explicado.<\/p>\n<p>El bautizo de los aviones se llevar\u00e1 a cabo en el aeropuerto Seve Ballesteros en los pr\u00f3ximos meses. A la campa\u00f1a de imagen de las aeronaves se suma, adem\u00e1s, como refuerzo, una campa\u00f1a en el interior de todos los aviones de la flota de la compa\u00f1\u00eda (mayordom\u00eda, cabezales y bandejas) durante los meses de junio y julio de 2016 y la publicaciones de diferentes reportajes y contenidos en la revista de a bordo Aladierno, as\u00ed como la publicaci\u00f3n en la p\u00e1gina web de la compa\u00f1\u00eda de un enlace al portal www.caminolebaniego.com<\/p>\n<p>INAUGURACI\u00d3N OFICIAL<\/p>\n<p>El consejero de Innovaci\u00f3n, Industria, Turismo y Comercio, Francisco Mart\u00edn, ha asistido, por la ma\u00f1ana, a la inauguraci\u00f3n oficial de la 36 edici\u00f3n de la Feria Internacional de Turismo, donde el Gobierno de Cantabria est\u00e1 presente con un stand de 550 metros cuadrados, que rinde homenaje al paisaje c\u00e1ntabro a trav\u00e9s de una recreaci\u00f3n abstracta de las monta\u00f1as de la regi\u00f3n y donde se promociona la oferta tur\u00edstica de todas las comarcas y municipios junto a dos grandes protagonistas: el A\u00f1o Jubilar Lebaniego 2017 y el estreno del trailer de la pel\u00edcula &#8216;Altamira&#8217;, protagonizada por Antonio Banderas, que tendr\u00e1 lugar el pr\u00f3ximo viernes, 22 de enero, coincidiendo con la celebraci\u00f3n del D\u00eda de Cantabria en Fitur.<\/p>\n<p>Mart\u00edn ha saludado a la Reina Letizia en la tradicional recepci\u00f3n a los consejeros de Turismo de las Comunidades Aut\u00f3nomas que se celebra cada edici\u00f3n en el stand de Turespa\u00f1a.<\/p>\n<p>El titular de Turismo ha recordado que los objetivos del Gobierno de Cantabria con su participaci\u00f3n en la 36 edici\u00f3n de Fitur son \u00abla internacionalizaci\u00f3n y la consolidaci\u00f3n de la regi\u00f3n como un destino para todo tipo de p\u00fablico y &#8216;abierto&#8217; todo el a\u00f1o\u00bb.<\/p>\n<p>Mart\u00edn ha subrayado la importancia de la feria \u00abcomo escaparate id\u00f3neo para abrir Cantabria al mundo\u00bb, al tiempo que ha explicado que el programa de actividades y presentaciones organizado en el stand regional durante esta semana busca \u00abhacer incidencia y promocionar Cantabria como un potente destino de turismo deportivo y cultural\u00bb.<\/p>\n<p>El consejero ha explicado, en este sentido, que la expectaci\u00f3n que despiertan productos como Altamira y las Cuevas Patrimonio de la Humanidad, el Parque de la Naturaleza de Cab\u00e1rceno y el cada vez mayor n\u00famero de empresas y ofertas en torno al turismo de surf, n\u00e1utico, turismo activo y deportes de aventura demuestran el prestigio de la oferta cultural y deportiva de Cantabria\u00bb.<\/p>\n<p>CAMINO LEBANIEGO Y BEATO<\/p>\n<p>Francisco Mart\u00edn ha tenido una agenda intensa de trabajo, en la que, adem\u00e1s de la firma del convenio de colaboraci\u00f3n entre el Gobierno de Cantabria y Air Nostrum para llevar a cabo la campa\u00f1a de promoci\u00f3n del A\u00f1o Jubilar Lebaniego 2017, se han presentado el nuevo producto &#8216;A\u00f1o Jubilar Lebaniego. Peregrinaciones&#8217;, en colaboraci\u00f3n con Globalia, y la APP &#8216;Camino Lebaniego en red&#8217;.<\/p>\n<p>Coincidiendo con la jornada inaugural, el stand de Cantabria ha acogido el estreno del mon\u00f3logo &#8216;Beato de Li\u00e9bana&#8217;, protagonizado por el actor Manu Seti\u00e9n Suero, del Estudio de Actores Rosa Casuso, y en el que de una forma did\u00e1ctica y amena se presenta al p\u00fablico la vida del autor de &#8216;Comentarios al Apocalipsis de San Juan&#8217; y la trascendencia del Monasterio de Santo Toribio como uno de los lugares santos del mundo para la Cristiandad.<\/p>\n<p>Otra de las actividades que se han llevado a cabo en esta jornada, en la que el A\u00f1o Jubilar Lebaniego ha acaparado toda la atenci\u00f3n, ha sido la presentaci\u00f3n del folleto &#8216;Peregrinaciones. A\u00f1o Jubilar Lebaniego&#8217;, un producto monogr\u00e1fico del A\u00f1o Jubilar Lebaniego que ofrecer\u00e1 paquetes de transportes, estancia y visitas a lugares de inter\u00e9s.<\/p>\n<p>Esta nueva oferta en torno al A\u00f1o Jubilar es fruto del acuerdo de la Consejer\u00eda de Innovaci\u00f3n, Industria, Turismo y Comercio con Globalia, touroperador que re\u00fane a Viajes Ecuador y Viajes Halc\u00f3n y que cuenta, entre sus productos, con una oferta espec\u00edfica de viajes de peregrinaci\u00f3n y turismo religioso a trav\u00e9s de &#8216;Halc\u00f3n Peregrinaciones&#8217;.<\/p>\n<p>Mart\u00edn ha destacado, en este sentido, que se trata de \u00abun buen producto, que permitir\u00e1 atraer viajeros y turistas a Li\u00e9bana y a Cantabria dentro de un segmento con cada vez m\u00e1s peso en el turismo como es el turismo religioso\u00bb.<\/p>\n<p>Mart\u00edn ha estado acompa\u00f1ado de la directora de zona de Cantabria de Globalia, Ana Isabel Palazuelos, y de Tom\u00e1s Fern\u00e1ndez, director de \u00e1rea. Estos han explicado que esta nueva oferta incluir\u00e1 distintas opciones y productos, \u00abdesde el tren peregrino a vuelos, circuitos en grupo y el denominado paquete fly and drive\u00bb.<\/p>\n<p>El consejero de Turismo tambi\u00e9n han dado a conocer en la feria madrile\u00f1a la APP &#8216;Camino Lebaniego en red&#8217;, en la que el peregrino y viajero puede encontrar informaci\u00f3n pr\u00e1ctica sobre albergues, servicios, comercios y lugares por los que transcurre la ruta c\u00e1ntabra entre San Vicente de la Barquera y el Monasterio de Santo Toribio de Li\u00e9bana, declarada recientemente Patrimonio de la Humanidad.<\/p>\n<p>Asimismo, la APP recoge informaci\u00f3n e im\u00e1genes de todas las etapas del Camino Lebaniego y los principales recursos y atractivos paisaj\u00edsticos y patrimoniales que ofrece la ruta lebaniega.<\/p>\n","protected":false},"excerpt":{"rendered":"<p>El A\u00f1o Jubilar Lebaniego 2017 se dar\u00e1 a conocer en la red de pa\u00edses europeos y ciudades espa\u00f1olas en las que opera Air Nostrum, gracias al convenio que la Consejer\u00eda de Innovaci\u00f3n, Industria, Turismo y Comercio del Gobierno de Cantabria y la compa\u00f1\u00eda a\u00e9rea han firmado este mi\u00e9rcoles, en el marco de la 36 Feria<\/p>\n","protected":false},"author":1,"featured_media":61573,"comment_status":"open","ping_status":"closed","sticky":false,"template":"","format":"standard","meta":{"footnotes":""},"categories":[224],"tags":[],"class_list":{"0":"post-61572","1":"post","2":"type-post","3":"status-publish","4":"format-standard","5":"has-post-thumbnail","7":"category-noticias-actualidad"},"aioseo_notices":[],"aioseo_head":"\n\t\t<!-- All in One SEO Pro 4.9.6.1 - aioseo.com -->\n\t<meta name=\"description\" content=\"El A\u00f1o Jubilar Lebaniego 2017 se dar\u00e1 a conocer en la red de pa\u00edses europeos y ciudades espa\u00f1olas en las que opera Air Nostrum, gracias al convenio que la Consejer\u00eda de Innovaci\u00f3n, Industria, Turismo y Comercio del Gobierno de Cantabria y la compa\u00f1\u00eda a\u00e9rea han firmado este mi\u00e9rcoles, en el marco de la 36 Feria\" \/>\n\t<meta name=\"robots\" content=\"max-image-preview:large\" \/>\n\t<meta name=\"author\" content=\"admin\"\/>\n\t<meta name=\"google-site-verification\" content=\"UA-38556648-1\" \/>\n\t<meta name=\"keywords\" content=\"noticias y actualidad\" \/>\n\t<link rel=\"canonical\" href=\"https:\/\/eldigitaldeasturias.com\/magazine365\/air-nostrum-bautizara-dos-de-sus-aviones-con-alusiones-al-ano-jubilar-lebaniego-2017\/\" \/>\n\t<meta name=\"generator\" content=\"All in One SEO Pro (AIOSEO) 4.9.6.1\" \/>\n\t\t<meta property=\"og:locale\" content=\"es_ES\" \/>\n\t\t<meta property=\"og:site_name\" content=\"El Digital de Asturias \u2013 Revista de ocio, turismo y estilo de vida\" \/>\n\t\t<meta property=\"og:type\" content=\"article\" \/>\n\t\t<meta property=\"og:title\" content=\"Air Nostrum bautizar\u00e1 dos de sus aviones con alusiones al A\u00f1o Jubilar Lebaniego 2017 | El Digital de Asturias\" \/>\n\t\t<meta property=\"og:description\" content=\"El A\u00f1o Jubilar Lebaniego 2017 se dar\u00e1 a conocer en la red de pa\u00edses europeos y ciudades espa\u00f1olas en las que opera Air Nostrum, gracias al convenio que la Consejer\u00eda de Innovaci\u00f3n, Industria, Turismo y Comercio del Gobierno de Cantabria y la compa\u00f1\u00eda a\u00e9rea han firmado este mi\u00e9rcoles, en el marco de la 36 Feria\" \/>\n\t\t<meta property=\"og:url\" content=\"https:\/\/eldigitaldeasturias.com\/magazine365\/air-nostrum-bautizara-dos-de-sus-aviones-con-alusiones-al-ano-jubilar-lebaniego-2017\/\" \/>\n\t\t<meta property=\"og:image\" content=\"https:\/\/eldigitaldeasturias.com\/magazine365\/wp-content\/uploads\/2016\/01\/fotonoticia_20160121121720_800.jpg\" \/>\n\t\t<meta property=\"og:image:secure_url\" content=\"https:\/\/eldigitaldeasturias.com\/magazine365\/wp-content\/uploads\/2016\/01\/fotonoticia_20160121121720_800.jpg\" \/>\n\t\t<meta property=\"og:image:width\" content=\"800\" \/>\n\t\t<meta property=\"og:image:height\" content=\"532\" \/>\n\t\t<meta property=\"article:published_time\" content=\"2016-01-23T04:11:03+00:00\" \/>\n\t\t<meta property=\"article:modified_time\" content=\"2016-01-23T04:11:03+00:00\" \/>\n\t\t<meta name=\"twitter:card\" content=\"summary_large_image\" \/>\n\t\t<meta name=\"twitter:title\" content=\"Air Nostrum bautizar\u00e1 dos de sus aviones con alusiones al A\u00f1o Jubilar Lebaniego 2017 | El Digital de Asturias\" \/>\n\t\t<meta name=\"twitter:description\" content=\"El A\u00f1o Jubilar Lebaniego 2017 se dar\u00e1 a conocer en la red de pa\u00edses europeos y ciudades espa\u00f1olas en las que opera Air Nostrum, gracias al convenio que la Consejer\u00eda de Innovaci\u00f3n, Industria, Turismo y Comercio del Gobierno de Cantabria y la compa\u00f1\u00eda a\u00e9rea han firmado este mi\u00e9rcoles, en el marco de la 36 Feria\" \/>\n\t\t<meta name=\"twitter:image\" content=\"https:\/\/eldigitaldeasturias.com\/magazine365\/wp-content\/uploads\/2016\/01\/fotonoticia_20160121121720_800.jpg\" \/>\n\t\t<script type=\"application\/ld+json\" class=\"aioseo-schema\">\n\t\t\t{\"@context\":\"https:\\\/\\\/schema.org\",\"@graph\":[{\"@type\":\"Article\",\"@id\":\"https:\\\/\\\/eldigitaldeasturias.com\\\/magazine365\\\/air-nostrum-bautizara-dos-de-sus-aviones-con-alusiones-al-ano-jubilar-lebaniego-2017\\\/#article\",\"name\":\"Air Nostrum bautizar\\u00e1 dos de sus aviones con alusiones al A\\u00f1o Jubilar Lebaniego 2017 | El Digital de Asturias\",\"headline\":\"Air Nostrum bautizar\\u00e1 dos de sus aviones con alusiones al A\\u00f1o Jubilar Lebaniego 2017\",\"author\":{\"@id\":\"https:\\\/\\\/eldigitaldeasturias.com\\\/magazine365\\\/author\\\/admin\\\/#author\"},\"publisher\":{\"@id\":\"https:\\\/\\\/eldigitaldeasturias.com\\\/magazine365\\\/#organization\"},\"image\":{\"@type\":\"ImageObject\",\"url\":\"https:\\\/\\\/eldigitaldeasturias.com\\\/magazine365\\\/wp-content\\\/uploads\\\/2016\\\/01\\\/fotonoticia_20160121121720_800.jpg\",\"width\":800,\"height\":532},\"datePublished\":\"2016-01-23T05:11:03+01:00\",\"dateModified\":\"2016-01-23T05:11:03+01:00\",\"inLanguage\":\"es-ES\",\"mainEntityOfPage\":{\"@id\":\"https:\\\/\\\/eldigitaldeasturias.com\\\/magazine365\\\/air-nostrum-bautizara-dos-de-sus-aviones-con-alusiones-al-ano-jubilar-lebaniego-2017\\\/#webpage\"},\"isPartOf\":{\"@id\":\"https:\\\/\\\/eldigitaldeasturias.com\\\/magazine365\\\/air-nostrum-bautizara-dos-de-sus-aviones-con-alusiones-al-ano-jubilar-lebaniego-2017\\\/#webpage\"},\"articleSection\":\"Noticias y Actualidad\"},{\"@type\":\"BreadcrumbList\",\"@id\":\"https:\\\/\\\/eldigitaldeasturias.com\\\/magazine365\\\/air-nostrum-bautizara-dos-de-sus-aviones-con-alusiones-al-ano-jubilar-lebaniego-2017\\\/#breadcrumblist\",\"itemListElement\":[{\"@type\":\"ListItem\",\"@id\":\"https:\\\/\\\/eldigitaldeasturias.com\\\/magazine365#listItem\",\"position\":1,\"name\":\"Home\",\"item\":\"https:\\\/\\\/eldigitaldeasturias.com\\\/magazine365\",\"nextItem\":{\"@type\":\"ListItem\",\"@id\":\"https:\\\/\\\/eldigitaldeasturias.com\\\/magazine365\\\/category\\\/noticias-actualidad\\\/#listItem\",\"name\":\"Noticias y Actualidad\"}},{\"@type\":\"ListItem\",\"@id\":\"https:\\\/\\\/eldigitaldeasturias.com\\\/magazine365\\\/category\\\/noticias-actualidad\\\/#listItem\",\"position\":2,\"name\":\"Noticias y Actualidad\",\"item\":\"https:\\\/\\\/eldigitaldeasturias.com\\\/magazine365\\\/category\\\/noticias-actualidad\\\/\",\"nextItem\":{\"@type\":\"ListItem\",\"@id\":\"https:\\\/\\\/eldigitaldeasturias.com\\\/magazine365\\\/air-nostrum-bautizara-dos-de-sus-aviones-con-alusiones-al-ano-jubilar-lebaniego-2017\\\/#listItem\",\"name\":\"Air Nostrum bautizar\\u00e1 dos de sus aviones con alusiones al A\\u00f1o Jubilar Lebaniego 2017\"},\"previousItem\":{\"@type\":\"ListItem\",\"@id\":\"https:\\\/\\\/eldigitaldeasturias.com\\\/magazine365#listItem\",\"name\":\"Home\"}},{\"@type\":\"ListItem\",\"@id\":\"https:\\\/\\\/eldigitaldeasturias.com\\\/magazine365\\\/air-nostrum-bautizara-dos-de-sus-aviones-con-alusiones-al-ano-jubilar-lebaniego-2017\\\/#listItem\",\"position\":3,\"name\":\"Air Nostrum bautizar\\u00e1 dos de sus aviones con alusiones al A\\u00f1o Jubilar Lebaniego 2017\",\"previousItem\":{\"@type\":\"ListItem\",\"@id\":\"https:\\\/\\\/eldigitaldeasturias.com\\\/magazine365\\\/category\\\/noticias-actualidad\\\/#listItem\",\"name\":\"Noticias y Actualidad\"}}]},{\"@type\":\"Organization\",\"@id\":\"https:\\\/\\\/eldigitaldeasturias.com\\\/magazine365\\\/#organization\",\"name\":\"El digital de Asturias\",\"description\":\"Revista de ocio, turismo y estilo de vida\",\"url\":\"https:\\\/\\\/eldigitaldeasturias.com\\\/magazine365\\\/\",\"logo\":{\"@type\":\"ImageObject\",\"url\":\"https:\\\/\\\/www.eldigitaldeasturias.com\\\/noticias\\\/wp-content\\\/uploads\\\/2020\\\/12\\\/EDA.jpg\",\"@id\":\"https:\\\/\\\/eldigitaldeasturias.com\\\/magazine365\\\/air-nostrum-bautizara-dos-de-sus-aviones-con-alusiones-al-ano-jubilar-lebaniego-2017\\\/#organizationLogo\"},\"image\":{\"@id\":\"https:\\\/\\\/eldigitaldeasturias.com\\\/magazine365\\\/air-nostrum-bautizara-dos-de-sus-aviones-con-alusiones-al-ano-jubilar-lebaniego-2017\\\/#organizationLogo\"}},{\"@type\":\"Person\",\"@id\":\"https:\\\/\\\/eldigitaldeasturias.com\\\/magazine365\\\/author\\\/admin\\\/#author\",\"url\":\"https:\\\/\\\/eldigitaldeasturias.com\\\/magazine365\\\/author\\\/admin\\\/\",\"name\":\"admin\",\"image\":{\"@type\":\"ImageObject\",\"@id\":\"https:\\\/\\\/eldigitaldeasturias.com\\\/magazine365\\\/air-nostrum-bautizara-dos-de-sus-aviones-con-alusiones-al-ano-jubilar-lebaniego-2017\\\/#authorImage\",\"url\":\"https:\\\/\\\/eldigitaldeasturias.com\\\/magazine365\\\/wp-content\\\/litespeed\\\/avatar\\\/e571bcf59a0edd6fa6838245a470f2fe.jpg?ver=1776969259\",\"width\":96,\"height\":96,\"caption\":\"admin\"}},{\"@type\":\"WebPage\",\"@id\":\"https:\\\/\\\/eldigitaldeasturias.com\\\/magazine365\\\/air-nostrum-bautizara-dos-de-sus-aviones-con-alusiones-al-ano-jubilar-lebaniego-2017\\\/#webpage\",\"url\":\"https:\\\/\\\/eldigitaldeasturias.com\\\/magazine365\\\/air-nostrum-bautizara-dos-de-sus-aviones-con-alusiones-al-ano-jubilar-lebaniego-2017\\\/\",\"name\":\"Air Nostrum bautizar\\u00e1 dos de sus aviones con alusiones al A\\u00f1o Jubilar Lebaniego 2017 | El Digital de Asturias\",\"description\":\"El A\\u00f1o Jubilar Lebaniego 2017 se dar\\u00e1 a conocer en la red de pa\\u00edses europeos y ciudades espa\\u00f1olas en las que opera Air Nostrum, gracias al convenio que la Consejer\\u00eda de Innovaci\\u00f3n, Industria, Turismo y Comercio del Gobierno de Cantabria y la compa\\u00f1\\u00eda a\\u00e9rea han firmado este mi\\u00e9rcoles, en el marco de la 36 Feria\",\"inLanguage\":\"es-ES\",\"isPartOf\":{\"@id\":\"https:\\\/\\\/eldigitaldeasturias.com\\\/magazine365\\\/#website\"},\"breadcrumb\":{\"@id\":\"https:\\\/\\\/eldigitaldeasturias.com\\\/magazine365\\\/air-nostrum-bautizara-dos-de-sus-aviones-con-alusiones-al-ano-jubilar-lebaniego-2017\\\/#breadcrumblist\"},\"author\":{\"@id\":\"https:\\\/\\\/eldigitaldeasturias.com\\\/magazine365\\\/author\\\/admin\\\/#author\"},\"creator\":{\"@id\":\"https:\\\/\\\/eldigitaldeasturias.com\\\/magazine365\\\/author\\\/admin\\\/#author\"},\"image\":{\"@type\":\"ImageObject\",\"url\":\"https:\\\/\\\/eldigitaldeasturias.com\\\/magazine365\\\/wp-content\\\/uploads\\\/2016\\\/01\\\/fotonoticia_20160121121720_800.jpg\",\"@id\":\"https:\\\/\\\/eldigitaldeasturias.com\\\/magazine365\\\/air-nostrum-bautizara-dos-de-sus-aviones-con-alusiones-al-ano-jubilar-lebaniego-2017\\\/#mainImage\",\"width\":800,\"height\":532},\"primaryImageOfPage\":{\"@id\":\"https:\\\/\\\/eldigitaldeasturias.com\\\/magazine365\\\/air-nostrum-bautizara-dos-de-sus-aviones-con-alusiones-al-ano-jubilar-lebaniego-2017\\\/#mainImage\"},\"datePublished\":\"2016-01-23T05:11:03+01:00\",\"dateModified\":\"2016-01-23T05:11:03+01:00\"},{\"@type\":\"WebSite\",\"@id\":\"https:\\\/\\\/eldigitaldeasturias.com\\\/magazine365\\\/#website\",\"url\":\"https:\\\/\\\/eldigitaldeasturias.com\\\/magazine365\\\/\",\"name\":\"El Digital de Asturias\",\"description\":\"Revista de ocio, turismo y estilo de vida\",\"inLanguage\":\"es-ES\",\"publisher\":{\"@id\":\"https:\\\/\\\/eldigitaldeasturias.com\\\/magazine365\\\/#organization\"}}]}\n\t\t<\/script>\n\t\t<!-- All in One SEO Pro -->\r\n\t\t<title>Air Nostrum bautizar\u00e1 dos de sus aviones con alusiones al A\u00f1o Jubilar Lebaniego 2017 | El Digital de Asturias<\/title>\n\n","aioseo_head_json":{"title":"Air Nostrum bautizar\u00e1 dos de sus aviones con alusiones al A\u00f1o Jubilar Lebaniego 2017 | El Digital de Asturias","description":"El A\u00f1o Jubilar Lebaniego 2017 se dar\u00e1 a conocer en la red de pa\u00edses europeos y ciudades espa\u00f1olas en las que opera Air Nostrum, gracias al convenio que la Consejer\u00eda de Innovaci\u00f3n, Industria, Turismo y Comercio del Gobierno de Cantabria y la compa\u00f1\u00eda a\u00e9rea han firmado este mi\u00e9rcoles, en el marco de la 36 Feria","canonical_url":"https:\/\/eldigitaldeasturias.com\/magazine365\/air-nostrum-bautizara-dos-de-sus-aviones-con-alusiones-al-ano-jubilar-lebaniego-2017\/","robots":"max-image-preview:large","keywords":"noticias y actualidad","webmasterTools":{"google-site-verification":"UA-38556648-1","miscellaneous":""},"schema":{"@context":"https:\/\/schema.org","@graph":[{"@type":"Article","@id":"https:\/\/eldigitaldeasturias.com\/magazine365\/air-nostrum-bautizara-dos-de-sus-aviones-con-alusiones-al-ano-jubilar-lebaniego-2017\/#article","name":"Air Nostrum bautizar\u00e1 dos de sus aviones con alusiones al A\u00f1o Jubilar Lebaniego 2017 | El Digital de Asturias","headline":"Air Nostrum bautizar\u00e1 dos de sus aviones con alusiones al A\u00f1o Jubilar Lebaniego 2017","author":{"@id":"https:\/\/eldigitaldeasturias.com\/magazine365\/author\/admin\/#author"},"publisher":{"@id":"https:\/\/eldigitaldeasturias.com\/magazine365\/#organization"},"image":{"@type":"ImageObject","url":"https:\/\/eldigitaldeasturias.com\/magazine365\/wp-content\/uploads\/2016\/01\/fotonoticia_20160121121720_800.jpg","width":800,"height":532},"datePublished":"2016-01-23T05:11:03+01:00","dateModified":"2016-01-23T05:11:03+01:00","inLanguage":"es-ES","mainEntityOfPage":{"@id":"https:\/\/eldigitaldeasturias.com\/magazine365\/air-nostrum-bautizara-dos-de-sus-aviones-con-alusiones-al-ano-jubilar-lebaniego-2017\/#webpage"},"isPartOf":{"@id":"https:\/\/eldigitaldeasturias.com\/magazine365\/air-nostrum-bautizara-dos-de-sus-aviones-con-alusiones-al-ano-jubilar-lebaniego-2017\/#webpage"},"articleSection":"Noticias y Actualidad"},{"@type":"BreadcrumbList","@id":"https:\/\/eldigitaldeasturias.com\/magazine365\/air-nostrum-bautizara-dos-de-sus-aviones-con-alusiones-al-ano-jubilar-lebaniego-2017\/#breadcrumblist","itemListElement":[{"@type":"ListItem","@id":"https:\/\/eldigitaldeasturias.com\/magazine365#listItem","position":1,"name":"Home","item":"https:\/\/eldigitaldeasturias.com\/magazine365","nextItem":{"@type":"ListItem","@id":"https:\/\/eldigitaldeasturias.com\/magazine365\/category\/noticias-actualidad\/#listItem","name":"Noticias y Actualidad"}},{"@type":"ListItem","@id":"https:\/\/eldigitaldeasturias.com\/magazine365\/category\/noticias-actualidad\/#listItem","position":2,"name":"Noticias y Actualidad","item":"https:\/\/eldigitaldeasturias.com\/magazine365\/category\/noticias-actualidad\/","nextItem":{"@type":"ListItem","@id":"https:\/\/eldigitaldeasturias.com\/magazine365\/air-nostrum-bautizara-dos-de-sus-aviones-con-alusiones-al-ano-jubilar-lebaniego-2017\/#listItem","name":"Air Nostrum bautizar\u00e1 dos de sus aviones con alusiones al A\u00f1o Jubilar Lebaniego 2017"},"previousItem":{"@type":"ListItem","@id":"https:\/\/eldigitaldeasturias.com\/magazine365#listItem","name":"Home"}},{"@type":"ListItem","@id":"https:\/\/eldigitaldeasturias.com\/magazine365\/air-nostrum-bautizara-dos-de-sus-aviones-con-alusiones-al-ano-jubilar-lebaniego-2017\/#listItem","position":3,"name":"Air Nostrum bautizar\u00e1 dos de sus aviones con alusiones al A\u00f1o Jubilar Lebaniego 2017","previousItem":{"@type":"ListItem","@id":"https:\/\/eldigitaldeasturias.com\/magazine365\/category\/noticias-actualidad\/#listItem","name":"Noticias y Actualidad"}}]},{"@type":"Organization","@id":"https:\/\/eldigitaldeasturias.com\/magazine365\/#organization","name":"El digital de Asturias","description":"Revista de ocio, turismo y estilo de vida","url":"https:\/\/eldigitaldeasturias.com\/magazine365\/","logo":{"@type":"ImageObject","url":"https:\/\/www.eldigitaldeasturias.com\/noticias\/wp-content\/uploads\/2020\/12\/EDA.jpg","@id":"https:\/\/eldigitaldeasturias.com\/magazine365\/air-nostrum-bautizara-dos-de-sus-aviones-con-alusiones-al-ano-jubilar-lebaniego-2017\/#organizationLogo"},"image":{"@id":"https:\/\/eldigitaldeasturias.com\/magazine365\/air-nostrum-bautizara-dos-de-sus-aviones-con-alusiones-al-ano-jubilar-lebaniego-2017\/#organizationLogo"}},{"@type":"Person","@id":"https:\/\/eldigitaldeasturias.com\/magazine365\/author\/admin\/#author","url":"https:\/\/eldigitaldeasturias.com\/magazine365\/author\/admin\/","name":"admin","image":{"@type":"ImageObject","@id":"https:\/\/eldigitaldeasturias.com\/magazine365\/air-nostrum-bautizara-dos-de-sus-aviones-con-alusiones-al-ano-jubilar-lebaniego-2017\/#authorImage","url":"https:\/\/eldigitaldeasturias.com\/magazine365\/wp-content\/litespeed\/avatar\/e571bcf59a0edd6fa6838245a470f2fe.jpg?ver=1776969259","width":96,"height":96,"caption":"admin"}},{"@type":"WebPage","@id":"https:\/\/eldigitaldeasturias.com\/magazine365\/air-nostrum-bautizara-dos-de-sus-aviones-con-alusiones-al-ano-jubilar-lebaniego-2017\/#webpage","url":"https:\/\/eldigitaldeasturias.com\/magazine365\/air-nostrum-bautizara-dos-de-sus-aviones-con-alusiones-al-ano-jubilar-lebaniego-2017\/","name":"Air Nostrum bautizar\u00e1 dos de sus aviones con alusiones al A\u00f1o Jubilar Lebaniego 2017 | El Digital de Asturias","description":"El A\u00f1o Jubilar Lebaniego 2017 se dar\u00e1 a conocer en la red de pa\u00edses europeos y ciudades espa\u00f1olas en las que opera Air Nostrum, gracias al convenio que la Consejer\u00eda de Innovaci\u00f3n, Industria, Turismo y Comercio del Gobierno de Cantabria y la compa\u00f1\u00eda a\u00e9rea han firmado este mi\u00e9rcoles, en el marco de la 36 Feria","inLanguage":"es-ES","isPartOf":{"@id":"https:\/\/eldigitaldeasturias.com\/magazine365\/#website"},"breadcrumb":{"@id":"https:\/\/eldigitaldeasturias.com\/magazine365\/air-nostrum-bautizara-dos-de-sus-aviones-con-alusiones-al-ano-jubilar-lebaniego-2017\/#breadcrumblist"},"author":{"@id":"https:\/\/eldigitaldeasturias.com\/magazine365\/author\/admin\/#author"},"creator":{"@id":"https:\/\/eldigitaldeasturias.com\/magazine365\/author\/admin\/#author"},"image":{"@type":"ImageObject","url":"https:\/\/eldigitaldeasturias.com\/magazine365\/wp-content\/uploads\/2016\/01\/fotonoticia_20160121121720_800.jpg","@id":"https:\/\/eldigitaldeasturias.com\/magazine365\/air-nostrum-bautizara-dos-de-sus-aviones-con-alusiones-al-ano-jubilar-lebaniego-2017\/#mainImage","width":800,"height":532},"primaryImageOfPage":{"@id":"https:\/\/eldigitaldeasturias.com\/magazine365\/air-nostrum-bautizara-dos-de-sus-aviones-con-alusiones-al-ano-jubilar-lebaniego-2017\/#mainImage"},"datePublished":"2016-01-23T05:11:03+01:00","dateModified":"2016-01-23T05:11:03+01:00"},{"@type":"WebSite","@id":"https:\/\/eldigitaldeasturias.com\/magazine365\/#website","url":"https:\/\/eldigitaldeasturias.com\/magazine365\/","name":"El Digital de Asturias","description":"Revista de ocio, turismo y estilo de vida","inLanguage":"es-ES","publisher":{"@id":"https:\/\/eldigitaldeasturias.com\/magazine365\/#organization"}}]},"og:locale":"es_ES","og:site_name":"El Digital de Asturias \u2013 Revista de ocio, turismo y estilo de vida","og:type":"article","og:title":"Air Nostrum bautizar\u00e1 dos de sus aviones con alusiones al A\u00f1o Jubilar Lebaniego 2017 | El Digital de Asturias","og:description":"El A\u00f1o Jubilar Lebaniego 2017 se dar\u00e1 a conocer en la red de pa\u00edses europeos y ciudades espa\u00f1olas en las que opera Air Nostrum, gracias al convenio que la Consejer\u00eda de Innovaci\u00f3n, Industria, Turismo y Comercio del Gobierno de Cantabria y la compa\u00f1\u00eda a\u00e9rea han firmado este mi\u00e9rcoles, en el marco de la 36 Feria","og:url":"https:\/\/eldigitaldeasturias.com\/magazine365\/air-nostrum-bautizara-dos-de-sus-aviones-con-alusiones-al-ano-jubilar-lebaniego-2017\/","og:image":"https:\/\/eldigitaldeasturias.com\/magazine365\/wp-content\/uploads\/2016\/01\/fotonoticia_20160121121720_800.jpg","og:image:secure_url":"https:\/\/eldigitaldeasturias.com\/magazine365\/wp-content\/uploads\/2016\/01\/fotonoticia_20160121121720_800.jpg","og:image:width":800,"og:image:height":532,"article:published_time":"2016-01-23T04:11:03+00:00","article:modified_time":"2016-01-23T04:11:03+00:00","twitter:card":"summary_large_image","twitter:title":"Air Nostrum bautizar\u00e1 dos de sus aviones con alusiones al A\u00f1o Jubilar Lebaniego 2017 | El Digital de Asturias","twitter:description":"El A\u00f1o Jubilar Lebaniego 2017 se dar\u00e1 a conocer en la red de pa\u00edses europeos y ciudades espa\u00f1olas en las que opera Air Nostrum, gracias al convenio que la Consejer\u00eda de Innovaci\u00f3n, Industria, Turismo y Comercio del Gobierno de Cantabria y la compa\u00f1\u00eda a\u00e9rea han firmado este mi\u00e9rcoles, en el marco de la 36 Feria","twitter:image":"https:\/\/eldigitaldeasturias.com\/magazine365\/wp-content\/uploads\/2016\/01\/fotonoticia_20160121121720_800.jpg"},"aioseo_meta_data":{"post_id":"61572","title":null,"description":null,"keywords":null,"keyphrases":null,"primary_term":null,"canonical_url":null,"og_title":null,"og_description":null,"og_object_type":"default","og_image_type":"default","og_image_url":null,"og_image_width":null,"og_image_height":null,"og_image_custom_url":null,"og_image_custom_fields":null,"og_video":null,"og_custom_url":null,"og_article_section":null,"og_article_tags":null,"twitter_use_og":false,"twitter_card":"default","twitter_image_type":"default","twitter_image_url":null,"twitter_image_custom_url":null,"twitter_image_custom_fields":null,"twitter_title":null,"twitter_description":null,"schema":{"blockGraphs":[],"customGraphs":[],"default":{"data":{"Article":[],"Course":[],"Dataset":[],"FAQPage":[],"Movie":[],"Person":[],"Product":[],"ProductReview":[],"Car":[],"Recipe":[],"Service":[],"SoftwareApplication":[],"WebPage":[]},"graphName":"","isEnabled":true},"graphs":[],"defaultGraph":"","defaultPostTypeGraph":""},"schema_type":null,"schema_type_options":null,"pillar_content":false,"robots_default":true,"robots_noindex":false,"robots_noarchive":false,"robots_nosnippet":false,"robots_nofollow":false,"robots_noimageindex":false,"robots_noodp":false,"robots_notranslate":false,"robots_max_snippet":null,"robots_max_videopreview":null,"robots_max_imagepreview":"large","priority":null,"frequency":null,"location":null,"local_seo":null,"seo_analyzer_scan_date":"2025-09-25 09:16:05","breadcrumb_settings":null,"limit_modified_date":false,"open_ai":null,"ai":null,"created":"2021-03-08 21:47:43","updated":"2025-09-25 09:16:05"},"aioseo_breadcrumb":"<div class=\"aioseo-breadcrumbs\"><span class=\"aioseo-breadcrumb\">\n\t<a href=\"https:\/\/eldigitaldeasturias.com\/magazine365\" title=\"Home\">Home<\/a>\n<\/span><span class=\"aioseo-breadcrumb-separator\">\u2013<\/span><span class=\"aioseo-breadcrumb\">\n\t<a href=\"https:\/\/eldigitaldeasturias.com\/magazine365\/category\/noticias-actualidad\/\" title=\"Noticias y Actualidad\">Noticias y Actualidad<\/a>\n<\/span><span class=\"aioseo-breadcrumb-separator\">\u2013<\/span><span class=\"aioseo-breadcrumb\">\n\t<a href=\"https:\/\/eldigitaldeasturias.com\/magazine365\/air-nostrum-bautizara-dos-de-sus-aviones-con-alusiones-al-ano-jubilar-lebaniego-2017\/\" title=\"Air Nostrum bautizar\u00e1 dos de sus aviones con alusiones al A\u00f1o Jubilar Lebaniego 2017\">Air Nostrum bautizar\u00e1 dos de sus aviones con alusiones al A\u00f1o Jubilar Lebaniego 2017<\/a>\n<\/span><\/div>","aioseo_breadcrumb_json":[{"label":"Home","link":"https:\/\/eldigitaldeasturias.com\/magazine365"},{"label":"Noticias y Actualidad","link":"https:\/\/eldigitaldeasturias.com\/magazine365\/category\/noticias-actualidad\/"},{"label":"Air Nostrum bautizar\u00e1 dos de sus aviones con alusiones al A\u00f1o Jubilar Lebaniego 2017","link":"https:\/\/eldigitaldeasturias.com\/magazine365\/air-nostrum-bautizara-dos-de-sus-aviones-con-alusiones-al-ano-jubilar-lebaniego-2017\/"}],"_links":{"self":[{"href":"https:\/\/eldigitaldeasturias.com\/magazine365\/wp-json\/wp\/v2\/posts\/61572","targetHints":{"allow":["GET"]}}],"collection":[{"href":"https:\/\/eldigitaldeasturias.com\/magazine365\/wp-json\/wp\/v2\/posts"}],"about":[{"href":"https:\/\/eldigitaldeasturias.com\/magazine365\/wp-json\/wp\/v2\/types\/post"}],"author":[{"embeddable":true,"href":"https:\/\/eldigitaldeasturias.com\/magazine365\/wp-json\/wp\/v2\/users\/1"}],"replies":[{"embeddable":true,"href":"https:\/\/eldigitaldeasturias.com\/magazine365\/wp-json\/wp\/v2\/comments?post=61572"}],"version-history":[{"count":0,"href":"https:\/\/eldigitaldeasturias.com\/magazine365\/wp-json\/wp\/v2\/posts\/61572\/revisions"}],"wp:featuredmedia":[{"embeddable":true,"href":"https:\/\/eldigitaldeasturias.com\/magazine365\/wp-json\/wp\/v2\/media\/61573"}],"wp:attachment":[{"href":"https:\/\/eldigitaldeasturias.com\/magazine365\/wp-json\/wp\/v2\/media?parent=61572"}],"wp:term":[{"taxonomy":"category","embeddable":true,"href":"https:\/\/eldigitaldeasturias.com\/magazine365\/wp-json\/wp\/v2\/categories?post=61572"},{"taxonomy":"post_tag","embeddable":true,"href":"https:\/\/eldigitaldeasturias.com\/magazine365\/wp-json\/wp\/v2\/tags?post=61572"}],"curies":[{"name":"wp","href":"https:\/\/api.w.org\/{rel}","templated":true}]}}