{"id":61566,"date":"2016-01-23T05:07:19","date_gmt":"2016-01-23T04:07:19","guid":{"rendered":"http:\/\/eldigitaldeasturias.com\/magazine365\/?p=61566"},"modified":"2016-01-23T05:07:19","modified_gmt":"2016-01-23T04:07:19","slug":"extremadura-se-promociona-como-escenario-de-rodajes","status":"publish","type":"post","link":"https:\/\/eldigitaldeasturias.com\/magazine365\/extremadura-se-promociona-como-escenario-de-rodajes\/","title":{"rendered":"Extremadura se promociona como escenario de rodajes"},"content":{"rendered":"<p><img fetchpriority=\"high\" decoding=\"async\" class=\"alignleft size-medium wp-image-61567\" src=\"https:\/\/eldigitaldeasturias.com\/magazine365\/wp-content\/uploads\/2016\/01\/fotonoticia_20160121115630_800-360x250.jpg\" alt=\"fotonoticia_20160121115630_800\" width=\"360\" height=\"250\" srcset=\"https:\/\/eldigitaldeasturias.com\/magazine365\/wp-content\/uploads\/2016\/01\/fotonoticia_20160121115630_800-360x250.jpg 360w, https:\/\/eldigitaldeasturias.com\/magazine365\/wp-content\/uploads\/2016\/01\/fotonoticia_20160121115630_800-650x452.jpg 650w, https:\/\/eldigitaldeasturias.com\/magazine365\/wp-content\/uploads\/2016\/01\/fotonoticia_20160121115630_800-768x534.jpg 768w, https:\/\/eldigitaldeasturias.com\/magazine365\/wp-content\/uploads\/2016\/01\/fotonoticia_20160121115630_800-150x104.jpg 150w, https:\/\/eldigitaldeasturias.com\/magazine365\/wp-content\/uploads\/2016\/01\/fotonoticia_20160121115630_800-450x313.jpg 450w, https:\/\/eldigitaldeasturias.com\/magazine365\/wp-content\/uploads\/2016\/01\/fotonoticia_20160121115630_800-100x70.jpg 100w, https:\/\/eldigitaldeasturias.com\/magazine365\/wp-content\/uploads\/2016\/01\/fotonoticia_20160121115630_800-218x150.jpg 218w, https:\/\/eldigitaldeasturias.com\/magazine365\/wp-content\/uploads\/2016\/01\/fotonoticia_20160121115630_800-696x484.jpg 696w, https:\/\/eldigitaldeasturias.com\/magazine365\/wp-content\/uploads\/2016\/01\/fotonoticia_20160121115630_800-604x420.jpg 604w, https:\/\/eldigitaldeasturias.com\/magazine365\/wp-content\/uploads\/2016\/01\/fotonoticia_20160121115630_800.jpg 800w\" sizes=\"(max-width: 360px) 100vw, 360px\" \/>La comunidad aut\u00f3noma de Extremadura se promociona como escenario de rodajes, a trav\u00e9s de un nuevo v\u00eddeo titulado &#8216;Shooting in Extremadura&#8217;, y que dirigido al sector audiovisual nacional e internacional, \u00abmuestra los beneficios de rodar en la regi\u00f3n, as\u00ed como localizaciones interesantes y trabajos ya grabados en diferentes puntos de la geograf\u00eda extreme\u00f1a\u00bb.<\/p>\n<p>La secretaria general de Cultura, Miriam Garc\u00eda Cabezas, acompa\u00f1ada por el director de la Filmoteca de Extremadura, David Garrido, y el director de la Extremadura Film Commission, Rub\u00e9n Gund\u00edn, ha presentado &#8216;Shooting in Extremadura&#8217; este jueves en la Feria Internacional de Turismo (Fitur), que se celebra en Madrid.<\/p>\n<p>As\u00ed, y junto con el objetivo de atraer rodajes a Extremadura, este nuevo v\u00eddeo promocional tambi\u00e9n persigue contribuir a \u00abincrementar el turismo en la comunidad extreme\u00f1a, al posibilitar que sus recursos patrimoniales y naturales aparezcan en pantallas de todo el mundo\u00bb, explica el Ejecutivo regional en nota de prensa.<\/p>\n<p>Este efecto \u00abya ha quedado patente\u00bb en la regi\u00f3n con la aparici\u00f3n de productos tur\u00edsticos asociados a producciones audiovisuales, como es el caso de la creaci\u00f3n de la Ruta de Isabel la Cat\u00f3lica en Extremadura, o de iniciativas como C\u00e1ceres de Cine. \u00abTenemos una regi\u00f3n de cine que merece ser promocionada por todo el mundo\u00bb, ha destacado Garc\u00eda Cabezas.<\/p>\n<p>Adem\u00e1s, la Secretar\u00eda General de Cultura promueve la producci\u00f3n audiovisual en Extremadura a trav\u00e9s de las ayudas para este sector, que valoran la realizaci\u00f3n de rodajes en el \u00e1mbito de la regi\u00f3n.<\/p>\n<p>Es el caso de pel\u00edculas como &#8216;El pa\u00eds del miedo&#8217;, grabada \u00edntegramente en Badajoz y que cuenta con una nominaci\u00f3n a los Goya; &#8216;Garant\u00eda personal&#8217;, en el norte de Extremadura; o el documental Malpartida Fluxus Village, en Malpartida de C\u00e1ceres.<\/p>\n<p>GRANDES ESCENARIOS Y FACILIDADES<\/p>\n<p>En el v\u00eddeo pueden apreciarse enclaves como el Parque Nacional de Monfrag\u00fce, el Monasterio de Guadalupe o las ruinas de Augustobriga, entre otros.<\/p>\n<p>Junto con las im\u00e1genes, el montaje informa de las \u00abfacilidades\u00bb que ofrece grabar en Extremadura, como la oferta de localizaciones gratuitas en suelo p\u00fablico y las facilidades para ofertar procedimientos, permisos de rodaje y log\u00edstica.<\/p>\n<p>Este v\u00eddeo se mostrar\u00e1 en diferentes mercados por todo el mundo, como el European Film Market de Berl\u00edn, el Marche du Film de Cannes o el American Film Market de Los \u00c1ngeles.<\/p>\n<p>La Extremadura Film Commission, creada en 2008, es el organismo encargado de promocionar Extremadura como plat\u00f3 de rodaje, con el objetivo principal de atraer producciones nacionales y extranjeras a rodar a la regi\u00f3n. Se trata de una fundaci\u00f3n sin \u00e1nimo de lucro, cuyo patronato est\u00e1 formado por la Secretar\u00eda General de Cultura de la Junta de Extremadura y las Diputaciones Provinciales de C\u00e1ceres y Badajoz.<\/p>\n<p>Durante estos a\u00f1os, la Extremadura Film Commission ha atendido a producciones de cine, televisi\u00f3n y publicidad. Series de \u00e9xito, como &#8216;Hispania&#8217; o &#8216;Isabel&#8217;, han grabado en todas sus temporadas en territorio extreme\u00f1o, as\u00ed como documentales de la BBC, NBC y National Geographic, y numerosos cortometrajes y largometrajes.<\/p>\n","protected":false},"excerpt":{"rendered":"<p>La comunidad aut\u00f3noma de Extremadura se promociona como escenario de rodajes, a trav\u00e9s de un nuevo v\u00eddeo titulado &#8216;Shooting in Extremadura&#8217;, y que dirigido al sector audiovisual nacional e internacional, \u00abmuestra los beneficios de rodar en la regi\u00f3n, as\u00ed como localizaciones interesantes y trabajos ya grabados en diferentes puntos de la geograf\u00eda extreme\u00f1a\u00bb. La secretaria<\/p>\n","protected":false},"author":1,"featured_media":61567,"comment_status":"open","ping_status":"closed","sticky":false,"template":"","format":"standard","meta":{"footnotes":""},"categories":[224],"tags":[],"class_list":{"0":"post-61566","1":"post","2":"type-post","3":"status-publish","4":"format-standard","5":"has-post-thumbnail","7":"category-noticias-actualidad"},"aioseo_notices":[],"aioseo_head":"\n\t\t<!-- All in One SEO Pro 4.9.6.1 - aioseo.com -->\n\t<meta name=\"description\" content=\"La comunidad aut\u00f3noma de Extremadura se promociona como escenario de rodajes, a trav\u00e9s de un nuevo v\u00eddeo titulado &#039;Shooting in Extremadura&#039;, y que dirigido al sector audiovisual nacional e internacional, &quot;muestra los beneficios de rodar en la regi\u00f3n, as\u00ed como localizaciones interesantes y trabajos ya grabados en diferentes puntos de la geograf\u00eda extreme\u00f1a&quot;. La secretaria\" \/>\n\t<meta name=\"robots\" content=\"max-image-preview:large\" \/>\n\t<meta name=\"author\" content=\"admin\"\/>\n\t<meta name=\"google-site-verification\" content=\"UA-38556648-1\" \/>\n\t<meta name=\"keywords\" content=\"noticias y actualidad\" \/>\n\t<link rel=\"canonical\" href=\"https:\/\/eldigitaldeasturias.com\/magazine365\/extremadura-se-promociona-como-escenario-de-rodajes\/\" \/>\n\t<meta name=\"generator\" content=\"All in One SEO Pro (AIOSEO) 4.9.6.1\" \/>\n\t\t<meta property=\"og:locale\" content=\"es_ES\" \/>\n\t\t<meta property=\"og:site_name\" content=\"El Digital de Asturias \u2013 Revista de ocio, turismo y estilo de vida\" \/>\n\t\t<meta property=\"og:type\" content=\"article\" \/>\n\t\t<meta property=\"og:title\" content=\"Extremadura se promociona como escenario de rodajes | El Digital de Asturias\" \/>\n\t\t<meta property=\"og:description\" content=\"La comunidad aut\u00f3noma de Extremadura se promociona como escenario de rodajes, a trav\u00e9s de un nuevo v\u00eddeo titulado &#039;Shooting in Extremadura&#039;, y que dirigido al sector audiovisual nacional e internacional, &quot;muestra los beneficios de rodar en la regi\u00f3n, as\u00ed como localizaciones interesantes y trabajos ya grabados en diferentes puntos de la geograf\u00eda extreme\u00f1a&quot;. La secretaria\" \/>\n\t\t<meta property=\"og:url\" content=\"https:\/\/eldigitaldeasturias.com\/magazine365\/extremadura-se-promociona-como-escenario-de-rodajes\/\" \/>\n\t\t<meta property=\"og:image\" content=\"https:\/\/eldigitaldeasturias.com\/magazine365\/wp-content\/uploads\/2016\/01\/fotonoticia_20160121115630_800.jpg\" \/>\n\t\t<meta property=\"og:image:secure_url\" content=\"https:\/\/eldigitaldeasturias.com\/magazine365\/wp-content\/uploads\/2016\/01\/fotonoticia_20160121115630_800.jpg\" \/>\n\t\t<meta property=\"og:image:width\" content=\"800\" \/>\n\t\t<meta property=\"og:image:height\" content=\"556\" \/>\n\t\t<meta property=\"article:published_time\" content=\"2016-01-23T04:07:19+00:00\" \/>\n\t\t<meta property=\"article:modified_time\" content=\"2016-01-23T04:07:19+00:00\" \/>\n\t\t<meta name=\"twitter:card\" content=\"summary_large_image\" \/>\n\t\t<meta name=\"twitter:title\" content=\"Extremadura se promociona como escenario de rodajes | El Digital de Asturias\" \/>\n\t\t<meta name=\"twitter:description\" content=\"La comunidad aut\u00f3noma de Extremadura se promociona como escenario de rodajes, a trav\u00e9s de un nuevo v\u00eddeo titulado &#039;Shooting in Extremadura&#039;, y que dirigido al sector audiovisual nacional e internacional, &quot;muestra los beneficios de rodar en la regi\u00f3n, as\u00ed como localizaciones interesantes y trabajos ya grabados en diferentes puntos de la geograf\u00eda extreme\u00f1a&quot;. La secretaria\" \/>\n\t\t<meta name=\"twitter:image\" content=\"https:\/\/eldigitaldeasturias.com\/magazine365\/wp-content\/uploads\/2016\/01\/fotonoticia_20160121115630_800.jpg\" \/>\n\t\t<script type=\"application\/ld+json\" class=\"aioseo-schema\">\n\t\t\t{\"@context\":\"https:\\\/\\\/schema.org\",\"@graph\":[{\"@type\":\"Article\",\"@id\":\"https:\\\/\\\/eldigitaldeasturias.com\\\/magazine365\\\/extremadura-se-promociona-como-escenario-de-rodajes\\\/#article\",\"name\":\"Extremadura se promociona como escenario de rodajes | El Digital de Asturias\",\"headline\":\"Extremadura se promociona como escenario de rodajes\",\"author\":{\"@id\":\"https:\\\/\\\/eldigitaldeasturias.com\\\/magazine365\\\/author\\\/admin\\\/#author\"},\"publisher\":{\"@id\":\"https:\\\/\\\/eldigitaldeasturias.com\\\/magazine365\\\/#organization\"},\"image\":{\"@type\":\"ImageObject\",\"url\":\"https:\\\/\\\/eldigitaldeasturias.com\\\/magazine365\\\/wp-content\\\/uploads\\\/2016\\\/01\\\/fotonoticia_20160121115630_800.jpg\",\"width\":800,\"height\":556},\"datePublished\":\"2016-01-23T05:07:19+01:00\",\"dateModified\":\"2016-01-23T05:07:19+01:00\",\"inLanguage\":\"es-ES\",\"mainEntityOfPage\":{\"@id\":\"https:\\\/\\\/eldigitaldeasturias.com\\\/magazine365\\\/extremadura-se-promociona-como-escenario-de-rodajes\\\/#webpage\"},\"isPartOf\":{\"@id\":\"https:\\\/\\\/eldigitaldeasturias.com\\\/magazine365\\\/extremadura-se-promociona-como-escenario-de-rodajes\\\/#webpage\"},\"articleSection\":\"Noticias y Actualidad\"},{\"@type\":\"BreadcrumbList\",\"@id\":\"https:\\\/\\\/eldigitaldeasturias.com\\\/magazine365\\\/extremadura-se-promociona-como-escenario-de-rodajes\\\/#breadcrumblist\",\"itemListElement\":[{\"@type\":\"ListItem\",\"@id\":\"https:\\\/\\\/eldigitaldeasturias.com\\\/magazine365#listItem\",\"position\":1,\"name\":\"Home\",\"item\":\"https:\\\/\\\/eldigitaldeasturias.com\\\/magazine365\",\"nextItem\":{\"@type\":\"ListItem\",\"@id\":\"https:\\\/\\\/eldigitaldeasturias.com\\\/magazine365\\\/category\\\/noticias-actualidad\\\/#listItem\",\"name\":\"Noticias y Actualidad\"}},{\"@type\":\"ListItem\",\"@id\":\"https:\\\/\\\/eldigitaldeasturias.com\\\/magazine365\\\/category\\\/noticias-actualidad\\\/#listItem\",\"position\":2,\"name\":\"Noticias y Actualidad\",\"item\":\"https:\\\/\\\/eldigitaldeasturias.com\\\/magazine365\\\/category\\\/noticias-actualidad\\\/\",\"nextItem\":{\"@type\":\"ListItem\",\"@id\":\"https:\\\/\\\/eldigitaldeasturias.com\\\/magazine365\\\/extremadura-se-promociona-como-escenario-de-rodajes\\\/#listItem\",\"name\":\"Extremadura se promociona como escenario de rodajes\"},\"previousItem\":{\"@type\":\"ListItem\",\"@id\":\"https:\\\/\\\/eldigitaldeasturias.com\\\/magazine365#listItem\",\"name\":\"Home\"}},{\"@type\":\"ListItem\",\"@id\":\"https:\\\/\\\/eldigitaldeasturias.com\\\/magazine365\\\/extremadura-se-promociona-como-escenario-de-rodajes\\\/#listItem\",\"position\":3,\"name\":\"Extremadura se promociona como escenario de rodajes\",\"previousItem\":{\"@type\":\"ListItem\",\"@id\":\"https:\\\/\\\/eldigitaldeasturias.com\\\/magazine365\\\/category\\\/noticias-actualidad\\\/#listItem\",\"name\":\"Noticias y Actualidad\"}}]},{\"@type\":\"Organization\",\"@id\":\"https:\\\/\\\/eldigitaldeasturias.com\\\/magazine365\\\/#organization\",\"name\":\"El digital de Asturias\",\"description\":\"Revista de ocio, turismo y estilo de vida\",\"url\":\"https:\\\/\\\/eldigitaldeasturias.com\\\/magazine365\\\/\",\"logo\":{\"@type\":\"ImageObject\",\"url\":\"https:\\\/\\\/www.eldigitaldeasturias.com\\\/noticias\\\/wp-content\\\/uploads\\\/2020\\\/12\\\/EDA.jpg\",\"@id\":\"https:\\\/\\\/eldigitaldeasturias.com\\\/magazine365\\\/extremadura-se-promociona-como-escenario-de-rodajes\\\/#organizationLogo\"},\"image\":{\"@id\":\"https:\\\/\\\/eldigitaldeasturias.com\\\/magazine365\\\/extremadura-se-promociona-como-escenario-de-rodajes\\\/#organizationLogo\"}},{\"@type\":\"Person\",\"@id\":\"https:\\\/\\\/eldigitaldeasturias.com\\\/magazine365\\\/author\\\/admin\\\/#author\",\"url\":\"https:\\\/\\\/eldigitaldeasturias.com\\\/magazine365\\\/author\\\/admin\\\/\",\"name\":\"admin\",\"image\":{\"@type\":\"ImageObject\",\"@id\":\"https:\\\/\\\/eldigitaldeasturias.com\\\/magazine365\\\/extremadura-se-promociona-como-escenario-de-rodajes\\\/#authorImage\",\"url\":\"https:\\\/\\\/eldigitaldeasturias.com\\\/magazine365\\\/wp-content\\\/litespeed\\\/avatar\\\/e571bcf59a0edd6fa6838245a470f2fe.jpg?ver=1776969259\",\"width\":96,\"height\":96,\"caption\":\"admin\"}},{\"@type\":\"WebPage\",\"@id\":\"https:\\\/\\\/eldigitaldeasturias.com\\\/magazine365\\\/extremadura-se-promociona-como-escenario-de-rodajes\\\/#webpage\",\"url\":\"https:\\\/\\\/eldigitaldeasturias.com\\\/magazine365\\\/extremadura-se-promociona-como-escenario-de-rodajes\\\/\",\"name\":\"Extremadura se promociona como escenario de rodajes | El Digital de Asturias\",\"description\":\"La comunidad aut\\u00f3noma de Extremadura se promociona como escenario de rodajes, a trav\\u00e9s de un nuevo v\\u00eddeo titulado 'Shooting in Extremadura', y que dirigido al sector audiovisual nacional e internacional, \\\"muestra los beneficios de rodar en la regi\\u00f3n, as\\u00ed como localizaciones interesantes y trabajos ya grabados en diferentes puntos de la geograf\\u00eda extreme\\u00f1a\\\". La secretaria\",\"inLanguage\":\"es-ES\",\"isPartOf\":{\"@id\":\"https:\\\/\\\/eldigitaldeasturias.com\\\/magazine365\\\/#website\"},\"breadcrumb\":{\"@id\":\"https:\\\/\\\/eldigitaldeasturias.com\\\/magazine365\\\/extremadura-se-promociona-como-escenario-de-rodajes\\\/#breadcrumblist\"},\"author\":{\"@id\":\"https:\\\/\\\/eldigitaldeasturias.com\\\/magazine365\\\/author\\\/admin\\\/#author\"},\"creator\":{\"@id\":\"https:\\\/\\\/eldigitaldeasturias.com\\\/magazine365\\\/author\\\/admin\\\/#author\"},\"image\":{\"@type\":\"ImageObject\",\"url\":\"https:\\\/\\\/eldigitaldeasturias.com\\\/magazine365\\\/wp-content\\\/uploads\\\/2016\\\/01\\\/fotonoticia_20160121115630_800.jpg\",\"@id\":\"https:\\\/\\\/eldigitaldeasturias.com\\\/magazine365\\\/extremadura-se-promociona-como-escenario-de-rodajes\\\/#mainImage\",\"width\":800,\"height\":556},\"primaryImageOfPage\":{\"@id\":\"https:\\\/\\\/eldigitaldeasturias.com\\\/magazine365\\\/extremadura-se-promociona-como-escenario-de-rodajes\\\/#mainImage\"},\"datePublished\":\"2016-01-23T05:07:19+01:00\",\"dateModified\":\"2016-01-23T05:07:19+01:00\"},{\"@type\":\"WebSite\",\"@id\":\"https:\\\/\\\/eldigitaldeasturias.com\\\/magazine365\\\/#website\",\"url\":\"https:\\\/\\\/eldigitaldeasturias.com\\\/magazine365\\\/\",\"name\":\"El Digital de Asturias\",\"description\":\"Revista de ocio, turismo y estilo de vida\",\"inLanguage\":\"es-ES\",\"publisher\":{\"@id\":\"https:\\\/\\\/eldigitaldeasturias.com\\\/magazine365\\\/#organization\"}}]}\n\t\t<\/script>\n\t\t<!-- All in One SEO Pro -->\r\n\t\t<title>Extremadura se promociona como escenario de rodajes | El Digital de Asturias<\/title>\n\n","aioseo_head_json":{"title":"Extremadura se promociona como escenario de rodajes | El Digital de Asturias","description":"La comunidad aut\u00f3noma de Extremadura se promociona como escenario de rodajes, a trav\u00e9s de un nuevo v\u00eddeo titulado 'Shooting in Extremadura', y que dirigido al sector audiovisual nacional e internacional, \"muestra los beneficios de rodar en la regi\u00f3n, as\u00ed como localizaciones interesantes y trabajos ya grabados en diferentes puntos de la geograf\u00eda extreme\u00f1a\". La secretaria","canonical_url":"https:\/\/eldigitaldeasturias.com\/magazine365\/extremadura-se-promociona-como-escenario-de-rodajes\/","robots":"max-image-preview:large","keywords":"noticias y actualidad","webmasterTools":{"google-site-verification":"UA-38556648-1","miscellaneous":""},"schema":{"@context":"https:\/\/schema.org","@graph":[{"@type":"Article","@id":"https:\/\/eldigitaldeasturias.com\/magazine365\/extremadura-se-promociona-como-escenario-de-rodajes\/#article","name":"Extremadura se promociona como escenario de rodajes | El Digital de Asturias","headline":"Extremadura se promociona como escenario de rodajes","author":{"@id":"https:\/\/eldigitaldeasturias.com\/magazine365\/author\/admin\/#author"},"publisher":{"@id":"https:\/\/eldigitaldeasturias.com\/magazine365\/#organization"},"image":{"@type":"ImageObject","url":"https:\/\/eldigitaldeasturias.com\/magazine365\/wp-content\/uploads\/2016\/01\/fotonoticia_20160121115630_800.jpg","width":800,"height":556},"datePublished":"2016-01-23T05:07:19+01:00","dateModified":"2016-01-23T05:07:19+01:00","inLanguage":"es-ES","mainEntityOfPage":{"@id":"https:\/\/eldigitaldeasturias.com\/magazine365\/extremadura-se-promociona-como-escenario-de-rodajes\/#webpage"},"isPartOf":{"@id":"https:\/\/eldigitaldeasturias.com\/magazine365\/extremadura-se-promociona-como-escenario-de-rodajes\/#webpage"},"articleSection":"Noticias y Actualidad"},{"@type":"BreadcrumbList","@id":"https:\/\/eldigitaldeasturias.com\/magazine365\/extremadura-se-promociona-como-escenario-de-rodajes\/#breadcrumblist","itemListElement":[{"@type":"ListItem","@id":"https:\/\/eldigitaldeasturias.com\/magazine365#listItem","position":1,"name":"Home","item":"https:\/\/eldigitaldeasturias.com\/magazine365","nextItem":{"@type":"ListItem","@id":"https:\/\/eldigitaldeasturias.com\/magazine365\/category\/noticias-actualidad\/#listItem","name":"Noticias y Actualidad"}},{"@type":"ListItem","@id":"https:\/\/eldigitaldeasturias.com\/magazine365\/category\/noticias-actualidad\/#listItem","position":2,"name":"Noticias y Actualidad","item":"https:\/\/eldigitaldeasturias.com\/magazine365\/category\/noticias-actualidad\/","nextItem":{"@type":"ListItem","@id":"https:\/\/eldigitaldeasturias.com\/magazine365\/extremadura-se-promociona-como-escenario-de-rodajes\/#listItem","name":"Extremadura se promociona como escenario de rodajes"},"previousItem":{"@type":"ListItem","@id":"https:\/\/eldigitaldeasturias.com\/magazine365#listItem","name":"Home"}},{"@type":"ListItem","@id":"https:\/\/eldigitaldeasturias.com\/magazine365\/extremadura-se-promociona-como-escenario-de-rodajes\/#listItem","position":3,"name":"Extremadura se promociona como escenario de rodajes","previousItem":{"@type":"ListItem","@id":"https:\/\/eldigitaldeasturias.com\/magazine365\/category\/noticias-actualidad\/#listItem","name":"Noticias y Actualidad"}}]},{"@type":"Organization","@id":"https:\/\/eldigitaldeasturias.com\/magazine365\/#organization","name":"El digital de Asturias","description":"Revista de ocio, turismo y estilo de vida","url":"https:\/\/eldigitaldeasturias.com\/magazine365\/","logo":{"@type":"ImageObject","url":"https:\/\/www.eldigitaldeasturias.com\/noticias\/wp-content\/uploads\/2020\/12\/EDA.jpg","@id":"https:\/\/eldigitaldeasturias.com\/magazine365\/extremadura-se-promociona-como-escenario-de-rodajes\/#organizationLogo"},"image":{"@id":"https:\/\/eldigitaldeasturias.com\/magazine365\/extremadura-se-promociona-como-escenario-de-rodajes\/#organizationLogo"}},{"@type":"Person","@id":"https:\/\/eldigitaldeasturias.com\/magazine365\/author\/admin\/#author","url":"https:\/\/eldigitaldeasturias.com\/magazine365\/author\/admin\/","name":"admin","image":{"@type":"ImageObject","@id":"https:\/\/eldigitaldeasturias.com\/magazine365\/extremadura-se-promociona-como-escenario-de-rodajes\/#authorImage","url":"https:\/\/eldigitaldeasturias.com\/magazine365\/wp-content\/litespeed\/avatar\/e571bcf59a0edd6fa6838245a470f2fe.jpg?ver=1776969259","width":96,"height":96,"caption":"admin"}},{"@type":"WebPage","@id":"https:\/\/eldigitaldeasturias.com\/magazine365\/extremadura-se-promociona-como-escenario-de-rodajes\/#webpage","url":"https:\/\/eldigitaldeasturias.com\/magazine365\/extremadura-se-promociona-como-escenario-de-rodajes\/","name":"Extremadura se promociona como escenario de rodajes | El Digital de Asturias","description":"La comunidad aut\u00f3noma de Extremadura se promociona como escenario de rodajes, a trav\u00e9s de un nuevo v\u00eddeo titulado 'Shooting in Extremadura', y que dirigido al sector audiovisual nacional e internacional, \"muestra los beneficios de rodar en la regi\u00f3n, as\u00ed como localizaciones interesantes y trabajos ya grabados en diferentes puntos de la geograf\u00eda extreme\u00f1a\". La secretaria","inLanguage":"es-ES","isPartOf":{"@id":"https:\/\/eldigitaldeasturias.com\/magazine365\/#website"},"breadcrumb":{"@id":"https:\/\/eldigitaldeasturias.com\/magazine365\/extremadura-se-promociona-como-escenario-de-rodajes\/#breadcrumblist"},"author":{"@id":"https:\/\/eldigitaldeasturias.com\/magazine365\/author\/admin\/#author"},"creator":{"@id":"https:\/\/eldigitaldeasturias.com\/magazine365\/author\/admin\/#author"},"image":{"@type":"ImageObject","url":"https:\/\/eldigitaldeasturias.com\/magazine365\/wp-content\/uploads\/2016\/01\/fotonoticia_20160121115630_800.jpg","@id":"https:\/\/eldigitaldeasturias.com\/magazine365\/extremadura-se-promociona-como-escenario-de-rodajes\/#mainImage","width":800,"height":556},"primaryImageOfPage":{"@id":"https:\/\/eldigitaldeasturias.com\/magazine365\/extremadura-se-promociona-como-escenario-de-rodajes\/#mainImage"},"datePublished":"2016-01-23T05:07:19+01:00","dateModified":"2016-01-23T05:07:19+01:00"},{"@type":"WebSite","@id":"https:\/\/eldigitaldeasturias.com\/magazine365\/#website","url":"https:\/\/eldigitaldeasturias.com\/magazine365\/","name":"El Digital de Asturias","description":"Revista de ocio, turismo y estilo de vida","inLanguage":"es-ES","publisher":{"@id":"https:\/\/eldigitaldeasturias.com\/magazine365\/#organization"}}]},"og:locale":"es_ES","og:site_name":"El Digital de Asturias \u2013 Revista de ocio, turismo y estilo de vida","og:type":"article","og:title":"Extremadura se promociona como escenario de rodajes | El Digital de Asturias","og:description":"La comunidad aut\u00f3noma de Extremadura se promociona como escenario de rodajes, a trav\u00e9s de un nuevo v\u00eddeo titulado 'Shooting in Extremadura', y que dirigido al sector audiovisual nacional e internacional, &quot;muestra los beneficios de rodar en la regi\u00f3n, as\u00ed como localizaciones interesantes y trabajos ya grabados en diferentes puntos de la geograf\u00eda extreme\u00f1a&quot;. La secretaria","og:url":"https:\/\/eldigitaldeasturias.com\/magazine365\/extremadura-se-promociona-como-escenario-de-rodajes\/","og:image":"https:\/\/eldigitaldeasturias.com\/magazine365\/wp-content\/uploads\/2016\/01\/fotonoticia_20160121115630_800.jpg","og:image:secure_url":"https:\/\/eldigitaldeasturias.com\/magazine365\/wp-content\/uploads\/2016\/01\/fotonoticia_20160121115630_800.jpg","og:image:width":800,"og:image:height":556,"article:published_time":"2016-01-23T04:07:19+00:00","article:modified_time":"2016-01-23T04:07:19+00:00","twitter:card":"summary_large_image","twitter:title":"Extremadura se promociona como escenario de rodajes | El Digital de Asturias","twitter:description":"La comunidad aut\u00f3noma de Extremadura se promociona como escenario de rodajes, a trav\u00e9s de un nuevo v\u00eddeo titulado 'Shooting in Extremadura', y que dirigido al sector audiovisual nacional e internacional, &quot;muestra los beneficios de rodar en la regi\u00f3n, as\u00ed como localizaciones interesantes y trabajos ya grabados en diferentes puntos de la geograf\u00eda extreme\u00f1a&quot;. La secretaria","twitter:image":"https:\/\/eldigitaldeasturias.com\/magazine365\/wp-content\/uploads\/2016\/01\/fotonoticia_20160121115630_800.jpg"},"aioseo_meta_data":{"post_id":"61566","title":null,"description":null,"keywords":null,"keyphrases":null,"primary_term":null,"canonical_url":null,"og_title":null,"og_description":null,"og_object_type":"default","og_image_type":"default","og_image_url":null,"og_image_width":null,"og_image_height":null,"og_image_custom_url":null,"og_image_custom_fields":null,"og_video":null,"og_custom_url":null,"og_article_section":null,"og_article_tags":null,"twitter_use_og":false,"twitter_card":"default","twitter_image_type":"default","twitter_image_url":null,"twitter_image_custom_url":null,"twitter_image_custom_fields":null,"twitter_title":null,"twitter_description":null,"schema":{"blockGraphs":[],"customGraphs":[],"default":{"data":{"Article":[],"Course":[],"Dataset":[],"FAQPage":[],"Movie":[],"Person":[],"Product":[],"ProductReview":[],"Car":[],"Recipe":[],"Service":[],"SoftwareApplication":[],"WebPage":[]},"graphName":"","isEnabled":true},"graphs":[],"defaultGraph":"","defaultPostTypeGraph":""},"schema_type":null,"schema_type_options":null,"pillar_content":false,"robots_default":true,"robots_noindex":false,"robots_noarchive":false,"robots_nosnippet":false,"robots_nofollow":false,"robots_noimageindex":false,"robots_noodp":false,"robots_notranslate":false,"robots_max_snippet":null,"robots_max_videopreview":null,"robots_max_imagepreview":"large","priority":null,"frequency":null,"location":null,"local_seo":null,"seo_analyzer_scan_date":"2025-09-25 09:13:58","breadcrumb_settings":null,"limit_modified_date":false,"open_ai":null,"ai":null,"created":"2021-03-08 21:47:43","updated":"2025-09-25 09:13:58"},"aioseo_breadcrumb":"<div class=\"aioseo-breadcrumbs\"><span class=\"aioseo-breadcrumb\">\n\t<a href=\"https:\/\/eldigitaldeasturias.com\/magazine365\" title=\"Home\">Home<\/a>\n<\/span><span class=\"aioseo-breadcrumb-separator\">\u2013<\/span><span class=\"aioseo-breadcrumb\">\n\t<a href=\"https:\/\/eldigitaldeasturias.com\/magazine365\/category\/noticias-actualidad\/\" title=\"Noticias y Actualidad\">Noticias y Actualidad<\/a>\n<\/span><span class=\"aioseo-breadcrumb-separator\">\u2013<\/span><span class=\"aioseo-breadcrumb\">\n\t<a href=\"https:\/\/eldigitaldeasturias.com\/magazine365\/extremadura-se-promociona-como-escenario-de-rodajes\/\" title=\"Extremadura se promociona como escenario de rodajes\">Extremadura se promociona como escenario de rodajes<\/a>\n<\/span><\/div>","aioseo_breadcrumb_json":[{"label":"Home","link":"https:\/\/eldigitaldeasturias.com\/magazine365"},{"label":"Noticias y Actualidad","link":"https:\/\/eldigitaldeasturias.com\/magazine365\/category\/noticias-actualidad\/"},{"label":"Extremadura se promociona como escenario de rodajes","link":"https:\/\/eldigitaldeasturias.com\/magazine365\/extremadura-se-promociona-como-escenario-de-rodajes\/"}],"_links":{"self":[{"href":"https:\/\/eldigitaldeasturias.com\/magazine365\/wp-json\/wp\/v2\/posts\/61566","targetHints":{"allow":["GET"]}}],"collection":[{"href":"https:\/\/eldigitaldeasturias.com\/magazine365\/wp-json\/wp\/v2\/posts"}],"about":[{"href":"https:\/\/eldigitaldeasturias.com\/magazine365\/wp-json\/wp\/v2\/types\/post"}],"author":[{"embeddable":true,"href":"https:\/\/eldigitaldeasturias.com\/magazine365\/wp-json\/wp\/v2\/users\/1"}],"replies":[{"embeddable":true,"href":"https:\/\/eldigitaldeasturias.com\/magazine365\/wp-json\/wp\/v2\/comments?post=61566"}],"version-history":[{"count":0,"href":"https:\/\/eldigitaldeasturias.com\/magazine365\/wp-json\/wp\/v2\/posts\/61566\/revisions"}],"wp:featuredmedia":[{"embeddable":true,"href":"https:\/\/eldigitaldeasturias.com\/magazine365\/wp-json\/wp\/v2\/media\/61567"}],"wp:attachment":[{"href":"https:\/\/eldigitaldeasturias.com\/magazine365\/wp-json\/wp\/v2\/media?parent=61566"}],"wp:term":[{"taxonomy":"category","embeddable":true,"href":"https:\/\/eldigitaldeasturias.com\/magazine365\/wp-json\/wp\/v2\/categories?post=61566"},{"taxonomy":"post_tag","embeddable":true,"href":"https:\/\/eldigitaldeasturias.com\/magazine365\/wp-json\/wp\/v2\/tags?post=61566"}],"curies":[{"name":"wp","href":"https:\/\/api.w.org\/{rel}","templated":true}]}}