{"id":61563,"date":"2016-01-23T04:55:07","date_gmt":"2016-01-23T03:55:07","guid":{"rendered":"http:\/\/eldigitaldeasturias.com\/magazine365\/?p=61563"},"modified":"2016-01-23T04:55:07","modified_gmt":"2016-01-23T03:55:07","slug":"bruselas-trabajara-para-la-aviacion-europea-sea-un-actor-de-referencia-internacional-con-un-marco-claro-y-justo","status":"publish","type":"post","link":"https:\/\/eldigitaldeasturias.com\/magazine365\/bruselas-trabajara-para-la-aviacion-europea-sea-un-actor-de-referencia-internacional-con-un-marco-claro-y-justo\/","title":{"rendered":"Bruselas trabajar\u00e1 para la aviaci\u00f3n europea sea un actor de referencia internacional con un marco \u00abclaro y justo\u00bb"},"content":{"rendered":"<p><img fetchpriority=\"high\" decoding=\"async\" class=\"alignleft size-medium wp-image-61564\" src=\"https:\/\/eldigitaldeasturias.com\/magazine365\/wp-content\/uploads\/2016\/01\/fotonoticia_20160121112745_800-360x259.jpg\" alt=\"fotonoticia_20160121112745_800\" width=\"360\" height=\"259\" srcset=\"https:\/\/eldigitaldeasturias.com\/magazine365\/wp-content\/uploads\/2016\/01\/fotonoticia_20160121112745_800-360x259.jpg 360w, https:\/\/eldigitaldeasturias.com\/magazine365\/wp-content\/uploads\/2016\/01\/fotonoticia_20160121112745_800-650x468.jpg 650w, https:\/\/eldigitaldeasturias.com\/magazine365\/wp-content\/uploads\/2016\/01\/fotonoticia_20160121112745_800-768x553.jpg 768w, https:\/\/eldigitaldeasturias.com\/magazine365\/wp-content\/uploads\/2016\/01\/fotonoticia_20160121112745_800-150x108.jpg 150w, https:\/\/eldigitaldeasturias.com\/magazine365\/wp-content\/uploads\/2016\/01\/fotonoticia_20160121112745_800-450x324.jpg 450w, https:\/\/eldigitaldeasturias.com\/magazine365\/wp-content\/uploads\/2016\/01\/fotonoticia_20160121112745_800-696x501.jpg 696w, https:\/\/eldigitaldeasturias.com\/magazine365\/wp-content\/uploads\/2016\/01\/fotonoticia_20160121112745_800-583x420.jpg 583w, https:\/\/eldigitaldeasturias.com\/magazine365\/wp-content\/uploads\/2016\/01\/fotonoticia_20160121112745_800.jpg 800w\" sizes=\"(max-width: 360px) 100vw, 360px\" \/>La comisaria de Transportes de la Uni\u00f3n Europea (UE), Violeta Bulc, ha subrayado este mi\u00e9rcoles, en el marco de la Cumbre europea de la aviaci\u00f3n que tiene lugar el \u00c1msterdam, que la Comisi\u00f3n Europea trabajar\u00e1 este 2016 para que la aviaci\u00f3n continental contin\u00fae siendo un \u00abactor de referencia\u00bb en la escena internacional gracias al desarrollo de la nueva Estrategia de Aviaci\u00f3n Europea.<\/p>\n<p>Para ello, la comisaria ha explicado que la nueva estrategia se cimentar\u00e1 en un marco regulatorio \u00abclaro y justo\u00bb en el mercado internacional que intente eliminar las pr\u00e1cticas desleales, en el desarrollo de un reglamento europeo \u00abpara solucionar las restricciones aeroportuarias\u00bb y en establecer \u00abnormas elevadas\u00bb que garanticen la seguridad, como el proyecto del Cielo \u00danico Europeo.<\/p>\n<p>\u00abDesde la liberalizaci\u00f3n hemos tenido un gran periodo de crecimiento pero ahora vemos potencial de nuevo, es un desaf\u00edo en si mismo. La aviaci\u00f3n permite conectar personas, favorece el turismo y crea oportunidades, es un sector con 2 millones de empleos y que genera 510.000 millones de euros anuales para el PIB de la Uni\u00f3n Europea\u00bb, ha resaltado la comisaria.<\/p>\n<p>USAR DRONES.<\/p>\n<p>Respecto al &#8216;Cielo \u00danico Europeo&#8217;, Bulc ha garantizado que el Ejecutivo comunitario trabajar\u00e1 para modernizar el sistema de tr\u00e1fico europeo con una inversi\u00f3n de 3.000 millones de euros. \u00abVamos a usar el potencial de los drones respecto a la seguridad\u00bb, ha indicado la comisaria para a\u00f1adir que este a\u00f1os se presentar\u00e1 una propuesta regulatoria sobre estos dispositivos.<\/p>\n<p>Adem\u00e1s, en el marco de la seguridad, Bulc ha sostenido que la Comisi\u00f3n se compromete con el medio ambiente, motivo por el que se fija el objetivo de un \u00abcrecimiento neutro de las emisiones de CO2 de cara a 2020.<\/p>\n<p>En este sentido tambi\u00e9n se ha pronunciado la secretaria de Estado de transportes de Holanda, Sharon Dijksma, quien ha a\u00f1adido que es necesario hacer que la flota europea sea \u00abm\u00e1s eficiente, menos ruidosa y m\u00e1s limpia\u00bb ya que \u00abhay que pensar en los que ocurrir\u00e1 en Europa dentro de 10 y 20 a\u00f1os.<\/p>\n<p>Dijksma tambien ha resaltado que la aviaci\u00f3n tiene una importancia \u00abvital\u00bb para la UE, un sector que \u00abforma parte del AND\u00bb del continente y ha a\u00f1adido que se espera un incremento del 50% en el tr\u00e1fico a\u00e9reo en los pr\u00f3ximos 10 a\u00f1os.<\/p>\n<p>\u00abLa aviaci\u00f3n tambi\u00e9n es importante porque conecta gente, culturas y econom\u00edas. Cruza fronteras y franjas horarias y hace al mundo entenderse. No solo promueve el turismo, Europa es el foco de la aviaci\u00f3n\u00bb, ha sostenido.<\/p>\n","protected":false},"excerpt":{"rendered":"<p>La comisaria de Transportes de la Uni\u00f3n Europea (UE), Violeta Bulc, ha subrayado este mi\u00e9rcoles, en el marco de la Cumbre europea de la aviaci\u00f3n que tiene lugar el \u00c1msterdam, que la Comisi\u00f3n Europea trabajar\u00e1 este 2016 para que la aviaci\u00f3n continental contin\u00fae siendo un \u00abactor de referencia\u00bb en la escena internacional gracias al desarrollo<\/p>\n","protected":false},"author":1,"featured_media":61564,"comment_status":"open","ping_status":"closed","sticky":false,"template":"","format":"standard","meta":{"footnotes":""},"categories":[224],"tags":[],"class_list":{"0":"post-61563","1":"post","2":"type-post","3":"status-publish","4":"format-standard","5":"has-post-thumbnail","7":"category-noticias-actualidad"},"aioseo_notices":[],"aioseo_head":"\n\t\t<!-- All in One SEO Pro 4.9.6.1 - aioseo.com -->\n\t<meta name=\"description\" content=\"La comisaria de Transportes de la Uni\u00f3n Europea (UE), Violeta Bulc, ha subrayado este mi\u00e9rcoles, en el marco de la Cumbre europea de la aviaci\u00f3n que tiene lugar el \u00c1msterdam, que la Comisi\u00f3n Europea trabajar\u00e1 este 2016 para que la aviaci\u00f3n continental contin\u00fae siendo un &quot;actor de referencia&quot; en la escena internacional gracias al desarrollo\" \/>\n\t<meta name=\"robots\" content=\"max-image-preview:large\" \/>\n\t<meta name=\"author\" content=\"admin\"\/>\n\t<meta name=\"google-site-verification\" content=\"UA-38556648-1\" \/>\n\t<meta name=\"keywords\" content=\"noticias y actualidad\" \/>\n\t<link rel=\"canonical\" href=\"https:\/\/eldigitaldeasturias.com\/magazine365\/bruselas-trabajara-para-la-aviacion-europea-sea-un-actor-de-referencia-internacional-con-un-marco-claro-y-justo\/\" \/>\n\t<meta name=\"generator\" content=\"All in One SEO Pro (AIOSEO) 4.9.6.1\" \/>\n\t\t<meta property=\"og:locale\" content=\"es_ES\" \/>\n\t\t<meta property=\"og:site_name\" content=\"El Digital de Asturias \u2013 Revista de ocio, turismo y estilo de vida\" \/>\n\t\t<meta property=\"og:type\" content=\"article\" \/>\n\t\t<meta property=\"og:title\" content=\"Bruselas trabajar\u00e1 para la aviaci\u00f3n europea sea un actor de referencia internacional con un marco \u00abclaro y justo\u00bb | El Digital de Asturias\" \/>\n\t\t<meta property=\"og:description\" content=\"La comisaria de Transportes de la Uni\u00f3n Europea (UE), Violeta Bulc, ha subrayado este mi\u00e9rcoles, en el marco de la Cumbre europea de la aviaci\u00f3n que tiene lugar el \u00c1msterdam, que la Comisi\u00f3n Europea trabajar\u00e1 este 2016 para que la aviaci\u00f3n continental contin\u00fae siendo un &quot;actor de referencia&quot; en la escena internacional gracias al desarrollo\" \/>\n\t\t<meta property=\"og:url\" content=\"https:\/\/eldigitaldeasturias.com\/magazine365\/bruselas-trabajara-para-la-aviacion-europea-sea-un-actor-de-referencia-internacional-con-un-marco-claro-y-justo\/\" \/>\n\t\t<meta property=\"og:image\" content=\"https:\/\/eldigitaldeasturias.com\/magazine365\/wp-content\/uploads\/2016\/01\/fotonoticia_20160121112745_800.jpg\" \/>\n\t\t<meta property=\"og:image:secure_url\" content=\"https:\/\/eldigitaldeasturias.com\/magazine365\/wp-content\/uploads\/2016\/01\/fotonoticia_20160121112745_800.jpg\" \/>\n\t\t<meta property=\"og:image:width\" content=\"800\" \/>\n\t\t<meta property=\"og:image:height\" content=\"576\" \/>\n\t\t<meta property=\"article:published_time\" content=\"2016-01-23T03:55:07+00:00\" \/>\n\t\t<meta property=\"article:modified_time\" content=\"2016-01-23T03:55:07+00:00\" \/>\n\t\t<meta name=\"twitter:card\" content=\"summary_large_image\" \/>\n\t\t<meta name=\"twitter:title\" content=\"Bruselas trabajar\u00e1 para la aviaci\u00f3n europea sea un actor de referencia internacional con un marco \u00abclaro y justo\u00bb | El Digital de Asturias\" \/>\n\t\t<meta name=\"twitter:description\" content=\"La comisaria de Transportes de la Uni\u00f3n Europea (UE), Violeta Bulc, ha subrayado este mi\u00e9rcoles, en el marco de la Cumbre europea de la aviaci\u00f3n que tiene lugar el \u00c1msterdam, que la Comisi\u00f3n Europea trabajar\u00e1 este 2016 para que la aviaci\u00f3n continental contin\u00fae siendo un &quot;actor de referencia&quot; en la escena internacional gracias al desarrollo\" \/>\n\t\t<meta name=\"twitter:image\" content=\"https:\/\/eldigitaldeasturias.com\/magazine365\/wp-content\/uploads\/2016\/01\/fotonoticia_20160121112745_800.jpg\" \/>\n\t\t<script type=\"application\/ld+json\" class=\"aioseo-schema\">\n\t\t\t{\"@context\":\"https:\\\/\\\/schema.org\",\"@graph\":[{\"@type\":\"Article\",\"@id\":\"https:\\\/\\\/eldigitaldeasturias.com\\\/magazine365\\\/bruselas-trabajara-para-la-aviacion-europea-sea-un-actor-de-referencia-internacional-con-un-marco-claro-y-justo\\\/#article\",\"name\":\"Bruselas trabajar\\u00e1 para la aviaci\\u00f3n europea sea un actor de referencia internacional con un marco \\u00abclaro y justo\\u00bb | El Digital de Asturias\",\"headline\":\"Bruselas trabajar\\u00e1 para la aviaci\\u00f3n europea sea un actor de referencia internacional con un marco \\u00abclaro y justo\\u00bb\",\"author\":{\"@id\":\"https:\\\/\\\/eldigitaldeasturias.com\\\/magazine365\\\/author\\\/admin\\\/#author\"},\"publisher\":{\"@id\":\"https:\\\/\\\/eldigitaldeasturias.com\\\/magazine365\\\/#organization\"},\"image\":{\"@type\":\"ImageObject\",\"url\":\"https:\\\/\\\/eldigitaldeasturias.com\\\/magazine365\\\/wp-content\\\/uploads\\\/2016\\\/01\\\/fotonoticia_20160121112745_800.jpg\",\"width\":800,\"height\":576},\"datePublished\":\"2016-01-23T04:55:07+01:00\",\"dateModified\":\"2016-01-23T04:55:07+01:00\",\"inLanguage\":\"es-ES\",\"mainEntityOfPage\":{\"@id\":\"https:\\\/\\\/eldigitaldeasturias.com\\\/magazine365\\\/bruselas-trabajara-para-la-aviacion-europea-sea-un-actor-de-referencia-internacional-con-un-marco-claro-y-justo\\\/#webpage\"},\"isPartOf\":{\"@id\":\"https:\\\/\\\/eldigitaldeasturias.com\\\/magazine365\\\/bruselas-trabajara-para-la-aviacion-europea-sea-un-actor-de-referencia-internacional-con-un-marco-claro-y-justo\\\/#webpage\"},\"articleSection\":\"Noticias y Actualidad\"},{\"@type\":\"BreadcrumbList\",\"@id\":\"https:\\\/\\\/eldigitaldeasturias.com\\\/magazine365\\\/bruselas-trabajara-para-la-aviacion-europea-sea-un-actor-de-referencia-internacional-con-un-marco-claro-y-justo\\\/#breadcrumblist\",\"itemListElement\":[{\"@type\":\"ListItem\",\"@id\":\"https:\\\/\\\/eldigitaldeasturias.com\\\/magazine365#listItem\",\"position\":1,\"name\":\"Home\",\"item\":\"https:\\\/\\\/eldigitaldeasturias.com\\\/magazine365\",\"nextItem\":{\"@type\":\"ListItem\",\"@id\":\"https:\\\/\\\/eldigitaldeasturias.com\\\/magazine365\\\/category\\\/noticias-actualidad\\\/#listItem\",\"name\":\"Noticias y Actualidad\"}},{\"@type\":\"ListItem\",\"@id\":\"https:\\\/\\\/eldigitaldeasturias.com\\\/magazine365\\\/category\\\/noticias-actualidad\\\/#listItem\",\"position\":2,\"name\":\"Noticias y Actualidad\",\"item\":\"https:\\\/\\\/eldigitaldeasturias.com\\\/magazine365\\\/category\\\/noticias-actualidad\\\/\",\"nextItem\":{\"@type\":\"ListItem\",\"@id\":\"https:\\\/\\\/eldigitaldeasturias.com\\\/magazine365\\\/bruselas-trabajara-para-la-aviacion-europea-sea-un-actor-de-referencia-internacional-con-un-marco-claro-y-justo\\\/#listItem\",\"name\":\"Bruselas trabajar\\u00e1 para la aviaci\\u00f3n europea sea un actor de referencia internacional con un marco \\u00abclaro y justo\\u00bb\"},\"previousItem\":{\"@type\":\"ListItem\",\"@id\":\"https:\\\/\\\/eldigitaldeasturias.com\\\/magazine365#listItem\",\"name\":\"Home\"}},{\"@type\":\"ListItem\",\"@id\":\"https:\\\/\\\/eldigitaldeasturias.com\\\/magazine365\\\/bruselas-trabajara-para-la-aviacion-europea-sea-un-actor-de-referencia-internacional-con-un-marco-claro-y-justo\\\/#listItem\",\"position\":3,\"name\":\"Bruselas trabajar\\u00e1 para la aviaci\\u00f3n europea sea un actor de referencia internacional con un marco \\u00abclaro y justo\\u00bb\",\"previousItem\":{\"@type\":\"ListItem\",\"@id\":\"https:\\\/\\\/eldigitaldeasturias.com\\\/magazine365\\\/category\\\/noticias-actualidad\\\/#listItem\",\"name\":\"Noticias y Actualidad\"}}]},{\"@type\":\"Organization\",\"@id\":\"https:\\\/\\\/eldigitaldeasturias.com\\\/magazine365\\\/#organization\",\"name\":\"El digital de Asturias\",\"description\":\"Revista de ocio, turismo y estilo de vida\",\"url\":\"https:\\\/\\\/eldigitaldeasturias.com\\\/magazine365\\\/\",\"logo\":{\"@type\":\"ImageObject\",\"url\":\"https:\\\/\\\/www.eldigitaldeasturias.com\\\/noticias\\\/wp-content\\\/uploads\\\/2020\\\/12\\\/EDA.jpg\",\"@id\":\"https:\\\/\\\/eldigitaldeasturias.com\\\/magazine365\\\/bruselas-trabajara-para-la-aviacion-europea-sea-un-actor-de-referencia-internacional-con-un-marco-claro-y-justo\\\/#organizationLogo\"},\"image\":{\"@id\":\"https:\\\/\\\/eldigitaldeasturias.com\\\/magazine365\\\/bruselas-trabajara-para-la-aviacion-europea-sea-un-actor-de-referencia-internacional-con-un-marco-claro-y-justo\\\/#organizationLogo\"}},{\"@type\":\"Person\",\"@id\":\"https:\\\/\\\/eldigitaldeasturias.com\\\/magazine365\\\/author\\\/admin\\\/#author\",\"url\":\"https:\\\/\\\/eldigitaldeasturias.com\\\/magazine365\\\/author\\\/admin\\\/\",\"name\":\"admin\",\"image\":{\"@type\":\"ImageObject\",\"@id\":\"https:\\\/\\\/eldigitaldeasturias.com\\\/magazine365\\\/bruselas-trabajara-para-la-aviacion-europea-sea-un-actor-de-referencia-internacional-con-un-marco-claro-y-justo\\\/#authorImage\",\"url\":\"https:\\\/\\\/eldigitaldeasturias.com\\\/magazine365\\\/wp-content\\\/litespeed\\\/avatar\\\/e571bcf59a0edd6fa6838245a470f2fe.jpg?ver=1776969259\",\"width\":96,\"height\":96,\"caption\":\"admin\"}},{\"@type\":\"WebPage\",\"@id\":\"https:\\\/\\\/eldigitaldeasturias.com\\\/magazine365\\\/bruselas-trabajara-para-la-aviacion-europea-sea-un-actor-de-referencia-internacional-con-un-marco-claro-y-justo\\\/#webpage\",\"url\":\"https:\\\/\\\/eldigitaldeasturias.com\\\/magazine365\\\/bruselas-trabajara-para-la-aviacion-europea-sea-un-actor-de-referencia-internacional-con-un-marco-claro-y-justo\\\/\",\"name\":\"Bruselas trabajar\\u00e1 para la aviaci\\u00f3n europea sea un actor de referencia internacional con un marco \\u00abclaro y justo\\u00bb | El Digital de Asturias\",\"description\":\"La comisaria de Transportes de la Uni\\u00f3n Europea (UE), Violeta Bulc, ha subrayado este mi\\u00e9rcoles, en el marco de la Cumbre europea de la aviaci\\u00f3n que tiene lugar el \\u00c1msterdam, que la Comisi\\u00f3n Europea trabajar\\u00e1 este 2016 para que la aviaci\\u00f3n continental contin\\u00fae siendo un \\\"actor de referencia\\\" en la escena internacional gracias al desarrollo\",\"inLanguage\":\"es-ES\",\"isPartOf\":{\"@id\":\"https:\\\/\\\/eldigitaldeasturias.com\\\/magazine365\\\/#website\"},\"breadcrumb\":{\"@id\":\"https:\\\/\\\/eldigitaldeasturias.com\\\/magazine365\\\/bruselas-trabajara-para-la-aviacion-europea-sea-un-actor-de-referencia-internacional-con-un-marco-claro-y-justo\\\/#breadcrumblist\"},\"author\":{\"@id\":\"https:\\\/\\\/eldigitaldeasturias.com\\\/magazine365\\\/author\\\/admin\\\/#author\"},\"creator\":{\"@id\":\"https:\\\/\\\/eldigitaldeasturias.com\\\/magazine365\\\/author\\\/admin\\\/#author\"},\"image\":{\"@type\":\"ImageObject\",\"url\":\"https:\\\/\\\/eldigitaldeasturias.com\\\/magazine365\\\/wp-content\\\/uploads\\\/2016\\\/01\\\/fotonoticia_20160121112745_800.jpg\",\"@id\":\"https:\\\/\\\/eldigitaldeasturias.com\\\/magazine365\\\/bruselas-trabajara-para-la-aviacion-europea-sea-un-actor-de-referencia-internacional-con-un-marco-claro-y-justo\\\/#mainImage\",\"width\":800,\"height\":576},\"primaryImageOfPage\":{\"@id\":\"https:\\\/\\\/eldigitaldeasturias.com\\\/magazine365\\\/bruselas-trabajara-para-la-aviacion-europea-sea-un-actor-de-referencia-internacional-con-un-marco-claro-y-justo\\\/#mainImage\"},\"datePublished\":\"2016-01-23T04:55:07+01:00\",\"dateModified\":\"2016-01-23T04:55:07+01:00\"},{\"@type\":\"WebSite\",\"@id\":\"https:\\\/\\\/eldigitaldeasturias.com\\\/magazine365\\\/#website\",\"url\":\"https:\\\/\\\/eldigitaldeasturias.com\\\/magazine365\\\/\",\"name\":\"El Digital de Asturias\",\"description\":\"Revista de ocio, turismo y estilo de vida\",\"inLanguage\":\"es-ES\",\"publisher\":{\"@id\":\"https:\\\/\\\/eldigitaldeasturias.com\\\/magazine365\\\/#organization\"}}]}\n\t\t<\/script>\n\t\t<!-- All in One SEO Pro -->\r\n\t\t<title>Bruselas trabajar\u00e1 para la aviaci\u00f3n europea sea un actor de referencia internacional con un marco \u00abclaro y justo\u00bb | El Digital de Asturias<\/title>\n\n","aioseo_head_json":{"title":"Bruselas trabajar\u00e1 para la aviaci\u00f3n europea sea un actor de referencia internacional con un marco \u00abclaro y justo\u00bb | El Digital de Asturias","description":"La comisaria de Transportes de la Uni\u00f3n Europea (UE), Violeta Bulc, ha subrayado este mi\u00e9rcoles, en el marco de la Cumbre europea de la aviaci\u00f3n que tiene lugar el \u00c1msterdam, que la Comisi\u00f3n Europea trabajar\u00e1 este 2016 para que la aviaci\u00f3n continental contin\u00fae siendo un \"actor de referencia\" en la escena internacional gracias al desarrollo","canonical_url":"https:\/\/eldigitaldeasturias.com\/magazine365\/bruselas-trabajara-para-la-aviacion-europea-sea-un-actor-de-referencia-internacional-con-un-marco-claro-y-justo\/","robots":"max-image-preview:large","keywords":"noticias y actualidad","webmasterTools":{"google-site-verification":"UA-38556648-1","miscellaneous":""},"schema":{"@context":"https:\/\/schema.org","@graph":[{"@type":"Article","@id":"https:\/\/eldigitaldeasturias.com\/magazine365\/bruselas-trabajara-para-la-aviacion-europea-sea-un-actor-de-referencia-internacional-con-un-marco-claro-y-justo\/#article","name":"Bruselas trabajar\u00e1 para la aviaci\u00f3n europea sea un actor de referencia internacional con un marco \u00abclaro y justo\u00bb | El Digital de Asturias","headline":"Bruselas trabajar\u00e1 para la aviaci\u00f3n europea sea un actor de referencia internacional con un marco \u00abclaro y justo\u00bb","author":{"@id":"https:\/\/eldigitaldeasturias.com\/magazine365\/author\/admin\/#author"},"publisher":{"@id":"https:\/\/eldigitaldeasturias.com\/magazine365\/#organization"},"image":{"@type":"ImageObject","url":"https:\/\/eldigitaldeasturias.com\/magazine365\/wp-content\/uploads\/2016\/01\/fotonoticia_20160121112745_800.jpg","width":800,"height":576},"datePublished":"2016-01-23T04:55:07+01:00","dateModified":"2016-01-23T04:55:07+01:00","inLanguage":"es-ES","mainEntityOfPage":{"@id":"https:\/\/eldigitaldeasturias.com\/magazine365\/bruselas-trabajara-para-la-aviacion-europea-sea-un-actor-de-referencia-internacional-con-un-marco-claro-y-justo\/#webpage"},"isPartOf":{"@id":"https:\/\/eldigitaldeasturias.com\/magazine365\/bruselas-trabajara-para-la-aviacion-europea-sea-un-actor-de-referencia-internacional-con-un-marco-claro-y-justo\/#webpage"},"articleSection":"Noticias y Actualidad"},{"@type":"BreadcrumbList","@id":"https:\/\/eldigitaldeasturias.com\/magazine365\/bruselas-trabajara-para-la-aviacion-europea-sea-un-actor-de-referencia-internacional-con-un-marco-claro-y-justo\/#breadcrumblist","itemListElement":[{"@type":"ListItem","@id":"https:\/\/eldigitaldeasturias.com\/magazine365#listItem","position":1,"name":"Home","item":"https:\/\/eldigitaldeasturias.com\/magazine365","nextItem":{"@type":"ListItem","@id":"https:\/\/eldigitaldeasturias.com\/magazine365\/category\/noticias-actualidad\/#listItem","name":"Noticias y Actualidad"}},{"@type":"ListItem","@id":"https:\/\/eldigitaldeasturias.com\/magazine365\/category\/noticias-actualidad\/#listItem","position":2,"name":"Noticias y Actualidad","item":"https:\/\/eldigitaldeasturias.com\/magazine365\/category\/noticias-actualidad\/","nextItem":{"@type":"ListItem","@id":"https:\/\/eldigitaldeasturias.com\/magazine365\/bruselas-trabajara-para-la-aviacion-europea-sea-un-actor-de-referencia-internacional-con-un-marco-claro-y-justo\/#listItem","name":"Bruselas trabajar\u00e1 para la aviaci\u00f3n europea sea un actor de referencia internacional con un marco \u00abclaro y justo\u00bb"},"previousItem":{"@type":"ListItem","@id":"https:\/\/eldigitaldeasturias.com\/magazine365#listItem","name":"Home"}},{"@type":"ListItem","@id":"https:\/\/eldigitaldeasturias.com\/magazine365\/bruselas-trabajara-para-la-aviacion-europea-sea-un-actor-de-referencia-internacional-con-un-marco-claro-y-justo\/#listItem","position":3,"name":"Bruselas trabajar\u00e1 para la aviaci\u00f3n europea sea un actor de referencia internacional con un marco \u00abclaro y justo\u00bb","previousItem":{"@type":"ListItem","@id":"https:\/\/eldigitaldeasturias.com\/magazine365\/category\/noticias-actualidad\/#listItem","name":"Noticias y Actualidad"}}]},{"@type":"Organization","@id":"https:\/\/eldigitaldeasturias.com\/magazine365\/#organization","name":"El digital de Asturias","description":"Revista de ocio, turismo y estilo de vida","url":"https:\/\/eldigitaldeasturias.com\/magazine365\/","logo":{"@type":"ImageObject","url":"https:\/\/www.eldigitaldeasturias.com\/noticias\/wp-content\/uploads\/2020\/12\/EDA.jpg","@id":"https:\/\/eldigitaldeasturias.com\/magazine365\/bruselas-trabajara-para-la-aviacion-europea-sea-un-actor-de-referencia-internacional-con-un-marco-claro-y-justo\/#organizationLogo"},"image":{"@id":"https:\/\/eldigitaldeasturias.com\/magazine365\/bruselas-trabajara-para-la-aviacion-europea-sea-un-actor-de-referencia-internacional-con-un-marco-claro-y-justo\/#organizationLogo"}},{"@type":"Person","@id":"https:\/\/eldigitaldeasturias.com\/magazine365\/author\/admin\/#author","url":"https:\/\/eldigitaldeasturias.com\/magazine365\/author\/admin\/","name":"admin","image":{"@type":"ImageObject","@id":"https:\/\/eldigitaldeasturias.com\/magazine365\/bruselas-trabajara-para-la-aviacion-europea-sea-un-actor-de-referencia-internacional-con-un-marco-claro-y-justo\/#authorImage","url":"https:\/\/eldigitaldeasturias.com\/magazine365\/wp-content\/litespeed\/avatar\/e571bcf59a0edd6fa6838245a470f2fe.jpg?ver=1776969259","width":96,"height":96,"caption":"admin"}},{"@type":"WebPage","@id":"https:\/\/eldigitaldeasturias.com\/magazine365\/bruselas-trabajara-para-la-aviacion-europea-sea-un-actor-de-referencia-internacional-con-un-marco-claro-y-justo\/#webpage","url":"https:\/\/eldigitaldeasturias.com\/magazine365\/bruselas-trabajara-para-la-aviacion-europea-sea-un-actor-de-referencia-internacional-con-un-marco-claro-y-justo\/","name":"Bruselas trabajar\u00e1 para la aviaci\u00f3n europea sea un actor de referencia internacional con un marco \u00abclaro y justo\u00bb | El Digital de Asturias","description":"La comisaria de Transportes de la Uni\u00f3n Europea (UE), Violeta Bulc, ha subrayado este mi\u00e9rcoles, en el marco de la Cumbre europea de la aviaci\u00f3n que tiene lugar el \u00c1msterdam, que la Comisi\u00f3n Europea trabajar\u00e1 este 2016 para que la aviaci\u00f3n continental contin\u00fae siendo un \"actor de referencia\" en la escena internacional gracias al desarrollo","inLanguage":"es-ES","isPartOf":{"@id":"https:\/\/eldigitaldeasturias.com\/magazine365\/#website"},"breadcrumb":{"@id":"https:\/\/eldigitaldeasturias.com\/magazine365\/bruselas-trabajara-para-la-aviacion-europea-sea-un-actor-de-referencia-internacional-con-un-marco-claro-y-justo\/#breadcrumblist"},"author":{"@id":"https:\/\/eldigitaldeasturias.com\/magazine365\/author\/admin\/#author"},"creator":{"@id":"https:\/\/eldigitaldeasturias.com\/magazine365\/author\/admin\/#author"},"image":{"@type":"ImageObject","url":"https:\/\/eldigitaldeasturias.com\/magazine365\/wp-content\/uploads\/2016\/01\/fotonoticia_20160121112745_800.jpg","@id":"https:\/\/eldigitaldeasturias.com\/magazine365\/bruselas-trabajara-para-la-aviacion-europea-sea-un-actor-de-referencia-internacional-con-un-marco-claro-y-justo\/#mainImage","width":800,"height":576},"primaryImageOfPage":{"@id":"https:\/\/eldigitaldeasturias.com\/magazine365\/bruselas-trabajara-para-la-aviacion-europea-sea-un-actor-de-referencia-internacional-con-un-marco-claro-y-justo\/#mainImage"},"datePublished":"2016-01-23T04:55:07+01:00","dateModified":"2016-01-23T04:55:07+01:00"},{"@type":"WebSite","@id":"https:\/\/eldigitaldeasturias.com\/magazine365\/#website","url":"https:\/\/eldigitaldeasturias.com\/magazine365\/","name":"El Digital de Asturias","description":"Revista de ocio, turismo y estilo de vida","inLanguage":"es-ES","publisher":{"@id":"https:\/\/eldigitaldeasturias.com\/magazine365\/#organization"}}]},"og:locale":"es_ES","og:site_name":"El Digital de Asturias \u2013 Revista de ocio, turismo y estilo de vida","og:type":"article","og:title":"Bruselas trabajar\u00e1 para la aviaci\u00f3n europea sea un actor de referencia internacional con un marco \u00abclaro y justo\u00bb | El Digital de Asturias","og:description":"La comisaria de Transportes de la Uni\u00f3n Europea (UE), Violeta Bulc, ha subrayado este mi\u00e9rcoles, en el marco de la Cumbre europea de la aviaci\u00f3n que tiene lugar el \u00c1msterdam, que la Comisi\u00f3n Europea trabajar\u00e1 este 2016 para que la aviaci\u00f3n continental contin\u00fae siendo un &quot;actor de referencia&quot; en la escena internacional gracias al desarrollo","og:url":"https:\/\/eldigitaldeasturias.com\/magazine365\/bruselas-trabajara-para-la-aviacion-europea-sea-un-actor-de-referencia-internacional-con-un-marco-claro-y-justo\/","og:image":"https:\/\/eldigitaldeasturias.com\/magazine365\/wp-content\/uploads\/2016\/01\/fotonoticia_20160121112745_800.jpg","og:image:secure_url":"https:\/\/eldigitaldeasturias.com\/magazine365\/wp-content\/uploads\/2016\/01\/fotonoticia_20160121112745_800.jpg","og:image:width":800,"og:image:height":576,"article:published_time":"2016-01-23T03:55:07+00:00","article:modified_time":"2016-01-23T03:55:07+00:00","twitter:card":"summary_large_image","twitter:title":"Bruselas trabajar\u00e1 para la aviaci\u00f3n europea sea un actor de referencia internacional con un marco \u00abclaro y justo\u00bb | El Digital de Asturias","twitter:description":"La comisaria de Transportes de la Uni\u00f3n Europea (UE), Violeta Bulc, ha subrayado este mi\u00e9rcoles, en el marco de la Cumbre europea de la aviaci\u00f3n que tiene lugar el \u00c1msterdam, que la Comisi\u00f3n Europea trabajar\u00e1 este 2016 para que la aviaci\u00f3n continental contin\u00fae siendo un &quot;actor de referencia&quot; en la escena internacional gracias al desarrollo","twitter:image":"https:\/\/eldigitaldeasturias.com\/magazine365\/wp-content\/uploads\/2016\/01\/fotonoticia_20160121112745_800.jpg"},"aioseo_meta_data":{"post_id":"61563","title":null,"description":null,"keywords":null,"keyphrases":null,"primary_term":null,"canonical_url":null,"og_title":null,"og_description":null,"og_object_type":"default","og_image_type":"default","og_image_url":null,"og_image_width":null,"og_image_height":null,"og_image_custom_url":null,"og_image_custom_fields":null,"og_video":null,"og_custom_url":null,"og_article_section":null,"og_article_tags":null,"twitter_use_og":false,"twitter_card":"default","twitter_image_type":"default","twitter_image_url":null,"twitter_image_custom_url":null,"twitter_image_custom_fields":null,"twitter_title":null,"twitter_description":null,"schema":{"blockGraphs":[],"customGraphs":[],"default":{"data":{"Article":[],"Course":[],"Dataset":[],"FAQPage":[],"Movie":[],"Person":[],"Product":[],"ProductReview":[],"Car":[],"Recipe":[],"Service":[],"SoftwareApplication":[],"WebPage":[]},"graphName":"","isEnabled":true},"graphs":[],"defaultGraph":"","defaultPostTypeGraph":""},"schema_type":null,"schema_type_options":null,"pillar_content":false,"robots_default":true,"robots_noindex":false,"robots_noarchive":false,"robots_nosnippet":false,"robots_nofollow":false,"robots_noimageindex":false,"robots_noodp":false,"robots_notranslate":false,"robots_max_snippet":null,"robots_max_videopreview":null,"robots_max_imagepreview":"large","priority":null,"frequency":null,"location":null,"local_seo":null,"seo_analyzer_scan_date":"2025-09-25 09:13:57","breadcrumb_settings":null,"limit_modified_date":false,"open_ai":null,"ai":null,"created":"2021-03-08 21:47:43","updated":"2025-09-25 09:13:57"},"aioseo_breadcrumb":"<div class=\"aioseo-breadcrumbs\"><span class=\"aioseo-breadcrumb\">\n\t<a href=\"https:\/\/eldigitaldeasturias.com\/magazine365\" title=\"Home\">Home<\/a>\n<\/span><span class=\"aioseo-breadcrumb-separator\">\u2013<\/span><span class=\"aioseo-breadcrumb\">\n\t<a href=\"https:\/\/eldigitaldeasturias.com\/magazine365\/category\/noticias-actualidad\/\" title=\"Noticias y Actualidad\">Noticias y Actualidad<\/a>\n<\/span><span class=\"aioseo-breadcrumb-separator\">\u2013<\/span><span class=\"aioseo-breadcrumb\">\n\t<a href=\"https:\/\/eldigitaldeasturias.com\/magazine365\/bruselas-trabajara-para-la-aviacion-europea-sea-un-actor-de-referencia-internacional-con-un-marco-claro-y-justo\/\" title=\"Bruselas trabajar\u00e1 para la aviaci\u00f3n europea sea un actor de referencia internacional con un marco \u00abclaro y justo\u00bb\">Bruselas trabajar\u00e1 para la aviaci\u00f3n europea sea un actor de referencia internacional con un marco \u00abclaro y justo\u00bb<\/a>\n<\/span><\/div>","aioseo_breadcrumb_json":[{"label":"Home","link":"https:\/\/eldigitaldeasturias.com\/magazine365"},{"label":"Noticias y Actualidad","link":"https:\/\/eldigitaldeasturias.com\/magazine365\/category\/noticias-actualidad\/"},{"label":"Bruselas trabajar\u00e1 para la aviaci\u00f3n europea sea un actor de referencia internacional con un marco \u00abclaro y justo\u00bb","link":"https:\/\/eldigitaldeasturias.com\/magazine365\/bruselas-trabajara-para-la-aviacion-europea-sea-un-actor-de-referencia-internacional-con-un-marco-claro-y-justo\/"}],"_links":{"self":[{"href":"https:\/\/eldigitaldeasturias.com\/magazine365\/wp-json\/wp\/v2\/posts\/61563","targetHints":{"allow":["GET"]}}],"collection":[{"href":"https:\/\/eldigitaldeasturias.com\/magazine365\/wp-json\/wp\/v2\/posts"}],"about":[{"href":"https:\/\/eldigitaldeasturias.com\/magazine365\/wp-json\/wp\/v2\/types\/post"}],"author":[{"embeddable":true,"href":"https:\/\/eldigitaldeasturias.com\/magazine365\/wp-json\/wp\/v2\/users\/1"}],"replies":[{"embeddable":true,"href":"https:\/\/eldigitaldeasturias.com\/magazine365\/wp-json\/wp\/v2\/comments?post=61563"}],"version-history":[{"count":0,"href":"https:\/\/eldigitaldeasturias.com\/magazine365\/wp-json\/wp\/v2\/posts\/61563\/revisions"}],"wp:featuredmedia":[{"embeddable":true,"href":"https:\/\/eldigitaldeasturias.com\/magazine365\/wp-json\/wp\/v2\/media\/61564"}],"wp:attachment":[{"href":"https:\/\/eldigitaldeasturias.com\/magazine365\/wp-json\/wp\/v2\/media?parent=61563"}],"wp:term":[{"taxonomy":"category","embeddable":true,"href":"https:\/\/eldigitaldeasturias.com\/magazine365\/wp-json\/wp\/v2\/categories?post=61563"},{"taxonomy":"post_tag","embeddable":true,"href":"https:\/\/eldigitaldeasturias.com\/magazine365\/wp-json\/wp\/v2\/tags?post=61563"}],"curies":[{"name":"wp","href":"https:\/\/api.w.org\/{rel}","templated":true}]}}